{"id":99551,"date":"2024-11-29T16:35:16","date_gmt":"2024-11-29T19:35:16","guid":{"rendered":"https:\/\/folhadoleste.com.br\/?p=99551"},"modified":"2024-11-29T16:35:16","modified_gmt":"2024-11-29T19:35:16","slug":"botafogo-junior-santos-de-volta-para-a-final-da-libertadores","status":"publish","type":"post","link":"https:\/\/folhadoleste.com.br\/en\/botafogo-junior-santos-de-volta-para-a-final-da-libertadores\/","title":{"rendered":"Botafogo: J\u00fanior Santos de volta para a final da Libertadores"},"content":{"rendered":"<div id=\"attachment_99553\" style=\"width: 1210px\" class=\"wp-caption aligncenter\"><img decoding=\"async\" aria-describedby=\"caption-attachment-99553\" class=\"size-full wp-image-99553\" src=\"https:\/\/folhadoleste.com.br\/wp-content\/uploads\/2024\/11\/Botafogo-Junior-Santos-de-volta-para-a-final-da-Libertadores-Foto-Vitor-Silva-Botafogo.jpg\" alt=\"Botafogo: J\u00fanior Santos de volta para a final da Libertadores\" width=\"1200\" height=\"750\" \/><p id=\"caption-attachment-99553\" class=\"wp-caption-text\">Botafogo: J\u00fanior Santos de volta para a final da Libertadores | Vitor Silva\/Botafogo<\/p><\/div>\n<p style=\"text-align: justify;\">J\u00fanior Santos, destaque do Botafogo, foi pe\u00e7a-chave na campanha hist\u00f3rica da Libertadores. Artilheiro da edi\u00e7\u00e3o com nove gols, o atacante brilhou desde as fases preliminares, ajudando o time a superar a press\u00e3o e alcan\u00e7ar a fase de grupos, algo que n\u00e3o acontecia desde 2017.<\/p>\n<h4 style=\"text-align: justify;\"><strong>Supera\u00e7\u00e3o nas fases preliminares da Libertadores<\/strong><\/h4>\n<p style=\"text-align: justify;\">No in\u00edcio da temporada, ap\u00f3s a queda no Brasileir\u00e3o de 2022, o Botafogo precisou se reerguer. J\u00fanior Santos foi determinante nessa reconstru\u00e7\u00e3o, marcando oito gols em jogos decisivos contra o Aurora e o Bragantino. As atua\u00e7\u00f5es s\u00f3lidas n\u00e3o apenas garantiram a classifica\u00e7\u00e3o \u00e0 fase de grupos, mas tamb\u00e9m conquistaram o apoio da torcida alvinegra.<\/p>\n<h6 style=\"text-align: justify;\"><span style=\"color: #ff0000;\"><strong>+<\/strong><\/span> <span style=\"color: #000000;\">LEIA TAMB\u00c9M: <strong>\u25ba<\/strong><\/span><a href=\"https:\/\/folhadoleste.com.br\/en\/niteroi-acidente-interdita-via-de-piratininga-e-deixa-mulher-ferida-video\/\"><strong>Niter\u00f3i: Acidente interdita via de Piratininga e deixa mulher ferida \u2013 V\u00eddeo<\/strong><\/a><\/h6>\n<p style=\"text-align: justify;\">Mesmo ap\u00f3s ser emprestado em 2022, o atacante retornou em mar\u00e7o de 2023, a pedido do t\u00e9cnico portugu\u00eas Lu\u00eds Castro. Desde ent\u00e3o, ele se firmou no elenco e recebeu o apelido de &#8220;jacar\u00e9&#8221;, tornando-se um dos protagonistas na busca pelo t\u00edtulo da Gl\u00f3ria Eterna.<\/p>\n<h4 style=\"text-align: justify;\"><strong>Obst\u00e1culos no caminho e retorno aos gramados<\/strong><\/h4>\n<p style=\"text-align: justify;\">Em julho, J\u00fanior Santos sofreu uma fratura na t\u00edbia durante uma partida contra o Internacional, afastando-o dos gramados por dois meses. Na ocasi\u00e3o, ele era o artilheiro do Botafogo com 18 gols e cinco assist\u00eancias em 41 jogos.<\/p>\n<h5 style=\"text-align: center;\"><span style=\"color: #000000;\"><span style=\"color: #ff0000;\"><strong>+ <\/strong><\/span><\/span><span style=\"color: #000000;\"><strong><span style=\"color: #ff9900;\">MAIS NOT\u00cdCIAS DE ESPORTES?<\/span> <span style=\"color: #008080;\"><a style=\"color: #008080;\" href=\"https:\/\/folhadoleste.com.br\/en\/category\/esportes\/\">CLIQUE AQUI<\/a><\/span><\/strong><\/span><\/h5>\n<p style=\"text-align: justify;\">O jogador voltou em setembro, durante o confronto contra o Gr\u00eamio, em Bras\u00edlia. Apesar de n\u00e3o recuperar a titularidade imediatamente, mostrou sua import\u00e2ncia ao participar de lances decisivos. Contudo, uma inflama\u00e7\u00e3o na regi\u00e3o lesionada o afastou novamente por algumas semanas.<\/p>\n<h4 style=\"text-align: justify;\"><strong>Prepara\u00e7\u00e3o para a grande final da Libertadores<\/strong><\/h4>\n<p style=\"text-align: justify;\">J\u00e1 recuperado, J\u00fanior Santos voltou a ser utilizado pelo t\u00e9cnico Artur Jorge nos \u00faltimos jogos da temporada. Em novembro, marcou um gol na vit\u00f3ria sobre o Vasco e participou de outros confrontos importantes, como contra Cuiab\u00e1, Atl\u00e9tico-MG e Palmeiras.<\/p>\n<p style=\"text-align: justify;\">O atacante chega como uma das principais esperan\u00e7as do Botafogo para a decis\u00e3o contra o Atl\u00e9tico-MG, marcada para este s\u00e1bado (30), no Monumental de N\u00fa\u00f1ez, na Argentina. Mesmo atuando como reserva, J\u00fanior Santos \u00e9 visto como um refor\u00e7o crucial para a final.<\/p>\n<div id=\"attachment_77492\" class=\"wp-caption aligncenter\"><a href=\"http:\/\/instagram.com\/folhadoleste\"><img decoding=\"async\" class=\"wp-image-77492 size-full\" src=\"https:\/\/folhadoleste.com.br\/wp-content\/uploads\/2024\/07\/Instagram-Folha-do-Leste.png\" alt=\"http:\/\/instagram.com\/folhadoleste\" width=\"400\" height=\"200\" aria-describedby=\"caption-attachment-77492\" \/><\/a><\/div>\n<div id=\"attachment_77490\" class=\"wp-caption aligncenter\"><a href=\"http:\/\/facebook.com\/folhadoleste\"><img decoding=\"async\" class=\"size-medium wp-image-77490\" src=\"https:\/\/folhadoleste.com.br\/wp-content\/uploads\/2024\/07\/Facebook-Folha-do-Leste-10k-300x300.jpg\" alt=\"Curta e siga o Folha do Leste no Facebook!\" width=\"300\" height=\"300\" aria-describedby=\"caption-attachment-77490\" \/><\/a><\/div>","protected":false},"excerpt":{"rendered":"<p>J\u00fanior Santos, destaque do Botafogo, foi pe\u00e7a-chave na campanha hist\u00f3rica da Libertadores. Artilheiro da edi\u00e7\u00e3o com nove gols, o atacante brilhou desde as fases preliminares, ajudando o time a superar a press\u00e3o e alcan\u00e7ar a fase de grupos, algo que n\u00e3o acontecia desde 2017. Supera\u00e7\u00e3o nas fases preliminares da Libertadores No in\u00edcio da temporada, ap\u00f3s a queda no Brasileir\u00e3o de 2022, o Botafogo precisou se reerguer. J\u00fanior Santos foi determinante nessa reconstru\u00e7\u00e3o, marcando oito gols em jogos decisivos contra o Aurora e o Bragantino. As atua\u00e7\u00f5es s\u00f3lidas n\u00e3o apenas garantiram a classifica\u00e7\u00e3o \u00e0 fase de grupos, mas tamb\u00e9m conquistaram o [&hellip;]<\/p>\n","protected":false},"author":4,"featured_media":99553,"comment_status":"open","ping_status":"open","sticky":false,"template":"","format":"standard","meta":{"footnotes":""},"categories":[48,65],"tags":[20678,5087,544,99,42922,218,6634,3364,105,291,101,19049,34671,2840,22476,15436,5962,10437,439,43140,808,522],"class_list":["post-99551","post","type-post","status-publish","format-standard","has-post-thumbnail","hentry","category-esportes","category-futebol-esportes","tag-artilharia","tag-atacante","tag-atletico-mg","tag-botafogo","tag-camisa-11","tag-campanha","tag-campeao","tag-decisao","tag-esportes","tag-final","tag-futebol","tag-futebol-brasileiro","tag-futebol-internacional","tag-gol","tag-historico","tag-junior-santos","tag-lesao","tag-lesao-muscular","tag-libertadores","tag-monumental-de-nunez","tag-recuperacao","tag-titulo","post--single"],"yoast_head":"<!-- This site is optimized with the Yoast SEO plugin v27.4 - https:\/\/yoast.com\/product\/yoast-seo-wordpress\/ -->\n<title>Botafogo: J\u00fanior Santos de volta para a final da Libertadores &#8226; Folha do Leste<\/title>\n<meta name=\"description\" content=\"Botafogo: J\u00fanior Santos de volta para a final da Libertadores. O jogador \u00e9 uma das pe\u00e7as-chave para o Glorioso...\" \/>\n<meta name=\"robots\" content=\"index, follow, max-snippet:-1, max-image-preview:large, max-video-preview:-1\" \/>\n<link rel=\"canonical\" href=\"https:\/\/folhadoleste.com.br\/en\/botafogo-junior-santos-de-volta-para-a-final-da-libertadores\/\" \/>\n<meta property=\"og:locale\" content=\"en_US\" \/>\n<meta property=\"og:type\" content=\"article\" \/>\n<meta property=\"og:title\" content=\"Botafogo: J\u00fanior Santos de volta para a final da Libertadores &#8226; Folha do Leste\" \/>\n<meta property=\"og:description\" content=\"Futebol &#8226; 29 de November de 2024 &#8226; Folha do Leste\" \/>\n<meta property=\"og:url\" content=\"https:\/\/folhadoleste.com.br\/en\/botafogo-junior-santos-de-volta-para-a-final-da-libertadores\/\" \/>\n<meta property=\"og:site_name\" content=\"Folha do Leste\" \/>\n<meta property=\"article:publisher\" content=\"https:\/\/www.facebook.com\/folhadoleste\" \/>\n<meta property=\"article:published_time\" content=\"2024-11-29T19:35:16+00:00\" \/>\n<meta property=\"og:image\" content=\"https:\/\/folhadoleste.com.br\/wp-content\/uploads\/2024\/11\/Botafogo-Junior-Santos-de-volta-para-a-final-da-Libertadores-Foto-Vitor-Silva-Botafogo.jpg\" \/>\n\t<meta property=\"og:image:width\" content=\"1200\" \/>\n\t<meta property=\"og:image:height\" content=\"750\" \/>\n\t<meta property=\"og:image:type\" content=\"image\/jpeg\" \/>\n<meta name=\"author\" content=\"Folha do Leste\" \/>\n<meta name=\"twitter:card\" content=\"summary_large_image\" \/>\n<meta name=\"twitter:description\" content=\"Futebol &#8226; 29 de November de 2024 &#8226; Folha do Leste\" \/>\n<meta name=\"twitter:creator\" content=\"@FolhadoLesteRJ\" \/>\n<meta name=\"twitter:site\" content=\"@FolhadoLesteRJ\" \/>\n<meta name=\"twitter:label1\" content=\"Written by\" \/>\n\t<meta name=\"twitter:data1\" content=\"Folha do Leste\" \/>\n\t<meta name=\"twitter:label2\" content=\"Est. reading time\" \/>\n\t<meta name=\"twitter:data2\" content=\"3 minutes\" \/>\n<script type=\"application\/ld+json\" class=\"yoast-schema-graph\">{\"@context\":\"https:\\\/\\\/schema.org\",\"@graph\":[{\"@type\":\"NewsArticle\",\"@id\":\"https:\\\/\\\/folhadoleste.com.br\\\/botafogo-junior-santos-de-volta-para-a-final-da-libertadores\\\/#article\",\"isPartOf\":{\"@id\":\"https:\\\/\\\/folhadoleste.com.br\\\/botafogo-junior-santos-de-volta-para-a-final-da-libertadores\\\/\"},\"author\":{\"name\":\"Folha do Leste\",\"@id\":\"https:\\\/\\\/folhadoleste.com.br\\\/#\\\/schema\\\/person\\\/3e97145b2e1861276e84471aa85a3899\"},\"headline\":\"Botafogo: J\u00fanior Santos de volta para a final da Libertadores\",\"datePublished\":\"2024-11-29T19:35:16+00:00\",\"mainEntityOfPage\":{\"@id\":\"https:\\\/\\\/folhadoleste.com.br\\\/botafogo-junior-santos-de-volta-para-a-final-da-libertadores\\\/\"},\"wordCount\":416,\"commentCount\":0,\"publisher\":{\"@id\":\"https:\\\/\\\/folhadoleste.com.br\\\/#organization\"},\"image\":{\"@id\":\"https:\\\/\\\/folhadoleste.com.br\\\/botafogo-junior-santos-de-volta-para-a-final-da-libertadores\\\/#primaryimage\"},\"thumbnailUrl\":\"https:\\\/\\\/folhadoleste.com.br\\\/wp-content\\\/uploads\\\/2024\\\/11\\\/Botafogo-Junior-Santos-de-volta-para-a-final-da-Libertadores-Foto-Vitor-Silva-Botafogo.jpg\",\"keywords\":[\"Artilharia\",\"Atacante\",\"Atl\u00e9tico (MG)\",\"botafogo\",\"camisa 11\",\"campanha\",\"campe\u00e3o\",\"Decis\u00e3o\",\"Esportes\",\"final\",\"futebol\",\"Futebol Brasileiro\",\"futebol internacional\",\"Gol\",\"Hist\u00f3rico\",\"J\u00fanior Santos\",\"les\u00e3o\",\"les\u00e3o muscular\",\"Libertadores\",\"Monumental de N\u00fa\u00f1ez\",\"recupera\u00e7\u00e3o\",\"t\u00edtulo\"],\"articleSection\":[\"Esportes\",\"Futebol\"],\"inLanguage\":\"en-US\",\"potentialAction\":[{\"@type\":\"CommentAction\",\"name\":\"Comment\",\"target\":[\"https:\\\/\\\/folhadoleste.com.br\\\/botafogo-junior-santos-de-volta-para-a-final-da-libertadores\\\/#respond\"]}]},{\"@type\":\"WebPage\",\"@id\":\"https:\\\/\\\/folhadoleste.com.br\\\/botafogo-junior-santos-de-volta-para-a-final-da-libertadores\\\/\",\"url\":\"https:\\\/\\\/folhadoleste.com.br\\\/botafogo-junior-santos-de-volta-para-a-final-da-libertadores\\\/\",\"name\":\"Botafogo: J\u00fanior Santos de volta para a final da Libertadores &#8226; Folha do Leste\",\"isPartOf\":{\"@id\":\"https:\\\/\\\/folhadoleste.com.br\\\/#website\"},\"primaryImageOfPage\":{\"@id\":\"https:\\\/\\\/folhadoleste.com.br\\\/botafogo-junior-santos-de-volta-para-a-final-da-libertadores\\\/#primaryimage\"},\"image\":{\"@id\":\"https:\\\/\\\/folhadoleste.com.br\\\/botafogo-junior-santos-de-volta-para-a-final-da-libertadores\\\/#primaryimage\"},\"thumbnailUrl\":\"https:\\\/\\\/folhadoleste.com.br\\\/wp-content\\\/uploads\\\/2024\\\/11\\\/Botafogo-Junior-Santos-de-volta-para-a-final-da-Libertadores-Foto-Vitor-Silva-Botafogo.jpg\",\"datePublished\":\"2024-11-29T19:35:16+00:00\",\"description\":\"Botafogo: J\u00fanior Santos de volta para a final da Libertadores. O jogador \u00e9 uma das pe\u00e7as-chave para o Glorioso...\",\"breadcrumb\":{\"@id\":\"https:\\\/\\\/folhadoleste.com.br\\\/botafogo-junior-santos-de-volta-para-a-final-da-libertadores\\\/#breadcrumb\"},\"inLanguage\":\"en-US\",\"potentialAction\":[{\"@type\":\"ReadAction\",\"target\":[\"https:\\\/\\\/folhadoleste.com.br\\\/botafogo-junior-santos-de-volta-para-a-final-da-libertadores\\\/\"]}]},{\"@type\":\"ImageObject\",\"inLanguage\":\"en-US\",\"@id\":\"https:\\\/\\\/folhadoleste.com.br\\\/botafogo-junior-santos-de-volta-para-a-final-da-libertadores\\\/#primaryimage\",\"url\":\"https:\\\/\\\/folhadoleste.com.br\\\/wp-content\\\/uploads\\\/2024\\\/11\\\/Botafogo-Junior-Santos-de-volta-para-a-final-da-Libertadores-Foto-Vitor-Silva-Botafogo.jpg\",\"contentUrl\":\"https:\\\/\\\/folhadoleste.com.br\\\/wp-content\\\/uploads\\\/2024\\\/11\\\/Botafogo-Junior-Santos-de-volta-para-a-final-da-Libertadores-Foto-Vitor-Silva-Botafogo.jpg\",\"width\":1200,\"height\":750,\"caption\":\"Botafogo: J\u00fanior Santos de volta para a final da Libertadores | Vitor Silva\\\/Botafogo\"},{\"@type\":\"BreadcrumbList\",\"@id\":\"https:\\\/\\\/folhadoleste.com.br\\\/botafogo-junior-santos-de-volta-para-a-final-da-libertadores\\\/#breadcrumb\",\"itemListElement\":[{\"@type\":\"ListItem\",\"position\":1,\"name\":\"In\u00edcio\",\"item\":\"https:\\\/\\\/folhadoleste.com.br\\\/\"},{\"@type\":\"ListItem\",\"position\":2,\"name\":\"Esportes\",\"item\":\"https:\\\/\\\/folhadoleste.com.br\\\/category\\\/esportes\\\/\"},{\"@type\":\"ListItem\",\"position\":3,\"name\":\"Futebol\",\"item\":\"https:\\\/\\\/folhadoleste.com.br\\\/category\\\/esportes\\\/futebol-esportes\\\/\"},{\"@type\":\"ListItem\",\"position\":4,\"name\":\"Botafogo: J\u00fanior Santos de volta para a final da Libertadores\"}]},{\"@type\":\"WebSite\",\"@id\":\"https:\\\/\\\/folhadoleste.com.br\\\/#website\",\"url\":\"https:\\\/\\\/folhadoleste.com.br\\\/\",\"name\":\"Folha do Leste\",\"description\":\"Portal de Not\u00edcias com \u00eanfase em Niter\u00f3i, criando conte\u00fados desde a capital Rio de Janeiro, com olhar para o Leste Fluminense e suas cidades como S\u00e3o Gon\u00e7alo, Itabora\u00ed, Rio Bonito, Maric\u00e1, Saquarema e Araruama\",\"publisher\":{\"@id\":\"https:\\\/\\\/folhadoleste.com.br\\\/#organization\"},\"alternateName\":\"FL\",\"potentialAction\":[{\"@type\":\"SearchAction\",\"target\":{\"@type\":\"EntryPoint\",\"urlTemplate\":\"https:\\\/\\\/folhadoleste.com.br\\\/?s={search_term_string}\"},\"query-input\":{\"@type\":\"PropertyValueSpecification\",\"valueRequired\":true,\"valueName\":\"search_term_string\"}}],\"inLanguage\":\"en-US\"},{\"@type\":\"Organization\",\"@id\":\"https:\\\/\\\/folhadoleste.com.br\\\/#organization\",\"name\":\"Brasil 21 Comunica\u00e7\u00e3o\",\"alternateName\":\"BR21\",\"url\":\"https:\\\/\\\/folhadoleste.com.br\\\/\",\"logo\":{\"@type\":\"ImageObject\",\"inLanguage\":\"en-US\",\"@id\":\"https:\\\/\\\/folhadoleste.com.br\\\/#\\\/schema\\\/logo\\\/image\\\/\",\"url\":\"https:\\\/\\\/folhadoleste.com.br\\\/wp-content\\\/uploads\\\/2025\\\/12\\\/brasil-21-logomarca.avif\",\"contentUrl\":\"https:\\\/\\\/folhadoleste.com.br\\\/wp-content\\\/uploads\\\/2025\\\/12\\\/brasil-21-logomarca.avif\",\"width\":1044,\"height\":1044,\"caption\":\"Brasil 21 Comunica\u00e7\u00e3o\"},\"image\":{\"@id\":\"https:\\\/\\\/folhadoleste.com.br\\\/#\\\/schema\\\/logo\\\/image\\\/\"},\"sameAs\":[\"https:\\\/\\\/www.facebook.com\\\/folhadoleste\",\"https:\\\/\\\/x.com\\\/FolhadoLesteRJ\",\"https:\\\/\\\/www.instagram.com\\\/folhadoleste\\\/\"]},{\"@type\":\"Person\",\"@id\":\"https:\\\/\\\/folhadoleste.com.br\\\/#\\\/schema\\\/person\\\/3e97145b2e1861276e84471aa85a3899\",\"name\":\"Folha do Leste\",\"image\":{\"@type\":\"ImageObject\",\"inLanguage\":\"en-US\",\"@id\":\"https:\\\/\\\/folhadoleste.com.br\\\/wp-content\\\/litespeed\\\/avatar\\\/1ca8c218432e7045e748610eb3db0259.jpg?ver=1777161142\",\"url\":\"https:\\\/\\\/folhadoleste.com.br\\\/wp-content\\\/litespeed\\\/avatar\\\/1ca8c218432e7045e748610eb3db0259.jpg?ver=1777161142\",\"contentUrl\":\"https:\\\/\\\/folhadoleste.com.br\\\/wp-content\\\/litespeed\\\/avatar\\\/1ca8c218432e7045e748610eb3db0259.jpg?ver=1777161142\",\"caption\":\"Folha do Leste\"},\"url\":\"https:\\\/\\\/folhadoleste.com.br\\\/en\\\/author\\\/reportagem-01\\\/\"}]}<\/script>\n<!-- \/ Yoast SEO plugin. -->","yoast_head_json":{"title":"Botafogo: J\u00fanior Santos de volta para a final da Libertadores &#8226; Folha do Leste","description":"Botafogo: J\u00fanior Santos de volta para a final da Libertadores. O jogador \u00e9 uma das pe\u00e7as-chave para o Glorioso...","robots":{"index":"index","follow":"follow","max-snippet":"max-snippet:-1","max-image-preview":"max-image-preview:large","max-video-preview":"max-video-preview:-1"},"canonical":"https:\/\/folhadoleste.com.br\/en\/botafogo-junior-santos-de-volta-para-a-final-da-libertadores\/","og_locale":"en_US","og_type":"article","og_title":"Botafogo: J\u00fanior Santos de volta para a final da Libertadores &#8226; Folha do Leste","og_description":"Futebol &#8226; 29 de November de 2024 &#8226; Folha do Leste","og_url":"https:\/\/folhadoleste.com.br\/en\/botafogo-junior-santos-de-volta-para-a-final-da-libertadores\/","og_site_name":"Folha do Leste","article_publisher":"https:\/\/www.facebook.com\/folhadoleste","article_published_time":"2024-11-29T19:35:16+00:00","og_image":[{"width":1200,"height":750,"url":"https:\/\/folhadoleste.com.br\/wp-content\/uploads\/2024\/11\/Botafogo-Junior-Santos-de-volta-para-a-final-da-Libertadores-Foto-Vitor-Silva-Botafogo.jpg","type":"image\/jpeg"}],"author":"Folha do Leste","twitter_card":"summary_large_image","twitter_description":"Futebol &#8226; 29 de November de 2024 &#8226; Folha do Leste","twitter_creator":"@FolhadoLesteRJ","twitter_site":"@FolhadoLesteRJ","twitter_misc":{"Written by":"Folha do Leste","Est. reading time":"3 minutes"},"schema":{"@context":"https:\/\/schema.org","@graph":[{"@type":"NewsArticle","@id":"https:\/\/folhadoleste.com.br\/botafogo-junior-santos-de-volta-para-a-final-da-libertadores\/#article","isPartOf":{"@id":"https:\/\/folhadoleste.com.br\/botafogo-junior-santos-de-volta-para-a-final-da-libertadores\/"},"author":{"name":"Folha do Leste","@id":"https:\/\/folhadoleste.com.br\/#\/schema\/person\/3e97145b2e1861276e84471aa85a3899"},"headline":"Botafogo: J\u00fanior Santos de volta para a final da Libertadores","datePublished":"2024-11-29T19:35:16+00:00","mainEntityOfPage":{"@id":"https:\/\/folhadoleste.com.br\/botafogo-junior-santos-de-volta-para-a-final-da-libertadores\/"},"wordCount":416,"commentCount":0,"publisher":{"@id":"https:\/\/folhadoleste.com.br\/#organization"},"image":{"@id":"https:\/\/folhadoleste.com.br\/botafogo-junior-santos-de-volta-para-a-final-da-libertadores\/#primaryimage"},"thumbnailUrl":"https:\/\/folhadoleste.com.br\/wp-content\/uploads\/2024\/11\/Botafogo-Junior-Santos-de-volta-para-a-final-da-Libertadores-Foto-Vitor-Silva-Botafogo.jpg","keywords":["Artilharia","Atacante","Atl\u00e9tico (MG)","botafogo","camisa 11","campanha","campe\u00e3o","Decis\u00e3o","Esportes","final","futebol","Futebol Brasileiro","futebol internacional","Gol","Hist\u00f3rico","J\u00fanior Santos","les\u00e3o","les\u00e3o muscular","Libertadores","Monumental de N\u00fa\u00f1ez","recupera\u00e7\u00e3o","t\u00edtulo"],"articleSection":["Esportes","Futebol"],"inLanguage":"en-US","potentialAction":[{"@type":"CommentAction","name":"Comment","target":["https:\/\/folhadoleste.com.br\/botafogo-junior-santos-de-volta-para-a-final-da-libertadores\/#respond"]}]},{"@type":"WebPage","@id":"https:\/\/folhadoleste.com.br\/botafogo-junior-santos-de-volta-para-a-final-da-libertadores\/","url":"https:\/\/folhadoleste.com.br\/botafogo-junior-santos-de-volta-para-a-final-da-libertadores\/","name":"Botafogo: J\u00fanior Santos de volta para a final da Libertadores &#8226; Folha do Leste","isPartOf":{"@id":"https:\/\/folhadoleste.com.br\/#website"},"primaryImageOfPage":{"@id":"https:\/\/folhadoleste.com.br\/botafogo-junior-santos-de-volta-para-a-final-da-libertadores\/#primaryimage"},"image":{"@id":"https:\/\/folhadoleste.com.br\/botafogo-junior-santos-de-volta-para-a-final-da-libertadores\/#primaryimage"},"thumbnailUrl":"https:\/\/folhadoleste.com.br\/wp-content\/uploads\/2024\/11\/Botafogo-Junior-Santos-de-volta-para-a-final-da-Libertadores-Foto-Vitor-Silva-Botafogo.jpg","datePublished":"2024-11-29T19:35:16+00:00","description":"Botafogo: J\u00fanior Santos de volta para a final da Libertadores. O jogador \u00e9 uma das pe\u00e7as-chave para o Glorioso...","breadcrumb":{"@id":"https:\/\/folhadoleste.com.br\/botafogo-junior-santos-de-volta-para-a-final-da-libertadores\/#breadcrumb"},"inLanguage":"en-US","potentialAction":[{"@type":"ReadAction","target":["https:\/\/folhadoleste.com.br\/botafogo-junior-santos-de-volta-para-a-final-da-libertadores\/"]}]},{"@type":"ImageObject","inLanguage":"en-US","@id":"https:\/\/folhadoleste.com.br\/botafogo-junior-santos-de-volta-para-a-final-da-libertadores\/#primaryimage","url":"https:\/\/folhadoleste.com.br\/wp-content\/uploads\/2024\/11\/Botafogo-Junior-Santos-de-volta-para-a-final-da-Libertadores-Foto-Vitor-Silva-Botafogo.jpg","contentUrl":"https:\/\/folhadoleste.com.br\/wp-content\/uploads\/2024\/11\/Botafogo-Junior-Santos-de-volta-para-a-final-da-Libertadores-Foto-Vitor-Silva-Botafogo.jpg","width":1200,"height":750,"caption":"Botafogo: J\u00fanior Santos de volta para a final da Libertadores | Vitor Silva\/Botafogo"},{"@type":"BreadcrumbList","@id":"https:\/\/folhadoleste.com.br\/botafogo-junior-santos-de-volta-para-a-final-da-libertadores\/#breadcrumb","itemListElement":[{"@type":"ListItem","position":1,"name":"In\u00edcio","item":"https:\/\/folhadoleste.com.br\/"},{"@type":"ListItem","position":2,"name":"Esportes","item":"https:\/\/folhadoleste.com.br\/category\/esportes\/"},{"@type":"ListItem","position":3,"name":"Futebol","item":"https:\/\/folhadoleste.com.br\/category\/esportes\/futebol-esportes\/"},{"@type":"ListItem","position":4,"name":"Botafogo: J\u00fanior Santos de volta para a final da Libertadores"}]},{"@type":"WebSite","@id":"https:\/\/folhadoleste.com.br\/#website","url":"https:\/\/folhadoleste.com.br\/","name":"Folha do Leste","description":"Portal de Not\u00edcias com \u00eanfase em Niter\u00f3i, criando conte\u00fados desde a capital Rio de Janeiro, com olhar para o Leste Fluminense e suas cidades como S\u00e3o Gon\u00e7alo, Itabora\u00ed, Rio Bonito, Maric\u00e1, Saquarema e Araruama","publisher":{"@id":"https:\/\/folhadoleste.com.br\/#organization"},"alternateName":"FL","potentialAction":[{"@type":"SearchAction","target":{"@type":"EntryPoint","urlTemplate":"https:\/\/folhadoleste.com.br\/?s={search_term_string}"},"query-input":{"@type":"PropertyValueSpecification","valueRequired":true,"valueName":"search_term_string"}}],"inLanguage":"en-US"},{"@type":"Organization","@id":"https:\/\/folhadoleste.com.br\/#organization","name":"Brasil 21 Comunica\u00e7\u00e3o","alternateName":"BR21","url":"https:\/\/folhadoleste.com.br\/","logo":{"@type":"ImageObject","inLanguage":"en-US","@id":"https:\/\/folhadoleste.com.br\/#\/schema\/logo\/image\/","url":"https:\/\/folhadoleste.com.br\/wp-content\/uploads\/2025\/12\/brasil-21-logomarca.avif","contentUrl":"https:\/\/folhadoleste.com.br\/wp-content\/uploads\/2025\/12\/brasil-21-logomarca.avif","width":1044,"height":1044,"caption":"Brasil 21 Comunica\u00e7\u00e3o"},"image":{"@id":"https:\/\/folhadoleste.com.br\/#\/schema\/logo\/image\/"},"sameAs":["https:\/\/www.facebook.com\/folhadoleste","https:\/\/x.com\/FolhadoLesteRJ","https:\/\/www.instagram.com\/folhadoleste\/"]},{"@type":"Person","@id":"https:\/\/folhadoleste.com.br\/#\/schema\/person\/3e97145b2e1861276e84471aa85a3899","name":"Folha do Leste","image":{"@type":"ImageObject","inLanguage":"en-US","@id":"https:\/\/folhadoleste.com.br\/wp-content\/litespeed\/avatar\/1ca8c218432e7045e748610eb3db0259.jpg?ver=1777161142","url":"https:\/\/folhadoleste.com.br\/wp-content\/litespeed\/avatar\/1ca8c218432e7045e748610eb3db0259.jpg?ver=1777161142","contentUrl":"https:\/\/folhadoleste.com.br\/wp-content\/litespeed\/avatar\/1ca8c218432e7045e748610eb3db0259.jpg?ver=1777161142","caption":"Folha do Leste"},"url":"https:\/\/folhadoleste.com.br\/en\/author\/reportagem-01\/"}]}},"_links":{"self":[{"href":"https:\/\/folhadoleste.com.br\/en\/wp-json\/wp\/v2\/posts\/99551","targetHints":{"allow":["GET"]}}],"collection":[{"href":"https:\/\/folhadoleste.com.br\/en\/wp-json\/wp\/v2\/posts"}],"about":[{"href":"https:\/\/folhadoleste.com.br\/en\/wp-json\/wp\/v2\/types\/post"}],"author":[{"embeddable":true,"href":"https:\/\/folhadoleste.com.br\/en\/wp-json\/wp\/v2\/users\/4"}],"replies":[{"embeddable":true,"href":"https:\/\/folhadoleste.com.br\/en\/wp-json\/wp\/v2\/comments?post=99551"}],"version-history":[{"count":1,"href":"https:\/\/folhadoleste.com.br\/en\/wp-json\/wp\/v2\/posts\/99551\/revisions"}],"predecessor-version":[{"id":99554,"href":"https:\/\/folhadoleste.com.br\/en\/wp-json\/wp\/v2\/posts\/99551\/revisions\/99554"}],"wp:featuredmedia":[{"embeddable":true,"href":"https:\/\/folhadoleste.com.br\/en\/wp-json\/wp\/v2\/media\/99553"}],"wp:attachment":[{"href":"https:\/\/folhadoleste.com.br\/en\/wp-json\/wp\/v2\/media?parent=99551"}],"wp:term":[{"taxonomy":"category","embeddable":true,"href":"https:\/\/folhadoleste.com.br\/en\/wp-json\/wp\/v2\/categories?post=99551"},{"taxonomy":"post_tag","embeddable":true,"href":"https:\/\/folhadoleste.com.br\/en\/wp-json\/wp\/v2\/tags?post=99551"}],"curies":[{"name":"wp","href":"https:\/\/api.w.org\/{rel}","templated":true}]}}