{"id":9749,"date":"2023-06-13T19:55:25","date_gmt":"2023-06-13T22:55:25","guid":{"rendered":"https:\/\/folhadoleste.com.br\/?p=9749"},"modified":"2023-06-13T19:55:25","modified_gmt":"2023-06-13T22:55:25","slug":"vacinacao-contra-gripe-segue-firme-em-sao-goncalo","status":"publish","type":"post","link":"https:\/\/folhadoleste.com.br\/en\/vacinacao-contra-gripe-segue-firme-em-sao-goncalo\/","title":{"rendered":"Vacina\u00e7\u00e3o contra gripe segue firme em S\u00e3o Gon\u00e7alo"},"content":{"rendered":"<p>A Prefeitura de S\u00e3o Gon\u00e7alo est\u00e1 em plena atividade com a 25\u00aa Campanha Nacional contra a Influenza 2023, disponibilizando vacinas gratuitas para toda a popula\u00e7\u00e3o acima de seis meses em 48 pontos de atendimento. Segundo a Secretaria de Sa\u00fade e Defesa Civil, a cidade disponibiliza a vacina\u00e7\u00e3o contra a gripe de segunda a sexta-feira, das 8h \u00e0s 17h, al\u00e9m de s\u00e1bados, das 8h \u00e0s 12h, nas cl\u00ednicas da Fam\u00edlia Dr. Zerbini e Gon\u00e7alense do Mutondo.<\/p>\n<p>A vacina trivalente, dispon\u00edvel no Sistema \u00danico de Sa\u00fade (SUS), \u00e9 uma importante medida de preven\u00e7\u00e3o contra as variantes do v\u00edrus Influenza tipo A, a exemplo da gripe su\u00edna (H1N1) e da gripe sazonal (H3N2), e tamb\u00e9m contra uma cepa viral da Influenza tipo B. Portanto, a vacina \u00e9 essencial para evitar formas graves dos v\u00edrus.<\/p>\n<p>O processo de vacina\u00e7\u00e3o requer a apresenta\u00e7\u00e3o da carteira de vacina\u00e7\u00e3o (adulto e crian\u00e7a), identidade ou certid\u00e3o de nascimento, cart\u00e3o do SUS ou CPF. N\u00e3o \u00e9 necess\u00e1rio aguardar um intervalo de outras vacinas para se imunizar, incluindo a bivalente contra o coronav\u00edrus, que est\u00e1 sendo aplicada na cidade.<\/p>\n<p>At\u00e9 o momento, a campanha de vacina\u00e7\u00e3o contra a gripe em S\u00e3o Gon\u00e7alo j\u00e1 imunizou 48.103 idosos (25,54% do total de 188.316), 3.895 trabalhadores da sa\u00fade (12,57% do total de 30.974), dentre outros p\u00fablicos como crian\u00e7as, gestantes, pu\u00e9rperas e pessoas com comorbidades, al\u00e9m de caminhoneiros, trabalhadores de transporte coletivo, portu\u00e1rios, profissionais das for\u00e7as de seguran\u00e7a, dentre outros.<\/p>\n<p>A partir desses n\u00fameros, observa-se que 5,84% da popula\u00e7\u00e3o geral ampliada com mais de seis meses foram vacinadas, representando um importante avan\u00e7o na preven\u00e7\u00e3o da influenza na cidade. \u00c9 importante lembrar que a vacina\u00e7\u00e3o \u00e9 um ato de responsabilidade coletiva e efetivo combate \u00e0s doen\u00e7as.<\/p>\n<h4><strong>Unidades de sa\u00fade de vacina\u00e7\u00e3o da gripe:<\/strong><\/h4>\n<p><strong>1<\/strong> \u2013 Polo Sanit\u00e1rio Paulo Marques Rangel, Porto do Rosa<\/p>\n<p><strong>2<\/strong> \u2013 USF Jardim Catarina<\/p>\n<p><strong>3<\/strong> \u2013 USF Alexandre Fleming, Boa\u00e7u<\/p>\n<p><strong>4<\/strong> \u2013 USF Alberto Constantino Farah, Mutu\u00e1<\/p>\n<p><strong>5<\/strong> \u2013 USF Mahatma Gandhi, Jardim Calif\u00f3rnia<\/p>\n<p><strong>6<\/strong> \u2013 USF David Capistrano, Recanto das Ac\u00e1cias<\/p>\n<p><strong>7<\/strong> \u2013 USF Robert Koch, Porto da Madama<\/p>\n<p><strong>8<\/strong> \u2013 Polo Sanit\u00e1rio Washington Luiz Lopes, Z\u00e9 Garoto<\/p>\n<p><strong>9<\/strong> \u2013 PAM Neves<\/p>\n<p><strong>10<\/strong> \u2013 Cl\u00ednica Gon\u00e7alense do Barro Vermelho<\/p>\n<p><strong>11<\/strong> \u2013 Cl\u00ednica Gon\u00e7alense do Mutondo<\/p>\n<p><strong>12<\/strong> \u2013 USF Badger Silveira, Tribob\u00f3<\/p>\n<p><strong>13<\/strong> \u2013 USF Juarez Antunes, Boa Vista do Laranjal<\/p>\n<p><strong>14<\/strong> \u2013 Polo Sanit\u00e1rio H\u00e9lio Cruz, Alc\u00e2ntara<\/p>\n<p><strong>15<\/strong> \u2013 USF Mutuagua\u00e7u<\/p>\n<p><strong>16<\/strong> \u2013 Polo Sanit\u00e1rio Rio do Ouro<\/p>\n<p><strong>17<\/strong> \u2013 USF Santa Izabel<\/p>\n<p><strong>18<\/strong> \u2013 Cl\u00ednica Municipal da Fam\u00edlia Dr. Zerbini, Arsenal<\/p>\n<p><strong>19<\/strong> \u2013 Polo Sanit\u00e1rio Jorge Teixeira de Lima, Jardim Catarina<\/p>\n<p><strong>20<\/strong> \u2013 USF Jos\u00e9 Avelino de Souza, Tribob\u00f3<\/p>\n<p><strong>21<\/strong> \u2013 PAM Coelho<\/p>\n<p><strong>22<\/strong> \u2013 USF Irm\u00e3 Dulce, Trindade<\/p>\n<p><strong>23<\/strong> \u2013 USF Madre Teresa de Calcut\u00e1, Estrela do Norte<\/p>\n<p><strong>24<\/strong> \u2013 USF Oswaldo Cruz, Amendoeira<\/p>\n<p><strong>25<\/strong> \u2013 USF Waldemar Costa Nunes, Jardim Miriambi<\/p>\n<p><strong>26<\/strong> \u2013 USF Almerinda<\/p>\n<p><strong>27<\/strong> \u2013 USF Port\u00e3o do Rosa<\/p>\n<p><strong>28<\/strong> \u2013 USF Santa Luzia<\/p>\n<p><strong>29<\/strong> \u2013 USF Jo\u00e3o Goulart, Jardim Catarina<\/p>\n<p><strong>30<\/strong> \u2013 USF Elza Borges, Santa Luzia<\/p>\n<p><strong>31<\/strong> \u2013 USF Ary Teixeira, Jardim Bom Retiro<\/p>\n<p><strong>32<\/strong> \u2013 USF Jos\u00e9 Jorge Cortes Freitas, Santa Isabel<\/p>\n<p><strong>33<\/strong> \u2013 USF An\u00edbal Porto, Monjolos<\/p>\n<p><strong>34<\/strong> \u2013 USF Geremias de Mattos Fontes, Jardim Bom Retiro<\/p>\n<p><strong>35<\/strong> \u2013 USF Roberto Silveira, Jardim Bom Retiro<\/p>\n<p><strong>36<\/strong> \u2013 USF Luiz Paulo Guimar\u00e3es, Laranjal<\/p>\n<p><strong>37<\/strong> \u2013 USF Quinta Dom Ricardo<\/p>\n<p><strong>38<\/strong> \u2013 USF Wally Figueiras da Silva, Rocha<\/p>\n<p><strong>39<\/strong> \u2013 USF Z\u00e9 Garoto<\/p>\n<p><strong>40<\/strong> \u2013 USF Jardel do Amaral, Venda da Cruz<\/p>\n<p><strong>41<\/strong> \u2013 UBS Dr. Haroldo Pereira Nunes, Camar\u00e3o<\/p>\n<p><strong>42<\/strong> \u2013 USF Em\u00edlio Ribas, Barrac\u00e3o<\/p>\n<p><strong>43<\/strong> \u2013 USF Manoel de Abreu, Ipi\u00edba<\/p>\n<p><strong>44<\/strong> \u2013 USF Hiparco Ferreira, Engenho do Ro\u00e7ado<\/p>\n<p><strong>45<\/strong> \u2013 USF Fl\u00e1vio Henrique de Brito, J\u00f3quei<\/p>\n<p><strong>46<\/strong> \u2013 USF Floren\u00e7a Helena, Largo da Ideia<\/p>\n<p><strong>47<\/strong> \u2013 USF Dr\u00ba Jardel do Amaral, Venda da Cruz<\/p>\n<p><strong>48<\/strong> \u2013 USF Barbosa Lima Sobrinho, Porto da Pedra<\/p>\n<p>&nbsp;<\/p>\n<h5><strong><a href=\"https:\/\/www.facebook.com\/folhadoleste\">CURTA E SIGA NOSSA P\u00c1GINA NO FACEBOOK CLICANDO AQUI<\/a><\/strong><\/h5>\n<h5><strong><a href=\"https:\/\/www.instagram.com\/folhadoleste\/\">CURTA E SIGA NOSSA P\u00c1GINA NO INSTAGRAM CLICANDO AQUI<\/a><\/strong><\/h5>","protected":false},"excerpt":{"rendered":"<p>A Prefeitura de S\u00e3o Gon\u00e7alo est\u00e1 em plena atividade com a 25\u00aa Campanha Nacional contra a Influenza 2023, disponibilizando vacinas gratuitas para toda a popula\u00e7\u00e3o acima de seis meses em 48 pontos de atendimento. Segundo a Secretaria de Sa\u00fade e Defesa Civil, a cidade disponibiliza a vacina\u00e7\u00e3o contra a gripe de segunda a sexta-feira, das 8h \u00e0s 17h, al\u00e9m de s\u00e1bados, das 8h \u00e0s 12h, nas cl\u00ednicas da Fam\u00edlia Dr. Zerbini e Gon\u00e7alense do Mutondo. A vacina trivalente, dispon\u00edvel no Sistema \u00danico de Sa\u00fade (SUS), \u00e9 uma importante medida de preven\u00e7\u00e3o contra as variantes do v\u00edrus Influenza tipo A, a [&hellip;]<\/p>\n","protected":false},"author":4,"featured_media":9750,"comment_status":"open","ping_status":"open","sticky":false,"template":"","format":"standard","meta":{"footnotes":""},"categories":[52],"tags":[97,6273,76,73,637,95,1016,6274],"class_list":["post-9749","post","type-post","status-publish","format-standard","has-post-thumbnail","hentry","category-sao-goncalo","tag-gripe","tag-onde-tomar-vacina","tag-sao-goncalo","tag-saude","tag-vacina","tag-vacinacao","tag-vacinacao-contra-gripe","tag-vacinas-gratuitas","post--single"],"yoast_head":"<!-- This site is optimized with the Yoast SEO plugin v27.4 - https:\/\/yoast.com\/product\/yoast-seo-wordpress\/ -->\n<title>Vacina\u00e7\u00e3o contra gripe segue firme em S\u00e3o Gon\u00e7alo &#8226; Folha do Leste<\/title>\n<meta name=\"description\" content=\"A Prefeitura de S\u00e3o Gon\u00e7alo est\u00e1 em plena atividade com a 25\u00aa Campanha Nacional contra a Influenza 2023, disponibilizando vacinas gratuitas.\" \/>\n<meta name=\"robots\" content=\"index, follow, max-snippet:-1, max-image-preview:large, max-video-preview:-1\" \/>\n<link rel=\"canonical\" href=\"https:\/\/folhadoleste.com.br\/en\/vacinacao-contra-gripe-segue-firme-em-sao-goncalo\/\" \/>\n<meta property=\"og:locale\" content=\"en_US\" \/>\n<meta property=\"og:type\" content=\"article\" \/>\n<meta property=\"og:title\" content=\"Vacina\u00e7\u00e3o contra gripe segue firme em S\u00e3o Gon\u00e7alo\" \/>\n<meta property=\"og:description\" content=\"Clique e saiba mais...\" \/>\n<meta property=\"og:url\" content=\"https:\/\/folhadoleste.com.br\/en\/vacinacao-contra-gripe-segue-firme-em-sao-goncalo\/\" \/>\n<meta property=\"og:site_name\" content=\"Folha do Leste\" \/>\n<meta property=\"article:publisher\" content=\"https:\/\/www.facebook.com\/folhadoleste\" \/>\n<meta property=\"article:published_time\" content=\"2023-06-13T22:55:25+00:00\" \/>\n<meta property=\"og:image\" content=\"https:\/\/folhadoleste.com.br\/wp-content\/uploads\/2023\/06\/Vacinacao-contra-gripe-segue-firme-em-Sao-Goncalo-Foto-Renan-Otto.jpg\" \/>\n\t<meta property=\"og:image:width\" content=\"500\" \/>\n\t<meta property=\"og:image:height\" content=\"333\" \/>\n\t<meta property=\"og:image:type\" content=\"image\/jpeg\" \/>\n<meta name=\"author\" content=\"Folha do Leste\" \/>\n<meta name=\"twitter:card\" content=\"summary_large_image\" \/>\n<meta name=\"twitter:creator\" content=\"@FolhadoLesteRJ\" \/>\n<meta name=\"twitter:site\" content=\"@FolhadoLesteRJ\" \/>\n<meta name=\"twitter:label1\" content=\"Written by\" \/>\n\t<meta name=\"twitter:data1\" content=\"Folha do Leste\" \/>\n\t<meta name=\"twitter:label2\" content=\"Est. reading time\" \/>\n\t<meta name=\"twitter:data2\" content=\"4 minutes\" \/>\n<script type=\"application\/ld+json\" class=\"yoast-schema-graph\">{\"@context\":\"https:\\\/\\\/schema.org\",\"@graph\":[{\"@type\":\"NewsArticle\",\"@id\":\"https:\\\/\\\/folhadoleste.com.br\\\/vacinacao-contra-gripe-segue-firme-em-sao-goncalo\\\/#article\",\"isPartOf\":{\"@id\":\"https:\\\/\\\/folhadoleste.com.br\\\/vacinacao-contra-gripe-segue-firme-em-sao-goncalo\\\/\"},\"author\":{\"name\":\"Folha do Leste\",\"@id\":\"https:\\\/\\\/folhadoleste.com.br\\\/#\\\/schema\\\/person\\\/3e97145b2e1861276e84471aa85a3899\"},\"headline\":\"Vacina\u00e7\u00e3o contra gripe segue firme em S\u00e3o Gon\u00e7alo\",\"datePublished\":\"2023-06-13T22:55:25+00:00\",\"mainEntityOfPage\":{\"@id\":\"https:\\\/\\\/folhadoleste.com.br\\\/vacinacao-contra-gripe-segue-firme-em-sao-goncalo\\\/\"},\"wordCount\":630,\"commentCount\":0,\"publisher\":{\"@id\":\"https:\\\/\\\/folhadoleste.com.br\\\/#organization\"},\"image\":{\"@id\":\"https:\\\/\\\/folhadoleste.com.br\\\/vacinacao-contra-gripe-segue-firme-em-sao-goncalo\\\/#primaryimage\"},\"thumbnailUrl\":\"https:\\\/\\\/folhadoleste.com.br\\\/wp-content\\\/uploads\\\/2023\\\/06\\\/Vacinacao-contra-gripe-segue-firme-em-Sao-Goncalo-Foto-Renan-Otto.jpg\",\"keywords\":[\"gripe\",\"onde tomar vacina\",\"s\u00e3o gon\u00e7alo\",\"sa\u00fade\",\"vacina\",\"vacina\u00e7\u00e3o\",\"Vacina\u00e7\u00e3o contra gripe\",\"vacinas gratuitas\"],\"articleSection\":[\"S\u00e3o Gon\u00e7alo\"],\"inLanguage\":\"en-US\",\"potentialAction\":[{\"@type\":\"CommentAction\",\"name\":\"Comment\",\"target\":[\"https:\\\/\\\/folhadoleste.com.br\\\/vacinacao-contra-gripe-segue-firme-em-sao-goncalo\\\/#respond\"]}]},{\"@type\":\"WebPage\",\"@id\":\"https:\\\/\\\/folhadoleste.com.br\\\/vacinacao-contra-gripe-segue-firme-em-sao-goncalo\\\/\",\"url\":\"https:\\\/\\\/folhadoleste.com.br\\\/vacinacao-contra-gripe-segue-firme-em-sao-goncalo\\\/\",\"name\":\"Vacina\u00e7\u00e3o contra gripe segue firme em S\u00e3o Gon\u00e7alo &#8226; Folha do Leste\",\"isPartOf\":{\"@id\":\"https:\\\/\\\/folhadoleste.com.br\\\/#website\"},\"primaryImageOfPage\":{\"@id\":\"https:\\\/\\\/folhadoleste.com.br\\\/vacinacao-contra-gripe-segue-firme-em-sao-goncalo\\\/#primaryimage\"},\"image\":{\"@id\":\"https:\\\/\\\/folhadoleste.com.br\\\/vacinacao-contra-gripe-segue-firme-em-sao-goncalo\\\/#primaryimage\"},\"thumbnailUrl\":\"https:\\\/\\\/folhadoleste.com.br\\\/wp-content\\\/uploads\\\/2023\\\/06\\\/Vacinacao-contra-gripe-segue-firme-em-Sao-Goncalo-Foto-Renan-Otto.jpg\",\"datePublished\":\"2023-06-13T22:55:25+00:00\",\"description\":\"A Prefeitura de S\u00e3o Gon\u00e7alo est\u00e1 em plena atividade com a 25\u00aa Campanha Nacional contra a Influenza 2023, disponibilizando vacinas gratuitas.\",\"breadcrumb\":{\"@id\":\"https:\\\/\\\/folhadoleste.com.br\\\/vacinacao-contra-gripe-segue-firme-em-sao-goncalo\\\/#breadcrumb\"},\"inLanguage\":\"en-US\",\"potentialAction\":[{\"@type\":\"ReadAction\",\"target\":[\"https:\\\/\\\/folhadoleste.com.br\\\/vacinacao-contra-gripe-segue-firme-em-sao-goncalo\\\/\"]}]},{\"@type\":\"ImageObject\",\"inLanguage\":\"en-US\",\"@id\":\"https:\\\/\\\/folhadoleste.com.br\\\/vacinacao-contra-gripe-segue-firme-em-sao-goncalo\\\/#primaryimage\",\"url\":\"https:\\\/\\\/folhadoleste.com.br\\\/wp-content\\\/uploads\\\/2023\\\/06\\\/Vacinacao-contra-gripe-segue-firme-em-Sao-Goncalo-Foto-Renan-Otto.jpg\",\"contentUrl\":\"https:\\\/\\\/folhadoleste.com.br\\\/wp-content\\\/uploads\\\/2023\\\/06\\\/Vacinacao-contra-gripe-segue-firme-em-Sao-Goncalo-Foto-Renan-Otto.jpg\",\"width\":500,\"height\":333,\"caption\":\"Foto\\\/ Renan Otto\"},{\"@type\":\"BreadcrumbList\",\"@id\":\"https:\\\/\\\/folhadoleste.com.br\\\/vacinacao-contra-gripe-segue-firme-em-sao-goncalo\\\/#breadcrumb\",\"itemListElement\":[{\"@type\":\"ListItem\",\"position\":1,\"name\":\"In\u00edcio\",\"item\":\"https:\\\/\\\/folhadoleste.com.br\\\/\"},{\"@type\":\"ListItem\",\"position\":2,\"name\":\"Estado do Rio de Janeiro\",\"item\":\"https:\\\/\\\/folhadoleste.com.br\\\/category\\\/estado-do-rio-de-janeiro\\\/\"},{\"@type\":\"ListItem\",\"position\":3,\"name\":\"Leste Fluminense\",\"item\":\"https:\\\/\\\/folhadoleste.com.br\\\/category\\\/estado-do-rio-de-janeiro\\\/leste-fluminense\\\/\"},{\"@type\":\"ListItem\",\"position\":4,\"name\":\"S\u00e3o Gon\u00e7alo\",\"item\":\"https:\\\/\\\/folhadoleste.com.br\\\/category\\\/estado-do-rio-de-janeiro\\\/leste-fluminense\\\/sao-goncalo\\\/\"},{\"@type\":\"ListItem\",\"position\":5,\"name\":\"Vacina\u00e7\u00e3o contra gripe segue firme em S\u00e3o Gon\u00e7alo\"}]},{\"@type\":\"WebSite\",\"@id\":\"https:\\\/\\\/folhadoleste.com.br\\\/#website\",\"url\":\"https:\\\/\\\/folhadoleste.com.br\\\/\",\"name\":\"Folha do Leste\",\"description\":\"Portal de Not\u00edcias com \u00eanfase em Niter\u00f3i, criando conte\u00fados desde a capital Rio de Janeiro, com olhar para o Leste Fluminense e suas cidades como S\u00e3o Gon\u00e7alo, Itabora\u00ed, Rio Bonito, Maric\u00e1, Saquarema e Araruama\",\"publisher\":{\"@id\":\"https:\\\/\\\/folhadoleste.com.br\\\/#organization\"},\"alternateName\":\"FL\",\"potentialAction\":[{\"@type\":\"SearchAction\",\"target\":{\"@type\":\"EntryPoint\",\"urlTemplate\":\"https:\\\/\\\/folhadoleste.com.br\\\/?s={search_term_string}\"},\"query-input\":{\"@type\":\"PropertyValueSpecification\",\"valueRequired\":true,\"valueName\":\"search_term_string\"}}],\"inLanguage\":\"en-US\"},{\"@type\":\"Organization\",\"@id\":\"https:\\\/\\\/folhadoleste.com.br\\\/#organization\",\"name\":\"Brasil 21 Comunica\u00e7\u00e3o\",\"alternateName\":\"BR21\",\"url\":\"https:\\\/\\\/folhadoleste.com.br\\\/\",\"logo\":{\"@type\":\"ImageObject\",\"inLanguage\":\"en-US\",\"@id\":\"https:\\\/\\\/folhadoleste.com.br\\\/#\\\/schema\\\/logo\\\/image\\\/\",\"url\":\"https:\\\/\\\/folhadoleste.com.br\\\/wp-content\\\/uploads\\\/2025\\\/12\\\/brasil-21-logomarca.avif\",\"contentUrl\":\"https:\\\/\\\/folhadoleste.com.br\\\/wp-content\\\/uploads\\\/2025\\\/12\\\/brasil-21-logomarca.avif\",\"width\":1044,\"height\":1044,\"caption\":\"Brasil 21 Comunica\u00e7\u00e3o\"},\"image\":{\"@id\":\"https:\\\/\\\/folhadoleste.com.br\\\/#\\\/schema\\\/logo\\\/image\\\/\"},\"sameAs\":[\"https:\\\/\\\/www.facebook.com\\\/folhadoleste\",\"https:\\\/\\\/x.com\\\/FolhadoLesteRJ\",\"https:\\\/\\\/www.instagram.com\\\/folhadoleste\\\/\"]},{\"@type\":\"Person\",\"@id\":\"https:\\\/\\\/folhadoleste.com.br\\\/#\\\/schema\\\/person\\\/3e97145b2e1861276e84471aa85a3899\",\"name\":\"Folha do Leste\",\"image\":{\"@type\":\"ImageObject\",\"inLanguage\":\"en-US\",\"@id\":\"https:\\\/\\\/folhadoleste.com.br\\\/wp-content\\\/litespeed\\\/avatar\\\/1ca8c218432e7045e748610eb3db0259.jpg?ver=1777161142\",\"url\":\"https:\\\/\\\/folhadoleste.com.br\\\/wp-content\\\/litespeed\\\/avatar\\\/1ca8c218432e7045e748610eb3db0259.jpg?ver=1777161142\",\"contentUrl\":\"https:\\\/\\\/folhadoleste.com.br\\\/wp-content\\\/litespeed\\\/avatar\\\/1ca8c218432e7045e748610eb3db0259.jpg?ver=1777161142\",\"caption\":\"Folha do Leste\"},\"url\":\"https:\\\/\\\/folhadoleste.com.br\\\/en\\\/author\\\/reportagem-01\\\/\"}]}<\/script>\n<!-- \/ Yoast SEO plugin. -->","yoast_head_json":{"title":"Vacina\u00e7\u00e3o contra gripe segue firme em S\u00e3o Gon\u00e7alo &#8226; Folha do Leste","description":"A Prefeitura de S\u00e3o Gon\u00e7alo est\u00e1 em plena atividade com a 25\u00aa Campanha Nacional contra a Influenza 2023, disponibilizando vacinas gratuitas.","robots":{"index":"index","follow":"follow","max-snippet":"max-snippet:-1","max-image-preview":"max-image-preview:large","max-video-preview":"max-video-preview:-1"},"canonical":"https:\/\/folhadoleste.com.br\/en\/vacinacao-contra-gripe-segue-firme-em-sao-goncalo\/","og_locale":"en_US","og_type":"article","og_title":"Vacina\u00e7\u00e3o contra gripe segue firme em S\u00e3o Gon\u00e7alo","og_description":"Clique e saiba mais...","og_url":"https:\/\/folhadoleste.com.br\/en\/vacinacao-contra-gripe-segue-firme-em-sao-goncalo\/","og_site_name":"Folha do Leste","article_publisher":"https:\/\/www.facebook.com\/folhadoleste","article_published_time":"2023-06-13T22:55:25+00:00","og_image":[{"width":500,"height":333,"url":"https:\/\/folhadoleste.com.br\/wp-content\/uploads\/2023\/06\/Vacinacao-contra-gripe-segue-firme-em-Sao-Goncalo-Foto-Renan-Otto.jpg","type":"image\/jpeg"}],"author":"Folha do Leste","twitter_card":"summary_large_image","twitter_creator":"@FolhadoLesteRJ","twitter_site":"@FolhadoLesteRJ","twitter_misc":{"Written by":"Folha do Leste","Est. reading time":"4 minutes"},"schema":{"@context":"https:\/\/schema.org","@graph":[{"@type":"NewsArticle","@id":"https:\/\/folhadoleste.com.br\/vacinacao-contra-gripe-segue-firme-em-sao-goncalo\/#article","isPartOf":{"@id":"https:\/\/folhadoleste.com.br\/vacinacao-contra-gripe-segue-firme-em-sao-goncalo\/"},"author":{"name":"Folha do Leste","@id":"https:\/\/folhadoleste.com.br\/#\/schema\/person\/3e97145b2e1861276e84471aa85a3899"},"headline":"Vacina\u00e7\u00e3o contra gripe segue firme em S\u00e3o Gon\u00e7alo","datePublished":"2023-06-13T22:55:25+00:00","mainEntityOfPage":{"@id":"https:\/\/folhadoleste.com.br\/vacinacao-contra-gripe-segue-firme-em-sao-goncalo\/"},"wordCount":630,"commentCount":0,"publisher":{"@id":"https:\/\/folhadoleste.com.br\/#organization"},"image":{"@id":"https:\/\/folhadoleste.com.br\/vacinacao-contra-gripe-segue-firme-em-sao-goncalo\/#primaryimage"},"thumbnailUrl":"https:\/\/folhadoleste.com.br\/wp-content\/uploads\/2023\/06\/Vacinacao-contra-gripe-segue-firme-em-Sao-Goncalo-Foto-Renan-Otto.jpg","keywords":["gripe","onde tomar vacina","s\u00e3o gon\u00e7alo","sa\u00fade","vacina","vacina\u00e7\u00e3o","Vacina\u00e7\u00e3o contra gripe","vacinas gratuitas"],"articleSection":["S\u00e3o Gon\u00e7alo"],"inLanguage":"en-US","potentialAction":[{"@type":"CommentAction","name":"Comment","target":["https:\/\/folhadoleste.com.br\/vacinacao-contra-gripe-segue-firme-em-sao-goncalo\/#respond"]}]},{"@type":"WebPage","@id":"https:\/\/folhadoleste.com.br\/vacinacao-contra-gripe-segue-firme-em-sao-goncalo\/","url":"https:\/\/folhadoleste.com.br\/vacinacao-contra-gripe-segue-firme-em-sao-goncalo\/","name":"Vacina\u00e7\u00e3o contra gripe segue firme em S\u00e3o Gon\u00e7alo &#8226; Folha do Leste","isPartOf":{"@id":"https:\/\/folhadoleste.com.br\/#website"},"primaryImageOfPage":{"@id":"https:\/\/folhadoleste.com.br\/vacinacao-contra-gripe-segue-firme-em-sao-goncalo\/#primaryimage"},"image":{"@id":"https:\/\/folhadoleste.com.br\/vacinacao-contra-gripe-segue-firme-em-sao-goncalo\/#primaryimage"},"thumbnailUrl":"https:\/\/folhadoleste.com.br\/wp-content\/uploads\/2023\/06\/Vacinacao-contra-gripe-segue-firme-em-Sao-Goncalo-Foto-Renan-Otto.jpg","datePublished":"2023-06-13T22:55:25+00:00","description":"A Prefeitura de S\u00e3o Gon\u00e7alo est\u00e1 em plena atividade com a 25\u00aa Campanha Nacional contra a Influenza 2023, disponibilizando vacinas gratuitas.","breadcrumb":{"@id":"https:\/\/folhadoleste.com.br\/vacinacao-contra-gripe-segue-firme-em-sao-goncalo\/#breadcrumb"},"inLanguage":"en-US","potentialAction":[{"@type":"ReadAction","target":["https:\/\/folhadoleste.com.br\/vacinacao-contra-gripe-segue-firme-em-sao-goncalo\/"]}]},{"@type":"ImageObject","inLanguage":"en-US","@id":"https:\/\/folhadoleste.com.br\/vacinacao-contra-gripe-segue-firme-em-sao-goncalo\/#primaryimage","url":"https:\/\/folhadoleste.com.br\/wp-content\/uploads\/2023\/06\/Vacinacao-contra-gripe-segue-firme-em-Sao-Goncalo-Foto-Renan-Otto.jpg","contentUrl":"https:\/\/folhadoleste.com.br\/wp-content\/uploads\/2023\/06\/Vacinacao-contra-gripe-segue-firme-em-Sao-Goncalo-Foto-Renan-Otto.jpg","width":500,"height":333,"caption":"Foto\/ Renan Otto"},{"@type":"BreadcrumbList","@id":"https:\/\/folhadoleste.com.br\/vacinacao-contra-gripe-segue-firme-em-sao-goncalo\/#breadcrumb","itemListElement":[{"@type":"ListItem","position":1,"name":"In\u00edcio","item":"https:\/\/folhadoleste.com.br\/"},{"@type":"ListItem","position":2,"name":"Estado do Rio de Janeiro","item":"https:\/\/folhadoleste.com.br\/category\/estado-do-rio-de-janeiro\/"},{"@type":"ListItem","position":3,"name":"Leste Fluminense","item":"https:\/\/folhadoleste.com.br\/category\/estado-do-rio-de-janeiro\/leste-fluminense\/"},{"@type":"ListItem","position":4,"name":"S\u00e3o Gon\u00e7alo","item":"https:\/\/folhadoleste.com.br\/category\/estado-do-rio-de-janeiro\/leste-fluminense\/sao-goncalo\/"},{"@type":"ListItem","position":5,"name":"Vacina\u00e7\u00e3o contra gripe segue firme em S\u00e3o Gon\u00e7alo"}]},{"@type":"WebSite","@id":"https:\/\/folhadoleste.com.br\/#website","url":"https:\/\/folhadoleste.com.br\/","name":"Folha do Leste","description":"Portal de Not\u00edcias com \u00eanfase em Niter\u00f3i, criando conte\u00fados desde a capital Rio de Janeiro, com olhar para o Leste Fluminense e suas cidades como S\u00e3o Gon\u00e7alo, Itabora\u00ed, Rio Bonito, Maric\u00e1, Saquarema e Araruama","publisher":{"@id":"https:\/\/folhadoleste.com.br\/#organization"},"alternateName":"FL","potentialAction":[{"@type":"SearchAction","target":{"@type":"EntryPoint","urlTemplate":"https:\/\/folhadoleste.com.br\/?s={search_term_string}"},"query-input":{"@type":"PropertyValueSpecification","valueRequired":true,"valueName":"search_term_string"}}],"inLanguage":"en-US"},{"@type":"Organization","@id":"https:\/\/folhadoleste.com.br\/#organization","name":"Brasil 21 Comunica\u00e7\u00e3o","alternateName":"BR21","url":"https:\/\/folhadoleste.com.br\/","logo":{"@type":"ImageObject","inLanguage":"en-US","@id":"https:\/\/folhadoleste.com.br\/#\/schema\/logo\/image\/","url":"https:\/\/folhadoleste.com.br\/wp-content\/uploads\/2025\/12\/brasil-21-logomarca.avif","contentUrl":"https:\/\/folhadoleste.com.br\/wp-content\/uploads\/2025\/12\/brasil-21-logomarca.avif","width":1044,"height":1044,"caption":"Brasil 21 Comunica\u00e7\u00e3o"},"image":{"@id":"https:\/\/folhadoleste.com.br\/#\/schema\/logo\/image\/"},"sameAs":["https:\/\/www.facebook.com\/folhadoleste","https:\/\/x.com\/FolhadoLesteRJ","https:\/\/www.instagram.com\/folhadoleste\/"]},{"@type":"Person","@id":"https:\/\/folhadoleste.com.br\/#\/schema\/person\/3e97145b2e1861276e84471aa85a3899","name":"Folha do Leste","image":{"@type":"ImageObject","inLanguage":"en-US","@id":"https:\/\/folhadoleste.com.br\/wp-content\/litespeed\/avatar\/1ca8c218432e7045e748610eb3db0259.jpg?ver=1777161142","url":"https:\/\/folhadoleste.com.br\/wp-content\/litespeed\/avatar\/1ca8c218432e7045e748610eb3db0259.jpg?ver=1777161142","contentUrl":"https:\/\/folhadoleste.com.br\/wp-content\/litespeed\/avatar\/1ca8c218432e7045e748610eb3db0259.jpg?ver=1777161142","caption":"Folha do Leste"},"url":"https:\/\/folhadoleste.com.br\/en\/author\/reportagem-01\/"}]}},"_links":{"self":[{"href":"https:\/\/folhadoleste.com.br\/en\/wp-json\/wp\/v2\/posts\/9749","targetHints":{"allow":["GET"]}}],"collection":[{"href":"https:\/\/folhadoleste.com.br\/en\/wp-json\/wp\/v2\/posts"}],"about":[{"href":"https:\/\/folhadoleste.com.br\/en\/wp-json\/wp\/v2\/types\/post"}],"author":[{"embeddable":true,"href":"https:\/\/folhadoleste.com.br\/en\/wp-json\/wp\/v2\/users\/4"}],"replies":[{"embeddable":true,"href":"https:\/\/folhadoleste.com.br\/en\/wp-json\/wp\/v2\/comments?post=9749"}],"version-history":[{"count":1,"href":"https:\/\/folhadoleste.com.br\/en\/wp-json\/wp\/v2\/posts\/9749\/revisions"}],"predecessor-version":[{"id":9751,"href":"https:\/\/folhadoleste.com.br\/en\/wp-json\/wp\/v2\/posts\/9749\/revisions\/9751"}],"wp:featuredmedia":[{"embeddable":true,"href":"https:\/\/folhadoleste.com.br\/en\/wp-json\/wp\/v2\/media\/9750"}],"wp:attachment":[{"href":"https:\/\/folhadoleste.com.br\/en\/wp-json\/wp\/v2\/media?parent=9749"}],"wp:term":[{"taxonomy":"category","embeddable":true,"href":"https:\/\/folhadoleste.com.br\/en\/wp-json\/wp\/v2\/categories?post=9749"},{"taxonomy":"post_tag","embeddable":true,"href":"https:\/\/folhadoleste.com.br\/en\/wp-json\/wp\/v2\/tags?post=9749"}],"curies":[{"name":"wp","href":"https:\/\/api.w.org\/{rel}","templated":true}]}}