{"id":9746,"date":"2023-06-13T19:51:08","date_gmt":"2023-06-13T22:51:08","guid":{"rendered":"https:\/\/folhadoleste.com.br\/?p=9746"},"modified":"2023-06-13T19:51:08","modified_gmt":"2023-06-13T22:51:08","slug":"exemplares-do-livro-darcy-ribeiro-de-ca-e-de-la-vao-para-biblioteca-municipal","status":"publish","type":"post","link":"https:\/\/folhadoleste.com.br\/en\/exemplares-do-livro-darcy-ribeiro-de-ca-e-de-la-vao-para-biblioteca-municipal\/","title":{"rendered":"Exemplares do livro \u201cDarcy Ribeiro de C\u00e1 e de L\u00e1\u201d v\u00e3o para Biblioteca Municipal"},"content":{"rendered":"<p>A Biblioteca P\u00fablica Municipal Professora Leonor Leite Bastos de Souza, em Maric\u00e1, recebeu uma doa\u00e7\u00e3o especial nesta ter\u00e7a-feira (13\/06). A aldeia Serra dos Cocos, Ipueiras, no Cear\u00e1, presenteou o local com seis exemplares do livro \u201cDarcy Ribeiro de C\u00e1 e de L\u00e1\u201d, da autora Auritha Tabajara. A entrega aconteceu durante a visita de cerca de 45 alunos e professores da Escola Municipal Dilza da Silva de S\u00e1 Rego, em Ponta Negra, que assistiram \u00e0 apresenta\u00e7\u00e3o de artistas durante o projeto \u201cMaric\u00e1 das Artes\u201d.<\/p>\n<p>O livro \u201cDarcy Ribeiro de C\u00e1 e de L\u00e1\u201d traz a hist\u00f3ria do antrop\u00f3logo e educador Darcy Ribeiro, contada em forma de cordel pela autora. A obra foi elaborada a partir de um projeto apresentado no edital \u201c100 anos de Darcy Ribeiro\u201d e traz a espiritualidade de forma leve e emocionante, com ilustra\u00e7\u00f5es feitas por Caio Zero e pesquisa feita pela historiadora e mestranda em antropologia social, Bruna Elia.<\/p>\n<p>Segundo o secret\u00e1rio de Cultura de Maric\u00e1, Leandro Dasilva, a chegada de um livro sobre Darcy Ribeiro para o p\u00fablico de 5 a 11 anos \u00e9 essencial para a biblioteca. Vale ressaltar que o espa\u00e7o, que fica no anexo do Cine Henfil, oferece aproximadamente 13 mil t\u00edtulos de segunda a sexta-feira, das 8h \u00e0s 17h, com acervos da literatura nacional e estrangeira, infantil e infanto-juvenil, al\u00e9m de exemplares em braille da Lei de Responsabilidade Fiscal e de livros da B\u00edblia Sagrada, doados pela Sociedade B\u00edblica do Brasil.<\/p>\n<p>Para ter acesso ao acervo da biblioteca, \u00e9 poss\u00edvel fazer pesquisas no site <strong><a href=\"https:\/\/biblioteca.marica.rj.gov.br\/Biblivre5\/\">https:\/\/biblioteca.marica.rj.gov.br\/Biblivre5\/<\/a>.<\/strong> O empr\u00e9stimo de livros deve ser solicitado presencialmente, fornecendo apenas RG, CPF e comprovante de resid\u00eancia.<\/p>\n<p>A diretora respons\u00e1vel pela biblioteca, Ingrid Guinin, afirma que eventos como esse s\u00e3o fundamentais para promover a intera\u00e7\u00e3o com o p\u00fablico local. A doa\u00e7\u00e3o do livro sobre Darcy Ribeiro, realizado em um formato acess\u00edvel \u00e0s crian\u00e7as, contribui para ampliar o acesso \u00e0 literatura e ao conhecimento hist\u00f3rico.<\/p>\n<p>&nbsp;<\/p>\n<h5><strong><a href=\"https:\/\/www.facebook.com\/folhadoleste\">CURTA E SIGA NOSSA P\u00c1GINA NO FACEBOOK CLICANDO AQUI<\/a><\/strong><\/h5>\n<h5><strong><a href=\"https:\/\/www.instagram.com\/folhadoleste\/\">CURTA E SIGA NOSSA P\u00c1GINA NO INSTAGRAM CLICANDO AQUI<\/a><\/strong><\/h5>","protected":false},"excerpt":{"rendered":"<p>A Biblioteca P\u00fablica Municipal Professora Leonor Leite Bastos de Souza, em Maric\u00e1, recebeu uma doa\u00e7\u00e3o especial nesta ter\u00e7a-feira (13\/06). A aldeia Serra dos Cocos, Ipueiras, no Cear\u00e1, presenteou o local com seis exemplares do livro \u201cDarcy Ribeiro de C\u00e1 e de L\u00e1\u201d, da autora Auritha Tabajara. A entrega aconteceu durante a visita de cerca de 45 alunos e professores da Escola Municipal Dilza da Silva de S\u00e1 Rego, em Ponta Negra, que assistiram \u00e0 apresenta\u00e7\u00e3o de artistas durante o projeto \u201cMaric\u00e1 das Artes\u201d. O livro \u201cDarcy Ribeiro de C\u00e1 e de L\u00e1\u201d traz a hist\u00f3ria do antrop\u00f3logo e educador Darcy [&hellip;]<\/p>\n","protected":false},"author":4,"featured_media":9747,"comment_status":"open","ping_status":"open","sticky":false,"template":"","format":"standard","meta":{"footnotes":""},"categories":[87],"tags":[6272,6270,6271,3635,56,4709],"class_list":["post-9746","post","type-post","status-publish","format-standard","has-post-thumbnail","hentry","category-marica","tag-darcy-ribeiro-de-ca-e-de-la","tag-biblioteca-municipal","tag-exemplares","tag-livro","tag-marica","tag-prefeitura-de-marica","post--single"],"yoast_head":"<!-- This site is optimized with the Yoast SEO plugin v27.4 - https:\/\/yoast.com\/product\/yoast-seo-wordpress\/ -->\n<title>Exemplares do livro \u201cDarcy Ribeiro de C\u00e1 e de L\u00e1\u201d v\u00e3o para Biblioteca Municipal &#8226; Folha do Leste<\/title>\n<meta name=\"description\" content=\"A Biblioteca P\u00fablica Municipal Professora Leonor Leite Bastos de Souza, em Maric\u00e1, recebeu uma doa\u00e7\u00e3o especial nesta ter\u00e7a-feira (13\/06)...\" \/>\n<meta name=\"robots\" content=\"index, follow, max-snippet:-1, max-image-preview:large, max-video-preview:-1\" \/>\n<link rel=\"canonical\" href=\"https:\/\/folhadoleste.com.br\/en\/exemplares-do-livro-darcy-ribeiro-de-ca-e-de-la-vao-para-biblioteca-municipal\/\" \/>\n<meta property=\"og:locale\" content=\"en_US\" \/>\n<meta property=\"og:type\" content=\"article\" \/>\n<meta property=\"og:title\" content=\"Exemplares do livro \u201cDarcy Ribeiro de C\u00e1 e de L\u00e1\u201d v\u00e3o para Biblioteca Municipal\" \/>\n<meta property=\"og:description\" content=\"Clique e saiba mais...\" \/>\n<meta property=\"og:url\" content=\"https:\/\/folhadoleste.com.br\/en\/exemplares-do-livro-darcy-ribeiro-de-ca-e-de-la-vao-para-biblioteca-municipal\/\" \/>\n<meta property=\"og:site_name\" content=\"Folha do Leste\" \/>\n<meta property=\"article:publisher\" content=\"https:\/\/www.facebook.com\/folhadoleste\" \/>\n<meta property=\"article:published_time\" content=\"2023-06-13T22:51:08+00:00\" \/>\n<meta property=\"og:image\" content=\"https:\/\/folhadoleste.com.br\/wp-content\/uploads\/2023\/06\/Exemplares-do-livro-Darcy-Ribeiro-de-Ca-e-de-La-vao-para-Biblioteca-Municipal-Foto-Anselmo-Mourao.jpeg\" \/>\n\t<meta property=\"og:image:width\" content=\"1600\" \/>\n\t<meta property=\"og:image:height\" content=\"1067\" \/>\n\t<meta property=\"og:image:type\" content=\"image\/jpeg\" \/>\n<meta name=\"author\" content=\"Folha do Leste\" \/>\n<meta name=\"twitter:card\" content=\"summary_large_image\" \/>\n<meta name=\"twitter:creator\" content=\"@FolhadoLesteRJ\" \/>\n<meta name=\"twitter:site\" content=\"@FolhadoLesteRJ\" \/>\n<meta name=\"twitter:label1\" content=\"Written by\" \/>\n\t<meta name=\"twitter:data1\" content=\"Folha do Leste\" \/>\n\t<meta name=\"twitter:label2\" content=\"Est. reading time\" \/>\n\t<meta name=\"twitter:data2\" content=\"2 minutes\" \/>\n<script type=\"application\/ld+json\" class=\"yoast-schema-graph\">{\"@context\":\"https:\\\/\\\/schema.org\",\"@graph\":[{\"@type\":\"NewsArticle\",\"@id\":\"https:\\\/\\\/folhadoleste.com.br\\\/exemplares-do-livro-darcy-ribeiro-de-ca-e-de-la-vao-para-biblioteca-municipal\\\/#article\",\"isPartOf\":{\"@id\":\"https:\\\/\\\/folhadoleste.com.br\\\/exemplares-do-livro-darcy-ribeiro-de-ca-e-de-la-vao-para-biblioteca-municipal\\\/\"},\"author\":{\"name\":\"Folha do Leste\",\"@id\":\"https:\\\/\\\/folhadoleste.com.br\\\/#\\\/schema\\\/person\\\/3e97145b2e1861276e84471aa85a3899\"},\"headline\":\"Exemplares do livro \u201cDarcy Ribeiro de C\u00e1 e de L\u00e1\u201d v\u00e3o para Biblioteca Municipal\",\"datePublished\":\"2023-06-13T22:51:08+00:00\",\"mainEntityOfPage\":{\"@id\":\"https:\\\/\\\/folhadoleste.com.br\\\/exemplares-do-livro-darcy-ribeiro-de-ca-e-de-la-vao-para-biblioteca-municipal\\\/\"},\"wordCount\":373,\"commentCount\":0,\"publisher\":{\"@id\":\"https:\\\/\\\/folhadoleste.com.br\\\/#organization\"},\"image\":{\"@id\":\"https:\\\/\\\/folhadoleste.com.br\\\/exemplares-do-livro-darcy-ribeiro-de-ca-e-de-la-vao-para-biblioteca-municipal\\\/#primaryimage\"},\"thumbnailUrl\":\"https:\\\/\\\/folhadoleste.com.br\\\/wp-content\\\/uploads\\\/2023\\\/06\\\/Exemplares-do-livro-Darcy-Ribeiro-de-Ca-e-de-La-vao-para-Biblioteca-Municipal-Foto-Anselmo-Mourao.jpeg\",\"keywords\":[\"\u201cDarcy Ribeiro de C\u00e1 e de L\u00e1\u201d\",\"Biblioteca Municipal\",\"exemplares\",\"livro\",\"Maric\u00e1\",\"Prefeitura de Maric\u00e1\"],\"articleSection\":[\"Maric\u00e1\"],\"inLanguage\":\"en-US\",\"potentialAction\":[{\"@type\":\"CommentAction\",\"name\":\"Comment\",\"target\":[\"https:\\\/\\\/folhadoleste.com.br\\\/exemplares-do-livro-darcy-ribeiro-de-ca-e-de-la-vao-para-biblioteca-municipal\\\/#respond\"]}]},{\"@type\":\"WebPage\",\"@id\":\"https:\\\/\\\/folhadoleste.com.br\\\/exemplares-do-livro-darcy-ribeiro-de-ca-e-de-la-vao-para-biblioteca-municipal\\\/\",\"url\":\"https:\\\/\\\/folhadoleste.com.br\\\/exemplares-do-livro-darcy-ribeiro-de-ca-e-de-la-vao-para-biblioteca-municipal\\\/\",\"name\":\"Exemplares do livro \u201cDarcy Ribeiro de C\u00e1 e de L\u00e1\u201d v\u00e3o para Biblioteca Municipal &#8226; Folha do Leste\",\"isPartOf\":{\"@id\":\"https:\\\/\\\/folhadoleste.com.br\\\/#website\"},\"primaryImageOfPage\":{\"@id\":\"https:\\\/\\\/folhadoleste.com.br\\\/exemplares-do-livro-darcy-ribeiro-de-ca-e-de-la-vao-para-biblioteca-municipal\\\/#primaryimage\"},\"image\":{\"@id\":\"https:\\\/\\\/folhadoleste.com.br\\\/exemplares-do-livro-darcy-ribeiro-de-ca-e-de-la-vao-para-biblioteca-municipal\\\/#primaryimage\"},\"thumbnailUrl\":\"https:\\\/\\\/folhadoleste.com.br\\\/wp-content\\\/uploads\\\/2023\\\/06\\\/Exemplares-do-livro-Darcy-Ribeiro-de-Ca-e-de-La-vao-para-Biblioteca-Municipal-Foto-Anselmo-Mourao.jpeg\",\"datePublished\":\"2023-06-13T22:51:08+00:00\",\"description\":\"A Biblioteca P\u00fablica Municipal Professora Leonor Leite Bastos de Souza, em Maric\u00e1, recebeu uma doa\u00e7\u00e3o especial nesta ter\u00e7a-feira (13\\\/06)...\",\"breadcrumb\":{\"@id\":\"https:\\\/\\\/folhadoleste.com.br\\\/exemplares-do-livro-darcy-ribeiro-de-ca-e-de-la-vao-para-biblioteca-municipal\\\/#breadcrumb\"},\"inLanguage\":\"en-US\",\"potentialAction\":[{\"@type\":\"ReadAction\",\"target\":[\"https:\\\/\\\/folhadoleste.com.br\\\/exemplares-do-livro-darcy-ribeiro-de-ca-e-de-la-vao-para-biblioteca-municipal\\\/\"]}]},{\"@type\":\"ImageObject\",\"inLanguage\":\"en-US\",\"@id\":\"https:\\\/\\\/folhadoleste.com.br\\\/exemplares-do-livro-darcy-ribeiro-de-ca-e-de-la-vao-para-biblioteca-municipal\\\/#primaryimage\",\"url\":\"https:\\\/\\\/folhadoleste.com.br\\\/wp-content\\\/uploads\\\/2023\\\/06\\\/Exemplares-do-livro-Darcy-Ribeiro-de-Ca-e-de-La-vao-para-Biblioteca-Municipal-Foto-Anselmo-Mourao.jpeg\",\"contentUrl\":\"https:\\\/\\\/folhadoleste.com.br\\\/wp-content\\\/uploads\\\/2023\\\/06\\\/Exemplares-do-livro-Darcy-Ribeiro-de-Ca-e-de-La-vao-para-Biblioteca-Municipal-Foto-Anselmo-Mourao.jpeg\",\"width\":1600,\"height\":1067,\"caption\":\"Foto\\\/ Anselmo Mour\u00e3o\"},{\"@type\":\"BreadcrumbList\",\"@id\":\"https:\\\/\\\/folhadoleste.com.br\\\/exemplares-do-livro-darcy-ribeiro-de-ca-e-de-la-vao-para-biblioteca-municipal\\\/#breadcrumb\",\"itemListElement\":[{\"@type\":\"ListItem\",\"position\":1,\"name\":\"In\u00edcio\",\"item\":\"https:\\\/\\\/folhadoleste.com.br\\\/\"},{\"@type\":\"ListItem\",\"position\":2,\"name\":\"Estado do Rio de Janeiro\",\"item\":\"https:\\\/\\\/folhadoleste.com.br\\\/category\\\/estado-do-rio-de-janeiro\\\/\"},{\"@type\":\"ListItem\",\"position\":3,\"name\":\"Leste Fluminense\",\"item\":\"https:\\\/\\\/folhadoleste.com.br\\\/category\\\/estado-do-rio-de-janeiro\\\/leste-fluminense\\\/\"},{\"@type\":\"ListItem\",\"position\":4,\"name\":\"Maric\u00e1\",\"item\":\"https:\\\/\\\/folhadoleste.com.br\\\/category\\\/estado-do-rio-de-janeiro\\\/leste-fluminense\\\/marica\\\/\"},{\"@type\":\"ListItem\",\"position\":5,\"name\":\"Exemplares do livro \u201cDarcy Ribeiro de C\u00e1 e de L\u00e1\u201d v\u00e3o para Biblioteca Municipal\"}]},{\"@type\":\"WebSite\",\"@id\":\"https:\\\/\\\/folhadoleste.com.br\\\/#website\",\"url\":\"https:\\\/\\\/folhadoleste.com.br\\\/\",\"name\":\"Folha do Leste\",\"description\":\"Portal de Not\u00edcias com \u00eanfase em Niter\u00f3i, criando conte\u00fados desde a capital Rio de Janeiro, com olhar para o Leste Fluminense e suas cidades como S\u00e3o Gon\u00e7alo, Itabora\u00ed, Rio Bonito, Maric\u00e1, Saquarema e Araruama\",\"publisher\":{\"@id\":\"https:\\\/\\\/folhadoleste.com.br\\\/#organization\"},\"alternateName\":\"FL\",\"potentialAction\":[{\"@type\":\"SearchAction\",\"target\":{\"@type\":\"EntryPoint\",\"urlTemplate\":\"https:\\\/\\\/folhadoleste.com.br\\\/?s={search_term_string}\"},\"query-input\":{\"@type\":\"PropertyValueSpecification\",\"valueRequired\":true,\"valueName\":\"search_term_string\"}}],\"inLanguage\":\"en-US\"},{\"@type\":\"Organization\",\"@id\":\"https:\\\/\\\/folhadoleste.com.br\\\/#organization\",\"name\":\"Brasil 21 Comunica\u00e7\u00e3o\",\"alternateName\":\"BR21\",\"url\":\"https:\\\/\\\/folhadoleste.com.br\\\/\",\"logo\":{\"@type\":\"ImageObject\",\"inLanguage\":\"en-US\",\"@id\":\"https:\\\/\\\/folhadoleste.com.br\\\/#\\\/schema\\\/logo\\\/image\\\/\",\"url\":\"https:\\\/\\\/folhadoleste.com.br\\\/wp-content\\\/uploads\\\/2025\\\/12\\\/brasil-21-logomarca.avif\",\"contentUrl\":\"https:\\\/\\\/folhadoleste.com.br\\\/wp-content\\\/uploads\\\/2025\\\/12\\\/brasil-21-logomarca.avif\",\"width\":1044,\"height\":1044,\"caption\":\"Brasil 21 Comunica\u00e7\u00e3o\"},\"image\":{\"@id\":\"https:\\\/\\\/folhadoleste.com.br\\\/#\\\/schema\\\/logo\\\/image\\\/\"},\"sameAs\":[\"https:\\\/\\\/www.facebook.com\\\/folhadoleste\",\"https:\\\/\\\/x.com\\\/FolhadoLesteRJ\",\"https:\\\/\\\/www.instagram.com\\\/folhadoleste\\\/\"]},{\"@type\":\"Person\",\"@id\":\"https:\\\/\\\/folhadoleste.com.br\\\/#\\\/schema\\\/person\\\/3e97145b2e1861276e84471aa85a3899\",\"name\":\"Folha do Leste\",\"image\":{\"@type\":\"ImageObject\",\"inLanguage\":\"en-US\",\"@id\":\"https:\\\/\\\/folhadoleste.com.br\\\/wp-content\\\/litespeed\\\/avatar\\\/1ca8c218432e7045e748610eb3db0259.jpg?ver=1777161142\",\"url\":\"https:\\\/\\\/folhadoleste.com.br\\\/wp-content\\\/litespeed\\\/avatar\\\/1ca8c218432e7045e748610eb3db0259.jpg?ver=1777161142\",\"contentUrl\":\"https:\\\/\\\/folhadoleste.com.br\\\/wp-content\\\/litespeed\\\/avatar\\\/1ca8c218432e7045e748610eb3db0259.jpg?ver=1777161142\",\"caption\":\"Folha do Leste\"},\"url\":\"https:\\\/\\\/folhadoleste.com.br\\\/en\\\/author\\\/reportagem-01\\\/\"}]}<\/script>\n<!-- \/ Yoast SEO plugin. -->","yoast_head_json":{"title":"Exemplares do livro \u201cDarcy Ribeiro de C\u00e1 e de L\u00e1\u201d v\u00e3o para Biblioteca Municipal &#8226; Folha do Leste","description":"A Biblioteca P\u00fablica Municipal Professora Leonor Leite Bastos de Souza, em Maric\u00e1, recebeu uma doa\u00e7\u00e3o especial nesta ter\u00e7a-feira (13\/06)...","robots":{"index":"index","follow":"follow","max-snippet":"max-snippet:-1","max-image-preview":"max-image-preview:large","max-video-preview":"max-video-preview:-1"},"canonical":"https:\/\/folhadoleste.com.br\/en\/exemplares-do-livro-darcy-ribeiro-de-ca-e-de-la-vao-para-biblioteca-municipal\/","og_locale":"en_US","og_type":"article","og_title":"Exemplares do livro \u201cDarcy Ribeiro de C\u00e1 e de L\u00e1\u201d v\u00e3o para Biblioteca Municipal","og_description":"Clique e saiba mais...","og_url":"https:\/\/folhadoleste.com.br\/en\/exemplares-do-livro-darcy-ribeiro-de-ca-e-de-la-vao-para-biblioteca-municipal\/","og_site_name":"Folha do Leste","article_publisher":"https:\/\/www.facebook.com\/folhadoleste","article_published_time":"2023-06-13T22:51:08+00:00","og_image":[{"width":1600,"height":1067,"url":"https:\/\/folhadoleste.com.br\/wp-content\/uploads\/2023\/06\/Exemplares-do-livro-Darcy-Ribeiro-de-Ca-e-de-La-vao-para-Biblioteca-Municipal-Foto-Anselmo-Mourao.jpeg","type":"image\/jpeg"}],"author":"Folha do Leste","twitter_card":"summary_large_image","twitter_creator":"@FolhadoLesteRJ","twitter_site":"@FolhadoLesteRJ","twitter_misc":{"Written by":"Folha do Leste","Est. reading time":"2 minutes"},"schema":{"@context":"https:\/\/schema.org","@graph":[{"@type":"NewsArticle","@id":"https:\/\/folhadoleste.com.br\/exemplares-do-livro-darcy-ribeiro-de-ca-e-de-la-vao-para-biblioteca-municipal\/#article","isPartOf":{"@id":"https:\/\/folhadoleste.com.br\/exemplares-do-livro-darcy-ribeiro-de-ca-e-de-la-vao-para-biblioteca-municipal\/"},"author":{"name":"Folha do Leste","@id":"https:\/\/folhadoleste.com.br\/#\/schema\/person\/3e97145b2e1861276e84471aa85a3899"},"headline":"Exemplares do livro \u201cDarcy Ribeiro de C\u00e1 e de L\u00e1\u201d v\u00e3o para Biblioteca Municipal","datePublished":"2023-06-13T22:51:08+00:00","mainEntityOfPage":{"@id":"https:\/\/folhadoleste.com.br\/exemplares-do-livro-darcy-ribeiro-de-ca-e-de-la-vao-para-biblioteca-municipal\/"},"wordCount":373,"commentCount":0,"publisher":{"@id":"https:\/\/folhadoleste.com.br\/#organization"},"image":{"@id":"https:\/\/folhadoleste.com.br\/exemplares-do-livro-darcy-ribeiro-de-ca-e-de-la-vao-para-biblioteca-municipal\/#primaryimage"},"thumbnailUrl":"https:\/\/folhadoleste.com.br\/wp-content\/uploads\/2023\/06\/Exemplares-do-livro-Darcy-Ribeiro-de-Ca-e-de-La-vao-para-Biblioteca-Municipal-Foto-Anselmo-Mourao.jpeg","keywords":["\u201cDarcy Ribeiro de C\u00e1 e de L\u00e1\u201d","Biblioteca Municipal","exemplares","livro","Maric\u00e1","Prefeitura de Maric\u00e1"],"articleSection":["Maric\u00e1"],"inLanguage":"en-US","potentialAction":[{"@type":"CommentAction","name":"Comment","target":["https:\/\/folhadoleste.com.br\/exemplares-do-livro-darcy-ribeiro-de-ca-e-de-la-vao-para-biblioteca-municipal\/#respond"]}]},{"@type":"WebPage","@id":"https:\/\/folhadoleste.com.br\/exemplares-do-livro-darcy-ribeiro-de-ca-e-de-la-vao-para-biblioteca-municipal\/","url":"https:\/\/folhadoleste.com.br\/exemplares-do-livro-darcy-ribeiro-de-ca-e-de-la-vao-para-biblioteca-municipal\/","name":"Exemplares do livro \u201cDarcy Ribeiro de C\u00e1 e de L\u00e1\u201d v\u00e3o para Biblioteca Municipal &#8226; Folha do Leste","isPartOf":{"@id":"https:\/\/folhadoleste.com.br\/#website"},"primaryImageOfPage":{"@id":"https:\/\/folhadoleste.com.br\/exemplares-do-livro-darcy-ribeiro-de-ca-e-de-la-vao-para-biblioteca-municipal\/#primaryimage"},"image":{"@id":"https:\/\/folhadoleste.com.br\/exemplares-do-livro-darcy-ribeiro-de-ca-e-de-la-vao-para-biblioteca-municipal\/#primaryimage"},"thumbnailUrl":"https:\/\/folhadoleste.com.br\/wp-content\/uploads\/2023\/06\/Exemplares-do-livro-Darcy-Ribeiro-de-Ca-e-de-La-vao-para-Biblioteca-Municipal-Foto-Anselmo-Mourao.jpeg","datePublished":"2023-06-13T22:51:08+00:00","description":"A Biblioteca P\u00fablica Municipal Professora Leonor Leite Bastos de Souza, em Maric\u00e1, recebeu uma doa\u00e7\u00e3o especial nesta ter\u00e7a-feira (13\/06)...","breadcrumb":{"@id":"https:\/\/folhadoleste.com.br\/exemplares-do-livro-darcy-ribeiro-de-ca-e-de-la-vao-para-biblioteca-municipal\/#breadcrumb"},"inLanguage":"en-US","potentialAction":[{"@type":"ReadAction","target":["https:\/\/folhadoleste.com.br\/exemplares-do-livro-darcy-ribeiro-de-ca-e-de-la-vao-para-biblioteca-municipal\/"]}]},{"@type":"ImageObject","inLanguage":"en-US","@id":"https:\/\/folhadoleste.com.br\/exemplares-do-livro-darcy-ribeiro-de-ca-e-de-la-vao-para-biblioteca-municipal\/#primaryimage","url":"https:\/\/folhadoleste.com.br\/wp-content\/uploads\/2023\/06\/Exemplares-do-livro-Darcy-Ribeiro-de-Ca-e-de-La-vao-para-Biblioteca-Municipal-Foto-Anselmo-Mourao.jpeg","contentUrl":"https:\/\/folhadoleste.com.br\/wp-content\/uploads\/2023\/06\/Exemplares-do-livro-Darcy-Ribeiro-de-Ca-e-de-La-vao-para-Biblioteca-Municipal-Foto-Anselmo-Mourao.jpeg","width":1600,"height":1067,"caption":"Foto\/ Anselmo Mour\u00e3o"},{"@type":"BreadcrumbList","@id":"https:\/\/folhadoleste.com.br\/exemplares-do-livro-darcy-ribeiro-de-ca-e-de-la-vao-para-biblioteca-municipal\/#breadcrumb","itemListElement":[{"@type":"ListItem","position":1,"name":"In\u00edcio","item":"https:\/\/folhadoleste.com.br\/"},{"@type":"ListItem","position":2,"name":"Estado do Rio de Janeiro","item":"https:\/\/folhadoleste.com.br\/category\/estado-do-rio-de-janeiro\/"},{"@type":"ListItem","position":3,"name":"Leste Fluminense","item":"https:\/\/folhadoleste.com.br\/category\/estado-do-rio-de-janeiro\/leste-fluminense\/"},{"@type":"ListItem","position":4,"name":"Maric\u00e1","item":"https:\/\/folhadoleste.com.br\/category\/estado-do-rio-de-janeiro\/leste-fluminense\/marica\/"},{"@type":"ListItem","position":5,"name":"Exemplares do livro \u201cDarcy Ribeiro de C\u00e1 e de L\u00e1\u201d v\u00e3o para Biblioteca Municipal"}]},{"@type":"WebSite","@id":"https:\/\/folhadoleste.com.br\/#website","url":"https:\/\/folhadoleste.com.br\/","name":"Folha do Leste","description":"Portal de Not\u00edcias com \u00eanfase em Niter\u00f3i, criando conte\u00fados desde a capital Rio de Janeiro, com olhar para o Leste Fluminense e suas cidades como S\u00e3o Gon\u00e7alo, Itabora\u00ed, Rio Bonito, Maric\u00e1, Saquarema e Araruama","publisher":{"@id":"https:\/\/folhadoleste.com.br\/#organization"},"alternateName":"FL","potentialAction":[{"@type":"SearchAction","target":{"@type":"EntryPoint","urlTemplate":"https:\/\/folhadoleste.com.br\/?s={search_term_string}"},"query-input":{"@type":"PropertyValueSpecification","valueRequired":true,"valueName":"search_term_string"}}],"inLanguage":"en-US"},{"@type":"Organization","@id":"https:\/\/folhadoleste.com.br\/#organization","name":"Brasil 21 Comunica\u00e7\u00e3o","alternateName":"BR21","url":"https:\/\/folhadoleste.com.br\/","logo":{"@type":"ImageObject","inLanguage":"en-US","@id":"https:\/\/folhadoleste.com.br\/#\/schema\/logo\/image\/","url":"https:\/\/folhadoleste.com.br\/wp-content\/uploads\/2025\/12\/brasil-21-logomarca.avif","contentUrl":"https:\/\/folhadoleste.com.br\/wp-content\/uploads\/2025\/12\/brasil-21-logomarca.avif","width":1044,"height":1044,"caption":"Brasil 21 Comunica\u00e7\u00e3o"},"image":{"@id":"https:\/\/folhadoleste.com.br\/#\/schema\/logo\/image\/"},"sameAs":["https:\/\/www.facebook.com\/folhadoleste","https:\/\/x.com\/FolhadoLesteRJ","https:\/\/www.instagram.com\/folhadoleste\/"]},{"@type":"Person","@id":"https:\/\/folhadoleste.com.br\/#\/schema\/person\/3e97145b2e1861276e84471aa85a3899","name":"Folha do Leste","image":{"@type":"ImageObject","inLanguage":"en-US","@id":"https:\/\/folhadoleste.com.br\/wp-content\/litespeed\/avatar\/1ca8c218432e7045e748610eb3db0259.jpg?ver=1777161142","url":"https:\/\/folhadoleste.com.br\/wp-content\/litespeed\/avatar\/1ca8c218432e7045e748610eb3db0259.jpg?ver=1777161142","contentUrl":"https:\/\/folhadoleste.com.br\/wp-content\/litespeed\/avatar\/1ca8c218432e7045e748610eb3db0259.jpg?ver=1777161142","caption":"Folha do Leste"},"url":"https:\/\/folhadoleste.com.br\/en\/author\/reportagem-01\/"}]}},"_links":{"self":[{"href":"https:\/\/folhadoleste.com.br\/en\/wp-json\/wp\/v2\/posts\/9746","targetHints":{"allow":["GET"]}}],"collection":[{"href":"https:\/\/folhadoleste.com.br\/en\/wp-json\/wp\/v2\/posts"}],"about":[{"href":"https:\/\/folhadoleste.com.br\/en\/wp-json\/wp\/v2\/types\/post"}],"author":[{"embeddable":true,"href":"https:\/\/folhadoleste.com.br\/en\/wp-json\/wp\/v2\/users\/4"}],"replies":[{"embeddable":true,"href":"https:\/\/folhadoleste.com.br\/en\/wp-json\/wp\/v2\/comments?post=9746"}],"version-history":[{"count":1,"href":"https:\/\/folhadoleste.com.br\/en\/wp-json\/wp\/v2\/posts\/9746\/revisions"}],"predecessor-version":[{"id":9748,"href":"https:\/\/folhadoleste.com.br\/en\/wp-json\/wp\/v2\/posts\/9746\/revisions\/9748"}],"wp:featuredmedia":[{"embeddable":true,"href":"https:\/\/folhadoleste.com.br\/en\/wp-json\/wp\/v2\/media\/9747"}],"wp:attachment":[{"href":"https:\/\/folhadoleste.com.br\/en\/wp-json\/wp\/v2\/media?parent=9746"}],"wp:term":[{"taxonomy":"category","embeddable":true,"href":"https:\/\/folhadoleste.com.br\/en\/wp-json\/wp\/v2\/categories?post=9746"},{"taxonomy":"post_tag","embeddable":true,"href":"https:\/\/folhadoleste.com.br\/en\/wp-json\/wp\/v2\/tags?post=9746"}],"curies":[{"name":"wp","href":"https:\/\/api.w.org\/{rel}","templated":true}]}}