{"id":97441,"date":"2024-11-19T10:47:04","date_gmt":"2024-11-19T13:47:04","guid":{"rendered":"https:\/\/folhadoleste.com.br\/?p=97441"},"modified":"2024-11-19T10:47:04","modified_gmt":"2024-11-19T13:47:04","slug":"idosa-morre-apos-ser-atropelada-por-onibus-em-madureira","status":"publish","type":"post","link":"https:\/\/folhadoleste.com.br\/en\/idosa-morre-apos-ser-atropelada-por-onibus-em-madureira\/","title":{"rendered":"Idosa morre ap\u00f3s ser atropelada por \u00f4nibus em Madureira"},"content":{"rendered":"<div id=\"attachment_97448\" style=\"width: 1209px\" class=\"wp-caption aligncenter\"><img decoding=\"async\" aria-describedby=\"caption-attachment-97448\" class=\"size-full wp-image-97448\" src=\"https:\/\/folhadoleste.com.br\/wp-content\/uploads\/2024\/11\/Idosa-morre-apos-ser-atropelada-por-onibus-em-Madureira-Foto-Divulgacao.jpg\" alt=\"Idosa morre ap\u00f3s ser atropelada por \u00f4nibus em Madureira\" width=\"1199\" height=\"1920\" \/><p id=\"caption-attachment-97448\" class=\"wp-caption-text\">Idosa morre ap\u00f3s ser atropelada por \u00f4nibus em Madureira | Divulga\u00e7\u00e3o<\/p><\/div>\n<p style=\"text-align: justify;\">Uma idosa de 78 anos perdeu a vida ap\u00f3s ser atropelada por um \u00f4nibus na Estrada do Portela, em Madureira, Zona Norte do Rio de Janeiro. O acidente ocorreu na tarde desta segunda-feira (18), nas proximidades do n\u00famero 100 da via, envolvendo um ve\u00edculo da linha Madureira x Tiradentes, operado pela Via\u00e7\u00e3o Caprichosa.<\/p>\n<h6 style=\"text-align: justify;\"><span style=\"color: #ff0000;\"><strong>+<\/strong><\/span> <span style=\"color: #000000;\">LEIA TAMB\u00c9M: <strong>\u25ba<\/strong><\/span><a href=\"https:\/\/folhadoleste.com.br\/en\/rio-de-janeiro-tera-tempo-instavel-no-feriado-da-consciencia-negra\/\"><strong>Rio de Janeiro ter\u00e1 tempo inst\u00e1vel no feriado da Consci\u00eancia Negra<\/strong><\/a><\/h6>\n<p style=\"text-align: justify;\">Archenha Jos\u00e9 Oliveira foi socorrida em estado grave e encaminhada ao Hospital Municipal Salgado Filho, localizado no M\u00e9ier. Apesar dos esfor\u00e7os m\u00e9dicos, a unidade confirmou o falecimento da v\u00edtima nesta ter\u00e7a-feira (19).<\/p>\n<h5 style=\"text-align: center;\"><span style=\"color: #000000;\"><span style=\"color: #ff0000;\"><strong>+ <\/strong><\/span><\/span><span style=\"color: #000000;\"><span style=\"color: #ff9900;\"><strong>MAIS NOT\u00cdCIAS DO RIO DE JANEIRO?<\/strong><\/span> <span style=\"color: #008080;\"><strong><a style=\"color: #008080;\" href=\"https:\/\/folhadoleste.com.br\/en\/category\/rio-de-janeiro-capital\/\">CLIQUE AQUI<\/a><\/strong><\/span><\/span><\/h5>\n<p style=\"text-align: justify;\">V\u00eddeos compartilhados nas redes sociais mostram o momento em que pedestres tentaram levantar o \u00f4nibus para liberar a idosa, que ficou com uma das pernas presa sob as rodas do ve\u00edculo. A cena chamou aten\u00e7\u00e3o pela mobiliza\u00e7\u00e3o das pessoas presentes no local.<\/p>\n<p style=\"text-align: justify;\">A Pol\u00edcia Militar informou, por meio de nota, que est\u00e1 apurando as circunst\u00e2ncias do atropelamento. A corpora\u00e7\u00e3o busca entender como o acidente ocorreu e aguarda os laudos da per\u00edcia t\u00e9cnica.<\/p>\n<p style=\"text-align: justify;\">A Rio \u00d4nibus, entidade que gerencia a opera\u00e7\u00e3o de coletivos no munic\u00edpio, lamentou o ocorrido e refor\u00e7ou que a Via\u00e7\u00e3o Caprichosa colabora com as investiga\u00e7\u00f5es. At\u00e9 o momento, n\u00e3o h\u00e1 informa\u00e7\u00f5es sobre o vel\u00f3rio ou o sepultamento da v\u00edtima.<\/p>\n<div id=\"attachment_77492\" class=\"wp-caption aligncenter\"><a href=\"http:\/\/instagram.com\/folhadoleste\"><img decoding=\"async\" class=\"wp-image-77492 size-full\" src=\"https:\/\/folhadoleste.com.br\/wp-content\/uploads\/2024\/07\/Instagram-Folha-do-Leste.png\" alt=\"http:\/\/instagram.com\/folhadoleste\" width=\"400\" height=\"200\" aria-describedby=\"caption-attachment-77492\" \/><\/a><\/div>\n<div id=\"attachment_77490\" class=\"wp-caption aligncenter\"><a href=\"http:\/\/facebook.com\/folhadoleste\"><img decoding=\"async\" class=\"size-medium wp-image-77490\" src=\"https:\/\/folhadoleste.com.br\/wp-content\/uploads\/2024\/07\/Facebook-Folha-do-Leste-10k-300x300.jpg\" alt=\"Curta e siga o Folha do Leste no Facebook!\" width=\"300\" height=\"300\" aria-describedby=\"caption-attachment-77490\" \/><\/a><\/div>","protected":false},"excerpt":{"rendered":"<p>Uma idosa de 78 anos perdeu a vida ap\u00f3s ser atropelada por um \u00f4nibus na Estrada do Portela, em Madureira, Zona Norte do Rio de Janeiro. O acidente ocorreu na tarde desta segunda-feira (18), nas proximidades do n\u00famero 100 da via, envolvendo um ve\u00edculo da linha Madureira x Tiradentes, operado pela Via\u00e7\u00e3o Caprichosa. + LEIA TAMB\u00c9M: \u25baRio de Janeiro ter\u00e1 tempo inst\u00e1vel no feriado da Consci\u00eancia Negra Archenha Jos\u00e9 Oliveira foi socorrida em estado grave e encaminhada ao Hospital Municipal Salgado Filho, localizado no M\u00e9ier. Apesar dos esfor\u00e7os m\u00e9dicos, a unidade confirmou o falecimento da v\u00edtima nesta ter\u00e7a-feira (19). + [&hellip;]<\/p>\n","protected":false},"author":4,"featured_media":97449,"comment_status":"open","ping_status":"open","sticky":false,"template":"","format":"standard","meta":{"footnotes":""},"categories":[67],"tags":[22486,2695,5228,31385,222,6739,3353,32082,864,663,3516,184,24512,11254,93,11253,955,9031,730,5147,51637,12897],"class_list":["post-97441","post","type-post","status-publish","format-standard","has-post-thumbnail","hentry","category-rio-de-janeiro-capital","tag-acidente-fatal","tag-atropelamento","tag-conscientizacao","tag-estrada-do-portela","tag-fiscalizacao","tag-hospital-salgado-filho","tag-idosa","tag-imprudencia-no-transito","tag-investigacao","tag-madureira","tag-mobilidade-urbana","tag-onibus","tag-pedestres","tag-prevencao-de-acidentes","tag-rio-de-janeiro","tag-seguranca-no-transito","tag-seguranca-viaria","tag-sinalizacao","tag-transito","tag-transporte-publico","tag-viacao-caprichosa","tag-vitima-fatal","post--single"],"yoast_head":"<!-- This site is optimized with the Yoast SEO plugin v27.4 - https:\/\/yoast.com\/product\/yoast-seo-wordpress\/ -->\n<title>Idosa morre ap\u00f3s ser atropelada por \u00f4nibus em Madureira &#8226; Folha do Leste<\/title>\n<meta name=\"description\" content=\"Idosa morre ap\u00f3s ser atropelada por \u00f4nibus em Madureira. Populares tentaram socorrer a v\u00edtima ap\u00f3s o atropelamento...\" \/>\n<meta name=\"robots\" content=\"index, follow, max-snippet:-1, max-image-preview:large, max-video-preview:-1\" \/>\n<link rel=\"canonical\" href=\"https:\/\/folhadoleste.com.br\/en\/idosa-morre-apos-ser-atropelada-por-onibus-em-madureira\/\" \/>\n<meta property=\"og:locale\" content=\"en_US\" \/>\n<meta property=\"og:type\" content=\"article\" \/>\n<meta property=\"og:title\" content=\"Idosa morre ap\u00f3s ser atropelada por \u00f4nibus em Madureira &#8226; Folha do Leste\" \/>\n<meta property=\"og:description\" content=\"Rio de Janeiro - Capital &#8226; 19 de November de 2024 &#8226; Folha do Leste\" \/>\n<meta property=\"og:url\" content=\"https:\/\/folhadoleste.com.br\/en\/idosa-morre-apos-ser-atropelada-por-onibus-em-madureira\/\" \/>\n<meta property=\"og:site_name\" content=\"Folha do Leste\" \/>\n<meta property=\"article:publisher\" content=\"https:\/\/www.facebook.com\/folhadoleste\" \/>\n<meta property=\"article:published_time\" content=\"2024-11-19T13:47:04+00:00\" \/>\n<meta property=\"og:image\" content=\"https:\/\/folhadoleste.com.br\/wp-content\/uploads\/2024\/11\/Idosa-morre-apos-ser-atropelada-por-onibus-em-Madureira-Foto-Cortada-Divulgacao.jpg\" \/>\n\t<meta property=\"og:image:width\" content=\"1199\" \/>\n\t<meta property=\"og:image:height\" content=\"674\" \/>\n\t<meta property=\"og:image:type\" content=\"image\/jpeg\" \/>\n<meta name=\"author\" content=\"Folha do Leste\" \/>\n<meta name=\"twitter:card\" content=\"summary_large_image\" \/>\n<meta name=\"twitter:description\" content=\"Rio de Janeiro - Capital &#8226; 19 de November de 2024 &#8226; Folha do Leste\" \/>\n<meta name=\"twitter:creator\" content=\"@FolhadoLesteRJ\" \/>\n<meta name=\"twitter:site\" content=\"@FolhadoLesteRJ\" \/>\n<meta name=\"twitter:label1\" content=\"Written by\" \/>\n\t<meta name=\"twitter:data1\" content=\"Folha do Leste\" \/>\n\t<meta name=\"twitter:label2\" content=\"Est. reading time\" \/>\n\t<meta name=\"twitter:data2\" content=\"3 minutes\" \/>\n<script type=\"application\/ld+json\" class=\"yoast-schema-graph\">{\"@context\":\"https:\\\/\\\/schema.org\",\"@graph\":[{\"@type\":\"NewsArticle\",\"@id\":\"https:\\\/\\\/folhadoleste.com.br\\\/idosa-morre-apos-ser-atropelada-por-onibus-em-madureira\\\/#article\",\"isPartOf\":{\"@id\":\"https:\\\/\\\/folhadoleste.com.br\\\/idosa-morre-apos-ser-atropelada-por-onibus-em-madureira\\\/\"},\"author\":{\"name\":\"Folha do Leste\",\"@id\":\"https:\\\/\\\/folhadoleste.com.br\\\/#\\\/schema\\\/person\\\/3e97145b2e1861276e84471aa85a3899\"},\"headline\":\"Idosa morre ap\u00f3s ser atropelada por \u00f4nibus em Madureira\",\"datePublished\":\"2024-11-19T13:47:04+00:00\",\"mainEntityOfPage\":{\"@id\":\"https:\\\/\\\/folhadoleste.com.br\\\/idosa-morre-apos-ser-atropelada-por-onibus-em-madureira\\\/\"},\"wordCount\":273,\"commentCount\":0,\"publisher\":{\"@id\":\"https:\\\/\\\/folhadoleste.com.br\\\/#organization\"},\"image\":{\"@id\":\"https:\\\/\\\/folhadoleste.com.br\\\/idosa-morre-apos-ser-atropelada-por-onibus-em-madureira\\\/#primaryimage\"},\"thumbnailUrl\":\"https:\\\/\\\/folhadoleste.com.br\\\/wp-content\\\/uploads\\\/2024\\\/11\\\/Idosa-morre-apos-ser-atropelada-por-onibus-em-Madureira-Foto-Cortada-Divulgacao.jpg\",\"keywords\":[\"Acidente Fatal\",\"atropelamento\",\"Conscientiza\u00e7\u00e3o\",\"Estrada do Portela\",\"fiscaliza\u00e7\u00e3o\",\"Hospital Salgado Filho\",\"idosa\",\"Imprud\u00eancia no tr\u00e2nsito\",\"Investiga\u00e7\u00e3o\",\"Madureira\",\"mobilidade urbana\",\"\u00f4nibus\",\"pedestres\",\"Preven\u00e7\u00e3o de acidentes\",\"Rio de Janeiro\",\"Seguran\u00e7a no tr\u00e2nsito\",\"seguran\u00e7a vi\u00e1ria\",\"sinaliza\u00e7\u00e3o\",\"Tr\u00e2nsito\",\"transporte p\u00fablico\",\"via\u00e7\u00e3o Caprichosa\",\"v\u00edtima fatal\"],\"articleSection\":[\"Rio de Janeiro - Capital\"],\"inLanguage\":\"en-US\",\"potentialAction\":[{\"@type\":\"CommentAction\",\"name\":\"Comment\",\"target\":[\"https:\\\/\\\/folhadoleste.com.br\\\/idosa-morre-apos-ser-atropelada-por-onibus-em-madureira\\\/#respond\"]}]},{\"@type\":\"WebPage\",\"@id\":\"https:\\\/\\\/folhadoleste.com.br\\\/idosa-morre-apos-ser-atropelada-por-onibus-em-madureira\\\/\",\"url\":\"https:\\\/\\\/folhadoleste.com.br\\\/idosa-morre-apos-ser-atropelada-por-onibus-em-madureira\\\/\",\"name\":\"Idosa morre ap\u00f3s ser atropelada por \u00f4nibus em Madureira &#8226; Folha do Leste\",\"isPartOf\":{\"@id\":\"https:\\\/\\\/folhadoleste.com.br\\\/#website\"},\"primaryImageOfPage\":{\"@id\":\"https:\\\/\\\/folhadoleste.com.br\\\/idosa-morre-apos-ser-atropelada-por-onibus-em-madureira\\\/#primaryimage\"},\"image\":{\"@id\":\"https:\\\/\\\/folhadoleste.com.br\\\/idosa-morre-apos-ser-atropelada-por-onibus-em-madureira\\\/#primaryimage\"},\"thumbnailUrl\":\"https:\\\/\\\/folhadoleste.com.br\\\/wp-content\\\/uploads\\\/2024\\\/11\\\/Idosa-morre-apos-ser-atropelada-por-onibus-em-Madureira-Foto-Cortada-Divulgacao.jpg\",\"datePublished\":\"2024-11-19T13:47:04+00:00\",\"description\":\"Idosa morre ap\u00f3s ser atropelada por \u00f4nibus em Madureira. Populares tentaram socorrer a v\u00edtima ap\u00f3s o atropelamento...\",\"breadcrumb\":{\"@id\":\"https:\\\/\\\/folhadoleste.com.br\\\/idosa-morre-apos-ser-atropelada-por-onibus-em-madureira\\\/#breadcrumb\"},\"inLanguage\":\"en-US\",\"potentialAction\":[{\"@type\":\"ReadAction\",\"target\":[\"https:\\\/\\\/folhadoleste.com.br\\\/idosa-morre-apos-ser-atropelada-por-onibus-em-madureira\\\/\"]}]},{\"@type\":\"ImageObject\",\"inLanguage\":\"en-US\",\"@id\":\"https:\\\/\\\/folhadoleste.com.br\\\/idosa-morre-apos-ser-atropelada-por-onibus-em-madureira\\\/#primaryimage\",\"url\":\"https:\\\/\\\/folhadoleste.com.br\\\/wp-content\\\/uploads\\\/2024\\\/11\\\/Idosa-morre-apos-ser-atropelada-por-onibus-em-Madureira-Foto-Cortada-Divulgacao.jpg\",\"contentUrl\":\"https:\\\/\\\/folhadoleste.com.br\\\/wp-content\\\/uploads\\\/2024\\\/11\\\/Idosa-morre-apos-ser-atropelada-por-onibus-em-Madureira-Foto-Cortada-Divulgacao.jpg\",\"width\":1199,\"height\":674,\"caption\":\"Idosa morre ap\u00f3s ser atropelada por \u00f4nibus em Madureira | Divulga\u00e7\u00e3o\"},{\"@type\":\"BreadcrumbList\",\"@id\":\"https:\\\/\\\/folhadoleste.com.br\\\/idosa-morre-apos-ser-atropelada-por-onibus-em-madureira\\\/#breadcrumb\",\"itemListElement\":[{\"@type\":\"ListItem\",\"position\":1,\"name\":\"In\u00edcio\",\"item\":\"https:\\\/\\\/folhadoleste.com.br\\\/\"},{\"@type\":\"ListItem\",\"position\":2,\"name\":\"Rio de Janeiro - Capital\",\"item\":\"https:\\\/\\\/folhadoleste.com.br\\\/category\\\/rio-de-janeiro-capital\\\/\"},{\"@type\":\"ListItem\",\"position\":3,\"name\":\"Idosa morre ap\u00f3s ser atropelada por \u00f4nibus em Madureira\"}]},{\"@type\":\"WebSite\",\"@id\":\"https:\\\/\\\/folhadoleste.com.br\\\/#website\",\"url\":\"https:\\\/\\\/folhadoleste.com.br\\\/\",\"name\":\"Folha do Leste\",\"description\":\"Portal de Not\u00edcias com \u00eanfase em Niter\u00f3i, criando conte\u00fados desde a capital Rio de Janeiro, com olhar para o Leste Fluminense e suas cidades como S\u00e3o Gon\u00e7alo, Itabora\u00ed, Rio Bonito, Maric\u00e1, Saquarema e Araruama\",\"publisher\":{\"@id\":\"https:\\\/\\\/folhadoleste.com.br\\\/#organization\"},\"alternateName\":\"FL\",\"potentialAction\":[{\"@type\":\"SearchAction\",\"target\":{\"@type\":\"EntryPoint\",\"urlTemplate\":\"https:\\\/\\\/folhadoleste.com.br\\\/?s={search_term_string}\"},\"query-input\":{\"@type\":\"PropertyValueSpecification\",\"valueRequired\":true,\"valueName\":\"search_term_string\"}}],\"inLanguage\":\"en-US\"},{\"@type\":\"Organization\",\"@id\":\"https:\\\/\\\/folhadoleste.com.br\\\/#organization\",\"name\":\"Brasil 21 Comunica\u00e7\u00e3o\",\"alternateName\":\"BR21\",\"url\":\"https:\\\/\\\/folhadoleste.com.br\\\/\",\"logo\":{\"@type\":\"ImageObject\",\"inLanguage\":\"en-US\",\"@id\":\"https:\\\/\\\/folhadoleste.com.br\\\/#\\\/schema\\\/logo\\\/image\\\/\",\"url\":\"https:\\\/\\\/folhadoleste.com.br\\\/wp-content\\\/uploads\\\/2025\\\/12\\\/brasil-21-logomarca.avif\",\"contentUrl\":\"https:\\\/\\\/folhadoleste.com.br\\\/wp-content\\\/uploads\\\/2025\\\/12\\\/brasil-21-logomarca.avif\",\"width\":1044,\"height\":1044,\"caption\":\"Brasil 21 Comunica\u00e7\u00e3o\"},\"image\":{\"@id\":\"https:\\\/\\\/folhadoleste.com.br\\\/#\\\/schema\\\/logo\\\/image\\\/\"},\"sameAs\":[\"https:\\\/\\\/www.facebook.com\\\/folhadoleste\",\"https:\\\/\\\/x.com\\\/FolhadoLesteRJ\",\"https:\\\/\\\/www.instagram.com\\\/folhadoleste\\\/\"]},{\"@type\":\"Person\",\"@id\":\"https:\\\/\\\/folhadoleste.com.br\\\/#\\\/schema\\\/person\\\/3e97145b2e1861276e84471aa85a3899\",\"name\":\"Folha do Leste\",\"image\":{\"@type\":\"ImageObject\",\"inLanguage\":\"en-US\",\"@id\":\"https:\\\/\\\/folhadoleste.com.br\\\/wp-content\\\/litespeed\\\/avatar\\\/1ca8c218432e7045e748610eb3db0259.jpg?ver=1777161142\",\"url\":\"https:\\\/\\\/folhadoleste.com.br\\\/wp-content\\\/litespeed\\\/avatar\\\/1ca8c218432e7045e748610eb3db0259.jpg?ver=1777161142\",\"contentUrl\":\"https:\\\/\\\/folhadoleste.com.br\\\/wp-content\\\/litespeed\\\/avatar\\\/1ca8c218432e7045e748610eb3db0259.jpg?ver=1777161142\",\"caption\":\"Folha do Leste\"},\"url\":\"https:\\\/\\\/folhadoleste.com.br\\\/en\\\/author\\\/reportagem-01\\\/\"}]}<\/script>\n<!-- \/ Yoast SEO plugin. -->","yoast_head_json":{"title":"Idosa morre ap\u00f3s ser atropelada por \u00f4nibus em Madureira &#8226; Folha do Leste","description":"Idosa morre ap\u00f3s ser atropelada por \u00f4nibus em Madureira. Populares tentaram socorrer a v\u00edtima ap\u00f3s o atropelamento...","robots":{"index":"index","follow":"follow","max-snippet":"max-snippet:-1","max-image-preview":"max-image-preview:large","max-video-preview":"max-video-preview:-1"},"canonical":"https:\/\/folhadoleste.com.br\/en\/idosa-morre-apos-ser-atropelada-por-onibus-em-madureira\/","og_locale":"en_US","og_type":"article","og_title":"Idosa morre ap\u00f3s ser atropelada por \u00f4nibus em Madureira &#8226; Folha do Leste","og_description":"Rio de Janeiro - Capital &#8226; 19 de November de 2024 &#8226; Folha do Leste","og_url":"https:\/\/folhadoleste.com.br\/en\/idosa-morre-apos-ser-atropelada-por-onibus-em-madureira\/","og_site_name":"Folha do Leste","article_publisher":"https:\/\/www.facebook.com\/folhadoleste","article_published_time":"2024-11-19T13:47:04+00:00","og_image":[{"width":1199,"height":674,"url":"https:\/\/folhadoleste.com.br\/wp-content\/uploads\/2024\/11\/Idosa-morre-apos-ser-atropelada-por-onibus-em-Madureira-Foto-Cortada-Divulgacao.jpg","type":"image\/jpeg"}],"author":"Folha do Leste","twitter_card":"summary_large_image","twitter_description":"Rio de Janeiro - Capital &#8226; 19 de November de 2024 &#8226; Folha do Leste","twitter_creator":"@FolhadoLesteRJ","twitter_site":"@FolhadoLesteRJ","twitter_misc":{"Written by":"Folha do Leste","Est. reading time":"3 minutes"},"schema":{"@context":"https:\/\/schema.org","@graph":[{"@type":"NewsArticle","@id":"https:\/\/folhadoleste.com.br\/idosa-morre-apos-ser-atropelada-por-onibus-em-madureira\/#article","isPartOf":{"@id":"https:\/\/folhadoleste.com.br\/idosa-morre-apos-ser-atropelada-por-onibus-em-madureira\/"},"author":{"name":"Folha do Leste","@id":"https:\/\/folhadoleste.com.br\/#\/schema\/person\/3e97145b2e1861276e84471aa85a3899"},"headline":"Idosa morre ap\u00f3s ser atropelada por \u00f4nibus em Madureira","datePublished":"2024-11-19T13:47:04+00:00","mainEntityOfPage":{"@id":"https:\/\/folhadoleste.com.br\/idosa-morre-apos-ser-atropelada-por-onibus-em-madureira\/"},"wordCount":273,"commentCount":0,"publisher":{"@id":"https:\/\/folhadoleste.com.br\/#organization"},"image":{"@id":"https:\/\/folhadoleste.com.br\/idosa-morre-apos-ser-atropelada-por-onibus-em-madureira\/#primaryimage"},"thumbnailUrl":"https:\/\/folhadoleste.com.br\/wp-content\/uploads\/2024\/11\/Idosa-morre-apos-ser-atropelada-por-onibus-em-Madureira-Foto-Cortada-Divulgacao.jpg","keywords":["Acidente Fatal","atropelamento","Conscientiza\u00e7\u00e3o","Estrada do Portela","fiscaliza\u00e7\u00e3o","Hospital Salgado Filho","idosa","Imprud\u00eancia no tr\u00e2nsito","Investiga\u00e7\u00e3o","Madureira","mobilidade urbana","\u00f4nibus","pedestres","Preven\u00e7\u00e3o de acidentes","Rio de Janeiro","Seguran\u00e7a no tr\u00e2nsito","seguran\u00e7a vi\u00e1ria","sinaliza\u00e7\u00e3o","Tr\u00e2nsito","transporte p\u00fablico","via\u00e7\u00e3o Caprichosa","v\u00edtima fatal"],"articleSection":["Rio de Janeiro - Capital"],"inLanguage":"en-US","potentialAction":[{"@type":"CommentAction","name":"Comment","target":["https:\/\/folhadoleste.com.br\/idosa-morre-apos-ser-atropelada-por-onibus-em-madureira\/#respond"]}]},{"@type":"WebPage","@id":"https:\/\/folhadoleste.com.br\/idosa-morre-apos-ser-atropelada-por-onibus-em-madureira\/","url":"https:\/\/folhadoleste.com.br\/idosa-morre-apos-ser-atropelada-por-onibus-em-madureira\/","name":"Idosa morre ap\u00f3s ser atropelada por \u00f4nibus em Madureira &#8226; Folha do Leste","isPartOf":{"@id":"https:\/\/folhadoleste.com.br\/#website"},"primaryImageOfPage":{"@id":"https:\/\/folhadoleste.com.br\/idosa-morre-apos-ser-atropelada-por-onibus-em-madureira\/#primaryimage"},"image":{"@id":"https:\/\/folhadoleste.com.br\/idosa-morre-apos-ser-atropelada-por-onibus-em-madureira\/#primaryimage"},"thumbnailUrl":"https:\/\/folhadoleste.com.br\/wp-content\/uploads\/2024\/11\/Idosa-morre-apos-ser-atropelada-por-onibus-em-Madureira-Foto-Cortada-Divulgacao.jpg","datePublished":"2024-11-19T13:47:04+00:00","description":"Idosa morre ap\u00f3s ser atropelada por \u00f4nibus em Madureira. Populares tentaram socorrer a v\u00edtima ap\u00f3s o atropelamento...","breadcrumb":{"@id":"https:\/\/folhadoleste.com.br\/idosa-morre-apos-ser-atropelada-por-onibus-em-madureira\/#breadcrumb"},"inLanguage":"en-US","potentialAction":[{"@type":"ReadAction","target":["https:\/\/folhadoleste.com.br\/idosa-morre-apos-ser-atropelada-por-onibus-em-madureira\/"]}]},{"@type":"ImageObject","inLanguage":"en-US","@id":"https:\/\/folhadoleste.com.br\/idosa-morre-apos-ser-atropelada-por-onibus-em-madureira\/#primaryimage","url":"https:\/\/folhadoleste.com.br\/wp-content\/uploads\/2024\/11\/Idosa-morre-apos-ser-atropelada-por-onibus-em-Madureira-Foto-Cortada-Divulgacao.jpg","contentUrl":"https:\/\/folhadoleste.com.br\/wp-content\/uploads\/2024\/11\/Idosa-morre-apos-ser-atropelada-por-onibus-em-Madureira-Foto-Cortada-Divulgacao.jpg","width":1199,"height":674,"caption":"Idosa morre ap\u00f3s ser atropelada por \u00f4nibus em Madureira | Divulga\u00e7\u00e3o"},{"@type":"BreadcrumbList","@id":"https:\/\/folhadoleste.com.br\/idosa-morre-apos-ser-atropelada-por-onibus-em-madureira\/#breadcrumb","itemListElement":[{"@type":"ListItem","position":1,"name":"In\u00edcio","item":"https:\/\/folhadoleste.com.br\/"},{"@type":"ListItem","position":2,"name":"Rio de Janeiro - Capital","item":"https:\/\/folhadoleste.com.br\/category\/rio-de-janeiro-capital\/"},{"@type":"ListItem","position":3,"name":"Idosa morre ap\u00f3s ser atropelada por \u00f4nibus em Madureira"}]},{"@type":"WebSite","@id":"https:\/\/folhadoleste.com.br\/#website","url":"https:\/\/folhadoleste.com.br\/","name":"Folha do Leste","description":"Portal de Not\u00edcias com \u00eanfase em Niter\u00f3i, criando conte\u00fados desde a capital Rio de Janeiro, com olhar para o Leste Fluminense e suas cidades como S\u00e3o Gon\u00e7alo, Itabora\u00ed, Rio Bonito, Maric\u00e1, Saquarema e Araruama","publisher":{"@id":"https:\/\/folhadoleste.com.br\/#organization"},"alternateName":"FL","potentialAction":[{"@type":"SearchAction","target":{"@type":"EntryPoint","urlTemplate":"https:\/\/folhadoleste.com.br\/?s={search_term_string}"},"query-input":{"@type":"PropertyValueSpecification","valueRequired":true,"valueName":"search_term_string"}}],"inLanguage":"en-US"},{"@type":"Organization","@id":"https:\/\/folhadoleste.com.br\/#organization","name":"Brasil 21 Comunica\u00e7\u00e3o","alternateName":"BR21","url":"https:\/\/folhadoleste.com.br\/","logo":{"@type":"ImageObject","inLanguage":"en-US","@id":"https:\/\/folhadoleste.com.br\/#\/schema\/logo\/image\/","url":"https:\/\/folhadoleste.com.br\/wp-content\/uploads\/2025\/12\/brasil-21-logomarca.avif","contentUrl":"https:\/\/folhadoleste.com.br\/wp-content\/uploads\/2025\/12\/brasil-21-logomarca.avif","width":1044,"height":1044,"caption":"Brasil 21 Comunica\u00e7\u00e3o"},"image":{"@id":"https:\/\/folhadoleste.com.br\/#\/schema\/logo\/image\/"},"sameAs":["https:\/\/www.facebook.com\/folhadoleste","https:\/\/x.com\/FolhadoLesteRJ","https:\/\/www.instagram.com\/folhadoleste\/"]},{"@type":"Person","@id":"https:\/\/folhadoleste.com.br\/#\/schema\/person\/3e97145b2e1861276e84471aa85a3899","name":"Folha do Leste","image":{"@type":"ImageObject","inLanguage":"en-US","@id":"https:\/\/folhadoleste.com.br\/wp-content\/litespeed\/avatar\/1ca8c218432e7045e748610eb3db0259.jpg?ver=1777161142","url":"https:\/\/folhadoleste.com.br\/wp-content\/litespeed\/avatar\/1ca8c218432e7045e748610eb3db0259.jpg?ver=1777161142","contentUrl":"https:\/\/folhadoleste.com.br\/wp-content\/litespeed\/avatar\/1ca8c218432e7045e748610eb3db0259.jpg?ver=1777161142","caption":"Folha do Leste"},"url":"https:\/\/folhadoleste.com.br\/en\/author\/reportagem-01\/"}]}},"_links":{"self":[{"href":"https:\/\/folhadoleste.com.br\/en\/wp-json\/wp\/v2\/posts\/97441","targetHints":{"allow":["GET"]}}],"collection":[{"href":"https:\/\/folhadoleste.com.br\/en\/wp-json\/wp\/v2\/posts"}],"about":[{"href":"https:\/\/folhadoleste.com.br\/en\/wp-json\/wp\/v2\/types\/post"}],"author":[{"embeddable":true,"href":"https:\/\/folhadoleste.com.br\/en\/wp-json\/wp\/v2\/users\/4"}],"replies":[{"embeddable":true,"href":"https:\/\/folhadoleste.com.br\/en\/wp-json\/wp\/v2\/comments?post=97441"}],"version-history":[{"count":1,"href":"https:\/\/folhadoleste.com.br\/en\/wp-json\/wp\/v2\/posts\/97441\/revisions"}],"predecessor-version":[{"id":97450,"href":"https:\/\/folhadoleste.com.br\/en\/wp-json\/wp\/v2\/posts\/97441\/revisions\/97450"}],"wp:featuredmedia":[{"embeddable":true,"href":"https:\/\/folhadoleste.com.br\/en\/wp-json\/wp\/v2\/media\/97449"}],"wp:attachment":[{"href":"https:\/\/folhadoleste.com.br\/en\/wp-json\/wp\/v2\/media?parent=97441"}],"wp:term":[{"taxonomy":"category","embeddable":true,"href":"https:\/\/folhadoleste.com.br\/en\/wp-json\/wp\/v2\/categories?post=97441"},{"taxonomy":"post_tag","embeddable":true,"href":"https:\/\/folhadoleste.com.br\/en\/wp-json\/wp\/v2\/tags?post=97441"}],"curies":[{"name":"wp","href":"https:\/\/api.w.org\/{rel}","templated":true}]}}