{"id":97197,"date":"2024-11-18T10:16:39","date_gmt":"2024-11-18T13:16:39","guid":{"rendered":"https:\/\/folhadoleste.com.br\/?p=97197"},"modified":"2024-11-18T10:16:39","modified_gmt":"2024-11-18T13:16:39","slug":"suspeito-de-assaltos-e-morto-a-tiros-por-grupo-armado-na-zona-oeste","status":"publish","type":"post","link":"https:\/\/folhadoleste.com.br\/en\/suspeito-de-assaltos-e-morto-a-tiros-por-grupo-armado-na-zona-oeste\/","title":{"rendered":"Suspeito de assaltos \u00e9 morto a tiros por grupo armado na Zona Oeste"},"content":{"rendered":"<div id=\"attachment_97199\" style=\"width: 1210px\" class=\"wp-caption aligncenter\"><img decoding=\"async\" aria-describedby=\"caption-attachment-97199\" class=\"size-full wp-image-97199\" src=\"https:\/\/folhadoleste.com.br\/wp-content\/uploads\/2024\/11\/Suspeito-de-assaltos-e-morto-a-tiros-por-grupo-armado-na-Zona-Oeste-Foto-Reproducao-Redes-Sociais.jpg\" alt=\"Suspeito de assaltos \u00e9 morto a tiros por grupo armado na Zona Oeste\" width=\"1200\" height=\"750\" \/><p id=\"caption-attachment-97199\" class=\"wp-caption-text\">Suspeito de assaltos \u00e9 morto a tiros por grupo armado na Zona Oeste | Reprodu\u00e7\u00e3o\/Redes Sociais<\/p><\/div>\n<p style=\"text-align: justify;\">Um homem foi morto a tiros, neste domingo (17), na Taquara, em Jacarepagu\u00e1, Zona Oeste do Rio de Janeiro. Segundo informa\u00e7\u00f5es da Pol\u00edcia Militar, ele foi encontrado sem vida na Estrada da Liga\u00e7\u00e3o, ap\u00f3s ser alvejado por indiv\u00edduos que estavam em um carro. O caso est\u00e1 sob investiga\u00e7\u00e3o da Delegacia de Homic\u00eddios da Capital (DHC).<\/p>\n<h6 style=\"text-align: justify;\"><span style=\"color: #ff0000;\"><strong>+<\/strong><\/span> <span style=\"color: #000000;\">LEIA TAMB\u00c9M: <strong>\u25ba<\/strong><\/span><a href=\"https:\/\/folhadoleste.com.br\/en\/cupula-do-g20-fecha-estacoes-do-metro-e-bloqueia-principais-vias-no-rio-de-janeiro\/\"><strong>C\u00fapula do G20 fecha esta\u00e7\u00f5es do metr\u00f4 e bloqueia principais vias no Rio de Janeiro<\/strong><\/a><\/h6>\n<p style=\"text-align: justify;\">Policiais do 18\u00ba BPM (Jacarepagu\u00e1) foram acionados para atender a ocorr\u00eancia de homic\u00eddio na regi\u00e3o. Chegando ao local, os agentes localizaram o corpo da v\u00edtima, que n\u00e3o teve a identidade divulgada.<\/p>\n<h5 style=\"text-align: center;\"><span style=\"color: #000000;\"><span style=\"color: #ff0000;\"><strong>+ <\/strong><\/span><\/span><span style=\"color: #000000;\"><span style=\"color: #ff9900;\"><strong>MAIS NOT\u00cdCIAS DO RIO DE JANEIRO?<\/strong><\/span> <span style=\"color: #008080;\"><strong><a style=\"color: #008080;\" href=\"https:\/\/folhadoleste.com.br\/en\/category\/rio-de-janeiro-capital\/\">CLIQUE AQUI<\/a><\/strong><\/span><\/span><\/h5>\n<p style=\"text-align: justify;\">Conforme relatado pela corpora\u00e7\u00e3o, o homem estava em uma motocicleta e teria sido atingido enquanto praticava assaltos na \u00e1rea. Um grupo armado, que estava em um ve\u00edculo, realizou os disparos e fugiu antes da chegada dos policiais.<\/p>\n<p style=\"text-align: justify;\">A Delegacia de Homic\u00eddios da Capital iniciou os trabalhos para apurar as circunst\u00e2ncias do homic\u00eddio e identificar os respons\u00e1veis pelos disparos. A motiva\u00e7\u00e3o do crime tamb\u00e9m est\u00e1 sendo investigada, com an\u00e1lise de imagens de c\u00e2meras de seguran\u00e7a e relatos de testemunhas.<\/p>\n<div id=\"attachment_77492\" class=\"wp-caption aligncenter\"><a href=\"http:\/\/instagram.com\/folhadoleste\"><img decoding=\"async\" class=\"wp-image-77492 size-full\" src=\"https:\/\/folhadoleste.com.br\/wp-content\/uploads\/2024\/07\/Instagram-Folha-do-Leste.png\" alt=\"http:\/\/instagram.com\/folhadoleste\" width=\"400\" height=\"200\" aria-describedby=\"caption-attachment-77492\" \/><\/a><\/div>\n<div id=\"attachment_77490\" class=\"wp-caption aligncenter\"><a href=\"http:\/\/facebook.com\/folhadoleste\"><img decoding=\"async\" class=\"size-medium wp-image-77490\" src=\"https:\/\/folhadoleste.com.br\/wp-content\/uploads\/2024\/07\/Facebook-Folha-do-Leste-10k-300x300.jpg\" alt=\"Curta e siga o Folha do Leste no Facebook!\" width=\"300\" height=\"300\" aria-describedby=\"caption-attachment-77490\" \/><\/a><\/div>","protected":false},"excerpt":{"rendered":"<p>Um homem foi morto a tiros, neste domingo (17), na Taquara, em Jacarepagu\u00e1, Zona Oeste do Rio de Janeiro. Segundo informa\u00e7\u00f5es da Pol\u00edcia Militar, ele foi encontrado sem vida na Estrada da Liga\u00e7\u00e3o, ap\u00f3s ser alvejado por indiv\u00edduos que estavam em um carro. O caso est\u00e1 sob investiga\u00e7\u00e3o da Delegacia de Homic\u00eddios da Capital (DHC). + LEIA TAMB\u00c9M: \u25baC\u00fapula do G20 fecha esta\u00e7\u00f5es do metr\u00f4 e bloqueia principais vias no Rio de Janeiro Policiais do 18\u00ba BPM (Jacarepagu\u00e1) foram acionados para atender a ocorr\u00eancia de homic\u00eddio na regi\u00e3o. Chegando ao local, os agentes localizaram o corpo da v\u00edtima, que n\u00e3o [&hellip;]<\/p>\n","protected":false},"author":4,"featured_media":97199,"comment_status":"open","ping_status":"open","sticky":false,"template":"","format":"standard","meta":{"footnotes":""},"categories":[290,67],"tags":[27588,3346,3076,10055,2682,2501,17501,9732,3023,15119,864,1841,697,2093,78,2587,93,824,2856,651,2454,2085],"class_list":["post-97197","post","type-post","status-publish","format-standard","has-post-thumbnail","hentry","category-policia-rio-de-janeiro-capital","category-rio-de-janeiro-capital","tag-18o-bpm","tag-assalto","tag-assassinato","tag-bala-perdida","tag-comunidade","tag-crime-organizado","tag-fatalidade","tag-grupo-armado","tag-homicidio","tag-inseguranca","tag-investigacao","tag-jacarepagua","tag-justica","tag-moto","tag-policia","tag-policia-militar","tag-rio-de-janeiro","tag-seguranca-publica","tag-tiroteio","tag-violencia","tag-vitima","tag-zona-oeste","post--single"],"yoast_head":"<!-- This site is optimized with the Yoast SEO plugin v27.4 - https:\/\/yoast.com\/product\/yoast-seo-wordpress\/ -->\n<title>Suspeito de assaltos \u00e9 morto a tiros por grupo armado na Zona Oeste &#8226; Folha do Leste<\/title>\n<meta name=\"description\" content=\"Suspeito de assaltos \u00e9 morto a tiros por grupo armado na Zona Oeste. Dessa vez o suspeito n\u00e3o teve o final que esperava...\" \/>\n<meta name=\"robots\" content=\"index, follow, max-snippet:-1, max-image-preview:large, max-video-preview:-1\" \/>\n<link rel=\"canonical\" href=\"https:\/\/folhadoleste.com.br\/en\/suspeito-de-assaltos-e-morto-a-tiros-por-grupo-armado-na-zona-oeste\/\" \/>\n<meta property=\"og:locale\" content=\"en_US\" \/>\n<meta property=\"og:type\" content=\"article\" \/>\n<meta property=\"og:title\" content=\"Suspeito de assaltos \u00e9 morto a tiros por grupo armado na Zona Oeste &#8226; Folha do Leste\" \/>\n<meta property=\"og:description\" content=\"Rio de Janeiro - Capital &#8226; 18 de November de 2024 &#8226; Folha do Leste\" \/>\n<meta property=\"og:url\" content=\"https:\/\/folhadoleste.com.br\/en\/suspeito-de-assaltos-e-morto-a-tiros-por-grupo-armado-na-zona-oeste\/\" \/>\n<meta property=\"og:site_name\" content=\"Folha do Leste\" \/>\n<meta property=\"article:publisher\" content=\"https:\/\/www.facebook.com\/folhadoleste\" \/>\n<meta property=\"article:published_time\" content=\"2024-11-18T13:16:39+00:00\" \/>\n<meta property=\"og:image\" content=\"https:\/\/folhadoleste.com.br\/wp-content\/uploads\/2024\/11\/Suspeito-de-assaltos-e-morto-a-tiros-por-grupo-armado-na-Zona-Oeste-Foto-Reproducao-Redes-Sociais.jpg\" \/>\n\t<meta property=\"og:image:width\" content=\"1200\" \/>\n\t<meta property=\"og:image:height\" content=\"750\" \/>\n\t<meta property=\"og:image:type\" content=\"image\/jpeg\" \/>\n<meta name=\"author\" content=\"Folha do Leste\" \/>\n<meta name=\"twitter:card\" content=\"summary_large_image\" \/>\n<meta name=\"twitter:description\" content=\"Rio de Janeiro - Capital &#8226; 18 de November de 2024 &#8226; Folha do Leste\" \/>\n<meta name=\"twitter:creator\" content=\"@FolhadoLesteRJ\" \/>\n<meta name=\"twitter:site\" content=\"@FolhadoLesteRJ\" \/>\n<meta name=\"twitter:label1\" content=\"Written by\" \/>\n\t<meta name=\"twitter:data1\" content=\"Folha do Leste\" \/>\n\t<meta name=\"twitter:label2\" content=\"Est. reading time\" \/>\n\t<meta name=\"twitter:data2\" content=\"2 minutes\" \/>\n<script type=\"application\/ld+json\" class=\"yoast-schema-graph\">{\"@context\":\"https:\\\/\\\/schema.org\",\"@graph\":[{\"@type\":\"NewsArticle\",\"@id\":\"https:\\\/\\\/folhadoleste.com.br\\\/suspeito-de-assaltos-e-morto-a-tiros-por-grupo-armado-na-zona-oeste\\\/#article\",\"isPartOf\":{\"@id\":\"https:\\\/\\\/folhadoleste.com.br\\\/suspeito-de-assaltos-e-morto-a-tiros-por-grupo-armado-na-zona-oeste\\\/\"},\"author\":{\"name\":\"Folha do Leste\",\"@id\":\"https:\\\/\\\/folhadoleste.com.br\\\/#\\\/schema\\\/person\\\/3e97145b2e1861276e84471aa85a3899\"},\"headline\":\"Suspeito de assaltos \u00e9 morto a tiros por grupo armado na Zona Oeste\",\"datePublished\":\"2024-11-18T13:16:39+00:00\",\"mainEntityOfPage\":{\"@id\":\"https:\\\/\\\/folhadoleste.com.br\\\/suspeito-de-assaltos-e-morto-a-tiros-por-grupo-armado-na-zona-oeste\\\/\"},\"wordCount\":249,\"commentCount\":0,\"publisher\":{\"@id\":\"https:\\\/\\\/folhadoleste.com.br\\\/#organization\"},\"image\":{\"@id\":\"https:\\\/\\\/folhadoleste.com.br\\\/suspeito-de-assaltos-e-morto-a-tiros-por-grupo-armado-na-zona-oeste\\\/#primaryimage\"},\"thumbnailUrl\":\"https:\\\/\\\/folhadoleste.com.br\\\/wp-content\\\/uploads\\\/2024\\\/11\\\/Suspeito-de-assaltos-e-morto-a-tiros-por-grupo-armado-na-Zona-Oeste-Foto-Reproducao-Redes-Sociais.jpg\",\"keywords\":[\"18\u00ba BPM\",\"assalto\",\"assassinato\",\"bala perdida\",\"comunidade\",\"crime organizado\",\"Fatalidade\",\"Grupo armado\",\"HOMIC\u00cdDIO\",\"Inseguran\u00e7a\",\"Investiga\u00e7\u00e3o\",\"Jacarepagua\",\"Justi\u00e7a\",\"moto\",\"pol\u00edcia\",\"Pol\u00edcia Militar\",\"Rio de Janeiro\",\"Seguran\u00e7a publica\",\"tiroteio\",\"viol\u00eancia\",\"v\u00edtima\",\"Zona Oeste\"],\"articleSection\":[\"Pol\u00edcia\",\"Rio de Janeiro - Capital\"],\"inLanguage\":\"en-US\",\"potentialAction\":[{\"@type\":\"CommentAction\",\"name\":\"Comment\",\"target\":[\"https:\\\/\\\/folhadoleste.com.br\\\/suspeito-de-assaltos-e-morto-a-tiros-por-grupo-armado-na-zona-oeste\\\/#respond\"]}]},{\"@type\":\"WebPage\",\"@id\":\"https:\\\/\\\/folhadoleste.com.br\\\/suspeito-de-assaltos-e-morto-a-tiros-por-grupo-armado-na-zona-oeste\\\/\",\"url\":\"https:\\\/\\\/folhadoleste.com.br\\\/suspeito-de-assaltos-e-morto-a-tiros-por-grupo-armado-na-zona-oeste\\\/\",\"name\":\"Suspeito de assaltos \u00e9 morto a tiros por grupo armado na Zona Oeste &#8226; Folha do Leste\",\"isPartOf\":{\"@id\":\"https:\\\/\\\/folhadoleste.com.br\\\/#website\"},\"primaryImageOfPage\":{\"@id\":\"https:\\\/\\\/folhadoleste.com.br\\\/suspeito-de-assaltos-e-morto-a-tiros-por-grupo-armado-na-zona-oeste\\\/#primaryimage\"},\"image\":{\"@id\":\"https:\\\/\\\/folhadoleste.com.br\\\/suspeito-de-assaltos-e-morto-a-tiros-por-grupo-armado-na-zona-oeste\\\/#primaryimage\"},\"thumbnailUrl\":\"https:\\\/\\\/folhadoleste.com.br\\\/wp-content\\\/uploads\\\/2024\\\/11\\\/Suspeito-de-assaltos-e-morto-a-tiros-por-grupo-armado-na-Zona-Oeste-Foto-Reproducao-Redes-Sociais.jpg\",\"datePublished\":\"2024-11-18T13:16:39+00:00\",\"description\":\"Suspeito de assaltos \u00e9 morto a tiros por grupo armado na Zona Oeste. Dessa vez o suspeito n\u00e3o teve o final que esperava...\",\"breadcrumb\":{\"@id\":\"https:\\\/\\\/folhadoleste.com.br\\\/suspeito-de-assaltos-e-morto-a-tiros-por-grupo-armado-na-zona-oeste\\\/#breadcrumb\"},\"inLanguage\":\"en-US\",\"potentialAction\":[{\"@type\":\"ReadAction\",\"target\":[\"https:\\\/\\\/folhadoleste.com.br\\\/suspeito-de-assaltos-e-morto-a-tiros-por-grupo-armado-na-zona-oeste\\\/\"]}]},{\"@type\":\"ImageObject\",\"inLanguage\":\"en-US\",\"@id\":\"https:\\\/\\\/folhadoleste.com.br\\\/suspeito-de-assaltos-e-morto-a-tiros-por-grupo-armado-na-zona-oeste\\\/#primaryimage\",\"url\":\"https:\\\/\\\/folhadoleste.com.br\\\/wp-content\\\/uploads\\\/2024\\\/11\\\/Suspeito-de-assaltos-e-morto-a-tiros-por-grupo-armado-na-Zona-Oeste-Foto-Reproducao-Redes-Sociais.jpg\",\"contentUrl\":\"https:\\\/\\\/folhadoleste.com.br\\\/wp-content\\\/uploads\\\/2024\\\/11\\\/Suspeito-de-assaltos-e-morto-a-tiros-por-grupo-armado-na-Zona-Oeste-Foto-Reproducao-Redes-Sociais.jpg\",\"width\":1200,\"height\":750,\"caption\":\"Suspeito de assaltos \u00e9 morto a tiros por grupo armado na Zona Oeste | Reprodu\u00e7\u00e3o\\\/Redes Sociais\"},{\"@type\":\"BreadcrumbList\",\"@id\":\"https:\\\/\\\/folhadoleste.com.br\\\/suspeito-de-assaltos-e-morto-a-tiros-por-grupo-armado-na-zona-oeste\\\/#breadcrumb\",\"itemListElement\":[{\"@type\":\"ListItem\",\"position\":1,\"name\":\"In\u00edcio\",\"item\":\"https:\\\/\\\/folhadoleste.com.br\\\/\"},{\"@type\":\"ListItem\",\"position\":2,\"name\":\"Rio de Janeiro - Capital\",\"item\":\"https:\\\/\\\/folhadoleste.com.br\\\/category\\\/rio-de-janeiro-capital\\\/\"},{\"@type\":\"ListItem\",\"position\":3,\"name\":\"Suspeito de assaltos \u00e9 morto a tiros por grupo armado na Zona Oeste\"}]},{\"@type\":\"WebSite\",\"@id\":\"https:\\\/\\\/folhadoleste.com.br\\\/#website\",\"url\":\"https:\\\/\\\/folhadoleste.com.br\\\/\",\"name\":\"Folha do Leste\",\"description\":\"Portal de Not\u00edcias com \u00eanfase em Niter\u00f3i, criando conte\u00fados desde a capital Rio de Janeiro, com olhar para o Leste Fluminense e suas cidades como S\u00e3o Gon\u00e7alo, Itabora\u00ed, Rio Bonito, Maric\u00e1, Saquarema e Araruama\",\"publisher\":{\"@id\":\"https:\\\/\\\/folhadoleste.com.br\\\/#organization\"},\"alternateName\":\"FL\",\"potentialAction\":[{\"@type\":\"SearchAction\",\"target\":{\"@type\":\"EntryPoint\",\"urlTemplate\":\"https:\\\/\\\/folhadoleste.com.br\\\/?s={search_term_string}\"},\"query-input\":{\"@type\":\"PropertyValueSpecification\",\"valueRequired\":true,\"valueName\":\"search_term_string\"}}],\"inLanguage\":\"en-US\"},{\"@type\":\"Organization\",\"@id\":\"https:\\\/\\\/folhadoleste.com.br\\\/#organization\",\"name\":\"Brasil 21 Comunica\u00e7\u00e3o\",\"alternateName\":\"BR21\",\"url\":\"https:\\\/\\\/folhadoleste.com.br\\\/\",\"logo\":{\"@type\":\"ImageObject\",\"inLanguage\":\"en-US\",\"@id\":\"https:\\\/\\\/folhadoleste.com.br\\\/#\\\/schema\\\/logo\\\/image\\\/\",\"url\":\"https:\\\/\\\/folhadoleste.com.br\\\/wp-content\\\/uploads\\\/2025\\\/12\\\/brasil-21-logomarca.avif\",\"contentUrl\":\"https:\\\/\\\/folhadoleste.com.br\\\/wp-content\\\/uploads\\\/2025\\\/12\\\/brasil-21-logomarca.avif\",\"width\":1044,\"height\":1044,\"caption\":\"Brasil 21 Comunica\u00e7\u00e3o\"},\"image\":{\"@id\":\"https:\\\/\\\/folhadoleste.com.br\\\/#\\\/schema\\\/logo\\\/image\\\/\"},\"sameAs\":[\"https:\\\/\\\/www.facebook.com\\\/folhadoleste\",\"https:\\\/\\\/x.com\\\/FolhadoLesteRJ\",\"https:\\\/\\\/www.instagram.com\\\/folhadoleste\\\/\"]},{\"@type\":\"Person\",\"@id\":\"https:\\\/\\\/folhadoleste.com.br\\\/#\\\/schema\\\/person\\\/3e97145b2e1861276e84471aa85a3899\",\"name\":\"Folha do Leste\",\"image\":{\"@type\":\"ImageObject\",\"inLanguage\":\"en-US\",\"@id\":\"https:\\\/\\\/folhadoleste.com.br\\\/wp-content\\\/litespeed\\\/avatar\\\/1ca8c218432e7045e748610eb3db0259.jpg?ver=1777161142\",\"url\":\"https:\\\/\\\/folhadoleste.com.br\\\/wp-content\\\/litespeed\\\/avatar\\\/1ca8c218432e7045e748610eb3db0259.jpg?ver=1777161142\",\"contentUrl\":\"https:\\\/\\\/folhadoleste.com.br\\\/wp-content\\\/litespeed\\\/avatar\\\/1ca8c218432e7045e748610eb3db0259.jpg?ver=1777161142\",\"caption\":\"Folha do Leste\"},\"url\":\"https:\\\/\\\/folhadoleste.com.br\\\/en\\\/author\\\/reportagem-01\\\/\"}]}<\/script>\n<!-- \/ Yoast SEO plugin. -->","yoast_head_json":{"title":"Suspeito de assaltos \u00e9 morto a tiros por grupo armado na Zona Oeste &#8226; Folha do Leste","description":"Suspeito de assaltos \u00e9 morto a tiros por grupo armado na Zona Oeste. Dessa vez o suspeito n\u00e3o teve o final que esperava...","robots":{"index":"index","follow":"follow","max-snippet":"max-snippet:-1","max-image-preview":"max-image-preview:large","max-video-preview":"max-video-preview:-1"},"canonical":"https:\/\/folhadoleste.com.br\/en\/suspeito-de-assaltos-e-morto-a-tiros-por-grupo-armado-na-zona-oeste\/","og_locale":"en_US","og_type":"article","og_title":"Suspeito de assaltos \u00e9 morto a tiros por grupo armado na Zona Oeste &#8226; Folha do Leste","og_description":"Rio de Janeiro - Capital &#8226; 18 de November de 2024 &#8226; Folha do Leste","og_url":"https:\/\/folhadoleste.com.br\/en\/suspeito-de-assaltos-e-morto-a-tiros-por-grupo-armado-na-zona-oeste\/","og_site_name":"Folha do Leste","article_publisher":"https:\/\/www.facebook.com\/folhadoleste","article_published_time":"2024-11-18T13:16:39+00:00","og_image":[{"width":1200,"height":750,"url":"https:\/\/folhadoleste.com.br\/wp-content\/uploads\/2024\/11\/Suspeito-de-assaltos-e-morto-a-tiros-por-grupo-armado-na-Zona-Oeste-Foto-Reproducao-Redes-Sociais.jpg","type":"image\/jpeg"}],"author":"Folha do Leste","twitter_card":"summary_large_image","twitter_description":"Rio de Janeiro - Capital &#8226; 18 de November de 2024 &#8226; Folha do Leste","twitter_creator":"@FolhadoLesteRJ","twitter_site":"@FolhadoLesteRJ","twitter_misc":{"Written by":"Folha do Leste","Est. reading time":"2 minutes"},"schema":{"@context":"https:\/\/schema.org","@graph":[{"@type":"NewsArticle","@id":"https:\/\/folhadoleste.com.br\/suspeito-de-assaltos-e-morto-a-tiros-por-grupo-armado-na-zona-oeste\/#article","isPartOf":{"@id":"https:\/\/folhadoleste.com.br\/suspeito-de-assaltos-e-morto-a-tiros-por-grupo-armado-na-zona-oeste\/"},"author":{"name":"Folha do Leste","@id":"https:\/\/folhadoleste.com.br\/#\/schema\/person\/3e97145b2e1861276e84471aa85a3899"},"headline":"Suspeito de assaltos \u00e9 morto a tiros por grupo armado na Zona Oeste","datePublished":"2024-11-18T13:16:39+00:00","mainEntityOfPage":{"@id":"https:\/\/folhadoleste.com.br\/suspeito-de-assaltos-e-morto-a-tiros-por-grupo-armado-na-zona-oeste\/"},"wordCount":249,"commentCount":0,"publisher":{"@id":"https:\/\/folhadoleste.com.br\/#organization"},"image":{"@id":"https:\/\/folhadoleste.com.br\/suspeito-de-assaltos-e-morto-a-tiros-por-grupo-armado-na-zona-oeste\/#primaryimage"},"thumbnailUrl":"https:\/\/folhadoleste.com.br\/wp-content\/uploads\/2024\/11\/Suspeito-de-assaltos-e-morto-a-tiros-por-grupo-armado-na-Zona-Oeste-Foto-Reproducao-Redes-Sociais.jpg","keywords":["18\u00ba BPM","assalto","assassinato","bala perdida","comunidade","crime organizado","Fatalidade","Grupo armado","HOMIC\u00cdDIO","Inseguran\u00e7a","Investiga\u00e7\u00e3o","Jacarepagua","Justi\u00e7a","moto","pol\u00edcia","Pol\u00edcia Militar","Rio de Janeiro","Seguran\u00e7a publica","tiroteio","viol\u00eancia","v\u00edtima","Zona Oeste"],"articleSection":["Pol\u00edcia","Rio de Janeiro - Capital"],"inLanguage":"en-US","potentialAction":[{"@type":"CommentAction","name":"Comment","target":["https:\/\/folhadoleste.com.br\/suspeito-de-assaltos-e-morto-a-tiros-por-grupo-armado-na-zona-oeste\/#respond"]}]},{"@type":"WebPage","@id":"https:\/\/folhadoleste.com.br\/suspeito-de-assaltos-e-morto-a-tiros-por-grupo-armado-na-zona-oeste\/","url":"https:\/\/folhadoleste.com.br\/suspeito-de-assaltos-e-morto-a-tiros-por-grupo-armado-na-zona-oeste\/","name":"Suspeito de assaltos \u00e9 morto a tiros por grupo armado na Zona Oeste &#8226; Folha do Leste","isPartOf":{"@id":"https:\/\/folhadoleste.com.br\/#website"},"primaryImageOfPage":{"@id":"https:\/\/folhadoleste.com.br\/suspeito-de-assaltos-e-morto-a-tiros-por-grupo-armado-na-zona-oeste\/#primaryimage"},"image":{"@id":"https:\/\/folhadoleste.com.br\/suspeito-de-assaltos-e-morto-a-tiros-por-grupo-armado-na-zona-oeste\/#primaryimage"},"thumbnailUrl":"https:\/\/folhadoleste.com.br\/wp-content\/uploads\/2024\/11\/Suspeito-de-assaltos-e-morto-a-tiros-por-grupo-armado-na-Zona-Oeste-Foto-Reproducao-Redes-Sociais.jpg","datePublished":"2024-11-18T13:16:39+00:00","description":"Suspeito de assaltos \u00e9 morto a tiros por grupo armado na Zona Oeste. Dessa vez o suspeito n\u00e3o teve o final que esperava...","breadcrumb":{"@id":"https:\/\/folhadoleste.com.br\/suspeito-de-assaltos-e-morto-a-tiros-por-grupo-armado-na-zona-oeste\/#breadcrumb"},"inLanguage":"en-US","potentialAction":[{"@type":"ReadAction","target":["https:\/\/folhadoleste.com.br\/suspeito-de-assaltos-e-morto-a-tiros-por-grupo-armado-na-zona-oeste\/"]}]},{"@type":"ImageObject","inLanguage":"en-US","@id":"https:\/\/folhadoleste.com.br\/suspeito-de-assaltos-e-morto-a-tiros-por-grupo-armado-na-zona-oeste\/#primaryimage","url":"https:\/\/folhadoleste.com.br\/wp-content\/uploads\/2024\/11\/Suspeito-de-assaltos-e-morto-a-tiros-por-grupo-armado-na-Zona-Oeste-Foto-Reproducao-Redes-Sociais.jpg","contentUrl":"https:\/\/folhadoleste.com.br\/wp-content\/uploads\/2024\/11\/Suspeito-de-assaltos-e-morto-a-tiros-por-grupo-armado-na-Zona-Oeste-Foto-Reproducao-Redes-Sociais.jpg","width":1200,"height":750,"caption":"Suspeito de assaltos \u00e9 morto a tiros por grupo armado na Zona Oeste | Reprodu\u00e7\u00e3o\/Redes Sociais"},{"@type":"BreadcrumbList","@id":"https:\/\/folhadoleste.com.br\/suspeito-de-assaltos-e-morto-a-tiros-por-grupo-armado-na-zona-oeste\/#breadcrumb","itemListElement":[{"@type":"ListItem","position":1,"name":"In\u00edcio","item":"https:\/\/folhadoleste.com.br\/"},{"@type":"ListItem","position":2,"name":"Rio de Janeiro - Capital","item":"https:\/\/folhadoleste.com.br\/category\/rio-de-janeiro-capital\/"},{"@type":"ListItem","position":3,"name":"Suspeito de assaltos \u00e9 morto a tiros por grupo armado na Zona Oeste"}]},{"@type":"WebSite","@id":"https:\/\/folhadoleste.com.br\/#website","url":"https:\/\/folhadoleste.com.br\/","name":"Folha do Leste","description":"Portal de Not\u00edcias com \u00eanfase em Niter\u00f3i, criando conte\u00fados desde a capital Rio de Janeiro, com olhar para o Leste Fluminense e suas cidades como S\u00e3o Gon\u00e7alo, Itabora\u00ed, Rio Bonito, Maric\u00e1, Saquarema e Araruama","publisher":{"@id":"https:\/\/folhadoleste.com.br\/#organization"},"alternateName":"FL","potentialAction":[{"@type":"SearchAction","target":{"@type":"EntryPoint","urlTemplate":"https:\/\/folhadoleste.com.br\/?s={search_term_string}"},"query-input":{"@type":"PropertyValueSpecification","valueRequired":true,"valueName":"search_term_string"}}],"inLanguage":"en-US"},{"@type":"Organization","@id":"https:\/\/folhadoleste.com.br\/#organization","name":"Brasil 21 Comunica\u00e7\u00e3o","alternateName":"BR21","url":"https:\/\/folhadoleste.com.br\/","logo":{"@type":"ImageObject","inLanguage":"en-US","@id":"https:\/\/folhadoleste.com.br\/#\/schema\/logo\/image\/","url":"https:\/\/folhadoleste.com.br\/wp-content\/uploads\/2025\/12\/brasil-21-logomarca.avif","contentUrl":"https:\/\/folhadoleste.com.br\/wp-content\/uploads\/2025\/12\/brasil-21-logomarca.avif","width":1044,"height":1044,"caption":"Brasil 21 Comunica\u00e7\u00e3o"},"image":{"@id":"https:\/\/folhadoleste.com.br\/#\/schema\/logo\/image\/"},"sameAs":["https:\/\/www.facebook.com\/folhadoleste","https:\/\/x.com\/FolhadoLesteRJ","https:\/\/www.instagram.com\/folhadoleste\/"]},{"@type":"Person","@id":"https:\/\/folhadoleste.com.br\/#\/schema\/person\/3e97145b2e1861276e84471aa85a3899","name":"Folha do Leste","image":{"@type":"ImageObject","inLanguage":"en-US","@id":"https:\/\/folhadoleste.com.br\/wp-content\/litespeed\/avatar\/1ca8c218432e7045e748610eb3db0259.jpg?ver=1777161142","url":"https:\/\/folhadoleste.com.br\/wp-content\/litespeed\/avatar\/1ca8c218432e7045e748610eb3db0259.jpg?ver=1777161142","contentUrl":"https:\/\/folhadoleste.com.br\/wp-content\/litespeed\/avatar\/1ca8c218432e7045e748610eb3db0259.jpg?ver=1777161142","caption":"Folha do Leste"},"url":"https:\/\/folhadoleste.com.br\/en\/author\/reportagem-01\/"}]}},"_links":{"self":[{"href":"https:\/\/folhadoleste.com.br\/en\/wp-json\/wp\/v2\/posts\/97197","targetHints":{"allow":["GET"]}}],"collection":[{"href":"https:\/\/folhadoleste.com.br\/en\/wp-json\/wp\/v2\/posts"}],"about":[{"href":"https:\/\/folhadoleste.com.br\/en\/wp-json\/wp\/v2\/types\/post"}],"author":[{"embeddable":true,"href":"https:\/\/folhadoleste.com.br\/en\/wp-json\/wp\/v2\/users\/4"}],"replies":[{"embeddable":true,"href":"https:\/\/folhadoleste.com.br\/en\/wp-json\/wp\/v2\/comments?post=97197"}],"version-history":[{"count":1,"href":"https:\/\/folhadoleste.com.br\/en\/wp-json\/wp\/v2\/posts\/97197\/revisions"}],"predecessor-version":[{"id":97200,"href":"https:\/\/folhadoleste.com.br\/en\/wp-json\/wp\/v2\/posts\/97197\/revisions\/97200"}],"wp:featuredmedia":[{"embeddable":true,"href":"https:\/\/folhadoleste.com.br\/en\/wp-json\/wp\/v2\/media\/97199"}],"wp:attachment":[{"href":"https:\/\/folhadoleste.com.br\/en\/wp-json\/wp\/v2\/media?parent=97197"}],"wp:term":[{"taxonomy":"category","embeddable":true,"href":"https:\/\/folhadoleste.com.br\/en\/wp-json\/wp\/v2\/categories?post=97197"},{"taxonomy":"post_tag","embeddable":true,"href":"https:\/\/folhadoleste.com.br\/en\/wp-json\/wp\/v2\/tags?post=97197"}],"curies":[{"name":"wp","href":"https:\/\/api.w.org\/{rel}","templated":true}]}}