{"id":96740,"date":"2024-11-16T09:49:21","date_gmt":"2024-11-16T12:49:21","guid":{"rendered":"https:\/\/folhadoleste.com.br\/?p=96740"},"modified":"2024-11-16T09:49:21","modified_gmt":"2024-11-16T12:49:21","slug":"alunos-da-rede-estadual-brilham-no-g20-social","status":"publish","type":"post","link":"https:\/\/folhadoleste.com.br\/en\/alunos-da-rede-estadual-brilham-no-g20-social\/","title":{"rendered":"Alunos da rede estadual brilham no G20 Social"},"content":{"rendered":"<div id=\"attachment_96743\" style=\"width: 1621px\" class=\"wp-caption aligncenter\"><img decoding=\"async\" aria-describedby=\"caption-attachment-96743\" class=\"size-full wp-image-96743\" src=\"https:\/\/folhadoleste.com.br\/wp-content\/uploads\/2024\/11\/Jovem_reporter-G20_social-3.jpg\" alt=\"\" width=\"1611\" height=\"1074\" \/><p id=\"caption-attachment-96743\" class=\"wp-caption-text\">Alunos do Programa Jovem Rep\u00f3rter marcam presen\u00e7a no G20 Social, realizando cobertura jornal\u00edstica e registrando propostas para um mundo sustent\u00e1vel. (Foto: Ellan Lustosa e Sandra Barros \u00a0\u2013 Seeduc-RJ)<\/p><\/div>\n<p>Alunos do Programa Jovem Rep\u00f3rter, da rede estadual do Rio de Janeiro, marcam presen\u00e7a no G20 Social, evento in\u00e9dito realizado no Rio de Janeiro entre 14 e 16 de novembro. Durante a c\u00fapula, os estudantes participam ativamente da cobertura jornal\u00edstica das atividades, entrevistando autoridades e registrando as propostas discutidas para o futuro do planeta.<\/p>\n<p>O projeto qualifica estudantes de escolas interculturais para atuar em eventos de relev\u00e2ncia, como o G20, por meio de treinamentos com profissionais de comunica\u00e7\u00e3o e rela\u00e7\u00f5es internacionais. Os jovens aprendem a produzir conte\u00fados jornal\u00edsticos para m\u00faltiplas m\u00eddias, conectando a sociedade \u00e0s discuss\u00f5es globais.<\/p>\n<h5 style=\"text-align: center;\"><span style=\"color: #000000;\"><span style=\"color: #ff0000;\"><strong>+ <\/strong><\/span><\/span><span style=\"color: #000000;\"><span style=\"color: #ff9900;\"><strong>MAIS NOT\u00cdCIAS DO RIO DE JANEIRO?<\/strong><\/span> <span style=\"color: #008080;\"><strong><a style=\"color: #008080;\" href=\"https:\/\/folhadoleste.com.br\/en\/category\/rio-de-janeiro-capital\/\">CLIQUE AQUI<\/a><\/strong><\/span><\/span><\/h5>\n<h5>Proposta educativa e pioneira<\/h5>\n<p>O G20 Social, criado pela presid\u00eancia brasileira, busca ampliar a participa\u00e7\u00e3o de atores n\u00e3o governamentais nas decis\u00f5es do bloco. Com 13 grupos de engajamento, o evento integra movimentos sociais e projetos da sociedade civil. A proposta \u00e9 promover a justi\u00e7a social, econ\u00f4mica e ambiental, refletindo o lema da presid\u00eancia brasileira: &#8220;Construindo um Mundo Justo e um Planeta Sustent\u00e1vel&#8221;.<\/p>\n<div id=\"attachment_96742\" style=\"width: 1930px\" class=\"wp-caption aligncenter\"><img decoding=\"async\" aria-describedby=\"caption-attachment-96742\" class=\"wp-image-96742 size-full\" src=\"https:\/\/folhadoleste.com.br\/wp-content\/uploads\/2024\/11\/Jovem_reporter-G20_social-2.jpg\" alt=\"\" width=\"1920\" height=\"1280\" \/><p id=\"caption-attachment-96742\" class=\"wp-caption-text\">Jovens do Programa Jovem Rep\u00f3rter entrevistam autoridades no evento. (Foto: Ellan Lustosa e Sandra Barros \u00a0\u2013 Seeduc-RJ)<\/p><\/div>\n<p>O Portal G20 Participativo recebeu 852 propostas de atividades da sociedade civil brasileira, das quais 164 foram selecionadas para apresenta\u00e7\u00e3o. Entre elas, o Programa Jovem Rep\u00f3rter destacou-se como uma iniciativa inovadora de forma\u00e7\u00e3o.<\/p>\n<h5>Experi\u00eancia transformadora para os estudantes<\/h5>\n<p>Os jovens participaram do F\u00f3rum G20, explorando temas abordados e cobrindo as atividades. Eles relataram aprendizados enriquecedores, destacando a proximidade com projetos que antes pareciam distantes.<\/p>\n<blockquote><p>Eu pensava que reuni\u00f5es como o G20 n\u00e3o tinham impacto no meu cotidiano. Hoje, percebo que sou parte desse movimento global\u201d, comentou Eunice Pereira, estudante do Ciep 218 Ministro Hermes Lima, de Duque de Caxias.<\/p><\/blockquote>\n<p>A iniciativa, que visa se tornar permanente, foi elogiada pelo coordenador de Comunica\u00e7\u00e3o do G20 no Brasil, Carlos Alberto J\u00fanior. Ele ressaltou o papel dos jovens em traduzir conceitos complexos para uma linguagem acess\u00edvel.<\/p>\n<h5 style=\"text-align: center;\"><span style=\"color: #000000;\"><span style=\"color: #ff0000;\"><strong>+ <\/strong><\/span><\/span><span style=\"color: #000000;\"><span style=\"color: #ff9900;\"><strong>MAIS NOT\u00cdCIAS DO RIO DE JANEIRO?<\/strong><\/span> <span style=\"color: #008080;\"><strong><a style=\"color: #008080;\" href=\"https:\/\/folhadoleste.com.br\/en\/category\/rio-de-janeiro-capital\/\">CLIQUE AQUI<\/a><\/strong><\/span><\/span><\/h5>\n<h5>Impacto e legado do G20 Social<\/h5>\n<p>Al\u00e9m de promover a troca de experi\u00eancias entre agentes n\u00e3o governamentais, o G20 Social apresentou solu\u00e7\u00f5es para desafios globais, com foco em reduzir desigualdades e criar pol\u00edticas sustent\u00e1veis. O evento refor\u00e7ou a import\u00e2ncia de engajar a sociedade civil nas decis\u00f5es das maiores economias do mundo.<\/p>\n<p>O Programa Jovem Rep\u00f3rter mostrou o poder transformador da educa\u00e7\u00e3o e da inclus\u00e3o na constru\u00e7\u00e3o de um futuro mais justo, destacando o protagonismo dos jovens em iniciativas globais.<\/p>\n<div id=\"attachment_77492\" style=\"width: 410px\" class=\"wp-caption aligncenter\"><a href=\"http:\/\/instagram.com\/folhadoleste\"><img decoding=\"async\" aria-describedby=\"caption-attachment-77492\" class=\"wp-image-77492 size-full\" src=\"https:\/\/folhadoleste.com.br\/wp-content\/uploads\/2024\/07\/Instagram-Folha-do-Leste.png\" alt=\"http:\/\/instagram.com\/folhadoleste\" width=\"400\" height=\"200\" \/><\/a><p id=\"caption-attachment-77492\" class=\"wp-caption-text\">Siga o Folha do Leste no Instagram!<\/p><\/div>\n<div id=\"attachment_77490\" style=\"width: 310px\" class=\"wp-caption aligncenter\"><a href=\"http:\/\/facebook.com\/folhadoleste\"><img decoding=\"async\" aria-describedby=\"caption-attachment-77490\" class=\"size-medium wp-image-77490\" src=\"https:\/\/folhadoleste.com.br\/wp-content\/uploads\/2024\/07\/Facebook-Folha-do-Leste-10k-300x300.jpg\" alt=\"Curta e siga o Folha do Leste no Facebook!\" width=\"300\" height=\"300\" \/><\/a><p id=\"caption-attachment-77490\" class=\"wp-caption-text\">Curta e siga o Folha do Leste no Facebook<\/p><\/div>","protected":false},"excerpt":{"rendered":"<p>Alunos do Programa Jovem Rep\u00f3rter, da rede estadual do Rio de Janeiro, marcam presen\u00e7a no G20 Social, evento in\u00e9dito realizado no Rio de Janeiro entre 14 e 16 de novembro. Durante a c\u00fapula, os estudantes participam ativamente da cobertura jornal\u00edstica das atividades, entrevistando autoridades e registrando as propostas discutidas para o futuro do planeta. O projeto qualifica estudantes de escolas interculturais para atuar em eventos de relev\u00e2ncia, como o G20, por meio de treinamentos com profissionais de comunica\u00e7\u00e3o e rela\u00e7\u00f5es internacionais. Os jovens aprendem a produzir conte\u00fados jornal\u00edsticos para m\u00faltiplas m\u00eddias, conectando a sociedade \u00e0s discuss\u00f5es globais. + MAIS NOT\u00cdCIAS [&hellip;]<\/p>\n","protected":false},"author":16,"featured_media":96743,"comment_status":"open","ping_status":"open","sticky":false,"template":"","format":"standard","meta":{"footnotes":""},"categories":[46,67],"tags":[10519,24518,1758,1614,611,50888,32702,648,48127,7174,50887,50884,13256,48337,3818,7384,2070,50886,50885,11975,26798,116,957,50883,22415,50889,50890,24760,93,1289,48917,4642,20299],"class_list":["post-96740","post","type-post","status-publish","format-standard","has-post-thumbnail","hentry","category-estado-do-rio-de-janeiro","category-rio-de-janeiro-capital","tag-comunicacao","tag-desafios-globais","tag-direitos-humanos","tag-diversidade","tag-educacao","tag-educacao-intercultural","tag-engajamento-social","tag-estudantes","tag-eventos-globais","tag-g20","tag-g20-no-brasil","tag-g20-social","tag-igualdade","tag-impacto-global","tag-inclusao","tag-inovacao","tag-jovens","tag-jovens-reporteres","tag-justica-economica","tag-justica-social","tag-participacao-cidada","tag-politica","tag-politicas-publicas","tag-programa-jovem-reporter","tag-projetos-sociais","tag-propostas-do-g20","tag-protagonismo-jovem","tag-relacoes-internacionais","tag-rio-de-janeiro","tag-sociedade-civil","tag-solucoes-sustentaveis","tag-sustentabilidade","tag-transformacao-social","post--single"],"yoast_head":"<!-- This site is optimized with the Yoast SEO plugin v27.4 - https:\/\/yoast.com\/product\/yoast-seo-wordpress\/ -->\n<title>Alunos da rede estadual brilham no G20 Social &#8226; Folha do Leste<\/title>\n<meta name=\"description\" content=\"Alunos do Programa Jovem Rep\u00f3rter marcam presen\u00e7a no G20 Social, realizando cobertura jornal\u00edstica e aprendendo a produzir conte\u00fado.\" \/>\n<meta name=\"robots\" content=\"index, follow, max-snippet:-1, max-image-preview:large, max-video-preview:-1\" \/>\n<link rel=\"canonical\" href=\"https:\/\/folhadoleste.com.br\/en\/alunos-da-rede-estadual-brilham-no-g20-social\/\" \/>\n<meta property=\"og:locale\" content=\"en_US\" \/>\n<meta property=\"og:type\" content=\"article\" \/>\n<meta property=\"og:title\" content=\"Alunos da rede estadual brilham no G20 Social &#8226; Folha do Leste\" \/>\n<meta property=\"og:description\" content=\"16 de November de 2024 &#8226; Estado do Rio de Janeiro, Rio de Janeiro - Capital &#8226; Folha do Leste\" \/>\n<meta property=\"og:url\" content=\"https:\/\/folhadoleste.com.br\/en\/alunos-da-rede-estadual-brilham-no-g20-social\/\" \/>\n<meta property=\"og:site_name\" content=\"Folha do Leste\" \/>\n<meta property=\"article:publisher\" content=\"https:\/\/www.facebook.com\/folhadoleste\" \/>\n<meta property=\"article:published_time\" content=\"2024-11-16T12:49:21+00:00\" \/>\n<meta property=\"og:image\" content=\"https:\/\/folhadoleste.com.br\/wp-content\/uploads\/2024\/11\/Jovem_reporter-G20_social-3.jpg\" \/>\n\t<meta property=\"og:image:width\" content=\"1611\" \/>\n\t<meta property=\"og:image:height\" content=\"1074\" \/>\n\t<meta property=\"og:image:type\" content=\"image\/jpeg\" \/>\n<meta name=\"author\" content=\"Ana Carolina Motta\" \/>\n<meta name=\"twitter:card\" content=\"summary_large_image\" \/>\n<meta name=\"twitter:description\" content=\"16 de November de 2024 &#8226; Estado do Rio de Janeiro, Rio de Janeiro - Capital &#8226; Folha do Leste\" \/>\n<meta name=\"twitter:creator\" content=\"@FolhadoLesteRJ\" \/>\n<meta name=\"twitter:site\" content=\"@FolhadoLesteRJ\" \/>\n<meta name=\"twitter:label1\" content=\"Written by\" \/>\n\t<meta name=\"twitter:data1\" content=\"Ana Carolina Motta\" \/>\n\t<meta name=\"twitter:label2\" content=\"Est. reading time\" \/>\n\t<meta name=\"twitter:data2\" content=\"4 minutes\" \/>\n<script type=\"application\/ld+json\" class=\"yoast-schema-graph\">{\"@context\":\"https:\\\/\\\/schema.org\",\"@graph\":[{\"@type\":\"NewsArticle\",\"@id\":\"https:\\\/\\\/folhadoleste.com.br\\\/alunos-da-rede-estadual-brilham-no-g20-social\\\/#article\",\"isPartOf\":{\"@id\":\"https:\\\/\\\/folhadoleste.com.br\\\/alunos-da-rede-estadual-brilham-no-g20-social\\\/\"},\"author\":{\"name\":\"Ana Carolina Motta\",\"@id\":\"https:\\\/\\\/folhadoleste.com.br\\\/#\\\/schema\\\/person\\\/8f044b173ce73d5609095241ce6a7cf0\"},\"headline\":\"Alunos da rede estadual brilham no G20 Social\",\"datePublished\":\"2024-11-16T12:49:21+00:00\",\"mainEntityOfPage\":{\"@id\":\"https:\\\/\\\/folhadoleste.com.br\\\/alunos-da-rede-estadual-brilham-no-g20-social\\\/\"},\"wordCount\":526,\"commentCount\":0,\"publisher\":{\"@id\":\"https:\\\/\\\/folhadoleste.com.br\\\/#organization\"},\"image\":{\"@id\":\"https:\\\/\\\/folhadoleste.com.br\\\/alunos-da-rede-estadual-brilham-no-g20-social\\\/#primaryimage\"},\"thumbnailUrl\":\"https:\\\/\\\/folhadoleste.com.br\\\/wp-content\\\/uploads\\\/2024\\\/11\\\/Jovem_reporter-G20_social-3.jpg\",\"keywords\":[\"comunica\u00e7\u00e3o\",\"desafios globais\",\"Direitos Humanos\",\"diversidade\",\"educa\u00e7\u00e3o\",\"educa\u00e7\u00e3o intercultural\",\"engajamento social\",\"estudantes\",\"eventos globais\",\"G20\",\"G20 no Brasil\",\"G20 Social\",\"igualdade\",\"impacto global\",\"Inclus\u00e3o\",\"inova\u00e7\u00e3o\",\"jovens\",\"jovens rep\u00f3rteres\",\"justi\u00e7a econ\u00f4mica\",\"justi\u00e7a social\",\"Participa\u00e7\u00e3o Cidad\u00e3\",\"pol\u00edtica\",\"pol\u00edticas p\u00fablicas\",\"Programa Jovem Rep\u00f3rter\",\"Projetos Sociais\",\"propostas do G20\",\"protagonismo jovem\",\"Rela\u00e7\u00f5es Internacionais\",\"Rio de Janeiro\",\"sociedade civil\",\"solu\u00e7\u00f5es sustent\u00e1veis\",\"sustentabilidade\",\"Transforma\u00e7\u00e3o Social\"],\"articleSection\":[\"Estado do Rio de Janeiro\",\"Rio de Janeiro - Capital\"],\"inLanguage\":\"en-US\",\"potentialAction\":[{\"@type\":\"CommentAction\",\"name\":\"Comment\",\"target\":[\"https:\\\/\\\/folhadoleste.com.br\\\/alunos-da-rede-estadual-brilham-no-g20-social\\\/#respond\"]}]},{\"@type\":\"WebPage\",\"@id\":\"https:\\\/\\\/folhadoleste.com.br\\\/alunos-da-rede-estadual-brilham-no-g20-social\\\/\",\"url\":\"https:\\\/\\\/folhadoleste.com.br\\\/alunos-da-rede-estadual-brilham-no-g20-social\\\/\",\"name\":\"Alunos da rede estadual brilham no G20 Social &#8226; Folha do Leste\",\"isPartOf\":{\"@id\":\"https:\\\/\\\/folhadoleste.com.br\\\/#website\"},\"primaryImageOfPage\":{\"@id\":\"https:\\\/\\\/folhadoleste.com.br\\\/alunos-da-rede-estadual-brilham-no-g20-social\\\/#primaryimage\"},\"image\":{\"@id\":\"https:\\\/\\\/folhadoleste.com.br\\\/alunos-da-rede-estadual-brilham-no-g20-social\\\/#primaryimage\"},\"thumbnailUrl\":\"https:\\\/\\\/folhadoleste.com.br\\\/wp-content\\\/uploads\\\/2024\\\/11\\\/Jovem_reporter-G20_social-3.jpg\",\"datePublished\":\"2024-11-16T12:49:21+00:00\",\"description\":\"Alunos do Programa Jovem Rep\u00f3rter marcam presen\u00e7a no G20 Social, realizando cobertura jornal\u00edstica e aprendendo a produzir conte\u00fado.\",\"breadcrumb\":{\"@id\":\"https:\\\/\\\/folhadoleste.com.br\\\/alunos-da-rede-estadual-brilham-no-g20-social\\\/#breadcrumb\"},\"inLanguage\":\"en-US\",\"potentialAction\":[{\"@type\":\"ReadAction\",\"target\":[\"https:\\\/\\\/folhadoleste.com.br\\\/alunos-da-rede-estadual-brilham-no-g20-social\\\/\"]}]},{\"@type\":\"ImageObject\",\"inLanguage\":\"en-US\",\"@id\":\"https:\\\/\\\/folhadoleste.com.br\\\/alunos-da-rede-estadual-brilham-no-g20-social\\\/#primaryimage\",\"url\":\"https:\\\/\\\/folhadoleste.com.br\\\/wp-content\\\/uploads\\\/2024\\\/11\\\/Jovem_reporter-G20_social-3.jpg\",\"contentUrl\":\"https:\\\/\\\/folhadoleste.com.br\\\/wp-content\\\/uploads\\\/2024\\\/11\\\/Jovem_reporter-G20_social-3.jpg\",\"width\":1611,\"height\":1074,\"caption\":\"Alunos do Programa Jovem Rep\u00f3rter marcam presen\u00e7a no G20 Social, realizando cobertura jornal\u00edstica e registrando propostas para um mundo sustent\u00e1vel.\"},{\"@type\":\"BreadcrumbList\",\"@id\":\"https:\\\/\\\/folhadoleste.com.br\\\/alunos-da-rede-estadual-brilham-no-g20-social\\\/#breadcrumb\",\"itemListElement\":[{\"@type\":\"ListItem\",\"position\":1,\"name\":\"In\u00edcio\",\"item\":\"https:\\\/\\\/folhadoleste.com.br\\\/\"},{\"@type\":\"ListItem\",\"position\":2,\"name\":\"Rio de Janeiro - Capital\",\"item\":\"https:\\\/\\\/folhadoleste.com.br\\\/category\\\/rio-de-janeiro-capital\\\/\"},{\"@type\":\"ListItem\",\"position\":3,\"name\":\"Alunos da rede estadual brilham no G20 Social\"}]},{\"@type\":\"WebSite\",\"@id\":\"https:\\\/\\\/folhadoleste.com.br\\\/#website\",\"url\":\"https:\\\/\\\/folhadoleste.com.br\\\/\",\"name\":\"Folha do Leste\",\"description\":\"Portal de Not\u00edcias com \u00eanfase em Niter\u00f3i, criando conte\u00fados desde a capital Rio de Janeiro, com olhar para o Leste Fluminense e suas cidades como S\u00e3o Gon\u00e7alo, Itabora\u00ed, Rio Bonito, Maric\u00e1, Saquarema e Araruama\",\"publisher\":{\"@id\":\"https:\\\/\\\/folhadoleste.com.br\\\/#organization\"},\"alternateName\":\"FL\",\"potentialAction\":[{\"@type\":\"SearchAction\",\"target\":{\"@type\":\"EntryPoint\",\"urlTemplate\":\"https:\\\/\\\/folhadoleste.com.br\\\/?s={search_term_string}\"},\"query-input\":{\"@type\":\"PropertyValueSpecification\",\"valueRequired\":true,\"valueName\":\"search_term_string\"}}],\"inLanguage\":\"en-US\"},{\"@type\":\"Organization\",\"@id\":\"https:\\\/\\\/folhadoleste.com.br\\\/#organization\",\"name\":\"Brasil 21 Comunica\u00e7\u00e3o\",\"alternateName\":\"BR21\",\"url\":\"https:\\\/\\\/folhadoleste.com.br\\\/\",\"logo\":{\"@type\":\"ImageObject\",\"inLanguage\":\"en-US\",\"@id\":\"https:\\\/\\\/folhadoleste.com.br\\\/#\\\/schema\\\/logo\\\/image\\\/\",\"url\":\"https:\\\/\\\/folhadoleste.com.br\\\/wp-content\\\/uploads\\\/2025\\\/12\\\/brasil-21-logomarca.avif\",\"contentUrl\":\"https:\\\/\\\/folhadoleste.com.br\\\/wp-content\\\/uploads\\\/2025\\\/12\\\/brasil-21-logomarca.avif\",\"width\":1044,\"height\":1044,\"caption\":\"Brasil 21 Comunica\u00e7\u00e3o\"},\"image\":{\"@id\":\"https:\\\/\\\/folhadoleste.com.br\\\/#\\\/schema\\\/logo\\\/image\\\/\"},\"sameAs\":[\"https:\\\/\\\/www.facebook.com\\\/folhadoleste\",\"https:\\\/\\\/x.com\\\/FolhadoLesteRJ\",\"https:\\\/\\\/www.instagram.com\\\/folhadoleste\\\/\"]},{\"@type\":\"Person\",\"@id\":\"https:\\\/\\\/folhadoleste.com.br\\\/#\\\/schema\\\/person\\\/8f044b173ce73d5609095241ce6a7cf0\",\"name\":\"Ana Carolina Motta\",\"image\":{\"@type\":\"ImageObject\",\"inLanguage\":\"en-US\",\"@id\":\"https:\\\/\\\/folhadoleste.com.br\\\/wp-content\\\/litespeed\\\/avatar\\\/c745de34c0d1fca381be0dadb2a31ad0.jpg?ver=1777161218\",\"url\":\"https:\\\/\\\/folhadoleste.com.br\\\/wp-content\\\/litespeed\\\/avatar\\\/c745de34c0d1fca381be0dadb2a31ad0.jpg?ver=1777161218\",\"contentUrl\":\"https:\\\/\\\/folhadoleste.com.br\\\/wp-content\\\/litespeed\\\/avatar\\\/c745de34c0d1fca381be0dadb2a31ad0.jpg?ver=1777161218\",\"caption\":\"Ana Carolina Motta\"},\"url\":\"https:\\\/\\\/folhadoleste.com.br\\\/en\\\/author\\\/ana-carolina\\\/\"}]}<\/script>\n<!-- \/ Yoast SEO plugin. -->","yoast_head_json":{"title":"Alunos da rede estadual brilham no G20 Social &#8226; Folha do Leste","description":"Alunos do Programa Jovem Rep\u00f3rter marcam presen\u00e7a no G20 Social, realizando cobertura jornal\u00edstica e aprendendo a produzir conte\u00fado.","robots":{"index":"index","follow":"follow","max-snippet":"max-snippet:-1","max-image-preview":"max-image-preview:large","max-video-preview":"max-video-preview:-1"},"canonical":"https:\/\/folhadoleste.com.br\/en\/alunos-da-rede-estadual-brilham-no-g20-social\/","og_locale":"en_US","og_type":"article","og_title":"Alunos da rede estadual brilham no G20 Social &#8226; Folha do Leste","og_description":"16 de November de 2024 &#8226; Estado do Rio de Janeiro, Rio de Janeiro - Capital &#8226; Folha do Leste","og_url":"https:\/\/folhadoleste.com.br\/en\/alunos-da-rede-estadual-brilham-no-g20-social\/","og_site_name":"Folha do Leste","article_publisher":"https:\/\/www.facebook.com\/folhadoleste","article_published_time":"2024-11-16T12:49:21+00:00","og_image":[{"width":1611,"height":1074,"url":"https:\/\/folhadoleste.com.br\/wp-content\/uploads\/2024\/11\/Jovem_reporter-G20_social-3.jpg","type":"image\/jpeg"}],"author":"Ana Carolina Motta","twitter_card":"summary_large_image","twitter_description":"16 de November de 2024 &#8226; Estado do Rio de Janeiro, Rio de Janeiro - Capital &#8226; Folha do Leste","twitter_creator":"@FolhadoLesteRJ","twitter_site":"@FolhadoLesteRJ","twitter_misc":{"Written by":"Ana Carolina Motta","Est. reading time":"4 minutes"},"schema":{"@context":"https:\/\/schema.org","@graph":[{"@type":"NewsArticle","@id":"https:\/\/folhadoleste.com.br\/alunos-da-rede-estadual-brilham-no-g20-social\/#article","isPartOf":{"@id":"https:\/\/folhadoleste.com.br\/alunos-da-rede-estadual-brilham-no-g20-social\/"},"author":{"name":"Ana Carolina Motta","@id":"https:\/\/folhadoleste.com.br\/#\/schema\/person\/8f044b173ce73d5609095241ce6a7cf0"},"headline":"Alunos da rede estadual brilham no G20 Social","datePublished":"2024-11-16T12:49:21+00:00","mainEntityOfPage":{"@id":"https:\/\/folhadoleste.com.br\/alunos-da-rede-estadual-brilham-no-g20-social\/"},"wordCount":526,"commentCount":0,"publisher":{"@id":"https:\/\/folhadoleste.com.br\/#organization"},"image":{"@id":"https:\/\/folhadoleste.com.br\/alunos-da-rede-estadual-brilham-no-g20-social\/#primaryimage"},"thumbnailUrl":"https:\/\/folhadoleste.com.br\/wp-content\/uploads\/2024\/11\/Jovem_reporter-G20_social-3.jpg","keywords":["comunica\u00e7\u00e3o","desafios globais","Direitos Humanos","diversidade","educa\u00e7\u00e3o","educa\u00e7\u00e3o intercultural","engajamento social","estudantes","eventos globais","G20","G20 no Brasil","G20 Social","igualdade","impacto global","Inclus\u00e3o","inova\u00e7\u00e3o","jovens","jovens rep\u00f3rteres","justi\u00e7a econ\u00f4mica","justi\u00e7a social","Participa\u00e7\u00e3o Cidad\u00e3","pol\u00edtica","pol\u00edticas p\u00fablicas","Programa Jovem Rep\u00f3rter","Projetos Sociais","propostas do G20","protagonismo jovem","Rela\u00e7\u00f5es Internacionais","Rio de Janeiro","sociedade civil","solu\u00e7\u00f5es sustent\u00e1veis","sustentabilidade","Transforma\u00e7\u00e3o Social"],"articleSection":["Estado do Rio de Janeiro","Rio de Janeiro - Capital"],"inLanguage":"en-US","potentialAction":[{"@type":"CommentAction","name":"Comment","target":["https:\/\/folhadoleste.com.br\/alunos-da-rede-estadual-brilham-no-g20-social\/#respond"]}]},{"@type":"WebPage","@id":"https:\/\/folhadoleste.com.br\/alunos-da-rede-estadual-brilham-no-g20-social\/","url":"https:\/\/folhadoleste.com.br\/alunos-da-rede-estadual-brilham-no-g20-social\/","name":"Alunos da rede estadual brilham no G20 Social &#8226; Folha do Leste","isPartOf":{"@id":"https:\/\/folhadoleste.com.br\/#website"},"primaryImageOfPage":{"@id":"https:\/\/folhadoleste.com.br\/alunos-da-rede-estadual-brilham-no-g20-social\/#primaryimage"},"image":{"@id":"https:\/\/folhadoleste.com.br\/alunos-da-rede-estadual-brilham-no-g20-social\/#primaryimage"},"thumbnailUrl":"https:\/\/folhadoleste.com.br\/wp-content\/uploads\/2024\/11\/Jovem_reporter-G20_social-3.jpg","datePublished":"2024-11-16T12:49:21+00:00","description":"Alunos do Programa Jovem Rep\u00f3rter marcam presen\u00e7a no G20 Social, realizando cobertura jornal\u00edstica e aprendendo a produzir conte\u00fado.","breadcrumb":{"@id":"https:\/\/folhadoleste.com.br\/alunos-da-rede-estadual-brilham-no-g20-social\/#breadcrumb"},"inLanguage":"en-US","potentialAction":[{"@type":"ReadAction","target":["https:\/\/folhadoleste.com.br\/alunos-da-rede-estadual-brilham-no-g20-social\/"]}]},{"@type":"ImageObject","inLanguage":"en-US","@id":"https:\/\/folhadoleste.com.br\/alunos-da-rede-estadual-brilham-no-g20-social\/#primaryimage","url":"https:\/\/folhadoleste.com.br\/wp-content\/uploads\/2024\/11\/Jovem_reporter-G20_social-3.jpg","contentUrl":"https:\/\/folhadoleste.com.br\/wp-content\/uploads\/2024\/11\/Jovem_reporter-G20_social-3.jpg","width":1611,"height":1074,"caption":"Alunos do Programa Jovem Rep\u00f3rter marcam presen\u00e7a no G20 Social, realizando cobertura jornal\u00edstica e registrando propostas para um mundo sustent\u00e1vel."},{"@type":"BreadcrumbList","@id":"https:\/\/folhadoleste.com.br\/alunos-da-rede-estadual-brilham-no-g20-social\/#breadcrumb","itemListElement":[{"@type":"ListItem","position":1,"name":"In\u00edcio","item":"https:\/\/folhadoleste.com.br\/"},{"@type":"ListItem","position":2,"name":"Rio de Janeiro - Capital","item":"https:\/\/folhadoleste.com.br\/category\/rio-de-janeiro-capital\/"},{"@type":"ListItem","position":3,"name":"Alunos da rede estadual brilham no G20 Social"}]},{"@type":"WebSite","@id":"https:\/\/folhadoleste.com.br\/#website","url":"https:\/\/folhadoleste.com.br\/","name":"Folha do Leste","description":"Portal de Not\u00edcias com \u00eanfase em Niter\u00f3i, criando conte\u00fados desde a capital Rio de Janeiro, com olhar para o Leste Fluminense e suas cidades como S\u00e3o Gon\u00e7alo, Itabora\u00ed, Rio Bonito, Maric\u00e1, Saquarema e Araruama","publisher":{"@id":"https:\/\/folhadoleste.com.br\/#organization"},"alternateName":"FL","potentialAction":[{"@type":"SearchAction","target":{"@type":"EntryPoint","urlTemplate":"https:\/\/folhadoleste.com.br\/?s={search_term_string}"},"query-input":{"@type":"PropertyValueSpecification","valueRequired":true,"valueName":"search_term_string"}}],"inLanguage":"en-US"},{"@type":"Organization","@id":"https:\/\/folhadoleste.com.br\/#organization","name":"Brasil 21 Comunica\u00e7\u00e3o","alternateName":"BR21","url":"https:\/\/folhadoleste.com.br\/","logo":{"@type":"ImageObject","inLanguage":"en-US","@id":"https:\/\/folhadoleste.com.br\/#\/schema\/logo\/image\/","url":"https:\/\/folhadoleste.com.br\/wp-content\/uploads\/2025\/12\/brasil-21-logomarca.avif","contentUrl":"https:\/\/folhadoleste.com.br\/wp-content\/uploads\/2025\/12\/brasil-21-logomarca.avif","width":1044,"height":1044,"caption":"Brasil 21 Comunica\u00e7\u00e3o"},"image":{"@id":"https:\/\/folhadoleste.com.br\/#\/schema\/logo\/image\/"},"sameAs":["https:\/\/www.facebook.com\/folhadoleste","https:\/\/x.com\/FolhadoLesteRJ","https:\/\/www.instagram.com\/folhadoleste\/"]},{"@type":"Person","@id":"https:\/\/folhadoleste.com.br\/#\/schema\/person\/8f044b173ce73d5609095241ce6a7cf0","name":"Ana Carolina Motta","image":{"@type":"ImageObject","inLanguage":"en-US","@id":"https:\/\/folhadoleste.com.br\/wp-content\/litespeed\/avatar\/c745de34c0d1fca381be0dadb2a31ad0.jpg?ver=1777161218","url":"https:\/\/folhadoleste.com.br\/wp-content\/litespeed\/avatar\/c745de34c0d1fca381be0dadb2a31ad0.jpg?ver=1777161218","contentUrl":"https:\/\/folhadoleste.com.br\/wp-content\/litespeed\/avatar\/c745de34c0d1fca381be0dadb2a31ad0.jpg?ver=1777161218","caption":"Ana Carolina Motta"},"url":"https:\/\/folhadoleste.com.br\/en\/author\/ana-carolina\/"}]}},"_links":{"self":[{"href":"https:\/\/folhadoleste.com.br\/en\/wp-json\/wp\/v2\/posts\/96740","targetHints":{"allow":["GET"]}}],"collection":[{"href":"https:\/\/folhadoleste.com.br\/en\/wp-json\/wp\/v2\/posts"}],"about":[{"href":"https:\/\/folhadoleste.com.br\/en\/wp-json\/wp\/v2\/types\/post"}],"author":[{"embeddable":true,"href":"https:\/\/folhadoleste.com.br\/en\/wp-json\/wp\/v2\/users\/16"}],"replies":[{"embeddable":true,"href":"https:\/\/folhadoleste.com.br\/en\/wp-json\/wp\/v2\/comments?post=96740"}],"version-history":[{"count":1,"href":"https:\/\/folhadoleste.com.br\/en\/wp-json\/wp\/v2\/posts\/96740\/revisions"}],"predecessor-version":[{"id":96744,"href":"https:\/\/folhadoleste.com.br\/en\/wp-json\/wp\/v2\/posts\/96740\/revisions\/96744"}],"wp:featuredmedia":[{"embeddable":true,"href":"https:\/\/folhadoleste.com.br\/en\/wp-json\/wp\/v2\/media\/96743"}],"wp:attachment":[{"href":"https:\/\/folhadoleste.com.br\/en\/wp-json\/wp\/v2\/media?parent=96740"}],"wp:term":[{"taxonomy":"category","embeddable":true,"href":"https:\/\/folhadoleste.com.br\/en\/wp-json\/wp\/v2\/categories?post=96740"},{"taxonomy":"post_tag","embeddable":true,"href":"https:\/\/folhadoleste.com.br\/en\/wp-json\/wp\/v2\/tags?post=96740"}],"curies":[{"name":"wp","href":"https:\/\/api.w.org\/{rel}","templated":true}]}}