{"id":96152,"date":"2024-11-13T11:01:52","date_gmt":"2024-11-13T14:01:52","guid":{"rendered":"https:\/\/folhadoleste.com.br\/?p=96152"},"modified":"2024-11-14T01:03:12","modified_gmt":"2024-11-14T04:03:12","slug":"precariedade-da-enel-deixa-niteroi-sao-goncalo-e-marica-sem-luz-por-dois-dias","status":"publish","type":"post","link":"https:\/\/folhadoleste.com.br\/en\/precariedade-da-enel-deixa-niteroi-sao-goncalo-e-marica-sem-luz-por-dois-dias\/","title":{"rendered":"Precariedade da Enel deixa Niter\u00f3i, S\u00e3o Gon\u00e7alo e Maric\u00e1 sem luz por dois dias"},"content":{"rendered":"<div id=\"attachment_96159\" style=\"width: 1217px\" class=\"wp-caption alignnone\"><img decoding=\"async\" aria-describedby=\"caption-attachment-96159\" class=\"wp-image-96159 size-full\" src=\"https:\/\/folhadoleste.com.br\/wp-content\/uploads\/2024\/11\/Incompetencia-da-Enel-deixa-Niteroi-Sao-Goncalo-e-Marica-sem-luz.jpeg\" alt=\"Precariedade da Enel deixa Niter\u00f3i, S\u00e3o Gon\u00e7alo e Maric\u00e1 sem luz por dois dias\" width=\"1207\" height=\"724\" \/><p id=\"caption-attachment-96159\" class=\"wp-caption-text\">Precariedade da Enel deixa Niter\u00f3i, S\u00e3o Gon\u00e7alo e Maric\u00e1 sem luz por dois dias | Marcelo Casal Jr\/ABr<\/p><\/div>\n<p style=\"text-align: justify;\" data-pm-slice=\"1 1 []\">Por dois dias consecutivos, a precariedade dos servi\u00e7os de energia da concession\u00e1ria Enel se tornam evidentes em Niter\u00f3i, S\u00e3o Gon\u00e7alo e Maric\u00e1. As tr\u00eas cidades, do Leste Fluminense, com quase 1,8 milh\u00e3o de habitantes, sofre com intermitentes falhas de abastecimento desde a manh\u00e3 de ter\u00e7a-feira (12). Inicialmente, o problema de ontem teve in\u00edcio na subesta\u00e7\u00e3o de Alc\u00e2ntara. Entretanto, na manh\u00e3 desta quarta-feira (13), j\u00e1 h\u00e1 outro problema distinto que, mais uma vez, a empresa transfere a culpa para a natureza<\/p>\n<h5 style=\"text-align: center;\"><span style=\"color: #000000;\"><span style=\"color: #ff0000;\"><strong>+ <\/strong><\/span><\/span><span style=\"color: #000000;\"><strong><span style=\"color: #ff9900;\">MAIS NOT\u00cdCIAS DE MARIC\u00c1?<\/span> <span style=\"color: #008080;\"><a style=\"color: #008080;\" href=\"https:\/\/folhadoleste.com.br\/en\/category\/jornal-folha-do-leste-rj\/marica\/\">CLIQUE AQUI<\/a><\/span><\/strong><\/span><\/h5>\n<p style=\"text-align: justify;\" data-pm-slice=\"1 1 []\">Conforme nota da Enel, a falha ocorre <span style=\"font-size: 1.21429rem;\">em uma linha de distribui\u00e7\u00e3o de alta tens\u00e3o da companhia, que abastece parte de S\u00e3o Gon\u00e7alo. <\/span><\/p>\n<blockquote>\n<p style=\"text-align: justify;\" data-pm-slice=\"1 1 []\">&#8220;O incidente ocorreu durante as fortes chuvas com rajadas de vento e descargas atmosf\u00e9ricas que atingem parte do Estado do Rio de Janeiro&#8221;, diz a Enel.<\/p>\n<\/blockquote>\n<p style=\"text-align: justify;\" data-pm-slice=\"1 1 []\"><span style=\"font-size: 1.21429rem;\"><br \/>\nA empresa afirma, ainda que t\u00e9cnicos da distribuidora j\u00e1 est\u00e3o realizando os reparos necess\u00e1rios na Linha. Todavia, ressalta que a a\u00e7\u00e3o envolve servi\u00e7os complexos num local de dif\u00edcil acesso, sem especificar onde. Ao mesmo tempo, a empresa diz que est\u00e1 realizando manobras na rede para reduzir o n\u00famero de clientes impactados.<\/span><\/p>\n<p style=\"text-align: justify;\" data-pm-slice=\"1 1 []\"><span style=\"font-size: 1.21429rem;\">Como resultado, h\u00e1 reflexos no fornecimento de energia para alguns clientes nas cidades S\u00e3o Gon\u00e7alo, Niter\u00f3i e Maric\u00e1.<\/span><\/p>\n<div id=\"v1m_5775279643774488949replybody1\">\n<div dir=\"ltr\">\n<h2><a href=\"https:\/\/folhadoleste.com.br\/en\/apos-dois-dias-enel-diz-que-resolveu-100-dos-problemas-de-energia-do-leste-fluminense\/\"><em>O problema e a solu\u00e7\u00e3o<\/em><\/a><\/h2>\n<p style=\"text-align: justify;\">Pela manh\u00e3, sobre a falha na subesta\u00e7\u00e3o de Alc\u00e2ntara, a Enel diz que 87% dos clientes chegaram a ter o fornecimento de energia normalizado. Esse n\u00famero avan\u00e7ou para 91% na parte da tarde, com a t\u00e9cnicos da empresa ainda atuando nos reparos.<\/p>\n<p style=\"text-align: justify;\">Tamb\u00e9m de tarde, a Enel Rio disse que normalizou \u00e0s 11h50 o fornecimento de energia para 100% dos clientes afetados pela ocorr\u00eancia numa linha de distribui\u00e7\u00e3o de alta tens\u00e3o da distribuidora.<\/p>\n<p style=\"text-align: justify;\"><a href=\"https:\/\/folhadoleste.com.br\/en\/apos-dois-dias-enel-diz-que-resolveu-100-dos-problemas-de-energia-do-leste-fluminense\/\">J\u00e1 na parte da noite, Enel Rio informou que normalizou em 100% o fornecimento de energia para os clientes afetados pela ocorr\u00eancia na subesta\u00e7\u00e3o de Alc\u00e2ntara.<\/a><\/p>\n<blockquote>\n<p style=\"text-align: justify;\">&#8220;A empresa esteve com autoridades da regi\u00e3o para priorizar e garantir o abastecimento dos servi\u00e7os essenciais. A Enel segue com refor\u00e7o de equipes em campo para eventuais ocorr\u00eancias causadas pelas chuvas na regi\u00e3o da subesta\u00e7\u00e3o&#8221;, afirmou a concession\u00e1ria, em nota.<\/p>\n<\/blockquote>\n<h5 style=\"text-align: center;\"><span style=\"color: #000000;\"><span style=\"color: #ff0000;\"><strong>+ <\/strong><\/span><\/span><span style=\"color: #000000;\"><strong><span style=\"color: #ff9900;\">MAIS NOT\u00cdCIAS DE NITER\u00d3I?<\/span>\u00a0<\/strong><\/span><span style=\"color: #008080;\"><a style=\"color: #008080;\" href=\"https:\/\/folhadoleste.com.br\/en\/category\/jornal-folha-do-leste-rj\/niteroi\/\"><strong>CLIQUE AQUI<\/strong><\/a><\/span><\/h5>\n<h5 style=\"text-align: center;\"><span style=\"color: #000000;\"><span style=\"color: #ff0000;\"><strong>+ <\/strong><\/span><\/span><span style=\"color: #000000;\"><strong><span style=\"color: #ff9900;\">MAIS NOT\u00cdCIAS DO LESTE FLUMINENSE?<\/span> <span style=\"color: #008080;\"><a style=\"color: #008080;\" href=\"https:\/\/folhadoleste.com.br\/en\/category\/jornal-folha-do-leste-rj\/\">CLIQUE AQUI<\/a><\/span><\/strong><\/span><\/h5>\n<p>&nbsp;<\/p>\n<div id=\"attachment_77492\" style=\"width: 410px\" class=\"wp-caption aligncenter\"><a href=\"http:\/\/instagram.com\/folhadoleste\"><img decoding=\"async\" aria-describedby=\"caption-attachment-77492\" class=\"wp-image-77492 size-full\" src=\"https:\/\/folhadoleste.com.br\/wp-content\/uploads\/2024\/07\/Instagram-Folha-do-Leste.png\" alt=\"http:\/\/instagram.com\/folhadoleste\" width=\"400\" height=\"200\" \/><\/a><p id=\"caption-attachment-77492\" class=\"wp-caption-text\">Siga o Folha do Leste no Instagram!<\/p><\/div>\n<div id=\"attachment_77490\" style=\"width: 310px\" class=\"wp-caption aligncenter\"><a href=\"http:\/\/facebook.com\/folhadoleste\"><img decoding=\"async\" aria-describedby=\"caption-attachment-77490\" class=\"size-medium wp-image-77490\" src=\"https:\/\/folhadoleste.com.br\/wp-content\/uploads\/2024\/07\/Facebook-Folha-do-Leste-10k-300x300.jpg\" alt=\"Curta e siga o Folha do Leste no Facebook!\" width=\"300\" height=\"300\" \/><\/a><p id=\"caption-attachment-77490\" class=\"wp-caption-text\">Curta e siga o Folha do Leste no Facebook!<\/p><\/div>\n<p>&nbsp;<\/p>\n<\/div>\n<\/div>\n<p data-pm-slice=\"1 1 []\">","protected":false},"excerpt":{"rendered":"<p>Por dois dias consecutivos, a precariedade dos servi\u00e7os de energia da concession\u00e1ria Enel se tornam evidentes em Niter\u00f3i, S\u00e3o Gon\u00e7alo e Maric\u00e1. As tr\u00eas cidades, do Leste Fluminense, com quase 1,8 milh\u00e3o de habitantes, sofre com intermitentes falhas de abastecimento desde a manh\u00e3 de ter\u00e7a-feira (12). Inicialmente, o problema de ontem teve in\u00edcio na subesta\u00e7\u00e3o de Alc\u00e2ntara. Entretanto, na manh\u00e3 desta quarta-feira (13), j\u00e1 h\u00e1 outro problema distinto que, mais uma vez, a empresa transfere a culpa para a natureza + MAIS NOT\u00cdCIAS DE MARIC\u00c1? CLIQUE AQUI Conforme nota da Enel, a falha ocorre em uma linha de distribui\u00e7\u00e3o de [&hellip;]<\/p>\n","protected":false},"author":2,"featured_media":96159,"comment_status":"open","ping_status":"open","sticky":false,"template":"","format":"standard","meta":{"footnotes":""},"categories":[47,87,5,52],"tags":[10657,1456,11666,50415,50414,15443,3549,2888,18191,10792,54,50413,39099,56,6670,50,10321,76,30161,9806],"class_list":["post-96152","post","type-post","status-publish","format-standard","has-post-thumbnail","hentry","category-leste-fluminense","category-marica","category-noticias-de-niteroi","category-sao-goncalo","tag-abastecimento","tag-alcantara","tag-alta-tensao","tag-centro-de-controle","tag-controle-remoto","tag-desabastecimento","tag-enel","tag-energia","tag-falha","tag-interrupcao","tag-leste-fluminense","tag-linha-de-alta-tensao","tag-manobra","tag-marica","tag-moradores","tag-niteroi","tag-rede-eletrica","tag-sao-goncalo","tag-subestacao","tag-tecnicos","post--single"],"yoast_head":"<!-- This site is optimized with the Yoast SEO plugin v27.4 - https:\/\/yoast.com\/product\/yoast-seo-wordpress\/ -->\n<title>Precariedade da Enel deixa Niter\u00f3i, S\u00e3o Gon\u00e7alo e Maric\u00e1 sem luz por dois dias &#8226; Folha do Leste<\/title>\n<meta name=\"description\" content=\"Precariedade da Enel deixa Niter\u00f3i, S\u00e3o Gon\u00e7alo e Maric\u00e1, no Leste Fluminense, sem luz por dois dias. Explica\u00e7\u00e3o n\u00e3o convence\" \/>\n<meta name=\"robots\" content=\"index, follow, max-snippet:-1, max-image-preview:large, max-video-preview:-1\" \/>\n<link rel=\"canonical\" href=\"https:\/\/folhadoleste.com.br\/en\/precariedade-da-enel-deixa-niteroi-sao-goncalo-e-marica-sem-luz-por-dois-dias\/\" \/>\n<meta property=\"og:locale\" content=\"en_US\" \/>\n<meta property=\"og:type\" content=\"article\" \/>\n<meta property=\"og:title\" content=\"Precariedade da Enel deixa Niter\u00f3i, S\u00e3o Gon\u00e7alo e Maric\u00e1 sem luz por dois dias &#8226; Folha do Leste\" \/>\n<meta property=\"og:description\" content=\"13 de November de 2024 &#8226; Leste Fluminense, Maric\u00e1, Niter\u00f3i, S\u00e3o Gon\u00e7alo &#8226; Folha do Leste\" \/>\n<meta property=\"og:url\" content=\"https:\/\/folhadoleste.com.br\/en\/precariedade-da-enel-deixa-niteroi-sao-goncalo-e-marica-sem-luz-por-dois-dias\/\" \/>\n<meta property=\"og:site_name\" content=\"Folha do Leste\" \/>\n<meta property=\"article:publisher\" content=\"https:\/\/www.facebook.com\/folhadoleste\" \/>\n<meta property=\"article:author\" content=\"https:\/\/www.facebook.com\/reporter.andrefreitas\/\" \/>\n<meta property=\"article:published_time\" content=\"2024-11-13T14:01:52+00:00\" \/>\n<meta property=\"article:modified_time\" content=\"2024-11-14T04:03:12+00:00\" \/>\n<meta property=\"og:image\" content=\"https:\/\/folhadoleste.com.br\/wp-content\/uploads\/2024\/11\/Incompetencia-da-Enel-deixa-Niteroi-Sao-Goncalo-e-Marica-sem-luz.jpeg\" \/>\n\t<meta property=\"og:image:width\" content=\"1207\" \/>\n\t<meta property=\"og:image:height\" content=\"724\" \/>\n\t<meta property=\"og:image:type\" content=\"image\/jpeg\" \/>\n<meta name=\"author\" content=\"Andr\u00e9 Freitas\" \/>\n<meta name=\"twitter:card\" content=\"summary_large_image\" \/>\n<meta name=\"twitter:creator\" content=\"@andrefreitas_fl\" \/>\n<meta name=\"twitter:site\" content=\"@FolhadoLesteRJ\" \/>\n<meta name=\"twitter:label1\" content=\"Written by\" \/>\n\t<meta name=\"twitter:data1\" content=\"Andr\u00e9 Freitas\" \/>\n\t<meta name=\"twitter:label2\" content=\"Est. reading time\" \/>\n\t<meta name=\"twitter:data2\" content=\"3 minutes\" \/>\n<script type=\"application\/ld+json\" class=\"yoast-schema-graph\">{\"@context\":\"https:\\\/\\\/schema.org\",\"@graph\":[{\"@type\":\"NewsArticle\",\"@id\":\"https:\\\/\\\/folhadoleste.com.br\\\/precariedade-da-enel-deixa-niteroi-sao-goncalo-e-marica-sem-luz-por-dois-dias\\\/#article\",\"isPartOf\":{\"@id\":\"https:\\\/\\\/folhadoleste.com.br\\\/precariedade-da-enel-deixa-niteroi-sao-goncalo-e-marica-sem-luz-por-dois-dias\\\/\"},\"author\":{\"name\":\"Andr\u00e9 Freitas\",\"@id\":\"https:\\\/\\\/folhadoleste.com.br\\\/#\\\/schema\\\/person\\\/7df02ce7ce01cc6d79b740381f6f5446\"},\"headline\":\"Precariedade da Enel deixa Niter\u00f3i, S\u00e3o Gon\u00e7alo e Maric\u00e1 sem luz por dois dias\",\"datePublished\":\"2024-11-13T14:01:52+00:00\",\"dateModified\":\"2024-11-14T04:03:12+00:00\",\"mainEntityOfPage\":{\"@id\":\"https:\\\/\\\/folhadoleste.com.br\\\/precariedade-da-enel-deixa-niteroi-sao-goncalo-e-marica-sem-luz-por-dois-dias\\\/\"},\"wordCount\":481,\"commentCount\":0,\"publisher\":{\"@id\":\"https:\\\/\\\/folhadoleste.com.br\\\/#organization\"},\"image\":{\"@id\":\"https:\\\/\\\/folhadoleste.com.br\\\/precariedade-da-enel-deixa-niteroi-sao-goncalo-e-marica-sem-luz-por-dois-dias\\\/#primaryimage\"},\"thumbnailUrl\":\"https:\\\/\\\/folhadoleste.com.br\\\/wp-content\\\/uploads\\\/2024\\\/11\\\/Incompetencia-da-Enel-deixa-Niteroi-Sao-Goncalo-e-Marica-sem-luz.jpeg\",\"keywords\":[\"abastecimento\",\"Alc\u00e2ntara\",\"alta tens\u00e3o\",\"Centro de Controle\",\"controle remoto\",\"Desabastecimento\",\"Enel\",\"Energia\",\"Falha\",\"interrup\u00e7\u00e3o\",\"Leste Fluminense\",\"linha de alta tens\u00e3o\",\"manobra\",\"Maric\u00e1\",\"moradores\",\"Niter\u00f3i\",\"rede el\u00e9trica\",\"s\u00e3o gon\u00e7alo\",\"subesta\u00e7\u00e3o\",\"t\u00e9cnicos\"],\"articleSection\":[\"Leste Fluminense\",\"Maric\u00e1\",\"Niter\u00f3i\",\"S\u00e3o Gon\u00e7alo\"],\"inLanguage\":\"en-US\",\"potentialAction\":[{\"@type\":\"CommentAction\",\"name\":\"Comment\",\"target\":[\"https:\\\/\\\/folhadoleste.com.br\\\/precariedade-da-enel-deixa-niteroi-sao-goncalo-e-marica-sem-luz-por-dois-dias\\\/#respond\"]}]},{\"@type\":\"WebPage\",\"@id\":\"https:\\\/\\\/folhadoleste.com.br\\\/precariedade-da-enel-deixa-niteroi-sao-goncalo-e-marica-sem-luz-por-dois-dias\\\/\",\"url\":\"https:\\\/\\\/folhadoleste.com.br\\\/precariedade-da-enel-deixa-niteroi-sao-goncalo-e-marica-sem-luz-por-dois-dias\\\/\",\"name\":\"Precariedade da Enel deixa Niter\u00f3i, S\u00e3o Gon\u00e7alo e Maric\u00e1 sem luz por dois dias &#8226; Folha do Leste\",\"isPartOf\":{\"@id\":\"https:\\\/\\\/folhadoleste.com.br\\\/#website\"},\"primaryImageOfPage\":{\"@id\":\"https:\\\/\\\/folhadoleste.com.br\\\/precariedade-da-enel-deixa-niteroi-sao-goncalo-e-marica-sem-luz-por-dois-dias\\\/#primaryimage\"},\"image\":{\"@id\":\"https:\\\/\\\/folhadoleste.com.br\\\/precariedade-da-enel-deixa-niteroi-sao-goncalo-e-marica-sem-luz-por-dois-dias\\\/#primaryimage\"},\"thumbnailUrl\":\"https:\\\/\\\/folhadoleste.com.br\\\/wp-content\\\/uploads\\\/2024\\\/11\\\/Incompetencia-da-Enel-deixa-Niteroi-Sao-Goncalo-e-Marica-sem-luz.jpeg\",\"datePublished\":\"2024-11-13T14:01:52+00:00\",\"dateModified\":\"2024-11-14T04:03:12+00:00\",\"description\":\"Precariedade da Enel deixa Niter\u00f3i, S\u00e3o Gon\u00e7alo e Maric\u00e1, no Leste Fluminense, sem luz por dois dias. Explica\u00e7\u00e3o n\u00e3o convence\",\"breadcrumb\":{\"@id\":\"https:\\\/\\\/folhadoleste.com.br\\\/precariedade-da-enel-deixa-niteroi-sao-goncalo-e-marica-sem-luz-por-dois-dias\\\/#breadcrumb\"},\"inLanguage\":\"en-US\",\"potentialAction\":[{\"@type\":\"ReadAction\",\"target\":[\"https:\\\/\\\/folhadoleste.com.br\\\/precariedade-da-enel-deixa-niteroi-sao-goncalo-e-marica-sem-luz-por-dois-dias\\\/\"]}]},{\"@type\":\"ImageObject\",\"inLanguage\":\"en-US\",\"@id\":\"https:\\\/\\\/folhadoleste.com.br\\\/precariedade-da-enel-deixa-niteroi-sao-goncalo-e-marica-sem-luz-por-dois-dias\\\/#primaryimage\",\"url\":\"https:\\\/\\\/folhadoleste.com.br\\\/wp-content\\\/uploads\\\/2024\\\/11\\\/Incompetencia-da-Enel-deixa-Niteroi-Sao-Goncalo-e-Marica-sem-luz.jpeg\",\"contentUrl\":\"https:\\\/\\\/folhadoleste.com.br\\\/wp-content\\\/uploads\\\/2024\\\/11\\\/Incompetencia-da-Enel-deixa-Niteroi-Sao-Goncalo-e-Marica-sem-luz.jpeg\",\"width\":1207,\"height\":724,\"caption\":\"Apag\u00e3o deixa Hospital sem luz em S\u00e3o\u00a0Gon\u00e7alo | Divulga\u00e7\u00e3o\"},{\"@type\":\"BreadcrumbList\",\"@id\":\"https:\\\/\\\/folhadoleste.com.br\\\/precariedade-da-enel-deixa-niteroi-sao-goncalo-e-marica-sem-luz-por-dois-dias\\\/#breadcrumb\",\"itemListElement\":[{\"@type\":\"ListItem\",\"position\":1,\"name\":\"In\u00edcio\",\"item\":\"https:\\\/\\\/folhadoleste.com.br\\\/\"},{\"@type\":\"ListItem\",\"position\":2,\"name\":\"Estado do Rio de Janeiro\",\"item\":\"https:\\\/\\\/folhadoleste.com.br\\\/category\\\/estado-do-rio-de-janeiro\\\/\"},{\"@type\":\"ListItem\",\"position\":3,\"name\":\"Leste Fluminense\",\"item\":\"https:\\\/\\\/folhadoleste.com.br\\\/category\\\/estado-do-rio-de-janeiro\\\/leste-fluminense\\\/\"},{\"@type\":\"ListItem\",\"position\":4,\"name\":\"Precariedade da Enel deixa Niter\u00f3i, S\u00e3o Gon\u00e7alo e Maric\u00e1 sem luz por dois dias\"}]},{\"@type\":\"WebSite\",\"@id\":\"https:\\\/\\\/folhadoleste.com.br\\\/#website\",\"url\":\"https:\\\/\\\/folhadoleste.com.br\\\/\",\"name\":\"Folha do Leste\",\"description\":\"Portal de Not\u00edcias com \u00eanfase em Niter\u00f3i, criando conte\u00fados desde a capital Rio de Janeiro, com olhar para o Leste Fluminense e suas cidades como S\u00e3o Gon\u00e7alo, Itabora\u00ed, Rio Bonito, Maric\u00e1, Saquarema e Araruama\",\"publisher\":{\"@id\":\"https:\\\/\\\/folhadoleste.com.br\\\/#organization\"},\"alternateName\":\"FL\",\"potentialAction\":[{\"@type\":\"SearchAction\",\"target\":{\"@type\":\"EntryPoint\",\"urlTemplate\":\"https:\\\/\\\/folhadoleste.com.br\\\/?s={search_term_string}\"},\"query-input\":{\"@type\":\"PropertyValueSpecification\",\"valueRequired\":true,\"valueName\":\"search_term_string\"}}],\"inLanguage\":\"en-US\"},{\"@type\":\"Organization\",\"@id\":\"https:\\\/\\\/folhadoleste.com.br\\\/#organization\",\"name\":\"Brasil 21 Comunica\u00e7\u00e3o\",\"alternateName\":\"BR21\",\"url\":\"https:\\\/\\\/folhadoleste.com.br\\\/\",\"logo\":{\"@type\":\"ImageObject\",\"inLanguage\":\"en-US\",\"@id\":\"https:\\\/\\\/folhadoleste.com.br\\\/#\\\/schema\\\/logo\\\/image\\\/\",\"url\":\"https:\\\/\\\/folhadoleste.com.br\\\/wp-content\\\/uploads\\\/2025\\\/12\\\/brasil-21-logomarca.avif\",\"contentUrl\":\"https:\\\/\\\/folhadoleste.com.br\\\/wp-content\\\/uploads\\\/2025\\\/12\\\/brasil-21-logomarca.avif\",\"width\":1044,\"height\":1044,\"caption\":\"Brasil 21 Comunica\u00e7\u00e3o\"},\"image\":{\"@id\":\"https:\\\/\\\/folhadoleste.com.br\\\/#\\\/schema\\\/logo\\\/image\\\/\"},\"sameAs\":[\"https:\\\/\\\/www.facebook.com\\\/folhadoleste\",\"https:\\\/\\\/x.com\\\/FolhadoLesteRJ\",\"https:\\\/\\\/www.instagram.com\\\/folhadoleste\\\/\"]},{\"@type\":\"Person\",\"@id\":\"https:\\\/\\\/folhadoleste.com.br\\\/#\\\/schema\\\/person\\\/7df02ce7ce01cc6d79b740381f6f5446\",\"name\":\"Andr\u00e9 Freitas\",\"pronouns\":\"Ele\\\/dele\",\"image\":{\"@type\":\"ImageObject\",\"inLanguage\":\"en-US\",\"@id\":\"https:\\\/\\\/folhadoleste.com.br\\\/wp-content\\\/litespeed\\\/avatar\\\/0357fd225fa38935ec9aabab3531fa5e.jpg?ver=1777161141\",\"url\":\"https:\\\/\\\/folhadoleste.com.br\\\/wp-content\\\/litespeed\\\/avatar\\\/0357fd225fa38935ec9aabab3531fa5e.jpg?ver=1777161141\",\"contentUrl\":\"https:\\\/\\\/folhadoleste.com.br\\\/wp-content\\\/litespeed\\\/avatar\\\/0357fd225fa38935ec9aabab3531fa5e.jpg?ver=1777161141\",\"caption\":\"Andr\u00e9 Freitas\"},\"description\":\"Andr\u00e9 Freitas \u00e9 diretor-executivo e rep\u00f3rter do Folha do Leste e da Brasil 21 Comunica\u00e7\u00e3o. Jornalista e radialista desde a d\u00e9cada de 1990, \u00e9 narrador esportivo e cronista especializado em Carnaval, com 26 coberturas presenciais na Marqu\u00eas de Sapuca\u00ed. Possui ampla experi\u00eancia na cobertura da editoria de pol\u00edtica, em raz\u00e3o de fun\u00e7\u00f5es exercidas nos poderes Legislativo e Executivo, com atua\u00e7\u00e3o nas C\u00e2maras Municipais de Niter\u00f3i, S\u00e3o Gon\u00e7alo e Campos dos Goytacazes, al\u00e9m da Assembleia Legislativa do Estado do Rio de Janeiro (Alerj) e da Prefeitura de Niter\u00f3i. Dirigiu por 15 anos a R\u00e1dio Absoluta, onde apresentou programas noticiosos di\u00e1rios e conduziu coberturas esportivas, incluindo mais de uma d\u00e9cada acompanhando a sele\u00e7\u00e3o brasileira de futebol. Nesse per\u00edodo, esteve presente em duas Copas do Mundo e em uma edi\u00e7\u00e3o dos Jogos Ol\u00edmpicos. Trabalhou tamb\u00e9m nas r\u00e1dios Campos Difusora (Campos\\\/RJ) e Litor\u00e2nea (ES). Exerceu o cargo de editor-chefe nos jornais Olho Vivo (Niter\u00f3i\\\/RJ) e A Tribuna (Niter\u00f3i\\\/RJ), al\u00e9m de atuar como colunista do jornal O Di\u00e1rio (Campos dos Goytacazes\\\/RJ).\",\"sameAs\":[\"https:\\\/\\\/folhadoleste.com.br\",\"https:\\\/\\\/www.facebook.com\\\/reporter.andrefreitas\\\/\",\"https:\\\/\\\/www.instagram.com\\\/andrefreitas.jornalista\\\/\",\"www.linkedin.com\\\/in\\\/andr\u00e9-freitas-jornalista\",\"https:\\\/\\\/x.com\\\/andrefreitas_fl\"],\"url\":\"https:\\\/\\\/folhadoleste.com.br\\\/en\\\/author\\\/andrefreitas\\\/\"}]}<\/script>\n<!-- \/ Yoast SEO plugin. -->","yoast_head_json":{"title":"Precariedade da Enel deixa Niter\u00f3i, S\u00e3o Gon\u00e7alo e Maric\u00e1 sem luz por dois dias &#8226; Folha do Leste","description":"Precariedade da Enel deixa Niter\u00f3i, S\u00e3o Gon\u00e7alo e Maric\u00e1, no Leste Fluminense, sem luz por dois dias. Explica\u00e7\u00e3o n\u00e3o convence","robots":{"index":"index","follow":"follow","max-snippet":"max-snippet:-1","max-image-preview":"max-image-preview:large","max-video-preview":"max-video-preview:-1"},"canonical":"https:\/\/folhadoleste.com.br\/en\/precariedade-da-enel-deixa-niteroi-sao-goncalo-e-marica-sem-luz-por-dois-dias\/","og_locale":"en_US","og_type":"article","og_title":"Precariedade da Enel deixa Niter\u00f3i, S\u00e3o Gon\u00e7alo e Maric\u00e1 sem luz por dois dias &#8226; Folha do Leste","og_description":"13 de November de 2024 &#8226; Leste Fluminense, Maric\u00e1, Niter\u00f3i, S\u00e3o Gon\u00e7alo &#8226; Folha do Leste","og_url":"https:\/\/folhadoleste.com.br\/en\/precariedade-da-enel-deixa-niteroi-sao-goncalo-e-marica-sem-luz-por-dois-dias\/","og_site_name":"Folha do Leste","article_publisher":"https:\/\/www.facebook.com\/folhadoleste","article_author":"https:\/\/www.facebook.com\/reporter.andrefreitas\/","article_published_time":"2024-11-13T14:01:52+00:00","article_modified_time":"2024-11-14T04:03:12+00:00","og_image":[{"width":1207,"height":724,"url":"https:\/\/folhadoleste.com.br\/wp-content\/uploads\/2024\/11\/Incompetencia-da-Enel-deixa-Niteroi-Sao-Goncalo-e-Marica-sem-luz.jpeg","type":"image\/jpeg"}],"author":"Andr\u00e9 Freitas","twitter_card":"summary_large_image","twitter_creator":"@andrefreitas_fl","twitter_site":"@FolhadoLesteRJ","twitter_misc":{"Written by":"Andr\u00e9 Freitas","Est. reading time":"3 minutes"},"schema":{"@context":"https:\/\/schema.org","@graph":[{"@type":"NewsArticle","@id":"https:\/\/folhadoleste.com.br\/precariedade-da-enel-deixa-niteroi-sao-goncalo-e-marica-sem-luz-por-dois-dias\/#article","isPartOf":{"@id":"https:\/\/folhadoleste.com.br\/precariedade-da-enel-deixa-niteroi-sao-goncalo-e-marica-sem-luz-por-dois-dias\/"},"author":{"name":"Andr\u00e9 Freitas","@id":"https:\/\/folhadoleste.com.br\/#\/schema\/person\/7df02ce7ce01cc6d79b740381f6f5446"},"headline":"Precariedade da Enel deixa Niter\u00f3i, S\u00e3o Gon\u00e7alo e Maric\u00e1 sem luz por dois dias","datePublished":"2024-11-13T14:01:52+00:00","dateModified":"2024-11-14T04:03:12+00:00","mainEntityOfPage":{"@id":"https:\/\/folhadoleste.com.br\/precariedade-da-enel-deixa-niteroi-sao-goncalo-e-marica-sem-luz-por-dois-dias\/"},"wordCount":481,"commentCount":0,"publisher":{"@id":"https:\/\/folhadoleste.com.br\/#organization"},"image":{"@id":"https:\/\/folhadoleste.com.br\/precariedade-da-enel-deixa-niteroi-sao-goncalo-e-marica-sem-luz-por-dois-dias\/#primaryimage"},"thumbnailUrl":"https:\/\/folhadoleste.com.br\/wp-content\/uploads\/2024\/11\/Incompetencia-da-Enel-deixa-Niteroi-Sao-Goncalo-e-Marica-sem-luz.jpeg","keywords":["abastecimento","Alc\u00e2ntara","alta tens\u00e3o","Centro de Controle","controle remoto","Desabastecimento","Enel","Energia","Falha","interrup\u00e7\u00e3o","Leste Fluminense","linha de alta tens\u00e3o","manobra","Maric\u00e1","moradores","Niter\u00f3i","rede el\u00e9trica","s\u00e3o gon\u00e7alo","subesta\u00e7\u00e3o","t\u00e9cnicos"],"articleSection":["Leste Fluminense","Maric\u00e1","Niter\u00f3i","S\u00e3o Gon\u00e7alo"],"inLanguage":"en-US","potentialAction":[{"@type":"CommentAction","name":"Comment","target":["https:\/\/folhadoleste.com.br\/precariedade-da-enel-deixa-niteroi-sao-goncalo-e-marica-sem-luz-por-dois-dias\/#respond"]}]},{"@type":"WebPage","@id":"https:\/\/folhadoleste.com.br\/precariedade-da-enel-deixa-niteroi-sao-goncalo-e-marica-sem-luz-por-dois-dias\/","url":"https:\/\/folhadoleste.com.br\/precariedade-da-enel-deixa-niteroi-sao-goncalo-e-marica-sem-luz-por-dois-dias\/","name":"Precariedade da Enel deixa Niter\u00f3i, S\u00e3o Gon\u00e7alo e Maric\u00e1 sem luz por dois dias &#8226; Folha do Leste","isPartOf":{"@id":"https:\/\/folhadoleste.com.br\/#website"},"primaryImageOfPage":{"@id":"https:\/\/folhadoleste.com.br\/precariedade-da-enel-deixa-niteroi-sao-goncalo-e-marica-sem-luz-por-dois-dias\/#primaryimage"},"image":{"@id":"https:\/\/folhadoleste.com.br\/precariedade-da-enel-deixa-niteroi-sao-goncalo-e-marica-sem-luz-por-dois-dias\/#primaryimage"},"thumbnailUrl":"https:\/\/folhadoleste.com.br\/wp-content\/uploads\/2024\/11\/Incompetencia-da-Enel-deixa-Niteroi-Sao-Goncalo-e-Marica-sem-luz.jpeg","datePublished":"2024-11-13T14:01:52+00:00","dateModified":"2024-11-14T04:03:12+00:00","description":"Precariedade da Enel deixa Niter\u00f3i, S\u00e3o Gon\u00e7alo e Maric\u00e1, no Leste Fluminense, sem luz por dois dias. Explica\u00e7\u00e3o n\u00e3o convence","breadcrumb":{"@id":"https:\/\/folhadoleste.com.br\/precariedade-da-enel-deixa-niteroi-sao-goncalo-e-marica-sem-luz-por-dois-dias\/#breadcrumb"},"inLanguage":"en-US","potentialAction":[{"@type":"ReadAction","target":["https:\/\/folhadoleste.com.br\/precariedade-da-enel-deixa-niteroi-sao-goncalo-e-marica-sem-luz-por-dois-dias\/"]}]},{"@type":"ImageObject","inLanguage":"en-US","@id":"https:\/\/folhadoleste.com.br\/precariedade-da-enel-deixa-niteroi-sao-goncalo-e-marica-sem-luz-por-dois-dias\/#primaryimage","url":"https:\/\/folhadoleste.com.br\/wp-content\/uploads\/2024\/11\/Incompetencia-da-Enel-deixa-Niteroi-Sao-Goncalo-e-Marica-sem-luz.jpeg","contentUrl":"https:\/\/folhadoleste.com.br\/wp-content\/uploads\/2024\/11\/Incompetencia-da-Enel-deixa-Niteroi-Sao-Goncalo-e-Marica-sem-luz.jpeg","width":1207,"height":724,"caption":"Apag\u00e3o deixa Hospital sem luz em S\u00e3o\u00a0Gon\u00e7alo | Divulga\u00e7\u00e3o"},{"@type":"BreadcrumbList","@id":"https:\/\/folhadoleste.com.br\/precariedade-da-enel-deixa-niteroi-sao-goncalo-e-marica-sem-luz-por-dois-dias\/#breadcrumb","itemListElement":[{"@type":"ListItem","position":1,"name":"In\u00edcio","item":"https:\/\/folhadoleste.com.br\/"},{"@type":"ListItem","position":2,"name":"Estado do Rio de Janeiro","item":"https:\/\/folhadoleste.com.br\/category\/estado-do-rio-de-janeiro\/"},{"@type":"ListItem","position":3,"name":"Leste Fluminense","item":"https:\/\/folhadoleste.com.br\/category\/estado-do-rio-de-janeiro\/leste-fluminense\/"},{"@type":"ListItem","position":4,"name":"Precariedade da Enel deixa Niter\u00f3i, S\u00e3o Gon\u00e7alo e Maric\u00e1 sem luz por dois dias"}]},{"@type":"WebSite","@id":"https:\/\/folhadoleste.com.br\/#website","url":"https:\/\/folhadoleste.com.br\/","name":"Folha do Leste","description":"Portal de Not\u00edcias com \u00eanfase em Niter\u00f3i, criando conte\u00fados desde a capital Rio de Janeiro, com olhar para o Leste Fluminense e suas cidades como S\u00e3o Gon\u00e7alo, Itabora\u00ed, Rio Bonito, Maric\u00e1, Saquarema e Araruama","publisher":{"@id":"https:\/\/folhadoleste.com.br\/#organization"},"alternateName":"FL","potentialAction":[{"@type":"SearchAction","target":{"@type":"EntryPoint","urlTemplate":"https:\/\/folhadoleste.com.br\/?s={search_term_string}"},"query-input":{"@type":"PropertyValueSpecification","valueRequired":true,"valueName":"search_term_string"}}],"inLanguage":"en-US"},{"@type":"Organization","@id":"https:\/\/folhadoleste.com.br\/#organization","name":"Brasil 21 Comunica\u00e7\u00e3o","alternateName":"BR21","url":"https:\/\/folhadoleste.com.br\/","logo":{"@type":"ImageObject","inLanguage":"en-US","@id":"https:\/\/folhadoleste.com.br\/#\/schema\/logo\/image\/","url":"https:\/\/folhadoleste.com.br\/wp-content\/uploads\/2025\/12\/brasil-21-logomarca.avif","contentUrl":"https:\/\/folhadoleste.com.br\/wp-content\/uploads\/2025\/12\/brasil-21-logomarca.avif","width":1044,"height":1044,"caption":"Brasil 21 Comunica\u00e7\u00e3o"},"image":{"@id":"https:\/\/folhadoleste.com.br\/#\/schema\/logo\/image\/"},"sameAs":["https:\/\/www.facebook.com\/folhadoleste","https:\/\/x.com\/FolhadoLesteRJ","https:\/\/www.instagram.com\/folhadoleste\/"]},{"@type":"Person","@id":"https:\/\/folhadoleste.com.br\/#\/schema\/person\/7df02ce7ce01cc6d79b740381f6f5446","name":"Andr\u00e9 Freitas","pronouns":"Ele\/dele","image":{"@type":"ImageObject","inLanguage":"en-US","@id":"https:\/\/folhadoleste.com.br\/wp-content\/litespeed\/avatar\/0357fd225fa38935ec9aabab3531fa5e.jpg?ver=1777161141","url":"https:\/\/folhadoleste.com.br\/wp-content\/litespeed\/avatar\/0357fd225fa38935ec9aabab3531fa5e.jpg?ver=1777161141","contentUrl":"https:\/\/folhadoleste.com.br\/wp-content\/litespeed\/avatar\/0357fd225fa38935ec9aabab3531fa5e.jpg?ver=1777161141","caption":"Andr\u00e9 Freitas"},"description":"Andr\u00e9 Freitas \u00e9 diretor-executivo e rep\u00f3rter do Folha do Leste e da Brasil 21 Comunica\u00e7\u00e3o. Jornalista e radialista desde a d\u00e9cada de 1990, \u00e9 narrador esportivo e cronista especializado em Carnaval, com 26 coberturas presenciais na Marqu\u00eas de Sapuca\u00ed. Possui ampla experi\u00eancia na cobertura da editoria de pol\u00edtica, em raz\u00e3o de fun\u00e7\u00f5es exercidas nos poderes Legislativo e Executivo, com atua\u00e7\u00e3o nas C\u00e2maras Municipais de Niter\u00f3i, S\u00e3o Gon\u00e7alo e Campos dos Goytacazes, al\u00e9m da Assembleia Legislativa do Estado do Rio de Janeiro (Alerj) e da Prefeitura de Niter\u00f3i. Dirigiu por 15 anos a R\u00e1dio Absoluta, onde apresentou programas noticiosos di\u00e1rios e conduziu coberturas esportivas, incluindo mais de uma d\u00e9cada acompanhando a sele\u00e7\u00e3o brasileira de futebol. Nesse per\u00edodo, esteve presente em duas Copas do Mundo e em uma edi\u00e7\u00e3o dos Jogos Ol\u00edmpicos. Trabalhou tamb\u00e9m nas r\u00e1dios Campos Difusora (Campos\/RJ) e Litor\u00e2nea (ES). Exerceu o cargo de editor-chefe nos jornais Olho Vivo (Niter\u00f3i\/RJ) e A Tribuna (Niter\u00f3i\/RJ), al\u00e9m de atuar como colunista do jornal O Di\u00e1rio (Campos dos Goytacazes\/RJ).","sameAs":["https:\/\/folhadoleste.com.br","https:\/\/www.facebook.com\/reporter.andrefreitas\/","https:\/\/www.instagram.com\/andrefreitas.jornalista\/","www.linkedin.com\/in\/andr\u00e9-freitas-jornalista","https:\/\/x.com\/andrefreitas_fl"],"url":"https:\/\/folhadoleste.com.br\/en\/author\/andrefreitas\/"}]}},"_links":{"self":[{"href":"https:\/\/folhadoleste.com.br\/en\/wp-json\/wp\/v2\/posts\/96152","targetHints":{"allow":["GET"]}}],"collection":[{"href":"https:\/\/folhadoleste.com.br\/en\/wp-json\/wp\/v2\/posts"}],"about":[{"href":"https:\/\/folhadoleste.com.br\/en\/wp-json\/wp\/v2\/types\/post"}],"author":[{"embeddable":true,"href":"https:\/\/folhadoleste.com.br\/en\/wp-json\/wp\/v2\/users\/2"}],"replies":[{"embeddable":true,"href":"https:\/\/folhadoleste.com.br\/en\/wp-json\/wp\/v2\/comments?post=96152"}],"version-history":[{"count":7,"href":"https:\/\/folhadoleste.com.br\/en\/wp-json\/wp\/v2\/posts\/96152\/revisions"}],"predecessor-version":[{"id":96328,"href":"https:\/\/folhadoleste.com.br\/en\/wp-json\/wp\/v2\/posts\/96152\/revisions\/96328"}],"wp:featuredmedia":[{"embeddable":true,"href":"https:\/\/folhadoleste.com.br\/en\/wp-json\/wp\/v2\/media\/96159"}],"wp:attachment":[{"href":"https:\/\/folhadoleste.com.br\/en\/wp-json\/wp\/v2\/media?parent=96152"}],"wp:term":[{"taxonomy":"category","embeddable":true,"href":"https:\/\/folhadoleste.com.br\/en\/wp-json\/wp\/v2\/categories?post=96152"},{"taxonomy":"post_tag","embeddable":true,"href":"https:\/\/folhadoleste.com.br\/en\/wp-json\/wp\/v2\/tags?post=96152"}],"curies":[{"name":"wp","href":"https:\/\/api.w.org\/{rel}","templated":true}]}}