{"id":9612,"date":"2023-06-13T10:16:17","date_gmt":"2023-06-13T13:16:17","guid":{"rendered":"https:\/\/folhadoleste.com.br\/?p=9612"},"modified":"2023-06-13T10:16:17","modified_gmt":"2023-06-13T13:16:17","slug":"sao-goncalo-forum-debate-politicas-publicas-para-idosa","status":"publish","type":"post","link":"https:\/\/folhadoleste.com.br\/en\/sao-goncalo-forum-debate-politicas-publicas-para-idosa\/","title":{"rendered":"S\u00e3o Gon\u00e7alo: f\u00f3rum debate pol\u00edticas p\u00fablicas para idosa"},"content":{"rendered":"<p>Nesta segunda-feira (12), a Secretaria de Assist\u00eancia Social da Prefeitura de S\u00e3o Gon\u00e7alo promoveu o &#8220;1\u00ba F\u00f3rum Municipal em Alus\u00e3o ao Junho Violeta&#8221;, com o objetivo de discutir pol\u00edticas p\u00fablicas efetivas destinadas \u00e0 popula\u00e7\u00e3o idosa. O evento ocorreu no audit\u00f3rio da C\u00e2mara dos Dirigentes Lojistas da cidade e contou com a presen\u00e7a de autoridades, como o vice-prefeito S\u00e9rgio Gev\u00fa, o subsecret\u00e1rio de Prote\u00e7\u00e3o Social Especial Jair Mello e o vereador Pablo da \u00c1gua, autor do Projeto Lei Municipal n\u00ba 2825\/2021.<\/p>\n<p>Durante o encontro, foram apresentados os equipamentos municipais que prestam aux\u00edlio \u00e0 popula\u00e7\u00e3o idosa, como o Centro de Refer\u00eancia Especializada da Pessoa Idosa de S\u00e3o Gon\u00e7alo. Este local, localizado no bairro Jardim Catarina, oferece diversas atividades como aulas de alfabetiza\u00e7\u00e3o e oficinas que estimulam a mente e o corpo, tendo atualmente mais de 600 pessoas por m\u00eas como atendidas.<\/p>\n<div id=\"attachment_9614\" style=\"width: 778px\" class=\"wp-caption aligncenter\"><img decoding=\"async\" aria-describedby=\"caption-attachment-9614\" class=\"size-full wp-image-9614\" src=\"https:\/\/folhadoleste.com.br\/wp-content\/uploads\/2023\/06\/Sao-Goncalo-forum-debate-politicas-publicas-para-idosa-Julio-Diniz.jpg\" alt=\"S\u00e3o Gon\u00e7alo: f\u00f3rum debate pol\u00edticas p\u00fablicas para idosa\" width=\"768\" height=\"1024\" \/><p id=\"caption-attachment-9614\" class=\"wp-caption-text\">Foto\/ Julio Diniz<\/p><\/div>\n<p>Outro ponto de destaque foi a import\u00e2ncia do Estatuto da Pessoa Idosa, que assegura direitos \u00e0s pessoas com 60 anos ou mais. Para discutir melhor os temas, palestraram no evento Cinthia Weber, coordenadora do Centro de Refer\u00eancia Especializada da Pessoa Idosa de S\u00e3o Gon\u00e7alo e presidente do Conselho Municipal da Pessoa Idosa (CONDEPISG); Katiene Miranda Inacio Piaz, coordenadora do Conselho do Idoso da Superintend\u00eancia da Pessoa Idosa da Secretaria de Estado Intergeracional de Juventude e Envelhecimento Saud\u00e1vel; Ana Cristina da Silva, subsecret\u00e1ria de Pol\u00edticas P\u00fablicas para as Mulheres de S\u00e3o Gon\u00e7alo; Maria Cl\u00e1udia, superintendente da Vigil\u00e2ncia Sanit\u00e1ria de S\u00e3o Gon\u00e7alo; e Silviane de Carvalho, coordenadora da Alta Complexidade.<\/p>\n<p>O ponto alto do evento foi a homenagem a Dona Irene Ramos Pereira, gon\u00e7alense com 104 anos, que recebeu reconhecimento pela sua determina\u00e7\u00e3o, coragem e vontade de viver. &#8220;Dona Irene \u00e9 um exemplo para todos n\u00f3s, pois ainda dan\u00e7a e expressa seu amor pela vida, mesmo nesta idade&#8221;, destacou o subsecret\u00e1rio Jair Mello. O f\u00f3rum foi uma vit\u00f3ria para o debate de pautas relevantes para a popula\u00e7\u00e3o idosa e para a conscientiza\u00e7\u00e3o da preven\u00e7\u00e3o e combate \u00e0 viol\u00eancia contra essa parcela da sociedade.<\/p>\n<p>&nbsp;<\/p>\n<h5><strong><a href=\"https:\/\/www.facebook.com\/folhadoleste\">CURTA E SIGA NOSSA P\u00c1GINA NO FACEBOOK CLICANDO AQUI<\/a><\/strong><\/h5>\n<h5><strong><a href=\"https:\/\/www.instagram.com\/folhadoleste\/\">CURTA E SIGA NOSSA P\u00c1GINA NO INSTAGRAM CLICANDO AQUI<\/a><\/strong><\/h5>","protected":false},"excerpt":{"rendered":"<p>Nesta segunda-feira (12), a Secretaria de Assist\u00eancia Social da Prefeitura de S\u00e3o Gon\u00e7alo promoveu o &#8220;1\u00ba F\u00f3rum Municipal em Alus\u00e3o ao Junho Violeta&#8221;, com o objetivo de discutir pol\u00edticas p\u00fablicas efetivas destinadas \u00e0 popula\u00e7\u00e3o idosa. O evento ocorreu no audit\u00f3rio da C\u00e2mara dos Dirigentes Lojistas da cidade e contou com a presen\u00e7a de autoridades, como o vice-prefeito S\u00e9rgio Gev\u00fa, o subsecret\u00e1rio de Prote\u00e7\u00e3o Social Especial Jair Mello e o vereador Pablo da \u00c1gua, autor do Projeto Lei Municipal n\u00ba 2825\/2021. Durante o encontro, foram apresentados os equipamentos municipais que prestam aux\u00edlio \u00e0 popula\u00e7\u00e3o idosa, como o Centro de Refer\u00eancia Especializada [&hellip;]<\/p>\n","protected":false},"author":4,"featured_media":9613,"comment_status":"open","ping_status":"open","sticky":false,"template":"","format":"standard","meta":{"footnotes":""},"categories":[52],"tags":[3126,1288,957,76],"class_list":["post-9612","post","type-post","status-publish","format-standard","has-post-thumbnail","hentry","category-sao-goncalo","tag-debate","tag-forum","tag-politicas-publicas","tag-sao-goncalo","post--single"],"yoast_head":"<!-- This site is optimized with the Yoast SEO plugin v27.5 - https:\/\/yoast.com\/product\/yoast-seo-wordpress\/ -->\n<title>S\u00e3o Gon\u00e7alo: f\u00f3rum debate pol\u00edticas p\u00fablicas para idosa &#8226; Folha do Leste<\/title>\n<meta name=\"description\" content=\"A Secretaria de Assist\u00eancia Social da Prefeitura de S\u00e3o Gon\u00e7alo promoveu o &quot;1\u00ba F\u00f3rum Municipal em Alus\u00e3o ao Junho Violeta&quot;...\" \/>\n<meta name=\"robots\" content=\"index, follow, max-snippet:-1, max-image-preview:large, max-video-preview:-1\" \/>\n<link rel=\"canonical\" href=\"https:\/\/folhadoleste.com.br\/en\/sao-goncalo-forum-debate-politicas-publicas-para-idosa\/\" \/>\n<meta property=\"og:locale\" content=\"en_US\" \/>\n<meta property=\"og:type\" content=\"article\" \/>\n<meta property=\"og:title\" content=\"S\u00e3o Gon\u00e7alo: f\u00f3rum debate pol\u00edticas p\u00fablicas para idosa\" \/>\n<meta property=\"og:description\" content=\"Clique e saiba mais...\" \/>\n<meta property=\"og:url\" content=\"https:\/\/folhadoleste.com.br\/en\/sao-goncalo-forum-debate-politicas-publicas-para-idosa\/\" \/>\n<meta property=\"og:site_name\" content=\"Folha do Leste\" \/>\n<meta property=\"article:publisher\" content=\"https:\/\/www.facebook.com\/folhadoleste\" \/>\n<meta property=\"article:published_time\" content=\"2023-06-13T13:16:17+00:00\" \/>\n<meta property=\"og:image\" content=\"https:\/\/folhadoleste.com.br\/wp-content\/uploads\/2023\/06\/Sao-Goncalo-forum-debate-politicas-publicas-para-idosa2-Julio-Diniz.jpg\" \/>\n\t<meta property=\"og:image:width\" content=\"1024\" \/>\n\t<meta property=\"og:image:height\" content=\"683\" \/>\n\t<meta property=\"og:image:type\" content=\"image\/jpeg\" \/>\n<meta name=\"author\" content=\"Folha do Leste\" \/>\n<meta name=\"twitter:card\" content=\"summary_large_image\" \/>\n<meta name=\"twitter:creator\" content=\"@FolhadoLesteRJ\" \/>\n<meta name=\"twitter:site\" content=\"@FolhadoLesteRJ\" \/>\n<meta name=\"twitter:label1\" content=\"Written by\" \/>\n\t<meta name=\"twitter:data1\" content=\"Folha do Leste\" \/>\n\t<meta name=\"twitter:label2\" content=\"Est. reading time\" \/>\n\t<meta name=\"twitter:data2\" content=\"3 minutes\" \/>\n<script type=\"application\/ld+json\" class=\"yoast-schema-graph\">{\"@context\":\"https:\\\/\\\/schema.org\",\"@graph\":[{\"@type\":\"NewsArticle\",\"@id\":\"https:\\\/\\\/folhadoleste.com.br\\\/sao-goncalo-forum-debate-politicas-publicas-para-idosa\\\/#article\",\"isPartOf\":{\"@id\":\"https:\\\/\\\/folhadoleste.com.br\\\/sao-goncalo-forum-debate-politicas-publicas-para-idosa\\\/\"},\"author\":{\"name\":\"Folha do Leste\",\"@id\":\"https:\\\/\\\/folhadoleste.com.br\\\/#\\\/schema\\\/person\\\/3e97145b2e1861276e84471aa85a3899\"},\"headline\":\"S\u00e3o Gon\u00e7alo: f\u00f3rum debate pol\u00edticas p\u00fablicas para idosa\",\"datePublished\":\"2023-06-13T13:16:17+00:00\",\"mainEntityOfPage\":{\"@id\":\"https:\\\/\\\/folhadoleste.com.br\\\/sao-goncalo-forum-debate-politicas-publicas-para-idosa\\\/\"},\"wordCount\":412,\"commentCount\":0,\"publisher\":{\"@id\":\"https:\\\/\\\/folhadoleste.com.br\\\/#organization\"},\"image\":{\"@id\":\"https:\\\/\\\/folhadoleste.com.br\\\/sao-goncalo-forum-debate-politicas-publicas-para-idosa\\\/#primaryimage\"},\"thumbnailUrl\":\"https:\\\/\\\/folhadoleste.com.br\\\/wp-content\\\/uploads\\\/2023\\\/06\\\/Sao-Goncalo-forum-debate-politicas-publicas-para-idosa2-Julio-Diniz.jpg\",\"keywords\":[\"debate\",\"F\u00f3rum\",\"pol\u00edticas p\u00fablicas\",\"s\u00e3o gon\u00e7alo\"],\"articleSection\":[\"S\u00e3o Gon\u00e7alo\"],\"inLanguage\":\"en-US\",\"potentialAction\":[{\"@type\":\"CommentAction\",\"name\":\"Comment\",\"target\":[\"https:\\\/\\\/folhadoleste.com.br\\\/sao-goncalo-forum-debate-politicas-publicas-para-idosa\\\/#respond\"]}]},{\"@type\":\"WebPage\",\"@id\":\"https:\\\/\\\/folhadoleste.com.br\\\/sao-goncalo-forum-debate-politicas-publicas-para-idosa\\\/\",\"url\":\"https:\\\/\\\/folhadoleste.com.br\\\/sao-goncalo-forum-debate-politicas-publicas-para-idosa\\\/\",\"name\":\"S\u00e3o Gon\u00e7alo: f\u00f3rum debate pol\u00edticas p\u00fablicas para idosa &#8226; Folha do Leste\",\"isPartOf\":{\"@id\":\"https:\\\/\\\/folhadoleste.com.br\\\/#website\"},\"primaryImageOfPage\":{\"@id\":\"https:\\\/\\\/folhadoleste.com.br\\\/sao-goncalo-forum-debate-politicas-publicas-para-idosa\\\/#primaryimage\"},\"image\":{\"@id\":\"https:\\\/\\\/folhadoleste.com.br\\\/sao-goncalo-forum-debate-politicas-publicas-para-idosa\\\/#primaryimage\"},\"thumbnailUrl\":\"https:\\\/\\\/folhadoleste.com.br\\\/wp-content\\\/uploads\\\/2023\\\/06\\\/Sao-Goncalo-forum-debate-politicas-publicas-para-idosa2-Julio-Diniz.jpg\",\"datePublished\":\"2023-06-13T13:16:17+00:00\",\"description\":\"A Secretaria de Assist\u00eancia Social da Prefeitura de S\u00e3o Gon\u00e7alo promoveu o \\\"1\u00ba F\u00f3rum Municipal em Alus\u00e3o ao Junho Violeta\\\"...\",\"breadcrumb\":{\"@id\":\"https:\\\/\\\/folhadoleste.com.br\\\/sao-goncalo-forum-debate-politicas-publicas-para-idosa\\\/#breadcrumb\"},\"inLanguage\":\"en-US\",\"potentialAction\":[{\"@type\":\"ReadAction\",\"target\":[\"https:\\\/\\\/folhadoleste.com.br\\\/sao-goncalo-forum-debate-politicas-publicas-para-idosa\\\/\"]}]},{\"@type\":\"ImageObject\",\"inLanguage\":\"en-US\",\"@id\":\"https:\\\/\\\/folhadoleste.com.br\\\/sao-goncalo-forum-debate-politicas-publicas-para-idosa\\\/#primaryimage\",\"url\":\"https:\\\/\\\/folhadoleste.com.br\\\/wp-content\\\/uploads\\\/2023\\\/06\\\/Sao-Goncalo-forum-debate-politicas-publicas-para-idosa2-Julio-Diniz.jpg\",\"contentUrl\":\"https:\\\/\\\/folhadoleste.com.br\\\/wp-content\\\/uploads\\\/2023\\\/06\\\/Sao-Goncalo-forum-debate-politicas-publicas-para-idosa2-Julio-Diniz.jpg\",\"width\":1024,\"height\":683,\"caption\":\"Foto\\\/ Julio Diniz\"},{\"@type\":\"BreadcrumbList\",\"@id\":\"https:\\\/\\\/folhadoleste.com.br\\\/sao-goncalo-forum-debate-politicas-publicas-para-idosa\\\/#breadcrumb\",\"itemListElement\":[{\"@type\":\"ListItem\",\"position\":1,\"name\":\"In\u00edcio\",\"item\":\"https:\\\/\\\/folhadoleste.com.br\\\/\"},{\"@type\":\"ListItem\",\"position\":2,\"name\":\"Estado do Rio de Janeiro\",\"item\":\"https:\\\/\\\/folhadoleste.com.br\\\/category\\\/estado-do-rio-de-janeiro\\\/\"},{\"@type\":\"ListItem\",\"position\":3,\"name\":\"Leste Fluminense\",\"item\":\"https:\\\/\\\/folhadoleste.com.br\\\/category\\\/estado-do-rio-de-janeiro\\\/leste-fluminense\\\/\"},{\"@type\":\"ListItem\",\"position\":4,\"name\":\"S\u00e3o Gon\u00e7alo\",\"item\":\"https:\\\/\\\/folhadoleste.com.br\\\/category\\\/estado-do-rio-de-janeiro\\\/leste-fluminense\\\/sao-goncalo\\\/\"},{\"@type\":\"ListItem\",\"position\":5,\"name\":\"S\u00e3o Gon\u00e7alo: f\u00f3rum debate pol\u00edticas p\u00fablicas para idosa\"}]},{\"@type\":\"WebSite\",\"@id\":\"https:\\\/\\\/folhadoleste.com.br\\\/#website\",\"url\":\"https:\\\/\\\/folhadoleste.com.br\\\/\",\"name\":\"Folha do Leste\",\"description\":\"Portal de Not\u00edcias com \u00eanfase em Niter\u00f3i, criando conte\u00fados desde a capital Rio de Janeiro, com olhar para o Leste Fluminense e suas cidades como S\u00e3o Gon\u00e7alo, Itabora\u00ed, Rio Bonito, Maric\u00e1, Saquarema e Araruama\",\"publisher\":{\"@id\":\"https:\\\/\\\/folhadoleste.com.br\\\/#organization\"},\"alternateName\":\"FL\",\"potentialAction\":[{\"@type\":\"SearchAction\",\"target\":{\"@type\":\"EntryPoint\",\"urlTemplate\":\"https:\\\/\\\/folhadoleste.com.br\\\/?s={search_term_string}\"},\"query-input\":{\"@type\":\"PropertyValueSpecification\",\"valueRequired\":true,\"valueName\":\"search_term_string\"}}],\"inLanguage\":\"en-US\"},{\"@type\":\"Organization\",\"@id\":\"https:\\\/\\\/folhadoleste.com.br\\\/#organization\",\"name\":\"Brasil 21 Comunica\u00e7\u00e3o\",\"alternateName\":\"BR21\",\"url\":\"https:\\\/\\\/folhadoleste.com.br\\\/\",\"logo\":{\"@type\":\"ImageObject\",\"inLanguage\":\"en-US\",\"@id\":\"https:\\\/\\\/folhadoleste.com.br\\\/#\\\/schema\\\/logo\\\/image\\\/\",\"url\":\"https:\\\/\\\/folhadoleste.com.br\\\/wp-content\\\/uploads\\\/2025\\\/12\\\/brasil-21-logomarca.avif\",\"contentUrl\":\"https:\\\/\\\/folhadoleste.com.br\\\/wp-content\\\/uploads\\\/2025\\\/12\\\/brasil-21-logomarca.avif\",\"width\":1044,\"height\":1044,\"caption\":\"Brasil 21 Comunica\u00e7\u00e3o\"},\"image\":{\"@id\":\"https:\\\/\\\/folhadoleste.com.br\\\/#\\\/schema\\\/logo\\\/image\\\/\"},\"sameAs\":[\"https:\\\/\\\/www.facebook.com\\\/folhadoleste\",\"https:\\\/\\\/x.com\\\/FolhadoLesteRJ\",\"https:\\\/\\\/www.instagram.com\\\/folhadoleste\\\/\"]},{\"@type\":\"Person\",\"@id\":\"https:\\\/\\\/folhadoleste.com.br\\\/#\\\/schema\\\/person\\\/3e97145b2e1861276e84471aa85a3899\",\"name\":\"Folha do Leste\",\"image\":{\"@type\":\"ImageObject\",\"inLanguage\":\"en-US\",\"@id\":\"https:\\\/\\\/folhadoleste.com.br\\\/wp-content\\\/litespeed\\\/avatar\\\/1ca8c218432e7045e748610eb3db0259.jpg?ver=1777161142\",\"url\":\"https:\\\/\\\/folhadoleste.com.br\\\/wp-content\\\/litespeed\\\/avatar\\\/1ca8c218432e7045e748610eb3db0259.jpg?ver=1777161142\",\"contentUrl\":\"https:\\\/\\\/folhadoleste.com.br\\\/wp-content\\\/litespeed\\\/avatar\\\/1ca8c218432e7045e748610eb3db0259.jpg?ver=1777161142\",\"caption\":\"Folha do Leste\"},\"url\":\"https:\\\/\\\/folhadoleste.com.br\\\/en\\\/author\\\/reportagem-01\\\/\"}]}<\/script>\n<!-- \/ Yoast SEO plugin. -->","yoast_head_json":{"title":"S\u00e3o Gon\u00e7alo: f\u00f3rum debate pol\u00edticas p\u00fablicas para idosa &#8226; Folha do Leste","description":"A Secretaria de Assist\u00eancia Social da Prefeitura de S\u00e3o Gon\u00e7alo promoveu o \"1\u00ba F\u00f3rum Municipal em Alus\u00e3o ao Junho Violeta\"...","robots":{"index":"index","follow":"follow","max-snippet":"max-snippet:-1","max-image-preview":"max-image-preview:large","max-video-preview":"max-video-preview:-1"},"canonical":"https:\/\/folhadoleste.com.br\/en\/sao-goncalo-forum-debate-politicas-publicas-para-idosa\/","og_locale":"en_US","og_type":"article","og_title":"S\u00e3o Gon\u00e7alo: f\u00f3rum debate pol\u00edticas p\u00fablicas para idosa","og_description":"Clique e saiba mais...","og_url":"https:\/\/folhadoleste.com.br\/en\/sao-goncalo-forum-debate-politicas-publicas-para-idosa\/","og_site_name":"Folha do Leste","article_publisher":"https:\/\/www.facebook.com\/folhadoleste","article_published_time":"2023-06-13T13:16:17+00:00","og_image":[{"width":1024,"height":683,"url":"https:\/\/folhadoleste.com.br\/wp-content\/uploads\/2023\/06\/Sao-Goncalo-forum-debate-politicas-publicas-para-idosa2-Julio-Diniz.jpg","type":"image\/jpeg"}],"author":"Folha do Leste","twitter_card":"summary_large_image","twitter_creator":"@FolhadoLesteRJ","twitter_site":"@FolhadoLesteRJ","twitter_misc":{"Written by":"Folha do Leste","Est. reading time":"3 minutes"},"schema":{"@context":"https:\/\/schema.org","@graph":[{"@type":"NewsArticle","@id":"https:\/\/folhadoleste.com.br\/sao-goncalo-forum-debate-politicas-publicas-para-idosa\/#article","isPartOf":{"@id":"https:\/\/folhadoleste.com.br\/sao-goncalo-forum-debate-politicas-publicas-para-idosa\/"},"author":{"name":"Folha do Leste","@id":"https:\/\/folhadoleste.com.br\/#\/schema\/person\/3e97145b2e1861276e84471aa85a3899"},"headline":"S\u00e3o Gon\u00e7alo: f\u00f3rum debate pol\u00edticas p\u00fablicas para idosa","datePublished":"2023-06-13T13:16:17+00:00","mainEntityOfPage":{"@id":"https:\/\/folhadoleste.com.br\/sao-goncalo-forum-debate-politicas-publicas-para-idosa\/"},"wordCount":412,"commentCount":0,"publisher":{"@id":"https:\/\/folhadoleste.com.br\/#organization"},"image":{"@id":"https:\/\/folhadoleste.com.br\/sao-goncalo-forum-debate-politicas-publicas-para-idosa\/#primaryimage"},"thumbnailUrl":"https:\/\/folhadoleste.com.br\/wp-content\/uploads\/2023\/06\/Sao-Goncalo-forum-debate-politicas-publicas-para-idosa2-Julio-Diniz.jpg","keywords":["debate","F\u00f3rum","pol\u00edticas p\u00fablicas","s\u00e3o gon\u00e7alo"],"articleSection":["S\u00e3o Gon\u00e7alo"],"inLanguage":"en-US","potentialAction":[{"@type":"CommentAction","name":"Comment","target":["https:\/\/folhadoleste.com.br\/sao-goncalo-forum-debate-politicas-publicas-para-idosa\/#respond"]}]},{"@type":"WebPage","@id":"https:\/\/folhadoleste.com.br\/sao-goncalo-forum-debate-politicas-publicas-para-idosa\/","url":"https:\/\/folhadoleste.com.br\/sao-goncalo-forum-debate-politicas-publicas-para-idosa\/","name":"S\u00e3o Gon\u00e7alo: f\u00f3rum debate pol\u00edticas p\u00fablicas para idosa &#8226; Folha do Leste","isPartOf":{"@id":"https:\/\/folhadoleste.com.br\/#website"},"primaryImageOfPage":{"@id":"https:\/\/folhadoleste.com.br\/sao-goncalo-forum-debate-politicas-publicas-para-idosa\/#primaryimage"},"image":{"@id":"https:\/\/folhadoleste.com.br\/sao-goncalo-forum-debate-politicas-publicas-para-idosa\/#primaryimage"},"thumbnailUrl":"https:\/\/folhadoleste.com.br\/wp-content\/uploads\/2023\/06\/Sao-Goncalo-forum-debate-politicas-publicas-para-idosa2-Julio-Diniz.jpg","datePublished":"2023-06-13T13:16:17+00:00","description":"A Secretaria de Assist\u00eancia Social da Prefeitura de S\u00e3o Gon\u00e7alo promoveu o \"1\u00ba F\u00f3rum Municipal em Alus\u00e3o ao Junho Violeta\"...","breadcrumb":{"@id":"https:\/\/folhadoleste.com.br\/sao-goncalo-forum-debate-politicas-publicas-para-idosa\/#breadcrumb"},"inLanguage":"en-US","potentialAction":[{"@type":"ReadAction","target":["https:\/\/folhadoleste.com.br\/sao-goncalo-forum-debate-politicas-publicas-para-idosa\/"]}]},{"@type":"ImageObject","inLanguage":"en-US","@id":"https:\/\/folhadoleste.com.br\/sao-goncalo-forum-debate-politicas-publicas-para-idosa\/#primaryimage","url":"https:\/\/folhadoleste.com.br\/wp-content\/uploads\/2023\/06\/Sao-Goncalo-forum-debate-politicas-publicas-para-idosa2-Julio-Diniz.jpg","contentUrl":"https:\/\/folhadoleste.com.br\/wp-content\/uploads\/2023\/06\/Sao-Goncalo-forum-debate-politicas-publicas-para-idosa2-Julio-Diniz.jpg","width":1024,"height":683,"caption":"Foto\/ Julio Diniz"},{"@type":"BreadcrumbList","@id":"https:\/\/folhadoleste.com.br\/sao-goncalo-forum-debate-politicas-publicas-para-idosa\/#breadcrumb","itemListElement":[{"@type":"ListItem","position":1,"name":"In\u00edcio","item":"https:\/\/folhadoleste.com.br\/"},{"@type":"ListItem","position":2,"name":"Estado do Rio de Janeiro","item":"https:\/\/folhadoleste.com.br\/category\/estado-do-rio-de-janeiro\/"},{"@type":"ListItem","position":3,"name":"Leste Fluminense","item":"https:\/\/folhadoleste.com.br\/category\/estado-do-rio-de-janeiro\/leste-fluminense\/"},{"@type":"ListItem","position":4,"name":"S\u00e3o Gon\u00e7alo","item":"https:\/\/folhadoleste.com.br\/category\/estado-do-rio-de-janeiro\/leste-fluminense\/sao-goncalo\/"},{"@type":"ListItem","position":5,"name":"S\u00e3o Gon\u00e7alo: f\u00f3rum debate pol\u00edticas p\u00fablicas para idosa"}]},{"@type":"WebSite","@id":"https:\/\/folhadoleste.com.br\/#website","url":"https:\/\/folhadoleste.com.br\/","name":"Folha do Leste","description":"Portal de Not\u00edcias com \u00eanfase em Niter\u00f3i, criando conte\u00fados desde a capital Rio de Janeiro, com olhar para o Leste Fluminense e suas cidades como S\u00e3o Gon\u00e7alo, Itabora\u00ed, Rio Bonito, Maric\u00e1, Saquarema e Araruama","publisher":{"@id":"https:\/\/folhadoleste.com.br\/#organization"},"alternateName":"FL","potentialAction":[{"@type":"SearchAction","target":{"@type":"EntryPoint","urlTemplate":"https:\/\/folhadoleste.com.br\/?s={search_term_string}"},"query-input":{"@type":"PropertyValueSpecification","valueRequired":true,"valueName":"search_term_string"}}],"inLanguage":"en-US"},{"@type":"Organization","@id":"https:\/\/folhadoleste.com.br\/#organization","name":"Brasil 21 Comunica\u00e7\u00e3o","alternateName":"BR21","url":"https:\/\/folhadoleste.com.br\/","logo":{"@type":"ImageObject","inLanguage":"en-US","@id":"https:\/\/folhadoleste.com.br\/#\/schema\/logo\/image\/","url":"https:\/\/folhadoleste.com.br\/wp-content\/uploads\/2025\/12\/brasil-21-logomarca.avif","contentUrl":"https:\/\/folhadoleste.com.br\/wp-content\/uploads\/2025\/12\/brasil-21-logomarca.avif","width":1044,"height":1044,"caption":"Brasil 21 Comunica\u00e7\u00e3o"},"image":{"@id":"https:\/\/folhadoleste.com.br\/#\/schema\/logo\/image\/"},"sameAs":["https:\/\/www.facebook.com\/folhadoleste","https:\/\/x.com\/FolhadoLesteRJ","https:\/\/www.instagram.com\/folhadoleste\/"]},{"@type":"Person","@id":"https:\/\/folhadoleste.com.br\/#\/schema\/person\/3e97145b2e1861276e84471aa85a3899","name":"Folha do Leste","image":{"@type":"ImageObject","inLanguage":"en-US","@id":"https:\/\/folhadoleste.com.br\/wp-content\/litespeed\/avatar\/1ca8c218432e7045e748610eb3db0259.jpg?ver=1777161142","url":"https:\/\/folhadoleste.com.br\/wp-content\/litespeed\/avatar\/1ca8c218432e7045e748610eb3db0259.jpg?ver=1777161142","contentUrl":"https:\/\/folhadoleste.com.br\/wp-content\/litespeed\/avatar\/1ca8c218432e7045e748610eb3db0259.jpg?ver=1777161142","caption":"Folha do Leste"},"url":"https:\/\/folhadoleste.com.br\/en\/author\/reportagem-01\/"}]}},"_links":{"self":[{"href":"https:\/\/folhadoleste.com.br\/en\/wp-json\/wp\/v2\/posts\/9612","targetHints":{"allow":["GET"]}}],"collection":[{"href":"https:\/\/folhadoleste.com.br\/en\/wp-json\/wp\/v2\/posts"}],"about":[{"href":"https:\/\/folhadoleste.com.br\/en\/wp-json\/wp\/v2\/types\/post"}],"author":[{"embeddable":true,"href":"https:\/\/folhadoleste.com.br\/en\/wp-json\/wp\/v2\/users\/4"}],"replies":[{"embeddable":true,"href":"https:\/\/folhadoleste.com.br\/en\/wp-json\/wp\/v2\/comments?post=9612"}],"version-history":[{"count":1,"href":"https:\/\/folhadoleste.com.br\/en\/wp-json\/wp\/v2\/posts\/9612\/revisions"}],"predecessor-version":[{"id":9615,"href":"https:\/\/folhadoleste.com.br\/en\/wp-json\/wp\/v2\/posts\/9612\/revisions\/9615"}],"wp:featuredmedia":[{"embeddable":true,"href":"https:\/\/folhadoleste.com.br\/en\/wp-json\/wp\/v2\/media\/9613"}],"wp:attachment":[{"href":"https:\/\/folhadoleste.com.br\/en\/wp-json\/wp\/v2\/media?parent=9612"}],"wp:term":[{"taxonomy":"category","embeddable":true,"href":"https:\/\/folhadoleste.com.br\/en\/wp-json\/wp\/v2\/categories?post=9612"},{"taxonomy":"post_tag","embeddable":true,"href":"https:\/\/folhadoleste.com.br\/en\/wp-json\/wp\/v2\/tags?post=9612"}],"curies":[{"name":"wp","href":"https:\/\/api.w.org\/{rel}","templated":true}]}}