{"id":95813,"date":"2024-11-11T12:51:10","date_gmt":"2024-11-11T15:51:10","guid":{"rendered":"https:\/\/folhadoleste.com.br\/?p=95813"},"modified":"2024-11-11T12:51:10","modified_gmt":"2024-11-11T15:51:10","slug":"dividas-de-ipva-entre-2020-e-2023-tem-novo-prazo-de-pagamento","status":"publish","type":"post","link":"https:\/\/folhadoleste.com.br\/en\/dividas-de-ipva-entre-2020-e-2023-tem-novo-prazo-de-pagamento\/","title":{"rendered":"D\u00edvidas de IPVA entre 2020 e 2023 t\u00eam novo prazo de pagamento"},"content":{"rendered":"<div id=\"attachment_73261\" style=\"width: 1180px\" class=\"wp-caption aligncenter\"><img decoding=\"async\" aria-describedby=\"caption-attachment-73261\" class=\"size-full wp-image-73261\" src=\"https:\/\/folhadoleste.com.br\/wp-content\/uploads\/2024\/06\/IPVA-2024-RJ-Parcelamento-em-ate-12-vezes-Foto-Jose-Cruz-Agencia-Brasil.webp\" alt=\"IPVA 2024 RJ: Parcelamento em at\u00e9 12 vezes\" width=\"1170\" height=\"700\" \/><p id=\"caption-attachment-73261\" class=\"wp-caption-text\">Programa &#8220;IPVA em Dia&#8221; no RJ permite parcelar d\u00edvidas de ve\u00edculos entre 2020 e 2023, com prazo de ades\u00e3o at\u00e9 29 de novembro. | Jos\u00e9 Cruz\/Ag\u00eancia Brasil<\/p><\/div>\n<p>Motoristas do Rio de Janeiro com d\u00edvidas de ve\u00edculos entre 2020 e 2023 j\u00e1 podem aderir ao programa &#8220;IPVA em Dia&#8221;, lan\u00e7ado nesta segunda-feira (11). O programa permite o parcelamento dos d\u00e9bitos em at\u00e9 12 vezes, com prazo de ades\u00e3o at\u00e9 29 de novembro.<\/p>\n<h5 style=\"text-align: center;\"><span style=\"color: #000000;\"><span style=\"color: #ff0000;\"><strong>+ <\/strong><\/span><\/span><span style=\"color: #000000;\"><span style=\"color: #ff9900;\"><strong>MAIS NOT\u00cdCIAS DO RIO DE JANEIRO?<\/strong><\/span> <span style=\"color: #008080;\"><strong><a style=\"color: #008080;\" href=\"https:\/\/folhadoleste.com.br\/en\/category\/rio-de-janeiro-capital\/\">CLIQUE AQUI<\/a><\/strong><\/span><\/span><\/h5>\n<p>A iniciativa do Governo do Estado visa regularizar at\u00e9 1 milh\u00e3o de ve\u00edculos. Os motoristas devem realizar o pedido de ades\u00e3o de forma digital, pelo <a href=\"https:\/\/atendimentodigitalrj.fazenda.rj.gov.br\/\">site<\/a> da Secretaria de Fazenda do Rio de Janeiro. Ap\u00f3s o pedido, o condutor recebe as orienta\u00e7\u00f5es para emitir a guia de pagamento na p\u00e1gina do Documento de Arrecada\u00e7\u00e3o do Estado do Rio de Janeiro (Darj).<\/p>\n<p>Para participar, o motorista deve abrir m\u00e3o de eventuais contesta\u00e7\u00f5es de d\u00e9bitos nas esferas administrativa e judicial. Apenas d\u00edvidas n\u00e3o inscritas em d\u00edvida ativa s\u00e3o inclu\u00eddas no programa; os d\u00e9bitos j\u00e1 inscritos permanecem sob responsabilidade da Procuradoria-Geral do Estado (PGE).<\/p>\n<p>O vencimento da primeira parcela ocorre no dia 5 do m\u00eas seguinte \u00e0 ades\u00e3o. As presta\u00e7\u00f5es subsequentes tamb\u00e9m vencem nesta mesma data. No entanto, caso o motorista n\u00e3o pague a primeira parcela, perde o direito ao parcelamento. A inadimpl\u00eancia por tr\u00eas meses, consecutivos ou alternados, ou por mais de 90 dias de atraso em uma \u00fanica parcela tamb\u00e9m cancela a ades\u00e3o.<\/p>\n<div id=\"attachment_77492\" style=\"width: 410px\" class=\"wp-caption aligncenter\"><a href=\"http:\/\/instagram.com\/folhadoleste\"><img decoding=\"async\" aria-describedby=\"caption-attachment-77492\" class=\"wp-image-77492 size-full\" src=\"https:\/\/folhadoleste.com.br\/wp-content\/uploads\/2024\/07\/Instagram-Folha-do-Leste.png\" alt=\"http:\/\/instagram.com\/folhadoleste\" width=\"400\" height=\"200\" \/><\/a><p id=\"caption-attachment-77492\" class=\"wp-caption-text\">Siga o Folha do Leste no Instagram!<\/p><\/div>\n<div id=\"attachment_77490\" style=\"width: 310px\" class=\"wp-caption aligncenter\"><a href=\"http:\/\/facebook.com\/folhadoleste\"><img decoding=\"async\" aria-describedby=\"caption-attachment-77490\" class=\"size-medium wp-image-77490\" src=\"https:\/\/folhadoleste.com.br\/wp-content\/uploads\/2024\/07\/Facebook-Folha-do-Leste-10k-300x300.jpg\" alt=\"Curta e siga o Folha do Leste no Facebook!\" width=\"300\" height=\"300\" \/><\/a><p id=\"caption-attachment-77490\" class=\"wp-caption-text\">Curta e siga o Folha do Leste no Facebook!<\/p><\/div>","protected":false},"excerpt":{"rendered":"<p>Motoristas do Rio de Janeiro com d\u00edvidas de ve\u00edculos entre 2020 e 2023 j\u00e1 podem aderir ao programa &#8220;IPVA em Dia&#8221;, lan\u00e7ado nesta segunda-feira (11). O programa permite o parcelamento dos d\u00e9bitos em at\u00e9 12 vezes, com prazo de ades\u00e3o at\u00e9 29 de novembro. + MAIS NOT\u00cdCIAS DO RIO DE JANEIRO? CLIQUE AQUI A iniciativa do Governo do Estado visa regularizar at\u00e9 1 milh\u00e3o de ve\u00edculos. Os motoristas devem realizar o pedido de ades\u00e3o de forma digital, pelo site da Secretaria de Fazenda do Rio de Janeiro. Ap\u00f3s o pedido, o condutor recebe as orienta\u00e7\u00f5es para emitir a guia de [&hellip;]<\/p>\n","protected":false},"author":16,"featured_media":73261,"comment_status":"open","ping_status":"open","sticky":false,"template":"","format":"standard","meta":{"footnotes":""},"categories":[46,67],"tags":[49957,49948,49956,49949,49968,49951,49944,49960,49950,49962,49963,49955,49958,49947,49969,49952,49946,49970,49966,47315,49967,49964,49953,49943,49965,49959,49945,49961,32721,49954],"class_list":["post-95813","post","type-post","status-publish","format-standard","has-post-thumbnail","hentry","category-estado-do-rio-de-janeiro","category-rio-de-janeiro-capital","tag-adesao-ao-programa","tag-adesao-ipva-em-dia","tag-debitos-de-ipva","tag-dividas-de-ipva","tag-inadimplencia-ipva","tag-ipva-2020-2023","tag-ipva-atrasado","tag-ipva-atrasado-rio","tag-ipva-atrasado-rj","tag-ipva-divida-ativa","tag-ipva-em-ate-12-vezes","tag-ipva-em-dia-rio-de-janeiro","tag-ipva-parcelado","tag-ipva-rj","tag-ipva-vencido","tag-parcelamento-de-debitos","tag-parcelamento-de-ipva","tag-parcelamento-ipva-rj","tag-prazos-de-ipva","tag-procuradoria-geral-do-estado","tag-programa-de-dividas-rj","tag-programa-de-parcelamento","tag-programa-de-quitacao","tag-programa-ipva-em-dia","tag-quitacao-de-ipva","tag-regularizacao-de-dividas","tag-regularizacao-de-ipva","tag-regularizar-ipva-rj","tag-secretaria-de-fazenda","tag-secretaria-de-fazenda-rj","post--single"],"yoast_head":"<!-- This site is optimized with the Yoast SEO plugin v27.4 - https:\/\/yoast.com\/product\/yoast-seo-wordpress\/ -->\n<title>D\u00edvidas de IPVA entre 2020 e 2023 t\u00eam novo prazo de pagamento &#8226; Folha do Leste<\/title>\n<meta name=\"description\" content=\"Programa &quot;IPVA em Dia&quot; no RJ permite parcelar d\u00edvidas de ve\u00edculos entre 2020 e 2023, com prazo de ades\u00e3o at\u00e9 29 de novembro.\" \/>\n<meta name=\"robots\" content=\"index, follow, max-snippet:-1, max-image-preview:large, max-video-preview:-1\" \/>\n<link rel=\"canonical\" href=\"https:\/\/folhadoleste.com.br\/en\/dividas-de-ipva-entre-2020-e-2023-tem-novo-prazo-de-pagamento\/\" \/>\n<meta property=\"og:locale\" content=\"en_US\" \/>\n<meta property=\"og:type\" content=\"article\" \/>\n<meta property=\"og:title\" content=\"D\u00edvidas de IPVA entre 2020 e 2023 t\u00eam novo prazo de pagamento &#8226; Folha do Leste\" \/>\n<meta property=\"og:description\" content=\"11 de November de 2024 &#8226; Estado do Rio de Janeiro, Rio de Janeiro - Capital &#8226; Folha do Leste\" \/>\n<meta property=\"og:url\" content=\"https:\/\/folhadoleste.com.br\/en\/dividas-de-ipva-entre-2020-e-2023-tem-novo-prazo-de-pagamento\/\" \/>\n<meta property=\"og:site_name\" content=\"Folha do Leste\" \/>\n<meta property=\"article:publisher\" content=\"https:\/\/www.facebook.com\/folhadoleste\" \/>\n<meta property=\"article:published_time\" content=\"2024-11-11T15:51:10+00:00\" \/>\n<meta property=\"og:image\" content=\"https:\/\/folhadoleste.com.br\/wp-content\/uploads\/2024\/06\/IPVA-2024-RJ-Parcelamento-em-ate-12-vezes-Foto-Jose-Cruz-Agencia-Brasil.webp\" \/>\n\t<meta property=\"og:image:width\" content=\"1170\" \/>\n\t<meta property=\"og:image:height\" content=\"700\" \/>\n\t<meta property=\"og:image:type\" content=\"image\/webp\" \/>\n<meta name=\"author\" content=\"Ana Carolina Motta\" \/>\n<meta name=\"twitter:card\" content=\"summary_large_image\" \/>\n<meta name=\"twitter:description\" content=\"11 de November de 2024 &#8226; Estado do Rio de Janeiro, Rio de Janeiro - Capital &#8226; Folha do Leste\" \/>\n<meta name=\"twitter:creator\" content=\"@FolhadoLesteRJ\" \/>\n<meta name=\"twitter:site\" content=\"@FolhadoLesteRJ\" \/>\n<meta name=\"twitter:label1\" content=\"Written by\" \/>\n\t<meta name=\"twitter:data1\" content=\"Ana Carolina Motta\" \/>\n\t<meta name=\"twitter:label2\" content=\"Est. reading time\" \/>\n\t<meta name=\"twitter:data2\" content=\"3 minutes\" \/>\n<script type=\"application\/ld+json\" class=\"yoast-schema-graph\">{\"@context\":\"https:\\\/\\\/schema.org\",\"@graph\":[{\"@type\":\"NewsArticle\",\"@id\":\"https:\\\/\\\/folhadoleste.com.br\\\/dividas-de-ipva-entre-2020-e-2023-tem-novo-prazo-de-pagamento\\\/#article\",\"isPartOf\":{\"@id\":\"https:\\\/\\\/folhadoleste.com.br\\\/dividas-de-ipva-entre-2020-e-2023-tem-novo-prazo-de-pagamento\\\/\"},\"author\":{\"name\":\"Ana Carolina Motta\",\"@id\":\"https:\\\/\\\/folhadoleste.com.br\\\/#\\\/schema\\\/person\\\/8f044b173ce73d5609095241ce6a7cf0\"},\"headline\":\"D\u00edvidas de IPVA entre 2020 e 2023 t\u00eam novo prazo de pagamento\",\"datePublished\":\"2024-11-11T15:51:10+00:00\",\"mainEntityOfPage\":{\"@id\":\"https:\\\/\\\/folhadoleste.com.br\\\/dividas-de-ipva-entre-2020-e-2023-tem-novo-prazo-de-pagamento\\\/\"},\"wordCount\":313,\"commentCount\":0,\"publisher\":{\"@id\":\"https:\\\/\\\/folhadoleste.com.br\\\/#organization\"},\"image\":{\"@id\":\"https:\\\/\\\/folhadoleste.com.br\\\/dividas-de-ipva-entre-2020-e-2023-tem-novo-prazo-de-pagamento\\\/#primaryimage\"},\"thumbnailUrl\":\"https:\\\/\\\/folhadoleste.com.br\\\/wp-content\\\/uploads\\\/2024\\\/06\\\/IPVA-2024-RJ-Parcelamento-em-ate-12-vezes-Foto-Jose-Cruz-Agencia-Brasil.webp\",\"keywords\":[\"ades\u00e3o ao programa\",\"ades\u00e3o IPVA em Dia\",\"d\u00e9bitos de IPVA\",\"d\u00edvidas de IPVA\",\"inadimpl\u00eancia IPVA\",\"IPVA 2020 2023\",\"IPVA atrasado\",\"IPVA atrasado Rio\",\"IPVA atrasado RJ\",\"IPVA d\u00edvida ativa\",\"IPVA em at\u00e9 12 vezes\",\"IPVA em Dia Rio de Janeiro\",\"IPVA parcelado\",\"IPVA RJ\",\"IPVA vencido\",\"parcelamento de d\u00e9bitos\",\"parcelamento de IPVA\",\"parcelamento IPVA RJ\",\"prazos de IPVA\",\"Procuradoria Geral do Estado\",\"programa de d\u00edvidas RJ\",\"programa de parcelamento\",\"programa de quita\u00e7\u00e3o\",\"programa IPVA em Dia\",\"quita\u00e7\u00e3o de IPVA\",\"regulariza\u00e7\u00e3o de d\u00edvidas\",\"regulariza\u00e7\u00e3o de IPVA\",\"regularizar IPVA RJ\",\"Secretaria de Fazenda\",\"Secretaria de Fazenda RJ\"],\"articleSection\":[\"Estado do Rio de Janeiro\",\"Rio de Janeiro - Capital\"],\"inLanguage\":\"en-US\",\"potentialAction\":[{\"@type\":\"CommentAction\",\"name\":\"Comment\",\"target\":[\"https:\\\/\\\/folhadoleste.com.br\\\/dividas-de-ipva-entre-2020-e-2023-tem-novo-prazo-de-pagamento\\\/#respond\"]}]},{\"@type\":\"WebPage\",\"@id\":\"https:\\\/\\\/folhadoleste.com.br\\\/dividas-de-ipva-entre-2020-e-2023-tem-novo-prazo-de-pagamento\\\/\",\"url\":\"https:\\\/\\\/folhadoleste.com.br\\\/dividas-de-ipva-entre-2020-e-2023-tem-novo-prazo-de-pagamento\\\/\",\"name\":\"D\u00edvidas de IPVA entre 2020 e 2023 t\u00eam novo prazo de pagamento &#8226; Folha do Leste\",\"isPartOf\":{\"@id\":\"https:\\\/\\\/folhadoleste.com.br\\\/#website\"},\"primaryImageOfPage\":{\"@id\":\"https:\\\/\\\/folhadoleste.com.br\\\/dividas-de-ipva-entre-2020-e-2023-tem-novo-prazo-de-pagamento\\\/#primaryimage\"},\"image\":{\"@id\":\"https:\\\/\\\/folhadoleste.com.br\\\/dividas-de-ipva-entre-2020-e-2023-tem-novo-prazo-de-pagamento\\\/#primaryimage\"},\"thumbnailUrl\":\"https:\\\/\\\/folhadoleste.com.br\\\/wp-content\\\/uploads\\\/2024\\\/06\\\/IPVA-2024-RJ-Parcelamento-em-ate-12-vezes-Foto-Jose-Cruz-Agencia-Brasil.webp\",\"datePublished\":\"2024-11-11T15:51:10+00:00\",\"description\":\"Programa \\\"IPVA em Dia\\\" no RJ permite parcelar d\u00edvidas de ve\u00edculos entre 2020 e 2023, com prazo de ades\u00e3o at\u00e9 29 de novembro.\",\"breadcrumb\":{\"@id\":\"https:\\\/\\\/folhadoleste.com.br\\\/dividas-de-ipva-entre-2020-e-2023-tem-novo-prazo-de-pagamento\\\/#breadcrumb\"},\"inLanguage\":\"en-US\",\"potentialAction\":[{\"@type\":\"ReadAction\",\"target\":[\"https:\\\/\\\/folhadoleste.com.br\\\/dividas-de-ipva-entre-2020-e-2023-tem-novo-prazo-de-pagamento\\\/\"]}]},{\"@type\":\"ImageObject\",\"inLanguage\":\"en-US\",\"@id\":\"https:\\\/\\\/folhadoleste.com.br\\\/dividas-de-ipva-entre-2020-e-2023-tem-novo-prazo-de-pagamento\\\/#primaryimage\",\"url\":\"https:\\\/\\\/folhadoleste.com.br\\\/wp-content\\\/uploads\\\/2024\\\/06\\\/IPVA-2024-RJ-Parcelamento-em-ate-12-vezes-Foto-Jose-Cruz-Agencia-Brasil.webp\",\"contentUrl\":\"https:\\\/\\\/folhadoleste.com.br\\\/wp-content\\\/uploads\\\/2024\\\/06\\\/IPVA-2024-RJ-Parcelamento-em-ate-12-vezes-Foto-Jose-Cruz-Agencia-Brasil.webp\",\"width\":1170,\"height\":700,\"caption\":\"IPVA 2024 RJ: Parcelamento em at\u00e9 12 vezes | Jos\u00e9 Cruz\\\/Ag\u00eancia Brasil\"},{\"@type\":\"BreadcrumbList\",\"@id\":\"https:\\\/\\\/folhadoleste.com.br\\\/dividas-de-ipva-entre-2020-e-2023-tem-novo-prazo-de-pagamento\\\/#breadcrumb\",\"itemListElement\":[{\"@type\":\"ListItem\",\"position\":1,\"name\":\"In\u00edcio\",\"item\":\"https:\\\/\\\/folhadoleste.com.br\\\/\"},{\"@type\":\"ListItem\",\"position\":2,\"name\":\"Rio de Janeiro - Capital\",\"item\":\"https:\\\/\\\/folhadoleste.com.br\\\/category\\\/rio-de-janeiro-capital\\\/\"},{\"@type\":\"ListItem\",\"position\":3,\"name\":\"D\u00edvidas de IPVA entre 2020 e 2023 t\u00eam novo prazo de pagamento\"}]},{\"@type\":\"WebSite\",\"@id\":\"https:\\\/\\\/folhadoleste.com.br\\\/#website\",\"url\":\"https:\\\/\\\/folhadoleste.com.br\\\/\",\"name\":\"Folha do Leste\",\"description\":\"Portal de Not\u00edcias com \u00eanfase em Niter\u00f3i, criando conte\u00fados desde a capital Rio de Janeiro, com olhar para o Leste Fluminense e suas cidades como S\u00e3o Gon\u00e7alo, Itabora\u00ed, Rio Bonito, Maric\u00e1, Saquarema e Araruama\",\"publisher\":{\"@id\":\"https:\\\/\\\/folhadoleste.com.br\\\/#organization\"},\"alternateName\":\"FL\",\"potentialAction\":[{\"@type\":\"SearchAction\",\"target\":{\"@type\":\"EntryPoint\",\"urlTemplate\":\"https:\\\/\\\/folhadoleste.com.br\\\/?s={search_term_string}\"},\"query-input\":{\"@type\":\"PropertyValueSpecification\",\"valueRequired\":true,\"valueName\":\"search_term_string\"}}],\"inLanguage\":\"en-US\"},{\"@type\":\"Organization\",\"@id\":\"https:\\\/\\\/folhadoleste.com.br\\\/#organization\",\"name\":\"Brasil 21 Comunica\u00e7\u00e3o\",\"alternateName\":\"BR21\",\"url\":\"https:\\\/\\\/folhadoleste.com.br\\\/\",\"logo\":{\"@type\":\"ImageObject\",\"inLanguage\":\"en-US\",\"@id\":\"https:\\\/\\\/folhadoleste.com.br\\\/#\\\/schema\\\/logo\\\/image\\\/\",\"url\":\"https:\\\/\\\/folhadoleste.com.br\\\/wp-content\\\/uploads\\\/2025\\\/12\\\/brasil-21-logomarca.avif\",\"contentUrl\":\"https:\\\/\\\/folhadoleste.com.br\\\/wp-content\\\/uploads\\\/2025\\\/12\\\/brasil-21-logomarca.avif\",\"width\":1044,\"height\":1044,\"caption\":\"Brasil 21 Comunica\u00e7\u00e3o\"},\"image\":{\"@id\":\"https:\\\/\\\/folhadoleste.com.br\\\/#\\\/schema\\\/logo\\\/image\\\/\"},\"sameAs\":[\"https:\\\/\\\/www.facebook.com\\\/folhadoleste\",\"https:\\\/\\\/x.com\\\/FolhadoLesteRJ\",\"https:\\\/\\\/www.instagram.com\\\/folhadoleste\\\/\"]},{\"@type\":\"Person\",\"@id\":\"https:\\\/\\\/folhadoleste.com.br\\\/#\\\/schema\\\/person\\\/8f044b173ce73d5609095241ce6a7cf0\",\"name\":\"Ana Carolina Motta\",\"image\":{\"@type\":\"ImageObject\",\"inLanguage\":\"en-US\",\"@id\":\"https:\\\/\\\/folhadoleste.com.br\\\/wp-content\\\/litespeed\\\/avatar\\\/c745de34c0d1fca381be0dadb2a31ad0.jpg?ver=1777161218\",\"url\":\"https:\\\/\\\/folhadoleste.com.br\\\/wp-content\\\/litespeed\\\/avatar\\\/c745de34c0d1fca381be0dadb2a31ad0.jpg?ver=1777161218\",\"contentUrl\":\"https:\\\/\\\/folhadoleste.com.br\\\/wp-content\\\/litespeed\\\/avatar\\\/c745de34c0d1fca381be0dadb2a31ad0.jpg?ver=1777161218\",\"caption\":\"Ana Carolina Motta\"},\"url\":\"https:\\\/\\\/folhadoleste.com.br\\\/en\\\/author\\\/ana-carolina\\\/\"}]}<\/script>\n<!-- \/ Yoast SEO plugin. -->","yoast_head_json":{"title":"D\u00edvidas de IPVA entre 2020 e 2023 t\u00eam novo prazo de pagamento &#8226; Folha do Leste","description":"Programa \"IPVA em Dia\" no RJ permite parcelar d\u00edvidas de ve\u00edculos entre 2020 e 2023, com prazo de ades\u00e3o at\u00e9 29 de novembro.","robots":{"index":"index","follow":"follow","max-snippet":"max-snippet:-1","max-image-preview":"max-image-preview:large","max-video-preview":"max-video-preview:-1"},"canonical":"https:\/\/folhadoleste.com.br\/en\/dividas-de-ipva-entre-2020-e-2023-tem-novo-prazo-de-pagamento\/","og_locale":"en_US","og_type":"article","og_title":"D\u00edvidas de IPVA entre 2020 e 2023 t\u00eam novo prazo de pagamento &#8226; Folha do Leste","og_description":"11 de November de 2024 &#8226; Estado do Rio de Janeiro, Rio de Janeiro - Capital &#8226; Folha do Leste","og_url":"https:\/\/folhadoleste.com.br\/en\/dividas-de-ipva-entre-2020-e-2023-tem-novo-prazo-de-pagamento\/","og_site_name":"Folha do Leste","article_publisher":"https:\/\/www.facebook.com\/folhadoleste","article_published_time":"2024-11-11T15:51:10+00:00","og_image":[{"width":1170,"height":700,"url":"https:\/\/folhadoleste.com.br\/wp-content\/uploads\/2024\/06\/IPVA-2024-RJ-Parcelamento-em-ate-12-vezes-Foto-Jose-Cruz-Agencia-Brasil.webp","type":"image\/webp"}],"author":"Ana Carolina Motta","twitter_card":"summary_large_image","twitter_description":"11 de November de 2024 &#8226; Estado do Rio de Janeiro, Rio de Janeiro - Capital &#8226; Folha do Leste","twitter_creator":"@FolhadoLesteRJ","twitter_site":"@FolhadoLesteRJ","twitter_misc":{"Written by":"Ana Carolina Motta","Est. reading time":"3 minutes"},"schema":{"@context":"https:\/\/schema.org","@graph":[{"@type":"NewsArticle","@id":"https:\/\/folhadoleste.com.br\/dividas-de-ipva-entre-2020-e-2023-tem-novo-prazo-de-pagamento\/#article","isPartOf":{"@id":"https:\/\/folhadoleste.com.br\/dividas-de-ipva-entre-2020-e-2023-tem-novo-prazo-de-pagamento\/"},"author":{"name":"Ana Carolina Motta","@id":"https:\/\/folhadoleste.com.br\/#\/schema\/person\/8f044b173ce73d5609095241ce6a7cf0"},"headline":"D\u00edvidas de IPVA entre 2020 e 2023 t\u00eam novo prazo de pagamento","datePublished":"2024-11-11T15:51:10+00:00","mainEntityOfPage":{"@id":"https:\/\/folhadoleste.com.br\/dividas-de-ipva-entre-2020-e-2023-tem-novo-prazo-de-pagamento\/"},"wordCount":313,"commentCount":0,"publisher":{"@id":"https:\/\/folhadoleste.com.br\/#organization"},"image":{"@id":"https:\/\/folhadoleste.com.br\/dividas-de-ipva-entre-2020-e-2023-tem-novo-prazo-de-pagamento\/#primaryimage"},"thumbnailUrl":"https:\/\/folhadoleste.com.br\/wp-content\/uploads\/2024\/06\/IPVA-2024-RJ-Parcelamento-em-ate-12-vezes-Foto-Jose-Cruz-Agencia-Brasil.webp","keywords":["ades\u00e3o ao programa","ades\u00e3o IPVA em Dia","d\u00e9bitos de IPVA","d\u00edvidas de IPVA","inadimpl\u00eancia IPVA","IPVA 2020 2023","IPVA atrasado","IPVA atrasado Rio","IPVA atrasado RJ","IPVA d\u00edvida ativa","IPVA em at\u00e9 12 vezes","IPVA em Dia Rio de Janeiro","IPVA parcelado","IPVA RJ","IPVA vencido","parcelamento de d\u00e9bitos","parcelamento de IPVA","parcelamento IPVA RJ","prazos de IPVA","Procuradoria Geral do Estado","programa de d\u00edvidas RJ","programa de parcelamento","programa de quita\u00e7\u00e3o","programa IPVA em Dia","quita\u00e7\u00e3o de IPVA","regulariza\u00e7\u00e3o de d\u00edvidas","regulariza\u00e7\u00e3o de IPVA","regularizar IPVA RJ","Secretaria de Fazenda","Secretaria de Fazenda RJ"],"articleSection":["Estado do Rio de Janeiro","Rio de Janeiro - Capital"],"inLanguage":"en-US","potentialAction":[{"@type":"CommentAction","name":"Comment","target":["https:\/\/folhadoleste.com.br\/dividas-de-ipva-entre-2020-e-2023-tem-novo-prazo-de-pagamento\/#respond"]}]},{"@type":"WebPage","@id":"https:\/\/folhadoleste.com.br\/dividas-de-ipva-entre-2020-e-2023-tem-novo-prazo-de-pagamento\/","url":"https:\/\/folhadoleste.com.br\/dividas-de-ipva-entre-2020-e-2023-tem-novo-prazo-de-pagamento\/","name":"D\u00edvidas de IPVA entre 2020 e 2023 t\u00eam novo prazo de pagamento &#8226; Folha do Leste","isPartOf":{"@id":"https:\/\/folhadoleste.com.br\/#website"},"primaryImageOfPage":{"@id":"https:\/\/folhadoleste.com.br\/dividas-de-ipva-entre-2020-e-2023-tem-novo-prazo-de-pagamento\/#primaryimage"},"image":{"@id":"https:\/\/folhadoleste.com.br\/dividas-de-ipva-entre-2020-e-2023-tem-novo-prazo-de-pagamento\/#primaryimage"},"thumbnailUrl":"https:\/\/folhadoleste.com.br\/wp-content\/uploads\/2024\/06\/IPVA-2024-RJ-Parcelamento-em-ate-12-vezes-Foto-Jose-Cruz-Agencia-Brasil.webp","datePublished":"2024-11-11T15:51:10+00:00","description":"Programa \"IPVA em Dia\" no RJ permite parcelar d\u00edvidas de ve\u00edculos entre 2020 e 2023, com prazo de ades\u00e3o at\u00e9 29 de novembro.","breadcrumb":{"@id":"https:\/\/folhadoleste.com.br\/dividas-de-ipva-entre-2020-e-2023-tem-novo-prazo-de-pagamento\/#breadcrumb"},"inLanguage":"en-US","potentialAction":[{"@type":"ReadAction","target":["https:\/\/folhadoleste.com.br\/dividas-de-ipva-entre-2020-e-2023-tem-novo-prazo-de-pagamento\/"]}]},{"@type":"ImageObject","inLanguage":"en-US","@id":"https:\/\/folhadoleste.com.br\/dividas-de-ipva-entre-2020-e-2023-tem-novo-prazo-de-pagamento\/#primaryimage","url":"https:\/\/folhadoleste.com.br\/wp-content\/uploads\/2024\/06\/IPVA-2024-RJ-Parcelamento-em-ate-12-vezes-Foto-Jose-Cruz-Agencia-Brasil.webp","contentUrl":"https:\/\/folhadoleste.com.br\/wp-content\/uploads\/2024\/06\/IPVA-2024-RJ-Parcelamento-em-ate-12-vezes-Foto-Jose-Cruz-Agencia-Brasil.webp","width":1170,"height":700,"caption":"IPVA 2024 RJ: Parcelamento em at\u00e9 12 vezes | Jos\u00e9 Cruz\/Ag\u00eancia Brasil"},{"@type":"BreadcrumbList","@id":"https:\/\/folhadoleste.com.br\/dividas-de-ipva-entre-2020-e-2023-tem-novo-prazo-de-pagamento\/#breadcrumb","itemListElement":[{"@type":"ListItem","position":1,"name":"In\u00edcio","item":"https:\/\/folhadoleste.com.br\/"},{"@type":"ListItem","position":2,"name":"Rio de Janeiro - Capital","item":"https:\/\/folhadoleste.com.br\/category\/rio-de-janeiro-capital\/"},{"@type":"ListItem","position":3,"name":"D\u00edvidas de IPVA entre 2020 e 2023 t\u00eam novo prazo de pagamento"}]},{"@type":"WebSite","@id":"https:\/\/folhadoleste.com.br\/#website","url":"https:\/\/folhadoleste.com.br\/","name":"Folha do Leste","description":"Portal de Not\u00edcias com \u00eanfase em Niter\u00f3i, criando conte\u00fados desde a capital Rio de Janeiro, com olhar para o Leste Fluminense e suas cidades como S\u00e3o Gon\u00e7alo, Itabora\u00ed, Rio Bonito, Maric\u00e1, Saquarema e Araruama","publisher":{"@id":"https:\/\/folhadoleste.com.br\/#organization"},"alternateName":"FL","potentialAction":[{"@type":"SearchAction","target":{"@type":"EntryPoint","urlTemplate":"https:\/\/folhadoleste.com.br\/?s={search_term_string}"},"query-input":{"@type":"PropertyValueSpecification","valueRequired":true,"valueName":"search_term_string"}}],"inLanguage":"en-US"},{"@type":"Organization","@id":"https:\/\/folhadoleste.com.br\/#organization","name":"Brasil 21 Comunica\u00e7\u00e3o","alternateName":"BR21","url":"https:\/\/folhadoleste.com.br\/","logo":{"@type":"ImageObject","inLanguage":"en-US","@id":"https:\/\/folhadoleste.com.br\/#\/schema\/logo\/image\/","url":"https:\/\/folhadoleste.com.br\/wp-content\/uploads\/2025\/12\/brasil-21-logomarca.avif","contentUrl":"https:\/\/folhadoleste.com.br\/wp-content\/uploads\/2025\/12\/brasil-21-logomarca.avif","width":1044,"height":1044,"caption":"Brasil 21 Comunica\u00e7\u00e3o"},"image":{"@id":"https:\/\/folhadoleste.com.br\/#\/schema\/logo\/image\/"},"sameAs":["https:\/\/www.facebook.com\/folhadoleste","https:\/\/x.com\/FolhadoLesteRJ","https:\/\/www.instagram.com\/folhadoleste\/"]},{"@type":"Person","@id":"https:\/\/folhadoleste.com.br\/#\/schema\/person\/8f044b173ce73d5609095241ce6a7cf0","name":"Ana Carolina Motta","image":{"@type":"ImageObject","inLanguage":"en-US","@id":"https:\/\/folhadoleste.com.br\/wp-content\/litespeed\/avatar\/c745de34c0d1fca381be0dadb2a31ad0.jpg?ver=1777161218","url":"https:\/\/folhadoleste.com.br\/wp-content\/litespeed\/avatar\/c745de34c0d1fca381be0dadb2a31ad0.jpg?ver=1777161218","contentUrl":"https:\/\/folhadoleste.com.br\/wp-content\/litespeed\/avatar\/c745de34c0d1fca381be0dadb2a31ad0.jpg?ver=1777161218","caption":"Ana Carolina Motta"},"url":"https:\/\/folhadoleste.com.br\/en\/author\/ana-carolina\/"}]}},"_links":{"self":[{"href":"https:\/\/folhadoleste.com.br\/en\/wp-json\/wp\/v2\/posts\/95813","targetHints":{"allow":["GET"]}}],"collection":[{"href":"https:\/\/folhadoleste.com.br\/en\/wp-json\/wp\/v2\/posts"}],"about":[{"href":"https:\/\/folhadoleste.com.br\/en\/wp-json\/wp\/v2\/types\/post"}],"author":[{"embeddable":true,"href":"https:\/\/folhadoleste.com.br\/en\/wp-json\/wp\/v2\/users\/16"}],"replies":[{"embeddable":true,"href":"https:\/\/folhadoleste.com.br\/en\/wp-json\/wp\/v2\/comments?post=95813"}],"version-history":[{"count":1,"href":"https:\/\/folhadoleste.com.br\/en\/wp-json\/wp\/v2\/posts\/95813\/revisions"}],"predecessor-version":[{"id":95825,"href":"https:\/\/folhadoleste.com.br\/en\/wp-json\/wp\/v2\/posts\/95813\/revisions\/95825"}],"wp:featuredmedia":[{"embeddable":true,"href":"https:\/\/folhadoleste.com.br\/en\/wp-json\/wp\/v2\/media\/73261"}],"wp:attachment":[{"href":"https:\/\/folhadoleste.com.br\/en\/wp-json\/wp\/v2\/media?parent=95813"}],"wp:term":[{"taxonomy":"category","embeddable":true,"href":"https:\/\/folhadoleste.com.br\/en\/wp-json\/wp\/v2\/categories?post=95813"},{"taxonomy":"post_tag","embeddable":true,"href":"https:\/\/folhadoleste.com.br\/en\/wp-json\/wp\/v2\/tags?post=95813"}],"curies":[{"name":"wp","href":"https:\/\/api.w.org\/{rel}","templated":true}]}}