{"id":94031,"date":"2024-11-03T11:29:26","date_gmt":"2024-11-03T14:29:26","guid":{"rendered":"https:\/\/folhadoleste.com.br\/?p=94031"},"modified":"2024-11-03T11:29:28","modified_gmt":"2024-11-03T14:29:28","slug":"confronto-termina-com-prisao-e-ferido-em-duque-de-caxias","status":"publish","type":"post","link":"https:\/\/folhadoleste.com.br\/en\/confronto-termina-com-prisao-e-ferido-em-duque-de-caxias\/","title":{"rendered":"Confronto termina com pris\u00e3o e ferido em Duque de Caxias"},"content":{"rendered":"<div id=\"attachment_94033\" style=\"width: 1034px\" class=\"wp-caption aligncenter\"><a href=\"https:\/\/folhadoleste.com.br\/en\/confronto-termina-com-prisao-e-ferido-em-duque-de-caxias\/confronto-termina-com-prisao-e-ferido-em-duque-de-caxias-foto-divulgacao\/\" rel=\"attachment wp-att-94033\"><img decoding=\"async\" aria-describedby=\"caption-attachment-94033\" class=\"size-large wp-image-94033\" src=\"https:\/\/folhadoleste.com.br\/wp-content\/uploads\/2024\/11\/Confronto-termina-com-prisao-e-ferido-em-Duque-de-Caxias-Foto-Divulgacao-1024x640.png\" alt=\"Confronto termina com pris\u00e3o e ferido em Duque de Caxias\" width=\"1024\" height=\"640\" \/><\/a><p id=\"caption-attachment-94033\" class=\"wp-caption-text\">Confronto termina com pris\u00e3o e ferido em Duque de Caxias | Divulga\u00e7\u00e3o<\/p><\/div>\n<p style=\"text-align: justify;\">Um confronto armado na Vila Urussa\u00ed, em Duque de Caxias, terminou com um criminoso preso e outro baleado na madrugada deste domingo (3). O local fica a menos de 3km da Rua Dom Pedro I, em Saracuruna, onde policiais haviam sido atacados a tiros no dia anterior.<\/p>\n<h6><span style=\"color: #ff0000;\"><strong>+<\/strong><\/span> <span style=\"color: #000000;\">LEIA TAMB\u00c9M: <\/span><strong>\u25ba<a href=\"https:\/\/folhadoleste.com.br\/en\/passeio-cultural-na-fiocruz-mergulha-na-historia-da-saude-publica-brasileira\/\">Passeio cultural na Fiocruz mergulha na hist\u00f3ria da sa\u00fade p\u00fablica brasileira<\/a><\/strong><\/h6>\n<p style=\"text-align: justify;\">A a\u00e7\u00e3o teve in\u00edcio quando equipes do 15\u00baBPM (Caxias) foram atacadas na regi\u00e3o. Os policiais revidaram e, durante o confronto, um dos suspeitos foi ferido, enquanto outro foi capturado.<\/p>\n<p style=\"text-align: justify;\">Na opera\u00e7\u00e3o, foram apreendidas uma arma de fogo e uma grande quantidade de drogas, refor\u00e7ando a a\u00e7\u00e3o policial para conter o crime local.<\/p>\n<h5 style=\"text-align: center;\"><span style=\"color: #000000;\"><span style=\"color: #ff0000;\"><strong>+ <\/strong><\/span><\/span><span style=\"color: #000000;\"><strong><span style=\"color: #ff9900;\">MAIS NOT\u00cdCIAS DA BAIXADA FLUMINENSE?<\/span> <span style=\"color: #008080;\"><a style=\"color: #008080;\" href=\"https:\/\/folhadoleste.com.br\/en\/category\/baixada-fluminense\/\">CLIQUE AQUI<\/a><\/span><\/strong><\/span><\/h5>\n<p style=\"text-align: justify;\">No dia anterior, cerca de 20 criminosos haviam atacado PMs enquanto os agentes tentavam recuperar uma carga de frango roubada em Saracuruna.<\/p>\n<p style=\"text-align: justify;\">Durante o tiroteio, os suspeitos fugiram, deixando parte da carga roubada, quatro motocicletas e dois carros. Todos os itens foram apreendidos, e o caminh\u00e3o foi devolvido ao propriet\u00e1rio. A ocorr\u00eancia foi registrada na 60\u00aa DP (Campos El\u00edseos).<\/p>\n<div id=\"attachment_77492\" class=\"wp-caption aligncenter\"><a href=\"http:\/\/instagram.com\/folhadoleste\"><img decoding=\"async\" class=\"wp-image-77492 size-full\" src=\"https:\/\/folhadoleste.com.br\/wp-content\/uploads\/2024\/07\/Instagram-Folha-do-Leste.png\" alt=\"http:\/\/instagram.com\/folhadoleste\" width=\"400\" height=\"200\" aria-describedby=\"caption-attachment-77492\" \/><\/a><\/div>\n<div id=\"attachment_77490\" class=\"wp-caption aligncenter\"><a href=\"http:\/\/facebook.com\/folhadoleste\"><img decoding=\"async\" class=\"size-medium wp-image-77490\" src=\"https:\/\/folhadoleste.com.br\/wp-content\/uploads\/2024\/07\/Facebook-Folha-do-Leste-10k-300x300.jpg\" alt=\"Curta e siga o Folha do Leste no Facebook!\" width=\"300\" height=\"300\" aria-describedby=\"caption-attachment-77490\" \/><\/a><\/div>","protected":false},"excerpt":{"rendered":"<p>Um confronto armado na Vila Urussa\u00ed, em Duque de Caxias, terminou com um criminoso preso e outro baleado na madrugada deste domingo (3). O local fica a menos de 3km da Rua Dom Pedro I, em Saracuruna, onde policiais haviam sido atacados a tiros no dia anterior. + LEIA TAMB\u00c9M: \u25baPasseio cultural na Fiocruz mergulha na hist\u00f3ria da sa\u00fade p\u00fablica brasileira A a\u00e7\u00e3o teve in\u00edcio quando equipes do 15\u00baBPM (Caxias) foram atacadas na regi\u00e3o. Os policiais revidaram e, durante o confronto, um dos suspeitos foi ferido, enquanto outro foi capturado. Na opera\u00e7\u00e3o, foram apreendidas uma arma de fogo e uma [&hellip;]<\/p>\n","protected":false},"author":4,"featured_media":94033,"comment_status":"open","ping_status":"open","sticky":false,"template":"","format":"standard","meta":{"footnotes":""},"categories":[2213,46],"tags":[48188,11782,3385,3775,68,310,5441,37409,1857,600,7369,15119,36674,19497,78,2587,410,93,824,2856,48187,18874],"class_list":["post-94031","post","type-post","status-publish","format-standard","has-post-thumbnail","hentry","category-noticias-da-baixada-fluminense","category-estado-do-rio-de-janeiro","tag-15obpm","tag-arma-de-fogo","tag-baixada-fluminense","tag-baleado","tag-brasil","tag-confronto","tag-criminalidade","tag-criminoso-preso","tag-duque-de-caxias","tag-estado-do-rio","tag-ferido","tag-inseguranca","tag-noticia-policial","tag-ocorrencia-policial","tag-policia","tag-policia-militar","tag-prisao","tag-rio-de-janeiro","tag-seguranca-publica","tag-tiroteio","tag-vila-urussai","tag-violencia-urbana","post--single"],"yoast_head":"<!-- This site is optimized with the Yoast SEO plugin v27.4 - https:\/\/yoast.com\/product\/yoast-seo-wordpress\/ -->\n<title>Confronto termina com pris\u00e3o e ferido em Duque de Caxias &#8226; Folha do Leste<\/title>\n<meta name=\"description\" content=\"Confronto termina com pris\u00e3o e ferido em Duque de Caxias. Pol\u00edcia reage a ataque armado na Baixada Fluminense...\" \/>\n<meta name=\"robots\" content=\"index, follow, max-snippet:-1, max-image-preview:large, max-video-preview:-1\" \/>\n<link rel=\"canonical\" href=\"https:\/\/folhadoleste.com.br\/en\/confronto-termina-com-prisao-e-ferido-em-duque-de-caxias\/\" \/>\n<meta property=\"og:locale\" content=\"en_US\" \/>\n<meta property=\"og:type\" content=\"article\" \/>\n<meta property=\"og:title\" content=\"Confronto termina com pris\u00e3o e ferido em Duque de Caxias &#8226; Folha do Leste\" \/>\n<meta property=\"og:description\" content=\"Baixada Fluminense &#8226; 3 de November de 2024 &#8226; Folha do Leste\" \/>\n<meta property=\"og:url\" content=\"https:\/\/folhadoleste.com.br\/en\/confronto-termina-com-prisao-e-ferido-em-duque-de-caxias\/\" \/>\n<meta property=\"og:site_name\" content=\"Folha do Leste\" \/>\n<meta property=\"article:publisher\" content=\"https:\/\/www.facebook.com\/folhadoleste\" \/>\n<meta property=\"article:published_time\" content=\"2024-11-03T14:29:26+00:00\" \/>\n<meta property=\"article:modified_time\" content=\"2024-11-03T14:29:28+00:00\" \/>\n<meta property=\"og:image\" content=\"https:\/\/folhadoleste.com.br\/wp-content\/uploads\/2024\/11\/Confronto-termina-com-prisao-e-ferido-em-Duque-de-Caxias-Foto-Divulgacao.png\" \/>\n\t<meta property=\"og:image:width\" content=\"1200\" \/>\n\t<meta property=\"og:image:height\" content=\"750\" \/>\n\t<meta property=\"og:image:type\" content=\"image\/png\" \/>\n<meta name=\"author\" content=\"Folha do Leste\" \/>\n<meta name=\"twitter:card\" content=\"summary_large_image\" \/>\n<meta name=\"twitter:description\" content=\"Baixada Fluminense &#8226; 3 de November de 2024 &#8226; Folha do Leste\" \/>\n<meta name=\"twitter:creator\" content=\"@FolhadoLesteRJ\" \/>\n<meta name=\"twitter:site\" content=\"@FolhadoLesteRJ\" \/>\n<meta name=\"twitter:label1\" content=\"Written by\" \/>\n\t<meta name=\"twitter:data1\" content=\"Folha do Leste\" \/>\n\t<meta name=\"twitter:label2\" content=\"Est. reading time\" \/>\n\t<meta name=\"twitter:data2\" content=\"2 minutes\" \/>\n<script type=\"application\/ld+json\" class=\"yoast-schema-graph\">{\"@context\":\"https:\\\/\\\/schema.org\",\"@graph\":[{\"@type\":\"NewsArticle\",\"@id\":\"https:\\\/\\\/folhadoleste.com.br\\\/confronto-termina-com-prisao-e-ferido-em-duque-de-caxias\\\/#article\",\"isPartOf\":{\"@id\":\"https:\\\/\\\/folhadoleste.com.br\\\/confronto-termina-com-prisao-e-ferido-em-duque-de-caxias\\\/\"},\"author\":{\"name\":\"Folha do Leste\",\"@id\":\"https:\\\/\\\/folhadoleste.com.br\\\/#\\\/schema\\\/person\\\/3e97145b2e1861276e84471aa85a3899\"},\"headline\":\"Confronto termina com pris\u00e3o e ferido em Duque de Caxias\",\"datePublished\":\"2024-11-03T14:29:26+00:00\",\"dateModified\":\"2024-11-03T14:29:28+00:00\",\"mainEntityOfPage\":{\"@id\":\"https:\\\/\\\/folhadoleste.com.br\\\/confronto-termina-com-prisao-e-ferido-em-duque-de-caxias\\\/\"},\"wordCount\":221,\"commentCount\":0,\"publisher\":{\"@id\":\"https:\\\/\\\/folhadoleste.com.br\\\/#organization\"},\"image\":{\"@id\":\"https:\\\/\\\/folhadoleste.com.br\\\/confronto-termina-com-prisao-e-ferido-em-duque-de-caxias\\\/#primaryimage\"},\"thumbnailUrl\":\"https:\\\/\\\/folhadoleste.com.br\\\/wp-content\\\/uploads\\\/2024\\\/11\\\/Confronto-termina-com-prisao-e-ferido-em-Duque-de-Caxias-Foto-Divulgacao.png\",\"keywords\":[\"15\u00baBPM\",\"arma de fogo\",\"Baixada Fluminense\",\"baleado\",\"Brasil\",\"confronto\",\"criminalidade\",\"criminoso preso\",\"Duque de Caxias\",\"estado do rio\",\"ferido\",\"Inseguran\u00e7a\",\"not\u00edcia policial\",\"ocorr\u00eancia policial\",\"pol\u00edcia\",\"Pol\u00edcia Militar\",\"pris\u00e3o\",\"Rio de Janeiro\",\"Seguran\u00e7a publica\",\"tiroteio\",\"Vila Urussa\u00ed\",\"Viol\u00eancia Urbana\"],\"articleSection\":[\"Baixada Fluminense\",\"Estado do Rio de Janeiro\"],\"inLanguage\":\"en-US\",\"potentialAction\":[{\"@type\":\"CommentAction\",\"name\":\"Comment\",\"target\":[\"https:\\\/\\\/folhadoleste.com.br\\\/confronto-termina-com-prisao-e-ferido-em-duque-de-caxias\\\/#respond\"]}]},{\"@type\":\"WebPage\",\"@id\":\"https:\\\/\\\/folhadoleste.com.br\\\/confronto-termina-com-prisao-e-ferido-em-duque-de-caxias\\\/\",\"url\":\"https:\\\/\\\/folhadoleste.com.br\\\/confronto-termina-com-prisao-e-ferido-em-duque-de-caxias\\\/\",\"name\":\"Confronto termina com pris\u00e3o e ferido em Duque de Caxias &#8226; Folha do Leste\",\"isPartOf\":{\"@id\":\"https:\\\/\\\/folhadoleste.com.br\\\/#website\"},\"primaryImageOfPage\":{\"@id\":\"https:\\\/\\\/folhadoleste.com.br\\\/confronto-termina-com-prisao-e-ferido-em-duque-de-caxias\\\/#primaryimage\"},\"image\":{\"@id\":\"https:\\\/\\\/folhadoleste.com.br\\\/confronto-termina-com-prisao-e-ferido-em-duque-de-caxias\\\/#primaryimage\"},\"thumbnailUrl\":\"https:\\\/\\\/folhadoleste.com.br\\\/wp-content\\\/uploads\\\/2024\\\/11\\\/Confronto-termina-com-prisao-e-ferido-em-Duque-de-Caxias-Foto-Divulgacao.png\",\"datePublished\":\"2024-11-03T14:29:26+00:00\",\"dateModified\":\"2024-11-03T14:29:28+00:00\",\"description\":\"Confronto termina com pris\u00e3o e ferido em Duque de Caxias. Pol\u00edcia reage a ataque armado na Baixada Fluminense...\",\"breadcrumb\":{\"@id\":\"https:\\\/\\\/folhadoleste.com.br\\\/confronto-termina-com-prisao-e-ferido-em-duque-de-caxias\\\/#breadcrumb\"},\"inLanguage\":\"en-US\",\"potentialAction\":[{\"@type\":\"ReadAction\",\"target\":[\"https:\\\/\\\/folhadoleste.com.br\\\/confronto-termina-com-prisao-e-ferido-em-duque-de-caxias\\\/\"]}]},{\"@type\":\"ImageObject\",\"inLanguage\":\"en-US\",\"@id\":\"https:\\\/\\\/folhadoleste.com.br\\\/confronto-termina-com-prisao-e-ferido-em-duque-de-caxias\\\/#primaryimage\",\"url\":\"https:\\\/\\\/folhadoleste.com.br\\\/wp-content\\\/uploads\\\/2024\\\/11\\\/Confronto-termina-com-prisao-e-ferido-em-Duque-de-Caxias-Foto-Divulgacao.png\",\"contentUrl\":\"https:\\\/\\\/folhadoleste.com.br\\\/wp-content\\\/uploads\\\/2024\\\/11\\\/Confronto-termina-com-prisao-e-ferido-em-Duque-de-Caxias-Foto-Divulgacao.png\",\"width\":1200,\"height\":750,\"caption\":\"Confronto termina com pris\u00e3o e ferido em Duque de Caxias | Divulga\u00e7\u00e3o\"},{\"@type\":\"BreadcrumbList\",\"@id\":\"https:\\\/\\\/folhadoleste.com.br\\\/confronto-termina-com-prisao-e-ferido-em-duque-de-caxias\\\/#breadcrumb\",\"itemListElement\":[{\"@type\":\"ListItem\",\"position\":1,\"name\":\"In\u00edcio\",\"item\":\"https:\\\/\\\/folhadoleste.com.br\\\/\"},{\"@type\":\"ListItem\",\"position\":2,\"name\":\"Estado do Rio de Janeiro\",\"item\":\"https:\\\/\\\/folhadoleste.com.br\\\/category\\\/estado-do-rio-de-janeiro\\\/\"},{\"@type\":\"ListItem\",\"position\":3,\"name\":\"Baixada Fluminense\",\"item\":\"https:\\\/\\\/folhadoleste.com.br\\\/category\\\/estado-do-rio-de-janeiro\\\/noticias-da-baixada-fluminense\\\/\"},{\"@type\":\"ListItem\",\"position\":4,\"name\":\"Confronto termina com pris\u00e3o e ferido em Duque de Caxias\"}]},{\"@type\":\"WebSite\",\"@id\":\"https:\\\/\\\/folhadoleste.com.br\\\/#website\",\"url\":\"https:\\\/\\\/folhadoleste.com.br\\\/\",\"name\":\"Folha do Leste\",\"description\":\"Portal de Not\u00edcias com \u00eanfase em Niter\u00f3i, criando conte\u00fados desde a capital Rio de Janeiro, com olhar para o Leste Fluminense e suas cidades como S\u00e3o Gon\u00e7alo, Itabora\u00ed, Rio Bonito, Maric\u00e1, Saquarema e Araruama\",\"publisher\":{\"@id\":\"https:\\\/\\\/folhadoleste.com.br\\\/#organization\"},\"alternateName\":\"FL\",\"potentialAction\":[{\"@type\":\"SearchAction\",\"target\":{\"@type\":\"EntryPoint\",\"urlTemplate\":\"https:\\\/\\\/folhadoleste.com.br\\\/?s={search_term_string}\"},\"query-input\":{\"@type\":\"PropertyValueSpecification\",\"valueRequired\":true,\"valueName\":\"search_term_string\"}}],\"inLanguage\":\"en-US\"},{\"@type\":\"Organization\",\"@id\":\"https:\\\/\\\/folhadoleste.com.br\\\/#organization\",\"name\":\"Brasil 21 Comunica\u00e7\u00e3o\",\"alternateName\":\"BR21\",\"url\":\"https:\\\/\\\/folhadoleste.com.br\\\/\",\"logo\":{\"@type\":\"ImageObject\",\"inLanguage\":\"en-US\",\"@id\":\"https:\\\/\\\/folhadoleste.com.br\\\/#\\\/schema\\\/logo\\\/image\\\/\",\"url\":\"https:\\\/\\\/folhadoleste.com.br\\\/wp-content\\\/uploads\\\/2025\\\/12\\\/brasil-21-logomarca.avif\",\"contentUrl\":\"https:\\\/\\\/folhadoleste.com.br\\\/wp-content\\\/uploads\\\/2025\\\/12\\\/brasil-21-logomarca.avif\",\"width\":1044,\"height\":1044,\"caption\":\"Brasil 21 Comunica\u00e7\u00e3o\"},\"image\":{\"@id\":\"https:\\\/\\\/folhadoleste.com.br\\\/#\\\/schema\\\/logo\\\/image\\\/\"},\"sameAs\":[\"https:\\\/\\\/www.facebook.com\\\/folhadoleste\",\"https:\\\/\\\/x.com\\\/FolhadoLesteRJ\",\"https:\\\/\\\/www.instagram.com\\\/folhadoleste\\\/\"]},{\"@type\":\"Person\",\"@id\":\"https:\\\/\\\/folhadoleste.com.br\\\/#\\\/schema\\\/person\\\/3e97145b2e1861276e84471aa85a3899\",\"name\":\"Folha do Leste\",\"image\":{\"@type\":\"ImageObject\",\"inLanguage\":\"en-US\",\"@id\":\"https:\\\/\\\/folhadoleste.com.br\\\/wp-content\\\/litespeed\\\/avatar\\\/1ca8c218432e7045e748610eb3db0259.jpg?ver=1777161142\",\"url\":\"https:\\\/\\\/folhadoleste.com.br\\\/wp-content\\\/litespeed\\\/avatar\\\/1ca8c218432e7045e748610eb3db0259.jpg?ver=1777161142\",\"contentUrl\":\"https:\\\/\\\/folhadoleste.com.br\\\/wp-content\\\/litespeed\\\/avatar\\\/1ca8c218432e7045e748610eb3db0259.jpg?ver=1777161142\",\"caption\":\"Folha do Leste\"},\"url\":\"https:\\\/\\\/folhadoleste.com.br\\\/en\\\/author\\\/reportagem-01\\\/\"}]}<\/script>\n<!-- \/ Yoast SEO plugin. -->","yoast_head_json":{"title":"Confronto termina com pris\u00e3o e ferido em Duque de Caxias &#8226; Folha do Leste","description":"Confronto termina com pris\u00e3o e ferido em Duque de Caxias. Pol\u00edcia reage a ataque armado na Baixada Fluminense...","robots":{"index":"index","follow":"follow","max-snippet":"max-snippet:-1","max-image-preview":"max-image-preview:large","max-video-preview":"max-video-preview:-1"},"canonical":"https:\/\/folhadoleste.com.br\/en\/confronto-termina-com-prisao-e-ferido-em-duque-de-caxias\/","og_locale":"en_US","og_type":"article","og_title":"Confronto termina com pris\u00e3o e ferido em Duque de Caxias &#8226; Folha do Leste","og_description":"Baixada Fluminense &#8226; 3 de November de 2024 &#8226; Folha do Leste","og_url":"https:\/\/folhadoleste.com.br\/en\/confronto-termina-com-prisao-e-ferido-em-duque-de-caxias\/","og_site_name":"Folha do Leste","article_publisher":"https:\/\/www.facebook.com\/folhadoleste","article_published_time":"2024-11-03T14:29:26+00:00","article_modified_time":"2024-11-03T14:29:28+00:00","og_image":[{"width":1200,"height":750,"url":"https:\/\/folhadoleste.com.br\/wp-content\/uploads\/2024\/11\/Confronto-termina-com-prisao-e-ferido-em-Duque-de-Caxias-Foto-Divulgacao.png","type":"image\/png"}],"author":"Folha do Leste","twitter_card":"summary_large_image","twitter_description":"Baixada Fluminense &#8226; 3 de November de 2024 &#8226; Folha do Leste","twitter_creator":"@FolhadoLesteRJ","twitter_site":"@FolhadoLesteRJ","twitter_misc":{"Written by":"Folha do Leste","Est. reading time":"2 minutes"},"schema":{"@context":"https:\/\/schema.org","@graph":[{"@type":"NewsArticle","@id":"https:\/\/folhadoleste.com.br\/confronto-termina-com-prisao-e-ferido-em-duque-de-caxias\/#article","isPartOf":{"@id":"https:\/\/folhadoleste.com.br\/confronto-termina-com-prisao-e-ferido-em-duque-de-caxias\/"},"author":{"name":"Folha do Leste","@id":"https:\/\/folhadoleste.com.br\/#\/schema\/person\/3e97145b2e1861276e84471aa85a3899"},"headline":"Confronto termina com pris\u00e3o e ferido em Duque de Caxias","datePublished":"2024-11-03T14:29:26+00:00","dateModified":"2024-11-03T14:29:28+00:00","mainEntityOfPage":{"@id":"https:\/\/folhadoleste.com.br\/confronto-termina-com-prisao-e-ferido-em-duque-de-caxias\/"},"wordCount":221,"commentCount":0,"publisher":{"@id":"https:\/\/folhadoleste.com.br\/#organization"},"image":{"@id":"https:\/\/folhadoleste.com.br\/confronto-termina-com-prisao-e-ferido-em-duque-de-caxias\/#primaryimage"},"thumbnailUrl":"https:\/\/folhadoleste.com.br\/wp-content\/uploads\/2024\/11\/Confronto-termina-com-prisao-e-ferido-em-Duque-de-Caxias-Foto-Divulgacao.png","keywords":["15\u00baBPM","arma de fogo","Baixada Fluminense","baleado","Brasil","confronto","criminalidade","criminoso preso","Duque de Caxias","estado do rio","ferido","Inseguran\u00e7a","not\u00edcia policial","ocorr\u00eancia policial","pol\u00edcia","Pol\u00edcia Militar","pris\u00e3o","Rio de Janeiro","Seguran\u00e7a publica","tiroteio","Vila Urussa\u00ed","Viol\u00eancia Urbana"],"articleSection":["Baixada Fluminense","Estado do Rio de Janeiro"],"inLanguage":"en-US","potentialAction":[{"@type":"CommentAction","name":"Comment","target":["https:\/\/folhadoleste.com.br\/confronto-termina-com-prisao-e-ferido-em-duque-de-caxias\/#respond"]}]},{"@type":"WebPage","@id":"https:\/\/folhadoleste.com.br\/confronto-termina-com-prisao-e-ferido-em-duque-de-caxias\/","url":"https:\/\/folhadoleste.com.br\/confronto-termina-com-prisao-e-ferido-em-duque-de-caxias\/","name":"Confronto termina com pris\u00e3o e ferido em Duque de Caxias &#8226; Folha do Leste","isPartOf":{"@id":"https:\/\/folhadoleste.com.br\/#website"},"primaryImageOfPage":{"@id":"https:\/\/folhadoleste.com.br\/confronto-termina-com-prisao-e-ferido-em-duque-de-caxias\/#primaryimage"},"image":{"@id":"https:\/\/folhadoleste.com.br\/confronto-termina-com-prisao-e-ferido-em-duque-de-caxias\/#primaryimage"},"thumbnailUrl":"https:\/\/folhadoleste.com.br\/wp-content\/uploads\/2024\/11\/Confronto-termina-com-prisao-e-ferido-em-Duque-de-Caxias-Foto-Divulgacao.png","datePublished":"2024-11-03T14:29:26+00:00","dateModified":"2024-11-03T14:29:28+00:00","description":"Confronto termina com pris\u00e3o e ferido em Duque de Caxias. Pol\u00edcia reage a ataque armado na Baixada Fluminense...","breadcrumb":{"@id":"https:\/\/folhadoleste.com.br\/confronto-termina-com-prisao-e-ferido-em-duque-de-caxias\/#breadcrumb"},"inLanguage":"en-US","potentialAction":[{"@type":"ReadAction","target":["https:\/\/folhadoleste.com.br\/confronto-termina-com-prisao-e-ferido-em-duque-de-caxias\/"]}]},{"@type":"ImageObject","inLanguage":"en-US","@id":"https:\/\/folhadoleste.com.br\/confronto-termina-com-prisao-e-ferido-em-duque-de-caxias\/#primaryimage","url":"https:\/\/folhadoleste.com.br\/wp-content\/uploads\/2024\/11\/Confronto-termina-com-prisao-e-ferido-em-Duque-de-Caxias-Foto-Divulgacao.png","contentUrl":"https:\/\/folhadoleste.com.br\/wp-content\/uploads\/2024\/11\/Confronto-termina-com-prisao-e-ferido-em-Duque-de-Caxias-Foto-Divulgacao.png","width":1200,"height":750,"caption":"Confronto termina com pris\u00e3o e ferido em Duque de Caxias | Divulga\u00e7\u00e3o"},{"@type":"BreadcrumbList","@id":"https:\/\/folhadoleste.com.br\/confronto-termina-com-prisao-e-ferido-em-duque-de-caxias\/#breadcrumb","itemListElement":[{"@type":"ListItem","position":1,"name":"In\u00edcio","item":"https:\/\/folhadoleste.com.br\/"},{"@type":"ListItem","position":2,"name":"Estado do Rio de Janeiro","item":"https:\/\/folhadoleste.com.br\/category\/estado-do-rio-de-janeiro\/"},{"@type":"ListItem","position":3,"name":"Baixada Fluminense","item":"https:\/\/folhadoleste.com.br\/category\/estado-do-rio-de-janeiro\/noticias-da-baixada-fluminense\/"},{"@type":"ListItem","position":4,"name":"Confronto termina com pris\u00e3o e ferido em Duque de Caxias"}]},{"@type":"WebSite","@id":"https:\/\/folhadoleste.com.br\/#website","url":"https:\/\/folhadoleste.com.br\/","name":"Folha do Leste","description":"Portal de Not\u00edcias com \u00eanfase em Niter\u00f3i, criando conte\u00fados desde a capital Rio de Janeiro, com olhar para o Leste Fluminense e suas cidades como S\u00e3o Gon\u00e7alo, Itabora\u00ed, Rio Bonito, Maric\u00e1, Saquarema e Araruama","publisher":{"@id":"https:\/\/folhadoleste.com.br\/#organization"},"alternateName":"FL","potentialAction":[{"@type":"SearchAction","target":{"@type":"EntryPoint","urlTemplate":"https:\/\/folhadoleste.com.br\/?s={search_term_string}"},"query-input":{"@type":"PropertyValueSpecification","valueRequired":true,"valueName":"search_term_string"}}],"inLanguage":"en-US"},{"@type":"Organization","@id":"https:\/\/folhadoleste.com.br\/#organization","name":"Brasil 21 Comunica\u00e7\u00e3o","alternateName":"BR21","url":"https:\/\/folhadoleste.com.br\/","logo":{"@type":"ImageObject","inLanguage":"en-US","@id":"https:\/\/folhadoleste.com.br\/#\/schema\/logo\/image\/","url":"https:\/\/folhadoleste.com.br\/wp-content\/uploads\/2025\/12\/brasil-21-logomarca.avif","contentUrl":"https:\/\/folhadoleste.com.br\/wp-content\/uploads\/2025\/12\/brasil-21-logomarca.avif","width":1044,"height":1044,"caption":"Brasil 21 Comunica\u00e7\u00e3o"},"image":{"@id":"https:\/\/folhadoleste.com.br\/#\/schema\/logo\/image\/"},"sameAs":["https:\/\/www.facebook.com\/folhadoleste","https:\/\/x.com\/FolhadoLesteRJ","https:\/\/www.instagram.com\/folhadoleste\/"]},{"@type":"Person","@id":"https:\/\/folhadoleste.com.br\/#\/schema\/person\/3e97145b2e1861276e84471aa85a3899","name":"Folha do Leste","image":{"@type":"ImageObject","inLanguage":"en-US","@id":"https:\/\/folhadoleste.com.br\/wp-content\/litespeed\/avatar\/1ca8c218432e7045e748610eb3db0259.jpg?ver=1777161142","url":"https:\/\/folhadoleste.com.br\/wp-content\/litespeed\/avatar\/1ca8c218432e7045e748610eb3db0259.jpg?ver=1777161142","contentUrl":"https:\/\/folhadoleste.com.br\/wp-content\/litespeed\/avatar\/1ca8c218432e7045e748610eb3db0259.jpg?ver=1777161142","caption":"Folha do Leste"},"url":"https:\/\/folhadoleste.com.br\/en\/author\/reportagem-01\/"}]}},"_links":{"self":[{"href":"https:\/\/folhadoleste.com.br\/en\/wp-json\/wp\/v2\/posts\/94031","targetHints":{"allow":["GET"]}}],"collection":[{"href":"https:\/\/folhadoleste.com.br\/en\/wp-json\/wp\/v2\/posts"}],"about":[{"href":"https:\/\/folhadoleste.com.br\/en\/wp-json\/wp\/v2\/types\/post"}],"author":[{"embeddable":true,"href":"https:\/\/folhadoleste.com.br\/en\/wp-json\/wp\/v2\/users\/4"}],"replies":[{"embeddable":true,"href":"https:\/\/folhadoleste.com.br\/en\/wp-json\/wp\/v2\/comments?post=94031"}],"version-history":[{"count":2,"href":"https:\/\/folhadoleste.com.br\/en\/wp-json\/wp\/v2\/posts\/94031\/revisions"}],"predecessor-version":[{"id":94035,"href":"https:\/\/folhadoleste.com.br\/en\/wp-json\/wp\/v2\/posts\/94031\/revisions\/94035"}],"wp:featuredmedia":[{"embeddable":true,"href":"https:\/\/folhadoleste.com.br\/en\/wp-json\/wp\/v2\/media\/94033"}],"wp:attachment":[{"href":"https:\/\/folhadoleste.com.br\/en\/wp-json\/wp\/v2\/media?parent=94031"}],"wp:term":[{"taxonomy":"category","embeddable":true,"href":"https:\/\/folhadoleste.com.br\/en\/wp-json\/wp\/v2\/categories?post=94031"},{"taxonomy":"post_tag","embeddable":true,"href":"https:\/\/folhadoleste.com.br\/en\/wp-json\/wp\/v2\/tags?post=94031"}],"curies":[{"name":"wp","href":"https:\/\/api.w.org\/{rel}","templated":true}]}}