{"id":92094,"date":"2024-10-25T15:39:56","date_gmt":"2024-10-25T18:39:56","guid":{"rendered":"https:\/\/folhadoleste.com.br\/?p=92094"},"modified":"2024-10-25T15:39:58","modified_gmt":"2024-10-25T18:39:58","slug":"minnie-da-justica-prende-foragida-no-peru-video","status":"publish","type":"post","link":"https:\/\/folhadoleste.com.br\/en\/minnie-da-justica-prende-foragida-no-peru-video\/","title":{"rendered":"Minnie da justi\u00e7a prende foragida no Peru &#8211; V\u00eddeo"},"content":{"rendered":"<div id=\"attachment_92096\" style=\"width: 1034px\" class=\"wp-caption aligncenter\"><a href=\"https:\/\/folhadoleste.com.br\/en\/minnie-da-justica-prende-foragida-no-peru-video\/minnie-da-justica-prende-foragida-no-peru-video-foto-reproducao\/\" rel=\"attachment wp-att-92096\"><img decoding=\"async\" aria-describedby=\"caption-attachment-92096\" class=\"size-large wp-image-92096\" src=\"https:\/\/folhadoleste.com.br\/wp-content\/uploads\/2024\/10\/Minnie-da-justica-prende-foragida-no-Peru-Video-Foto-Reproducao-1024x951.jpg\" alt=\"Minnie da justi\u00e7a prende foragida no Peru - V\u00eddeo\" width=\"1024\" height=\"951\" \/><\/a><p id=\"caption-attachment-92096\" class=\"wp-caption-text\">Minnie da justi\u00e7a prende foragida no Peru &#8211; V\u00eddeo | Reprodu\u00e7\u00e3o<\/p><\/div>\n<p style=\"text-align: justify;\">Uma cena inesperada tomou conta das redes sociais: uma mulher foragida foi presa no Peru por uma policial vestida de Minnie. A a\u00e7\u00e3o inusitada ocorreu durante uma opera\u00e7\u00e3o em Lima e ganhou repercuss\u00e3o global pela abordagem criativa e discreta.<\/p>\n<div style=\"width: 480px;\" class=\"wp-video\"><video class=\"wp-video-shortcode\" id=\"video-92094-1\" width=\"480\" height=\"464\" preload=\"metadata\" controls=\"controls\"><source type=\"video\/mp4\" src=\"https:\/\/folhadoleste.com.br\/wp-content\/uploads\/2024\/10\/Minnie-da-justica-prende-foragida-no-Peru-Video.mp4?_=1\" \/><a href=\"https:\/\/folhadoleste.com.br\/wp-content\/uploads\/2024\/10\/Minnie-da-justica-prende-foragida-no-Peru-Video.mp4\">https:\/\/folhadoleste.com.br\/wp-content\/uploads\/2024\/10\/Minnie-da-justica-prende-foragida-no-Peru-Video.mp4<\/a><\/video><\/div>\n<p style=\"text-align: justify;\">Para evitar levantar suspeitas, os policiais se aproximaram da acusada com flores e dan\u00e7as. Lucero, identificada como suspeita de envolvimento em fraudes, foi surpreendida pela encena\u00e7\u00e3o.<\/p>\n<h5 style=\"text-align: center;\"><span style=\"color: #000000;\"><span style=\"color: #ff0000;\"><strong>+ <\/strong><\/span><\/span><span style=\"color: #000000;\"><span style=\"color: #ff9900;\"><strong>MAIS NOT\u00cdCIAS INTERNACIONAIS?<\/strong><\/span><a href=\"https:\/\/folhadoleste.com.br\/en\/category\/internacional\/\"><span style=\"color: #008080;\"><strong>CLIQUE AQUI<\/strong><\/span><\/a><\/span><\/h5>\n<p style=\"text-align: justify;\">A mulher ficou encantada ao ver um homem se declarar e, sem perceber a emboscada, aceitou um presente oferecido por ele.<\/p>\n<h6><span style=\"color: #ff0000;\"><strong>+<\/strong><\/span> <span style=\"color: #000000;\">LEIA TAMB\u00c9M: <strong>\u25ba<\/strong><\/span><\/h6>\n<p style=\"text-align: justify;\">Quando Lucero chegou \u00e0 porta de sua casa, os policiais aguardavam para agir. Nesse momento, a delegada vestida de Minnie revelou sua identidade ao retirar parte da fantasia e deu voz de pris\u00e3o \u00e0 acusada.<\/p>\n<div id=\"attachment_77492\" class=\"wp-caption aligncenter\"><a href=\"http:\/\/instagram.com\/folhadoleste\"><img decoding=\"async\" class=\"wp-image-77492 size-full\" src=\"https:\/\/folhadoleste.com.br\/wp-content\/uploads\/2024\/07\/Instagram-Folha-do-Leste.png\" alt=\"http:\/\/instagram.com\/folhadoleste\" width=\"400\" height=\"200\" aria-describedby=\"caption-attachment-77492\" \/><\/a><\/p>\n<p id=\"caption-attachment-77492\" class=\"wp-caption-text\">Siga o Folha do Leste no Instagram!<\/p>\n<\/div>\n<div id=\"attachment_77490\" class=\"wp-caption aligncenter\"><a href=\"http:\/\/facebook.com\/folhadoleste\"><img decoding=\"async\" class=\"size-medium wp-image-77490\" src=\"https:\/\/folhadoleste.com.br\/wp-content\/uploads\/2024\/07\/Facebook-Folha-do-Leste-10k-300x300.jpg\" alt=\"Curta e siga o Folha do Leste no Facebook!\" width=\"300\" height=\"300\" aria-describedby=\"caption-attachment-77490\" \/><\/a><\/div>","protected":false},"excerpt":{"rendered":"<p>Uma cena inesperada tomou conta das redes sociais: uma mulher foragida foi presa no Peru por uma policial vestida de Minnie. A a\u00e7\u00e3o inusitada ocorreu durante uma opera\u00e7\u00e3o em Lima e ganhou repercuss\u00e3o global pela abordagem criativa e discreta. Para evitar levantar suspeitas, os policiais se aproximaram da acusada com flores e dan\u00e7as. Lucero, identificada como suspeita de envolvimento em fraudes, foi surpreendida pela encena\u00e7\u00e3o. + MAIS NOT\u00cdCIAS INTERNACIONAIS?CLIQUE AQUI A mulher ficou encantada ao ver um homem se declarar e, sem perceber a emboscada, aceitou um presente oferecido por ele. + LEIA TAMB\u00c9M: \u25ba Quando Lucero chegou \u00e0 porta [&hellip;]<\/p>\n","protected":false},"author":4,"featured_media":92097,"comment_status":"open","ping_status":"open","sticky":false,"template":"","format":"standard","meta":{"footnotes":""},"categories":[349],"tags":[9550,11851,46818,2362,22954,46819,12851,12337,1987,541,46817,864,697,46816,6586,11427,12981,410,823,15891,31407],"class_list":["post-92094","post","type-post","status-publish","format-standard","has-post-thumbnail","hentry","category-internacional","tag-abordagem-policial","tag-acusada","tag-criativa","tag-crime","tag-delegada","tag-disfarce","tag-fantasia","tag-foragida","tag-fraude","tag-internacional","tag-inusitada","tag-investigacao","tag-justica","tag-minnie-mouse","tag-operacao-policial","tag-peru","tag-policial-civil","tag-prisao","tag-redes-sociais","tag-viral","tag-viralizacao","post--single"],"yoast_head":"<!-- This site is optimized with the Yoast SEO plugin v27.4 - https:\/\/yoast.com\/product\/yoast-seo-wordpress\/ -->\n<title>Minnie da justi\u00e7a prende foragida no Peru - V\u00eddeo &#8226; Folha do Leste<\/title>\n<meta name=\"description\" content=\"Minnie da justi\u00e7a prende foragida no Peru - V\u00eddeo. Criminosa n\u00e3o desconfiou da emboscada feita com disfarce...\" \/>\n<meta name=\"robots\" content=\"index, follow, max-snippet:-1, max-image-preview:large, max-video-preview:-1\" \/>\n<link rel=\"canonical\" href=\"https:\/\/folhadoleste.com.br\/en\/minnie-da-justica-prende-foragida-no-peru-video\/\" \/>\n<meta property=\"og:locale\" content=\"en_US\" \/>\n<meta property=\"og:type\" content=\"article\" \/>\n<meta property=\"og:title\" content=\"Minnie da justi\u00e7a prende foragida no Peru - V\u00eddeo &#8226; Folha do Leste\" \/>\n<meta property=\"og:description\" content=\"Internacional &#8226; 25 de October de 2024 &#8226; Folha do Leste\" \/>\n<meta property=\"og:url\" content=\"https:\/\/folhadoleste.com.br\/en\/minnie-da-justica-prende-foragida-no-peru-video\/\" \/>\n<meta property=\"og:site_name\" content=\"Folha do Leste\" \/>\n<meta property=\"article:publisher\" content=\"https:\/\/www.facebook.com\/folhadoleste\" \/>\n<meta property=\"article:published_time\" content=\"2024-10-25T18:39:56+00:00\" \/>\n<meta property=\"article:modified_time\" content=\"2024-10-25T18:39:58+00:00\" \/>\n<meta property=\"og:image\" content=\"https:\/\/folhadoleste.com.br\/wp-content\/uploads\/2024\/10\/Minnie-da-justica-prende-foragida-no-Peru-Video-Foto-Cortada-Reproducao.jpg\" \/>\n\t<meta property=\"og:image:width\" content=\"1107\" \/>\n\t<meta property=\"og:image:height\" content=\"622\" \/>\n\t<meta property=\"og:image:type\" content=\"image\/jpeg\" \/>\n<meta name=\"author\" content=\"Folha do Leste\" \/>\n<meta name=\"twitter:card\" content=\"summary_large_image\" \/>\n<meta name=\"twitter:description\" content=\"Internacional &#8226; 25 de October de 2024 &#8226; Folha do Leste\" \/>\n<meta name=\"twitter:creator\" content=\"@FolhadoLesteRJ\" \/>\n<meta name=\"twitter:site\" content=\"@FolhadoLesteRJ\" \/>\n<meta name=\"twitter:label1\" content=\"Written by\" \/>\n\t<meta name=\"twitter:data1\" content=\"Folha do Leste\" \/>\n\t<meta name=\"twitter:label2\" content=\"Est. reading time\" \/>\n\t<meta name=\"twitter:data2\" content=\"2 minutes\" \/>\n<script type=\"application\/ld+json\" class=\"yoast-schema-graph\">{\"@context\":\"https:\\\/\\\/schema.org\",\"@graph\":[{\"@type\":\"NewsArticle\",\"@id\":\"https:\\\/\\\/folhadoleste.com.br\\\/minnie-da-justica-prende-foragida-no-peru-video\\\/#article\",\"isPartOf\":{\"@id\":\"https:\\\/\\\/folhadoleste.com.br\\\/minnie-da-justica-prende-foragida-no-peru-video\\\/\"},\"author\":{\"name\":\"Folha do Leste\",\"@id\":\"https:\\\/\\\/folhadoleste.com.br\\\/#\\\/schema\\\/person\\\/3e97145b2e1861276e84471aa85a3899\"},\"headline\":\"Minnie da justi\u00e7a prende foragida no Peru &#8211; V\u00eddeo\",\"datePublished\":\"2024-10-25T18:39:56+00:00\",\"dateModified\":\"2024-10-25T18:39:58+00:00\",\"mainEntityOfPage\":{\"@id\":\"https:\\\/\\\/folhadoleste.com.br\\\/minnie-da-justica-prende-foragida-no-peru-video\\\/\"},\"wordCount\":185,\"commentCount\":0,\"publisher\":{\"@id\":\"https:\\\/\\\/folhadoleste.com.br\\\/#organization\"},\"image\":{\"@id\":\"https:\\\/\\\/folhadoleste.com.br\\\/minnie-da-justica-prende-foragida-no-peru-video\\\/#primaryimage\"},\"thumbnailUrl\":\"https:\\\/\\\/folhadoleste.com.br\\\/wp-content\\\/uploads\\\/2024\\\/10\\\/Minnie-da-justica-prende-foragida-no-Peru-Video-Foto-Cortada-Reproducao.jpg\",\"keywords\":[\"abordagem policial\",\"Acusada\",\"criativa\",\"crime\",\"Delegada\",\"disfarce\",\"fantasia\",\"foragida\",\"fraude\",\"Internacional\",\"inusitada\",\"Investiga\u00e7\u00e3o\",\"Justi\u00e7a\",\"Minnie Mouse\",\"Opera\u00e7\u00e3o Policial\",\"Peru\",\"Policial civil\",\"pris\u00e3o\",\"Redes sociais\",\"Viral\",\"viraliza\u00e7\u00e3o\"],\"articleSection\":[\"Internacional\"],\"inLanguage\":\"en-US\",\"potentialAction\":[{\"@type\":\"CommentAction\",\"name\":\"Comment\",\"target\":[\"https:\\\/\\\/folhadoleste.com.br\\\/minnie-da-justica-prende-foragida-no-peru-video\\\/#respond\"]}]},{\"@type\":\"WebPage\",\"@id\":\"https:\\\/\\\/folhadoleste.com.br\\\/minnie-da-justica-prende-foragida-no-peru-video\\\/\",\"url\":\"https:\\\/\\\/folhadoleste.com.br\\\/minnie-da-justica-prende-foragida-no-peru-video\\\/\",\"name\":\"Minnie da justi\u00e7a prende foragida no Peru - V\u00eddeo &#8226; Folha do Leste\",\"isPartOf\":{\"@id\":\"https:\\\/\\\/folhadoleste.com.br\\\/#website\"},\"primaryImageOfPage\":{\"@id\":\"https:\\\/\\\/folhadoleste.com.br\\\/minnie-da-justica-prende-foragida-no-peru-video\\\/#primaryimage\"},\"image\":{\"@id\":\"https:\\\/\\\/folhadoleste.com.br\\\/minnie-da-justica-prende-foragida-no-peru-video\\\/#primaryimage\"},\"thumbnailUrl\":\"https:\\\/\\\/folhadoleste.com.br\\\/wp-content\\\/uploads\\\/2024\\\/10\\\/Minnie-da-justica-prende-foragida-no-Peru-Video-Foto-Cortada-Reproducao.jpg\",\"datePublished\":\"2024-10-25T18:39:56+00:00\",\"dateModified\":\"2024-10-25T18:39:58+00:00\",\"description\":\"Minnie da justi\u00e7a prende foragida no Peru - V\u00eddeo. Criminosa n\u00e3o desconfiou da emboscada feita com disfarce...\",\"breadcrumb\":{\"@id\":\"https:\\\/\\\/folhadoleste.com.br\\\/minnie-da-justica-prende-foragida-no-peru-video\\\/#breadcrumb\"},\"inLanguage\":\"en-US\",\"potentialAction\":[{\"@type\":\"ReadAction\",\"target\":[\"https:\\\/\\\/folhadoleste.com.br\\\/minnie-da-justica-prende-foragida-no-peru-video\\\/\"]}]},{\"@type\":\"ImageObject\",\"inLanguage\":\"en-US\",\"@id\":\"https:\\\/\\\/folhadoleste.com.br\\\/minnie-da-justica-prende-foragida-no-peru-video\\\/#primaryimage\",\"url\":\"https:\\\/\\\/folhadoleste.com.br\\\/wp-content\\\/uploads\\\/2024\\\/10\\\/Minnie-da-justica-prende-foragida-no-Peru-Video-Foto-Cortada-Reproducao.jpg\",\"contentUrl\":\"https:\\\/\\\/folhadoleste.com.br\\\/wp-content\\\/uploads\\\/2024\\\/10\\\/Minnie-da-justica-prende-foragida-no-Peru-Video-Foto-Cortada-Reproducao.jpg\",\"width\":1107,\"height\":622,\"caption\":\"Minnie da justi\u00e7a prende foragida no Peru - V\u00eddeo | Reprodu\u00e7\u00e3o\"},{\"@type\":\"BreadcrumbList\",\"@id\":\"https:\\\/\\\/folhadoleste.com.br\\\/minnie-da-justica-prende-foragida-no-peru-video\\\/#breadcrumb\",\"itemListElement\":[{\"@type\":\"ListItem\",\"position\":1,\"name\":\"In\u00edcio\",\"item\":\"https:\\\/\\\/folhadoleste.com.br\\\/\"},{\"@type\":\"ListItem\",\"position\":2,\"name\":\"Internacional\",\"item\":\"https:\\\/\\\/folhadoleste.com.br\\\/category\\\/internacional\\\/\"},{\"@type\":\"ListItem\",\"position\":3,\"name\":\"Minnie da justi\u00e7a prende foragida no Peru &#8211; V\u00eddeo\"}]},{\"@type\":\"WebSite\",\"@id\":\"https:\\\/\\\/folhadoleste.com.br\\\/#website\",\"url\":\"https:\\\/\\\/folhadoleste.com.br\\\/\",\"name\":\"Folha do Leste\",\"description\":\"Portal de Not\u00edcias com \u00eanfase em Niter\u00f3i, criando conte\u00fados desde a capital Rio de Janeiro, com olhar para o Leste Fluminense e suas cidades como S\u00e3o Gon\u00e7alo, Itabora\u00ed, Rio Bonito, Maric\u00e1, Saquarema e Araruama\",\"publisher\":{\"@id\":\"https:\\\/\\\/folhadoleste.com.br\\\/#organization\"},\"alternateName\":\"FL\",\"potentialAction\":[{\"@type\":\"SearchAction\",\"target\":{\"@type\":\"EntryPoint\",\"urlTemplate\":\"https:\\\/\\\/folhadoleste.com.br\\\/?s={search_term_string}\"},\"query-input\":{\"@type\":\"PropertyValueSpecification\",\"valueRequired\":true,\"valueName\":\"search_term_string\"}}],\"inLanguage\":\"en-US\"},{\"@type\":\"Organization\",\"@id\":\"https:\\\/\\\/folhadoleste.com.br\\\/#organization\",\"name\":\"Brasil 21 Comunica\u00e7\u00e3o\",\"alternateName\":\"BR21\",\"url\":\"https:\\\/\\\/folhadoleste.com.br\\\/\",\"logo\":{\"@type\":\"ImageObject\",\"inLanguage\":\"en-US\",\"@id\":\"https:\\\/\\\/folhadoleste.com.br\\\/#\\\/schema\\\/logo\\\/image\\\/\",\"url\":\"https:\\\/\\\/folhadoleste.com.br\\\/wp-content\\\/uploads\\\/2025\\\/12\\\/brasil-21-logomarca.avif\",\"contentUrl\":\"https:\\\/\\\/folhadoleste.com.br\\\/wp-content\\\/uploads\\\/2025\\\/12\\\/brasil-21-logomarca.avif\",\"width\":1044,\"height\":1044,\"caption\":\"Brasil 21 Comunica\u00e7\u00e3o\"},\"image\":{\"@id\":\"https:\\\/\\\/folhadoleste.com.br\\\/#\\\/schema\\\/logo\\\/image\\\/\"},\"sameAs\":[\"https:\\\/\\\/www.facebook.com\\\/folhadoleste\",\"https:\\\/\\\/x.com\\\/FolhadoLesteRJ\",\"https:\\\/\\\/www.instagram.com\\\/folhadoleste\\\/\"]},{\"@type\":\"Person\",\"@id\":\"https:\\\/\\\/folhadoleste.com.br\\\/#\\\/schema\\\/person\\\/3e97145b2e1861276e84471aa85a3899\",\"name\":\"Folha do Leste\",\"image\":{\"@type\":\"ImageObject\",\"inLanguage\":\"en-US\",\"@id\":\"https:\\\/\\\/folhadoleste.com.br\\\/wp-content\\\/litespeed\\\/avatar\\\/1ca8c218432e7045e748610eb3db0259.jpg?ver=1777161142\",\"url\":\"https:\\\/\\\/folhadoleste.com.br\\\/wp-content\\\/litespeed\\\/avatar\\\/1ca8c218432e7045e748610eb3db0259.jpg?ver=1777161142\",\"contentUrl\":\"https:\\\/\\\/folhadoleste.com.br\\\/wp-content\\\/litespeed\\\/avatar\\\/1ca8c218432e7045e748610eb3db0259.jpg?ver=1777161142\",\"caption\":\"Folha do Leste\"},\"url\":\"https:\\\/\\\/folhadoleste.com.br\\\/en\\\/author\\\/reportagem-01\\\/\"}]}<\/script>\n<!-- \/ Yoast SEO plugin. -->","yoast_head_json":{"title":"Minnie da justi\u00e7a prende foragida no Peru - V\u00eddeo &#8226; Folha do Leste","description":"Minnie da justi\u00e7a prende foragida no Peru - V\u00eddeo. Criminosa n\u00e3o desconfiou da emboscada feita com disfarce...","robots":{"index":"index","follow":"follow","max-snippet":"max-snippet:-1","max-image-preview":"max-image-preview:large","max-video-preview":"max-video-preview:-1"},"canonical":"https:\/\/folhadoleste.com.br\/en\/minnie-da-justica-prende-foragida-no-peru-video\/","og_locale":"en_US","og_type":"article","og_title":"Minnie da justi\u00e7a prende foragida no Peru - V\u00eddeo &#8226; Folha do Leste","og_description":"Internacional &#8226; 25 de October de 2024 &#8226; Folha do Leste","og_url":"https:\/\/folhadoleste.com.br\/en\/minnie-da-justica-prende-foragida-no-peru-video\/","og_site_name":"Folha do Leste","article_publisher":"https:\/\/www.facebook.com\/folhadoleste","article_published_time":"2024-10-25T18:39:56+00:00","article_modified_time":"2024-10-25T18:39:58+00:00","og_image":[{"width":1107,"height":622,"url":"https:\/\/folhadoleste.com.br\/wp-content\/uploads\/2024\/10\/Minnie-da-justica-prende-foragida-no-Peru-Video-Foto-Cortada-Reproducao.jpg","type":"image\/jpeg"}],"author":"Folha do Leste","twitter_card":"summary_large_image","twitter_description":"Internacional &#8226; 25 de October de 2024 &#8226; Folha do Leste","twitter_creator":"@FolhadoLesteRJ","twitter_site":"@FolhadoLesteRJ","twitter_misc":{"Written by":"Folha do Leste","Est. reading time":"2 minutes"},"schema":{"@context":"https:\/\/schema.org","@graph":[{"@type":"NewsArticle","@id":"https:\/\/folhadoleste.com.br\/minnie-da-justica-prende-foragida-no-peru-video\/#article","isPartOf":{"@id":"https:\/\/folhadoleste.com.br\/minnie-da-justica-prende-foragida-no-peru-video\/"},"author":{"name":"Folha do Leste","@id":"https:\/\/folhadoleste.com.br\/#\/schema\/person\/3e97145b2e1861276e84471aa85a3899"},"headline":"Minnie da justi\u00e7a prende foragida no Peru &#8211; V\u00eddeo","datePublished":"2024-10-25T18:39:56+00:00","dateModified":"2024-10-25T18:39:58+00:00","mainEntityOfPage":{"@id":"https:\/\/folhadoleste.com.br\/minnie-da-justica-prende-foragida-no-peru-video\/"},"wordCount":185,"commentCount":0,"publisher":{"@id":"https:\/\/folhadoleste.com.br\/#organization"},"image":{"@id":"https:\/\/folhadoleste.com.br\/minnie-da-justica-prende-foragida-no-peru-video\/#primaryimage"},"thumbnailUrl":"https:\/\/folhadoleste.com.br\/wp-content\/uploads\/2024\/10\/Minnie-da-justica-prende-foragida-no-Peru-Video-Foto-Cortada-Reproducao.jpg","keywords":["abordagem policial","Acusada","criativa","crime","Delegada","disfarce","fantasia","foragida","fraude","Internacional","inusitada","Investiga\u00e7\u00e3o","Justi\u00e7a","Minnie Mouse","Opera\u00e7\u00e3o Policial","Peru","Policial civil","pris\u00e3o","Redes sociais","Viral","viraliza\u00e7\u00e3o"],"articleSection":["Internacional"],"inLanguage":"en-US","potentialAction":[{"@type":"CommentAction","name":"Comment","target":["https:\/\/folhadoleste.com.br\/minnie-da-justica-prende-foragida-no-peru-video\/#respond"]}]},{"@type":"WebPage","@id":"https:\/\/folhadoleste.com.br\/minnie-da-justica-prende-foragida-no-peru-video\/","url":"https:\/\/folhadoleste.com.br\/minnie-da-justica-prende-foragida-no-peru-video\/","name":"Minnie da justi\u00e7a prende foragida no Peru - V\u00eddeo &#8226; Folha do Leste","isPartOf":{"@id":"https:\/\/folhadoleste.com.br\/#website"},"primaryImageOfPage":{"@id":"https:\/\/folhadoleste.com.br\/minnie-da-justica-prende-foragida-no-peru-video\/#primaryimage"},"image":{"@id":"https:\/\/folhadoleste.com.br\/minnie-da-justica-prende-foragida-no-peru-video\/#primaryimage"},"thumbnailUrl":"https:\/\/folhadoleste.com.br\/wp-content\/uploads\/2024\/10\/Minnie-da-justica-prende-foragida-no-Peru-Video-Foto-Cortada-Reproducao.jpg","datePublished":"2024-10-25T18:39:56+00:00","dateModified":"2024-10-25T18:39:58+00:00","description":"Minnie da justi\u00e7a prende foragida no Peru - V\u00eddeo. Criminosa n\u00e3o desconfiou da emboscada feita com disfarce...","breadcrumb":{"@id":"https:\/\/folhadoleste.com.br\/minnie-da-justica-prende-foragida-no-peru-video\/#breadcrumb"},"inLanguage":"en-US","potentialAction":[{"@type":"ReadAction","target":["https:\/\/folhadoleste.com.br\/minnie-da-justica-prende-foragida-no-peru-video\/"]}]},{"@type":"ImageObject","inLanguage":"en-US","@id":"https:\/\/folhadoleste.com.br\/minnie-da-justica-prende-foragida-no-peru-video\/#primaryimage","url":"https:\/\/folhadoleste.com.br\/wp-content\/uploads\/2024\/10\/Minnie-da-justica-prende-foragida-no-Peru-Video-Foto-Cortada-Reproducao.jpg","contentUrl":"https:\/\/folhadoleste.com.br\/wp-content\/uploads\/2024\/10\/Minnie-da-justica-prende-foragida-no-Peru-Video-Foto-Cortada-Reproducao.jpg","width":1107,"height":622,"caption":"Minnie da justi\u00e7a prende foragida no Peru - V\u00eddeo | Reprodu\u00e7\u00e3o"},{"@type":"BreadcrumbList","@id":"https:\/\/folhadoleste.com.br\/minnie-da-justica-prende-foragida-no-peru-video\/#breadcrumb","itemListElement":[{"@type":"ListItem","position":1,"name":"In\u00edcio","item":"https:\/\/folhadoleste.com.br\/"},{"@type":"ListItem","position":2,"name":"Internacional","item":"https:\/\/folhadoleste.com.br\/category\/internacional\/"},{"@type":"ListItem","position":3,"name":"Minnie da justi\u00e7a prende foragida no Peru &#8211; V\u00eddeo"}]},{"@type":"WebSite","@id":"https:\/\/folhadoleste.com.br\/#website","url":"https:\/\/folhadoleste.com.br\/","name":"Folha do Leste","description":"Portal de Not\u00edcias com \u00eanfase em Niter\u00f3i, criando conte\u00fados desde a capital Rio de Janeiro, com olhar para o Leste Fluminense e suas cidades como S\u00e3o Gon\u00e7alo, Itabora\u00ed, Rio Bonito, Maric\u00e1, Saquarema e Araruama","publisher":{"@id":"https:\/\/folhadoleste.com.br\/#organization"},"alternateName":"FL","potentialAction":[{"@type":"SearchAction","target":{"@type":"EntryPoint","urlTemplate":"https:\/\/folhadoleste.com.br\/?s={search_term_string}"},"query-input":{"@type":"PropertyValueSpecification","valueRequired":true,"valueName":"search_term_string"}}],"inLanguage":"en-US"},{"@type":"Organization","@id":"https:\/\/folhadoleste.com.br\/#organization","name":"Brasil 21 Comunica\u00e7\u00e3o","alternateName":"BR21","url":"https:\/\/folhadoleste.com.br\/","logo":{"@type":"ImageObject","inLanguage":"en-US","@id":"https:\/\/folhadoleste.com.br\/#\/schema\/logo\/image\/","url":"https:\/\/folhadoleste.com.br\/wp-content\/uploads\/2025\/12\/brasil-21-logomarca.avif","contentUrl":"https:\/\/folhadoleste.com.br\/wp-content\/uploads\/2025\/12\/brasil-21-logomarca.avif","width":1044,"height":1044,"caption":"Brasil 21 Comunica\u00e7\u00e3o"},"image":{"@id":"https:\/\/folhadoleste.com.br\/#\/schema\/logo\/image\/"},"sameAs":["https:\/\/www.facebook.com\/folhadoleste","https:\/\/x.com\/FolhadoLesteRJ","https:\/\/www.instagram.com\/folhadoleste\/"]},{"@type":"Person","@id":"https:\/\/folhadoleste.com.br\/#\/schema\/person\/3e97145b2e1861276e84471aa85a3899","name":"Folha do Leste","image":{"@type":"ImageObject","inLanguage":"en-US","@id":"https:\/\/folhadoleste.com.br\/wp-content\/litespeed\/avatar\/1ca8c218432e7045e748610eb3db0259.jpg?ver=1777161142","url":"https:\/\/folhadoleste.com.br\/wp-content\/litespeed\/avatar\/1ca8c218432e7045e748610eb3db0259.jpg?ver=1777161142","contentUrl":"https:\/\/folhadoleste.com.br\/wp-content\/litespeed\/avatar\/1ca8c218432e7045e748610eb3db0259.jpg?ver=1777161142","caption":"Folha do Leste"},"url":"https:\/\/folhadoleste.com.br\/en\/author\/reportagem-01\/"}]}},"_links":{"self":[{"href":"https:\/\/folhadoleste.com.br\/en\/wp-json\/wp\/v2\/posts\/92094","targetHints":{"allow":["GET"]}}],"collection":[{"href":"https:\/\/folhadoleste.com.br\/en\/wp-json\/wp\/v2\/posts"}],"about":[{"href":"https:\/\/folhadoleste.com.br\/en\/wp-json\/wp\/v2\/types\/post"}],"author":[{"embeddable":true,"href":"https:\/\/folhadoleste.com.br\/en\/wp-json\/wp\/v2\/users\/4"}],"replies":[{"embeddable":true,"href":"https:\/\/folhadoleste.com.br\/en\/wp-json\/wp\/v2\/comments?post=92094"}],"version-history":[{"count":2,"href":"https:\/\/folhadoleste.com.br\/en\/wp-json\/wp\/v2\/posts\/92094\/revisions"}],"predecessor-version":[{"id":92100,"href":"https:\/\/folhadoleste.com.br\/en\/wp-json\/wp\/v2\/posts\/92094\/revisions\/92100"}],"wp:featuredmedia":[{"embeddable":true,"href":"https:\/\/folhadoleste.com.br\/en\/wp-json\/wp\/v2\/media\/92097"}],"wp:attachment":[{"href":"https:\/\/folhadoleste.com.br\/en\/wp-json\/wp\/v2\/media?parent=92094"}],"wp:term":[{"taxonomy":"category","embeddable":true,"href":"https:\/\/folhadoleste.com.br\/en\/wp-json\/wp\/v2\/categories?post=92094"},{"taxonomy":"post_tag","embeddable":true,"href":"https:\/\/folhadoleste.com.br\/en\/wp-json\/wp\/v2\/tags?post=92094"}],"curies":[{"name":"wp","href":"https:\/\/api.w.org\/{rel}","templated":true}]}}