{"id":90889,"date":"2024-10-19T21:44:11","date_gmt":"2024-10-20T00:44:11","guid":{"rendered":"https:\/\/folhadoleste.com.br\/?p=90889"},"modified":"2024-10-20T09:46:15","modified_gmt":"2024-10-20T12:46:15","slug":"mario-monteiro-em-piratininga-completa-19-anos-e-saude-de-niteroi-celebra-numeros-positivos","status":"publish","type":"post","link":"https:\/\/folhadoleste.com.br\/en\/mario-monteiro-em-piratininga-completa-19-anos-e-saude-de-niteroi-celebra-numeros-positivos\/","title":{"rendered":"M\u00e1rio Monteiro, em Piratininga, completa 19 anos e Sa\u00fade de Niter\u00f3i celebra n\u00fameros positivos"},"content":{"rendered":"<div dir=\"auto\">\n<div id=\"attachment_90892\" style=\"width: 1034px\" class=\"wp-caption alignnone\"><a href=\"https:\/\/folhadoleste.com.br\/en\/niteroi-umam-completa-19-anos-e-celebra-conquistas\/niteroi-umam-completa-19-anos-e-celebra-conquistas-foto-divulgacao-prefeitura-de-niteroi\/\" rel=\"attachment wp-att-90892\"><img decoding=\"async\" aria-describedby=\"caption-attachment-90892\" class=\"wp-image-90892 size-large\" src=\"https:\/\/folhadoleste.com.br\/wp-content\/uploads\/2024\/10\/Niteroi-UMAM-completa-19-anos-e-celebra-conquistas-Foto-Divulgacao-Prefeitura-de-Niteroi-1024x683.jpg\" alt=\"Autoridades de Sa\u00fade de Niter\u00f3i celebram n\u00fameros positivos da Unidade de Atendimento de Urg\u00eancia M\u00e1rio Monteiro, em Piratininga, que completa 19 anos | Divulga\u00e7\u00e3o\/Prefeitura de Niter\u00f3i\" width=\"1024\" height=\"683\" \/><\/a><p id=\"caption-attachment-90892\" class=\"wp-caption-text\">Autoridades de Sa\u00fade de Niter\u00f3i celebram n\u00fameros positivos da Unidade de Atendimento de Urg\u00eancia M\u00e1rio Monteiro, em Piratininga, que completa 19 anos | Divulga\u00e7\u00e3o\/Prefeitura de Niter\u00f3i<\/p><\/div>\n<\/div>\n<div dir=\"auto\" style=\"text-align: justify;\">A Unidade Municipal de Urg\u00eancia M\u00e1rio Monteiro (UMAM) completou 19 anos nesta sexta-feira (18) com mais de 88 mil atendimentos em um ano. O local atende uma m\u00e9dia mensal de 6.000 pessoas na emerg\u00eancia, dentre cl\u00ednica m\u00e9dica, ortopedia e pediatria, e no m\u00eas passado atingiu uma alta de 7.200 pacientes, um reflexo da infraestrutura renovada, do andamento dos fluxos internos e do acolhimento de toda equipe, de ponta a ponta.<\/div>\n<div dir=\"auto\"><\/div>\n<blockquote>\n<div dir=\"auto\" style=\"text-align: justify;\">&#8220;O M\u00e1rio Monteiro \u00e9 uma unidade muito importante na rede de urg\u00eancia-emerg\u00eancia da nossa cidade, pois recebe as pessoas para o primeiro atendimento e encaminha para as interna\u00e7\u00f5es quando necess\u00e1rio. Recentemente realizamos obras no local, o que permitiu um melhor atendimento \u00e0 popula\u00e7\u00e3o, com mais conforto e seguran\u00e7a para, garantindo uma sa\u00fade p\u00fablica de qualidade e acess\u00edvel&#8221;, afirma a secret\u00e1ria municipal de Sa\u00fade, Anamaria Schneider.<\/div>\n<\/blockquote>\n<div dir=\"auto\">\n<h6><span style=\"color: #ff0000;\"><strong>+<\/strong><\/span> <span style=\"color: #000000;\">LEIA TAMB\u00c9M: <strong>\u25ba<\/strong><\/span><a href=\"https:\/\/folhadoleste.com.br\/en\/ciclopatrulhamento-amplia-atuacao-e-chega-ao-bairro-de-icarai\/\"><strong>Ciclopatrulhamento amplia atua\u00e7\u00e3o e chega ao bairro de Icara\u00ed<\/strong><\/a><\/h6>\n<\/div>\n<div dir=\"auto\" style=\"text-align: justify;\">A UMAM \u00e9 uma unidade pr\u00e9-hospitalar, dotada de 23 leitos e equipada para a realiza\u00e7\u00e3o de diversos exames. Por exemplo, raio-x, ecocardiograma, doppler ultrassonografia, eletrocardiograma e exames laboratoriais.<\/div>\n<div dir=\"auto\">\n<div id=\"attachment_90891\" style=\"width: 1034px\" class=\"wp-caption aligncenter\"><a href=\"https:\/\/folhadoleste.com.br\/en\/niteroi-umam-completa-19-anos-e-celebra-conquistas\/niteroi-umam-completa-19-anos-e-celebra-conquistas-2-foto-divulgacao-prefeitura-de-niteroi\/\" rel=\"attachment wp-att-90891\"><img decoding=\"async\" aria-describedby=\"caption-attachment-90891\" class=\"wp-image-90891 size-large\" src=\"https:\/\/folhadoleste.com.br\/wp-content\/uploads\/2024\/10\/Niteroi-UMAM-completa-19-anos-e-celebra-conquistas-2-Foto-Divulgacao-Prefeitura-de-Niteroi-1024x683.jpg\" alt=\"Autoridades de Sa\u00fade de Niter\u00f3i celebram n\u00fameros positivos da Unidade de Atendimento de Urg\u00eancia M\u00e1rio Monteiro, em Piratininga, que completa 19 anos | Divulga\u00e7\u00e3o\/Prefeitura de Niter\u00f3i\" width=\"1024\" height=\"683\" \/><\/a><p id=\"caption-attachment-90891\" class=\"wp-caption-text\">Autoridades de Sa\u00fade de Niter\u00f3i celebram n\u00fameros positivos da Unidade de Atendimento de Urg\u00eancia M\u00e1rio Monteiro, em Piratininga, que completa 19 anos | Divulga\u00e7\u00e3o\/Prefeitura de Niter\u00f3i<\/p><\/div>\n<\/div>\n<div dir=\"auto\" style=\"text-align: justify;\">O diretor geral da unidade, Marcos Andr\u00e9, expressou sua felicidade em celebrar mais um anivers\u00e1rio da unidade, mas desta vez, sob um novo cen\u00e1rio.<\/div>\n<div dir=\"auto\"><\/div>\n<blockquote>\n<div dir=\"auto\" style=\"text-align: justify;\">&#8220;Esses 19 anos est\u00e3o sendo comemorados com uma cara nova, e \u00e9 um anivers\u00e1rio especial, celebrado com equipe completa, infraestrutura toda renovada, gerando um acolhimento cada vez melhor para os nossos pacientes. Ent\u00e3o \u00e9 muito gratificante ver essa fam\u00edlia, que \u00e9 o M\u00e1rio Monteiro, hoje tendo como principal instrumento a qualidade em atender os nossos usu\u00e1rios, e isso est\u00e1 sendo muito gratificante pra mim&#8221;, ressaltou o diretor.<\/div>\n<\/blockquote>\n<div dir=\"auto\">\n<h5 style=\"text-align: center;\"><span style=\"color: #000000;\"><span style=\"color: #ff0000;\"><strong>+ <\/strong><\/span><\/span><span style=\"color: #000000;\"><strong><span style=\"color: #ff9900;\">MAIS NOT\u00cdCIAS DE NITER\u00d3I?<\/span>\u00a0<\/strong><\/span><span style=\"color: #008080;\"><a style=\"color: #008080;\" href=\"https:\/\/folhadoleste.com.br\/en\/category\/jornal-folha-do-leste-rj\/niteroi\/\"><strong>CLIQUE AQUI<\/strong><\/a><\/span><\/h5>\n<\/div>\n<h2 dir=\"auto\">Estrutura<\/h2>\n<div dir=\"auto\" style=\"text-align: justify;\">A unidade possui seis consult\u00f3rios. Al\u00e9m disso, h\u00e1 quatro salas para repouso ou observa\u00e7\u00e3o: uma delas dedicada \u00e0 pediatria, outras duas feminina e masculina, e uma geral. De igual forma, a estrutura possui diversas salas dedicadas a diversos atendimentos, desde higieniza\u00e7\u00e3o at\u00e9 de assist\u00eancia a pacientes cr\u00edticos. Igualmente, para pequenas cirurgias, enfermagem, realiza\u00e7\u00e3o de nebuliza\u00e7\u00e3o, coloca\u00e7\u00e3o de gesso, feitura e curativo. Por fim, duas salas de acolhimento com classifica\u00e7\u00e3o de risco.<\/div>\n<div dir=\"auto\" style=\"text-align: justify;\"><\/div>\n<div dir=\"auto\" style=\"text-align: justify;\">O M\u00e1rio Monteiro tamb\u00e9m conta com o N\u00facleo de Atendimento \u00e0 Mulher (NUAM), para acolhimento das mulheres em situa\u00e7\u00e3o de viol\u00eancia. A iniciativa \u00e9 uma parceria da Secretaria da Mulher com a Secretaria de Sa\u00fade, para funcionamento 24 horas.<\/div>\n<h4 dir=\"auto\" style=\"text-align: justify;\"><b>Obras<\/b><\/h4>\n<div dir=\"auto\" style=\"text-align: justify;\">Em junho deste ano a UMAM passou por uma reforma na parte estrutural da unidade, parte interna, e melhorias no piso, na parte el\u00e9trica e de toda a refrigera\u00e7\u00e3o da unidade.<\/div>\n<div dir=\"auto\">\n<p><a href=\"http:\/\/instagram.com\/folhadoleste\"><img decoding=\"async\" class=\"wp-image-77492 size-full aligncenter\" src=\"https:\/\/folhadoleste.com.br\/wp-content\/uploads\/2024\/07\/Instagram-Folha-do-Leste.png\" alt=\"http:\/\/instagram.com\/folhadoleste\" width=\"400\" height=\"200\" \/><\/a><\/p>\n<p><a href=\"http:\/\/facebook.com\/folhadoleste\"><img decoding=\"async\" class=\"size-medium wp-image-77490 aligncenter\" src=\"https:\/\/folhadoleste.com.br\/wp-content\/uploads\/2024\/07\/Facebook-Folha-do-Leste-10k-300x300.jpg\" alt=\"Curta e siga o Folha do Leste no Facebook!\" width=\"300\" height=\"300\" \/><\/a><\/p>\n<\/div>","protected":false},"excerpt":{"rendered":"<p>A Unidade Municipal de Urg\u00eancia M\u00e1rio Monteiro (UMAM) completou 19 anos nesta sexta-feira (18) com mais de 88 mil atendimentos em um ano. O local atende uma m\u00e9dia mensal de 6.000 pessoas na emerg\u00eancia, dentre cl\u00ednica m\u00e9dica, ortopedia e pediatria, e no m\u00eas passado atingiu uma alta de 7.200 pacientes, um reflexo da infraestrutura renovada, do andamento dos fluxos internos e do acolhimento de toda equipe, de ponta a ponta. &#8220;O M\u00e1rio Monteiro \u00e9 uma unidade muito importante na rede de urg\u00eancia-emerg\u00eancia da nossa cidade, pois recebe as pessoas para o primeiro atendimento e encaminha para as interna\u00e7\u00f5es quando necess\u00e1rio. [&hellip;]<\/p>\n","protected":false},"author":4,"featured_media":90891,"comment_status":"open","ping_status":"open","sticky":false,"template":"","format":"standard","meta":{"footnotes":""},"categories":[47,5],"tags":[10696,173,31055,15925,4254,2682,1442,875,6198,889,54,534,50,3082,7285,12374,715,36904,943,45970,45969,1441],"class_list":["post-90889","post","type-post","status-publish","format-standard","has-post-thumbnail","hentry","category-leste-fluminense","category-noticias-de-niteroi","tag-19-anos","tag-aniversario","tag-atendimento-humanizado","tag-atendimento-medico","tag-celebracao","tag-comunidade","tag-emergencia","tag-hospital","tag-infraestrutura","tag-investimento","tag-leste-fluminense","tag-marco","tag-niteroi","tag-pacientes","tag-populacao","tag-qualidade-de-vida","tag-reforma","tag-saude-municipal","tag-saude-publica","tag-umam","tag-unidade-de-urgencia-municipal-mario-monteiro","tag-urgencia","post--single"],"yoast_head":"<!-- This site is optimized with the Yoast SEO plugin v27.4 - https:\/\/yoast.com\/product\/yoast-seo-wordpress\/ -->\n<title>M\u00e1rio Monteiro, em Piratininga, completa 19 anos e Sa\u00fade de Niter\u00f3i celebra n\u00fameros positivos &#8226; Folha do Leste<\/title>\n<meta name=\"description\" content=\"Autoridades de Sa\u00fade de Niter\u00f3i celebram n\u00fameros positivos da Unidade de Atendimento de Urg\u00eancia M\u00e1rio Monteiro, em Piratininga, que completa 19 anos\" \/>\n<meta name=\"robots\" content=\"index, follow, max-snippet:-1, max-image-preview:large, max-video-preview:-1\" \/>\n<link rel=\"canonical\" href=\"https:\/\/folhadoleste.com.br\/en\/mario-monteiro-em-piratininga-completa-19-anos-e-saude-de-niteroi-celebra-numeros-positivos\/\" \/>\n<meta property=\"og:locale\" content=\"en_US\" \/>\n<meta property=\"og:type\" content=\"article\" \/>\n<meta property=\"og:title\" content=\"M\u00e1rio Monteiro, em Piratininga, completa 19 anos e Sa\u00fade de Niter\u00f3i celebra n\u00fameros positivos &#8226; Folha do Leste\" \/>\n<meta property=\"og:description\" content=\"Niter\u00f3i &#8226; 19 de October de 2024 &#8226; Folha do Leste\" \/>\n<meta property=\"og:url\" content=\"https:\/\/folhadoleste.com.br\/en\/mario-monteiro-em-piratininga-completa-19-anos-e-saude-de-niteroi-celebra-numeros-positivos\/\" \/>\n<meta property=\"og:site_name\" content=\"Folha do Leste\" \/>\n<meta property=\"article:publisher\" content=\"https:\/\/www.facebook.com\/folhadoleste\" \/>\n<meta property=\"article:published_time\" content=\"2024-10-20T00:44:11+00:00\" \/>\n<meta property=\"article:modified_time\" content=\"2024-10-20T12:46:15+00:00\" \/>\n<meta property=\"og:image\" content=\"https:\/\/folhadoleste.com.br\/wp-content\/uploads\/2024\/10\/Niteroi-UMAM-completa-19-anos-e-celebra-conquistas-2-Foto-Divulgacao-Prefeitura-de-Niteroi-scaled.jpg\" \/>\n\t<meta property=\"og:image:width\" content=\"2560\" \/>\n\t<meta property=\"og:image:height\" content=\"1707\" \/>\n\t<meta property=\"og:image:type\" content=\"image\/jpeg\" \/>\n<meta name=\"author\" content=\"Folha do Leste\" \/>\n<meta name=\"twitter:card\" content=\"summary_large_image\" \/>\n<meta name=\"twitter:description\" content=\"Niter\u00f3i &#8226; 19 de October de 2024 &#8226; Folha do Leste\" \/>\n<meta name=\"twitter:creator\" content=\"@FolhadoLesteRJ\" \/>\n<meta name=\"twitter:site\" content=\"@FolhadoLesteRJ\" \/>\n<meta name=\"twitter:label1\" content=\"Written by\" \/>\n\t<meta name=\"twitter:data1\" content=\"Folha do Leste\" \/>\n\t<meta name=\"twitter:label2\" content=\"Est. reading time\" \/>\n\t<meta name=\"twitter:data2\" content=\"3 minutes\" \/>\n<script type=\"application\/ld+json\" class=\"yoast-schema-graph\">{\"@context\":\"https:\\\/\\\/schema.org\",\"@graph\":[{\"@type\":\"NewsArticle\",\"@id\":\"https:\\\/\\\/folhadoleste.com.br\\\/mario-monteiro-em-piratininga-completa-19-anos-e-saude-de-niteroi-celebra-numeros-positivos\\\/#article\",\"isPartOf\":{\"@id\":\"https:\\\/\\\/folhadoleste.com.br\\\/mario-monteiro-em-piratininga-completa-19-anos-e-saude-de-niteroi-celebra-numeros-positivos\\\/\"},\"author\":{\"name\":\"Folha do Leste\",\"@id\":\"https:\\\/\\\/folhadoleste.com.br\\\/#\\\/schema\\\/person\\\/3e97145b2e1861276e84471aa85a3899\"},\"headline\":\"M\u00e1rio Monteiro, em Piratininga, completa 19 anos e Sa\u00fade de Niter\u00f3i celebra n\u00fameros positivos\",\"datePublished\":\"2024-10-20T00:44:11+00:00\",\"dateModified\":\"2024-10-20T12:46:15+00:00\",\"mainEntityOfPage\":{\"@id\":\"https:\\\/\\\/folhadoleste.com.br\\\/mario-monteiro-em-piratininga-completa-19-anos-e-saude-de-niteroi-celebra-numeros-positivos\\\/\"},\"wordCount\":543,\"commentCount\":1,\"publisher\":{\"@id\":\"https:\\\/\\\/folhadoleste.com.br\\\/#organization\"},\"image\":{\"@id\":\"https:\\\/\\\/folhadoleste.com.br\\\/mario-monteiro-em-piratininga-completa-19-anos-e-saude-de-niteroi-celebra-numeros-positivos\\\/#primaryimage\"},\"thumbnailUrl\":\"https:\\\/\\\/folhadoleste.com.br\\\/wp-content\\\/uploads\\\/2024\\\/10\\\/Niteroi-UMAM-completa-19-anos-e-celebra-conquistas-2-Foto-Divulgacao-Prefeitura-de-Niteroi-scaled.jpg\",\"keywords\":[\"19 anos\",\"anivers\u00e1rio\",\"atendimento humanizado\",\"Atendimento m\u00e9dico\",\"celebra\u00e7\u00e3o\",\"comunidade\",\"emerg\u00eancia\",\"Hospital\",\"infraestrutura\",\"Investimento\",\"Leste Fluminense\",\"mar\u00e7o\",\"Niter\u00f3i\",\"pacientes\",\"popula\u00e7\u00e3o\",\"qualidade de vida\",\"reforma\",\"sa\u00fade municipal\",\"Saude publica\",\"UMAM\",\"Unidade de Urg\u00eancia Municipal M\u00e1rio Monteiro\",\"Urg\u00eancia\"],\"articleSection\":[\"Leste Fluminense\",\"Niter\u00f3i\"],\"inLanguage\":\"en-US\",\"potentialAction\":[{\"@type\":\"CommentAction\",\"name\":\"Comment\",\"target\":[\"https:\\\/\\\/folhadoleste.com.br\\\/mario-monteiro-em-piratininga-completa-19-anos-e-saude-de-niteroi-celebra-numeros-positivos\\\/#respond\"]}]},{\"@type\":\"WebPage\",\"@id\":\"https:\\\/\\\/folhadoleste.com.br\\\/mario-monteiro-em-piratininga-completa-19-anos-e-saude-de-niteroi-celebra-numeros-positivos\\\/\",\"url\":\"https:\\\/\\\/folhadoleste.com.br\\\/mario-monteiro-em-piratininga-completa-19-anos-e-saude-de-niteroi-celebra-numeros-positivos\\\/\",\"name\":\"M\u00e1rio Monteiro, em Piratininga, completa 19 anos e Sa\u00fade de Niter\u00f3i celebra n\u00fameros positivos &#8226; Folha do Leste\",\"isPartOf\":{\"@id\":\"https:\\\/\\\/folhadoleste.com.br\\\/#website\"},\"primaryImageOfPage\":{\"@id\":\"https:\\\/\\\/folhadoleste.com.br\\\/mario-monteiro-em-piratininga-completa-19-anos-e-saude-de-niteroi-celebra-numeros-positivos\\\/#primaryimage\"},\"image\":{\"@id\":\"https:\\\/\\\/folhadoleste.com.br\\\/mario-monteiro-em-piratininga-completa-19-anos-e-saude-de-niteroi-celebra-numeros-positivos\\\/#primaryimage\"},\"thumbnailUrl\":\"https:\\\/\\\/folhadoleste.com.br\\\/wp-content\\\/uploads\\\/2024\\\/10\\\/Niteroi-UMAM-completa-19-anos-e-celebra-conquistas-2-Foto-Divulgacao-Prefeitura-de-Niteroi-scaled.jpg\",\"datePublished\":\"2024-10-20T00:44:11+00:00\",\"dateModified\":\"2024-10-20T12:46:15+00:00\",\"description\":\"Autoridades de Sa\u00fade de Niter\u00f3i celebram n\u00fameros positivos da Unidade de Atendimento de Urg\u00eancia M\u00e1rio Monteiro, em Piratininga, que completa 19 anos\",\"breadcrumb\":{\"@id\":\"https:\\\/\\\/folhadoleste.com.br\\\/mario-monteiro-em-piratininga-completa-19-anos-e-saude-de-niteroi-celebra-numeros-positivos\\\/#breadcrumb\"},\"inLanguage\":\"en-US\",\"potentialAction\":[{\"@type\":\"ReadAction\",\"target\":[\"https:\\\/\\\/folhadoleste.com.br\\\/mario-monteiro-em-piratininga-completa-19-anos-e-saude-de-niteroi-celebra-numeros-positivos\\\/\"]}]},{\"@type\":\"ImageObject\",\"inLanguage\":\"en-US\",\"@id\":\"https:\\\/\\\/folhadoleste.com.br\\\/mario-monteiro-em-piratininga-completa-19-anos-e-saude-de-niteroi-celebra-numeros-positivos\\\/#primaryimage\",\"url\":\"https:\\\/\\\/folhadoleste.com.br\\\/wp-content\\\/uploads\\\/2024\\\/10\\\/Niteroi-UMAM-completa-19-anos-e-celebra-conquistas-2-Foto-Divulgacao-Prefeitura-de-Niteroi-scaled.jpg\",\"contentUrl\":\"https:\\\/\\\/folhadoleste.com.br\\\/wp-content\\\/uploads\\\/2024\\\/10\\\/Niteroi-UMAM-completa-19-anos-e-celebra-conquistas-2-Foto-Divulgacao-Prefeitura-de-Niteroi-scaled.jpg\",\"width\":2560,\"height\":1707,\"caption\":\"M\u00e1rio Monteiro aumenta atendimento\"},{\"@type\":\"BreadcrumbList\",\"@id\":\"https:\\\/\\\/folhadoleste.com.br\\\/mario-monteiro-em-piratininga-completa-19-anos-e-saude-de-niteroi-celebra-numeros-positivos\\\/#breadcrumb\",\"itemListElement\":[{\"@type\":\"ListItem\",\"position\":1,\"name\":\"In\u00edcio\",\"item\":\"https:\\\/\\\/folhadoleste.com.br\\\/\"},{\"@type\":\"ListItem\",\"position\":2,\"name\":\"Estado do Rio de Janeiro\",\"item\":\"https:\\\/\\\/folhadoleste.com.br\\\/category\\\/estado-do-rio-de-janeiro\\\/\"},{\"@type\":\"ListItem\",\"position\":3,\"name\":\"Leste Fluminense\",\"item\":\"https:\\\/\\\/folhadoleste.com.br\\\/category\\\/estado-do-rio-de-janeiro\\\/leste-fluminense\\\/\"},{\"@type\":\"ListItem\",\"position\":4,\"name\":\"Niter\u00f3i\",\"item\":\"https:\\\/\\\/folhadoleste.com.br\\\/category\\\/estado-do-rio-de-janeiro\\\/leste-fluminense\\\/noticias-de-niteroi\\\/\"},{\"@type\":\"ListItem\",\"position\":5,\"name\":\"M\u00e1rio Monteiro, em Piratininga, completa 19 anos e Sa\u00fade de Niter\u00f3i celebra n\u00fameros positivos\"}]},{\"@type\":\"WebSite\",\"@id\":\"https:\\\/\\\/folhadoleste.com.br\\\/#website\",\"url\":\"https:\\\/\\\/folhadoleste.com.br\\\/\",\"name\":\"Folha do Leste\",\"description\":\"Portal de Not\u00edcias com \u00eanfase em Niter\u00f3i, criando conte\u00fados desde a capital Rio de Janeiro, com olhar para o Leste Fluminense e suas cidades como S\u00e3o Gon\u00e7alo, Itabora\u00ed, Rio Bonito, Maric\u00e1, Saquarema e Araruama\",\"publisher\":{\"@id\":\"https:\\\/\\\/folhadoleste.com.br\\\/#organization\"},\"alternateName\":\"FL\",\"potentialAction\":[{\"@type\":\"SearchAction\",\"target\":{\"@type\":\"EntryPoint\",\"urlTemplate\":\"https:\\\/\\\/folhadoleste.com.br\\\/?s={search_term_string}\"},\"query-input\":{\"@type\":\"PropertyValueSpecification\",\"valueRequired\":true,\"valueName\":\"search_term_string\"}}],\"inLanguage\":\"en-US\"},{\"@type\":\"Organization\",\"@id\":\"https:\\\/\\\/folhadoleste.com.br\\\/#organization\",\"name\":\"Brasil 21 Comunica\u00e7\u00e3o\",\"alternateName\":\"BR21\",\"url\":\"https:\\\/\\\/folhadoleste.com.br\\\/\",\"logo\":{\"@type\":\"ImageObject\",\"inLanguage\":\"en-US\",\"@id\":\"https:\\\/\\\/folhadoleste.com.br\\\/#\\\/schema\\\/logo\\\/image\\\/\",\"url\":\"https:\\\/\\\/folhadoleste.com.br\\\/wp-content\\\/uploads\\\/2025\\\/12\\\/brasil-21-logomarca.avif\",\"contentUrl\":\"https:\\\/\\\/folhadoleste.com.br\\\/wp-content\\\/uploads\\\/2025\\\/12\\\/brasil-21-logomarca.avif\",\"width\":1044,\"height\":1044,\"caption\":\"Brasil 21 Comunica\u00e7\u00e3o\"},\"image\":{\"@id\":\"https:\\\/\\\/folhadoleste.com.br\\\/#\\\/schema\\\/logo\\\/image\\\/\"},\"sameAs\":[\"https:\\\/\\\/www.facebook.com\\\/folhadoleste\",\"https:\\\/\\\/x.com\\\/FolhadoLesteRJ\",\"https:\\\/\\\/www.instagram.com\\\/folhadoleste\\\/\"]},{\"@type\":\"Person\",\"@id\":\"https:\\\/\\\/folhadoleste.com.br\\\/#\\\/schema\\\/person\\\/3e97145b2e1861276e84471aa85a3899\",\"name\":\"Folha do Leste\",\"image\":{\"@type\":\"ImageObject\",\"inLanguage\":\"en-US\",\"@id\":\"https:\\\/\\\/folhadoleste.com.br\\\/wp-content\\\/litespeed\\\/avatar\\\/1ca8c218432e7045e748610eb3db0259.jpg?ver=1777161142\",\"url\":\"https:\\\/\\\/folhadoleste.com.br\\\/wp-content\\\/litespeed\\\/avatar\\\/1ca8c218432e7045e748610eb3db0259.jpg?ver=1777161142\",\"contentUrl\":\"https:\\\/\\\/folhadoleste.com.br\\\/wp-content\\\/litespeed\\\/avatar\\\/1ca8c218432e7045e748610eb3db0259.jpg?ver=1777161142\",\"caption\":\"Folha do Leste\"},\"url\":\"https:\\\/\\\/folhadoleste.com.br\\\/en\\\/author\\\/reportagem-01\\\/\"}]}<\/script>\n<!-- \/ Yoast SEO plugin. -->","yoast_head_json":{"title":"M\u00e1rio Monteiro, em Piratininga, completa 19 anos e Sa\u00fade de Niter\u00f3i celebra n\u00fameros positivos &#8226; Folha do Leste","description":"Autoridades de Sa\u00fade de Niter\u00f3i celebram n\u00fameros positivos da Unidade de Atendimento de Urg\u00eancia M\u00e1rio Monteiro, em Piratininga, que completa 19 anos","robots":{"index":"index","follow":"follow","max-snippet":"max-snippet:-1","max-image-preview":"max-image-preview:large","max-video-preview":"max-video-preview:-1"},"canonical":"https:\/\/folhadoleste.com.br\/en\/mario-monteiro-em-piratininga-completa-19-anos-e-saude-de-niteroi-celebra-numeros-positivos\/","og_locale":"en_US","og_type":"article","og_title":"M\u00e1rio Monteiro, em Piratininga, completa 19 anos e Sa\u00fade de Niter\u00f3i celebra n\u00fameros positivos &#8226; Folha do Leste","og_description":"Niter\u00f3i &#8226; 19 de October de 2024 &#8226; Folha do Leste","og_url":"https:\/\/folhadoleste.com.br\/en\/mario-monteiro-em-piratininga-completa-19-anos-e-saude-de-niteroi-celebra-numeros-positivos\/","og_site_name":"Folha do Leste","article_publisher":"https:\/\/www.facebook.com\/folhadoleste","article_published_time":"2024-10-20T00:44:11+00:00","article_modified_time":"2024-10-20T12:46:15+00:00","og_image":[{"width":2560,"height":1707,"url":"https:\/\/folhadoleste.com.br\/wp-content\/uploads\/2024\/10\/Niteroi-UMAM-completa-19-anos-e-celebra-conquistas-2-Foto-Divulgacao-Prefeitura-de-Niteroi-scaled.jpg","type":"image\/jpeg"}],"author":"Folha do Leste","twitter_card":"summary_large_image","twitter_description":"Niter\u00f3i &#8226; 19 de October de 2024 &#8226; Folha do Leste","twitter_creator":"@FolhadoLesteRJ","twitter_site":"@FolhadoLesteRJ","twitter_misc":{"Written by":"Folha do Leste","Est. reading time":"3 minutes"},"schema":{"@context":"https:\/\/schema.org","@graph":[{"@type":"NewsArticle","@id":"https:\/\/folhadoleste.com.br\/mario-monteiro-em-piratininga-completa-19-anos-e-saude-de-niteroi-celebra-numeros-positivos\/#article","isPartOf":{"@id":"https:\/\/folhadoleste.com.br\/mario-monteiro-em-piratininga-completa-19-anos-e-saude-de-niteroi-celebra-numeros-positivos\/"},"author":{"name":"Folha do Leste","@id":"https:\/\/folhadoleste.com.br\/#\/schema\/person\/3e97145b2e1861276e84471aa85a3899"},"headline":"M\u00e1rio Monteiro, em Piratininga, completa 19 anos e Sa\u00fade de Niter\u00f3i celebra n\u00fameros positivos","datePublished":"2024-10-20T00:44:11+00:00","dateModified":"2024-10-20T12:46:15+00:00","mainEntityOfPage":{"@id":"https:\/\/folhadoleste.com.br\/mario-monteiro-em-piratininga-completa-19-anos-e-saude-de-niteroi-celebra-numeros-positivos\/"},"wordCount":543,"commentCount":1,"publisher":{"@id":"https:\/\/folhadoleste.com.br\/#organization"},"image":{"@id":"https:\/\/folhadoleste.com.br\/mario-monteiro-em-piratininga-completa-19-anos-e-saude-de-niteroi-celebra-numeros-positivos\/#primaryimage"},"thumbnailUrl":"https:\/\/folhadoleste.com.br\/wp-content\/uploads\/2024\/10\/Niteroi-UMAM-completa-19-anos-e-celebra-conquistas-2-Foto-Divulgacao-Prefeitura-de-Niteroi-scaled.jpg","keywords":["19 anos","anivers\u00e1rio","atendimento humanizado","Atendimento m\u00e9dico","celebra\u00e7\u00e3o","comunidade","emerg\u00eancia","Hospital","infraestrutura","Investimento","Leste Fluminense","mar\u00e7o","Niter\u00f3i","pacientes","popula\u00e7\u00e3o","qualidade de vida","reforma","sa\u00fade municipal","Saude publica","UMAM","Unidade de Urg\u00eancia Municipal M\u00e1rio Monteiro","Urg\u00eancia"],"articleSection":["Leste Fluminense","Niter\u00f3i"],"inLanguage":"en-US","potentialAction":[{"@type":"CommentAction","name":"Comment","target":["https:\/\/folhadoleste.com.br\/mario-monteiro-em-piratininga-completa-19-anos-e-saude-de-niteroi-celebra-numeros-positivos\/#respond"]}]},{"@type":"WebPage","@id":"https:\/\/folhadoleste.com.br\/mario-monteiro-em-piratininga-completa-19-anos-e-saude-de-niteroi-celebra-numeros-positivos\/","url":"https:\/\/folhadoleste.com.br\/mario-monteiro-em-piratininga-completa-19-anos-e-saude-de-niteroi-celebra-numeros-positivos\/","name":"M\u00e1rio Monteiro, em Piratininga, completa 19 anos e Sa\u00fade de Niter\u00f3i celebra n\u00fameros positivos &#8226; Folha do Leste","isPartOf":{"@id":"https:\/\/folhadoleste.com.br\/#website"},"primaryImageOfPage":{"@id":"https:\/\/folhadoleste.com.br\/mario-monteiro-em-piratininga-completa-19-anos-e-saude-de-niteroi-celebra-numeros-positivos\/#primaryimage"},"image":{"@id":"https:\/\/folhadoleste.com.br\/mario-monteiro-em-piratininga-completa-19-anos-e-saude-de-niteroi-celebra-numeros-positivos\/#primaryimage"},"thumbnailUrl":"https:\/\/folhadoleste.com.br\/wp-content\/uploads\/2024\/10\/Niteroi-UMAM-completa-19-anos-e-celebra-conquistas-2-Foto-Divulgacao-Prefeitura-de-Niteroi-scaled.jpg","datePublished":"2024-10-20T00:44:11+00:00","dateModified":"2024-10-20T12:46:15+00:00","description":"Autoridades de Sa\u00fade de Niter\u00f3i celebram n\u00fameros positivos da Unidade de Atendimento de Urg\u00eancia M\u00e1rio Monteiro, em Piratininga, que completa 19 anos","breadcrumb":{"@id":"https:\/\/folhadoleste.com.br\/mario-monteiro-em-piratininga-completa-19-anos-e-saude-de-niteroi-celebra-numeros-positivos\/#breadcrumb"},"inLanguage":"en-US","potentialAction":[{"@type":"ReadAction","target":["https:\/\/folhadoleste.com.br\/mario-monteiro-em-piratininga-completa-19-anos-e-saude-de-niteroi-celebra-numeros-positivos\/"]}]},{"@type":"ImageObject","inLanguage":"en-US","@id":"https:\/\/folhadoleste.com.br\/mario-monteiro-em-piratininga-completa-19-anos-e-saude-de-niteroi-celebra-numeros-positivos\/#primaryimage","url":"https:\/\/folhadoleste.com.br\/wp-content\/uploads\/2024\/10\/Niteroi-UMAM-completa-19-anos-e-celebra-conquistas-2-Foto-Divulgacao-Prefeitura-de-Niteroi-scaled.jpg","contentUrl":"https:\/\/folhadoleste.com.br\/wp-content\/uploads\/2024\/10\/Niteroi-UMAM-completa-19-anos-e-celebra-conquistas-2-Foto-Divulgacao-Prefeitura-de-Niteroi-scaled.jpg","width":2560,"height":1707,"caption":"M\u00e1rio Monteiro aumenta atendimento"},{"@type":"BreadcrumbList","@id":"https:\/\/folhadoleste.com.br\/mario-monteiro-em-piratininga-completa-19-anos-e-saude-de-niteroi-celebra-numeros-positivos\/#breadcrumb","itemListElement":[{"@type":"ListItem","position":1,"name":"In\u00edcio","item":"https:\/\/folhadoleste.com.br\/"},{"@type":"ListItem","position":2,"name":"Estado do Rio de Janeiro","item":"https:\/\/folhadoleste.com.br\/category\/estado-do-rio-de-janeiro\/"},{"@type":"ListItem","position":3,"name":"Leste Fluminense","item":"https:\/\/folhadoleste.com.br\/category\/estado-do-rio-de-janeiro\/leste-fluminense\/"},{"@type":"ListItem","position":4,"name":"Niter\u00f3i","item":"https:\/\/folhadoleste.com.br\/category\/estado-do-rio-de-janeiro\/leste-fluminense\/noticias-de-niteroi\/"},{"@type":"ListItem","position":5,"name":"M\u00e1rio Monteiro, em Piratininga, completa 19 anos e Sa\u00fade de Niter\u00f3i celebra n\u00fameros positivos"}]},{"@type":"WebSite","@id":"https:\/\/folhadoleste.com.br\/#website","url":"https:\/\/folhadoleste.com.br\/","name":"Folha do Leste","description":"Portal de Not\u00edcias com \u00eanfase em Niter\u00f3i, criando conte\u00fados desde a capital Rio de Janeiro, com olhar para o Leste Fluminense e suas cidades como S\u00e3o Gon\u00e7alo, Itabora\u00ed, Rio Bonito, Maric\u00e1, Saquarema e Araruama","publisher":{"@id":"https:\/\/folhadoleste.com.br\/#organization"},"alternateName":"FL","potentialAction":[{"@type":"SearchAction","target":{"@type":"EntryPoint","urlTemplate":"https:\/\/folhadoleste.com.br\/?s={search_term_string}"},"query-input":{"@type":"PropertyValueSpecification","valueRequired":true,"valueName":"search_term_string"}}],"inLanguage":"en-US"},{"@type":"Organization","@id":"https:\/\/folhadoleste.com.br\/#organization","name":"Brasil 21 Comunica\u00e7\u00e3o","alternateName":"BR21","url":"https:\/\/folhadoleste.com.br\/","logo":{"@type":"ImageObject","inLanguage":"en-US","@id":"https:\/\/folhadoleste.com.br\/#\/schema\/logo\/image\/","url":"https:\/\/folhadoleste.com.br\/wp-content\/uploads\/2025\/12\/brasil-21-logomarca.avif","contentUrl":"https:\/\/folhadoleste.com.br\/wp-content\/uploads\/2025\/12\/brasil-21-logomarca.avif","width":1044,"height":1044,"caption":"Brasil 21 Comunica\u00e7\u00e3o"},"image":{"@id":"https:\/\/folhadoleste.com.br\/#\/schema\/logo\/image\/"},"sameAs":["https:\/\/www.facebook.com\/folhadoleste","https:\/\/x.com\/FolhadoLesteRJ","https:\/\/www.instagram.com\/folhadoleste\/"]},{"@type":"Person","@id":"https:\/\/folhadoleste.com.br\/#\/schema\/person\/3e97145b2e1861276e84471aa85a3899","name":"Folha do Leste","image":{"@type":"ImageObject","inLanguage":"en-US","@id":"https:\/\/folhadoleste.com.br\/wp-content\/litespeed\/avatar\/1ca8c218432e7045e748610eb3db0259.jpg?ver=1777161142","url":"https:\/\/folhadoleste.com.br\/wp-content\/litespeed\/avatar\/1ca8c218432e7045e748610eb3db0259.jpg?ver=1777161142","contentUrl":"https:\/\/folhadoleste.com.br\/wp-content\/litespeed\/avatar\/1ca8c218432e7045e748610eb3db0259.jpg?ver=1777161142","caption":"Folha do Leste"},"url":"https:\/\/folhadoleste.com.br\/en\/author\/reportagem-01\/"}]}},"_links":{"self":[{"href":"https:\/\/folhadoleste.com.br\/en\/wp-json\/wp\/v2\/posts\/90889","targetHints":{"allow":["GET"]}}],"collection":[{"href":"https:\/\/folhadoleste.com.br\/en\/wp-json\/wp\/v2\/posts"}],"about":[{"href":"https:\/\/folhadoleste.com.br\/en\/wp-json\/wp\/v2\/types\/post"}],"author":[{"embeddable":true,"href":"https:\/\/folhadoleste.com.br\/en\/wp-json\/wp\/v2\/users\/4"}],"replies":[{"embeddable":true,"href":"https:\/\/folhadoleste.com.br\/en\/wp-json\/wp\/v2\/comments?post=90889"}],"version-history":[{"count":4,"href":"https:\/\/folhadoleste.com.br\/en\/wp-json\/wp\/v2\/posts\/90889\/revisions"}],"predecessor-version":[{"id":90909,"href":"https:\/\/folhadoleste.com.br\/en\/wp-json\/wp\/v2\/posts\/90889\/revisions\/90909"}],"wp:featuredmedia":[{"embeddable":true,"href":"https:\/\/folhadoleste.com.br\/en\/wp-json\/wp\/v2\/media\/90891"}],"wp:attachment":[{"href":"https:\/\/folhadoleste.com.br\/en\/wp-json\/wp\/v2\/media?parent=90889"}],"wp:term":[{"taxonomy":"category","embeddable":true,"href":"https:\/\/folhadoleste.com.br\/en\/wp-json\/wp\/v2\/categories?post=90889"},{"taxonomy":"post_tag","embeddable":true,"href":"https:\/\/folhadoleste.com.br\/en\/wp-json\/wp\/v2\/tags?post=90889"}],"curies":[{"name":"wp","href":"https:\/\/api.w.org\/{rel}","templated":true}]}}