{"id":89829,"date":"2024-10-15T10:18:08","date_gmt":"2024-10-15T13:18:08","guid":{"rendered":"https:\/\/folhadoleste.com.br\/?p=89829"},"modified":"2024-10-15T10:18:55","modified_gmt":"2024-10-15T13:18:55","slug":"onibus-perde-eixo-traseiro-em-duque-de-caxias","status":"publish","type":"post","link":"https:\/\/folhadoleste.com.br\/en\/onibus-perde-eixo-traseiro-em-duque-de-caxias\/","title":{"rendered":"\u00d4nibus perde eixo traseiro em Duque de Caxias"},"content":{"rendered":"<div id=\"attachment_89831\" style=\"width: 550px\" class=\"wp-caption aligncenter\"><a href=\"https:\/\/folhadoleste.com.br\/en\/onibus-perde-eixo-traseiro-em-duque-de-caxias-causando-curiosidade-de-motoristas\/onibus-perde-eixo-traseiro-em-duque-de-caxias-causando-curiosidade-de-motoristas-foto-reproducao-g1\/\" rel=\"attachment wp-att-89831\"><img decoding=\"async\" aria-describedby=\"caption-attachment-89831\" class=\"size-full wp-image-89831\" src=\"https:\/\/folhadoleste.com.br\/wp-content\/uploads\/2024\/10\/Onibus-perde-eixo-traseiro-em-Duque-de-Caxias-causando-curiosidade-de-motoristas-Foto-Reproducao-G1.webp\" alt=\"\u00d4nibus perde eixo traseiro em Duque de Caxias, causando curiosidade de motoristas\" width=\"540\" height=\"335\" \/><\/a><p id=\"caption-attachment-89831\" class=\"wp-caption-text\">\u00d4nibus perde eixo traseiro em Duque de Caxias | Reprodu\u00e7\u00e3o\/G1<\/p><\/div>\n<p style=\"text-align: justify;\">Um \u00f4nibus perdeu o eixo traseiro na manh\u00e3 desta ter\u00e7a-feira (15) na Rodovia Washington Lu\u00eds, em Duque de Caxias, gerando um cen\u00e1rio inusitado e atraindo a aten\u00e7\u00e3o de motoristas.<\/p>\n<h6><span style=\"color: #ff0000;\"><strong>+<\/strong><\/span> <span style=\"color: #000000;\">LEIA TAMB\u00c9M: <strong>\u25ba<\/strong><\/span><a href=\"https:\/\/folhadoleste.com.br\/en\/operacao-torniquete-mira-quadrilha-de-roubo-de-veiculos\/\"><strong>Opera\u00e7\u00e3o Torniquete mira quadrilha de roubo de ve\u00edculos<\/strong><\/a><\/h6>\n<p style=\"text-align: justify;\">Na manh\u00e3 desta ter\u00e7a-feira (15), um acidente envolvendo um \u00f4nibus da empresa Vera Cruz interrompeu o fluxo de ve\u00edculos na Rodovia Washington Lu\u00eds, na altura da Reduc, em Duque de Caxias, na Baixada Fluminense. O ve\u00edculo perdeu o eixo traseiro, deixando-o imobilizado na pista lateral da rodovia.<\/p>\n<p style=\"text-align: justify;\">Diversos motoristas que passavam pelo local ficaram surpresos com a cena e, alguns, reduziram a velocidade para registrar imagens do acidente. Apesar da curiosidade gerada, at\u00e9 as 8h30, n\u00e3o havia relatos de feridos no incidente.<\/p>\n<h5 style=\"text-align: center;\"><span style=\"color: #000000;\"><span style=\"color: #ff0000;\"><strong>+ <\/strong><\/span><\/span><span style=\"color: #000000;\"><strong><span style=\"color: #ff9900;\">MAIS NOT\u00cdCIAS DA BAIXADA FLUMINENSE?<\/span> <span style=\"color: #008080;\"><a style=\"color: #008080;\" href=\"https:\/\/folhadoleste.com.br\/en\/category\/baixada-fluminense\/\">CLIQUE AQUI<\/a><\/span><\/strong><\/span><\/h5>\n<p style=\"text-align: justify;\">Embora o acidente tenha causado uma desacelera\u00e7\u00e3o no tr\u00e1fego, n\u00e3o foi poss\u00edvel verificar se houve bloqueio total da via, o que poderia ter agravado a situa\u00e7\u00e3o. No entanto, a principal preocupa\u00e7\u00e3o das autoridades foi garantir a remo\u00e7\u00e3o do ve\u00edculo o mais r\u00e1pido poss\u00edvel para minimizar o impacto no tr\u00e2nsito.<\/p>\n<p style=\"text-align: justify;\">Equipes da concession\u00e1ria que administra a rodovia foram acionadas imediatamente e come\u00e7aram a trabalhar na remo\u00e7\u00e3o do \u00f4nibus. Al\u00e9m disso, equipes de tr\u00e2nsito da cidade de Duque de Caxias tamb\u00e9m foram enviadas para monitorar e organizar o fluxo de ve\u00edculos at\u00e9 que o \u00f4nibus fosse retirado da via.<\/p>\n<p style=\"text-align: justify;\">A expectativa \u00e9 de que a pista lateral seja liberada rapidamente, uma vez que a remo\u00e7\u00e3o do \u00f4nibus e o reparo do eixo possam ser feitos sem maiores complica\u00e7\u00f5es. Autoridades continuam monitorando o local e refor\u00e7ando o alerta para motoristas que seguem pela rodovia.<\/p>\n<p><a href=\"http:\/\/instagram.com\/folhadoleste\"><img decoding=\"async\" class=\"wp-image-77492 size-full aligncenter\" src=\"https:\/\/folhadoleste.com.br\/wp-content\/uploads\/2024\/07\/Instagram-Folha-do-Leste.png\" alt=\"http:\/\/instagram.com\/folhadoleste\" width=\"400\" height=\"200\" \/><\/a><\/p>\n<p><a href=\"http:\/\/facebook.com\/folhadoleste\"><img decoding=\"async\" class=\"size-medium wp-image-77490 aligncenter\" src=\"https:\/\/folhadoleste.com.br\/wp-content\/uploads\/2024\/07\/Facebook-Folha-do-Leste-10k-300x300.jpg\" alt=\"Curta e siga o Folha do Leste no Facebook!\" width=\"300\" height=\"300\" \/><\/a><\/p>","protected":false},"excerpt":{"rendered":"<p>Um \u00f4nibus perdeu o eixo traseiro na manh\u00e3 desta ter\u00e7a-feira (15) na Rodovia Washington Lu\u00eds, em Duque de Caxias, gerando um cen\u00e1rio inusitado e atraindo a aten\u00e7\u00e3o de motoristas. + LEIA TAMB\u00c9M: \u25baOpera\u00e7\u00e3o Torniquete mira quadrilha de roubo de ve\u00edculos Na manh\u00e3 desta ter\u00e7a-feira (15), um acidente envolvendo um \u00f4nibus da empresa Vera Cruz interrompeu o fluxo de ve\u00edculos na Rodovia Washington Lu\u00eds, na altura da Reduc, em Duque de Caxias, na Baixada Fluminense. O ve\u00edculo perdeu o eixo traseiro, deixando-o imobilizado na pista lateral da rodovia. Diversos motoristas que passavam pelo local ficaram surpresos com a cena e, alguns, [&hellip;]<\/p>\n","protected":false},"author":4,"featured_media":89831,"comment_status":"open","ping_status":"open","sticky":false,"template":"","format":"standard","meta":{"footnotes":""},"categories":[2213,46],"tags":[722,23417,8195,3385,44939,4476,44938,1857,44941,600,33800,222,16037,3516,44934,44942,32867,44936,44937,44940,93,44944,4492,21471,955,10600,730,29656,5147,44943,44935],"class_list":["post-89829","post","type-post","status-publish","format-standard","has-post-thumbnail","hentry","category-noticias-da-baixada-fluminense","category-estado-do-rio-de-janeiro","tag-acidente","tag-acidente-de-onibus","tag-autoridades","tag-baixada-fluminense","tag-bloqueio-parcial","tag-congestionamento","tag-curiosos","tag-duque-de-caxias","tag-eixo-traseiro","tag-estado-do-rio","tag-falha-mecanica","tag-fiscalizacao","tag-manutencao-preventiva","tag-mobilidade-urbana","tag-onibus-imobilizado","tag-onibus-quebra","tag-passageiros-feridos","tag-pista-lateral","tag-reduc","tag-remocao-de-veiculo","tag-rio-de-janeiro","tag-rj-131","tag-rodovia","tag-rodovia-washington-luis","tag-seguranca-viaria","tag-susto","tag-transito","tag-transito-lento","tag-transporte-publico","tag-veiculo-pesado","tag-vera-cruz","post--single"],"yoast_head":"<!-- This site is optimized with the Yoast SEO plugin v27.4 - https:\/\/yoast.com\/product\/yoast-seo-wordpress\/ -->\n<title>\u00d4nibus perde eixo traseiro em Duque de Caxias &#8226; Folha do Leste<\/title>\n<meta name=\"description\" content=\"\u00d4nibus perde eixo traseiro em Duque de Caxias. Motoristas reduzem velocidade para registrar o ocorrido....\" \/>\n<meta name=\"robots\" content=\"index, follow, max-snippet:-1, max-image-preview:large, max-video-preview:-1\" \/>\n<link rel=\"canonical\" href=\"https:\/\/folhadoleste.com.br\/en\/onibus-perde-eixo-traseiro-em-duque-de-caxias\/\" \/>\n<meta property=\"og:locale\" content=\"en_US\" \/>\n<meta property=\"og:type\" content=\"article\" \/>\n<meta property=\"og:title\" content=\"\u00d4nibus perde eixo traseiro em Duque de Caxias &#8226; Folha do Leste\" \/>\n<meta property=\"og:description\" content=\"Baixada Fluminense &#8226; 15 de October de 2024 &#8226; Folha do Leste\" \/>\n<meta property=\"og:url\" content=\"https:\/\/folhadoleste.com.br\/en\/onibus-perde-eixo-traseiro-em-duque-de-caxias\/\" \/>\n<meta property=\"og:site_name\" content=\"Folha do Leste\" \/>\n<meta property=\"article:publisher\" content=\"https:\/\/www.facebook.com\/folhadoleste\" \/>\n<meta property=\"article:published_time\" content=\"2024-10-15T13:18:08+00:00\" \/>\n<meta property=\"article:modified_time\" content=\"2024-10-15T13:18:55+00:00\" \/>\n<meta property=\"og:image\" content=\"https:\/\/folhadoleste.com.br\/wp-content\/uploads\/2024\/10\/Onibus-perde-eixo-traseiro-em-Duque-de-Caxias-causando-curiosidade-de-motoristas-Foto-Reproducao-G1.webp\" \/>\n\t<meta property=\"og:image:width\" content=\"540\" \/>\n\t<meta property=\"og:image:height\" content=\"335\" \/>\n\t<meta property=\"og:image:type\" content=\"image\/webp\" \/>\n<meta name=\"author\" content=\"Folha do Leste\" \/>\n<meta name=\"twitter:card\" content=\"summary_large_image\" \/>\n<meta name=\"twitter:description\" content=\"Baixada Fluminense &#8226; 15 de October de 2024 &#8226; Folha do Leste\" \/>\n<meta name=\"twitter:creator\" content=\"@FolhadoLesteRJ\" \/>\n<meta name=\"twitter:site\" content=\"@FolhadoLesteRJ\" \/>\n<meta name=\"twitter:label1\" content=\"Written by\" \/>\n\t<meta name=\"twitter:data1\" content=\"Folha do Leste\" \/>\n\t<meta name=\"twitter:label2\" content=\"Est. reading time\" \/>\n\t<meta name=\"twitter:data2\" content=\"3 minutes\" \/>\n<script type=\"application\/ld+json\" class=\"yoast-schema-graph\">{\"@context\":\"https:\\\/\\\/schema.org\",\"@graph\":[{\"@type\":\"NewsArticle\",\"@id\":\"https:\\\/\\\/folhadoleste.com.br\\\/onibus-perde-eixo-traseiro-em-duque-de-caxias\\\/#article\",\"isPartOf\":{\"@id\":\"https:\\\/\\\/folhadoleste.com.br\\\/onibus-perde-eixo-traseiro-em-duque-de-caxias\\\/\"},\"author\":{\"name\":\"Folha do Leste\",\"@id\":\"https:\\\/\\\/folhadoleste.com.br\\\/#\\\/schema\\\/person\\\/3e97145b2e1861276e84471aa85a3899\"},\"headline\":\"\u00d4nibus perde eixo traseiro em Duque de Caxias\",\"datePublished\":\"2024-10-15T13:18:08+00:00\",\"dateModified\":\"2024-10-15T13:18:55+00:00\",\"mainEntityOfPage\":{\"@id\":\"https:\\\/\\\/folhadoleste.com.br\\\/onibus-perde-eixo-traseiro-em-duque-de-caxias\\\/\"},\"wordCount\":326,\"commentCount\":1,\"publisher\":{\"@id\":\"https:\\\/\\\/folhadoleste.com.br\\\/#organization\"},\"image\":{\"@id\":\"https:\\\/\\\/folhadoleste.com.br\\\/onibus-perde-eixo-traseiro-em-duque-de-caxias\\\/#primaryimage\"},\"thumbnailUrl\":\"https:\\\/\\\/folhadoleste.com.br\\\/wp-content\\\/uploads\\\/2024\\\/10\\\/Onibus-perde-eixo-traseiro-em-Duque-de-Caxias-causando-curiosidade-de-motoristas-Foto-Reproducao-G1.webp\",\"keywords\":[\"acidente\",\"Acidente de \u00d4nibus\",\"autoridades\",\"Baixada Fluminense\",\"bloqueio parcial\",\"Congestionamento\",\"curiosos\",\"Duque de Caxias\",\"eixo traseiro\",\"estado do rio\",\"falha mec\u00e2nica\",\"fiscaliza\u00e7\u00e3o\",\"Manuten\u00e7\u00e3o preventiva\",\"mobilidade urbana\",\"\u00f4nibus imobilizado\",\"\u00f4nibus quebra\",\"Passageiros feridos\",\"pista lateral\",\"Reduc\",\"remo\u00e7\u00e3o de ve\u00edculo\",\"Rio de Janeiro\",\"RJ-131\",\"rodovia\",\"Rodovia Washington Lu\u00eds\",\"seguran\u00e7a vi\u00e1ria\",\"susto\",\"Tr\u00e2nsito\",\"Tr\u00e2nsito lento\",\"transporte p\u00fablico\",\"ve\u00edculo pesado\",\"Vera Cruz\"],\"articleSection\":[\"Baixada Fluminense\",\"Estado do Rio de Janeiro\"],\"inLanguage\":\"en-US\",\"potentialAction\":[{\"@type\":\"CommentAction\",\"name\":\"Comment\",\"target\":[\"https:\\\/\\\/folhadoleste.com.br\\\/onibus-perde-eixo-traseiro-em-duque-de-caxias\\\/#respond\"]}]},{\"@type\":\"WebPage\",\"@id\":\"https:\\\/\\\/folhadoleste.com.br\\\/onibus-perde-eixo-traseiro-em-duque-de-caxias\\\/\",\"url\":\"https:\\\/\\\/folhadoleste.com.br\\\/onibus-perde-eixo-traseiro-em-duque-de-caxias\\\/\",\"name\":\"\u00d4nibus perde eixo traseiro em Duque de Caxias &#8226; Folha do Leste\",\"isPartOf\":{\"@id\":\"https:\\\/\\\/folhadoleste.com.br\\\/#website\"},\"primaryImageOfPage\":{\"@id\":\"https:\\\/\\\/folhadoleste.com.br\\\/onibus-perde-eixo-traseiro-em-duque-de-caxias\\\/#primaryimage\"},\"image\":{\"@id\":\"https:\\\/\\\/folhadoleste.com.br\\\/onibus-perde-eixo-traseiro-em-duque-de-caxias\\\/#primaryimage\"},\"thumbnailUrl\":\"https:\\\/\\\/folhadoleste.com.br\\\/wp-content\\\/uploads\\\/2024\\\/10\\\/Onibus-perde-eixo-traseiro-em-Duque-de-Caxias-causando-curiosidade-de-motoristas-Foto-Reproducao-G1.webp\",\"datePublished\":\"2024-10-15T13:18:08+00:00\",\"dateModified\":\"2024-10-15T13:18:55+00:00\",\"description\":\"\u00d4nibus perde eixo traseiro em Duque de Caxias. Motoristas reduzem velocidade para registrar o ocorrido....\",\"breadcrumb\":{\"@id\":\"https:\\\/\\\/folhadoleste.com.br\\\/onibus-perde-eixo-traseiro-em-duque-de-caxias\\\/#breadcrumb\"},\"inLanguage\":\"en-US\",\"potentialAction\":[{\"@type\":\"ReadAction\",\"target\":[\"https:\\\/\\\/folhadoleste.com.br\\\/onibus-perde-eixo-traseiro-em-duque-de-caxias\\\/\"]}]},{\"@type\":\"ImageObject\",\"inLanguage\":\"en-US\",\"@id\":\"https:\\\/\\\/folhadoleste.com.br\\\/onibus-perde-eixo-traseiro-em-duque-de-caxias\\\/#primaryimage\",\"url\":\"https:\\\/\\\/folhadoleste.com.br\\\/wp-content\\\/uploads\\\/2024\\\/10\\\/Onibus-perde-eixo-traseiro-em-Duque-de-Caxias-causando-curiosidade-de-motoristas-Foto-Reproducao-G1.webp\",\"contentUrl\":\"https:\\\/\\\/folhadoleste.com.br\\\/wp-content\\\/uploads\\\/2024\\\/10\\\/Onibus-perde-eixo-traseiro-em-Duque-de-Caxias-causando-curiosidade-de-motoristas-Foto-Reproducao-G1.webp\",\"width\":540,\"height\":335,\"caption\":\"\u00d4nibus perde eixo traseiro em Duque de Caxias, causando curiosidade de motoristas | Reprodu\u00e7\u00e3o\\\/G1\"},{\"@type\":\"BreadcrumbList\",\"@id\":\"https:\\\/\\\/folhadoleste.com.br\\\/onibus-perde-eixo-traseiro-em-duque-de-caxias\\\/#breadcrumb\",\"itemListElement\":[{\"@type\":\"ListItem\",\"position\":1,\"name\":\"In\u00edcio\",\"item\":\"https:\\\/\\\/folhadoleste.com.br\\\/\"},{\"@type\":\"ListItem\",\"position\":2,\"name\":\"Estado do Rio de Janeiro\",\"item\":\"https:\\\/\\\/folhadoleste.com.br\\\/category\\\/estado-do-rio-de-janeiro\\\/\"},{\"@type\":\"ListItem\",\"position\":3,\"name\":\"Baixada Fluminense\",\"item\":\"https:\\\/\\\/folhadoleste.com.br\\\/category\\\/estado-do-rio-de-janeiro\\\/noticias-da-baixada-fluminense\\\/\"},{\"@type\":\"ListItem\",\"position\":4,\"name\":\"\u00d4nibus perde eixo traseiro em Duque de Caxias\"}]},{\"@type\":\"WebSite\",\"@id\":\"https:\\\/\\\/folhadoleste.com.br\\\/#website\",\"url\":\"https:\\\/\\\/folhadoleste.com.br\\\/\",\"name\":\"Folha do Leste\",\"description\":\"Portal de Not\u00edcias com \u00eanfase em Niter\u00f3i, criando conte\u00fados desde a capital Rio de Janeiro, com olhar para o Leste Fluminense e suas cidades como S\u00e3o Gon\u00e7alo, Itabora\u00ed, Rio Bonito, Maric\u00e1, Saquarema e Araruama\",\"publisher\":{\"@id\":\"https:\\\/\\\/folhadoleste.com.br\\\/#organization\"},\"alternateName\":\"FL\",\"potentialAction\":[{\"@type\":\"SearchAction\",\"target\":{\"@type\":\"EntryPoint\",\"urlTemplate\":\"https:\\\/\\\/folhadoleste.com.br\\\/?s={search_term_string}\"},\"query-input\":{\"@type\":\"PropertyValueSpecification\",\"valueRequired\":true,\"valueName\":\"search_term_string\"}}],\"inLanguage\":\"en-US\"},{\"@type\":\"Organization\",\"@id\":\"https:\\\/\\\/folhadoleste.com.br\\\/#organization\",\"name\":\"Brasil 21 Comunica\u00e7\u00e3o\",\"alternateName\":\"BR21\",\"url\":\"https:\\\/\\\/folhadoleste.com.br\\\/\",\"logo\":{\"@type\":\"ImageObject\",\"inLanguage\":\"en-US\",\"@id\":\"https:\\\/\\\/folhadoleste.com.br\\\/#\\\/schema\\\/logo\\\/image\\\/\",\"url\":\"https:\\\/\\\/folhadoleste.com.br\\\/wp-content\\\/uploads\\\/2025\\\/12\\\/brasil-21-logomarca.avif\",\"contentUrl\":\"https:\\\/\\\/folhadoleste.com.br\\\/wp-content\\\/uploads\\\/2025\\\/12\\\/brasil-21-logomarca.avif\",\"width\":1044,\"height\":1044,\"caption\":\"Brasil 21 Comunica\u00e7\u00e3o\"},\"image\":{\"@id\":\"https:\\\/\\\/folhadoleste.com.br\\\/#\\\/schema\\\/logo\\\/image\\\/\"},\"sameAs\":[\"https:\\\/\\\/www.facebook.com\\\/folhadoleste\",\"https:\\\/\\\/x.com\\\/FolhadoLesteRJ\",\"https:\\\/\\\/www.instagram.com\\\/folhadoleste\\\/\"]},{\"@type\":\"Person\",\"@id\":\"https:\\\/\\\/folhadoleste.com.br\\\/#\\\/schema\\\/person\\\/3e97145b2e1861276e84471aa85a3899\",\"name\":\"Folha do Leste\",\"image\":{\"@type\":\"ImageObject\",\"inLanguage\":\"en-US\",\"@id\":\"https:\\\/\\\/folhadoleste.com.br\\\/wp-content\\\/litespeed\\\/avatar\\\/1ca8c218432e7045e748610eb3db0259.jpg?ver=1777161142\",\"url\":\"https:\\\/\\\/folhadoleste.com.br\\\/wp-content\\\/litespeed\\\/avatar\\\/1ca8c218432e7045e748610eb3db0259.jpg?ver=1777161142\",\"contentUrl\":\"https:\\\/\\\/folhadoleste.com.br\\\/wp-content\\\/litespeed\\\/avatar\\\/1ca8c218432e7045e748610eb3db0259.jpg?ver=1777161142\",\"caption\":\"Folha do Leste\"},\"url\":\"https:\\\/\\\/folhadoleste.com.br\\\/en\\\/author\\\/reportagem-01\\\/\"}]}<\/script>\n<!-- \/ Yoast SEO plugin. -->","yoast_head_json":{"title":"\u00d4nibus perde eixo traseiro em Duque de Caxias &#8226; Folha do Leste","description":"\u00d4nibus perde eixo traseiro em Duque de Caxias. Motoristas reduzem velocidade para registrar o ocorrido....","robots":{"index":"index","follow":"follow","max-snippet":"max-snippet:-1","max-image-preview":"max-image-preview:large","max-video-preview":"max-video-preview:-1"},"canonical":"https:\/\/folhadoleste.com.br\/en\/onibus-perde-eixo-traseiro-em-duque-de-caxias\/","og_locale":"en_US","og_type":"article","og_title":"\u00d4nibus perde eixo traseiro em Duque de Caxias &#8226; Folha do Leste","og_description":"Baixada Fluminense &#8226; 15 de October de 2024 &#8226; Folha do Leste","og_url":"https:\/\/folhadoleste.com.br\/en\/onibus-perde-eixo-traseiro-em-duque-de-caxias\/","og_site_name":"Folha do Leste","article_publisher":"https:\/\/www.facebook.com\/folhadoleste","article_published_time":"2024-10-15T13:18:08+00:00","article_modified_time":"2024-10-15T13:18:55+00:00","og_image":[{"width":540,"height":335,"url":"https:\/\/folhadoleste.com.br\/wp-content\/uploads\/2024\/10\/Onibus-perde-eixo-traseiro-em-Duque-de-Caxias-causando-curiosidade-de-motoristas-Foto-Reproducao-G1.webp","type":"image\/webp"}],"author":"Folha do Leste","twitter_card":"summary_large_image","twitter_description":"Baixada Fluminense &#8226; 15 de October de 2024 &#8226; Folha do Leste","twitter_creator":"@FolhadoLesteRJ","twitter_site":"@FolhadoLesteRJ","twitter_misc":{"Written by":"Folha do Leste","Est. reading time":"3 minutes"},"schema":{"@context":"https:\/\/schema.org","@graph":[{"@type":"NewsArticle","@id":"https:\/\/folhadoleste.com.br\/onibus-perde-eixo-traseiro-em-duque-de-caxias\/#article","isPartOf":{"@id":"https:\/\/folhadoleste.com.br\/onibus-perde-eixo-traseiro-em-duque-de-caxias\/"},"author":{"name":"Folha do Leste","@id":"https:\/\/folhadoleste.com.br\/#\/schema\/person\/3e97145b2e1861276e84471aa85a3899"},"headline":"\u00d4nibus perde eixo traseiro em Duque de Caxias","datePublished":"2024-10-15T13:18:08+00:00","dateModified":"2024-10-15T13:18:55+00:00","mainEntityOfPage":{"@id":"https:\/\/folhadoleste.com.br\/onibus-perde-eixo-traseiro-em-duque-de-caxias\/"},"wordCount":326,"commentCount":1,"publisher":{"@id":"https:\/\/folhadoleste.com.br\/#organization"},"image":{"@id":"https:\/\/folhadoleste.com.br\/onibus-perde-eixo-traseiro-em-duque-de-caxias\/#primaryimage"},"thumbnailUrl":"https:\/\/folhadoleste.com.br\/wp-content\/uploads\/2024\/10\/Onibus-perde-eixo-traseiro-em-Duque-de-Caxias-causando-curiosidade-de-motoristas-Foto-Reproducao-G1.webp","keywords":["acidente","Acidente de \u00d4nibus","autoridades","Baixada Fluminense","bloqueio parcial","Congestionamento","curiosos","Duque de Caxias","eixo traseiro","estado do rio","falha mec\u00e2nica","fiscaliza\u00e7\u00e3o","Manuten\u00e7\u00e3o preventiva","mobilidade urbana","\u00f4nibus imobilizado","\u00f4nibus quebra","Passageiros feridos","pista lateral","Reduc","remo\u00e7\u00e3o de ve\u00edculo","Rio de Janeiro","RJ-131","rodovia","Rodovia Washington Lu\u00eds","seguran\u00e7a vi\u00e1ria","susto","Tr\u00e2nsito","Tr\u00e2nsito lento","transporte p\u00fablico","ve\u00edculo pesado","Vera Cruz"],"articleSection":["Baixada Fluminense","Estado do Rio de Janeiro"],"inLanguage":"en-US","potentialAction":[{"@type":"CommentAction","name":"Comment","target":["https:\/\/folhadoleste.com.br\/onibus-perde-eixo-traseiro-em-duque-de-caxias\/#respond"]}]},{"@type":"WebPage","@id":"https:\/\/folhadoleste.com.br\/onibus-perde-eixo-traseiro-em-duque-de-caxias\/","url":"https:\/\/folhadoleste.com.br\/onibus-perde-eixo-traseiro-em-duque-de-caxias\/","name":"\u00d4nibus perde eixo traseiro em Duque de Caxias &#8226; Folha do Leste","isPartOf":{"@id":"https:\/\/folhadoleste.com.br\/#website"},"primaryImageOfPage":{"@id":"https:\/\/folhadoleste.com.br\/onibus-perde-eixo-traseiro-em-duque-de-caxias\/#primaryimage"},"image":{"@id":"https:\/\/folhadoleste.com.br\/onibus-perde-eixo-traseiro-em-duque-de-caxias\/#primaryimage"},"thumbnailUrl":"https:\/\/folhadoleste.com.br\/wp-content\/uploads\/2024\/10\/Onibus-perde-eixo-traseiro-em-Duque-de-Caxias-causando-curiosidade-de-motoristas-Foto-Reproducao-G1.webp","datePublished":"2024-10-15T13:18:08+00:00","dateModified":"2024-10-15T13:18:55+00:00","description":"\u00d4nibus perde eixo traseiro em Duque de Caxias. Motoristas reduzem velocidade para registrar o ocorrido....","breadcrumb":{"@id":"https:\/\/folhadoleste.com.br\/onibus-perde-eixo-traseiro-em-duque-de-caxias\/#breadcrumb"},"inLanguage":"en-US","potentialAction":[{"@type":"ReadAction","target":["https:\/\/folhadoleste.com.br\/onibus-perde-eixo-traseiro-em-duque-de-caxias\/"]}]},{"@type":"ImageObject","inLanguage":"en-US","@id":"https:\/\/folhadoleste.com.br\/onibus-perde-eixo-traseiro-em-duque-de-caxias\/#primaryimage","url":"https:\/\/folhadoleste.com.br\/wp-content\/uploads\/2024\/10\/Onibus-perde-eixo-traseiro-em-Duque-de-Caxias-causando-curiosidade-de-motoristas-Foto-Reproducao-G1.webp","contentUrl":"https:\/\/folhadoleste.com.br\/wp-content\/uploads\/2024\/10\/Onibus-perde-eixo-traseiro-em-Duque-de-Caxias-causando-curiosidade-de-motoristas-Foto-Reproducao-G1.webp","width":540,"height":335,"caption":"\u00d4nibus perde eixo traseiro em Duque de Caxias, causando curiosidade de motoristas | Reprodu\u00e7\u00e3o\/G1"},{"@type":"BreadcrumbList","@id":"https:\/\/folhadoleste.com.br\/onibus-perde-eixo-traseiro-em-duque-de-caxias\/#breadcrumb","itemListElement":[{"@type":"ListItem","position":1,"name":"In\u00edcio","item":"https:\/\/folhadoleste.com.br\/"},{"@type":"ListItem","position":2,"name":"Estado do Rio de Janeiro","item":"https:\/\/folhadoleste.com.br\/category\/estado-do-rio-de-janeiro\/"},{"@type":"ListItem","position":3,"name":"Baixada Fluminense","item":"https:\/\/folhadoleste.com.br\/category\/estado-do-rio-de-janeiro\/noticias-da-baixada-fluminense\/"},{"@type":"ListItem","position":4,"name":"\u00d4nibus perde eixo traseiro em Duque de Caxias"}]},{"@type":"WebSite","@id":"https:\/\/folhadoleste.com.br\/#website","url":"https:\/\/folhadoleste.com.br\/","name":"Folha do Leste","description":"Portal de Not\u00edcias com \u00eanfase em Niter\u00f3i, criando conte\u00fados desde a capital Rio de Janeiro, com olhar para o Leste Fluminense e suas cidades como S\u00e3o Gon\u00e7alo, Itabora\u00ed, Rio Bonito, Maric\u00e1, Saquarema e Araruama","publisher":{"@id":"https:\/\/folhadoleste.com.br\/#organization"},"alternateName":"FL","potentialAction":[{"@type":"SearchAction","target":{"@type":"EntryPoint","urlTemplate":"https:\/\/folhadoleste.com.br\/?s={search_term_string}"},"query-input":{"@type":"PropertyValueSpecification","valueRequired":true,"valueName":"search_term_string"}}],"inLanguage":"en-US"},{"@type":"Organization","@id":"https:\/\/folhadoleste.com.br\/#organization","name":"Brasil 21 Comunica\u00e7\u00e3o","alternateName":"BR21","url":"https:\/\/folhadoleste.com.br\/","logo":{"@type":"ImageObject","inLanguage":"en-US","@id":"https:\/\/folhadoleste.com.br\/#\/schema\/logo\/image\/","url":"https:\/\/folhadoleste.com.br\/wp-content\/uploads\/2025\/12\/brasil-21-logomarca.avif","contentUrl":"https:\/\/folhadoleste.com.br\/wp-content\/uploads\/2025\/12\/brasil-21-logomarca.avif","width":1044,"height":1044,"caption":"Brasil 21 Comunica\u00e7\u00e3o"},"image":{"@id":"https:\/\/folhadoleste.com.br\/#\/schema\/logo\/image\/"},"sameAs":["https:\/\/www.facebook.com\/folhadoleste","https:\/\/x.com\/FolhadoLesteRJ","https:\/\/www.instagram.com\/folhadoleste\/"]},{"@type":"Person","@id":"https:\/\/folhadoleste.com.br\/#\/schema\/person\/3e97145b2e1861276e84471aa85a3899","name":"Folha do Leste","image":{"@type":"ImageObject","inLanguage":"en-US","@id":"https:\/\/folhadoleste.com.br\/wp-content\/litespeed\/avatar\/1ca8c218432e7045e748610eb3db0259.jpg?ver=1777161142","url":"https:\/\/folhadoleste.com.br\/wp-content\/litespeed\/avatar\/1ca8c218432e7045e748610eb3db0259.jpg?ver=1777161142","contentUrl":"https:\/\/folhadoleste.com.br\/wp-content\/litespeed\/avatar\/1ca8c218432e7045e748610eb3db0259.jpg?ver=1777161142","caption":"Folha do Leste"},"url":"https:\/\/folhadoleste.com.br\/en\/author\/reportagem-01\/"}]}},"_links":{"self":[{"href":"https:\/\/folhadoleste.com.br\/en\/wp-json\/wp\/v2\/posts\/89829","targetHints":{"allow":["GET"]}}],"collection":[{"href":"https:\/\/folhadoleste.com.br\/en\/wp-json\/wp\/v2\/posts"}],"about":[{"href":"https:\/\/folhadoleste.com.br\/en\/wp-json\/wp\/v2\/types\/post"}],"author":[{"embeddable":true,"href":"https:\/\/folhadoleste.com.br\/en\/wp-json\/wp\/v2\/users\/4"}],"replies":[{"embeddable":true,"href":"https:\/\/folhadoleste.com.br\/en\/wp-json\/wp\/v2\/comments?post=89829"}],"version-history":[{"count":3,"href":"https:\/\/folhadoleste.com.br\/en\/wp-json\/wp\/v2\/posts\/89829\/revisions"}],"predecessor-version":[{"id":89834,"href":"https:\/\/folhadoleste.com.br\/en\/wp-json\/wp\/v2\/posts\/89829\/revisions\/89834"}],"wp:featuredmedia":[{"embeddable":true,"href":"https:\/\/folhadoleste.com.br\/en\/wp-json\/wp\/v2\/media\/89831"}],"wp:attachment":[{"href":"https:\/\/folhadoleste.com.br\/en\/wp-json\/wp\/v2\/media?parent=89829"}],"wp:term":[{"taxonomy":"category","embeddable":true,"href":"https:\/\/folhadoleste.com.br\/en\/wp-json\/wp\/v2\/categories?post=89829"},{"taxonomy":"post_tag","embeddable":true,"href":"https:\/\/folhadoleste.com.br\/en\/wp-json\/wp\/v2\/tags?post=89829"}],"curies":[{"name":"wp","href":"https:\/\/api.w.org\/{rel}","templated":true}]}}