{"id":8956,"date":"2023-06-08T10:03:28","date_gmt":"2023-06-08T13:03:28","guid":{"rendered":"https:\/\/folhadoleste.com.br\/?p=8956"},"modified":"2023-06-08T12:08:00","modified_gmt":"2023-06-08T15:08:00","slug":"flamengo-recebe-racing-no-maracana-de-olho-nas-oitavas-da-libertadores","status":"publish","type":"post","link":"https:\/\/folhadoleste.com.br\/en\/flamengo-recebe-racing-no-maracana-de-olho-nas-oitavas-da-libertadores\/","title":{"rendered":"Maracan\u00e3 vai tremer com Flamengo x Racing"},"content":{"rendered":"<p>O Maracan\u00e3 vai tremer nesta quinta-feira (8) com a decisiva partida entre Flamengo e Racing pela Copa Libertadores. Com duas vit\u00f3rias em cl\u00e1ssicos, o Flamengo est\u00e1 cheio de g\u00e1s para garantir a vit\u00f3ria e a vaga na pr\u00f3xima fase. A torcida do Meng\u00e3o j\u00e1 esgotou os ingressos, mas ter\u00e1 que assistir ao jogo sem Gabigol em campo.<\/p>\n<p>Quem deve continuar na titularidade \u00e9 Pedro, o her\u00f3i da vit\u00f3ria sobre o Vasco.<\/p>\n<p>&nbsp;<\/p>\n<blockquote class=\"twitter-tweet\" data-width=\"550\" data-dnt=\"true\">\n<p lang=\"pt\" dir=\"ltr\">\u00daltimos ajustes para a partida diante do Racing, pela <a href=\"https:\/\/twitter.com\/Libertadores?ref_src=twsrc%5Etfw\">@Libertadores<\/a>! \ud83d\udd34\u26ab <a href=\"https:\/\/twitter.com\/hashtag\/VamosFlamengo?src=hash&amp;ref_src=twsrc%5Etfw\">#VamosFlamengo<\/a> <a href=\"https:\/\/twitter.com\/hashtag\/CRF?src=hash&amp;ref_src=twsrc%5Etfw\">#CRF<\/a> <\/p>\n<p>\ud83d\udcf8: Gilvan de Souza \/CRF <a href=\"https:\/\/t.co\/G4GiULl0RF\">pic.twitter.com\/G4GiULl0RF<\/a><\/p>\n<p>&mdash; Flamengo (@Flamengo) <a href=\"https:\/\/twitter.com\/Flamengo\/status\/1666487817743073280?ref_src=twsrc%5Etfw\">June 7, 2023<\/a><\/p><\/blockquote>\n<p><script async src=\"https:\/\/platform.twitter.com\/widgets.js\" charset=\"utf-8\"><\/script><\/p>\n<p>Do outro lado, o Racing se apresenta na lideran\u00e7a do Grupo A e viajou ao Rio de Janeiro em busca de manter a posi\u00e7\u00e3o. Com dois desfalques importantes, os hermanos ter\u00e3o que mostrar todo seu talento para enfrentar o poder ofensivo rubro-negro.<\/p>\n<blockquote class=\"twitter-tweet\" data-width=\"550\" data-dnt=\"true\">\n<p lang=\"es\" dir=\"ltr\">[ENTRENAMIENTO-MI\u00c9RCOLES]<\/p>\n<p>Gimnasio. <br \/>Tareas t\u00e1cticas y de pelota parada en cancha auxiliar. <br \/>Los convocados para enfrentar este jueves a Flamengo quedan concentrados y por la tarde viajan\u00a0a\u00a0Brasil.<\/p>\n<p>\u00a1VAMOS RACING! <a href=\"https:\/\/t.co\/viFAZfwqdZ\">pic.twitter.com\/viFAZfwqdZ<\/a><\/p>\n<p>&mdash; Racing Club (@RacingClub) <a href=\"https:\/\/twitter.com\/RacingClub\/status\/1666445753043107847?ref_src=twsrc%5Etfw\">June 7, 2023<\/a><\/p><\/blockquote>\n<p><script async src=\"https:\/\/platform.twitter.com\/widgets.js\" charset=\"utf-8\"><\/script><\/p>\n<p>&nbsp;<\/p>\n<p>Apesar de ser um advers\u00e1rio dif\u00edcil, o Flamengo j\u00e1 demonstrou que sabe jogar em casa contra equipes argentinas na Libertadores. S\u00e3o cinco vit\u00f3rias e dois empates em sete partidas disputadas no Maracan\u00e3.<\/p>\n<p>Se depender do hist\u00f3rico, Meng\u00e3o est\u00e1 com a faca e o queijo na m\u00e3o para garantir mais uma vit\u00f3ria nesta quinta-feira. A torcida j\u00e1 pode come\u00e7ar a se preparar para gritar muito gol!<\/p>\n<p>&nbsp;<\/p>\n<h2>Ficha t\u00e9cnica<\/h2>\n<p>&nbsp;<\/p>\n<h5><strong>FLAMENGO X RACING<\/strong><\/h5>\n<p><strong><br \/>\nData e hora:<\/strong>\u00a08 de junho de 2023, \u00e0s 21h (de Bras\u00edlia)<br \/>\n<strong>Est\u00e1dio:<\/strong>\u00a0Maracan\u00e3, Rio de Janeiro (RJ)<br \/>\n<strong>\u00c1rbitro:<\/strong>\u00a0Gustavo Tejera (URU)<br \/>\n<strong>Assistentes<\/strong>: Nicolas Taran (URU) e Martin Soppi (URU)<br \/>\n<strong>VAR:<\/strong>\u00a0Andr\u00e9s Cunha (URU)<br \/>\n<strong>Onde assistir:\u00a0<\/strong>ESPN, Star+<\/p>\n<p><strong>FLAMENGO:\u00a0 <\/strong>Matheus Cunha, Wesley, Fabr\u00edcio Bruno, L\u00e9o Pereira (David Luiz) e Ayrton Lucas; Erick Pulgar, Thiago Maia, Arrascaeta e Matheus Fran\u00e7a (Gerson); Everton Cebolinha (Everton Ribeiro) e Pedro. T\u00e9cnico: Jorge Sampaoli<\/p>\n<p><strong>Suspenso:\u00a0<\/strong>Ningu\u00e9m \/ <strong>Desfalques:\u00a0<\/strong>Matheuzinho e Gabigol (lesionados); Marinho (afastado)<\/p>\n<p><strong>RACING: <\/strong>Arias; Mura, Sigali, Ins\u00faa, Gabriel Rojas, Jonathan Galv\u00e1n, An\u00edbal Moreno, Oroz; Saliadarre, Hauche e Paolo Guerrero T\u00e9cnico: Fernando Gago<\/p>\n<p>&nbsp;<\/p>\n","protected":false},"excerpt":{"rendered":"<p>O Maracan\u00e3 vai tremer nesta quinta-feira (8) com a decisiva partida entre Flamengo e Racing pela Copa Libertadores. Com duas vit\u00f3rias em cl\u00e1ssicos, o Flamengo est\u00e1 cheio de g\u00e1s para garantir a vit\u00f3ria e a vaga na pr\u00f3xima fase. A torcida do Meng\u00e3o j\u00e1 esgotou os ingressos, mas ter\u00e1 que assistir ao jogo sem Gabigol em campo. Quem deve continuar na titularidade \u00e9 Pedro, o her\u00f3i da vit\u00f3ria sobre o Vasco. &nbsp; \u00daltimos ajustes para a partida diante do Racing, pela @Libertadores! \ud83d\udd34\u26ab #VamosFlamengo #CRF \ud83d\udcf8: Gilvan de Souza \/CRF pic.twitter.com\/G4GiULl0RF &mdash; Flamengo (@Flamengo) June 7, 2023 Do outro lado, [&hellip;]<\/p>\n","protected":false},"author":4,"featured_media":8957,"comment_status":"open","ping_status":"open","sticky":false,"template":"","format":"standard","meta":{"footnotes":""},"categories":[48,65],"tags":[105,285,101,439,3095,2834],"class_list":["post-8956","post","type-post","status-publish","format-standard","has-post-thumbnail","hentry","category-esportes","category-futebol-esportes","tag-esportes","tag-flamengo","tag-futebol","tag-libertadores","tag-oitavas-de-final","tag-racing","post--single"],"yoast_head":"<!-- This site is optimized with the Yoast SEO plugin v27.5 - https:\/\/yoast.com\/product\/yoast-seo-wordpress\/ -->\n<title>Maracan\u00e3 vai tremer com Flamengo x Racing &#8226; Folha do Leste<\/title>\n<meta name=\"description\" content=\"O Maracan\u00e3 vai tremer nesta quinta-feira (8) com a decisiva partida entre Flamengo e Racing pela Copa Libertadores.\" \/>\n<meta name=\"robots\" content=\"index, follow, max-snippet:-1, max-image-preview:large, max-video-preview:-1\" \/>\n<link rel=\"canonical\" href=\"https:\/\/folhadoleste.com.br\/en\/flamengo-recebe-racing-no-maracana-de-olho-nas-oitavas-da-libertadores\/\" \/>\n<meta property=\"og:locale\" content=\"en_US\" \/>\n<meta property=\"og:type\" content=\"article\" \/>\n<meta property=\"og:title\" content=\"Flamengo recebe Racing no Maracan\u00e3 de olho nas oitavas da Libertadores\" \/>\n<meta property=\"og:description\" content=\"Clique e saiba mais...\" \/>\n<meta property=\"og:url\" content=\"https:\/\/folhadoleste.com.br\/en\/flamengo-recebe-racing-no-maracana-de-olho-nas-oitavas-da-libertadores\/\" \/>\n<meta property=\"og:site_name\" content=\"Folha do Leste\" \/>\n<meta property=\"article:publisher\" content=\"https:\/\/www.facebook.com\/folhadoleste\" \/>\n<meta property=\"article:published_time\" content=\"2023-06-08T13:03:28+00:00\" \/>\n<meta property=\"article:modified_time\" content=\"2023-06-08T15:08:00+00:00\" \/>\n<meta property=\"og:image\" content=\"https:\/\/folhadoleste.com.br\/wp-content\/uploads\/2023\/06\/Flamengo-recebe-Racing-no-Maracana-de-olho-nas-oitavas-da-Libertadores-Paula-Reis-Flamengo-Agencia-Brasil.jpg\" \/>\n\t<meta property=\"og:image:width\" content=\"1170\" \/>\n\t<meta property=\"og:image:height\" content=\"700\" \/>\n\t<meta property=\"og:image:type\" content=\"image\/jpeg\" \/>\n<meta name=\"author\" content=\"Folha do Leste\" \/>\n<meta name=\"twitter:card\" content=\"summary_large_image\" \/>\n<meta name=\"twitter:title\" content=\"Maracan\u00e3 vai tremer com Flamengo x Racing\" \/>\n<meta name=\"twitter:description\" content=\"Saiba mais!\" \/>\n<meta name=\"twitter:creator\" content=\"@FolhadoLesteRJ\" \/>\n<meta name=\"twitter:site\" content=\"@FolhadoLesteRJ\" \/>\n<meta name=\"twitter:label1\" content=\"Written by\" \/>\n\t<meta name=\"twitter:data1\" content=\"Folha do Leste\" \/>\n\t<meta name=\"twitter:label2\" content=\"Est. reading time\" \/>\n\t<meta name=\"twitter:data2\" content=\"2 minutes\" \/>\n<script type=\"application\/ld+json\" class=\"yoast-schema-graph\">{\"@context\":\"https:\\\/\\\/schema.org\",\"@graph\":[{\"@type\":\"NewsArticle\",\"@id\":\"https:\\\/\\\/folhadoleste.com.br\\\/flamengo-recebe-racing-no-maracana-de-olho-nas-oitavas-da-libertadores\\\/#article\",\"isPartOf\":{\"@id\":\"https:\\\/\\\/folhadoleste.com.br\\\/flamengo-recebe-racing-no-maracana-de-olho-nas-oitavas-da-libertadores\\\/\"},\"author\":{\"name\":\"Folha do Leste\",\"@id\":\"https:\\\/\\\/folhadoleste.com.br\\\/#\\\/schema\\\/person\\\/3e97145b2e1861276e84471aa85a3899\"},\"headline\":\"Maracan\u00e3 vai tremer com Flamengo x Racing\",\"datePublished\":\"2023-06-08T13:03:28+00:00\",\"dateModified\":\"2023-06-08T15:08:00+00:00\",\"mainEntityOfPage\":{\"@id\":\"https:\\\/\\\/folhadoleste.com.br\\\/flamengo-recebe-racing-no-maracana-de-olho-nas-oitavas-da-libertadores\\\/\"},\"wordCount\":400,\"commentCount\":0,\"publisher\":{\"@id\":\"https:\\\/\\\/folhadoleste.com.br\\\/#organization\"},\"image\":{\"@id\":\"https:\\\/\\\/folhadoleste.com.br\\\/flamengo-recebe-racing-no-maracana-de-olho-nas-oitavas-da-libertadores\\\/#primaryimage\"},\"thumbnailUrl\":\"https:\\\/\\\/folhadoleste.com.br\\\/wp-content\\\/uploads\\\/2023\\\/06\\\/Flamengo-recebe-Racing-no-Maracana-de-olho-nas-oitavas-da-Libertadores-Paula-Reis-Flamengo-Agencia-Brasil.jpg\",\"keywords\":[\"Esportes\",\"Flamengo\",\"futebol\",\"Libertadores\",\"oitavas de final\",\"Racing\"],\"articleSection\":[\"Esportes\",\"Futebol\"],\"inLanguage\":\"en-US\",\"potentialAction\":[{\"@type\":\"CommentAction\",\"name\":\"Comment\",\"target\":[\"https:\\\/\\\/folhadoleste.com.br\\\/flamengo-recebe-racing-no-maracana-de-olho-nas-oitavas-da-libertadores\\\/#respond\"]}]},{\"@type\":\"WebPage\",\"@id\":\"https:\\\/\\\/folhadoleste.com.br\\\/flamengo-recebe-racing-no-maracana-de-olho-nas-oitavas-da-libertadores\\\/\",\"url\":\"https:\\\/\\\/folhadoleste.com.br\\\/flamengo-recebe-racing-no-maracana-de-olho-nas-oitavas-da-libertadores\\\/\",\"name\":\"Maracan\u00e3 vai tremer com Flamengo x Racing &#8226; Folha do Leste\",\"isPartOf\":{\"@id\":\"https:\\\/\\\/folhadoleste.com.br\\\/#website\"},\"primaryImageOfPage\":{\"@id\":\"https:\\\/\\\/folhadoleste.com.br\\\/flamengo-recebe-racing-no-maracana-de-olho-nas-oitavas-da-libertadores\\\/#primaryimage\"},\"image\":{\"@id\":\"https:\\\/\\\/folhadoleste.com.br\\\/flamengo-recebe-racing-no-maracana-de-olho-nas-oitavas-da-libertadores\\\/#primaryimage\"},\"thumbnailUrl\":\"https:\\\/\\\/folhadoleste.com.br\\\/wp-content\\\/uploads\\\/2023\\\/06\\\/Flamengo-recebe-Racing-no-Maracana-de-olho-nas-oitavas-da-Libertadores-Paula-Reis-Flamengo-Agencia-Brasil.jpg\",\"datePublished\":\"2023-06-08T13:03:28+00:00\",\"dateModified\":\"2023-06-08T15:08:00+00:00\",\"description\":\"O Maracan\u00e3 vai tremer nesta quinta-feira (8) com a decisiva partida entre Flamengo e Racing pela Copa Libertadores.\",\"breadcrumb\":{\"@id\":\"https:\\\/\\\/folhadoleste.com.br\\\/flamengo-recebe-racing-no-maracana-de-olho-nas-oitavas-da-libertadores\\\/#breadcrumb\"},\"inLanguage\":\"en-US\",\"potentialAction\":[{\"@type\":\"ReadAction\",\"target\":[\"https:\\\/\\\/folhadoleste.com.br\\\/flamengo-recebe-racing-no-maracana-de-olho-nas-oitavas-da-libertadores\\\/\"]}]},{\"@type\":\"ImageObject\",\"inLanguage\":\"en-US\",\"@id\":\"https:\\\/\\\/folhadoleste.com.br\\\/flamengo-recebe-racing-no-maracana-de-olho-nas-oitavas-da-libertadores\\\/#primaryimage\",\"url\":\"https:\\\/\\\/folhadoleste.com.br\\\/wp-content\\\/uploads\\\/2023\\\/06\\\/Flamengo-recebe-Racing-no-Maracana-de-olho-nas-oitavas-da-Libertadores-Paula-Reis-Flamengo-Agencia-Brasil.jpg\",\"contentUrl\":\"https:\\\/\\\/folhadoleste.com.br\\\/wp-content\\\/uploads\\\/2023\\\/06\\\/Flamengo-recebe-Racing-no-Maracana-de-olho-nas-oitavas-da-Libertadores-Paula-Reis-Flamengo-Agencia-Brasil.jpg\",\"width\":1170,\"height\":700,\"caption\":\"Foto\\\/ Paula Reis - Flamengo\"},{\"@type\":\"BreadcrumbList\",\"@id\":\"https:\\\/\\\/folhadoleste.com.br\\\/flamengo-recebe-racing-no-maracana-de-olho-nas-oitavas-da-libertadores\\\/#breadcrumb\",\"itemListElement\":[{\"@type\":\"ListItem\",\"position\":1,\"name\":\"In\u00edcio\",\"item\":\"https:\\\/\\\/folhadoleste.com.br\\\/\"},{\"@type\":\"ListItem\",\"position\":2,\"name\":\"Esportes\",\"item\":\"https:\\\/\\\/folhadoleste.com.br\\\/category\\\/esportes\\\/\"},{\"@type\":\"ListItem\",\"position\":3,\"name\":\"Futebol\",\"item\":\"https:\\\/\\\/folhadoleste.com.br\\\/category\\\/esportes\\\/futebol-esportes\\\/\"},{\"@type\":\"ListItem\",\"position\":4,\"name\":\"Maracan\u00e3 vai tremer com Flamengo x Racing\"}]},{\"@type\":\"WebSite\",\"@id\":\"https:\\\/\\\/folhadoleste.com.br\\\/#website\",\"url\":\"https:\\\/\\\/folhadoleste.com.br\\\/\",\"name\":\"Folha do Leste\",\"description\":\"Portal de Not\u00edcias com \u00eanfase em Niter\u00f3i, criando conte\u00fados desde a capital Rio de Janeiro, com olhar para o Leste Fluminense e suas cidades como S\u00e3o Gon\u00e7alo, Itabora\u00ed, Rio Bonito, Maric\u00e1, Saquarema e Araruama\",\"publisher\":{\"@id\":\"https:\\\/\\\/folhadoleste.com.br\\\/#organization\"},\"alternateName\":\"FL\",\"potentialAction\":[{\"@type\":\"SearchAction\",\"target\":{\"@type\":\"EntryPoint\",\"urlTemplate\":\"https:\\\/\\\/folhadoleste.com.br\\\/?s={search_term_string}\"},\"query-input\":{\"@type\":\"PropertyValueSpecification\",\"valueRequired\":true,\"valueName\":\"search_term_string\"}}],\"inLanguage\":\"en-US\"},{\"@type\":\"Organization\",\"@id\":\"https:\\\/\\\/folhadoleste.com.br\\\/#organization\",\"name\":\"Brasil 21 Comunica\u00e7\u00e3o\",\"alternateName\":\"BR21\",\"url\":\"https:\\\/\\\/folhadoleste.com.br\\\/\",\"logo\":{\"@type\":\"ImageObject\",\"inLanguage\":\"en-US\",\"@id\":\"https:\\\/\\\/folhadoleste.com.br\\\/#\\\/schema\\\/logo\\\/image\\\/\",\"url\":\"https:\\\/\\\/folhadoleste.com.br\\\/wp-content\\\/uploads\\\/2025\\\/12\\\/brasil-21-logomarca.avif\",\"contentUrl\":\"https:\\\/\\\/folhadoleste.com.br\\\/wp-content\\\/uploads\\\/2025\\\/12\\\/brasil-21-logomarca.avif\",\"width\":1044,\"height\":1044,\"caption\":\"Brasil 21 Comunica\u00e7\u00e3o\"},\"image\":{\"@id\":\"https:\\\/\\\/folhadoleste.com.br\\\/#\\\/schema\\\/logo\\\/image\\\/\"},\"sameAs\":[\"https:\\\/\\\/www.facebook.com\\\/folhadoleste\",\"https:\\\/\\\/x.com\\\/FolhadoLesteRJ\",\"https:\\\/\\\/www.instagram.com\\\/folhadoleste\\\/\"]},{\"@type\":\"Person\",\"@id\":\"https:\\\/\\\/folhadoleste.com.br\\\/#\\\/schema\\\/person\\\/3e97145b2e1861276e84471aa85a3899\",\"name\":\"Folha do Leste\",\"image\":{\"@type\":\"ImageObject\",\"inLanguage\":\"en-US\",\"@id\":\"https:\\\/\\\/folhadoleste.com.br\\\/wp-content\\\/litespeed\\\/avatar\\\/1ca8c218432e7045e748610eb3db0259.jpg?ver=1777161142\",\"url\":\"https:\\\/\\\/folhadoleste.com.br\\\/wp-content\\\/litespeed\\\/avatar\\\/1ca8c218432e7045e748610eb3db0259.jpg?ver=1777161142\",\"contentUrl\":\"https:\\\/\\\/folhadoleste.com.br\\\/wp-content\\\/litespeed\\\/avatar\\\/1ca8c218432e7045e748610eb3db0259.jpg?ver=1777161142\",\"caption\":\"Folha do Leste\"},\"url\":\"https:\\\/\\\/folhadoleste.com.br\\\/en\\\/author\\\/reportagem-01\\\/\"}]}<\/script>\n<!-- \/ Yoast SEO plugin. -->","yoast_head_json":{"title":"Maracan\u00e3 vai tremer com Flamengo x Racing &#8226; Folha do Leste","description":"O Maracan\u00e3 vai tremer nesta quinta-feira (8) com a decisiva partida entre Flamengo e Racing pela Copa Libertadores.","robots":{"index":"index","follow":"follow","max-snippet":"max-snippet:-1","max-image-preview":"max-image-preview:large","max-video-preview":"max-video-preview:-1"},"canonical":"https:\/\/folhadoleste.com.br\/en\/flamengo-recebe-racing-no-maracana-de-olho-nas-oitavas-da-libertadores\/","og_locale":"en_US","og_type":"article","og_title":"Flamengo recebe Racing no Maracan\u00e3 de olho nas oitavas da Libertadores","og_description":"Clique e saiba mais...","og_url":"https:\/\/folhadoleste.com.br\/en\/flamengo-recebe-racing-no-maracana-de-olho-nas-oitavas-da-libertadores\/","og_site_name":"Folha do Leste","article_publisher":"https:\/\/www.facebook.com\/folhadoleste","article_published_time":"2023-06-08T13:03:28+00:00","article_modified_time":"2023-06-08T15:08:00+00:00","og_image":[{"width":1170,"height":700,"url":"https:\/\/folhadoleste.com.br\/wp-content\/uploads\/2023\/06\/Flamengo-recebe-Racing-no-Maracana-de-olho-nas-oitavas-da-Libertadores-Paula-Reis-Flamengo-Agencia-Brasil.jpg","type":"image\/jpeg"}],"author":"Folha do Leste","twitter_card":"summary_large_image","twitter_title":"Maracan\u00e3 vai tremer com Flamengo x Racing","twitter_description":"Saiba mais!","twitter_creator":"@FolhadoLesteRJ","twitter_site":"@FolhadoLesteRJ","twitter_misc":{"Written by":"Folha do Leste","Est. reading time":"2 minutes"},"schema":{"@context":"https:\/\/schema.org","@graph":[{"@type":"NewsArticle","@id":"https:\/\/folhadoleste.com.br\/flamengo-recebe-racing-no-maracana-de-olho-nas-oitavas-da-libertadores\/#article","isPartOf":{"@id":"https:\/\/folhadoleste.com.br\/flamengo-recebe-racing-no-maracana-de-olho-nas-oitavas-da-libertadores\/"},"author":{"name":"Folha do Leste","@id":"https:\/\/folhadoleste.com.br\/#\/schema\/person\/3e97145b2e1861276e84471aa85a3899"},"headline":"Maracan\u00e3 vai tremer com Flamengo x Racing","datePublished":"2023-06-08T13:03:28+00:00","dateModified":"2023-06-08T15:08:00+00:00","mainEntityOfPage":{"@id":"https:\/\/folhadoleste.com.br\/flamengo-recebe-racing-no-maracana-de-olho-nas-oitavas-da-libertadores\/"},"wordCount":400,"commentCount":0,"publisher":{"@id":"https:\/\/folhadoleste.com.br\/#organization"},"image":{"@id":"https:\/\/folhadoleste.com.br\/flamengo-recebe-racing-no-maracana-de-olho-nas-oitavas-da-libertadores\/#primaryimage"},"thumbnailUrl":"https:\/\/folhadoleste.com.br\/wp-content\/uploads\/2023\/06\/Flamengo-recebe-Racing-no-Maracana-de-olho-nas-oitavas-da-Libertadores-Paula-Reis-Flamengo-Agencia-Brasil.jpg","keywords":["Esportes","Flamengo","futebol","Libertadores","oitavas de final","Racing"],"articleSection":["Esportes","Futebol"],"inLanguage":"en-US","potentialAction":[{"@type":"CommentAction","name":"Comment","target":["https:\/\/folhadoleste.com.br\/flamengo-recebe-racing-no-maracana-de-olho-nas-oitavas-da-libertadores\/#respond"]}]},{"@type":"WebPage","@id":"https:\/\/folhadoleste.com.br\/flamengo-recebe-racing-no-maracana-de-olho-nas-oitavas-da-libertadores\/","url":"https:\/\/folhadoleste.com.br\/flamengo-recebe-racing-no-maracana-de-olho-nas-oitavas-da-libertadores\/","name":"Maracan\u00e3 vai tremer com Flamengo x Racing &#8226; Folha do Leste","isPartOf":{"@id":"https:\/\/folhadoleste.com.br\/#website"},"primaryImageOfPage":{"@id":"https:\/\/folhadoleste.com.br\/flamengo-recebe-racing-no-maracana-de-olho-nas-oitavas-da-libertadores\/#primaryimage"},"image":{"@id":"https:\/\/folhadoleste.com.br\/flamengo-recebe-racing-no-maracana-de-olho-nas-oitavas-da-libertadores\/#primaryimage"},"thumbnailUrl":"https:\/\/folhadoleste.com.br\/wp-content\/uploads\/2023\/06\/Flamengo-recebe-Racing-no-Maracana-de-olho-nas-oitavas-da-Libertadores-Paula-Reis-Flamengo-Agencia-Brasil.jpg","datePublished":"2023-06-08T13:03:28+00:00","dateModified":"2023-06-08T15:08:00+00:00","description":"O Maracan\u00e3 vai tremer nesta quinta-feira (8) com a decisiva partida entre Flamengo e Racing pela Copa Libertadores.","breadcrumb":{"@id":"https:\/\/folhadoleste.com.br\/flamengo-recebe-racing-no-maracana-de-olho-nas-oitavas-da-libertadores\/#breadcrumb"},"inLanguage":"en-US","potentialAction":[{"@type":"ReadAction","target":["https:\/\/folhadoleste.com.br\/flamengo-recebe-racing-no-maracana-de-olho-nas-oitavas-da-libertadores\/"]}]},{"@type":"ImageObject","inLanguage":"en-US","@id":"https:\/\/folhadoleste.com.br\/flamengo-recebe-racing-no-maracana-de-olho-nas-oitavas-da-libertadores\/#primaryimage","url":"https:\/\/folhadoleste.com.br\/wp-content\/uploads\/2023\/06\/Flamengo-recebe-Racing-no-Maracana-de-olho-nas-oitavas-da-Libertadores-Paula-Reis-Flamengo-Agencia-Brasil.jpg","contentUrl":"https:\/\/folhadoleste.com.br\/wp-content\/uploads\/2023\/06\/Flamengo-recebe-Racing-no-Maracana-de-olho-nas-oitavas-da-Libertadores-Paula-Reis-Flamengo-Agencia-Brasil.jpg","width":1170,"height":700,"caption":"Foto\/ Paula Reis - Flamengo"},{"@type":"BreadcrumbList","@id":"https:\/\/folhadoleste.com.br\/flamengo-recebe-racing-no-maracana-de-olho-nas-oitavas-da-libertadores\/#breadcrumb","itemListElement":[{"@type":"ListItem","position":1,"name":"In\u00edcio","item":"https:\/\/folhadoleste.com.br\/"},{"@type":"ListItem","position":2,"name":"Esportes","item":"https:\/\/folhadoleste.com.br\/category\/esportes\/"},{"@type":"ListItem","position":3,"name":"Futebol","item":"https:\/\/folhadoleste.com.br\/category\/esportes\/futebol-esportes\/"},{"@type":"ListItem","position":4,"name":"Maracan\u00e3 vai tremer com Flamengo x Racing"}]},{"@type":"WebSite","@id":"https:\/\/folhadoleste.com.br\/#website","url":"https:\/\/folhadoleste.com.br\/","name":"Folha do Leste","description":"Portal de Not\u00edcias com \u00eanfase em Niter\u00f3i, criando conte\u00fados desde a capital Rio de Janeiro, com olhar para o Leste Fluminense e suas cidades como S\u00e3o Gon\u00e7alo, Itabora\u00ed, Rio Bonito, Maric\u00e1, Saquarema e Araruama","publisher":{"@id":"https:\/\/folhadoleste.com.br\/#organization"},"alternateName":"FL","potentialAction":[{"@type":"SearchAction","target":{"@type":"EntryPoint","urlTemplate":"https:\/\/folhadoleste.com.br\/?s={search_term_string}"},"query-input":{"@type":"PropertyValueSpecification","valueRequired":true,"valueName":"search_term_string"}}],"inLanguage":"en-US"},{"@type":"Organization","@id":"https:\/\/folhadoleste.com.br\/#organization","name":"Brasil 21 Comunica\u00e7\u00e3o","alternateName":"BR21","url":"https:\/\/folhadoleste.com.br\/","logo":{"@type":"ImageObject","inLanguage":"en-US","@id":"https:\/\/folhadoleste.com.br\/#\/schema\/logo\/image\/","url":"https:\/\/folhadoleste.com.br\/wp-content\/uploads\/2025\/12\/brasil-21-logomarca.avif","contentUrl":"https:\/\/folhadoleste.com.br\/wp-content\/uploads\/2025\/12\/brasil-21-logomarca.avif","width":1044,"height":1044,"caption":"Brasil 21 Comunica\u00e7\u00e3o"},"image":{"@id":"https:\/\/folhadoleste.com.br\/#\/schema\/logo\/image\/"},"sameAs":["https:\/\/www.facebook.com\/folhadoleste","https:\/\/x.com\/FolhadoLesteRJ","https:\/\/www.instagram.com\/folhadoleste\/"]},{"@type":"Person","@id":"https:\/\/folhadoleste.com.br\/#\/schema\/person\/3e97145b2e1861276e84471aa85a3899","name":"Folha do Leste","image":{"@type":"ImageObject","inLanguage":"en-US","@id":"https:\/\/folhadoleste.com.br\/wp-content\/litespeed\/avatar\/1ca8c218432e7045e748610eb3db0259.jpg?ver=1777161142","url":"https:\/\/folhadoleste.com.br\/wp-content\/litespeed\/avatar\/1ca8c218432e7045e748610eb3db0259.jpg?ver=1777161142","contentUrl":"https:\/\/folhadoleste.com.br\/wp-content\/litespeed\/avatar\/1ca8c218432e7045e748610eb3db0259.jpg?ver=1777161142","caption":"Folha do Leste"},"url":"https:\/\/folhadoleste.com.br\/en\/author\/reportagem-01\/"}]}},"_links":{"self":[{"href":"https:\/\/folhadoleste.com.br\/en\/wp-json\/wp\/v2\/posts\/8956","targetHints":{"allow":["GET"]}}],"collection":[{"href":"https:\/\/folhadoleste.com.br\/en\/wp-json\/wp\/v2\/posts"}],"about":[{"href":"https:\/\/folhadoleste.com.br\/en\/wp-json\/wp\/v2\/types\/post"}],"author":[{"embeddable":true,"href":"https:\/\/folhadoleste.com.br\/en\/wp-json\/wp\/v2\/users\/4"}],"replies":[{"embeddable":true,"href":"https:\/\/folhadoleste.com.br\/en\/wp-json\/wp\/v2\/comments?post=8956"}],"version-history":[{"count":4,"href":"https:\/\/folhadoleste.com.br\/en\/wp-json\/wp\/v2\/posts\/8956\/revisions"}],"predecessor-version":[{"id":8994,"href":"https:\/\/folhadoleste.com.br\/en\/wp-json\/wp\/v2\/posts\/8956\/revisions\/8994"}],"wp:featuredmedia":[{"embeddable":true,"href":"https:\/\/folhadoleste.com.br\/en\/wp-json\/wp\/v2\/media\/8957"}],"wp:attachment":[{"href":"https:\/\/folhadoleste.com.br\/en\/wp-json\/wp\/v2\/media?parent=8956"}],"wp:term":[{"taxonomy":"category","embeddable":true,"href":"https:\/\/folhadoleste.com.br\/en\/wp-json\/wp\/v2\/categories?post=8956"},{"taxonomy":"post_tag","embeddable":true,"href":"https:\/\/folhadoleste.com.br\/en\/wp-json\/wp\/v2\/tags?post=8956"}],"curies":[{"name":"wp","href":"https:\/\/api.w.org\/{rel}","templated":true}]}}