{"id":89103,"date":"2024-10-10T16:47:18","date_gmt":"2024-10-10T19:47:18","guid":{"rendered":"https:\/\/folhadoleste.com.br\/?p=89103"},"modified":"2024-10-10T16:47:18","modified_gmt":"2024-10-10T19:47:18","slug":"acidente-deixa-mulher-em-estado-grave-na-avenida-brasil","status":"publish","type":"post","link":"https:\/\/folhadoleste.com.br\/en\/acidente-deixa-mulher-em-estado-grave-na-avenida-brasil\/","title":{"rendered":"Acidente deixa mulher em estado grave na Avenida Brasil"},"content":{"rendered":"<div id=\"attachment_89105\" style=\"width: 1209px\" class=\"wp-caption aligncenter\"><img decoding=\"async\" aria-describedby=\"caption-attachment-89105\" class=\"size-full wp-image-89105\" src=\"https:\/\/folhadoleste.com.br\/wp-content\/uploads\/2024\/10\/Acidente-deixa-mulher-em-estado-grave-na-Avenida-Brasil-Foto-Reproducao.jpg\" alt=\"Acidente deixa mulher em estado grave na Avenida Brasil\" width=\"1199\" height=\"1920\" \/><p id=\"caption-attachment-89105\" class=\"wp-caption-text\">Acidente deixa mulher em estado grave na Avenida Brasil | Reprodu\u00e7\u00e3o<\/p><\/div>\n<p style=\"text-align: justify;\">Uma colis\u00e3o entre dois ve\u00edculos, causada por criminosos em fuga, deixou uma mulher gravemente ferida na tarde desta quinta-feira (10), na Avenida Brasil, sentido Centro, pr\u00f3ximo \u00e0 Vila Kennedy, Zona Oeste do Rio. A v\u00edtima foi socorrida pelo Corpo de Bombeiros e levada ao Hospital Municipal Albert Schweitzer, em Realengo.<\/p>\n<h6><span style=\"color: #ff0000;\"><strong>+<\/strong><\/span> <span style=\"color: #000000;\">LEIA TAMB\u00c9M: <strong>\u25ba<\/strong><\/span><a href=\"https:\/\/folhadoleste.com.br\/en\/policia-encontra-mansao-de-luxo-de-traficante-no-rio-video\/\"><strong>Pol\u00edcia encontra mans\u00e3o de luxo de traficante no Rio \u2013 V\u00eddeo<\/strong><\/a><\/h6>\n<p style=\"text-align: justify;\">Segundo a Pol\u00edcia Militar, o acidente ocorreu ap\u00f3s uma persegui\u00e7\u00e3o iniciada quando os policiais foram informados sobre um ve\u00edculo roubado nas proximidades do West Shopping, em Campo Grande.<\/p>\n<p style=\"text-align: justify;\">O cerco policial resultou na captura de um dos criminosos na Estrada do Lameir\u00e3o, mas outros suspeitos conseguiram fugir pela Avenida Brasil, onde se envolveram no acidente.<\/p>\n<h5 style=\"text-align: center;\"><span style=\"color: #000000;\"><span style=\"color: #ff0000;\"><strong>+ <\/strong><\/span><\/span><span style=\"color: #000000;\"><span style=\"color: #ff9900;\"><strong>MAIS NOT\u00cdCIAS DO RIO DE JANEIRO?<\/strong><\/span> <span style=\"color: #008080;\"><strong><a style=\"color: #008080;\" href=\"https:\/\/folhadoleste.com.br\/en\/category\/rio-de-janeiro-capital\/\">CLIQUE AQUI<\/a><\/strong><\/span><\/span><\/h5>\n<p style=\"text-align: justify;\">A mulher, ainda n\u00e3o identificada, foi levada em estado grave ao hospital. Outra pessoa tamb\u00e9m ficou ferida e foi encaminhada \u00e0 mesma unidade de sa\u00fade. At\u00e9 o momento, n\u00e3o h\u00e1 atualiza\u00e7\u00f5es sobre o estado das v\u00edtimas.<\/p>\n<p style=\"text-align: justify;\">De acordo com o Centro de Opera\u00e7\u00f5es Rio, as duas faixas da Avenida Brasil precisaram ser interditadas, mas foram liberadas por volta das 14h50. O tr\u00e2nsito na regi\u00e3o j\u00e1 segue em boas condi\u00e7\u00f5es.<\/p>\n<p><a href=\"http:\/\/instagram.com\/folhadoleste\"><img decoding=\"async\" class=\"wp-image-77492 size-full aligncenter\" src=\"https:\/\/folhadoleste.com.br\/wp-content\/uploads\/2024\/07\/Instagram-Folha-do-Leste.png\" alt=\"http:\/\/instagram.com\/folhadoleste\" width=\"400\" height=\"200\" \/><\/a><\/p>\n<p><a href=\"http:\/\/facebook.com\/folhadoleste\"><img decoding=\"async\" class=\"size-medium wp-image-77490 aligncenter\" src=\"https:\/\/folhadoleste.com.br\/wp-content\/uploads\/2024\/07\/Facebook-Folha-do-Leste-10k-300x300.jpg\" alt=\"Curta e siga o Folha do Leste no Facebook!\" width=\"300\" height=\"300\" \/><\/a><\/p>","protected":false},"excerpt":{"rendered":"<p>Uma colis\u00e3o entre dois ve\u00edculos, causada por criminosos em fuga, deixou uma mulher gravemente ferida na tarde desta quinta-feira (10), na Avenida Brasil, sentido Centro, pr\u00f3ximo \u00e0 Vila Kennedy, Zona Oeste do Rio. A v\u00edtima foi socorrida pelo Corpo de Bombeiros e levada ao Hospital Municipal Albert Schweitzer, em Realengo. + LEIA TAMB\u00c9M: \u25baPol\u00edcia encontra mans\u00e3o de luxo de traficante no Rio \u2013 V\u00eddeo Segundo a Pol\u00edcia Militar, o acidente ocorreu ap\u00f3s uma persegui\u00e7\u00e3o iniciada quando os policiais foram informados sobre um ve\u00edculo roubado nas proximidades do West Shopping, em Campo Grande. O cerco policial resultou na captura de um [&hellip;]<\/p>\n","protected":false},"author":2,"featured_media":89106,"comment_status":"open","ping_status":"open","sticky":false,"template":"","format":"standard","meta":{"footnotes":""},"categories":[67],"tags":[32680,722,11586,1692,11416,1779,7517,7519,2468,875,6109,11944,93,1443,730,41639,29656,12886,2085],"class_list":["post-89103","post","type-post","status-publish","format-standard","has-post-thumbnail","hentry","category-rio-de-janeiro-capital","tag-5-consultorios-na-emergencia","tag-acidente","tag-acidente-de-carro","tag-avenida-brasil","tag-batida","tag-bombeiros","tag-colisao","tag-estado-grave","tag-feridos","tag-hospital","tag-mulher","tag-perseguicao-policial","tag-rio-de-janeiro","tag-socorro","tag-transito","tag-transito-interditado","tag-transito-lento","tag-vila-kennedy","tag-zona-oeste","post--single"],"yoast_head":"<!-- This site is optimized with the Yoast SEO plugin v27.4 - https:\/\/yoast.com\/product\/yoast-seo-wordpress\/ -->\n<title>Acidente deixa mulher em estado grave na Avenida Brasil &#8226; Folha do Leste<\/title>\n<meta name=\"description\" content=\"Acidente deixa mulher em estado grave na Avenida Brasil. O tr\u00e2nsito na regi\u00e3o ficou congestionado devido ao acidente...\" \/>\n<meta name=\"robots\" content=\"index, follow, max-snippet:-1, max-image-preview:large, max-video-preview:-1\" \/>\n<link rel=\"canonical\" href=\"https:\/\/folhadoleste.com.br\/en\/acidente-deixa-mulher-em-estado-grave-na-avenida-brasil\/\" \/>\n<meta property=\"og:locale\" content=\"en_US\" \/>\n<meta property=\"og:type\" content=\"article\" \/>\n<meta property=\"og:title\" content=\"Acidente deixa mulher em estado grave na Avenida Brasil &#8226; Folha do Leste\" \/>\n<meta property=\"og:description\" content=\"Rio de Janeiro - Capital &#8226; 10 de October de 2024 &#8226; Folha do Leste\" \/>\n<meta property=\"og:url\" content=\"https:\/\/folhadoleste.com.br\/en\/acidente-deixa-mulher-em-estado-grave-na-avenida-brasil\/\" \/>\n<meta property=\"og:site_name\" content=\"Folha do Leste\" \/>\n<meta property=\"article:publisher\" content=\"https:\/\/www.facebook.com\/folhadoleste\" \/>\n<meta property=\"article:author\" content=\"https:\/\/www.facebook.com\/reporter.andrefreitas\/\" \/>\n<meta property=\"article:published_time\" content=\"2024-10-10T19:47:18+00:00\" \/>\n<meta property=\"og:image\" content=\"https:\/\/folhadoleste.com.br\/wp-content\/uploads\/2024\/10\/Acidente-deixa-mulher-em-estado-grave-na-Avenida-Brasil-Foto-Cortada-Reproducao.jpg\" \/>\n\t<meta property=\"og:image:width\" content=\"1199\" \/>\n\t<meta property=\"og:image:height\" content=\"674\" \/>\n\t<meta property=\"og:image:type\" content=\"image\/jpeg\" \/>\n<meta name=\"author\" content=\"Andr\u00e9 Freitas\" \/>\n<meta name=\"twitter:card\" content=\"summary_large_image\" \/>\n<meta name=\"twitter:description\" content=\"Rio de Janeiro - Capital &#8226; 10 de October de 2024 &#8226; Folha do Leste\" \/>\n<meta name=\"twitter:creator\" content=\"@andrefreitas_fl\" \/>\n<meta name=\"twitter:site\" content=\"@FolhadoLesteRJ\" \/>\n<meta name=\"twitter:label1\" content=\"Written by\" \/>\n\t<meta name=\"twitter:data1\" content=\"Andr\u00e9 Freitas\" \/>\n\t<meta name=\"twitter:label2\" content=\"Est. reading time\" \/>\n\t<meta name=\"twitter:data2\" content=\"2 minutes\" \/>\n<script type=\"application\/ld+json\" class=\"yoast-schema-graph\">{\"@context\":\"https:\\\/\\\/schema.org\",\"@graph\":[{\"@type\":\"NewsArticle\",\"@id\":\"https:\\\/\\\/folhadoleste.com.br\\\/acidente-deixa-mulher-em-estado-grave-na-avenida-brasil\\\/#article\",\"isPartOf\":{\"@id\":\"https:\\\/\\\/folhadoleste.com.br\\\/acidente-deixa-mulher-em-estado-grave-na-avenida-brasil\\\/\"},\"author\":{\"name\":\"Andr\u00e9 Freitas\",\"@id\":\"https:\\\/\\\/folhadoleste.com.br\\\/#\\\/schema\\\/person\\\/7df02ce7ce01cc6d79b740381f6f5446\"},\"headline\":\"Acidente deixa mulher em estado grave na Avenida Brasil\",\"datePublished\":\"2024-10-10T19:47:18+00:00\",\"mainEntityOfPage\":{\"@id\":\"https:\\\/\\\/folhadoleste.com.br\\\/acidente-deixa-mulher-em-estado-grave-na-avenida-brasil\\\/\"},\"wordCount\":242,\"commentCount\":1,\"publisher\":{\"@id\":\"https:\\\/\\\/folhadoleste.com.br\\\/#organization\"},\"image\":{\"@id\":\"https:\\\/\\\/folhadoleste.com.br\\\/acidente-deixa-mulher-em-estado-grave-na-avenida-brasil\\\/#primaryimage\"},\"thumbnailUrl\":\"https:\\\/\\\/folhadoleste.com.br\\\/wp-content\\\/uploads\\\/2024\\\/10\\\/Acidente-deixa-mulher-em-estado-grave-na-Avenida-Brasil-Foto-Cortada-Reproducao.jpg\",\"keywords\":[\"5 consult\u00f3rios na emerg\u00eancia\",\"acidente\",\"acidente de carro\",\"Avenida Brasil\",\"batida\",\"Bombeiros\",\"colis\u00e3o\",\"estado grave\",\"feridos\",\"Hospital\",\"mulher\",\"persegui\u00e7\u00e3o policial\",\"Rio de Janeiro\",\"socorro\",\"Tr\u00e2nsito\",\"tr\u00e2nsito interditado\",\"Tr\u00e2nsito lento\",\"Vila Kennedy\",\"Zona Oeste\"],\"articleSection\":[\"Rio de Janeiro - Capital\"],\"inLanguage\":\"en-US\",\"potentialAction\":[{\"@type\":\"CommentAction\",\"name\":\"Comment\",\"target\":[\"https:\\\/\\\/folhadoleste.com.br\\\/acidente-deixa-mulher-em-estado-grave-na-avenida-brasil\\\/#respond\"]}]},{\"@type\":\"WebPage\",\"@id\":\"https:\\\/\\\/folhadoleste.com.br\\\/acidente-deixa-mulher-em-estado-grave-na-avenida-brasil\\\/\",\"url\":\"https:\\\/\\\/folhadoleste.com.br\\\/acidente-deixa-mulher-em-estado-grave-na-avenida-brasil\\\/\",\"name\":\"Acidente deixa mulher em estado grave na Avenida Brasil &#8226; Folha do Leste\",\"isPartOf\":{\"@id\":\"https:\\\/\\\/folhadoleste.com.br\\\/#website\"},\"primaryImageOfPage\":{\"@id\":\"https:\\\/\\\/folhadoleste.com.br\\\/acidente-deixa-mulher-em-estado-grave-na-avenida-brasil\\\/#primaryimage\"},\"image\":{\"@id\":\"https:\\\/\\\/folhadoleste.com.br\\\/acidente-deixa-mulher-em-estado-grave-na-avenida-brasil\\\/#primaryimage\"},\"thumbnailUrl\":\"https:\\\/\\\/folhadoleste.com.br\\\/wp-content\\\/uploads\\\/2024\\\/10\\\/Acidente-deixa-mulher-em-estado-grave-na-Avenida-Brasil-Foto-Cortada-Reproducao.jpg\",\"datePublished\":\"2024-10-10T19:47:18+00:00\",\"description\":\"Acidente deixa mulher em estado grave na Avenida Brasil. O tr\u00e2nsito na regi\u00e3o ficou congestionado devido ao acidente...\",\"breadcrumb\":{\"@id\":\"https:\\\/\\\/folhadoleste.com.br\\\/acidente-deixa-mulher-em-estado-grave-na-avenida-brasil\\\/#breadcrumb\"},\"inLanguage\":\"en-US\",\"potentialAction\":[{\"@type\":\"ReadAction\",\"target\":[\"https:\\\/\\\/folhadoleste.com.br\\\/acidente-deixa-mulher-em-estado-grave-na-avenida-brasil\\\/\"]}]},{\"@type\":\"ImageObject\",\"inLanguage\":\"en-US\",\"@id\":\"https:\\\/\\\/folhadoleste.com.br\\\/acidente-deixa-mulher-em-estado-grave-na-avenida-brasil\\\/#primaryimage\",\"url\":\"https:\\\/\\\/folhadoleste.com.br\\\/wp-content\\\/uploads\\\/2024\\\/10\\\/Acidente-deixa-mulher-em-estado-grave-na-Avenida-Brasil-Foto-Cortada-Reproducao.jpg\",\"contentUrl\":\"https:\\\/\\\/folhadoleste.com.br\\\/wp-content\\\/uploads\\\/2024\\\/10\\\/Acidente-deixa-mulher-em-estado-grave-na-Avenida-Brasil-Foto-Cortada-Reproducao.jpg\",\"width\":1199,\"height\":674,\"caption\":\"Acidente deixa mulher em estado grave na Avenida Brasil | Reprodu\u00e7\u00e3o\"},{\"@type\":\"BreadcrumbList\",\"@id\":\"https:\\\/\\\/folhadoleste.com.br\\\/acidente-deixa-mulher-em-estado-grave-na-avenida-brasil\\\/#breadcrumb\",\"itemListElement\":[{\"@type\":\"ListItem\",\"position\":1,\"name\":\"In\u00edcio\",\"item\":\"https:\\\/\\\/folhadoleste.com.br\\\/\"},{\"@type\":\"ListItem\",\"position\":2,\"name\":\"Rio de Janeiro - Capital\",\"item\":\"https:\\\/\\\/folhadoleste.com.br\\\/category\\\/rio-de-janeiro-capital\\\/\"},{\"@type\":\"ListItem\",\"position\":3,\"name\":\"Acidente deixa mulher em estado grave na Avenida Brasil\"}]},{\"@type\":\"WebSite\",\"@id\":\"https:\\\/\\\/folhadoleste.com.br\\\/#website\",\"url\":\"https:\\\/\\\/folhadoleste.com.br\\\/\",\"name\":\"Folha do Leste\",\"description\":\"Portal de Not\u00edcias com \u00eanfase em Niter\u00f3i, criando conte\u00fados desde a capital Rio de Janeiro, com olhar para o Leste Fluminense e suas cidades como S\u00e3o Gon\u00e7alo, Itabora\u00ed, Rio Bonito, Maric\u00e1, Saquarema e Araruama\",\"publisher\":{\"@id\":\"https:\\\/\\\/folhadoleste.com.br\\\/#organization\"},\"alternateName\":\"FL\",\"potentialAction\":[{\"@type\":\"SearchAction\",\"target\":{\"@type\":\"EntryPoint\",\"urlTemplate\":\"https:\\\/\\\/folhadoleste.com.br\\\/?s={search_term_string}\"},\"query-input\":{\"@type\":\"PropertyValueSpecification\",\"valueRequired\":true,\"valueName\":\"search_term_string\"}}],\"inLanguage\":\"en-US\"},{\"@type\":\"Organization\",\"@id\":\"https:\\\/\\\/folhadoleste.com.br\\\/#organization\",\"name\":\"Brasil 21 Comunica\u00e7\u00e3o\",\"alternateName\":\"BR21\",\"url\":\"https:\\\/\\\/folhadoleste.com.br\\\/\",\"logo\":{\"@type\":\"ImageObject\",\"inLanguage\":\"en-US\",\"@id\":\"https:\\\/\\\/folhadoleste.com.br\\\/#\\\/schema\\\/logo\\\/image\\\/\",\"url\":\"https:\\\/\\\/folhadoleste.com.br\\\/wp-content\\\/uploads\\\/2025\\\/12\\\/brasil-21-logomarca.avif\",\"contentUrl\":\"https:\\\/\\\/folhadoleste.com.br\\\/wp-content\\\/uploads\\\/2025\\\/12\\\/brasil-21-logomarca.avif\",\"width\":1044,\"height\":1044,\"caption\":\"Brasil 21 Comunica\u00e7\u00e3o\"},\"image\":{\"@id\":\"https:\\\/\\\/folhadoleste.com.br\\\/#\\\/schema\\\/logo\\\/image\\\/\"},\"sameAs\":[\"https:\\\/\\\/www.facebook.com\\\/folhadoleste\",\"https:\\\/\\\/x.com\\\/FolhadoLesteRJ\",\"https:\\\/\\\/www.instagram.com\\\/folhadoleste\\\/\"]},{\"@type\":\"Person\",\"@id\":\"https:\\\/\\\/folhadoleste.com.br\\\/#\\\/schema\\\/person\\\/7df02ce7ce01cc6d79b740381f6f5446\",\"name\":\"Andr\u00e9 Freitas\",\"pronouns\":\"Ele\\\/dele\",\"image\":{\"@type\":\"ImageObject\",\"inLanguage\":\"en-US\",\"@id\":\"https:\\\/\\\/folhadoleste.com.br\\\/wp-content\\\/litespeed\\\/avatar\\\/0357fd225fa38935ec9aabab3531fa5e.jpg?ver=1777161141\",\"url\":\"https:\\\/\\\/folhadoleste.com.br\\\/wp-content\\\/litespeed\\\/avatar\\\/0357fd225fa38935ec9aabab3531fa5e.jpg?ver=1777161141\",\"contentUrl\":\"https:\\\/\\\/folhadoleste.com.br\\\/wp-content\\\/litespeed\\\/avatar\\\/0357fd225fa38935ec9aabab3531fa5e.jpg?ver=1777161141\",\"caption\":\"Andr\u00e9 Freitas\"},\"description\":\"Andr\u00e9 Freitas \u00e9 diretor-executivo e rep\u00f3rter do Folha do Leste e da Brasil 21 Comunica\u00e7\u00e3o. Jornalista e radialista desde a d\u00e9cada de 1990, \u00e9 narrador esportivo e cronista especializado em Carnaval, com 26 coberturas presenciais na Marqu\u00eas de Sapuca\u00ed. Possui ampla experi\u00eancia na cobertura da editoria de pol\u00edtica, em raz\u00e3o de fun\u00e7\u00f5es exercidas nos poderes Legislativo e Executivo, com atua\u00e7\u00e3o nas C\u00e2maras Municipais de Niter\u00f3i, S\u00e3o Gon\u00e7alo e Campos dos Goytacazes, al\u00e9m da Assembleia Legislativa do Estado do Rio de Janeiro (Alerj) e da Prefeitura de Niter\u00f3i. Dirigiu por 15 anos a R\u00e1dio Absoluta, onde apresentou programas noticiosos di\u00e1rios e conduziu coberturas esportivas, incluindo mais de uma d\u00e9cada acompanhando a sele\u00e7\u00e3o brasileira de futebol. Nesse per\u00edodo, esteve presente em duas Copas do Mundo e em uma edi\u00e7\u00e3o dos Jogos Ol\u00edmpicos. Trabalhou tamb\u00e9m nas r\u00e1dios Campos Difusora (Campos\\\/RJ) e Litor\u00e2nea (ES). Exerceu o cargo de editor-chefe nos jornais Olho Vivo (Niter\u00f3i\\\/RJ) e A Tribuna (Niter\u00f3i\\\/RJ), al\u00e9m de atuar como colunista do jornal O Di\u00e1rio (Campos dos Goytacazes\\\/RJ).\",\"sameAs\":[\"https:\\\/\\\/folhadoleste.com.br\",\"https:\\\/\\\/www.facebook.com\\\/reporter.andrefreitas\\\/\",\"https:\\\/\\\/www.instagram.com\\\/andrefreitas.jornalista\\\/\",\"www.linkedin.com\\\/in\\\/andr\u00e9-freitas-jornalista\",\"https:\\\/\\\/x.com\\\/andrefreitas_fl\"],\"url\":\"https:\\\/\\\/folhadoleste.com.br\\\/en\\\/author\\\/andrefreitas\\\/\"}]}<\/script>\n<!-- \/ Yoast SEO plugin. -->","yoast_head_json":{"title":"Acidente deixa mulher em estado grave na Avenida Brasil &#8226; Folha do Leste","description":"Acidente deixa mulher em estado grave na Avenida Brasil. O tr\u00e2nsito na regi\u00e3o ficou congestionado devido ao acidente...","robots":{"index":"index","follow":"follow","max-snippet":"max-snippet:-1","max-image-preview":"max-image-preview:large","max-video-preview":"max-video-preview:-1"},"canonical":"https:\/\/folhadoleste.com.br\/en\/acidente-deixa-mulher-em-estado-grave-na-avenida-brasil\/","og_locale":"en_US","og_type":"article","og_title":"Acidente deixa mulher em estado grave na Avenida Brasil &#8226; Folha do Leste","og_description":"Rio de Janeiro - Capital &#8226; 10 de October de 2024 &#8226; Folha do Leste","og_url":"https:\/\/folhadoleste.com.br\/en\/acidente-deixa-mulher-em-estado-grave-na-avenida-brasil\/","og_site_name":"Folha do Leste","article_publisher":"https:\/\/www.facebook.com\/folhadoleste","article_author":"https:\/\/www.facebook.com\/reporter.andrefreitas\/","article_published_time":"2024-10-10T19:47:18+00:00","og_image":[{"width":1199,"height":674,"url":"https:\/\/folhadoleste.com.br\/wp-content\/uploads\/2024\/10\/Acidente-deixa-mulher-em-estado-grave-na-Avenida-Brasil-Foto-Cortada-Reproducao.jpg","type":"image\/jpeg"}],"author":"Andr\u00e9 Freitas","twitter_card":"summary_large_image","twitter_description":"Rio de Janeiro - Capital &#8226; 10 de October de 2024 &#8226; Folha do Leste","twitter_creator":"@andrefreitas_fl","twitter_site":"@FolhadoLesteRJ","twitter_misc":{"Written by":"Andr\u00e9 Freitas","Est. reading time":"2 minutes"},"schema":{"@context":"https:\/\/schema.org","@graph":[{"@type":"NewsArticle","@id":"https:\/\/folhadoleste.com.br\/acidente-deixa-mulher-em-estado-grave-na-avenida-brasil\/#article","isPartOf":{"@id":"https:\/\/folhadoleste.com.br\/acidente-deixa-mulher-em-estado-grave-na-avenida-brasil\/"},"author":{"name":"Andr\u00e9 Freitas","@id":"https:\/\/folhadoleste.com.br\/#\/schema\/person\/7df02ce7ce01cc6d79b740381f6f5446"},"headline":"Acidente deixa mulher em estado grave na Avenida Brasil","datePublished":"2024-10-10T19:47:18+00:00","mainEntityOfPage":{"@id":"https:\/\/folhadoleste.com.br\/acidente-deixa-mulher-em-estado-grave-na-avenida-brasil\/"},"wordCount":242,"commentCount":1,"publisher":{"@id":"https:\/\/folhadoleste.com.br\/#organization"},"image":{"@id":"https:\/\/folhadoleste.com.br\/acidente-deixa-mulher-em-estado-grave-na-avenida-brasil\/#primaryimage"},"thumbnailUrl":"https:\/\/folhadoleste.com.br\/wp-content\/uploads\/2024\/10\/Acidente-deixa-mulher-em-estado-grave-na-Avenida-Brasil-Foto-Cortada-Reproducao.jpg","keywords":["5 consult\u00f3rios na emerg\u00eancia","acidente","acidente de carro","Avenida Brasil","batida","Bombeiros","colis\u00e3o","estado grave","feridos","Hospital","mulher","persegui\u00e7\u00e3o policial","Rio de Janeiro","socorro","Tr\u00e2nsito","tr\u00e2nsito interditado","Tr\u00e2nsito lento","Vila Kennedy","Zona Oeste"],"articleSection":["Rio de Janeiro - Capital"],"inLanguage":"en-US","potentialAction":[{"@type":"CommentAction","name":"Comment","target":["https:\/\/folhadoleste.com.br\/acidente-deixa-mulher-em-estado-grave-na-avenida-brasil\/#respond"]}]},{"@type":"WebPage","@id":"https:\/\/folhadoleste.com.br\/acidente-deixa-mulher-em-estado-grave-na-avenida-brasil\/","url":"https:\/\/folhadoleste.com.br\/acidente-deixa-mulher-em-estado-grave-na-avenida-brasil\/","name":"Acidente deixa mulher em estado grave na Avenida Brasil &#8226; Folha do Leste","isPartOf":{"@id":"https:\/\/folhadoleste.com.br\/#website"},"primaryImageOfPage":{"@id":"https:\/\/folhadoleste.com.br\/acidente-deixa-mulher-em-estado-grave-na-avenida-brasil\/#primaryimage"},"image":{"@id":"https:\/\/folhadoleste.com.br\/acidente-deixa-mulher-em-estado-grave-na-avenida-brasil\/#primaryimage"},"thumbnailUrl":"https:\/\/folhadoleste.com.br\/wp-content\/uploads\/2024\/10\/Acidente-deixa-mulher-em-estado-grave-na-Avenida-Brasil-Foto-Cortada-Reproducao.jpg","datePublished":"2024-10-10T19:47:18+00:00","description":"Acidente deixa mulher em estado grave na Avenida Brasil. O tr\u00e2nsito na regi\u00e3o ficou congestionado devido ao acidente...","breadcrumb":{"@id":"https:\/\/folhadoleste.com.br\/acidente-deixa-mulher-em-estado-grave-na-avenida-brasil\/#breadcrumb"},"inLanguage":"en-US","potentialAction":[{"@type":"ReadAction","target":["https:\/\/folhadoleste.com.br\/acidente-deixa-mulher-em-estado-grave-na-avenida-brasil\/"]}]},{"@type":"ImageObject","inLanguage":"en-US","@id":"https:\/\/folhadoleste.com.br\/acidente-deixa-mulher-em-estado-grave-na-avenida-brasil\/#primaryimage","url":"https:\/\/folhadoleste.com.br\/wp-content\/uploads\/2024\/10\/Acidente-deixa-mulher-em-estado-grave-na-Avenida-Brasil-Foto-Cortada-Reproducao.jpg","contentUrl":"https:\/\/folhadoleste.com.br\/wp-content\/uploads\/2024\/10\/Acidente-deixa-mulher-em-estado-grave-na-Avenida-Brasil-Foto-Cortada-Reproducao.jpg","width":1199,"height":674,"caption":"Acidente deixa mulher em estado grave na Avenida Brasil | Reprodu\u00e7\u00e3o"},{"@type":"BreadcrumbList","@id":"https:\/\/folhadoleste.com.br\/acidente-deixa-mulher-em-estado-grave-na-avenida-brasil\/#breadcrumb","itemListElement":[{"@type":"ListItem","position":1,"name":"In\u00edcio","item":"https:\/\/folhadoleste.com.br\/"},{"@type":"ListItem","position":2,"name":"Rio de Janeiro - Capital","item":"https:\/\/folhadoleste.com.br\/category\/rio-de-janeiro-capital\/"},{"@type":"ListItem","position":3,"name":"Acidente deixa mulher em estado grave na Avenida Brasil"}]},{"@type":"WebSite","@id":"https:\/\/folhadoleste.com.br\/#website","url":"https:\/\/folhadoleste.com.br\/","name":"Folha do Leste","description":"Portal de Not\u00edcias com \u00eanfase em Niter\u00f3i, criando conte\u00fados desde a capital Rio de Janeiro, com olhar para o Leste Fluminense e suas cidades como S\u00e3o Gon\u00e7alo, Itabora\u00ed, Rio Bonito, Maric\u00e1, Saquarema e Araruama","publisher":{"@id":"https:\/\/folhadoleste.com.br\/#organization"},"alternateName":"FL","potentialAction":[{"@type":"SearchAction","target":{"@type":"EntryPoint","urlTemplate":"https:\/\/folhadoleste.com.br\/?s={search_term_string}"},"query-input":{"@type":"PropertyValueSpecification","valueRequired":true,"valueName":"search_term_string"}}],"inLanguage":"en-US"},{"@type":"Organization","@id":"https:\/\/folhadoleste.com.br\/#organization","name":"Brasil 21 Comunica\u00e7\u00e3o","alternateName":"BR21","url":"https:\/\/folhadoleste.com.br\/","logo":{"@type":"ImageObject","inLanguage":"en-US","@id":"https:\/\/folhadoleste.com.br\/#\/schema\/logo\/image\/","url":"https:\/\/folhadoleste.com.br\/wp-content\/uploads\/2025\/12\/brasil-21-logomarca.avif","contentUrl":"https:\/\/folhadoleste.com.br\/wp-content\/uploads\/2025\/12\/brasil-21-logomarca.avif","width":1044,"height":1044,"caption":"Brasil 21 Comunica\u00e7\u00e3o"},"image":{"@id":"https:\/\/folhadoleste.com.br\/#\/schema\/logo\/image\/"},"sameAs":["https:\/\/www.facebook.com\/folhadoleste","https:\/\/x.com\/FolhadoLesteRJ","https:\/\/www.instagram.com\/folhadoleste\/"]},{"@type":"Person","@id":"https:\/\/folhadoleste.com.br\/#\/schema\/person\/7df02ce7ce01cc6d79b740381f6f5446","name":"Andr\u00e9 Freitas","pronouns":"Ele\/dele","image":{"@type":"ImageObject","inLanguage":"en-US","@id":"https:\/\/folhadoleste.com.br\/wp-content\/litespeed\/avatar\/0357fd225fa38935ec9aabab3531fa5e.jpg?ver=1777161141","url":"https:\/\/folhadoleste.com.br\/wp-content\/litespeed\/avatar\/0357fd225fa38935ec9aabab3531fa5e.jpg?ver=1777161141","contentUrl":"https:\/\/folhadoleste.com.br\/wp-content\/litespeed\/avatar\/0357fd225fa38935ec9aabab3531fa5e.jpg?ver=1777161141","caption":"Andr\u00e9 Freitas"},"description":"Andr\u00e9 Freitas \u00e9 diretor-executivo e rep\u00f3rter do Folha do Leste e da Brasil 21 Comunica\u00e7\u00e3o. Jornalista e radialista desde a d\u00e9cada de 1990, \u00e9 narrador esportivo e cronista especializado em Carnaval, com 26 coberturas presenciais na Marqu\u00eas de Sapuca\u00ed. Possui ampla experi\u00eancia na cobertura da editoria de pol\u00edtica, em raz\u00e3o de fun\u00e7\u00f5es exercidas nos poderes Legislativo e Executivo, com atua\u00e7\u00e3o nas C\u00e2maras Municipais de Niter\u00f3i, S\u00e3o Gon\u00e7alo e Campos dos Goytacazes, al\u00e9m da Assembleia Legislativa do Estado do Rio de Janeiro (Alerj) e da Prefeitura de Niter\u00f3i. Dirigiu por 15 anos a R\u00e1dio Absoluta, onde apresentou programas noticiosos di\u00e1rios e conduziu coberturas esportivas, incluindo mais de uma d\u00e9cada acompanhando a sele\u00e7\u00e3o brasileira de futebol. Nesse per\u00edodo, esteve presente em duas Copas do Mundo e em uma edi\u00e7\u00e3o dos Jogos Ol\u00edmpicos. Trabalhou tamb\u00e9m nas r\u00e1dios Campos Difusora (Campos\/RJ) e Litor\u00e2nea (ES). Exerceu o cargo de editor-chefe nos jornais Olho Vivo (Niter\u00f3i\/RJ) e A Tribuna (Niter\u00f3i\/RJ), al\u00e9m de atuar como colunista do jornal O Di\u00e1rio (Campos dos Goytacazes\/RJ).","sameAs":["https:\/\/folhadoleste.com.br","https:\/\/www.facebook.com\/reporter.andrefreitas\/","https:\/\/www.instagram.com\/andrefreitas.jornalista\/","www.linkedin.com\/in\/andr\u00e9-freitas-jornalista","https:\/\/x.com\/andrefreitas_fl"],"url":"https:\/\/folhadoleste.com.br\/en\/author\/andrefreitas\/"}]}},"_links":{"self":[{"href":"https:\/\/folhadoleste.com.br\/en\/wp-json\/wp\/v2\/posts\/89103","targetHints":{"allow":["GET"]}}],"collection":[{"href":"https:\/\/folhadoleste.com.br\/en\/wp-json\/wp\/v2\/posts"}],"about":[{"href":"https:\/\/folhadoleste.com.br\/en\/wp-json\/wp\/v2\/types\/post"}],"author":[{"embeddable":true,"href":"https:\/\/folhadoleste.com.br\/en\/wp-json\/wp\/v2\/users\/2"}],"replies":[{"embeddable":true,"href":"https:\/\/folhadoleste.com.br\/en\/wp-json\/wp\/v2\/comments?post=89103"}],"version-history":[{"count":1,"href":"https:\/\/folhadoleste.com.br\/en\/wp-json\/wp\/v2\/posts\/89103\/revisions"}],"predecessor-version":[{"id":89108,"href":"https:\/\/folhadoleste.com.br\/en\/wp-json\/wp\/v2\/posts\/89103\/revisions\/89108"}],"wp:featuredmedia":[{"embeddable":true,"href":"https:\/\/folhadoleste.com.br\/en\/wp-json\/wp\/v2\/media\/89106"}],"wp:attachment":[{"href":"https:\/\/folhadoleste.com.br\/en\/wp-json\/wp\/v2\/media?parent=89103"}],"wp:term":[{"taxonomy":"category","embeddable":true,"href":"https:\/\/folhadoleste.com.br\/en\/wp-json\/wp\/v2\/categories?post=89103"},{"taxonomy":"post_tag","embeddable":true,"href":"https:\/\/folhadoleste.com.br\/en\/wp-json\/wp\/v2\/tags?post=89103"}],"curies":[{"name":"wp","href":"https:\/\/api.w.org\/{rel}","templated":true}]}}