{"id":88864,"date":"2024-10-09T18:52:27","date_gmt":"2024-10-09T21:52:27","guid":{"rendered":"https:\/\/folhadoleste.com.br\/?p=88864"},"modified":"2024-10-09T18:52:27","modified_gmt":"2024-10-09T21:52:27","slug":"baianasystem-celebra-culturas-no-show-dna-rio-bahia","status":"publish","type":"post","link":"https:\/\/folhadoleste.com.br\/en\/baianasystem-celebra-culturas-no-show-dna-rio-bahia\/","title":{"rendered":"BaianaSystem celebra culturas no show DNA Rio Bahia"},"content":{"rendered":"<p>&nbsp;<\/p>\n<div id=\"attachment_88869\" style=\"width: 2570px\" class=\"wp-caption alignnone\"><img decoding=\"async\" aria-describedby=\"caption-attachment-88869\" class=\"wp-image-88869 size-full\" src=\"https:\/\/folhadoleste.com.br\/wp-content\/uploads\/2024\/10\/2024-BAIANA-SYSTEM-LOLLA-1291-1--scaled.jpg\" alt=\"\" width=\"2560\" height=\"1707\" \/><p id=\"caption-attachment-88869\" class=\"wp-caption-text\">BaianaSystem celebra a uni\u00e3o cultural entre Rio e Bahia no Museu do Amanh\u00e3. (Divulga\u00e7\u00e3o)<\/p><\/div>\n<p><span style=\"font-weight: 400;\">O grupo <\/span>BaianaSystem<span style=\"font-weight: 400;\"> vai se apresentar no pr\u00f3ximo dia 12, no Museu do Amanh\u00e3, no espet\u00e1culo &#8220;Nossa Cultura em Primeiro Lugar&#8221;, dentro do projeto <\/span><a href=\"https:\/\/www.instagram.com\/vozes\/\"><b>Vozes<\/b><\/a><span style=\"font-weight: 400;\">, na vers\u00e3o &#8220;DNA Rio Bahia&#8221;. Com a participa\u00e7\u00e3o de Vandal, Ant\u00f4nio Carlos &amp; Jocafi, e Pedro Luis, o show prop\u00f5e uma fus\u00e3o entre as culturas musicais do Rio de Janeiro e da Bahia, destacando a riqueza cultural dessas duas capitais hist\u00f3ricas do Brasil. Os ingressos est\u00e3o dispon\u00edveis no site <a href=\"https:\/\/ingresse.com\/vozes-do-amanha\/\">ingresse<\/a>, e o ingresso est\u00e1 a partir de R$190.\u00a0<\/span><\/p>\n<p>Segundo o vocalista do BaianaSystem, Russo Passapusso, o conceito do projeto &#8220;Nossa Cultura em Primeiro Lugar&#8221; envolve uma imers\u00e3o nas caracter\u00edsticas fundamentais dos locais onde o grupo se apresenta, criando parcerias com artistas locais e explorando ritmos, sotaques e tradi\u00e7\u00f5es regionais.<\/p>\n<p>Pedro Luis, convidado especial para o show, representa a musicalidade carioca, enquanto Ant\u00f4nio Carlos &amp; Jocafi s\u00e3o \u00edcones da m\u00fasica baiana, celebrados por suas composi\u00e7\u00f5es que atravessam gera\u00e7\u00f5es. Al\u00e9m disso, Vandal traz a energia e a autenticidade da m\u00fasica urbana e de favela, contribuindo para o clima de energia explosiva que leva o p\u00fablico a sair do ch\u00e3o e, at\u00e9 formar as famosas rodas punks,\u00a0 caracter\u00edsticos nos shows do BaianaSystem.<\/p>\n<h5 style=\"text-align: center;\"><span style=\"color: #000000;\"><span style=\"color: #ff0000;\"><strong>+ <\/strong><\/span><\/span><span style=\"color: #000000;\"><span style=\"color: #ff9900;\"><strong>MAIS NOT\u00cdCIAS DO RIO DE JANEIRO?<\/strong><\/span> <span style=\"color: #008080;\"><strong><a style=\"color: #008080;\" href=\"https:\/\/folhadoleste.com.br\/en\/category\/rio-de-janeiro-capital\/\">CLIQUE AQUI<\/a><\/strong><\/span><\/span><\/h5>\n<blockquote><p><span style=\"font-weight: 400;\">Trazemos Pedro Luis como essa representa\u00e7\u00e3o forte de musicalidade, e Ant\u00f4nio Carlos &amp; Jocafi, que j\u00e1 \u00e9 um ponto forte de cultura, de troca, de composi\u00e7\u00e3o, de imagem, de pesquisa que vem desde &#8216;O Futuro N\u00e3o Demora&#8217;. Vandal vai trazer esse sabor do show do que j\u00e1 se conhece, da catarse explosiva do BaianaSystem, ou seja, essa rela\u00e7\u00e3o da m\u00fasica urbana, da m\u00fasica de favela no encontro com o Baiana,<\/span><\/p>\n<p><span style=\"font-weight: 400;\"> afirma Russo.<\/span><\/p><\/blockquote>\n<h3><b>Evolu\u00e7\u00e3o do show &#8220;Nossa Cultura em Primeiro Lugar&#8221;<\/b><\/h3>\n<p>De acordo com Roberto Barreto, guitarrista do BaianaSystem, o formato atual do show resulta de anos de experimenta\u00e7\u00e3o em apresenta\u00e7\u00f5es ao redor do mundo. A trajet\u00f3ria do grupo, que completar\u00e1 15 anos em 2024, \u00e9 marcada por inova\u00e7\u00f5es musicais e pela presen\u00e7a do Navio Pirata, bloco carnavalesco que h\u00e1 uma d\u00e9cada desfila pelas ruas de Salvador.<\/p>\n<h5 style=\"text-align: center;\"><span style=\"color: #000000;\"><span style=\"color: #ff0000;\"><strong>+ <\/strong><\/span><\/span><span style=\"color: #000000;\"><strong><span style=\"color: #ff9900;\">MAIS NOT\u00cdCIAS DE ENTRETENIMENTO, ARTES E CULTURA?<\/span> <span style=\"color: #008080;\"><a style=\"color: #008080;\" href=\"https:\/\/folhadoleste.com.br\/en\/category\/entretenimento-artes-e-cultura-destaque\/\">CLIQUE AQUI<\/a><\/span><\/strong><\/span><\/h5>\n<blockquote><p><span style=\"font-weight: 400;\">&#8220;A gente consegue apresentar o espet\u00e1culo de uma maneira muito pr\u00f3pria. A ideia de &#8216;Nossa Cultura em Primeiro Lugar&#8217; acaba tendo essa for\u00e7a de mostrar a cultura que vem de muitas formas, na diversidade do pr\u00f3prio Baiana. Essa cultura \u00e9 o que acaba nos unindo e nos sustentando e, nesse momento, traduz muito do nosso espet\u00e1culo&#8221;, <\/span><\/p>\n<p><span style=\"font-weight: 400;\">pontua Roberto.<\/span><\/p><\/blockquote>\n<p><span style=\"font-weight: 400;\">O show busca trazer \u00e0 tona as manifesta\u00e7\u00f5es culturais populares brasileiras, mas tamb\u00e9m vai al\u00e9m, explorando novas experi\u00eancias e perspectivas que o grupo adquire em suas turn\u00eas pelo Brasil e pelo mundo. A conex\u00e3o com o folclore e a cultura popular brasileira \u00e9 um ponto central, mas o BaianaSystem tamb\u00e9m traz influ\u00eancias externas e contempor\u00e2neas, lapidando sua apresenta\u00e7\u00e3o conforme ela se desenvolve. H\u00e1, inclusive, uma rever\u00eancia ao \u00e1lbum &#8220;Al\u00e9m das Lendas Brasileiras&#8221;, do grupo Terreno Baldio, lan\u00e7ado em 1977, que aborda temas do folclore nacional. <\/span><\/p>\n<p><span style=\"font-weight: 400;\">&#8220;Este \u00e1lbum foi relan\u00e7ado e se conecta com &#8216;Nossa Cultura em Primeiro Lugar&#8217;. Queremos dar continuidade a essa ideia, assim como &#8216;Cantata para Alagamar&#8217; foi o disco que pesquisamos para formatar o Sulamericano Show&#8221;, detalha Russo Passapusso.<\/span><\/p>\n<h6><span style=\"color: #ff0000;\"><strong>+<\/strong><\/span> <span style=\"color: #000000;\">LEIA TAMB\u00c9M: <strong>\u25ba<a href=\"https:\/\/folhadoleste.com.br\/en\/samuel-rosa-apresenta-nova-turne-no-festival-classicos-do-brasil\/\">Samuel Rosa apresenta nova turn\u00ea no Festival Cl\u00e1ssicos do Brasil<\/a><\/strong><\/span><\/h6>\n<h6><span style=\"color: #ff0000;\"><strong>+<\/strong><\/span> <span style=\"color: #000000;\">LEIA TAMB\u00c9M: <strong>\u25ba<a href=\"https:\/\/folhadoleste.com.br\/en\/espetaculo-atraque-no-circo-crescer-e-viver\/\">Espet\u00e1culo ATRAQUE no Circo Crescer e Viver<\/a><\/strong><\/span><\/h6>\n<h3><b>Artes visuais e proje\u00e7\u00f5es<\/b><\/h3>\n<p>A est\u00e9tica visual do espet\u00e1culo \u00e9 comandada por Filipe Cartaxo, respons\u00e1vel pela identidade visual do BaianaSystem. Ele se une ao grafiteiro e artista visual baiano Core, conhecido por seu trabalho nas ruas de Salvador e por colabora\u00e7\u00f5es anteriores com Vandal. Juntos, eles criam uma experi\u00eancia visual \u00fanica, que acompanha as performances sonoras do grupo.<\/p>\n<p>Al\u00e9m das artes visuais, a forma\u00e7\u00e3o musical do BaianaSystem ser\u00e1 refor\u00e7ada no palco por Russo Passapusso (voz), Claudia Manzo (voz), Roberto Barreto (guitarra baiana), SekoBass (baixo), Jo\u00e3o Meirelles (beats, synths e programa\u00e7\u00f5es), Junix 11 (guitarra), maestro Ubiratan Marques (piano e synths), \u00cdcaro S\u00e1 (percuss\u00e3o) e o trombone de Doug Bone<span style=\"font-weight: 400;\">, completando a banda para a ocasi\u00e3o.<\/span><\/p>\n<div id=\"attachment_77492\" style=\"width: 410px\" class=\"wp-caption aligncenter\"><a href=\"http:\/\/instagram.com\/folhadoleste\"><img decoding=\"async\" aria-describedby=\"caption-attachment-77492\" class=\"wp-image-77492 size-full\" src=\"https:\/\/folhadoleste.com.br\/wp-content\/uploads\/2024\/07\/Instagram-Folha-do-Leste.png\" alt=\"http:\/\/instagram.com\/folhadoleste\" width=\"400\" height=\"200\" \/><\/a><p id=\"caption-attachment-77492\" class=\"wp-caption-text\">Siga o Folha do Leste no Instagram!<\/p><\/div>\n<div id=\"attachment_77490\" style=\"width: 310px\" class=\"wp-caption aligncenter\"><a href=\"http:\/\/facebook.com\/folhadoleste\"><img decoding=\"async\" aria-describedby=\"caption-attachment-77490\" class=\"size-medium wp-image-77490\" src=\"https:\/\/folhadoleste.com.br\/wp-content\/uploads\/2024\/07\/Facebook-Folha-do-Leste-10k-300x300.jpg\" alt=\"Curta e siga o Folha do Leste no Facebook!\" width=\"300\" height=\"300\" \/><\/a><p id=\"caption-attachment-77490\" class=\"wp-caption-text\">Curta e siga o Folha do Leste no Facebook!<\/p><\/div>\n<p>&nbsp;<\/p>","protected":false},"excerpt":{"rendered":"<p>&nbsp; O grupo BaianaSystem vai se apresentar no pr\u00f3ximo dia 12, no Museu do Amanh\u00e3, no espet\u00e1culo &#8220;Nossa Cultura em Primeiro Lugar&#8221;, dentro do projeto Vozes, na vers\u00e3o &#8220;DNA Rio Bahia&#8221;. Com a participa\u00e7\u00e3o de Vandal, Ant\u00f4nio Carlos &amp; Jocafi, e Pedro Luis, o show prop\u00f5e uma fus\u00e3o entre as culturas musicais do Rio de Janeiro e da Bahia, destacando a riqueza cultural dessas duas capitais hist\u00f3ricas do Brasil. Os ingressos est\u00e3o dispon\u00edveis no site ingresse, e o ingresso est\u00e1 a partir de R$190.\u00a0 Segundo o vocalista do BaianaSystem, Russo Passapusso, o conceito do projeto &#8220;Nossa Cultura em Primeiro Lugar&#8221; [&hellip;]<\/p>\n","protected":false},"author":16,"featured_media":88869,"comment_status":"open","ping_status":"open","sticky":false,"template":"","format":"standard","meta":{"footnotes":""},"categories":[86,84,67],"tags":[44235,44236,44237,44238,4142,18630,18584],"class_list":["post-88864","post","type-post","status-publish","format-standard","has-post-thumbnail","hentry","category-cultura","category-entretenimento","category-rio-de-janeiro-capital","tag-dnariobahia","tag-museudoamanha","tag-showbaianasystem","tag-vozesrio","tag-baianasystem","tag-culturapopular","tag-musicabrasileira","post--single"],"yoast_head":"<!-- This site is optimized with the Yoast SEO plugin v27.4 - https:\/\/yoast.com\/product\/yoast-seo-wordpress\/ -->\n<title>BaianaSystem celebra culturas no show DNA Rio Bahia &#8226; Folha do Leste<\/title>\n<meta name=\"description\" content=\"O grupo BaianaSystem vai se apresentar no pr\u00f3ximo dia 12, no Museu do Amanh\u00e3, no espet\u00e1culo &quot;Nossa Cultura em Primeiro Lugar&quot;.\" \/>\n<meta name=\"robots\" content=\"index, follow, max-snippet:-1, max-image-preview:large, max-video-preview:-1\" \/>\n<link rel=\"canonical\" href=\"https:\/\/folhadoleste.com.br\/en\/baianasystem-celebra-culturas-no-show-dna-rio-bahia\/\" \/>\n<meta property=\"og:locale\" content=\"en_US\" \/>\n<meta property=\"og:type\" content=\"article\" \/>\n<meta property=\"og:title\" content=\"BaianaSystem celebra culturas no show DNA Rio Bahia &#8226; Folha do Leste\" \/>\n<meta property=\"og:description\" content=\"9 de October de 2024 &#8226; Cultura, Entretenimento, Rio de Janeiro - Capital &#8226; Folha do Leste\" \/>\n<meta property=\"og:url\" content=\"https:\/\/folhadoleste.com.br\/en\/baianasystem-celebra-culturas-no-show-dna-rio-bahia\/\" \/>\n<meta property=\"og:site_name\" content=\"Folha do Leste\" \/>\n<meta property=\"article:publisher\" content=\"https:\/\/www.facebook.com\/folhadoleste\" \/>\n<meta property=\"article:published_time\" content=\"2024-10-09T21:52:27+00:00\" \/>\n<meta property=\"og:image\" content=\"https:\/\/folhadoleste.com.br\/wp-content\/uploads\/2024\/10\/2024-BAIANA-SYSTEM-LOLLA-1291-1--scaled.jpg\" \/>\n\t<meta property=\"og:image:width\" content=\"2560\" \/>\n\t<meta property=\"og:image:height\" content=\"1707\" \/>\n\t<meta property=\"og:image:type\" content=\"image\/jpeg\" \/>\n<meta name=\"author\" content=\"Ana Carolina Motta\" \/>\n<meta name=\"twitter:card\" content=\"summary_large_image\" \/>\n<meta name=\"twitter:description\" content=\"9 de October de 2024 &#8226; Cultura, Entretenimento, Rio de Janeiro - Capital &#8226; Folha do Leste\" \/>\n<meta name=\"twitter:creator\" content=\"@FolhadoLesteRJ\" \/>\n<meta name=\"twitter:site\" content=\"@FolhadoLesteRJ\" \/>\n<meta name=\"twitter:label1\" content=\"Written by\" \/>\n\t<meta name=\"twitter:data1\" content=\"Ana Carolina Motta\" \/>\n\t<meta name=\"twitter:label2\" content=\"Est. reading time\" \/>\n\t<meta name=\"twitter:data2\" content=\"4 minutes\" \/>\n<script type=\"application\/ld+json\" class=\"yoast-schema-graph\">{\"@context\":\"https:\\\/\\\/schema.org\",\"@graph\":[{\"@type\":\"NewsArticle\",\"@id\":\"https:\\\/\\\/folhadoleste.com.br\\\/baianasystem-celebra-culturas-no-show-dna-rio-bahia\\\/#article\",\"isPartOf\":{\"@id\":\"https:\\\/\\\/folhadoleste.com.br\\\/baianasystem-celebra-culturas-no-show-dna-rio-bahia\\\/\"},\"author\":{\"name\":\"Ana Carolina Motta\",\"@id\":\"https:\\\/\\\/folhadoleste.com.br\\\/#\\\/schema\\\/person\\\/8f044b173ce73d5609095241ce6a7cf0\"},\"headline\":\"BaianaSystem celebra culturas no show DNA Rio Bahia\",\"datePublished\":\"2024-10-09T21:52:27+00:00\",\"mainEntityOfPage\":{\"@id\":\"https:\\\/\\\/folhadoleste.com.br\\\/baianasystem-celebra-culturas-no-show-dna-rio-bahia\\\/\"},\"wordCount\":789,\"commentCount\":0,\"publisher\":{\"@id\":\"https:\\\/\\\/folhadoleste.com.br\\\/#organization\"},\"image\":{\"@id\":\"https:\\\/\\\/folhadoleste.com.br\\\/baianasystem-celebra-culturas-no-show-dna-rio-bahia\\\/#primaryimage\"},\"thumbnailUrl\":\"https:\\\/\\\/folhadoleste.com.br\\\/wp-content\\\/uploads\\\/2024\\\/10\\\/2024-BAIANA-SYSTEM-LOLLA-1291-1--scaled.jpg\",\"keywords\":[\"#DNARioBahia\",\"#MuseudoAmanha\",\"#ShowBaianaSystem\",\"#VozesRio\",\"BaianaSystem\",\"CulturaPopular\",\"M\u00fasicaBrasileira\"],\"articleSection\":[\"Cultura\",\"Entretenimento\",\"Rio de Janeiro - Capital\"],\"inLanguage\":\"en-US\",\"potentialAction\":[{\"@type\":\"CommentAction\",\"name\":\"Comment\",\"target\":[\"https:\\\/\\\/folhadoleste.com.br\\\/baianasystem-celebra-culturas-no-show-dna-rio-bahia\\\/#respond\"]}]},{\"@type\":\"WebPage\",\"@id\":\"https:\\\/\\\/folhadoleste.com.br\\\/baianasystem-celebra-culturas-no-show-dna-rio-bahia\\\/\",\"url\":\"https:\\\/\\\/folhadoleste.com.br\\\/baianasystem-celebra-culturas-no-show-dna-rio-bahia\\\/\",\"name\":\"BaianaSystem celebra culturas no show DNA Rio Bahia &#8226; Folha do Leste\",\"isPartOf\":{\"@id\":\"https:\\\/\\\/folhadoleste.com.br\\\/#website\"},\"primaryImageOfPage\":{\"@id\":\"https:\\\/\\\/folhadoleste.com.br\\\/baianasystem-celebra-culturas-no-show-dna-rio-bahia\\\/#primaryimage\"},\"image\":{\"@id\":\"https:\\\/\\\/folhadoleste.com.br\\\/baianasystem-celebra-culturas-no-show-dna-rio-bahia\\\/#primaryimage\"},\"thumbnailUrl\":\"https:\\\/\\\/folhadoleste.com.br\\\/wp-content\\\/uploads\\\/2024\\\/10\\\/2024-BAIANA-SYSTEM-LOLLA-1291-1--scaled.jpg\",\"datePublished\":\"2024-10-09T21:52:27+00:00\",\"description\":\"O grupo BaianaSystem vai se apresentar no pr\u00f3ximo dia 12, no Museu do Amanh\u00e3, no espet\u00e1culo \\\"Nossa Cultura em Primeiro Lugar\\\".\",\"breadcrumb\":{\"@id\":\"https:\\\/\\\/folhadoleste.com.br\\\/baianasystem-celebra-culturas-no-show-dna-rio-bahia\\\/#breadcrumb\"},\"inLanguage\":\"en-US\",\"potentialAction\":[{\"@type\":\"ReadAction\",\"target\":[\"https:\\\/\\\/folhadoleste.com.br\\\/baianasystem-celebra-culturas-no-show-dna-rio-bahia\\\/\"]}]},{\"@type\":\"ImageObject\",\"inLanguage\":\"en-US\",\"@id\":\"https:\\\/\\\/folhadoleste.com.br\\\/baianasystem-celebra-culturas-no-show-dna-rio-bahia\\\/#primaryimage\",\"url\":\"https:\\\/\\\/folhadoleste.com.br\\\/wp-content\\\/uploads\\\/2024\\\/10\\\/2024-BAIANA-SYSTEM-LOLLA-1291-1--scaled.jpg\",\"contentUrl\":\"https:\\\/\\\/folhadoleste.com.br\\\/wp-content\\\/uploads\\\/2024\\\/10\\\/2024-BAIANA-SYSTEM-LOLLA-1291-1--scaled.jpg\",\"width\":2560,\"height\":1707},{\"@type\":\"BreadcrumbList\",\"@id\":\"https:\\\/\\\/folhadoleste.com.br\\\/baianasystem-celebra-culturas-no-show-dna-rio-bahia\\\/#breadcrumb\",\"itemListElement\":[{\"@type\":\"ListItem\",\"position\":1,\"name\":\"In\u00edcio\",\"item\":\"https:\\\/\\\/folhadoleste.com.br\\\/\"},{\"@type\":\"ListItem\",\"position\":2,\"name\":\"Entretenimento, Artes e Cultura\",\"item\":\"https:\\\/\\\/folhadoleste.com.br\\\/category\\\/entretenimento-artes-e-cultura-destaque\\\/\"},{\"@type\":\"ListItem\",\"position\":3,\"name\":\"Entretenimento\",\"item\":\"https:\\\/\\\/folhadoleste.com.br\\\/category\\\/entretenimento-artes-e-cultura-destaque\\\/entretenimento\\\/\"},{\"@type\":\"ListItem\",\"position\":4,\"name\":\"BaianaSystem celebra culturas no show DNA Rio Bahia\"}]},{\"@type\":\"WebSite\",\"@id\":\"https:\\\/\\\/folhadoleste.com.br\\\/#website\",\"url\":\"https:\\\/\\\/folhadoleste.com.br\\\/\",\"name\":\"Folha do Leste\",\"description\":\"Portal de Not\u00edcias com \u00eanfase em Niter\u00f3i, criando conte\u00fados desde a capital Rio de Janeiro, com olhar para o Leste Fluminense e suas cidades como S\u00e3o Gon\u00e7alo, Itabora\u00ed, Rio Bonito, Maric\u00e1, Saquarema e Araruama\",\"publisher\":{\"@id\":\"https:\\\/\\\/folhadoleste.com.br\\\/#organization\"},\"alternateName\":\"FL\",\"potentialAction\":[{\"@type\":\"SearchAction\",\"target\":{\"@type\":\"EntryPoint\",\"urlTemplate\":\"https:\\\/\\\/folhadoleste.com.br\\\/?s={search_term_string}\"},\"query-input\":{\"@type\":\"PropertyValueSpecification\",\"valueRequired\":true,\"valueName\":\"search_term_string\"}}],\"inLanguage\":\"en-US\"},{\"@type\":\"Organization\",\"@id\":\"https:\\\/\\\/folhadoleste.com.br\\\/#organization\",\"name\":\"Brasil 21 Comunica\u00e7\u00e3o\",\"alternateName\":\"BR21\",\"url\":\"https:\\\/\\\/folhadoleste.com.br\\\/\",\"logo\":{\"@type\":\"ImageObject\",\"inLanguage\":\"en-US\",\"@id\":\"https:\\\/\\\/folhadoleste.com.br\\\/#\\\/schema\\\/logo\\\/image\\\/\",\"url\":\"https:\\\/\\\/folhadoleste.com.br\\\/wp-content\\\/uploads\\\/2025\\\/12\\\/brasil-21-logomarca.avif\",\"contentUrl\":\"https:\\\/\\\/folhadoleste.com.br\\\/wp-content\\\/uploads\\\/2025\\\/12\\\/brasil-21-logomarca.avif\",\"width\":1044,\"height\":1044,\"caption\":\"Brasil 21 Comunica\u00e7\u00e3o\"},\"image\":{\"@id\":\"https:\\\/\\\/folhadoleste.com.br\\\/#\\\/schema\\\/logo\\\/image\\\/\"},\"sameAs\":[\"https:\\\/\\\/www.facebook.com\\\/folhadoleste\",\"https:\\\/\\\/x.com\\\/FolhadoLesteRJ\",\"https:\\\/\\\/www.instagram.com\\\/folhadoleste\\\/\"]},{\"@type\":\"Person\",\"@id\":\"https:\\\/\\\/folhadoleste.com.br\\\/#\\\/schema\\\/person\\\/8f044b173ce73d5609095241ce6a7cf0\",\"name\":\"Ana Carolina Motta\",\"image\":{\"@type\":\"ImageObject\",\"inLanguage\":\"en-US\",\"@id\":\"https:\\\/\\\/folhadoleste.com.br\\\/wp-content\\\/litespeed\\\/avatar\\\/c745de34c0d1fca381be0dadb2a31ad0.jpg?ver=1777161218\",\"url\":\"https:\\\/\\\/folhadoleste.com.br\\\/wp-content\\\/litespeed\\\/avatar\\\/c745de34c0d1fca381be0dadb2a31ad0.jpg?ver=1777161218\",\"contentUrl\":\"https:\\\/\\\/folhadoleste.com.br\\\/wp-content\\\/litespeed\\\/avatar\\\/c745de34c0d1fca381be0dadb2a31ad0.jpg?ver=1777161218\",\"caption\":\"Ana Carolina Motta\"},\"url\":\"https:\\\/\\\/folhadoleste.com.br\\\/en\\\/author\\\/ana-carolina\\\/\"}]}<\/script>\n<!-- \/ Yoast SEO plugin. -->","yoast_head_json":{"title":"BaianaSystem celebra culturas no show DNA Rio Bahia &#8226; Folha do Leste","description":"O grupo BaianaSystem vai se apresentar no pr\u00f3ximo dia 12, no Museu do Amanh\u00e3, no espet\u00e1culo \"Nossa Cultura em Primeiro Lugar\".","robots":{"index":"index","follow":"follow","max-snippet":"max-snippet:-1","max-image-preview":"max-image-preview:large","max-video-preview":"max-video-preview:-1"},"canonical":"https:\/\/folhadoleste.com.br\/en\/baianasystem-celebra-culturas-no-show-dna-rio-bahia\/","og_locale":"en_US","og_type":"article","og_title":"BaianaSystem celebra culturas no show DNA Rio Bahia &#8226; Folha do Leste","og_description":"9 de October de 2024 &#8226; Cultura, Entretenimento, Rio de Janeiro - Capital &#8226; Folha do Leste","og_url":"https:\/\/folhadoleste.com.br\/en\/baianasystem-celebra-culturas-no-show-dna-rio-bahia\/","og_site_name":"Folha do Leste","article_publisher":"https:\/\/www.facebook.com\/folhadoleste","article_published_time":"2024-10-09T21:52:27+00:00","og_image":[{"width":2560,"height":1707,"url":"https:\/\/folhadoleste.com.br\/wp-content\/uploads\/2024\/10\/2024-BAIANA-SYSTEM-LOLLA-1291-1--scaled.jpg","type":"image\/jpeg"}],"author":"Ana Carolina Motta","twitter_card":"summary_large_image","twitter_description":"9 de October de 2024 &#8226; Cultura, Entretenimento, Rio de Janeiro - Capital &#8226; Folha do Leste","twitter_creator":"@FolhadoLesteRJ","twitter_site":"@FolhadoLesteRJ","twitter_misc":{"Written by":"Ana Carolina Motta","Est. reading time":"4 minutes"},"schema":{"@context":"https:\/\/schema.org","@graph":[{"@type":"NewsArticle","@id":"https:\/\/folhadoleste.com.br\/baianasystem-celebra-culturas-no-show-dna-rio-bahia\/#article","isPartOf":{"@id":"https:\/\/folhadoleste.com.br\/baianasystem-celebra-culturas-no-show-dna-rio-bahia\/"},"author":{"name":"Ana Carolina Motta","@id":"https:\/\/folhadoleste.com.br\/#\/schema\/person\/8f044b173ce73d5609095241ce6a7cf0"},"headline":"BaianaSystem celebra culturas no show DNA Rio Bahia","datePublished":"2024-10-09T21:52:27+00:00","mainEntityOfPage":{"@id":"https:\/\/folhadoleste.com.br\/baianasystem-celebra-culturas-no-show-dna-rio-bahia\/"},"wordCount":789,"commentCount":0,"publisher":{"@id":"https:\/\/folhadoleste.com.br\/#organization"},"image":{"@id":"https:\/\/folhadoleste.com.br\/baianasystem-celebra-culturas-no-show-dna-rio-bahia\/#primaryimage"},"thumbnailUrl":"https:\/\/folhadoleste.com.br\/wp-content\/uploads\/2024\/10\/2024-BAIANA-SYSTEM-LOLLA-1291-1--scaled.jpg","keywords":["#DNARioBahia","#MuseudoAmanha","#ShowBaianaSystem","#VozesRio","BaianaSystem","CulturaPopular","M\u00fasicaBrasileira"],"articleSection":["Cultura","Entretenimento","Rio de Janeiro - Capital"],"inLanguage":"en-US","potentialAction":[{"@type":"CommentAction","name":"Comment","target":["https:\/\/folhadoleste.com.br\/baianasystem-celebra-culturas-no-show-dna-rio-bahia\/#respond"]}]},{"@type":"WebPage","@id":"https:\/\/folhadoleste.com.br\/baianasystem-celebra-culturas-no-show-dna-rio-bahia\/","url":"https:\/\/folhadoleste.com.br\/baianasystem-celebra-culturas-no-show-dna-rio-bahia\/","name":"BaianaSystem celebra culturas no show DNA Rio Bahia &#8226; Folha do Leste","isPartOf":{"@id":"https:\/\/folhadoleste.com.br\/#website"},"primaryImageOfPage":{"@id":"https:\/\/folhadoleste.com.br\/baianasystem-celebra-culturas-no-show-dna-rio-bahia\/#primaryimage"},"image":{"@id":"https:\/\/folhadoleste.com.br\/baianasystem-celebra-culturas-no-show-dna-rio-bahia\/#primaryimage"},"thumbnailUrl":"https:\/\/folhadoleste.com.br\/wp-content\/uploads\/2024\/10\/2024-BAIANA-SYSTEM-LOLLA-1291-1--scaled.jpg","datePublished":"2024-10-09T21:52:27+00:00","description":"O grupo BaianaSystem vai se apresentar no pr\u00f3ximo dia 12, no Museu do Amanh\u00e3, no espet\u00e1culo \"Nossa Cultura em Primeiro Lugar\".","breadcrumb":{"@id":"https:\/\/folhadoleste.com.br\/baianasystem-celebra-culturas-no-show-dna-rio-bahia\/#breadcrumb"},"inLanguage":"en-US","potentialAction":[{"@type":"ReadAction","target":["https:\/\/folhadoleste.com.br\/baianasystem-celebra-culturas-no-show-dna-rio-bahia\/"]}]},{"@type":"ImageObject","inLanguage":"en-US","@id":"https:\/\/folhadoleste.com.br\/baianasystem-celebra-culturas-no-show-dna-rio-bahia\/#primaryimage","url":"https:\/\/folhadoleste.com.br\/wp-content\/uploads\/2024\/10\/2024-BAIANA-SYSTEM-LOLLA-1291-1--scaled.jpg","contentUrl":"https:\/\/folhadoleste.com.br\/wp-content\/uploads\/2024\/10\/2024-BAIANA-SYSTEM-LOLLA-1291-1--scaled.jpg","width":2560,"height":1707},{"@type":"BreadcrumbList","@id":"https:\/\/folhadoleste.com.br\/baianasystem-celebra-culturas-no-show-dna-rio-bahia\/#breadcrumb","itemListElement":[{"@type":"ListItem","position":1,"name":"In\u00edcio","item":"https:\/\/folhadoleste.com.br\/"},{"@type":"ListItem","position":2,"name":"Entretenimento, Artes e Cultura","item":"https:\/\/folhadoleste.com.br\/category\/entretenimento-artes-e-cultura-destaque\/"},{"@type":"ListItem","position":3,"name":"Entretenimento","item":"https:\/\/folhadoleste.com.br\/category\/entretenimento-artes-e-cultura-destaque\/entretenimento\/"},{"@type":"ListItem","position":4,"name":"BaianaSystem celebra culturas no show DNA Rio Bahia"}]},{"@type":"WebSite","@id":"https:\/\/folhadoleste.com.br\/#website","url":"https:\/\/folhadoleste.com.br\/","name":"Folha do Leste","description":"Portal de Not\u00edcias com \u00eanfase em Niter\u00f3i, criando conte\u00fados desde a capital Rio de Janeiro, com olhar para o Leste Fluminense e suas cidades como S\u00e3o Gon\u00e7alo, Itabora\u00ed, Rio Bonito, Maric\u00e1, Saquarema e Araruama","publisher":{"@id":"https:\/\/folhadoleste.com.br\/#organization"},"alternateName":"FL","potentialAction":[{"@type":"SearchAction","target":{"@type":"EntryPoint","urlTemplate":"https:\/\/folhadoleste.com.br\/?s={search_term_string}"},"query-input":{"@type":"PropertyValueSpecification","valueRequired":true,"valueName":"search_term_string"}}],"inLanguage":"en-US"},{"@type":"Organization","@id":"https:\/\/folhadoleste.com.br\/#organization","name":"Brasil 21 Comunica\u00e7\u00e3o","alternateName":"BR21","url":"https:\/\/folhadoleste.com.br\/","logo":{"@type":"ImageObject","inLanguage":"en-US","@id":"https:\/\/folhadoleste.com.br\/#\/schema\/logo\/image\/","url":"https:\/\/folhadoleste.com.br\/wp-content\/uploads\/2025\/12\/brasil-21-logomarca.avif","contentUrl":"https:\/\/folhadoleste.com.br\/wp-content\/uploads\/2025\/12\/brasil-21-logomarca.avif","width":1044,"height":1044,"caption":"Brasil 21 Comunica\u00e7\u00e3o"},"image":{"@id":"https:\/\/folhadoleste.com.br\/#\/schema\/logo\/image\/"},"sameAs":["https:\/\/www.facebook.com\/folhadoleste","https:\/\/x.com\/FolhadoLesteRJ","https:\/\/www.instagram.com\/folhadoleste\/"]},{"@type":"Person","@id":"https:\/\/folhadoleste.com.br\/#\/schema\/person\/8f044b173ce73d5609095241ce6a7cf0","name":"Ana Carolina Motta","image":{"@type":"ImageObject","inLanguage":"en-US","@id":"https:\/\/folhadoleste.com.br\/wp-content\/litespeed\/avatar\/c745de34c0d1fca381be0dadb2a31ad0.jpg?ver=1777161218","url":"https:\/\/folhadoleste.com.br\/wp-content\/litespeed\/avatar\/c745de34c0d1fca381be0dadb2a31ad0.jpg?ver=1777161218","contentUrl":"https:\/\/folhadoleste.com.br\/wp-content\/litespeed\/avatar\/c745de34c0d1fca381be0dadb2a31ad0.jpg?ver=1777161218","caption":"Ana Carolina Motta"},"url":"https:\/\/folhadoleste.com.br\/en\/author\/ana-carolina\/"}]}},"_links":{"self":[{"href":"https:\/\/folhadoleste.com.br\/en\/wp-json\/wp\/v2\/posts\/88864","targetHints":{"allow":["GET"]}}],"collection":[{"href":"https:\/\/folhadoleste.com.br\/en\/wp-json\/wp\/v2\/posts"}],"about":[{"href":"https:\/\/folhadoleste.com.br\/en\/wp-json\/wp\/v2\/types\/post"}],"author":[{"embeddable":true,"href":"https:\/\/folhadoleste.com.br\/en\/wp-json\/wp\/v2\/users\/16"}],"replies":[{"embeddable":true,"href":"https:\/\/folhadoleste.com.br\/en\/wp-json\/wp\/v2\/comments?post=88864"}],"version-history":[{"count":1,"href":"https:\/\/folhadoleste.com.br\/en\/wp-json\/wp\/v2\/posts\/88864\/revisions"}],"predecessor-version":[{"id":88891,"href":"https:\/\/folhadoleste.com.br\/en\/wp-json\/wp\/v2\/posts\/88864\/revisions\/88891"}],"wp:featuredmedia":[{"embeddable":true,"href":"https:\/\/folhadoleste.com.br\/en\/wp-json\/wp\/v2\/media\/88869"}],"wp:attachment":[{"href":"https:\/\/folhadoleste.com.br\/en\/wp-json\/wp\/v2\/media?parent=88864"}],"wp:term":[{"taxonomy":"category","embeddable":true,"href":"https:\/\/folhadoleste.com.br\/en\/wp-json\/wp\/v2\/categories?post=88864"},{"taxonomy":"post_tag","embeddable":true,"href":"https:\/\/folhadoleste.com.br\/en\/wp-json\/wp\/v2\/tags?post=88864"}],"curies":[{"name":"wp","href":"https:\/\/api.w.org\/{rel}","templated":true}]}}