{"id":88558,"date":"2024-10-08T15:01:45","date_gmt":"2024-10-08T18:01:45","guid":{"rendered":"https:\/\/folhadoleste.com.br\/?p=88558"},"modified":"2024-10-09T10:10:06","modified_gmt":"2024-10-09T13:10:06","slug":"policia-recupera-caminhao-de-merenda-escolar-roubado-video","status":"publish","type":"post","link":"https:\/\/folhadoleste.com.br\/en\/policia-recupera-caminhao-de-merenda-escolar-roubado-video\/","title":{"rendered":"Pol\u00edcia recupera caminh\u00e3o de merenda escolar roubado &#8211; V\u00eddeo"},"content":{"rendered":"<div id=\"attachment_88560\" style=\"width: 810px\" class=\"wp-caption aligncenter\"><a href=\"https:\/\/folhadoleste.com.br\/policia-recupera-caminhao-de-merenda-escolar-roubado-video\/policia-recupera-caminhao-de-merenda-escolar-roubado-video-foto-divulgacao-prf\/\" rel=\"attachment wp-att-88560\"><img decoding=\"async\" aria-describedby=\"caption-attachment-88560\" class=\"size-full wp-image-88560\" src=\"https:\/\/folhadoleste.com.br\/wp-content\/uploads\/2024\/10\/Policia-recupera-caminhao-de-merenda-escolar-roubado-Video-Foto-Divulgacao-PRF.webp\" alt=\"Pol\u00edcia recupera caminh\u00e3o de merenda escolar roubado - V\u00eddeo\" width=\"800\" height=\"570\" \/><\/a><p id=\"caption-attachment-88560\" class=\"wp-caption-text\">Pol\u00edcia recupera caminh\u00e3o de merenda escolar roubado &#8211; V\u00eddeo | Divulga\u00e7\u00e3o\/PRF<\/p><\/div>\n<p style=\"text-align: justify;\">Na manh\u00e3 desta ter\u00e7a-feira (08), um caminh\u00e3o que transportava merenda escolar foi roubado em S\u00e3o Gon\u00e7alo, na Regi\u00e3o Metropolitana do Rio de Janeiro. A carga, destinada a escolas municipais, inclu\u00eda alimentos como arroz, p\u00e3es, sucos e biscoitos.<\/p>\n<h6><span style=\"color: #ff0000;\"><strong>+<\/strong><\/span> <span style=\"color: #000000;\">LEIA TAMB\u00c9M: <strong>\u25ba<\/strong><\/span><a href=\"https:\/\/folhadoleste.com.br\/niteroi-tecnico-morre-em-embarcacao-na-baia-de-guanabara\/\"><strong>Niter\u00f3i: T\u00e9cnico morre em embarca\u00e7\u00e3o na Ba\u00eda de Guanabara<\/strong><\/a><\/h6>\n<p style=\"text-align: justify;\">O assalto ocorreu no bairro Vista Alegre, quando o caminh\u00e3o seguia em dire\u00e7\u00e3o aos bairros Mutondo e Galo Branco.<\/p>\n<div class=\"wp-playlist wp-video-playlist wp-playlist-light\">\n\t\t<video controls=\"controls\" preload=\"none\" width=\"1178\"\n\t\t height=\"2121\"\t><\/video>\n\t<div class=\"wp-playlist-next\"><\/div>\n\t<div class=\"wp-playlist-prev\"><\/div>\n\t<noscript>\n\t<ol>\n\t\t<li><a href='https:\/\/folhadoleste.com.br\/wp-content\/uploads\/2024\/10\/Policia-recupera-caminhao-de-merenda-escolar-roubado-Video.mp4'>Pol\u00edcia recupera caminh\u00e3o de merenda escolar roubado - V\u00eddeo<\/a><\/li>\t<\/ol>\n\t<\/noscript>\n\t<script type=\"application\/json\" class=\"wp-playlist-script\">{\"type\":\"video\",\"tracklist\":true,\"tracknumbers\":true,\"images\":true,\"artists\":true,\"tracks\":[{\"src\":\"https:\/\/folhadoleste.com.br\/wp-content\/uploads\/2024\/10\/Policia-recupera-caminhao-de-merenda-escolar-roubado-Video.mp4\",\"type\":\"video\/mp4\",\"title\":\"Pol\\u00edcia recupera caminh\\u00e3o de merenda escolar roubado - V\\u00eddeo\",\"caption\":\"Pol\\u00edcia recupera caminh\\u00e3o de merenda escolar roubado - V\\u00eddeo | Reprodu\\u00e7\\u00e3o\",\"description\":\"\",\"meta\":{\"length_formatted\":\"0:40\"},\"dimensions\":{\"original\":{\"width\":472,\"height\":850},\"resized\":{\"width\":1178,\"height\":2121}},\"image\":{\"src\":\"https:\/\/folhadoleste.com.br\/wp-includes\/images\/media\/video.svg\",\"width\":48,\"height\":64},\"thumb\":{\"src\":\"https:\/\/folhadoleste.com.br\/wp-includes\/images\/media\/video.svg\",\"width\":48,\"height\":64}}]}<\/script>\n<\/div>\n\t\n<p style=\"text-align: justify;\">A Pol\u00edcia Militar e a Pol\u00edcia Rodovi\u00e1ria Federal (PRF) reagiram rapidamente, organizando uma opera\u00e7\u00e3o para recuperar a carga, que contou com o apoio de um helic\u00f3ptero.<\/p>\n<h5 style=\"text-align: center;\"><strong>+\u00a0<\/strong><strong>MAIS NOT\u00cdCIAS DE S\u00c3O GON\u00c7ALO?\u00a0<a href=\"https:\/\/folhadoleste.com.br\/category\/jornal-folha-do-leste-rj\/sao-goncalo\/\">CLIQUE AQUI<\/a><\/strong><\/h5>\n<p style=\"text-align: justify;\">A carga foi recuperada no bairro Brejal, o mesmo local onde, no \u00faltimo domingo (6), o grego Meletios Barmpas, de 46 anos, foi morto ap\u00f3s reagir a um assalto. Barmpas, que trabalhava na Petrobras, vivia no Brasil h\u00e1 11 anos.<\/p>\n<p style=\"text-align: justify;\">De acordo com a Secretaria Municipal de Educa\u00e7\u00e3o de S\u00e3o Gon\u00e7alo, toda a carga de alimentos foi recuperada sem que nada fosse roubado. A prefeitura tamb\u00e9m informou que nenhum funcion\u00e1rio da empresa terceirizada respons\u00e1vel pela entrega ficou ferido durante o incidente.<\/p>\n<p><a href=\"http:\/\/instagram.com\/folhadoleste\"><img decoding=\"async\" class=\"wp-image-77492 size-full aligncenter\" src=\"https:\/\/folhadoleste.com.br\/wp-content\/uploads\/2024\/07\/Instagram-Folha-do-Leste.png\" alt=\"http:\/\/instagram.com\/folhadoleste\" width=\"400\" height=\"200\" \/><\/a><\/p>\n<p><a href=\"http:\/\/facebook.com\/folhadoleste\"><img decoding=\"async\" class=\"size-medium wp-image-77490 aligncenter\" src=\"https:\/\/folhadoleste.com.br\/wp-content\/uploads\/2024\/07\/Facebook-Folha-do-Leste-10k-300x300.jpg\" alt=\"Curta e siga o Folha do Leste no Facebook!\" width=\"300\" height=\"300\" \/><\/a><\/p>\n","protected":false},"excerpt":{"rendered":"<p>Na manh\u00e3 desta ter\u00e7a-feira (08), um caminh\u00e3o que transportava merenda escolar foi roubado em S\u00e3o Gon\u00e7alo, na Regi\u00e3o Metropolitana do Rio de Janeiro. A carga, destinada a escolas municipais, inclu\u00eda alimentos como arroz, p\u00e3es, sucos e biscoitos. + LEIA TAMB\u00c9M: \u25baNiter\u00f3i: T\u00e9cnico morre em embarca\u00e7\u00e3o na Ba\u00eda de Guanabara O assalto ocorreu no bairro Vista Alegre, quando o caminh\u00e3o seguia em dire\u00e7\u00e3o aos bairros Mutondo e Galo Branco. A Pol\u00edcia Militar e a Pol\u00edcia Rodovi\u00e1ria Federal (PRF) reagiram rapidamente, organizando uma opera\u00e7\u00e3o para recuperar a carga, que contou com o apoio de um helic\u00f3ptero. +\u00a0MAIS NOT\u00cdCIAS DE S\u00c3O GON\u00c7ALO?\u00a0CLIQUE AQUI [&hellip;]<\/p>\n","protected":false},"author":4,"featured_media":88560,"comment_status":"open","ping_status":"open","sticky":false,"template":"","format":"standard","meta":{"footnotes":""},"categories":[47,52],"tags":[6293,8354,3346,68,5809,5990,639,2501,611,647,44059,1426,44060,7643,9342,54,9139,18417,36600,420,78,9687,41865,9787,93,10221,28437,76,3855,14352],"class_list":["post-88558","post","type-post","status-publish","format-standard","has-post-thumbnail","hentry","category-leste-fluminense","category-sao-goncalo","tag-15a-assembleia-ordinaria-do-conselho-municipal-de-turismo","tag-alimentos","tag-assalto","tag-brasil","tag-caminhao","tag-carga","tag-criancas","tag-crime-organizado","tag-educacao","tag-escola","tag-escolar","tag-escolas-municipais","tag-fato-do-dia","tag-helicoptero","tag-investigacao-policial","tag-leste-fluminense","tag-merenda","tag-merenda-escolar","tag-noticia-urgente","tag-operacao","tag-policia","tag-policial","tag-recuperacao-de-carga","tag-recuperada","tag-rio-de-janeiro","tag-roubado","tag-roubo-de-caminhao","tag-sao-goncalo","tag-seguranca-alimentar","tag-transporte-escolar","post--single"],"yoast_head":"<!-- This site is optimized with the Yoast SEO plugin v27.4 - https:\/\/yoast.com\/product\/yoast-seo-wordpress\/ -->\n<title>Pol\u00edcia recupera caminh\u00e3o de merenda escolar roubado - V\u00eddeo &#8226; Folha do Leste<\/title>\n<meta name=\"description\" content=\"Pol\u00edcia recupera caminh\u00e3o de merenda escolar roubado - V\u00eddeo. Helic\u00f3ptero auxilia opera\u00e7\u00e3o de recupera\u00e7\u00e3o de carga...\" \/>\n<meta name=\"robots\" content=\"index, follow, max-snippet:-1, max-image-preview:large, max-video-preview:-1\" \/>\n<link rel=\"canonical\" href=\"https:\/\/folhadoleste.com.br\/en\/policia-recupera-caminhao-de-merenda-escolar-roubado-video\/\" \/>\n<meta property=\"og:locale\" content=\"en_US\" \/>\n<meta property=\"og:type\" content=\"article\" \/>\n<meta property=\"og:title\" content=\"Pol\u00edcia recupera caminh\u00e3o de merenda escolar roubado - V\u00eddeo &#8226; Folha do Leste\" \/>\n<meta property=\"og:description\" content=\"S\u00e3o Gon\u00e7alo &#8226; 8 de October de 2024 &#8226; Folha do Leste\" \/>\n<meta property=\"og:url\" content=\"https:\/\/folhadoleste.com.br\/en\/policia-recupera-caminhao-de-merenda-escolar-roubado-video\/\" \/>\n<meta property=\"og:site_name\" content=\"Folha do Leste\" \/>\n<meta property=\"article:publisher\" content=\"https:\/\/www.facebook.com\/folhadoleste\" \/>\n<meta property=\"article:published_time\" content=\"2024-10-08T18:01:45+00:00\" \/>\n<meta property=\"article:modified_time\" content=\"2024-10-09T13:10:06+00:00\" \/>\n<meta property=\"og:image\" content=\"https:\/\/folhadoleste.com.br\/wp-content\/uploads\/2024\/10\/Policia-recupera-caminhao-de-merenda-escolar-roubado-Video-Foto-Divulgacao-PRF.webp\" \/>\n\t<meta property=\"og:image:width\" content=\"800\" \/>\n\t<meta property=\"og:image:height\" content=\"570\" \/>\n\t<meta property=\"og:image:type\" content=\"image\/webp\" \/>\n<meta name=\"author\" content=\"Folha do Leste\" \/>\n<meta name=\"twitter:card\" content=\"summary_large_image\" \/>\n<meta name=\"twitter:description\" content=\"S\u00e3o Gon\u00e7alo &#8226; 8 de October de 2024 &#8226; Folha do Leste\" \/>\n<meta name=\"twitter:creator\" content=\"@FolhadoLesteRJ\" \/>\n<meta name=\"twitter:site\" content=\"@FolhadoLesteRJ\" \/>\n<meta name=\"twitter:label1\" content=\"Written by\" \/>\n\t<meta name=\"twitter:data1\" content=\"Folha do Leste\" \/>\n\t<meta name=\"twitter:label2\" content=\"Est. reading time\" \/>\n\t<meta name=\"twitter:data2\" content=\"2 minutes\" \/>\n<script type=\"application\/ld+json\" class=\"yoast-schema-graph\">{\"@context\":\"https:\\\/\\\/schema.org\",\"@graph\":[{\"@type\":\"NewsArticle\",\"@id\":\"https:\\\/\\\/folhadoleste.com.br\\\/policia-recupera-caminhao-de-merenda-escolar-roubado-video\\\/#article\",\"isPartOf\":{\"@id\":\"https:\\\/\\\/folhadoleste.com.br\\\/policia-recupera-caminhao-de-merenda-escolar-roubado-video\\\/\"},\"author\":{\"name\":\"Folha do Leste\",\"@id\":\"https:\\\/\\\/folhadoleste.com.br\\\/#\\\/schema\\\/person\\\/3e97145b2e1861276e84471aa85a3899\"},\"headline\":\"Pol\u00edcia recupera caminh\u00e3o de merenda escolar roubado &#8211; V\u00eddeo\",\"datePublished\":\"2024-10-08T18:01:45+00:00\",\"dateModified\":\"2024-10-09T13:10:06+00:00\",\"mainEntityOfPage\":{\"@id\":\"https:\\\/\\\/folhadoleste.com.br\\\/policia-recupera-caminhao-de-merenda-escolar-roubado-video\\\/\"},\"wordCount\":244,\"commentCount\":0,\"publisher\":{\"@id\":\"https:\\\/\\\/folhadoleste.com.br\\\/#organization\"},\"image\":{\"@id\":\"https:\\\/\\\/folhadoleste.com.br\\\/policia-recupera-caminhao-de-merenda-escolar-roubado-video\\\/#primaryimage\"},\"thumbnailUrl\":\"https:\\\/\\\/folhadoleste.com.br\\\/wp-content\\\/uploads\\\/2024\\\/10\\\/Policia-recupera-caminhao-de-merenda-escolar-roubado-Video-Foto-Divulgacao-PRF.webp\",\"keywords\":[\"15\u00aa Assembleia Ordin\u00e1ria do Conselho Municipal de Turismo\",\"alimentos\",\"assalto\",\"Brasil\",\"Caminh\u00e3o\",\"carga\",\"crian\u00e7as\",\"crime organizado\",\"educa\u00e7\u00e3o\",\"escola\",\"escolar\",\"escolas municipais\",\"fato do dia\",\"helic\u00f3ptero\",\"investiga\u00e7\u00e3o policial\",\"Leste Fluminense\",\"merenda\",\"Merenda Escolar\",\"not\u00edcia urgente\",\"opera\u00e7\u00e3o\",\"pol\u00edcia\",\"policial\",\"recupera\u00e7\u00e3o de carga\",\"recuperada\",\"Rio de Janeiro\",\"roubado\",\"Roubo de caminh\u00e3o\",\"s\u00e3o gon\u00e7alo\",\"Seguran\u00e7a Alimentar\",\"Transporte escolar\"],\"articleSection\":[\"Leste Fluminense\",\"S\u00e3o Gon\u00e7alo\"],\"inLanguage\":\"en-US\",\"potentialAction\":[{\"@type\":\"CommentAction\",\"name\":\"Comment\",\"target\":[\"https:\\\/\\\/folhadoleste.com.br\\\/policia-recupera-caminhao-de-merenda-escolar-roubado-video\\\/#respond\"]}]},{\"@type\":\"WebPage\",\"@id\":\"https:\\\/\\\/folhadoleste.com.br\\\/policia-recupera-caminhao-de-merenda-escolar-roubado-video\\\/\",\"url\":\"https:\\\/\\\/folhadoleste.com.br\\\/policia-recupera-caminhao-de-merenda-escolar-roubado-video\\\/\",\"name\":\"Pol\u00edcia recupera caminh\u00e3o de merenda escolar roubado - V\u00eddeo &#8226; Folha do Leste\",\"isPartOf\":{\"@id\":\"https:\\\/\\\/folhadoleste.com.br\\\/#website\"},\"primaryImageOfPage\":{\"@id\":\"https:\\\/\\\/folhadoleste.com.br\\\/policia-recupera-caminhao-de-merenda-escolar-roubado-video\\\/#primaryimage\"},\"image\":{\"@id\":\"https:\\\/\\\/folhadoleste.com.br\\\/policia-recupera-caminhao-de-merenda-escolar-roubado-video\\\/#primaryimage\"},\"thumbnailUrl\":\"https:\\\/\\\/folhadoleste.com.br\\\/wp-content\\\/uploads\\\/2024\\\/10\\\/Policia-recupera-caminhao-de-merenda-escolar-roubado-Video-Foto-Divulgacao-PRF.webp\",\"datePublished\":\"2024-10-08T18:01:45+00:00\",\"dateModified\":\"2024-10-09T13:10:06+00:00\",\"description\":\"Pol\u00edcia recupera caminh\u00e3o de merenda escolar roubado - V\u00eddeo. Helic\u00f3ptero auxilia opera\u00e7\u00e3o de recupera\u00e7\u00e3o de carga...\",\"breadcrumb\":{\"@id\":\"https:\\\/\\\/folhadoleste.com.br\\\/policia-recupera-caminhao-de-merenda-escolar-roubado-video\\\/#breadcrumb\"},\"inLanguage\":\"en-US\",\"potentialAction\":[{\"@type\":\"ReadAction\",\"target\":[\"https:\\\/\\\/folhadoleste.com.br\\\/policia-recupera-caminhao-de-merenda-escolar-roubado-video\\\/\"]}]},{\"@type\":\"ImageObject\",\"inLanguage\":\"en-US\",\"@id\":\"https:\\\/\\\/folhadoleste.com.br\\\/policia-recupera-caminhao-de-merenda-escolar-roubado-video\\\/#primaryimage\",\"url\":\"https:\\\/\\\/folhadoleste.com.br\\\/wp-content\\\/uploads\\\/2024\\\/10\\\/Policia-recupera-caminhao-de-merenda-escolar-roubado-Video-Foto-Divulgacao-PRF.webp\",\"contentUrl\":\"https:\\\/\\\/folhadoleste.com.br\\\/wp-content\\\/uploads\\\/2024\\\/10\\\/Policia-recupera-caminhao-de-merenda-escolar-roubado-Video-Foto-Divulgacao-PRF.webp\",\"width\":800,\"height\":570,\"caption\":\"Pol\u00edcia recupera caminh\u00e3o de merenda escolar roubado - V\u00eddeo | Divulga\u00e7\u00e3o\\\/PRF\"},{\"@type\":\"BreadcrumbList\",\"@id\":\"https:\\\/\\\/folhadoleste.com.br\\\/policia-recupera-caminhao-de-merenda-escolar-roubado-video\\\/#breadcrumb\",\"itemListElement\":[{\"@type\":\"ListItem\",\"position\":1,\"name\":\"In\u00edcio\",\"item\":\"https:\\\/\\\/folhadoleste.com.br\\\/\"},{\"@type\":\"ListItem\",\"position\":2,\"name\":\"Estado do Rio de Janeiro\",\"item\":\"https:\\\/\\\/folhadoleste.com.br\\\/category\\\/estado-do-rio-de-janeiro\\\/\"},{\"@type\":\"ListItem\",\"position\":3,\"name\":\"Leste Fluminense\",\"item\":\"https:\\\/\\\/folhadoleste.com.br\\\/category\\\/estado-do-rio-de-janeiro\\\/leste-fluminense\\\/\"},{\"@type\":\"ListItem\",\"position\":4,\"name\":\"S\u00e3o Gon\u00e7alo\",\"item\":\"https:\\\/\\\/folhadoleste.com.br\\\/category\\\/estado-do-rio-de-janeiro\\\/leste-fluminense\\\/sao-goncalo\\\/\"},{\"@type\":\"ListItem\",\"position\":5,\"name\":\"Pol\u00edcia recupera caminh\u00e3o de merenda escolar roubado &#8211; V\u00eddeo\"}]},{\"@type\":\"WebSite\",\"@id\":\"https:\\\/\\\/folhadoleste.com.br\\\/#website\",\"url\":\"https:\\\/\\\/folhadoleste.com.br\\\/\",\"name\":\"Folha do Leste\",\"description\":\"Portal de Not\u00edcias com \u00eanfase em Niter\u00f3i, criando conte\u00fados desde a capital Rio de Janeiro, com olhar para o Leste Fluminense e suas cidades como S\u00e3o Gon\u00e7alo, Itabora\u00ed, Rio Bonito, Maric\u00e1, Saquarema e Araruama\",\"publisher\":{\"@id\":\"https:\\\/\\\/folhadoleste.com.br\\\/#organization\"},\"alternateName\":\"FL\",\"potentialAction\":[{\"@type\":\"SearchAction\",\"target\":{\"@type\":\"EntryPoint\",\"urlTemplate\":\"https:\\\/\\\/folhadoleste.com.br\\\/?s={search_term_string}\"},\"query-input\":{\"@type\":\"PropertyValueSpecification\",\"valueRequired\":true,\"valueName\":\"search_term_string\"}}],\"inLanguage\":\"en-US\"},{\"@type\":\"Organization\",\"@id\":\"https:\\\/\\\/folhadoleste.com.br\\\/#organization\",\"name\":\"Brasil 21 Comunica\u00e7\u00e3o\",\"alternateName\":\"BR21\",\"url\":\"https:\\\/\\\/folhadoleste.com.br\\\/\",\"logo\":{\"@type\":\"ImageObject\",\"inLanguage\":\"en-US\",\"@id\":\"https:\\\/\\\/folhadoleste.com.br\\\/#\\\/schema\\\/logo\\\/image\\\/\",\"url\":\"https:\\\/\\\/folhadoleste.com.br\\\/wp-content\\\/uploads\\\/2025\\\/12\\\/brasil-21-logomarca.avif\",\"contentUrl\":\"https:\\\/\\\/folhadoleste.com.br\\\/wp-content\\\/uploads\\\/2025\\\/12\\\/brasil-21-logomarca.avif\",\"width\":1044,\"height\":1044,\"caption\":\"Brasil 21 Comunica\u00e7\u00e3o\"},\"image\":{\"@id\":\"https:\\\/\\\/folhadoleste.com.br\\\/#\\\/schema\\\/logo\\\/image\\\/\"},\"sameAs\":[\"https:\\\/\\\/www.facebook.com\\\/folhadoleste\",\"https:\\\/\\\/x.com\\\/FolhadoLesteRJ\",\"https:\\\/\\\/www.instagram.com\\\/folhadoleste\\\/\"]},{\"@type\":\"Person\",\"@id\":\"https:\\\/\\\/folhadoleste.com.br\\\/#\\\/schema\\\/person\\\/3e97145b2e1861276e84471aa85a3899\",\"name\":\"Folha do Leste\",\"image\":{\"@type\":\"ImageObject\",\"inLanguage\":\"en-US\",\"@id\":\"https:\\\/\\\/folhadoleste.com.br\\\/wp-content\\\/litespeed\\\/avatar\\\/1ca8c218432e7045e748610eb3db0259.jpg?ver=1776693931\",\"url\":\"https:\\\/\\\/folhadoleste.com.br\\\/wp-content\\\/litespeed\\\/avatar\\\/1ca8c218432e7045e748610eb3db0259.jpg?ver=1776693931\",\"contentUrl\":\"https:\\\/\\\/folhadoleste.com.br\\\/wp-content\\\/litespeed\\\/avatar\\\/1ca8c218432e7045e748610eb3db0259.jpg?ver=1776693931\",\"caption\":\"Folha do Leste\"},\"url\":\"https:\\\/\\\/folhadoleste.com.br\\\/en\\\/author\\\/reportagem-01\\\/\"}]}<\/script>\n<!-- \/ Yoast SEO plugin. -->","yoast_head_json":{"title":"Pol\u00edcia recupera caminh\u00e3o de merenda escolar roubado - V\u00eddeo &#8226; Folha do Leste","description":"Pol\u00edcia recupera caminh\u00e3o de merenda escolar roubado - V\u00eddeo. Helic\u00f3ptero auxilia opera\u00e7\u00e3o de recupera\u00e7\u00e3o de carga...","robots":{"index":"index","follow":"follow","max-snippet":"max-snippet:-1","max-image-preview":"max-image-preview:large","max-video-preview":"max-video-preview:-1"},"canonical":"https:\/\/folhadoleste.com.br\/en\/policia-recupera-caminhao-de-merenda-escolar-roubado-video\/","og_locale":"en_US","og_type":"article","og_title":"Pol\u00edcia recupera caminh\u00e3o de merenda escolar roubado - V\u00eddeo &#8226; Folha do Leste","og_description":"S\u00e3o Gon\u00e7alo &#8226; 8 de October de 2024 &#8226; Folha do Leste","og_url":"https:\/\/folhadoleste.com.br\/en\/policia-recupera-caminhao-de-merenda-escolar-roubado-video\/","og_site_name":"Folha do Leste","article_publisher":"https:\/\/www.facebook.com\/folhadoleste","article_published_time":"2024-10-08T18:01:45+00:00","article_modified_time":"2024-10-09T13:10:06+00:00","og_image":[{"width":800,"height":570,"url":"https:\/\/folhadoleste.com.br\/wp-content\/uploads\/2024\/10\/Policia-recupera-caminhao-de-merenda-escolar-roubado-Video-Foto-Divulgacao-PRF.webp","type":"image\/webp"}],"author":"Folha do Leste","twitter_card":"summary_large_image","twitter_description":"S\u00e3o Gon\u00e7alo &#8226; 8 de October de 2024 &#8226; Folha do Leste","twitter_creator":"@FolhadoLesteRJ","twitter_site":"@FolhadoLesteRJ","twitter_misc":{"Written by":"Folha do Leste","Est. reading time":"2 minutes"},"schema":{"@context":"https:\/\/schema.org","@graph":[{"@type":"NewsArticle","@id":"https:\/\/folhadoleste.com.br\/policia-recupera-caminhao-de-merenda-escolar-roubado-video\/#article","isPartOf":{"@id":"https:\/\/folhadoleste.com.br\/policia-recupera-caminhao-de-merenda-escolar-roubado-video\/"},"author":{"name":"Folha do Leste","@id":"https:\/\/folhadoleste.com.br\/#\/schema\/person\/3e97145b2e1861276e84471aa85a3899"},"headline":"Pol\u00edcia recupera caminh\u00e3o de merenda escolar roubado &#8211; V\u00eddeo","datePublished":"2024-10-08T18:01:45+00:00","dateModified":"2024-10-09T13:10:06+00:00","mainEntityOfPage":{"@id":"https:\/\/folhadoleste.com.br\/policia-recupera-caminhao-de-merenda-escolar-roubado-video\/"},"wordCount":244,"commentCount":0,"publisher":{"@id":"https:\/\/folhadoleste.com.br\/#organization"},"image":{"@id":"https:\/\/folhadoleste.com.br\/policia-recupera-caminhao-de-merenda-escolar-roubado-video\/#primaryimage"},"thumbnailUrl":"https:\/\/folhadoleste.com.br\/wp-content\/uploads\/2024\/10\/Policia-recupera-caminhao-de-merenda-escolar-roubado-Video-Foto-Divulgacao-PRF.webp","keywords":["15\u00aa Assembleia Ordin\u00e1ria do Conselho Municipal de Turismo","alimentos","assalto","Brasil","Caminh\u00e3o","carga","crian\u00e7as","crime organizado","educa\u00e7\u00e3o","escola","escolar","escolas municipais","fato do dia","helic\u00f3ptero","investiga\u00e7\u00e3o policial","Leste Fluminense","merenda","Merenda Escolar","not\u00edcia urgente","opera\u00e7\u00e3o","pol\u00edcia","policial","recupera\u00e7\u00e3o de carga","recuperada","Rio de Janeiro","roubado","Roubo de caminh\u00e3o","s\u00e3o gon\u00e7alo","Seguran\u00e7a Alimentar","Transporte escolar"],"articleSection":["Leste Fluminense","S\u00e3o Gon\u00e7alo"],"inLanguage":"en-US","potentialAction":[{"@type":"CommentAction","name":"Comment","target":["https:\/\/folhadoleste.com.br\/policia-recupera-caminhao-de-merenda-escolar-roubado-video\/#respond"]}]},{"@type":"WebPage","@id":"https:\/\/folhadoleste.com.br\/policia-recupera-caminhao-de-merenda-escolar-roubado-video\/","url":"https:\/\/folhadoleste.com.br\/policia-recupera-caminhao-de-merenda-escolar-roubado-video\/","name":"Pol\u00edcia recupera caminh\u00e3o de merenda escolar roubado - V\u00eddeo &#8226; Folha do Leste","isPartOf":{"@id":"https:\/\/folhadoleste.com.br\/#website"},"primaryImageOfPage":{"@id":"https:\/\/folhadoleste.com.br\/policia-recupera-caminhao-de-merenda-escolar-roubado-video\/#primaryimage"},"image":{"@id":"https:\/\/folhadoleste.com.br\/policia-recupera-caminhao-de-merenda-escolar-roubado-video\/#primaryimage"},"thumbnailUrl":"https:\/\/folhadoleste.com.br\/wp-content\/uploads\/2024\/10\/Policia-recupera-caminhao-de-merenda-escolar-roubado-Video-Foto-Divulgacao-PRF.webp","datePublished":"2024-10-08T18:01:45+00:00","dateModified":"2024-10-09T13:10:06+00:00","description":"Pol\u00edcia recupera caminh\u00e3o de merenda escolar roubado - V\u00eddeo. Helic\u00f3ptero auxilia opera\u00e7\u00e3o de recupera\u00e7\u00e3o de carga...","breadcrumb":{"@id":"https:\/\/folhadoleste.com.br\/policia-recupera-caminhao-de-merenda-escolar-roubado-video\/#breadcrumb"},"inLanguage":"en-US","potentialAction":[{"@type":"ReadAction","target":["https:\/\/folhadoleste.com.br\/policia-recupera-caminhao-de-merenda-escolar-roubado-video\/"]}]},{"@type":"ImageObject","inLanguage":"en-US","@id":"https:\/\/folhadoleste.com.br\/policia-recupera-caminhao-de-merenda-escolar-roubado-video\/#primaryimage","url":"https:\/\/folhadoleste.com.br\/wp-content\/uploads\/2024\/10\/Policia-recupera-caminhao-de-merenda-escolar-roubado-Video-Foto-Divulgacao-PRF.webp","contentUrl":"https:\/\/folhadoleste.com.br\/wp-content\/uploads\/2024\/10\/Policia-recupera-caminhao-de-merenda-escolar-roubado-Video-Foto-Divulgacao-PRF.webp","width":800,"height":570,"caption":"Pol\u00edcia recupera caminh\u00e3o de merenda escolar roubado - V\u00eddeo | Divulga\u00e7\u00e3o\/PRF"},{"@type":"BreadcrumbList","@id":"https:\/\/folhadoleste.com.br\/policia-recupera-caminhao-de-merenda-escolar-roubado-video\/#breadcrumb","itemListElement":[{"@type":"ListItem","position":1,"name":"In\u00edcio","item":"https:\/\/folhadoleste.com.br\/"},{"@type":"ListItem","position":2,"name":"Estado do Rio de Janeiro","item":"https:\/\/folhadoleste.com.br\/category\/estado-do-rio-de-janeiro\/"},{"@type":"ListItem","position":3,"name":"Leste Fluminense","item":"https:\/\/folhadoleste.com.br\/category\/estado-do-rio-de-janeiro\/leste-fluminense\/"},{"@type":"ListItem","position":4,"name":"S\u00e3o Gon\u00e7alo","item":"https:\/\/folhadoleste.com.br\/category\/estado-do-rio-de-janeiro\/leste-fluminense\/sao-goncalo\/"},{"@type":"ListItem","position":5,"name":"Pol\u00edcia recupera caminh\u00e3o de merenda escolar roubado &#8211; V\u00eddeo"}]},{"@type":"WebSite","@id":"https:\/\/folhadoleste.com.br\/#website","url":"https:\/\/folhadoleste.com.br\/","name":"Folha do Leste","description":"Portal de Not\u00edcias com \u00eanfase em Niter\u00f3i, criando conte\u00fados desde a capital Rio de Janeiro, com olhar para o Leste Fluminense e suas cidades como S\u00e3o Gon\u00e7alo, Itabora\u00ed, Rio Bonito, Maric\u00e1, Saquarema e Araruama","publisher":{"@id":"https:\/\/folhadoleste.com.br\/#organization"},"alternateName":"FL","potentialAction":[{"@type":"SearchAction","target":{"@type":"EntryPoint","urlTemplate":"https:\/\/folhadoleste.com.br\/?s={search_term_string}"},"query-input":{"@type":"PropertyValueSpecification","valueRequired":true,"valueName":"search_term_string"}}],"inLanguage":"en-US"},{"@type":"Organization","@id":"https:\/\/folhadoleste.com.br\/#organization","name":"Brasil 21 Comunica\u00e7\u00e3o","alternateName":"BR21","url":"https:\/\/folhadoleste.com.br\/","logo":{"@type":"ImageObject","inLanguage":"en-US","@id":"https:\/\/folhadoleste.com.br\/#\/schema\/logo\/image\/","url":"https:\/\/folhadoleste.com.br\/wp-content\/uploads\/2025\/12\/brasil-21-logomarca.avif","contentUrl":"https:\/\/folhadoleste.com.br\/wp-content\/uploads\/2025\/12\/brasil-21-logomarca.avif","width":1044,"height":1044,"caption":"Brasil 21 Comunica\u00e7\u00e3o"},"image":{"@id":"https:\/\/folhadoleste.com.br\/#\/schema\/logo\/image\/"},"sameAs":["https:\/\/www.facebook.com\/folhadoleste","https:\/\/x.com\/FolhadoLesteRJ","https:\/\/www.instagram.com\/folhadoleste\/"]},{"@type":"Person","@id":"https:\/\/folhadoleste.com.br\/#\/schema\/person\/3e97145b2e1861276e84471aa85a3899","name":"Folha do Leste","image":{"@type":"ImageObject","inLanguage":"en-US","@id":"https:\/\/folhadoleste.com.br\/wp-content\/litespeed\/avatar\/1ca8c218432e7045e748610eb3db0259.jpg?ver=1776693931","url":"https:\/\/folhadoleste.com.br\/wp-content\/litespeed\/avatar\/1ca8c218432e7045e748610eb3db0259.jpg?ver=1776693931","contentUrl":"https:\/\/folhadoleste.com.br\/wp-content\/litespeed\/avatar\/1ca8c218432e7045e748610eb3db0259.jpg?ver=1776693931","caption":"Folha do Leste"},"url":"https:\/\/folhadoleste.com.br\/en\/author\/reportagem-01\/"}]}},"_links":{"self":[{"href":"https:\/\/folhadoleste.com.br\/en\/wp-json\/wp\/v2\/posts\/88558","targetHints":{"allow":["GET"]}}],"collection":[{"href":"https:\/\/folhadoleste.com.br\/en\/wp-json\/wp\/v2\/posts"}],"about":[{"href":"https:\/\/folhadoleste.com.br\/en\/wp-json\/wp\/v2\/types\/post"}],"author":[{"embeddable":true,"href":"https:\/\/folhadoleste.com.br\/en\/wp-json\/wp\/v2\/users\/4"}],"replies":[{"embeddable":true,"href":"https:\/\/folhadoleste.com.br\/en\/wp-json\/wp\/v2\/comments?post=88558"}],"version-history":[{"count":3,"href":"https:\/\/folhadoleste.com.br\/en\/wp-json\/wp\/v2\/posts\/88558\/revisions"}],"predecessor-version":[{"id":88712,"href":"https:\/\/folhadoleste.com.br\/en\/wp-json\/wp\/v2\/posts\/88558\/revisions\/88712"}],"wp:featuredmedia":[{"embeddable":true,"href":"https:\/\/folhadoleste.com.br\/en\/wp-json\/wp\/v2\/media\/88560"}],"wp:attachment":[{"href":"https:\/\/folhadoleste.com.br\/en\/wp-json\/wp\/v2\/media?parent=88558"}],"wp:term":[{"taxonomy":"category","embeddable":true,"href":"https:\/\/folhadoleste.com.br\/en\/wp-json\/wp\/v2\/categories?post=88558"},{"taxonomy":"post_tag","embeddable":true,"href":"https:\/\/folhadoleste.com.br\/en\/wp-json\/wp\/v2\/tags?post=88558"}],"curies":[{"name":"wp","href":"https:\/\/api.w.org\/{rel}","templated":true}]}}