{"id":87674,"date":"2024-10-05T08:27:54","date_gmt":"2024-10-05T11:27:54","guid":{"rendered":"https:\/\/folhadoleste.com.br\/?p=87674"},"modified":"2024-10-05T08:27:56","modified_gmt":"2024-10-05T11:27:56","slug":"idosa-internada-apos-acidente-em-sao-goncalo","status":"publish","type":"post","link":"https:\/\/folhadoleste.com.br\/en\/idosa-internada-apos-acidente-em-sao-goncalo\/","title":{"rendered":"Idosa internada ap\u00f3s acidente em S\u00e3o Gon\u00e7alo"},"content":{"rendered":"<div id=\"attachment_87677\" style=\"width: 650px\" class=\"wp-caption aligncenter\"><a href=\"https:\/\/folhadoleste.com.br\/en\/idosa-internada-apos-acidente-em-sao-goncalo\/idosa-internada-apos-acidente-em-sao-goncalo-foto-reproducao\/\" rel=\"attachment wp-att-87677\"><img decoding=\"async\" aria-describedby=\"caption-attachment-87677\" class=\"size-large wp-image-87677\" src=\"https:\/\/folhadoleste.com.br\/wp-content\/uploads\/2024\/10\/Idosa-internada-apos-acidente-em-Sao-Goncalo-Foto-Reproducao-640x1024.jpeg\" alt=\"Idosa internada ap\u00f3s acidente em S\u00e3o Gon\u00e7alo\" width=\"640\" height=\"1024\" \/><\/a><p id=\"caption-attachment-87677\" class=\"wp-caption-text\">Idosa internada ap\u00f3s acidente em S\u00e3o Gon\u00e7alo | Reprodu\u00e7\u00e3o<\/p><\/div>\n<p style=\"text-align: justify;\">Uma idosa, de 64 anos, sofreu uma grave fratura no cr\u00e2nio ap\u00f3s colidir de bicicleta com um carro na tarde desta quinta-feira (03), em S\u00e3o Gon\u00e7alo, na Regi\u00e3o Metropolitana do Rio. S\u00f4nia Fran\u00e7a Rodrigues, que havia acabado de deixar o neto na escola, foi atingida no bairro Raul Veiga. O caso est\u00e1 sendo investigado pela Pol\u00edcia Civil.<\/p>\n<h6><span style=\"color: #ff0000;\"><strong>+<\/strong><\/span> <span style=\"color: #000000;\">LEIA TAMB\u00c9M: \u25ba<\/span><a href=\"https:\/\/folhadoleste.com.br\/en\/homens-sao-presos-em-desmanche-de-motos-roubadas-no-rio\/\"><strong>Homens s\u00e3o presos em desmanche de motos roubadas no Rio<\/strong><\/a><\/h6>\n<h6><span style=\"color: #ff0000;\"><strong>+<\/strong><\/span> <span style=\"color: #000000;\">LEIA TAMB\u00c9M: \u25ba<\/span><a href=\"https:\/\/folhadoleste.com.br\/en\/frente-ampla-de-rodrigo-neves-e-isabel-swan-reune-10-mil-pessoas-em-niteroi\/\"><strong>Frente ampla de Rodrigo Neves e Isabel Swan re\u00fane 10 mil pessoas\u00a0em\u00a0Niter\u00f3i<\/strong><\/a><\/h6>\n<p style=\"text-align: justify;\">Testemunhas acionaram os bombeiros, que foram ao local do acidente. De acordo com relatos da fam\u00edlia, o motorista envolvido permaneceu na cena at\u00e9 a chegada dos socorristas, mas saiu logo ap\u00f3s. S\u00f4nia foi encaminhada ao Hospital Estadual Alberto Torres (Heat), no Coluband\u00ea, onde passou por uma cirurgia de emerg\u00eancia.<\/p>\n<p style=\"text-align: justify;\">Renata, filha de S\u00f4nia, soube do acidente atrav\u00e9s de uma liga\u00e7\u00e3o do hospital e foi imediatamente para o local. Segundo ela, os m\u00e9dicos informaram que a m\u00e3e sofreu uma fratura extensa, do topo da cabe\u00e7a at\u00e9 o l\u00f3bulo da orelha direita, al\u00e9m de hemorragia interna.<\/p>\n<blockquote>\n<p style=\"text-align: justify;\">\u201cEla entrou em cirurgia na mesma hora, pois n\u00e3o resistiria sem a interven\u00e7\u00e3o\u201d, explicou a filha.<\/p>\n<\/blockquote>\n<h5 style=\"text-align: center;\"><span style=\"color: #000000;\"><span style=\"color: #ff0000;\"><strong>+ <\/strong><\/span><\/span><span style=\"color: #000000;\"><strong><span style=\"color: #ff9900;\">MAIS NOT\u00cdCIAS DE S\u00c3O GON\u00c7ALO?<\/span> <a href=\"https:\/\/folhadoleste.com.br\/en\/category\/jornal-folha-do-leste-rj\/sao-goncalo\/\"><span style=\"color: #008080;\">CLIQUE AQUI<\/span><\/a><\/strong><\/span><\/h5>\n<p style=\"text-align: justify;\">Enquanto aguardava a cirurgia, Renata conversou com um dos bombeiros envolvidos no resgate. Ele afirmou que testemunhas mencionaram que S\u00f4nia teria colidido com o carro, mas n\u00e3o p\u00f4de confirmar a vers\u00e3o.<\/p>\n<blockquote>\n<p style=\"text-align: justify;\">\u201cMinha m\u00e3e estava desacordada, mas acordou desorientada, perguntando pelo meu filho, acreditando que ele estava com ela\u201d, contou Renata.<\/p>\n<\/blockquote>\n<p style=\"text-align: justify;\">No dia seguinte ao acidente, o motorista foi ao hospital, alegando ser inocente, mas oferecendo suporte \u00e0 fam\u00edlia. Ele afirmou que dirigia na via quando sentiu o impacto e, ao olhar pelo retrovisor, viu a idosa ca\u00edda. Apesar de ter permanecido no local at\u00e9 a chegada dos bombeiros, ele nega responsabilidade pelo acidente. Segundo ele, ambos se chocaram na via.<\/p>\n<p style=\"text-align: justify;\">A dire\u00e7\u00e3o do Hospital Estadual Alberto Torres informou que o estado de sa\u00fade de S\u00f4nia \u00e9 grave. O caso foi transferido para a 75\u00aa DP (Rio do Ouro), onde as autoridades est\u00e3o analisando imagens de c\u00e2meras de seguran\u00e7a para entender a din\u00e2mica do acidente.<\/p>\n<div id=\"attachment_77492\" class=\"wp-caption aligncenter\">\n<p><a href=\"http:\/\/instagram.com\/folhadoleste\"><img decoding=\"async\" class=\"wp-image-77492 size-full\" src=\"https:\/\/folhadoleste.com.br\/wp-content\/uploads\/2024\/07\/Instagram-Folha-do-Leste.png\" alt=\"http:\/\/instagram.com\/folhadoleste\" width=\"400\" height=\"200\" aria-describedby=\"caption-attachment-77492\" \/><\/a><\/p>\n<p id=\"caption-attachment-77492\" class=\"wp-caption-text\">Siga o Folha do Leste no Instagram!<\/p>\n<\/div>\n<div id=\"attachment_77490\" class=\"wp-caption aligncenter\">\n<p><a href=\"http:\/\/facebook.com\/folhadoleste\"><img decoding=\"async\" class=\"size-medium wp-image-77490\" src=\"https:\/\/folhadoleste.com.br\/wp-content\/uploads\/2024\/07\/Facebook-Folha-do-Leste-10k-300x300.jpg\" alt=\"Curta e siga o Folha do Leste no Facebook!\" width=\"300\" height=\"300\" aria-describedby=\"caption-attachment-77490\" \/><\/a><\/p>\n<p id=\"caption-attachment-77490\" class=\"wp-caption-text\">Curta e siga o Folha do Leste no Facebook!<\/p>\n<\/div>","protected":false},"excerpt":{"rendered":"<p>Uma idosa, de 64 anos, sofreu uma grave fratura no cr\u00e2nio ap\u00f3s colidir de bicicleta com um carro na tarde desta quinta-feira (03), em S\u00e3o Gon\u00e7alo, na Regi\u00e3o Metropolitana do Rio. S\u00f4nia Fran\u00e7a Rodrigues, que havia acabado de deixar o neto na escola, foi atingida no bairro Raul Veiga. O caso est\u00e1 sendo investigado pela Pol\u00edcia Civil. + LEIA TAMB\u00c9M: \u25baHomens s\u00e3o presos em desmanche de motos roubadas no Rio + LEIA TAMB\u00c9M: \u25baFrente ampla de Rodrigo Neves e Isabel Swan re\u00fane 10 mil pessoas\u00a0em\u00a0Niter\u00f3i Testemunhas acionaram os bombeiros, que foram ao local do acidente. De acordo com relatos da [&hellip;]<\/p>\n","protected":false},"author":4,"featured_media":87676,"comment_status":"open","ping_status":"open","sticky":false,"template":"","format":"standard","meta":{"footnotes":""},"categories":[47,52],"tags":[9481,3297,539,329,7517,5228,43108,875,3353,32082,9342,54,11254,93,76,943,11253,1443,10996,730,22920],"class_list":["post-87674","post","type-post","status-publish","format-standard","has-post-thumbnail","hentry","category-leste-fluminense","category-sao-goncalo","tag-acidente-de-transito","tag-ambulancia","tag-bicicleta","tag-carro","tag-colisao","tag-conscientizacao","tag-fratura-no-cranio","tag-hospital","tag-idosa","tag-imprudencia-no-transito","tag-investigacao-policial","tag-leste-fluminense","tag-prevencao-de-acidentes","tag-rio-de-janeiro","tag-sao-goncalo","tag-saude-publica","tag-seguranca-no-transito","tag-socorro","tag-testemunhas","tag-transito","tag-transito-seguro","post--single"],"yoast_head":"<!-- This site is optimized with the Yoast SEO plugin v27.4 - https:\/\/yoast.com\/product\/yoast-seo-wordpress\/ -->\n<title>Idosa internada ap\u00f3s acidente em S\u00e3o Gon\u00e7alo &#8226; Folha do Leste<\/title>\n<meta name=\"description\" content=\"Idosa internada ap\u00f3s acidente em S\u00e3o Gon\u00e7alo. Fam\u00edlia busca esclarecimentos ap\u00f3s acidente grave; Confira os detalhes...\" \/>\n<meta name=\"robots\" content=\"index, follow, max-snippet:-1, max-image-preview:large, max-video-preview:-1\" \/>\n<link rel=\"canonical\" href=\"https:\/\/folhadoleste.com.br\/en\/idosa-internada-apos-acidente-em-sao-goncalo\/\" \/>\n<meta property=\"og:locale\" content=\"en_US\" \/>\n<meta property=\"og:type\" content=\"article\" \/>\n<meta property=\"og:title\" content=\"Idosa internada ap\u00f3s acidente em S\u00e3o Gon\u00e7alo &#8226; Folha do Leste\" \/>\n<meta property=\"og:description\" content=\"S\u00e3o Gon\u00e7alo &#8226; 5 de October de 2024 &#8226; Folha do Leste\" \/>\n<meta property=\"og:url\" content=\"https:\/\/folhadoleste.com.br\/en\/idosa-internada-apos-acidente-em-sao-goncalo\/\" \/>\n<meta property=\"og:site_name\" content=\"Folha do Leste\" \/>\n<meta property=\"article:publisher\" content=\"https:\/\/www.facebook.com\/folhadoleste\" \/>\n<meta property=\"article:published_time\" content=\"2024-10-05T11:27:54+00:00\" \/>\n<meta property=\"article:modified_time\" content=\"2024-10-05T11:27:56+00:00\" \/>\n<meta property=\"og:image\" content=\"https:\/\/folhadoleste.com.br\/wp-content\/uploads\/2024\/10\/Idosa-Foto-Reproducao.webp\" \/>\n\t<meta property=\"og:image:width\" content=\"1200\" \/>\n\t<meta property=\"og:image:height\" content=\"720\" \/>\n\t<meta property=\"og:image:type\" content=\"image\/webp\" \/>\n<meta name=\"author\" content=\"Folha do Leste\" \/>\n<meta name=\"twitter:card\" content=\"summary_large_image\" \/>\n<meta name=\"twitter:description\" content=\"S\u00e3o Gon\u00e7alo &#8226; 5 de October de 2024 &#8226; Folha do Leste\" \/>\n<meta name=\"twitter:creator\" content=\"@FolhadoLesteRJ\" \/>\n<meta name=\"twitter:site\" content=\"@FolhadoLesteRJ\" \/>\n<meta name=\"twitter:label1\" content=\"Written by\" \/>\n\t<meta name=\"twitter:data1\" content=\"Folha do Leste\" \/>\n\t<meta name=\"twitter:label2\" content=\"Est. reading time\" \/>\n\t<meta name=\"twitter:data2\" content=\"3 minutes\" \/>\n<script type=\"application\/ld+json\" class=\"yoast-schema-graph\">{\"@context\":\"https:\\\/\\\/schema.org\",\"@graph\":[{\"@type\":\"NewsArticle\",\"@id\":\"https:\\\/\\\/folhadoleste.com.br\\\/idosa-internada-apos-acidente-em-sao-goncalo\\\/#article\",\"isPartOf\":{\"@id\":\"https:\\\/\\\/folhadoleste.com.br\\\/idosa-internada-apos-acidente-em-sao-goncalo\\\/\"},\"author\":{\"name\":\"Folha do Leste\",\"@id\":\"https:\\\/\\\/folhadoleste.com.br\\\/#\\\/schema\\\/person\\\/3e97145b2e1861276e84471aa85a3899\"},\"headline\":\"Idosa internada ap\u00f3s acidente em S\u00e3o Gon\u00e7alo\",\"datePublished\":\"2024-10-05T11:27:54+00:00\",\"dateModified\":\"2024-10-05T11:27:56+00:00\",\"mainEntityOfPage\":{\"@id\":\"https:\\\/\\\/folhadoleste.com.br\\\/idosa-internada-apos-acidente-em-sao-goncalo\\\/\"},\"wordCount\":439,\"commentCount\":0,\"publisher\":{\"@id\":\"https:\\\/\\\/folhadoleste.com.br\\\/#organization\"},\"image\":{\"@id\":\"https:\\\/\\\/folhadoleste.com.br\\\/idosa-internada-apos-acidente-em-sao-goncalo\\\/#primaryimage\"},\"thumbnailUrl\":\"https:\\\/\\\/folhadoleste.com.br\\\/wp-content\\\/uploads\\\/2024\\\/10\\\/Idosa-Foto-Reproducao.webp\",\"keywords\":[\"acidente de tr\u00e2nsito\",\"ambul\u00e2ncia\",\"bicicleta\",\"carro\",\"colis\u00e3o\",\"Conscientiza\u00e7\u00e3o\",\"fratura no cr\u00e2nio\",\"Hospital\",\"idosa\",\"Imprud\u00eancia no tr\u00e2nsito\",\"investiga\u00e7\u00e3o policial\",\"Leste Fluminense\",\"Preven\u00e7\u00e3o de acidentes\",\"Rio de Janeiro\",\"s\u00e3o gon\u00e7alo\",\"Saude publica\",\"Seguran\u00e7a no tr\u00e2nsito\",\"socorro\",\"testemunhas\",\"Tr\u00e2nsito\",\"Tr\u00e2nsito Seguro\"],\"articleSection\":[\"Leste Fluminense\",\"S\u00e3o Gon\u00e7alo\"],\"inLanguage\":\"en-US\",\"potentialAction\":[{\"@type\":\"CommentAction\",\"name\":\"Comment\",\"target\":[\"https:\\\/\\\/folhadoleste.com.br\\\/idosa-internada-apos-acidente-em-sao-goncalo\\\/#respond\"]}]},{\"@type\":\"WebPage\",\"@id\":\"https:\\\/\\\/folhadoleste.com.br\\\/idosa-internada-apos-acidente-em-sao-goncalo\\\/\",\"url\":\"https:\\\/\\\/folhadoleste.com.br\\\/idosa-internada-apos-acidente-em-sao-goncalo\\\/\",\"name\":\"Idosa internada ap\u00f3s acidente em S\u00e3o Gon\u00e7alo &#8226; Folha do Leste\",\"isPartOf\":{\"@id\":\"https:\\\/\\\/folhadoleste.com.br\\\/#website\"},\"primaryImageOfPage\":{\"@id\":\"https:\\\/\\\/folhadoleste.com.br\\\/idosa-internada-apos-acidente-em-sao-goncalo\\\/#primaryimage\"},\"image\":{\"@id\":\"https:\\\/\\\/folhadoleste.com.br\\\/idosa-internada-apos-acidente-em-sao-goncalo\\\/#primaryimage\"},\"thumbnailUrl\":\"https:\\\/\\\/folhadoleste.com.br\\\/wp-content\\\/uploads\\\/2024\\\/10\\\/Idosa-Foto-Reproducao.webp\",\"datePublished\":\"2024-10-05T11:27:54+00:00\",\"dateModified\":\"2024-10-05T11:27:56+00:00\",\"description\":\"Idosa internada ap\u00f3s acidente em S\u00e3o Gon\u00e7alo. Fam\u00edlia busca esclarecimentos ap\u00f3s acidente grave; Confira os detalhes...\",\"breadcrumb\":{\"@id\":\"https:\\\/\\\/folhadoleste.com.br\\\/idosa-internada-apos-acidente-em-sao-goncalo\\\/#breadcrumb\"},\"inLanguage\":\"en-US\",\"potentialAction\":[{\"@type\":\"ReadAction\",\"target\":[\"https:\\\/\\\/folhadoleste.com.br\\\/idosa-internada-apos-acidente-em-sao-goncalo\\\/\"]}]},{\"@type\":\"ImageObject\",\"inLanguage\":\"en-US\",\"@id\":\"https:\\\/\\\/folhadoleste.com.br\\\/idosa-internada-apos-acidente-em-sao-goncalo\\\/#primaryimage\",\"url\":\"https:\\\/\\\/folhadoleste.com.br\\\/wp-content\\\/uploads\\\/2024\\\/10\\\/Idosa-Foto-Reproducao.webp\",\"contentUrl\":\"https:\\\/\\\/folhadoleste.com.br\\\/wp-content\\\/uploads\\\/2024\\\/10\\\/Idosa-Foto-Reproducao.webp\",\"width\":1200,\"height\":720,\"caption\":\"Idosa internada ap\u00f3s acidente em S\u00e3o Gon\u00e7alo | Reprodu\u00e7\u00e3o\"},{\"@type\":\"BreadcrumbList\",\"@id\":\"https:\\\/\\\/folhadoleste.com.br\\\/idosa-internada-apos-acidente-em-sao-goncalo\\\/#breadcrumb\",\"itemListElement\":[{\"@type\":\"ListItem\",\"position\":1,\"name\":\"In\u00edcio\",\"item\":\"https:\\\/\\\/folhadoleste.com.br\\\/\"},{\"@type\":\"ListItem\",\"position\":2,\"name\":\"Estado do Rio de Janeiro\",\"item\":\"https:\\\/\\\/folhadoleste.com.br\\\/category\\\/estado-do-rio-de-janeiro\\\/\"},{\"@type\":\"ListItem\",\"position\":3,\"name\":\"Leste Fluminense\",\"item\":\"https:\\\/\\\/folhadoleste.com.br\\\/category\\\/estado-do-rio-de-janeiro\\\/leste-fluminense\\\/\"},{\"@type\":\"ListItem\",\"position\":4,\"name\":\"S\u00e3o Gon\u00e7alo\",\"item\":\"https:\\\/\\\/folhadoleste.com.br\\\/category\\\/estado-do-rio-de-janeiro\\\/leste-fluminense\\\/sao-goncalo\\\/\"},{\"@type\":\"ListItem\",\"position\":5,\"name\":\"Idosa internada ap\u00f3s acidente em S\u00e3o Gon\u00e7alo\"}]},{\"@type\":\"WebSite\",\"@id\":\"https:\\\/\\\/folhadoleste.com.br\\\/#website\",\"url\":\"https:\\\/\\\/folhadoleste.com.br\\\/\",\"name\":\"Folha do Leste\",\"description\":\"Portal de Not\u00edcias com \u00eanfase em Niter\u00f3i, criando conte\u00fados desde a capital Rio de Janeiro, com olhar para o Leste Fluminense e suas cidades como S\u00e3o Gon\u00e7alo, Itabora\u00ed, Rio Bonito, Maric\u00e1, Saquarema e Araruama\",\"publisher\":{\"@id\":\"https:\\\/\\\/folhadoleste.com.br\\\/#organization\"},\"alternateName\":\"FL\",\"potentialAction\":[{\"@type\":\"SearchAction\",\"target\":{\"@type\":\"EntryPoint\",\"urlTemplate\":\"https:\\\/\\\/folhadoleste.com.br\\\/?s={search_term_string}\"},\"query-input\":{\"@type\":\"PropertyValueSpecification\",\"valueRequired\":true,\"valueName\":\"search_term_string\"}}],\"inLanguage\":\"en-US\"},{\"@type\":\"Organization\",\"@id\":\"https:\\\/\\\/folhadoleste.com.br\\\/#organization\",\"name\":\"Brasil 21 Comunica\u00e7\u00e3o\",\"alternateName\":\"BR21\",\"url\":\"https:\\\/\\\/folhadoleste.com.br\\\/\",\"logo\":{\"@type\":\"ImageObject\",\"inLanguage\":\"en-US\",\"@id\":\"https:\\\/\\\/folhadoleste.com.br\\\/#\\\/schema\\\/logo\\\/image\\\/\",\"url\":\"https:\\\/\\\/folhadoleste.com.br\\\/wp-content\\\/uploads\\\/2025\\\/12\\\/brasil-21-logomarca.avif\",\"contentUrl\":\"https:\\\/\\\/folhadoleste.com.br\\\/wp-content\\\/uploads\\\/2025\\\/12\\\/brasil-21-logomarca.avif\",\"width\":1044,\"height\":1044,\"caption\":\"Brasil 21 Comunica\u00e7\u00e3o\"},\"image\":{\"@id\":\"https:\\\/\\\/folhadoleste.com.br\\\/#\\\/schema\\\/logo\\\/image\\\/\"},\"sameAs\":[\"https:\\\/\\\/www.facebook.com\\\/folhadoleste\",\"https:\\\/\\\/x.com\\\/FolhadoLesteRJ\",\"https:\\\/\\\/www.instagram.com\\\/folhadoleste\\\/\"]},{\"@type\":\"Person\",\"@id\":\"https:\\\/\\\/folhadoleste.com.br\\\/#\\\/schema\\\/person\\\/3e97145b2e1861276e84471aa85a3899\",\"name\":\"Folha do Leste\",\"image\":{\"@type\":\"ImageObject\",\"inLanguage\":\"en-US\",\"@id\":\"https:\\\/\\\/folhadoleste.com.br\\\/wp-content\\\/litespeed\\\/avatar\\\/1ca8c218432e7045e748610eb3db0259.jpg?ver=1777161142\",\"url\":\"https:\\\/\\\/folhadoleste.com.br\\\/wp-content\\\/litespeed\\\/avatar\\\/1ca8c218432e7045e748610eb3db0259.jpg?ver=1777161142\",\"contentUrl\":\"https:\\\/\\\/folhadoleste.com.br\\\/wp-content\\\/litespeed\\\/avatar\\\/1ca8c218432e7045e748610eb3db0259.jpg?ver=1777161142\",\"caption\":\"Folha do Leste\"},\"url\":\"https:\\\/\\\/folhadoleste.com.br\\\/en\\\/author\\\/reportagem-01\\\/\"}]}<\/script>\n<!-- \/ Yoast SEO plugin. -->","yoast_head_json":{"title":"Idosa internada ap\u00f3s acidente em S\u00e3o Gon\u00e7alo &#8226; Folha do Leste","description":"Idosa internada ap\u00f3s acidente em S\u00e3o Gon\u00e7alo. Fam\u00edlia busca esclarecimentos ap\u00f3s acidente grave; Confira os detalhes...","robots":{"index":"index","follow":"follow","max-snippet":"max-snippet:-1","max-image-preview":"max-image-preview:large","max-video-preview":"max-video-preview:-1"},"canonical":"https:\/\/folhadoleste.com.br\/en\/idosa-internada-apos-acidente-em-sao-goncalo\/","og_locale":"en_US","og_type":"article","og_title":"Idosa internada ap\u00f3s acidente em S\u00e3o Gon\u00e7alo &#8226; Folha do Leste","og_description":"S\u00e3o Gon\u00e7alo &#8226; 5 de October de 2024 &#8226; Folha do Leste","og_url":"https:\/\/folhadoleste.com.br\/en\/idosa-internada-apos-acidente-em-sao-goncalo\/","og_site_name":"Folha do Leste","article_publisher":"https:\/\/www.facebook.com\/folhadoleste","article_published_time":"2024-10-05T11:27:54+00:00","article_modified_time":"2024-10-05T11:27:56+00:00","og_image":[{"width":1200,"height":720,"url":"https:\/\/folhadoleste.com.br\/wp-content\/uploads\/2024\/10\/Idosa-Foto-Reproducao.webp","type":"image\/webp"}],"author":"Folha do Leste","twitter_card":"summary_large_image","twitter_description":"S\u00e3o Gon\u00e7alo &#8226; 5 de October de 2024 &#8226; Folha do Leste","twitter_creator":"@FolhadoLesteRJ","twitter_site":"@FolhadoLesteRJ","twitter_misc":{"Written by":"Folha do Leste","Est. reading time":"3 minutes"},"schema":{"@context":"https:\/\/schema.org","@graph":[{"@type":"NewsArticle","@id":"https:\/\/folhadoleste.com.br\/idosa-internada-apos-acidente-em-sao-goncalo\/#article","isPartOf":{"@id":"https:\/\/folhadoleste.com.br\/idosa-internada-apos-acidente-em-sao-goncalo\/"},"author":{"name":"Folha do Leste","@id":"https:\/\/folhadoleste.com.br\/#\/schema\/person\/3e97145b2e1861276e84471aa85a3899"},"headline":"Idosa internada ap\u00f3s acidente em S\u00e3o Gon\u00e7alo","datePublished":"2024-10-05T11:27:54+00:00","dateModified":"2024-10-05T11:27:56+00:00","mainEntityOfPage":{"@id":"https:\/\/folhadoleste.com.br\/idosa-internada-apos-acidente-em-sao-goncalo\/"},"wordCount":439,"commentCount":0,"publisher":{"@id":"https:\/\/folhadoleste.com.br\/#organization"},"image":{"@id":"https:\/\/folhadoleste.com.br\/idosa-internada-apos-acidente-em-sao-goncalo\/#primaryimage"},"thumbnailUrl":"https:\/\/folhadoleste.com.br\/wp-content\/uploads\/2024\/10\/Idosa-Foto-Reproducao.webp","keywords":["acidente de tr\u00e2nsito","ambul\u00e2ncia","bicicleta","carro","colis\u00e3o","Conscientiza\u00e7\u00e3o","fratura no cr\u00e2nio","Hospital","idosa","Imprud\u00eancia no tr\u00e2nsito","investiga\u00e7\u00e3o policial","Leste Fluminense","Preven\u00e7\u00e3o de acidentes","Rio de Janeiro","s\u00e3o gon\u00e7alo","Saude publica","Seguran\u00e7a no tr\u00e2nsito","socorro","testemunhas","Tr\u00e2nsito","Tr\u00e2nsito Seguro"],"articleSection":["Leste Fluminense","S\u00e3o Gon\u00e7alo"],"inLanguage":"en-US","potentialAction":[{"@type":"CommentAction","name":"Comment","target":["https:\/\/folhadoleste.com.br\/idosa-internada-apos-acidente-em-sao-goncalo\/#respond"]}]},{"@type":"WebPage","@id":"https:\/\/folhadoleste.com.br\/idosa-internada-apos-acidente-em-sao-goncalo\/","url":"https:\/\/folhadoleste.com.br\/idosa-internada-apos-acidente-em-sao-goncalo\/","name":"Idosa internada ap\u00f3s acidente em S\u00e3o Gon\u00e7alo &#8226; Folha do Leste","isPartOf":{"@id":"https:\/\/folhadoleste.com.br\/#website"},"primaryImageOfPage":{"@id":"https:\/\/folhadoleste.com.br\/idosa-internada-apos-acidente-em-sao-goncalo\/#primaryimage"},"image":{"@id":"https:\/\/folhadoleste.com.br\/idosa-internada-apos-acidente-em-sao-goncalo\/#primaryimage"},"thumbnailUrl":"https:\/\/folhadoleste.com.br\/wp-content\/uploads\/2024\/10\/Idosa-Foto-Reproducao.webp","datePublished":"2024-10-05T11:27:54+00:00","dateModified":"2024-10-05T11:27:56+00:00","description":"Idosa internada ap\u00f3s acidente em S\u00e3o Gon\u00e7alo. Fam\u00edlia busca esclarecimentos ap\u00f3s acidente grave; Confira os detalhes...","breadcrumb":{"@id":"https:\/\/folhadoleste.com.br\/idosa-internada-apos-acidente-em-sao-goncalo\/#breadcrumb"},"inLanguage":"en-US","potentialAction":[{"@type":"ReadAction","target":["https:\/\/folhadoleste.com.br\/idosa-internada-apos-acidente-em-sao-goncalo\/"]}]},{"@type":"ImageObject","inLanguage":"en-US","@id":"https:\/\/folhadoleste.com.br\/idosa-internada-apos-acidente-em-sao-goncalo\/#primaryimage","url":"https:\/\/folhadoleste.com.br\/wp-content\/uploads\/2024\/10\/Idosa-Foto-Reproducao.webp","contentUrl":"https:\/\/folhadoleste.com.br\/wp-content\/uploads\/2024\/10\/Idosa-Foto-Reproducao.webp","width":1200,"height":720,"caption":"Idosa internada ap\u00f3s acidente em S\u00e3o Gon\u00e7alo | Reprodu\u00e7\u00e3o"},{"@type":"BreadcrumbList","@id":"https:\/\/folhadoleste.com.br\/idosa-internada-apos-acidente-em-sao-goncalo\/#breadcrumb","itemListElement":[{"@type":"ListItem","position":1,"name":"In\u00edcio","item":"https:\/\/folhadoleste.com.br\/"},{"@type":"ListItem","position":2,"name":"Estado do Rio de Janeiro","item":"https:\/\/folhadoleste.com.br\/category\/estado-do-rio-de-janeiro\/"},{"@type":"ListItem","position":3,"name":"Leste Fluminense","item":"https:\/\/folhadoleste.com.br\/category\/estado-do-rio-de-janeiro\/leste-fluminense\/"},{"@type":"ListItem","position":4,"name":"S\u00e3o Gon\u00e7alo","item":"https:\/\/folhadoleste.com.br\/category\/estado-do-rio-de-janeiro\/leste-fluminense\/sao-goncalo\/"},{"@type":"ListItem","position":5,"name":"Idosa internada ap\u00f3s acidente em S\u00e3o Gon\u00e7alo"}]},{"@type":"WebSite","@id":"https:\/\/folhadoleste.com.br\/#website","url":"https:\/\/folhadoleste.com.br\/","name":"Folha do Leste","description":"Portal de Not\u00edcias com \u00eanfase em Niter\u00f3i, criando conte\u00fados desde a capital Rio de Janeiro, com olhar para o Leste Fluminense e suas cidades como S\u00e3o Gon\u00e7alo, Itabora\u00ed, Rio Bonito, Maric\u00e1, Saquarema e Araruama","publisher":{"@id":"https:\/\/folhadoleste.com.br\/#organization"},"alternateName":"FL","potentialAction":[{"@type":"SearchAction","target":{"@type":"EntryPoint","urlTemplate":"https:\/\/folhadoleste.com.br\/?s={search_term_string}"},"query-input":{"@type":"PropertyValueSpecification","valueRequired":true,"valueName":"search_term_string"}}],"inLanguage":"en-US"},{"@type":"Organization","@id":"https:\/\/folhadoleste.com.br\/#organization","name":"Brasil 21 Comunica\u00e7\u00e3o","alternateName":"BR21","url":"https:\/\/folhadoleste.com.br\/","logo":{"@type":"ImageObject","inLanguage":"en-US","@id":"https:\/\/folhadoleste.com.br\/#\/schema\/logo\/image\/","url":"https:\/\/folhadoleste.com.br\/wp-content\/uploads\/2025\/12\/brasil-21-logomarca.avif","contentUrl":"https:\/\/folhadoleste.com.br\/wp-content\/uploads\/2025\/12\/brasil-21-logomarca.avif","width":1044,"height":1044,"caption":"Brasil 21 Comunica\u00e7\u00e3o"},"image":{"@id":"https:\/\/folhadoleste.com.br\/#\/schema\/logo\/image\/"},"sameAs":["https:\/\/www.facebook.com\/folhadoleste","https:\/\/x.com\/FolhadoLesteRJ","https:\/\/www.instagram.com\/folhadoleste\/"]},{"@type":"Person","@id":"https:\/\/folhadoleste.com.br\/#\/schema\/person\/3e97145b2e1861276e84471aa85a3899","name":"Folha do Leste","image":{"@type":"ImageObject","inLanguage":"en-US","@id":"https:\/\/folhadoleste.com.br\/wp-content\/litespeed\/avatar\/1ca8c218432e7045e748610eb3db0259.jpg?ver=1777161142","url":"https:\/\/folhadoleste.com.br\/wp-content\/litespeed\/avatar\/1ca8c218432e7045e748610eb3db0259.jpg?ver=1777161142","contentUrl":"https:\/\/folhadoleste.com.br\/wp-content\/litespeed\/avatar\/1ca8c218432e7045e748610eb3db0259.jpg?ver=1777161142","caption":"Folha do Leste"},"url":"https:\/\/folhadoleste.com.br\/en\/author\/reportagem-01\/"}]}},"_links":{"self":[{"href":"https:\/\/folhadoleste.com.br\/en\/wp-json\/wp\/v2\/posts\/87674","targetHints":{"allow":["GET"]}}],"collection":[{"href":"https:\/\/folhadoleste.com.br\/en\/wp-json\/wp\/v2\/posts"}],"about":[{"href":"https:\/\/folhadoleste.com.br\/en\/wp-json\/wp\/v2\/types\/post"}],"author":[{"embeddable":true,"href":"https:\/\/folhadoleste.com.br\/en\/wp-json\/wp\/v2\/users\/4"}],"replies":[{"embeddable":true,"href":"https:\/\/folhadoleste.com.br\/en\/wp-json\/wp\/v2\/comments?post=87674"}],"version-history":[{"count":2,"href":"https:\/\/folhadoleste.com.br\/en\/wp-json\/wp\/v2\/posts\/87674\/revisions"}],"predecessor-version":[{"id":87679,"href":"https:\/\/folhadoleste.com.br\/en\/wp-json\/wp\/v2\/posts\/87674\/revisions\/87679"}],"wp:featuredmedia":[{"embeddable":true,"href":"https:\/\/folhadoleste.com.br\/en\/wp-json\/wp\/v2\/media\/87676"}],"wp:attachment":[{"href":"https:\/\/folhadoleste.com.br\/en\/wp-json\/wp\/v2\/media?parent=87674"}],"wp:term":[{"taxonomy":"category","embeddable":true,"href":"https:\/\/folhadoleste.com.br\/en\/wp-json\/wp\/v2\/categories?post=87674"},{"taxonomy":"post_tag","embeddable":true,"href":"https:\/\/folhadoleste.com.br\/en\/wp-json\/wp\/v2\/tags?post=87674"}],"curies":[{"name":"wp","href":"https:\/\/api.w.org\/{rel}","templated":true}]}}