{"id":86929,"date":"2024-10-02T10:49:04","date_gmt":"2024-10-02T13:49:04","guid":{"rendered":"https:\/\/folhadoleste.com.br\/?p=86929"},"modified":"2024-10-02T10:49:06","modified_gmt":"2024-10-02T13:49:06","slug":"baile-dancante-da-dona-helo-reis-retorna-para-sao-goncalo","status":"publish","type":"post","link":"https:\/\/folhadoleste.com.br\/en\/baile-dancante-da-dona-helo-reis-retorna-para-sao-goncalo\/","title":{"rendered":"Baile Dan\u00e7ante da Dona Hel\u00f4 Reis retorna para S\u00e3o Gon\u00e7alo"},"content":{"rendered":"<div id=\"attachment_86931\" style=\"width: 649px\" class=\"wp-caption aligncenter\"><a href=\"https:\/\/folhadoleste.com.br\/en\/baile-dancante-da-dona-helo-reis-retorna-para-sao-goncalo\/baile-dancante-da-dona-helo-reis-retorna-para-sao-goncalo-foto-divulgacao\/\" rel=\"attachment wp-att-86931\"><img decoding=\"async\" aria-describedby=\"caption-attachment-86931\" class=\"size-large wp-image-86931\" src=\"https:\/\/folhadoleste.com.br\/wp-content\/uploads\/2024\/10\/Baile-Dancante-da-Dona-Helo-Reis-retorna-para-Sao-Goncalo-Foto-Divulgacao-639x1024.jpg\" alt=\"Baile Dan\u00e7ante da Dona Hel\u00f4 Reis retorna para S\u00e3o Gon\u00e7alo\" width=\"639\" height=\"1024\" \/><\/a><p id=\"caption-attachment-86931\" class=\"wp-caption-text\">Baile Dan\u00e7ante da Dona Hel\u00f4 Reis retorna para S\u00e3o Gon\u00e7alo | Divulga\u00e7\u00e3o<\/p><\/div>\n<p style=\"text-align: justify;\">O P\u00e1tio Alc\u00e2ntara anunciou mais uma edi\u00e7\u00e3o do tradicional Baile Dan\u00e7ante da Dona Hel\u00f4 Reis, que ocorrer\u00e1 nesta sexta-feira, 04 de outubro, a partir das 16h, na Pra\u00e7a de Alimenta\u00e7\u00e3o. O evento, gratuito e voltado para todas as idades, promete uma tarde animada com muita m\u00fasica e dan\u00e7a.<\/p>\n<h6><span style=\"color: #ff0000;\"><strong>+<\/strong><\/span> <span style=\"color: #000000;\">LEIA TAMB\u00c9M: \u25ba<\/span><a href=\"https:\/\/folhadoleste.com.br\/en\/marica-celebra-o-dia-do-idoso-com-atividades-especiais\/\"><strong>Maric\u00e1 celebra o Dia do Idoso com atividades especiais<\/strong><\/a><\/h6>\n<p style=\"text-align: justify;\">O cantor Toni Silva ser\u00e1 a atra\u00e7\u00e3o principal, trazendo uma apresenta\u00e7\u00e3o ao vivo, acompanhado por uma banda e dan\u00e7arinos profissionais. O repert\u00f3rio incluir\u00e1 cl\u00e1ssicos da m\u00fasica brasileira e internacional, criando uma atmosfera envolvente e nost\u00e1lgica para os participantes.<\/p>\n<p style=\"text-align: justify;\">Dona Hel\u00f4 Reis, conhecida por organizar eventos cheios de energia e divers\u00e3o, garante que essa ser\u00e1 mais uma edi\u00e7\u00e3o inesquec\u00edvel para os amantes da dan\u00e7a.<\/p>\n<h5 style=\"text-align: center;\"><span style=\"color: #000000;\"><span style=\"color: #ff0000;\"><strong>+ <\/strong><\/span><\/span><span style=\"color: #000000;\"><strong><span style=\"color: #ff9900;\">MAIS NOT\u00cdCIAS DE S\u00c3O GON\u00c7ALO?<\/span> <a href=\"https:\/\/folhadoleste.com.br\/en\/category\/jornal-folha-do-leste-rj\/sao-goncalo\/\"><span style=\"color: #008080;\">CLIQUE AQUI<\/span><\/a><\/strong><\/span><\/h5>\n<p style=\"text-align: justify;\">Al\u00e9m disso, no s\u00e1bado, 05 de outubro, o P\u00e1tio Alc\u00e2ntara d\u00e1 continuidade \u00e0 programa\u00e7\u00e3o musical com o projeto &#8220;M\u00fasica na Pra\u00e7a&#8221;. A cantora Adriana Biar ser\u00e1 a atra\u00e7\u00e3o principal, das 12h \u00e0s 15h, tamb\u00e9m na Pra\u00e7a de Alimenta\u00e7\u00e3o. Com um repert\u00f3rio diversificado, que vai do sertanejo ao pagode, Adriana promete animar o p\u00fablico com sucessos populares.<\/p>\n<p style=\"text-align: justify;\">Esses eventos, gratuitos, s\u00e3o uma excelente oportunidade para reunir fam\u00edlia e amigos, proporcionando momentos de lazer e entretenimento de qualidade no P\u00e1tio Alc\u00e2ntara.<\/p>\n<h4 style=\"text-align: justify;\"><strong>Servi\u00e7o:<\/strong><\/h4>\n<p style=\"text-align: justify;\"><strong>Baile Dan\u00e7ante da Dona Hel\u00f4 Reis<\/strong><\/p>\n<div class=\"texto\" style=\"text-align: justify;\"><strong>Data:<\/strong> 04 de outubro de 2024<br \/>\n<strong>Hor\u00e1rio:<\/strong> Das 16h \u00e0s 20h<br \/>\n<strong>Local:<\/strong> Pra\u00e7a de Alimenta\u00e7\u00e3o do P\u00e1tio Alc\u00e2ntara<br \/>\n<strong>Entrada:<\/strong> Gratuita<\/p>\n<p><strong>M\u00fasica na Pra\u00e7a com Adriana Biar<\/strong><br \/>\n<strong>Data:<\/strong> 05 de outubro de 2024<br \/>\n<strong>Hor\u00e1rio:<\/strong> Das 12h \u00e0s 15h<br \/>\n<strong>Local:<\/strong> Pra\u00e7a de Alimenta\u00e7\u00e3o do P\u00e1tio Alc\u00e2ntara<br \/>\n<strong>Entrada:<\/strong> Gratuita<\/div>\n<div class=\"texto\" style=\"text-align: justify;\"><strong>Endere\u00e7o:<\/strong> Pra\u00e7a Carlos Gianelli, s\/n\u00ba \u2013 Alc\u00e2ntara \u2013 S\u00e3o Gon\u00e7alo<\/div>\n<div>\n<div id=\"attachment_77492\" class=\"wp-caption aligncenter\">\n<p><a href=\"http:\/\/instagram.com\/folhadoleste\"><img decoding=\"async\" class=\"wp-image-77492 size-full\" src=\"https:\/\/folhadoleste.com.br\/wp-content\/uploads\/2024\/07\/Instagram-Folha-do-Leste.png\" alt=\"http:\/\/instagram.com\/folhadoleste\" width=\"400\" height=\"200\" aria-describedby=\"caption-attachment-77492\" \/><\/a><\/p>\n<p id=\"caption-attachment-77492\" class=\"wp-caption-text\">Siga o Folha do Leste no Instagram!<\/p>\n<\/div>\n<div id=\"attachment_77490\" class=\"wp-caption aligncenter\">\n<p><a href=\"http:\/\/facebook.com\/folhadoleste\"><img decoding=\"async\" class=\"size-medium wp-image-77490\" src=\"https:\/\/folhadoleste.com.br\/wp-content\/uploads\/2024\/07\/Facebook-Folha-do-Leste-10k-300x300.jpg\" alt=\"Curta e siga o Folha do Leste no Facebook!\" width=\"300\" height=\"300\" aria-describedby=\"caption-attachment-77490\" \/><\/a><\/p>\n<p id=\"caption-attachment-77490\" class=\"wp-caption-text\">Curta e siga o Folha do Leste no Facebook!<\/p>\n<\/div>\n<\/div>","protected":false},"excerpt":{"rendered":"<p>O P\u00e1tio Alc\u00e2ntara anunciou mais uma edi\u00e7\u00e3o do tradicional Baile Dan\u00e7ante da Dona Hel\u00f4 Reis, que ocorrer\u00e1 nesta sexta-feira, 04 de outubro, a partir das 16h, na Pra\u00e7a de Alimenta\u00e7\u00e3o. O evento, gratuito e voltado para todas as idades, promete uma tarde animada com muita m\u00fasica e dan\u00e7a. + LEIA TAMB\u00c9M: \u25baMaric\u00e1 celebra o Dia do Idoso com atividades especiais O cantor Toni Silva ser\u00e1 a atra\u00e7\u00e3o principal, trazendo uma apresenta\u00e7\u00e3o ao vivo, acompanhado por uma banda e dan\u00e7arinos profissionais. O repert\u00f3rio incluir\u00e1 cl\u00e1ssicos da m\u00fasica brasileira e internacional, criando uma atmosfera envolvente e nost\u00e1lgica para os participantes. Dona Hel\u00f4 [&hellip;]<\/p>\n","protected":false},"author":4,"featured_media":86932,"comment_status":"open","ping_status":"open","sticky":false,"template":"","format":"standard","meta":{"footnotes":""},"categories":[86,84,83,47,52],"tags":[42719,42716,4692,42717,2381,7443,54,3735,41281,42721,3458,32810,11639,42722,76,42720,42718],"class_list":["post-86929","post","type-post","status-publish","format-standard","has-post-thumbnail","hentry","category-cultura","category-entretenimento","category-entretenimento-artes-e-cultura-destaque","category-leste-fluminense","category-sao-goncalo","tag-adriana-biar","tag-baile-dancante","tag-diversao","tag-dona-helo-reis","tag-entretenimento","tag-evento-gratuito","tag-leste-fluminense","tag-musica-brasileira","tag-musica-internacional","tag-musica-na-praca","tag-patio-alcantara","tag-praca-de-alimentacao","tag-programacao-musical","tag-publico-animado","tag-sao-goncalo","tag-show-ao-vivo","tag-toni-silva","post--single"],"yoast_head":"<!-- This site is optimized with the Yoast SEO plugin v27.5 - https:\/\/yoast.com\/product\/yoast-seo-wordpress\/ -->\n<title>Baile Dan\u00e7ante da Dona Hel\u00f4 Reis retorna para S\u00e3o Gon\u00e7alo &#8226; Folha do Leste<\/title>\n<meta name=\"description\" content=\"Baile Dan\u00e7ante da Dona Hel\u00f4 Reis retorna para S\u00e3o Gon\u00e7alo. Evento gratuito re\u00fane amigos e familiares no P\u00e1tio Alc\u00e2ntara...\" \/>\n<meta name=\"robots\" content=\"index, follow, max-snippet:-1, max-image-preview:large, max-video-preview:-1\" \/>\n<link rel=\"canonical\" href=\"https:\/\/folhadoleste.com.br\/en\/baile-dancante-da-dona-helo-reis-retorna-para-sao-goncalo\/\" \/>\n<meta property=\"og:locale\" content=\"en_US\" \/>\n<meta property=\"og:type\" content=\"article\" \/>\n<meta property=\"og:title\" content=\"Baile Dan\u00e7ante da Dona Hel\u00f4 Reis retorna para S\u00e3o Gon\u00e7alo &#8226; Folha do Leste\" \/>\n<meta property=\"og:description\" content=\"S\u00e3o Gon\u00e7alo &#8226; 2 de October de 2024 &#8226; Folha do Leste\" \/>\n<meta property=\"og:url\" content=\"https:\/\/folhadoleste.com.br\/en\/baile-dancante-da-dona-helo-reis-retorna-para-sao-goncalo\/\" \/>\n<meta property=\"og:site_name\" content=\"Folha do Leste\" \/>\n<meta property=\"article:publisher\" content=\"https:\/\/www.facebook.com\/folhadoleste\" \/>\n<meta property=\"article:published_time\" content=\"2024-10-02T13:49:04+00:00\" \/>\n<meta property=\"article:modified_time\" content=\"2024-10-02T13:49:06+00:00\" \/>\n<meta property=\"og:image\" content=\"https:\/\/folhadoleste.com.br\/wp-content\/uploads\/2024\/10\/Baile-Dancante-da-Dona-Helo-Reis-retorna-para-Sao-Goncalo-Foto-Cortada-Divulgacao.jpg\" \/>\n\t<meta property=\"og:image:width\" content=\"1199\" \/>\n\t<meta property=\"og:image:height\" content=\"674\" \/>\n\t<meta property=\"og:image:type\" content=\"image\/jpeg\" \/>\n<meta name=\"author\" content=\"Folha do Leste\" \/>\n<meta name=\"twitter:card\" content=\"summary_large_image\" \/>\n<meta name=\"twitter:description\" content=\"S\u00e3o Gon\u00e7alo &#8226; 2 de October de 2024 &#8226; Folha do Leste\" \/>\n<meta name=\"twitter:creator\" content=\"@FolhadoLesteRJ\" \/>\n<meta name=\"twitter:site\" content=\"@FolhadoLesteRJ\" \/>\n<meta name=\"twitter:label1\" content=\"Written by\" \/>\n\t<meta name=\"twitter:data1\" content=\"Folha do Leste\" \/>\n\t<meta name=\"twitter:label2\" content=\"Est. reading time\" \/>\n\t<meta name=\"twitter:data2\" content=\"3 minutes\" \/>\n<script type=\"application\/ld+json\" class=\"yoast-schema-graph\">{\"@context\":\"https:\\\/\\\/schema.org\",\"@graph\":[{\"@type\":\"NewsArticle\",\"@id\":\"https:\\\/\\\/folhadoleste.com.br\\\/baile-dancante-da-dona-helo-reis-retorna-para-sao-goncalo\\\/#article\",\"isPartOf\":{\"@id\":\"https:\\\/\\\/folhadoleste.com.br\\\/baile-dancante-da-dona-helo-reis-retorna-para-sao-goncalo\\\/\"},\"author\":{\"name\":\"Folha do Leste\",\"@id\":\"https:\\\/\\\/folhadoleste.com.br\\\/#\\\/schema\\\/person\\\/3e97145b2e1861276e84471aa85a3899\"},\"headline\":\"Baile Dan\u00e7ante da Dona Hel\u00f4 Reis retorna para S\u00e3o Gon\u00e7alo\",\"datePublished\":\"2024-10-02T13:49:04+00:00\",\"dateModified\":\"2024-10-02T13:49:06+00:00\",\"mainEntityOfPage\":{\"@id\":\"https:\\\/\\\/folhadoleste.com.br\\\/baile-dancante-da-dona-helo-reis-retorna-para-sao-goncalo\\\/\"},\"wordCount\":373,\"commentCount\":0,\"publisher\":{\"@id\":\"https:\\\/\\\/folhadoleste.com.br\\\/#organization\"},\"image\":{\"@id\":\"https:\\\/\\\/folhadoleste.com.br\\\/baile-dancante-da-dona-helo-reis-retorna-para-sao-goncalo\\\/#primaryimage\"},\"thumbnailUrl\":\"https:\\\/\\\/folhadoleste.com.br\\\/wp-content\\\/uploads\\\/2024\\\/10\\\/Baile-Dancante-da-Dona-Helo-Reis-retorna-para-Sao-Goncalo-Foto-Cortada-Divulgacao.jpg\",\"keywords\":[\"Adriana Biar\",\"Baile Dan\u00e7ante\",\"Divers\u00e3o\",\"Dona Hel\u00f4 Reis\",\"entretenimento\",\"evento gratuito\",\"Leste Fluminense\",\"m\u00fasica brasileira\",\"m\u00fasica internacional\",\"m\u00fasica na pra\u00e7a\",\"P\u00e1tio Alc\u00e2ntara\",\"pra\u00e7a de alimenta\u00e7\u00e3o\",\"programa\u00e7\u00e3o musical\",\"p\u00fablico animado\",\"s\u00e3o gon\u00e7alo\",\"show ao vivo\",\"Toni Silva\"],\"articleSection\":[\"Cultura\",\"Entretenimento\",\"Entretenimento, Artes e Cultura\",\"Leste Fluminense\",\"S\u00e3o Gon\u00e7alo\"],\"inLanguage\":\"en-US\",\"potentialAction\":[{\"@type\":\"CommentAction\",\"name\":\"Comment\",\"target\":[\"https:\\\/\\\/folhadoleste.com.br\\\/baile-dancante-da-dona-helo-reis-retorna-para-sao-goncalo\\\/#respond\"]}]},{\"@type\":\"WebPage\",\"@id\":\"https:\\\/\\\/folhadoleste.com.br\\\/baile-dancante-da-dona-helo-reis-retorna-para-sao-goncalo\\\/\",\"url\":\"https:\\\/\\\/folhadoleste.com.br\\\/baile-dancante-da-dona-helo-reis-retorna-para-sao-goncalo\\\/\",\"name\":\"Baile Dan\u00e7ante da Dona Hel\u00f4 Reis retorna para S\u00e3o Gon\u00e7alo &#8226; Folha do Leste\",\"isPartOf\":{\"@id\":\"https:\\\/\\\/folhadoleste.com.br\\\/#website\"},\"primaryImageOfPage\":{\"@id\":\"https:\\\/\\\/folhadoleste.com.br\\\/baile-dancante-da-dona-helo-reis-retorna-para-sao-goncalo\\\/#primaryimage\"},\"image\":{\"@id\":\"https:\\\/\\\/folhadoleste.com.br\\\/baile-dancante-da-dona-helo-reis-retorna-para-sao-goncalo\\\/#primaryimage\"},\"thumbnailUrl\":\"https:\\\/\\\/folhadoleste.com.br\\\/wp-content\\\/uploads\\\/2024\\\/10\\\/Baile-Dancante-da-Dona-Helo-Reis-retorna-para-Sao-Goncalo-Foto-Cortada-Divulgacao.jpg\",\"datePublished\":\"2024-10-02T13:49:04+00:00\",\"dateModified\":\"2024-10-02T13:49:06+00:00\",\"description\":\"Baile Dan\u00e7ante da Dona Hel\u00f4 Reis retorna para S\u00e3o Gon\u00e7alo. Evento gratuito re\u00fane amigos e familiares no P\u00e1tio Alc\u00e2ntara...\",\"breadcrumb\":{\"@id\":\"https:\\\/\\\/folhadoleste.com.br\\\/baile-dancante-da-dona-helo-reis-retorna-para-sao-goncalo\\\/#breadcrumb\"},\"inLanguage\":\"en-US\",\"potentialAction\":[{\"@type\":\"ReadAction\",\"target\":[\"https:\\\/\\\/folhadoleste.com.br\\\/baile-dancante-da-dona-helo-reis-retorna-para-sao-goncalo\\\/\"]}]},{\"@type\":\"ImageObject\",\"inLanguage\":\"en-US\",\"@id\":\"https:\\\/\\\/folhadoleste.com.br\\\/baile-dancante-da-dona-helo-reis-retorna-para-sao-goncalo\\\/#primaryimage\",\"url\":\"https:\\\/\\\/folhadoleste.com.br\\\/wp-content\\\/uploads\\\/2024\\\/10\\\/Baile-Dancante-da-Dona-Helo-Reis-retorna-para-Sao-Goncalo-Foto-Cortada-Divulgacao.jpg\",\"contentUrl\":\"https:\\\/\\\/folhadoleste.com.br\\\/wp-content\\\/uploads\\\/2024\\\/10\\\/Baile-Dancante-da-Dona-Helo-Reis-retorna-para-Sao-Goncalo-Foto-Cortada-Divulgacao.jpg\",\"width\":1199,\"height\":674,\"caption\":\"Baile Dan\u00e7ante da Dona Hel\u00f4 Reis retorna para S\u00e3o Gon\u00e7alo | Divulga\u00e7\u00e3o\"},{\"@type\":\"BreadcrumbList\",\"@id\":\"https:\\\/\\\/folhadoleste.com.br\\\/baile-dancante-da-dona-helo-reis-retorna-para-sao-goncalo\\\/#breadcrumb\",\"itemListElement\":[{\"@type\":\"ListItem\",\"position\":1,\"name\":\"In\u00edcio\",\"item\":\"https:\\\/\\\/folhadoleste.com.br\\\/\"},{\"@type\":\"ListItem\",\"position\":2,\"name\":\"Estado do Rio de Janeiro\",\"item\":\"https:\\\/\\\/folhadoleste.com.br\\\/category\\\/estado-do-rio-de-janeiro\\\/\"},{\"@type\":\"ListItem\",\"position\":3,\"name\":\"Leste Fluminense\",\"item\":\"https:\\\/\\\/folhadoleste.com.br\\\/category\\\/estado-do-rio-de-janeiro\\\/leste-fluminense\\\/\"},{\"@type\":\"ListItem\",\"position\":4,\"name\":\"S\u00e3o Gon\u00e7alo\",\"item\":\"https:\\\/\\\/folhadoleste.com.br\\\/category\\\/estado-do-rio-de-janeiro\\\/leste-fluminense\\\/sao-goncalo\\\/\"},{\"@type\":\"ListItem\",\"position\":5,\"name\":\"Baile Dan\u00e7ante da Dona Hel\u00f4 Reis retorna para S\u00e3o Gon\u00e7alo\"}]},{\"@type\":\"WebSite\",\"@id\":\"https:\\\/\\\/folhadoleste.com.br\\\/#website\",\"url\":\"https:\\\/\\\/folhadoleste.com.br\\\/\",\"name\":\"Folha do Leste\",\"description\":\"Portal de Not\u00edcias com \u00eanfase em Niter\u00f3i, criando conte\u00fados desde a capital Rio de Janeiro, com olhar para o Leste Fluminense e suas cidades como S\u00e3o Gon\u00e7alo, Itabora\u00ed, Rio Bonito, Maric\u00e1, Saquarema e Araruama\",\"publisher\":{\"@id\":\"https:\\\/\\\/folhadoleste.com.br\\\/#organization\"},\"alternateName\":\"FL\",\"potentialAction\":[{\"@type\":\"SearchAction\",\"target\":{\"@type\":\"EntryPoint\",\"urlTemplate\":\"https:\\\/\\\/folhadoleste.com.br\\\/?s={search_term_string}\"},\"query-input\":{\"@type\":\"PropertyValueSpecification\",\"valueRequired\":true,\"valueName\":\"search_term_string\"}}],\"inLanguage\":\"en-US\"},{\"@type\":\"Organization\",\"@id\":\"https:\\\/\\\/folhadoleste.com.br\\\/#organization\",\"name\":\"Brasil 21 Comunica\u00e7\u00e3o\",\"alternateName\":\"BR21\",\"url\":\"https:\\\/\\\/folhadoleste.com.br\\\/\",\"logo\":{\"@type\":\"ImageObject\",\"inLanguage\":\"en-US\",\"@id\":\"https:\\\/\\\/folhadoleste.com.br\\\/#\\\/schema\\\/logo\\\/image\\\/\",\"url\":\"https:\\\/\\\/folhadoleste.com.br\\\/wp-content\\\/uploads\\\/2025\\\/12\\\/brasil-21-logomarca.avif\",\"contentUrl\":\"https:\\\/\\\/folhadoleste.com.br\\\/wp-content\\\/uploads\\\/2025\\\/12\\\/brasil-21-logomarca.avif\",\"width\":1044,\"height\":1044,\"caption\":\"Brasil 21 Comunica\u00e7\u00e3o\"},\"image\":{\"@id\":\"https:\\\/\\\/folhadoleste.com.br\\\/#\\\/schema\\\/logo\\\/image\\\/\"},\"sameAs\":[\"https:\\\/\\\/www.facebook.com\\\/folhadoleste\",\"https:\\\/\\\/x.com\\\/FolhadoLesteRJ\",\"https:\\\/\\\/www.instagram.com\\\/folhadoleste\\\/\"]},{\"@type\":\"Person\",\"@id\":\"https:\\\/\\\/folhadoleste.com.br\\\/#\\\/schema\\\/person\\\/3e97145b2e1861276e84471aa85a3899\",\"name\":\"Folha do Leste\",\"image\":{\"@type\":\"ImageObject\",\"inLanguage\":\"en-US\",\"@id\":\"https:\\\/\\\/folhadoleste.com.br\\\/wp-content\\\/litespeed\\\/avatar\\\/1ca8c218432e7045e748610eb3db0259.jpg?ver=1777161142\",\"url\":\"https:\\\/\\\/folhadoleste.com.br\\\/wp-content\\\/litespeed\\\/avatar\\\/1ca8c218432e7045e748610eb3db0259.jpg?ver=1777161142\",\"contentUrl\":\"https:\\\/\\\/folhadoleste.com.br\\\/wp-content\\\/litespeed\\\/avatar\\\/1ca8c218432e7045e748610eb3db0259.jpg?ver=1777161142\",\"caption\":\"Folha do Leste\"},\"url\":\"https:\\\/\\\/folhadoleste.com.br\\\/en\\\/author\\\/reportagem-01\\\/\"}]}<\/script>\n<!-- \/ Yoast SEO plugin. -->","yoast_head_json":{"title":"Baile Dan\u00e7ante da Dona Hel\u00f4 Reis retorna para S\u00e3o Gon\u00e7alo &#8226; Folha do Leste","description":"Baile Dan\u00e7ante da Dona Hel\u00f4 Reis retorna para S\u00e3o Gon\u00e7alo. Evento gratuito re\u00fane amigos e familiares no P\u00e1tio Alc\u00e2ntara...","robots":{"index":"index","follow":"follow","max-snippet":"max-snippet:-1","max-image-preview":"max-image-preview:large","max-video-preview":"max-video-preview:-1"},"canonical":"https:\/\/folhadoleste.com.br\/en\/baile-dancante-da-dona-helo-reis-retorna-para-sao-goncalo\/","og_locale":"en_US","og_type":"article","og_title":"Baile Dan\u00e7ante da Dona Hel\u00f4 Reis retorna para S\u00e3o Gon\u00e7alo &#8226; Folha do Leste","og_description":"S\u00e3o Gon\u00e7alo &#8226; 2 de October de 2024 &#8226; Folha do Leste","og_url":"https:\/\/folhadoleste.com.br\/en\/baile-dancante-da-dona-helo-reis-retorna-para-sao-goncalo\/","og_site_name":"Folha do Leste","article_publisher":"https:\/\/www.facebook.com\/folhadoleste","article_published_time":"2024-10-02T13:49:04+00:00","article_modified_time":"2024-10-02T13:49:06+00:00","og_image":[{"width":1199,"height":674,"url":"https:\/\/folhadoleste.com.br\/wp-content\/uploads\/2024\/10\/Baile-Dancante-da-Dona-Helo-Reis-retorna-para-Sao-Goncalo-Foto-Cortada-Divulgacao.jpg","type":"image\/jpeg"}],"author":"Folha do Leste","twitter_card":"summary_large_image","twitter_description":"S\u00e3o Gon\u00e7alo &#8226; 2 de October de 2024 &#8226; Folha do Leste","twitter_creator":"@FolhadoLesteRJ","twitter_site":"@FolhadoLesteRJ","twitter_misc":{"Written by":"Folha do Leste","Est. reading time":"3 minutes"},"schema":{"@context":"https:\/\/schema.org","@graph":[{"@type":"NewsArticle","@id":"https:\/\/folhadoleste.com.br\/baile-dancante-da-dona-helo-reis-retorna-para-sao-goncalo\/#article","isPartOf":{"@id":"https:\/\/folhadoleste.com.br\/baile-dancante-da-dona-helo-reis-retorna-para-sao-goncalo\/"},"author":{"name":"Folha do Leste","@id":"https:\/\/folhadoleste.com.br\/#\/schema\/person\/3e97145b2e1861276e84471aa85a3899"},"headline":"Baile Dan\u00e7ante da Dona Hel\u00f4 Reis retorna para S\u00e3o Gon\u00e7alo","datePublished":"2024-10-02T13:49:04+00:00","dateModified":"2024-10-02T13:49:06+00:00","mainEntityOfPage":{"@id":"https:\/\/folhadoleste.com.br\/baile-dancante-da-dona-helo-reis-retorna-para-sao-goncalo\/"},"wordCount":373,"commentCount":0,"publisher":{"@id":"https:\/\/folhadoleste.com.br\/#organization"},"image":{"@id":"https:\/\/folhadoleste.com.br\/baile-dancante-da-dona-helo-reis-retorna-para-sao-goncalo\/#primaryimage"},"thumbnailUrl":"https:\/\/folhadoleste.com.br\/wp-content\/uploads\/2024\/10\/Baile-Dancante-da-Dona-Helo-Reis-retorna-para-Sao-Goncalo-Foto-Cortada-Divulgacao.jpg","keywords":["Adriana Biar","Baile Dan\u00e7ante","Divers\u00e3o","Dona Hel\u00f4 Reis","entretenimento","evento gratuito","Leste Fluminense","m\u00fasica brasileira","m\u00fasica internacional","m\u00fasica na pra\u00e7a","P\u00e1tio Alc\u00e2ntara","pra\u00e7a de alimenta\u00e7\u00e3o","programa\u00e7\u00e3o musical","p\u00fablico animado","s\u00e3o gon\u00e7alo","show ao vivo","Toni Silva"],"articleSection":["Cultura","Entretenimento","Entretenimento, Artes e Cultura","Leste Fluminense","S\u00e3o Gon\u00e7alo"],"inLanguage":"en-US","potentialAction":[{"@type":"CommentAction","name":"Comment","target":["https:\/\/folhadoleste.com.br\/baile-dancante-da-dona-helo-reis-retorna-para-sao-goncalo\/#respond"]}]},{"@type":"WebPage","@id":"https:\/\/folhadoleste.com.br\/baile-dancante-da-dona-helo-reis-retorna-para-sao-goncalo\/","url":"https:\/\/folhadoleste.com.br\/baile-dancante-da-dona-helo-reis-retorna-para-sao-goncalo\/","name":"Baile Dan\u00e7ante da Dona Hel\u00f4 Reis retorna para S\u00e3o Gon\u00e7alo &#8226; Folha do Leste","isPartOf":{"@id":"https:\/\/folhadoleste.com.br\/#website"},"primaryImageOfPage":{"@id":"https:\/\/folhadoleste.com.br\/baile-dancante-da-dona-helo-reis-retorna-para-sao-goncalo\/#primaryimage"},"image":{"@id":"https:\/\/folhadoleste.com.br\/baile-dancante-da-dona-helo-reis-retorna-para-sao-goncalo\/#primaryimage"},"thumbnailUrl":"https:\/\/folhadoleste.com.br\/wp-content\/uploads\/2024\/10\/Baile-Dancante-da-Dona-Helo-Reis-retorna-para-Sao-Goncalo-Foto-Cortada-Divulgacao.jpg","datePublished":"2024-10-02T13:49:04+00:00","dateModified":"2024-10-02T13:49:06+00:00","description":"Baile Dan\u00e7ante da Dona Hel\u00f4 Reis retorna para S\u00e3o Gon\u00e7alo. Evento gratuito re\u00fane amigos e familiares no P\u00e1tio Alc\u00e2ntara...","breadcrumb":{"@id":"https:\/\/folhadoleste.com.br\/baile-dancante-da-dona-helo-reis-retorna-para-sao-goncalo\/#breadcrumb"},"inLanguage":"en-US","potentialAction":[{"@type":"ReadAction","target":["https:\/\/folhadoleste.com.br\/baile-dancante-da-dona-helo-reis-retorna-para-sao-goncalo\/"]}]},{"@type":"ImageObject","inLanguage":"en-US","@id":"https:\/\/folhadoleste.com.br\/baile-dancante-da-dona-helo-reis-retorna-para-sao-goncalo\/#primaryimage","url":"https:\/\/folhadoleste.com.br\/wp-content\/uploads\/2024\/10\/Baile-Dancante-da-Dona-Helo-Reis-retorna-para-Sao-Goncalo-Foto-Cortada-Divulgacao.jpg","contentUrl":"https:\/\/folhadoleste.com.br\/wp-content\/uploads\/2024\/10\/Baile-Dancante-da-Dona-Helo-Reis-retorna-para-Sao-Goncalo-Foto-Cortada-Divulgacao.jpg","width":1199,"height":674,"caption":"Baile Dan\u00e7ante da Dona Hel\u00f4 Reis retorna para S\u00e3o Gon\u00e7alo | Divulga\u00e7\u00e3o"},{"@type":"BreadcrumbList","@id":"https:\/\/folhadoleste.com.br\/baile-dancante-da-dona-helo-reis-retorna-para-sao-goncalo\/#breadcrumb","itemListElement":[{"@type":"ListItem","position":1,"name":"In\u00edcio","item":"https:\/\/folhadoleste.com.br\/"},{"@type":"ListItem","position":2,"name":"Estado do Rio de Janeiro","item":"https:\/\/folhadoleste.com.br\/category\/estado-do-rio-de-janeiro\/"},{"@type":"ListItem","position":3,"name":"Leste Fluminense","item":"https:\/\/folhadoleste.com.br\/category\/estado-do-rio-de-janeiro\/leste-fluminense\/"},{"@type":"ListItem","position":4,"name":"S\u00e3o Gon\u00e7alo","item":"https:\/\/folhadoleste.com.br\/category\/estado-do-rio-de-janeiro\/leste-fluminense\/sao-goncalo\/"},{"@type":"ListItem","position":5,"name":"Baile Dan\u00e7ante da Dona Hel\u00f4 Reis retorna para S\u00e3o Gon\u00e7alo"}]},{"@type":"WebSite","@id":"https:\/\/folhadoleste.com.br\/#website","url":"https:\/\/folhadoleste.com.br\/","name":"Folha do Leste","description":"Portal de Not\u00edcias com \u00eanfase em Niter\u00f3i, criando conte\u00fados desde a capital Rio de Janeiro, com olhar para o Leste Fluminense e suas cidades como S\u00e3o Gon\u00e7alo, Itabora\u00ed, Rio Bonito, Maric\u00e1, Saquarema e Araruama","publisher":{"@id":"https:\/\/folhadoleste.com.br\/#organization"},"alternateName":"FL","potentialAction":[{"@type":"SearchAction","target":{"@type":"EntryPoint","urlTemplate":"https:\/\/folhadoleste.com.br\/?s={search_term_string}"},"query-input":{"@type":"PropertyValueSpecification","valueRequired":true,"valueName":"search_term_string"}}],"inLanguage":"en-US"},{"@type":"Organization","@id":"https:\/\/folhadoleste.com.br\/#organization","name":"Brasil 21 Comunica\u00e7\u00e3o","alternateName":"BR21","url":"https:\/\/folhadoleste.com.br\/","logo":{"@type":"ImageObject","inLanguage":"en-US","@id":"https:\/\/folhadoleste.com.br\/#\/schema\/logo\/image\/","url":"https:\/\/folhadoleste.com.br\/wp-content\/uploads\/2025\/12\/brasil-21-logomarca.avif","contentUrl":"https:\/\/folhadoleste.com.br\/wp-content\/uploads\/2025\/12\/brasil-21-logomarca.avif","width":1044,"height":1044,"caption":"Brasil 21 Comunica\u00e7\u00e3o"},"image":{"@id":"https:\/\/folhadoleste.com.br\/#\/schema\/logo\/image\/"},"sameAs":["https:\/\/www.facebook.com\/folhadoleste","https:\/\/x.com\/FolhadoLesteRJ","https:\/\/www.instagram.com\/folhadoleste\/"]},{"@type":"Person","@id":"https:\/\/folhadoleste.com.br\/#\/schema\/person\/3e97145b2e1861276e84471aa85a3899","name":"Folha do Leste","image":{"@type":"ImageObject","inLanguage":"en-US","@id":"https:\/\/folhadoleste.com.br\/wp-content\/litespeed\/avatar\/1ca8c218432e7045e748610eb3db0259.jpg?ver=1777161142","url":"https:\/\/folhadoleste.com.br\/wp-content\/litespeed\/avatar\/1ca8c218432e7045e748610eb3db0259.jpg?ver=1777161142","contentUrl":"https:\/\/folhadoleste.com.br\/wp-content\/litespeed\/avatar\/1ca8c218432e7045e748610eb3db0259.jpg?ver=1777161142","caption":"Folha do Leste"},"url":"https:\/\/folhadoleste.com.br\/en\/author\/reportagem-01\/"}]}},"_links":{"self":[{"href":"https:\/\/folhadoleste.com.br\/en\/wp-json\/wp\/v2\/posts\/86929","targetHints":{"allow":["GET"]}}],"collection":[{"href":"https:\/\/folhadoleste.com.br\/en\/wp-json\/wp\/v2\/posts"}],"about":[{"href":"https:\/\/folhadoleste.com.br\/en\/wp-json\/wp\/v2\/types\/post"}],"author":[{"embeddable":true,"href":"https:\/\/folhadoleste.com.br\/en\/wp-json\/wp\/v2\/users\/4"}],"replies":[{"embeddable":true,"href":"https:\/\/folhadoleste.com.br\/en\/wp-json\/wp\/v2\/comments?post=86929"}],"version-history":[{"count":2,"href":"https:\/\/folhadoleste.com.br\/en\/wp-json\/wp\/v2\/posts\/86929\/revisions"}],"predecessor-version":[{"id":86934,"href":"https:\/\/folhadoleste.com.br\/en\/wp-json\/wp\/v2\/posts\/86929\/revisions\/86934"}],"wp:featuredmedia":[{"embeddable":true,"href":"https:\/\/folhadoleste.com.br\/en\/wp-json\/wp\/v2\/media\/86932"}],"wp:attachment":[{"href":"https:\/\/folhadoleste.com.br\/en\/wp-json\/wp\/v2\/media?parent=86929"}],"wp:term":[{"taxonomy":"category","embeddable":true,"href":"https:\/\/folhadoleste.com.br\/en\/wp-json\/wp\/v2\/categories?post=86929"},{"taxonomy":"post_tag","embeddable":true,"href":"https:\/\/folhadoleste.com.br\/en\/wp-json\/wp\/v2\/tags?post=86929"}],"curies":[{"name":"wp","href":"https:\/\/api.w.org\/{rel}","templated":true}]}}