{"id":86798,"date":"2024-10-01T15:01:37","date_gmt":"2024-10-01T18:01:37","guid":{"rendered":"https:\/\/folhadoleste.com.br\/?p=86798"},"modified":"2024-10-01T15:01:37","modified_gmt":"2024-10-01T18:01:37","slug":"acao-policial-na-via-light-prende-criminosos-armados","status":"publish","type":"post","link":"https:\/\/folhadoleste.com.br\/en\/acao-policial-na-via-light-prende-criminosos-armados\/","title":{"rendered":"A\u00e7\u00e3o policial na Via Light prende criminosos armados"},"content":{"rendered":"<div id=\"attachment_86800\" style=\"width: 1034px\" class=\"wp-caption aligncenter\"><img decoding=\"async\" aria-describedby=\"caption-attachment-86800\" class=\"size-large wp-image-86800\" src=\"https:\/\/folhadoleste.com.br\/wp-content\/uploads\/2024\/10\/Acao-policial-na-Via-Light-prende-criminosos-armados-Foto-Divulgacao-PMERJ-1024x640.jpg\" alt=\"A\u00e7\u00e3o policial na Via Light prende criminosos armados\" width=\"1024\" height=\"640\" \/><p id=\"caption-attachment-86800\" class=\"wp-caption-text\">A\u00e7\u00e3o policial na Via Light prende criminosos armados | Divulga\u00e7\u00e3o<\/p><\/div>\n<p style=\"text-align: justify;\">Na manh\u00e3 desta ter\u00e7a-feira (01), uma a\u00e7\u00e3o policial mobilizou a Via Light, em Nova Igua\u00e7u, ap\u00f3s um grupo armado realizar uma s\u00e9rie de assaltos na Avenida Moquet\u00e1 e na Rua Apinag\u00e9s, na Baixada Fluminense. A movimenta\u00e7\u00e3o assustou motoristas e pedestres que passavam pelo local.<\/p>\n<h6><span style=\"color: #ff0000;\"><strong>+<\/strong><\/span> <span style=\"color: #000000;\">LEIA TAMB\u00c9M: \u25ba<\/span><a href=\"https:\/\/folhadoleste.com.br\/en\/vacinacao-contra-variante-xbb-da-covid-19-amplia-faixa-etaria\/\"><strong>Vacina\u00e7\u00e3o contra variante XBB da covid-19 amplia faixa et\u00e1ria<\/strong><\/a><\/h6>\n<p style=\"text-align: justify;\">Segundo informa\u00e7\u00f5es da Pol\u00edcia Militar, agentes do 20\u00ba BPM (Mesquita) foram acionados para conter os criminosos. Contando com o apoio do Programa Estadual de Integra\u00e7\u00e3o de Seguran\u00e7a (Proeis), que mant\u00e9m uma cabine na regi\u00e3o, os policiais conseguiram montar um cerco t\u00e1tico. A a\u00e7\u00e3o foi r\u00e1pida e eficiente, resultando na pris\u00e3o de dois homens armados.<\/p>\n<h5 style=\"text-align: center;\"><span style=\"color: #000000;\"><span style=\"color: #ff0000;\"><strong>+ <\/strong><\/span><\/span><span style=\"color: #000000;\"><strong><span style=\"color: #ff9900;\">MAIS NOT\u00cdCIAS DA BAIXADA FLUMINENSE?<\/span> <span style=\"color: #008080;\"><a style=\"color: #008080;\" href=\"https:\/\/folhadoleste.com.br\/en\/category\/baixada-fluminense\/\">CLIQUE AQUI<\/a><\/span><\/strong><\/span><\/h5>\n<p style=\"text-align: justify;\">Durante a opera\u00e7\u00e3o, os policiais apreenderam uma pistola calibre 380, utilizada pelos suspeitos. Al\u00e9m disso, tr\u00eas ve\u00edculos que haviam sido roubados foram recuperados pelas autoridades. O caso foi encaminhado \u00e0 52\u00aa Delegacia de Pol\u00edcia (Centro de Nova Igua\u00e7u), onde os criminosos permanecem \u00e0 disposi\u00e7\u00e3o da justi\u00e7a.<\/p>\n<div id=\"attachment_77492\" class=\"wp-caption aligncenter\">\n<p><a href=\"http:\/\/instagram.com\/folhadoleste\"><img decoding=\"async\" class=\"wp-image-77492 size-full\" src=\"https:\/\/folhadoleste.com.br\/wp-content\/uploads\/2024\/07\/Instagram-Folha-do-Leste.png\" alt=\"http:\/\/instagram.com\/folhadoleste\" width=\"400\" height=\"200\" aria-describedby=\"caption-attachment-77492\" \/><\/a><\/p>\n<p id=\"caption-attachment-77492\" class=\"wp-caption-text\">Siga o Folha do Leste no Instagram!<\/p>\n<\/div>\n<div id=\"attachment_77490\" class=\"wp-caption aligncenter\">\n<p><a href=\"http:\/\/facebook.com\/folhadoleste\"><img decoding=\"async\" class=\"size-medium wp-image-77490\" src=\"https:\/\/folhadoleste.com.br\/wp-content\/uploads\/2024\/07\/Facebook-Folha-do-Leste-10k-300x300.jpg\" alt=\"Curta e siga o Folha do Leste no Facebook!\" width=\"300\" height=\"300\" aria-describedby=\"caption-attachment-77490\" \/><\/a><\/p>\n<p id=\"caption-attachment-77490\" class=\"wp-caption-text\">Curta e siga o Folha do Leste no Facebook!<\/p>\n<\/div>","protected":false},"excerpt":{"rendered":"<p>Na manh\u00e3 desta ter\u00e7a-feira (01), uma a\u00e7\u00e3o policial mobilizou a Via Light, em Nova Igua\u00e7u, ap\u00f3s um grupo armado realizar uma s\u00e9rie de assaltos na Avenida Moquet\u00e1 e na Rua Apinag\u00e9s, na Baixada Fluminense. A movimenta\u00e7\u00e3o assustou motoristas e pedestres que passavam pelo local. + LEIA TAMB\u00c9M: \u25baVacina\u00e7\u00e3o contra variante XBB da covid-19 amplia faixa et\u00e1ria Segundo informa\u00e7\u00f5es da Pol\u00edcia Militar, agentes do 20\u00ba BPM (Mesquita) foram acionados para conter os criminosos. Contando com o apoio do Programa Estadual de Integra\u00e7\u00e3o de Seguran\u00e7a (Proeis), que mant\u00e9m uma cabine na regi\u00e3o, os policiais conseguiram montar um cerco t\u00e1tico. A a\u00e7\u00e3o foi [&hellip;]<\/p>\n","protected":false},"author":4,"featured_media":86800,"comment_status":"open","ping_status":"open","sticky":false,"template":"","format":"standard","meta":{"footnotes":""},"categories":[2213,46],"tags":[28817,28304,11782,3346,3385,3134,2501,18812,600,15119,697,1744,19497,11944,78,2587,410,2244,824,42599,15661],"class_list":["post-86798","post","type-post","status-publish","format-standard","has-post-thumbnail","hentry","category-noticias-da-baixada-fluminense","category-estado-do-rio-de-janeiro","tag-20o-bpm","tag-57a-dp","tag-arma-de-fogo","tag-assalto","tag-baixada-fluminense","tag-bandidos","tag-crime-organizado","tag-detencao","tag-estado-do-rio","tag-inseguranca","tag-justica","tag-nova-iguacu","tag-ocorrencia-policial","tag-perseguicao-policial","tag-policia","tag-policia-militar","tag-prisao","tag-roubo","tag-seguranca-publica","tag-via-light","tag-viaturas","post--single"],"yoast_head":"<!-- This site is optimized with the Yoast SEO plugin v27.5 - https:\/\/yoast.com\/product\/yoast-seo-wordpress\/ -->\n<title>A\u00e7\u00e3o policial na Via Light prende criminosos armados &#8226; Folha do Leste<\/title>\n<meta name=\"description\" content=\"A\u00e7\u00e3o policial na Via Light prende criminosos armados. Assaltos em Nova Igua\u00e7u geram mobiliza\u00e7\u00e3o policial...\" \/>\n<meta name=\"robots\" content=\"index, follow, max-snippet:-1, max-image-preview:large, max-video-preview:-1\" \/>\n<link rel=\"canonical\" href=\"https:\/\/folhadoleste.com.br\/en\/acao-policial-na-via-light-prende-criminosos-armados\/\" \/>\n<meta property=\"og:locale\" content=\"en_US\" \/>\n<meta property=\"og:type\" content=\"article\" \/>\n<meta property=\"og:title\" content=\"A\u00e7\u00e3o policial na Via Light prende criminosos armados &#8226; Folha do Leste\" \/>\n<meta property=\"og:description\" content=\"Baixada Fluminense &#8226; 1 de October de 2024 &#8226; Folha do Leste\" \/>\n<meta property=\"og:url\" content=\"https:\/\/folhadoleste.com.br\/en\/acao-policial-na-via-light-prende-criminosos-armados\/\" \/>\n<meta property=\"og:site_name\" content=\"Folha do Leste\" \/>\n<meta property=\"article:publisher\" content=\"https:\/\/www.facebook.com\/folhadoleste\" \/>\n<meta property=\"article:published_time\" content=\"2024-10-01T18:01:37+00:00\" \/>\n<meta property=\"og:image\" content=\"https:\/\/folhadoleste.com.br\/wp-content\/uploads\/2024\/10\/Acao-policial-na-Via-Light-prende-criminosos-armados-Foto-Divulgacao-PMERJ.jpg\" \/>\n\t<meta property=\"og:image:width\" content=\"1200\" \/>\n\t<meta property=\"og:image:height\" content=\"750\" \/>\n\t<meta property=\"og:image:type\" content=\"image\/jpeg\" \/>\n<meta name=\"author\" content=\"Folha do Leste\" \/>\n<meta name=\"twitter:card\" content=\"summary_large_image\" \/>\n<meta name=\"twitter:description\" content=\"Baixada Fluminense &#8226; 1 de October de 2024 &#8226; Folha do Leste\" \/>\n<meta name=\"twitter:creator\" content=\"@FolhadoLesteRJ\" \/>\n<meta name=\"twitter:site\" content=\"@FolhadoLesteRJ\" \/>\n<meta name=\"twitter:label1\" content=\"Written by\" \/>\n\t<meta name=\"twitter:data1\" content=\"Folha do Leste\" \/>\n\t<meta name=\"twitter:label2\" content=\"Est. reading time\" \/>\n\t<meta name=\"twitter:data2\" content=\"2 minutes\" \/>\n<script type=\"application\/ld+json\" class=\"yoast-schema-graph\">{\"@context\":\"https:\\\/\\\/schema.org\",\"@graph\":[{\"@type\":\"NewsArticle\",\"@id\":\"https:\\\/\\\/folhadoleste.com.br\\\/acao-policial-na-via-light-prende-criminosos-armados\\\/#article\",\"isPartOf\":{\"@id\":\"https:\\\/\\\/folhadoleste.com.br\\\/acao-policial-na-via-light-prende-criminosos-armados\\\/\"},\"author\":{\"name\":\"Folha do Leste\",\"@id\":\"https:\\\/\\\/folhadoleste.com.br\\\/#\\\/schema\\\/person\\\/3e97145b2e1861276e84471aa85a3899\"},\"headline\":\"A\u00e7\u00e3o policial na Via Light prende criminosos armados\",\"datePublished\":\"2024-10-01T18:01:37+00:00\",\"mainEntityOfPage\":{\"@id\":\"https:\\\/\\\/folhadoleste.com.br\\\/acao-policial-na-via-light-prende-criminosos-armados\\\/\"},\"wordCount\":228,\"commentCount\":0,\"publisher\":{\"@id\":\"https:\\\/\\\/folhadoleste.com.br\\\/#organization\"},\"image\":{\"@id\":\"https:\\\/\\\/folhadoleste.com.br\\\/acao-policial-na-via-light-prende-criminosos-armados\\\/#primaryimage\"},\"thumbnailUrl\":\"https:\\\/\\\/folhadoleste.com.br\\\/wp-content\\\/uploads\\\/2024\\\/10\\\/Acao-policial-na-Via-Light-prende-criminosos-armados-Foto-Divulgacao-PMERJ.jpg\",\"keywords\":[\"20\u00ba BPM\",\"57\u00aa DP\",\"arma de fogo\",\"assalto\",\"Baixada Fluminense\",\"bandidos\",\"crime organizado\",\"Deten\u00e7\u00e3o\",\"estado do rio\",\"Inseguran\u00e7a\",\"Justi\u00e7a\",\"Nova Igua\u00e7u\",\"ocorr\u00eancia policial\",\"persegui\u00e7\u00e3o policial\",\"pol\u00edcia\",\"Pol\u00edcia Militar\",\"pris\u00e3o\",\"roubo\",\"Seguran\u00e7a publica\",\"Via Light\",\"Viaturas\"],\"articleSection\":[\"Baixada Fluminense\",\"Estado do Rio de Janeiro\"],\"inLanguage\":\"en-US\",\"potentialAction\":[{\"@type\":\"CommentAction\",\"name\":\"Comment\",\"target\":[\"https:\\\/\\\/folhadoleste.com.br\\\/acao-policial-na-via-light-prende-criminosos-armados\\\/#respond\"]}]},{\"@type\":\"WebPage\",\"@id\":\"https:\\\/\\\/folhadoleste.com.br\\\/acao-policial-na-via-light-prende-criminosos-armados\\\/\",\"url\":\"https:\\\/\\\/folhadoleste.com.br\\\/acao-policial-na-via-light-prende-criminosos-armados\\\/\",\"name\":\"A\u00e7\u00e3o policial na Via Light prende criminosos armados &#8226; Folha do Leste\",\"isPartOf\":{\"@id\":\"https:\\\/\\\/folhadoleste.com.br\\\/#website\"},\"primaryImageOfPage\":{\"@id\":\"https:\\\/\\\/folhadoleste.com.br\\\/acao-policial-na-via-light-prende-criminosos-armados\\\/#primaryimage\"},\"image\":{\"@id\":\"https:\\\/\\\/folhadoleste.com.br\\\/acao-policial-na-via-light-prende-criminosos-armados\\\/#primaryimage\"},\"thumbnailUrl\":\"https:\\\/\\\/folhadoleste.com.br\\\/wp-content\\\/uploads\\\/2024\\\/10\\\/Acao-policial-na-Via-Light-prende-criminosos-armados-Foto-Divulgacao-PMERJ.jpg\",\"datePublished\":\"2024-10-01T18:01:37+00:00\",\"description\":\"A\u00e7\u00e3o policial na Via Light prende criminosos armados. Assaltos em Nova Igua\u00e7u geram mobiliza\u00e7\u00e3o policial...\",\"breadcrumb\":{\"@id\":\"https:\\\/\\\/folhadoleste.com.br\\\/acao-policial-na-via-light-prende-criminosos-armados\\\/#breadcrumb\"},\"inLanguage\":\"en-US\",\"potentialAction\":[{\"@type\":\"ReadAction\",\"target\":[\"https:\\\/\\\/folhadoleste.com.br\\\/acao-policial-na-via-light-prende-criminosos-armados\\\/\"]}]},{\"@type\":\"ImageObject\",\"inLanguage\":\"en-US\",\"@id\":\"https:\\\/\\\/folhadoleste.com.br\\\/acao-policial-na-via-light-prende-criminosos-armados\\\/#primaryimage\",\"url\":\"https:\\\/\\\/folhadoleste.com.br\\\/wp-content\\\/uploads\\\/2024\\\/10\\\/Acao-policial-na-Via-Light-prende-criminosos-armados-Foto-Divulgacao-PMERJ.jpg\",\"contentUrl\":\"https:\\\/\\\/folhadoleste.com.br\\\/wp-content\\\/uploads\\\/2024\\\/10\\\/Acao-policial-na-Via-Light-prende-criminosos-armados-Foto-Divulgacao-PMERJ.jpg\",\"width\":1200,\"height\":750,\"caption\":\"A\u00e7\u00e3o policial na Via Light prende criminosos armados | Divulga\u00e7\u00e3o\"},{\"@type\":\"BreadcrumbList\",\"@id\":\"https:\\\/\\\/folhadoleste.com.br\\\/acao-policial-na-via-light-prende-criminosos-armados\\\/#breadcrumb\",\"itemListElement\":[{\"@type\":\"ListItem\",\"position\":1,\"name\":\"In\u00edcio\",\"item\":\"https:\\\/\\\/folhadoleste.com.br\\\/\"},{\"@type\":\"ListItem\",\"position\":2,\"name\":\"Estado do Rio de Janeiro\",\"item\":\"https:\\\/\\\/folhadoleste.com.br\\\/category\\\/estado-do-rio-de-janeiro\\\/\"},{\"@type\":\"ListItem\",\"position\":3,\"name\":\"Baixada Fluminense\",\"item\":\"https:\\\/\\\/folhadoleste.com.br\\\/category\\\/estado-do-rio-de-janeiro\\\/noticias-da-baixada-fluminense\\\/\"},{\"@type\":\"ListItem\",\"position\":4,\"name\":\"A\u00e7\u00e3o policial na Via Light prende criminosos armados\"}]},{\"@type\":\"WebSite\",\"@id\":\"https:\\\/\\\/folhadoleste.com.br\\\/#website\",\"url\":\"https:\\\/\\\/folhadoleste.com.br\\\/\",\"name\":\"Folha do Leste\",\"description\":\"Portal de Not\u00edcias com \u00eanfase em Niter\u00f3i, criando conte\u00fados desde a capital Rio de Janeiro, com olhar para o Leste Fluminense e suas cidades como S\u00e3o Gon\u00e7alo, Itabora\u00ed, Rio Bonito, Maric\u00e1, Saquarema e Araruama\",\"publisher\":{\"@id\":\"https:\\\/\\\/folhadoleste.com.br\\\/#organization\"},\"alternateName\":\"FL\",\"potentialAction\":[{\"@type\":\"SearchAction\",\"target\":{\"@type\":\"EntryPoint\",\"urlTemplate\":\"https:\\\/\\\/folhadoleste.com.br\\\/?s={search_term_string}\"},\"query-input\":{\"@type\":\"PropertyValueSpecification\",\"valueRequired\":true,\"valueName\":\"search_term_string\"}}],\"inLanguage\":\"en-US\"},{\"@type\":\"Organization\",\"@id\":\"https:\\\/\\\/folhadoleste.com.br\\\/#organization\",\"name\":\"Brasil 21 Comunica\u00e7\u00e3o\",\"alternateName\":\"BR21\",\"url\":\"https:\\\/\\\/folhadoleste.com.br\\\/\",\"logo\":{\"@type\":\"ImageObject\",\"inLanguage\":\"en-US\",\"@id\":\"https:\\\/\\\/folhadoleste.com.br\\\/#\\\/schema\\\/logo\\\/image\\\/\",\"url\":\"https:\\\/\\\/folhadoleste.com.br\\\/wp-content\\\/uploads\\\/2025\\\/12\\\/brasil-21-logomarca.avif\",\"contentUrl\":\"https:\\\/\\\/folhadoleste.com.br\\\/wp-content\\\/uploads\\\/2025\\\/12\\\/brasil-21-logomarca.avif\",\"width\":1044,\"height\":1044,\"caption\":\"Brasil 21 Comunica\u00e7\u00e3o\"},\"image\":{\"@id\":\"https:\\\/\\\/folhadoleste.com.br\\\/#\\\/schema\\\/logo\\\/image\\\/\"},\"sameAs\":[\"https:\\\/\\\/www.facebook.com\\\/folhadoleste\",\"https:\\\/\\\/x.com\\\/FolhadoLesteRJ\",\"https:\\\/\\\/www.instagram.com\\\/folhadoleste\\\/\"]},{\"@type\":\"Person\",\"@id\":\"https:\\\/\\\/folhadoleste.com.br\\\/#\\\/schema\\\/person\\\/3e97145b2e1861276e84471aa85a3899\",\"name\":\"Folha do Leste\",\"image\":{\"@type\":\"ImageObject\",\"inLanguage\":\"en-US\",\"@id\":\"https:\\\/\\\/folhadoleste.com.br\\\/wp-content\\\/litespeed\\\/avatar\\\/1ca8c218432e7045e748610eb3db0259.jpg?ver=1777161142\",\"url\":\"https:\\\/\\\/folhadoleste.com.br\\\/wp-content\\\/litespeed\\\/avatar\\\/1ca8c218432e7045e748610eb3db0259.jpg?ver=1777161142\",\"contentUrl\":\"https:\\\/\\\/folhadoleste.com.br\\\/wp-content\\\/litespeed\\\/avatar\\\/1ca8c218432e7045e748610eb3db0259.jpg?ver=1777161142\",\"caption\":\"Folha do Leste\"},\"url\":\"https:\\\/\\\/folhadoleste.com.br\\\/en\\\/author\\\/reportagem-01\\\/\"}]}<\/script>\n<!-- \/ Yoast SEO plugin. -->","yoast_head_json":{"title":"A\u00e7\u00e3o policial na Via Light prende criminosos armados &#8226; Folha do Leste","description":"A\u00e7\u00e3o policial na Via Light prende criminosos armados. Assaltos em Nova Igua\u00e7u geram mobiliza\u00e7\u00e3o policial...","robots":{"index":"index","follow":"follow","max-snippet":"max-snippet:-1","max-image-preview":"max-image-preview:large","max-video-preview":"max-video-preview:-1"},"canonical":"https:\/\/folhadoleste.com.br\/en\/acao-policial-na-via-light-prende-criminosos-armados\/","og_locale":"en_US","og_type":"article","og_title":"A\u00e7\u00e3o policial na Via Light prende criminosos armados &#8226; Folha do Leste","og_description":"Baixada Fluminense &#8226; 1 de October de 2024 &#8226; Folha do Leste","og_url":"https:\/\/folhadoleste.com.br\/en\/acao-policial-na-via-light-prende-criminosos-armados\/","og_site_name":"Folha do Leste","article_publisher":"https:\/\/www.facebook.com\/folhadoleste","article_published_time":"2024-10-01T18:01:37+00:00","og_image":[{"width":1200,"height":750,"url":"https:\/\/folhadoleste.com.br\/wp-content\/uploads\/2024\/10\/Acao-policial-na-Via-Light-prende-criminosos-armados-Foto-Divulgacao-PMERJ.jpg","type":"image\/jpeg"}],"author":"Folha do Leste","twitter_card":"summary_large_image","twitter_description":"Baixada Fluminense &#8226; 1 de October de 2024 &#8226; Folha do Leste","twitter_creator":"@FolhadoLesteRJ","twitter_site":"@FolhadoLesteRJ","twitter_misc":{"Written by":"Folha do Leste","Est. reading time":"2 minutes"},"schema":{"@context":"https:\/\/schema.org","@graph":[{"@type":"NewsArticle","@id":"https:\/\/folhadoleste.com.br\/acao-policial-na-via-light-prende-criminosos-armados\/#article","isPartOf":{"@id":"https:\/\/folhadoleste.com.br\/acao-policial-na-via-light-prende-criminosos-armados\/"},"author":{"name":"Folha do Leste","@id":"https:\/\/folhadoleste.com.br\/#\/schema\/person\/3e97145b2e1861276e84471aa85a3899"},"headline":"A\u00e7\u00e3o policial na Via Light prende criminosos armados","datePublished":"2024-10-01T18:01:37+00:00","mainEntityOfPage":{"@id":"https:\/\/folhadoleste.com.br\/acao-policial-na-via-light-prende-criminosos-armados\/"},"wordCount":228,"commentCount":0,"publisher":{"@id":"https:\/\/folhadoleste.com.br\/#organization"},"image":{"@id":"https:\/\/folhadoleste.com.br\/acao-policial-na-via-light-prende-criminosos-armados\/#primaryimage"},"thumbnailUrl":"https:\/\/folhadoleste.com.br\/wp-content\/uploads\/2024\/10\/Acao-policial-na-Via-Light-prende-criminosos-armados-Foto-Divulgacao-PMERJ.jpg","keywords":["20\u00ba BPM","57\u00aa DP","arma de fogo","assalto","Baixada Fluminense","bandidos","crime organizado","Deten\u00e7\u00e3o","estado do rio","Inseguran\u00e7a","Justi\u00e7a","Nova Igua\u00e7u","ocorr\u00eancia policial","persegui\u00e7\u00e3o policial","pol\u00edcia","Pol\u00edcia Militar","pris\u00e3o","roubo","Seguran\u00e7a publica","Via Light","Viaturas"],"articleSection":["Baixada Fluminense","Estado do Rio de Janeiro"],"inLanguage":"en-US","potentialAction":[{"@type":"CommentAction","name":"Comment","target":["https:\/\/folhadoleste.com.br\/acao-policial-na-via-light-prende-criminosos-armados\/#respond"]}]},{"@type":"WebPage","@id":"https:\/\/folhadoleste.com.br\/acao-policial-na-via-light-prende-criminosos-armados\/","url":"https:\/\/folhadoleste.com.br\/acao-policial-na-via-light-prende-criminosos-armados\/","name":"A\u00e7\u00e3o policial na Via Light prende criminosos armados &#8226; Folha do Leste","isPartOf":{"@id":"https:\/\/folhadoleste.com.br\/#website"},"primaryImageOfPage":{"@id":"https:\/\/folhadoleste.com.br\/acao-policial-na-via-light-prende-criminosos-armados\/#primaryimage"},"image":{"@id":"https:\/\/folhadoleste.com.br\/acao-policial-na-via-light-prende-criminosos-armados\/#primaryimage"},"thumbnailUrl":"https:\/\/folhadoleste.com.br\/wp-content\/uploads\/2024\/10\/Acao-policial-na-Via-Light-prende-criminosos-armados-Foto-Divulgacao-PMERJ.jpg","datePublished":"2024-10-01T18:01:37+00:00","description":"A\u00e7\u00e3o policial na Via Light prende criminosos armados. Assaltos em Nova Igua\u00e7u geram mobiliza\u00e7\u00e3o policial...","breadcrumb":{"@id":"https:\/\/folhadoleste.com.br\/acao-policial-na-via-light-prende-criminosos-armados\/#breadcrumb"},"inLanguage":"en-US","potentialAction":[{"@type":"ReadAction","target":["https:\/\/folhadoleste.com.br\/acao-policial-na-via-light-prende-criminosos-armados\/"]}]},{"@type":"ImageObject","inLanguage":"en-US","@id":"https:\/\/folhadoleste.com.br\/acao-policial-na-via-light-prende-criminosos-armados\/#primaryimage","url":"https:\/\/folhadoleste.com.br\/wp-content\/uploads\/2024\/10\/Acao-policial-na-Via-Light-prende-criminosos-armados-Foto-Divulgacao-PMERJ.jpg","contentUrl":"https:\/\/folhadoleste.com.br\/wp-content\/uploads\/2024\/10\/Acao-policial-na-Via-Light-prende-criminosos-armados-Foto-Divulgacao-PMERJ.jpg","width":1200,"height":750,"caption":"A\u00e7\u00e3o policial na Via Light prende criminosos armados | Divulga\u00e7\u00e3o"},{"@type":"BreadcrumbList","@id":"https:\/\/folhadoleste.com.br\/acao-policial-na-via-light-prende-criminosos-armados\/#breadcrumb","itemListElement":[{"@type":"ListItem","position":1,"name":"In\u00edcio","item":"https:\/\/folhadoleste.com.br\/"},{"@type":"ListItem","position":2,"name":"Estado do Rio de Janeiro","item":"https:\/\/folhadoleste.com.br\/category\/estado-do-rio-de-janeiro\/"},{"@type":"ListItem","position":3,"name":"Baixada Fluminense","item":"https:\/\/folhadoleste.com.br\/category\/estado-do-rio-de-janeiro\/noticias-da-baixada-fluminense\/"},{"@type":"ListItem","position":4,"name":"A\u00e7\u00e3o policial na Via Light prende criminosos armados"}]},{"@type":"WebSite","@id":"https:\/\/folhadoleste.com.br\/#website","url":"https:\/\/folhadoleste.com.br\/","name":"Folha do Leste","description":"Portal de Not\u00edcias com \u00eanfase em Niter\u00f3i, criando conte\u00fados desde a capital Rio de Janeiro, com olhar para o Leste Fluminense e suas cidades como S\u00e3o Gon\u00e7alo, Itabora\u00ed, Rio Bonito, Maric\u00e1, Saquarema e Araruama","publisher":{"@id":"https:\/\/folhadoleste.com.br\/#organization"},"alternateName":"FL","potentialAction":[{"@type":"SearchAction","target":{"@type":"EntryPoint","urlTemplate":"https:\/\/folhadoleste.com.br\/?s={search_term_string}"},"query-input":{"@type":"PropertyValueSpecification","valueRequired":true,"valueName":"search_term_string"}}],"inLanguage":"en-US"},{"@type":"Organization","@id":"https:\/\/folhadoleste.com.br\/#organization","name":"Brasil 21 Comunica\u00e7\u00e3o","alternateName":"BR21","url":"https:\/\/folhadoleste.com.br\/","logo":{"@type":"ImageObject","inLanguage":"en-US","@id":"https:\/\/folhadoleste.com.br\/#\/schema\/logo\/image\/","url":"https:\/\/folhadoleste.com.br\/wp-content\/uploads\/2025\/12\/brasil-21-logomarca.avif","contentUrl":"https:\/\/folhadoleste.com.br\/wp-content\/uploads\/2025\/12\/brasil-21-logomarca.avif","width":1044,"height":1044,"caption":"Brasil 21 Comunica\u00e7\u00e3o"},"image":{"@id":"https:\/\/folhadoleste.com.br\/#\/schema\/logo\/image\/"},"sameAs":["https:\/\/www.facebook.com\/folhadoleste","https:\/\/x.com\/FolhadoLesteRJ","https:\/\/www.instagram.com\/folhadoleste\/"]},{"@type":"Person","@id":"https:\/\/folhadoleste.com.br\/#\/schema\/person\/3e97145b2e1861276e84471aa85a3899","name":"Folha do Leste","image":{"@type":"ImageObject","inLanguage":"en-US","@id":"https:\/\/folhadoleste.com.br\/wp-content\/litespeed\/avatar\/1ca8c218432e7045e748610eb3db0259.jpg?ver=1777161142","url":"https:\/\/folhadoleste.com.br\/wp-content\/litespeed\/avatar\/1ca8c218432e7045e748610eb3db0259.jpg?ver=1777161142","contentUrl":"https:\/\/folhadoleste.com.br\/wp-content\/litespeed\/avatar\/1ca8c218432e7045e748610eb3db0259.jpg?ver=1777161142","caption":"Folha do Leste"},"url":"https:\/\/folhadoleste.com.br\/en\/author\/reportagem-01\/"}]}},"_links":{"self":[{"href":"https:\/\/folhadoleste.com.br\/en\/wp-json\/wp\/v2\/posts\/86798","targetHints":{"allow":["GET"]}}],"collection":[{"href":"https:\/\/folhadoleste.com.br\/en\/wp-json\/wp\/v2\/posts"}],"about":[{"href":"https:\/\/folhadoleste.com.br\/en\/wp-json\/wp\/v2\/types\/post"}],"author":[{"embeddable":true,"href":"https:\/\/folhadoleste.com.br\/en\/wp-json\/wp\/v2\/users\/4"}],"replies":[{"embeddable":true,"href":"https:\/\/folhadoleste.com.br\/en\/wp-json\/wp\/v2\/comments?post=86798"}],"version-history":[{"count":1,"href":"https:\/\/folhadoleste.com.br\/en\/wp-json\/wp\/v2\/posts\/86798\/revisions"}],"predecessor-version":[{"id":86801,"href":"https:\/\/folhadoleste.com.br\/en\/wp-json\/wp\/v2\/posts\/86798\/revisions\/86801"}],"wp:featuredmedia":[{"embeddable":true,"href":"https:\/\/folhadoleste.com.br\/en\/wp-json\/wp\/v2\/media\/86800"}],"wp:attachment":[{"href":"https:\/\/folhadoleste.com.br\/en\/wp-json\/wp\/v2\/media?parent=86798"}],"wp:term":[{"taxonomy":"category","embeddable":true,"href":"https:\/\/folhadoleste.com.br\/en\/wp-json\/wp\/v2\/categories?post=86798"},{"taxonomy":"post_tag","embeddable":true,"href":"https:\/\/folhadoleste.com.br\/en\/wp-json\/wp\/v2\/tags?post=86798"}],"curies":[{"name":"wp","href":"https:\/\/api.w.org\/{rel}","templated":true}]}}