{"id":86343,"date":"2024-09-28T18:22:28","date_gmt":"2024-09-28T21:22:28","guid":{"rendered":"https:\/\/folhadoleste.com.br\/?p=86343"},"modified":"2024-09-29T00:37:04","modified_gmt":"2024-09-29T03:37:04","slug":"academia-niteroiense-de-letras-ouve-propostas-de-bruno-lessa-para-a-cultura","status":"publish","type":"post","link":"https:\/\/folhadoleste.com.br\/en\/academia-niteroiense-de-letras-ouve-propostas-de-bruno-lessa-para-a-cultura\/","title":{"rendered":"Academia Niteroiense de Letras ouve propostas de Bruno Lessa para a cultura"},"content":{"rendered":"<div id=\"attachment_86354\" style=\"width: 1034px\" class=\"wp-caption alignnone\"><img decoding=\"async\" aria-describedby=\"caption-attachment-86354\" class=\"wp-image-86354 size-large\" src=\"https:\/\/folhadoleste.com.br\/wp-content\/uploads\/2024\/09\/ANL_BrunoLessa-1-1024x683.jpeg\" alt=\"Candidatos Bruno Lessa e Bruna Doriel v\u00e3o na Academia Niteroiense de Letras e apresentam suas propostas para a cultura de Niter\u00f3i | Divulga\u00e7\u00e3o\" width=\"1024\" height=\"683\" \/><p id=\"caption-attachment-86354\" class=\"wp-caption-text\">Candidatos Bruno Lessa e Bruna Doriel v\u00e3o na Academia Niteroiense de Letras e apresentam suas propostas para a cultura de Niter\u00f3i | Divulga\u00e7\u00e3o<\/p><\/div>\n<p style=\"text-align: justify;\">O candidato a prefeito de Niter\u00f3i, Bruno Lessa (Podemos), participou na quinta-feira (28) de um debate sobre cultura organizado pela Academia Niteroiense de Letras (ANL). Durante o encontro, Lessa apresentou suas propostas para fortalecer e democratizar o acesso \u00e0 cultura no munic\u00edpio, destacando a import\u00e2ncia de valorizar os artistas locais e descentralizar as atividades culturais pela cidade. Sua companheira de chapa, a vice Bruna Doriel, estava com ele.<\/p>\n<p style=\"text-align: justify;\">Lessa iniciou sua fala ressaltando o potencial cultural de Niter\u00f3i. Ele relembrou que a cidade \u00e9 conhecida por ser um verdadeiro celeiro de artistas nas mais diversas \u00e1reas. Por exemplo, m\u00fasica, teatro, dan\u00e7a e artes visuais, al\u00e9m de abrigar obras ic\u00f4nicas do arquiteto Oscar Niemeyer.<\/p>\n<blockquote>\n<div style=\"text-align: justify;\">&#8220;Niter\u00f3i \u00e9 um ber\u00e7o de artistas. Quantos expoentes da m\u00fasica, do teatro, da televis\u00e3o, da dan\u00e7a, das artes n\u00e3o nasceram ou viveram aqui? Niter\u00f3i \u00e9 uma cidade que respira cultura. Somos a segunda cidade do Brasil, atr\u00e1s apenas de Bras\u00edlia, a ter o maior n\u00famero de obras do grande arquiteto Oscar Niemeyer. O nosso Museu de Arte Contempor\u00e2nea (MAC) \u00e9 refer\u00eancia mundo afora&#8221;, ponderou.<\/div>\n<\/blockquote>\n<div id=\"attachment_86355\" style=\"width: 1034px\" class=\"wp-caption alignnone\"><img decoding=\"async\" aria-describedby=\"caption-attachment-86355\" class=\"size-large wp-image-86355\" src=\"https:\/\/folhadoleste.com.br\/wp-content\/uploads\/2024\/09\/ANL-1024x683.jpeg\" alt=\"Candidatos Bruno Lessa e Bruna Doriel v\u00e3o na Academia Niteroiense de Letras e apresentam suas propostas para a cultura de Niter\u00f3i | Divulga\u00e7\u00e3o\" width=\"1024\" height=\"683\" \/><p id=\"caption-attachment-86355\" class=\"wp-caption-text\">Candidatos Bruno Lessa e Bruna Doriel v\u00e3o na Academia Niteroiense de Letras e apresentam suas propostas para a cultura de Niter\u00f3i | Divulga\u00e7\u00e3o<\/p><\/div>\n<p style=\"text-align: justify;\">Al\u00e9m disso, o candidato salientou que, apesar desse grande potencial, a oferta cultural ainda est\u00e1 concentrada em \u00e1reas centrais da cidade.<\/p>\n<blockquote>\n<p style=\"text-align: justify;\">&#8220;A cultura ofertada \u00e0 popula\u00e7\u00e3o ainda est\u00e1 muito restrita aos bairros mais centrais. \u00c9 preciso democratizar e descentralizar a cultura em Niter\u00f3i, al\u00e9m de dar mais transpar\u00eancia \u00e0 forma como os recursos s\u00e3o investidos e priorizar o artista niteroiense nesses investimentos&#8221;, considerou<\/p>\n<\/blockquote>\n<p style=\"text-align: justify;\">Entre suas principais propostas, Bruno Lessa destacou a necessidade de dar mais transpar\u00eancia aos processos de editais e contratos culturais. Ele prop\u00f5e, ainda, priorizar artistas niteroienses nos investimentos culturais.<\/p>\n<h5 style=\"text-align: center;\"><span style=\"color: #000000;\"><span style=\"color: #ff0000;\"><strong>+ <\/strong><\/span><\/span><span style=\"color: #000000;\"><strong><span style=\"color: #ff9900;\">MAIS NOT\u00cdCIAS DE NITER\u00d3I?<\/span>\u00a0<\/strong><\/span><span style=\"color: #008080;\"><a style=\"color: #008080;\" href=\"https:\/\/folhadoleste.com.br\/en\/category\/jornal-folha-do-leste-rj\/niteroi\/\"><strong>CLIQUE AQUI<\/strong><\/a><\/span><\/h5>\n<p style=\"text-align: justify;\">Outras propostas incluem a cria\u00e7\u00e3o de novos espa\u00e7os culturais, como uma Biblioteca Parque no Horto do Fonseca, assim como a preserva\u00e7\u00e3o do patrim\u00f4nio hist\u00f3rico-cultural do munic\u00edpio.<\/p>\n<p style=\"text-align: justify;\">O incentivo \u00e0 cultura carnavalesca tamb\u00e9m est\u00e1 no plano de Lessa. Ele promete valorizar as escolas de samba locais, tal qual as atividades desenvolvidas ao longo do ano nas comunidades.<\/p>\n<p style=\"text-align: justify;\">Al\u00e9m disso, Bruno Lessa prop\u00f4s a cria\u00e7\u00e3o de um Museu da Cidade. Tal espa\u00e7o se dedicaria \u00e0 hist\u00f3ria de Niter\u00f3i, com exposi\u00e7\u00f5es interativas, mapas, maquetes, hologramas e um caf\u00e9 panor\u00e2mico. <span style=\"font-size: 1.21429rem;\">Esse museu seria uma nova atra\u00e7\u00e3o cultural e tur\u00edstica, fortalecendo ainda mais o legado hist\u00f3rico da cidade.<\/span><\/p>\n<p style=\"text-align: justify;\">Lessa tamb\u00e9m defendeu pol\u00edticas de incentivos fiscais para atrair investimentos culturais e aumentar a participa\u00e7\u00e3o dos alunos da rede municipal em visitas aos equipamentos culturais existentes. A ideia consiste no estimulo do contato das novas gera\u00e7\u00f5es com a cultura e com a hist\u00f3ria da cidade desde cedo.<\/p>\n<h5 style=\"text-align: center;\"><\/h5>\n<h5 style=\"text-align: center;\"><span style=\"color: #000000;\"><span style=\"color: #ff0000;\"><strong>+ <\/strong><\/span><\/span><span style=\"color: #000000;\"><strong><span style=\"color: #ff9900;\">MAIS NOT\u00cdCIAS DO LESTE FLUMINENSE?<\/span> <span style=\"color: #008080;\"><a style=\"color: #008080;\" href=\"https:\/\/folhadoleste.com.br\/en\/category\/jornal-folha-do-leste-rj\/\">CLIQUE AQUI<\/a><\/span><\/strong><\/span><\/h5>\n<p>&nbsp;<\/p>\n<div id=\"attachment_77492\" style=\"width: 410px\" class=\"wp-caption aligncenter\"><a href=\"http:\/\/instagram.com\/folhadoleste\"><img decoding=\"async\" aria-describedby=\"caption-attachment-77492\" class=\"wp-image-77492 size-full\" src=\"https:\/\/folhadoleste.com.br\/wp-content\/uploads\/2024\/07\/Instagram-Folha-do-Leste.png\" alt=\"http:\/\/instagram.com\/folhadoleste\" width=\"400\" height=\"200\" \/><\/a><p id=\"caption-attachment-77492\" class=\"wp-caption-text\">Siga o Folha do Leste no Instagram!<\/p><\/div>\n<div id=\"attachment_77490\" style=\"width: 310px\" class=\"wp-caption aligncenter\"><a href=\"http:\/\/facebook.com\/folhadoleste\"><img decoding=\"async\" aria-describedby=\"caption-attachment-77490\" class=\"size-medium wp-image-77490\" src=\"https:\/\/folhadoleste.com.br\/wp-content\/uploads\/2024\/07\/Facebook-Folha-do-Leste-10k-300x300.jpg\" alt=\"Curta e siga o Folha do Leste no Facebook!\" width=\"300\" height=\"300\" \/><\/a><p id=\"caption-attachment-77490\" class=\"wp-caption-text\">Curta e siga o Folha do Leste no Facebook!<\/p><\/div>","protected":false},"excerpt":{"rendered":"<p>O candidato a prefeito de Niter\u00f3i, Bruno Lessa (Podemos), participou na quinta-feira (28) de um debate sobre cultura organizado pela Academia Niteroiense de Letras (ANL). Durante o encontro, Lessa apresentou suas propostas para fortalecer e democratizar o acesso \u00e0 cultura no munic\u00edpio, destacando a import\u00e2ncia de valorizar os artistas locais e descentralizar as atividades culturais pela cidade. Sua companheira de chapa, a vice Bruna Doriel, estava com ele. Lessa iniciou sua fala ressaltando o potencial cultural de Niter\u00f3i. Ele relembrou que a cidade \u00e9 conhecida por ser um verdadeiro celeiro de artistas nas mais diversas \u00e1reas. Por exemplo, m\u00fasica, teatro, [&hellip;]<\/p>\n","protected":false},"author":4,"featured_media":86354,"comment_status":"open","ping_status":"open","sticky":false,"template":"","format":"standard","meta":{"footnotes":""},"categories":[83,47,5],"tags":[42246,5896,2748,27661,42244,42247,42249,42248,50,2899,42245],"class_list":["post-86343","post","type-post","status-publish","format-standard","has-post-thumbnail","hentry","category-entretenimento-artes-e-cultura-destaque","category-leste-fluminense","category-noticias-de-niteroi","tag-academia-niteroiense-de-letras","tag-artistas-locais","tag-biblioteca-parque","tag-bruno-lessa","tag-cultura-em-niteroi","tag-descentralizacao-da-cultura","tag-incentivo-fiscal-cultural","tag-museu-da-cidade","tag-niteroi","tag-patrimonio-cultural","tag-propostas-culturais","post--single"],"yoast_head":"<!-- This site is optimized with the Yoast SEO plugin v27.5 - https:\/\/yoast.com\/product\/yoast-seo-wordpress\/ -->\n<title>Academia Niteroiense de Letras ouve propostas de Bruno Lessa para a cultura &#8226; Folha do Leste<\/title>\n<meta name=\"description\" content=\"Candidatos Bruno Lessa e Bruna Doriel v\u00e3o na Academia Niteroiense de Letras e apresentam suas propostas para a cultura de Niter\u00f3i.\" \/>\n<meta name=\"robots\" content=\"index, follow, max-snippet:-1, max-image-preview:large, max-video-preview:-1\" \/>\n<link rel=\"canonical\" href=\"https:\/\/folhadoleste.com.br\/en\/academia-niteroiense-de-letras-ouve-propostas-de-bruno-lessa-para-a-cultura\/\" \/>\n<meta property=\"og:locale\" content=\"en_US\" \/>\n<meta property=\"og:type\" content=\"article\" \/>\n<meta property=\"og:title\" content=\"Academia Niteroiense de Letras ouve propostas de Bruno Lessa para a cultura &#8226; Folha do Leste\" \/>\n<meta property=\"og:description\" content=\"28 de September de 2024 &#8226; Entretenimento, Artes e Cultura, Leste Fluminense, Niter\u00f3i &#8226; Folha do Leste\" \/>\n<meta property=\"og:url\" content=\"https:\/\/folhadoleste.com.br\/en\/academia-niteroiense-de-letras-ouve-propostas-de-bruno-lessa-para-a-cultura\/\" \/>\n<meta property=\"og:site_name\" content=\"Folha do Leste\" \/>\n<meta property=\"article:publisher\" content=\"https:\/\/www.facebook.com\/folhadoleste\" \/>\n<meta property=\"article:published_time\" content=\"2024-09-28T21:22:28+00:00\" \/>\n<meta property=\"article:modified_time\" content=\"2024-09-29T03:37:04+00:00\" \/>\n<meta property=\"og:image\" content=\"https:\/\/folhadoleste.com.br\/wp-content\/uploads\/2024\/09\/ANL_BrunoLessa-1-scaled.jpeg\" \/>\n\t<meta property=\"og:image:width\" content=\"2560\" \/>\n\t<meta property=\"og:image:height\" content=\"1706\" \/>\n\t<meta property=\"og:image:type\" content=\"image\/jpeg\" \/>\n<meta name=\"author\" content=\"Folha do Leste\" \/>\n<meta name=\"twitter:card\" content=\"summary_large_image\" \/>\n<meta name=\"twitter:creator\" content=\"@FolhadoLesteRJ\" \/>\n<meta name=\"twitter:site\" content=\"@FolhadoLesteRJ\" \/>\n<meta name=\"twitter:label1\" content=\"Written by\" \/>\n\t<meta name=\"twitter:data1\" content=\"Folha do Leste\" \/>\n\t<meta name=\"twitter:label2\" content=\"Est. reading time\" \/>\n\t<meta name=\"twitter:data2\" content=\"4 minutes\" \/>\n<script type=\"application\/ld+json\" class=\"yoast-schema-graph\">{\"@context\":\"https:\\\/\\\/schema.org\",\"@graph\":[{\"@type\":\"NewsArticle\",\"@id\":\"https:\\\/\\\/folhadoleste.com.br\\\/academia-niteroiense-de-letras-ouve-propostas-de-bruno-lessa-para-a-cultura\\\/#article\",\"isPartOf\":{\"@id\":\"https:\\\/\\\/folhadoleste.com.br\\\/academia-niteroiense-de-letras-ouve-propostas-de-bruno-lessa-para-a-cultura\\\/\"},\"author\":{\"name\":\"Folha do Leste\",\"@id\":\"https:\\\/\\\/folhadoleste.com.br\\\/#\\\/schema\\\/person\\\/3e97145b2e1861276e84471aa85a3899\"},\"headline\":\"Academia Niteroiense de Letras ouve propostas de Bruno Lessa para a cultura\",\"datePublished\":\"2024-09-28T21:22:28+00:00\",\"dateModified\":\"2024-09-29T03:37:04+00:00\",\"mainEntityOfPage\":{\"@id\":\"https:\\\/\\\/folhadoleste.com.br\\\/academia-niteroiense-de-letras-ouve-propostas-de-bruno-lessa-para-a-cultura\\\/\"},\"wordCount\":582,\"commentCount\":0,\"publisher\":{\"@id\":\"https:\\\/\\\/folhadoleste.com.br\\\/#organization\"},\"image\":{\"@id\":\"https:\\\/\\\/folhadoleste.com.br\\\/academia-niteroiense-de-letras-ouve-propostas-de-bruno-lessa-para-a-cultura\\\/#primaryimage\"},\"thumbnailUrl\":\"https:\\\/\\\/folhadoleste.com.br\\\/wp-content\\\/uploads\\\/2024\\\/09\\\/ANL_BrunoLessa-1-scaled.jpeg\",\"keywords\":[\"Academia Niteroiense de Letras\",\"artistas locais\",\"Biblioteca Parque\",\"bruno lessa\",\"cultura em Niter\u00f3i\",\"descentraliza\u00e7\u00e3o da cultura\",\"incentivo fiscal cultural\",\"Museu da Cidade\",\"Niter\u00f3i\",\"Patrim\u00f4nio cultural\",\"propostas culturais\"],\"articleSection\":[\"Entretenimento, Artes e Cultura\",\"Leste Fluminense\",\"Niter\u00f3i\"],\"inLanguage\":\"en-US\",\"potentialAction\":[{\"@type\":\"CommentAction\",\"name\":\"Comment\",\"target\":[\"https:\\\/\\\/folhadoleste.com.br\\\/academia-niteroiense-de-letras-ouve-propostas-de-bruno-lessa-para-a-cultura\\\/#respond\"]}]},{\"@type\":\"WebPage\",\"@id\":\"https:\\\/\\\/folhadoleste.com.br\\\/academia-niteroiense-de-letras-ouve-propostas-de-bruno-lessa-para-a-cultura\\\/\",\"url\":\"https:\\\/\\\/folhadoleste.com.br\\\/academia-niteroiense-de-letras-ouve-propostas-de-bruno-lessa-para-a-cultura\\\/\",\"name\":\"Academia Niteroiense de Letras ouve propostas de Bruno Lessa para a cultura &#8226; Folha do Leste\",\"isPartOf\":{\"@id\":\"https:\\\/\\\/folhadoleste.com.br\\\/#website\"},\"primaryImageOfPage\":{\"@id\":\"https:\\\/\\\/folhadoleste.com.br\\\/academia-niteroiense-de-letras-ouve-propostas-de-bruno-lessa-para-a-cultura\\\/#primaryimage\"},\"image\":{\"@id\":\"https:\\\/\\\/folhadoleste.com.br\\\/academia-niteroiense-de-letras-ouve-propostas-de-bruno-lessa-para-a-cultura\\\/#primaryimage\"},\"thumbnailUrl\":\"https:\\\/\\\/folhadoleste.com.br\\\/wp-content\\\/uploads\\\/2024\\\/09\\\/ANL_BrunoLessa-1-scaled.jpeg\",\"datePublished\":\"2024-09-28T21:22:28+00:00\",\"dateModified\":\"2024-09-29T03:37:04+00:00\",\"description\":\"Candidatos Bruno Lessa e Bruna Doriel v\u00e3o na Academia Niteroiense de Letras e apresentam suas propostas para a cultura de Niter\u00f3i.\",\"breadcrumb\":{\"@id\":\"https:\\\/\\\/folhadoleste.com.br\\\/academia-niteroiense-de-letras-ouve-propostas-de-bruno-lessa-para-a-cultura\\\/#breadcrumb\"},\"inLanguage\":\"en-US\",\"potentialAction\":[{\"@type\":\"ReadAction\",\"target\":[\"https:\\\/\\\/folhadoleste.com.br\\\/academia-niteroiense-de-letras-ouve-propostas-de-bruno-lessa-para-a-cultura\\\/\"]}]},{\"@type\":\"ImageObject\",\"inLanguage\":\"en-US\",\"@id\":\"https:\\\/\\\/folhadoleste.com.br\\\/academia-niteroiense-de-letras-ouve-propostas-de-bruno-lessa-para-a-cultura\\\/#primaryimage\",\"url\":\"https:\\\/\\\/folhadoleste.com.br\\\/wp-content\\\/uploads\\\/2024\\\/09\\\/ANL_BrunoLessa-1-scaled.jpeg\",\"contentUrl\":\"https:\\\/\\\/folhadoleste.com.br\\\/wp-content\\\/uploads\\\/2024\\\/09\\\/ANL_BrunoLessa-1-scaled.jpeg\",\"width\":2560,\"height\":1706,\"caption\":\"Candidatos Bruno Lessa e Bruna Doriel v\u00e3o na Academia Niteroiense de Letras e apresentam suas propostas para a cultura de Niter\u00f3i | Divulga\u00e7\u00e3o\"},{\"@type\":\"BreadcrumbList\",\"@id\":\"https:\\\/\\\/folhadoleste.com.br\\\/academia-niteroiense-de-letras-ouve-propostas-de-bruno-lessa-para-a-cultura\\\/#breadcrumb\",\"itemListElement\":[{\"@type\":\"ListItem\",\"position\":1,\"name\":\"In\u00edcio\",\"item\":\"https:\\\/\\\/folhadoleste.com.br\\\/\"},{\"@type\":\"ListItem\",\"position\":2,\"name\":\"Estado do Rio de Janeiro\",\"item\":\"https:\\\/\\\/folhadoleste.com.br\\\/category\\\/estado-do-rio-de-janeiro\\\/\"},{\"@type\":\"ListItem\",\"position\":3,\"name\":\"Leste Fluminense\",\"item\":\"https:\\\/\\\/folhadoleste.com.br\\\/category\\\/estado-do-rio-de-janeiro\\\/leste-fluminense\\\/\"},{\"@type\":\"ListItem\",\"position\":4,\"name\":\"Niter\u00f3i\",\"item\":\"https:\\\/\\\/folhadoleste.com.br\\\/category\\\/estado-do-rio-de-janeiro\\\/leste-fluminense\\\/noticias-de-niteroi\\\/\"},{\"@type\":\"ListItem\",\"position\":5,\"name\":\"Academia Niteroiense de Letras ouve propostas de Bruno Lessa para a cultura\"}]},{\"@type\":\"WebSite\",\"@id\":\"https:\\\/\\\/folhadoleste.com.br\\\/#website\",\"url\":\"https:\\\/\\\/folhadoleste.com.br\\\/\",\"name\":\"Folha do Leste\",\"description\":\"Portal de Not\u00edcias com \u00eanfase em Niter\u00f3i, criando conte\u00fados desde a capital Rio de Janeiro, com olhar para o Leste Fluminense e suas cidades como S\u00e3o Gon\u00e7alo, Itabora\u00ed, Rio Bonito, Maric\u00e1, Saquarema e Araruama\",\"publisher\":{\"@id\":\"https:\\\/\\\/folhadoleste.com.br\\\/#organization\"},\"alternateName\":\"FL\",\"potentialAction\":[{\"@type\":\"SearchAction\",\"target\":{\"@type\":\"EntryPoint\",\"urlTemplate\":\"https:\\\/\\\/folhadoleste.com.br\\\/?s={search_term_string}\"},\"query-input\":{\"@type\":\"PropertyValueSpecification\",\"valueRequired\":true,\"valueName\":\"search_term_string\"}}],\"inLanguage\":\"en-US\"},{\"@type\":\"Organization\",\"@id\":\"https:\\\/\\\/folhadoleste.com.br\\\/#organization\",\"name\":\"Brasil 21 Comunica\u00e7\u00e3o\",\"alternateName\":\"BR21\",\"url\":\"https:\\\/\\\/folhadoleste.com.br\\\/\",\"logo\":{\"@type\":\"ImageObject\",\"inLanguage\":\"en-US\",\"@id\":\"https:\\\/\\\/folhadoleste.com.br\\\/#\\\/schema\\\/logo\\\/image\\\/\",\"url\":\"https:\\\/\\\/folhadoleste.com.br\\\/wp-content\\\/uploads\\\/2025\\\/12\\\/brasil-21-logomarca.avif\",\"contentUrl\":\"https:\\\/\\\/folhadoleste.com.br\\\/wp-content\\\/uploads\\\/2025\\\/12\\\/brasil-21-logomarca.avif\",\"width\":1044,\"height\":1044,\"caption\":\"Brasil 21 Comunica\u00e7\u00e3o\"},\"image\":{\"@id\":\"https:\\\/\\\/folhadoleste.com.br\\\/#\\\/schema\\\/logo\\\/image\\\/\"},\"sameAs\":[\"https:\\\/\\\/www.facebook.com\\\/folhadoleste\",\"https:\\\/\\\/x.com\\\/FolhadoLesteRJ\",\"https:\\\/\\\/www.instagram.com\\\/folhadoleste\\\/\"]},{\"@type\":\"Person\",\"@id\":\"https:\\\/\\\/folhadoleste.com.br\\\/#\\\/schema\\\/person\\\/3e97145b2e1861276e84471aa85a3899\",\"name\":\"Folha do Leste\",\"image\":{\"@type\":\"ImageObject\",\"inLanguage\":\"en-US\",\"@id\":\"https:\\\/\\\/folhadoleste.com.br\\\/wp-content\\\/litespeed\\\/avatar\\\/1ca8c218432e7045e748610eb3db0259.jpg?ver=1777161142\",\"url\":\"https:\\\/\\\/folhadoleste.com.br\\\/wp-content\\\/litespeed\\\/avatar\\\/1ca8c218432e7045e748610eb3db0259.jpg?ver=1777161142\",\"contentUrl\":\"https:\\\/\\\/folhadoleste.com.br\\\/wp-content\\\/litespeed\\\/avatar\\\/1ca8c218432e7045e748610eb3db0259.jpg?ver=1777161142\",\"caption\":\"Folha do Leste\"},\"url\":\"https:\\\/\\\/folhadoleste.com.br\\\/en\\\/author\\\/reportagem-01\\\/\"}]}<\/script>\n<!-- \/ Yoast SEO plugin. -->","yoast_head_json":{"title":"Academia Niteroiense de Letras ouve propostas de Bruno Lessa para a cultura &#8226; Folha do Leste","description":"Candidatos Bruno Lessa e Bruna Doriel v\u00e3o na Academia Niteroiense de Letras e apresentam suas propostas para a cultura de Niter\u00f3i.","robots":{"index":"index","follow":"follow","max-snippet":"max-snippet:-1","max-image-preview":"max-image-preview:large","max-video-preview":"max-video-preview:-1"},"canonical":"https:\/\/folhadoleste.com.br\/en\/academia-niteroiense-de-letras-ouve-propostas-de-bruno-lessa-para-a-cultura\/","og_locale":"en_US","og_type":"article","og_title":"Academia Niteroiense de Letras ouve propostas de Bruno Lessa para a cultura &#8226; Folha do Leste","og_description":"28 de September de 2024 &#8226; Entretenimento, Artes e Cultura, Leste Fluminense, Niter\u00f3i &#8226; Folha do Leste","og_url":"https:\/\/folhadoleste.com.br\/en\/academia-niteroiense-de-letras-ouve-propostas-de-bruno-lessa-para-a-cultura\/","og_site_name":"Folha do Leste","article_publisher":"https:\/\/www.facebook.com\/folhadoleste","article_published_time":"2024-09-28T21:22:28+00:00","article_modified_time":"2024-09-29T03:37:04+00:00","og_image":[{"width":2560,"height":1706,"url":"https:\/\/folhadoleste.com.br\/wp-content\/uploads\/2024\/09\/ANL_BrunoLessa-1-scaled.jpeg","type":"image\/jpeg"}],"author":"Folha do Leste","twitter_card":"summary_large_image","twitter_creator":"@FolhadoLesteRJ","twitter_site":"@FolhadoLesteRJ","twitter_misc":{"Written by":"Folha do Leste","Est. reading time":"4 minutes"},"schema":{"@context":"https:\/\/schema.org","@graph":[{"@type":"NewsArticle","@id":"https:\/\/folhadoleste.com.br\/academia-niteroiense-de-letras-ouve-propostas-de-bruno-lessa-para-a-cultura\/#article","isPartOf":{"@id":"https:\/\/folhadoleste.com.br\/academia-niteroiense-de-letras-ouve-propostas-de-bruno-lessa-para-a-cultura\/"},"author":{"name":"Folha do Leste","@id":"https:\/\/folhadoleste.com.br\/#\/schema\/person\/3e97145b2e1861276e84471aa85a3899"},"headline":"Academia Niteroiense de Letras ouve propostas de Bruno Lessa para a cultura","datePublished":"2024-09-28T21:22:28+00:00","dateModified":"2024-09-29T03:37:04+00:00","mainEntityOfPage":{"@id":"https:\/\/folhadoleste.com.br\/academia-niteroiense-de-letras-ouve-propostas-de-bruno-lessa-para-a-cultura\/"},"wordCount":582,"commentCount":0,"publisher":{"@id":"https:\/\/folhadoleste.com.br\/#organization"},"image":{"@id":"https:\/\/folhadoleste.com.br\/academia-niteroiense-de-letras-ouve-propostas-de-bruno-lessa-para-a-cultura\/#primaryimage"},"thumbnailUrl":"https:\/\/folhadoleste.com.br\/wp-content\/uploads\/2024\/09\/ANL_BrunoLessa-1-scaled.jpeg","keywords":["Academia Niteroiense de Letras","artistas locais","Biblioteca Parque","bruno lessa","cultura em Niter\u00f3i","descentraliza\u00e7\u00e3o da cultura","incentivo fiscal cultural","Museu da Cidade","Niter\u00f3i","Patrim\u00f4nio cultural","propostas culturais"],"articleSection":["Entretenimento, Artes e Cultura","Leste Fluminense","Niter\u00f3i"],"inLanguage":"en-US","potentialAction":[{"@type":"CommentAction","name":"Comment","target":["https:\/\/folhadoleste.com.br\/academia-niteroiense-de-letras-ouve-propostas-de-bruno-lessa-para-a-cultura\/#respond"]}]},{"@type":"WebPage","@id":"https:\/\/folhadoleste.com.br\/academia-niteroiense-de-letras-ouve-propostas-de-bruno-lessa-para-a-cultura\/","url":"https:\/\/folhadoleste.com.br\/academia-niteroiense-de-letras-ouve-propostas-de-bruno-lessa-para-a-cultura\/","name":"Academia Niteroiense de Letras ouve propostas de Bruno Lessa para a cultura &#8226; Folha do Leste","isPartOf":{"@id":"https:\/\/folhadoleste.com.br\/#website"},"primaryImageOfPage":{"@id":"https:\/\/folhadoleste.com.br\/academia-niteroiense-de-letras-ouve-propostas-de-bruno-lessa-para-a-cultura\/#primaryimage"},"image":{"@id":"https:\/\/folhadoleste.com.br\/academia-niteroiense-de-letras-ouve-propostas-de-bruno-lessa-para-a-cultura\/#primaryimage"},"thumbnailUrl":"https:\/\/folhadoleste.com.br\/wp-content\/uploads\/2024\/09\/ANL_BrunoLessa-1-scaled.jpeg","datePublished":"2024-09-28T21:22:28+00:00","dateModified":"2024-09-29T03:37:04+00:00","description":"Candidatos Bruno Lessa e Bruna Doriel v\u00e3o na Academia Niteroiense de Letras e apresentam suas propostas para a cultura de Niter\u00f3i.","breadcrumb":{"@id":"https:\/\/folhadoleste.com.br\/academia-niteroiense-de-letras-ouve-propostas-de-bruno-lessa-para-a-cultura\/#breadcrumb"},"inLanguage":"en-US","potentialAction":[{"@type":"ReadAction","target":["https:\/\/folhadoleste.com.br\/academia-niteroiense-de-letras-ouve-propostas-de-bruno-lessa-para-a-cultura\/"]}]},{"@type":"ImageObject","inLanguage":"en-US","@id":"https:\/\/folhadoleste.com.br\/academia-niteroiense-de-letras-ouve-propostas-de-bruno-lessa-para-a-cultura\/#primaryimage","url":"https:\/\/folhadoleste.com.br\/wp-content\/uploads\/2024\/09\/ANL_BrunoLessa-1-scaled.jpeg","contentUrl":"https:\/\/folhadoleste.com.br\/wp-content\/uploads\/2024\/09\/ANL_BrunoLessa-1-scaled.jpeg","width":2560,"height":1706,"caption":"Candidatos Bruno Lessa e Bruna Doriel v\u00e3o na Academia Niteroiense de Letras e apresentam suas propostas para a cultura de Niter\u00f3i | Divulga\u00e7\u00e3o"},{"@type":"BreadcrumbList","@id":"https:\/\/folhadoleste.com.br\/academia-niteroiense-de-letras-ouve-propostas-de-bruno-lessa-para-a-cultura\/#breadcrumb","itemListElement":[{"@type":"ListItem","position":1,"name":"In\u00edcio","item":"https:\/\/folhadoleste.com.br\/"},{"@type":"ListItem","position":2,"name":"Estado do Rio de Janeiro","item":"https:\/\/folhadoleste.com.br\/category\/estado-do-rio-de-janeiro\/"},{"@type":"ListItem","position":3,"name":"Leste Fluminense","item":"https:\/\/folhadoleste.com.br\/category\/estado-do-rio-de-janeiro\/leste-fluminense\/"},{"@type":"ListItem","position":4,"name":"Niter\u00f3i","item":"https:\/\/folhadoleste.com.br\/category\/estado-do-rio-de-janeiro\/leste-fluminense\/noticias-de-niteroi\/"},{"@type":"ListItem","position":5,"name":"Academia Niteroiense de Letras ouve propostas de Bruno Lessa para a cultura"}]},{"@type":"WebSite","@id":"https:\/\/folhadoleste.com.br\/#website","url":"https:\/\/folhadoleste.com.br\/","name":"Folha do Leste","description":"Portal de Not\u00edcias com \u00eanfase em Niter\u00f3i, criando conte\u00fados desde a capital Rio de Janeiro, com olhar para o Leste Fluminense e suas cidades como S\u00e3o Gon\u00e7alo, Itabora\u00ed, Rio Bonito, Maric\u00e1, Saquarema e Araruama","publisher":{"@id":"https:\/\/folhadoleste.com.br\/#organization"},"alternateName":"FL","potentialAction":[{"@type":"SearchAction","target":{"@type":"EntryPoint","urlTemplate":"https:\/\/folhadoleste.com.br\/?s={search_term_string}"},"query-input":{"@type":"PropertyValueSpecification","valueRequired":true,"valueName":"search_term_string"}}],"inLanguage":"en-US"},{"@type":"Organization","@id":"https:\/\/folhadoleste.com.br\/#organization","name":"Brasil 21 Comunica\u00e7\u00e3o","alternateName":"BR21","url":"https:\/\/folhadoleste.com.br\/","logo":{"@type":"ImageObject","inLanguage":"en-US","@id":"https:\/\/folhadoleste.com.br\/#\/schema\/logo\/image\/","url":"https:\/\/folhadoleste.com.br\/wp-content\/uploads\/2025\/12\/brasil-21-logomarca.avif","contentUrl":"https:\/\/folhadoleste.com.br\/wp-content\/uploads\/2025\/12\/brasil-21-logomarca.avif","width":1044,"height":1044,"caption":"Brasil 21 Comunica\u00e7\u00e3o"},"image":{"@id":"https:\/\/folhadoleste.com.br\/#\/schema\/logo\/image\/"},"sameAs":["https:\/\/www.facebook.com\/folhadoleste","https:\/\/x.com\/FolhadoLesteRJ","https:\/\/www.instagram.com\/folhadoleste\/"]},{"@type":"Person","@id":"https:\/\/folhadoleste.com.br\/#\/schema\/person\/3e97145b2e1861276e84471aa85a3899","name":"Folha do Leste","image":{"@type":"ImageObject","inLanguage":"en-US","@id":"https:\/\/folhadoleste.com.br\/wp-content\/litespeed\/avatar\/1ca8c218432e7045e748610eb3db0259.jpg?ver=1777161142","url":"https:\/\/folhadoleste.com.br\/wp-content\/litespeed\/avatar\/1ca8c218432e7045e748610eb3db0259.jpg?ver=1777161142","contentUrl":"https:\/\/folhadoleste.com.br\/wp-content\/litespeed\/avatar\/1ca8c218432e7045e748610eb3db0259.jpg?ver=1777161142","caption":"Folha do Leste"},"url":"https:\/\/folhadoleste.com.br\/en\/author\/reportagem-01\/"}]}},"_links":{"self":[{"href":"https:\/\/folhadoleste.com.br\/en\/wp-json\/wp\/v2\/posts\/86343","targetHints":{"allow":["GET"]}}],"collection":[{"href":"https:\/\/folhadoleste.com.br\/en\/wp-json\/wp\/v2\/posts"}],"about":[{"href":"https:\/\/folhadoleste.com.br\/en\/wp-json\/wp\/v2\/types\/post"}],"author":[{"embeddable":true,"href":"https:\/\/folhadoleste.com.br\/en\/wp-json\/wp\/v2\/users\/4"}],"replies":[{"embeddable":true,"href":"https:\/\/folhadoleste.com.br\/en\/wp-json\/wp\/v2\/comments?post=86343"}],"version-history":[{"count":1,"href":"https:\/\/folhadoleste.com.br\/en\/wp-json\/wp\/v2\/posts\/86343\/revisions"}],"predecessor-version":[{"id":86356,"href":"https:\/\/folhadoleste.com.br\/en\/wp-json\/wp\/v2\/posts\/86343\/revisions\/86356"}],"wp:featuredmedia":[{"embeddable":true,"href":"https:\/\/folhadoleste.com.br\/en\/wp-json\/wp\/v2\/media\/86354"}],"wp:attachment":[{"href":"https:\/\/folhadoleste.com.br\/en\/wp-json\/wp\/v2\/media?parent=86343"}],"wp:term":[{"taxonomy":"category","embeddable":true,"href":"https:\/\/folhadoleste.com.br\/en\/wp-json\/wp\/v2\/categories?post=86343"},{"taxonomy":"post_tag","embeddable":true,"href":"https:\/\/folhadoleste.com.br\/en\/wp-json\/wp\/v2\/tags?post=86343"}],"curies":[{"name":"wp","href":"https:\/\/api.w.org\/{rel}","templated":true}]}}