{"id":8598,"date":"2023-06-06T08:04:18","date_gmt":"2023-06-06T11:04:18","guid":{"rendered":"https:\/\/folhadoleste.com.br\/?p=8598"},"modified":"2023-06-06T08:04:18","modified_gmt":"2023-06-06T11:04:18","slug":"parque-floresta-do-baldeador-com-novidade","status":"publish","type":"post","link":"https:\/\/folhadoleste.com.br\/en\/parque-floresta-do-baldeador-com-novidade\/","title":{"rendered":"Parque Floresta do Baldeador com novidade"},"content":{"rendered":"<p>Um importante an\u00fancio foi feito pelo prefeito de Niter\u00f3i, Axel Grael, nesta segunda-feira (5), Dia Mundial do Meio Ambiente: o Parque Floresta do Baldeador, na Zona Norte da cidade, ter\u00e1 trilhas, geridas e e preservadas pela administra\u00e7\u00e3o municipal.<\/p>\n<p>Acompanhado de outras autoridades, o prefeito esteve no local de 70 hectares, criado em 2021 com o objetivo de proteger e conservar a biodiversidade e os atributos naturais do local.<\/p>\n<blockquote><p>Essa \u00e9 uma unidade de conserva\u00e7\u00e3o que criamos e a primeira \u00e1rea protegida da Regi\u00e3o Norte da cidade. Uma \u00e1rea com grande potencial tur\u00edstico. Nesta tarde, fomos conhecer uma das trilhas que, uma vez bem preparada, ser\u00e1 bastante atraente para as pessoas da regi\u00e3o que vierem visitar. Temos trabalhado muito para proteger as \u00e1reas verdes de Niter\u00f3i, que hoje conta com mais de 50% de territ\u00f3rio protegido. Isso \u00e9 um grande privil\u00e9gio dentro de um munic\u00edpio metropolitano. Al\u00e9m de proteger, estamos implantando essas unidades, trilhas, as sedes e fazendo com que essas \u00e1reas possam ter aproveitamento ambiental e social, gerando oportunidades de emprego, de lazer e recrea\u00e7\u00e3o\u201d, explicou Axel Grael.<\/p><\/blockquote>\n<p>&nbsp;<\/p>\n<p>O novo parque ecol\u00f3gico tem como objetivo manter a biodiversidade local, proteger ecossistemas com grande potencial para oferecer oportunidades de visita\u00e7\u00e3o, aprendizagem, educa\u00e7\u00e3o, pesquisa e recrea\u00e7\u00e3o, al\u00e9m de incentivar o turismo ecol\u00f3gico em Niter\u00f3i. A instala\u00e7\u00e3o de parques com essas caracter\u00edsticas \u00e9 uma das a\u00e7\u00f5es voltadas para a primeira inf\u00e2ncia, desenvolvidas na cidade desde 2020.<\/p>\n<p>O secret\u00e1rio de Meio Ambiente, Rafael Robertson, destacou a import\u00e2ncia do Parque Floresta do Baldeador para a regi\u00e3o.<\/p>\n<p>&nbsp;<\/p>\n<blockquote><p>Esse \u00e9 um importante equipamento da cidade para promover educa\u00e7\u00e3o ambiental e dar a sensa\u00e7\u00e3o de pertencimento \u00e0 popula\u00e7\u00e3o local. O parque conta com uma \u00e1rea de lazer e agrega todos os aspectos de sustentabilidade&#8221;, afirmou Robertson.<\/p><\/blockquote>\n<p>Al\u00e9m da preserva\u00e7\u00e3o ambiental, a cria\u00e7\u00e3o de parques como o Floresta do Baldeador tamb\u00e9m contribui para a integra\u00e7\u00e3o social da comunidade e promo\u00e7\u00e3o de atividades recreativas, tur\u00edsticas, culturais e cient\u00edficas, de forma conciliada com a preserva\u00e7\u00e3o dos ecossistemas naturais.<\/p>\n<p>&nbsp;<\/p>\n<p>&nbsp;<\/p>","protected":false},"excerpt":{"rendered":"<p>Um importante an\u00fancio foi feito pelo prefeito de Niter\u00f3i, Axel Grael, nesta segunda-feira (5), Dia Mundial do Meio Ambiente: o Parque Floresta do Baldeador, na Zona Norte da cidade, ter\u00e1 trilhas, geridas e e preservadas pela administra\u00e7\u00e3o municipal. Acompanhado de outras autoridades, o prefeito esteve no local de 70 hectares, criado em 2021 com o objetivo de proteger e conservar a biodiversidade e os atributos naturais do local. Essa \u00e9 uma unidade de conserva\u00e7\u00e3o que criamos e a primeira \u00e1rea protegida da Regi\u00e3o Norte da cidade. Uma \u00e1rea com grande potencial tur\u00edstico. Nesta tarde, fomos conhecer uma das trilhas que, [&hellip;]<\/p>\n","protected":false},"author":4,"featured_media":8599,"comment_status":"open","ping_status":"open","sticky":false,"template":"","format":"standard","meta":{"footnotes":""},"categories":[1272,5],"tags":[191,695,50,5572,430,5573],"class_list":["post-8598","post","type-post","status-publish","format-standard","has-post-thumbnail","hentry","category-ambiente","category-noticias-de-niteroi","tag-axel-grael","tag-meio-ambiente","tag-niteroi","tag-parque-floresta-do-baldeador","tag-trilha","tag-zona-zorte","post--single"],"yoast_head":"<!-- This site is optimized with the Yoast SEO plugin v27.4 - https:\/\/yoast.com\/product\/yoast-seo-wordpress\/ -->\n<title>Parque Floresta do Baldeador com novidade &#8226; Folha do Leste<\/title>\n<meta name=\"robots\" content=\"index, follow, max-snippet:-1, max-image-preview:large, max-video-preview:-1\" \/>\n<link rel=\"canonical\" href=\"https:\/\/folhadoleste.com.br\/en\/parque-floresta-do-baldeador-com-novidade\/\" \/>\n<meta property=\"og:locale\" content=\"en_US\" \/>\n<meta property=\"og:type\" content=\"article\" \/>\n<meta property=\"og:title\" content=\"Parque Floresta do Baldeador com novidade\" \/>\n<meta property=\"og:description\" content=\"Saiba Mais!\" \/>\n<meta property=\"og:url\" content=\"https:\/\/folhadoleste.com.br\/en\/parque-floresta-do-baldeador-com-novidade\/\" \/>\n<meta property=\"og:site_name\" content=\"Folha do Leste\" \/>\n<meta property=\"article:publisher\" content=\"https:\/\/www.facebook.com\/folhadoleste\" \/>\n<meta property=\"article:published_time\" content=\"2023-06-06T11:04:18+00:00\" \/>\n<meta property=\"og:image\" content=\"https:\/\/folhadoleste.com.br\/wp-content\/uploads\/2023\/06\/Parque-Floresta-do-Baldeador-2-Foto-Alex-Ramos.jpeg\" \/>\n\t<meta property=\"og:image:width\" content=\"1280\" \/>\n\t<meta property=\"og:image:height\" content=\"853\" \/>\n\t<meta property=\"og:image:type\" content=\"image\/jpeg\" \/>\n<meta name=\"author\" content=\"Folha do Leste\" \/>\n<meta name=\"twitter:card\" content=\"summary_large_image\" \/>\n<meta name=\"twitter:title\" content=\"Parque Floresta do Baldeador com novidade\" \/>\n<meta name=\"twitter:description\" content=\"Saiba Mais!\" \/>\n<meta name=\"twitter:creator\" content=\"@FolhadoLesteRJ\" \/>\n<meta name=\"twitter:site\" content=\"@FolhadoLesteRJ\" \/>\n<meta name=\"twitter:label1\" content=\"Written by\" \/>\n\t<meta name=\"twitter:data1\" content=\"Folha do Leste\" \/>\n\t<meta name=\"twitter:label2\" content=\"Est. reading time\" \/>\n\t<meta name=\"twitter:data2\" content=\"2 minutes\" \/>\n<script type=\"application\/ld+json\" class=\"yoast-schema-graph\">{\"@context\":\"https:\\\/\\\/schema.org\",\"@graph\":[{\"@type\":\"NewsArticle\",\"@id\":\"https:\\\/\\\/folhadoleste.com.br\\\/parque-floresta-do-baldeador-com-novidade\\\/#article\",\"isPartOf\":{\"@id\":\"https:\\\/\\\/folhadoleste.com.br\\\/parque-floresta-do-baldeador-com-novidade\\\/\"},\"author\":{\"name\":\"Folha do Leste\",\"@id\":\"https:\\\/\\\/folhadoleste.com.br\\\/#\\\/schema\\\/person\\\/3e97145b2e1861276e84471aa85a3899\"},\"headline\":\"Parque Floresta do Baldeador com novidade\",\"datePublished\":\"2023-06-06T11:04:18+00:00\",\"mainEntityOfPage\":{\"@id\":\"https:\\\/\\\/folhadoleste.com.br\\\/parque-floresta-do-baldeador-com-novidade\\\/\"},\"wordCount\":366,\"commentCount\":0,\"publisher\":{\"@id\":\"https:\\\/\\\/folhadoleste.com.br\\\/#organization\"},\"image\":{\"@id\":\"https:\\\/\\\/folhadoleste.com.br\\\/parque-floresta-do-baldeador-com-novidade\\\/#primaryimage\"},\"thumbnailUrl\":\"https:\\\/\\\/folhadoleste.com.br\\\/wp-content\\\/uploads\\\/2023\\\/06\\\/Parque-Floresta-do-Baldeador-2-Foto-Alex-Ramos.jpeg\",\"keywords\":[\"Axel Grael\",\"Meio ambiente\",\"Niter\u00f3i\",\"Parque Floresta do Baldeador\",\"trilha\",\"Zona Zorte\"],\"articleSection\":[\"Ambiente\",\"Niter\u00f3i\"],\"inLanguage\":\"en-US\",\"potentialAction\":[{\"@type\":\"CommentAction\",\"name\":\"Comment\",\"target\":[\"https:\\\/\\\/folhadoleste.com.br\\\/parque-floresta-do-baldeador-com-novidade\\\/#respond\"]}]},{\"@type\":\"WebPage\",\"@id\":\"https:\\\/\\\/folhadoleste.com.br\\\/parque-floresta-do-baldeador-com-novidade\\\/\",\"url\":\"https:\\\/\\\/folhadoleste.com.br\\\/parque-floresta-do-baldeador-com-novidade\\\/\",\"name\":\"Parque Floresta do Baldeador com novidade &#8226; Folha do Leste\",\"isPartOf\":{\"@id\":\"https:\\\/\\\/folhadoleste.com.br\\\/#website\"},\"primaryImageOfPage\":{\"@id\":\"https:\\\/\\\/folhadoleste.com.br\\\/parque-floresta-do-baldeador-com-novidade\\\/#primaryimage\"},\"image\":{\"@id\":\"https:\\\/\\\/folhadoleste.com.br\\\/parque-floresta-do-baldeador-com-novidade\\\/#primaryimage\"},\"thumbnailUrl\":\"https:\\\/\\\/folhadoleste.com.br\\\/wp-content\\\/uploads\\\/2023\\\/06\\\/Parque-Floresta-do-Baldeador-2-Foto-Alex-Ramos.jpeg\",\"datePublished\":\"2023-06-06T11:04:18+00:00\",\"breadcrumb\":{\"@id\":\"https:\\\/\\\/folhadoleste.com.br\\\/parque-floresta-do-baldeador-com-novidade\\\/#breadcrumb\"},\"inLanguage\":\"en-US\",\"potentialAction\":[{\"@type\":\"ReadAction\",\"target\":[\"https:\\\/\\\/folhadoleste.com.br\\\/parque-floresta-do-baldeador-com-novidade\\\/\"]}]},{\"@type\":\"ImageObject\",\"inLanguage\":\"en-US\",\"@id\":\"https:\\\/\\\/folhadoleste.com.br\\\/parque-floresta-do-baldeador-com-novidade\\\/#primaryimage\",\"url\":\"https:\\\/\\\/folhadoleste.com.br\\\/wp-content\\\/uploads\\\/2023\\\/06\\\/Parque-Floresta-do-Baldeador-2-Foto-Alex-Ramos.jpeg\",\"contentUrl\":\"https:\\\/\\\/folhadoleste.com.br\\\/wp-content\\\/uploads\\\/2023\\\/06\\\/Parque-Floresta-do-Baldeador-2-Foto-Alex-Ramos.jpeg\",\"width\":1280,\"height\":853},{\"@type\":\"BreadcrumbList\",\"@id\":\"https:\\\/\\\/folhadoleste.com.br\\\/parque-floresta-do-baldeador-com-novidade\\\/#breadcrumb\",\"itemListElement\":[{\"@type\":\"ListItem\",\"position\":1,\"name\":\"In\u00edcio\",\"item\":\"https:\\\/\\\/folhadoleste.com.br\\\/\"},{\"@type\":\"ListItem\",\"position\":2,\"name\":\"Brasil\",\"item\":\"https:\\\/\\\/folhadoleste.com.br\\\/category\\\/brasil\\\/\"},{\"@type\":\"ListItem\",\"position\":3,\"name\":\"Ambiente\",\"item\":\"https:\\\/\\\/folhadoleste.com.br\\\/category\\\/brasil\\\/ambiente\\\/\"},{\"@type\":\"ListItem\",\"position\":4,\"name\":\"Parque Floresta do Baldeador com novidade\"}]},{\"@type\":\"WebSite\",\"@id\":\"https:\\\/\\\/folhadoleste.com.br\\\/#website\",\"url\":\"https:\\\/\\\/folhadoleste.com.br\\\/\",\"name\":\"Folha do Leste\",\"description\":\"Portal de Not\u00edcias com \u00eanfase em Niter\u00f3i, criando conte\u00fados desde a capital Rio de Janeiro, com olhar para o Leste Fluminense e suas cidades como S\u00e3o Gon\u00e7alo, Itabora\u00ed, Rio Bonito, Maric\u00e1, Saquarema e Araruama\",\"publisher\":{\"@id\":\"https:\\\/\\\/folhadoleste.com.br\\\/#organization\"},\"alternateName\":\"FL\",\"potentialAction\":[{\"@type\":\"SearchAction\",\"target\":{\"@type\":\"EntryPoint\",\"urlTemplate\":\"https:\\\/\\\/folhadoleste.com.br\\\/?s={search_term_string}\"},\"query-input\":{\"@type\":\"PropertyValueSpecification\",\"valueRequired\":true,\"valueName\":\"search_term_string\"}}],\"inLanguage\":\"en-US\"},{\"@type\":\"Organization\",\"@id\":\"https:\\\/\\\/folhadoleste.com.br\\\/#organization\",\"name\":\"Brasil 21 Comunica\u00e7\u00e3o\",\"alternateName\":\"BR21\",\"url\":\"https:\\\/\\\/folhadoleste.com.br\\\/\",\"logo\":{\"@type\":\"ImageObject\",\"inLanguage\":\"en-US\",\"@id\":\"https:\\\/\\\/folhadoleste.com.br\\\/#\\\/schema\\\/logo\\\/image\\\/\",\"url\":\"https:\\\/\\\/folhadoleste.com.br\\\/wp-content\\\/uploads\\\/2025\\\/12\\\/brasil-21-logomarca.avif\",\"contentUrl\":\"https:\\\/\\\/folhadoleste.com.br\\\/wp-content\\\/uploads\\\/2025\\\/12\\\/brasil-21-logomarca.avif\",\"width\":1044,\"height\":1044,\"caption\":\"Brasil 21 Comunica\u00e7\u00e3o\"},\"image\":{\"@id\":\"https:\\\/\\\/folhadoleste.com.br\\\/#\\\/schema\\\/logo\\\/image\\\/\"},\"sameAs\":[\"https:\\\/\\\/www.facebook.com\\\/folhadoleste\",\"https:\\\/\\\/x.com\\\/FolhadoLesteRJ\",\"https:\\\/\\\/www.instagram.com\\\/folhadoleste\\\/\"]},{\"@type\":\"Person\",\"@id\":\"https:\\\/\\\/folhadoleste.com.br\\\/#\\\/schema\\\/person\\\/3e97145b2e1861276e84471aa85a3899\",\"name\":\"Folha do Leste\",\"image\":{\"@type\":\"ImageObject\",\"inLanguage\":\"en-US\",\"@id\":\"https:\\\/\\\/folhadoleste.com.br\\\/wp-content\\\/litespeed\\\/avatar\\\/1ca8c218432e7045e748610eb3db0259.jpg?ver=1777161142\",\"url\":\"https:\\\/\\\/folhadoleste.com.br\\\/wp-content\\\/litespeed\\\/avatar\\\/1ca8c218432e7045e748610eb3db0259.jpg?ver=1777161142\",\"contentUrl\":\"https:\\\/\\\/folhadoleste.com.br\\\/wp-content\\\/litespeed\\\/avatar\\\/1ca8c218432e7045e748610eb3db0259.jpg?ver=1777161142\",\"caption\":\"Folha do Leste\"},\"url\":\"https:\\\/\\\/folhadoleste.com.br\\\/en\\\/author\\\/reportagem-01\\\/\"}]}<\/script>\n<!-- \/ Yoast SEO plugin. -->","yoast_head_json":{"title":"Parque Floresta do Baldeador com novidade &#8226; Folha do Leste","robots":{"index":"index","follow":"follow","max-snippet":"max-snippet:-1","max-image-preview":"max-image-preview:large","max-video-preview":"max-video-preview:-1"},"canonical":"https:\/\/folhadoleste.com.br\/en\/parque-floresta-do-baldeador-com-novidade\/","og_locale":"en_US","og_type":"article","og_title":"Parque Floresta do Baldeador com novidade","og_description":"Saiba Mais!","og_url":"https:\/\/folhadoleste.com.br\/en\/parque-floresta-do-baldeador-com-novidade\/","og_site_name":"Folha do Leste","article_publisher":"https:\/\/www.facebook.com\/folhadoleste","article_published_time":"2023-06-06T11:04:18+00:00","og_image":[{"width":1280,"height":853,"url":"https:\/\/folhadoleste.com.br\/wp-content\/uploads\/2023\/06\/Parque-Floresta-do-Baldeador-2-Foto-Alex-Ramos.jpeg","type":"image\/jpeg"}],"author":"Folha do Leste","twitter_card":"summary_large_image","twitter_title":"Parque Floresta do Baldeador com novidade","twitter_description":"Saiba Mais!","twitter_creator":"@FolhadoLesteRJ","twitter_site":"@FolhadoLesteRJ","twitter_misc":{"Written by":"Folha do Leste","Est. reading time":"2 minutes"},"schema":{"@context":"https:\/\/schema.org","@graph":[{"@type":"NewsArticle","@id":"https:\/\/folhadoleste.com.br\/parque-floresta-do-baldeador-com-novidade\/#article","isPartOf":{"@id":"https:\/\/folhadoleste.com.br\/parque-floresta-do-baldeador-com-novidade\/"},"author":{"name":"Folha do Leste","@id":"https:\/\/folhadoleste.com.br\/#\/schema\/person\/3e97145b2e1861276e84471aa85a3899"},"headline":"Parque Floresta do Baldeador com novidade","datePublished":"2023-06-06T11:04:18+00:00","mainEntityOfPage":{"@id":"https:\/\/folhadoleste.com.br\/parque-floresta-do-baldeador-com-novidade\/"},"wordCount":366,"commentCount":0,"publisher":{"@id":"https:\/\/folhadoleste.com.br\/#organization"},"image":{"@id":"https:\/\/folhadoleste.com.br\/parque-floresta-do-baldeador-com-novidade\/#primaryimage"},"thumbnailUrl":"https:\/\/folhadoleste.com.br\/wp-content\/uploads\/2023\/06\/Parque-Floresta-do-Baldeador-2-Foto-Alex-Ramos.jpeg","keywords":["Axel Grael","Meio ambiente","Niter\u00f3i","Parque Floresta do Baldeador","trilha","Zona Zorte"],"articleSection":["Ambiente","Niter\u00f3i"],"inLanguage":"en-US","potentialAction":[{"@type":"CommentAction","name":"Comment","target":["https:\/\/folhadoleste.com.br\/parque-floresta-do-baldeador-com-novidade\/#respond"]}]},{"@type":"WebPage","@id":"https:\/\/folhadoleste.com.br\/parque-floresta-do-baldeador-com-novidade\/","url":"https:\/\/folhadoleste.com.br\/parque-floresta-do-baldeador-com-novidade\/","name":"Parque Floresta do Baldeador com novidade &#8226; Folha do Leste","isPartOf":{"@id":"https:\/\/folhadoleste.com.br\/#website"},"primaryImageOfPage":{"@id":"https:\/\/folhadoleste.com.br\/parque-floresta-do-baldeador-com-novidade\/#primaryimage"},"image":{"@id":"https:\/\/folhadoleste.com.br\/parque-floresta-do-baldeador-com-novidade\/#primaryimage"},"thumbnailUrl":"https:\/\/folhadoleste.com.br\/wp-content\/uploads\/2023\/06\/Parque-Floresta-do-Baldeador-2-Foto-Alex-Ramos.jpeg","datePublished":"2023-06-06T11:04:18+00:00","breadcrumb":{"@id":"https:\/\/folhadoleste.com.br\/parque-floresta-do-baldeador-com-novidade\/#breadcrumb"},"inLanguage":"en-US","potentialAction":[{"@type":"ReadAction","target":["https:\/\/folhadoleste.com.br\/parque-floresta-do-baldeador-com-novidade\/"]}]},{"@type":"ImageObject","inLanguage":"en-US","@id":"https:\/\/folhadoleste.com.br\/parque-floresta-do-baldeador-com-novidade\/#primaryimage","url":"https:\/\/folhadoleste.com.br\/wp-content\/uploads\/2023\/06\/Parque-Floresta-do-Baldeador-2-Foto-Alex-Ramos.jpeg","contentUrl":"https:\/\/folhadoleste.com.br\/wp-content\/uploads\/2023\/06\/Parque-Floresta-do-Baldeador-2-Foto-Alex-Ramos.jpeg","width":1280,"height":853},{"@type":"BreadcrumbList","@id":"https:\/\/folhadoleste.com.br\/parque-floresta-do-baldeador-com-novidade\/#breadcrumb","itemListElement":[{"@type":"ListItem","position":1,"name":"In\u00edcio","item":"https:\/\/folhadoleste.com.br\/"},{"@type":"ListItem","position":2,"name":"Brasil","item":"https:\/\/folhadoleste.com.br\/category\/brasil\/"},{"@type":"ListItem","position":3,"name":"Ambiente","item":"https:\/\/folhadoleste.com.br\/category\/brasil\/ambiente\/"},{"@type":"ListItem","position":4,"name":"Parque Floresta do Baldeador com novidade"}]},{"@type":"WebSite","@id":"https:\/\/folhadoleste.com.br\/#website","url":"https:\/\/folhadoleste.com.br\/","name":"Folha do Leste","description":"Portal de Not\u00edcias com \u00eanfase em Niter\u00f3i, criando conte\u00fados desde a capital Rio de Janeiro, com olhar para o Leste Fluminense e suas cidades como S\u00e3o Gon\u00e7alo, Itabora\u00ed, Rio Bonito, Maric\u00e1, Saquarema e Araruama","publisher":{"@id":"https:\/\/folhadoleste.com.br\/#organization"},"alternateName":"FL","potentialAction":[{"@type":"SearchAction","target":{"@type":"EntryPoint","urlTemplate":"https:\/\/folhadoleste.com.br\/?s={search_term_string}"},"query-input":{"@type":"PropertyValueSpecification","valueRequired":true,"valueName":"search_term_string"}}],"inLanguage":"en-US"},{"@type":"Organization","@id":"https:\/\/folhadoleste.com.br\/#organization","name":"Brasil 21 Comunica\u00e7\u00e3o","alternateName":"BR21","url":"https:\/\/folhadoleste.com.br\/","logo":{"@type":"ImageObject","inLanguage":"en-US","@id":"https:\/\/folhadoleste.com.br\/#\/schema\/logo\/image\/","url":"https:\/\/folhadoleste.com.br\/wp-content\/uploads\/2025\/12\/brasil-21-logomarca.avif","contentUrl":"https:\/\/folhadoleste.com.br\/wp-content\/uploads\/2025\/12\/brasil-21-logomarca.avif","width":1044,"height":1044,"caption":"Brasil 21 Comunica\u00e7\u00e3o"},"image":{"@id":"https:\/\/folhadoleste.com.br\/#\/schema\/logo\/image\/"},"sameAs":["https:\/\/www.facebook.com\/folhadoleste","https:\/\/x.com\/FolhadoLesteRJ","https:\/\/www.instagram.com\/folhadoleste\/"]},{"@type":"Person","@id":"https:\/\/folhadoleste.com.br\/#\/schema\/person\/3e97145b2e1861276e84471aa85a3899","name":"Folha do Leste","image":{"@type":"ImageObject","inLanguage":"en-US","@id":"https:\/\/folhadoleste.com.br\/wp-content\/litespeed\/avatar\/1ca8c218432e7045e748610eb3db0259.jpg?ver=1777161142","url":"https:\/\/folhadoleste.com.br\/wp-content\/litespeed\/avatar\/1ca8c218432e7045e748610eb3db0259.jpg?ver=1777161142","contentUrl":"https:\/\/folhadoleste.com.br\/wp-content\/litespeed\/avatar\/1ca8c218432e7045e748610eb3db0259.jpg?ver=1777161142","caption":"Folha do Leste"},"url":"https:\/\/folhadoleste.com.br\/en\/author\/reportagem-01\/"}]}},"_links":{"self":[{"href":"https:\/\/folhadoleste.com.br\/en\/wp-json\/wp\/v2\/posts\/8598","targetHints":{"allow":["GET"]}}],"collection":[{"href":"https:\/\/folhadoleste.com.br\/en\/wp-json\/wp\/v2\/posts"}],"about":[{"href":"https:\/\/folhadoleste.com.br\/en\/wp-json\/wp\/v2\/types\/post"}],"author":[{"embeddable":true,"href":"https:\/\/folhadoleste.com.br\/en\/wp-json\/wp\/v2\/users\/4"}],"replies":[{"embeddable":true,"href":"https:\/\/folhadoleste.com.br\/en\/wp-json\/wp\/v2\/comments?post=8598"}],"version-history":[{"count":1,"href":"https:\/\/folhadoleste.com.br\/en\/wp-json\/wp\/v2\/posts\/8598\/revisions"}],"predecessor-version":[{"id":8600,"href":"https:\/\/folhadoleste.com.br\/en\/wp-json\/wp\/v2\/posts\/8598\/revisions\/8600"}],"wp:featuredmedia":[{"embeddable":true,"href":"https:\/\/folhadoleste.com.br\/en\/wp-json\/wp\/v2\/media\/8599"}],"wp:attachment":[{"href":"https:\/\/folhadoleste.com.br\/en\/wp-json\/wp\/v2\/media?parent=8598"}],"wp:term":[{"taxonomy":"category","embeddable":true,"href":"https:\/\/folhadoleste.com.br\/en\/wp-json\/wp\/v2\/categories?post=8598"},{"taxonomy":"post_tag","embeddable":true,"href":"https:\/\/folhadoleste.com.br\/en\/wp-json\/wp\/v2\/tags?post=8598"}],"curies":[{"name":"wp","href":"https:\/\/api.w.org\/{rel}","templated":true}]}}