{"id":85168,"date":"2024-09-20T09:20:01","date_gmt":"2024-09-20T12:20:01","guid":{"rendered":"https:\/\/folhadoleste.com.br\/?p=85168"},"modified":"2024-09-20T09:20:01","modified_gmt":"2024-09-20T12:20:01","slug":"policial-e-baleado-ao-entrar-por-engano-em-comunidade","status":"publish","type":"post","link":"https:\/\/folhadoleste.com.br\/en\/policial-e-baleado-ao-entrar-por-engano-em-comunidade\/","title":{"rendered":"Policial \u00e9 baleado ao entrar por engano em comunidade"},"content":{"rendered":"<div id=\"attachment_75108\" style=\"width: 2570px\" class=\"wp-caption aligncenter\"><img decoding=\"async\" aria-describedby=\"caption-attachment-75108\" class=\"size-full wp-image-75108\" src=\"https:\/\/folhadoleste.com.br\/wp-content\/uploads\/2024\/07\/PM-e-baleado-por-criminosos-durante-invasao-de-casa-Foto-Reproducao-Wikipedia-scaled.jpg\" alt=\"Policial \u00e9 baleado ao entrar por engano em comunidade\" width=\"2560\" height=\"1661\" \/><p id=\"caption-attachment-75108\" class=\"wp-caption-text\">Policial \u00e9 baleado ao entrar por engano em comunidade | Fernando Fraz\u00e3o\/Agencia Brasil<\/p><\/div>\n<p style=\"text-align: justify;\">Um policial penal foi baleado na noite desta quinta-feira (19), ap\u00f3s entrar por engano nas proximidades da comunidade do Quitungo, em Br\u00e1s de Pina, Zona Norte do Rio. S\u00e9rgio Roberto Fernandes foi socorrido por policiais militares e levado ao Hospital Get\u00falio Vargas, na Penha, onde permanece internado em estado est\u00e1vel.<\/p>\n<h6><span style=\"color: #ff0000;\"><strong>+<\/strong><\/span> <span style=\"color: #000000;\">LEIA TAMB\u00c9M: \u25ba<\/span><a href=\"https:\/\/folhadoleste.com.br\/en\/traficante-foragido-e-preso-com-drogas-em-niteroi\/\"><strong>Traficante foragido \u00e9 preso com drogas em Niter\u00f3i<\/strong><\/a><\/h6>\n<p style=\"text-align: justify;\">De acordo com a Pol\u00edcia Militar, equipes do 16\u00ba BPM (Olaria) foram acionadas para socorrer o policial penal. Ele relatou ter sido atacado a tiros por um grupo de homens armados ao passar pela Rua Butu\u00ed, uma das vias de acesso \u00e0 comunidade. A presen\u00e7a de fac\u00e7\u00f5es criminosas que disputam o controle da \u00e1rea tem gerado um aumento na viol\u00eancia local.<\/p>\n<h5 style=\"text-align: center;\"><span style=\"color: #000000;\"><span style=\"color: #ff0000;\"><strong>+ <\/strong><\/span><\/span><span style=\"color: #000000;\"><span style=\"color: #ff9900;\"><strong>MAIS NOT\u00cdCIAS DO RIO DE JANEIRO?<\/strong><\/span> <span style=\"color: #008080;\"><strong><a style=\"color: #008080;\" href=\"https:\/\/folhadoleste.com.br\/en\/category\/rio-de-janeiro-capital\/\">CLIQUE AQUI<\/a><\/strong><\/span><\/span><\/h5>\n<p style=\"text-align: justify;\">Ap\u00f3s o incidente, o policiamento foi refor\u00e7ado na regi\u00e3o de Br\u00e1s de Pina, que enfrenta confrontos constantes entre fac\u00e7\u00f5es rivais de traficantes. O aumento da presen\u00e7a policial visa conter a escalada da viol\u00eancia e garantir a seguran\u00e7a dos moradores.<\/p>\n<p style=\"text-align: justify;\"><a href=\"https:\/\/folhadoleste.com.br\/en\/jovem-de-14-anos-e-baleada-ao-entrar-na-mare-por-engano\/\">Na quarta-feira (18), uma adolescente tamb\u00e9m foi baleada em outro incidente envolvendo uma entrada equivocada em uma \u00e1rea controlada pelo tr\u00e1fico.<\/a> A fam\u00edlia, que vinha de Minas Gerais para tirar o visto americano no Consulado do Rio, entrou por engano no Complexo da Mar\u00e9, Zona Norte, e foi alvo de disparos. <a href=\"https:\/\/folhadoleste.com.br\/en\/adolescente-baleada-no-complexo-da-mare-segue-internada\/\">A jovem foi levada ao hospital e est\u00e1 em estado est\u00e1vel.<\/a><\/p>\n<div id=\"attachment_77492\" class=\"wp-caption aligncenter\">\n<p><a href=\"http:\/\/instagram.com\/folhadoleste\"><img decoding=\"async\" class=\"wp-image-77492 size-full\" src=\"https:\/\/folhadoleste.com.br\/wp-content\/uploads\/2024\/07\/Instagram-Folha-do-Leste.png\" alt=\"http:\/\/instagram.com\/folhadoleste\" width=\"400\" height=\"200\" aria-describedby=\"caption-attachment-77492\" \/><\/a><\/p>\n<p id=\"caption-attachment-77492\" class=\"wp-caption-text\">Siga o Folha do Leste no Instagram!<\/p>\n<\/div>\n<div id=\"attachment_77490\" class=\"wp-caption aligncenter\">\n<p><a href=\"http:\/\/facebook.com\/folhadoleste\"><img decoding=\"async\" class=\"size-medium wp-image-77490\" src=\"https:\/\/folhadoleste.com.br\/wp-content\/uploads\/2024\/07\/Facebook-Folha-do-Leste-10k-300x300.jpg\" alt=\"Curta e siga o Folha do Leste no Facebook!\" width=\"300\" height=\"300\" aria-describedby=\"caption-attachment-77490\" \/><\/a><\/p>\n<p id=\"caption-attachment-77490\" class=\"wp-caption-text\">Curta e siga o Folha do Leste no Facebook!<\/p>\n<\/div>","protected":false},"excerpt":{"rendered":"<p>Um policial penal foi baleado na noite desta quinta-feira (19), ap\u00f3s entrar por engano nas proximidades da comunidade do Quitungo, em Br\u00e1s de Pina, Zona Norte do Rio. S\u00e9rgio Roberto Fernandes foi socorrido por policiais militares e levado ao Hospital Get\u00falio Vargas, na Penha, onde permanece internado em estado est\u00e1vel. + LEIA TAMB\u00c9M: \u25baTraficante foragido \u00e9 preso com drogas em Niter\u00f3i De acordo com a Pol\u00edcia Militar, equipes do 16\u00ba BPM (Olaria) foram acionadas para socorrer o policial penal. Ele relatou ter sido atacado a tiros por um grupo de homens armados ao passar pela Rua Butu\u00ed, uma das vias [&hellip;]<\/p>\n","protected":false},"author":4,"featured_media":75108,"comment_status":"open","ping_status":"open","sticky":false,"template":"","format":"standard","meta":{"footnotes":""},"categories":[290,67],"tags":[11782,3775,2682,2501,32865,3639,10021,20147,41547,875,15119,864,5962,589,78,11780,93,824,2856,10368,18874,504],"class_list":["post-85168","post","type-post","status-publish","format-standard","has-post-thumbnail","hentry","category-policia-rio-de-janeiro-capital","category-rio-de-janeiro-capital","tag-arma-de-fogo","tag-baleado","tag-comunidade","tag-crime-organizado","tag-desvio-de-rota","tag-erro","tag-estado-de-saude","tag-faccoes-criminosas","tag-forca-de-seguranca","tag-hospital","tag-inseguranca","tag-investigacao","tag-lesao","tag-patrulhamento","tag-policia","tag-policial-penal","tag-rio-de-janeiro","tag-seguranca-publica","tag-tiroteio","tag-viatura","tag-violencia-urbana","tag-zona-norte","post--single"],"yoast_head":"<!-- This site is optimized with the Yoast SEO plugin v27.4 - https:\/\/yoast.com\/product\/yoast-seo-wordpress\/ -->\n<title>Policial \u00e9 baleado ao entrar por engano em comunidade &#8226; Folha do Leste<\/title>\n<meta name=\"description\" content=\"Policial \u00e9 baleado ao entrar por engano em comunidade. \u00c9 a segunda vez essa semana que acontece um caso como esse...\" \/>\n<meta name=\"robots\" content=\"index, follow, max-snippet:-1, max-image-preview:large, max-video-preview:-1\" \/>\n<link rel=\"canonical\" href=\"https:\/\/folhadoleste.com.br\/en\/policial-e-baleado-ao-entrar-por-engano-em-comunidade\/\" \/>\n<meta property=\"og:locale\" content=\"en_US\" \/>\n<meta property=\"og:type\" content=\"article\" \/>\n<meta property=\"og:title\" content=\"Policial \u00e9 baleado ao entrar por engano em comunidade &#8226; Folha do Leste\" \/>\n<meta property=\"og:description\" content=\"Rio de Janeiro - Capital &#8226; 20 de September de 2024 &#8226; Folha do Leste\" \/>\n<meta property=\"og:url\" content=\"https:\/\/folhadoleste.com.br\/en\/policial-e-baleado-ao-entrar-por-engano-em-comunidade\/\" \/>\n<meta property=\"og:site_name\" content=\"Folha do Leste\" \/>\n<meta property=\"article:publisher\" content=\"https:\/\/www.facebook.com\/folhadoleste\" \/>\n<meta property=\"article:published_time\" content=\"2024-09-20T12:20:01+00:00\" \/>\n<meta property=\"og:image\" content=\"https:\/\/folhadoleste.com.br\/wp-content\/uploads\/2024\/07\/PM-e-baleado-por-criminosos-durante-invasao-de-casa-Foto-Reproducao-Wikipedia-scaled.jpg\" \/>\n\t<meta property=\"og:image:width\" content=\"2560\" \/>\n\t<meta property=\"og:image:height\" content=\"1661\" \/>\n\t<meta property=\"og:image:type\" content=\"image\/jpeg\" \/>\n<meta name=\"author\" content=\"Folha do Leste\" \/>\n<meta name=\"twitter:card\" content=\"summary_large_image\" \/>\n<meta name=\"twitter:description\" content=\"Rio de Janeiro - Capital &#8226; 20 de September de 2024 &#8226; Folha do Leste\" \/>\n<meta name=\"twitter:creator\" content=\"@FolhadoLesteRJ\" \/>\n<meta name=\"twitter:site\" content=\"@FolhadoLesteRJ\" \/>\n<meta name=\"twitter:label1\" content=\"Written by\" \/>\n\t<meta name=\"twitter:data1\" content=\"Folha do Leste\" \/>\n\t<meta name=\"twitter:label2\" content=\"Est. reading time\" \/>\n\t<meta name=\"twitter:data2\" content=\"3 minutes\" \/>\n<script type=\"application\/ld+json\" class=\"yoast-schema-graph\">{\"@context\":\"https:\\\/\\\/schema.org\",\"@graph\":[{\"@type\":\"NewsArticle\",\"@id\":\"https:\\\/\\\/folhadoleste.com.br\\\/policial-e-baleado-ao-entrar-por-engano-em-comunidade\\\/#article\",\"isPartOf\":{\"@id\":\"https:\\\/\\\/folhadoleste.com.br\\\/policial-e-baleado-ao-entrar-por-engano-em-comunidade\\\/\"},\"author\":{\"name\":\"Folha do Leste\",\"@id\":\"https:\\\/\\\/folhadoleste.com.br\\\/#\\\/schema\\\/person\\\/3e97145b2e1861276e84471aa85a3899\"},\"headline\":\"Policial \u00e9 baleado ao entrar por engano em comunidade\",\"datePublished\":\"2024-09-20T12:20:01+00:00\",\"mainEntityOfPage\":{\"@id\":\"https:\\\/\\\/folhadoleste.com.br\\\/policial-e-baleado-ao-entrar-por-engano-em-comunidade\\\/\"},\"wordCount\":293,\"commentCount\":0,\"publisher\":{\"@id\":\"https:\\\/\\\/folhadoleste.com.br\\\/#organization\"},\"image\":{\"@id\":\"https:\\\/\\\/folhadoleste.com.br\\\/policial-e-baleado-ao-entrar-por-engano-em-comunidade\\\/#primaryimage\"},\"thumbnailUrl\":\"https:\\\/\\\/folhadoleste.com.br\\\/wp-content\\\/uploads\\\/2024\\\/07\\\/PM-e-baleado-por-criminosos-durante-invasao-de-casa-Foto-Reproducao-Wikipedia-scaled.jpg\",\"keywords\":[\"arma de fogo\",\"baleado\",\"comunidade\",\"crime organizado\",\"desvio de rota\",\"erro\",\"Estado de sa\u00fade\",\"Fac\u00e7\u00f5es criminosas\",\"for\u00e7a de seguran\u00e7a\",\"Hospital\",\"Inseguran\u00e7a\",\"Investiga\u00e7\u00e3o\",\"les\u00e3o\",\"patrulhamento\",\"pol\u00edcia\",\"Policial Penal\",\"Rio de Janeiro\",\"Seguran\u00e7a publica\",\"tiroteio\",\"viatura\",\"Viol\u00eancia Urbana\",\"Zona Norte\"],\"articleSection\":[\"Pol\u00edcia\",\"Rio de Janeiro - Capital\"],\"inLanguage\":\"en-US\",\"potentialAction\":[{\"@type\":\"CommentAction\",\"name\":\"Comment\",\"target\":[\"https:\\\/\\\/folhadoleste.com.br\\\/policial-e-baleado-ao-entrar-por-engano-em-comunidade\\\/#respond\"]}]},{\"@type\":\"WebPage\",\"@id\":\"https:\\\/\\\/folhadoleste.com.br\\\/policial-e-baleado-ao-entrar-por-engano-em-comunidade\\\/\",\"url\":\"https:\\\/\\\/folhadoleste.com.br\\\/policial-e-baleado-ao-entrar-por-engano-em-comunidade\\\/\",\"name\":\"Policial \u00e9 baleado ao entrar por engano em comunidade &#8226; Folha do Leste\",\"isPartOf\":{\"@id\":\"https:\\\/\\\/folhadoleste.com.br\\\/#website\"},\"primaryImageOfPage\":{\"@id\":\"https:\\\/\\\/folhadoleste.com.br\\\/policial-e-baleado-ao-entrar-por-engano-em-comunidade\\\/#primaryimage\"},\"image\":{\"@id\":\"https:\\\/\\\/folhadoleste.com.br\\\/policial-e-baleado-ao-entrar-por-engano-em-comunidade\\\/#primaryimage\"},\"thumbnailUrl\":\"https:\\\/\\\/folhadoleste.com.br\\\/wp-content\\\/uploads\\\/2024\\\/07\\\/PM-e-baleado-por-criminosos-durante-invasao-de-casa-Foto-Reproducao-Wikipedia-scaled.jpg\",\"datePublished\":\"2024-09-20T12:20:01+00:00\",\"description\":\"Policial \u00e9 baleado ao entrar por engano em comunidade. \u00c9 a segunda vez essa semana que acontece um caso como esse...\",\"breadcrumb\":{\"@id\":\"https:\\\/\\\/folhadoleste.com.br\\\/policial-e-baleado-ao-entrar-por-engano-em-comunidade\\\/#breadcrumb\"},\"inLanguage\":\"en-US\",\"potentialAction\":[{\"@type\":\"ReadAction\",\"target\":[\"https:\\\/\\\/folhadoleste.com.br\\\/policial-e-baleado-ao-entrar-por-engano-em-comunidade\\\/\"]}]},{\"@type\":\"ImageObject\",\"inLanguage\":\"en-US\",\"@id\":\"https:\\\/\\\/folhadoleste.com.br\\\/policial-e-baleado-ao-entrar-por-engano-em-comunidade\\\/#primaryimage\",\"url\":\"https:\\\/\\\/folhadoleste.com.br\\\/wp-content\\\/uploads\\\/2024\\\/07\\\/PM-e-baleado-por-criminosos-durante-invasao-de-casa-Foto-Reproducao-Wikipedia-scaled.jpg\",\"contentUrl\":\"https:\\\/\\\/folhadoleste.com.br\\\/wp-content\\\/uploads\\\/2024\\\/07\\\/PM-e-baleado-por-criminosos-durante-invasao-de-casa-Foto-Reproducao-Wikipedia-scaled.jpg\",\"width\":2560,\"height\":1661,\"caption\":\"Tiros deixam dois feridos na Avenida Brasil antes de opera\u00e7\u00e3o | Fernando Fraz\u00e3o\\\/Agencia Brasil\"},{\"@type\":\"BreadcrumbList\",\"@id\":\"https:\\\/\\\/folhadoleste.com.br\\\/policial-e-baleado-ao-entrar-por-engano-em-comunidade\\\/#breadcrumb\",\"itemListElement\":[{\"@type\":\"ListItem\",\"position\":1,\"name\":\"In\u00edcio\",\"item\":\"https:\\\/\\\/folhadoleste.com.br\\\/\"},{\"@type\":\"ListItem\",\"position\":2,\"name\":\"Rio de Janeiro - Capital\",\"item\":\"https:\\\/\\\/folhadoleste.com.br\\\/category\\\/rio-de-janeiro-capital\\\/\"},{\"@type\":\"ListItem\",\"position\":3,\"name\":\"Policial \u00e9 baleado ao entrar por engano em comunidade\"}]},{\"@type\":\"WebSite\",\"@id\":\"https:\\\/\\\/folhadoleste.com.br\\\/#website\",\"url\":\"https:\\\/\\\/folhadoleste.com.br\\\/\",\"name\":\"Folha do Leste\",\"description\":\"Portal de Not\u00edcias com \u00eanfase em Niter\u00f3i, criando conte\u00fados desde a capital Rio de Janeiro, com olhar para o Leste Fluminense e suas cidades como S\u00e3o Gon\u00e7alo, Itabora\u00ed, Rio Bonito, Maric\u00e1, Saquarema e Araruama\",\"publisher\":{\"@id\":\"https:\\\/\\\/folhadoleste.com.br\\\/#organization\"},\"alternateName\":\"FL\",\"potentialAction\":[{\"@type\":\"SearchAction\",\"target\":{\"@type\":\"EntryPoint\",\"urlTemplate\":\"https:\\\/\\\/folhadoleste.com.br\\\/?s={search_term_string}\"},\"query-input\":{\"@type\":\"PropertyValueSpecification\",\"valueRequired\":true,\"valueName\":\"search_term_string\"}}],\"inLanguage\":\"en-US\"},{\"@type\":\"Organization\",\"@id\":\"https:\\\/\\\/folhadoleste.com.br\\\/#organization\",\"name\":\"Brasil 21 Comunica\u00e7\u00e3o\",\"alternateName\":\"BR21\",\"url\":\"https:\\\/\\\/folhadoleste.com.br\\\/\",\"logo\":{\"@type\":\"ImageObject\",\"inLanguage\":\"en-US\",\"@id\":\"https:\\\/\\\/folhadoleste.com.br\\\/#\\\/schema\\\/logo\\\/image\\\/\",\"url\":\"https:\\\/\\\/folhadoleste.com.br\\\/wp-content\\\/uploads\\\/2025\\\/12\\\/brasil-21-logomarca.avif\",\"contentUrl\":\"https:\\\/\\\/folhadoleste.com.br\\\/wp-content\\\/uploads\\\/2025\\\/12\\\/brasil-21-logomarca.avif\",\"width\":1044,\"height\":1044,\"caption\":\"Brasil 21 Comunica\u00e7\u00e3o\"},\"image\":{\"@id\":\"https:\\\/\\\/folhadoleste.com.br\\\/#\\\/schema\\\/logo\\\/image\\\/\"},\"sameAs\":[\"https:\\\/\\\/www.facebook.com\\\/folhadoleste\",\"https:\\\/\\\/x.com\\\/FolhadoLesteRJ\",\"https:\\\/\\\/www.instagram.com\\\/folhadoleste\\\/\"]},{\"@type\":\"Person\",\"@id\":\"https:\\\/\\\/folhadoleste.com.br\\\/#\\\/schema\\\/person\\\/3e97145b2e1861276e84471aa85a3899\",\"name\":\"Folha do Leste\",\"image\":{\"@type\":\"ImageObject\",\"inLanguage\":\"en-US\",\"@id\":\"https:\\\/\\\/folhadoleste.com.br\\\/wp-content\\\/litespeed\\\/avatar\\\/1ca8c218432e7045e748610eb3db0259.jpg?ver=1777161142\",\"url\":\"https:\\\/\\\/folhadoleste.com.br\\\/wp-content\\\/litespeed\\\/avatar\\\/1ca8c218432e7045e748610eb3db0259.jpg?ver=1777161142\",\"contentUrl\":\"https:\\\/\\\/folhadoleste.com.br\\\/wp-content\\\/litespeed\\\/avatar\\\/1ca8c218432e7045e748610eb3db0259.jpg?ver=1777161142\",\"caption\":\"Folha do Leste\"},\"url\":\"https:\\\/\\\/folhadoleste.com.br\\\/en\\\/author\\\/reportagem-01\\\/\"}]}<\/script>\n<!-- \/ Yoast SEO plugin. -->","yoast_head_json":{"title":"Policial \u00e9 baleado ao entrar por engano em comunidade &#8226; Folha do Leste","description":"Policial \u00e9 baleado ao entrar por engano em comunidade. \u00c9 a segunda vez essa semana que acontece um caso como esse...","robots":{"index":"index","follow":"follow","max-snippet":"max-snippet:-1","max-image-preview":"max-image-preview:large","max-video-preview":"max-video-preview:-1"},"canonical":"https:\/\/folhadoleste.com.br\/en\/policial-e-baleado-ao-entrar-por-engano-em-comunidade\/","og_locale":"en_US","og_type":"article","og_title":"Policial \u00e9 baleado ao entrar por engano em comunidade &#8226; Folha do Leste","og_description":"Rio de Janeiro - Capital &#8226; 20 de September de 2024 &#8226; Folha do Leste","og_url":"https:\/\/folhadoleste.com.br\/en\/policial-e-baleado-ao-entrar-por-engano-em-comunidade\/","og_site_name":"Folha do Leste","article_publisher":"https:\/\/www.facebook.com\/folhadoleste","article_published_time":"2024-09-20T12:20:01+00:00","og_image":[{"width":2560,"height":1661,"url":"https:\/\/folhadoleste.com.br\/wp-content\/uploads\/2024\/07\/PM-e-baleado-por-criminosos-durante-invasao-de-casa-Foto-Reproducao-Wikipedia-scaled.jpg","type":"image\/jpeg"}],"author":"Folha do Leste","twitter_card":"summary_large_image","twitter_description":"Rio de Janeiro - Capital &#8226; 20 de September de 2024 &#8226; Folha do Leste","twitter_creator":"@FolhadoLesteRJ","twitter_site":"@FolhadoLesteRJ","twitter_misc":{"Written by":"Folha do Leste","Est. reading time":"3 minutes"},"schema":{"@context":"https:\/\/schema.org","@graph":[{"@type":"NewsArticle","@id":"https:\/\/folhadoleste.com.br\/policial-e-baleado-ao-entrar-por-engano-em-comunidade\/#article","isPartOf":{"@id":"https:\/\/folhadoleste.com.br\/policial-e-baleado-ao-entrar-por-engano-em-comunidade\/"},"author":{"name":"Folha do Leste","@id":"https:\/\/folhadoleste.com.br\/#\/schema\/person\/3e97145b2e1861276e84471aa85a3899"},"headline":"Policial \u00e9 baleado ao entrar por engano em comunidade","datePublished":"2024-09-20T12:20:01+00:00","mainEntityOfPage":{"@id":"https:\/\/folhadoleste.com.br\/policial-e-baleado-ao-entrar-por-engano-em-comunidade\/"},"wordCount":293,"commentCount":0,"publisher":{"@id":"https:\/\/folhadoleste.com.br\/#organization"},"image":{"@id":"https:\/\/folhadoleste.com.br\/policial-e-baleado-ao-entrar-por-engano-em-comunidade\/#primaryimage"},"thumbnailUrl":"https:\/\/folhadoleste.com.br\/wp-content\/uploads\/2024\/07\/PM-e-baleado-por-criminosos-durante-invasao-de-casa-Foto-Reproducao-Wikipedia-scaled.jpg","keywords":["arma de fogo","baleado","comunidade","crime organizado","desvio de rota","erro","Estado de sa\u00fade","Fac\u00e7\u00f5es criminosas","for\u00e7a de seguran\u00e7a","Hospital","Inseguran\u00e7a","Investiga\u00e7\u00e3o","les\u00e3o","patrulhamento","pol\u00edcia","Policial Penal","Rio de Janeiro","Seguran\u00e7a publica","tiroteio","viatura","Viol\u00eancia Urbana","Zona Norte"],"articleSection":["Pol\u00edcia","Rio de Janeiro - Capital"],"inLanguage":"en-US","potentialAction":[{"@type":"CommentAction","name":"Comment","target":["https:\/\/folhadoleste.com.br\/policial-e-baleado-ao-entrar-por-engano-em-comunidade\/#respond"]}]},{"@type":"WebPage","@id":"https:\/\/folhadoleste.com.br\/policial-e-baleado-ao-entrar-por-engano-em-comunidade\/","url":"https:\/\/folhadoleste.com.br\/policial-e-baleado-ao-entrar-por-engano-em-comunidade\/","name":"Policial \u00e9 baleado ao entrar por engano em comunidade &#8226; Folha do Leste","isPartOf":{"@id":"https:\/\/folhadoleste.com.br\/#website"},"primaryImageOfPage":{"@id":"https:\/\/folhadoleste.com.br\/policial-e-baleado-ao-entrar-por-engano-em-comunidade\/#primaryimage"},"image":{"@id":"https:\/\/folhadoleste.com.br\/policial-e-baleado-ao-entrar-por-engano-em-comunidade\/#primaryimage"},"thumbnailUrl":"https:\/\/folhadoleste.com.br\/wp-content\/uploads\/2024\/07\/PM-e-baleado-por-criminosos-durante-invasao-de-casa-Foto-Reproducao-Wikipedia-scaled.jpg","datePublished":"2024-09-20T12:20:01+00:00","description":"Policial \u00e9 baleado ao entrar por engano em comunidade. \u00c9 a segunda vez essa semana que acontece um caso como esse...","breadcrumb":{"@id":"https:\/\/folhadoleste.com.br\/policial-e-baleado-ao-entrar-por-engano-em-comunidade\/#breadcrumb"},"inLanguage":"en-US","potentialAction":[{"@type":"ReadAction","target":["https:\/\/folhadoleste.com.br\/policial-e-baleado-ao-entrar-por-engano-em-comunidade\/"]}]},{"@type":"ImageObject","inLanguage":"en-US","@id":"https:\/\/folhadoleste.com.br\/policial-e-baleado-ao-entrar-por-engano-em-comunidade\/#primaryimage","url":"https:\/\/folhadoleste.com.br\/wp-content\/uploads\/2024\/07\/PM-e-baleado-por-criminosos-durante-invasao-de-casa-Foto-Reproducao-Wikipedia-scaled.jpg","contentUrl":"https:\/\/folhadoleste.com.br\/wp-content\/uploads\/2024\/07\/PM-e-baleado-por-criminosos-durante-invasao-de-casa-Foto-Reproducao-Wikipedia-scaled.jpg","width":2560,"height":1661,"caption":"Tiros deixam dois feridos na Avenida Brasil antes de opera\u00e7\u00e3o | Fernando Fraz\u00e3o\/Agencia Brasil"},{"@type":"BreadcrumbList","@id":"https:\/\/folhadoleste.com.br\/policial-e-baleado-ao-entrar-por-engano-em-comunidade\/#breadcrumb","itemListElement":[{"@type":"ListItem","position":1,"name":"In\u00edcio","item":"https:\/\/folhadoleste.com.br\/"},{"@type":"ListItem","position":2,"name":"Rio de Janeiro - Capital","item":"https:\/\/folhadoleste.com.br\/category\/rio-de-janeiro-capital\/"},{"@type":"ListItem","position":3,"name":"Policial \u00e9 baleado ao entrar por engano em comunidade"}]},{"@type":"WebSite","@id":"https:\/\/folhadoleste.com.br\/#website","url":"https:\/\/folhadoleste.com.br\/","name":"Folha do Leste","description":"Portal de Not\u00edcias com \u00eanfase em Niter\u00f3i, criando conte\u00fados desde a capital Rio de Janeiro, com olhar para o Leste Fluminense e suas cidades como S\u00e3o Gon\u00e7alo, Itabora\u00ed, Rio Bonito, Maric\u00e1, Saquarema e Araruama","publisher":{"@id":"https:\/\/folhadoleste.com.br\/#organization"},"alternateName":"FL","potentialAction":[{"@type":"SearchAction","target":{"@type":"EntryPoint","urlTemplate":"https:\/\/folhadoleste.com.br\/?s={search_term_string}"},"query-input":{"@type":"PropertyValueSpecification","valueRequired":true,"valueName":"search_term_string"}}],"inLanguage":"en-US"},{"@type":"Organization","@id":"https:\/\/folhadoleste.com.br\/#organization","name":"Brasil 21 Comunica\u00e7\u00e3o","alternateName":"BR21","url":"https:\/\/folhadoleste.com.br\/","logo":{"@type":"ImageObject","inLanguage":"en-US","@id":"https:\/\/folhadoleste.com.br\/#\/schema\/logo\/image\/","url":"https:\/\/folhadoleste.com.br\/wp-content\/uploads\/2025\/12\/brasil-21-logomarca.avif","contentUrl":"https:\/\/folhadoleste.com.br\/wp-content\/uploads\/2025\/12\/brasil-21-logomarca.avif","width":1044,"height":1044,"caption":"Brasil 21 Comunica\u00e7\u00e3o"},"image":{"@id":"https:\/\/folhadoleste.com.br\/#\/schema\/logo\/image\/"},"sameAs":["https:\/\/www.facebook.com\/folhadoleste","https:\/\/x.com\/FolhadoLesteRJ","https:\/\/www.instagram.com\/folhadoleste\/"]},{"@type":"Person","@id":"https:\/\/folhadoleste.com.br\/#\/schema\/person\/3e97145b2e1861276e84471aa85a3899","name":"Folha do Leste","image":{"@type":"ImageObject","inLanguage":"en-US","@id":"https:\/\/folhadoleste.com.br\/wp-content\/litespeed\/avatar\/1ca8c218432e7045e748610eb3db0259.jpg?ver=1777161142","url":"https:\/\/folhadoleste.com.br\/wp-content\/litespeed\/avatar\/1ca8c218432e7045e748610eb3db0259.jpg?ver=1777161142","contentUrl":"https:\/\/folhadoleste.com.br\/wp-content\/litespeed\/avatar\/1ca8c218432e7045e748610eb3db0259.jpg?ver=1777161142","caption":"Folha do Leste"},"url":"https:\/\/folhadoleste.com.br\/en\/author\/reportagem-01\/"}]}},"_links":{"self":[{"href":"https:\/\/folhadoleste.com.br\/en\/wp-json\/wp\/v2\/posts\/85168","targetHints":{"allow":["GET"]}}],"collection":[{"href":"https:\/\/folhadoleste.com.br\/en\/wp-json\/wp\/v2\/posts"}],"about":[{"href":"https:\/\/folhadoleste.com.br\/en\/wp-json\/wp\/v2\/types\/post"}],"author":[{"embeddable":true,"href":"https:\/\/folhadoleste.com.br\/en\/wp-json\/wp\/v2\/users\/4"}],"replies":[{"embeddable":true,"href":"https:\/\/folhadoleste.com.br\/en\/wp-json\/wp\/v2\/comments?post=85168"}],"version-history":[{"count":1,"href":"https:\/\/folhadoleste.com.br\/en\/wp-json\/wp\/v2\/posts\/85168\/revisions"}],"predecessor-version":[{"id":85170,"href":"https:\/\/folhadoleste.com.br\/en\/wp-json\/wp\/v2\/posts\/85168\/revisions\/85170"}],"wp:featuredmedia":[{"embeddable":true,"href":"https:\/\/folhadoleste.com.br\/en\/wp-json\/wp\/v2\/media\/75108"}],"wp:attachment":[{"href":"https:\/\/folhadoleste.com.br\/en\/wp-json\/wp\/v2\/media?parent=85168"}],"wp:term":[{"taxonomy":"category","embeddable":true,"href":"https:\/\/folhadoleste.com.br\/en\/wp-json\/wp\/v2\/categories?post=85168"},{"taxonomy":"post_tag","embeddable":true,"href":"https:\/\/folhadoleste.com.br\/en\/wp-json\/wp\/v2\/tags?post=85168"}],"curies":[{"name":"wp","href":"https:\/\/api.w.org\/{rel}","templated":true}]}}