{"id":84827,"date":"2024-09-18T15:18:27","date_gmt":"2024-09-18T18:18:27","guid":{"rendered":"https:\/\/folhadoleste.com.br\/?p=84827"},"modified":"2024-09-18T15:20:11","modified_gmt":"2024-09-18T18:20:11","slug":"seguranca-e-reforcada-em-jogos-da-libertadores","status":"publish","type":"post","link":"https:\/\/folhadoleste.com.br\/en\/seguranca-e-reforcada-em-jogos-da-libertadores\/","title":{"rendered":"Seguran\u00e7a \u00e9 refor\u00e7ada em jogos da Libertadores"},"content":{"rendered":"<div id=\"attachment_23100\" style=\"width: 1210px\" class=\"wp-caption aligncenter\"><img decoding=\"async\" aria-describedby=\"caption-attachment-23100\" class=\"size-full wp-image-23100\" src=\"https:\/\/folhadoleste.com.br\/wp-content\/uploads\/2023\/08\/Vasco-deseja-mandar-classico-contra-o-Fluminense-no-Maracana-Foto-Divulgacao-Maracana.jpg\" alt=\"Seguran\u00e7a \u00e9 refor\u00e7ada em jogos da Libertadores\" width=\"1200\" height=\"750\" \/><p id=\"caption-attachment-23100\" class=\"wp-caption-text\">Seguran\u00e7a \u00e9 refor\u00e7ada em jogos da Libertadores | Divulga\u00e7\u00e3o\/Maracan\u00e3<\/p><\/div>\n<p style=\"text-align: justify;\">O Governo do Estado criou uma for\u00e7a-tarefa com mais de 2 mil policiais para garantir a seguran\u00e7a dos jogos da Libertadores, que acontecem nesta quarta-feira (18\/09) e quinta-feira (19\/09) no Maracan\u00e3 e no Engenh\u00e3o. Pela primeira vez, o software de reconhecimento facial ser\u00e1 integrado \u00e0s c\u00e2meras corporais port\u00e1teis dos agentes que atuar\u00e3o no entorno e dentro dos est\u00e1dios.<\/p>\n<p style=\"text-align: justify;\">A Pol\u00edcia Militar ser\u00e1 respons\u00e1vel pela mobiliza\u00e7\u00e3o de 1.890 policiais para atuar antes, durante e ap\u00f3s os jogos de quarta-feira, entre Fluminense e Atl\u00e9tico Mineiro no Maracan\u00e3, e Botafogo e S\u00e3o Paulo no Engenh\u00e3o. Na quinta-feira, a partida entre Flamengo e Penharol, tamb\u00e9m no Maracan\u00e3, contar\u00e1 com o refor\u00e7o de policiais civis e militares.<\/p>\n<h6><span style=\"color: #ff0000;\"><strong>+<\/strong><\/span> <span style=\"color: #000000;\">LEIA TAMB\u00c9M: \u25ba<\/span><a href=\"https:\/\/folhadoleste.com.br\/en\/niteroi-se-une-ao-dia-mundial-da-limpeza-inscricoes-abertas\/\"><strong>Niter\u00f3i se une ao Dia Mundial da Limpeza; Inscri\u00e7\u00f5es abertas<\/strong><\/a><\/h6>\n<p style=\"text-align: justify;\">Al\u00e9m do efetivo, o uso de tecnologia ser\u00e1 ampliado, com c\u00e2meras corporais conectadas a um software de reconhecimento facial, que ser\u00e1 utilizado pela primeira vez neste tipo de opera\u00e7\u00e3o. Segundo o governador Cl\u00e1udio Castro, a seguran\u00e7a p\u00fablica do Estado est\u00e1 continuamente aprimorando suas estrat\u00e9gias, especialmente para grandes eventos, utilizando ferramentas tecnol\u00f3gicas para manter a ordem e a paz.<\/p>\n<p style=\"text-align: justify;\">A for\u00e7a-tarefa criada para a Libertadores re\u00fane a Pol\u00edcia Militar, a Pol\u00edcia Civil, o Minist\u00e9rio P\u00fablico, representantes dos clubes e da Federa\u00e7\u00e3o de Futebol do Estado. O objetivo \u00e9 evitar tumultos e punir com rigor os indiv\u00edduos que, infiltrados nas torcidas, provocam confus\u00f5es.<\/p>\n<h5 style=\"text-align: center;\"><span style=\"color: #000000;\"><span style=\"color: #ff0000;\"><strong>+ <\/strong><\/span><\/span><span style=\"color: #000000;\"><strong><span style=\"color: #ff9900;\">MAIS NOT\u00cdCIAS DE ESPORTES?<\/span> <span style=\"color: #008080;\"><a style=\"color: #008080;\" href=\"https:\/\/folhadoleste.com.br\/en\/category\/esportes\/\">CLIQUE AQUI<\/a><\/span><\/strong><\/span><\/h5>\n<p style=\"text-align: justify;\">A opera\u00e7\u00e3o especial inclui policiais de diversas unidades especializadas, como o Comando de Opera\u00e7\u00f5es Especiais (COE) e o Comando de Pol\u00edcia Especializada (CPE). O policiamento ser\u00e1 refor\u00e7ado dentro e fora dos est\u00e1dios, sob a responsabilidade do Batalh\u00e3o Especializado de Policiamento em Est\u00e1dios (BEPE). A escolta dos torcedores visitantes ser\u00e1 realizada por equipes do RECOM (Rondas Especiais e Controle de Multid\u00f5es) e pelo Batalh\u00e3o T\u00e1tico de Motociclistas (BTM).<\/p>\n<p style=\"text-align: justify;\">A movimenta\u00e7\u00e3o dos torcedores do Penharol, que v\u00eam do Uruguai para o jogo de quinta-feira, ser\u00e1 monitorada pelo setor de Intelig\u00eancia da Pol\u00edcia Militar, com apoio da Pol\u00edcia Rodovi\u00e1ria Federal. A a\u00e7\u00e3o ser\u00e1 intensificada na \u00e1rea hoteleira da Zona Sul e do Centro do Rio de Janeiro.<\/p>\n<h6><span style=\"color: #ff0000;\"><strong>+<\/strong><\/span> <span style=\"color: #000000;\">LEIA TAMB\u00c9M: \u25ba<\/span><a href=\"https:\/\/folhadoleste.com.br\/en\/fluminense-x-atletico-mg-informacoes-escalacoes-onde-assistir-2\/\"><strong>Fluminense x Atl\u00e9tico-MG: Informa\u00e7\u00f5es, escala\u00e7\u00f5es, onde assistir<\/strong><\/a><\/h6>\n<p style=\"text-align: justify;\">Mesmo com o esquema especial para os jogos da Libertadores, o planejamento de seguran\u00e7a do Rock in Rio, que ocorre de quinta a domingo (22\/09), n\u00e3o ser\u00e1 comprometido. Para o evento, mais de 8 mil policiais estar\u00e3o mobilizados, juntamente com o uso de recursos tecnol\u00f3gicos avan\u00e7ados para garantir a seguran\u00e7a dos participantes.<\/p>\n<div id=\"attachment_77492\" class=\"wp-caption aligncenter\">\n<p><a href=\"http:\/\/instagram.com\/folhadoleste\"><img decoding=\"async\" class=\"wp-image-77492 size-full\" src=\"https:\/\/folhadoleste.com.br\/wp-content\/uploads\/2024\/07\/Instagram-Folha-do-Leste.png\" alt=\"http:\/\/instagram.com\/folhadoleste\" width=\"400\" height=\"200\" aria-describedby=\"caption-attachment-77492\" \/><\/a><\/p>\n<p id=\"caption-attachment-77492\" class=\"wp-caption-text\">Siga o Folha do Leste no Instagram!<\/p>\n<\/div>\n<div id=\"attachment_77490\" class=\"wp-caption aligncenter\">\n<p><a href=\"http:\/\/facebook.com\/folhadoleste\"><img decoding=\"async\" class=\"size-medium wp-image-77490\" src=\"https:\/\/folhadoleste.com.br\/wp-content\/uploads\/2024\/07\/Facebook-Folha-do-Leste-10k-300x300.jpg\" alt=\"Curta e siga o Folha do Leste no Facebook!\" width=\"300\" height=\"300\" aria-describedby=\"caption-attachment-77490\" \/><\/a><\/p>\n<p id=\"caption-attachment-77490\" class=\"wp-caption-text\">Curta e siga o Folha do Leste no Facebook!<\/p>\n<\/div>","protected":false},"excerpt":{"rendered":"<p>O Governo do Estado criou uma for\u00e7a-tarefa com mais de 2 mil policiais para garantir a seguran\u00e7a dos jogos da Libertadores, que acontecem nesta quarta-feira (18\/09) e quinta-feira (19\/09) no Maracan\u00e3 e no Engenh\u00e3o. Pela primeira vez, o software de reconhecimento facial ser\u00e1 integrado \u00e0s c\u00e2meras corporais port\u00e1teis dos agentes que atuar\u00e3o no entorno e dentro dos est\u00e1dios. A Pol\u00edcia Militar ser\u00e1 respons\u00e1vel pela mobiliza\u00e7\u00e3o de 1.890 policiais para atuar antes, durante e ap\u00f3s os jogos de quarta-feira, entre Fluminense e Atl\u00e9tico Mineiro no Maracan\u00e3, e Botafogo e S\u00e3o Paulo no Engenh\u00e3o. Na quinta-feira, a partida entre Flamengo e Penharol, [&hellip;]<\/p>\n","protected":false},"author":4,"featured_media":23100,"comment_status":"open","ping_status":"open","sticky":false,"template":"","format":"standard","meta":{"footnotes":""},"categories":[48,65],"tags":[310,737,105,3505,26116,878,101,41295,3303,439,286,16448,9728,203,2587,7090,379,93,41296,41297,824,5483,651],"class_list":["post-84827","post","type-post","status-publish","format-standard","has-post-thumbnail","hentry","category-esportes","category-futebol-esportes","tag-confronto","tag-engenhao","tag-esportes","tag-estadios","tag-eventos-esportivos","tag-forca-tarefa","tag-futebol","tag-gestao-de-crise","tag-governo-do-estado","tag-libertadores","tag-maracana","tag-operacoes-policiais","tag-planejamento","tag-policia-civil","tag-policia-militar","tag-policiamento","tag-prevencao","tag-rio-de-janeiro","tag-secretaria-de-seguranca-publica","tag-seguranca-privada","tag-seguranca-publica","tag-torcidas-organizadas","tag-violencia","post--single"],"yoast_head":"<!-- This site is optimized with the Yoast SEO plugin v27.4 - https:\/\/yoast.com\/product\/yoast-seo-wordpress\/ -->\n<title>Seguran\u00e7a \u00e9 refor\u00e7ada em jogos da Libertadores &#8226; Folha do Leste<\/title>\n<meta name=\"description\" content=\"Seguran\u00e7a \u00e9 refor\u00e7ada em jogos da Libertadores. O uso de c\u00e2meras corporais e reconhecimento facial ser\u00e1 uma das ferramentas...\" \/>\n<meta name=\"robots\" content=\"index, follow, max-snippet:-1, max-image-preview:large, max-video-preview:-1\" \/>\n<link rel=\"canonical\" href=\"https:\/\/folhadoleste.com.br\/en\/seguranca-e-reforcada-em-jogos-da-libertadores\/\" \/>\n<meta property=\"og:locale\" content=\"en_US\" \/>\n<meta property=\"og:type\" content=\"article\" \/>\n<meta property=\"og:title\" content=\"Seguran\u00e7a \u00e9 refor\u00e7ada em jogos da Libertadores &#8226; Folha do Leste\" \/>\n<meta property=\"og:description\" content=\"Futebol &#8226; 18 de September de 2024 &#8226; Folha do Leste\" \/>\n<meta property=\"og:url\" content=\"https:\/\/folhadoleste.com.br\/en\/seguranca-e-reforcada-em-jogos-da-libertadores\/\" \/>\n<meta property=\"og:site_name\" content=\"Folha do Leste\" \/>\n<meta property=\"article:publisher\" content=\"https:\/\/www.facebook.com\/folhadoleste\" \/>\n<meta property=\"article:published_time\" content=\"2024-09-18T18:18:27+00:00\" \/>\n<meta property=\"article:modified_time\" content=\"2024-09-18T18:20:11+00:00\" \/>\n<meta property=\"og:image\" content=\"https:\/\/folhadoleste.com.br\/wp-content\/uploads\/2023\/08\/Vasco-deseja-mandar-classico-contra-o-Fluminense-no-Maracana-Foto-Divulgacao-Maracana.jpg\" \/>\n\t<meta property=\"og:image:width\" content=\"1200\" \/>\n\t<meta property=\"og:image:height\" content=\"750\" \/>\n\t<meta property=\"og:image:type\" content=\"image\/jpeg\" \/>\n<meta name=\"author\" content=\"Folha do Leste\" \/>\n<meta name=\"twitter:card\" content=\"summary_large_image\" \/>\n<meta name=\"twitter:description\" content=\"Futebol &#8226; 18 de September de 2024 &#8226; Folha do Leste\" \/>\n<meta name=\"twitter:creator\" content=\"@FolhadoLesteRJ\" \/>\n<meta name=\"twitter:site\" content=\"@FolhadoLesteRJ\" \/>\n<meta name=\"twitter:label1\" content=\"Written by\" \/>\n\t<meta name=\"twitter:data1\" content=\"Folha do Leste\" \/>\n\t<meta name=\"twitter:label2\" content=\"Est. reading time\" \/>\n\t<meta name=\"twitter:data2\" content=\"4 minutes\" \/>\n<script type=\"application\/ld+json\" class=\"yoast-schema-graph\">{\"@context\":\"https:\\\/\\\/schema.org\",\"@graph\":[{\"@type\":\"NewsArticle\",\"@id\":\"https:\\\/\\\/folhadoleste.com.br\\\/seguranca-e-reforcada-em-jogos-da-libertadores\\\/#article\",\"isPartOf\":{\"@id\":\"https:\\\/\\\/folhadoleste.com.br\\\/seguranca-e-reforcada-em-jogos-da-libertadores\\\/\"},\"author\":{\"name\":\"Folha do Leste\",\"@id\":\"https:\\\/\\\/folhadoleste.com.br\\\/#\\\/schema\\\/person\\\/3e97145b2e1861276e84471aa85a3899\"},\"headline\":\"Seguran\u00e7a \u00e9 refor\u00e7ada em jogos da Libertadores\",\"datePublished\":\"2024-09-18T18:18:27+00:00\",\"dateModified\":\"2024-09-18T18:20:11+00:00\",\"mainEntityOfPage\":{\"@id\":\"https:\\\/\\\/folhadoleste.com.br\\\/seguranca-e-reforcada-em-jogos-da-libertadores\\\/\"},\"wordCount\":505,\"commentCount\":0,\"publisher\":{\"@id\":\"https:\\\/\\\/folhadoleste.com.br\\\/#organization\"},\"image\":{\"@id\":\"https:\\\/\\\/folhadoleste.com.br\\\/seguranca-e-reforcada-em-jogos-da-libertadores\\\/#primaryimage\"},\"thumbnailUrl\":\"https:\\\/\\\/folhadoleste.com.br\\\/wp-content\\\/uploads\\\/2023\\\/08\\\/Vasco-deseja-mandar-classico-contra-o-Fluminense-no-Maracana-Foto-Divulgacao-Maracana.jpg\",\"keywords\":[\"confronto\",\"Engenh\u00e3o\",\"Esportes\",\"est\u00e1dios\",\"eventos esportivos\",\"For\u00e7a-tarefa\",\"futebol\",\"gest\u00e3o de crise\",\"Governo do Estado\",\"Libertadores\",\"Maracan\u00e3\",\"Opera\u00e7\u00f5es Policiais\",\"planejamento\",\"pol\u00edcia civil\",\"Pol\u00edcia Militar\",\"policiamento\",\"preven\u00e7\u00e3o\",\"Rio de Janeiro\",\"Secretaria de Seguran\u00e7a P\u00fablica\",\"seguran\u00e7a privada\",\"Seguran\u00e7a publica\",\"Torcidas Organizadas\",\"viol\u00eancia\"],\"articleSection\":[\"Esportes\",\"Futebol\"],\"inLanguage\":\"en-US\",\"potentialAction\":[{\"@type\":\"CommentAction\",\"name\":\"Comment\",\"target\":[\"https:\\\/\\\/folhadoleste.com.br\\\/seguranca-e-reforcada-em-jogos-da-libertadores\\\/#respond\"]}]},{\"@type\":\"WebPage\",\"@id\":\"https:\\\/\\\/folhadoleste.com.br\\\/seguranca-e-reforcada-em-jogos-da-libertadores\\\/\",\"url\":\"https:\\\/\\\/folhadoleste.com.br\\\/seguranca-e-reforcada-em-jogos-da-libertadores\\\/\",\"name\":\"Seguran\u00e7a \u00e9 refor\u00e7ada em jogos da Libertadores &#8226; Folha do Leste\",\"isPartOf\":{\"@id\":\"https:\\\/\\\/folhadoleste.com.br\\\/#website\"},\"primaryImageOfPage\":{\"@id\":\"https:\\\/\\\/folhadoleste.com.br\\\/seguranca-e-reforcada-em-jogos-da-libertadores\\\/#primaryimage\"},\"image\":{\"@id\":\"https:\\\/\\\/folhadoleste.com.br\\\/seguranca-e-reforcada-em-jogos-da-libertadores\\\/#primaryimage\"},\"thumbnailUrl\":\"https:\\\/\\\/folhadoleste.com.br\\\/wp-content\\\/uploads\\\/2023\\\/08\\\/Vasco-deseja-mandar-classico-contra-o-Fluminense-no-Maracana-Foto-Divulgacao-Maracana.jpg\",\"datePublished\":\"2024-09-18T18:18:27+00:00\",\"dateModified\":\"2024-09-18T18:20:11+00:00\",\"description\":\"Seguran\u00e7a \u00e9 refor\u00e7ada em jogos da Libertadores. O uso de c\u00e2meras corporais e reconhecimento facial ser\u00e1 uma das ferramentas...\",\"breadcrumb\":{\"@id\":\"https:\\\/\\\/folhadoleste.com.br\\\/seguranca-e-reforcada-em-jogos-da-libertadores\\\/#breadcrumb\"},\"inLanguage\":\"en-US\",\"potentialAction\":[{\"@type\":\"ReadAction\",\"target\":[\"https:\\\/\\\/folhadoleste.com.br\\\/seguranca-e-reforcada-em-jogos-da-libertadores\\\/\"]}]},{\"@type\":\"ImageObject\",\"inLanguage\":\"en-US\",\"@id\":\"https:\\\/\\\/folhadoleste.com.br\\\/seguranca-e-reforcada-em-jogos-da-libertadores\\\/#primaryimage\",\"url\":\"https:\\\/\\\/folhadoleste.com.br\\\/wp-content\\\/uploads\\\/2023\\\/08\\\/Vasco-deseja-mandar-classico-contra-o-Fluminense-no-Maracana-Foto-Divulgacao-Maracana.jpg\",\"contentUrl\":\"https:\\\/\\\/folhadoleste.com.br\\\/wp-content\\\/uploads\\\/2023\\\/08\\\/Vasco-deseja-mandar-classico-contra-o-Fluminense-no-Maracana-Foto-Divulgacao-Maracana.jpg\",\"width\":1200,\"height\":750,\"caption\":\"Maracan\u00e3 ter\u00e1 salas sensoriais para torcedores com autismo a partir de setembro | Divulga\u00e7\u00e3o\\\/Maracan\u00e3\"},{\"@type\":\"BreadcrumbList\",\"@id\":\"https:\\\/\\\/folhadoleste.com.br\\\/seguranca-e-reforcada-em-jogos-da-libertadores\\\/#breadcrumb\",\"itemListElement\":[{\"@type\":\"ListItem\",\"position\":1,\"name\":\"In\u00edcio\",\"item\":\"https:\\\/\\\/folhadoleste.com.br\\\/\"},{\"@type\":\"ListItem\",\"position\":2,\"name\":\"Esportes\",\"item\":\"https:\\\/\\\/folhadoleste.com.br\\\/category\\\/esportes\\\/\"},{\"@type\":\"ListItem\",\"position\":3,\"name\":\"Futebol\",\"item\":\"https:\\\/\\\/folhadoleste.com.br\\\/category\\\/esportes\\\/futebol-esportes\\\/\"},{\"@type\":\"ListItem\",\"position\":4,\"name\":\"Seguran\u00e7a \u00e9 refor\u00e7ada em jogos da Libertadores\"}]},{\"@type\":\"WebSite\",\"@id\":\"https:\\\/\\\/folhadoleste.com.br\\\/#website\",\"url\":\"https:\\\/\\\/folhadoleste.com.br\\\/\",\"name\":\"Folha do Leste\",\"description\":\"Portal de Not\u00edcias com \u00eanfase em Niter\u00f3i, criando conte\u00fados desde a capital Rio de Janeiro, com olhar para o Leste Fluminense e suas cidades como S\u00e3o Gon\u00e7alo, Itabora\u00ed, Rio Bonito, Maric\u00e1, Saquarema e Araruama\",\"publisher\":{\"@id\":\"https:\\\/\\\/folhadoleste.com.br\\\/#organization\"},\"alternateName\":\"FL\",\"potentialAction\":[{\"@type\":\"SearchAction\",\"target\":{\"@type\":\"EntryPoint\",\"urlTemplate\":\"https:\\\/\\\/folhadoleste.com.br\\\/?s={search_term_string}\"},\"query-input\":{\"@type\":\"PropertyValueSpecification\",\"valueRequired\":true,\"valueName\":\"search_term_string\"}}],\"inLanguage\":\"en-US\"},{\"@type\":\"Organization\",\"@id\":\"https:\\\/\\\/folhadoleste.com.br\\\/#organization\",\"name\":\"Brasil 21 Comunica\u00e7\u00e3o\",\"alternateName\":\"BR21\",\"url\":\"https:\\\/\\\/folhadoleste.com.br\\\/\",\"logo\":{\"@type\":\"ImageObject\",\"inLanguage\":\"en-US\",\"@id\":\"https:\\\/\\\/folhadoleste.com.br\\\/#\\\/schema\\\/logo\\\/image\\\/\",\"url\":\"https:\\\/\\\/folhadoleste.com.br\\\/wp-content\\\/uploads\\\/2025\\\/12\\\/brasil-21-logomarca.avif\",\"contentUrl\":\"https:\\\/\\\/folhadoleste.com.br\\\/wp-content\\\/uploads\\\/2025\\\/12\\\/brasil-21-logomarca.avif\",\"width\":1044,\"height\":1044,\"caption\":\"Brasil 21 Comunica\u00e7\u00e3o\"},\"image\":{\"@id\":\"https:\\\/\\\/folhadoleste.com.br\\\/#\\\/schema\\\/logo\\\/image\\\/\"},\"sameAs\":[\"https:\\\/\\\/www.facebook.com\\\/folhadoleste\",\"https:\\\/\\\/x.com\\\/FolhadoLesteRJ\",\"https:\\\/\\\/www.instagram.com\\\/folhadoleste\\\/\"]},{\"@type\":\"Person\",\"@id\":\"https:\\\/\\\/folhadoleste.com.br\\\/#\\\/schema\\\/person\\\/3e97145b2e1861276e84471aa85a3899\",\"name\":\"Folha do Leste\",\"image\":{\"@type\":\"ImageObject\",\"inLanguage\":\"en-US\",\"@id\":\"https:\\\/\\\/folhadoleste.com.br\\\/wp-content\\\/litespeed\\\/avatar\\\/1ca8c218432e7045e748610eb3db0259.jpg?ver=1777161142\",\"url\":\"https:\\\/\\\/folhadoleste.com.br\\\/wp-content\\\/litespeed\\\/avatar\\\/1ca8c218432e7045e748610eb3db0259.jpg?ver=1777161142\",\"contentUrl\":\"https:\\\/\\\/folhadoleste.com.br\\\/wp-content\\\/litespeed\\\/avatar\\\/1ca8c218432e7045e748610eb3db0259.jpg?ver=1777161142\",\"caption\":\"Folha do Leste\"},\"url\":\"https:\\\/\\\/folhadoleste.com.br\\\/en\\\/author\\\/reportagem-01\\\/\"}]}<\/script>\n<!-- \/ Yoast SEO plugin. -->","yoast_head_json":{"title":"Seguran\u00e7a \u00e9 refor\u00e7ada em jogos da Libertadores &#8226; Folha do Leste","description":"Seguran\u00e7a \u00e9 refor\u00e7ada em jogos da Libertadores. O uso de c\u00e2meras corporais e reconhecimento facial ser\u00e1 uma das ferramentas...","robots":{"index":"index","follow":"follow","max-snippet":"max-snippet:-1","max-image-preview":"max-image-preview:large","max-video-preview":"max-video-preview:-1"},"canonical":"https:\/\/folhadoleste.com.br\/en\/seguranca-e-reforcada-em-jogos-da-libertadores\/","og_locale":"en_US","og_type":"article","og_title":"Seguran\u00e7a \u00e9 refor\u00e7ada em jogos da Libertadores &#8226; Folha do Leste","og_description":"Futebol &#8226; 18 de September de 2024 &#8226; Folha do Leste","og_url":"https:\/\/folhadoleste.com.br\/en\/seguranca-e-reforcada-em-jogos-da-libertadores\/","og_site_name":"Folha do Leste","article_publisher":"https:\/\/www.facebook.com\/folhadoleste","article_published_time":"2024-09-18T18:18:27+00:00","article_modified_time":"2024-09-18T18:20:11+00:00","og_image":[{"width":1200,"height":750,"url":"https:\/\/folhadoleste.com.br\/wp-content\/uploads\/2023\/08\/Vasco-deseja-mandar-classico-contra-o-Fluminense-no-Maracana-Foto-Divulgacao-Maracana.jpg","type":"image\/jpeg"}],"author":"Folha do Leste","twitter_card":"summary_large_image","twitter_description":"Futebol &#8226; 18 de September de 2024 &#8226; Folha do Leste","twitter_creator":"@FolhadoLesteRJ","twitter_site":"@FolhadoLesteRJ","twitter_misc":{"Written by":"Folha do Leste","Est. reading time":"4 minutes"},"schema":{"@context":"https:\/\/schema.org","@graph":[{"@type":"NewsArticle","@id":"https:\/\/folhadoleste.com.br\/seguranca-e-reforcada-em-jogos-da-libertadores\/#article","isPartOf":{"@id":"https:\/\/folhadoleste.com.br\/seguranca-e-reforcada-em-jogos-da-libertadores\/"},"author":{"name":"Folha do Leste","@id":"https:\/\/folhadoleste.com.br\/#\/schema\/person\/3e97145b2e1861276e84471aa85a3899"},"headline":"Seguran\u00e7a \u00e9 refor\u00e7ada em jogos da Libertadores","datePublished":"2024-09-18T18:18:27+00:00","dateModified":"2024-09-18T18:20:11+00:00","mainEntityOfPage":{"@id":"https:\/\/folhadoleste.com.br\/seguranca-e-reforcada-em-jogos-da-libertadores\/"},"wordCount":505,"commentCount":0,"publisher":{"@id":"https:\/\/folhadoleste.com.br\/#organization"},"image":{"@id":"https:\/\/folhadoleste.com.br\/seguranca-e-reforcada-em-jogos-da-libertadores\/#primaryimage"},"thumbnailUrl":"https:\/\/folhadoleste.com.br\/wp-content\/uploads\/2023\/08\/Vasco-deseja-mandar-classico-contra-o-Fluminense-no-Maracana-Foto-Divulgacao-Maracana.jpg","keywords":["confronto","Engenh\u00e3o","Esportes","est\u00e1dios","eventos esportivos","For\u00e7a-tarefa","futebol","gest\u00e3o de crise","Governo do Estado","Libertadores","Maracan\u00e3","Opera\u00e7\u00f5es Policiais","planejamento","pol\u00edcia civil","Pol\u00edcia Militar","policiamento","preven\u00e7\u00e3o","Rio de Janeiro","Secretaria de Seguran\u00e7a P\u00fablica","seguran\u00e7a privada","Seguran\u00e7a publica","Torcidas Organizadas","viol\u00eancia"],"articleSection":["Esportes","Futebol"],"inLanguage":"en-US","potentialAction":[{"@type":"CommentAction","name":"Comment","target":["https:\/\/folhadoleste.com.br\/seguranca-e-reforcada-em-jogos-da-libertadores\/#respond"]}]},{"@type":"WebPage","@id":"https:\/\/folhadoleste.com.br\/seguranca-e-reforcada-em-jogos-da-libertadores\/","url":"https:\/\/folhadoleste.com.br\/seguranca-e-reforcada-em-jogos-da-libertadores\/","name":"Seguran\u00e7a \u00e9 refor\u00e7ada em jogos da Libertadores &#8226; Folha do Leste","isPartOf":{"@id":"https:\/\/folhadoleste.com.br\/#website"},"primaryImageOfPage":{"@id":"https:\/\/folhadoleste.com.br\/seguranca-e-reforcada-em-jogos-da-libertadores\/#primaryimage"},"image":{"@id":"https:\/\/folhadoleste.com.br\/seguranca-e-reforcada-em-jogos-da-libertadores\/#primaryimage"},"thumbnailUrl":"https:\/\/folhadoleste.com.br\/wp-content\/uploads\/2023\/08\/Vasco-deseja-mandar-classico-contra-o-Fluminense-no-Maracana-Foto-Divulgacao-Maracana.jpg","datePublished":"2024-09-18T18:18:27+00:00","dateModified":"2024-09-18T18:20:11+00:00","description":"Seguran\u00e7a \u00e9 refor\u00e7ada em jogos da Libertadores. O uso de c\u00e2meras corporais e reconhecimento facial ser\u00e1 uma das ferramentas...","breadcrumb":{"@id":"https:\/\/folhadoleste.com.br\/seguranca-e-reforcada-em-jogos-da-libertadores\/#breadcrumb"},"inLanguage":"en-US","potentialAction":[{"@type":"ReadAction","target":["https:\/\/folhadoleste.com.br\/seguranca-e-reforcada-em-jogos-da-libertadores\/"]}]},{"@type":"ImageObject","inLanguage":"en-US","@id":"https:\/\/folhadoleste.com.br\/seguranca-e-reforcada-em-jogos-da-libertadores\/#primaryimage","url":"https:\/\/folhadoleste.com.br\/wp-content\/uploads\/2023\/08\/Vasco-deseja-mandar-classico-contra-o-Fluminense-no-Maracana-Foto-Divulgacao-Maracana.jpg","contentUrl":"https:\/\/folhadoleste.com.br\/wp-content\/uploads\/2023\/08\/Vasco-deseja-mandar-classico-contra-o-Fluminense-no-Maracana-Foto-Divulgacao-Maracana.jpg","width":1200,"height":750,"caption":"Maracan\u00e3 ter\u00e1 salas sensoriais para torcedores com autismo a partir de setembro | Divulga\u00e7\u00e3o\/Maracan\u00e3"},{"@type":"BreadcrumbList","@id":"https:\/\/folhadoleste.com.br\/seguranca-e-reforcada-em-jogos-da-libertadores\/#breadcrumb","itemListElement":[{"@type":"ListItem","position":1,"name":"In\u00edcio","item":"https:\/\/folhadoleste.com.br\/"},{"@type":"ListItem","position":2,"name":"Esportes","item":"https:\/\/folhadoleste.com.br\/category\/esportes\/"},{"@type":"ListItem","position":3,"name":"Futebol","item":"https:\/\/folhadoleste.com.br\/category\/esportes\/futebol-esportes\/"},{"@type":"ListItem","position":4,"name":"Seguran\u00e7a \u00e9 refor\u00e7ada em jogos da Libertadores"}]},{"@type":"WebSite","@id":"https:\/\/folhadoleste.com.br\/#website","url":"https:\/\/folhadoleste.com.br\/","name":"Folha do Leste","description":"Portal de Not\u00edcias com \u00eanfase em Niter\u00f3i, criando conte\u00fados desde a capital Rio de Janeiro, com olhar para o Leste Fluminense e suas cidades como S\u00e3o Gon\u00e7alo, Itabora\u00ed, Rio Bonito, Maric\u00e1, Saquarema e Araruama","publisher":{"@id":"https:\/\/folhadoleste.com.br\/#organization"},"alternateName":"FL","potentialAction":[{"@type":"SearchAction","target":{"@type":"EntryPoint","urlTemplate":"https:\/\/folhadoleste.com.br\/?s={search_term_string}"},"query-input":{"@type":"PropertyValueSpecification","valueRequired":true,"valueName":"search_term_string"}}],"inLanguage":"en-US"},{"@type":"Organization","@id":"https:\/\/folhadoleste.com.br\/#organization","name":"Brasil 21 Comunica\u00e7\u00e3o","alternateName":"BR21","url":"https:\/\/folhadoleste.com.br\/","logo":{"@type":"ImageObject","inLanguage":"en-US","@id":"https:\/\/folhadoleste.com.br\/#\/schema\/logo\/image\/","url":"https:\/\/folhadoleste.com.br\/wp-content\/uploads\/2025\/12\/brasil-21-logomarca.avif","contentUrl":"https:\/\/folhadoleste.com.br\/wp-content\/uploads\/2025\/12\/brasil-21-logomarca.avif","width":1044,"height":1044,"caption":"Brasil 21 Comunica\u00e7\u00e3o"},"image":{"@id":"https:\/\/folhadoleste.com.br\/#\/schema\/logo\/image\/"},"sameAs":["https:\/\/www.facebook.com\/folhadoleste","https:\/\/x.com\/FolhadoLesteRJ","https:\/\/www.instagram.com\/folhadoleste\/"]},{"@type":"Person","@id":"https:\/\/folhadoleste.com.br\/#\/schema\/person\/3e97145b2e1861276e84471aa85a3899","name":"Folha do Leste","image":{"@type":"ImageObject","inLanguage":"en-US","@id":"https:\/\/folhadoleste.com.br\/wp-content\/litespeed\/avatar\/1ca8c218432e7045e748610eb3db0259.jpg?ver=1777161142","url":"https:\/\/folhadoleste.com.br\/wp-content\/litespeed\/avatar\/1ca8c218432e7045e748610eb3db0259.jpg?ver=1777161142","contentUrl":"https:\/\/folhadoleste.com.br\/wp-content\/litespeed\/avatar\/1ca8c218432e7045e748610eb3db0259.jpg?ver=1777161142","caption":"Folha do Leste"},"url":"https:\/\/folhadoleste.com.br\/en\/author\/reportagem-01\/"}]}},"_links":{"self":[{"href":"https:\/\/folhadoleste.com.br\/en\/wp-json\/wp\/v2\/posts\/84827","targetHints":{"allow":["GET"]}}],"collection":[{"href":"https:\/\/folhadoleste.com.br\/en\/wp-json\/wp\/v2\/posts"}],"about":[{"href":"https:\/\/folhadoleste.com.br\/en\/wp-json\/wp\/v2\/types\/post"}],"author":[{"embeddable":true,"href":"https:\/\/folhadoleste.com.br\/en\/wp-json\/wp\/v2\/users\/4"}],"replies":[{"embeddable":true,"href":"https:\/\/folhadoleste.com.br\/en\/wp-json\/wp\/v2\/comments?post=84827"}],"version-history":[{"count":1,"href":"https:\/\/folhadoleste.com.br\/en\/wp-json\/wp\/v2\/posts\/84827\/revisions"}],"predecessor-version":[{"id":84829,"href":"https:\/\/folhadoleste.com.br\/en\/wp-json\/wp\/v2\/posts\/84827\/revisions\/84829"}],"wp:featuredmedia":[{"embeddable":true,"href":"https:\/\/folhadoleste.com.br\/en\/wp-json\/wp\/v2\/media\/23100"}],"wp:attachment":[{"href":"https:\/\/folhadoleste.com.br\/en\/wp-json\/wp\/v2\/media?parent=84827"}],"wp:term":[{"taxonomy":"category","embeddable":true,"href":"https:\/\/folhadoleste.com.br\/en\/wp-json\/wp\/v2\/categories?post=84827"},{"taxonomy":"post_tag","embeddable":true,"href":"https:\/\/folhadoleste.com.br\/en\/wp-json\/wp\/v2\/tags?post=84827"}],"curies":[{"name":"wp","href":"https:\/\/api.w.org\/{rel}","templated":true}]}}