{"id":84545,"date":"2024-09-16T18:55:57","date_gmt":"2024-09-16T21:55:57","guid":{"rendered":"https:\/\/folhadoleste.com.br\/?p=84545"},"modified":"2024-09-16T18:55:57","modified_gmt":"2024-09-16T21:55:57","slug":"niteroi-aprova-plano-de-manejo-para-nova-area-verde","status":"publish","type":"post","link":"https:\/\/folhadoleste.com.br\/en\/niteroi-aprova-plano-de-manejo-para-nova-area-verde\/","title":{"rendered":"Niter\u00f3i aprova Plano de Manejo para nova \u00e1rea verde"},"content":{"rendered":"<div id=\"attachment_84549\" style=\"width: 2570px\" class=\"wp-caption aligncenter\"><img decoding=\"async\" aria-describedby=\"caption-attachment-84549\" class=\"size-full wp-image-84549\" src=\"https:\/\/folhadoleste.com.br\/wp-content\/uploads\/2024\/09\/Niteroi-aprova-Plano-de-Manejo-para-nova-area-verde-Foto-Divugacao-Luciana-Carneiro-scaled.jpg\" alt=\"Niter\u00f3i aprova Plano de Manejo para nova \u00e1rea verde\" width=\"2560\" height=\"1440\" \/><p id=\"caption-attachment-84549\" class=\"wp-caption-text\">Niter\u00f3i aprova Plano de Manejo para nova \u00e1rea verde | Divulga\u00e7\u00e3o\/Luciana Carneiro<\/p><\/div>\n<p class=\"v1MsoNormal\" style=\"text-align: justify;\">A Prefeitura de Niter\u00f3i deu mais um passo, nesta segunda-feira (16), para garantir a preserva\u00e7\u00e3o de duas importantes unidades de conserva\u00e7\u00e3o da cidade. A Secretaria de Meio Ambiente Recursos H\u00eddricos e Sustentabilidade aprovou o\u00a0Plano de Manejo do Parque Natural Municipal da \u00c1gua Escondida e assinou\u00a0o Termo de Refer\u00eancia para a contrata\u00e7\u00e3o do Plano de Manejo do Parque Natural Municipal do Morro do Morcego Dora Hess de Negreiros, em Jurujuba.<\/p>\n<p class=\"v1MsoNormal\" style=\"text-align: justify;\">\u00a0O objetivo \u00e9 usar esse documento t\u00e9cnico para estabelecer o zoneamento e as normas de uso e manejo da \u00e1rea, cumprindo os crit\u00e9rios estabelecidos na cria\u00e7\u00e3o da Unidade de Conserva\u00e7\u00e3o (UC). A assinatura do termo ocorreu com a presen\u00e7a do prefeito Axel Grael e o secret\u00e1rio\u00a0de Meio Ambiente, Rafael Robertson.<\/p>\n<h6><span style=\"color: #ff0000;\"><strong>+<\/strong><\/span> <span style=\"color: #000000;\">LEIA TAMB\u00c9M: \u25ba<\/span><a href=\"https:\/\/folhadoleste.com.br\/en\/ovnis-sao-registrados-em-nova-iguacu-video\/\"><strong>OVNIs s\u00e3o registrados em Nova Igua\u00e7u \u2013 V\u00eddeo<\/strong><\/a><\/h6>\n<p class=\"v1MsoNormal\" style=\"text-align: justify;\">A partir do Termo de Refer\u00eancia ser\u00e1 iniciado o processo para contratar por licita\u00e7\u00e3o o servi\u00e7o especializado para elabora\u00e7\u00e3o do Plano de Manejo. A metodologia envolver\u00e1 oficinas participativas, nas quais a popula\u00e7\u00e3o poder\u00e1 contribuir com sugest\u00f5es.<\/p>\n<div id=\"attachment_84547\" style=\"width: 2570px\" class=\"wp-caption aligncenter\"><img decoding=\"async\" aria-describedby=\"caption-attachment-84547\" class=\"size-full wp-image-84547\" src=\"https:\/\/folhadoleste.com.br\/wp-content\/uploads\/2024\/09\/Niteroi-aprova-Plano-de-Manejo-para-nova-area-verde-Foto-Divulgacao-Lucas-Benevides-scaled.jpg\" alt=\"Niter\u00f3i aprova Plano de Manejo para nova \u00e1rea verde\" width=\"2560\" height=\"1707\" \/><p id=\"caption-attachment-84547\" class=\"wp-caption-text\">Niter\u00f3i aprova Plano de Manejo para nova \u00e1rea verde | Divulga\u00e7\u00e3o\/Lucas Benevides<\/p><\/div>\n<p class=\"v1MsoNormal\" style=\"text-align: justify;\">O Plano de Manejo \u00e9 um documento norteador com orienta\u00e7\u00f5es para o planejamento da unidade de conserva\u00e7\u00e3o a curto, m\u00e9dio e longo prazos.<\/p>\n<h5 style=\"text-align: center;\"><span style=\"color: #000000;\"><span style=\"color: #ff0000;\"><strong>+ <\/strong><\/span><\/span><span style=\"color: #000000;\"><strong><span style=\"color: #ff9900;\">MAIS NOT\u00cdCIAS DE NITER\u00d3I?<\/span>\u00a0<\/strong><\/span><span style=\"color: #008080;\"><a style=\"color: #008080;\" href=\"https:\/\/folhadoleste.com.br\/en\/category\/jornal-folha-do-leste-rj\/niteroi\/\"><strong>CLIQUE AQUI<\/strong><\/a><\/span><\/h5>\n<p class=\"v1MsoNormal\" style=\"text-align: justify;\">A elabora\u00e7\u00e3o do Plano de Manejo faz parte do ciclo cont\u00ednuo de consultas e tomada de decis\u00e3o com base no entendimento de quest\u00f5es ambientais, socioecon\u00f4micas, hist\u00f3ricas e culturais que v\u00eam sendo realizadas ao longo da gest\u00e3o municipal.<\/p>\n<div id=\"attachment_84548\" style=\"width: 2570px\" class=\"wp-caption aligncenter\"><img decoding=\"async\" aria-describedby=\"caption-attachment-84548\" class=\"size-full wp-image-84548\" src=\"https:\/\/folhadoleste.com.br\/wp-content\/uploads\/2024\/09\/Niteroi-aprova-Plano-de-Manejo-para-nova-area-verde-2-Foto-Divugacao-Luciana-Carneiro-scaled.jpg\" alt=\"Niter\u00f3i aprova Plano de Manejo para nova \u00e1rea verde\" width=\"2560\" height=\"1708\" \/><p id=\"caption-attachment-84548\" class=\"wp-caption-text\">Niter\u00f3i aprova Plano de Manejo para nova \u00e1rea verde | Divulga\u00e7\u00e3o\/Luciana Carneiro<\/p><\/div>\n<p class=\"v1MsoNormal\" style=\"text-align: justify;\">O Plano Municipal de Conserva\u00e7\u00e3o e Recupera\u00e7\u00e3o da Mata Atl\u00e2ntica, o Plano de Saneamento B\u00e1sico, o Plano Diretor e o Plano Municipal de Adapta\u00e7\u00e3o, Mitiga\u00e7\u00e3o, e Resili\u00eancia de Niter\u00f3i s\u00e3o exemplos.<\/p>\n<h6><span style=\"color: #ff0000;\"><strong>+<\/strong><\/span> <span style=\"color: #000000;\">LEIA TAMB\u00c9M: \u25ba<\/span><a href=\"https:\/\/folhadoleste.com.br\/en\/tiroteio-e-tentativa-de-roubo-em-sao-cristovao\/\"><strong>Tiroteio e tentativa de roubo em S\u00e3o Crist\u00f3v\u00e3o<\/strong><\/a><\/h6>\n<p class=\"v1MsoNormal\" style=\"text-align: justify;\">Entre os benef\u00edcios da implanta\u00e7\u00e3o do Plano de Manejo, est\u00e1 a cria\u00e7\u00e3o de projetos espec\u00edficos como Programa de Gest\u00e3o de Atrativos e o Programa de Recupera\u00e7\u00e3o de \u00c1reas Degradadas, os quais t\u00eam como fun\u00e7\u00e3o promover uma melhor experi\u00eancia ao visitante.<\/p>\n<p class=\"v1MsoNormal\" style=\"text-align: justify;\">O Plano define \u00e1reas priorit\u00e1rias para a interpreta\u00e7\u00e3o ambiental e estimula o conhecimento e a admira\u00e7\u00e3o pela unidade de conserva\u00e7\u00e3o. O documento tamb\u00e9m sinaliza \u00e1reas para atividades de educa\u00e7\u00e3o ambiental.<\/p>\n<h4 class=\"v1MsoNormal\" style=\"text-align: justify;\"><b>Parque do Morcego<\/b><\/h4>\n<p class=\"v1MsoNormal\" style=\"text-align: justify;\">O espa\u00e7o tem 24 hectares, um cost\u00e3o e s\u00f3 era conhecido por trilheiros. A\u00a0cria\u00e7\u00e3o\u00a0da \u00e1rea foi mais uma iniciativa da Prefeitura para proteger o patrim\u00f4nio natural, paisag\u00edstico e cultural da regi\u00e3o.<\/p>\n<p class=\"v1MsoNormal\" style=\"text-align: justify;\">O local passou por desapropria\u00e7\u00e3o e ganhou o nome de\u00a0Parque\u00a0Natural Municipal Dora Negreiros em homenagem \u00e0 ativista ambiental que morreu aos 82 anos e era atuante em a\u00e7\u00f5es ambientais na Ba\u00eda de Guanabara<\/p>\n<p class=\"v1MsoNormal\" style=\"text-align: justify;\">O local j\u00e1 ganhou\u00a0plantio de vegeta\u00e7\u00e3o de restinga com a implanta\u00e7\u00e3o de 150 ara\u00e7\u00e1s, 20 cajueiros e 46 pitangas. As equipes fizeram a retirada de \u00e1rvores mortas e secas, a demoli\u00e7\u00e3o e limpeza de antigas estruturas que levavam risco aos visitantes e trabalho de ro\u00e7adeira. Foram instaladas mesas para piquenique, placas informativas e lixeiras, que tamb\u00e9m foram vandalizadas.<\/p>\n<h4 class=\"v1MsoNormal\" style=\"text-align: justify;\"><b>Parque \u00c1gua Escondida<\/b><\/h4>\n<p class=\"v1MsoNormal\" style=\"text-align: justify;\">O Parque Natural Municipal da \u00c1gua Escondida \u00e9 a\u00a0maior \u00e1rea protegida da parte central da cidade e tem 62 hectares. A regi\u00e3o abrange partes dos bairros de S\u00e3o Louren\u00e7o, Cubango, Fonseca, F\u00e1tima e P\u00e9-Pequeno.<\/p>\n<p class=\"v1MsoNormal\" style=\"text-align: justify;\">O espa\u00e7o verde faz parte do plano de recategoriza\u00e7\u00e3o da atual \u00c1rea de Prote\u00e7\u00e3o Ambiental (APA) da \u00c1gua Escondida. A regi\u00e3o inclui \u00e1reas de import\u00e2ncia hist\u00f3rica para a cidade, como o Morro do Boa Vista. O principal objetivo da recategoriza\u00e7\u00e3o \u00e9 ampliar a prote\u00e7\u00e3o das nascentes, fragmentos florestais e patrim\u00f4nio hist\u00f3rico do munic\u00edpio.<\/p>\n<h6><span style=\"color: #ff0000;\"><strong>+<\/strong><\/span> <span style=\"color: #000000;\">LEIA TAMB\u00c9M: \u25ba<\/span><a href=\"https:\/\/folhadoleste.com.br\/en\/curso-gratuito-de-filmagem-e-edicao-em-sao-goncalo\/\"><strong>Curso gratuito de filmagem e edi\u00e7\u00e3o em S\u00e3o Gon\u00e7alo<\/strong><\/a><\/h6>\n<p class=\"v1MsoNormal\" style=\"text-align: justify;\">Dentro do Parque est\u00e1 a antiga Ch\u00e1cara do Vint\u00e9m, implantada em 1837, formada por um aqueduto, caixas de depura\u00e7\u00e3o e canaliza\u00e7\u00f5es. A cria\u00e7\u00e3o do Parque prev\u00ea a reforma das hist\u00f3ricas ru\u00ednas, al\u00e9m da cria\u00e7\u00e3o de plano de manejo para toda a \u00e1rea, com supress\u00e3o de vegeta\u00e7\u00e3o ex\u00f3tica e invasora, prote\u00e7\u00e3o das nascentes e reflorestamento no Morro Boa Vista.<\/p>\n<p class=\"v1MsoNormal\" style=\"text-align: justify;\">O patrim\u00f4nio hist\u00f3rico composto pela capta\u00e7\u00e3o de \u00e1gua na Ch\u00e1cara do Vint\u00e9m, o aqueduto, o reservat\u00f3rio e a antiga fonte de abastecimento p\u00fablico ser\u00e3o protegidos.<\/p>\n<div id=\"attachment_77492\" class=\"wp-caption aligncenter\">\n<p><a href=\"http:\/\/instagram.com\/folhadoleste\"><img decoding=\"async\" class=\"wp-image-77492 size-full\" src=\"https:\/\/folhadoleste.com.br\/wp-content\/uploads\/2024\/07\/Instagram-Folha-do-Leste.png\" alt=\"http:\/\/instagram.com\/folhadoleste\" width=\"400\" height=\"200\" aria-describedby=\"caption-attachment-77492\" \/><\/a><\/p>\n<p id=\"caption-attachment-77492\" class=\"wp-caption-text\">Siga o Folha do Leste no Instagram!<\/p>\n<\/div>\n<div id=\"attachment_77490\" class=\"wp-caption aligncenter\">\n<p><a href=\"http:\/\/facebook.com\/folhadoleste\"><img decoding=\"async\" class=\"size-medium wp-image-77490\" src=\"https:\/\/folhadoleste.com.br\/wp-content\/uploads\/2024\/07\/Facebook-Folha-do-Leste-10k-300x300.jpg\" alt=\"Curta e siga o Folha do Leste no Facebook!\" width=\"300\" height=\"300\" aria-describedby=\"caption-attachment-77490\" \/><\/a><\/p>\n<p id=\"caption-attachment-77490\" class=\"wp-caption-text\">Curta e siga o Folha do Leste no Facebook!<\/p>\n<\/div>","protected":false},"excerpt":{"rendered":"<p>A Prefeitura de Niter\u00f3i deu mais um passo, nesta segunda-feira (16), para garantir a preserva\u00e7\u00e3o de duas importantes unidades de conserva\u00e7\u00e3o da cidade. A Secretaria de Meio Ambiente Recursos H\u00eddricos e Sustentabilidade aprovou o\u00a0Plano de Manejo do Parque Natural Municipal da \u00c1gua Escondida e assinou\u00a0o Termo de Refer\u00eancia para a contrata\u00e7\u00e3o do Plano de Manejo do Parque Natural Municipal do Morro do Morcego Dora Hess de Negreiros, em Jurujuba. \u00a0O objetivo \u00e9 usar esse documento t\u00e9cnico para estabelecer o zoneamento e as normas de uso e manejo da \u00e1rea, cumprindo os crit\u00e9rios estabelecidos na cria\u00e7\u00e3o da Unidade de Conserva\u00e7\u00e3o (UC). [&hellip;]<\/p>\n","protected":false},"author":4,"featured_media":84548,"comment_status":"open","ping_status":"open","sticky":false,"template":"","format":"standard","meta":{"footnotes":""},"categories":[47,5],"tags":[41147,2651,2682,5682,6842,14582,9328,1361,2511,3285,54,695,1810,50,41144,12451,4801,41145,2896,4642,22638,41146],"class_list":["post-84545","post","type-post","status-publish","format-standard","has-post-thumbnail","hentry","category-leste-fluminense","category-noticias-de-niteroi","tag-area-protegida","tag-biodiversidade","tag-comunidade","tag-consulta-publica","tag-desenvolvimento-sustentavel","tag-ecossistema","tag-educacao-ambiental","tag-fauna","tag-flora","tag-gestao-ambiental","tag-leste-fluminense","tag-meio-ambiente","tag-natureza","tag-niteroi","tag-parque-natural-municipal-da-agua-escondida","tag-participacao-popular","tag-patrimonio-historico","tag-plano-de-manejo","tag-preservacao-ambiental","tag-sustentabilidade","tag-turismo-sustentavel","tag-unidade-de-conservacao","post--single"],"yoast_head":"<!-- This site is optimized with the Yoast SEO plugin v27.4 - https:\/\/yoast.com\/product\/yoast-seo-wordpress\/ -->\n<title>Niter\u00f3i aprova Plano de Manejo para nova \u00e1rea verde &#8226; Folha do Leste<\/title>\n<meta name=\"description\" content=\"Niter\u00f3i aprova Plano de Manejo para nova \u00e1rea verde. \u00c9 preciso preservar a fauna e flora da cidade; Veja detalhes...\" \/>\n<meta name=\"robots\" content=\"index, follow, max-snippet:-1, max-image-preview:large, max-video-preview:-1\" \/>\n<link rel=\"canonical\" href=\"https:\/\/folhadoleste.com.br\/en\/niteroi-aprova-plano-de-manejo-para-nova-area-verde\/\" \/>\n<meta property=\"og:locale\" content=\"en_US\" \/>\n<meta property=\"og:type\" content=\"article\" \/>\n<meta property=\"og:title\" content=\"Niter\u00f3i aprova Plano de Manejo para nova \u00e1rea verde &#8226; Folha do Leste\" \/>\n<meta property=\"og:description\" content=\"Niter\u00f3i &#8226; 16 de September de 2024 &#8226; Folha do Leste\" \/>\n<meta property=\"og:url\" content=\"https:\/\/folhadoleste.com.br\/en\/niteroi-aprova-plano-de-manejo-para-nova-area-verde\/\" \/>\n<meta property=\"og:site_name\" content=\"Folha do Leste\" \/>\n<meta property=\"article:publisher\" content=\"https:\/\/www.facebook.com\/folhadoleste\" \/>\n<meta property=\"article:published_time\" content=\"2024-09-16T21:55:57+00:00\" \/>\n<meta property=\"og:image\" content=\"https:\/\/folhadoleste.com.br\/wp-content\/uploads\/2024\/09\/Niteroi-aprova-Plano-de-Manejo-para-nova-area-verde-2-Foto-Divugacao-Luciana-Carneiro-scaled.jpg\" \/>\n\t<meta property=\"og:image:width\" content=\"2560\" \/>\n\t<meta property=\"og:image:height\" content=\"1708\" \/>\n\t<meta property=\"og:image:type\" content=\"image\/jpeg\" \/>\n<meta name=\"author\" content=\"Folha do Leste\" \/>\n<meta name=\"twitter:card\" content=\"summary_large_image\" \/>\n<meta name=\"twitter:description\" content=\"Niter\u00f3i &#8226; 16 de September de 2024 &#8226; Folha do Leste\" \/>\n<meta name=\"twitter:creator\" content=\"@FolhadoLesteRJ\" \/>\n<meta name=\"twitter:site\" content=\"@FolhadoLesteRJ\" \/>\n<meta name=\"twitter:label1\" content=\"Written by\" \/>\n\t<meta name=\"twitter:data1\" content=\"Folha do Leste\" \/>\n\t<meta name=\"twitter:label2\" content=\"Est. reading time\" \/>\n\t<meta name=\"twitter:data2\" content=\"6 minutes\" \/>\n<script type=\"application\/ld+json\" class=\"yoast-schema-graph\">{\"@context\":\"https:\\\/\\\/schema.org\",\"@graph\":[{\"@type\":\"NewsArticle\",\"@id\":\"https:\\\/\\\/folhadoleste.com.br\\\/niteroi-aprova-plano-de-manejo-para-nova-area-verde\\\/#article\",\"isPartOf\":{\"@id\":\"https:\\\/\\\/folhadoleste.com.br\\\/niteroi-aprova-plano-de-manejo-para-nova-area-verde\\\/\"},\"author\":{\"name\":\"Folha do Leste\",\"@id\":\"https:\\\/\\\/folhadoleste.com.br\\\/#\\\/schema\\\/person\\\/3e97145b2e1861276e84471aa85a3899\"},\"headline\":\"Niter\u00f3i aprova Plano de Manejo para nova \u00e1rea verde\",\"datePublished\":\"2024-09-16T21:55:57+00:00\",\"mainEntityOfPage\":{\"@id\":\"https:\\\/\\\/folhadoleste.com.br\\\/niteroi-aprova-plano-de-manejo-para-nova-area-verde\\\/\"},\"wordCount\":854,\"commentCount\":0,\"publisher\":{\"@id\":\"https:\\\/\\\/folhadoleste.com.br\\\/#organization\"},\"image\":{\"@id\":\"https:\\\/\\\/folhadoleste.com.br\\\/niteroi-aprova-plano-de-manejo-para-nova-area-verde\\\/#primaryimage\"},\"thumbnailUrl\":\"https:\\\/\\\/folhadoleste.com.br\\\/wp-content\\\/uploads\\\/2024\\\/09\\\/Niteroi-aprova-Plano-de-Manejo-para-nova-area-verde-2-Foto-Divugacao-Luciana-Carneiro-scaled.jpg\",\"keywords\":[\"\u00e1rea protegida\",\"Biodiversidade\",\"comunidade\",\"Consulta P\u00fablica\",\"Desenvolvimento sustent\u00e1vel\",\"Ecossistema\",\"educa\u00e7\u00e3o ambiental\",\"fauna\",\"flora\",\"gest\u00e3o ambiental\",\"Leste Fluminense\",\"Meio ambiente\",\"natureza\",\"Niter\u00f3i\",\"Parque Natural Municipal da \u00c1gua Escondida\",\"participa\u00e7\u00e3o popular\",\"Patrim\u00f4nio Hist\u00f3rico\",\"Plano de Manejo\",\"Preserva\u00e7\u00e3o Ambiental\",\"sustentabilidade\",\"Turismo Sustent\u00e1vel\",\"unidade de conserva\u00e7\u00e3o\"],\"articleSection\":[\"Leste Fluminense\",\"Niter\u00f3i\"],\"inLanguage\":\"en-US\",\"potentialAction\":[{\"@type\":\"CommentAction\",\"name\":\"Comment\",\"target\":[\"https:\\\/\\\/folhadoleste.com.br\\\/niteroi-aprova-plano-de-manejo-para-nova-area-verde\\\/#respond\"]}]},{\"@type\":\"WebPage\",\"@id\":\"https:\\\/\\\/folhadoleste.com.br\\\/niteroi-aprova-plano-de-manejo-para-nova-area-verde\\\/\",\"url\":\"https:\\\/\\\/folhadoleste.com.br\\\/niteroi-aprova-plano-de-manejo-para-nova-area-verde\\\/\",\"name\":\"Niter\u00f3i aprova Plano de Manejo para nova \u00e1rea verde &#8226; Folha do Leste\",\"isPartOf\":{\"@id\":\"https:\\\/\\\/folhadoleste.com.br\\\/#website\"},\"primaryImageOfPage\":{\"@id\":\"https:\\\/\\\/folhadoleste.com.br\\\/niteroi-aprova-plano-de-manejo-para-nova-area-verde\\\/#primaryimage\"},\"image\":{\"@id\":\"https:\\\/\\\/folhadoleste.com.br\\\/niteroi-aprova-plano-de-manejo-para-nova-area-verde\\\/#primaryimage\"},\"thumbnailUrl\":\"https:\\\/\\\/folhadoleste.com.br\\\/wp-content\\\/uploads\\\/2024\\\/09\\\/Niteroi-aprova-Plano-de-Manejo-para-nova-area-verde-2-Foto-Divugacao-Luciana-Carneiro-scaled.jpg\",\"datePublished\":\"2024-09-16T21:55:57+00:00\",\"description\":\"Niter\u00f3i aprova Plano de Manejo para nova \u00e1rea verde. \u00c9 preciso preservar a fauna e flora da cidade; Veja detalhes...\",\"breadcrumb\":{\"@id\":\"https:\\\/\\\/folhadoleste.com.br\\\/niteroi-aprova-plano-de-manejo-para-nova-area-verde\\\/#breadcrumb\"},\"inLanguage\":\"en-US\",\"potentialAction\":[{\"@type\":\"ReadAction\",\"target\":[\"https:\\\/\\\/folhadoleste.com.br\\\/niteroi-aprova-plano-de-manejo-para-nova-area-verde\\\/\"]}]},{\"@type\":\"ImageObject\",\"inLanguage\":\"en-US\",\"@id\":\"https:\\\/\\\/folhadoleste.com.br\\\/niteroi-aprova-plano-de-manejo-para-nova-area-verde\\\/#primaryimage\",\"url\":\"https:\\\/\\\/folhadoleste.com.br\\\/wp-content\\\/uploads\\\/2024\\\/09\\\/Niteroi-aprova-Plano-de-Manejo-para-nova-area-verde-2-Foto-Divugacao-Luciana-Carneiro-scaled.jpg\",\"contentUrl\":\"https:\\\/\\\/folhadoleste.com.br\\\/wp-content\\\/uploads\\\/2024\\\/09\\\/Niteroi-aprova-Plano-de-Manejo-para-nova-area-verde-2-Foto-Divugacao-Luciana-Carneiro-scaled.jpg\",\"width\":2560,\"height\":1708,\"caption\":\"Niter\u00f3i aprova Plano de Manejo para nova \u00e1rea verde | Divulga\u00e7\u00e3o\\\/Luciana Carneiro\"},{\"@type\":\"BreadcrumbList\",\"@id\":\"https:\\\/\\\/folhadoleste.com.br\\\/niteroi-aprova-plano-de-manejo-para-nova-area-verde\\\/#breadcrumb\",\"itemListElement\":[{\"@type\":\"ListItem\",\"position\":1,\"name\":\"In\u00edcio\",\"item\":\"https:\\\/\\\/folhadoleste.com.br\\\/\"},{\"@type\":\"ListItem\",\"position\":2,\"name\":\"Estado do Rio de Janeiro\",\"item\":\"https:\\\/\\\/folhadoleste.com.br\\\/category\\\/estado-do-rio-de-janeiro\\\/\"},{\"@type\":\"ListItem\",\"position\":3,\"name\":\"Leste Fluminense\",\"item\":\"https:\\\/\\\/folhadoleste.com.br\\\/category\\\/estado-do-rio-de-janeiro\\\/leste-fluminense\\\/\"},{\"@type\":\"ListItem\",\"position\":4,\"name\":\"Niter\u00f3i\",\"item\":\"https:\\\/\\\/folhadoleste.com.br\\\/category\\\/estado-do-rio-de-janeiro\\\/leste-fluminense\\\/noticias-de-niteroi\\\/\"},{\"@type\":\"ListItem\",\"position\":5,\"name\":\"Niter\u00f3i aprova Plano de Manejo para nova \u00e1rea verde\"}]},{\"@type\":\"WebSite\",\"@id\":\"https:\\\/\\\/folhadoleste.com.br\\\/#website\",\"url\":\"https:\\\/\\\/folhadoleste.com.br\\\/\",\"name\":\"Folha do Leste\",\"description\":\"Portal de Not\u00edcias com \u00eanfase em Niter\u00f3i, criando conte\u00fados desde a capital Rio de Janeiro, com olhar para o Leste Fluminense e suas cidades como S\u00e3o Gon\u00e7alo, Itabora\u00ed, Rio Bonito, Maric\u00e1, Saquarema e Araruama\",\"publisher\":{\"@id\":\"https:\\\/\\\/folhadoleste.com.br\\\/#organization\"},\"alternateName\":\"FL\",\"potentialAction\":[{\"@type\":\"SearchAction\",\"target\":{\"@type\":\"EntryPoint\",\"urlTemplate\":\"https:\\\/\\\/folhadoleste.com.br\\\/?s={search_term_string}\"},\"query-input\":{\"@type\":\"PropertyValueSpecification\",\"valueRequired\":true,\"valueName\":\"search_term_string\"}}],\"inLanguage\":\"en-US\"},{\"@type\":\"Organization\",\"@id\":\"https:\\\/\\\/folhadoleste.com.br\\\/#organization\",\"name\":\"Brasil 21 Comunica\u00e7\u00e3o\",\"alternateName\":\"BR21\",\"url\":\"https:\\\/\\\/folhadoleste.com.br\\\/\",\"logo\":{\"@type\":\"ImageObject\",\"inLanguage\":\"en-US\",\"@id\":\"https:\\\/\\\/folhadoleste.com.br\\\/#\\\/schema\\\/logo\\\/image\\\/\",\"url\":\"https:\\\/\\\/folhadoleste.com.br\\\/wp-content\\\/uploads\\\/2025\\\/12\\\/brasil-21-logomarca.avif\",\"contentUrl\":\"https:\\\/\\\/folhadoleste.com.br\\\/wp-content\\\/uploads\\\/2025\\\/12\\\/brasil-21-logomarca.avif\",\"width\":1044,\"height\":1044,\"caption\":\"Brasil 21 Comunica\u00e7\u00e3o\"},\"image\":{\"@id\":\"https:\\\/\\\/folhadoleste.com.br\\\/#\\\/schema\\\/logo\\\/image\\\/\"},\"sameAs\":[\"https:\\\/\\\/www.facebook.com\\\/folhadoleste\",\"https:\\\/\\\/x.com\\\/FolhadoLesteRJ\",\"https:\\\/\\\/www.instagram.com\\\/folhadoleste\\\/\"]},{\"@type\":\"Person\",\"@id\":\"https:\\\/\\\/folhadoleste.com.br\\\/#\\\/schema\\\/person\\\/3e97145b2e1861276e84471aa85a3899\",\"name\":\"Folha do Leste\",\"image\":{\"@type\":\"ImageObject\",\"inLanguage\":\"en-US\",\"@id\":\"https:\\\/\\\/folhadoleste.com.br\\\/wp-content\\\/litespeed\\\/avatar\\\/1ca8c218432e7045e748610eb3db0259.jpg?ver=1777161142\",\"url\":\"https:\\\/\\\/folhadoleste.com.br\\\/wp-content\\\/litespeed\\\/avatar\\\/1ca8c218432e7045e748610eb3db0259.jpg?ver=1777161142\",\"contentUrl\":\"https:\\\/\\\/folhadoleste.com.br\\\/wp-content\\\/litespeed\\\/avatar\\\/1ca8c218432e7045e748610eb3db0259.jpg?ver=1777161142\",\"caption\":\"Folha do Leste\"},\"url\":\"https:\\\/\\\/folhadoleste.com.br\\\/en\\\/author\\\/reportagem-01\\\/\"}]}<\/script>\n<!-- \/ Yoast SEO plugin. -->","yoast_head_json":{"title":"Niter\u00f3i aprova Plano de Manejo para nova \u00e1rea verde &#8226; Folha do Leste","description":"Niter\u00f3i aprova Plano de Manejo para nova \u00e1rea verde. \u00c9 preciso preservar a fauna e flora da cidade; Veja detalhes...","robots":{"index":"index","follow":"follow","max-snippet":"max-snippet:-1","max-image-preview":"max-image-preview:large","max-video-preview":"max-video-preview:-1"},"canonical":"https:\/\/folhadoleste.com.br\/en\/niteroi-aprova-plano-de-manejo-para-nova-area-verde\/","og_locale":"en_US","og_type":"article","og_title":"Niter\u00f3i aprova Plano de Manejo para nova \u00e1rea verde &#8226; Folha do Leste","og_description":"Niter\u00f3i &#8226; 16 de September de 2024 &#8226; Folha do Leste","og_url":"https:\/\/folhadoleste.com.br\/en\/niteroi-aprova-plano-de-manejo-para-nova-area-verde\/","og_site_name":"Folha do Leste","article_publisher":"https:\/\/www.facebook.com\/folhadoleste","article_published_time":"2024-09-16T21:55:57+00:00","og_image":[{"width":2560,"height":1708,"url":"https:\/\/folhadoleste.com.br\/wp-content\/uploads\/2024\/09\/Niteroi-aprova-Plano-de-Manejo-para-nova-area-verde-2-Foto-Divugacao-Luciana-Carneiro-scaled.jpg","type":"image\/jpeg"}],"author":"Folha do Leste","twitter_card":"summary_large_image","twitter_description":"Niter\u00f3i &#8226; 16 de September de 2024 &#8226; Folha do Leste","twitter_creator":"@FolhadoLesteRJ","twitter_site":"@FolhadoLesteRJ","twitter_misc":{"Written by":"Folha do Leste","Est. reading time":"6 minutes"},"schema":{"@context":"https:\/\/schema.org","@graph":[{"@type":"NewsArticle","@id":"https:\/\/folhadoleste.com.br\/niteroi-aprova-plano-de-manejo-para-nova-area-verde\/#article","isPartOf":{"@id":"https:\/\/folhadoleste.com.br\/niteroi-aprova-plano-de-manejo-para-nova-area-verde\/"},"author":{"name":"Folha do Leste","@id":"https:\/\/folhadoleste.com.br\/#\/schema\/person\/3e97145b2e1861276e84471aa85a3899"},"headline":"Niter\u00f3i aprova Plano de Manejo para nova \u00e1rea verde","datePublished":"2024-09-16T21:55:57+00:00","mainEntityOfPage":{"@id":"https:\/\/folhadoleste.com.br\/niteroi-aprova-plano-de-manejo-para-nova-area-verde\/"},"wordCount":854,"commentCount":0,"publisher":{"@id":"https:\/\/folhadoleste.com.br\/#organization"},"image":{"@id":"https:\/\/folhadoleste.com.br\/niteroi-aprova-plano-de-manejo-para-nova-area-verde\/#primaryimage"},"thumbnailUrl":"https:\/\/folhadoleste.com.br\/wp-content\/uploads\/2024\/09\/Niteroi-aprova-Plano-de-Manejo-para-nova-area-verde-2-Foto-Divugacao-Luciana-Carneiro-scaled.jpg","keywords":["\u00e1rea protegida","Biodiversidade","comunidade","Consulta P\u00fablica","Desenvolvimento sustent\u00e1vel","Ecossistema","educa\u00e7\u00e3o ambiental","fauna","flora","gest\u00e3o ambiental","Leste Fluminense","Meio ambiente","natureza","Niter\u00f3i","Parque Natural Municipal da \u00c1gua Escondida","participa\u00e7\u00e3o popular","Patrim\u00f4nio Hist\u00f3rico","Plano de Manejo","Preserva\u00e7\u00e3o Ambiental","sustentabilidade","Turismo Sustent\u00e1vel","unidade de conserva\u00e7\u00e3o"],"articleSection":["Leste Fluminense","Niter\u00f3i"],"inLanguage":"en-US","potentialAction":[{"@type":"CommentAction","name":"Comment","target":["https:\/\/folhadoleste.com.br\/niteroi-aprova-plano-de-manejo-para-nova-area-verde\/#respond"]}]},{"@type":"WebPage","@id":"https:\/\/folhadoleste.com.br\/niteroi-aprova-plano-de-manejo-para-nova-area-verde\/","url":"https:\/\/folhadoleste.com.br\/niteroi-aprova-plano-de-manejo-para-nova-area-verde\/","name":"Niter\u00f3i aprova Plano de Manejo para nova \u00e1rea verde &#8226; Folha do Leste","isPartOf":{"@id":"https:\/\/folhadoleste.com.br\/#website"},"primaryImageOfPage":{"@id":"https:\/\/folhadoleste.com.br\/niteroi-aprova-plano-de-manejo-para-nova-area-verde\/#primaryimage"},"image":{"@id":"https:\/\/folhadoleste.com.br\/niteroi-aprova-plano-de-manejo-para-nova-area-verde\/#primaryimage"},"thumbnailUrl":"https:\/\/folhadoleste.com.br\/wp-content\/uploads\/2024\/09\/Niteroi-aprova-Plano-de-Manejo-para-nova-area-verde-2-Foto-Divugacao-Luciana-Carneiro-scaled.jpg","datePublished":"2024-09-16T21:55:57+00:00","description":"Niter\u00f3i aprova Plano de Manejo para nova \u00e1rea verde. \u00c9 preciso preservar a fauna e flora da cidade; Veja detalhes...","breadcrumb":{"@id":"https:\/\/folhadoleste.com.br\/niteroi-aprova-plano-de-manejo-para-nova-area-verde\/#breadcrumb"},"inLanguage":"en-US","potentialAction":[{"@type":"ReadAction","target":["https:\/\/folhadoleste.com.br\/niteroi-aprova-plano-de-manejo-para-nova-area-verde\/"]}]},{"@type":"ImageObject","inLanguage":"en-US","@id":"https:\/\/folhadoleste.com.br\/niteroi-aprova-plano-de-manejo-para-nova-area-verde\/#primaryimage","url":"https:\/\/folhadoleste.com.br\/wp-content\/uploads\/2024\/09\/Niteroi-aprova-Plano-de-Manejo-para-nova-area-verde-2-Foto-Divugacao-Luciana-Carneiro-scaled.jpg","contentUrl":"https:\/\/folhadoleste.com.br\/wp-content\/uploads\/2024\/09\/Niteroi-aprova-Plano-de-Manejo-para-nova-area-verde-2-Foto-Divugacao-Luciana-Carneiro-scaled.jpg","width":2560,"height":1708,"caption":"Niter\u00f3i aprova Plano de Manejo para nova \u00e1rea verde | Divulga\u00e7\u00e3o\/Luciana Carneiro"},{"@type":"BreadcrumbList","@id":"https:\/\/folhadoleste.com.br\/niteroi-aprova-plano-de-manejo-para-nova-area-verde\/#breadcrumb","itemListElement":[{"@type":"ListItem","position":1,"name":"In\u00edcio","item":"https:\/\/folhadoleste.com.br\/"},{"@type":"ListItem","position":2,"name":"Estado do Rio de Janeiro","item":"https:\/\/folhadoleste.com.br\/category\/estado-do-rio-de-janeiro\/"},{"@type":"ListItem","position":3,"name":"Leste Fluminense","item":"https:\/\/folhadoleste.com.br\/category\/estado-do-rio-de-janeiro\/leste-fluminense\/"},{"@type":"ListItem","position":4,"name":"Niter\u00f3i","item":"https:\/\/folhadoleste.com.br\/category\/estado-do-rio-de-janeiro\/leste-fluminense\/noticias-de-niteroi\/"},{"@type":"ListItem","position":5,"name":"Niter\u00f3i aprova Plano de Manejo para nova \u00e1rea verde"}]},{"@type":"WebSite","@id":"https:\/\/folhadoleste.com.br\/#website","url":"https:\/\/folhadoleste.com.br\/","name":"Folha do Leste","description":"Portal de Not\u00edcias com \u00eanfase em Niter\u00f3i, criando conte\u00fados desde a capital Rio de Janeiro, com olhar para o Leste Fluminense e suas cidades como S\u00e3o Gon\u00e7alo, Itabora\u00ed, Rio Bonito, Maric\u00e1, Saquarema e Araruama","publisher":{"@id":"https:\/\/folhadoleste.com.br\/#organization"},"alternateName":"FL","potentialAction":[{"@type":"SearchAction","target":{"@type":"EntryPoint","urlTemplate":"https:\/\/folhadoleste.com.br\/?s={search_term_string}"},"query-input":{"@type":"PropertyValueSpecification","valueRequired":true,"valueName":"search_term_string"}}],"inLanguage":"en-US"},{"@type":"Organization","@id":"https:\/\/folhadoleste.com.br\/#organization","name":"Brasil 21 Comunica\u00e7\u00e3o","alternateName":"BR21","url":"https:\/\/folhadoleste.com.br\/","logo":{"@type":"ImageObject","inLanguage":"en-US","@id":"https:\/\/folhadoleste.com.br\/#\/schema\/logo\/image\/","url":"https:\/\/folhadoleste.com.br\/wp-content\/uploads\/2025\/12\/brasil-21-logomarca.avif","contentUrl":"https:\/\/folhadoleste.com.br\/wp-content\/uploads\/2025\/12\/brasil-21-logomarca.avif","width":1044,"height":1044,"caption":"Brasil 21 Comunica\u00e7\u00e3o"},"image":{"@id":"https:\/\/folhadoleste.com.br\/#\/schema\/logo\/image\/"},"sameAs":["https:\/\/www.facebook.com\/folhadoleste","https:\/\/x.com\/FolhadoLesteRJ","https:\/\/www.instagram.com\/folhadoleste\/"]},{"@type":"Person","@id":"https:\/\/folhadoleste.com.br\/#\/schema\/person\/3e97145b2e1861276e84471aa85a3899","name":"Folha do Leste","image":{"@type":"ImageObject","inLanguage":"en-US","@id":"https:\/\/folhadoleste.com.br\/wp-content\/litespeed\/avatar\/1ca8c218432e7045e748610eb3db0259.jpg?ver=1777161142","url":"https:\/\/folhadoleste.com.br\/wp-content\/litespeed\/avatar\/1ca8c218432e7045e748610eb3db0259.jpg?ver=1777161142","contentUrl":"https:\/\/folhadoleste.com.br\/wp-content\/litespeed\/avatar\/1ca8c218432e7045e748610eb3db0259.jpg?ver=1777161142","caption":"Folha do Leste"},"url":"https:\/\/folhadoleste.com.br\/en\/author\/reportagem-01\/"}]}},"_links":{"self":[{"href":"https:\/\/folhadoleste.com.br\/en\/wp-json\/wp\/v2\/posts\/84545","targetHints":{"allow":["GET"]}}],"collection":[{"href":"https:\/\/folhadoleste.com.br\/en\/wp-json\/wp\/v2\/posts"}],"about":[{"href":"https:\/\/folhadoleste.com.br\/en\/wp-json\/wp\/v2\/types\/post"}],"author":[{"embeddable":true,"href":"https:\/\/folhadoleste.com.br\/en\/wp-json\/wp\/v2\/users\/4"}],"replies":[{"embeddable":true,"href":"https:\/\/folhadoleste.com.br\/en\/wp-json\/wp\/v2\/comments?post=84545"}],"version-history":[{"count":1,"href":"https:\/\/folhadoleste.com.br\/en\/wp-json\/wp\/v2\/posts\/84545\/revisions"}],"predecessor-version":[{"id":84550,"href":"https:\/\/folhadoleste.com.br\/en\/wp-json\/wp\/v2\/posts\/84545\/revisions\/84550"}],"wp:featuredmedia":[{"embeddable":true,"href":"https:\/\/folhadoleste.com.br\/en\/wp-json\/wp\/v2\/media\/84548"}],"wp:attachment":[{"href":"https:\/\/folhadoleste.com.br\/en\/wp-json\/wp\/v2\/media?parent=84545"}],"wp:term":[{"taxonomy":"category","embeddable":true,"href":"https:\/\/folhadoleste.com.br\/en\/wp-json\/wp\/v2\/categories?post=84545"},{"taxonomy":"post_tag","embeddable":true,"href":"https:\/\/folhadoleste.com.br\/en\/wp-json\/wp\/v2\/tags?post=84545"}],"curies":[{"name":"wp","href":"https:\/\/api.w.org\/{rel}","templated":true}]}}