{"id":84196,"date":"2024-09-15T02:12:38","date_gmt":"2024-09-15T05:12:38","guid":{"rendered":"https:\/\/folhadoleste.com.br\/?p=84196"},"modified":"2024-09-15T02:26:34","modified_gmt":"2024-09-15T05:26:34","slug":"forca-nacional-do-sus-esta-pronta-para-socorrer-brasil-ardendo-em-chamas","status":"publish","type":"post","link":"https:\/\/folhadoleste.com.br\/en\/forca-nacional-do-sus-esta-pronta-para-socorrer-brasil-ardendo-em-chamas\/","title":{"rendered":"For\u00e7a Nacional do SUS est\u00e1 pronta para socorrer Brasil ardendo em chamas"},"content":{"rendered":"<div id=\"attachment_84202\" style=\"width: 1180px\" class=\"wp-caption alignnone\"><img decoding=\"async\" aria-describedby=\"caption-attachment-84202\" class=\"size-full wp-image-84202\" src=\"https:\/\/folhadoleste.com.br\/wp-content\/uploads\/2024\/09\/SUS-tenta-socorrer-Brasil-em-chamas-Creditos-Mayangdi-Izaugarat-Ibama.webp\" alt=\"For\u00e7a Nacional do SUS est\u00e1 pronta para socorrer Brasil ardendo em chamas | Mayangdi Izaugarat\/Ibama\/Divulga\u00e7\u00e3o\" width=\"1170\" height=\"700\" \/><p id=\"caption-attachment-84202\" class=\"wp-caption-text\">Diante de incont\u00e1veis focos de inc\u00eandio, que causam diversos danos f\u00edsicos aos seres humanos, a For\u00e7a Nacional do SUS est\u00e1 pronta para socorrer Brasil ardendo em chamas | Mayangdi Izaugarat\/Ibama\/Divulga\u00e7\u00e3o<\/p><\/div>\n<p style=\"text-align: justify;\">O Sistema \u00danico de Sa\u00fade (SUS) se prepara para enfrentar a f\u00faria da natureza que consome o Brasil. Queimadas, como um castigo divino, t\u00eam arrasado o Norte do pa\u00eds, enquanto as chamas engolem florestas e deixam um rastro de destrui\u00e7\u00e3o. O homem, em seu pecado contra o meio ambiente, enfrenta agora a purga\u00e7\u00e3o das queimadas,\u00a0que refletem o pre\u00e7o das mudan\u00e7as clim\u00e1ticas.<\/p>\n<p style=\"text-align: justify;\">Diante desse cen\u00e1rio apocal\u00edptico, o SUS mobiliza sua For\u00e7a Nacional para lutar contra as consequ\u00eancias dessa trag\u00e9dia ambiental. Inicialmente, a mobiliza\u00e7\u00e3o se concentra nos estados do Acre, Amazonas e Rond\u00f4nia. Nesses estados, o ar denso e o calor sufocante n\u00e3o d\u00e3o tr\u00e9gua.<\/p>\n<p style=\"text-align: justify;\">A For\u00e7a Nacional do SUS, encarregada de organizar e fortalecer os servi\u00e7os de sa\u00fade do Brasil em Chamas, busca deter as consequ\u00eancias dessas queimadas. Em contrapartida, havendo uma escalada da gravidade da situa\u00e7\u00e3o, o SUS diz que intensificar\u00e1 o atendimento emergencial em Unidades B\u00e1sicas de Sa\u00fade (UBS).<\/p>\n<h5 style=\"text-align: center;\"><span style=\"color: #000000;\"><span style=\"color: #ff0000;\"><strong>+ <\/strong><\/span><\/span><span style=\"color: #000000;\"><strong><span style=\"color: #ff9900;\">NOT\u00cdCIAS DE NITER\u00d3I?<\/span>\u00a0<\/strong><\/span><span style=\"color: #008080;\"><a style=\"color: #008080;\" href=\"https:\/\/folhadoleste.com.br\/en\/category\/jornal-folha-do-leste-rj\/niteroi\/\"><strong>CLIQUE AQUI<\/strong><\/a><\/span><\/h5>\n<p style=\"text-align: justify;\">A miss\u00e3o n\u00e3o consiste apenas garantir hidrata\u00e7\u00e3o e cuidados m\u00e9dicos, mas tamb\u00e9m a esperan\u00e7a de que o sistema de sa\u00fade resista ao colapso iminente. Logo, a palavra &#8220;preven\u00e7\u00e3o&#8221; ecoa cada vez mais pelos corredores do Minist\u00e9rio da Sa\u00fade e do Meio Ambiente. Nesse sentido, estrat\u00e9gias visando salvar vidas e a natureza se tornaram uma batalha contra o tempo e as cinzas.<\/p>\n<h3 style=\"text-align: justify;\"><strong>Consequ\u00eancias<\/strong><\/h3>\n<p style=\"text-align: justify;\">Caso o cen\u00e1rio tenha piora &#8211; conforme aponta a tend\u00eancia em todo pa\u00eds &#8211; a For\u00e7a Nacional do SUS poder\u00e1 erguer hospitais de campanha, como fortalezas contra o caos.<\/p>\n<p style=\"text-align: justify;\">Em S\u00e3o Paulo, onde as chamas se aproximam, a ministra da Sa\u00fade, N\u00edsia Trindade, e a ministra do Meio Ambiente, Marina Silva, alinharam suas for\u00e7as com o governador Tarc\u00edsio de Freitas para discutir solu\u00e7\u00f5es imediatas. T\u00e9cnicos foram enviados ao interior, em Ribeir\u00e3o Preto, para coordenar a\u00e7\u00f5es que protejam a popula\u00e7\u00e3o, ao mesmo tempo em que se preparam para mitigar os danos j\u00e1 causados.<\/p>\n<h4><a href=\"https:\/\/folhadoleste.com.br\/en\/incendios-no-rio-de-janeiro-governador-claudio-castro-determina-o-fechamento-de-40-parques\/\">Estado do Rio de Janeiro<\/a><\/h4>\n<p><a href=\"https:\/\/folhadoleste.com.br\/en\/incendios-no-rio-de-janeiro-governador-claudio-castro-determina-o-fechamento-de-40-parques\/\"><img decoding=\"async\" class=\"aligncenter size-full wp-image-84203\" src=\"https:\/\/folhadoleste.com.br\/wp-content\/uploads\/2024\/09\/Quimadas-no-Estado-do-Rio-de-Janeiro-4-Rafael-Wallace.jpg\" alt=\"\" width=\"1417\" height=\"945\" \/><\/a><\/p>\n<p style=\"text-align: justify;\"><a href=\"https:\/\/folhadoleste.com.br\/en\/incendios-no-rio-de-janeiro-governador-claudio-castro-determina-o-fechamento-de-40-parques\/\">Diante da intensifica\u00e7\u00e3o das queimadas, o governador Cl\u00e1udio Castro determinou o fechamento de todas as 40 unidades de conserva\u00e7\u00e3o estaduais, incluindo parques, para concentrar esfor\u00e7os no combate aos inc\u00eandios.<\/a><\/p>\n<h5 style=\"text-align: center;\"><span style=\"color: #000000;\"><span style=\"color: #ff0000;\"><strong>+ <\/strong><\/span><\/span><span style=\"color: #000000;\"><strong><span style=\"color: #ff9900;\">NOT\u00cdCIAS DO LESTE FLUMINENSE?<\/span> <span style=\"color: #008080;\"><a style=\"color: #008080;\" href=\"https:\/\/folhadoleste.com.br\/en\/category\/jornal-folha-do-leste-rj\/\">CLIQUE AQUI<\/a><\/span><\/strong><\/span><\/h5>\n<p style=\"text-align: justify;\">A medida visa garantir a seguran\u00e7a de visitantes e proteger as \u00e1reas verdes. O Corpo de Bombeiros tem trabalhado intensamente para conter as chamas, mas a situa\u00e7\u00e3o permanece cr\u00edtica. A popula\u00e7\u00e3o \u00e9 orientada a denunciar qualquer foco de inc\u00eandio atrav\u00e9s do n\u00famero 193.<\/p>\n<h3 style=\"text-align: justify;\"><strong>Sala de emerg\u00eancia\u00a0<\/strong><\/h3>\n<p style=\"text-align: justify;\">Desde julho desse ano, o Minist\u00e9rio da Sa\u00fade ativou uma Sala de Situa\u00e7\u00e3o Nacional de Emerg\u00eancia Clim\u00e1tica em Sa\u00fade. Neste local, estrat\u00e9gias s\u00e3o tra\u00e7adas para lidar com essa crise sem precedentes. As recomenda\u00e7\u00f5es para proteger a sa\u00fade dos brigadistas florestais est\u00e3o em vigor, assim como o monitoramento da qualidade da \u00e1gua e do ar, em uma corrida contra as consequ\u00eancias das queimadas que parecem n\u00e3o ter fim.<\/p>\n<h3 style=\"text-align: justify;\"><strong>Pecado capital<\/strong><\/h3>\n<p style=\"text-align: justify;\">O pre\u00e7o que o homem paga por desrespeitar o planeta \u00e9 alto. O fogo, que devora as florestas e sufoca as cidades, \u00e9 um lembrete de que a natureza cobra por suas feridas. O SUS segue em sua miss\u00e3o de salvar o que restou, mesmo que as cinzas da destrui\u00e7\u00e3o tentem obscurecer o caminho. O fim das queimadas, assim como o al\u00edvio da dor que elas causam, ainda parece distante, mas o Brasil resiste.<\/p>\n<h5 style=\"text-align: center;\"><\/h5>\n<p>&nbsp;<\/p>\n<div id=\"attachment_77492\" style=\"width: 410px\" class=\"wp-caption aligncenter\"><a href=\"http:\/\/instagram.com\/folhadoleste\"><img decoding=\"async\" aria-describedby=\"caption-attachment-77492\" class=\"wp-image-77492 size-full\" src=\"https:\/\/folhadoleste.com.br\/wp-content\/uploads\/2024\/07\/Instagram-Folha-do-Leste.png\" alt=\"http:\/\/instagram.com\/folhadoleste\" width=\"400\" height=\"200\" \/><\/a><p id=\"caption-attachment-77492\" class=\"wp-caption-text\">Siga o Folha do Leste no Instagram!<\/p><\/div>\n<div id=\"attachment_77490\" style=\"width: 310px\" class=\"wp-caption aligncenter\"><a href=\"http:\/\/facebook.com\/folhadoleste\"><img decoding=\"async\" aria-describedby=\"caption-attachment-77490\" class=\"size-medium wp-image-77490\" src=\"https:\/\/folhadoleste.com.br\/wp-content\/uploads\/2024\/07\/Facebook-Folha-do-Leste-10k-300x300.jpg\" alt=\"Curta e siga o Folha do Leste no Facebook!\" width=\"300\" height=\"300\" \/><\/a><p id=\"caption-attachment-77490\" class=\"wp-caption-text\">Curta e siga o Folha do Leste no Facebook!<\/p><\/div>","protected":false},"excerpt":{"rendered":"<p>O Sistema \u00danico de Sa\u00fade (SUS) se prepara para enfrentar a f\u00faria da natureza que consome o Brasil. Queimadas, como um castigo divino, t\u00eam arrasado o Norte do pa\u00eds, enquanto as chamas engolem florestas e deixam um rastro de destrui\u00e7\u00e3o. O homem, em seu pecado contra o meio ambiente, enfrenta agora a purga\u00e7\u00e3o das queimadas,\u00a0que refletem o pre\u00e7o das mudan\u00e7as clim\u00e1ticas. Diante desse cen\u00e1rio apocal\u00edptico, o SUS mobiliza sua For\u00e7a Nacional para lutar contra as consequ\u00eancias dessa trag\u00e9dia ambiental. Inicialmente, a mobiliza\u00e7\u00e3o se concentra nos estados do Acre, Amazonas e Rond\u00f4nia. Nesses estados, o ar denso e o calor sufocante [&hellip;]<\/p>\n","protected":false},"author":4,"featured_media":84202,"comment_status":"open","ping_status":"open","sticky":false,"template":"","format":"standard","meta":{"footnotes":""},"categories":[1272,64,46],"tags":[40974,40981,40983,40984,40980,40987,40979,40977,40985,40976,40978,40986,40975,40988,40982,93],"class_list":["post-84196","post","type-post","status-publish","format-standard","has-post-thumbnail","hentry","category-ambiente","category-brasil","category-estado-do-rio-de-janeiro","tag-brasil-em-chamas","tag-brasil-enfrenta-incendios","tag-chamas-no-brasil","tag-crise-ambiental-no-brasil","tag-crise-climatica-no-brasil","tag-desastre-ecologico-no-brasil","tag-destruicao-ambiental-no-brasil","tag-devastacao-das-queimadas-no-brasil","tag-florestas-em-chamas-no-brasil","tag-fogo-consome-o-brasil","tag-incendios-florestais-no-brasil","tag-natureza-em-colapso-no-brasil","tag-queimadas-assolam-o-brasil","tag-queimadas-devastam-o-brasil","tag-queimadas-no-norte-do-brasil","tag-rio-de-janeiro","post--single"],"yoast_head":"<!-- This site is optimized with the Yoast SEO plugin v27.4 - https:\/\/yoast.com\/product\/yoast-seo-wordpress\/ -->\n<title>For\u00e7a Nacional do SUS est\u00e1 pronta para socorrer Brasil ardendo em chamas &#8226; Folha do Leste<\/title>\n<meta name=\"description\" content=\"Diante de incont\u00e1veis focos de inc\u00eandio, que causam diversos danos f\u00edsicos aos seres humanos, a For\u00e7a Nacional do SUS est\u00e1 pronta para socorrer Brasil ardendo em chamas\" \/>\n<meta name=\"robots\" content=\"index, follow, max-snippet:-1, max-image-preview:large, max-video-preview:-1\" \/>\n<link rel=\"canonical\" href=\"https:\/\/folhadoleste.com.br\/en\/forca-nacional-do-sus-esta-pronta-para-socorrer-brasil-ardendo-em-chamas\/\" \/>\n<meta property=\"og:locale\" content=\"en_US\" \/>\n<meta property=\"og:type\" content=\"article\" \/>\n<meta property=\"og:title\" content=\"For\u00e7a Nacional do SUS est\u00e1 pronta para socorrer Brasil ardendo em chamas &#8226; Folha do Leste\" \/>\n<meta property=\"og:description\" content=\"15 de September de 2024 &#8226; Ambiente, Brasil, Estado do Rio de Janeiro &#8226; Folha do Leste\" \/>\n<meta property=\"og:url\" content=\"https:\/\/folhadoleste.com.br\/en\/forca-nacional-do-sus-esta-pronta-para-socorrer-brasil-ardendo-em-chamas\/\" \/>\n<meta property=\"og:site_name\" content=\"Folha do Leste\" \/>\n<meta property=\"article:publisher\" content=\"https:\/\/www.facebook.com\/folhadoleste\" \/>\n<meta property=\"article:published_time\" content=\"2024-09-15T05:12:38+00:00\" \/>\n<meta property=\"article:modified_time\" content=\"2024-09-15T05:26:34+00:00\" \/>\n<meta property=\"og:image\" content=\"https:\/\/folhadoleste.com.br\/wp-content\/uploads\/2024\/09\/SUS-tenta-socorrer-Brasil-em-chamas-Creditos-Mayangdi-Izaugarat-Ibama.webp\" \/>\n\t<meta property=\"og:image:width\" content=\"1170\" \/>\n\t<meta property=\"og:image:height\" content=\"700\" \/>\n\t<meta property=\"og:image:type\" content=\"image\/webp\" \/>\n<meta name=\"author\" content=\"Folha do Leste\" \/>\n<meta name=\"twitter:card\" content=\"summary_large_image\" \/>\n<meta name=\"twitter:creator\" content=\"@FolhadoLesteRJ\" \/>\n<meta name=\"twitter:site\" content=\"@FolhadoLesteRJ\" \/>\n<meta name=\"twitter:label1\" content=\"Written by\" \/>\n\t<meta name=\"twitter:data1\" content=\"Folha do Leste\" \/>\n\t<meta name=\"twitter:label2\" content=\"Est. reading time\" \/>\n\t<meta name=\"twitter:data2\" content=\"5 minutes\" \/>\n<script type=\"application\/ld+json\" class=\"yoast-schema-graph\">{\"@context\":\"https:\\\/\\\/schema.org\",\"@graph\":[{\"@type\":\"NewsArticle\",\"@id\":\"https:\\\/\\\/folhadoleste.com.br\\\/forca-nacional-do-sus-esta-pronta-para-socorrer-brasil-ardendo-em-chamas\\\/#article\",\"isPartOf\":{\"@id\":\"https:\\\/\\\/folhadoleste.com.br\\\/forca-nacional-do-sus-esta-pronta-para-socorrer-brasil-ardendo-em-chamas\\\/\"},\"author\":{\"name\":\"Folha do Leste\",\"@id\":\"https:\\\/\\\/folhadoleste.com.br\\\/#\\\/schema\\\/person\\\/3e97145b2e1861276e84471aa85a3899\"},\"headline\":\"For\u00e7a Nacional do SUS est\u00e1 pronta para socorrer Brasil ardendo em chamas\",\"datePublished\":\"2024-09-15T05:12:38+00:00\",\"dateModified\":\"2024-09-15T05:26:34+00:00\",\"mainEntityOfPage\":{\"@id\":\"https:\\\/\\\/folhadoleste.com.br\\\/forca-nacional-do-sus-esta-pronta-para-socorrer-brasil-ardendo-em-chamas\\\/\"},\"wordCount\":707,\"commentCount\":0,\"publisher\":{\"@id\":\"https:\\\/\\\/folhadoleste.com.br\\\/#organization\"},\"image\":{\"@id\":\"https:\\\/\\\/folhadoleste.com.br\\\/forca-nacional-do-sus-esta-pronta-para-socorrer-brasil-ardendo-em-chamas\\\/#primaryimage\"},\"thumbnailUrl\":\"https:\\\/\\\/folhadoleste.com.br\\\/wp-content\\\/uploads\\\/2024\\\/09\\\/SUS-tenta-socorrer-Brasil-em-chamas-Creditos-Mayangdi-Izaugarat-Ibama.webp\",\"keywords\":[\"Brasil em chamas\",\"Brasil enfrenta inc\u00eandios\",\"Chamas no Brasil\",\"Crise ambiental no Brasil\",\"Crise clim\u00e1tica no Brasil\",\"Desastre ecol\u00f3gico no Brasil\",\"Destrui\u00e7\u00e3o ambiental no Brasil\",\"Devasta\u00e7\u00e3o das queimadas no Brasil\",\"Florestas em chamas no Brasil\",\"Fogo consome o Brasil\",\"Inc\u00eandios florestais no Brasil\",\"Natureza em colapso no Brasil\",\"Queimadas assolam o Brasil\",\"Queimadas devastam o Brasil\",\"Queimadas no Norte do Brasil\",\"Rio de Janeiro\"],\"articleSection\":[\"Ambiente\",\"Brasil\",\"Estado do Rio de Janeiro\"],\"inLanguage\":\"en-US\",\"potentialAction\":[{\"@type\":\"CommentAction\",\"name\":\"Comment\",\"target\":[\"https:\\\/\\\/folhadoleste.com.br\\\/forca-nacional-do-sus-esta-pronta-para-socorrer-brasil-ardendo-em-chamas\\\/#respond\"]}]},{\"@type\":\"WebPage\",\"@id\":\"https:\\\/\\\/folhadoleste.com.br\\\/forca-nacional-do-sus-esta-pronta-para-socorrer-brasil-ardendo-em-chamas\\\/\",\"url\":\"https:\\\/\\\/folhadoleste.com.br\\\/forca-nacional-do-sus-esta-pronta-para-socorrer-brasil-ardendo-em-chamas\\\/\",\"name\":\"For\u00e7a Nacional do SUS est\u00e1 pronta para socorrer Brasil ardendo em chamas &#8226; Folha do Leste\",\"isPartOf\":{\"@id\":\"https:\\\/\\\/folhadoleste.com.br\\\/#website\"},\"primaryImageOfPage\":{\"@id\":\"https:\\\/\\\/folhadoleste.com.br\\\/forca-nacional-do-sus-esta-pronta-para-socorrer-brasil-ardendo-em-chamas\\\/#primaryimage\"},\"image\":{\"@id\":\"https:\\\/\\\/folhadoleste.com.br\\\/forca-nacional-do-sus-esta-pronta-para-socorrer-brasil-ardendo-em-chamas\\\/#primaryimage\"},\"thumbnailUrl\":\"https:\\\/\\\/folhadoleste.com.br\\\/wp-content\\\/uploads\\\/2024\\\/09\\\/SUS-tenta-socorrer-Brasil-em-chamas-Creditos-Mayangdi-Izaugarat-Ibama.webp\",\"datePublished\":\"2024-09-15T05:12:38+00:00\",\"dateModified\":\"2024-09-15T05:26:34+00:00\",\"description\":\"Diante de incont\u00e1veis focos de inc\u00eandio, que causam diversos danos f\u00edsicos aos seres humanos, a For\u00e7a Nacional do SUS est\u00e1 pronta para socorrer Brasil ardendo em chamas\",\"breadcrumb\":{\"@id\":\"https:\\\/\\\/folhadoleste.com.br\\\/forca-nacional-do-sus-esta-pronta-para-socorrer-brasil-ardendo-em-chamas\\\/#breadcrumb\"},\"inLanguage\":\"en-US\",\"potentialAction\":[{\"@type\":\"ReadAction\",\"target\":[\"https:\\\/\\\/folhadoleste.com.br\\\/forca-nacional-do-sus-esta-pronta-para-socorrer-brasil-ardendo-em-chamas\\\/\"]}]},{\"@type\":\"ImageObject\",\"inLanguage\":\"en-US\",\"@id\":\"https:\\\/\\\/folhadoleste.com.br\\\/forca-nacional-do-sus-esta-pronta-para-socorrer-brasil-ardendo-em-chamas\\\/#primaryimage\",\"url\":\"https:\\\/\\\/folhadoleste.com.br\\\/wp-content\\\/uploads\\\/2024\\\/09\\\/SUS-tenta-socorrer-Brasil-em-chamas-Creditos-Mayangdi-Izaugarat-Ibama.webp\",\"contentUrl\":\"https:\\\/\\\/folhadoleste.com.br\\\/wp-content\\\/uploads\\\/2024\\\/09\\\/SUS-tenta-socorrer-Brasil-em-chamas-Creditos-Mayangdi-Izaugarat-Ibama.webp\",\"width\":1170,\"height\":700,\"caption\":\"For\u00e7a Nacional do SUS est\u00e1 pronta para socorrer Brasil ardendo em chamas | Mayangdi Izaugarat\\\/Ibama\\\/Divulga\u00e7\u00e3o\"},{\"@type\":\"BreadcrumbList\",\"@id\":\"https:\\\/\\\/folhadoleste.com.br\\\/forca-nacional-do-sus-esta-pronta-para-socorrer-brasil-ardendo-em-chamas\\\/#breadcrumb\",\"itemListElement\":[{\"@type\":\"ListItem\",\"position\":1,\"name\":\"In\u00edcio\",\"item\":\"https:\\\/\\\/folhadoleste.com.br\\\/\"},{\"@type\":\"ListItem\",\"position\":2,\"name\":\"Brasil\",\"item\":\"https:\\\/\\\/folhadoleste.com.br\\\/category\\\/brasil\\\/\"},{\"@type\":\"ListItem\",\"position\":3,\"name\":\"For\u00e7a Nacional do SUS est\u00e1 pronta para socorrer Brasil ardendo em chamas\"}]},{\"@type\":\"WebSite\",\"@id\":\"https:\\\/\\\/folhadoleste.com.br\\\/#website\",\"url\":\"https:\\\/\\\/folhadoleste.com.br\\\/\",\"name\":\"Folha do Leste\",\"description\":\"Portal de Not\u00edcias com \u00eanfase em Niter\u00f3i, criando conte\u00fados desde a capital Rio de Janeiro, com olhar para o Leste Fluminense e suas cidades como S\u00e3o Gon\u00e7alo, Itabora\u00ed, Rio Bonito, Maric\u00e1, Saquarema e Araruama\",\"publisher\":{\"@id\":\"https:\\\/\\\/folhadoleste.com.br\\\/#organization\"},\"alternateName\":\"FL\",\"potentialAction\":[{\"@type\":\"SearchAction\",\"target\":{\"@type\":\"EntryPoint\",\"urlTemplate\":\"https:\\\/\\\/folhadoleste.com.br\\\/?s={search_term_string}\"},\"query-input\":{\"@type\":\"PropertyValueSpecification\",\"valueRequired\":true,\"valueName\":\"search_term_string\"}}],\"inLanguage\":\"en-US\"},{\"@type\":\"Organization\",\"@id\":\"https:\\\/\\\/folhadoleste.com.br\\\/#organization\",\"name\":\"Brasil 21 Comunica\u00e7\u00e3o\",\"alternateName\":\"BR21\",\"url\":\"https:\\\/\\\/folhadoleste.com.br\\\/\",\"logo\":{\"@type\":\"ImageObject\",\"inLanguage\":\"en-US\",\"@id\":\"https:\\\/\\\/folhadoleste.com.br\\\/#\\\/schema\\\/logo\\\/image\\\/\",\"url\":\"https:\\\/\\\/folhadoleste.com.br\\\/wp-content\\\/uploads\\\/2025\\\/12\\\/brasil-21-logomarca.avif\",\"contentUrl\":\"https:\\\/\\\/folhadoleste.com.br\\\/wp-content\\\/uploads\\\/2025\\\/12\\\/brasil-21-logomarca.avif\",\"width\":1044,\"height\":1044,\"caption\":\"Brasil 21 Comunica\u00e7\u00e3o\"},\"image\":{\"@id\":\"https:\\\/\\\/folhadoleste.com.br\\\/#\\\/schema\\\/logo\\\/image\\\/\"},\"sameAs\":[\"https:\\\/\\\/www.facebook.com\\\/folhadoleste\",\"https:\\\/\\\/x.com\\\/FolhadoLesteRJ\",\"https:\\\/\\\/www.instagram.com\\\/folhadoleste\\\/\"]},{\"@type\":\"Person\",\"@id\":\"https:\\\/\\\/folhadoleste.com.br\\\/#\\\/schema\\\/person\\\/3e97145b2e1861276e84471aa85a3899\",\"name\":\"Folha do Leste\",\"image\":{\"@type\":\"ImageObject\",\"inLanguage\":\"en-US\",\"@id\":\"https:\\\/\\\/folhadoleste.com.br\\\/wp-content\\\/litespeed\\\/avatar\\\/1ca8c218432e7045e748610eb3db0259.jpg?ver=1777161142\",\"url\":\"https:\\\/\\\/folhadoleste.com.br\\\/wp-content\\\/litespeed\\\/avatar\\\/1ca8c218432e7045e748610eb3db0259.jpg?ver=1777161142\",\"contentUrl\":\"https:\\\/\\\/folhadoleste.com.br\\\/wp-content\\\/litespeed\\\/avatar\\\/1ca8c218432e7045e748610eb3db0259.jpg?ver=1777161142\",\"caption\":\"Folha do Leste\"},\"url\":\"https:\\\/\\\/folhadoleste.com.br\\\/en\\\/author\\\/reportagem-01\\\/\"}]}<\/script>\n<!-- \/ Yoast SEO plugin. -->","yoast_head_json":{"title":"For\u00e7a Nacional do SUS est\u00e1 pronta para socorrer Brasil ardendo em chamas &#8226; Folha do Leste","description":"Diante de incont\u00e1veis focos de inc\u00eandio, que causam diversos danos f\u00edsicos aos seres humanos, a For\u00e7a Nacional do SUS est\u00e1 pronta para socorrer Brasil ardendo em chamas","robots":{"index":"index","follow":"follow","max-snippet":"max-snippet:-1","max-image-preview":"max-image-preview:large","max-video-preview":"max-video-preview:-1"},"canonical":"https:\/\/folhadoleste.com.br\/en\/forca-nacional-do-sus-esta-pronta-para-socorrer-brasil-ardendo-em-chamas\/","og_locale":"en_US","og_type":"article","og_title":"For\u00e7a Nacional do SUS est\u00e1 pronta para socorrer Brasil ardendo em chamas &#8226; Folha do Leste","og_description":"15 de September de 2024 &#8226; Ambiente, Brasil, Estado do Rio de Janeiro &#8226; Folha do Leste","og_url":"https:\/\/folhadoleste.com.br\/en\/forca-nacional-do-sus-esta-pronta-para-socorrer-brasil-ardendo-em-chamas\/","og_site_name":"Folha do Leste","article_publisher":"https:\/\/www.facebook.com\/folhadoleste","article_published_time":"2024-09-15T05:12:38+00:00","article_modified_time":"2024-09-15T05:26:34+00:00","og_image":[{"width":1170,"height":700,"url":"https:\/\/folhadoleste.com.br\/wp-content\/uploads\/2024\/09\/SUS-tenta-socorrer-Brasil-em-chamas-Creditos-Mayangdi-Izaugarat-Ibama.webp","type":"image\/webp"}],"author":"Folha do Leste","twitter_card":"summary_large_image","twitter_creator":"@FolhadoLesteRJ","twitter_site":"@FolhadoLesteRJ","twitter_misc":{"Written by":"Folha do Leste","Est. reading time":"5 minutes"},"schema":{"@context":"https:\/\/schema.org","@graph":[{"@type":"NewsArticle","@id":"https:\/\/folhadoleste.com.br\/forca-nacional-do-sus-esta-pronta-para-socorrer-brasil-ardendo-em-chamas\/#article","isPartOf":{"@id":"https:\/\/folhadoleste.com.br\/forca-nacional-do-sus-esta-pronta-para-socorrer-brasil-ardendo-em-chamas\/"},"author":{"name":"Folha do Leste","@id":"https:\/\/folhadoleste.com.br\/#\/schema\/person\/3e97145b2e1861276e84471aa85a3899"},"headline":"For\u00e7a Nacional do SUS est\u00e1 pronta para socorrer Brasil ardendo em chamas","datePublished":"2024-09-15T05:12:38+00:00","dateModified":"2024-09-15T05:26:34+00:00","mainEntityOfPage":{"@id":"https:\/\/folhadoleste.com.br\/forca-nacional-do-sus-esta-pronta-para-socorrer-brasil-ardendo-em-chamas\/"},"wordCount":707,"commentCount":0,"publisher":{"@id":"https:\/\/folhadoleste.com.br\/#organization"},"image":{"@id":"https:\/\/folhadoleste.com.br\/forca-nacional-do-sus-esta-pronta-para-socorrer-brasil-ardendo-em-chamas\/#primaryimage"},"thumbnailUrl":"https:\/\/folhadoleste.com.br\/wp-content\/uploads\/2024\/09\/SUS-tenta-socorrer-Brasil-em-chamas-Creditos-Mayangdi-Izaugarat-Ibama.webp","keywords":["Brasil em chamas","Brasil enfrenta inc\u00eandios","Chamas no Brasil","Crise ambiental no Brasil","Crise clim\u00e1tica no Brasil","Desastre ecol\u00f3gico no Brasil","Destrui\u00e7\u00e3o ambiental no Brasil","Devasta\u00e7\u00e3o das queimadas no Brasil","Florestas em chamas no Brasil","Fogo consome o Brasil","Inc\u00eandios florestais no Brasil","Natureza em colapso no Brasil","Queimadas assolam o Brasil","Queimadas devastam o Brasil","Queimadas no Norte do Brasil","Rio de Janeiro"],"articleSection":["Ambiente","Brasil","Estado do Rio de Janeiro"],"inLanguage":"en-US","potentialAction":[{"@type":"CommentAction","name":"Comment","target":["https:\/\/folhadoleste.com.br\/forca-nacional-do-sus-esta-pronta-para-socorrer-brasil-ardendo-em-chamas\/#respond"]}]},{"@type":"WebPage","@id":"https:\/\/folhadoleste.com.br\/forca-nacional-do-sus-esta-pronta-para-socorrer-brasil-ardendo-em-chamas\/","url":"https:\/\/folhadoleste.com.br\/forca-nacional-do-sus-esta-pronta-para-socorrer-brasil-ardendo-em-chamas\/","name":"For\u00e7a Nacional do SUS est\u00e1 pronta para socorrer Brasil ardendo em chamas &#8226; Folha do Leste","isPartOf":{"@id":"https:\/\/folhadoleste.com.br\/#website"},"primaryImageOfPage":{"@id":"https:\/\/folhadoleste.com.br\/forca-nacional-do-sus-esta-pronta-para-socorrer-brasil-ardendo-em-chamas\/#primaryimage"},"image":{"@id":"https:\/\/folhadoleste.com.br\/forca-nacional-do-sus-esta-pronta-para-socorrer-brasil-ardendo-em-chamas\/#primaryimage"},"thumbnailUrl":"https:\/\/folhadoleste.com.br\/wp-content\/uploads\/2024\/09\/SUS-tenta-socorrer-Brasil-em-chamas-Creditos-Mayangdi-Izaugarat-Ibama.webp","datePublished":"2024-09-15T05:12:38+00:00","dateModified":"2024-09-15T05:26:34+00:00","description":"Diante de incont\u00e1veis focos de inc\u00eandio, que causam diversos danos f\u00edsicos aos seres humanos, a For\u00e7a Nacional do SUS est\u00e1 pronta para socorrer Brasil ardendo em chamas","breadcrumb":{"@id":"https:\/\/folhadoleste.com.br\/forca-nacional-do-sus-esta-pronta-para-socorrer-brasil-ardendo-em-chamas\/#breadcrumb"},"inLanguage":"en-US","potentialAction":[{"@type":"ReadAction","target":["https:\/\/folhadoleste.com.br\/forca-nacional-do-sus-esta-pronta-para-socorrer-brasil-ardendo-em-chamas\/"]}]},{"@type":"ImageObject","inLanguage":"en-US","@id":"https:\/\/folhadoleste.com.br\/forca-nacional-do-sus-esta-pronta-para-socorrer-brasil-ardendo-em-chamas\/#primaryimage","url":"https:\/\/folhadoleste.com.br\/wp-content\/uploads\/2024\/09\/SUS-tenta-socorrer-Brasil-em-chamas-Creditos-Mayangdi-Izaugarat-Ibama.webp","contentUrl":"https:\/\/folhadoleste.com.br\/wp-content\/uploads\/2024\/09\/SUS-tenta-socorrer-Brasil-em-chamas-Creditos-Mayangdi-Izaugarat-Ibama.webp","width":1170,"height":700,"caption":"For\u00e7a Nacional do SUS est\u00e1 pronta para socorrer Brasil ardendo em chamas | Mayangdi Izaugarat\/Ibama\/Divulga\u00e7\u00e3o"},{"@type":"BreadcrumbList","@id":"https:\/\/folhadoleste.com.br\/forca-nacional-do-sus-esta-pronta-para-socorrer-brasil-ardendo-em-chamas\/#breadcrumb","itemListElement":[{"@type":"ListItem","position":1,"name":"In\u00edcio","item":"https:\/\/folhadoleste.com.br\/"},{"@type":"ListItem","position":2,"name":"Brasil","item":"https:\/\/folhadoleste.com.br\/category\/brasil\/"},{"@type":"ListItem","position":3,"name":"For\u00e7a Nacional do SUS est\u00e1 pronta para socorrer Brasil ardendo em chamas"}]},{"@type":"WebSite","@id":"https:\/\/folhadoleste.com.br\/#website","url":"https:\/\/folhadoleste.com.br\/","name":"Folha do Leste","description":"Portal de Not\u00edcias com \u00eanfase em Niter\u00f3i, criando conte\u00fados desde a capital Rio de Janeiro, com olhar para o Leste Fluminense e suas cidades como S\u00e3o Gon\u00e7alo, Itabora\u00ed, Rio Bonito, Maric\u00e1, Saquarema e Araruama","publisher":{"@id":"https:\/\/folhadoleste.com.br\/#organization"},"alternateName":"FL","potentialAction":[{"@type":"SearchAction","target":{"@type":"EntryPoint","urlTemplate":"https:\/\/folhadoleste.com.br\/?s={search_term_string}"},"query-input":{"@type":"PropertyValueSpecification","valueRequired":true,"valueName":"search_term_string"}}],"inLanguage":"en-US"},{"@type":"Organization","@id":"https:\/\/folhadoleste.com.br\/#organization","name":"Brasil 21 Comunica\u00e7\u00e3o","alternateName":"BR21","url":"https:\/\/folhadoleste.com.br\/","logo":{"@type":"ImageObject","inLanguage":"en-US","@id":"https:\/\/folhadoleste.com.br\/#\/schema\/logo\/image\/","url":"https:\/\/folhadoleste.com.br\/wp-content\/uploads\/2025\/12\/brasil-21-logomarca.avif","contentUrl":"https:\/\/folhadoleste.com.br\/wp-content\/uploads\/2025\/12\/brasil-21-logomarca.avif","width":1044,"height":1044,"caption":"Brasil 21 Comunica\u00e7\u00e3o"},"image":{"@id":"https:\/\/folhadoleste.com.br\/#\/schema\/logo\/image\/"},"sameAs":["https:\/\/www.facebook.com\/folhadoleste","https:\/\/x.com\/FolhadoLesteRJ","https:\/\/www.instagram.com\/folhadoleste\/"]},{"@type":"Person","@id":"https:\/\/folhadoleste.com.br\/#\/schema\/person\/3e97145b2e1861276e84471aa85a3899","name":"Folha do Leste","image":{"@type":"ImageObject","inLanguage":"en-US","@id":"https:\/\/folhadoleste.com.br\/wp-content\/litespeed\/avatar\/1ca8c218432e7045e748610eb3db0259.jpg?ver=1777161142","url":"https:\/\/folhadoleste.com.br\/wp-content\/litespeed\/avatar\/1ca8c218432e7045e748610eb3db0259.jpg?ver=1777161142","contentUrl":"https:\/\/folhadoleste.com.br\/wp-content\/litespeed\/avatar\/1ca8c218432e7045e748610eb3db0259.jpg?ver=1777161142","caption":"Folha do Leste"},"url":"https:\/\/folhadoleste.com.br\/en\/author\/reportagem-01\/"}]}},"_links":{"self":[{"href":"https:\/\/folhadoleste.com.br\/en\/wp-json\/wp\/v2\/posts\/84196","targetHints":{"allow":["GET"]}}],"collection":[{"href":"https:\/\/folhadoleste.com.br\/en\/wp-json\/wp\/v2\/posts"}],"about":[{"href":"https:\/\/folhadoleste.com.br\/en\/wp-json\/wp\/v2\/types\/post"}],"author":[{"embeddable":true,"href":"https:\/\/folhadoleste.com.br\/en\/wp-json\/wp\/v2\/users\/4"}],"replies":[{"embeddable":true,"href":"https:\/\/folhadoleste.com.br\/en\/wp-json\/wp\/v2\/comments?post=84196"}],"version-history":[{"count":3,"href":"https:\/\/folhadoleste.com.br\/en\/wp-json\/wp\/v2\/posts\/84196\/revisions"}],"predecessor-version":[{"id":84213,"href":"https:\/\/folhadoleste.com.br\/en\/wp-json\/wp\/v2\/posts\/84196\/revisions\/84213"}],"wp:featuredmedia":[{"embeddable":true,"href":"https:\/\/folhadoleste.com.br\/en\/wp-json\/wp\/v2\/media\/84202"}],"wp:attachment":[{"href":"https:\/\/folhadoleste.com.br\/en\/wp-json\/wp\/v2\/media?parent=84196"}],"wp:term":[{"taxonomy":"category","embeddable":true,"href":"https:\/\/folhadoleste.com.br\/en\/wp-json\/wp\/v2\/categories?post=84196"},{"taxonomy":"post_tag","embeddable":true,"href":"https:\/\/folhadoleste.com.br\/en\/wp-json\/wp\/v2\/tags?post=84196"}],"curies":[{"name":"wp","href":"https:\/\/api.w.org\/{rel}","templated":true}]}}