{"id":83714,"date":"2024-09-11T19:14:54","date_gmt":"2024-09-11T22:14:54","guid":{"rendered":"https:\/\/folhadoleste.com.br\/?p=83714"},"modified":"2024-09-11T19:14:54","modified_gmt":"2024-09-11T22:14:54","slug":"pedro-do-flamengo-vai-passar-por-cirurgia-no-joelho","status":"publish","type":"post","link":"https:\/\/folhadoleste.com.br\/en\/pedro-do-flamengo-vai-passar-por-cirurgia-no-joelho\/","title":{"rendered":"Pedro do Flamengo vai passar por cirurgia no joelho"},"content":{"rendered":"<div id=\"attachment_83719\" style=\"width: 1210px\" class=\"wp-caption aligncenter\"><img decoding=\"async\" aria-describedby=\"caption-attachment-83719\" class=\"size-full wp-image-83719\" src=\"https:\/\/folhadoleste.com.br\/wp-content\/uploads\/2024\/09\/Pedro-do-Flamengo-vai-passar-por-cirurgia-no-joelho-Foto-Gilvan-de-Souza-Flamengo.webp\" alt=\"Pedro do Flamengo vai passar por cirurgia no joelho\" width=\"1200\" height=\"750\" \/><p id=\"caption-attachment-83719\" class=\"wp-caption-text\">Pedro do Flamengo vai passar por cirurgia no joelho | Gilvan de Souza\/Flamengo<\/p><\/div>\n<p style=\"text-align: justify;\"><span>O atacante Pedro, do Flamengo, passar\u00e1 por uma cirurgia para reconstruir o ligamento cruzado anterior do joelho esquerdo, na pr\u00f3xima sexta-feira, 13 de setembro. O procedimento ser\u00e1 realizado no Hospital Copa Star, em Copacabana, pelo movimento Luiz Ant\u00f4nio Vieira, o mesmo que operou o jogador em 2018.<\/span><\/p>\n<p style=\"text-align: justify;\"><span> Na ocasi\u00e3o, Pedro havia lesionado o joelho direito. A cirurgia desta vez ser\u00e1 acompanhada pelo gerente de sa\u00fade do clube, M\u00e1rcio Tannure, que tamb\u00e9m est\u00e1 \u00e0 frente do processo de recupera\u00e7\u00e3o do atleta.<\/span><\/p>\n<h6><span style=\"color: #ff0000;\"><strong>+<\/strong><\/span> <span style=\"color: #000000;\">LEIA TAMB\u00c9M: \u25ba<\/span><a href=\"https:\/\/folhadoleste.com.br\/en\/kleberson-compara-flamengo-de-2009-com-time-de-2019\/\"><strong>Kleberson compara Flamengo de 2009 com time de 2019<\/strong><\/a><\/h6>\n<p style=\"text-align: justify;\"><span>Segundo nota oficial divulgada pelo Flamengo, o clube expressa solidariedade ao jogador neste momento delicado e deseja uma recupera\u00e7\u00e3o tranquila. Pedro se machucou durante um treino da sele\u00e7\u00e3o brasileira, no \u00faltimo dia 4 de setembro, e o diagn\u00f3stico da les\u00e3o foi confirmado ap\u00f3s exames de resson\u00e2ncia magn\u00e9tica.<\/span><\/p>\n<p style=\"text-align: justify;\"><span>A previs\u00e3o \u00e9 que Pedro fique afastado dos gramados por um per\u00edodo entre seis e oito meses, tempo necess\u00e1rio para a recupera\u00e7\u00e3o completa da les\u00e3o. O atleta j\u00e1 enfrentou um desafio semelhante em 2018, quando sofreu uma cirurgia no ligamento cruzado anterior do joelho direito e tamb\u00e9m no menisco. Naquele ano, o procedimento cir\u00fargico foi realizado pelo mesmo m\u00e9dico, Luiz Ant\u00f4nio <\/span><span>Vieira, que ser\u00e1 o respons\u00e1vel pela cirurgia atual.<\/span><\/p>\n<h5 style=\"text-align: center;\"><span style=\"color: #000000;\"><span style=\"color: #ff0000;\"><strong>+ <\/strong><\/span><\/span><span style=\"color: #000000;\"><strong><span style=\"color: #ff9900;\">MAIS NOT\u00cdCIAS DE ESPORTES?<\/span> <span style=\"color: #008080;\"><a style=\"color: #008080;\" href=\"https:\/\/folhadoleste.com.br\/en\/category\/esportes\/\">CLIQUE AQUI<\/a><\/span><\/strong><\/span><\/h5>\n<p style=\"text-align: justify;\"><span>O Flamengo mostra confian\u00e7a na recupera\u00e7\u00e3o do jogador, que tem sido uma pe\u00e7a importante no elenco rubro-negro nos \u00faltimos anos. A expectativa \u00e9 de que Pedro siga o plano de reabilita\u00e7\u00e3o com o apoio da equipe m\u00e9dica do clube e volte a campo no pr\u00f3ximo ano.<\/span><\/p>\n<p style=\"text-align: justify;\"><span>Pedro, que vinha se destacando tanto no Flamengo quanto na sele\u00e7\u00e3o brasileira, agora enfrenta mais um momento decisivo em sua carreira. O rompimento do ligamento cruzado anterior \u00e9 uma das les\u00f5es mais graves que um jogador de futebol pode<\/span><span> sofrer, exigindo um longo processo de recupera\u00e7\u00e3o e reabilita\u00e7\u00e3o. <\/span><\/p>\n<h6><span style=\"color: #ff0000;\"><strong>+<\/strong><\/span> <span style=\"color: #000000;\">LEIA TAMB\u00c9M: \u25ba<\/span><a href=\"https:\/\/folhadoleste.com.br\/en\/homem-e-brutalmente-agredido-em-sepetiba-video\/\"><strong>Homem \u00e9 brutalmente agredido em Sepetiba \u2013 V\u00eddeo<\/strong><\/a><\/h6>\n<p style=\"text-align: justify;\"><span>No entanto, com a experi\u00eancia acumulada de uma les\u00e3o semelhante no passado e o acompanhamento pr\u00f3ximo da equipe m\u00e9dica, o Flamengo espera que o jogador volte aos campos com toda a sua for\u00e7a.<\/span><\/p>\n<p style=\"text-align: justify;\"><span>A aus\u00eancia de Pedro ser\u00e1 um desafio para o Flamengo em competi\u00e7\u00f5es importantes, mas o clube j\u00e1 est\u00e1 tomando medidas para garantir a melhor recupera\u00e7\u00e3o poss\u00edvel para o atleta. O apoio da torcida tamb\u00e9m ser\u00e1 fundamental neste per\u00edodo de recupera\u00e7\u00e3o, refor\u00e7ando o v\u00ednculo entre o jogador e o tempo.<\/span><\/p>\n<div id=\"attachment_77492\" class=\"wp-caption aligncenter\">\n<p><a href=\"http:\/\/instagram.com\/folhadoleste\"><img decoding=\"async\" class=\"wp-image-77492 size-full\" src=\"https:\/\/folhadoleste.com.br\/wp-content\/uploads\/2024\/07\/Instagram-Folha-do-Leste.png\" alt=\"http:\/\/instagram.com\/folhadoleste\" width=\"400\" height=\"200\" aria-describedby=\"caption-attachment-77492\" \/><\/a><\/p>\n<p id=\"caption-attachment-77492\" class=\"wp-caption-text\">Siga o Folha do Leste no Instagram!<\/p>\n<\/div>\n<div id=\"attachment_77490\" class=\"wp-caption aligncenter\">\n<p><a href=\"http:\/\/facebook.com\/folhadoleste\"><img decoding=\"async\" class=\"size-medium wp-image-77490\" src=\"https:\/\/folhadoleste.com.br\/wp-content\/uploads\/2024\/07\/Facebook-Folha-do-Leste-10k-300x300.jpg\" alt=\"Curta e siga o Folha do Leste no Facebook!\" width=\"300\" height=\"300\" aria-describedby=\"caption-attachment-77490\" \/><\/a><\/p>\n<p id=\"caption-attachment-77490\" class=\"wp-caption-text\">Curta e siga o Folha do Leste no Facebook!<\/p>\n<\/div>","protected":false},"excerpt":{"rendered":"<p>O atacante Pedro, do Flamengo, passar\u00e1 por uma cirurgia para reconstruir o ligamento cruzado anterior do joelho esquerdo, na pr\u00f3xima sexta-feira, 13 de setembro. O procedimento ser\u00e1 realizado no Hospital Copa Star, em Copacabana, pelo movimento Luiz Ant\u00f4nio Vieira, o mesmo que operou o jogador em 2018. Na ocasi\u00e3o, Pedro havia lesionado o joelho direito. A cirurgia desta vez ser\u00e1 acompanhada pelo gerente de sa\u00fade do clube, M\u00e1rcio Tannure, que tamb\u00e9m est\u00e1 \u00e0 frente do processo de recupera\u00e7\u00e3o do atleta. + LEIA TAMB\u00c9M: \u25baKleberson compara Flamengo de 2009 com time de 2019 Segundo nota oficial divulgada pelo Flamengo, o clube [&hellip;]<\/p>\n","protected":false},"author":4,"featured_media":83719,"comment_status":"open","ping_status":"open","sticky":false,"template":"","format":"standard","meta":{"footnotes":""},"categories":[48,65],"tags":[8884,2024,40561,40570,40572,900,105,285,40567,40565,40559,40571,101,875,14101,40558,5962,40568,40566,40574,40560,40573,40564,19052,1775,40569,40557,40575,808,40562,73,552,144,4038,40563,24615],"class_list":["post-83714","post","type-post","status-publish","format-standard","has-post-thumbnail","hentry","category-esportes","category-futebol-esportes","tag-atleta","tag-cirurgia","tag-cirurgia-de-pedro-copa-star","tag-cirurgia-no-joelho-flamengo","tag-copa-star","tag-esporte","tag-esportes","tag-flamengo","tag-flamengo-cirurgia-copa-star","tag-flamengo-cirurgia-de-pedro","tag-flamengo-lesao-de-pedro","tag-flamengo-recuperacao-recuperacao-pedro","tag-futebol","tag-hospital","tag-joelho","tag-joelho-de-pedro","tag-lesao","tag-lesao-de-pedro-selecao","tag-lesao-joelho-pedro","tag-ligamento-cruzado-anterior","tag-ligamento-cruzado-de-pedro","tag-luiz-antonio-vieira","tag-luiz-antonio-vieira-cirurgia","tag-noticia","tag-pedro","tag-pedro-afastado-dos-gramados","tag-pedro-cirurgia-flamengo","tag-procedimento","tag-recuperacao","tag-recuperacao-de-pedro-flamengo","tag-saude","tag-selecao","tag-selecao-brasileira","tag-sexta-feira","tag-tempo-de-recuperacao-de-pedro","tag-ultima-hora","post--single"],"yoast_head":"<!-- This site is optimized with the Yoast SEO plugin v27.4 - https:\/\/yoast.com\/product\/yoast-seo-wordpress\/ -->\n<title>Pedro do Flamengo vai passar por cirurgia no joelho &#8226; Folha do Leste<\/title>\n<meta name=\"description\" content=\"Pedro do Flamengo vai passar por cirurgia no joelho. O jogador sofreu uma les\u00e3o no joelho direito; Saiba mais...\" \/>\n<meta name=\"robots\" content=\"index, follow, max-snippet:-1, max-image-preview:large, max-video-preview:-1\" \/>\n<link rel=\"canonical\" href=\"https:\/\/folhadoleste.com.br\/en\/pedro-do-flamengo-vai-passar-por-cirurgia-no-joelho\/\" \/>\n<meta property=\"og:locale\" content=\"en_US\" \/>\n<meta property=\"og:type\" content=\"article\" \/>\n<meta property=\"og:title\" content=\"Pedro do Flamengo vai passar por cirurgia no joelho &#8226; Folha do Leste\" \/>\n<meta property=\"og:description\" content=\"Futebol &#8226; 11 de September de 2024 &#8226; Folha do Leste\" \/>\n<meta property=\"og:url\" content=\"https:\/\/folhadoleste.com.br\/en\/pedro-do-flamengo-vai-passar-por-cirurgia-no-joelho\/\" \/>\n<meta property=\"og:site_name\" content=\"Folha do Leste\" \/>\n<meta property=\"article:publisher\" content=\"https:\/\/www.facebook.com\/folhadoleste\" \/>\n<meta property=\"article:published_time\" content=\"2024-09-11T22:14:54+00:00\" \/>\n<meta property=\"og:image\" content=\"https:\/\/folhadoleste.com.br\/wp-content\/uploads\/2024\/09\/Pedro-do-Flamengo-vai-passar-por-cirurgia-no-joelho-Foto-Gilvan-de-Souza-Flamengo.webp\" \/>\n\t<meta property=\"og:image:width\" content=\"1200\" \/>\n\t<meta property=\"og:image:height\" content=\"750\" \/>\n\t<meta property=\"og:image:type\" content=\"image\/webp\" \/>\n<meta name=\"author\" content=\"Folha do Leste\" \/>\n<meta name=\"twitter:card\" content=\"summary_large_image\" \/>\n<meta name=\"twitter:description\" content=\"Futebol &#8226; 11 de September de 2024 &#8226; Folha do Leste\" \/>\n<meta name=\"twitter:creator\" content=\"@FolhadoLesteRJ\" \/>\n<meta name=\"twitter:site\" content=\"@FolhadoLesteRJ\" \/>\n<meta name=\"twitter:label1\" content=\"Written by\" \/>\n\t<meta name=\"twitter:data1\" content=\"Folha do Leste\" \/>\n\t<meta name=\"twitter:label2\" content=\"Est. reading time\" \/>\n\t<meta name=\"twitter:data2\" content=\"4 minutes\" \/>\n<script type=\"application\/ld+json\" class=\"yoast-schema-graph\">{\"@context\":\"https:\\\/\\\/schema.org\",\"@graph\":[{\"@type\":\"NewsArticle\",\"@id\":\"https:\\\/\\\/folhadoleste.com.br\\\/pedro-do-flamengo-vai-passar-por-cirurgia-no-joelho\\\/#article\",\"isPartOf\":{\"@id\":\"https:\\\/\\\/folhadoleste.com.br\\\/pedro-do-flamengo-vai-passar-por-cirurgia-no-joelho\\\/\"},\"author\":{\"name\":\"Folha do Leste\",\"@id\":\"https:\\\/\\\/folhadoleste.com.br\\\/#\\\/schema\\\/person\\\/3e97145b2e1861276e84471aa85a3899\"},\"headline\":\"Pedro do Flamengo vai passar por cirurgia no joelho\",\"datePublished\":\"2024-09-11T22:14:54+00:00\",\"mainEntityOfPage\":{\"@id\":\"https:\\\/\\\/folhadoleste.com.br\\\/pedro-do-flamengo-vai-passar-por-cirurgia-no-joelho\\\/\"},\"wordCount\":484,\"commentCount\":0,\"publisher\":{\"@id\":\"https:\\\/\\\/folhadoleste.com.br\\\/#organization\"},\"image\":{\"@id\":\"https:\\\/\\\/folhadoleste.com.br\\\/pedro-do-flamengo-vai-passar-por-cirurgia-no-joelho\\\/#primaryimage\"},\"thumbnailUrl\":\"https:\\\/\\\/folhadoleste.com.br\\\/wp-content\\\/uploads\\\/2024\\\/09\\\/Pedro-do-Flamengo-vai-passar-por-cirurgia-no-joelho-Foto-Gilvan-de-Souza-Flamengo.webp\",\"keywords\":[\"atleta\",\"cirurgia\",\"cirurgia de Pedro Copa Star\",\"cirurgia no joelho Flamengo\",\"Copa Star\",\"Esporte\",\"Esportes\",\"Flamengo\",\"Flamengo cirurgia Copa Star\",\"Flamengo cirurgia de Pedro\",\"Flamengo les\u00e3o de Pedro\",\"Flamengo recupera\u00e7\u00e3o recupera\u00e7\u00e3o Pedro\",\"futebol\",\"Hospital\",\"Joelho\",\"joelho de Pedro\",\"les\u00e3o\",\"les\u00e3o de Pedro sele\u00e7\u00e3o\",\"les\u00e3o joelho Pedro\",\"ligamento cruzado anterior\",\"ligamento cruzado de Pedro\",\"Luiz Ant\u00f4nio Vieira\",\"Luiz Ant\u00f4nio Vieira cirurgia\",\"Not\u00edcia\",\"Pedro\",\"Pedro afastado dos gramados\",\"Pedro cirurgia Flamengo\",\"procedimento\",\"recupera\u00e7\u00e3o\",\"recupera\u00e7\u00e3o de Pedro Flamengo\",\"sa\u00fade\",\"Sele\u00e7\u00e3o\",\"sele\u00e7\u00e3o brasileira\",\"Sexta-feira\",\"tempo de recupera\u00e7\u00e3o de Pedro\",\"\u00daltima Hora\"],\"articleSection\":[\"Esportes\",\"Futebol\"],\"inLanguage\":\"en-US\",\"potentialAction\":[{\"@type\":\"CommentAction\",\"name\":\"Comment\",\"target\":[\"https:\\\/\\\/folhadoleste.com.br\\\/pedro-do-flamengo-vai-passar-por-cirurgia-no-joelho\\\/#respond\"]}]},{\"@type\":\"WebPage\",\"@id\":\"https:\\\/\\\/folhadoleste.com.br\\\/pedro-do-flamengo-vai-passar-por-cirurgia-no-joelho\\\/\",\"url\":\"https:\\\/\\\/folhadoleste.com.br\\\/pedro-do-flamengo-vai-passar-por-cirurgia-no-joelho\\\/\",\"name\":\"Pedro do Flamengo vai passar por cirurgia no joelho &#8226; Folha do Leste\",\"isPartOf\":{\"@id\":\"https:\\\/\\\/folhadoleste.com.br\\\/#website\"},\"primaryImageOfPage\":{\"@id\":\"https:\\\/\\\/folhadoleste.com.br\\\/pedro-do-flamengo-vai-passar-por-cirurgia-no-joelho\\\/#primaryimage\"},\"image\":{\"@id\":\"https:\\\/\\\/folhadoleste.com.br\\\/pedro-do-flamengo-vai-passar-por-cirurgia-no-joelho\\\/#primaryimage\"},\"thumbnailUrl\":\"https:\\\/\\\/folhadoleste.com.br\\\/wp-content\\\/uploads\\\/2024\\\/09\\\/Pedro-do-Flamengo-vai-passar-por-cirurgia-no-joelho-Foto-Gilvan-de-Souza-Flamengo.webp\",\"datePublished\":\"2024-09-11T22:14:54+00:00\",\"description\":\"Pedro do Flamengo vai passar por cirurgia no joelho. O jogador sofreu uma les\u00e3o no joelho direito; Saiba mais...\",\"breadcrumb\":{\"@id\":\"https:\\\/\\\/folhadoleste.com.br\\\/pedro-do-flamengo-vai-passar-por-cirurgia-no-joelho\\\/#breadcrumb\"},\"inLanguage\":\"en-US\",\"potentialAction\":[{\"@type\":\"ReadAction\",\"target\":[\"https:\\\/\\\/folhadoleste.com.br\\\/pedro-do-flamengo-vai-passar-por-cirurgia-no-joelho\\\/\"]}]},{\"@type\":\"ImageObject\",\"inLanguage\":\"en-US\",\"@id\":\"https:\\\/\\\/folhadoleste.com.br\\\/pedro-do-flamengo-vai-passar-por-cirurgia-no-joelho\\\/#primaryimage\",\"url\":\"https:\\\/\\\/folhadoleste.com.br\\\/wp-content\\\/uploads\\\/2024\\\/09\\\/Pedro-do-Flamengo-vai-passar-por-cirurgia-no-joelho-Foto-Gilvan-de-Souza-Flamengo.webp\",\"contentUrl\":\"https:\\\/\\\/folhadoleste.com.br\\\/wp-content\\\/uploads\\\/2024\\\/09\\\/Pedro-do-Flamengo-vai-passar-por-cirurgia-no-joelho-Foto-Gilvan-de-Souza-Flamengo.webp\",\"width\":1200,\"height\":750,\"caption\":\"Pedro fala sobre a derrota do Flamengo em retorno aos gramados | Gilvan de Souza\\\/Flamengo\"},{\"@type\":\"BreadcrumbList\",\"@id\":\"https:\\\/\\\/folhadoleste.com.br\\\/pedro-do-flamengo-vai-passar-por-cirurgia-no-joelho\\\/#breadcrumb\",\"itemListElement\":[{\"@type\":\"ListItem\",\"position\":1,\"name\":\"In\u00edcio\",\"item\":\"https:\\\/\\\/folhadoleste.com.br\\\/\"},{\"@type\":\"ListItem\",\"position\":2,\"name\":\"Esportes\",\"item\":\"https:\\\/\\\/folhadoleste.com.br\\\/category\\\/esportes\\\/\"},{\"@type\":\"ListItem\",\"position\":3,\"name\":\"Futebol\",\"item\":\"https:\\\/\\\/folhadoleste.com.br\\\/category\\\/esportes\\\/futebol-esportes\\\/\"},{\"@type\":\"ListItem\",\"position\":4,\"name\":\"Pedro do Flamengo vai passar por cirurgia no joelho\"}]},{\"@type\":\"WebSite\",\"@id\":\"https:\\\/\\\/folhadoleste.com.br\\\/#website\",\"url\":\"https:\\\/\\\/folhadoleste.com.br\\\/\",\"name\":\"Folha do Leste\",\"description\":\"Portal de Not\u00edcias com \u00eanfase em Niter\u00f3i, criando conte\u00fados desde a capital Rio de Janeiro, com olhar para o Leste Fluminense e suas cidades como S\u00e3o Gon\u00e7alo, Itabora\u00ed, Rio Bonito, Maric\u00e1, Saquarema e Araruama\",\"publisher\":{\"@id\":\"https:\\\/\\\/folhadoleste.com.br\\\/#organization\"},\"alternateName\":\"FL\",\"potentialAction\":[{\"@type\":\"SearchAction\",\"target\":{\"@type\":\"EntryPoint\",\"urlTemplate\":\"https:\\\/\\\/folhadoleste.com.br\\\/?s={search_term_string}\"},\"query-input\":{\"@type\":\"PropertyValueSpecification\",\"valueRequired\":true,\"valueName\":\"search_term_string\"}}],\"inLanguage\":\"en-US\"},{\"@type\":\"Organization\",\"@id\":\"https:\\\/\\\/folhadoleste.com.br\\\/#organization\",\"name\":\"Brasil 21 Comunica\u00e7\u00e3o\",\"alternateName\":\"BR21\",\"url\":\"https:\\\/\\\/folhadoleste.com.br\\\/\",\"logo\":{\"@type\":\"ImageObject\",\"inLanguage\":\"en-US\",\"@id\":\"https:\\\/\\\/folhadoleste.com.br\\\/#\\\/schema\\\/logo\\\/image\\\/\",\"url\":\"https:\\\/\\\/folhadoleste.com.br\\\/wp-content\\\/uploads\\\/2025\\\/12\\\/brasil-21-logomarca.avif\",\"contentUrl\":\"https:\\\/\\\/folhadoleste.com.br\\\/wp-content\\\/uploads\\\/2025\\\/12\\\/brasil-21-logomarca.avif\",\"width\":1044,\"height\":1044,\"caption\":\"Brasil 21 Comunica\u00e7\u00e3o\"},\"image\":{\"@id\":\"https:\\\/\\\/folhadoleste.com.br\\\/#\\\/schema\\\/logo\\\/image\\\/\"},\"sameAs\":[\"https:\\\/\\\/www.facebook.com\\\/folhadoleste\",\"https:\\\/\\\/x.com\\\/FolhadoLesteRJ\",\"https:\\\/\\\/www.instagram.com\\\/folhadoleste\\\/\"]},{\"@type\":\"Person\",\"@id\":\"https:\\\/\\\/folhadoleste.com.br\\\/#\\\/schema\\\/person\\\/3e97145b2e1861276e84471aa85a3899\",\"name\":\"Folha do Leste\",\"image\":{\"@type\":\"ImageObject\",\"inLanguage\":\"en-US\",\"@id\":\"https:\\\/\\\/folhadoleste.com.br\\\/wp-content\\\/litespeed\\\/avatar\\\/1ca8c218432e7045e748610eb3db0259.jpg?ver=1777161142\",\"url\":\"https:\\\/\\\/folhadoleste.com.br\\\/wp-content\\\/litespeed\\\/avatar\\\/1ca8c218432e7045e748610eb3db0259.jpg?ver=1777161142\",\"contentUrl\":\"https:\\\/\\\/folhadoleste.com.br\\\/wp-content\\\/litespeed\\\/avatar\\\/1ca8c218432e7045e748610eb3db0259.jpg?ver=1777161142\",\"caption\":\"Folha do Leste\"},\"url\":\"https:\\\/\\\/folhadoleste.com.br\\\/en\\\/author\\\/reportagem-01\\\/\"}]}<\/script>\n<!-- \/ Yoast SEO plugin. -->","yoast_head_json":{"title":"Pedro do Flamengo vai passar por cirurgia no joelho &#8226; Folha do Leste","description":"Pedro do Flamengo vai passar por cirurgia no joelho. O jogador sofreu uma les\u00e3o no joelho direito; Saiba mais...","robots":{"index":"index","follow":"follow","max-snippet":"max-snippet:-1","max-image-preview":"max-image-preview:large","max-video-preview":"max-video-preview:-1"},"canonical":"https:\/\/folhadoleste.com.br\/en\/pedro-do-flamengo-vai-passar-por-cirurgia-no-joelho\/","og_locale":"en_US","og_type":"article","og_title":"Pedro do Flamengo vai passar por cirurgia no joelho &#8226; Folha do Leste","og_description":"Futebol &#8226; 11 de September de 2024 &#8226; Folha do Leste","og_url":"https:\/\/folhadoleste.com.br\/en\/pedro-do-flamengo-vai-passar-por-cirurgia-no-joelho\/","og_site_name":"Folha do Leste","article_publisher":"https:\/\/www.facebook.com\/folhadoleste","article_published_time":"2024-09-11T22:14:54+00:00","og_image":[{"width":1200,"height":750,"url":"https:\/\/folhadoleste.com.br\/wp-content\/uploads\/2024\/09\/Pedro-do-Flamengo-vai-passar-por-cirurgia-no-joelho-Foto-Gilvan-de-Souza-Flamengo.webp","type":"image\/webp"}],"author":"Folha do Leste","twitter_card":"summary_large_image","twitter_description":"Futebol &#8226; 11 de September de 2024 &#8226; Folha do Leste","twitter_creator":"@FolhadoLesteRJ","twitter_site":"@FolhadoLesteRJ","twitter_misc":{"Written by":"Folha do Leste","Est. reading time":"4 minutes"},"schema":{"@context":"https:\/\/schema.org","@graph":[{"@type":"NewsArticle","@id":"https:\/\/folhadoleste.com.br\/pedro-do-flamengo-vai-passar-por-cirurgia-no-joelho\/#article","isPartOf":{"@id":"https:\/\/folhadoleste.com.br\/pedro-do-flamengo-vai-passar-por-cirurgia-no-joelho\/"},"author":{"name":"Folha do Leste","@id":"https:\/\/folhadoleste.com.br\/#\/schema\/person\/3e97145b2e1861276e84471aa85a3899"},"headline":"Pedro do Flamengo vai passar por cirurgia no joelho","datePublished":"2024-09-11T22:14:54+00:00","mainEntityOfPage":{"@id":"https:\/\/folhadoleste.com.br\/pedro-do-flamengo-vai-passar-por-cirurgia-no-joelho\/"},"wordCount":484,"commentCount":0,"publisher":{"@id":"https:\/\/folhadoleste.com.br\/#organization"},"image":{"@id":"https:\/\/folhadoleste.com.br\/pedro-do-flamengo-vai-passar-por-cirurgia-no-joelho\/#primaryimage"},"thumbnailUrl":"https:\/\/folhadoleste.com.br\/wp-content\/uploads\/2024\/09\/Pedro-do-Flamengo-vai-passar-por-cirurgia-no-joelho-Foto-Gilvan-de-Souza-Flamengo.webp","keywords":["atleta","cirurgia","cirurgia de Pedro Copa Star","cirurgia no joelho Flamengo","Copa Star","Esporte","Esportes","Flamengo","Flamengo cirurgia Copa Star","Flamengo cirurgia de Pedro","Flamengo les\u00e3o de Pedro","Flamengo recupera\u00e7\u00e3o recupera\u00e7\u00e3o Pedro","futebol","Hospital","Joelho","joelho de Pedro","les\u00e3o","les\u00e3o de Pedro sele\u00e7\u00e3o","les\u00e3o joelho Pedro","ligamento cruzado anterior","ligamento cruzado de Pedro","Luiz Ant\u00f4nio Vieira","Luiz Ant\u00f4nio Vieira cirurgia","Not\u00edcia","Pedro","Pedro afastado dos gramados","Pedro cirurgia Flamengo","procedimento","recupera\u00e7\u00e3o","recupera\u00e7\u00e3o de Pedro Flamengo","sa\u00fade","Sele\u00e7\u00e3o","sele\u00e7\u00e3o brasileira","Sexta-feira","tempo de recupera\u00e7\u00e3o de Pedro","\u00daltima Hora"],"articleSection":["Esportes","Futebol"],"inLanguage":"en-US","potentialAction":[{"@type":"CommentAction","name":"Comment","target":["https:\/\/folhadoleste.com.br\/pedro-do-flamengo-vai-passar-por-cirurgia-no-joelho\/#respond"]}]},{"@type":"WebPage","@id":"https:\/\/folhadoleste.com.br\/pedro-do-flamengo-vai-passar-por-cirurgia-no-joelho\/","url":"https:\/\/folhadoleste.com.br\/pedro-do-flamengo-vai-passar-por-cirurgia-no-joelho\/","name":"Pedro do Flamengo vai passar por cirurgia no joelho &#8226; Folha do Leste","isPartOf":{"@id":"https:\/\/folhadoleste.com.br\/#website"},"primaryImageOfPage":{"@id":"https:\/\/folhadoleste.com.br\/pedro-do-flamengo-vai-passar-por-cirurgia-no-joelho\/#primaryimage"},"image":{"@id":"https:\/\/folhadoleste.com.br\/pedro-do-flamengo-vai-passar-por-cirurgia-no-joelho\/#primaryimage"},"thumbnailUrl":"https:\/\/folhadoleste.com.br\/wp-content\/uploads\/2024\/09\/Pedro-do-Flamengo-vai-passar-por-cirurgia-no-joelho-Foto-Gilvan-de-Souza-Flamengo.webp","datePublished":"2024-09-11T22:14:54+00:00","description":"Pedro do Flamengo vai passar por cirurgia no joelho. O jogador sofreu uma les\u00e3o no joelho direito; Saiba mais...","breadcrumb":{"@id":"https:\/\/folhadoleste.com.br\/pedro-do-flamengo-vai-passar-por-cirurgia-no-joelho\/#breadcrumb"},"inLanguage":"en-US","potentialAction":[{"@type":"ReadAction","target":["https:\/\/folhadoleste.com.br\/pedro-do-flamengo-vai-passar-por-cirurgia-no-joelho\/"]}]},{"@type":"ImageObject","inLanguage":"en-US","@id":"https:\/\/folhadoleste.com.br\/pedro-do-flamengo-vai-passar-por-cirurgia-no-joelho\/#primaryimage","url":"https:\/\/folhadoleste.com.br\/wp-content\/uploads\/2024\/09\/Pedro-do-Flamengo-vai-passar-por-cirurgia-no-joelho-Foto-Gilvan-de-Souza-Flamengo.webp","contentUrl":"https:\/\/folhadoleste.com.br\/wp-content\/uploads\/2024\/09\/Pedro-do-Flamengo-vai-passar-por-cirurgia-no-joelho-Foto-Gilvan-de-Souza-Flamengo.webp","width":1200,"height":750,"caption":"Pedro fala sobre a derrota do Flamengo em retorno aos gramados | Gilvan de Souza\/Flamengo"},{"@type":"BreadcrumbList","@id":"https:\/\/folhadoleste.com.br\/pedro-do-flamengo-vai-passar-por-cirurgia-no-joelho\/#breadcrumb","itemListElement":[{"@type":"ListItem","position":1,"name":"In\u00edcio","item":"https:\/\/folhadoleste.com.br\/"},{"@type":"ListItem","position":2,"name":"Esportes","item":"https:\/\/folhadoleste.com.br\/category\/esportes\/"},{"@type":"ListItem","position":3,"name":"Futebol","item":"https:\/\/folhadoleste.com.br\/category\/esportes\/futebol-esportes\/"},{"@type":"ListItem","position":4,"name":"Pedro do Flamengo vai passar por cirurgia no joelho"}]},{"@type":"WebSite","@id":"https:\/\/folhadoleste.com.br\/#website","url":"https:\/\/folhadoleste.com.br\/","name":"Folha do Leste","description":"Portal de Not\u00edcias com \u00eanfase em Niter\u00f3i, criando conte\u00fados desde a capital Rio de Janeiro, com olhar para o Leste Fluminense e suas cidades como S\u00e3o Gon\u00e7alo, Itabora\u00ed, Rio Bonito, Maric\u00e1, Saquarema e Araruama","publisher":{"@id":"https:\/\/folhadoleste.com.br\/#organization"},"alternateName":"FL","potentialAction":[{"@type":"SearchAction","target":{"@type":"EntryPoint","urlTemplate":"https:\/\/folhadoleste.com.br\/?s={search_term_string}"},"query-input":{"@type":"PropertyValueSpecification","valueRequired":true,"valueName":"search_term_string"}}],"inLanguage":"en-US"},{"@type":"Organization","@id":"https:\/\/folhadoleste.com.br\/#organization","name":"Brasil 21 Comunica\u00e7\u00e3o","alternateName":"BR21","url":"https:\/\/folhadoleste.com.br\/","logo":{"@type":"ImageObject","inLanguage":"en-US","@id":"https:\/\/folhadoleste.com.br\/#\/schema\/logo\/image\/","url":"https:\/\/folhadoleste.com.br\/wp-content\/uploads\/2025\/12\/brasil-21-logomarca.avif","contentUrl":"https:\/\/folhadoleste.com.br\/wp-content\/uploads\/2025\/12\/brasil-21-logomarca.avif","width":1044,"height":1044,"caption":"Brasil 21 Comunica\u00e7\u00e3o"},"image":{"@id":"https:\/\/folhadoleste.com.br\/#\/schema\/logo\/image\/"},"sameAs":["https:\/\/www.facebook.com\/folhadoleste","https:\/\/x.com\/FolhadoLesteRJ","https:\/\/www.instagram.com\/folhadoleste\/"]},{"@type":"Person","@id":"https:\/\/folhadoleste.com.br\/#\/schema\/person\/3e97145b2e1861276e84471aa85a3899","name":"Folha do Leste","image":{"@type":"ImageObject","inLanguage":"en-US","@id":"https:\/\/folhadoleste.com.br\/wp-content\/litespeed\/avatar\/1ca8c218432e7045e748610eb3db0259.jpg?ver=1777161142","url":"https:\/\/folhadoleste.com.br\/wp-content\/litespeed\/avatar\/1ca8c218432e7045e748610eb3db0259.jpg?ver=1777161142","contentUrl":"https:\/\/folhadoleste.com.br\/wp-content\/litespeed\/avatar\/1ca8c218432e7045e748610eb3db0259.jpg?ver=1777161142","caption":"Folha do Leste"},"url":"https:\/\/folhadoleste.com.br\/en\/author\/reportagem-01\/"}]}},"_links":{"self":[{"href":"https:\/\/folhadoleste.com.br\/en\/wp-json\/wp\/v2\/posts\/83714","targetHints":{"allow":["GET"]}}],"collection":[{"href":"https:\/\/folhadoleste.com.br\/en\/wp-json\/wp\/v2\/posts"}],"about":[{"href":"https:\/\/folhadoleste.com.br\/en\/wp-json\/wp\/v2\/types\/post"}],"author":[{"embeddable":true,"href":"https:\/\/folhadoleste.com.br\/en\/wp-json\/wp\/v2\/users\/4"}],"replies":[{"embeddable":true,"href":"https:\/\/folhadoleste.com.br\/en\/wp-json\/wp\/v2\/comments?post=83714"}],"version-history":[{"count":1,"href":"https:\/\/folhadoleste.com.br\/en\/wp-json\/wp\/v2\/posts\/83714\/revisions"}],"predecessor-version":[{"id":83720,"href":"https:\/\/folhadoleste.com.br\/en\/wp-json\/wp\/v2\/posts\/83714\/revisions\/83720"}],"wp:featuredmedia":[{"embeddable":true,"href":"https:\/\/folhadoleste.com.br\/en\/wp-json\/wp\/v2\/media\/83719"}],"wp:attachment":[{"href":"https:\/\/folhadoleste.com.br\/en\/wp-json\/wp\/v2\/media?parent=83714"}],"wp:term":[{"taxonomy":"category","embeddable":true,"href":"https:\/\/folhadoleste.com.br\/en\/wp-json\/wp\/v2\/categories?post=83714"},{"taxonomy":"post_tag","embeddable":true,"href":"https:\/\/folhadoleste.com.br\/en\/wp-json\/wp\/v2\/tags?post=83714"}],"curies":[{"name":"wp","href":"https:\/\/api.w.org\/{rel}","templated":true}]}}