{"id":83614,"date":"2024-09-11T12:16:46","date_gmt":"2024-09-11T15:16:46","guid":{"rendered":"https:\/\/folhadoleste.com.br\/?p=83614"},"modified":"2024-09-11T12:16:46","modified_gmt":"2024-09-11T15:16:46","slug":"briga-de-bar-deixa-idoso-baleado-em-marica","status":"publish","type":"post","link":"https:\/\/folhadoleste.com.br\/en\/briga-de-bar-deixa-idoso-baleado-em-marica\/","title":{"rendered":"Briga de bar deixa idoso baleado em Maric\u00e1"},"content":{"rendered":"<div id=\"attachment_39030\" style=\"width: 1210px\" class=\"wp-caption aligncenter\"><img decoding=\"async\" aria-describedby=\"caption-attachment-39030\" class=\"size-full wp-image-39030\" src=\"https:\/\/folhadoleste.com.br\/wp-content\/uploads\/2023\/12\/Marica-celebra-87-anos-do-Hospital-Conde-Modesto-Leal-Foto-Divulgacao.webp\" alt=\"Briga de bar deixa idoso baleado em Maric\u00e1\" width=\"1200\" height=\"750\" \/><p id=\"caption-attachment-39030\" class=\"wp-caption-text\">Briga de bar deixa idoso baleado em Maric\u00e1 | Divulga\u00e7\u00e3o<\/p><\/div>\n<p style=\"text-align: justify;\"><span>Um homem de 77 anos foi atingido por balas perdidas ap\u00f3s uma discuss\u00e3o em um bar no bairro da Divin\u00e9ia. O incidente aconteceu no fim da tarde do \u00faltimo domingo (08). <\/span><\/p>\n<p style=\"text-align: justify;\"><span>Durante o conflito, um dos homens envolvidos sacou uma arma e disparou. As balas perdidas atingiram o senhor H\u00e9lio Coutinho, que n\u00e3o tinha liga\u00e7\u00e3o com a confus\u00e3o.<\/span><\/p>\n<h6><span style=\"color: #ff0000;\"><strong>+<\/strong><\/span> <span style=\"color: #000000;\">LEIA TAMB\u00c9M: \u25ba<\/span><a href=\"https:\/\/folhadoleste.com.br\/en\/marica-promove-acao-de-adocao-de-animais-resgatados\/\"><strong>Maric\u00e1 promove a\u00e7\u00e3o de ado\u00e7\u00e3o de animais resgatados<\/strong><\/a><\/h6>\n<p style=\"text-align: justify;\"><span>O desentendimento entre os dois homens come\u00e7ou de forma verbal, mas logo escalou para uma troca de agress\u00f5es. A discuss\u00e3o se intensificou quando um dos indiv\u00edduos acusou o outro de roubo de um anel de ouro. <\/span><\/p>\n<p style=\"text-align: justify;\"><span>Em meio ao tumulto, um dos envolvidos sacou uma pistola e fez disparos dentro do estabelecimento. As balas perdidas atingiram o idoso, causando p\u00e2nico entre os demais frequentadores.<\/span><\/p>\n<h5 style=\"text-align: center;\"><span style=\"color: #000000;\"><span style=\"color: #ff0000;\"><strong>+ <\/strong><\/span><\/span><span style=\"color: #000000;\"><strong><span style=\"color: #ff9900;\">MAIS NOT\u00cdCIAS DE MARIC\u00c1?<\/span> <span style=\"color: #008080;\"><a style=\"color: #008080;\" href=\"https:\/\/folhadoleste.com.br\/en\/category\/jornal-folha-do-leste-rj\/marica\/\">CLIQUE AQUI<\/a><\/span><\/strong><\/span><\/h5>\n<p style=\"text-align: justify;\"><span>A Pol\u00edcia Militar foi acionada e chegou ao local logo ap\u00f3s os disparos. No entanto, os atiradores j\u00e1 tinham fugido. Um dos homens envolvidos na confus\u00e3o foi conduzido \u00e0 82\u00aa Delegacia de Pol\u00edcia para prestar depoimento.<\/span><\/p>\n<p style=\"text-align: justify;\"><span>Enquanto isso, o idoso ferido foi levado ao Hospital Municipal Conde Modesto Leal, onde recebeu atendimento m\u00e9dico. O quadro de sa\u00fade de H\u00e9lio Coutinho \u00e9 est\u00e1vel, e ele continua em recupera\u00e7\u00e3o.<\/span><\/p>\n<p style=\"text-align: justify;\"><span>As autoridades locais est\u00e3o investigando o caso para identificar e prender os respons\u00e1veis \u200b\u200bpelos disparos. O bar foi periciado e as testemunhas est\u00e3o sendo ouvidas para fornecer mais informa\u00e7\u00f5es sobre o incidente.<\/span><\/p>\n<div id=\"attachment_77492\" class=\"wp-caption aligncenter\">\n<p><a href=\"http:\/\/instagram.com\/folhadoleste\"><img decoding=\"async\" class=\"wp-image-77492 size-full\" src=\"https:\/\/folhadoleste.com.br\/wp-content\/uploads\/2024\/07\/Instagram-Folha-do-Leste.png\" alt=\"http:\/\/instagram.com\/folhadoleste\" width=\"400\" height=\"200\" aria-describedby=\"caption-attachment-77492\" \/><\/a><\/p>\n<p id=\"caption-attachment-77492\" class=\"wp-caption-text\">Siga o Folha do Leste no Instagram!<\/p>\n<\/div>\n<div id=\"attachment_77490\" class=\"wp-caption aligncenter\">\n<p><a href=\"http:\/\/facebook.com\/folhadoleste\"><img decoding=\"async\" class=\"size-medium wp-image-77490\" src=\"https:\/\/folhadoleste.com.br\/wp-content\/uploads\/2024\/07\/Facebook-Folha-do-Leste-10k-300x300.jpg\" alt=\"Curta e siga o Folha do Leste no Facebook!\" width=\"300\" height=\"300\" aria-describedby=\"caption-attachment-77490\" \/><\/a><\/p>\n<p id=\"caption-attachment-77490\" class=\"wp-caption-text\">Curta e siga o Folha do Leste no Facebook!<\/p>\n<\/div>","protected":false},"excerpt":{"rendered":"<p>Um homem de 77 anos foi atingido por balas perdidas ap\u00f3s uma discuss\u00e3o em um bar no bairro da Divin\u00e9ia. O incidente aconteceu no fim da tarde do \u00faltimo domingo (08). Durante o conflito, um dos homens envolvidos sacou uma arma e disparou. As balas perdidas atingiram o senhor H\u00e9lio Coutinho, que n\u00e3o tinha liga\u00e7\u00e3o com a confus\u00e3o. + LEIA TAMB\u00c9M: \u25baMaric\u00e1 promove a\u00e7\u00e3o de ado\u00e7\u00e3o de animais resgatados O desentendimento entre os dois homens come\u00e7ou de forma verbal, mas logo escalou para uma troca de agress\u00f5es. A discuss\u00e3o se intensificou quando um dos indiv\u00edduos acusou o outro de roubo [&hellip;]<\/p>\n","protected":false},"author":4,"featured_media":39030,"comment_status":"open","ping_status":"open","sticky":false,"template":"","format":"standard","meta":{"footnotes":""},"categories":[47,87],"tags":[6793,11782,10055,2362,40399,875,3343,15119,864,22492,54,56,6670,78,824,37882,33863,10996,2856,651,2454],"class_list":["post-83614","post","type-post","status-publish","format-standard","has-post-thumbnail","hentry","category-leste-fluminense","category-marica","tag-82a-dp","tag-arma-de-fogo","tag-bala-perdida","tag-crime","tag-divineia","tag-hospital","tag-idoso","tag-inseguranca","tag-investigacao","tag-lesao-corporal","tag-leste-fluminense","tag-marica","tag-moradores","tag-policia","tag-seguranca-publica","tag-seguranca-publica-em-marica","tag-socorro-medico","tag-testemunhas","tag-tiroteio","tag-violencia","tag-vitima","post--single"],"yoast_head":"<!-- This site is optimized with the Yoast SEO plugin v27.4 - https:\/\/yoast.com\/product\/yoast-seo-wordpress\/ -->\n<title>Briga de bar deixa idoso baleado em Maric\u00e1 &#8226; Folha do Leste<\/title>\n<meta name=\"description\" content=\"Briga de bar deixa idoso baleado em Maric\u00e1. A discuss\u00e3o teria sido iniciada a partir de uma acusa\u00e7\u00e3o de roubo; Saiba mais...\" \/>\n<meta name=\"robots\" content=\"index, follow, max-snippet:-1, max-image-preview:large, max-video-preview:-1\" \/>\n<link rel=\"canonical\" href=\"https:\/\/folhadoleste.com.br\/en\/briga-de-bar-deixa-idoso-baleado-em-marica\/\" \/>\n<meta property=\"og:locale\" content=\"en_US\" \/>\n<meta property=\"og:type\" content=\"article\" \/>\n<meta property=\"og:title\" content=\"Briga de bar deixa idoso baleado em Maric\u00e1 &#8226; Folha do Leste\" \/>\n<meta property=\"og:description\" content=\"Maric\u00e1 &#8226; 11 de September de 2024 &#8226; Folha do Leste\" \/>\n<meta property=\"og:url\" content=\"https:\/\/folhadoleste.com.br\/en\/briga-de-bar-deixa-idoso-baleado-em-marica\/\" \/>\n<meta property=\"og:site_name\" content=\"Folha do Leste\" \/>\n<meta property=\"article:publisher\" content=\"https:\/\/www.facebook.com\/folhadoleste\" \/>\n<meta property=\"article:published_time\" content=\"2024-09-11T15:16:46+00:00\" \/>\n<meta property=\"og:image\" content=\"https:\/\/folhadoleste.com.br\/wp-content\/uploads\/2023\/12\/Marica-celebra-87-anos-do-Hospital-Conde-Modesto-Leal-Foto-Divulgacao.webp\" \/>\n\t<meta property=\"og:image:width\" content=\"1200\" \/>\n\t<meta property=\"og:image:height\" content=\"750\" \/>\n\t<meta property=\"og:image:type\" content=\"image\/webp\" \/>\n<meta name=\"author\" content=\"Folha do Leste\" \/>\n<meta name=\"twitter:card\" content=\"summary_large_image\" \/>\n<meta name=\"twitter:description\" content=\"Maric\u00e1 &#8226; 11 de September de 2024 &#8226; Folha do Leste\" \/>\n<meta name=\"twitter:creator\" content=\"@FolhadoLesteRJ\" \/>\n<meta name=\"twitter:site\" content=\"@FolhadoLesteRJ\" \/>\n<meta name=\"twitter:label1\" content=\"Written by\" \/>\n\t<meta name=\"twitter:data1\" content=\"Folha do Leste\" \/>\n\t<meta name=\"twitter:label2\" content=\"Est. reading time\" \/>\n\t<meta name=\"twitter:data2\" content=\"3 minutes\" \/>\n<script type=\"application\/ld+json\" class=\"yoast-schema-graph\">{\"@context\":\"https:\\\/\\\/schema.org\",\"@graph\":[{\"@type\":\"NewsArticle\",\"@id\":\"https:\\\/\\\/folhadoleste.com.br\\\/briga-de-bar-deixa-idoso-baleado-em-marica\\\/#article\",\"isPartOf\":{\"@id\":\"https:\\\/\\\/folhadoleste.com.br\\\/briga-de-bar-deixa-idoso-baleado-em-marica\\\/\"},\"author\":{\"name\":\"Folha do Leste\",\"@id\":\"https:\\\/\\\/folhadoleste.com.br\\\/#\\\/schema\\\/person\\\/3e97145b2e1861276e84471aa85a3899\"},\"headline\":\"Briga de bar deixa idoso baleado em Maric\u00e1\",\"datePublished\":\"2024-09-11T15:16:46+00:00\",\"mainEntityOfPage\":{\"@id\":\"https:\\\/\\\/folhadoleste.com.br\\\/briga-de-bar-deixa-idoso-baleado-em-marica\\\/\"},\"wordCount\":302,\"commentCount\":0,\"publisher\":{\"@id\":\"https:\\\/\\\/folhadoleste.com.br\\\/#organization\"},\"image\":{\"@id\":\"https:\\\/\\\/folhadoleste.com.br\\\/briga-de-bar-deixa-idoso-baleado-em-marica\\\/#primaryimage\"},\"thumbnailUrl\":\"https:\\\/\\\/folhadoleste.com.br\\\/wp-content\\\/uploads\\\/2023\\\/12\\\/Marica-celebra-87-anos-do-Hospital-Conde-Modesto-Leal-Foto-Divulgacao.webp\",\"keywords\":[\"82\u00aa DP\",\"arma de fogo\",\"bala perdida\",\"crime\",\"Divin\u00e9ia\",\"Hospital\",\"idoso\",\"Inseguran\u00e7a\",\"Investiga\u00e7\u00e3o\",\"Les\u00e3o Corporal\",\"Leste Fluminense\",\"Maric\u00e1\",\"moradores\",\"pol\u00edcia\",\"Seguran\u00e7a publica\",\"seguran\u00e7a p\u00fablica em Maric\u00e1\",\"socorro m\u00e9dico\",\"testemunhas\",\"tiroteio\",\"viol\u00eancia\",\"v\u00edtima\"],\"articleSection\":[\"Leste Fluminense\",\"Maric\u00e1\"],\"inLanguage\":\"en-US\",\"potentialAction\":[{\"@type\":\"CommentAction\",\"name\":\"Comment\",\"target\":[\"https:\\\/\\\/folhadoleste.com.br\\\/briga-de-bar-deixa-idoso-baleado-em-marica\\\/#respond\"]}]},{\"@type\":\"WebPage\",\"@id\":\"https:\\\/\\\/folhadoleste.com.br\\\/briga-de-bar-deixa-idoso-baleado-em-marica\\\/\",\"url\":\"https:\\\/\\\/folhadoleste.com.br\\\/briga-de-bar-deixa-idoso-baleado-em-marica\\\/\",\"name\":\"Briga de bar deixa idoso baleado em Maric\u00e1 &#8226; Folha do Leste\",\"isPartOf\":{\"@id\":\"https:\\\/\\\/folhadoleste.com.br\\\/#website\"},\"primaryImageOfPage\":{\"@id\":\"https:\\\/\\\/folhadoleste.com.br\\\/briga-de-bar-deixa-idoso-baleado-em-marica\\\/#primaryimage\"},\"image\":{\"@id\":\"https:\\\/\\\/folhadoleste.com.br\\\/briga-de-bar-deixa-idoso-baleado-em-marica\\\/#primaryimage\"},\"thumbnailUrl\":\"https:\\\/\\\/folhadoleste.com.br\\\/wp-content\\\/uploads\\\/2023\\\/12\\\/Marica-celebra-87-anos-do-Hospital-Conde-Modesto-Leal-Foto-Divulgacao.webp\",\"datePublished\":\"2024-09-11T15:16:46+00:00\",\"description\":\"Briga de bar deixa idoso baleado em Maric\u00e1. A discuss\u00e3o teria sido iniciada a partir de uma acusa\u00e7\u00e3o de roubo; Saiba mais...\",\"breadcrumb\":{\"@id\":\"https:\\\/\\\/folhadoleste.com.br\\\/briga-de-bar-deixa-idoso-baleado-em-marica\\\/#breadcrumb\"},\"inLanguage\":\"en-US\",\"potentialAction\":[{\"@type\":\"ReadAction\",\"target\":[\"https:\\\/\\\/folhadoleste.com.br\\\/briga-de-bar-deixa-idoso-baleado-em-marica\\\/\"]}]},{\"@type\":\"ImageObject\",\"inLanguage\":\"en-US\",\"@id\":\"https:\\\/\\\/folhadoleste.com.br\\\/briga-de-bar-deixa-idoso-baleado-em-marica\\\/#primaryimage\",\"url\":\"https:\\\/\\\/folhadoleste.com.br\\\/wp-content\\\/uploads\\\/2023\\\/12\\\/Marica-celebra-87-anos-do-Hospital-Conde-Modesto-Leal-Foto-Divulgacao.webp\",\"contentUrl\":\"https:\\\/\\\/folhadoleste.com.br\\\/wp-content\\\/uploads\\\/2023\\\/12\\\/Marica-celebra-87-anos-do-Hospital-Conde-Modesto-Leal-Foto-Divulgacao.webp\",\"width\":1200,\"height\":750,\"caption\":\"Homem come 'p\u00e3o afiado' e vai parar no hospital em Maric\u00e1 | Divulga\u00e7\u00e3o\"},{\"@type\":\"BreadcrumbList\",\"@id\":\"https:\\\/\\\/folhadoleste.com.br\\\/briga-de-bar-deixa-idoso-baleado-em-marica\\\/#breadcrumb\",\"itemListElement\":[{\"@type\":\"ListItem\",\"position\":1,\"name\":\"In\u00edcio\",\"item\":\"https:\\\/\\\/folhadoleste.com.br\\\/\"},{\"@type\":\"ListItem\",\"position\":2,\"name\":\"Estado do Rio de Janeiro\",\"item\":\"https:\\\/\\\/folhadoleste.com.br\\\/category\\\/estado-do-rio-de-janeiro\\\/\"},{\"@type\":\"ListItem\",\"position\":3,\"name\":\"Leste Fluminense\",\"item\":\"https:\\\/\\\/folhadoleste.com.br\\\/category\\\/estado-do-rio-de-janeiro\\\/leste-fluminense\\\/\"},{\"@type\":\"ListItem\",\"position\":4,\"name\":\"Maric\u00e1\",\"item\":\"https:\\\/\\\/folhadoleste.com.br\\\/category\\\/estado-do-rio-de-janeiro\\\/leste-fluminense\\\/marica\\\/\"},{\"@type\":\"ListItem\",\"position\":5,\"name\":\"Briga de bar deixa idoso baleado em Maric\u00e1\"}]},{\"@type\":\"WebSite\",\"@id\":\"https:\\\/\\\/folhadoleste.com.br\\\/#website\",\"url\":\"https:\\\/\\\/folhadoleste.com.br\\\/\",\"name\":\"Folha do Leste\",\"description\":\"Portal de Not\u00edcias com \u00eanfase em Niter\u00f3i, criando conte\u00fados desde a capital Rio de Janeiro, com olhar para o Leste Fluminense e suas cidades como S\u00e3o Gon\u00e7alo, Itabora\u00ed, Rio Bonito, Maric\u00e1, Saquarema e Araruama\",\"publisher\":{\"@id\":\"https:\\\/\\\/folhadoleste.com.br\\\/#organization\"},\"alternateName\":\"FL\",\"potentialAction\":[{\"@type\":\"SearchAction\",\"target\":{\"@type\":\"EntryPoint\",\"urlTemplate\":\"https:\\\/\\\/folhadoleste.com.br\\\/?s={search_term_string}\"},\"query-input\":{\"@type\":\"PropertyValueSpecification\",\"valueRequired\":true,\"valueName\":\"search_term_string\"}}],\"inLanguage\":\"en-US\"},{\"@type\":\"Organization\",\"@id\":\"https:\\\/\\\/folhadoleste.com.br\\\/#organization\",\"name\":\"Brasil 21 Comunica\u00e7\u00e3o\",\"alternateName\":\"BR21\",\"url\":\"https:\\\/\\\/folhadoleste.com.br\\\/\",\"logo\":{\"@type\":\"ImageObject\",\"inLanguage\":\"en-US\",\"@id\":\"https:\\\/\\\/folhadoleste.com.br\\\/#\\\/schema\\\/logo\\\/image\\\/\",\"url\":\"https:\\\/\\\/folhadoleste.com.br\\\/wp-content\\\/uploads\\\/2025\\\/12\\\/brasil-21-logomarca.avif\",\"contentUrl\":\"https:\\\/\\\/folhadoleste.com.br\\\/wp-content\\\/uploads\\\/2025\\\/12\\\/brasil-21-logomarca.avif\",\"width\":1044,\"height\":1044,\"caption\":\"Brasil 21 Comunica\u00e7\u00e3o\"},\"image\":{\"@id\":\"https:\\\/\\\/folhadoleste.com.br\\\/#\\\/schema\\\/logo\\\/image\\\/\"},\"sameAs\":[\"https:\\\/\\\/www.facebook.com\\\/folhadoleste\",\"https:\\\/\\\/x.com\\\/FolhadoLesteRJ\",\"https:\\\/\\\/www.instagram.com\\\/folhadoleste\\\/\"]},{\"@type\":\"Person\",\"@id\":\"https:\\\/\\\/folhadoleste.com.br\\\/#\\\/schema\\\/person\\\/3e97145b2e1861276e84471aa85a3899\",\"name\":\"Folha do Leste\",\"image\":{\"@type\":\"ImageObject\",\"inLanguage\":\"en-US\",\"@id\":\"https:\\\/\\\/folhadoleste.com.br\\\/wp-content\\\/litespeed\\\/avatar\\\/1ca8c218432e7045e748610eb3db0259.jpg?ver=1777161142\",\"url\":\"https:\\\/\\\/folhadoleste.com.br\\\/wp-content\\\/litespeed\\\/avatar\\\/1ca8c218432e7045e748610eb3db0259.jpg?ver=1777161142\",\"contentUrl\":\"https:\\\/\\\/folhadoleste.com.br\\\/wp-content\\\/litespeed\\\/avatar\\\/1ca8c218432e7045e748610eb3db0259.jpg?ver=1777161142\",\"caption\":\"Folha do Leste\"},\"url\":\"https:\\\/\\\/folhadoleste.com.br\\\/en\\\/author\\\/reportagem-01\\\/\"}]}<\/script>\n<!-- \/ Yoast SEO plugin. -->","yoast_head_json":{"title":"Briga de bar deixa idoso baleado em Maric\u00e1 &#8226; Folha do Leste","description":"Briga de bar deixa idoso baleado em Maric\u00e1. A discuss\u00e3o teria sido iniciada a partir de uma acusa\u00e7\u00e3o de roubo; Saiba mais...","robots":{"index":"index","follow":"follow","max-snippet":"max-snippet:-1","max-image-preview":"max-image-preview:large","max-video-preview":"max-video-preview:-1"},"canonical":"https:\/\/folhadoleste.com.br\/en\/briga-de-bar-deixa-idoso-baleado-em-marica\/","og_locale":"en_US","og_type":"article","og_title":"Briga de bar deixa idoso baleado em Maric\u00e1 &#8226; Folha do Leste","og_description":"Maric\u00e1 &#8226; 11 de September de 2024 &#8226; Folha do Leste","og_url":"https:\/\/folhadoleste.com.br\/en\/briga-de-bar-deixa-idoso-baleado-em-marica\/","og_site_name":"Folha do Leste","article_publisher":"https:\/\/www.facebook.com\/folhadoleste","article_published_time":"2024-09-11T15:16:46+00:00","og_image":[{"width":1200,"height":750,"url":"https:\/\/folhadoleste.com.br\/wp-content\/uploads\/2023\/12\/Marica-celebra-87-anos-do-Hospital-Conde-Modesto-Leal-Foto-Divulgacao.webp","type":"image\/webp"}],"author":"Folha do Leste","twitter_card":"summary_large_image","twitter_description":"Maric\u00e1 &#8226; 11 de September de 2024 &#8226; Folha do Leste","twitter_creator":"@FolhadoLesteRJ","twitter_site":"@FolhadoLesteRJ","twitter_misc":{"Written by":"Folha do Leste","Est. reading time":"3 minutes"},"schema":{"@context":"https:\/\/schema.org","@graph":[{"@type":"NewsArticle","@id":"https:\/\/folhadoleste.com.br\/briga-de-bar-deixa-idoso-baleado-em-marica\/#article","isPartOf":{"@id":"https:\/\/folhadoleste.com.br\/briga-de-bar-deixa-idoso-baleado-em-marica\/"},"author":{"name":"Folha do Leste","@id":"https:\/\/folhadoleste.com.br\/#\/schema\/person\/3e97145b2e1861276e84471aa85a3899"},"headline":"Briga de bar deixa idoso baleado em Maric\u00e1","datePublished":"2024-09-11T15:16:46+00:00","mainEntityOfPage":{"@id":"https:\/\/folhadoleste.com.br\/briga-de-bar-deixa-idoso-baleado-em-marica\/"},"wordCount":302,"commentCount":0,"publisher":{"@id":"https:\/\/folhadoleste.com.br\/#organization"},"image":{"@id":"https:\/\/folhadoleste.com.br\/briga-de-bar-deixa-idoso-baleado-em-marica\/#primaryimage"},"thumbnailUrl":"https:\/\/folhadoleste.com.br\/wp-content\/uploads\/2023\/12\/Marica-celebra-87-anos-do-Hospital-Conde-Modesto-Leal-Foto-Divulgacao.webp","keywords":["82\u00aa DP","arma de fogo","bala perdida","crime","Divin\u00e9ia","Hospital","idoso","Inseguran\u00e7a","Investiga\u00e7\u00e3o","Les\u00e3o Corporal","Leste Fluminense","Maric\u00e1","moradores","pol\u00edcia","Seguran\u00e7a publica","seguran\u00e7a p\u00fablica em Maric\u00e1","socorro m\u00e9dico","testemunhas","tiroteio","viol\u00eancia","v\u00edtima"],"articleSection":["Leste Fluminense","Maric\u00e1"],"inLanguage":"en-US","potentialAction":[{"@type":"CommentAction","name":"Comment","target":["https:\/\/folhadoleste.com.br\/briga-de-bar-deixa-idoso-baleado-em-marica\/#respond"]}]},{"@type":"WebPage","@id":"https:\/\/folhadoleste.com.br\/briga-de-bar-deixa-idoso-baleado-em-marica\/","url":"https:\/\/folhadoleste.com.br\/briga-de-bar-deixa-idoso-baleado-em-marica\/","name":"Briga de bar deixa idoso baleado em Maric\u00e1 &#8226; Folha do Leste","isPartOf":{"@id":"https:\/\/folhadoleste.com.br\/#website"},"primaryImageOfPage":{"@id":"https:\/\/folhadoleste.com.br\/briga-de-bar-deixa-idoso-baleado-em-marica\/#primaryimage"},"image":{"@id":"https:\/\/folhadoleste.com.br\/briga-de-bar-deixa-idoso-baleado-em-marica\/#primaryimage"},"thumbnailUrl":"https:\/\/folhadoleste.com.br\/wp-content\/uploads\/2023\/12\/Marica-celebra-87-anos-do-Hospital-Conde-Modesto-Leal-Foto-Divulgacao.webp","datePublished":"2024-09-11T15:16:46+00:00","description":"Briga de bar deixa idoso baleado em Maric\u00e1. A discuss\u00e3o teria sido iniciada a partir de uma acusa\u00e7\u00e3o de roubo; Saiba mais...","breadcrumb":{"@id":"https:\/\/folhadoleste.com.br\/briga-de-bar-deixa-idoso-baleado-em-marica\/#breadcrumb"},"inLanguage":"en-US","potentialAction":[{"@type":"ReadAction","target":["https:\/\/folhadoleste.com.br\/briga-de-bar-deixa-idoso-baleado-em-marica\/"]}]},{"@type":"ImageObject","inLanguage":"en-US","@id":"https:\/\/folhadoleste.com.br\/briga-de-bar-deixa-idoso-baleado-em-marica\/#primaryimage","url":"https:\/\/folhadoleste.com.br\/wp-content\/uploads\/2023\/12\/Marica-celebra-87-anos-do-Hospital-Conde-Modesto-Leal-Foto-Divulgacao.webp","contentUrl":"https:\/\/folhadoleste.com.br\/wp-content\/uploads\/2023\/12\/Marica-celebra-87-anos-do-Hospital-Conde-Modesto-Leal-Foto-Divulgacao.webp","width":1200,"height":750,"caption":"Homem come 'p\u00e3o afiado' e vai parar no hospital em Maric\u00e1 | Divulga\u00e7\u00e3o"},{"@type":"BreadcrumbList","@id":"https:\/\/folhadoleste.com.br\/briga-de-bar-deixa-idoso-baleado-em-marica\/#breadcrumb","itemListElement":[{"@type":"ListItem","position":1,"name":"In\u00edcio","item":"https:\/\/folhadoleste.com.br\/"},{"@type":"ListItem","position":2,"name":"Estado do Rio de Janeiro","item":"https:\/\/folhadoleste.com.br\/category\/estado-do-rio-de-janeiro\/"},{"@type":"ListItem","position":3,"name":"Leste Fluminense","item":"https:\/\/folhadoleste.com.br\/category\/estado-do-rio-de-janeiro\/leste-fluminense\/"},{"@type":"ListItem","position":4,"name":"Maric\u00e1","item":"https:\/\/folhadoleste.com.br\/category\/estado-do-rio-de-janeiro\/leste-fluminense\/marica\/"},{"@type":"ListItem","position":5,"name":"Briga de bar deixa idoso baleado em Maric\u00e1"}]},{"@type":"WebSite","@id":"https:\/\/folhadoleste.com.br\/#website","url":"https:\/\/folhadoleste.com.br\/","name":"Folha do Leste","description":"Portal de Not\u00edcias com \u00eanfase em Niter\u00f3i, criando conte\u00fados desde a capital Rio de Janeiro, com olhar para o Leste Fluminense e suas cidades como S\u00e3o Gon\u00e7alo, Itabora\u00ed, Rio Bonito, Maric\u00e1, Saquarema e Araruama","publisher":{"@id":"https:\/\/folhadoleste.com.br\/#organization"},"alternateName":"FL","potentialAction":[{"@type":"SearchAction","target":{"@type":"EntryPoint","urlTemplate":"https:\/\/folhadoleste.com.br\/?s={search_term_string}"},"query-input":{"@type":"PropertyValueSpecification","valueRequired":true,"valueName":"search_term_string"}}],"inLanguage":"en-US"},{"@type":"Organization","@id":"https:\/\/folhadoleste.com.br\/#organization","name":"Brasil 21 Comunica\u00e7\u00e3o","alternateName":"BR21","url":"https:\/\/folhadoleste.com.br\/","logo":{"@type":"ImageObject","inLanguage":"en-US","@id":"https:\/\/folhadoleste.com.br\/#\/schema\/logo\/image\/","url":"https:\/\/folhadoleste.com.br\/wp-content\/uploads\/2025\/12\/brasil-21-logomarca.avif","contentUrl":"https:\/\/folhadoleste.com.br\/wp-content\/uploads\/2025\/12\/brasil-21-logomarca.avif","width":1044,"height":1044,"caption":"Brasil 21 Comunica\u00e7\u00e3o"},"image":{"@id":"https:\/\/folhadoleste.com.br\/#\/schema\/logo\/image\/"},"sameAs":["https:\/\/www.facebook.com\/folhadoleste","https:\/\/x.com\/FolhadoLesteRJ","https:\/\/www.instagram.com\/folhadoleste\/"]},{"@type":"Person","@id":"https:\/\/folhadoleste.com.br\/#\/schema\/person\/3e97145b2e1861276e84471aa85a3899","name":"Folha do Leste","image":{"@type":"ImageObject","inLanguage":"en-US","@id":"https:\/\/folhadoleste.com.br\/wp-content\/litespeed\/avatar\/1ca8c218432e7045e748610eb3db0259.jpg?ver=1777161142","url":"https:\/\/folhadoleste.com.br\/wp-content\/litespeed\/avatar\/1ca8c218432e7045e748610eb3db0259.jpg?ver=1777161142","contentUrl":"https:\/\/folhadoleste.com.br\/wp-content\/litespeed\/avatar\/1ca8c218432e7045e748610eb3db0259.jpg?ver=1777161142","caption":"Folha do Leste"},"url":"https:\/\/folhadoleste.com.br\/en\/author\/reportagem-01\/"}]}},"_links":{"self":[{"href":"https:\/\/folhadoleste.com.br\/en\/wp-json\/wp\/v2\/posts\/83614","targetHints":{"allow":["GET"]}}],"collection":[{"href":"https:\/\/folhadoleste.com.br\/en\/wp-json\/wp\/v2\/posts"}],"about":[{"href":"https:\/\/folhadoleste.com.br\/en\/wp-json\/wp\/v2\/types\/post"}],"author":[{"embeddable":true,"href":"https:\/\/folhadoleste.com.br\/en\/wp-json\/wp\/v2\/users\/4"}],"replies":[{"embeddable":true,"href":"https:\/\/folhadoleste.com.br\/en\/wp-json\/wp\/v2\/comments?post=83614"}],"version-history":[{"count":1,"href":"https:\/\/folhadoleste.com.br\/en\/wp-json\/wp\/v2\/posts\/83614\/revisions"}],"predecessor-version":[{"id":83621,"href":"https:\/\/folhadoleste.com.br\/en\/wp-json\/wp\/v2\/posts\/83614\/revisions\/83621"}],"wp:featuredmedia":[{"embeddable":true,"href":"https:\/\/folhadoleste.com.br\/en\/wp-json\/wp\/v2\/media\/39030"}],"wp:attachment":[{"href":"https:\/\/folhadoleste.com.br\/en\/wp-json\/wp\/v2\/media?parent=83614"}],"wp:term":[{"taxonomy":"category","embeddable":true,"href":"https:\/\/folhadoleste.com.br\/en\/wp-json\/wp\/v2\/categories?post=83614"},{"taxonomy":"post_tag","embeddable":true,"href":"https:\/\/folhadoleste.com.br\/en\/wp-json\/wp\/v2\/tags?post=83614"}],"curies":[{"name":"wp","href":"https:\/\/api.w.org\/{rel}","templated":true}]}}