{"id":83504,"date":"2024-09-10T13:48:02","date_gmt":"2024-09-10T16:48:02","guid":{"rendered":"https:\/\/folhadoleste.com.br\/?p=83504"},"modified":"2024-09-10T13:48:02","modified_gmt":"2024-09-10T16:48:02","slug":"incendio-hospital-dos-servidores-no-rio-video","status":"publish","type":"post","link":"https:\/\/folhadoleste.com.br\/en\/incendio-hospital-dos-servidores-no-rio-video\/","title":{"rendered":"Inc\u00eandio Hospital dos Servidores no Rio &#8211; V\u00eddeo"},"content":{"rendered":"<div id=\"attachment_83506\" style=\"width: 994px\" class=\"wp-caption aligncenter\"><img decoding=\"async\" aria-describedby=\"caption-attachment-83506\" class=\"size-full wp-image-83506\" src=\"https:\/\/folhadoleste.com.br\/wp-content\/uploads\/2024\/09\/Incendio-Hospital-dos-Servidores-no-Rio-Video-Foto-Reproducao-Redes-Sociais.jpg\" alt=\"Inc\u00eandio Hospital dos Servidores no Rio - V\u00eddeo\" width=\"984\" height=\"1312\" \/><p id=\"caption-attachment-83506\" class=\"wp-caption-text\">Inc\u00eandio Hospital dos Servidores no Rio &#8211; V\u00eddeo | Reprodu\u00e7\u00e3o\/Redes Sociais<\/p><\/div>\n<p style=\"text-align: justify;\">Um inc\u00eandio atingiu o 11\u00ba andar do Hospital dos Servidores, localizado na Sa\u00fade, regi\u00e3o central do Rio, no in\u00edcio da tarde desta ter\u00e7a-feira (10). O fogo foi rapidamente controlado, e os bombeiros realizam o trabalho de rescaldo no local.<\/p>\n<p style=\"text-align: justify;\">At\u00e9 o momento, n\u00e3o h\u00e1 informa\u00e7\u00f5es sobre feridos no incidente. As causas do inc\u00eandio ainda s\u00e3o desconhecidas, embora a suspeita recaia sobre a tubula\u00e7\u00e3o de um ar-condicionado que possa ter provocado as chamas.<\/p>\n<div style=\"width: 474px;\" class=\"wp-video\"><video class=\"wp-video-shortcode\" id=\"video-83504-1\" width=\"474\" height=\"850\" preload=\"metadata\" controls=\"controls\"><source type=\"video\/mp4\" src=\"https:\/\/folhadoleste.com.br\/wp-content\/uploads\/2024\/09\/Incendio-Hospital-dos-Servidores-no-Rio-Video.mp4?_=1\" \/><a href=\"https:\/\/folhadoleste.com.br\/wp-content\/uploads\/2024\/09\/Incendio-Hospital-dos-Servidores-no-Rio-Video.mp4\">https:\/\/folhadoleste.com.br\/wp-content\/uploads\/2024\/09\/Incendio-Hospital-dos-Servidores-no-Rio-Video.mp4<\/a><\/video><\/div>\n<p style=\"text-align: justify;\">O Corpo de Bombeiros informou que militares do Quartel Central foram acionados \u00e0s 12h46 para combater o fogo no telhado do hospital.<\/p>\n<h6><span style=\"color: #ff0000;\"><strong>+<\/strong><\/span> <span style=\"color: #000000;\">LEIA TAMB\u00c9M: \u25ba<\/span><a href=\"https:\/\/folhadoleste.com.br\/en\/onibus-atropela-e-mata-idoso-em-bonsucesso\/\"><strong>\u00d4nibus atropela e mata idoso em Bonsucesso<\/strong><\/a><\/h6>\n<p style=\"text-align: justify;\">Imagens compartilhadas nas redes sociais mostram pacientes e funcion\u00e1rios correndo pelos corredores da unidade de sa\u00fade. Alguns pacientes, temendo o pior, foram para a cal\u00e7ada em busca de seguran\u00e7a. Uma paciente relatou que foi a primeira a perceber a fuma\u00e7a e a contatar os bombeiros. Ela estava com uma beb\u00ea, aguardando transporte para casa, quando notou o inc\u00eandio.<\/p>\n<p style=\"text-align: justify;\">Outra paciente, que estava no andar do CTI e do centro cir\u00fargico, mencionou que funcion\u00e1rios disseram que uma mulher em trabalho de parto ficou visivelmente assustada.<\/p>\n<h5 style=\"text-align: center;\"><span style=\"color: #000000;\"><span style=\"color: #ff0000;\"><strong>+ <\/strong><\/span><\/span><span style=\"color: #000000;\"><span style=\"color: #ff9900;\"><strong>MAIS NOT\u00cdCIAS DO RIO DE JANEIRO?<\/strong><\/span> <span style=\"color: #008080;\"><strong><a style=\"color: #008080;\" href=\"https:\/\/folhadoleste.com.br\/en\/category\/rio-de-janeiro-capital\/\">CLIQUE AQUI<\/a><\/strong><\/span><\/span><\/h5>\n<p style=\"text-align: justify;\">A fuma\u00e7a escura gerada pelo inc\u00eandio foi vis\u00edvel de v\u00e1rios pontos da cidade. O Corpo de Bombeiros, al\u00e9m de atuar no local, conta com a brigada de inc\u00eandio do hospital. Em maio deste ano, foi divulgado que apenas 2 dos 21 hospitais p\u00fablicos do Grande Rio possuem certificado contra inc\u00eandios. O Hospital dos Servidores n\u00e3o est\u00e1 entre os aprovados pelos bombeiros.<\/p>\n<div id=\"attachment_83509\" style=\"width: 994px\" class=\"wp-caption aligncenter\"><img decoding=\"async\" aria-describedby=\"caption-attachment-83509\" class=\"size-full wp-image-83509\" src=\"https:\/\/folhadoleste.com.br\/wp-content\/uploads\/2024\/09\/Incendio-Hospital-dos-Servidores-no-Rio-Video-2-Foto-Reproducao-Redes-Sociais.jpg\" alt=\"Inc\u00eandio Hospital dos Servidores no Rio - V\u00eddeo\" width=\"984\" height=\"1312\" \/><p id=\"caption-attachment-83509\" class=\"wp-caption-text\">Inc\u00eandio Hospital dos Servidores no Rio &#8211; V\u00eddeo | Reprodu\u00e7\u00e3o\/Redes Sociais<\/p><\/div>\n<p style=\"text-align: justify;\">O Hospital dos Servidores, vinculado ao Minist\u00e9rio da Sa\u00fade, \u00e9 refer\u00eancia para atendimentos de m\u00e9dia e alta complexidade. A unidade realiza cirurgias de grande porte e oferece mais de 45 servi\u00e7os especializados, incluindo maternidade de alto risco, oncopediatria, neurocirurgia e tratamento de doen\u00e7as infectocontagiosas.<\/p>\n<div id=\"attachment_77492\" class=\"wp-caption aligncenter\">\n<p><a href=\"http:\/\/instagram.com\/folhadoleste\"><img decoding=\"async\" class=\"wp-image-77492 size-full\" src=\"https:\/\/folhadoleste.com.br\/wp-content\/uploads\/2024\/07\/Instagram-Folha-do-Leste.png\" alt=\"http:\/\/instagram.com\/folhadoleste\" width=\"400\" height=\"200\" aria-describedby=\"caption-attachment-77492\" \/><\/a><\/p>\n<p id=\"caption-attachment-77492\" class=\"wp-caption-text\">Siga o Folha do Leste no Instagram!<\/p>\n<\/div>\n<div id=\"attachment_77490\" class=\"wp-caption aligncenter\">\n<p><a href=\"http:\/\/facebook.com\/folhadoleste\"><img decoding=\"async\" class=\"size-medium wp-image-77490\" src=\"https:\/\/folhadoleste.com.br\/wp-content\/uploads\/2024\/07\/Facebook-Folha-do-Leste-10k-300x300.jpg\" alt=\"Curta e siga o Folha do Leste no Facebook!\" width=\"300\" height=\"300\" aria-describedby=\"caption-attachment-77490\" \/><\/a><\/p>\n<p id=\"caption-attachment-77490\" class=\"wp-caption-text\">Curta e siga o Folha do Leste no Facebook!<\/p>\n<\/div>","protected":false},"excerpt":{"rendered":"<p>Um inc\u00eandio atingiu o 11\u00ba andar do Hospital dos Servidores, localizado na Sa\u00fade, regi\u00e3o central do Rio, no in\u00edcio da tarde desta ter\u00e7a-feira (10). O fogo foi rapidamente controlado, e os bombeiros realizam o trabalho de rescaldo no local. At\u00e9 o momento, n\u00e3o h\u00e1 informa\u00e7\u00f5es sobre feridos no incidente. As causas do inc\u00eandio ainda s\u00e3o desconhecidas, embora a suspeita recaia sobre a tubula\u00e7\u00e3o de um ar-condicionado que possa ter provocado as chamas. O Corpo de Bombeiros informou que militares do Quartel Central foram acionados \u00e0s 12h46 para combater o fogo no telhado do hospital. + LEIA TAMB\u00c9M: \u25ba\u00d4nibus atropela e [&hellip;]<\/p>\n","protected":false},"author":4,"featured_media":83508,"comment_status":"open","ping_status":"open","sticky":false,"template":"","format":"standard","meta":{"footnotes":""},"categories":[67],"tags":[5759,38414,1779,68,30165,40288,3924,21254,1442,21435,13678,1124,40287,1778,40290,864,3082,10102,25005,40289,31496,93,40282,73,943,585,29583,11309,504,22729],"class_list":["post-83504","post","type-post","status-publish","format-standard","has-post-thumbnail","hentry","category-rio-de-janeiro-capital","tag-ar-condicionado","tag-atualidades","tag-bombeiros","tag-brasil","tag-causas-do-incendio","tag-certificacao-contra-incendios","tag-corpo-de-bombeiros","tag-danos-materiais","tag-emergencia","tag-evacuacao","tag-fumaca","tag-hospitais","tag-hospital-dos-servidores","tag-incendio","tag-incendio-no-telhado","tag-investigacao","tag-pacientes","tag-pericia","tag-prevencao-de-incendios","tag-quartel-central","tag-rescaldo","tag-rio-de-janeiro","tag-rua-dona-isabel","tag-saude","tag-saude-publica","tag-seguranca","tag-sistema-de-saude","tag-tragedia-do-ninho-do-urubu","tag-zona-norte","tag-zona-portuaria","post--single"],"yoast_head":"<!-- This site is optimized with the Yoast SEO plugin v27.4 - https:\/\/yoast.com\/product\/yoast-seo-wordpress\/ -->\n<title>Inc\u00eandio Hospital dos Servidores no Rio - V\u00eddeo &#8226; Folha do Leste<\/title>\n<meta name=\"description\" content=\"Inc\u00eandio Hospital dos Servidores no Rio - V\u00eddeo. O v\u00eddeo mostra o desespero e o tamanho da nuvem de fuma\u00e7a; Saiba mais...\" \/>\n<meta name=\"robots\" content=\"index, follow, max-snippet:-1, max-image-preview:large, max-video-preview:-1\" \/>\n<link rel=\"canonical\" href=\"https:\/\/folhadoleste.com.br\/en\/incendio-hospital-dos-servidores-no-rio-video\/\" \/>\n<meta property=\"og:locale\" content=\"en_US\" \/>\n<meta property=\"og:type\" content=\"article\" \/>\n<meta property=\"og:title\" content=\"Inc\u00eandio Hospital dos Servidores no Rio - V\u00eddeo &#8226; Folha do Leste\" \/>\n<meta property=\"og:description\" content=\"Rio de Janeiro - Capital &#8226; 10 de September de 2024 &#8226; Folha do Leste\" \/>\n<meta property=\"og:url\" content=\"https:\/\/folhadoleste.com.br\/en\/incendio-hospital-dos-servidores-no-rio-video\/\" \/>\n<meta property=\"og:site_name\" content=\"Folha do Leste\" \/>\n<meta property=\"article:publisher\" content=\"https:\/\/www.facebook.com\/folhadoleste\" \/>\n<meta property=\"article:published_time\" content=\"2024-09-10T16:48:02+00:00\" \/>\n<meta property=\"og:image\" content=\"https:\/\/folhadoleste.com.br\/wp-content\/uploads\/2024\/09\/Incendio-Hospital-dos-Servidores-no-Rio-Video-Foto-Cortada-Reproducao-Redes-Sociais-1.jpg\" \/>\n\t<meta property=\"og:image:width\" content=\"984\" \/>\n\t<meta property=\"og:image:height\" content=\"553\" \/>\n\t<meta property=\"og:image:type\" content=\"image\/jpeg\" \/>\n<meta name=\"author\" content=\"Folha do Leste\" \/>\n<meta name=\"twitter:card\" content=\"summary_large_image\" \/>\n<meta name=\"twitter:description\" content=\"Rio de Janeiro - Capital &#8226; 10 de September de 2024 &#8226; Folha do Leste\" \/>\n<meta name=\"twitter:creator\" content=\"@FolhadoLesteRJ\" \/>\n<meta name=\"twitter:site\" content=\"@FolhadoLesteRJ\" \/>\n<meta name=\"twitter:label1\" content=\"Written by\" \/>\n\t<meta name=\"twitter:data1\" content=\"Folha do Leste\" \/>\n\t<meta name=\"twitter:label2\" content=\"Est. reading time\" \/>\n\t<meta name=\"twitter:data2\" content=\"3 minutes\" \/>\n<script type=\"application\/ld+json\" class=\"yoast-schema-graph\">{\"@context\":\"https:\\\/\\\/schema.org\",\"@graph\":[{\"@type\":\"NewsArticle\",\"@id\":\"https:\\\/\\\/folhadoleste.com.br\\\/incendio-hospital-dos-servidores-no-rio-video\\\/#article\",\"isPartOf\":{\"@id\":\"https:\\\/\\\/folhadoleste.com.br\\\/incendio-hospital-dos-servidores-no-rio-video\\\/\"},\"author\":{\"name\":\"Folha do Leste\",\"@id\":\"https:\\\/\\\/folhadoleste.com.br\\\/#\\\/schema\\\/person\\\/3e97145b2e1861276e84471aa85a3899\"},\"headline\":\"Inc\u00eandio Hospital dos Servidores no Rio &#8211; V\u00eddeo\",\"datePublished\":\"2024-09-10T16:48:02+00:00\",\"mainEntityOfPage\":{\"@id\":\"https:\\\/\\\/folhadoleste.com.br\\\/incendio-hospital-dos-servidores-no-rio-video\\\/\"},\"wordCount\":410,\"commentCount\":0,\"publisher\":{\"@id\":\"https:\\\/\\\/folhadoleste.com.br\\\/#organization\"},\"image\":{\"@id\":\"https:\\\/\\\/folhadoleste.com.br\\\/incendio-hospital-dos-servidores-no-rio-video\\\/#primaryimage\"},\"thumbnailUrl\":\"https:\\\/\\\/folhadoleste.com.br\\\/wp-content\\\/uploads\\\/2024\\\/09\\\/Incendio-Hospital-dos-Servidores-no-Rio-Video-Foto-Cortada-Reproducao-Redes-Sociais-1.jpg\",\"keywords\":[\"ar-condicionado\",\"atualidades\",\"Bombeiros\",\"Brasil\",\"Causas do inc\u00eandio\",\"Certifica\u00e7\u00e3o Contra Inc\u00eandios\",\"Corpo de Bombeiros\",\"Danos Materiais\",\"emerg\u00eancia\",\"evacua\u00e7\u00e3o\",\"Fuma\u00e7a\",\"Hospitais\",\"Hospital dos Servidores\",\"inc\u00eandio\",\"Inc\u00eandio no Telhado\",\"Investiga\u00e7\u00e3o\",\"pacientes\",\"per\u00edcia\",\"Preven\u00e7\u00e3o de inc\u00eandios\",\"Quartel Central\",\"Rescaldo\",\"Rio de Janeiro\",\"Rua Dona Isabel\",\"sa\u00fade\",\"Saude publica\",\"seguran\u00e7a\",\"Sistema de sa\u00fade\",\"trag\u00e9dia do Ninho do Urubu\",\"Zona Norte\",\"Zona Portu\u00e1ria\"],\"articleSection\":[\"Rio de Janeiro - Capital\"],\"inLanguage\":\"en-US\",\"potentialAction\":[{\"@type\":\"CommentAction\",\"name\":\"Comment\",\"target\":[\"https:\\\/\\\/folhadoleste.com.br\\\/incendio-hospital-dos-servidores-no-rio-video\\\/#respond\"]}]},{\"@type\":\"WebPage\",\"@id\":\"https:\\\/\\\/folhadoleste.com.br\\\/incendio-hospital-dos-servidores-no-rio-video\\\/\",\"url\":\"https:\\\/\\\/folhadoleste.com.br\\\/incendio-hospital-dos-servidores-no-rio-video\\\/\",\"name\":\"Inc\u00eandio Hospital dos Servidores no Rio - V\u00eddeo &#8226; Folha do Leste\",\"isPartOf\":{\"@id\":\"https:\\\/\\\/folhadoleste.com.br\\\/#website\"},\"primaryImageOfPage\":{\"@id\":\"https:\\\/\\\/folhadoleste.com.br\\\/incendio-hospital-dos-servidores-no-rio-video\\\/#primaryimage\"},\"image\":{\"@id\":\"https:\\\/\\\/folhadoleste.com.br\\\/incendio-hospital-dos-servidores-no-rio-video\\\/#primaryimage\"},\"thumbnailUrl\":\"https:\\\/\\\/folhadoleste.com.br\\\/wp-content\\\/uploads\\\/2024\\\/09\\\/Incendio-Hospital-dos-Servidores-no-Rio-Video-Foto-Cortada-Reproducao-Redes-Sociais-1.jpg\",\"datePublished\":\"2024-09-10T16:48:02+00:00\",\"description\":\"Inc\u00eandio Hospital dos Servidores no Rio - V\u00eddeo. O v\u00eddeo mostra o desespero e o tamanho da nuvem de fuma\u00e7a; Saiba mais...\",\"breadcrumb\":{\"@id\":\"https:\\\/\\\/folhadoleste.com.br\\\/incendio-hospital-dos-servidores-no-rio-video\\\/#breadcrumb\"},\"inLanguage\":\"en-US\",\"potentialAction\":[{\"@type\":\"ReadAction\",\"target\":[\"https:\\\/\\\/folhadoleste.com.br\\\/incendio-hospital-dos-servidores-no-rio-video\\\/\"]}]},{\"@type\":\"ImageObject\",\"inLanguage\":\"en-US\",\"@id\":\"https:\\\/\\\/folhadoleste.com.br\\\/incendio-hospital-dos-servidores-no-rio-video\\\/#primaryimage\",\"url\":\"https:\\\/\\\/folhadoleste.com.br\\\/wp-content\\\/uploads\\\/2024\\\/09\\\/Incendio-Hospital-dos-Servidores-no-Rio-Video-Foto-Cortada-Reproducao-Redes-Sociais-1.jpg\",\"contentUrl\":\"https:\\\/\\\/folhadoleste.com.br\\\/wp-content\\\/uploads\\\/2024\\\/09\\\/Incendio-Hospital-dos-Servidores-no-Rio-Video-Foto-Cortada-Reproducao-Redes-Sociais-1.jpg\",\"width\":984,\"height\":553,\"caption\":\"Inc\u00eandio Hospital dos Servidores no Rio - V\u00eddeo | Reprodu\u00e7\u00e3o\\\/Redes Sociais\"},{\"@type\":\"BreadcrumbList\",\"@id\":\"https:\\\/\\\/folhadoleste.com.br\\\/incendio-hospital-dos-servidores-no-rio-video\\\/#breadcrumb\",\"itemListElement\":[{\"@type\":\"ListItem\",\"position\":1,\"name\":\"In\u00edcio\",\"item\":\"https:\\\/\\\/folhadoleste.com.br\\\/\"},{\"@type\":\"ListItem\",\"position\":2,\"name\":\"Rio de Janeiro - Capital\",\"item\":\"https:\\\/\\\/folhadoleste.com.br\\\/category\\\/rio-de-janeiro-capital\\\/\"},{\"@type\":\"ListItem\",\"position\":3,\"name\":\"Inc\u00eandio Hospital dos Servidores no Rio &#8211; V\u00eddeo\"}]},{\"@type\":\"WebSite\",\"@id\":\"https:\\\/\\\/folhadoleste.com.br\\\/#website\",\"url\":\"https:\\\/\\\/folhadoleste.com.br\\\/\",\"name\":\"Folha do Leste\",\"description\":\"Portal de Not\u00edcias com \u00eanfase em Niter\u00f3i, criando conte\u00fados desde a capital Rio de Janeiro, com olhar para o Leste Fluminense e suas cidades como S\u00e3o Gon\u00e7alo, Itabora\u00ed, Rio Bonito, Maric\u00e1, Saquarema e Araruama\",\"publisher\":{\"@id\":\"https:\\\/\\\/folhadoleste.com.br\\\/#organization\"},\"alternateName\":\"FL\",\"potentialAction\":[{\"@type\":\"SearchAction\",\"target\":{\"@type\":\"EntryPoint\",\"urlTemplate\":\"https:\\\/\\\/folhadoleste.com.br\\\/?s={search_term_string}\"},\"query-input\":{\"@type\":\"PropertyValueSpecification\",\"valueRequired\":true,\"valueName\":\"search_term_string\"}}],\"inLanguage\":\"en-US\"},{\"@type\":\"Organization\",\"@id\":\"https:\\\/\\\/folhadoleste.com.br\\\/#organization\",\"name\":\"Brasil 21 Comunica\u00e7\u00e3o\",\"alternateName\":\"BR21\",\"url\":\"https:\\\/\\\/folhadoleste.com.br\\\/\",\"logo\":{\"@type\":\"ImageObject\",\"inLanguage\":\"en-US\",\"@id\":\"https:\\\/\\\/folhadoleste.com.br\\\/#\\\/schema\\\/logo\\\/image\\\/\",\"url\":\"https:\\\/\\\/folhadoleste.com.br\\\/wp-content\\\/uploads\\\/2025\\\/12\\\/brasil-21-logomarca.avif\",\"contentUrl\":\"https:\\\/\\\/folhadoleste.com.br\\\/wp-content\\\/uploads\\\/2025\\\/12\\\/brasil-21-logomarca.avif\",\"width\":1044,\"height\":1044,\"caption\":\"Brasil 21 Comunica\u00e7\u00e3o\"},\"image\":{\"@id\":\"https:\\\/\\\/folhadoleste.com.br\\\/#\\\/schema\\\/logo\\\/image\\\/\"},\"sameAs\":[\"https:\\\/\\\/www.facebook.com\\\/folhadoleste\",\"https:\\\/\\\/x.com\\\/FolhadoLesteRJ\",\"https:\\\/\\\/www.instagram.com\\\/folhadoleste\\\/\"]},{\"@type\":\"Person\",\"@id\":\"https:\\\/\\\/folhadoleste.com.br\\\/#\\\/schema\\\/person\\\/3e97145b2e1861276e84471aa85a3899\",\"name\":\"Folha do Leste\",\"image\":{\"@type\":\"ImageObject\",\"inLanguage\":\"en-US\",\"@id\":\"https:\\\/\\\/folhadoleste.com.br\\\/wp-content\\\/litespeed\\\/avatar\\\/1ca8c218432e7045e748610eb3db0259.jpg?ver=1777161142\",\"url\":\"https:\\\/\\\/folhadoleste.com.br\\\/wp-content\\\/litespeed\\\/avatar\\\/1ca8c218432e7045e748610eb3db0259.jpg?ver=1777161142\",\"contentUrl\":\"https:\\\/\\\/folhadoleste.com.br\\\/wp-content\\\/litespeed\\\/avatar\\\/1ca8c218432e7045e748610eb3db0259.jpg?ver=1777161142\",\"caption\":\"Folha do Leste\"},\"url\":\"https:\\\/\\\/folhadoleste.com.br\\\/en\\\/author\\\/reportagem-01\\\/\"}]}<\/script>\n<!-- \/ Yoast SEO plugin. -->","yoast_head_json":{"title":"Inc\u00eandio Hospital dos Servidores no Rio - V\u00eddeo &#8226; Folha do Leste","description":"Inc\u00eandio Hospital dos Servidores no Rio - V\u00eddeo. O v\u00eddeo mostra o desespero e o tamanho da nuvem de fuma\u00e7a; Saiba mais...","robots":{"index":"index","follow":"follow","max-snippet":"max-snippet:-1","max-image-preview":"max-image-preview:large","max-video-preview":"max-video-preview:-1"},"canonical":"https:\/\/folhadoleste.com.br\/en\/incendio-hospital-dos-servidores-no-rio-video\/","og_locale":"en_US","og_type":"article","og_title":"Inc\u00eandio Hospital dos Servidores no Rio - V\u00eddeo &#8226; Folha do Leste","og_description":"Rio de Janeiro - Capital &#8226; 10 de September de 2024 &#8226; Folha do Leste","og_url":"https:\/\/folhadoleste.com.br\/en\/incendio-hospital-dos-servidores-no-rio-video\/","og_site_name":"Folha do Leste","article_publisher":"https:\/\/www.facebook.com\/folhadoleste","article_published_time":"2024-09-10T16:48:02+00:00","og_image":[{"width":984,"height":553,"url":"https:\/\/folhadoleste.com.br\/wp-content\/uploads\/2024\/09\/Incendio-Hospital-dos-Servidores-no-Rio-Video-Foto-Cortada-Reproducao-Redes-Sociais-1.jpg","type":"image\/jpeg"}],"author":"Folha do Leste","twitter_card":"summary_large_image","twitter_description":"Rio de Janeiro - Capital &#8226; 10 de September de 2024 &#8226; Folha do Leste","twitter_creator":"@FolhadoLesteRJ","twitter_site":"@FolhadoLesteRJ","twitter_misc":{"Written by":"Folha do Leste","Est. reading time":"3 minutes"},"schema":{"@context":"https:\/\/schema.org","@graph":[{"@type":"NewsArticle","@id":"https:\/\/folhadoleste.com.br\/incendio-hospital-dos-servidores-no-rio-video\/#article","isPartOf":{"@id":"https:\/\/folhadoleste.com.br\/incendio-hospital-dos-servidores-no-rio-video\/"},"author":{"name":"Folha do Leste","@id":"https:\/\/folhadoleste.com.br\/#\/schema\/person\/3e97145b2e1861276e84471aa85a3899"},"headline":"Inc\u00eandio Hospital dos Servidores no Rio &#8211; V\u00eddeo","datePublished":"2024-09-10T16:48:02+00:00","mainEntityOfPage":{"@id":"https:\/\/folhadoleste.com.br\/incendio-hospital-dos-servidores-no-rio-video\/"},"wordCount":410,"commentCount":0,"publisher":{"@id":"https:\/\/folhadoleste.com.br\/#organization"},"image":{"@id":"https:\/\/folhadoleste.com.br\/incendio-hospital-dos-servidores-no-rio-video\/#primaryimage"},"thumbnailUrl":"https:\/\/folhadoleste.com.br\/wp-content\/uploads\/2024\/09\/Incendio-Hospital-dos-Servidores-no-Rio-Video-Foto-Cortada-Reproducao-Redes-Sociais-1.jpg","keywords":["ar-condicionado","atualidades","Bombeiros","Brasil","Causas do inc\u00eandio","Certifica\u00e7\u00e3o Contra Inc\u00eandios","Corpo de Bombeiros","Danos Materiais","emerg\u00eancia","evacua\u00e7\u00e3o","Fuma\u00e7a","Hospitais","Hospital dos Servidores","inc\u00eandio","Inc\u00eandio no Telhado","Investiga\u00e7\u00e3o","pacientes","per\u00edcia","Preven\u00e7\u00e3o de inc\u00eandios","Quartel Central","Rescaldo","Rio de Janeiro","Rua Dona Isabel","sa\u00fade","Saude publica","seguran\u00e7a","Sistema de sa\u00fade","trag\u00e9dia do Ninho do Urubu","Zona Norte","Zona Portu\u00e1ria"],"articleSection":["Rio de Janeiro - Capital"],"inLanguage":"en-US","potentialAction":[{"@type":"CommentAction","name":"Comment","target":["https:\/\/folhadoleste.com.br\/incendio-hospital-dos-servidores-no-rio-video\/#respond"]}]},{"@type":"WebPage","@id":"https:\/\/folhadoleste.com.br\/incendio-hospital-dos-servidores-no-rio-video\/","url":"https:\/\/folhadoleste.com.br\/incendio-hospital-dos-servidores-no-rio-video\/","name":"Inc\u00eandio Hospital dos Servidores no Rio - V\u00eddeo &#8226; Folha do Leste","isPartOf":{"@id":"https:\/\/folhadoleste.com.br\/#website"},"primaryImageOfPage":{"@id":"https:\/\/folhadoleste.com.br\/incendio-hospital-dos-servidores-no-rio-video\/#primaryimage"},"image":{"@id":"https:\/\/folhadoleste.com.br\/incendio-hospital-dos-servidores-no-rio-video\/#primaryimage"},"thumbnailUrl":"https:\/\/folhadoleste.com.br\/wp-content\/uploads\/2024\/09\/Incendio-Hospital-dos-Servidores-no-Rio-Video-Foto-Cortada-Reproducao-Redes-Sociais-1.jpg","datePublished":"2024-09-10T16:48:02+00:00","description":"Inc\u00eandio Hospital dos Servidores no Rio - V\u00eddeo. O v\u00eddeo mostra o desespero e o tamanho da nuvem de fuma\u00e7a; Saiba mais...","breadcrumb":{"@id":"https:\/\/folhadoleste.com.br\/incendio-hospital-dos-servidores-no-rio-video\/#breadcrumb"},"inLanguage":"en-US","potentialAction":[{"@type":"ReadAction","target":["https:\/\/folhadoleste.com.br\/incendio-hospital-dos-servidores-no-rio-video\/"]}]},{"@type":"ImageObject","inLanguage":"en-US","@id":"https:\/\/folhadoleste.com.br\/incendio-hospital-dos-servidores-no-rio-video\/#primaryimage","url":"https:\/\/folhadoleste.com.br\/wp-content\/uploads\/2024\/09\/Incendio-Hospital-dos-Servidores-no-Rio-Video-Foto-Cortada-Reproducao-Redes-Sociais-1.jpg","contentUrl":"https:\/\/folhadoleste.com.br\/wp-content\/uploads\/2024\/09\/Incendio-Hospital-dos-Servidores-no-Rio-Video-Foto-Cortada-Reproducao-Redes-Sociais-1.jpg","width":984,"height":553,"caption":"Inc\u00eandio Hospital dos Servidores no Rio - V\u00eddeo | Reprodu\u00e7\u00e3o\/Redes Sociais"},{"@type":"BreadcrumbList","@id":"https:\/\/folhadoleste.com.br\/incendio-hospital-dos-servidores-no-rio-video\/#breadcrumb","itemListElement":[{"@type":"ListItem","position":1,"name":"In\u00edcio","item":"https:\/\/folhadoleste.com.br\/"},{"@type":"ListItem","position":2,"name":"Rio de Janeiro - Capital","item":"https:\/\/folhadoleste.com.br\/category\/rio-de-janeiro-capital\/"},{"@type":"ListItem","position":3,"name":"Inc\u00eandio Hospital dos Servidores no Rio &#8211; V\u00eddeo"}]},{"@type":"WebSite","@id":"https:\/\/folhadoleste.com.br\/#website","url":"https:\/\/folhadoleste.com.br\/","name":"Folha do Leste","description":"Portal de Not\u00edcias com \u00eanfase em Niter\u00f3i, criando conte\u00fados desde a capital Rio de Janeiro, com olhar para o Leste Fluminense e suas cidades como S\u00e3o Gon\u00e7alo, Itabora\u00ed, Rio Bonito, Maric\u00e1, Saquarema e Araruama","publisher":{"@id":"https:\/\/folhadoleste.com.br\/#organization"},"alternateName":"FL","potentialAction":[{"@type":"SearchAction","target":{"@type":"EntryPoint","urlTemplate":"https:\/\/folhadoleste.com.br\/?s={search_term_string}"},"query-input":{"@type":"PropertyValueSpecification","valueRequired":true,"valueName":"search_term_string"}}],"inLanguage":"en-US"},{"@type":"Organization","@id":"https:\/\/folhadoleste.com.br\/#organization","name":"Brasil 21 Comunica\u00e7\u00e3o","alternateName":"BR21","url":"https:\/\/folhadoleste.com.br\/","logo":{"@type":"ImageObject","inLanguage":"en-US","@id":"https:\/\/folhadoleste.com.br\/#\/schema\/logo\/image\/","url":"https:\/\/folhadoleste.com.br\/wp-content\/uploads\/2025\/12\/brasil-21-logomarca.avif","contentUrl":"https:\/\/folhadoleste.com.br\/wp-content\/uploads\/2025\/12\/brasil-21-logomarca.avif","width":1044,"height":1044,"caption":"Brasil 21 Comunica\u00e7\u00e3o"},"image":{"@id":"https:\/\/folhadoleste.com.br\/#\/schema\/logo\/image\/"},"sameAs":["https:\/\/www.facebook.com\/folhadoleste","https:\/\/x.com\/FolhadoLesteRJ","https:\/\/www.instagram.com\/folhadoleste\/"]},{"@type":"Person","@id":"https:\/\/folhadoleste.com.br\/#\/schema\/person\/3e97145b2e1861276e84471aa85a3899","name":"Folha do Leste","image":{"@type":"ImageObject","inLanguage":"en-US","@id":"https:\/\/folhadoleste.com.br\/wp-content\/litespeed\/avatar\/1ca8c218432e7045e748610eb3db0259.jpg?ver=1777161142","url":"https:\/\/folhadoleste.com.br\/wp-content\/litespeed\/avatar\/1ca8c218432e7045e748610eb3db0259.jpg?ver=1777161142","contentUrl":"https:\/\/folhadoleste.com.br\/wp-content\/litespeed\/avatar\/1ca8c218432e7045e748610eb3db0259.jpg?ver=1777161142","caption":"Folha do Leste"},"url":"https:\/\/folhadoleste.com.br\/en\/author\/reportagem-01\/"}]}},"_links":{"self":[{"href":"https:\/\/folhadoleste.com.br\/en\/wp-json\/wp\/v2\/posts\/83504","targetHints":{"allow":["GET"]}}],"collection":[{"href":"https:\/\/folhadoleste.com.br\/en\/wp-json\/wp\/v2\/posts"}],"about":[{"href":"https:\/\/folhadoleste.com.br\/en\/wp-json\/wp\/v2\/types\/post"}],"author":[{"embeddable":true,"href":"https:\/\/folhadoleste.com.br\/en\/wp-json\/wp\/v2\/users\/4"}],"replies":[{"embeddable":true,"href":"https:\/\/folhadoleste.com.br\/en\/wp-json\/wp\/v2\/comments?post=83504"}],"version-history":[{"count":1,"href":"https:\/\/folhadoleste.com.br\/en\/wp-json\/wp\/v2\/posts\/83504\/revisions"}],"predecessor-version":[{"id":83511,"href":"https:\/\/folhadoleste.com.br\/en\/wp-json\/wp\/v2\/posts\/83504\/revisions\/83511"}],"wp:featuredmedia":[{"embeddable":true,"href":"https:\/\/folhadoleste.com.br\/en\/wp-json\/wp\/v2\/media\/83508"}],"wp:attachment":[{"href":"https:\/\/folhadoleste.com.br\/en\/wp-json\/wp\/v2\/media?parent=83504"}],"wp:term":[{"taxonomy":"category","embeddable":true,"href":"https:\/\/folhadoleste.com.br\/en\/wp-json\/wp\/v2\/categories?post=83504"},{"taxonomy":"post_tag","embeddable":true,"href":"https:\/\/folhadoleste.com.br\/en\/wp-json\/wp\/v2\/tags?post=83504"}],"curies":[{"name":"wp","href":"https:\/\/api.w.org\/{rel}","templated":true}]}}