{"id":83020,"date":"2024-09-07T16:22:39","date_gmt":"2024-09-07T19:22:39","guid":{"rendered":"https:\/\/folhadoleste.com.br\/?p=83020"},"modified":"2024-09-07T16:22:39","modified_gmt":"2024-09-07T19:22:39","slug":"tres-suspeitos-sao-baleados-em-confronto-na-tijuca","status":"publish","type":"post","link":"https:\/\/folhadoleste.com.br\/en\/tres-suspeitos-sao-baleados-em-confronto-na-tijuca\/","title":{"rendered":"Tr\u00eas suspeitos s\u00e3o baleados em confronto na Tijuca"},"content":{"rendered":"<div id=\"attachment_83029\" style=\"width: 1210px\" class=\"wp-caption aligncenter\"><img decoding=\"async\" aria-describedby=\"caption-attachment-83029\" class=\"size-full wp-image-83029\" src=\"https:\/\/folhadoleste.com.br\/wp-content\/uploads\/2024\/09\/Tres-suspeitos-sao-baleados-em-confronto-na-Tijuca-Foto-Reproducao-Redes-Sociais.webp\" alt=\"Tr\u00eas suspeitos s\u00e3o baleados em confronto na Tijuca\" width=\"1200\" height=\"750\" \/><p id=\"caption-attachment-83029\" class=\"wp-caption-text\">Tr\u00eas suspeitos s\u00e3o baleados em confronto na Tijuca | Reprodu\u00e7\u00e3o\/Redes Sociais<\/p><\/div>\n<p style=\"text-align: justify;\">Tr\u00eas suspeitos de cometerem uma s\u00e9rie de roubos foram baleados durante um confronto com policiais militares na Tijuca, Zona Norte do Rio. O caso ocorreu entre a noite de sexta-feira (06) e a madrugada de s\u00e1bado (07). Todos foram levados ao Hospital Municipal Souza Aguiar, no Centro. At\u00e9 o momento, n\u00e3o h\u00e1 informa\u00e7\u00f5es sobre o estado de sa\u00fade dos envolvidos.<\/p>\n<h6><span style=\"color: #ff0000;\"><strong>+<\/strong><\/span> <span style=\"color: #000000;\">LEIA TAMB\u00c9M: \u25ba<\/span><a href=\"https:\/\/folhadoleste.com.br\/en\/acidente-em-sao-cristovao-deixa-27-feridos\/\"><strong>Acidente em S\u00e3o Crist\u00f3v\u00e3o deixa 27 feridos<\/strong><\/a><\/h6>\n<p style=\"text-align: justify;\">Segundo informa\u00e7\u00f5es da Pol\u00edcia Militar, os tr\u00eas suspeitos estavam em um ve\u00edculo roubado, que colidiu na Rua Carmela Dutra, ap\u00f3s os suspeitos realizarem diversos assaltos na regi\u00e3o. Ap\u00f3s o acidente, policiais do 6\u00ba BPM (Tijuca) tentaram realizar a abordagem, momento em que os suspeitos reagiram, iniciando um tiroteio.<\/p>\n<h5 style=\"text-align: center;\"><span style=\"color: #000000;\"><span style=\"color: #ff0000;\"><strong>+ <\/strong><\/span><\/span><span style=\"color: #000000;\"><span style=\"color: #ff9900;\"><strong>MAIS NOT\u00cdCIAS DO RIO DE JANEIRO?<\/strong><\/span> <span style=\"color: #008080;\"><strong><a style=\"color: #008080;\" href=\"https:\/\/folhadoleste.com.br\/en\/category\/rio-de-janeiro-capital\/\">CLIQUE AQUI<\/a><\/strong><\/span><\/span><\/h5>\n<p style=\"text-align: justify;\">Durante o confronto, os tr\u00eas homens foram baleados. Ap\u00f3s o tiroteio, os policiais apreenderam um rev\u00f3lver com a numera\u00e7\u00e3o raspada, que foi encaminhado para a 19\u00aa DP (Tijuca), onde a ocorr\u00eancia foi registrada. As investiga\u00e7\u00f5es seguem em andamento.<\/p>\n<div id=\"attachment_77492\" class=\"wp-caption aligncenter\">\n<p><a href=\"http:\/\/instagram.com\/folhadoleste\"><img decoding=\"async\" class=\"wp-image-77492 size-full\" src=\"https:\/\/folhadoleste.com.br\/wp-content\/uploads\/2024\/07\/Instagram-Folha-do-Leste.png\" alt=\"http:\/\/instagram.com\/folhadoleste\" width=\"400\" height=\"200\" aria-describedby=\"caption-attachment-77492\" \/><\/a><\/p>\n<p id=\"caption-attachment-77492\" class=\"wp-caption-text\">Siga o Folha do Leste no Instagram!<\/p>\n<\/div>\n<div id=\"attachment_77490\" class=\"wp-caption aligncenter\">\n<p><a href=\"http:\/\/facebook.com\/folhadoleste\"><img decoding=\"async\" class=\"size-medium wp-image-77490\" src=\"https:\/\/folhadoleste.com.br\/wp-content\/uploads\/2024\/07\/Facebook-Folha-do-Leste-10k-300x300.jpg\" alt=\"Curta e siga o Folha do Leste no Facebook!\" width=\"300\" height=\"300\" aria-describedby=\"caption-attachment-77490\" \/><\/a><\/p>\n<p id=\"caption-attachment-77490\" class=\"wp-caption-text\">Curta e siga o Folha do Leste no Facebook!<\/p>\n<\/div>","protected":false},"excerpt":{"rendered":"<p>Tr\u00eas suspeitos de cometerem uma s\u00e9rie de roubos foram baleados durante um confronto com policiais militares na Tijuca, Zona Norte do Rio. O caso ocorreu entre a noite de sexta-feira (06) e a madrugada de s\u00e1bado (07). Todos foram levados ao Hospital Municipal Souza Aguiar, no Centro. At\u00e9 o momento, n\u00e3o h\u00e1 informa\u00e7\u00f5es sobre o estado de sa\u00fade dos envolvidos. + LEIA TAMB\u00c9M: \u25baAcidente em S\u00e3o Crist\u00f3v\u00e3o deixa 27 feridos Segundo informa\u00e7\u00f5es da Pol\u00edcia Militar, os tr\u00eas suspeitos estavam em um ve\u00edculo roubado, que colidiu na Rua Carmela Dutra, ap\u00f3s os suspeitos realizarem diversos assaltos na regi\u00e3o. Ap\u00f3s o acidente, [&hellip;]<\/p>\n","protected":false},"author":4,"featured_media":83029,"comment_status":"open","ping_status":"open","sticky":false,"template":"","format":"standard","meta":{"footnotes":""},"categories":[290,67],"tags":[11782,7429,6468,310,5441,3666,2086,4449,2855,78,2587,410,93,2244,824,3307,10996,2233,2856,10368,18874],"class_list":["post-83020","post","type-post","status-publish","format-standard","has-post-thumbnail","hentry","category-policia-rio-de-janeiro-capital","category-rio-de-janeiro-capital","tag-arma-de-fogo","tag-baleados","tag-cameras-de-seguranca","tag-confronto","tag-criminalidade","tag-delegacia","tag-fuga","tag-inquerito-policial","tag-perseguicao","tag-policia","tag-policia-militar","tag-prisao","tag-rio-de-janeiro","tag-roubo","tag-seguranca-publica","tag-suspeitos","tag-testemunhas","tag-tijuca","tag-tiroteio","tag-viatura","tag-violencia-urbana","post--single"],"yoast_head":"<!-- This site is optimized with the Yoast SEO plugin v27.4 - https:\/\/yoast.com\/product\/yoast-seo-wordpress\/ -->\n<title>Tr\u00eas suspeitos s\u00e3o baleados em confronto na Tijuca &#8226; Folha do Leste<\/title>\n<meta name=\"description\" content=\"Tr\u00eas suspeitos s\u00e3o baleados em confronto na Tijuca. Ap\u00f3s acidente enquanto fugiam, criminosos dispararam contra os policiais; Saiba mais...\" \/>\n<meta name=\"robots\" content=\"index, follow, max-snippet:-1, max-image-preview:large, max-video-preview:-1\" \/>\n<link rel=\"canonical\" href=\"https:\/\/folhadoleste.com.br\/en\/tres-suspeitos-sao-baleados-em-confronto-na-tijuca\/\" \/>\n<meta property=\"og:locale\" content=\"en_US\" \/>\n<meta property=\"og:type\" content=\"article\" \/>\n<meta property=\"og:title\" content=\"Tr\u00eas suspeitos s\u00e3o baleados em confronto na Tijuca &#8226; Folha do Leste\" \/>\n<meta property=\"og:description\" content=\"Rio de Janeiro - Capital &#8226; 7 de September de 2024 &#8226; Folha do Leste\" \/>\n<meta property=\"og:url\" content=\"https:\/\/folhadoleste.com.br\/en\/tres-suspeitos-sao-baleados-em-confronto-na-tijuca\/\" \/>\n<meta property=\"og:site_name\" content=\"Folha do Leste\" \/>\n<meta property=\"article:publisher\" content=\"https:\/\/www.facebook.com\/folhadoleste\" \/>\n<meta property=\"article:published_time\" content=\"2024-09-07T19:22:39+00:00\" \/>\n<meta property=\"og:image\" content=\"https:\/\/folhadoleste.com.br\/wp-content\/uploads\/2024\/09\/Tres-suspeitos-sao-baleados-em-confronto-na-Tijuca-Foto-Reproducao-Redes-Sociais.webp\" \/>\n\t<meta property=\"og:image:width\" content=\"1200\" \/>\n\t<meta property=\"og:image:height\" content=\"750\" \/>\n\t<meta property=\"og:image:type\" content=\"image\/webp\" \/>\n<meta name=\"author\" content=\"Folha do Leste\" \/>\n<meta name=\"twitter:card\" content=\"summary_large_image\" \/>\n<meta name=\"twitter:description\" content=\"Rio de Janeiro - Capital &#8226; 7 de September de 2024 &#8226; Folha do Leste\" \/>\n<meta name=\"twitter:creator\" content=\"@FolhadoLesteRJ\" \/>\n<meta name=\"twitter:site\" content=\"@FolhadoLesteRJ\" \/>\n<meta name=\"twitter:label1\" content=\"Written by\" \/>\n\t<meta name=\"twitter:data1\" content=\"Folha do Leste\" \/>\n\t<meta name=\"twitter:label2\" content=\"Est. reading time\" \/>\n\t<meta name=\"twitter:data2\" content=\"2 minutes\" \/>\n<script type=\"application\/ld+json\" class=\"yoast-schema-graph\">{\"@context\":\"https:\\\/\\\/schema.org\",\"@graph\":[{\"@type\":\"NewsArticle\",\"@id\":\"https:\\\/\\\/folhadoleste.com.br\\\/tres-suspeitos-sao-baleados-em-confronto-na-tijuca\\\/#article\",\"isPartOf\":{\"@id\":\"https:\\\/\\\/folhadoleste.com.br\\\/tres-suspeitos-sao-baleados-em-confronto-na-tijuca\\\/\"},\"author\":{\"name\":\"Folha do Leste\",\"@id\":\"https:\\\/\\\/folhadoleste.com.br\\\/#\\\/schema\\\/person\\\/3e97145b2e1861276e84471aa85a3899\"},\"headline\":\"Tr\u00eas suspeitos s\u00e3o baleados em confronto na Tijuca\",\"datePublished\":\"2024-09-07T19:22:39+00:00\",\"mainEntityOfPage\":{\"@id\":\"https:\\\/\\\/folhadoleste.com.br\\\/tres-suspeitos-sao-baleados-em-confronto-na-tijuca\\\/\"},\"wordCount\":229,\"commentCount\":0,\"publisher\":{\"@id\":\"https:\\\/\\\/folhadoleste.com.br\\\/#organization\"},\"image\":{\"@id\":\"https:\\\/\\\/folhadoleste.com.br\\\/tres-suspeitos-sao-baleados-em-confronto-na-tijuca\\\/#primaryimage\"},\"thumbnailUrl\":\"https:\\\/\\\/folhadoleste.com.br\\\/wp-content\\\/uploads\\\/2024\\\/09\\\/Tres-suspeitos-sao-baleados-em-confronto-na-Tijuca-Foto-Reproducao-Redes-Sociais.webp\",\"keywords\":[\"arma de fogo\",\"baleados\",\"c\u00e2meras de seguran\u00e7a\",\"confronto\",\"criminalidade\",\"delegacia\",\"fuga\",\"Inqu\u00e9rito Policial\",\"persegui\u00e7\u00e3o\",\"pol\u00edcia\",\"Pol\u00edcia Militar\",\"pris\u00e3o\",\"Rio de Janeiro\",\"roubo\",\"Seguran\u00e7a publica\",\"suspeitos\",\"testemunhas\",\"Tijuca\",\"tiroteio\",\"viatura\",\"Viol\u00eancia Urbana\"],\"articleSection\":[\"Pol\u00edcia\",\"Rio de Janeiro - Capital\"],\"inLanguage\":\"en-US\",\"potentialAction\":[{\"@type\":\"CommentAction\",\"name\":\"Comment\",\"target\":[\"https:\\\/\\\/folhadoleste.com.br\\\/tres-suspeitos-sao-baleados-em-confronto-na-tijuca\\\/#respond\"]}]},{\"@type\":\"WebPage\",\"@id\":\"https:\\\/\\\/folhadoleste.com.br\\\/tres-suspeitos-sao-baleados-em-confronto-na-tijuca\\\/\",\"url\":\"https:\\\/\\\/folhadoleste.com.br\\\/tres-suspeitos-sao-baleados-em-confronto-na-tijuca\\\/\",\"name\":\"Tr\u00eas suspeitos s\u00e3o baleados em confronto na Tijuca &#8226; Folha do Leste\",\"isPartOf\":{\"@id\":\"https:\\\/\\\/folhadoleste.com.br\\\/#website\"},\"primaryImageOfPage\":{\"@id\":\"https:\\\/\\\/folhadoleste.com.br\\\/tres-suspeitos-sao-baleados-em-confronto-na-tijuca\\\/#primaryimage\"},\"image\":{\"@id\":\"https:\\\/\\\/folhadoleste.com.br\\\/tres-suspeitos-sao-baleados-em-confronto-na-tijuca\\\/#primaryimage\"},\"thumbnailUrl\":\"https:\\\/\\\/folhadoleste.com.br\\\/wp-content\\\/uploads\\\/2024\\\/09\\\/Tres-suspeitos-sao-baleados-em-confronto-na-Tijuca-Foto-Reproducao-Redes-Sociais.webp\",\"datePublished\":\"2024-09-07T19:22:39+00:00\",\"description\":\"Tr\u00eas suspeitos s\u00e3o baleados em confronto na Tijuca. Ap\u00f3s acidente enquanto fugiam, criminosos dispararam contra os policiais; Saiba mais...\",\"breadcrumb\":{\"@id\":\"https:\\\/\\\/folhadoleste.com.br\\\/tres-suspeitos-sao-baleados-em-confronto-na-tijuca\\\/#breadcrumb\"},\"inLanguage\":\"en-US\",\"potentialAction\":[{\"@type\":\"ReadAction\",\"target\":[\"https:\\\/\\\/folhadoleste.com.br\\\/tres-suspeitos-sao-baleados-em-confronto-na-tijuca\\\/\"]}]},{\"@type\":\"ImageObject\",\"inLanguage\":\"en-US\",\"@id\":\"https:\\\/\\\/folhadoleste.com.br\\\/tres-suspeitos-sao-baleados-em-confronto-na-tijuca\\\/#primaryimage\",\"url\":\"https:\\\/\\\/folhadoleste.com.br\\\/wp-content\\\/uploads\\\/2024\\\/09\\\/Tres-suspeitos-sao-baleados-em-confronto-na-Tijuca-Foto-Reproducao-Redes-Sociais.webp\",\"contentUrl\":\"https:\\\/\\\/folhadoleste.com.br\\\/wp-content\\\/uploads\\\/2024\\\/09\\\/Tres-suspeitos-sao-baleados-em-confronto-na-Tijuca-Foto-Reproducao-Redes-Sociais.webp\",\"width\":1200,\"height\":750,\"caption\":\"Tr\u00eas suspeitos s\u00e3o baleados em confronto na Tijuca | Reprodu\u00e7\u00e3o\\\/Redes Sociais\"},{\"@type\":\"BreadcrumbList\",\"@id\":\"https:\\\/\\\/folhadoleste.com.br\\\/tres-suspeitos-sao-baleados-em-confronto-na-tijuca\\\/#breadcrumb\",\"itemListElement\":[{\"@type\":\"ListItem\",\"position\":1,\"name\":\"In\u00edcio\",\"item\":\"https:\\\/\\\/folhadoleste.com.br\\\/\"},{\"@type\":\"ListItem\",\"position\":2,\"name\":\"Rio de Janeiro - Capital\",\"item\":\"https:\\\/\\\/folhadoleste.com.br\\\/category\\\/rio-de-janeiro-capital\\\/\"},{\"@type\":\"ListItem\",\"position\":3,\"name\":\"Tr\u00eas suspeitos s\u00e3o baleados em confronto na Tijuca\"}]},{\"@type\":\"WebSite\",\"@id\":\"https:\\\/\\\/folhadoleste.com.br\\\/#website\",\"url\":\"https:\\\/\\\/folhadoleste.com.br\\\/\",\"name\":\"Folha do Leste\",\"description\":\"Portal de Not\u00edcias com \u00eanfase em Niter\u00f3i, criando conte\u00fados desde a capital Rio de Janeiro, com olhar para o Leste Fluminense e suas cidades como S\u00e3o Gon\u00e7alo, Itabora\u00ed, Rio Bonito, Maric\u00e1, Saquarema e Araruama\",\"publisher\":{\"@id\":\"https:\\\/\\\/folhadoleste.com.br\\\/#organization\"},\"alternateName\":\"FL\",\"potentialAction\":[{\"@type\":\"SearchAction\",\"target\":{\"@type\":\"EntryPoint\",\"urlTemplate\":\"https:\\\/\\\/folhadoleste.com.br\\\/?s={search_term_string}\"},\"query-input\":{\"@type\":\"PropertyValueSpecification\",\"valueRequired\":true,\"valueName\":\"search_term_string\"}}],\"inLanguage\":\"en-US\"},{\"@type\":\"Organization\",\"@id\":\"https:\\\/\\\/folhadoleste.com.br\\\/#organization\",\"name\":\"Brasil 21 Comunica\u00e7\u00e3o\",\"alternateName\":\"BR21\",\"url\":\"https:\\\/\\\/folhadoleste.com.br\\\/\",\"logo\":{\"@type\":\"ImageObject\",\"inLanguage\":\"en-US\",\"@id\":\"https:\\\/\\\/folhadoleste.com.br\\\/#\\\/schema\\\/logo\\\/image\\\/\",\"url\":\"https:\\\/\\\/folhadoleste.com.br\\\/wp-content\\\/uploads\\\/2025\\\/12\\\/brasil-21-logomarca.avif\",\"contentUrl\":\"https:\\\/\\\/folhadoleste.com.br\\\/wp-content\\\/uploads\\\/2025\\\/12\\\/brasil-21-logomarca.avif\",\"width\":1044,\"height\":1044,\"caption\":\"Brasil 21 Comunica\u00e7\u00e3o\"},\"image\":{\"@id\":\"https:\\\/\\\/folhadoleste.com.br\\\/#\\\/schema\\\/logo\\\/image\\\/\"},\"sameAs\":[\"https:\\\/\\\/www.facebook.com\\\/folhadoleste\",\"https:\\\/\\\/x.com\\\/FolhadoLesteRJ\",\"https:\\\/\\\/www.instagram.com\\\/folhadoleste\\\/\"]},{\"@type\":\"Person\",\"@id\":\"https:\\\/\\\/folhadoleste.com.br\\\/#\\\/schema\\\/person\\\/3e97145b2e1861276e84471aa85a3899\",\"name\":\"Folha do Leste\",\"image\":{\"@type\":\"ImageObject\",\"inLanguage\":\"en-US\",\"@id\":\"https:\\\/\\\/folhadoleste.com.br\\\/wp-content\\\/litespeed\\\/avatar\\\/1ca8c218432e7045e748610eb3db0259.jpg?ver=1777161142\",\"url\":\"https:\\\/\\\/folhadoleste.com.br\\\/wp-content\\\/litespeed\\\/avatar\\\/1ca8c218432e7045e748610eb3db0259.jpg?ver=1777161142\",\"contentUrl\":\"https:\\\/\\\/folhadoleste.com.br\\\/wp-content\\\/litespeed\\\/avatar\\\/1ca8c218432e7045e748610eb3db0259.jpg?ver=1777161142\",\"caption\":\"Folha do Leste\"},\"url\":\"https:\\\/\\\/folhadoleste.com.br\\\/en\\\/author\\\/reportagem-01\\\/\"}]}<\/script>\n<!-- \/ Yoast SEO plugin. -->","yoast_head_json":{"title":"Tr\u00eas suspeitos s\u00e3o baleados em confronto na Tijuca &#8226; Folha do Leste","description":"Tr\u00eas suspeitos s\u00e3o baleados em confronto na Tijuca. Ap\u00f3s acidente enquanto fugiam, criminosos dispararam contra os policiais; Saiba mais...","robots":{"index":"index","follow":"follow","max-snippet":"max-snippet:-1","max-image-preview":"max-image-preview:large","max-video-preview":"max-video-preview:-1"},"canonical":"https:\/\/folhadoleste.com.br\/en\/tres-suspeitos-sao-baleados-em-confronto-na-tijuca\/","og_locale":"en_US","og_type":"article","og_title":"Tr\u00eas suspeitos s\u00e3o baleados em confronto na Tijuca &#8226; Folha do Leste","og_description":"Rio de Janeiro - Capital &#8226; 7 de September de 2024 &#8226; Folha do Leste","og_url":"https:\/\/folhadoleste.com.br\/en\/tres-suspeitos-sao-baleados-em-confronto-na-tijuca\/","og_site_name":"Folha do Leste","article_publisher":"https:\/\/www.facebook.com\/folhadoleste","article_published_time":"2024-09-07T19:22:39+00:00","og_image":[{"width":1200,"height":750,"url":"https:\/\/folhadoleste.com.br\/wp-content\/uploads\/2024\/09\/Tres-suspeitos-sao-baleados-em-confronto-na-Tijuca-Foto-Reproducao-Redes-Sociais.webp","type":"image\/webp"}],"author":"Folha do Leste","twitter_card":"summary_large_image","twitter_description":"Rio de Janeiro - Capital &#8226; 7 de September de 2024 &#8226; Folha do Leste","twitter_creator":"@FolhadoLesteRJ","twitter_site":"@FolhadoLesteRJ","twitter_misc":{"Written by":"Folha do Leste","Est. reading time":"2 minutes"},"schema":{"@context":"https:\/\/schema.org","@graph":[{"@type":"NewsArticle","@id":"https:\/\/folhadoleste.com.br\/tres-suspeitos-sao-baleados-em-confronto-na-tijuca\/#article","isPartOf":{"@id":"https:\/\/folhadoleste.com.br\/tres-suspeitos-sao-baleados-em-confronto-na-tijuca\/"},"author":{"name":"Folha do Leste","@id":"https:\/\/folhadoleste.com.br\/#\/schema\/person\/3e97145b2e1861276e84471aa85a3899"},"headline":"Tr\u00eas suspeitos s\u00e3o baleados em confronto na Tijuca","datePublished":"2024-09-07T19:22:39+00:00","mainEntityOfPage":{"@id":"https:\/\/folhadoleste.com.br\/tres-suspeitos-sao-baleados-em-confronto-na-tijuca\/"},"wordCount":229,"commentCount":0,"publisher":{"@id":"https:\/\/folhadoleste.com.br\/#organization"},"image":{"@id":"https:\/\/folhadoleste.com.br\/tres-suspeitos-sao-baleados-em-confronto-na-tijuca\/#primaryimage"},"thumbnailUrl":"https:\/\/folhadoleste.com.br\/wp-content\/uploads\/2024\/09\/Tres-suspeitos-sao-baleados-em-confronto-na-Tijuca-Foto-Reproducao-Redes-Sociais.webp","keywords":["arma de fogo","baleados","c\u00e2meras de seguran\u00e7a","confronto","criminalidade","delegacia","fuga","Inqu\u00e9rito Policial","persegui\u00e7\u00e3o","pol\u00edcia","Pol\u00edcia Militar","pris\u00e3o","Rio de Janeiro","roubo","Seguran\u00e7a publica","suspeitos","testemunhas","Tijuca","tiroteio","viatura","Viol\u00eancia Urbana"],"articleSection":["Pol\u00edcia","Rio de Janeiro - Capital"],"inLanguage":"en-US","potentialAction":[{"@type":"CommentAction","name":"Comment","target":["https:\/\/folhadoleste.com.br\/tres-suspeitos-sao-baleados-em-confronto-na-tijuca\/#respond"]}]},{"@type":"WebPage","@id":"https:\/\/folhadoleste.com.br\/tres-suspeitos-sao-baleados-em-confronto-na-tijuca\/","url":"https:\/\/folhadoleste.com.br\/tres-suspeitos-sao-baleados-em-confronto-na-tijuca\/","name":"Tr\u00eas suspeitos s\u00e3o baleados em confronto na Tijuca &#8226; Folha do Leste","isPartOf":{"@id":"https:\/\/folhadoleste.com.br\/#website"},"primaryImageOfPage":{"@id":"https:\/\/folhadoleste.com.br\/tres-suspeitos-sao-baleados-em-confronto-na-tijuca\/#primaryimage"},"image":{"@id":"https:\/\/folhadoleste.com.br\/tres-suspeitos-sao-baleados-em-confronto-na-tijuca\/#primaryimage"},"thumbnailUrl":"https:\/\/folhadoleste.com.br\/wp-content\/uploads\/2024\/09\/Tres-suspeitos-sao-baleados-em-confronto-na-Tijuca-Foto-Reproducao-Redes-Sociais.webp","datePublished":"2024-09-07T19:22:39+00:00","description":"Tr\u00eas suspeitos s\u00e3o baleados em confronto na Tijuca. Ap\u00f3s acidente enquanto fugiam, criminosos dispararam contra os policiais; Saiba mais...","breadcrumb":{"@id":"https:\/\/folhadoleste.com.br\/tres-suspeitos-sao-baleados-em-confronto-na-tijuca\/#breadcrumb"},"inLanguage":"en-US","potentialAction":[{"@type":"ReadAction","target":["https:\/\/folhadoleste.com.br\/tres-suspeitos-sao-baleados-em-confronto-na-tijuca\/"]}]},{"@type":"ImageObject","inLanguage":"en-US","@id":"https:\/\/folhadoleste.com.br\/tres-suspeitos-sao-baleados-em-confronto-na-tijuca\/#primaryimage","url":"https:\/\/folhadoleste.com.br\/wp-content\/uploads\/2024\/09\/Tres-suspeitos-sao-baleados-em-confronto-na-Tijuca-Foto-Reproducao-Redes-Sociais.webp","contentUrl":"https:\/\/folhadoleste.com.br\/wp-content\/uploads\/2024\/09\/Tres-suspeitos-sao-baleados-em-confronto-na-Tijuca-Foto-Reproducao-Redes-Sociais.webp","width":1200,"height":750,"caption":"Tr\u00eas suspeitos s\u00e3o baleados em confronto na Tijuca | Reprodu\u00e7\u00e3o\/Redes Sociais"},{"@type":"BreadcrumbList","@id":"https:\/\/folhadoleste.com.br\/tres-suspeitos-sao-baleados-em-confronto-na-tijuca\/#breadcrumb","itemListElement":[{"@type":"ListItem","position":1,"name":"In\u00edcio","item":"https:\/\/folhadoleste.com.br\/"},{"@type":"ListItem","position":2,"name":"Rio de Janeiro - Capital","item":"https:\/\/folhadoleste.com.br\/category\/rio-de-janeiro-capital\/"},{"@type":"ListItem","position":3,"name":"Tr\u00eas suspeitos s\u00e3o baleados em confronto na Tijuca"}]},{"@type":"WebSite","@id":"https:\/\/folhadoleste.com.br\/#website","url":"https:\/\/folhadoleste.com.br\/","name":"Folha do Leste","description":"Portal de Not\u00edcias com \u00eanfase em Niter\u00f3i, criando conte\u00fados desde a capital Rio de Janeiro, com olhar para o Leste Fluminense e suas cidades como S\u00e3o Gon\u00e7alo, Itabora\u00ed, Rio Bonito, Maric\u00e1, Saquarema e Araruama","publisher":{"@id":"https:\/\/folhadoleste.com.br\/#organization"},"alternateName":"FL","potentialAction":[{"@type":"SearchAction","target":{"@type":"EntryPoint","urlTemplate":"https:\/\/folhadoleste.com.br\/?s={search_term_string}"},"query-input":{"@type":"PropertyValueSpecification","valueRequired":true,"valueName":"search_term_string"}}],"inLanguage":"en-US"},{"@type":"Organization","@id":"https:\/\/folhadoleste.com.br\/#organization","name":"Brasil 21 Comunica\u00e7\u00e3o","alternateName":"BR21","url":"https:\/\/folhadoleste.com.br\/","logo":{"@type":"ImageObject","inLanguage":"en-US","@id":"https:\/\/folhadoleste.com.br\/#\/schema\/logo\/image\/","url":"https:\/\/folhadoleste.com.br\/wp-content\/uploads\/2025\/12\/brasil-21-logomarca.avif","contentUrl":"https:\/\/folhadoleste.com.br\/wp-content\/uploads\/2025\/12\/brasil-21-logomarca.avif","width":1044,"height":1044,"caption":"Brasil 21 Comunica\u00e7\u00e3o"},"image":{"@id":"https:\/\/folhadoleste.com.br\/#\/schema\/logo\/image\/"},"sameAs":["https:\/\/www.facebook.com\/folhadoleste","https:\/\/x.com\/FolhadoLesteRJ","https:\/\/www.instagram.com\/folhadoleste\/"]},{"@type":"Person","@id":"https:\/\/folhadoleste.com.br\/#\/schema\/person\/3e97145b2e1861276e84471aa85a3899","name":"Folha do Leste","image":{"@type":"ImageObject","inLanguage":"en-US","@id":"https:\/\/folhadoleste.com.br\/wp-content\/litespeed\/avatar\/1ca8c218432e7045e748610eb3db0259.jpg?ver=1777161142","url":"https:\/\/folhadoleste.com.br\/wp-content\/litespeed\/avatar\/1ca8c218432e7045e748610eb3db0259.jpg?ver=1777161142","contentUrl":"https:\/\/folhadoleste.com.br\/wp-content\/litespeed\/avatar\/1ca8c218432e7045e748610eb3db0259.jpg?ver=1777161142","caption":"Folha do Leste"},"url":"https:\/\/folhadoleste.com.br\/en\/author\/reportagem-01\/"}]}},"_links":{"self":[{"href":"https:\/\/folhadoleste.com.br\/en\/wp-json\/wp\/v2\/posts\/83020","targetHints":{"allow":["GET"]}}],"collection":[{"href":"https:\/\/folhadoleste.com.br\/en\/wp-json\/wp\/v2\/posts"}],"about":[{"href":"https:\/\/folhadoleste.com.br\/en\/wp-json\/wp\/v2\/types\/post"}],"author":[{"embeddable":true,"href":"https:\/\/folhadoleste.com.br\/en\/wp-json\/wp\/v2\/users\/4"}],"replies":[{"embeddable":true,"href":"https:\/\/folhadoleste.com.br\/en\/wp-json\/wp\/v2\/comments?post=83020"}],"version-history":[{"count":1,"href":"https:\/\/folhadoleste.com.br\/en\/wp-json\/wp\/v2\/posts\/83020\/revisions"}],"predecessor-version":[{"id":83030,"href":"https:\/\/folhadoleste.com.br\/en\/wp-json\/wp\/v2\/posts\/83020\/revisions\/83030"}],"wp:featuredmedia":[{"embeddable":true,"href":"https:\/\/folhadoleste.com.br\/en\/wp-json\/wp\/v2\/media\/83029"}],"wp:attachment":[{"href":"https:\/\/folhadoleste.com.br\/en\/wp-json\/wp\/v2\/media?parent=83020"}],"wp:term":[{"taxonomy":"category","embeddable":true,"href":"https:\/\/folhadoleste.com.br\/en\/wp-json\/wp\/v2\/categories?post=83020"},{"taxonomy":"post_tag","embeddable":true,"href":"https:\/\/folhadoleste.com.br\/en\/wp-json\/wp\/v2\/tags?post=83020"}],"curies":[{"name":"wp","href":"https:\/\/api.w.org\/{rel}","templated":true}]}}