{"id":82822,"date":"2024-09-03T08:31:04","date_gmt":"2024-09-03T11:31:04","guid":{"rendered":"https:\/\/folhadoleste.com.br\/?p=82822"},"modified":"2024-09-06T13:43:19","modified_gmt":"2024-09-06T16:43:19","slug":"servidores-de-niteroi-debatem-demandas-da-categoria-com-bruno-lessa","status":"publish","type":"post","link":"https:\/\/folhadoleste.com.br\/en\/servidores-de-niteroi-debatem-demandas-da-categoria-com-bruno-lessa\/","title":{"rendered":"Servidores de Niter\u00f3i debatem demandas da categoria com Bruno Lessa"},"content":{"rendered":"<div id=\"attachment_82887\" style=\"width: 1090px\" class=\"wp-caption aligncenter\"><img decoding=\"async\" aria-describedby=\"caption-attachment-82887\" class=\"wp-image-82887 size-full\" src=\"https:\/\/folhadoleste.com.br\/wp-content\/uploads\/2024\/09\/Bruno-Lessa-Cafe-com-os-Candidatos-Camara-de-Niteroi-1.jpg\" alt=\"Servidores de Niter\u00f3i debatem demandas da categoria com Bruno Lessa\" width=\"1080\" height=\"673\" \/><p id=\"caption-attachment-82887\" class=\"wp-caption-text\">Servidores de Niter\u00f3i debatem demandas da categoria com Bruno Lessa | Reprodu\u00e7\u00e3o<\/p><\/div>\n<p style=\"text-align: justify;\">As entidades representativas dos servidores municipais de Niter\u00f3i promoveram, na segunda-feira (2), mais uma edi\u00e7\u00e3o do evento &#8220;Caf\u00e9 com os Candidatos&#8221;, recebendo Bruno Lessa no plen\u00e1rio da C\u00e2mara Municipal. O objetivo da sabatina foi proporcionar aos candidatos uma oportunidade de expor suas propostas voltadas ao funcionalismo p\u00fablico, enquanto as entidades puderam question\u00e1-los sobre temas espec\u00edficos.<\/p>\n<p style=\"text-align: justify;\">Lessa destacou a relev\u00e2ncia do encontro e o classificou como um espa\u00e7o genu\u00edno de debate para o futuro de Niter\u00f3i. Ele afirmou que a cidade enfrenta um dos pleitos mais importantes dos \u00faltimos anos, citando a iminente queda nos royalties do petr\u00f3leo, prevista pela Ag\u00eancia Nacional do Petr\u00f3leo (ANP), como um dos desafios que o pr\u00f3ximo governo ter\u00e1 que enfrentar.<\/p>\n<h3>Perda do Poder de Compra dos Servidores<\/h3>\n<p style=\"text-align: justify;\">Durante o encontro, um tema central foi a an\u00e1lise das perdas salariais dos servidores municipais nos \u00faltimos 20 anos. Um gr\u00e1fico apresentado pelo Sindicato dos Auditores Fiscais da Receita Municipal de Niter\u00f3i indicou uma perda acumulada de 17,44%, destacando que o reajuste necess\u00e1rio seria de 21,12%.<\/p>\n<p style=\"text-align: justify;\">Lessa se posicionou sobre as pol\u00edticas de contrata\u00e7\u00f5es sem concurso p\u00fablico, defendendo a flexibiliza\u00e7\u00e3o em casos espec\u00edficos, mas prometeu cortar 30% dos cargos em comiss\u00e3o, caso eleito.<\/p>\n<blockquote>\n<p style=\"text-align: justify;\">&#8220;Temos que reduzir o volume de cargos em comiss\u00e3o na cidade. Em especial, a gente tem uma empresa p\u00fablica, que \u00e9 a Emusa, que consome R$ 50 milh\u00f5es por ano apenas em despesa com pessoal. Ent\u00e3o, eu defendo a extin\u00e7\u00e3o da Emusa, pois acho que ela virou sin\u00f4nimo de corrup\u00e7\u00e3o e de malversa\u00e7\u00e3o de recursos p\u00fablicos&#8221;, falou.<\/p>\n<\/blockquote>\n<h3 style=\"text-align: justify;\">Propostas para a Sa\u00fade<\/h3>\n<p style=\"text-align: justify;\">A precariza\u00e7\u00e3o dos v\u00ednculos de trabalho na \u00e1rea da sa\u00fade foi outro tema relevante. Lessa defendeu a manuten\u00e7\u00e3o da Funda\u00e7\u00e3o Estatal de Sa\u00fade (FeSa\u00fade) como gestora dos servi\u00e7os de sa\u00fade, ao mesmo tempo em que prop\u00f4s a compra de vagas na rede privada para agilizar a realiza\u00e7\u00e3o de exames. Segundo o candidato, a popula\u00e7\u00e3o n\u00e3o pode esperar por obras, e parcerias com hospitais privados s\u00e3o uma solu\u00e7\u00e3o vi\u00e1vel para reduzir filas.<\/p>\n<blockquote>\n<p style=\"text-align: justify;\">&#8220;Enxergo no conv\u00eanio com a iniciativa privada a forma de resolver em seis meses a fila por espera pra fazer exames. Enxergo verdadeiramente falo isso com profundo respeito aos servidores p\u00fablicos porque quero tamb\u00e9m valoriz\u00e1-los. Mas, mais uma vez, a gente precisa resolver o problema de quem est\u00e1 h\u00e1 meses esperando para fazer o exame&#8221;, disse.<\/p>\n<\/blockquote>\n<p style=\"text-align: justify;\">Lessa tamb\u00e9m foi questionado sobre a assist\u00eancia m\u00e9dica aos servidores municipais. Ele afirmou que os atendimentos de alta complexidade devem permanecer no SUS. Entretanto, prop\u00f4s conv\u00eanios com hospitais privados para casos de m\u00e9dia e pequena complexidade, a fim de garantir o atendimento adequado aos servidores.<\/p>\n<p style=\"text-align: justify;\">Todavia, em rota contr\u00e1ria \u00e0s propostas de Lessa, o Sindsprev culpou o parlamento pela exist\u00eancia de Organiza\u00e7\u00f5es Sociais na gest\u00e3o de unidades de Sa\u00fade em Niter\u00f3i.<\/p>\n<blockquote>\n<p style=\"text-align: justify;\">&#8220;Se tem OS l\u00e1 no CPN, \u00e9 por falta de gerenciamento. \u00c9 por falta de fiscaliza\u00e7\u00e3o da maioria dessa Casa (C\u00e2mara). Porque a OS foi votada aqui&#8221;.<\/p>\n<\/blockquote>\n<p style=\"text-align: justify;\">O representante da entidade se posicionou de forma contr\u00e1ria a proposta do candidato de fazer conv\u00eanios com os hospitais de Niter\u00f3i para &#8220;zerar a fila&#8221; da Sa\u00fade. E finalizou dizendo que se houver vontade pol\u00edtica, \u00e9 poss\u00edvel fazer tudo pela rede p\u00fablica.<\/p>\n<blockquote>\n<p style=\"text-align: justify;\">&#8220;N\u00f3s defendemos um SUS 100%, que todos tenham direito a sa\u00fade&#8221;.<\/p>\n<\/blockquote>\n<h3 style=\"text-align: justify;\">Fiscaliza\u00e7\u00e3o e Transpar\u00eancia<\/h3>\n<p style=\"text-align: justify;\">Em contrapartida, Lessa se comprometeu a revisar contratos com Organiza\u00e7\u00f5es Sociais (OS) e aumentar a fiscaliza\u00e7\u00e3o sobre sua atua\u00e7\u00e3o nas unidades de sa\u00fade. Ele tamb\u00e9m criticou a atua\u00e7\u00e3o da C\u00e2mara de Niter\u00f3i. E comparou o parlamento ao TikTok, afirmando como necess\u00e1rio um foco maior na presta\u00e7\u00e3o de servi\u00e7os p\u00fablicos de qualidade.<\/p>\n<blockquote>\n<p style=\"text-align: justify;\">&#8220;O parlamento est\u00e1 virando uma coisa de TikTok que \u00e9 lament\u00e1vel. isso at\u00e9 pode dar voto mas em algum momento essa onda de parlamentar digital influencer ir\u00e1 acabar no Brasil e as pessoas v\u00e3o voltar a trabalhar pelo que de fato importa<\/p>\n<\/blockquote>\n<h3 style=\"text-align: justify;\">Educa\u00e7\u00e3o: Desafios e Compromissos<\/h3>\n<p style=\"text-align: justify;\">Na \u00e1rea da educa\u00e7\u00e3o, o Sindicato Estadual dos Profissionais da Educa\u00e7\u00e3o (Sepe) abordou diversas quest\u00f5es. Dentre as quais, a falta de profissionais, a redu\u00e7\u00e3o da carga hor\u00e1ria de 40 horas para 30 horas e a qualidade da merenda escolar. <span style=\"font-size: 1.21429rem;\">O candidato reconheceu o d\u00e9ficit de cozinheiras e prometeu realizar concursos para sanar a car\u00eancia.<\/span><\/p>\n<p style=\"text-align: justify;\">Diante do elogio da entidade quanto ao card\u00e1pio da rede, Lessa defendeu uma lei de sua autoria, ainda do seu tempo de vereador. Ela determina que 30% dos alimentos da merenda escolar sejam org\u00e2nicos.<\/p>\n<div id=\"attachment_82886\" style=\"width: 1090px\" class=\"wp-caption aligncenter\"><img decoding=\"async\" aria-describedby=\"caption-attachment-82886\" class=\"size-full wp-image-82886\" src=\"https:\/\/folhadoleste.com.br\/wp-content\/uploads\/2024\/09\/Bruno-Lessa-Cafe-com-os-Candidatos-Camara-de-Niteroi.jpg\" alt=\"Servidores de Niter\u00f3i debatem demandas da categoria com Bruno Lessa\" width=\"1080\" height=\"669\" \/><p id=\"caption-attachment-82886\" class=\"wp-caption-text\">Servidores de Niter\u00f3i debatem demandas da categoria com Bruno Lessa<\/p><\/div>\n<p style=\"text-align: justify;\">Em rela\u00e7\u00e3o \u00e0 redu\u00e7\u00e3o da carga hor\u00e1ria dos trabalhadores da educa\u00e7\u00e3o, Lessa afirmou que n\u00e3o se trata de uma meta de curto prazo. Principalmente, considerando o atual d\u00e9ficit de profissionais. No entanto, ele garantiu que, a m\u00e9dio prazo, ir\u00e1 trabalhar para atender essa demanda.<\/p>\n<p style=\"text-align: justify;\">\n<blockquote>\n<p style=\"text-align: justify;\">&#8220;Eu n\u00e3o vou chegar aqui num momento que falta cozinheira na rede, e eu sei que voc\u00eas est\u00e3o passando por um momento dif\u00edcil, mas eu n\u00e3o acho que seja uma meta de curto prazo. A gente precisa fazer concurso, ampliar quadro, melhorar condi\u00e7\u00e3o e a\u00ed repensar carga hor\u00e1ria&#8221;, acrescentando que o candidato que disser que vai reduzir a carga hor\u00e1ria de 40 para 30 horas, ter\u00e1 dificuldade de cumprir essa promessa&#8221;<\/p>\n<\/blockquote>\n<p style=\"text-align: justify;\">Durante as quase duas horas de sabatina, Lessa adotou como lema o discurso sincero. Chegou a dizer que n\u00e3o est\u00e1 &#8220;vendendo terreno na lua&#8221;. Al\u00e9m disso, que suas propostas s\u00e3o realistas e exequ\u00edveis, apesar dos desafios financeiros que Niter\u00f3i enfrentar\u00e1 nos pr\u00f3ximos anos.<\/p>\n<h5 style=\"text-align: center;\"><span style=\"color: #000000;\"><span style=\"color: #ff0000;\"><strong>+ <\/strong><\/span><\/span><span style=\"color: #000000;\"><strong><span style=\"color: #ff9900;\">MAIS NOT\u00cdCIAS DE NITER\u00d3I?<\/span>\u00a0<\/strong><\/span><span style=\"color: #008080;\"><a style=\"color: #008080;\" href=\"https:\/\/folhadoleste.com.br\/en\/category\/jornal-folha-do-leste-rj\/niteroi\/\"><strong>CLIQUE AQUI<\/strong><\/a><\/span><\/h5>\n<h5 style=\"text-align: center;\"><span style=\"color: #000000;\"><span style=\"color: #ff0000;\"><strong>+ <\/strong><\/span><\/span><span style=\"color: #000000;\"><strong><span style=\"color: #ff9900;\">MAIS NOT\u00cdCIAS DO LESTE FLUMINENSE?<\/span> <span style=\"color: #008080;\"><a style=\"color: #008080;\" href=\"https:\/\/folhadoleste.com.br\/en\/category\/jornal-folha-do-leste-rj\/\">CLIQUE AQUI<\/a><\/span><\/strong><\/span><\/h5>\n<p>&nbsp;<\/p>\n<div id=\"attachment_77492\" style=\"width: 410px\" class=\"wp-caption aligncenter\"><a href=\"http:\/\/instagram.com\/folhadoleste\"><img decoding=\"async\" aria-describedby=\"caption-attachment-77492\" class=\"wp-image-77492 size-full\" src=\"https:\/\/folhadoleste.com.br\/wp-content\/uploads\/2024\/07\/Instagram-Folha-do-Leste.png\" alt=\"http:\/\/instagram.com\/folhadoleste\" width=\"400\" height=\"200\" \/><\/a><p id=\"caption-attachment-77492\" class=\"wp-caption-text\">Siga o Folha do Leste no Instagram!<\/p><\/div>\n<div id=\"attachment_77490\" style=\"width: 310px\" class=\"wp-caption aligncenter\"><a href=\"http:\/\/facebook.com\/folhadoleste\"><img decoding=\"async\" aria-describedby=\"caption-attachment-77490\" class=\"size-medium wp-image-77490\" src=\"https:\/\/folhadoleste.com.br\/wp-content\/uploads\/2024\/07\/Facebook-Folha-do-Leste-10k-300x300.jpg\" alt=\"Curta e siga o Folha do Leste no Facebook!\" width=\"300\" height=\"300\" \/><\/a><p id=\"caption-attachment-77490\" class=\"wp-caption-text\">Curta e siga o Folha do Leste no Facebook!<\/p><\/div>","protected":false},"excerpt":{"rendered":"<p>As entidades representativas dos servidores municipais de Niter\u00f3i promoveram, na segunda-feira (2), mais uma edi\u00e7\u00e3o do evento &#8220;Caf\u00e9 com os Candidatos&#8221;, recebendo Bruno Lessa no plen\u00e1rio da C\u00e2mara Municipal. O objetivo da sabatina foi proporcionar aos candidatos uma oportunidade de expor suas propostas voltadas ao funcionalismo p\u00fablico, enquanto as entidades puderam question\u00e1-los sobre temas espec\u00edficos. Lessa destacou a relev\u00e2ncia do encontro e o classificou como um espa\u00e7o genu\u00edno de debate para o futuro de Niter\u00f3i. Ele afirmou que a cidade enfrenta um dos pleitos mais importantes dos \u00faltimos anos, citando a iminente queda nos royalties do petr\u00f3leo, prevista pela Ag\u00eancia [&hellip;]<\/p>\n","protected":false},"author":4,"featured_media":82887,"comment_status":"open","ping_status":"open","sticky":false,"template":"","format":"standard","meta":{"footnotes":""},"categories":[47,5],"tags":[39693,1492,27661,39694,4350,19272,611,39695,50,39696,6844,7098,39697,39698,73,10000],"class_list":["post-82822","post","type-post","status-publish","format-standard","has-post-thumbnail","hentry","category-leste-fluminense","category-noticias-de-niteroi","tag-abatina","tag-anp","tag-bruno-lessa","tag-cargos-comissionados-saude-publica","tag-concurso-publico","tag-convenios","tag-educacao","tag-funcionalismo","tag-niteroi","tag-niteroi-royalties-do-petroleo","tag-os","tag-sabatina","tag-sabatina-contratos","tag-sabatina-cortes-de-cargos","tag-saude","tag-servidores","post--single"],"yoast_head":"<!-- This site is optimized with the Yoast SEO plugin v27.4 - https:\/\/yoast.com\/product\/yoast-seo-wordpress\/ -->\n<title>Servidores de Niter\u00f3i debatem demandas da categoria com Bruno Lessa &#8226; Folha do Leste<\/title>\n<meta name=\"description\" content=\"Servidores de Niter\u00f3i debatem demandas da categoria com Bruno Lessa, candidato a prefeito pela coliga\u00e7\u00e3o Niter\u00f3i Pode Mais.\" \/>\n<meta name=\"robots\" content=\"index, follow, max-snippet:-1, max-image-preview:large, max-video-preview:-1\" \/>\n<link rel=\"canonical\" href=\"https:\/\/folhadoleste.com.br\/en\/servidores-de-niteroi-debatem-demandas-da-categoria-com-bruno-lessa\/\" \/>\n<meta property=\"og:locale\" content=\"en_US\" \/>\n<meta property=\"og:type\" content=\"article\" \/>\n<meta property=\"og:title\" content=\"Servidores de Niter\u00f3i debatem demandas da categoria com Bruno Lessa &#8226; Folha do Leste\" \/>\n<meta property=\"og:description\" content=\"3 de September de 2024 &#8226; Leste Fluminense, Niter\u00f3i &#8226; Folha do Leste\" \/>\n<meta property=\"og:url\" content=\"https:\/\/folhadoleste.com.br\/en\/servidores-de-niteroi-debatem-demandas-da-categoria-com-bruno-lessa\/\" \/>\n<meta property=\"og:site_name\" content=\"Folha do Leste\" \/>\n<meta property=\"article:publisher\" content=\"https:\/\/www.facebook.com\/folhadoleste\" \/>\n<meta property=\"article:published_time\" content=\"2024-09-03T11:31:04+00:00\" \/>\n<meta property=\"article:modified_time\" content=\"2024-09-06T16:43:19+00:00\" \/>\n<meta property=\"og:image\" content=\"https:\/\/folhadoleste.com.br\/wp-content\/uploads\/2024\/09\/Bruno-Lessa-Cafe-com-os-Candidatos-Camara-de-Niteroi-1.jpg\" \/>\n\t<meta property=\"og:image:width\" content=\"1080\" \/>\n\t<meta property=\"og:image:height\" content=\"673\" \/>\n\t<meta property=\"og:image:type\" content=\"image\/jpeg\" \/>\n<meta name=\"author\" content=\"Folha do Leste\" \/>\n<meta name=\"twitter:card\" content=\"summary_large_image\" \/>\n<meta name=\"twitter:creator\" content=\"@FolhadoLesteRJ\" \/>\n<meta name=\"twitter:site\" content=\"@FolhadoLesteRJ\" \/>\n<meta name=\"twitter:label1\" content=\"Written by\" \/>\n\t<meta name=\"twitter:data1\" content=\"Folha do Leste\" \/>\n\t<meta name=\"twitter:label2\" content=\"Est. reading time\" \/>\n\t<meta name=\"twitter:data2\" content=\"5 minutes\" \/>\n<script type=\"application\/ld+json\" class=\"yoast-schema-graph\">{\"@context\":\"https:\\\/\\\/schema.org\",\"@graph\":[{\"@type\":\"NewsArticle\",\"@id\":\"https:\\\/\\\/folhadoleste.com.br\\\/servidores-de-niteroi-debatem-demandas-da-categoria-com-bruno-lessa\\\/#article\",\"isPartOf\":{\"@id\":\"https:\\\/\\\/folhadoleste.com.br\\\/servidores-de-niteroi-debatem-demandas-da-categoria-com-bruno-lessa\\\/\"},\"author\":{\"name\":\"Folha do Leste\",\"@id\":\"https:\\\/\\\/folhadoleste.com.br\\\/#\\\/schema\\\/person\\\/3e97145b2e1861276e84471aa85a3899\"},\"headline\":\"Servidores de Niter\u00f3i debatem demandas da categoria com Bruno Lessa\",\"datePublished\":\"2024-09-03T11:31:04+00:00\",\"dateModified\":\"2024-09-06T16:43:19+00:00\",\"mainEntityOfPage\":{\"@id\":\"https:\\\/\\\/folhadoleste.com.br\\\/servidores-de-niteroi-debatem-demandas-da-categoria-com-bruno-lessa\\\/\"},\"wordCount\":1083,\"commentCount\":0,\"publisher\":{\"@id\":\"https:\\\/\\\/folhadoleste.com.br\\\/#organization\"},\"image\":{\"@id\":\"https:\\\/\\\/folhadoleste.com.br\\\/servidores-de-niteroi-debatem-demandas-da-categoria-com-bruno-lessa\\\/#primaryimage\"},\"thumbnailUrl\":\"https:\\\/\\\/folhadoleste.com.br\\\/wp-content\\\/uploads\\\/2024\\\/09\\\/Bruno-Lessa-Cafe-com-os-Candidatos-Camara-de-Niteroi-1.jpg\",\"keywords\":[\"abatina\",\"ANP\",\"bruno lessa\",\"cargos comissionados Sa\u00fade p\u00fablica\",\"Concurso P\u00fablico\",\"Conv\u00eanios\",\"educa\u00e7\u00e3o\",\"funcionalismo\",\"Niter\u00f3i\",\"Niter\u00f3i Royalties do petr\u00f3leo\",\"OS\",\"Sabatina\",\"sabatina Contratos\",\"sabatina Cortes de cargos\",\"sa\u00fade\",\"servidores\"],\"articleSection\":[\"Leste Fluminense\",\"Niter\u00f3i\"],\"inLanguage\":\"en-US\",\"potentialAction\":[{\"@type\":\"CommentAction\",\"name\":\"Comment\",\"target\":[\"https:\\\/\\\/folhadoleste.com.br\\\/servidores-de-niteroi-debatem-demandas-da-categoria-com-bruno-lessa\\\/#respond\"]}]},{\"@type\":\"WebPage\",\"@id\":\"https:\\\/\\\/folhadoleste.com.br\\\/servidores-de-niteroi-debatem-demandas-da-categoria-com-bruno-lessa\\\/\",\"url\":\"https:\\\/\\\/folhadoleste.com.br\\\/servidores-de-niteroi-debatem-demandas-da-categoria-com-bruno-lessa\\\/\",\"name\":\"Servidores de Niter\u00f3i debatem demandas da categoria com Bruno Lessa &#8226; Folha do Leste\",\"isPartOf\":{\"@id\":\"https:\\\/\\\/folhadoleste.com.br\\\/#website\"},\"primaryImageOfPage\":{\"@id\":\"https:\\\/\\\/folhadoleste.com.br\\\/servidores-de-niteroi-debatem-demandas-da-categoria-com-bruno-lessa\\\/#primaryimage\"},\"image\":{\"@id\":\"https:\\\/\\\/folhadoleste.com.br\\\/servidores-de-niteroi-debatem-demandas-da-categoria-com-bruno-lessa\\\/#primaryimage\"},\"thumbnailUrl\":\"https:\\\/\\\/folhadoleste.com.br\\\/wp-content\\\/uploads\\\/2024\\\/09\\\/Bruno-Lessa-Cafe-com-os-Candidatos-Camara-de-Niteroi-1.jpg\",\"datePublished\":\"2024-09-03T11:31:04+00:00\",\"dateModified\":\"2024-09-06T16:43:19+00:00\",\"description\":\"Servidores de Niter\u00f3i debatem demandas da categoria com Bruno Lessa, candidato a prefeito pela coliga\u00e7\u00e3o Niter\u00f3i Pode Mais.\",\"breadcrumb\":{\"@id\":\"https:\\\/\\\/folhadoleste.com.br\\\/servidores-de-niteroi-debatem-demandas-da-categoria-com-bruno-lessa\\\/#breadcrumb\"},\"inLanguage\":\"en-US\",\"potentialAction\":[{\"@type\":\"ReadAction\",\"target\":[\"https:\\\/\\\/folhadoleste.com.br\\\/servidores-de-niteroi-debatem-demandas-da-categoria-com-bruno-lessa\\\/\"]}]},{\"@type\":\"ImageObject\",\"inLanguage\":\"en-US\",\"@id\":\"https:\\\/\\\/folhadoleste.com.br\\\/servidores-de-niteroi-debatem-demandas-da-categoria-com-bruno-lessa\\\/#primaryimage\",\"url\":\"https:\\\/\\\/folhadoleste.com.br\\\/wp-content\\\/uploads\\\/2024\\\/09\\\/Bruno-Lessa-Cafe-com-os-Candidatos-Camara-de-Niteroi-1.jpg\",\"contentUrl\":\"https:\\\/\\\/folhadoleste.com.br\\\/wp-content\\\/uploads\\\/2024\\\/09\\\/Bruno-Lessa-Cafe-com-os-Candidatos-Camara-de-Niteroi-1.jpg\",\"width\":1080,\"height\":673},{\"@type\":\"BreadcrumbList\",\"@id\":\"https:\\\/\\\/folhadoleste.com.br\\\/servidores-de-niteroi-debatem-demandas-da-categoria-com-bruno-lessa\\\/#breadcrumb\",\"itemListElement\":[{\"@type\":\"ListItem\",\"position\":1,\"name\":\"In\u00edcio\",\"item\":\"https:\\\/\\\/folhadoleste.com.br\\\/\"},{\"@type\":\"ListItem\",\"position\":2,\"name\":\"Estado do Rio de Janeiro\",\"item\":\"https:\\\/\\\/folhadoleste.com.br\\\/category\\\/estado-do-rio-de-janeiro\\\/\"},{\"@type\":\"ListItem\",\"position\":3,\"name\":\"Leste Fluminense\",\"item\":\"https:\\\/\\\/folhadoleste.com.br\\\/category\\\/estado-do-rio-de-janeiro\\\/leste-fluminense\\\/\"},{\"@type\":\"ListItem\",\"position\":4,\"name\":\"Niter\u00f3i\",\"item\":\"https:\\\/\\\/folhadoleste.com.br\\\/category\\\/estado-do-rio-de-janeiro\\\/leste-fluminense\\\/noticias-de-niteroi\\\/\"},{\"@type\":\"ListItem\",\"position\":5,\"name\":\"Servidores de Niter\u00f3i debatem demandas da categoria com Bruno Lessa\"}]},{\"@type\":\"WebSite\",\"@id\":\"https:\\\/\\\/folhadoleste.com.br\\\/#website\",\"url\":\"https:\\\/\\\/folhadoleste.com.br\\\/\",\"name\":\"Folha do Leste\",\"description\":\"Portal de Not\u00edcias com \u00eanfase em Niter\u00f3i, criando conte\u00fados desde a capital Rio de Janeiro, com olhar para o Leste Fluminense e suas cidades como S\u00e3o Gon\u00e7alo, Itabora\u00ed, Rio Bonito, Maric\u00e1, Saquarema e Araruama\",\"publisher\":{\"@id\":\"https:\\\/\\\/folhadoleste.com.br\\\/#organization\"},\"alternateName\":\"FL\",\"potentialAction\":[{\"@type\":\"SearchAction\",\"target\":{\"@type\":\"EntryPoint\",\"urlTemplate\":\"https:\\\/\\\/folhadoleste.com.br\\\/?s={search_term_string}\"},\"query-input\":{\"@type\":\"PropertyValueSpecification\",\"valueRequired\":true,\"valueName\":\"search_term_string\"}}],\"inLanguage\":\"en-US\"},{\"@type\":\"Organization\",\"@id\":\"https:\\\/\\\/folhadoleste.com.br\\\/#organization\",\"name\":\"Brasil 21 Comunica\u00e7\u00e3o\",\"alternateName\":\"BR21\",\"url\":\"https:\\\/\\\/folhadoleste.com.br\\\/\",\"logo\":{\"@type\":\"ImageObject\",\"inLanguage\":\"en-US\",\"@id\":\"https:\\\/\\\/folhadoleste.com.br\\\/#\\\/schema\\\/logo\\\/image\\\/\",\"url\":\"https:\\\/\\\/folhadoleste.com.br\\\/wp-content\\\/uploads\\\/2025\\\/12\\\/brasil-21-logomarca.avif\",\"contentUrl\":\"https:\\\/\\\/folhadoleste.com.br\\\/wp-content\\\/uploads\\\/2025\\\/12\\\/brasil-21-logomarca.avif\",\"width\":1044,\"height\":1044,\"caption\":\"Brasil 21 Comunica\u00e7\u00e3o\"},\"image\":{\"@id\":\"https:\\\/\\\/folhadoleste.com.br\\\/#\\\/schema\\\/logo\\\/image\\\/\"},\"sameAs\":[\"https:\\\/\\\/www.facebook.com\\\/folhadoleste\",\"https:\\\/\\\/x.com\\\/FolhadoLesteRJ\",\"https:\\\/\\\/www.instagram.com\\\/folhadoleste\\\/\"]},{\"@type\":\"Person\",\"@id\":\"https:\\\/\\\/folhadoleste.com.br\\\/#\\\/schema\\\/person\\\/3e97145b2e1861276e84471aa85a3899\",\"name\":\"Folha do Leste\",\"image\":{\"@type\":\"ImageObject\",\"inLanguage\":\"en-US\",\"@id\":\"https:\\\/\\\/folhadoleste.com.br\\\/wp-content\\\/litespeed\\\/avatar\\\/1ca8c218432e7045e748610eb3db0259.jpg?ver=1777161142\",\"url\":\"https:\\\/\\\/folhadoleste.com.br\\\/wp-content\\\/litespeed\\\/avatar\\\/1ca8c218432e7045e748610eb3db0259.jpg?ver=1777161142\",\"contentUrl\":\"https:\\\/\\\/folhadoleste.com.br\\\/wp-content\\\/litespeed\\\/avatar\\\/1ca8c218432e7045e748610eb3db0259.jpg?ver=1777161142\",\"caption\":\"Folha do Leste\"},\"url\":\"https:\\\/\\\/folhadoleste.com.br\\\/en\\\/author\\\/reportagem-01\\\/\"}]}<\/script>\n<!-- \/ Yoast SEO plugin. -->","yoast_head_json":{"title":"Servidores de Niter\u00f3i debatem demandas da categoria com Bruno Lessa &#8226; Folha do Leste","description":"Servidores de Niter\u00f3i debatem demandas da categoria com Bruno Lessa, candidato a prefeito pela coliga\u00e7\u00e3o Niter\u00f3i Pode Mais.","robots":{"index":"index","follow":"follow","max-snippet":"max-snippet:-1","max-image-preview":"max-image-preview:large","max-video-preview":"max-video-preview:-1"},"canonical":"https:\/\/folhadoleste.com.br\/en\/servidores-de-niteroi-debatem-demandas-da-categoria-com-bruno-lessa\/","og_locale":"en_US","og_type":"article","og_title":"Servidores de Niter\u00f3i debatem demandas da categoria com Bruno Lessa &#8226; Folha do Leste","og_description":"3 de September de 2024 &#8226; Leste Fluminense, Niter\u00f3i &#8226; Folha do Leste","og_url":"https:\/\/folhadoleste.com.br\/en\/servidores-de-niteroi-debatem-demandas-da-categoria-com-bruno-lessa\/","og_site_name":"Folha do Leste","article_publisher":"https:\/\/www.facebook.com\/folhadoleste","article_published_time":"2024-09-03T11:31:04+00:00","article_modified_time":"2024-09-06T16:43:19+00:00","og_image":[{"width":1080,"height":673,"url":"https:\/\/folhadoleste.com.br\/wp-content\/uploads\/2024\/09\/Bruno-Lessa-Cafe-com-os-Candidatos-Camara-de-Niteroi-1.jpg","type":"image\/jpeg"}],"author":"Folha do Leste","twitter_card":"summary_large_image","twitter_creator":"@FolhadoLesteRJ","twitter_site":"@FolhadoLesteRJ","twitter_misc":{"Written by":"Folha do Leste","Est. reading time":"5 minutes"},"schema":{"@context":"https:\/\/schema.org","@graph":[{"@type":"NewsArticle","@id":"https:\/\/folhadoleste.com.br\/servidores-de-niteroi-debatem-demandas-da-categoria-com-bruno-lessa\/#article","isPartOf":{"@id":"https:\/\/folhadoleste.com.br\/servidores-de-niteroi-debatem-demandas-da-categoria-com-bruno-lessa\/"},"author":{"name":"Folha do Leste","@id":"https:\/\/folhadoleste.com.br\/#\/schema\/person\/3e97145b2e1861276e84471aa85a3899"},"headline":"Servidores de Niter\u00f3i debatem demandas da categoria com Bruno Lessa","datePublished":"2024-09-03T11:31:04+00:00","dateModified":"2024-09-06T16:43:19+00:00","mainEntityOfPage":{"@id":"https:\/\/folhadoleste.com.br\/servidores-de-niteroi-debatem-demandas-da-categoria-com-bruno-lessa\/"},"wordCount":1083,"commentCount":0,"publisher":{"@id":"https:\/\/folhadoleste.com.br\/#organization"},"image":{"@id":"https:\/\/folhadoleste.com.br\/servidores-de-niteroi-debatem-demandas-da-categoria-com-bruno-lessa\/#primaryimage"},"thumbnailUrl":"https:\/\/folhadoleste.com.br\/wp-content\/uploads\/2024\/09\/Bruno-Lessa-Cafe-com-os-Candidatos-Camara-de-Niteroi-1.jpg","keywords":["abatina","ANP","bruno lessa","cargos comissionados Sa\u00fade p\u00fablica","Concurso P\u00fablico","Conv\u00eanios","educa\u00e7\u00e3o","funcionalismo","Niter\u00f3i","Niter\u00f3i Royalties do petr\u00f3leo","OS","Sabatina","sabatina Contratos","sabatina Cortes de cargos","sa\u00fade","servidores"],"articleSection":["Leste Fluminense","Niter\u00f3i"],"inLanguage":"en-US","potentialAction":[{"@type":"CommentAction","name":"Comment","target":["https:\/\/folhadoleste.com.br\/servidores-de-niteroi-debatem-demandas-da-categoria-com-bruno-lessa\/#respond"]}]},{"@type":"WebPage","@id":"https:\/\/folhadoleste.com.br\/servidores-de-niteroi-debatem-demandas-da-categoria-com-bruno-lessa\/","url":"https:\/\/folhadoleste.com.br\/servidores-de-niteroi-debatem-demandas-da-categoria-com-bruno-lessa\/","name":"Servidores de Niter\u00f3i debatem demandas da categoria com Bruno Lessa &#8226; Folha do Leste","isPartOf":{"@id":"https:\/\/folhadoleste.com.br\/#website"},"primaryImageOfPage":{"@id":"https:\/\/folhadoleste.com.br\/servidores-de-niteroi-debatem-demandas-da-categoria-com-bruno-lessa\/#primaryimage"},"image":{"@id":"https:\/\/folhadoleste.com.br\/servidores-de-niteroi-debatem-demandas-da-categoria-com-bruno-lessa\/#primaryimage"},"thumbnailUrl":"https:\/\/folhadoleste.com.br\/wp-content\/uploads\/2024\/09\/Bruno-Lessa-Cafe-com-os-Candidatos-Camara-de-Niteroi-1.jpg","datePublished":"2024-09-03T11:31:04+00:00","dateModified":"2024-09-06T16:43:19+00:00","description":"Servidores de Niter\u00f3i debatem demandas da categoria com Bruno Lessa, candidato a prefeito pela coliga\u00e7\u00e3o Niter\u00f3i Pode Mais.","breadcrumb":{"@id":"https:\/\/folhadoleste.com.br\/servidores-de-niteroi-debatem-demandas-da-categoria-com-bruno-lessa\/#breadcrumb"},"inLanguage":"en-US","potentialAction":[{"@type":"ReadAction","target":["https:\/\/folhadoleste.com.br\/servidores-de-niteroi-debatem-demandas-da-categoria-com-bruno-lessa\/"]}]},{"@type":"ImageObject","inLanguage":"en-US","@id":"https:\/\/folhadoleste.com.br\/servidores-de-niteroi-debatem-demandas-da-categoria-com-bruno-lessa\/#primaryimage","url":"https:\/\/folhadoleste.com.br\/wp-content\/uploads\/2024\/09\/Bruno-Lessa-Cafe-com-os-Candidatos-Camara-de-Niteroi-1.jpg","contentUrl":"https:\/\/folhadoleste.com.br\/wp-content\/uploads\/2024\/09\/Bruno-Lessa-Cafe-com-os-Candidatos-Camara-de-Niteroi-1.jpg","width":1080,"height":673},{"@type":"BreadcrumbList","@id":"https:\/\/folhadoleste.com.br\/servidores-de-niteroi-debatem-demandas-da-categoria-com-bruno-lessa\/#breadcrumb","itemListElement":[{"@type":"ListItem","position":1,"name":"In\u00edcio","item":"https:\/\/folhadoleste.com.br\/"},{"@type":"ListItem","position":2,"name":"Estado do Rio de Janeiro","item":"https:\/\/folhadoleste.com.br\/category\/estado-do-rio-de-janeiro\/"},{"@type":"ListItem","position":3,"name":"Leste Fluminense","item":"https:\/\/folhadoleste.com.br\/category\/estado-do-rio-de-janeiro\/leste-fluminense\/"},{"@type":"ListItem","position":4,"name":"Niter\u00f3i","item":"https:\/\/folhadoleste.com.br\/category\/estado-do-rio-de-janeiro\/leste-fluminense\/noticias-de-niteroi\/"},{"@type":"ListItem","position":5,"name":"Servidores de Niter\u00f3i debatem demandas da categoria com Bruno Lessa"}]},{"@type":"WebSite","@id":"https:\/\/folhadoleste.com.br\/#website","url":"https:\/\/folhadoleste.com.br\/","name":"Folha do Leste","description":"Portal de Not\u00edcias com \u00eanfase em Niter\u00f3i, criando conte\u00fados desde a capital Rio de Janeiro, com olhar para o Leste Fluminense e suas cidades como S\u00e3o Gon\u00e7alo, Itabora\u00ed, Rio Bonito, Maric\u00e1, Saquarema e Araruama","publisher":{"@id":"https:\/\/folhadoleste.com.br\/#organization"},"alternateName":"FL","potentialAction":[{"@type":"SearchAction","target":{"@type":"EntryPoint","urlTemplate":"https:\/\/folhadoleste.com.br\/?s={search_term_string}"},"query-input":{"@type":"PropertyValueSpecification","valueRequired":true,"valueName":"search_term_string"}}],"inLanguage":"en-US"},{"@type":"Organization","@id":"https:\/\/folhadoleste.com.br\/#organization","name":"Brasil 21 Comunica\u00e7\u00e3o","alternateName":"BR21","url":"https:\/\/folhadoleste.com.br\/","logo":{"@type":"ImageObject","inLanguage":"en-US","@id":"https:\/\/folhadoleste.com.br\/#\/schema\/logo\/image\/","url":"https:\/\/folhadoleste.com.br\/wp-content\/uploads\/2025\/12\/brasil-21-logomarca.avif","contentUrl":"https:\/\/folhadoleste.com.br\/wp-content\/uploads\/2025\/12\/brasil-21-logomarca.avif","width":1044,"height":1044,"caption":"Brasil 21 Comunica\u00e7\u00e3o"},"image":{"@id":"https:\/\/folhadoleste.com.br\/#\/schema\/logo\/image\/"},"sameAs":["https:\/\/www.facebook.com\/folhadoleste","https:\/\/x.com\/FolhadoLesteRJ","https:\/\/www.instagram.com\/folhadoleste\/"]},{"@type":"Person","@id":"https:\/\/folhadoleste.com.br\/#\/schema\/person\/3e97145b2e1861276e84471aa85a3899","name":"Folha do Leste","image":{"@type":"ImageObject","inLanguage":"en-US","@id":"https:\/\/folhadoleste.com.br\/wp-content\/litespeed\/avatar\/1ca8c218432e7045e748610eb3db0259.jpg?ver=1777161142","url":"https:\/\/folhadoleste.com.br\/wp-content\/litespeed\/avatar\/1ca8c218432e7045e748610eb3db0259.jpg?ver=1777161142","contentUrl":"https:\/\/folhadoleste.com.br\/wp-content\/litespeed\/avatar\/1ca8c218432e7045e748610eb3db0259.jpg?ver=1777161142","caption":"Folha do Leste"},"url":"https:\/\/folhadoleste.com.br\/en\/author\/reportagem-01\/"}]}},"_links":{"self":[{"href":"https:\/\/folhadoleste.com.br\/en\/wp-json\/wp\/v2\/posts\/82822","targetHints":{"allow":["GET"]}}],"collection":[{"href":"https:\/\/folhadoleste.com.br\/en\/wp-json\/wp\/v2\/posts"}],"about":[{"href":"https:\/\/folhadoleste.com.br\/en\/wp-json\/wp\/v2\/types\/post"}],"author":[{"embeddable":true,"href":"https:\/\/folhadoleste.com.br\/en\/wp-json\/wp\/v2\/users\/4"}],"replies":[{"embeddable":true,"href":"https:\/\/folhadoleste.com.br\/en\/wp-json\/wp\/v2\/comments?post=82822"}],"version-history":[{"count":1,"href":"https:\/\/folhadoleste.com.br\/en\/wp-json\/wp\/v2\/posts\/82822\/revisions"}],"predecessor-version":[{"id":82890,"href":"https:\/\/folhadoleste.com.br\/en\/wp-json\/wp\/v2\/posts\/82822\/revisions\/82890"}],"wp:featuredmedia":[{"embeddable":true,"href":"https:\/\/folhadoleste.com.br\/en\/wp-json\/wp\/v2\/media\/82887"}],"wp:attachment":[{"href":"https:\/\/folhadoleste.com.br\/en\/wp-json\/wp\/v2\/media?parent=82822"}],"wp:term":[{"taxonomy":"category","embeddable":true,"href":"https:\/\/folhadoleste.com.br\/en\/wp-json\/wp\/v2\/categories?post=82822"},{"taxonomy":"post_tag","embeddable":true,"href":"https:\/\/folhadoleste.com.br\/en\/wp-json\/wp\/v2\/tags?post=82822"}],"curies":[{"name":"wp","href":"https:\/\/api.w.org\/{rel}","templated":true}]}}