{"id":81664,"date":"2024-08-28T18:58:22","date_gmt":"2024-08-28T21:58:22","guid":{"rendered":"https:\/\/folhadoleste.com.br\/?p=81664"},"modified":"2024-08-28T20:13:44","modified_gmt":"2024-08-28T23:13:44","slug":"governo-pede-transferencia-de-lideres-do-trafico-para-federais","status":"publish","type":"post","link":"https:\/\/folhadoleste.com.br\/en\/governo-pede-transferencia-de-lideres-do-trafico-para-federais\/","title":{"rendered":"Governo pede transfer\u00eancia de l\u00edderes do tr\u00e1fico para federais"},"content":{"rendered":"<div id=\"attachment_81666\" style=\"width: 1210px\" class=\"wp-caption aligncenter\"><img decoding=\"async\" aria-describedby=\"caption-attachment-81666\" class=\"size-full wp-image-81666\" src=\"https:\/\/folhadoleste.com.br\/wp-content\/uploads\/2024\/08\/Governo-pede-transferencia-de-lideres-do-trafico-me-para-federais-Foto-Divulgacao-Governo-do-Rio.jpg\" alt=\"Governo pede transfer\u00eancia de l\u00edderes do tr\u00e1fico me para federais\" width=\"1200\" height=\"750\" \/><p id=\"caption-attachment-81666\" class=\"wp-caption-text\">Governo pede transfer\u00eancia de l\u00edderes do tr\u00e1fico para federais | Divulga\u00e7\u00e3o\/Governo do Rio<\/p><\/div>\n<p style=\"text-align: justify;\">O Governo do Rio de Janeiro deu um passo decisivo no combate ao crime organizado, solicitando a transfer\u00eancia de 13 l\u00edderes de fac\u00e7\u00f5es criminosas, atualmente detidos em penitenci\u00e1rias estaduais, para pres\u00eddios federais. O pedido foi prontamente atendido pelo Minist\u00e9rio da Justi\u00e7a e Seguran\u00e7a P\u00fablica (MJSP), que concedeu as vagas necess\u00e1rias.<\/p>\n<h6><span style=\"color: #ff0000;\"><strong>+<\/strong><\/span> <span style=\"color: #000000;\">LEIA TAMB\u00c9M: \u25ba<\/span><a href=\"https:\/\/folhadoleste.com.br\/en\/pm-prende-tres-e-apreende-fuzis-em-operacao\/\"><strong>PM prende tr\u00eas e apreende fuzis em opera\u00e7\u00e3o<\/strong><\/a><\/h6>\n<p style=\"text-align: justify;\">Nesta quarta-feira (28), o governo confirmou que o protocolo de transfer\u00eancia foi finalizado, detalhando as a\u00e7\u00f5es individuais de cada um dos 13 traficantes. Agora, o processo depende apenas da autoriza\u00e7\u00e3o do Poder Judici\u00e1rio. Nos pr\u00f3ximos dias, uma reuni\u00e3o com o Tribunal de Justi\u00e7a discutir\u00e1 os detalhes finais para a transfer\u00eancia dos criminosos.<\/p>\n<p style=\"text-align: justify;\">A decis\u00e3o de transferir os l\u00edderes do Comando Vermelho (CV) para pres\u00eddios federais foi tomada na segunda-feira da semana passada (19), durante um encontro de representantes das secretarias de Pol\u00edcia Civil, Pol\u00edcia Militar e Administra\u00e7\u00e3o Penitenci\u00e1ria com o secret\u00e1rio de Estado de Seguran\u00e7a P\u00fablica, Victor dos Santos. A reuni\u00e3o, realizada no Centro Integrado de Comando e Controle (CICC), no Centro do Rio, tamb\u00e9m contou com a participa\u00e7\u00e3o do Minist\u00e9rio P\u00fablico do Estado do Rio (MPRJ).<\/p>\n<h5 style=\"text-align: center;\"><span style=\"color: #000000;\"><span style=\"color: #ff0000;\"><strong>+ <\/strong><\/span><\/span><span style=\"color: #000000;\"><strong><span style=\"color: #ff9900;\">MAIS NOT\u00cdCIAS DO ESTADO DO RIO DE JANEIRO?<\/span> <span style=\"color: #008080;\"><a style=\"color: #008080;\" href=\"https:\/\/folhadoleste.com.br\/en\/category\/estado-do-rio-de-janeiro\/\">CLIQUE AQUI<\/a><\/span><\/strong><\/span><\/h5>\n<p style=\"text-align: justify;\">O principal objetivo dessa medida \u00e9 isolar os l\u00edderes das fac\u00e7\u00f5es, dificultando a comunica\u00e7\u00e3o deles com integrantes que permanecem nas ruas, o que poderia minar as opera\u00e7\u00f5es criminosas e reduzir a viol\u00eancia nas comunidades. A guerra por territ\u00f3rios, que se intensifica em v\u00e1rias regi\u00f5es do estado, foi um dos principais fatores que motivaram essa decis\u00e3o.<\/p>\n<p style=\"text-align: justify;\">Na noite anterior \u00e0 reuni\u00e3o, um ataque a tiros em Vila Isabel, na Zona Norte, resultou na morte de cinco pessoas: Walace de Oliveira Cl\u00e1udio, de 35 anos; Gabriel Pereira Candido, de 24 anos; Pedro Henrique Pereira dos Santos, de 18 anos; Pedro Henrique Barbosa da Concei\u00e7\u00e3o, tamb\u00e9m de 18 anos; e um adolescente de 17 anos. As investiga\u00e7\u00f5es indicam que o ataque foi motivado pela disputa territorial entre o Terceiro Comando Puro (TCP) e o Comando Vermelho (CV).<\/p>\n<h6><span style=\"color: #ff0000;\"><strong>+<\/strong><\/span> <span style=\"color: #000000;\">LEIA TAMB\u00c9M: \u25ba<\/span><a href=\"https:\/\/folhadoleste.com.br\/en\/niteroi-mapeia-biodiversidade-na-enseada-de-jurujuba\/\"><strong>Niter\u00f3i mapeia biodiversidade na Enseada de Jurujuba<\/strong><\/a><\/h6>\n<p style=\"text-align: justify;\">Entre as v\u00edtimas, estava Pedro Henrique da Concei\u00e7\u00e3o, conhecido como &#8220;Marreco&#8221;, suposto chefe do tr\u00e1fico no Morro dos Macacos, uma \u00e1rea constantemente disputada pelas fac\u00e7\u00f5es. A comunidade vem sendo cen\u00e1rio de conflitos desde o in\u00edcio do ano, com tentativas de invas\u00f5es por traficantes do Morro S\u00e3o Jo\u00e3o, controlado pelo CV.<\/p>\n<div id=\"attachment_77492\" class=\"wp-caption aligncenter\">\n<p><a href=\"http:\/\/instagram.com\/folhadoleste\"><img decoding=\"async\" class=\"wp-image-77492 size-full\" src=\"https:\/\/folhadoleste.com.br\/wp-content\/uploads\/2024\/07\/Instagram-Folha-do-Leste.png\" alt=\"http:\/\/instagram.com\/folhadoleste\" width=\"400\" height=\"200\" aria-describedby=\"caption-attachment-77492\" \/><\/a><\/p>\n<p id=\"caption-attachment-77492\" class=\"wp-caption-text\">Siga o Folha do Leste no Instagram!<\/p>\n<\/div>\n<div id=\"attachment_77490\" class=\"wp-caption aligncenter\">\n<p><a href=\"http:\/\/facebook.com\/folhadoleste\"><img decoding=\"async\" class=\"size-medium wp-image-77490\" src=\"https:\/\/folhadoleste.com.br\/wp-content\/uploads\/2024\/07\/Facebook-Folha-do-Leste-10k-300x300.jpg\" alt=\"Curta e siga o Folha do Leste no Facebook!\" width=\"300\" height=\"300\" aria-describedby=\"caption-attachment-77490\" \/><\/a><\/p>\n<p id=\"caption-attachment-77490\" class=\"wp-caption-text\">Curta e siga o Folha do Leste no Facebook!<\/p>\n<\/div>","protected":false},"excerpt":{"rendered":"<p>O Governo do Rio de Janeiro deu um passo decisivo no combate ao crime organizado, solicitando a transfer\u00eancia de 13 l\u00edderes de fac\u00e7\u00f5es criminosas, atualmente detidos em penitenci\u00e1rias estaduais, para pres\u00eddios federais. O pedido foi prontamente atendido pelo Minist\u00e9rio da Justi\u00e7a e Seguran\u00e7a P\u00fablica (MJSP), que concedeu as vagas necess\u00e1rias. + LEIA TAMB\u00c9M: \u25baPM prende tr\u00eas e apreende fuzis em opera\u00e7\u00e3o Nesta quarta-feira (28), o governo confirmou que o protocolo de transfer\u00eancia foi finalizado, detalhando as a\u00e7\u00f5es individuais de cada um dos 13 traficantes. Agora, o processo depende apenas da autoriza\u00e7\u00e3o do Poder Judici\u00e1rio. Nos pr\u00f3ximos dias, uma reuni\u00e3o com [&hellip;]<\/p>\n","protected":false},"author":4,"featured_media":81666,"comment_status":"open","ping_status":"open","sticky":false,"template":"","format":"standard","meta":{"footnotes":""},"categories":[46,405],"tags":[1996,20333,23806,2362,5441,6616,600,20147,5415,38666,38668,697,37307,679,25087,50,16448,36313,7135,78,38665,93,585,824,3750,6673,3388,7231,38667,4971,651],"class_list":["post-81664","post","type-post","status-publish","format-standard","has-post-thumbnail","hentry","category-estado-do-rio-de-janeiro","category-policia-estado-do-rio-de-janeiro","tag-comando-vermelho","tag-combate-ao-crime-organizado","tag-controle-territorial","tag-crime","tag-criminalidade","tag-detentos","tag-estado-do-rio","tag-faccoes-criminosas","tag-governo-do-rio","tag-guerra-ao-crime","tag-guerra-por-territorios","tag-justica","tag-lideres-do-trafico","tag-ministerio-da-justica","tag-morro-dos-macacos","tag-niteroi","tag-operacoes-policiais","tag-pacificacao","tag-penitenciaria","tag-policia","tag-presidios-federais","tag-rio-de-janeiro","tag-seguranca","tag-seguranca-publica","tag-sistema-prisional","tag-terceiro-comando-puro","tag-trafico-de-drogas","tag-transferencia","tag-transferencia-de-lideres","tag-vila-isabel","tag-violencia","post--single"],"yoast_head":"<!-- This site is optimized with the Yoast SEO plugin v27.4 - https:\/\/yoast.com\/product\/yoast-seo-wordpress\/ -->\n<title>Governo pede transfer\u00eancia de l\u00edderes do tr\u00e1fico para federais &#8226; Folha do Leste<\/title>\n<meta name=\"description\" content=\"Governo pede transfer\u00eancia de l\u00edderes do tr\u00e1fico para federais. A medida, j\u00e1 autorizada pela Justi\u00e7a, tem como objetivo isolar...\" \/>\n<meta name=\"robots\" content=\"index, follow, max-snippet:-1, max-image-preview:large, max-video-preview:-1\" \/>\n<link rel=\"canonical\" href=\"https:\/\/folhadoleste.com.br\/en\/governo-pede-transferencia-de-lideres-do-trafico-para-federais\/\" \/>\n<meta property=\"og:locale\" content=\"en_US\" \/>\n<meta property=\"og:type\" content=\"article\" \/>\n<meta property=\"og:title\" content=\"Governo pede transfer\u00eancia de l\u00edderes do tr\u00e1fico para federais &#8226; Folha do Leste\" \/>\n<meta property=\"og:description\" content=\"Estado do Rio de Janeiro &#8226; 28 de August de 2024 &#8226; Folha do Leste\" \/>\n<meta property=\"og:url\" content=\"https:\/\/folhadoleste.com.br\/en\/governo-pede-transferencia-de-lideres-do-trafico-para-federais\/\" \/>\n<meta property=\"og:site_name\" content=\"Folha do Leste\" \/>\n<meta property=\"article:publisher\" content=\"https:\/\/www.facebook.com\/folhadoleste\" \/>\n<meta property=\"article:published_time\" content=\"2024-08-28T21:58:22+00:00\" \/>\n<meta property=\"article:modified_time\" content=\"2024-08-28T23:13:44+00:00\" \/>\n<meta property=\"og:image\" content=\"https:\/\/folhadoleste.com.br\/wp-content\/uploads\/2024\/08\/Governo-pede-transferencia-de-lideres-do-trafico-me-para-federais-Foto-Divulgacao-Governo-do-Rio.jpg\" \/>\n\t<meta property=\"og:image:width\" content=\"1200\" \/>\n\t<meta property=\"og:image:height\" content=\"750\" \/>\n\t<meta property=\"og:image:type\" content=\"image\/jpeg\" \/>\n<meta name=\"author\" content=\"Folha do Leste\" \/>\n<meta name=\"twitter:card\" content=\"summary_large_image\" \/>\n<meta name=\"twitter:description\" content=\"Estado do Rio de Janeiro &#8226; 28 de August de 2024 &#8226; Folha do Leste\" \/>\n<meta name=\"twitter:creator\" content=\"@FolhadoLesteRJ\" \/>\n<meta name=\"twitter:site\" content=\"@FolhadoLesteRJ\" \/>\n<meta name=\"twitter:label1\" content=\"Written by\" \/>\n\t<meta name=\"twitter:data1\" content=\"Folha do Leste\" \/>\n\t<meta name=\"twitter:label2\" content=\"Est. reading time\" \/>\n\t<meta name=\"twitter:data2\" content=\"4 minutes\" \/>\n<script type=\"application\/ld+json\" class=\"yoast-schema-graph\">{\"@context\":\"https:\\\/\\\/schema.org\",\"@graph\":[{\"@type\":\"NewsArticle\",\"@id\":\"https:\\\/\\\/folhadoleste.com.br\\\/governo-pede-transferencia-de-lideres-do-trafico-para-federais\\\/#article\",\"isPartOf\":{\"@id\":\"https:\\\/\\\/folhadoleste.com.br\\\/governo-pede-transferencia-de-lideres-do-trafico-para-federais\\\/\"},\"author\":{\"name\":\"Folha do Leste\",\"@id\":\"https:\\\/\\\/folhadoleste.com.br\\\/#\\\/schema\\\/person\\\/3e97145b2e1861276e84471aa85a3899\"},\"headline\":\"Governo pede transfer\u00eancia de l\u00edderes do tr\u00e1fico para federais\",\"datePublished\":\"2024-08-28T21:58:22+00:00\",\"dateModified\":\"2024-08-28T23:13:44+00:00\",\"mainEntityOfPage\":{\"@id\":\"https:\\\/\\\/folhadoleste.com.br\\\/governo-pede-transferencia-de-lideres-do-trafico-para-federais\\\/\"},\"wordCount\":493,\"commentCount\":0,\"publisher\":{\"@id\":\"https:\\\/\\\/folhadoleste.com.br\\\/#organization\"},\"image\":{\"@id\":\"https:\\\/\\\/folhadoleste.com.br\\\/governo-pede-transferencia-de-lideres-do-trafico-para-federais\\\/#primaryimage\"},\"thumbnailUrl\":\"https:\\\/\\\/folhadoleste.com.br\\\/wp-content\\\/uploads\\\/2024\\\/08\\\/Governo-pede-transferencia-de-lideres-do-trafico-me-para-federais-Foto-Divulgacao-Governo-do-Rio.jpg\",\"keywords\":[\"comando vermelho\",\"Combate ao Crime Organizado\",\"Controle Territorial\",\"crime\",\"criminalidade\",\"detentos\",\"estado do rio\",\"Fac\u00e7\u00f5es criminosas\",\"Governo do Rio\",\"guerra ao crime\",\"guerra por territ\u00f3rios\",\"Justi\u00e7a\",\"l\u00edderes do tr\u00e1fico\",\"Ministerio da justi\u00e7a\",\"Morro dos Macacos\",\"Niter\u00f3i\",\"Opera\u00e7\u00f5es Policiais\",\"pacifica\u00e7\u00e3o\",\"penitenci\u00e1ria\",\"pol\u00edcia\",\"pres\u00eddios federais\",\"Rio de Janeiro\",\"seguran\u00e7a\",\"Seguran\u00e7a publica\",\"sistema prisional\",\"Terceiro Comando Puro\",\"tr\u00e1fico de drogas\",\"transfer\u00eancia\",\"transfer\u00eancia de l\u00edderes\",\"Vila Isabel\",\"viol\u00eancia\"],\"articleSection\":[\"Estado do Rio de Janeiro\",\"Pol\u00edcia\"],\"inLanguage\":\"en-US\",\"potentialAction\":[{\"@type\":\"CommentAction\",\"name\":\"Comment\",\"target\":[\"https:\\\/\\\/folhadoleste.com.br\\\/governo-pede-transferencia-de-lideres-do-trafico-para-federais\\\/#respond\"]}]},{\"@type\":\"WebPage\",\"@id\":\"https:\\\/\\\/folhadoleste.com.br\\\/governo-pede-transferencia-de-lideres-do-trafico-para-federais\\\/\",\"url\":\"https:\\\/\\\/folhadoleste.com.br\\\/governo-pede-transferencia-de-lideres-do-trafico-para-federais\\\/\",\"name\":\"Governo pede transfer\u00eancia de l\u00edderes do tr\u00e1fico para federais &#8226; Folha do Leste\",\"isPartOf\":{\"@id\":\"https:\\\/\\\/folhadoleste.com.br\\\/#website\"},\"primaryImageOfPage\":{\"@id\":\"https:\\\/\\\/folhadoleste.com.br\\\/governo-pede-transferencia-de-lideres-do-trafico-para-federais\\\/#primaryimage\"},\"image\":{\"@id\":\"https:\\\/\\\/folhadoleste.com.br\\\/governo-pede-transferencia-de-lideres-do-trafico-para-federais\\\/#primaryimage\"},\"thumbnailUrl\":\"https:\\\/\\\/folhadoleste.com.br\\\/wp-content\\\/uploads\\\/2024\\\/08\\\/Governo-pede-transferencia-de-lideres-do-trafico-me-para-federais-Foto-Divulgacao-Governo-do-Rio.jpg\",\"datePublished\":\"2024-08-28T21:58:22+00:00\",\"dateModified\":\"2024-08-28T23:13:44+00:00\",\"description\":\"Governo pede transfer\u00eancia de l\u00edderes do tr\u00e1fico para federais. A medida, j\u00e1 autorizada pela Justi\u00e7a, tem como objetivo isolar...\",\"breadcrumb\":{\"@id\":\"https:\\\/\\\/folhadoleste.com.br\\\/governo-pede-transferencia-de-lideres-do-trafico-para-federais\\\/#breadcrumb\"},\"inLanguage\":\"en-US\",\"potentialAction\":[{\"@type\":\"ReadAction\",\"target\":[\"https:\\\/\\\/folhadoleste.com.br\\\/governo-pede-transferencia-de-lideres-do-trafico-para-federais\\\/\"]}]},{\"@type\":\"ImageObject\",\"inLanguage\":\"en-US\",\"@id\":\"https:\\\/\\\/folhadoleste.com.br\\\/governo-pede-transferencia-de-lideres-do-trafico-para-federais\\\/#primaryimage\",\"url\":\"https:\\\/\\\/folhadoleste.com.br\\\/wp-content\\\/uploads\\\/2024\\\/08\\\/Governo-pede-transferencia-de-lideres-do-trafico-me-para-federais-Foto-Divulgacao-Governo-do-Rio.jpg\",\"contentUrl\":\"https:\\\/\\\/folhadoleste.com.br\\\/wp-content\\\/uploads\\\/2024\\\/08\\\/Governo-pede-transferencia-de-lideres-do-trafico-me-para-federais-Foto-Divulgacao-Governo-do-Rio.jpg\",\"width\":1200,\"height\":750,\"caption\":\"Governo pede transfer\u00eancia de l\u00edderes do tr\u00e1fico me para federais | Divulga\u00e7\u00e3o\\\/Governo do Rio\"},{\"@type\":\"BreadcrumbList\",\"@id\":\"https:\\\/\\\/folhadoleste.com.br\\\/governo-pede-transferencia-de-lideres-do-trafico-para-federais\\\/#breadcrumb\",\"itemListElement\":[{\"@type\":\"ListItem\",\"position\":1,\"name\":\"In\u00edcio\",\"item\":\"https:\\\/\\\/folhadoleste.com.br\\\/\"},{\"@type\":\"ListItem\",\"position\":2,\"name\":\"Estado do Rio de Janeiro\",\"item\":\"https:\\\/\\\/folhadoleste.com.br\\\/category\\\/estado-do-rio-de-janeiro\\\/\"},{\"@type\":\"ListItem\",\"position\":3,\"name\":\"Governo pede transfer\u00eancia de l\u00edderes do tr\u00e1fico para federais\"}]},{\"@type\":\"WebSite\",\"@id\":\"https:\\\/\\\/folhadoleste.com.br\\\/#website\",\"url\":\"https:\\\/\\\/folhadoleste.com.br\\\/\",\"name\":\"Folha do Leste\",\"description\":\"Portal de Not\u00edcias com \u00eanfase em Niter\u00f3i, criando conte\u00fados desde a capital Rio de Janeiro, com olhar para o Leste Fluminense e suas cidades como S\u00e3o Gon\u00e7alo, Itabora\u00ed, Rio Bonito, Maric\u00e1, Saquarema e Araruama\",\"publisher\":{\"@id\":\"https:\\\/\\\/folhadoleste.com.br\\\/#organization\"},\"alternateName\":\"FL\",\"potentialAction\":[{\"@type\":\"SearchAction\",\"target\":{\"@type\":\"EntryPoint\",\"urlTemplate\":\"https:\\\/\\\/folhadoleste.com.br\\\/?s={search_term_string}\"},\"query-input\":{\"@type\":\"PropertyValueSpecification\",\"valueRequired\":true,\"valueName\":\"search_term_string\"}}],\"inLanguage\":\"en-US\"},{\"@type\":\"Organization\",\"@id\":\"https:\\\/\\\/folhadoleste.com.br\\\/#organization\",\"name\":\"Brasil 21 Comunica\u00e7\u00e3o\",\"alternateName\":\"BR21\",\"url\":\"https:\\\/\\\/folhadoleste.com.br\\\/\",\"logo\":{\"@type\":\"ImageObject\",\"inLanguage\":\"en-US\",\"@id\":\"https:\\\/\\\/folhadoleste.com.br\\\/#\\\/schema\\\/logo\\\/image\\\/\",\"url\":\"https:\\\/\\\/folhadoleste.com.br\\\/wp-content\\\/uploads\\\/2025\\\/12\\\/brasil-21-logomarca.avif\",\"contentUrl\":\"https:\\\/\\\/folhadoleste.com.br\\\/wp-content\\\/uploads\\\/2025\\\/12\\\/brasil-21-logomarca.avif\",\"width\":1044,\"height\":1044,\"caption\":\"Brasil 21 Comunica\u00e7\u00e3o\"},\"image\":{\"@id\":\"https:\\\/\\\/folhadoleste.com.br\\\/#\\\/schema\\\/logo\\\/image\\\/\"},\"sameAs\":[\"https:\\\/\\\/www.facebook.com\\\/folhadoleste\",\"https:\\\/\\\/x.com\\\/FolhadoLesteRJ\",\"https:\\\/\\\/www.instagram.com\\\/folhadoleste\\\/\"]},{\"@type\":\"Person\",\"@id\":\"https:\\\/\\\/folhadoleste.com.br\\\/#\\\/schema\\\/person\\\/3e97145b2e1861276e84471aa85a3899\",\"name\":\"Folha do Leste\",\"image\":{\"@type\":\"ImageObject\",\"inLanguage\":\"en-US\",\"@id\":\"https:\\\/\\\/folhadoleste.com.br\\\/wp-content\\\/litespeed\\\/avatar\\\/1ca8c218432e7045e748610eb3db0259.jpg?ver=1777161142\",\"url\":\"https:\\\/\\\/folhadoleste.com.br\\\/wp-content\\\/litespeed\\\/avatar\\\/1ca8c218432e7045e748610eb3db0259.jpg?ver=1777161142\",\"contentUrl\":\"https:\\\/\\\/folhadoleste.com.br\\\/wp-content\\\/litespeed\\\/avatar\\\/1ca8c218432e7045e748610eb3db0259.jpg?ver=1777161142\",\"caption\":\"Folha do Leste\"},\"url\":\"https:\\\/\\\/folhadoleste.com.br\\\/en\\\/author\\\/reportagem-01\\\/\"}]}<\/script>\n<!-- \/ Yoast SEO plugin. -->","yoast_head_json":{"title":"Governo pede transfer\u00eancia de l\u00edderes do tr\u00e1fico para federais &#8226; Folha do Leste","description":"Governo pede transfer\u00eancia de l\u00edderes do tr\u00e1fico para federais. A medida, j\u00e1 autorizada pela Justi\u00e7a, tem como objetivo isolar...","robots":{"index":"index","follow":"follow","max-snippet":"max-snippet:-1","max-image-preview":"max-image-preview:large","max-video-preview":"max-video-preview:-1"},"canonical":"https:\/\/folhadoleste.com.br\/en\/governo-pede-transferencia-de-lideres-do-trafico-para-federais\/","og_locale":"en_US","og_type":"article","og_title":"Governo pede transfer\u00eancia de l\u00edderes do tr\u00e1fico para federais &#8226; Folha do Leste","og_description":"Estado do Rio de Janeiro &#8226; 28 de August de 2024 &#8226; Folha do Leste","og_url":"https:\/\/folhadoleste.com.br\/en\/governo-pede-transferencia-de-lideres-do-trafico-para-federais\/","og_site_name":"Folha do Leste","article_publisher":"https:\/\/www.facebook.com\/folhadoleste","article_published_time":"2024-08-28T21:58:22+00:00","article_modified_time":"2024-08-28T23:13:44+00:00","og_image":[{"width":1200,"height":750,"url":"https:\/\/folhadoleste.com.br\/wp-content\/uploads\/2024\/08\/Governo-pede-transferencia-de-lideres-do-trafico-me-para-federais-Foto-Divulgacao-Governo-do-Rio.jpg","type":"image\/jpeg"}],"author":"Folha do Leste","twitter_card":"summary_large_image","twitter_description":"Estado do Rio de Janeiro &#8226; 28 de August de 2024 &#8226; Folha do Leste","twitter_creator":"@FolhadoLesteRJ","twitter_site":"@FolhadoLesteRJ","twitter_misc":{"Written by":"Folha do Leste","Est. reading time":"4 minutes"},"schema":{"@context":"https:\/\/schema.org","@graph":[{"@type":"NewsArticle","@id":"https:\/\/folhadoleste.com.br\/governo-pede-transferencia-de-lideres-do-trafico-para-federais\/#article","isPartOf":{"@id":"https:\/\/folhadoleste.com.br\/governo-pede-transferencia-de-lideres-do-trafico-para-federais\/"},"author":{"name":"Folha do Leste","@id":"https:\/\/folhadoleste.com.br\/#\/schema\/person\/3e97145b2e1861276e84471aa85a3899"},"headline":"Governo pede transfer\u00eancia de l\u00edderes do tr\u00e1fico para federais","datePublished":"2024-08-28T21:58:22+00:00","dateModified":"2024-08-28T23:13:44+00:00","mainEntityOfPage":{"@id":"https:\/\/folhadoleste.com.br\/governo-pede-transferencia-de-lideres-do-trafico-para-federais\/"},"wordCount":493,"commentCount":0,"publisher":{"@id":"https:\/\/folhadoleste.com.br\/#organization"},"image":{"@id":"https:\/\/folhadoleste.com.br\/governo-pede-transferencia-de-lideres-do-trafico-para-federais\/#primaryimage"},"thumbnailUrl":"https:\/\/folhadoleste.com.br\/wp-content\/uploads\/2024\/08\/Governo-pede-transferencia-de-lideres-do-trafico-me-para-federais-Foto-Divulgacao-Governo-do-Rio.jpg","keywords":["comando vermelho","Combate ao Crime Organizado","Controle Territorial","crime","criminalidade","detentos","estado do rio","Fac\u00e7\u00f5es criminosas","Governo do Rio","guerra ao crime","guerra por territ\u00f3rios","Justi\u00e7a","l\u00edderes do tr\u00e1fico","Ministerio da justi\u00e7a","Morro dos Macacos","Niter\u00f3i","Opera\u00e7\u00f5es Policiais","pacifica\u00e7\u00e3o","penitenci\u00e1ria","pol\u00edcia","pres\u00eddios federais","Rio de Janeiro","seguran\u00e7a","Seguran\u00e7a publica","sistema prisional","Terceiro Comando Puro","tr\u00e1fico de drogas","transfer\u00eancia","transfer\u00eancia de l\u00edderes","Vila Isabel","viol\u00eancia"],"articleSection":["Estado do Rio de Janeiro","Pol\u00edcia"],"inLanguage":"en-US","potentialAction":[{"@type":"CommentAction","name":"Comment","target":["https:\/\/folhadoleste.com.br\/governo-pede-transferencia-de-lideres-do-trafico-para-federais\/#respond"]}]},{"@type":"WebPage","@id":"https:\/\/folhadoleste.com.br\/governo-pede-transferencia-de-lideres-do-trafico-para-federais\/","url":"https:\/\/folhadoleste.com.br\/governo-pede-transferencia-de-lideres-do-trafico-para-federais\/","name":"Governo pede transfer\u00eancia de l\u00edderes do tr\u00e1fico para federais &#8226; Folha do Leste","isPartOf":{"@id":"https:\/\/folhadoleste.com.br\/#website"},"primaryImageOfPage":{"@id":"https:\/\/folhadoleste.com.br\/governo-pede-transferencia-de-lideres-do-trafico-para-federais\/#primaryimage"},"image":{"@id":"https:\/\/folhadoleste.com.br\/governo-pede-transferencia-de-lideres-do-trafico-para-federais\/#primaryimage"},"thumbnailUrl":"https:\/\/folhadoleste.com.br\/wp-content\/uploads\/2024\/08\/Governo-pede-transferencia-de-lideres-do-trafico-me-para-federais-Foto-Divulgacao-Governo-do-Rio.jpg","datePublished":"2024-08-28T21:58:22+00:00","dateModified":"2024-08-28T23:13:44+00:00","description":"Governo pede transfer\u00eancia de l\u00edderes do tr\u00e1fico para federais. A medida, j\u00e1 autorizada pela Justi\u00e7a, tem como objetivo isolar...","breadcrumb":{"@id":"https:\/\/folhadoleste.com.br\/governo-pede-transferencia-de-lideres-do-trafico-para-federais\/#breadcrumb"},"inLanguage":"en-US","potentialAction":[{"@type":"ReadAction","target":["https:\/\/folhadoleste.com.br\/governo-pede-transferencia-de-lideres-do-trafico-para-federais\/"]}]},{"@type":"ImageObject","inLanguage":"en-US","@id":"https:\/\/folhadoleste.com.br\/governo-pede-transferencia-de-lideres-do-trafico-para-federais\/#primaryimage","url":"https:\/\/folhadoleste.com.br\/wp-content\/uploads\/2024\/08\/Governo-pede-transferencia-de-lideres-do-trafico-me-para-federais-Foto-Divulgacao-Governo-do-Rio.jpg","contentUrl":"https:\/\/folhadoleste.com.br\/wp-content\/uploads\/2024\/08\/Governo-pede-transferencia-de-lideres-do-trafico-me-para-federais-Foto-Divulgacao-Governo-do-Rio.jpg","width":1200,"height":750,"caption":"Governo pede transfer\u00eancia de l\u00edderes do tr\u00e1fico me para federais | Divulga\u00e7\u00e3o\/Governo do Rio"},{"@type":"BreadcrumbList","@id":"https:\/\/folhadoleste.com.br\/governo-pede-transferencia-de-lideres-do-trafico-para-federais\/#breadcrumb","itemListElement":[{"@type":"ListItem","position":1,"name":"In\u00edcio","item":"https:\/\/folhadoleste.com.br\/"},{"@type":"ListItem","position":2,"name":"Estado do Rio de Janeiro","item":"https:\/\/folhadoleste.com.br\/category\/estado-do-rio-de-janeiro\/"},{"@type":"ListItem","position":3,"name":"Governo pede transfer\u00eancia de l\u00edderes do tr\u00e1fico para federais"}]},{"@type":"WebSite","@id":"https:\/\/folhadoleste.com.br\/#website","url":"https:\/\/folhadoleste.com.br\/","name":"Folha do Leste","description":"Portal de Not\u00edcias com \u00eanfase em Niter\u00f3i, criando conte\u00fados desde a capital Rio de Janeiro, com olhar para o Leste Fluminense e suas cidades como S\u00e3o Gon\u00e7alo, Itabora\u00ed, Rio Bonito, Maric\u00e1, Saquarema e Araruama","publisher":{"@id":"https:\/\/folhadoleste.com.br\/#organization"},"alternateName":"FL","potentialAction":[{"@type":"SearchAction","target":{"@type":"EntryPoint","urlTemplate":"https:\/\/folhadoleste.com.br\/?s={search_term_string}"},"query-input":{"@type":"PropertyValueSpecification","valueRequired":true,"valueName":"search_term_string"}}],"inLanguage":"en-US"},{"@type":"Organization","@id":"https:\/\/folhadoleste.com.br\/#organization","name":"Brasil 21 Comunica\u00e7\u00e3o","alternateName":"BR21","url":"https:\/\/folhadoleste.com.br\/","logo":{"@type":"ImageObject","inLanguage":"en-US","@id":"https:\/\/folhadoleste.com.br\/#\/schema\/logo\/image\/","url":"https:\/\/folhadoleste.com.br\/wp-content\/uploads\/2025\/12\/brasil-21-logomarca.avif","contentUrl":"https:\/\/folhadoleste.com.br\/wp-content\/uploads\/2025\/12\/brasil-21-logomarca.avif","width":1044,"height":1044,"caption":"Brasil 21 Comunica\u00e7\u00e3o"},"image":{"@id":"https:\/\/folhadoleste.com.br\/#\/schema\/logo\/image\/"},"sameAs":["https:\/\/www.facebook.com\/folhadoleste","https:\/\/x.com\/FolhadoLesteRJ","https:\/\/www.instagram.com\/folhadoleste\/"]},{"@type":"Person","@id":"https:\/\/folhadoleste.com.br\/#\/schema\/person\/3e97145b2e1861276e84471aa85a3899","name":"Folha do Leste","image":{"@type":"ImageObject","inLanguage":"en-US","@id":"https:\/\/folhadoleste.com.br\/wp-content\/litespeed\/avatar\/1ca8c218432e7045e748610eb3db0259.jpg?ver=1777161142","url":"https:\/\/folhadoleste.com.br\/wp-content\/litespeed\/avatar\/1ca8c218432e7045e748610eb3db0259.jpg?ver=1777161142","contentUrl":"https:\/\/folhadoleste.com.br\/wp-content\/litespeed\/avatar\/1ca8c218432e7045e748610eb3db0259.jpg?ver=1777161142","caption":"Folha do Leste"},"url":"https:\/\/folhadoleste.com.br\/en\/author\/reportagem-01\/"}]}},"_links":{"self":[{"href":"https:\/\/folhadoleste.com.br\/en\/wp-json\/wp\/v2\/posts\/81664","targetHints":{"allow":["GET"]}}],"collection":[{"href":"https:\/\/folhadoleste.com.br\/en\/wp-json\/wp\/v2\/posts"}],"about":[{"href":"https:\/\/folhadoleste.com.br\/en\/wp-json\/wp\/v2\/types\/post"}],"author":[{"embeddable":true,"href":"https:\/\/folhadoleste.com.br\/en\/wp-json\/wp\/v2\/users\/4"}],"replies":[{"embeddable":true,"href":"https:\/\/folhadoleste.com.br\/en\/wp-json\/wp\/v2\/comments?post=81664"}],"version-history":[{"count":3,"href":"https:\/\/folhadoleste.com.br\/en\/wp-json\/wp\/v2\/posts\/81664\/revisions"}],"predecessor-version":[{"id":81684,"href":"https:\/\/folhadoleste.com.br\/en\/wp-json\/wp\/v2\/posts\/81664\/revisions\/81684"}],"wp:featuredmedia":[{"embeddable":true,"href":"https:\/\/folhadoleste.com.br\/en\/wp-json\/wp\/v2\/media\/81666"}],"wp:attachment":[{"href":"https:\/\/folhadoleste.com.br\/en\/wp-json\/wp\/v2\/media?parent=81664"}],"wp:term":[{"taxonomy":"category","embeddable":true,"href":"https:\/\/folhadoleste.com.br\/en\/wp-json\/wp\/v2\/categories?post=81664"},{"taxonomy":"post_tag","embeddable":true,"href":"https:\/\/folhadoleste.com.br\/en\/wp-json\/wp\/v2\/tags?post=81664"}],"curies":[{"name":"wp","href":"https:\/\/api.w.org\/{rel}","templated":true}]}}