{"id":81659,"date":"2024-08-28T19:22:10","date_gmt":"2024-08-28T22:22:10","guid":{"rendered":"https:\/\/folhadoleste.com.br\/?p=81659"},"modified":"2024-08-28T19:23:42","modified_gmt":"2024-08-28T22:23:42","slug":"rodrigo-neves-discute-economia-e-seguranca-em-niteroi","status":"publish","type":"post","link":"https:\/\/folhadoleste.com.br\/en\/rodrigo-neves-discute-economia-e-seguranca-em-niteroi\/","title":{"rendered":"Rodrigo Neves discute economia e seguran\u00e7a em Niter\u00f3i"},"content":{"rendered":"<div id=\"attachment_81675\" style=\"width: 1290px\" class=\"wp-caption aligncenter\"><img decoding=\"async\" aria-describedby=\"caption-attachment-81675\" class=\"wp-image-81675 size-full\" src=\"https:\/\/folhadoleste.com.br\/wp-content\/uploads\/2024\/08\/WhatsApp-Image-2024-08-28-at-12.39.17.jpeg\" alt=\"Rodrigo Neves discute economia e seguran\u00e7a em Niter\u00f3i\" width=\"1280\" height=\"847\" \/><p id=\"caption-attachment-81675\" class=\"wp-caption-text\">Rodrigo Neves discute economia e seguran\u00e7a em Niter\u00f3i<\/p><\/div>\n<p style=\"text-align: justify;\">Em um encontro focado na revitaliza\u00e7\u00e3o econ\u00f4mica de Niter\u00f3i, o candidato a prefeito Rodrigo Neves (PDT) se reuniu na ter\u00e7a-feira (27) com o presidente do Sindicato dos Lojistas do Com\u00e9rcio de Niter\u00f3i (Sindilojas), Charbel Tauil, e outros l\u00edderes do setor varejista. Na reuni\u00e3o, realizada no Centro, o candidato ouviu demandas dos lojistas. Em contrapartida, apresentou propostas para um novo ciclo de crescimento na regi\u00e3o central e bairros adjacentes.<\/p>\n<p style=\"text-align: justify;\">Charbel Tauil destacou a necessidade de intensificar o desenvolvimento econ\u00f4mico, propondo a cria\u00e7\u00e3o de um centro de conven\u00e7\u00f5es para atrair grandes eventos e fomentar o turismo.<\/p>\n<blockquote>\n<p style=\"text-align: justify;\">&#8220;O turista que vem para feiras e conven\u00e7\u00f5es gasta quatro vezes mais do que o turista de lazer. Nossa cidade tem um potencial gigantesco por ser um lugar agrad\u00e1vel e repleto de pontos tur\u00edsticos&#8221;, afirmou o presidente do Sindilojas.<\/p>\n<\/blockquote>\n<p style=\"text-align: justify;\">Em resposta aos lojistas, Rodrigo Neves relembrou a import\u00e2ncia das parcerias com as associa\u00e7\u00f5es desde o in\u00edcio de sua gest\u00e3o em 2013. E falou o quais medidas pretende adotar, caso eleito, sobre a observa\u00e7\u00e3o feita por Tauil acerca do turismo empresarial.<\/p>\n<blockquote>\n<p style=\"text-align: justify;\">&#8220;N\u00f3s temos que consolidar Niter\u00f3i como um dos principais destinos tur\u00edsticos do Brasil. Vamos fazer um grande centro de conven\u00e7\u00f5es ao lado do Caminho Niemeyer, com heliponto e uma moderna marina. E vamos concluir o projeto da nova concha ac\u00fastica e da nova arena esportiva da cidade. S\u00e3o equipamentos que, junto com a revitaliza\u00e7\u00e3o da orla, v\u00e3o incrementar o turismo e trazer muitos eventos para o Centro e para toda a cidade\u201d, disse.<\/p>\n<\/blockquote>\n<p style=\"text-align: justify;\">Rodrigo tamb\u00e9m comentou sobre a necessidade de Niter\u00f3i concluir a transi\u00e7\u00e3o da economia do petr\u00f3leo para a economia do turismo, do servi\u00e7o e inova\u00e7\u00e3o tecnol\u00f3gica. Al\u00e9m disso, o candidato tamb\u00e9m falou sobre duas quest\u00f5es muito sens\u00edveis na cidade: pessoas em situa\u00e7\u00e3o de rua e viol\u00eancia.<\/p>\n<blockquote>\n<p style=\"text-align: justify;\">\u201cA quest\u00e3o das pessoas em situa\u00e7\u00e3o de rua vamos resolver com um choque de a\u00e7\u00f5es sociais e de ordem p\u00fablica coordenadas. Vamos dobrar a seguran\u00e7a, mudar toda a ilumina\u00e7\u00e3o com l\u00e2mpadas de led e trocar todo o cal\u00e7amento das ruas do bairro&#8221;, ponderou.<\/p>\n<\/blockquote>\n<p style=\"text-align: justify;\">Por fim, o candidato destacou que o Centro vai ser o grande vetor de desenvolvimento nos pr\u00f3ximos anos.<\/p>\n<h2>Santa Rosa<\/h2>\n<p style=\"text-align: justify;\">No in\u00edcio da noite, Rodrigo Neves seguiu para Santa Rosa, na Zona Sul de Niter\u00f3i, onde realizou uma caminhada no Largo do Marr\u00e3o.<\/p>\n<div id=\"attachment_81674\" style=\"width: 2570px\" class=\"wp-caption aligncenter\"><img decoding=\"async\" aria-describedby=\"caption-attachment-81674\" class=\"wp-image-81674 size-full\" src=\"https:\/\/folhadoleste.com.br\/wp-content\/uploads\/2024\/08\/WhatsApp-Image-2024-08-28-at-12.26.20-scaled.jpeg\" alt=\"Rodrigo Neves faz caminhada em Santa Rosa ao lado de apoiadores de campanha | Divulga\u00e7\u00e3o\" width=\"2560\" height=\"1707\" \/><p id=\"caption-attachment-81674\" class=\"wp-caption-text\">Rodrigo Neves faz caminhada em Santa Rosa ao lado de apoiadores de campanha | Divulga\u00e7\u00e3o<\/p><\/div>\n<p style=\"text-align: justify;\">Durante o percurso, o candidato conversou com moradores, comerciantes e trabalhadores da regi\u00e3o. Ao mesmo tempo, disse que, caso eleito, o bairro receber\u00e1 refor\u00e7o de efetivo e viaturas do programa &#8220;Niter\u00f3i Presente&#8221;. Al\u00e9m disso, prometeu fazer obras de amplia\u00e7\u00e3o do sistema de macrodrenagem para mitigar alagamentos durante chuvas intensas.<\/p>\n<h5 style=\"text-align: center;\"><span style=\"color: #000000;\"><span style=\"color: #ff0000;\"><strong>+ <\/strong><\/span><\/span><span style=\"color: #000000;\"><strong><span style=\"color: #ff9900;\">MAIS NOT\u00cdCIAS DO LESTE FLUMINENSE?<\/span> <span style=\"color: #008080;\"><a style=\"color: #008080;\" href=\"https:\/\/folhadoleste.com.br\/en\/category\/jornal-folha-do-leste-rj\/\">CLIQUE AQUI<\/a><\/span><\/strong><\/span><\/h5>\n<p>&nbsp;<\/p>\n<div id=\"attachment_77492\" style=\"width: 410px\" class=\"wp-caption aligncenter\"><a href=\"http:\/\/instagram.com\/folhadoleste\"><img decoding=\"async\" aria-describedby=\"caption-attachment-77492\" class=\"wp-image-77492 size-full\" src=\"https:\/\/folhadoleste.com.br\/wp-content\/uploads\/2024\/07\/Instagram-Folha-do-Leste.png\" alt=\"http:\/\/instagram.com\/folhadoleste\" width=\"400\" height=\"200\" \/><\/a><p id=\"caption-attachment-77492\" class=\"wp-caption-text\">Siga o Folha do Leste no Instagram!<\/p><\/div>\n<div id=\"attachment_77490\" style=\"width: 310px\" class=\"wp-caption aligncenter\"><a href=\"http:\/\/facebook.com\/folhadoleste\"><img decoding=\"async\" aria-describedby=\"caption-attachment-77490\" class=\"size-medium wp-image-77490\" src=\"https:\/\/folhadoleste.com.br\/wp-content\/uploads\/2024\/07\/Facebook-Folha-do-Leste-10k-300x300.jpg\" alt=\"Curta e siga o Folha do Leste no Facebook!\" width=\"300\" height=\"300\" \/><\/a><p id=\"caption-attachment-77490\" class=\"wp-caption-text\">Curta e siga o Folha do Leste no Facebook!<\/p><\/div>\n<p>&nbsp;<\/p>","protected":false},"excerpt":{"rendered":"<p>Em um encontro focado na revitaliza\u00e7\u00e3o econ\u00f4mica de Niter\u00f3i, o candidato a prefeito Rodrigo Neves (PDT) se reuniu na ter\u00e7a-feira (27) com o presidente do Sindicato dos Lojistas do Com\u00e9rcio de Niter\u00f3i (Sindilojas), Charbel Tauil, e outros l\u00edderes do setor varejista. Na reuni\u00e3o, realizada no Centro, o candidato ouviu demandas dos lojistas. Em contrapartida, apresentou propostas para um novo ciclo de crescimento na regi\u00e3o central e bairros adjacentes. Charbel Tauil destacou a necessidade de intensificar o desenvolvimento econ\u00f4mico, propondo a cria\u00e7\u00e3o de um centro de conven\u00e7\u00f5es para atrair grandes eventos e fomentar o turismo. &#8220;O turista que vem para feiras [&hellip;]<\/p>\n","protected":false},"author":4,"featured_media":81675,"comment_status":"open","ping_status":"open","sticky":false,"template":"","format":"standard","meta":{"footnotes":""},"categories":[47,5,115],"tags":[38676,538,31283,6565,38614,6198,4174,50,13540,24318,1335,3250,824,38675,869],"class_list":["post-81659","post","type-post","status-publish","format-standard","has-post-thumbnail","hentry","category-leste-fluminense","category-noticias-de-niteroi","category-politica","tag-arena-esportiva","tag-caminho-niemeyer","tag-centro-de-convencoes","tag-desenvolvimento-economico","tag-eleicao-2024","tag-infraestrutura","tag-macrodrenagem","tag-niteroi","tag-niteroi-presente","tag-revitalizacao-urbana","tag-rodrigo-neves","tag-santa-rosa","tag-seguranca-publica","tag-sindilojas","tag-turismo","post--single"],"yoast_head":"<!-- This site is optimized with the Yoast SEO plugin v27.4 - https:\/\/yoast.com\/product\/yoast-seo-wordpress\/ -->\n<title>Rodrigo Neves discute economia e seguran\u00e7a em Niter\u00f3i &#8226; Folha do Leste<\/title>\n<meta name=\"description\" content=\"Rodrigo Neves discute economia e seguran\u00e7a em Niter\u00f3i\" \/>\n<meta name=\"robots\" content=\"index, follow, max-snippet:-1, max-image-preview:large, max-video-preview:-1\" \/>\n<link rel=\"canonical\" href=\"https:\/\/folhadoleste.com.br\/en\/rodrigo-neves-discute-economia-e-seguranca-em-niteroi\/\" \/>\n<meta property=\"og:locale\" content=\"en_US\" \/>\n<meta property=\"og:type\" content=\"article\" \/>\n<meta property=\"og:title\" content=\"Rodrigo Neves discute economia e seguran\u00e7a em Niter\u00f3i &#8226; Folha do Leste\" \/>\n<meta property=\"og:description\" content=\"Leste Fluminense, Niter\u00f3i, Pol\u00edtica &#8226; 28 de August de 2024 &#8226; Folha do Leste\" \/>\n<meta property=\"og:url\" content=\"https:\/\/folhadoleste.com.br\/en\/rodrigo-neves-discute-economia-e-seguranca-em-niteroi\/\" \/>\n<meta property=\"og:site_name\" content=\"Folha do Leste\" \/>\n<meta property=\"article:publisher\" content=\"https:\/\/www.facebook.com\/folhadoleste\" \/>\n<meta property=\"article:published_time\" content=\"2024-08-28T22:22:10+00:00\" \/>\n<meta property=\"article:modified_time\" content=\"2024-08-28T22:23:42+00:00\" \/>\n<meta property=\"og:image\" content=\"https:\/\/folhadoleste.com.br\/wp-content\/uploads\/2024\/08\/WhatsApp-Image-2024-08-28-at-12.39.17.jpeg\" \/>\n\t<meta property=\"og:image:width\" content=\"1280\" \/>\n\t<meta property=\"og:image:height\" content=\"847\" \/>\n\t<meta property=\"og:image:type\" content=\"image\/jpeg\" \/>\n<meta name=\"author\" content=\"Folha do Leste\" \/>\n<meta name=\"twitter:card\" content=\"summary_large_image\" \/>\n<meta name=\"twitter:creator\" content=\"@FolhadoLesteRJ\" \/>\n<meta name=\"twitter:site\" content=\"@FolhadoLesteRJ\" \/>\n<meta name=\"twitter:label1\" content=\"Written by\" \/>\n\t<meta name=\"twitter:data1\" content=\"Folha do Leste\" \/>\n\t<meta name=\"twitter:label2\" content=\"Est. reading time\" \/>\n\t<meta name=\"twitter:data2\" content=\"3 minutes\" \/>\n<script type=\"application\/ld+json\" class=\"yoast-schema-graph\">{\"@context\":\"https:\\\/\\\/schema.org\",\"@graph\":[{\"@type\":\"NewsArticle\",\"@id\":\"https:\\\/\\\/folhadoleste.com.br\\\/rodrigo-neves-discute-economia-e-seguranca-em-niteroi\\\/#article\",\"isPartOf\":{\"@id\":\"https:\\\/\\\/folhadoleste.com.br\\\/rodrigo-neves-discute-economia-e-seguranca-em-niteroi\\\/\"},\"author\":{\"name\":\"Folha do Leste\",\"@id\":\"https:\\\/\\\/folhadoleste.com.br\\\/#\\\/schema\\\/person\\\/3e97145b2e1861276e84471aa85a3899\"},\"headline\":\"Rodrigo Neves discute economia e seguran\u00e7a em Niter\u00f3i\",\"datePublished\":\"2024-08-28T22:22:10+00:00\",\"dateModified\":\"2024-08-28T22:23:42+00:00\",\"mainEntityOfPage\":{\"@id\":\"https:\\\/\\\/folhadoleste.com.br\\\/rodrigo-neves-discute-economia-e-seguranca-em-niteroi\\\/\"},\"wordCount\":572,\"commentCount\":0,\"publisher\":{\"@id\":\"https:\\\/\\\/folhadoleste.com.br\\\/#organization\"},\"image\":{\"@id\":\"https:\\\/\\\/folhadoleste.com.br\\\/rodrigo-neves-discute-economia-e-seguranca-em-niteroi\\\/#primaryimage\"},\"thumbnailUrl\":\"https:\\\/\\\/folhadoleste.com.br\\\/wp-content\\\/uploads\\\/2024\\\/08\\\/WhatsApp-Image-2024-08-28-at-12.39.17.jpeg\",\"keywords\":[\"arena esportiva\",\"Caminho Niemeyer\",\"centro de conven\u00e7\u00f5es\",\"Desenvolvimento Econ\u00f4mico\",\"elei\u00e7\u00e3o 2024\",\"infraestrutura\",\"macrodrenagem\",\"Niter\u00f3i\",\"Niter\u00f3i Presente\",\"Revitaliza\u00e7\u00e3o urbana\",\"Rodrigo Neves\",\"Santa Rosa\",\"Seguran\u00e7a publica\",\"Sindilojas\",\"Turismo\"],\"articleSection\":[\"Leste Fluminense\",\"Niter\u00f3i\",\"Pol\u00edtica\"],\"inLanguage\":\"en-US\",\"potentialAction\":[{\"@type\":\"CommentAction\",\"name\":\"Comment\",\"target\":[\"https:\\\/\\\/folhadoleste.com.br\\\/rodrigo-neves-discute-economia-e-seguranca-em-niteroi\\\/#respond\"]}]},{\"@type\":\"WebPage\",\"@id\":\"https:\\\/\\\/folhadoleste.com.br\\\/rodrigo-neves-discute-economia-e-seguranca-em-niteroi\\\/\",\"url\":\"https:\\\/\\\/folhadoleste.com.br\\\/rodrigo-neves-discute-economia-e-seguranca-em-niteroi\\\/\",\"name\":\"Rodrigo Neves discute economia e seguran\u00e7a em Niter\u00f3i &#8226; Folha do Leste\",\"isPartOf\":{\"@id\":\"https:\\\/\\\/folhadoleste.com.br\\\/#website\"},\"primaryImageOfPage\":{\"@id\":\"https:\\\/\\\/folhadoleste.com.br\\\/rodrigo-neves-discute-economia-e-seguranca-em-niteroi\\\/#primaryimage\"},\"image\":{\"@id\":\"https:\\\/\\\/folhadoleste.com.br\\\/rodrigo-neves-discute-economia-e-seguranca-em-niteroi\\\/#primaryimage\"},\"thumbnailUrl\":\"https:\\\/\\\/folhadoleste.com.br\\\/wp-content\\\/uploads\\\/2024\\\/08\\\/WhatsApp-Image-2024-08-28-at-12.39.17.jpeg\",\"datePublished\":\"2024-08-28T22:22:10+00:00\",\"dateModified\":\"2024-08-28T22:23:42+00:00\",\"description\":\"Rodrigo Neves discute economia e seguran\u00e7a em Niter\u00f3i\",\"breadcrumb\":{\"@id\":\"https:\\\/\\\/folhadoleste.com.br\\\/rodrigo-neves-discute-economia-e-seguranca-em-niteroi\\\/#breadcrumb\"},\"inLanguage\":\"en-US\",\"potentialAction\":[{\"@type\":\"ReadAction\",\"target\":[\"https:\\\/\\\/folhadoleste.com.br\\\/rodrigo-neves-discute-economia-e-seguranca-em-niteroi\\\/\"]}]},{\"@type\":\"ImageObject\",\"inLanguage\":\"en-US\",\"@id\":\"https:\\\/\\\/folhadoleste.com.br\\\/rodrigo-neves-discute-economia-e-seguranca-em-niteroi\\\/#primaryimage\",\"url\":\"https:\\\/\\\/folhadoleste.com.br\\\/wp-content\\\/uploads\\\/2024\\\/08\\\/WhatsApp-Image-2024-08-28-at-12.39.17.jpeg\",\"contentUrl\":\"https:\\\/\\\/folhadoleste.com.br\\\/wp-content\\\/uploads\\\/2024\\\/08\\\/WhatsApp-Image-2024-08-28-at-12.39.17.jpeg\",\"width\":1280,\"height\":847},{\"@type\":\"BreadcrumbList\",\"@id\":\"https:\\\/\\\/folhadoleste.com.br\\\/rodrigo-neves-discute-economia-e-seguranca-em-niteroi\\\/#breadcrumb\",\"itemListElement\":[{\"@type\":\"ListItem\",\"position\":1,\"name\":\"In\u00edcio\",\"item\":\"https:\\\/\\\/folhadoleste.com.br\\\/\"},{\"@type\":\"ListItem\",\"position\":2,\"name\":\"Estado do Rio de Janeiro\",\"item\":\"https:\\\/\\\/folhadoleste.com.br\\\/category\\\/estado-do-rio-de-janeiro\\\/\"},{\"@type\":\"ListItem\",\"position\":3,\"name\":\"Leste Fluminense\",\"item\":\"https:\\\/\\\/folhadoleste.com.br\\\/category\\\/estado-do-rio-de-janeiro\\\/leste-fluminense\\\/\"},{\"@type\":\"ListItem\",\"position\":4,\"name\":\"Niter\u00f3i\",\"item\":\"https:\\\/\\\/folhadoleste.com.br\\\/category\\\/estado-do-rio-de-janeiro\\\/leste-fluminense\\\/noticias-de-niteroi\\\/\"},{\"@type\":\"ListItem\",\"position\":5,\"name\":\"Rodrigo Neves discute economia e seguran\u00e7a em Niter\u00f3i\"}]},{\"@type\":\"WebSite\",\"@id\":\"https:\\\/\\\/folhadoleste.com.br\\\/#website\",\"url\":\"https:\\\/\\\/folhadoleste.com.br\\\/\",\"name\":\"Folha do Leste\",\"description\":\"Portal de Not\u00edcias com \u00eanfase em Niter\u00f3i, criando conte\u00fados desde a capital Rio de Janeiro, com olhar para o Leste Fluminense e suas cidades como S\u00e3o Gon\u00e7alo, Itabora\u00ed, Rio Bonito, Maric\u00e1, Saquarema e Araruama\",\"publisher\":{\"@id\":\"https:\\\/\\\/folhadoleste.com.br\\\/#organization\"},\"alternateName\":\"FL\",\"potentialAction\":[{\"@type\":\"SearchAction\",\"target\":{\"@type\":\"EntryPoint\",\"urlTemplate\":\"https:\\\/\\\/folhadoleste.com.br\\\/?s={search_term_string}\"},\"query-input\":{\"@type\":\"PropertyValueSpecification\",\"valueRequired\":true,\"valueName\":\"search_term_string\"}}],\"inLanguage\":\"en-US\"},{\"@type\":\"Organization\",\"@id\":\"https:\\\/\\\/folhadoleste.com.br\\\/#organization\",\"name\":\"Brasil 21 Comunica\u00e7\u00e3o\",\"alternateName\":\"BR21\",\"url\":\"https:\\\/\\\/folhadoleste.com.br\\\/\",\"logo\":{\"@type\":\"ImageObject\",\"inLanguage\":\"en-US\",\"@id\":\"https:\\\/\\\/folhadoleste.com.br\\\/#\\\/schema\\\/logo\\\/image\\\/\",\"url\":\"https:\\\/\\\/folhadoleste.com.br\\\/wp-content\\\/uploads\\\/2025\\\/12\\\/brasil-21-logomarca.avif\",\"contentUrl\":\"https:\\\/\\\/folhadoleste.com.br\\\/wp-content\\\/uploads\\\/2025\\\/12\\\/brasil-21-logomarca.avif\",\"width\":1044,\"height\":1044,\"caption\":\"Brasil 21 Comunica\u00e7\u00e3o\"},\"image\":{\"@id\":\"https:\\\/\\\/folhadoleste.com.br\\\/#\\\/schema\\\/logo\\\/image\\\/\"},\"sameAs\":[\"https:\\\/\\\/www.facebook.com\\\/folhadoleste\",\"https:\\\/\\\/x.com\\\/FolhadoLesteRJ\",\"https:\\\/\\\/www.instagram.com\\\/folhadoleste\\\/\"]},{\"@type\":\"Person\",\"@id\":\"https:\\\/\\\/folhadoleste.com.br\\\/#\\\/schema\\\/person\\\/3e97145b2e1861276e84471aa85a3899\",\"name\":\"Folha do Leste\",\"image\":{\"@type\":\"ImageObject\",\"inLanguage\":\"en-US\",\"@id\":\"https:\\\/\\\/folhadoleste.com.br\\\/wp-content\\\/litespeed\\\/avatar\\\/1ca8c218432e7045e748610eb3db0259.jpg?ver=1777161142\",\"url\":\"https:\\\/\\\/folhadoleste.com.br\\\/wp-content\\\/litespeed\\\/avatar\\\/1ca8c218432e7045e748610eb3db0259.jpg?ver=1777161142\",\"contentUrl\":\"https:\\\/\\\/folhadoleste.com.br\\\/wp-content\\\/litespeed\\\/avatar\\\/1ca8c218432e7045e748610eb3db0259.jpg?ver=1777161142\",\"caption\":\"Folha do Leste\"},\"url\":\"https:\\\/\\\/folhadoleste.com.br\\\/en\\\/author\\\/reportagem-01\\\/\"}]}<\/script>\n<!-- \/ Yoast SEO plugin. -->","yoast_head_json":{"title":"Rodrigo Neves discute economia e seguran\u00e7a em Niter\u00f3i &#8226; Folha do Leste","description":"Rodrigo Neves discute economia e seguran\u00e7a em Niter\u00f3i","robots":{"index":"index","follow":"follow","max-snippet":"max-snippet:-1","max-image-preview":"max-image-preview:large","max-video-preview":"max-video-preview:-1"},"canonical":"https:\/\/folhadoleste.com.br\/en\/rodrigo-neves-discute-economia-e-seguranca-em-niteroi\/","og_locale":"en_US","og_type":"article","og_title":"Rodrigo Neves discute economia e seguran\u00e7a em Niter\u00f3i &#8226; Folha do Leste","og_description":"Leste Fluminense, Niter\u00f3i, Pol\u00edtica &#8226; 28 de August de 2024 &#8226; Folha do Leste","og_url":"https:\/\/folhadoleste.com.br\/en\/rodrigo-neves-discute-economia-e-seguranca-em-niteroi\/","og_site_name":"Folha do Leste","article_publisher":"https:\/\/www.facebook.com\/folhadoleste","article_published_time":"2024-08-28T22:22:10+00:00","article_modified_time":"2024-08-28T22:23:42+00:00","og_image":[{"width":1280,"height":847,"url":"https:\/\/folhadoleste.com.br\/wp-content\/uploads\/2024\/08\/WhatsApp-Image-2024-08-28-at-12.39.17.jpeg","type":"image\/jpeg"}],"author":"Folha do Leste","twitter_card":"summary_large_image","twitter_creator":"@FolhadoLesteRJ","twitter_site":"@FolhadoLesteRJ","twitter_misc":{"Written by":"Folha do Leste","Est. reading time":"3 minutes"},"schema":{"@context":"https:\/\/schema.org","@graph":[{"@type":"NewsArticle","@id":"https:\/\/folhadoleste.com.br\/rodrigo-neves-discute-economia-e-seguranca-em-niteroi\/#article","isPartOf":{"@id":"https:\/\/folhadoleste.com.br\/rodrigo-neves-discute-economia-e-seguranca-em-niteroi\/"},"author":{"name":"Folha do Leste","@id":"https:\/\/folhadoleste.com.br\/#\/schema\/person\/3e97145b2e1861276e84471aa85a3899"},"headline":"Rodrigo Neves discute economia e seguran\u00e7a em Niter\u00f3i","datePublished":"2024-08-28T22:22:10+00:00","dateModified":"2024-08-28T22:23:42+00:00","mainEntityOfPage":{"@id":"https:\/\/folhadoleste.com.br\/rodrigo-neves-discute-economia-e-seguranca-em-niteroi\/"},"wordCount":572,"commentCount":0,"publisher":{"@id":"https:\/\/folhadoleste.com.br\/#organization"},"image":{"@id":"https:\/\/folhadoleste.com.br\/rodrigo-neves-discute-economia-e-seguranca-em-niteroi\/#primaryimage"},"thumbnailUrl":"https:\/\/folhadoleste.com.br\/wp-content\/uploads\/2024\/08\/WhatsApp-Image-2024-08-28-at-12.39.17.jpeg","keywords":["arena esportiva","Caminho Niemeyer","centro de conven\u00e7\u00f5es","Desenvolvimento Econ\u00f4mico","elei\u00e7\u00e3o 2024","infraestrutura","macrodrenagem","Niter\u00f3i","Niter\u00f3i Presente","Revitaliza\u00e7\u00e3o urbana","Rodrigo Neves","Santa Rosa","Seguran\u00e7a publica","Sindilojas","Turismo"],"articleSection":["Leste Fluminense","Niter\u00f3i","Pol\u00edtica"],"inLanguage":"en-US","potentialAction":[{"@type":"CommentAction","name":"Comment","target":["https:\/\/folhadoleste.com.br\/rodrigo-neves-discute-economia-e-seguranca-em-niteroi\/#respond"]}]},{"@type":"WebPage","@id":"https:\/\/folhadoleste.com.br\/rodrigo-neves-discute-economia-e-seguranca-em-niteroi\/","url":"https:\/\/folhadoleste.com.br\/rodrigo-neves-discute-economia-e-seguranca-em-niteroi\/","name":"Rodrigo Neves discute economia e seguran\u00e7a em Niter\u00f3i &#8226; Folha do Leste","isPartOf":{"@id":"https:\/\/folhadoleste.com.br\/#website"},"primaryImageOfPage":{"@id":"https:\/\/folhadoleste.com.br\/rodrigo-neves-discute-economia-e-seguranca-em-niteroi\/#primaryimage"},"image":{"@id":"https:\/\/folhadoleste.com.br\/rodrigo-neves-discute-economia-e-seguranca-em-niteroi\/#primaryimage"},"thumbnailUrl":"https:\/\/folhadoleste.com.br\/wp-content\/uploads\/2024\/08\/WhatsApp-Image-2024-08-28-at-12.39.17.jpeg","datePublished":"2024-08-28T22:22:10+00:00","dateModified":"2024-08-28T22:23:42+00:00","description":"Rodrigo Neves discute economia e seguran\u00e7a em Niter\u00f3i","breadcrumb":{"@id":"https:\/\/folhadoleste.com.br\/rodrigo-neves-discute-economia-e-seguranca-em-niteroi\/#breadcrumb"},"inLanguage":"en-US","potentialAction":[{"@type":"ReadAction","target":["https:\/\/folhadoleste.com.br\/rodrigo-neves-discute-economia-e-seguranca-em-niteroi\/"]}]},{"@type":"ImageObject","inLanguage":"en-US","@id":"https:\/\/folhadoleste.com.br\/rodrigo-neves-discute-economia-e-seguranca-em-niteroi\/#primaryimage","url":"https:\/\/folhadoleste.com.br\/wp-content\/uploads\/2024\/08\/WhatsApp-Image-2024-08-28-at-12.39.17.jpeg","contentUrl":"https:\/\/folhadoleste.com.br\/wp-content\/uploads\/2024\/08\/WhatsApp-Image-2024-08-28-at-12.39.17.jpeg","width":1280,"height":847},{"@type":"BreadcrumbList","@id":"https:\/\/folhadoleste.com.br\/rodrigo-neves-discute-economia-e-seguranca-em-niteroi\/#breadcrumb","itemListElement":[{"@type":"ListItem","position":1,"name":"In\u00edcio","item":"https:\/\/folhadoleste.com.br\/"},{"@type":"ListItem","position":2,"name":"Estado do Rio de Janeiro","item":"https:\/\/folhadoleste.com.br\/category\/estado-do-rio-de-janeiro\/"},{"@type":"ListItem","position":3,"name":"Leste Fluminense","item":"https:\/\/folhadoleste.com.br\/category\/estado-do-rio-de-janeiro\/leste-fluminense\/"},{"@type":"ListItem","position":4,"name":"Niter\u00f3i","item":"https:\/\/folhadoleste.com.br\/category\/estado-do-rio-de-janeiro\/leste-fluminense\/noticias-de-niteroi\/"},{"@type":"ListItem","position":5,"name":"Rodrigo Neves discute economia e seguran\u00e7a em Niter\u00f3i"}]},{"@type":"WebSite","@id":"https:\/\/folhadoleste.com.br\/#website","url":"https:\/\/folhadoleste.com.br\/","name":"Folha do Leste","description":"Portal de Not\u00edcias com \u00eanfase em Niter\u00f3i, criando conte\u00fados desde a capital Rio de Janeiro, com olhar para o Leste Fluminense e suas cidades como S\u00e3o Gon\u00e7alo, Itabora\u00ed, Rio Bonito, Maric\u00e1, Saquarema e Araruama","publisher":{"@id":"https:\/\/folhadoleste.com.br\/#organization"},"alternateName":"FL","potentialAction":[{"@type":"SearchAction","target":{"@type":"EntryPoint","urlTemplate":"https:\/\/folhadoleste.com.br\/?s={search_term_string}"},"query-input":{"@type":"PropertyValueSpecification","valueRequired":true,"valueName":"search_term_string"}}],"inLanguage":"en-US"},{"@type":"Organization","@id":"https:\/\/folhadoleste.com.br\/#organization","name":"Brasil 21 Comunica\u00e7\u00e3o","alternateName":"BR21","url":"https:\/\/folhadoleste.com.br\/","logo":{"@type":"ImageObject","inLanguage":"en-US","@id":"https:\/\/folhadoleste.com.br\/#\/schema\/logo\/image\/","url":"https:\/\/folhadoleste.com.br\/wp-content\/uploads\/2025\/12\/brasil-21-logomarca.avif","contentUrl":"https:\/\/folhadoleste.com.br\/wp-content\/uploads\/2025\/12\/brasil-21-logomarca.avif","width":1044,"height":1044,"caption":"Brasil 21 Comunica\u00e7\u00e3o"},"image":{"@id":"https:\/\/folhadoleste.com.br\/#\/schema\/logo\/image\/"},"sameAs":["https:\/\/www.facebook.com\/folhadoleste","https:\/\/x.com\/FolhadoLesteRJ","https:\/\/www.instagram.com\/folhadoleste\/"]},{"@type":"Person","@id":"https:\/\/folhadoleste.com.br\/#\/schema\/person\/3e97145b2e1861276e84471aa85a3899","name":"Folha do Leste","image":{"@type":"ImageObject","inLanguage":"en-US","@id":"https:\/\/folhadoleste.com.br\/wp-content\/litespeed\/avatar\/1ca8c218432e7045e748610eb3db0259.jpg?ver=1777161142","url":"https:\/\/folhadoleste.com.br\/wp-content\/litespeed\/avatar\/1ca8c218432e7045e748610eb3db0259.jpg?ver=1777161142","contentUrl":"https:\/\/folhadoleste.com.br\/wp-content\/litespeed\/avatar\/1ca8c218432e7045e748610eb3db0259.jpg?ver=1777161142","caption":"Folha do Leste"},"url":"https:\/\/folhadoleste.com.br\/en\/author\/reportagem-01\/"}]}},"_links":{"self":[{"href":"https:\/\/folhadoleste.com.br\/en\/wp-json\/wp\/v2\/posts\/81659","targetHints":{"allow":["GET"]}}],"collection":[{"href":"https:\/\/folhadoleste.com.br\/en\/wp-json\/wp\/v2\/posts"}],"about":[{"href":"https:\/\/folhadoleste.com.br\/en\/wp-json\/wp\/v2\/types\/post"}],"author":[{"embeddable":true,"href":"https:\/\/folhadoleste.com.br\/en\/wp-json\/wp\/v2\/users\/4"}],"replies":[{"embeddable":true,"href":"https:\/\/folhadoleste.com.br\/en\/wp-json\/wp\/v2\/comments?post=81659"}],"version-history":[{"count":1,"href":"https:\/\/folhadoleste.com.br\/en\/wp-json\/wp\/v2\/posts\/81659\/revisions"}],"predecessor-version":[{"id":81678,"href":"https:\/\/folhadoleste.com.br\/en\/wp-json\/wp\/v2\/posts\/81659\/revisions\/81678"}],"wp:featuredmedia":[{"embeddable":true,"href":"https:\/\/folhadoleste.com.br\/en\/wp-json\/wp\/v2\/media\/81675"}],"wp:attachment":[{"href":"https:\/\/folhadoleste.com.br\/en\/wp-json\/wp\/v2\/media?parent=81659"}],"wp:term":[{"taxonomy":"category","embeddable":true,"href":"https:\/\/folhadoleste.com.br\/en\/wp-json\/wp\/v2\/categories?post=81659"},{"taxonomy":"post_tag","embeddable":true,"href":"https:\/\/folhadoleste.com.br\/en\/wp-json\/wp\/v2\/tags?post=81659"}],"curies":[{"name":"wp","href":"https:\/\/api.w.org\/{rel}","templated":true}]}}