{"id":81403,"date":"2024-08-27T18:08:27","date_gmt":"2024-08-27T21:08:27","guid":{"rendered":"https:\/\/folhadoleste.com.br\/?p=81403"},"modified":"2024-08-27T18:08:27","modified_gmt":"2024-08-27T21:08:27","slug":"bicicletas-eletricas-liberadas-nas-ciclovias-do-rio-por-lei","status":"publish","type":"post","link":"https:\/\/folhadoleste.com.br\/en\/bicicletas-eletricas-liberadas-nas-ciclovias-do-rio-por-lei\/","title":{"rendered":"Bicicletas el\u00e9tricas liberadas nas ciclovias do Rio por lei"},"content":{"rendered":"<div id=\"attachment_81405\" style=\"width: 810px\" class=\"wp-caption aligncenter\"><img decoding=\"async\" aria-describedby=\"caption-attachment-81405\" class=\"size-full wp-image-81405\" src=\"https:\/\/folhadoleste.com.br\/wp-content\/uploads\/2024\/08\/Bicicletas-eletricas-liberadas-nas-ciclovias-do-Rio-por-lei-Foto-Tomaz-Silva-Agencia-Brasil.jpeg\" alt=\"Bicicletas el\u00e9tricas liberadas nas ciclovias do Rio por lei\" width=\"800\" height=\"600\" \/><p id=\"caption-attachment-81405\" class=\"wp-caption-text\">Bicicletas el\u00e9tricas liberadas nas ciclovias do Rio por lei | Tomaz Silva\/Ag\u00eancia Brasil<\/p><\/div>\n<p style=\"text-align: justify;\">O prefeito Eduardo Paes sancionou uma nova lei que regulamenta o uso de bicicletas el\u00e9tricas nas ciclovias e ciclofaixas do Rio de Janeiro. Agora, os ve\u00edculos com pedal assistido, que atingem at\u00e9 25 km\/h e possuem pot\u00eancia m\u00e1xima de 350 Watts, est\u00e3o oficialmente autorizados a circular nesses espa\u00e7os.<\/p>\n<h6><span style=\"color: #ff0000;\"><strong>+<\/strong><\/span> <span style=\"color: #000000;\">LEIA TAMB\u00c9M: \u25ba<\/span><a href=\"https:\/\/folhadoleste.com.br\/en\/shell-eco-marathon-pier-maua-recebe-nova-edicao\/\"><strong>Shell Eco-marathon: Pier Mau\u00e1 recebe nova edi\u00e7\u00e3o<\/strong><\/a><\/h6>\n<p style=\"text-align: justify;\">A lei, publicada no Di\u00e1rio Oficial na segunda-feira (26), tamb\u00e9m libera a circula\u00e7\u00e3o de equipamentos auxiliares de mobilidade para pessoas com defici\u00eancia ou mobilidade reduzida. No entanto, ciclomotores, motonetas, motocicletas e triciclos continuam proibidos nas ciclovias e ciclofaixas.<\/p>\n<p style=\"text-align: justify;\">As bicicletas el\u00e9tricas permitidas devem atender a uma s\u00e9rie de requisitos, como possuir sistema de pedal assistido, desenvolver velocidade m\u00e1xima de 25 km\/h, e ter uma pot\u00eancia de at\u00e9 350 W. Al\u00e9m disso, elas precisam estar equipadas com sinaliza\u00e7\u00e3o noturna, campainha ou buzina, e pneus em condi\u00e7\u00f5es adequadas.<\/p>\n<h5 style=\"text-align: center;\"><span style=\"color: #000000;\"><span style=\"color: #ff0000;\"><strong>+ <\/strong><\/span><\/span><span style=\"color: #000000;\"><span style=\"color: #ff9900;\"><strong>MAIS NOT\u00cdCIAS DO RIO DE JANEIRO?<\/strong><\/span> <span style=\"color: #008080;\"><strong><a style=\"color: #008080;\" href=\"https:\/\/folhadoleste.com.br\/en\/category\/rio-de-janeiro-capital\/\">CLIQUE AQUI<\/a><\/strong><\/span><\/span><\/h5>\n<p style=\"text-align: justify;\">Sendo assim, quem desrespeitar as regras pode ser multado em R$ 1.000, com a penalidade dobrando em caso de reincid\u00eancia. Assim, segundo a Prefeitura do Rio, a regulamenta\u00e7\u00e3o complementa as normas do Conselho Nacional de Tr\u00e2nsito (Contran) e busca melhorar a seguran\u00e7a nas ciclovias.<\/p>\n<p style=\"text-align: justify;\">Por fim, o projeto de lei foi apresentado pelo vereador Dr. Gilberto e aprovado pela C\u00e2mara dos Vereadores em junho. A proposta foi criada ap\u00f3s um veto a um projeto anterior que proibia todas as bicicletas el\u00e9tricas. O vereador Pedro Duarte tamb\u00e9m defendeu a flexibiliza\u00e7\u00e3o que permitiu bicicletas com acelerador, desde que equipadas com pedais, argumentando que a assist\u00eancia do acelerador \u00e9 essencial para usu\u00e1rios que precisam de um impulso extra.<\/p>\n<div id=\"attachment_77492\" class=\"wp-caption aligncenter\">\n<p><a href=\"http:\/\/instagram.com\/folhadoleste\"><img decoding=\"async\" class=\"wp-image-77492 size-full\" src=\"https:\/\/folhadoleste.com.br\/wp-content\/uploads\/2024\/07\/Instagram-Folha-do-Leste.png\" alt=\"http:\/\/instagram.com\/folhadoleste\" width=\"400\" height=\"200\" aria-describedby=\"caption-attachment-77492\" \/><\/a><\/p>\n<p id=\"caption-attachment-77492\" class=\"wp-caption-text\">Siga o Folha do Leste no Instagram!<\/p>\n<\/div>\n<div id=\"attachment_77490\" class=\"wp-caption aligncenter\">\n<p><a href=\"http:\/\/facebook.com\/folhadoleste\"><img decoding=\"async\" class=\"size-medium wp-image-77490\" src=\"https:\/\/folhadoleste.com.br\/wp-content\/uploads\/2024\/07\/Facebook-Folha-do-Leste-10k-300x300.jpg\" alt=\"Curta e siga o Folha do Leste no Facebook!\" width=\"300\" height=\"300\" aria-describedby=\"caption-attachment-77490\" \/><\/a><\/p>\n<p id=\"caption-attachment-77490\" class=\"wp-caption-text\">Curta e siga o Folha do Leste no Facebook!<\/p>\n<\/div>","protected":false},"excerpt":{"rendered":"<p>O prefeito Eduardo Paes sancionou uma nova lei que regulamenta o uso de bicicletas el\u00e9tricas nas ciclovias e ciclofaixas do Rio de Janeiro. Agora, os ve\u00edculos com pedal assistido, que atingem at\u00e9 25 km\/h e possuem pot\u00eancia m\u00e1xima de 350 Watts, est\u00e3o oficialmente autorizados a circular nesses espa\u00e7os. + LEIA TAMB\u00c9M: \u25baShell Eco-marathon: Pier Mau\u00e1 recebe nova edi\u00e7\u00e3o A lei, publicada no Di\u00e1rio Oficial na segunda-feira (26), tamb\u00e9m libera a circula\u00e7\u00e3o de equipamentos auxiliares de mobilidade para pessoas com defici\u00eancia ou mobilidade reduzida. No entanto, ciclomotores, motonetas, motocicletas e triciclos continuam proibidos nas ciclovias e ciclofaixas. As bicicletas el\u00e9tricas permitidas [&hellip;]<\/p>\n","protected":false},"author":4,"featured_media":81405,"comment_status":"open","ping_status":"open","sticky":false,"template":"","format":"standard","meta":{"footnotes":""},"categories":[67],"tags":[6526,9490,34822,9616,9615,5017,26994,6198,625,695,4582,3516,7168,38379,38381,3263,93,585,4642,677,730,5147,38380],"class_list":["post-81403","post","type-post","status-publish","format-standard","has-post-thumbnail","hentry","category-rio-de-janeiro-capital","tag-acessibilidade","tag-bicicletas-eletricas","tag-ciclofaixas","tag-ciclomotores","tag-ciclovias","tag-energia-limpa","tag-futuro-da-mobilidade","tag-infraestrutura","tag-lei","tag-meio-ambiente","tag-mobilidade","tag-mobilidade-urbana","tag-nova-lei","tag-pedal-assistido","tag-potencia","tag-regulamentacao","tag-rio-de-janeiro","tag-seguranca","tag-sustentabilidade","tag-tecnologia","tag-transito","tag-transporte-publico","tag-velocidade-maxima","post--single"],"yoast_head":"<!-- This site is optimized with the Yoast SEO plugin v27.4 - https:\/\/yoast.com\/product\/yoast-seo-wordpress\/ -->\n<title>Bicicletas el\u00e9tricas liberadas nas ciclovias do Rio por lei &#8226; Folha do Leste<\/title>\n<meta name=\"description\" content=\"Bicicletas el\u00e9tricas liberadas nas ciclovias do Rio por lei. A medida visa incentivar o uso de meios de transporte mais ecol\u00f3gicos e...\" \/>\n<meta name=\"robots\" content=\"index, follow, max-snippet:-1, max-image-preview:large, max-video-preview:-1\" \/>\n<link rel=\"canonical\" href=\"https:\/\/folhadoleste.com.br\/en\/bicicletas-eletricas-liberadas-nas-ciclovias-do-rio-por-lei\/\" \/>\n<meta property=\"og:locale\" content=\"en_US\" \/>\n<meta property=\"og:type\" content=\"article\" \/>\n<meta property=\"og:title\" content=\"Bicicletas el\u00e9tricas liberadas nas ciclovias do Rio por lei &#8226; Folha do Leste\" \/>\n<meta property=\"og:description\" content=\"Rio de Janeiro - Capital &#8226; 27 de August de 2024 &#8226; Folha do Leste\" \/>\n<meta property=\"og:url\" content=\"https:\/\/folhadoleste.com.br\/en\/bicicletas-eletricas-liberadas-nas-ciclovias-do-rio-por-lei\/\" \/>\n<meta property=\"og:site_name\" content=\"Folha do Leste\" \/>\n<meta property=\"article:publisher\" content=\"https:\/\/www.facebook.com\/folhadoleste\" \/>\n<meta property=\"article:published_time\" content=\"2024-08-27T21:08:27+00:00\" \/>\n<meta property=\"og:image\" content=\"https:\/\/folhadoleste.com.br\/wp-content\/uploads\/2024\/08\/Bicicletas-eletricas-liberadas-nas-ciclovias-do-Rio-por-lei-Foto-Tomaz-Silva-Agencia-Brasil.jpeg\" \/>\n\t<meta property=\"og:image:width\" content=\"800\" \/>\n\t<meta property=\"og:image:height\" content=\"600\" \/>\n\t<meta property=\"og:image:type\" content=\"image\/jpeg\" \/>\n<meta name=\"author\" content=\"Folha do Leste\" \/>\n<meta name=\"twitter:card\" content=\"summary_large_image\" \/>\n<meta name=\"twitter:description\" content=\"Rio de Janeiro - Capital &#8226; 27 de August de 2024 &#8226; Folha do Leste\" \/>\n<meta name=\"twitter:creator\" content=\"@FolhadoLesteRJ\" \/>\n<meta name=\"twitter:site\" content=\"@FolhadoLesteRJ\" \/>\n<meta name=\"twitter:label1\" content=\"Written by\" \/>\n\t<meta name=\"twitter:data1\" content=\"Folha do Leste\" \/>\n\t<meta name=\"twitter:label2\" content=\"Est. reading time\" \/>\n\t<meta name=\"twitter:data2\" content=\"3 minutes\" \/>\n<script type=\"application\/ld+json\" class=\"yoast-schema-graph\">{\"@context\":\"https:\\\/\\\/schema.org\",\"@graph\":[{\"@type\":\"NewsArticle\",\"@id\":\"https:\\\/\\\/folhadoleste.com.br\\\/bicicletas-eletricas-liberadas-nas-ciclovias-do-rio-por-lei\\\/#article\",\"isPartOf\":{\"@id\":\"https:\\\/\\\/folhadoleste.com.br\\\/bicicletas-eletricas-liberadas-nas-ciclovias-do-rio-por-lei\\\/\"},\"author\":{\"name\":\"Folha do Leste\",\"@id\":\"https:\\\/\\\/folhadoleste.com.br\\\/#\\\/schema\\\/person\\\/3e97145b2e1861276e84471aa85a3899\"},\"headline\":\"Bicicletas el\u00e9tricas liberadas nas ciclovias do Rio por lei\",\"datePublished\":\"2024-08-27T21:08:27+00:00\",\"mainEntityOfPage\":{\"@id\":\"https:\\\/\\\/folhadoleste.com.br\\\/bicicletas-eletricas-liberadas-nas-ciclovias-do-rio-por-lei\\\/\"},\"wordCount\":340,\"commentCount\":0,\"publisher\":{\"@id\":\"https:\\\/\\\/folhadoleste.com.br\\\/#organization\"},\"image\":{\"@id\":\"https:\\\/\\\/folhadoleste.com.br\\\/bicicletas-eletricas-liberadas-nas-ciclovias-do-rio-por-lei\\\/#primaryimage\"},\"thumbnailUrl\":\"https:\\\/\\\/folhadoleste.com.br\\\/wp-content\\\/uploads\\\/2024\\\/08\\\/Bicicletas-eletricas-liberadas-nas-ciclovias-do-Rio-por-lei-Foto-Tomaz-Silva-Agencia-Brasil.jpeg\",\"keywords\":[\"acessibilidade\",\"bicicletas el\u00e9tricas\",\"ciclofaixas\",\"ciclomotores\",\"ciclovias\",\"energia limpa\",\"Futuro da Mobilidade\",\"infraestrutura\",\"Lei\",\"Meio ambiente\",\"Mobilidade\",\"mobilidade urbana\",\"nova lei\",\"pedal assistido\",\"pot\u00eancia\",\"Regulamenta\u00e7\u00e3o\",\"Rio de Janeiro\",\"seguran\u00e7a\",\"sustentabilidade\",\"Tecnologia\",\"Tr\u00e2nsito\",\"transporte p\u00fablico\",\"velocidade m\u00e1xima\"],\"articleSection\":[\"Rio de Janeiro - Capital\"],\"inLanguage\":\"en-US\",\"potentialAction\":[{\"@type\":\"CommentAction\",\"name\":\"Comment\",\"target\":[\"https:\\\/\\\/folhadoleste.com.br\\\/bicicletas-eletricas-liberadas-nas-ciclovias-do-rio-por-lei\\\/#respond\"]}]},{\"@type\":\"WebPage\",\"@id\":\"https:\\\/\\\/folhadoleste.com.br\\\/bicicletas-eletricas-liberadas-nas-ciclovias-do-rio-por-lei\\\/\",\"url\":\"https:\\\/\\\/folhadoleste.com.br\\\/bicicletas-eletricas-liberadas-nas-ciclovias-do-rio-por-lei\\\/\",\"name\":\"Bicicletas el\u00e9tricas liberadas nas ciclovias do Rio por lei &#8226; Folha do Leste\",\"isPartOf\":{\"@id\":\"https:\\\/\\\/folhadoleste.com.br\\\/#website\"},\"primaryImageOfPage\":{\"@id\":\"https:\\\/\\\/folhadoleste.com.br\\\/bicicletas-eletricas-liberadas-nas-ciclovias-do-rio-por-lei\\\/#primaryimage\"},\"image\":{\"@id\":\"https:\\\/\\\/folhadoleste.com.br\\\/bicicletas-eletricas-liberadas-nas-ciclovias-do-rio-por-lei\\\/#primaryimage\"},\"thumbnailUrl\":\"https:\\\/\\\/folhadoleste.com.br\\\/wp-content\\\/uploads\\\/2024\\\/08\\\/Bicicletas-eletricas-liberadas-nas-ciclovias-do-Rio-por-lei-Foto-Tomaz-Silva-Agencia-Brasil.jpeg\",\"datePublished\":\"2024-08-27T21:08:27+00:00\",\"description\":\"Bicicletas el\u00e9tricas liberadas nas ciclovias do Rio por lei. A medida visa incentivar o uso de meios de transporte mais ecol\u00f3gicos e...\",\"breadcrumb\":{\"@id\":\"https:\\\/\\\/folhadoleste.com.br\\\/bicicletas-eletricas-liberadas-nas-ciclovias-do-rio-por-lei\\\/#breadcrumb\"},\"inLanguage\":\"en-US\",\"potentialAction\":[{\"@type\":\"ReadAction\",\"target\":[\"https:\\\/\\\/folhadoleste.com.br\\\/bicicletas-eletricas-liberadas-nas-ciclovias-do-rio-por-lei\\\/\"]}]},{\"@type\":\"ImageObject\",\"inLanguage\":\"en-US\",\"@id\":\"https:\\\/\\\/folhadoleste.com.br\\\/bicicletas-eletricas-liberadas-nas-ciclovias-do-rio-por-lei\\\/#primaryimage\",\"url\":\"https:\\\/\\\/folhadoleste.com.br\\\/wp-content\\\/uploads\\\/2024\\\/08\\\/Bicicletas-eletricas-liberadas-nas-ciclovias-do-Rio-por-lei-Foto-Tomaz-Silva-Agencia-Brasil.jpeg\",\"contentUrl\":\"https:\\\/\\\/folhadoleste.com.br\\\/wp-content\\\/uploads\\\/2024\\\/08\\\/Bicicletas-eletricas-liberadas-nas-ciclovias-do-Rio-por-lei-Foto-Tomaz-Silva-Agencia-Brasil.jpeg\",\"width\":800,\"height\":600,\"caption\":\"Niter\u00f3i pro\u00edbe bicicletas el\u00e9tricas nas cal\u00e7adas e prioriza seguran\u00e7a de pedestres | Tomaz Silva\\\/Ag\u00eancia Brasil\"},{\"@type\":\"BreadcrumbList\",\"@id\":\"https:\\\/\\\/folhadoleste.com.br\\\/bicicletas-eletricas-liberadas-nas-ciclovias-do-rio-por-lei\\\/#breadcrumb\",\"itemListElement\":[{\"@type\":\"ListItem\",\"position\":1,\"name\":\"In\u00edcio\",\"item\":\"https:\\\/\\\/folhadoleste.com.br\\\/\"},{\"@type\":\"ListItem\",\"position\":2,\"name\":\"Rio de Janeiro - Capital\",\"item\":\"https:\\\/\\\/folhadoleste.com.br\\\/category\\\/rio-de-janeiro-capital\\\/\"},{\"@type\":\"ListItem\",\"position\":3,\"name\":\"Bicicletas el\u00e9tricas liberadas nas ciclovias do Rio por lei\"}]},{\"@type\":\"WebSite\",\"@id\":\"https:\\\/\\\/folhadoleste.com.br\\\/#website\",\"url\":\"https:\\\/\\\/folhadoleste.com.br\\\/\",\"name\":\"Folha do Leste\",\"description\":\"Portal de Not\u00edcias com \u00eanfase em Niter\u00f3i, criando conte\u00fados desde a capital Rio de Janeiro, com olhar para o Leste Fluminense e suas cidades como S\u00e3o Gon\u00e7alo, Itabora\u00ed, Rio Bonito, Maric\u00e1, Saquarema e Araruama\",\"publisher\":{\"@id\":\"https:\\\/\\\/folhadoleste.com.br\\\/#organization\"},\"alternateName\":\"FL\",\"potentialAction\":[{\"@type\":\"SearchAction\",\"target\":{\"@type\":\"EntryPoint\",\"urlTemplate\":\"https:\\\/\\\/folhadoleste.com.br\\\/?s={search_term_string}\"},\"query-input\":{\"@type\":\"PropertyValueSpecification\",\"valueRequired\":true,\"valueName\":\"search_term_string\"}}],\"inLanguage\":\"en-US\"},{\"@type\":\"Organization\",\"@id\":\"https:\\\/\\\/folhadoleste.com.br\\\/#organization\",\"name\":\"Brasil 21 Comunica\u00e7\u00e3o\",\"alternateName\":\"BR21\",\"url\":\"https:\\\/\\\/folhadoleste.com.br\\\/\",\"logo\":{\"@type\":\"ImageObject\",\"inLanguage\":\"en-US\",\"@id\":\"https:\\\/\\\/folhadoleste.com.br\\\/#\\\/schema\\\/logo\\\/image\\\/\",\"url\":\"https:\\\/\\\/folhadoleste.com.br\\\/wp-content\\\/uploads\\\/2025\\\/12\\\/brasil-21-logomarca.avif\",\"contentUrl\":\"https:\\\/\\\/folhadoleste.com.br\\\/wp-content\\\/uploads\\\/2025\\\/12\\\/brasil-21-logomarca.avif\",\"width\":1044,\"height\":1044,\"caption\":\"Brasil 21 Comunica\u00e7\u00e3o\"},\"image\":{\"@id\":\"https:\\\/\\\/folhadoleste.com.br\\\/#\\\/schema\\\/logo\\\/image\\\/\"},\"sameAs\":[\"https:\\\/\\\/www.facebook.com\\\/folhadoleste\",\"https:\\\/\\\/x.com\\\/FolhadoLesteRJ\",\"https:\\\/\\\/www.instagram.com\\\/folhadoleste\\\/\"]},{\"@type\":\"Person\",\"@id\":\"https:\\\/\\\/folhadoleste.com.br\\\/#\\\/schema\\\/person\\\/3e97145b2e1861276e84471aa85a3899\",\"name\":\"Folha do Leste\",\"image\":{\"@type\":\"ImageObject\",\"inLanguage\":\"en-US\",\"@id\":\"https:\\\/\\\/folhadoleste.com.br\\\/wp-content\\\/litespeed\\\/avatar\\\/1ca8c218432e7045e748610eb3db0259.jpg?ver=1777161142\",\"url\":\"https:\\\/\\\/folhadoleste.com.br\\\/wp-content\\\/litespeed\\\/avatar\\\/1ca8c218432e7045e748610eb3db0259.jpg?ver=1777161142\",\"contentUrl\":\"https:\\\/\\\/folhadoleste.com.br\\\/wp-content\\\/litespeed\\\/avatar\\\/1ca8c218432e7045e748610eb3db0259.jpg?ver=1777161142\",\"caption\":\"Folha do Leste\"},\"url\":\"https:\\\/\\\/folhadoleste.com.br\\\/en\\\/author\\\/reportagem-01\\\/\"}]}<\/script>\n<!-- \/ Yoast SEO plugin. -->","yoast_head_json":{"title":"Bicicletas el\u00e9tricas liberadas nas ciclovias do Rio por lei &#8226; Folha do Leste","description":"Bicicletas el\u00e9tricas liberadas nas ciclovias do Rio por lei. A medida visa incentivar o uso de meios de transporte mais ecol\u00f3gicos e...","robots":{"index":"index","follow":"follow","max-snippet":"max-snippet:-1","max-image-preview":"max-image-preview:large","max-video-preview":"max-video-preview:-1"},"canonical":"https:\/\/folhadoleste.com.br\/en\/bicicletas-eletricas-liberadas-nas-ciclovias-do-rio-por-lei\/","og_locale":"en_US","og_type":"article","og_title":"Bicicletas el\u00e9tricas liberadas nas ciclovias do Rio por lei &#8226; Folha do Leste","og_description":"Rio de Janeiro - Capital &#8226; 27 de August de 2024 &#8226; Folha do Leste","og_url":"https:\/\/folhadoleste.com.br\/en\/bicicletas-eletricas-liberadas-nas-ciclovias-do-rio-por-lei\/","og_site_name":"Folha do Leste","article_publisher":"https:\/\/www.facebook.com\/folhadoleste","article_published_time":"2024-08-27T21:08:27+00:00","og_image":[{"width":800,"height":600,"url":"https:\/\/folhadoleste.com.br\/wp-content\/uploads\/2024\/08\/Bicicletas-eletricas-liberadas-nas-ciclovias-do-Rio-por-lei-Foto-Tomaz-Silva-Agencia-Brasil.jpeg","type":"image\/jpeg"}],"author":"Folha do Leste","twitter_card":"summary_large_image","twitter_description":"Rio de Janeiro - Capital &#8226; 27 de August de 2024 &#8226; Folha do Leste","twitter_creator":"@FolhadoLesteRJ","twitter_site":"@FolhadoLesteRJ","twitter_misc":{"Written by":"Folha do Leste","Est. reading time":"3 minutes"},"schema":{"@context":"https:\/\/schema.org","@graph":[{"@type":"NewsArticle","@id":"https:\/\/folhadoleste.com.br\/bicicletas-eletricas-liberadas-nas-ciclovias-do-rio-por-lei\/#article","isPartOf":{"@id":"https:\/\/folhadoleste.com.br\/bicicletas-eletricas-liberadas-nas-ciclovias-do-rio-por-lei\/"},"author":{"name":"Folha do Leste","@id":"https:\/\/folhadoleste.com.br\/#\/schema\/person\/3e97145b2e1861276e84471aa85a3899"},"headline":"Bicicletas el\u00e9tricas liberadas nas ciclovias do Rio por lei","datePublished":"2024-08-27T21:08:27+00:00","mainEntityOfPage":{"@id":"https:\/\/folhadoleste.com.br\/bicicletas-eletricas-liberadas-nas-ciclovias-do-rio-por-lei\/"},"wordCount":340,"commentCount":0,"publisher":{"@id":"https:\/\/folhadoleste.com.br\/#organization"},"image":{"@id":"https:\/\/folhadoleste.com.br\/bicicletas-eletricas-liberadas-nas-ciclovias-do-rio-por-lei\/#primaryimage"},"thumbnailUrl":"https:\/\/folhadoleste.com.br\/wp-content\/uploads\/2024\/08\/Bicicletas-eletricas-liberadas-nas-ciclovias-do-Rio-por-lei-Foto-Tomaz-Silva-Agencia-Brasil.jpeg","keywords":["acessibilidade","bicicletas el\u00e9tricas","ciclofaixas","ciclomotores","ciclovias","energia limpa","Futuro da Mobilidade","infraestrutura","Lei","Meio ambiente","Mobilidade","mobilidade urbana","nova lei","pedal assistido","pot\u00eancia","Regulamenta\u00e7\u00e3o","Rio de Janeiro","seguran\u00e7a","sustentabilidade","Tecnologia","Tr\u00e2nsito","transporte p\u00fablico","velocidade m\u00e1xima"],"articleSection":["Rio de Janeiro - Capital"],"inLanguage":"en-US","potentialAction":[{"@type":"CommentAction","name":"Comment","target":["https:\/\/folhadoleste.com.br\/bicicletas-eletricas-liberadas-nas-ciclovias-do-rio-por-lei\/#respond"]}]},{"@type":"WebPage","@id":"https:\/\/folhadoleste.com.br\/bicicletas-eletricas-liberadas-nas-ciclovias-do-rio-por-lei\/","url":"https:\/\/folhadoleste.com.br\/bicicletas-eletricas-liberadas-nas-ciclovias-do-rio-por-lei\/","name":"Bicicletas el\u00e9tricas liberadas nas ciclovias do Rio por lei &#8226; Folha do Leste","isPartOf":{"@id":"https:\/\/folhadoleste.com.br\/#website"},"primaryImageOfPage":{"@id":"https:\/\/folhadoleste.com.br\/bicicletas-eletricas-liberadas-nas-ciclovias-do-rio-por-lei\/#primaryimage"},"image":{"@id":"https:\/\/folhadoleste.com.br\/bicicletas-eletricas-liberadas-nas-ciclovias-do-rio-por-lei\/#primaryimage"},"thumbnailUrl":"https:\/\/folhadoleste.com.br\/wp-content\/uploads\/2024\/08\/Bicicletas-eletricas-liberadas-nas-ciclovias-do-Rio-por-lei-Foto-Tomaz-Silva-Agencia-Brasil.jpeg","datePublished":"2024-08-27T21:08:27+00:00","description":"Bicicletas el\u00e9tricas liberadas nas ciclovias do Rio por lei. A medida visa incentivar o uso de meios de transporte mais ecol\u00f3gicos e...","breadcrumb":{"@id":"https:\/\/folhadoleste.com.br\/bicicletas-eletricas-liberadas-nas-ciclovias-do-rio-por-lei\/#breadcrumb"},"inLanguage":"en-US","potentialAction":[{"@type":"ReadAction","target":["https:\/\/folhadoleste.com.br\/bicicletas-eletricas-liberadas-nas-ciclovias-do-rio-por-lei\/"]}]},{"@type":"ImageObject","inLanguage":"en-US","@id":"https:\/\/folhadoleste.com.br\/bicicletas-eletricas-liberadas-nas-ciclovias-do-rio-por-lei\/#primaryimage","url":"https:\/\/folhadoleste.com.br\/wp-content\/uploads\/2024\/08\/Bicicletas-eletricas-liberadas-nas-ciclovias-do-Rio-por-lei-Foto-Tomaz-Silva-Agencia-Brasil.jpeg","contentUrl":"https:\/\/folhadoleste.com.br\/wp-content\/uploads\/2024\/08\/Bicicletas-eletricas-liberadas-nas-ciclovias-do-Rio-por-lei-Foto-Tomaz-Silva-Agencia-Brasil.jpeg","width":800,"height":600,"caption":"Niter\u00f3i pro\u00edbe bicicletas el\u00e9tricas nas cal\u00e7adas e prioriza seguran\u00e7a de pedestres | Tomaz Silva\/Ag\u00eancia Brasil"},{"@type":"BreadcrumbList","@id":"https:\/\/folhadoleste.com.br\/bicicletas-eletricas-liberadas-nas-ciclovias-do-rio-por-lei\/#breadcrumb","itemListElement":[{"@type":"ListItem","position":1,"name":"In\u00edcio","item":"https:\/\/folhadoleste.com.br\/"},{"@type":"ListItem","position":2,"name":"Rio de Janeiro - Capital","item":"https:\/\/folhadoleste.com.br\/category\/rio-de-janeiro-capital\/"},{"@type":"ListItem","position":3,"name":"Bicicletas el\u00e9tricas liberadas nas ciclovias do Rio por lei"}]},{"@type":"WebSite","@id":"https:\/\/folhadoleste.com.br\/#website","url":"https:\/\/folhadoleste.com.br\/","name":"Folha do Leste","description":"Portal de Not\u00edcias com \u00eanfase em Niter\u00f3i, criando conte\u00fados desde a capital Rio de Janeiro, com olhar para o Leste Fluminense e suas cidades como S\u00e3o Gon\u00e7alo, Itabora\u00ed, Rio Bonito, Maric\u00e1, Saquarema e Araruama","publisher":{"@id":"https:\/\/folhadoleste.com.br\/#organization"},"alternateName":"FL","potentialAction":[{"@type":"SearchAction","target":{"@type":"EntryPoint","urlTemplate":"https:\/\/folhadoleste.com.br\/?s={search_term_string}"},"query-input":{"@type":"PropertyValueSpecification","valueRequired":true,"valueName":"search_term_string"}}],"inLanguage":"en-US"},{"@type":"Organization","@id":"https:\/\/folhadoleste.com.br\/#organization","name":"Brasil 21 Comunica\u00e7\u00e3o","alternateName":"BR21","url":"https:\/\/folhadoleste.com.br\/","logo":{"@type":"ImageObject","inLanguage":"en-US","@id":"https:\/\/folhadoleste.com.br\/#\/schema\/logo\/image\/","url":"https:\/\/folhadoleste.com.br\/wp-content\/uploads\/2025\/12\/brasil-21-logomarca.avif","contentUrl":"https:\/\/folhadoleste.com.br\/wp-content\/uploads\/2025\/12\/brasil-21-logomarca.avif","width":1044,"height":1044,"caption":"Brasil 21 Comunica\u00e7\u00e3o"},"image":{"@id":"https:\/\/folhadoleste.com.br\/#\/schema\/logo\/image\/"},"sameAs":["https:\/\/www.facebook.com\/folhadoleste","https:\/\/x.com\/FolhadoLesteRJ","https:\/\/www.instagram.com\/folhadoleste\/"]},{"@type":"Person","@id":"https:\/\/folhadoleste.com.br\/#\/schema\/person\/3e97145b2e1861276e84471aa85a3899","name":"Folha do Leste","image":{"@type":"ImageObject","inLanguage":"en-US","@id":"https:\/\/folhadoleste.com.br\/wp-content\/litespeed\/avatar\/1ca8c218432e7045e748610eb3db0259.jpg?ver=1777161142","url":"https:\/\/folhadoleste.com.br\/wp-content\/litespeed\/avatar\/1ca8c218432e7045e748610eb3db0259.jpg?ver=1777161142","contentUrl":"https:\/\/folhadoleste.com.br\/wp-content\/litespeed\/avatar\/1ca8c218432e7045e748610eb3db0259.jpg?ver=1777161142","caption":"Folha do Leste"},"url":"https:\/\/folhadoleste.com.br\/en\/author\/reportagem-01\/"}]}},"_links":{"self":[{"href":"https:\/\/folhadoleste.com.br\/en\/wp-json\/wp\/v2\/posts\/81403","targetHints":{"allow":["GET"]}}],"collection":[{"href":"https:\/\/folhadoleste.com.br\/en\/wp-json\/wp\/v2\/posts"}],"about":[{"href":"https:\/\/folhadoleste.com.br\/en\/wp-json\/wp\/v2\/types\/post"}],"author":[{"embeddable":true,"href":"https:\/\/folhadoleste.com.br\/en\/wp-json\/wp\/v2\/users\/4"}],"replies":[{"embeddable":true,"href":"https:\/\/folhadoleste.com.br\/en\/wp-json\/wp\/v2\/comments?post=81403"}],"version-history":[{"count":1,"href":"https:\/\/folhadoleste.com.br\/en\/wp-json\/wp\/v2\/posts\/81403\/revisions"}],"predecessor-version":[{"id":81406,"href":"https:\/\/folhadoleste.com.br\/en\/wp-json\/wp\/v2\/posts\/81403\/revisions\/81406"}],"wp:featuredmedia":[{"embeddable":true,"href":"https:\/\/folhadoleste.com.br\/en\/wp-json\/wp\/v2\/media\/81405"}],"wp:attachment":[{"href":"https:\/\/folhadoleste.com.br\/en\/wp-json\/wp\/v2\/media?parent=81403"}],"wp:term":[{"taxonomy":"category","embeddable":true,"href":"https:\/\/folhadoleste.com.br\/en\/wp-json\/wp\/v2\/categories?post=81403"},{"taxonomy":"post_tag","embeddable":true,"href":"https:\/\/folhadoleste.com.br\/en\/wp-json\/wp\/v2\/tags?post=81403"}],"curies":[{"name":"wp","href":"https:\/\/api.w.org\/{rel}","templated":true}]}}