{"id":80193,"date":"2024-08-19T13:09:03","date_gmt":"2024-08-19T16:09:03","guid":{"rendered":"https:\/\/folhadoleste.com.br\/?p=80193"},"modified":"2024-08-19T13:09:03","modified_gmt":"2024-08-19T16:09:03","slug":"pf-resgata-imigrantes-clandestinos-na-baia-de-guanabara","status":"publish","type":"post","link":"https:\/\/folhadoleste.com.br\/en\/pf-resgata-imigrantes-clandestinos-na-baia-de-guanabara\/","title":{"rendered":"PF resgata imigrantes clandestinos na Ba\u00eda de Guanabara"},"content":{"rendered":"<div id=\"attachment_80195\" style=\"width: 1210px\" class=\"wp-caption aligncenter\"><img decoding=\"async\" aria-describedby=\"caption-attachment-80195\" class=\"size-full wp-image-80195\" src=\"https:\/\/folhadoleste.com.br\/wp-content\/uploads\/2024\/08\/PF-resgata-imigrantes-clandestinos-na-Baia-de-Guanabara-Foto-Reproducao-Redes-Sociais.webp\" alt=\"PF resgata imigrantes clandestinos na Ba\u00eda de Guanabara\" width=\"1200\" height=\"750\" \/><p id=\"caption-attachment-80195\" class=\"wp-caption-text\">PF resgata imigrantes clandestinos na Ba\u00eda de Guanabara | Reprodu\u00e7\u00e3o\/Redes Sociais<\/p><\/div>\n<p style=\"text-align: justify;\">No \u00faltimo s\u00e1bado (17), a Pol\u00edcia Federal realizou o resgate de cinco imigrantes clandestinos africanos que estavam a bordo de um navio cargueiro de bandeira maltesa fundeado na Ba\u00eda de Guanabara, no Rio de Janeiro. A embarca\u00e7\u00e3o, que havia partido do Porto de Dakar, no Senegal, em 4 de agosto, trazia os imigrantes em condi\u00e7\u00f5es de sa\u00fade prec\u00e1rias, o que motivou a opera\u00e7\u00e3o de resgate.<\/p>\n<p style=\"text-align: justify;\">Os tripulantes do navio foram os primeiros a descobrir os imigrantes, origin\u00e1rios de Conakri, capital da Guin\u00e9. Entre eles, estavam dois menores de idade, de 16 e 17 anos.<\/p>\n<h6><span style=\"color: #ff0000;\"><strong>+<\/strong><\/span> <span style=\"color: #000000;\">LEIA TAMB\u00c9M: \u25ba<\/span><a href=\"https:\/\/folhadoleste.com.br\/en\/cidade-de-deus-operacao-policial-deixa-feridos-e-presos\/\"><strong>Cidade de Deus: Opera\u00e7\u00e3o policial deixa feridos e presos<\/strong><\/a><\/h6>\n<p style=\"text-align: justify;\">O mais jovem compartilhou uma hist\u00f3ria comovente: antes de embarcar nessa jornada perigosa, deixou seu irm\u00e3o de 11 anos cuidando de outros quatro irm\u00e3os menores em casa, ap\u00f3s a tr\u00e1gica morte dos pais em uma explos\u00e3o que tirou a vida de 400 pessoas na cidade onde viviam.<\/p>\n<p style=\"text-align: justify;\">Esses jovens enfrentaram um \u00e1rduo caminho antes de chegarem ao Brasil, viajando por tr\u00eas dias em um caminh\u00e3o de carga clandestino at\u00e9 finalmente embarcarem no navio. Entre os cinco resgatados, um expressou interesse em solicitar ref\u00fagio no Brasil, buscando um futuro mais seguro.<\/p>\n<h5 style=\"text-align: center;\"><span style=\"color: #000000;\"><span style=\"color: #ff0000;\"><strong>+ <\/strong><\/span><\/span><span style=\"color: #000000;\"><span style=\"color: #ff9900;\"><strong>MAIS NOT\u00cdCIAS DO RIO DE JANEIRO?<\/strong><\/span> <span style=\"color: #008080;\"><strong><a style=\"color: #008080;\" href=\"https:\/\/folhadoleste.com.br\/en\/category\/rio-de-janeiro-capital\/\">CLIQUE AQUI<\/a><\/strong><\/span><\/span><\/h5>\n<p style=\"text-align: justify;\">Ap\u00f3s serem resgatados, os imigrantes receberam autoriza\u00e7\u00e3o para desembarcar em solo brasileiro por motivos humanit\u00e1rios e foram encaminhados a um hotel, onde aguardam o desenrolar dos procedimentos legais. A seguradora do navio assumiu a responsabilidade pelos cuidados dos imigrantes durante esse per\u00edodo.<\/p>\n<p style=\"text-align: justify;\">A opera\u00e7\u00e3o foi coordenada pelo N\u00facleo Especial de Pol\u00edcia Mar\u00edtima (Nepom) do Rio de Janeiro, com apoio do N\u00facleo de Fiscaliza\u00e7\u00e3o de Tr\u00e1fego Internacional (Nfti) da Delegacia de Migra\u00e7\u00e3o (Delemig). Al\u00e9m disso, a embarca\u00e7\u00e3o passou por uma inspe\u00e7\u00e3o da Ag\u00eancia Nacional de Vigil\u00e2ncia Sanit\u00e1ria (Anvisa), devido \u00e0 suspeita de infec\u00e7\u00e3o por mal\u00e1ria em um dos tripulantes e em um dos imigrantes resgatados.<\/p>\n<div id=\"attachment_77492\" class=\"wp-caption aligncenter\">\n<p><a href=\"http:\/\/instagram.com\/folhadoleste\"><img decoding=\"async\" class=\"wp-image-77492 size-full\" src=\"https:\/\/folhadoleste.com.br\/wp-content\/uploads\/2024\/07\/Instagram-Folha-do-Leste.png\" alt=\"http:\/\/instagram.com\/folhadoleste\" width=\"400\" height=\"200\" aria-describedby=\"caption-attachment-77492\" \/><\/a><\/p>\n<p id=\"caption-attachment-77492\" class=\"wp-caption-text\">Siga o Folha do Leste no Instagram!<\/p>\n<\/div>\n<div id=\"attachment_77490\" class=\"wp-caption aligncenter\">\n<p><a href=\"http:\/\/facebook.com\/folhadoleste\"><img decoding=\"async\" class=\"size-medium wp-image-77490\" src=\"https:\/\/folhadoleste.com.br\/wp-content\/uploads\/2024\/07\/Facebook-Folha-do-Leste-10k-300x300.jpg\" alt=\"Curta e siga o Folha do Leste no Facebook!\" width=\"300\" height=\"300\" aria-describedby=\"caption-attachment-77490\" \/><\/a><\/p>\n<p id=\"caption-attachment-77490\" class=\"wp-caption-text\">Curta e siga o Folha do Leste no Facebook!<\/p>\n<\/div>","protected":false},"excerpt":{"rendered":"<p>No \u00faltimo s\u00e1bado (17), a Pol\u00edcia Federal realizou o resgate de cinco imigrantes clandestinos africanos que estavam a bordo de um navio cargueiro de bandeira maltesa fundeado na Ba\u00eda de Guanabara, no Rio de Janeiro. A embarca\u00e7\u00e3o, que havia partido do Porto de Dakar, no Senegal, em 4 de agosto, trazia os imigrantes em condi\u00e7\u00f5es de sa\u00fade prec\u00e1rias, o que motivou a opera\u00e7\u00e3o de resgate. Os tripulantes do navio foram os primeiros a descobrir os imigrantes, origin\u00e1rios de Conakri, capital da Guin\u00e9. Entre eles, estavam dois menores de idade, de 16 e 17 anos. + LEIA TAMB\u00c9M: \u25baCidade de Deus: [&hellip;]<\/p>\n","protected":false},"author":4,"featured_media":80195,"comment_status":"open","ping_status":"open","sticky":false,"template":"","format":"standard","meta":{"footnotes":""},"categories":[290,67],"tags":[4758,642,3860,37171,16341,37173,1758,12356,20876,4661,11889,37168,37166,5688,37167,37174,35947,6586,37170,861,78,382,6580,16864,570,93,37172,37169],"class_list":["post-80193","post","type-post","status-publish","format-standard","has-post-thumbnail","hentry","category-policia-rio-de-janeiro-capital","category-rio-de-janeiro-capital","tag-africa","tag-anvisa","tag-baia-de-guanabara","tag-conakri","tag-crise-migratoria","tag-delemig","tag-direitos-humanos","tag-estrangeiros","tag-fronteiras","tag-guine","tag-imigracao","tag-imigracao-ilegal","tag-imigrantes-clandestinos","tag-malaria","tag-navio-cargueiro","tag-nepom","tag-operacao-de-resgate","tag-operacao-policial","tag-patrulha-maritima","tag-pf","tag-policia","tag-policia-federal","tag-refugiados","tag-refugio","tag-resgate","tag-rio-de-janeiro","tag-saude-precaria","tag-trafico-de-pessoas","post--single"],"yoast_head":"<!-- This site is optimized with the Yoast SEO plugin v27.4 - https:\/\/yoast.com\/product\/yoast-seo-wordpress\/ -->\n<title>PF resgata imigrantes clandestinos na Ba\u00eda de Guanabara &#8226; Folha do Leste<\/title>\n<meta name=\"description\" content=\"PF resgata imigrantes clandestinos na Ba\u00eda de Guanabara. A opera\u00e7\u00e3o destaca a crise migrat\u00f3ria global e a busca por ref\u00fagio no Brasil...\" \/>\n<meta name=\"robots\" content=\"index, follow, max-snippet:-1, max-image-preview:large, max-video-preview:-1\" \/>\n<link rel=\"canonical\" href=\"https:\/\/folhadoleste.com.br\/en\/pf-resgata-imigrantes-clandestinos-na-baia-de-guanabara\/\" \/>\n<meta property=\"og:locale\" content=\"en_US\" \/>\n<meta property=\"og:type\" content=\"article\" \/>\n<meta property=\"og:title\" content=\"PF resgata imigrantes clandestinos na Ba\u00eda de Guanabara &#8226; Folha do Leste\" \/>\n<meta property=\"og:description\" content=\"Rio de Janeiro - Capital &#8226; 19 de August de 2024 &#8226; Folha do Leste\" \/>\n<meta property=\"og:url\" content=\"https:\/\/folhadoleste.com.br\/en\/pf-resgata-imigrantes-clandestinos-na-baia-de-guanabara\/\" \/>\n<meta property=\"og:site_name\" content=\"Folha do Leste\" \/>\n<meta property=\"article:publisher\" content=\"https:\/\/www.facebook.com\/folhadoleste\" \/>\n<meta property=\"article:published_time\" content=\"2024-08-19T16:09:03+00:00\" \/>\n<meta property=\"og:image\" content=\"https:\/\/folhadoleste.com.br\/wp-content\/uploads\/2024\/08\/PF-resgata-imigrantes-clandestinos-na-Baia-de-Guanabara-Foto-Reproducao-Redes-Sociais.webp\" \/>\n\t<meta property=\"og:image:width\" content=\"1200\" \/>\n\t<meta property=\"og:image:height\" content=\"750\" \/>\n\t<meta property=\"og:image:type\" content=\"image\/webp\" \/>\n<meta name=\"author\" content=\"Folha do Leste\" \/>\n<meta name=\"twitter:card\" content=\"summary_large_image\" \/>\n<meta name=\"twitter:description\" content=\"Rio de Janeiro - Capital &#8226; 19 de August de 2024 &#8226; Folha do Leste\" \/>\n<meta name=\"twitter:creator\" content=\"@FolhadoLesteRJ\" \/>\n<meta name=\"twitter:site\" content=\"@FolhadoLesteRJ\" \/>\n<meta name=\"twitter:label1\" content=\"Written by\" \/>\n\t<meta name=\"twitter:data1\" content=\"Folha do Leste\" \/>\n\t<meta name=\"twitter:label2\" content=\"Est. reading time\" \/>\n\t<meta name=\"twitter:data2\" content=\"3 minutes\" \/>\n<script type=\"application\/ld+json\" class=\"yoast-schema-graph\">{\"@context\":\"https:\\\/\\\/schema.org\",\"@graph\":[{\"@type\":\"NewsArticle\",\"@id\":\"https:\\\/\\\/folhadoleste.com.br\\\/pf-resgata-imigrantes-clandestinos-na-baia-de-guanabara\\\/#article\",\"isPartOf\":{\"@id\":\"https:\\\/\\\/folhadoleste.com.br\\\/pf-resgata-imigrantes-clandestinos-na-baia-de-guanabara\\\/\"},\"author\":{\"name\":\"Folha do Leste\",\"@id\":\"https:\\\/\\\/folhadoleste.com.br\\\/#\\\/schema\\\/person\\\/3e97145b2e1861276e84471aa85a3899\"},\"headline\":\"PF resgata imigrantes clandestinos na Ba\u00eda de Guanabara\",\"datePublished\":\"2024-08-19T16:09:03+00:00\",\"mainEntityOfPage\":{\"@id\":\"https:\\\/\\\/folhadoleste.com.br\\\/pf-resgata-imigrantes-clandestinos-na-baia-de-guanabara\\\/\"},\"wordCount\":386,\"commentCount\":0,\"publisher\":{\"@id\":\"https:\\\/\\\/folhadoleste.com.br\\\/#organization\"},\"image\":{\"@id\":\"https:\\\/\\\/folhadoleste.com.br\\\/pf-resgata-imigrantes-clandestinos-na-baia-de-guanabara\\\/#primaryimage\"},\"thumbnailUrl\":\"https:\\\/\\\/folhadoleste.com.br\\\/wp-content\\\/uploads\\\/2024\\\/08\\\/PF-resgata-imigrantes-clandestinos-na-Baia-de-Guanabara-Foto-Reproducao-Redes-Sociais.webp\",\"keywords\":[\"\u00c1frica\",\"Anvisa\",\"Baia de Guanabara\",\"Conakri\",\"Crise migrat\u00f3ria\",\"Delemig\",\"Direitos Humanos\",\"estrangeiros\",\"Fronteiras\",\"Guin\u00e9\",\"imigra\u00e7\u00e3o\",\"imigra\u00e7\u00e3o ilegal\",\"imigrantes clandestinos\",\"Mal\u00e1ria\",\"navio cargueiro\",\"Nepom\",\"opera\u00e7\u00e3o de resgate\",\"Opera\u00e7\u00e3o Policial\",\"patrulha mar\u00edtima\",\"PF\",\"pol\u00edcia\",\"Pol\u00edcia Federal\",\"refugiados\",\"ref\u00fagio\",\"resgate\",\"Rio de Janeiro\",\"sa\u00fade prec\u00e1ria\",\"tr\u00e1fico de pessoas\"],\"articleSection\":[\"Pol\u00edcia\",\"Rio de Janeiro - Capital\"],\"inLanguage\":\"en-US\",\"potentialAction\":[{\"@type\":\"CommentAction\",\"name\":\"Comment\",\"target\":[\"https:\\\/\\\/folhadoleste.com.br\\\/pf-resgata-imigrantes-clandestinos-na-baia-de-guanabara\\\/#respond\"]}]},{\"@type\":\"WebPage\",\"@id\":\"https:\\\/\\\/folhadoleste.com.br\\\/pf-resgata-imigrantes-clandestinos-na-baia-de-guanabara\\\/\",\"url\":\"https:\\\/\\\/folhadoleste.com.br\\\/pf-resgata-imigrantes-clandestinos-na-baia-de-guanabara\\\/\",\"name\":\"PF resgata imigrantes clandestinos na Ba\u00eda de Guanabara &#8226; Folha do Leste\",\"isPartOf\":{\"@id\":\"https:\\\/\\\/folhadoleste.com.br\\\/#website\"},\"primaryImageOfPage\":{\"@id\":\"https:\\\/\\\/folhadoleste.com.br\\\/pf-resgata-imigrantes-clandestinos-na-baia-de-guanabara\\\/#primaryimage\"},\"image\":{\"@id\":\"https:\\\/\\\/folhadoleste.com.br\\\/pf-resgata-imigrantes-clandestinos-na-baia-de-guanabara\\\/#primaryimage\"},\"thumbnailUrl\":\"https:\\\/\\\/folhadoleste.com.br\\\/wp-content\\\/uploads\\\/2024\\\/08\\\/PF-resgata-imigrantes-clandestinos-na-Baia-de-Guanabara-Foto-Reproducao-Redes-Sociais.webp\",\"datePublished\":\"2024-08-19T16:09:03+00:00\",\"description\":\"PF resgata imigrantes clandestinos na Ba\u00eda de Guanabara. A opera\u00e7\u00e3o destaca a crise migrat\u00f3ria global e a busca por ref\u00fagio no Brasil...\",\"breadcrumb\":{\"@id\":\"https:\\\/\\\/folhadoleste.com.br\\\/pf-resgata-imigrantes-clandestinos-na-baia-de-guanabara\\\/#breadcrumb\"},\"inLanguage\":\"en-US\",\"potentialAction\":[{\"@type\":\"ReadAction\",\"target\":[\"https:\\\/\\\/folhadoleste.com.br\\\/pf-resgata-imigrantes-clandestinos-na-baia-de-guanabara\\\/\"]}]},{\"@type\":\"ImageObject\",\"inLanguage\":\"en-US\",\"@id\":\"https:\\\/\\\/folhadoleste.com.br\\\/pf-resgata-imigrantes-clandestinos-na-baia-de-guanabara\\\/#primaryimage\",\"url\":\"https:\\\/\\\/folhadoleste.com.br\\\/wp-content\\\/uploads\\\/2024\\\/08\\\/PF-resgata-imigrantes-clandestinos-na-Baia-de-Guanabara-Foto-Reproducao-Redes-Sociais.webp\",\"contentUrl\":\"https:\\\/\\\/folhadoleste.com.br\\\/wp-content\\\/uploads\\\/2024\\\/08\\\/PF-resgata-imigrantes-clandestinos-na-Baia-de-Guanabara-Foto-Reproducao-Redes-Sociais.webp\",\"width\":1200,\"height\":750,\"caption\":\"PF resgata imigrantes clandestinos na Ba\u00eda de Guanabara | Reprodu\u00e7\u00e3o\\\/Redes Sociais\"},{\"@type\":\"BreadcrumbList\",\"@id\":\"https:\\\/\\\/folhadoleste.com.br\\\/pf-resgata-imigrantes-clandestinos-na-baia-de-guanabara\\\/#breadcrumb\",\"itemListElement\":[{\"@type\":\"ListItem\",\"position\":1,\"name\":\"In\u00edcio\",\"item\":\"https:\\\/\\\/folhadoleste.com.br\\\/\"},{\"@type\":\"ListItem\",\"position\":2,\"name\":\"Rio de Janeiro - Capital\",\"item\":\"https:\\\/\\\/folhadoleste.com.br\\\/category\\\/rio-de-janeiro-capital\\\/\"},{\"@type\":\"ListItem\",\"position\":3,\"name\":\"PF resgata imigrantes clandestinos na Ba\u00eda de Guanabara\"}]},{\"@type\":\"WebSite\",\"@id\":\"https:\\\/\\\/folhadoleste.com.br\\\/#website\",\"url\":\"https:\\\/\\\/folhadoleste.com.br\\\/\",\"name\":\"Folha do Leste\",\"description\":\"Portal de Not\u00edcias com \u00eanfase em Niter\u00f3i, criando conte\u00fados desde a capital Rio de Janeiro, com olhar para o Leste Fluminense e suas cidades como S\u00e3o Gon\u00e7alo, Itabora\u00ed, Rio Bonito, Maric\u00e1, Saquarema e Araruama\",\"publisher\":{\"@id\":\"https:\\\/\\\/folhadoleste.com.br\\\/#organization\"},\"alternateName\":\"FL\",\"potentialAction\":[{\"@type\":\"SearchAction\",\"target\":{\"@type\":\"EntryPoint\",\"urlTemplate\":\"https:\\\/\\\/folhadoleste.com.br\\\/?s={search_term_string}\"},\"query-input\":{\"@type\":\"PropertyValueSpecification\",\"valueRequired\":true,\"valueName\":\"search_term_string\"}}],\"inLanguage\":\"en-US\"},{\"@type\":\"Organization\",\"@id\":\"https:\\\/\\\/folhadoleste.com.br\\\/#organization\",\"name\":\"Brasil 21 Comunica\u00e7\u00e3o\",\"alternateName\":\"BR21\",\"url\":\"https:\\\/\\\/folhadoleste.com.br\\\/\",\"logo\":{\"@type\":\"ImageObject\",\"inLanguage\":\"en-US\",\"@id\":\"https:\\\/\\\/folhadoleste.com.br\\\/#\\\/schema\\\/logo\\\/image\\\/\",\"url\":\"https:\\\/\\\/folhadoleste.com.br\\\/wp-content\\\/uploads\\\/2025\\\/12\\\/brasil-21-logomarca.avif\",\"contentUrl\":\"https:\\\/\\\/folhadoleste.com.br\\\/wp-content\\\/uploads\\\/2025\\\/12\\\/brasil-21-logomarca.avif\",\"width\":1044,\"height\":1044,\"caption\":\"Brasil 21 Comunica\u00e7\u00e3o\"},\"image\":{\"@id\":\"https:\\\/\\\/folhadoleste.com.br\\\/#\\\/schema\\\/logo\\\/image\\\/\"},\"sameAs\":[\"https:\\\/\\\/www.facebook.com\\\/folhadoleste\",\"https:\\\/\\\/x.com\\\/FolhadoLesteRJ\",\"https:\\\/\\\/www.instagram.com\\\/folhadoleste\\\/\"]},{\"@type\":\"Person\",\"@id\":\"https:\\\/\\\/folhadoleste.com.br\\\/#\\\/schema\\\/person\\\/3e97145b2e1861276e84471aa85a3899\",\"name\":\"Folha do Leste\",\"image\":{\"@type\":\"ImageObject\",\"inLanguage\":\"en-US\",\"@id\":\"https:\\\/\\\/folhadoleste.com.br\\\/wp-content\\\/litespeed\\\/avatar\\\/1ca8c218432e7045e748610eb3db0259.jpg?ver=1776693931\",\"url\":\"https:\\\/\\\/folhadoleste.com.br\\\/wp-content\\\/litespeed\\\/avatar\\\/1ca8c218432e7045e748610eb3db0259.jpg?ver=1776693931\",\"contentUrl\":\"https:\\\/\\\/folhadoleste.com.br\\\/wp-content\\\/litespeed\\\/avatar\\\/1ca8c218432e7045e748610eb3db0259.jpg?ver=1776693931\",\"caption\":\"Folha do Leste\"},\"url\":\"https:\\\/\\\/folhadoleste.com.br\\\/en\\\/author\\\/reportagem-01\\\/\"}]}<\/script>\n<!-- \/ Yoast SEO plugin. -->","yoast_head_json":{"title":"PF resgata imigrantes clandestinos na Ba\u00eda de Guanabara &#8226; Folha do Leste","description":"PF resgata imigrantes clandestinos na Ba\u00eda de Guanabara. A opera\u00e7\u00e3o destaca a crise migrat\u00f3ria global e a busca por ref\u00fagio no Brasil...","robots":{"index":"index","follow":"follow","max-snippet":"max-snippet:-1","max-image-preview":"max-image-preview:large","max-video-preview":"max-video-preview:-1"},"canonical":"https:\/\/folhadoleste.com.br\/en\/pf-resgata-imigrantes-clandestinos-na-baia-de-guanabara\/","og_locale":"en_US","og_type":"article","og_title":"PF resgata imigrantes clandestinos na Ba\u00eda de Guanabara &#8226; Folha do Leste","og_description":"Rio de Janeiro - Capital &#8226; 19 de August de 2024 &#8226; Folha do Leste","og_url":"https:\/\/folhadoleste.com.br\/en\/pf-resgata-imigrantes-clandestinos-na-baia-de-guanabara\/","og_site_name":"Folha do Leste","article_publisher":"https:\/\/www.facebook.com\/folhadoleste","article_published_time":"2024-08-19T16:09:03+00:00","og_image":[{"width":1200,"height":750,"url":"https:\/\/folhadoleste.com.br\/wp-content\/uploads\/2024\/08\/PF-resgata-imigrantes-clandestinos-na-Baia-de-Guanabara-Foto-Reproducao-Redes-Sociais.webp","type":"image\/webp"}],"author":"Folha do Leste","twitter_card":"summary_large_image","twitter_description":"Rio de Janeiro - Capital &#8226; 19 de August de 2024 &#8226; Folha do Leste","twitter_creator":"@FolhadoLesteRJ","twitter_site":"@FolhadoLesteRJ","twitter_misc":{"Written by":"Folha do Leste","Est. reading time":"3 minutes"},"schema":{"@context":"https:\/\/schema.org","@graph":[{"@type":"NewsArticle","@id":"https:\/\/folhadoleste.com.br\/pf-resgata-imigrantes-clandestinos-na-baia-de-guanabara\/#article","isPartOf":{"@id":"https:\/\/folhadoleste.com.br\/pf-resgata-imigrantes-clandestinos-na-baia-de-guanabara\/"},"author":{"name":"Folha do Leste","@id":"https:\/\/folhadoleste.com.br\/#\/schema\/person\/3e97145b2e1861276e84471aa85a3899"},"headline":"PF resgata imigrantes clandestinos na Ba\u00eda de Guanabara","datePublished":"2024-08-19T16:09:03+00:00","mainEntityOfPage":{"@id":"https:\/\/folhadoleste.com.br\/pf-resgata-imigrantes-clandestinos-na-baia-de-guanabara\/"},"wordCount":386,"commentCount":0,"publisher":{"@id":"https:\/\/folhadoleste.com.br\/#organization"},"image":{"@id":"https:\/\/folhadoleste.com.br\/pf-resgata-imigrantes-clandestinos-na-baia-de-guanabara\/#primaryimage"},"thumbnailUrl":"https:\/\/folhadoleste.com.br\/wp-content\/uploads\/2024\/08\/PF-resgata-imigrantes-clandestinos-na-Baia-de-Guanabara-Foto-Reproducao-Redes-Sociais.webp","keywords":["\u00c1frica","Anvisa","Baia de Guanabara","Conakri","Crise migrat\u00f3ria","Delemig","Direitos Humanos","estrangeiros","Fronteiras","Guin\u00e9","imigra\u00e7\u00e3o","imigra\u00e7\u00e3o ilegal","imigrantes clandestinos","Mal\u00e1ria","navio cargueiro","Nepom","opera\u00e7\u00e3o de resgate","Opera\u00e7\u00e3o Policial","patrulha mar\u00edtima","PF","pol\u00edcia","Pol\u00edcia Federal","refugiados","ref\u00fagio","resgate","Rio de Janeiro","sa\u00fade prec\u00e1ria","tr\u00e1fico de pessoas"],"articleSection":["Pol\u00edcia","Rio de Janeiro - Capital"],"inLanguage":"en-US","potentialAction":[{"@type":"CommentAction","name":"Comment","target":["https:\/\/folhadoleste.com.br\/pf-resgata-imigrantes-clandestinos-na-baia-de-guanabara\/#respond"]}]},{"@type":"WebPage","@id":"https:\/\/folhadoleste.com.br\/pf-resgata-imigrantes-clandestinos-na-baia-de-guanabara\/","url":"https:\/\/folhadoleste.com.br\/pf-resgata-imigrantes-clandestinos-na-baia-de-guanabara\/","name":"PF resgata imigrantes clandestinos na Ba\u00eda de Guanabara &#8226; Folha do Leste","isPartOf":{"@id":"https:\/\/folhadoleste.com.br\/#website"},"primaryImageOfPage":{"@id":"https:\/\/folhadoleste.com.br\/pf-resgata-imigrantes-clandestinos-na-baia-de-guanabara\/#primaryimage"},"image":{"@id":"https:\/\/folhadoleste.com.br\/pf-resgata-imigrantes-clandestinos-na-baia-de-guanabara\/#primaryimage"},"thumbnailUrl":"https:\/\/folhadoleste.com.br\/wp-content\/uploads\/2024\/08\/PF-resgata-imigrantes-clandestinos-na-Baia-de-Guanabara-Foto-Reproducao-Redes-Sociais.webp","datePublished":"2024-08-19T16:09:03+00:00","description":"PF resgata imigrantes clandestinos na Ba\u00eda de Guanabara. A opera\u00e7\u00e3o destaca a crise migrat\u00f3ria global e a busca por ref\u00fagio no Brasil...","breadcrumb":{"@id":"https:\/\/folhadoleste.com.br\/pf-resgata-imigrantes-clandestinos-na-baia-de-guanabara\/#breadcrumb"},"inLanguage":"en-US","potentialAction":[{"@type":"ReadAction","target":["https:\/\/folhadoleste.com.br\/pf-resgata-imigrantes-clandestinos-na-baia-de-guanabara\/"]}]},{"@type":"ImageObject","inLanguage":"en-US","@id":"https:\/\/folhadoleste.com.br\/pf-resgata-imigrantes-clandestinos-na-baia-de-guanabara\/#primaryimage","url":"https:\/\/folhadoleste.com.br\/wp-content\/uploads\/2024\/08\/PF-resgata-imigrantes-clandestinos-na-Baia-de-Guanabara-Foto-Reproducao-Redes-Sociais.webp","contentUrl":"https:\/\/folhadoleste.com.br\/wp-content\/uploads\/2024\/08\/PF-resgata-imigrantes-clandestinos-na-Baia-de-Guanabara-Foto-Reproducao-Redes-Sociais.webp","width":1200,"height":750,"caption":"PF resgata imigrantes clandestinos na Ba\u00eda de Guanabara | Reprodu\u00e7\u00e3o\/Redes Sociais"},{"@type":"BreadcrumbList","@id":"https:\/\/folhadoleste.com.br\/pf-resgata-imigrantes-clandestinos-na-baia-de-guanabara\/#breadcrumb","itemListElement":[{"@type":"ListItem","position":1,"name":"In\u00edcio","item":"https:\/\/folhadoleste.com.br\/"},{"@type":"ListItem","position":2,"name":"Rio de Janeiro - Capital","item":"https:\/\/folhadoleste.com.br\/category\/rio-de-janeiro-capital\/"},{"@type":"ListItem","position":3,"name":"PF resgata imigrantes clandestinos na Ba\u00eda de Guanabara"}]},{"@type":"WebSite","@id":"https:\/\/folhadoleste.com.br\/#website","url":"https:\/\/folhadoleste.com.br\/","name":"Folha do Leste","description":"Portal de Not\u00edcias com \u00eanfase em Niter\u00f3i, criando conte\u00fados desde a capital Rio de Janeiro, com olhar para o Leste Fluminense e suas cidades como S\u00e3o Gon\u00e7alo, Itabora\u00ed, Rio Bonito, Maric\u00e1, Saquarema e Araruama","publisher":{"@id":"https:\/\/folhadoleste.com.br\/#organization"},"alternateName":"FL","potentialAction":[{"@type":"SearchAction","target":{"@type":"EntryPoint","urlTemplate":"https:\/\/folhadoleste.com.br\/?s={search_term_string}"},"query-input":{"@type":"PropertyValueSpecification","valueRequired":true,"valueName":"search_term_string"}}],"inLanguage":"en-US"},{"@type":"Organization","@id":"https:\/\/folhadoleste.com.br\/#organization","name":"Brasil 21 Comunica\u00e7\u00e3o","alternateName":"BR21","url":"https:\/\/folhadoleste.com.br\/","logo":{"@type":"ImageObject","inLanguage":"en-US","@id":"https:\/\/folhadoleste.com.br\/#\/schema\/logo\/image\/","url":"https:\/\/folhadoleste.com.br\/wp-content\/uploads\/2025\/12\/brasil-21-logomarca.avif","contentUrl":"https:\/\/folhadoleste.com.br\/wp-content\/uploads\/2025\/12\/brasil-21-logomarca.avif","width":1044,"height":1044,"caption":"Brasil 21 Comunica\u00e7\u00e3o"},"image":{"@id":"https:\/\/folhadoleste.com.br\/#\/schema\/logo\/image\/"},"sameAs":["https:\/\/www.facebook.com\/folhadoleste","https:\/\/x.com\/FolhadoLesteRJ","https:\/\/www.instagram.com\/folhadoleste\/"]},{"@type":"Person","@id":"https:\/\/folhadoleste.com.br\/#\/schema\/person\/3e97145b2e1861276e84471aa85a3899","name":"Folha do Leste","image":{"@type":"ImageObject","inLanguage":"en-US","@id":"https:\/\/folhadoleste.com.br\/wp-content\/litespeed\/avatar\/1ca8c218432e7045e748610eb3db0259.jpg?ver=1776693931","url":"https:\/\/folhadoleste.com.br\/wp-content\/litespeed\/avatar\/1ca8c218432e7045e748610eb3db0259.jpg?ver=1776693931","contentUrl":"https:\/\/folhadoleste.com.br\/wp-content\/litespeed\/avatar\/1ca8c218432e7045e748610eb3db0259.jpg?ver=1776693931","caption":"Folha do Leste"},"url":"https:\/\/folhadoleste.com.br\/en\/author\/reportagem-01\/"}]}},"_links":{"self":[{"href":"https:\/\/folhadoleste.com.br\/en\/wp-json\/wp\/v2\/posts\/80193","targetHints":{"allow":["GET"]}}],"collection":[{"href":"https:\/\/folhadoleste.com.br\/en\/wp-json\/wp\/v2\/posts"}],"about":[{"href":"https:\/\/folhadoleste.com.br\/en\/wp-json\/wp\/v2\/types\/post"}],"author":[{"embeddable":true,"href":"https:\/\/folhadoleste.com.br\/en\/wp-json\/wp\/v2\/users\/4"}],"replies":[{"embeddable":true,"href":"https:\/\/folhadoleste.com.br\/en\/wp-json\/wp\/v2\/comments?post=80193"}],"version-history":[{"count":1,"href":"https:\/\/folhadoleste.com.br\/en\/wp-json\/wp\/v2\/posts\/80193\/revisions"}],"predecessor-version":[{"id":80196,"href":"https:\/\/folhadoleste.com.br\/en\/wp-json\/wp\/v2\/posts\/80193\/revisions\/80196"}],"wp:featuredmedia":[{"embeddable":true,"href":"https:\/\/folhadoleste.com.br\/en\/wp-json\/wp\/v2\/media\/80195"}],"wp:attachment":[{"href":"https:\/\/folhadoleste.com.br\/en\/wp-json\/wp\/v2\/media?parent=80193"}],"wp:term":[{"taxonomy":"category","embeddable":true,"href":"https:\/\/folhadoleste.com.br\/en\/wp-json\/wp\/v2\/categories?post=80193"},{"taxonomy":"post_tag","embeddable":true,"href":"https:\/\/folhadoleste.com.br\/en\/wp-json\/wp\/v2\/tags?post=80193"}],"curies":[{"name":"wp","href":"https:\/\/api.w.org\/{rel}","templated":true}]}}