{"id":79726,"date":"2024-08-14T15:39:41","date_gmt":"2024-08-14T18:39:41","guid":{"rendered":"https:\/\/folhadoleste.com.br\/?p=79726"},"modified":"2024-08-14T15:39:41","modified_gmt":"2024-08-14T18:39:41","slug":"homem-e-preso-apos-roubar-carne-em-marica","status":"publish","type":"post","link":"https:\/\/folhadoleste.com.br\/en\/homem-e-preso-apos-roubar-carne-em-marica\/","title":{"rendered":"Homem \u00e9 preso ap\u00f3s roubar carne em Maric\u00e1"},"content":{"rendered":"<div id=\"attachment_49772\" style=\"width: 1210px\" class=\"wp-caption aligncenter\"><img decoding=\"async\" aria-describedby=\"caption-attachment-49772\" class=\"size-full wp-image-49772\" src=\"https:\/\/folhadoleste.com.br\/wp-content\/uploads\/2024\/02\/82-DP.webp\" alt=\"Homem \u00e9 preso ap\u00f3s roubar carne em Maric\u00e1\" width=\"1200\" height=\"750\" \/><p id=\"caption-attachment-49772\" class=\"wp-caption-text\">Homem \u00e9 preso ap\u00f3s roubar carne em Maric\u00e1 | Divulga\u00e7\u00e3o<\/p><\/div>\n<p style=\"text-align: justify;\" data-sourcepos=\"9:1-9:277\">Em mais um cap\u00edtulo da luta contra a criminalidade, um homem foi preso em flagrante na manh\u00e3 desta quarta-feira (14) ap\u00f3s tentar dar um &#8220;golpe&#8221; no supermercado. O caso aconteceu em Itaipua\u00e7u, em Maric\u00e1, e deixou a comunidade em choque.<\/p>\n<h6><span style=\"color: #ff0000;\"><strong>+<\/strong><\/span> <span style=\"color: #000000;\">LEIA TAMB\u00c9M: \u25ba<\/span><a href=\"https:\/\/folhadoleste.com.br\/en\/category\/jornal-folha-do-leste-rj\/\"><strong>Chicletinho fica amargo ap\u00f3s ser preso duas vezes em Niter\u00f3i<\/strong><\/a><\/h6>\n<p style=\"text-align: justify;\" data-sourcepos=\"13:1-13:184\">De acordo com informa\u00e7\u00f5es, o ladr\u00e3o aproveitou um momento de distra\u00e7\u00e3o dos funcion\u00e1rios para encher a mochila de carne e tentar sair do estabelecimento como se nada tivesse acontecido. No entanto, seus planos foram frustrados por um funcion\u00e1rio atento que percebeu a a\u00e7\u00e3o criminosa e acionou a pol\u00edcia.<\/p>\n<h5 style=\"text-align: center;\"><span style=\"color: #000000;\"><span style=\"color: #ff0000;\"><strong>+ <\/strong><\/span><\/span><span style=\"color: #000000;\"><strong><span style=\"color: #ff9900;\">MAIS NOT\u00cdCIAS DE MARIC\u00c1?<\/span> <span style=\"color: #008080;\"><a style=\"color: #008080;\" href=\"https:\/\/folhadoleste.com.br\/en\/category\/jornal-folha-do-leste-rj\/marica\/\">CLIQUE AQUI<\/a><\/span><\/strong><\/span><\/h5>\n<p style=\"text-align: justify;\" data-sourcepos=\"17:1-17:306\">Rapidamente, uma equipe da Pol\u00edcia Militar chegou ao local e prendeu o ladr\u00e3o em flagrante. O homem foi conduzido para a 82\u00aa Delegacia de Pol\u00edcia, no Centro de Maric\u00e1, onde foi autuado por furto. Em seguida, foi encaminhado para a Central de Flagrantes em Niter\u00f3i, onde permanecer\u00e1 \u00e0 disposi\u00e7\u00e3o da Justi\u00e7a.<\/p>\n<div id=\"attachment_77492\" class=\"wp-caption aligncenter\">\n<p><a href=\"http:\/\/instagram.com\/folhadoleste\"><img decoding=\"async\" class=\"wp-image-77492 size-full\" src=\"https:\/\/folhadoleste.com.br\/wp-content\/uploads\/2024\/07\/Instagram-Folha-do-Leste.png\" alt=\"http:\/\/instagram.com\/folhadoleste\" width=\"400\" height=\"200\" aria-describedby=\"caption-attachment-77492\" \/><\/a><\/p>\n<p id=\"caption-attachment-77492\" class=\"wp-caption-text\">Siga o Folha do Leste no Instagram!<\/p>\n<\/div>\n<div id=\"attachment_77490\" class=\"wp-caption aligncenter\">\n<p><a href=\"http:\/\/facebook.com\/folhadoleste\"><img decoding=\"async\" class=\"size-medium wp-image-77490\" src=\"https:\/\/folhadoleste.com.br\/wp-content\/uploads\/2024\/07\/Facebook-Folha-do-Leste-10k-300x300.jpg\" alt=\"Curta e siga o Folha do Leste no Facebook!\" width=\"300\" height=\"300\" aria-describedby=\"caption-attachment-77490\" \/><\/a><\/p>\n<p id=\"caption-attachment-77490\" class=\"wp-caption-text\">Curta e siga o Folha do Leste no Facebook!<\/p>\n<\/div>","protected":false},"excerpt":{"rendered":"<p>Em mais um cap\u00edtulo da luta contra a criminalidade, um homem foi preso em flagrante na manh\u00e3 desta quarta-feira (14) ap\u00f3s tentar dar um &#8220;golpe&#8221; no supermercado. O caso aconteceu em Itaipua\u00e7u, em Maric\u00e1, e deixou a comunidade em choque. + LEIA TAMB\u00c9M: \u25baChicletinho fica amargo ap\u00f3s ser preso duas vezes em Niter\u00f3i De acordo com informa\u00e7\u00f5es, o ladr\u00e3o aproveitou um momento de distra\u00e7\u00e3o dos funcion\u00e1rios para encher a mochila de carne e tentar sair do estabelecimento como se nada tivesse acontecido. No entanto, seus planos foram frustrados por um funcion\u00e1rio atento que percebeu a a\u00e7\u00e3o criminosa e acionou a [&hellip;]<\/p>\n","protected":false},"author":4,"featured_media":79728,"comment_status":"open","ping_status":"open","sticky":false,"template":"","format":"standard","meta":{"footnotes":""},"categories":[47,87],"tags":[13318,6793,36931,6591,22886,2362,18812,2461,2238,15119,864,3021,697,54,56,50,78,2587,4640,196,2244,36930,585,824,6631],"class_list":["post-79726","post","type-post","status-publish","format-standard","has-post-thumbnail","hentry","category-leste-fluminense","category-marica","tag-12o-bpm","tag-82a-dp","tag-cameras-de-vigilancia","tag-carne","tag-carne-bovina","tag-crime","tag-detencao","tag-flagrante","tag-furto","tag-inseguranca","tag-investigacao","tag-itaipuacu","tag-justica","tag-leste-fluminense","tag-marica","tag-niteroi","tag-policia","tag-policia-militar","tag-prisao-em-flagrante","tag-quadrilha","tag-roubo","tag-roubo-de-carne","tag-seguranca","tag-seguranca-publica","tag-supermercado","post--single"],"yoast_head":"<!-- This site is optimized with the Yoast SEO plugin v27.4 - https:\/\/yoast.com\/product\/yoast-seo-wordpress\/ -->\n<title>Homem \u00e9 preso ap\u00f3s roubar carne em Maric\u00e1 &#8226; Folha do Leste<\/title>\n<meta name=\"description\" content=\"Homem \u00e9 preso ap\u00f3s roubar carne em Maric\u00e1. A pol\u00edcia investiga a participa\u00e7\u00e3o do criminoso em outros delitos semelhantes...\" \/>\n<meta name=\"robots\" content=\"index, follow, max-snippet:-1, max-image-preview:large, max-video-preview:-1\" \/>\n<link rel=\"canonical\" href=\"https:\/\/folhadoleste.com.br\/en\/homem-e-preso-apos-roubar-carne-em-marica\/\" \/>\n<meta property=\"og:locale\" content=\"en_US\" \/>\n<meta property=\"og:type\" content=\"article\" \/>\n<meta property=\"og:title\" content=\"Homem \u00e9 preso ap\u00f3s roubar carne em Maric\u00e1 &#8226; Folha do Leste\" \/>\n<meta property=\"og:description\" content=\"Maric\u00e1 &#8226; 14 de August de 2024 &#8226; Folha do Leste\" \/>\n<meta property=\"og:url\" content=\"https:\/\/folhadoleste.com.br\/en\/homem-e-preso-apos-roubar-carne-em-marica\/\" \/>\n<meta property=\"og:site_name\" content=\"Folha do Leste\" \/>\n<meta property=\"article:publisher\" content=\"https:\/\/www.facebook.com\/folhadoleste\" \/>\n<meta property=\"article:published_time\" content=\"2024-08-14T18:39:41+00:00\" \/>\n<meta property=\"og:image\" content=\"https:\/\/folhadoleste.com.br\/wp-content\/uploads\/2024\/08\/Homem-e-preso-apos-roubar-carne-em-Marica-Foto-Reproducao-Freepik.jpg\" \/>\n\t<meta property=\"og:image:width\" content=\"740\" \/>\n\t<meta property=\"og:image:height\" content=\"493\" \/>\n\t<meta property=\"og:image:type\" content=\"image\/jpeg\" \/>\n<meta name=\"author\" content=\"Folha do Leste\" \/>\n<meta name=\"twitter:card\" content=\"summary_large_image\" \/>\n<meta name=\"twitter:description\" content=\"Maric\u00e1 &#8226; 14 de August de 2024 &#8226; Folha do Leste\" \/>\n<meta name=\"twitter:creator\" content=\"@FolhadoLesteRJ\" \/>\n<meta name=\"twitter:site\" content=\"@FolhadoLesteRJ\" \/>\n<meta name=\"twitter:label1\" content=\"Written by\" \/>\n\t<meta name=\"twitter:data1\" content=\"Folha do Leste\" \/>\n\t<meta name=\"twitter:label2\" content=\"Est. reading time\" \/>\n\t<meta name=\"twitter:data2\" content=\"2 minutes\" \/>\n<script type=\"application\/ld+json\" class=\"yoast-schema-graph\">{\"@context\":\"https:\\\/\\\/schema.org\",\"@graph\":[{\"@type\":\"NewsArticle\",\"@id\":\"https:\\\/\\\/folhadoleste.com.br\\\/homem-e-preso-apos-roubar-carne-em-marica\\\/#article\",\"isPartOf\":{\"@id\":\"https:\\\/\\\/folhadoleste.com.br\\\/homem-e-preso-apos-roubar-carne-em-marica\\\/\"},\"author\":{\"name\":\"Folha do Leste\",\"@id\":\"https:\\\/\\\/folhadoleste.com.br\\\/#\\\/schema\\\/person\\\/3e97145b2e1861276e84471aa85a3899\"},\"headline\":\"Homem \u00e9 preso ap\u00f3s roubar carne em Maric\u00e1\",\"datePublished\":\"2024-08-14T18:39:41+00:00\",\"mainEntityOfPage\":{\"@id\":\"https:\\\/\\\/folhadoleste.com.br\\\/homem-e-preso-apos-roubar-carne-em-marica\\\/\"},\"wordCount\":215,\"commentCount\":0,\"publisher\":{\"@id\":\"https:\\\/\\\/folhadoleste.com.br\\\/#organization\"},\"image\":{\"@id\":\"https:\\\/\\\/folhadoleste.com.br\\\/homem-e-preso-apos-roubar-carne-em-marica\\\/#primaryimage\"},\"thumbnailUrl\":\"https:\\\/\\\/folhadoleste.com.br\\\/wp-content\\\/uploads\\\/2024\\\/08\\\/Homem-e-preso-apos-roubar-carne-em-Marica-Foto-Reproducao-Freepik.jpg\",\"keywords\":[\"12\u00ba BPM\",\"82\u00aa DP\",\"c\u00e2meras de vigil\u00e2ncia\",\"carne\",\"Carne Bovina\",\"crime\",\"Deten\u00e7\u00e3o\",\"flagrante\",\"furto\",\"Inseguran\u00e7a\",\"Investiga\u00e7\u00e3o\",\"Itaipua\u00e7u\",\"Justi\u00e7a\",\"Leste Fluminense\",\"Maric\u00e1\",\"Niter\u00f3i\",\"pol\u00edcia\",\"Pol\u00edcia Militar\",\"pris\u00e3o em flagrante\",\"quadrilha\",\"roubo\",\"roubo de carne\",\"seguran\u00e7a\",\"Seguran\u00e7a publica\",\"Supermercado\"],\"articleSection\":[\"Leste Fluminense\",\"Maric\u00e1\"],\"inLanguage\":\"en-US\",\"potentialAction\":[{\"@type\":\"CommentAction\",\"name\":\"Comment\",\"target\":[\"https:\\\/\\\/folhadoleste.com.br\\\/homem-e-preso-apos-roubar-carne-em-marica\\\/#respond\"]}]},{\"@type\":\"WebPage\",\"@id\":\"https:\\\/\\\/folhadoleste.com.br\\\/homem-e-preso-apos-roubar-carne-em-marica\\\/\",\"url\":\"https:\\\/\\\/folhadoleste.com.br\\\/homem-e-preso-apos-roubar-carne-em-marica\\\/\",\"name\":\"Homem \u00e9 preso ap\u00f3s roubar carne em Maric\u00e1 &#8226; Folha do Leste\",\"isPartOf\":{\"@id\":\"https:\\\/\\\/folhadoleste.com.br\\\/#website\"},\"primaryImageOfPage\":{\"@id\":\"https:\\\/\\\/folhadoleste.com.br\\\/homem-e-preso-apos-roubar-carne-em-marica\\\/#primaryimage\"},\"image\":{\"@id\":\"https:\\\/\\\/folhadoleste.com.br\\\/homem-e-preso-apos-roubar-carne-em-marica\\\/#primaryimage\"},\"thumbnailUrl\":\"https:\\\/\\\/folhadoleste.com.br\\\/wp-content\\\/uploads\\\/2024\\\/08\\\/Homem-e-preso-apos-roubar-carne-em-Marica-Foto-Reproducao-Freepik.jpg\",\"datePublished\":\"2024-08-14T18:39:41+00:00\",\"description\":\"Homem \u00e9 preso ap\u00f3s roubar carne em Maric\u00e1. A pol\u00edcia investiga a participa\u00e7\u00e3o do criminoso em outros delitos semelhantes...\",\"breadcrumb\":{\"@id\":\"https:\\\/\\\/folhadoleste.com.br\\\/homem-e-preso-apos-roubar-carne-em-marica\\\/#breadcrumb\"},\"inLanguage\":\"en-US\",\"potentialAction\":[{\"@type\":\"ReadAction\",\"target\":[\"https:\\\/\\\/folhadoleste.com.br\\\/homem-e-preso-apos-roubar-carne-em-marica\\\/\"]}]},{\"@type\":\"ImageObject\",\"inLanguage\":\"en-US\",\"@id\":\"https:\\\/\\\/folhadoleste.com.br\\\/homem-e-preso-apos-roubar-carne-em-marica\\\/#primaryimage\",\"url\":\"https:\\\/\\\/folhadoleste.com.br\\\/wp-content\\\/uploads\\\/2024\\\/08\\\/Homem-e-preso-apos-roubar-carne-em-Marica-Foto-Reproducao-Freepik.jpg\",\"contentUrl\":\"https:\\\/\\\/folhadoleste.com.br\\\/wp-content\\\/uploads\\\/2024\\\/08\\\/Homem-e-preso-apos-roubar-carne-em-Marica-Foto-Reproducao-Freepik.jpg\",\"width\":740,\"height\":493,\"caption\":\"Homem \u00e9 preso ap\u00f3s roubar carne em Maric\u00e1 | Reprodu\u00e7\u00e3o\\\/Freepik\"},{\"@type\":\"BreadcrumbList\",\"@id\":\"https:\\\/\\\/folhadoleste.com.br\\\/homem-e-preso-apos-roubar-carne-em-marica\\\/#breadcrumb\",\"itemListElement\":[{\"@type\":\"ListItem\",\"position\":1,\"name\":\"In\u00edcio\",\"item\":\"https:\\\/\\\/folhadoleste.com.br\\\/\"},{\"@type\":\"ListItem\",\"position\":2,\"name\":\"Estado do Rio de Janeiro\",\"item\":\"https:\\\/\\\/folhadoleste.com.br\\\/category\\\/estado-do-rio-de-janeiro\\\/\"},{\"@type\":\"ListItem\",\"position\":3,\"name\":\"Leste Fluminense\",\"item\":\"https:\\\/\\\/folhadoleste.com.br\\\/category\\\/estado-do-rio-de-janeiro\\\/leste-fluminense\\\/\"},{\"@type\":\"ListItem\",\"position\":4,\"name\":\"Maric\u00e1\",\"item\":\"https:\\\/\\\/folhadoleste.com.br\\\/category\\\/estado-do-rio-de-janeiro\\\/leste-fluminense\\\/marica\\\/\"},{\"@type\":\"ListItem\",\"position\":5,\"name\":\"Homem \u00e9 preso ap\u00f3s roubar carne em Maric\u00e1\"}]},{\"@type\":\"WebSite\",\"@id\":\"https:\\\/\\\/folhadoleste.com.br\\\/#website\",\"url\":\"https:\\\/\\\/folhadoleste.com.br\\\/\",\"name\":\"Folha do Leste\",\"description\":\"Portal de Not\u00edcias com \u00eanfase em Niter\u00f3i, criando conte\u00fados desde a capital Rio de Janeiro, com olhar para o Leste Fluminense e suas cidades como S\u00e3o Gon\u00e7alo, Itabora\u00ed, Rio Bonito, Maric\u00e1, Saquarema e Araruama\",\"publisher\":{\"@id\":\"https:\\\/\\\/folhadoleste.com.br\\\/#organization\"},\"alternateName\":\"FL\",\"potentialAction\":[{\"@type\":\"SearchAction\",\"target\":{\"@type\":\"EntryPoint\",\"urlTemplate\":\"https:\\\/\\\/folhadoleste.com.br\\\/?s={search_term_string}\"},\"query-input\":{\"@type\":\"PropertyValueSpecification\",\"valueRequired\":true,\"valueName\":\"search_term_string\"}}],\"inLanguage\":\"en-US\"},{\"@type\":\"Organization\",\"@id\":\"https:\\\/\\\/folhadoleste.com.br\\\/#organization\",\"name\":\"Brasil 21 Comunica\u00e7\u00e3o\",\"alternateName\":\"BR21\",\"url\":\"https:\\\/\\\/folhadoleste.com.br\\\/\",\"logo\":{\"@type\":\"ImageObject\",\"inLanguage\":\"en-US\",\"@id\":\"https:\\\/\\\/folhadoleste.com.br\\\/#\\\/schema\\\/logo\\\/image\\\/\",\"url\":\"https:\\\/\\\/folhadoleste.com.br\\\/wp-content\\\/uploads\\\/2025\\\/12\\\/brasil-21-logomarca.avif\",\"contentUrl\":\"https:\\\/\\\/folhadoleste.com.br\\\/wp-content\\\/uploads\\\/2025\\\/12\\\/brasil-21-logomarca.avif\",\"width\":1044,\"height\":1044,\"caption\":\"Brasil 21 Comunica\u00e7\u00e3o\"},\"image\":{\"@id\":\"https:\\\/\\\/folhadoleste.com.br\\\/#\\\/schema\\\/logo\\\/image\\\/\"},\"sameAs\":[\"https:\\\/\\\/www.facebook.com\\\/folhadoleste\",\"https:\\\/\\\/x.com\\\/FolhadoLesteRJ\",\"https:\\\/\\\/www.instagram.com\\\/folhadoleste\\\/\"]},{\"@type\":\"Person\",\"@id\":\"https:\\\/\\\/folhadoleste.com.br\\\/#\\\/schema\\\/person\\\/3e97145b2e1861276e84471aa85a3899\",\"name\":\"Folha do Leste\",\"image\":{\"@type\":\"ImageObject\",\"inLanguage\":\"en-US\",\"@id\":\"https:\\\/\\\/folhadoleste.com.br\\\/wp-content\\\/litespeed\\\/avatar\\\/1ca8c218432e7045e748610eb3db0259.jpg?ver=1777161142\",\"url\":\"https:\\\/\\\/folhadoleste.com.br\\\/wp-content\\\/litespeed\\\/avatar\\\/1ca8c218432e7045e748610eb3db0259.jpg?ver=1777161142\",\"contentUrl\":\"https:\\\/\\\/folhadoleste.com.br\\\/wp-content\\\/litespeed\\\/avatar\\\/1ca8c218432e7045e748610eb3db0259.jpg?ver=1777161142\",\"caption\":\"Folha do Leste\"},\"url\":\"https:\\\/\\\/folhadoleste.com.br\\\/en\\\/author\\\/reportagem-01\\\/\"}]}<\/script>\n<!-- \/ Yoast SEO plugin. -->","yoast_head_json":{"title":"Homem \u00e9 preso ap\u00f3s roubar carne em Maric\u00e1 &#8226; Folha do Leste","description":"Homem \u00e9 preso ap\u00f3s roubar carne em Maric\u00e1. A pol\u00edcia investiga a participa\u00e7\u00e3o do criminoso em outros delitos semelhantes...","robots":{"index":"index","follow":"follow","max-snippet":"max-snippet:-1","max-image-preview":"max-image-preview:large","max-video-preview":"max-video-preview:-1"},"canonical":"https:\/\/folhadoleste.com.br\/en\/homem-e-preso-apos-roubar-carne-em-marica\/","og_locale":"en_US","og_type":"article","og_title":"Homem \u00e9 preso ap\u00f3s roubar carne em Maric\u00e1 &#8226; Folha do Leste","og_description":"Maric\u00e1 &#8226; 14 de August de 2024 &#8226; Folha do Leste","og_url":"https:\/\/folhadoleste.com.br\/en\/homem-e-preso-apos-roubar-carne-em-marica\/","og_site_name":"Folha do Leste","article_publisher":"https:\/\/www.facebook.com\/folhadoleste","article_published_time":"2024-08-14T18:39:41+00:00","og_image":[{"width":740,"height":493,"url":"https:\/\/folhadoleste.com.br\/wp-content\/uploads\/2024\/08\/Homem-e-preso-apos-roubar-carne-em-Marica-Foto-Reproducao-Freepik.jpg","type":"image\/jpeg"}],"author":"Folha do Leste","twitter_card":"summary_large_image","twitter_description":"Maric\u00e1 &#8226; 14 de August de 2024 &#8226; Folha do Leste","twitter_creator":"@FolhadoLesteRJ","twitter_site":"@FolhadoLesteRJ","twitter_misc":{"Written by":"Folha do Leste","Est. reading time":"2 minutes"},"schema":{"@context":"https:\/\/schema.org","@graph":[{"@type":"NewsArticle","@id":"https:\/\/folhadoleste.com.br\/homem-e-preso-apos-roubar-carne-em-marica\/#article","isPartOf":{"@id":"https:\/\/folhadoleste.com.br\/homem-e-preso-apos-roubar-carne-em-marica\/"},"author":{"name":"Folha do Leste","@id":"https:\/\/folhadoleste.com.br\/#\/schema\/person\/3e97145b2e1861276e84471aa85a3899"},"headline":"Homem \u00e9 preso ap\u00f3s roubar carne em Maric\u00e1","datePublished":"2024-08-14T18:39:41+00:00","mainEntityOfPage":{"@id":"https:\/\/folhadoleste.com.br\/homem-e-preso-apos-roubar-carne-em-marica\/"},"wordCount":215,"commentCount":0,"publisher":{"@id":"https:\/\/folhadoleste.com.br\/#organization"},"image":{"@id":"https:\/\/folhadoleste.com.br\/homem-e-preso-apos-roubar-carne-em-marica\/#primaryimage"},"thumbnailUrl":"https:\/\/folhadoleste.com.br\/wp-content\/uploads\/2024\/08\/Homem-e-preso-apos-roubar-carne-em-Marica-Foto-Reproducao-Freepik.jpg","keywords":["12\u00ba BPM","82\u00aa DP","c\u00e2meras de vigil\u00e2ncia","carne","Carne Bovina","crime","Deten\u00e7\u00e3o","flagrante","furto","Inseguran\u00e7a","Investiga\u00e7\u00e3o","Itaipua\u00e7u","Justi\u00e7a","Leste Fluminense","Maric\u00e1","Niter\u00f3i","pol\u00edcia","Pol\u00edcia Militar","pris\u00e3o em flagrante","quadrilha","roubo","roubo de carne","seguran\u00e7a","Seguran\u00e7a publica","Supermercado"],"articleSection":["Leste Fluminense","Maric\u00e1"],"inLanguage":"en-US","potentialAction":[{"@type":"CommentAction","name":"Comment","target":["https:\/\/folhadoleste.com.br\/homem-e-preso-apos-roubar-carne-em-marica\/#respond"]}]},{"@type":"WebPage","@id":"https:\/\/folhadoleste.com.br\/homem-e-preso-apos-roubar-carne-em-marica\/","url":"https:\/\/folhadoleste.com.br\/homem-e-preso-apos-roubar-carne-em-marica\/","name":"Homem \u00e9 preso ap\u00f3s roubar carne em Maric\u00e1 &#8226; Folha do Leste","isPartOf":{"@id":"https:\/\/folhadoleste.com.br\/#website"},"primaryImageOfPage":{"@id":"https:\/\/folhadoleste.com.br\/homem-e-preso-apos-roubar-carne-em-marica\/#primaryimage"},"image":{"@id":"https:\/\/folhadoleste.com.br\/homem-e-preso-apos-roubar-carne-em-marica\/#primaryimage"},"thumbnailUrl":"https:\/\/folhadoleste.com.br\/wp-content\/uploads\/2024\/08\/Homem-e-preso-apos-roubar-carne-em-Marica-Foto-Reproducao-Freepik.jpg","datePublished":"2024-08-14T18:39:41+00:00","description":"Homem \u00e9 preso ap\u00f3s roubar carne em Maric\u00e1. A pol\u00edcia investiga a participa\u00e7\u00e3o do criminoso em outros delitos semelhantes...","breadcrumb":{"@id":"https:\/\/folhadoleste.com.br\/homem-e-preso-apos-roubar-carne-em-marica\/#breadcrumb"},"inLanguage":"en-US","potentialAction":[{"@type":"ReadAction","target":["https:\/\/folhadoleste.com.br\/homem-e-preso-apos-roubar-carne-em-marica\/"]}]},{"@type":"ImageObject","inLanguage":"en-US","@id":"https:\/\/folhadoleste.com.br\/homem-e-preso-apos-roubar-carne-em-marica\/#primaryimage","url":"https:\/\/folhadoleste.com.br\/wp-content\/uploads\/2024\/08\/Homem-e-preso-apos-roubar-carne-em-Marica-Foto-Reproducao-Freepik.jpg","contentUrl":"https:\/\/folhadoleste.com.br\/wp-content\/uploads\/2024\/08\/Homem-e-preso-apos-roubar-carne-em-Marica-Foto-Reproducao-Freepik.jpg","width":740,"height":493,"caption":"Homem \u00e9 preso ap\u00f3s roubar carne em Maric\u00e1 | Reprodu\u00e7\u00e3o\/Freepik"},{"@type":"BreadcrumbList","@id":"https:\/\/folhadoleste.com.br\/homem-e-preso-apos-roubar-carne-em-marica\/#breadcrumb","itemListElement":[{"@type":"ListItem","position":1,"name":"In\u00edcio","item":"https:\/\/folhadoleste.com.br\/"},{"@type":"ListItem","position":2,"name":"Estado do Rio de Janeiro","item":"https:\/\/folhadoleste.com.br\/category\/estado-do-rio-de-janeiro\/"},{"@type":"ListItem","position":3,"name":"Leste Fluminense","item":"https:\/\/folhadoleste.com.br\/category\/estado-do-rio-de-janeiro\/leste-fluminense\/"},{"@type":"ListItem","position":4,"name":"Maric\u00e1","item":"https:\/\/folhadoleste.com.br\/category\/estado-do-rio-de-janeiro\/leste-fluminense\/marica\/"},{"@type":"ListItem","position":5,"name":"Homem \u00e9 preso ap\u00f3s roubar carne em Maric\u00e1"}]},{"@type":"WebSite","@id":"https:\/\/folhadoleste.com.br\/#website","url":"https:\/\/folhadoleste.com.br\/","name":"Folha do Leste","description":"Portal de Not\u00edcias com \u00eanfase em Niter\u00f3i, criando conte\u00fados desde a capital Rio de Janeiro, com olhar para o Leste Fluminense e suas cidades como S\u00e3o Gon\u00e7alo, Itabora\u00ed, Rio Bonito, Maric\u00e1, Saquarema e Araruama","publisher":{"@id":"https:\/\/folhadoleste.com.br\/#organization"},"alternateName":"FL","potentialAction":[{"@type":"SearchAction","target":{"@type":"EntryPoint","urlTemplate":"https:\/\/folhadoleste.com.br\/?s={search_term_string}"},"query-input":{"@type":"PropertyValueSpecification","valueRequired":true,"valueName":"search_term_string"}}],"inLanguage":"en-US"},{"@type":"Organization","@id":"https:\/\/folhadoleste.com.br\/#organization","name":"Brasil 21 Comunica\u00e7\u00e3o","alternateName":"BR21","url":"https:\/\/folhadoleste.com.br\/","logo":{"@type":"ImageObject","inLanguage":"en-US","@id":"https:\/\/folhadoleste.com.br\/#\/schema\/logo\/image\/","url":"https:\/\/folhadoleste.com.br\/wp-content\/uploads\/2025\/12\/brasil-21-logomarca.avif","contentUrl":"https:\/\/folhadoleste.com.br\/wp-content\/uploads\/2025\/12\/brasil-21-logomarca.avif","width":1044,"height":1044,"caption":"Brasil 21 Comunica\u00e7\u00e3o"},"image":{"@id":"https:\/\/folhadoleste.com.br\/#\/schema\/logo\/image\/"},"sameAs":["https:\/\/www.facebook.com\/folhadoleste","https:\/\/x.com\/FolhadoLesteRJ","https:\/\/www.instagram.com\/folhadoleste\/"]},{"@type":"Person","@id":"https:\/\/folhadoleste.com.br\/#\/schema\/person\/3e97145b2e1861276e84471aa85a3899","name":"Folha do Leste","image":{"@type":"ImageObject","inLanguage":"en-US","@id":"https:\/\/folhadoleste.com.br\/wp-content\/litespeed\/avatar\/1ca8c218432e7045e748610eb3db0259.jpg?ver=1777161142","url":"https:\/\/folhadoleste.com.br\/wp-content\/litespeed\/avatar\/1ca8c218432e7045e748610eb3db0259.jpg?ver=1777161142","contentUrl":"https:\/\/folhadoleste.com.br\/wp-content\/litespeed\/avatar\/1ca8c218432e7045e748610eb3db0259.jpg?ver=1777161142","caption":"Folha do Leste"},"url":"https:\/\/folhadoleste.com.br\/en\/author\/reportagem-01\/"}]}},"_links":{"self":[{"href":"https:\/\/folhadoleste.com.br\/en\/wp-json\/wp\/v2\/posts\/79726","targetHints":{"allow":["GET"]}}],"collection":[{"href":"https:\/\/folhadoleste.com.br\/en\/wp-json\/wp\/v2\/posts"}],"about":[{"href":"https:\/\/folhadoleste.com.br\/en\/wp-json\/wp\/v2\/types\/post"}],"author":[{"embeddable":true,"href":"https:\/\/folhadoleste.com.br\/en\/wp-json\/wp\/v2\/users\/4"}],"replies":[{"embeddable":true,"href":"https:\/\/folhadoleste.com.br\/en\/wp-json\/wp\/v2\/comments?post=79726"}],"version-history":[{"count":1,"href":"https:\/\/folhadoleste.com.br\/en\/wp-json\/wp\/v2\/posts\/79726\/revisions"}],"predecessor-version":[{"id":79729,"href":"https:\/\/folhadoleste.com.br\/en\/wp-json\/wp\/v2\/posts\/79726\/revisions\/79729"}],"wp:featuredmedia":[{"embeddable":true,"href":"https:\/\/folhadoleste.com.br\/en\/wp-json\/wp\/v2\/media\/79728"}],"wp:attachment":[{"href":"https:\/\/folhadoleste.com.br\/en\/wp-json\/wp\/v2\/media?parent=79726"}],"wp:term":[{"taxonomy":"category","embeddable":true,"href":"https:\/\/folhadoleste.com.br\/en\/wp-json\/wp\/v2\/categories?post=79726"},{"taxonomy":"post_tag","embeddable":true,"href":"https:\/\/folhadoleste.com.br\/en\/wp-json\/wp\/v2\/tags?post=79726"}],"curies":[{"name":"wp","href":"https:\/\/api.w.org\/{rel}","templated":true}]}}