{"id":79648,"date":"2024-08-14T09:43:53","date_gmt":"2024-08-14T12:43:53","guid":{"rendered":"https:\/\/folhadoleste.com.br\/?p=79648"},"modified":"2024-08-14T09:47:33","modified_gmt":"2024-08-14T12:47:33","slug":"camara-de-niteroi-faz-audiencia-sobre-acessibilidade-cultural","status":"publish","type":"post","link":"https:\/\/folhadoleste.com.br\/en\/camara-de-niteroi-faz-audiencia-sobre-acessibilidade-cultural\/","title":{"rendered":"C\u00e2mara de Niter\u00f3i faz audi\u00eancia sobre acessibilidade cultural"},"content":{"rendered":"<div id=\"attachment_33900\" style=\"width: 1034px\" class=\"wp-caption alignnone\"><img decoding=\"async\" aria-describedby=\"caption-attachment-33900\" class=\"wp-image-33900 size-large\" src=\"https:\/\/folhadoleste.com.br\/wp-content\/uploads\/2023\/11\/Camara-Municipal-de-Niteroi-Andre-Freitas-1024x768.jpeg\" alt=\"C\u00e2mara de Niter\u00f3i realiza nesta quarta-feira (14) audi\u00eancia p\u00fablica sobre acessibilidade cultural\u00a0 | Andr\u00e9 Freitas\/Folha do Leste\" width=\"1024\" height=\"768\" \/><p id=\"caption-attachment-33900\" class=\"wp-caption-text\">C\u00e2mara de Niter\u00f3i realiza nesta quarta-feira (14) audi\u00eancia p\u00fablica sobre acessibilidade cultural\u00a0 | Andr\u00e9 Freitas\/Folha do Leste<\/p><\/div>\n<p style=\"text-align: justify;\">A C\u00e2mara Municipal de Niter\u00f3i realizar\u00e1 uma Audi\u00eancia P\u00fablica nesta quarta-feira (14), \u00e0s 18h, para discutir a proposta da Lei Municipal de Acessibilidade Cultural. O evento contar\u00e1 com tradu\u00e7\u00e3o em Libras (L\u00edngua Brasileira de Sinais), bem como de infraestrutura adequada para garantir a participa\u00e7\u00e3o de pessoas com defici\u00eancia. Sobretudo, atrav\u00e9s da inclus\u00e3o de int\u00e9rpretes e acessibilidade para aqueles com mobilidade reduzida.<\/p>\n<h5 style=\"text-align: center;\"><span style=\"color: #000000;\"><span style=\"color: #ff0000;\"><strong>+ <\/strong><\/span><\/span><span style=\"color: #000000;\"><strong><span style=\"color: #ff9900;\">MAIS NOT\u00cdCIAS DE NITER\u00d3I?<\/span>\u00a0<\/strong><\/span><span style=\"color: #008080;\"><a style=\"color: #008080;\" href=\"https:\/\/folhadoleste.com.br\/en\/category\/jornal-folha-do-leste-rj\/niteroi\/\"><strong>CLIQUE AQUI<\/strong><\/a><\/span><\/h5>\n<p style=\"text-align: justify;\">Essa audi\u00eancia p\u00fablica visa, principalmente fomentar o debate sobre inclus\u00e3o e acessibilidade no cen\u00e1rio cultural de Niter\u00f3i. Nesse sentido, o vereador Leonardo Giordano (PCdoB), que presidir\u00e1 a sess\u00e3o, destacou a import\u00e2ncia da participa\u00e7\u00e3o coletiva para a cria\u00e7\u00e3o de pol\u00edticas que promovam o acesso \u00e0 cultura, emprego e renda para pessoas com defici\u00eancia.<\/p>\n<div id=\"attachment_29180\" style=\"width: 898px\" class=\"wp-caption aligncenter\"><img decoding=\"async\" aria-describedby=\"caption-attachment-29180\" class=\"size-full wp-image-29180\" src=\"https:\/\/folhadoleste.com.br\/wp-content\/uploads\/2023\/10\/Niteroi-CPI-da-Enel-pede-prorrogacao-Foto-Divulgacao.jpg\" alt=\"Niter\u00f3i: CPI da Enel pede prorroga\u00e7\u00e3o\" width=\"888\" height=\"592\" \/><p id=\"caption-attachment-29180\" class=\"wp-caption-text\">Vereador Leonardo Giordano | Divulga\u00e7\u00e3o<\/p><\/div>\n<blockquote>\n<p style=\"text-align: justify;\">&#8220;A aprova\u00e7\u00e3o dessa lei \u00e9 essencial para assegurar esses direitos a todos&#8221;, afirmou.<\/p>\n<\/blockquote>\n<p style=\"text-align: justify;\">Entre os participantes confirmados est\u00e3o o movimento &#8220;Surdos de Niter\u00f3i&#8221; e o Instituto Gingas, representado por seu fundador David Bassous, conhecido como Mestre Buj\u00e3o. Ele ressaltou a relev\u00e2ncia do evento, apontando a urg\u00eancia de estabelecer uma pol\u00edtica p\u00fablica cultural inclusiva. Mestre Buj\u00e3o utiliza o m\u00e9todo Din Down Down na capoeira.\u00a0 Tal f\u00f3rmula permite a participa\u00e7\u00e3o de pessoas com e sem defici\u00eancia, promovendo a cidadania atrav\u00e9s da arte e da cultura.<\/p>\n<h6><strong><span style=\"color: #ff0000;\">+<\/span><\/strong> <span style=\"color: #000000;\">LEIA TAMB\u00c9M: <\/span><a href=\"https:\/\/folhadoleste.com.br\/en\/policia-invade-complexo-do-salgueiro-com-forca-aerea-em-sao-goncalo\/\"><strong>\u25ba Pol\u00edcia invade Complexo do Salgueiro com refor\u00e7o a\u00e9reo em S\u00e3o Gon\u00e7alo<\/strong><\/a><\/h6>\n<h6><strong><span style=\"color: #ff0000;\">+<\/span><\/strong> <span style=\"color: #000000;\">LEIA TAMB\u00c9M: <\/span><a href=\"https:\/\/folhadoleste.com.br\/en\/itacoatiara-big-wave-2024-previsao-de-ondas-grandes\/\"><strong>\u25ba Pedro Scooby e Lucas Chumbo surfam ondas gigantes em Itacoatiara<\/strong><\/a><\/h6>\n<p style=\"text-align: justify;\">A audi\u00eancia acontecer\u00e1 na sede da C\u00e2mara Municipal, localizada na Av. Ernani do Amaral Peixoto, 625, Centro de Niter\u00f3i.<\/p>\n<p>&nbsp;<\/p>\n<h5 style=\"text-align: center;\"><span style=\"color: #000000;\"><span style=\"color: #ff0000;\"><strong>+ <\/strong><\/span><\/span><span style=\"color: #000000;\"><strong><span style=\"color: #ff9900;\">MAIS NOT\u00cdCIAS DO LESTE FLUMINENSE?<\/span> <span style=\"color: #008080;\"><a style=\"color: #008080;\" href=\"https:\/\/folhadoleste.com.br\/en\/category\/jornal-folha-do-leste-rj\/\">CLIQUE AQUI<\/a><\/span><\/strong><\/span><\/h5>\n<h5 style=\"text-align: center;\"><\/h5>\n<div id=\"attachment_77492\" style=\"width: 410px\" class=\"wp-caption aligncenter\"><a href=\"http:\/\/instagram.com\/folhadoleste\"><img decoding=\"async\" aria-describedby=\"caption-attachment-77492\" class=\"wp-image-77492 size-full\" src=\"https:\/\/folhadoleste.com.br\/wp-content\/uploads\/2024\/07\/Instagram-Folha-do-Leste.png\" alt=\"http:\/\/instagram.com\/folhadoleste\" width=\"400\" height=\"200\" \/><\/a><p id=\"caption-attachment-77492\" class=\"wp-caption-text\">Siga o Folha do Leste no Instagram!<\/p><\/div>\n<div id=\"attachment_77490\" style=\"width: 310px\" class=\"wp-caption aligncenter\"><a href=\"http:\/\/facebook.com\/folhadoleste\"><img decoding=\"async\" aria-describedby=\"caption-attachment-77490\" class=\"size-medium wp-image-77490\" src=\"https:\/\/folhadoleste.com.br\/wp-content\/uploads\/2024\/07\/Facebook-Folha-do-Leste-10k-300x300.jpg\" alt=\"Curta e siga o Folha do Leste no Facebook!\" width=\"300\" height=\"300\" \/><\/a><p id=\"caption-attachment-77490\" class=\"wp-caption-text\">Curta e siga o Folha do Leste no Facebook!<\/p><\/div>\n<p>&nbsp;<\/p>","protected":false},"excerpt":{"rendered":"<p>A C\u00e2mara Municipal de Niter\u00f3i realizar\u00e1 uma Audi\u00eancia P\u00fablica nesta quarta-feira (14), \u00e0s 18h, para discutir a proposta da Lei Municipal de Acessibilidade Cultural. O evento contar\u00e1 com tradu\u00e7\u00e3o em Libras (L\u00edngua Brasileira de Sinais), bem como de infraestrutura adequada para garantir a participa\u00e7\u00e3o de pessoas com defici\u00eancia. Sobretudo, atrav\u00e9s da inclus\u00e3o de int\u00e9rpretes e acessibilidade para aqueles com mobilidade reduzida. + MAIS NOT\u00cdCIAS DE NITER\u00d3I?\u00a0CLIQUE AQUI Essa audi\u00eancia p\u00fablica visa, principalmente fomentar o debate sobre inclus\u00e3o e acessibilidade no cen\u00e1rio cultural de Niter\u00f3i. Nesse sentido, o vereador Leonardo Giordano (PCdoB), que presidir\u00e1 a sess\u00e3o, destacou a import\u00e2ncia da participa\u00e7\u00e3o [&hellip;]<\/p>\n","protected":false},"author":4,"featured_media":33900,"comment_status":"open","ping_status":"open","sticky":false,"template":"","format":"standard","meta":{"footnotes":""},"categories":[47,5],"tags":[6526,4691,2626,1653,473,6672,5054,108,36866,82,3818,15154,36862,36860,11939,36865,36863,50,2821,957,209,36864,36861],"class_list":["post-79648","post","type-post","status-publish","format-standard","has-post-thumbnail","hentry","category-leste-fluminense","category-noticias-de-niteroi","tag-acessibilidade","tag-arte","tag-audiencia-publica","tag-camara-municipal","tag-capoeira","tag-centro-de-niteroi","tag-cidadania","tag-cultura","tag-din-down-down","tag-emprego","tag-inclusao","tag-instituto-gingas","tag-interpretes","tag-lei-municipal-de-acessibilidade-cultural","tag-leonardo-giordano","tag-mestre-bujao","tag-mobilidade-reduzida","tag-niteroi","tag-pessoas-com-deficiencia","tag-politicas-publicas","tag-renda","tag-surdos-de-niteroi","tag-traducao-em-libras","post--single"],"yoast_head":"<!-- This site is optimized with the Yoast SEO plugin v27.4 - https:\/\/yoast.com\/product\/yoast-seo-wordpress\/ -->\n<title>C\u00e2mara de Niter\u00f3i faz audi\u00eancia sobre acessibilidade cultural &#8226; Folha do Leste<\/title>\n<meta name=\"description\" content=\"A C\u00e2mara de Niter\u00f3i realizar\u00e1 uma audi\u00eancia p\u00fablica sobre a Lei de Acessibilidade Cultural, com foco na inclus\u00e3o de pessoas com defici\u00eancia.\" \/>\n<meta name=\"robots\" content=\"index, follow, max-snippet:-1, max-image-preview:large, max-video-preview:-1\" \/>\n<link rel=\"canonical\" href=\"https:\/\/folhadoleste.com.br\/en\/camara-de-niteroi-faz-audiencia-sobre-acessibilidade-cultural\/\" \/>\n<meta property=\"og:locale\" content=\"en_US\" \/>\n<meta property=\"og:type\" content=\"article\" \/>\n<meta property=\"og:title\" content=\"C\u00e2mara Municipal de Niter\u00f3i realiza Audi\u00eancia P\u00fablica sobre acessibilidade cultural nesta quarta-feira (14)\" \/>\n<meta property=\"og:description\" content=\"Leste Fluminense, Niter\u00f3i &#8226; 14 de August de 2024 &#8226; Folha do Leste\" \/>\n<meta property=\"og:url\" content=\"https:\/\/folhadoleste.com.br\/en\/camara-de-niteroi-faz-audiencia-sobre-acessibilidade-cultural\/\" \/>\n<meta property=\"og:site_name\" content=\"Folha do Leste\" \/>\n<meta property=\"article:publisher\" content=\"https:\/\/www.facebook.com\/folhadoleste\" \/>\n<meta property=\"article:published_time\" content=\"2024-08-14T12:43:53+00:00\" \/>\n<meta property=\"article:modified_time\" content=\"2024-08-14T12:47:33+00:00\" \/>\n<meta property=\"og:image\" content=\"https:\/\/folhadoleste.com.br\/wp-content\/uploads\/2023\/11\/Camara-Municipal-de-Niteroi-Andre-Freitas.jpeg\" \/>\n\t<meta property=\"og:image:width\" content=\"1600\" \/>\n\t<meta property=\"og:image:height\" content=\"1200\" \/>\n\t<meta property=\"og:image:type\" content=\"image\/jpeg\" \/>\n<meta name=\"author\" content=\"Folha do Leste\" \/>\n<meta name=\"twitter:card\" content=\"summary_large_image\" \/>\n<meta name=\"twitter:creator\" content=\"@FolhadoLesteRJ\" \/>\n<meta name=\"twitter:site\" content=\"@FolhadoLesteRJ\" \/>\n<meta name=\"twitter:label1\" content=\"Written by\" \/>\n\t<meta name=\"twitter:data1\" content=\"Folha do Leste\" \/>\n\t<meta name=\"twitter:label2\" content=\"Est. reading time\" \/>\n\t<meta name=\"twitter:data2\" content=\"3 minutes\" \/>\n<script type=\"application\/ld+json\" class=\"yoast-schema-graph\">{\"@context\":\"https:\\\/\\\/schema.org\",\"@graph\":[{\"@type\":\"NewsArticle\",\"@id\":\"https:\\\/\\\/folhadoleste.com.br\\\/camara-de-niteroi-faz-audiencia-sobre-acessibilidade-cultural\\\/#article\",\"isPartOf\":{\"@id\":\"https:\\\/\\\/folhadoleste.com.br\\\/camara-de-niteroi-faz-audiencia-sobre-acessibilidade-cultural\\\/\"},\"author\":{\"name\":\"Folha do Leste\",\"@id\":\"https:\\\/\\\/folhadoleste.com.br\\\/#\\\/schema\\\/person\\\/3e97145b2e1861276e84471aa85a3899\"},\"headline\":\"C\u00e2mara de Niter\u00f3i faz audi\u00eancia sobre acessibilidade cultural\",\"datePublished\":\"2024-08-14T12:43:53+00:00\",\"dateModified\":\"2024-08-14T12:47:33+00:00\",\"mainEntityOfPage\":{\"@id\":\"https:\\\/\\\/folhadoleste.com.br\\\/camara-de-niteroi-faz-audiencia-sobre-acessibilidade-cultural\\\/\"},\"wordCount\":380,\"commentCount\":0,\"publisher\":{\"@id\":\"https:\\\/\\\/folhadoleste.com.br\\\/#organization\"},\"image\":{\"@id\":\"https:\\\/\\\/folhadoleste.com.br\\\/camara-de-niteroi-faz-audiencia-sobre-acessibilidade-cultural\\\/#primaryimage\"},\"thumbnailUrl\":\"https:\\\/\\\/folhadoleste.com.br\\\/wp-content\\\/uploads\\\/2023\\\/11\\\/Camara-Municipal-de-Niteroi-Andre-Freitas.jpeg\",\"keywords\":[\"acessibilidade\",\"Arte\",\"Audi\u00eancia P\u00fablica\",\"C\u00e2mara Municipal\",\"capoeira\",\"Centro de Niter\u00f3i\",\"Cidadania\",\"Cultura\",\"Din Down Down\",\"emprego\",\"Inclus\u00e3o\",\"Instituto Gingas\",\"int\u00e9rpretes\",\"Lei Municipal de Acessibilidade Cultural\",\"Leonardo Giordano\",\"Mestre Buj\u00e3o\",\"mobilidade reduzida\",\"Niter\u00f3i\",\"Pessoas com defici\u00eancia\",\"pol\u00edticas p\u00fablicas\",\"renda\",\"Surdos de Niter\u00f3i\",\"tradu\u00e7\u00e3o em Libras\"],\"articleSection\":[\"Leste Fluminense\",\"Niter\u00f3i\"],\"inLanguage\":\"en-US\",\"potentialAction\":[{\"@type\":\"CommentAction\",\"name\":\"Comment\",\"target\":[\"https:\\\/\\\/folhadoleste.com.br\\\/camara-de-niteroi-faz-audiencia-sobre-acessibilidade-cultural\\\/#respond\"]}]},{\"@type\":\"WebPage\",\"@id\":\"https:\\\/\\\/folhadoleste.com.br\\\/camara-de-niteroi-faz-audiencia-sobre-acessibilidade-cultural\\\/\",\"url\":\"https:\\\/\\\/folhadoleste.com.br\\\/camara-de-niteroi-faz-audiencia-sobre-acessibilidade-cultural\\\/\",\"name\":\"C\u00e2mara de Niter\u00f3i faz audi\u00eancia sobre acessibilidade cultural &#8226; Folha do Leste\",\"isPartOf\":{\"@id\":\"https:\\\/\\\/folhadoleste.com.br\\\/#website\"},\"primaryImageOfPage\":{\"@id\":\"https:\\\/\\\/folhadoleste.com.br\\\/camara-de-niteroi-faz-audiencia-sobre-acessibilidade-cultural\\\/#primaryimage\"},\"image\":{\"@id\":\"https:\\\/\\\/folhadoleste.com.br\\\/camara-de-niteroi-faz-audiencia-sobre-acessibilidade-cultural\\\/#primaryimage\"},\"thumbnailUrl\":\"https:\\\/\\\/folhadoleste.com.br\\\/wp-content\\\/uploads\\\/2023\\\/11\\\/Camara-Municipal-de-Niteroi-Andre-Freitas.jpeg\",\"datePublished\":\"2024-08-14T12:43:53+00:00\",\"dateModified\":\"2024-08-14T12:47:33+00:00\",\"description\":\"A C\u00e2mara de Niter\u00f3i realizar\u00e1 uma audi\u00eancia p\u00fablica sobre a Lei de Acessibilidade Cultural, com foco na inclus\u00e3o de pessoas com defici\u00eancia.\",\"breadcrumb\":{\"@id\":\"https:\\\/\\\/folhadoleste.com.br\\\/camara-de-niteroi-faz-audiencia-sobre-acessibilidade-cultural\\\/#breadcrumb\"},\"inLanguage\":\"en-US\",\"potentialAction\":[{\"@type\":\"ReadAction\",\"target\":[\"https:\\\/\\\/folhadoleste.com.br\\\/camara-de-niteroi-faz-audiencia-sobre-acessibilidade-cultural\\\/\"]}]},{\"@type\":\"ImageObject\",\"inLanguage\":\"en-US\",\"@id\":\"https:\\\/\\\/folhadoleste.com.br\\\/camara-de-niteroi-faz-audiencia-sobre-acessibilidade-cultural\\\/#primaryimage\",\"url\":\"https:\\\/\\\/folhadoleste.com.br\\\/wp-content\\\/uploads\\\/2023\\\/11\\\/Camara-Municipal-de-Niteroi-Andre-Freitas.jpeg\",\"contentUrl\":\"https:\\\/\\\/folhadoleste.com.br\\\/wp-content\\\/uploads\\\/2023\\\/11\\\/Camara-Municipal-de-Niteroi-Andre-Freitas.jpeg\",\"width\":1600,\"height\":1200,\"caption\":\"C\u00e2mara Municipal de Niter\u00f3i | Andr\u00e9 Freitas\\\/Folha do Leste\"},{\"@type\":\"BreadcrumbList\",\"@id\":\"https:\\\/\\\/folhadoleste.com.br\\\/camara-de-niteroi-faz-audiencia-sobre-acessibilidade-cultural\\\/#breadcrumb\",\"itemListElement\":[{\"@type\":\"ListItem\",\"position\":1,\"name\":\"In\u00edcio\",\"item\":\"https:\\\/\\\/folhadoleste.com.br\\\/\"},{\"@type\":\"ListItem\",\"position\":2,\"name\":\"Estado do Rio de Janeiro\",\"item\":\"https:\\\/\\\/folhadoleste.com.br\\\/category\\\/estado-do-rio-de-janeiro\\\/\"},{\"@type\":\"ListItem\",\"position\":3,\"name\":\"Leste Fluminense\",\"item\":\"https:\\\/\\\/folhadoleste.com.br\\\/category\\\/estado-do-rio-de-janeiro\\\/leste-fluminense\\\/\"},{\"@type\":\"ListItem\",\"position\":4,\"name\":\"Niter\u00f3i\",\"item\":\"https:\\\/\\\/folhadoleste.com.br\\\/category\\\/estado-do-rio-de-janeiro\\\/leste-fluminense\\\/noticias-de-niteroi\\\/\"},{\"@type\":\"ListItem\",\"position\":5,\"name\":\"C\u00e2mara de Niter\u00f3i faz audi\u00eancia sobre acessibilidade cultural\"}]},{\"@type\":\"WebSite\",\"@id\":\"https:\\\/\\\/folhadoleste.com.br\\\/#website\",\"url\":\"https:\\\/\\\/folhadoleste.com.br\\\/\",\"name\":\"Folha do Leste\",\"description\":\"Portal de Not\u00edcias com \u00eanfase em Niter\u00f3i, criando conte\u00fados desde a capital Rio de Janeiro, com olhar para o Leste Fluminense e suas cidades como S\u00e3o Gon\u00e7alo, Itabora\u00ed, Rio Bonito, Maric\u00e1, Saquarema e Araruama\",\"publisher\":{\"@id\":\"https:\\\/\\\/folhadoleste.com.br\\\/#organization\"},\"alternateName\":\"FL\",\"potentialAction\":[{\"@type\":\"SearchAction\",\"target\":{\"@type\":\"EntryPoint\",\"urlTemplate\":\"https:\\\/\\\/folhadoleste.com.br\\\/?s={search_term_string}\"},\"query-input\":{\"@type\":\"PropertyValueSpecification\",\"valueRequired\":true,\"valueName\":\"search_term_string\"}}],\"inLanguage\":\"en-US\"},{\"@type\":\"Organization\",\"@id\":\"https:\\\/\\\/folhadoleste.com.br\\\/#organization\",\"name\":\"Brasil 21 Comunica\u00e7\u00e3o\",\"alternateName\":\"BR21\",\"url\":\"https:\\\/\\\/folhadoleste.com.br\\\/\",\"logo\":{\"@type\":\"ImageObject\",\"inLanguage\":\"en-US\",\"@id\":\"https:\\\/\\\/folhadoleste.com.br\\\/#\\\/schema\\\/logo\\\/image\\\/\",\"url\":\"https:\\\/\\\/folhadoleste.com.br\\\/wp-content\\\/uploads\\\/2025\\\/12\\\/brasil-21-logomarca.avif\",\"contentUrl\":\"https:\\\/\\\/folhadoleste.com.br\\\/wp-content\\\/uploads\\\/2025\\\/12\\\/brasil-21-logomarca.avif\",\"width\":1044,\"height\":1044,\"caption\":\"Brasil 21 Comunica\u00e7\u00e3o\"},\"image\":{\"@id\":\"https:\\\/\\\/folhadoleste.com.br\\\/#\\\/schema\\\/logo\\\/image\\\/\"},\"sameAs\":[\"https:\\\/\\\/www.facebook.com\\\/folhadoleste\",\"https:\\\/\\\/x.com\\\/FolhadoLesteRJ\",\"https:\\\/\\\/www.instagram.com\\\/folhadoleste\\\/\"]},{\"@type\":\"Person\",\"@id\":\"https:\\\/\\\/folhadoleste.com.br\\\/#\\\/schema\\\/person\\\/3e97145b2e1861276e84471aa85a3899\",\"name\":\"Folha do Leste\",\"image\":{\"@type\":\"ImageObject\",\"inLanguage\":\"en-US\",\"@id\":\"https:\\\/\\\/folhadoleste.com.br\\\/wp-content\\\/litespeed\\\/avatar\\\/1ca8c218432e7045e748610eb3db0259.jpg?ver=1776693931\",\"url\":\"https:\\\/\\\/folhadoleste.com.br\\\/wp-content\\\/litespeed\\\/avatar\\\/1ca8c218432e7045e748610eb3db0259.jpg?ver=1776693931\",\"contentUrl\":\"https:\\\/\\\/folhadoleste.com.br\\\/wp-content\\\/litespeed\\\/avatar\\\/1ca8c218432e7045e748610eb3db0259.jpg?ver=1776693931\",\"caption\":\"Folha do Leste\"},\"url\":\"https:\\\/\\\/folhadoleste.com.br\\\/en\\\/author\\\/reportagem-01\\\/\"}]}<\/script>\n<!-- \/ Yoast SEO plugin. -->","yoast_head_json":{"title":"C\u00e2mara de Niter\u00f3i faz audi\u00eancia sobre acessibilidade cultural &#8226; Folha do Leste","description":"A C\u00e2mara de Niter\u00f3i realizar\u00e1 uma audi\u00eancia p\u00fablica sobre a Lei de Acessibilidade Cultural, com foco na inclus\u00e3o de pessoas com defici\u00eancia.","robots":{"index":"index","follow":"follow","max-snippet":"max-snippet:-1","max-image-preview":"max-image-preview:large","max-video-preview":"max-video-preview:-1"},"canonical":"https:\/\/folhadoleste.com.br\/en\/camara-de-niteroi-faz-audiencia-sobre-acessibilidade-cultural\/","og_locale":"en_US","og_type":"article","og_title":"C\u00e2mara Municipal de Niter\u00f3i realiza Audi\u00eancia P\u00fablica sobre acessibilidade cultural nesta quarta-feira (14)","og_description":"Leste Fluminense, Niter\u00f3i &#8226; 14 de August de 2024 &#8226; Folha do Leste","og_url":"https:\/\/folhadoleste.com.br\/en\/camara-de-niteroi-faz-audiencia-sobre-acessibilidade-cultural\/","og_site_name":"Folha do Leste","article_publisher":"https:\/\/www.facebook.com\/folhadoleste","article_published_time":"2024-08-14T12:43:53+00:00","article_modified_time":"2024-08-14T12:47:33+00:00","og_image":[{"width":1600,"height":1200,"url":"https:\/\/folhadoleste.com.br\/wp-content\/uploads\/2023\/11\/Camara-Municipal-de-Niteroi-Andre-Freitas.jpeg","type":"image\/jpeg"}],"author":"Folha do Leste","twitter_card":"summary_large_image","twitter_creator":"@FolhadoLesteRJ","twitter_site":"@FolhadoLesteRJ","twitter_misc":{"Written by":"Folha do Leste","Est. reading time":"3 minutes"},"schema":{"@context":"https:\/\/schema.org","@graph":[{"@type":"NewsArticle","@id":"https:\/\/folhadoleste.com.br\/camara-de-niteroi-faz-audiencia-sobre-acessibilidade-cultural\/#article","isPartOf":{"@id":"https:\/\/folhadoleste.com.br\/camara-de-niteroi-faz-audiencia-sobre-acessibilidade-cultural\/"},"author":{"name":"Folha do Leste","@id":"https:\/\/folhadoleste.com.br\/#\/schema\/person\/3e97145b2e1861276e84471aa85a3899"},"headline":"C\u00e2mara de Niter\u00f3i faz audi\u00eancia sobre acessibilidade cultural","datePublished":"2024-08-14T12:43:53+00:00","dateModified":"2024-08-14T12:47:33+00:00","mainEntityOfPage":{"@id":"https:\/\/folhadoleste.com.br\/camara-de-niteroi-faz-audiencia-sobre-acessibilidade-cultural\/"},"wordCount":380,"commentCount":0,"publisher":{"@id":"https:\/\/folhadoleste.com.br\/#organization"},"image":{"@id":"https:\/\/folhadoleste.com.br\/camara-de-niteroi-faz-audiencia-sobre-acessibilidade-cultural\/#primaryimage"},"thumbnailUrl":"https:\/\/folhadoleste.com.br\/wp-content\/uploads\/2023\/11\/Camara-Municipal-de-Niteroi-Andre-Freitas.jpeg","keywords":["acessibilidade","Arte","Audi\u00eancia P\u00fablica","C\u00e2mara Municipal","capoeira","Centro de Niter\u00f3i","Cidadania","Cultura","Din Down Down","emprego","Inclus\u00e3o","Instituto Gingas","int\u00e9rpretes","Lei Municipal de Acessibilidade Cultural","Leonardo Giordano","Mestre Buj\u00e3o","mobilidade reduzida","Niter\u00f3i","Pessoas com defici\u00eancia","pol\u00edticas p\u00fablicas","renda","Surdos de Niter\u00f3i","tradu\u00e7\u00e3o em Libras"],"articleSection":["Leste Fluminense","Niter\u00f3i"],"inLanguage":"en-US","potentialAction":[{"@type":"CommentAction","name":"Comment","target":["https:\/\/folhadoleste.com.br\/camara-de-niteroi-faz-audiencia-sobre-acessibilidade-cultural\/#respond"]}]},{"@type":"WebPage","@id":"https:\/\/folhadoleste.com.br\/camara-de-niteroi-faz-audiencia-sobre-acessibilidade-cultural\/","url":"https:\/\/folhadoleste.com.br\/camara-de-niteroi-faz-audiencia-sobre-acessibilidade-cultural\/","name":"C\u00e2mara de Niter\u00f3i faz audi\u00eancia sobre acessibilidade cultural &#8226; Folha do Leste","isPartOf":{"@id":"https:\/\/folhadoleste.com.br\/#website"},"primaryImageOfPage":{"@id":"https:\/\/folhadoleste.com.br\/camara-de-niteroi-faz-audiencia-sobre-acessibilidade-cultural\/#primaryimage"},"image":{"@id":"https:\/\/folhadoleste.com.br\/camara-de-niteroi-faz-audiencia-sobre-acessibilidade-cultural\/#primaryimage"},"thumbnailUrl":"https:\/\/folhadoleste.com.br\/wp-content\/uploads\/2023\/11\/Camara-Municipal-de-Niteroi-Andre-Freitas.jpeg","datePublished":"2024-08-14T12:43:53+00:00","dateModified":"2024-08-14T12:47:33+00:00","description":"A C\u00e2mara de Niter\u00f3i realizar\u00e1 uma audi\u00eancia p\u00fablica sobre a Lei de Acessibilidade Cultural, com foco na inclus\u00e3o de pessoas com defici\u00eancia.","breadcrumb":{"@id":"https:\/\/folhadoleste.com.br\/camara-de-niteroi-faz-audiencia-sobre-acessibilidade-cultural\/#breadcrumb"},"inLanguage":"en-US","potentialAction":[{"@type":"ReadAction","target":["https:\/\/folhadoleste.com.br\/camara-de-niteroi-faz-audiencia-sobre-acessibilidade-cultural\/"]}]},{"@type":"ImageObject","inLanguage":"en-US","@id":"https:\/\/folhadoleste.com.br\/camara-de-niteroi-faz-audiencia-sobre-acessibilidade-cultural\/#primaryimage","url":"https:\/\/folhadoleste.com.br\/wp-content\/uploads\/2023\/11\/Camara-Municipal-de-Niteroi-Andre-Freitas.jpeg","contentUrl":"https:\/\/folhadoleste.com.br\/wp-content\/uploads\/2023\/11\/Camara-Municipal-de-Niteroi-Andre-Freitas.jpeg","width":1600,"height":1200,"caption":"C\u00e2mara Municipal de Niter\u00f3i | Andr\u00e9 Freitas\/Folha do Leste"},{"@type":"BreadcrumbList","@id":"https:\/\/folhadoleste.com.br\/camara-de-niteroi-faz-audiencia-sobre-acessibilidade-cultural\/#breadcrumb","itemListElement":[{"@type":"ListItem","position":1,"name":"In\u00edcio","item":"https:\/\/folhadoleste.com.br\/"},{"@type":"ListItem","position":2,"name":"Estado do Rio de Janeiro","item":"https:\/\/folhadoleste.com.br\/category\/estado-do-rio-de-janeiro\/"},{"@type":"ListItem","position":3,"name":"Leste Fluminense","item":"https:\/\/folhadoleste.com.br\/category\/estado-do-rio-de-janeiro\/leste-fluminense\/"},{"@type":"ListItem","position":4,"name":"Niter\u00f3i","item":"https:\/\/folhadoleste.com.br\/category\/estado-do-rio-de-janeiro\/leste-fluminense\/noticias-de-niteroi\/"},{"@type":"ListItem","position":5,"name":"C\u00e2mara de Niter\u00f3i faz audi\u00eancia sobre acessibilidade cultural"}]},{"@type":"WebSite","@id":"https:\/\/folhadoleste.com.br\/#website","url":"https:\/\/folhadoleste.com.br\/","name":"Folha do Leste","description":"Portal de Not\u00edcias com \u00eanfase em Niter\u00f3i, criando conte\u00fados desde a capital Rio de Janeiro, com olhar para o Leste Fluminense e suas cidades como S\u00e3o Gon\u00e7alo, Itabora\u00ed, Rio Bonito, Maric\u00e1, Saquarema e Araruama","publisher":{"@id":"https:\/\/folhadoleste.com.br\/#organization"},"alternateName":"FL","potentialAction":[{"@type":"SearchAction","target":{"@type":"EntryPoint","urlTemplate":"https:\/\/folhadoleste.com.br\/?s={search_term_string}"},"query-input":{"@type":"PropertyValueSpecification","valueRequired":true,"valueName":"search_term_string"}}],"inLanguage":"en-US"},{"@type":"Organization","@id":"https:\/\/folhadoleste.com.br\/#organization","name":"Brasil 21 Comunica\u00e7\u00e3o","alternateName":"BR21","url":"https:\/\/folhadoleste.com.br\/","logo":{"@type":"ImageObject","inLanguage":"en-US","@id":"https:\/\/folhadoleste.com.br\/#\/schema\/logo\/image\/","url":"https:\/\/folhadoleste.com.br\/wp-content\/uploads\/2025\/12\/brasil-21-logomarca.avif","contentUrl":"https:\/\/folhadoleste.com.br\/wp-content\/uploads\/2025\/12\/brasil-21-logomarca.avif","width":1044,"height":1044,"caption":"Brasil 21 Comunica\u00e7\u00e3o"},"image":{"@id":"https:\/\/folhadoleste.com.br\/#\/schema\/logo\/image\/"},"sameAs":["https:\/\/www.facebook.com\/folhadoleste","https:\/\/x.com\/FolhadoLesteRJ","https:\/\/www.instagram.com\/folhadoleste\/"]},{"@type":"Person","@id":"https:\/\/folhadoleste.com.br\/#\/schema\/person\/3e97145b2e1861276e84471aa85a3899","name":"Folha do Leste","image":{"@type":"ImageObject","inLanguage":"en-US","@id":"https:\/\/folhadoleste.com.br\/wp-content\/litespeed\/avatar\/1ca8c218432e7045e748610eb3db0259.jpg?ver=1776693931","url":"https:\/\/folhadoleste.com.br\/wp-content\/litespeed\/avatar\/1ca8c218432e7045e748610eb3db0259.jpg?ver=1776693931","contentUrl":"https:\/\/folhadoleste.com.br\/wp-content\/litespeed\/avatar\/1ca8c218432e7045e748610eb3db0259.jpg?ver=1776693931","caption":"Folha do Leste"},"url":"https:\/\/folhadoleste.com.br\/en\/author\/reportagem-01\/"}]}},"_links":{"self":[{"href":"https:\/\/folhadoleste.com.br\/en\/wp-json\/wp\/v2\/posts\/79648","targetHints":{"allow":["GET"]}}],"collection":[{"href":"https:\/\/folhadoleste.com.br\/en\/wp-json\/wp\/v2\/posts"}],"about":[{"href":"https:\/\/folhadoleste.com.br\/en\/wp-json\/wp\/v2\/types\/post"}],"author":[{"embeddable":true,"href":"https:\/\/folhadoleste.com.br\/en\/wp-json\/wp\/v2\/users\/4"}],"replies":[{"embeddable":true,"href":"https:\/\/folhadoleste.com.br\/en\/wp-json\/wp\/v2\/comments?post=79648"}],"version-history":[{"count":2,"href":"https:\/\/folhadoleste.com.br\/en\/wp-json\/wp\/v2\/posts\/79648\/revisions"}],"predecessor-version":[{"id":79651,"href":"https:\/\/folhadoleste.com.br\/en\/wp-json\/wp\/v2\/posts\/79648\/revisions\/79651"}],"wp:featuredmedia":[{"embeddable":true,"href":"https:\/\/folhadoleste.com.br\/en\/wp-json\/wp\/v2\/media\/33900"}],"wp:attachment":[{"href":"https:\/\/folhadoleste.com.br\/en\/wp-json\/wp\/v2\/media?parent=79648"}],"wp:term":[{"taxonomy":"category","embeddable":true,"href":"https:\/\/folhadoleste.com.br\/en\/wp-json\/wp\/v2\/categories?post=79648"},{"taxonomy":"post_tag","embeddable":true,"href":"https:\/\/folhadoleste.com.br\/en\/wp-json\/wp\/v2\/tags?post=79648"}],"curies":[{"name":"wp","href":"https:\/\/api.w.org\/{rel}","templated":true}]}}