{"id":78820,"date":"2024-08-02T11:43:23","date_gmt":"2024-08-02T14:43:23","guid":{"rendered":"https:\/\/folhadoleste.com.br\/?p=78820"},"modified":"2024-08-02T11:43:23","modified_gmt":"2024-08-02T14:43:23","slug":"policia-mira-empresa-por-furto-de-5-toneladas-de-cabos-na-baixada","status":"publish","type":"post","link":"https:\/\/folhadoleste.com.br\/en\/policia-mira-empresa-por-furto-de-5-toneladas-de-cabos-na-baixada\/","title":{"rendered":"Pol\u00edcia mira empresa por furto de 5 toneladas de cabos na Baixada"},"content":{"rendered":"<div id=\"attachment_78822\" style=\"width: 1210px\" class=\"wp-caption aligncenter\"><img decoding=\"async\" aria-describedby=\"caption-attachment-78822\" class=\"size-full wp-image-78822\" src=\"https:\/\/folhadoleste.com.br\/wp-content\/uploads\/2024\/08\/Policia-mira-empresa-por-furto-de-5-toneladas-de-cabos-na-Baixada-Foto-Divulgacao.webp\" alt=\"Pol\u00edcia mira empresa por furto de 5 toneladas de cabos na Baixada\" width=\"1200\" height=\"750\" \/><p id=\"caption-attachment-78822\" class=\"wp-caption-text\">Pol\u00edcia mira empresa por furto de 5 toneladas de cabos na Baixada | Divulga\u00e7\u00e3o<\/p><\/div>\n<p style=\"text-align: justify;\" data-sourcepos=\"19:1-19:366\">Um esquema milion\u00e1rio de furto e lavagem de dinheiro foi desvendado pela Pol\u00edcia Civil da Baixada Fluminense. Uma empresa, em parceria com uma quadrilha, roubou cerca de 5 toneladas de cabos de cobre de uma concession\u00e1ria p\u00fablica em Belford Roxo. A pol\u00edcia cumpriu 35 mandados de busca e apreens\u00e3o nesta sexta-feira (2), desmantelando a opera\u00e7\u00e3o criminosa.<\/p>\n<h6><span style=\"color: #ff0000;\"><strong>+<\/strong><\/span> <span style=\"color: #000000;\">LEIA TAMB\u00c9M: \u25ba<\/span><a href=\"https:\/\/folhadoleste.com.br\/en\/tiroteio-em-bar-deixa-crianca-e-outros-cinco-feridos-na-baixada\/\"><strong>Tiroteio em bar deixa crian\u00e7a e outros cinco feridos na Baixada<\/strong><\/a><\/h6>\n<p style=\"text-align: justify;\" data-sourcepos=\"23:1-23:333\">Uma investiga\u00e7\u00e3o minuciosa da Delegacia de Roubos e Furtos (DRF) revelou uma trama complexa de crimes. Tudo come\u00e7ou em fevereiro, quando uma carga de cabos de cobre foi apreendida em Nova Igua\u00e7u. As investiga\u00e7\u00f5es apontaram para uma empresa em Belford Roxo, supostamente autorizada a realizar a extra\u00e7\u00e3o, mas que agia de forma ilegal.<\/p>\n<p style=\"text-align: justify;\" data-sourcepos=\"25:1-25:325\">Os donos da empresa, Wellington Alves da Silva e Milton Peixoto da Costa, n\u00e3o tinham autoriza\u00e7\u00e3o para realizar a extra\u00e7\u00e3o e os cabos eram armazenados em condi\u00e7\u00f5es prec\u00e1rias. Al\u00e9m disso, as movimenta\u00e7\u00f5es financeiras dos envolvidos eram incompat\u00edveis com suas atividades declaradas, levantando suspeitas de lavagem de dinheiro.<\/p>\n<h5 style=\"text-align: center;\"><span style=\"color: #000000;\"><span style=\"color: #ff0000;\"><strong>+ <\/strong><\/span><\/span><span style=\"color: #000000;\"><strong><span style=\"color: #ff9900;\">MAIS NOT\u00cdCIAS DA BAIXADA FLUMINENSE?<\/span> <span style=\"color: #008080;\"><a style=\"color: #008080;\" href=\"https:\/\/folhadoleste.com.br\/en\/category\/baixada-fluminense\/\">CLIQUE AQUI<\/a><\/span><\/strong><\/span><\/h5>\n<p style=\"text-align: justify;\" data-sourcepos=\"27:1-27:278\">Por fim, segundo o COAF, Wellington movimentou mais de R$ 28 milh\u00f5es em um curto per\u00edodo, um valor exorbitante para algu\u00e9m com sua ocupa\u00e7\u00e3o. Assim, a quadrilha utilizava diversas estrat\u00e9gias para ocultar a origem do dinheiro, como transfer\u00eancias para contas de familiares e empresas de fachada.<\/p>\n<p style=\"text-align: justify;\" data-sourcepos=\"29:1-29:283\">A Pol\u00edcia Civil alerta que o furto de cabos n\u00e3o apenas causa preju\u00edzos financeiros \u00e0s empresas, mas tamb\u00e9m afeta a popula\u00e7\u00e3o, que sofre com interrup\u00e7\u00f5es nos servi\u00e7os essenciais. A a\u00e7\u00e3o criminosa tamb\u00e9m gera riscos ambientais, j\u00e1 que os cabos s\u00e3o armazenados em condi\u00e7\u00f5es inadequadas.<\/p>\n<p><a href=\"https:\/\/folhadoleste.com.br\/en\/category\/esportes\/jogos-olimpicos-de-paris-2024\/\"><img decoding=\"async\" class=\"aligncenter size-full wp-image-77752\" src=\"https:\/\/folhadoleste.com.br\/wp-content\/uploads\/2024\/07\/Folha-do-Leste-Cobertura-Especial-Banner-728-x-250-1.png\" alt=\"\" width=\"728\" height=\"250\" \/><\/a><\/p>\n<div id=\"attachment_77492\" class=\"wp-caption aligncenter\"><a href=\"http:\/\/instagram.com\/folhadoleste\"><img decoding=\"async\" class=\"wp-image-77492 size-full\" src=\"https:\/\/folhadoleste.com.br\/wp-content\/uploads\/2024\/07\/Instagram-Folha-do-Leste.png\" alt=\"http:\/\/instagram.com\/folhadoleste\" width=\"400\" height=\"200\" aria-describedby=\"caption-attachment-77492\" \/><\/a><\/p>\n<p id=\"caption-attachment-77492\" class=\"wp-caption-text\">Siga o Folha do Leste no Instagram!<\/p>\n<\/div>\n<div id=\"attachment_77490\" class=\"wp-caption aligncenter\"><a href=\"http:\/\/facebook.com\/folhadoleste\"><img decoding=\"async\" class=\"size-medium wp-image-77490\" src=\"https:\/\/folhadoleste.com.br\/wp-content\/uploads\/2024\/07\/Facebook-Folha-do-Leste-10k-300x300.jpg\" alt=\"Curta e siga o Folha do Leste no Facebook!\" width=\"300\" height=\"300\" aria-describedby=\"caption-attachment-77490\" \/><\/a><\/p>\n<p id=\"caption-attachment-77490\" class=\"wp-caption-text\">Curta e siga o Folha do Leste no Facebook!<\/p>\n<\/div>","protected":false},"excerpt":{"rendered":"<p>Um esquema milion\u00e1rio de furto e lavagem de dinheiro foi desvendado pela Pol\u00edcia Civil da Baixada Fluminense. Uma empresa, em parceria com uma quadrilha, roubou cerca de 5 toneladas de cabos de cobre de uma concession\u00e1ria p\u00fablica em Belford Roxo. A pol\u00edcia cumpriu 35 mandados de busca e apreens\u00e3o nesta sexta-feira (2), desmantelando a opera\u00e7\u00e3o criminosa. + LEIA TAMB\u00c9M: \u25baTiroteio em bar deixa crian\u00e7a e outros cinco feridos na Baixada Uma investiga\u00e7\u00e3o minuciosa da Delegacia de Roubos e Furtos (DRF) revelou uma trama complexa de crimes. Tudo come\u00e7ou em fevereiro, quando uma carga de cabos de cobre foi apreendida em [&hellip;]<\/p>\n","protected":false},"author":4,"featured_media":78822,"comment_status":"open","ping_status":"open","sticky":false,"template":"","format":"standard","meta":{"footnotes":""},"categories":[2213,46,405],"tags":[22303,3385,11490,36400,23505,36399,2501,12787,3746,600,7115,6198,864,9342,697,3380,6974,36398,36401,6586,78,203,690,410,196,93,824],"class_list":["post-78820","post","type-post","status-publish","format-standard","has-post-thumbnail","hentry","category-noticias-da-baixada-fluminense","category-estado-do-rio-de-janeiro","category-policia-estado-do-rio-de-janeiro","tag-associacao-criminosa","tag-baixada-fluminense","tag-belford-roxo","tag-coaf","tag-cobre","tag-concessionaria-de-servico-publico","tag-crime-organizado","tag-empresarios","tag-energia-eletrica","tag-estado-do-rio","tag-furto-de-cabos","tag-infraestrutura","tag-investigacao","tag-investigacao-policial","tag-justica","tag-lavagem-de-dinheiro","tag-mandados-de-busca-e-apreensao","tag-metal","tag-movimentacao-financeira-suspeita","tag-operacao-policial","tag-policia","tag-policia-civil","tag-prejuizo","tag-prisao","tag-quadrilha","tag-rio-de-janeiro","tag-seguranca-publica","post--single"],"yoast_head":"<!-- This site is optimized with the Yoast SEO plugin v27.4 - https:\/\/yoast.com\/product\/yoast-seo-wordpress\/ -->\n<title>Pol\u00edcia mira empresa por furto de 5 toneladas de cabos na Baixada &#8226; Folha do Leste<\/title>\n<meta name=\"description\" content=\"Pol\u00edcia mira empresa por furto de 5 toneladas de cabos na Baixada. A a\u00e7\u00e3o resultou no cumprimento de mandados de busca e apreens\u00e3o e pris\u00e3o...\" \/>\n<meta name=\"robots\" content=\"index, follow, max-snippet:-1, max-image-preview:large, max-video-preview:-1\" \/>\n<link rel=\"canonical\" href=\"https:\/\/folhadoleste.com.br\/en\/policia-mira-empresa-por-furto-de-5-toneladas-de-cabos-na-baixada\/\" \/>\n<meta property=\"og:locale\" content=\"en_US\" \/>\n<meta property=\"og:type\" content=\"article\" \/>\n<meta property=\"og:title\" content=\"Pol\u00edcia mira empresa por furto de 5 toneladas de cabos na Baixada &#8226; Folha do Leste\" \/>\n<meta property=\"og:description\" content=\"Baixada Fluminense &#8226; 2 de August de 2024 &#8226; Folha do Leste\" \/>\n<meta property=\"og:url\" content=\"https:\/\/folhadoleste.com.br\/en\/policia-mira-empresa-por-furto-de-5-toneladas-de-cabos-na-baixada\/\" \/>\n<meta property=\"og:site_name\" content=\"Folha do Leste\" \/>\n<meta property=\"article:publisher\" content=\"https:\/\/www.facebook.com\/folhadoleste\" \/>\n<meta property=\"article:published_time\" content=\"2024-08-02T14:43:23+00:00\" \/>\n<meta property=\"og:image\" content=\"https:\/\/folhadoleste.com.br\/wp-content\/uploads\/2024\/08\/Policia-mira-empresa-por-furto-de-5-toneladas-de-cabos-na-Baixada-Foto-Divulgacao.webp\" \/>\n\t<meta property=\"og:image:width\" content=\"1200\" \/>\n\t<meta property=\"og:image:height\" content=\"750\" \/>\n\t<meta property=\"og:image:type\" content=\"image\/webp\" \/>\n<meta name=\"author\" content=\"Folha do Leste\" \/>\n<meta name=\"twitter:card\" content=\"summary_large_image\" \/>\n<meta name=\"twitter:description\" content=\"Baixada Fluminense &#8226; 2 de August de 2024 &#8226; Folha do Leste\" \/>\n<meta name=\"twitter:creator\" content=\"@FolhadoLesteRJ\" \/>\n<meta name=\"twitter:site\" content=\"@FolhadoLesteRJ\" \/>\n<meta name=\"twitter:label1\" content=\"Written by\" \/>\n\t<meta name=\"twitter:data1\" content=\"Folha do Leste\" \/>\n\t<meta name=\"twitter:label2\" content=\"Est. reading time\" \/>\n\t<meta name=\"twitter:data2\" content=\"3 minutes\" \/>\n<script type=\"application\/ld+json\" class=\"yoast-schema-graph\">{\"@context\":\"https:\\\/\\\/schema.org\",\"@graph\":[{\"@type\":\"NewsArticle\",\"@id\":\"https:\\\/\\\/folhadoleste.com.br\\\/policia-mira-empresa-por-furto-de-5-toneladas-de-cabos-na-baixada\\\/#article\",\"isPartOf\":{\"@id\":\"https:\\\/\\\/folhadoleste.com.br\\\/policia-mira-empresa-por-furto-de-5-toneladas-de-cabos-na-baixada\\\/\"},\"author\":{\"name\":\"Folha do Leste\",\"@id\":\"https:\\\/\\\/folhadoleste.com.br\\\/#\\\/schema\\\/person\\\/3e97145b2e1861276e84471aa85a3899\"},\"headline\":\"Pol\u00edcia mira empresa por furto de 5 toneladas de cabos na Baixada\",\"datePublished\":\"2024-08-02T14:43:23+00:00\",\"mainEntityOfPage\":{\"@id\":\"https:\\\/\\\/folhadoleste.com.br\\\/policia-mira-empresa-por-furto-de-5-toneladas-de-cabos-na-baixada\\\/\"},\"wordCount\":351,\"commentCount\":0,\"publisher\":{\"@id\":\"https:\\\/\\\/folhadoleste.com.br\\\/#organization\"},\"image\":{\"@id\":\"https:\\\/\\\/folhadoleste.com.br\\\/policia-mira-empresa-por-furto-de-5-toneladas-de-cabos-na-baixada\\\/#primaryimage\"},\"thumbnailUrl\":\"https:\\\/\\\/folhadoleste.com.br\\\/wp-content\\\/uploads\\\/2024\\\/08\\\/Policia-mira-empresa-por-furto-de-5-toneladas-de-cabos-na-Baixada-Foto-Divulgacao.webp\",\"keywords\":[\"Associa\u00e7\u00e3o Criminosa\",\"Baixada Fluminense\",\"Belford Roxo\",\"COAF\",\"Cobre\",\"concession\u00e1ria de servi\u00e7o p\u00fablico\",\"crime organizado\",\"Empresarios\",\"energia el\u00e9trica\",\"estado do rio\",\"Furto de Cabos\",\"infraestrutura\",\"Investiga\u00e7\u00e3o\",\"investiga\u00e7\u00e3o policial\",\"Justi\u00e7a\",\"Lavagem de Dinheiro\",\"mandados de busca e apreens\u00e3o\",\"metal\",\"movimenta\u00e7\u00e3o financeira suspeita\",\"Opera\u00e7\u00e3o Policial\",\"pol\u00edcia\",\"pol\u00edcia civil\",\"Prejuizo\",\"pris\u00e3o\",\"quadrilha\",\"Rio de Janeiro\",\"Seguran\u00e7a publica\"],\"articleSection\":[\"Baixada Fluminense\",\"Estado do Rio de Janeiro\",\"Pol\u00edcia\"],\"inLanguage\":\"en-US\",\"potentialAction\":[{\"@type\":\"CommentAction\",\"name\":\"Comment\",\"target\":[\"https:\\\/\\\/folhadoleste.com.br\\\/policia-mira-empresa-por-furto-de-5-toneladas-de-cabos-na-baixada\\\/#respond\"]}]},{\"@type\":\"WebPage\",\"@id\":\"https:\\\/\\\/folhadoleste.com.br\\\/policia-mira-empresa-por-furto-de-5-toneladas-de-cabos-na-baixada\\\/\",\"url\":\"https:\\\/\\\/folhadoleste.com.br\\\/policia-mira-empresa-por-furto-de-5-toneladas-de-cabos-na-baixada\\\/\",\"name\":\"Pol\u00edcia mira empresa por furto de 5 toneladas de cabos na Baixada &#8226; Folha do Leste\",\"isPartOf\":{\"@id\":\"https:\\\/\\\/folhadoleste.com.br\\\/#website\"},\"primaryImageOfPage\":{\"@id\":\"https:\\\/\\\/folhadoleste.com.br\\\/policia-mira-empresa-por-furto-de-5-toneladas-de-cabos-na-baixada\\\/#primaryimage\"},\"image\":{\"@id\":\"https:\\\/\\\/folhadoleste.com.br\\\/policia-mira-empresa-por-furto-de-5-toneladas-de-cabos-na-baixada\\\/#primaryimage\"},\"thumbnailUrl\":\"https:\\\/\\\/folhadoleste.com.br\\\/wp-content\\\/uploads\\\/2024\\\/08\\\/Policia-mira-empresa-por-furto-de-5-toneladas-de-cabos-na-Baixada-Foto-Divulgacao.webp\",\"datePublished\":\"2024-08-02T14:43:23+00:00\",\"description\":\"Pol\u00edcia mira empresa por furto de 5 toneladas de cabos na Baixada. A a\u00e7\u00e3o resultou no cumprimento de mandados de busca e apreens\u00e3o e pris\u00e3o...\",\"breadcrumb\":{\"@id\":\"https:\\\/\\\/folhadoleste.com.br\\\/policia-mira-empresa-por-furto-de-5-toneladas-de-cabos-na-baixada\\\/#breadcrumb\"},\"inLanguage\":\"en-US\",\"potentialAction\":[{\"@type\":\"ReadAction\",\"target\":[\"https:\\\/\\\/folhadoleste.com.br\\\/policia-mira-empresa-por-furto-de-5-toneladas-de-cabos-na-baixada\\\/\"]}]},{\"@type\":\"ImageObject\",\"inLanguage\":\"en-US\",\"@id\":\"https:\\\/\\\/folhadoleste.com.br\\\/policia-mira-empresa-por-furto-de-5-toneladas-de-cabos-na-baixada\\\/#primaryimage\",\"url\":\"https:\\\/\\\/folhadoleste.com.br\\\/wp-content\\\/uploads\\\/2024\\\/08\\\/Policia-mira-empresa-por-furto-de-5-toneladas-de-cabos-na-Baixada-Foto-Divulgacao.webp\",\"contentUrl\":\"https:\\\/\\\/folhadoleste.com.br\\\/wp-content\\\/uploads\\\/2024\\\/08\\\/Policia-mira-empresa-por-furto-de-5-toneladas-de-cabos-na-Baixada-Foto-Divulgacao.webp\",\"width\":1200,\"height\":750,\"caption\":\"Pol\u00edcia mira empresa por furto de 5 toneladas de cabos na Baixada | Divulga\u00e7\u00e3o\"},{\"@type\":\"BreadcrumbList\",\"@id\":\"https:\\\/\\\/folhadoleste.com.br\\\/policia-mira-empresa-por-furto-de-5-toneladas-de-cabos-na-baixada\\\/#breadcrumb\",\"itemListElement\":[{\"@type\":\"ListItem\",\"position\":1,\"name\":\"In\u00edcio\",\"item\":\"https:\\\/\\\/folhadoleste.com.br\\\/\"},{\"@type\":\"ListItem\",\"position\":2,\"name\":\"Estado do Rio de Janeiro\",\"item\":\"https:\\\/\\\/folhadoleste.com.br\\\/category\\\/estado-do-rio-de-janeiro\\\/\"},{\"@type\":\"ListItem\",\"position\":3,\"name\":\"Baixada Fluminense\",\"item\":\"https:\\\/\\\/folhadoleste.com.br\\\/category\\\/estado-do-rio-de-janeiro\\\/noticias-da-baixada-fluminense\\\/\"},{\"@type\":\"ListItem\",\"position\":4,\"name\":\"Pol\u00edcia mira empresa por furto de 5 toneladas de cabos na Baixada\"}]},{\"@type\":\"WebSite\",\"@id\":\"https:\\\/\\\/folhadoleste.com.br\\\/#website\",\"url\":\"https:\\\/\\\/folhadoleste.com.br\\\/\",\"name\":\"Folha do Leste\",\"description\":\"Portal de Not\u00edcias com \u00eanfase em Niter\u00f3i, criando conte\u00fados desde a capital Rio de Janeiro, com olhar para o Leste Fluminense e suas cidades como S\u00e3o Gon\u00e7alo, Itabora\u00ed, Rio Bonito, Maric\u00e1, Saquarema e Araruama\",\"publisher\":{\"@id\":\"https:\\\/\\\/folhadoleste.com.br\\\/#organization\"},\"alternateName\":\"FL\",\"potentialAction\":[{\"@type\":\"SearchAction\",\"target\":{\"@type\":\"EntryPoint\",\"urlTemplate\":\"https:\\\/\\\/folhadoleste.com.br\\\/?s={search_term_string}\"},\"query-input\":{\"@type\":\"PropertyValueSpecification\",\"valueRequired\":true,\"valueName\":\"search_term_string\"}}],\"inLanguage\":\"en-US\"},{\"@type\":\"Organization\",\"@id\":\"https:\\\/\\\/folhadoleste.com.br\\\/#organization\",\"name\":\"Brasil 21 Comunica\u00e7\u00e3o\",\"alternateName\":\"BR21\",\"url\":\"https:\\\/\\\/folhadoleste.com.br\\\/\",\"logo\":{\"@type\":\"ImageObject\",\"inLanguage\":\"en-US\",\"@id\":\"https:\\\/\\\/folhadoleste.com.br\\\/#\\\/schema\\\/logo\\\/image\\\/\",\"url\":\"https:\\\/\\\/folhadoleste.com.br\\\/wp-content\\\/uploads\\\/2025\\\/12\\\/brasil-21-logomarca.avif\",\"contentUrl\":\"https:\\\/\\\/folhadoleste.com.br\\\/wp-content\\\/uploads\\\/2025\\\/12\\\/brasil-21-logomarca.avif\",\"width\":1044,\"height\":1044,\"caption\":\"Brasil 21 Comunica\u00e7\u00e3o\"},\"image\":{\"@id\":\"https:\\\/\\\/folhadoleste.com.br\\\/#\\\/schema\\\/logo\\\/image\\\/\"},\"sameAs\":[\"https:\\\/\\\/www.facebook.com\\\/folhadoleste\",\"https:\\\/\\\/x.com\\\/FolhadoLesteRJ\",\"https:\\\/\\\/www.instagram.com\\\/folhadoleste\\\/\"]},{\"@type\":\"Person\",\"@id\":\"https:\\\/\\\/folhadoleste.com.br\\\/#\\\/schema\\\/person\\\/3e97145b2e1861276e84471aa85a3899\",\"name\":\"Folha do Leste\",\"image\":{\"@type\":\"ImageObject\",\"inLanguage\":\"en-US\",\"@id\":\"https:\\\/\\\/folhadoleste.com.br\\\/wp-content\\\/litespeed\\\/avatar\\\/1ca8c218432e7045e748610eb3db0259.jpg?ver=1777161142\",\"url\":\"https:\\\/\\\/folhadoleste.com.br\\\/wp-content\\\/litespeed\\\/avatar\\\/1ca8c218432e7045e748610eb3db0259.jpg?ver=1777161142\",\"contentUrl\":\"https:\\\/\\\/folhadoleste.com.br\\\/wp-content\\\/litespeed\\\/avatar\\\/1ca8c218432e7045e748610eb3db0259.jpg?ver=1777161142\",\"caption\":\"Folha do Leste\"},\"url\":\"https:\\\/\\\/folhadoleste.com.br\\\/en\\\/author\\\/reportagem-01\\\/\"}]}<\/script>\n<!-- \/ Yoast SEO plugin. -->","yoast_head_json":{"title":"Pol\u00edcia mira empresa por furto de 5 toneladas de cabos na Baixada &#8226; Folha do Leste","description":"Pol\u00edcia mira empresa por furto de 5 toneladas de cabos na Baixada. A a\u00e7\u00e3o resultou no cumprimento de mandados de busca e apreens\u00e3o e pris\u00e3o...","robots":{"index":"index","follow":"follow","max-snippet":"max-snippet:-1","max-image-preview":"max-image-preview:large","max-video-preview":"max-video-preview:-1"},"canonical":"https:\/\/folhadoleste.com.br\/en\/policia-mira-empresa-por-furto-de-5-toneladas-de-cabos-na-baixada\/","og_locale":"en_US","og_type":"article","og_title":"Pol\u00edcia mira empresa por furto de 5 toneladas de cabos na Baixada &#8226; Folha do Leste","og_description":"Baixada Fluminense &#8226; 2 de August de 2024 &#8226; Folha do Leste","og_url":"https:\/\/folhadoleste.com.br\/en\/policia-mira-empresa-por-furto-de-5-toneladas-de-cabos-na-baixada\/","og_site_name":"Folha do Leste","article_publisher":"https:\/\/www.facebook.com\/folhadoleste","article_published_time":"2024-08-02T14:43:23+00:00","og_image":[{"width":1200,"height":750,"url":"https:\/\/folhadoleste.com.br\/wp-content\/uploads\/2024\/08\/Policia-mira-empresa-por-furto-de-5-toneladas-de-cabos-na-Baixada-Foto-Divulgacao.webp","type":"image\/webp"}],"author":"Folha do Leste","twitter_card":"summary_large_image","twitter_description":"Baixada Fluminense &#8226; 2 de August de 2024 &#8226; Folha do Leste","twitter_creator":"@FolhadoLesteRJ","twitter_site":"@FolhadoLesteRJ","twitter_misc":{"Written by":"Folha do Leste","Est. reading time":"3 minutes"},"schema":{"@context":"https:\/\/schema.org","@graph":[{"@type":"NewsArticle","@id":"https:\/\/folhadoleste.com.br\/policia-mira-empresa-por-furto-de-5-toneladas-de-cabos-na-baixada\/#article","isPartOf":{"@id":"https:\/\/folhadoleste.com.br\/policia-mira-empresa-por-furto-de-5-toneladas-de-cabos-na-baixada\/"},"author":{"name":"Folha do Leste","@id":"https:\/\/folhadoleste.com.br\/#\/schema\/person\/3e97145b2e1861276e84471aa85a3899"},"headline":"Pol\u00edcia mira empresa por furto de 5 toneladas de cabos na Baixada","datePublished":"2024-08-02T14:43:23+00:00","mainEntityOfPage":{"@id":"https:\/\/folhadoleste.com.br\/policia-mira-empresa-por-furto-de-5-toneladas-de-cabos-na-baixada\/"},"wordCount":351,"commentCount":0,"publisher":{"@id":"https:\/\/folhadoleste.com.br\/#organization"},"image":{"@id":"https:\/\/folhadoleste.com.br\/policia-mira-empresa-por-furto-de-5-toneladas-de-cabos-na-baixada\/#primaryimage"},"thumbnailUrl":"https:\/\/folhadoleste.com.br\/wp-content\/uploads\/2024\/08\/Policia-mira-empresa-por-furto-de-5-toneladas-de-cabos-na-Baixada-Foto-Divulgacao.webp","keywords":["Associa\u00e7\u00e3o Criminosa","Baixada Fluminense","Belford Roxo","COAF","Cobre","concession\u00e1ria de servi\u00e7o p\u00fablico","crime organizado","Empresarios","energia el\u00e9trica","estado do rio","Furto de Cabos","infraestrutura","Investiga\u00e7\u00e3o","investiga\u00e7\u00e3o policial","Justi\u00e7a","Lavagem de Dinheiro","mandados de busca e apreens\u00e3o","metal","movimenta\u00e7\u00e3o financeira suspeita","Opera\u00e7\u00e3o Policial","pol\u00edcia","pol\u00edcia civil","Prejuizo","pris\u00e3o","quadrilha","Rio de Janeiro","Seguran\u00e7a publica"],"articleSection":["Baixada Fluminense","Estado do Rio de Janeiro","Pol\u00edcia"],"inLanguage":"en-US","potentialAction":[{"@type":"CommentAction","name":"Comment","target":["https:\/\/folhadoleste.com.br\/policia-mira-empresa-por-furto-de-5-toneladas-de-cabos-na-baixada\/#respond"]}]},{"@type":"WebPage","@id":"https:\/\/folhadoleste.com.br\/policia-mira-empresa-por-furto-de-5-toneladas-de-cabos-na-baixada\/","url":"https:\/\/folhadoleste.com.br\/policia-mira-empresa-por-furto-de-5-toneladas-de-cabos-na-baixada\/","name":"Pol\u00edcia mira empresa por furto de 5 toneladas de cabos na Baixada &#8226; Folha do Leste","isPartOf":{"@id":"https:\/\/folhadoleste.com.br\/#website"},"primaryImageOfPage":{"@id":"https:\/\/folhadoleste.com.br\/policia-mira-empresa-por-furto-de-5-toneladas-de-cabos-na-baixada\/#primaryimage"},"image":{"@id":"https:\/\/folhadoleste.com.br\/policia-mira-empresa-por-furto-de-5-toneladas-de-cabos-na-baixada\/#primaryimage"},"thumbnailUrl":"https:\/\/folhadoleste.com.br\/wp-content\/uploads\/2024\/08\/Policia-mira-empresa-por-furto-de-5-toneladas-de-cabos-na-Baixada-Foto-Divulgacao.webp","datePublished":"2024-08-02T14:43:23+00:00","description":"Pol\u00edcia mira empresa por furto de 5 toneladas de cabos na Baixada. A a\u00e7\u00e3o resultou no cumprimento de mandados de busca e apreens\u00e3o e pris\u00e3o...","breadcrumb":{"@id":"https:\/\/folhadoleste.com.br\/policia-mira-empresa-por-furto-de-5-toneladas-de-cabos-na-baixada\/#breadcrumb"},"inLanguage":"en-US","potentialAction":[{"@type":"ReadAction","target":["https:\/\/folhadoleste.com.br\/policia-mira-empresa-por-furto-de-5-toneladas-de-cabos-na-baixada\/"]}]},{"@type":"ImageObject","inLanguage":"en-US","@id":"https:\/\/folhadoleste.com.br\/policia-mira-empresa-por-furto-de-5-toneladas-de-cabos-na-baixada\/#primaryimage","url":"https:\/\/folhadoleste.com.br\/wp-content\/uploads\/2024\/08\/Policia-mira-empresa-por-furto-de-5-toneladas-de-cabos-na-Baixada-Foto-Divulgacao.webp","contentUrl":"https:\/\/folhadoleste.com.br\/wp-content\/uploads\/2024\/08\/Policia-mira-empresa-por-furto-de-5-toneladas-de-cabos-na-Baixada-Foto-Divulgacao.webp","width":1200,"height":750,"caption":"Pol\u00edcia mira empresa por furto de 5 toneladas de cabos na Baixada | Divulga\u00e7\u00e3o"},{"@type":"BreadcrumbList","@id":"https:\/\/folhadoleste.com.br\/policia-mira-empresa-por-furto-de-5-toneladas-de-cabos-na-baixada\/#breadcrumb","itemListElement":[{"@type":"ListItem","position":1,"name":"In\u00edcio","item":"https:\/\/folhadoleste.com.br\/"},{"@type":"ListItem","position":2,"name":"Estado do Rio de Janeiro","item":"https:\/\/folhadoleste.com.br\/category\/estado-do-rio-de-janeiro\/"},{"@type":"ListItem","position":3,"name":"Baixada Fluminense","item":"https:\/\/folhadoleste.com.br\/category\/estado-do-rio-de-janeiro\/noticias-da-baixada-fluminense\/"},{"@type":"ListItem","position":4,"name":"Pol\u00edcia mira empresa por furto de 5 toneladas de cabos na Baixada"}]},{"@type":"WebSite","@id":"https:\/\/folhadoleste.com.br\/#website","url":"https:\/\/folhadoleste.com.br\/","name":"Folha do Leste","description":"Portal de Not\u00edcias com \u00eanfase em Niter\u00f3i, criando conte\u00fados desde a capital Rio de Janeiro, com olhar para o Leste Fluminense e suas cidades como S\u00e3o Gon\u00e7alo, Itabora\u00ed, Rio Bonito, Maric\u00e1, Saquarema e Araruama","publisher":{"@id":"https:\/\/folhadoleste.com.br\/#organization"},"alternateName":"FL","potentialAction":[{"@type":"SearchAction","target":{"@type":"EntryPoint","urlTemplate":"https:\/\/folhadoleste.com.br\/?s={search_term_string}"},"query-input":{"@type":"PropertyValueSpecification","valueRequired":true,"valueName":"search_term_string"}}],"inLanguage":"en-US"},{"@type":"Organization","@id":"https:\/\/folhadoleste.com.br\/#organization","name":"Brasil 21 Comunica\u00e7\u00e3o","alternateName":"BR21","url":"https:\/\/folhadoleste.com.br\/","logo":{"@type":"ImageObject","inLanguage":"en-US","@id":"https:\/\/folhadoleste.com.br\/#\/schema\/logo\/image\/","url":"https:\/\/folhadoleste.com.br\/wp-content\/uploads\/2025\/12\/brasil-21-logomarca.avif","contentUrl":"https:\/\/folhadoleste.com.br\/wp-content\/uploads\/2025\/12\/brasil-21-logomarca.avif","width":1044,"height":1044,"caption":"Brasil 21 Comunica\u00e7\u00e3o"},"image":{"@id":"https:\/\/folhadoleste.com.br\/#\/schema\/logo\/image\/"},"sameAs":["https:\/\/www.facebook.com\/folhadoleste","https:\/\/x.com\/FolhadoLesteRJ","https:\/\/www.instagram.com\/folhadoleste\/"]},{"@type":"Person","@id":"https:\/\/folhadoleste.com.br\/#\/schema\/person\/3e97145b2e1861276e84471aa85a3899","name":"Folha do Leste","image":{"@type":"ImageObject","inLanguage":"en-US","@id":"https:\/\/folhadoleste.com.br\/wp-content\/litespeed\/avatar\/1ca8c218432e7045e748610eb3db0259.jpg?ver=1777161142","url":"https:\/\/folhadoleste.com.br\/wp-content\/litespeed\/avatar\/1ca8c218432e7045e748610eb3db0259.jpg?ver=1777161142","contentUrl":"https:\/\/folhadoleste.com.br\/wp-content\/litespeed\/avatar\/1ca8c218432e7045e748610eb3db0259.jpg?ver=1777161142","caption":"Folha do Leste"},"url":"https:\/\/folhadoleste.com.br\/en\/author\/reportagem-01\/"}]}},"_links":{"self":[{"href":"https:\/\/folhadoleste.com.br\/en\/wp-json\/wp\/v2\/posts\/78820","targetHints":{"allow":["GET"]}}],"collection":[{"href":"https:\/\/folhadoleste.com.br\/en\/wp-json\/wp\/v2\/posts"}],"about":[{"href":"https:\/\/folhadoleste.com.br\/en\/wp-json\/wp\/v2\/types\/post"}],"author":[{"embeddable":true,"href":"https:\/\/folhadoleste.com.br\/en\/wp-json\/wp\/v2\/users\/4"}],"replies":[{"embeddable":true,"href":"https:\/\/folhadoleste.com.br\/en\/wp-json\/wp\/v2\/comments?post=78820"}],"version-history":[{"count":1,"href":"https:\/\/folhadoleste.com.br\/en\/wp-json\/wp\/v2\/posts\/78820\/revisions"}],"predecessor-version":[{"id":78823,"href":"https:\/\/folhadoleste.com.br\/en\/wp-json\/wp\/v2\/posts\/78820\/revisions\/78823"}],"wp:featuredmedia":[{"embeddable":true,"href":"https:\/\/folhadoleste.com.br\/en\/wp-json\/wp\/v2\/media\/78822"}],"wp:attachment":[{"href":"https:\/\/folhadoleste.com.br\/en\/wp-json\/wp\/v2\/media?parent=78820"}],"wp:term":[{"taxonomy":"category","embeddable":true,"href":"https:\/\/folhadoleste.com.br\/en\/wp-json\/wp\/v2\/categories?post=78820"},{"taxonomy":"post_tag","embeddable":true,"href":"https:\/\/folhadoleste.com.br\/en\/wp-json\/wp\/v2\/tags?post=78820"}],"curies":[{"name":"wp","href":"https:\/\/api.w.org\/{rel}","templated":true}]}}