{"id":7808,"date":"2023-05-31T16:10:08","date_gmt":"2023-05-31T19:10:08","guid":{"rendered":"https:\/\/folhadoleste.com.br\/?p=7808"},"modified":"2023-05-31T16:10:08","modified_gmt":"2023-05-31T19:10:08","slug":"parto-normal-gera-recorde-na-rede-publica-do-rj","status":"publish","type":"post","link":"https:\/\/folhadoleste.com.br\/en\/parto-normal-gera-recorde-na-rede-publica-do-rj\/","title":{"rendered":"Parto normal gera recorde na rede p\u00fablica do RJ"},"content":{"rendered":"<p>O Hospital Estadual da M\u00e3e de Mesquita \u00e9 recordista da rede em partos normais. Em 2022, mais do dobro dos nascimentos na unidade de sa\u00fade foram normais, 4.242 e outros 2.001 foram ces\u00e1reas. A unidade conta com uma equipe multidisciplinar composta por enfermeiras obst\u00e9tricas, pediatras, assistentes sociais, fisioterapeutas, nutricionistas, dentistas, entre outros profissionais, que acompanham a paciente durante o pr\u00e9-natal, parto e p\u00f3s-parto.<\/p>\n<blockquote><p>Temos nossos grupos educativos, que orientam sobre amamenta\u00e7\u00e3o e apresentam o plano de parto, onde elas escolhem como ser\u00e1 feito. Al\u00e9m de proporcionarmos uma visita guiada ao hospital que ela vai receber o bebezinho \u2013 disse Michele Castro, respons\u00e1vel t\u00e9cnica da obstetr\u00edcia do Hospital da M\u00e3e.<\/p><\/blockquote>\n<p>Em 2022, mais de 14 mil beb\u00eas nasceram em hospitais e maternidades da Secretaria de Estado de Sa\u00fade do Rio (SES-RJ). Do total de partos, 7.587 foram normais (53,20%). J\u00e1 em 2021, dos 15.136 rec\u00e9m-nascidos que vieram ao mundo nos hospitais da SES-RJ, 60,33% foram por via normal &#8211; n\u00famero superou a m\u00e9dia nacional para o ano, que foi de 42.99%.<\/p>\n<p>O parto humanizado \u00e9 uma determina\u00e7\u00e3o da Organiza\u00e7\u00e3o Mundial de Sa\u00fade que visa a melhorar a assist\u00eancia no trabalho de parto, respeitando o tempo materno e do feto para o nascimento. Quando a gestante n\u00e3o apresenta complica\u00e7\u00f5es, o parto natural \u00e9 um processo fisiol\u00f3gico e seguro, como explica a respons\u00e1vel t\u00e9cnica da obstetr\u00edcia do Hospital da M\u00e3e, Michele Castro.<\/p>\n<blockquote><p>\u00a0No atendimento humanizado, temos nossos grupos educativos, que orientam sobre amamenta\u00e7\u00e3o e apresentam o plano de parto, onde elas escolhem como ser\u00e1 feito. Al\u00e9m de proporcionarmos uma visita guiada ao hospital que ela vai receber o bebezinho.<\/p><\/blockquote>\n<h2><\/h2>\n<h2><strong>Humaniza\u00e7\u00e3o: direito garantido por lei<\/strong><\/h2>\n<p>Lei que garante direitos ao parto humanizado foi sancionada pelo governador Cl\u00e1udio Castro, em 2021. A norma assegura a presen\u00e7a de um acompanhante durante o trabalho de parto (parente e doula), cuidados respeitosos. E aindaboa comunica\u00e7\u00e3o entre mulheres e a equipe de sa\u00fade.<\/p>\n<p>O secret\u00e1rio de Estado de Sa\u00fade, Dr. Luizinho, enfatiza que o parto natural e humanizado \u00e9 uma diretriz da secretaria nas unidades estaduais.<\/p>\n<blockquote><p>O parto natural e humanizado tem como objetivo proporcionar uma experi\u00eancia mais segura e acolhedora para a m\u00e3e em sua totalidade, ao ouvi-la e respeit\u00e1-la. Faz parte de um conjunto de procedimentos para dar assist\u00eancia total \u00e0 mulher nas nossas unidades&#8221;, explica o secret\u00e1rio.<\/p><\/blockquote>\n<p>Em todo o Estado do Rio &#8211; incluindo partos realizados nas redes p\u00fablica e privada, em 2021, 41.76% dos partos realizados foram normais. Em 2022, 40.55%. Isso de acordo com o Sistema de Informa\u00e7\u00f5es sobre Nascidos Vivos (SINASC),<\/p>\n<p>J\u00e1 no Brasil, nos hospitais da rede privada, apenas 18,24% dos partos realizados em 2021 foram vaginais. Estas informa\u00e7\u00f5es constam da base de dados do painel Indicadores da Aten\u00e7\u00e3o \u00e0 Sa\u00fade Materna e Neonatal, da Ag\u00eancia Nacional de Sa\u00fade Suplementar (ANS).<\/p>","protected":false},"excerpt":{"rendered":"<p>O Hospital Estadual da M\u00e3e de Mesquita \u00e9 recordista da rede em partos normais. Em 2022, mais do dobro dos nascimentos na unidade de sa\u00fade foram normais, 4.242 e outros 2.001 foram ces\u00e1reas. A unidade conta com uma equipe multidisciplinar composta por enfermeiras obst\u00e9tricas, pediatras, assistentes sociais, fisioterapeutas, nutricionistas, dentistas, entre outros profissionais, que acompanham a paciente durante o pr\u00e9-natal, parto e p\u00f3s-parto. Temos nossos grupos educativos, que orientam sobre amamenta\u00e7\u00e3o e apresentam o plano de parto, onde elas escolhem como ser\u00e1 feito. Al\u00e9m de proporcionarmos uma visita guiada ao hospital que ela vai receber o bebezinho \u2013 disse Michele [&hellip;]<\/p>\n","protected":false},"author":4,"featured_media":7809,"comment_status":"open","ping_status":"open","sticky":false,"template":"","format":"standard","meta":{"footnotes":""},"categories":[46,631],"tags":[5109,4395,600,5110,5108,5111,5112,206,5113],"class_list":["post-7808","post","type-post","status-publish","format-standard","has-post-thumbnail","hentry","category-estado-do-rio-de-janeiro","category-saude","tag-cesariana","tag-dr-luizinho","tag-estado-do-rio","tag-parto-humanizado","tag-parto-normal","tag-pre-natal","tag-rede-publica","tag-rj","tag-secretaria-estadual-de-saude","post--single"],"yoast_head":"<!-- This site is optimized with the Yoast SEO plugin v27.5 - https:\/\/yoast.com\/product\/yoast-seo-wordpress\/ -->\n<title>Parto normal gera recorde na rede p\u00fablica do RJ &#8226; Folha do Leste<\/title>\n<meta name=\"description\" content=\"O Hospital Estadual da M\u00e3e de Mesquita \u00e9 recordista da rede em partos normais. Em 2022, 4.242 foram normais e outros 2.001 foram ces\u00e1reas.\" \/>\n<meta name=\"robots\" content=\"index, follow, max-snippet:-1, max-image-preview:large, max-video-preview:-1\" \/>\n<link rel=\"canonical\" href=\"https:\/\/folhadoleste.com.br\/en\/parto-normal-gera-recorde-na-rede-publica-do-rj\/\" \/>\n<meta property=\"og:locale\" content=\"en_US\" \/>\n<meta property=\"og:type\" content=\"article\" \/>\n<meta property=\"og:title\" content=\"Parto normal gera recorde na rede p\u00fablica do estado do RJ\" \/>\n<meta property=\"og:description\" content=\"Saiba mais!\" \/>\n<meta property=\"og:url\" content=\"https:\/\/folhadoleste.com.br\/en\/parto-normal-gera-recorde-na-rede-publica-do-rj\/\" \/>\n<meta property=\"og:site_name\" content=\"Folha do Leste\" \/>\n<meta property=\"article:publisher\" content=\"https:\/\/www.facebook.com\/folhadoleste\" \/>\n<meta property=\"article:published_time\" content=\"2023-05-31T19:10:08+00:00\" \/>\n<meta property=\"og:image\" content=\"https:\/\/folhadoleste.com.br\/wp-content\/uploads\/2023\/05\/mae-amamentando-3.jpeg\" \/>\n\t<meta property=\"og:image:width\" content=\"890\" \/>\n\t<meta property=\"og:image:height\" content=\"562\" \/>\n\t<meta property=\"og:image:type\" content=\"image\/jpeg\" \/>\n<meta name=\"author\" content=\"Folha do Leste\" \/>\n<meta name=\"twitter:card\" content=\"summary_large_image\" \/>\n<meta name=\"twitter:title\" content=\"Parto normal gera recorde na rede p\u00fablica do estado do RJ\" \/>\n<meta name=\"twitter:description\" content=\"O Hospital Estadual da M\u00e3e de Mesquita \u00e9 recordista da rede em partos normais. Em 2022, 4.242 foram normais e outros 2.001 foram ces\u00e1reas.\" \/>\n<meta name=\"twitter:image\" content=\"https:\/\/folhadoleste.com.br\/wp-content\/uploads\/2023\/05\/mae-amamentando-3.jpeg\" \/>\n<meta name=\"twitter:creator\" content=\"@FolhadoLesteRJ\" \/>\n<meta name=\"twitter:site\" content=\"@FolhadoLesteRJ\" \/>\n<meta name=\"twitter:label1\" content=\"Written by\" \/>\n\t<meta name=\"twitter:data1\" content=\"Folha do Leste\" \/>\n\t<meta name=\"twitter:label2\" content=\"Est. reading time\" \/>\n\t<meta name=\"twitter:data2\" content=\"3 minutes\" \/>\n<script type=\"application\/ld+json\" class=\"yoast-schema-graph\">{\"@context\":\"https:\\\/\\\/schema.org\",\"@graph\":[{\"@type\":\"NewsArticle\",\"@id\":\"https:\\\/\\\/folhadoleste.com.br\\\/parto-normal-gera-recorde-na-rede-publica-do-rj\\\/#article\",\"isPartOf\":{\"@id\":\"https:\\\/\\\/folhadoleste.com.br\\\/parto-normal-gera-recorde-na-rede-publica-do-rj\\\/\"},\"author\":{\"name\":\"Folha do Leste\",\"@id\":\"https:\\\/\\\/folhadoleste.com.br\\\/#\\\/schema\\\/person\\\/3e97145b2e1861276e84471aa85a3899\"},\"headline\":\"Parto normal gera recorde na rede p\u00fablica do RJ\",\"datePublished\":\"2023-05-31T19:10:08+00:00\",\"mainEntityOfPage\":{\"@id\":\"https:\\\/\\\/folhadoleste.com.br\\\/parto-normal-gera-recorde-na-rede-publica-do-rj\\\/\"},\"wordCount\":494,\"commentCount\":0,\"publisher\":{\"@id\":\"https:\\\/\\\/folhadoleste.com.br\\\/#organization\"},\"image\":{\"@id\":\"https:\\\/\\\/folhadoleste.com.br\\\/parto-normal-gera-recorde-na-rede-publica-do-rj\\\/#primaryimage\"},\"thumbnailUrl\":\"https:\\\/\\\/folhadoleste.com.br\\\/wp-content\\\/uploads\\\/2023\\\/05\\\/mae-amamentando-3.jpeg\",\"keywords\":[\"Cesariana\",\"Dr. Luizinho\",\"estado do rio\",\"Parto humanizado\",\"parto Normal\",\"pr\u00e9-natal\",\"rede p\u00fablica\",\"RJ\",\"Secretaria Estadual de Sa\u00fade\"],\"articleSection\":[\"Estado do Rio de Janeiro\",\"Sa\u00fade\"],\"inLanguage\":\"en-US\",\"potentialAction\":[{\"@type\":\"CommentAction\",\"name\":\"Comment\",\"target\":[\"https:\\\/\\\/folhadoleste.com.br\\\/parto-normal-gera-recorde-na-rede-publica-do-rj\\\/#respond\"]}]},{\"@type\":\"WebPage\",\"@id\":\"https:\\\/\\\/folhadoleste.com.br\\\/parto-normal-gera-recorde-na-rede-publica-do-rj\\\/\",\"url\":\"https:\\\/\\\/folhadoleste.com.br\\\/parto-normal-gera-recorde-na-rede-publica-do-rj\\\/\",\"name\":\"Parto normal gera recorde na rede p\u00fablica do RJ &#8226; Folha do Leste\",\"isPartOf\":{\"@id\":\"https:\\\/\\\/folhadoleste.com.br\\\/#website\"},\"primaryImageOfPage\":{\"@id\":\"https:\\\/\\\/folhadoleste.com.br\\\/parto-normal-gera-recorde-na-rede-publica-do-rj\\\/#primaryimage\"},\"image\":{\"@id\":\"https:\\\/\\\/folhadoleste.com.br\\\/parto-normal-gera-recorde-na-rede-publica-do-rj\\\/#primaryimage\"},\"thumbnailUrl\":\"https:\\\/\\\/folhadoleste.com.br\\\/wp-content\\\/uploads\\\/2023\\\/05\\\/mae-amamentando-3.jpeg\",\"datePublished\":\"2023-05-31T19:10:08+00:00\",\"description\":\"O Hospital Estadual da M\u00e3e de Mesquita \u00e9 recordista da rede em partos normais. Em 2022, 4.242 foram normais e outros 2.001 foram ces\u00e1reas.\",\"breadcrumb\":{\"@id\":\"https:\\\/\\\/folhadoleste.com.br\\\/parto-normal-gera-recorde-na-rede-publica-do-rj\\\/#breadcrumb\"},\"inLanguage\":\"en-US\",\"potentialAction\":[{\"@type\":\"ReadAction\",\"target\":[\"https:\\\/\\\/folhadoleste.com.br\\\/parto-normal-gera-recorde-na-rede-publica-do-rj\\\/\"]}]},{\"@type\":\"ImageObject\",\"inLanguage\":\"en-US\",\"@id\":\"https:\\\/\\\/folhadoleste.com.br\\\/parto-normal-gera-recorde-na-rede-publica-do-rj\\\/#primaryimage\",\"url\":\"https:\\\/\\\/folhadoleste.com.br\\\/wp-content\\\/uploads\\\/2023\\\/05\\\/mae-amamentando-3.jpeg\",\"contentUrl\":\"https:\\\/\\\/folhadoleste.com.br\\\/wp-content\\\/uploads\\\/2023\\\/05\\\/mae-amamentando-3.jpeg\",\"width\":890,\"height\":562,\"caption\":\"Divulga\u00e7\u00e3o\\\/Governo do RJ\"},{\"@type\":\"BreadcrumbList\",\"@id\":\"https:\\\/\\\/folhadoleste.com.br\\\/parto-normal-gera-recorde-na-rede-publica-do-rj\\\/#breadcrumb\",\"itemListElement\":[{\"@type\":\"ListItem\",\"position\":1,\"name\":\"In\u00edcio\",\"item\":\"https:\\\/\\\/folhadoleste.com.br\\\/\"},{\"@type\":\"ListItem\",\"position\":2,\"name\":\"Brasil\",\"item\":\"https:\\\/\\\/folhadoleste.com.br\\\/category\\\/brasil\\\/\"},{\"@type\":\"ListItem\",\"position\":3,\"name\":\"Sa\u00fade\",\"item\":\"https:\\\/\\\/folhadoleste.com.br\\\/category\\\/brasil\\\/saude\\\/\"},{\"@type\":\"ListItem\",\"position\":4,\"name\":\"Parto normal gera recorde na rede p\u00fablica do RJ\"}]},{\"@type\":\"WebSite\",\"@id\":\"https:\\\/\\\/folhadoleste.com.br\\\/#website\",\"url\":\"https:\\\/\\\/folhadoleste.com.br\\\/\",\"name\":\"Folha do Leste\",\"description\":\"Portal de Not\u00edcias com \u00eanfase em Niter\u00f3i, criando conte\u00fados desde a capital Rio de Janeiro, com olhar para o Leste Fluminense e suas cidades como S\u00e3o Gon\u00e7alo, Itabora\u00ed, Rio Bonito, Maric\u00e1, Saquarema e Araruama\",\"publisher\":{\"@id\":\"https:\\\/\\\/folhadoleste.com.br\\\/#organization\"},\"alternateName\":\"FL\",\"potentialAction\":[{\"@type\":\"SearchAction\",\"target\":{\"@type\":\"EntryPoint\",\"urlTemplate\":\"https:\\\/\\\/folhadoleste.com.br\\\/?s={search_term_string}\"},\"query-input\":{\"@type\":\"PropertyValueSpecification\",\"valueRequired\":true,\"valueName\":\"search_term_string\"}}],\"inLanguage\":\"en-US\"},{\"@type\":\"Organization\",\"@id\":\"https:\\\/\\\/folhadoleste.com.br\\\/#organization\",\"name\":\"Brasil 21 Comunica\u00e7\u00e3o\",\"alternateName\":\"BR21\",\"url\":\"https:\\\/\\\/folhadoleste.com.br\\\/\",\"logo\":{\"@type\":\"ImageObject\",\"inLanguage\":\"en-US\",\"@id\":\"https:\\\/\\\/folhadoleste.com.br\\\/#\\\/schema\\\/logo\\\/image\\\/\",\"url\":\"https:\\\/\\\/folhadoleste.com.br\\\/wp-content\\\/uploads\\\/2025\\\/12\\\/brasil-21-logomarca.avif\",\"contentUrl\":\"https:\\\/\\\/folhadoleste.com.br\\\/wp-content\\\/uploads\\\/2025\\\/12\\\/brasil-21-logomarca.avif\",\"width\":1044,\"height\":1044,\"caption\":\"Brasil 21 Comunica\u00e7\u00e3o\"},\"image\":{\"@id\":\"https:\\\/\\\/folhadoleste.com.br\\\/#\\\/schema\\\/logo\\\/image\\\/\"},\"sameAs\":[\"https:\\\/\\\/www.facebook.com\\\/folhadoleste\",\"https:\\\/\\\/x.com\\\/FolhadoLesteRJ\",\"https:\\\/\\\/www.instagram.com\\\/folhadoleste\\\/\"]},{\"@type\":\"Person\",\"@id\":\"https:\\\/\\\/folhadoleste.com.br\\\/#\\\/schema\\\/person\\\/3e97145b2e1861276e84471aa85a3899\",\"name\":\"Folha do Leste\",\"image\":{\"@type\":\"ImageObject\",\"inLanguage\":\"en-US\",\"@id\":\"https:\\\/\\\/folhadoleste.com.br\\\/wp-content\\\/litespeed\\\/avatar\\\/1ca8c218432e7045e748610eb3db0259.jpg?ver=1777161142\",\"url\":\"https:\\\/\\\/folhadoleste.com.br\\\/wp-content\\\/litespeed\\\/avatar\\\/1ca8c218432e7045e748610eb3db0259.jpg?ver=1777161142\",\"contentUrl\":\"https:\\\/\\\/folhadoleste.com.br\\\/wp-content\\\/litespeed\\\/avatar\\\/1ca8c218432e7045e748610eb3db0259.jpg?ver=1777161142\",\"caption\":\"Folha do Leste\"},\"url\":\"https:\\\/\\\/folhadoleste.com.br\\\/en\\\/author\\\/reportagem-01\\\/\"}]}<\/script>\n<!-- \/ Yoast SEO plugin. -->","yoast_head_json":{"title":"Parto normal gera recorde na rede p\u00fablica do RJ &#8226; Folha do Leste","description":"O Hospital Estadual da M\u00e3e de Mesquita \u00e9 recordista da rede em partos normais. Em 2022, 4.242 foram normais e outros 2.001 foram ces\u00e1reas.","robots":{"index":"index","follow":"follow","max-snippet":"max-snippet:-1","max-image-preview":"max-image-preview:large","max-video-preview":"max-video-preview:-1"},"canonical":"https:\/\/folhadoleste.com.br\/en\/parto-normal-gera-recorde-na-rede-publica-do-rj\/","og_locale":"en_US","og_type":"article","og_title":"Parto normal gera recorde na rede p\u00fablica do estado do RJ","og_description":"Saiba mais!","og_url":"https:\/\/folhadoleste.com.br\/en\/parto-normal-gera-recorde-na-rede-publica-do-rj\/","og_site_name":"Folha do Leste","article_publisher":"https:\/\/www.facebook.com\/folhadoleste","article_published_time":"2023-05-31T19:10:08+00:00","og_image":[{"width":890,"height":562,"url":"https:\/\/folhadoleste.com.br\/wp-content\/uploads\/2023\/05\/mae-amamentando-3.jpeg","type":"image\/jpeg"}],"author":"Folha do Leste","twitter_card":"summary_large_image","twitter_title":"Parto normal gera recorde na rede p\u00fablica do estado do RJ","twitter_description":"O Hospital Estadual da M\u00e3e de Mesquita \u00e9 recordista da rede em partos normais. Em 2022, 4.242 foram normais e outros 2.001 foram ces\u00e1reas.","twitter_image":"https:\/\/folhadoleste.com.br\/wp-content\/uploads\/2023\/05\/mae-amamentando-3.jpeg","twitter_creator":"@FolhadoLesteRJ","twitter_site":"@FolhadoLesteRJ","twitter_misc":{"Written by":"Folha do Leste","Est. reading time":"3 minutes"},"schema":{"@context":"https:\/\/schema.org","@graph":[{"@type":"NewsArticle","@id":"https:\/\/folhadoleste.com.br\/parto-normal-gera-recorde-na-rede-publica-do-rj\/#article","isPartOf":{"@id":"https:\/\/folhadoleste.com.br\/parto-normal-gera-recorde-na-rede-publica-do-rj\/"},"author":{"name":"Folha do Leste","@id":"https:\/\/folhadoleste.com.br\/#\/schema\/person\/3e97145b2e1861276e84471aa85a3899"},"headline":"Parto normal gera recorde na rede p\u00fablica do RJ","datePublished":"2023-05-31T19:10:08+00:00","mainEntityOfPage":{"@id":"https:\/\/folhadoleste.com.br\/parto-normal-gera-recorde-na-rede-publica-do-rj\/"},"wordCount":494,"commentCount":0,"publisher":{"@id":"https:\/\/folhadoleste.com.br\/#organization"},"image":{"@id":"https:\/\/folhadoleste.com.br\/parto-normal-gera-recorde-na-rede-publica-do-rj\/#primaryimage"},"thumbnailUrl":"https:\/\/folhadoleste.com.br\/wp-content\/uploads\/2023\/05\/mae-amamentando-3.jpeg","keywords":["Cesariana","Dr. Luizinho","estado do rio","Parto humanizado","parto Normal","pr\u00e9-natal","rede p\u00fablica","RJ","Secretaria Estadual de Sa\u00fade"],"articleSection":["Estado do Rio de Janeiro","Sa\u00fade"],"inLanguage":"en-US","potentialAction":[{"@type":"CommentAction","name":"Comment","target":["https:\/\/folhadoleste.com.br\/parto-normal-gera-recorde-na-rede-publica-do-rj\/#respond"]}]},{"@type":"WebPage","@id":"https:\/\/folhadoleste.com.br\/parto-normal-gera-recorde-na-rede-publica-do-rj\/","url":"https:\/\/folhadoleste.com.br\/parto-normal-gera-recorde-na-rede-publica-do-rj\/","name":"Parto normal gera recorde na rede p\u00fablica do RJ &#8226; Folha do Leste","isPartOf":{"@id":"https:\/\/folhadoleste.com.br\/#website"},"primaryImageOfPage":{"@id":"https:\/\/folhadoleste.com.br\/parto-normal-gera-recorde-na-rede-publica-do-rj\/#primaryimage"},"image":{"@id":"https:\/\/folhadoleste.com.br\/parto-normal-gera-recorde-na-rede-publica-do-rj\/#primaryimage"},"thumbnailUrl":"https:\/\/folhadoleste.com.br\/wp-content\/uploads\/2023\/05\/mae-amamentando-3.jpeg","datePublished":"2023-05-31T19:10:08+00:00","description":"O Hospital Estadual da M\u00e3e de Mesquita \u00e9 recordista da rede em partos normais. Em 2022, 4.242 foram normais e outros 2.001 foram ces\u00e1reas.","breadcrumb":{"@id":"https:\/\/folhadoleste.com.br\/parto-normal-gera-recorde-na-rede-publica-do-rj\/#breadcrumb"},"inLanguage":"en-US","potentialAction":[{"@type":"ReadAction","target":["https:\/\/folhadoleste.com.br\/parto-normal-gera-recorde-na-rede-publica-do-rj\/"]}]},{"@type":"ImageObject","inLanguage":"en-US","@id":"https:\/\/folhadoleste.com.br\/parto-normal-gera-recorde-na-rede-publica-do-rj\/#primaryimage","url":"https:\/\/folhadoleste.com.br\/wp-content\/uploads\/2023\/05\/mae-amamentando-3.jpeg","contentUrl":"https:\/\/folhadoleste.com.br\/wp-content\/uploads\/2023\/05\/mae-amamentando-3.jpeg","width":890,"height":562,"caption":"Divulga\u00e7\u00e3o\/Governo do RJ"},{"@type":"BreadcrumbList","@id":"https:\/\/folhadoleste.com.br\/parto-normal-gera-recorde-na-rede-publica-do-rj\/#breadcrumb","itemListElement":[{"@type":"ListItem","position":1,"name":"In\u00edcio","item":"https:\/\/folhadoleste.com.br\/"},{"@type":"ListItem","position":2,"name":"Brasil","item":"https:\/\/folhadoleste.com.br\/category\/brasil\/"},{"@type":"ListItem","position":3,"name":"Sa\u00fade","item":"https:\/\/folhadoleste.com.br\/category\/brasil\/saude\/"},{"@type":"ListItem","position":4,"name":"Parto normal gera recorde na rede p\u00fablica do RJ"}]},{"@type":"WebSite","@id":"https:\/\/folhadoleste.com.br\/#website","url":"https:\/\/folhadoleste.com.br\/","name":"Folha do Leste","description":"Portal de Not\u00edcias com \u00eanfase em Niter\u00f3i, criando conte\u00fados desde a capital Rio de Janeiro, com olhar para o Leste Fluminense e suas cidades como S\u00e3o Gon\u00e7alo, Itabora\u00ed, Rio Bonito, Maric\u00e1, Saquarema e Araruama","publisher":{"@id":"https:\/\/folhadoleste.com.br\/#organization"},"alternateName":"FL","potentialAction":[{"@type":"SearchAction","target":{"@type":"EntryPoint","urlTemplate":"https:\/\/folhadoleste.com.br\/?s={search_term_string}"},"query-input":{"@type":"PropertyValueSpecification","valueRequired":true,"valueName":"search_term_string"}}],"inLanguage":"en-US"},{"@type":"Organization","@id":"https:\/\/folhadoleste.com.br\/#organization","name":"Brasil 21 Comunica\u00e7\u00e3o","alternateName":"BR21","url":"https:\/\/folhadoleste.com.br\/","logo":{"@type":"ImageObject","inLanguage":"en-US","@id":"https:\/\/folhadoleste.com.br\/#\/schema\/logo\/image\/","url":"https:\/\/folhadoleste.com.br\/wp-content\/uploads\/2025\/12\/brasil-21-logomarca.avif","contentUrl":"https:\/\/folhadoleste.com.br\/wp-content\/uploads\/2025\/12\/brasil-21-logomarca.avif","width":1044,"height":1044,"caption":"Brasil 21 Comunica\u00e7\u00e3o"},"image":{"@id":"https:\/\/folhadoleste.com.br\/#\/schema\/logo\/image\/"},"sameAs":["https:\/\/www.facebook.com\/folhadoleste","https:\/\/x.com\/FolhadoLesteRJ","https:\/\/www.instagram.com\/folhadoleste\/"]},{"@type":"Person","@id":"https:\/\/folhadoleste.com.br\/#\/schema\/person\/3e97145b2e1861276e84471aa85a3899","name":"Folha do Leste","image":{"@type":"ImageObject","inLanguage":"en-US","@id":"https:\/\/folhadoleste.com.br\/wp-content\/litespeed\/avatar\/1ca8c218432e7045e748610eb3db0259.jpg?ver=1777161142","url":"https:\/\/folhadoleste.com.br\/wp-content\/litespeed\/avatar\/1ca8c218432e7045e748610eb3db0259.jpg?ver=1777161142","contentUrl":"https:\/\/folhadoleste.com.br\/wp-content\/litespeed\/avatar\/1ca8c218432e7045e748610eb3db0259.jpg?ver=1777161142","caption":"Folha do Leste"},"url":"https:\/\/folhadoleste.com.br\/en\/author\/reportagem-01\/"}]}},"_links":{"self":[{"href":"https:\/\/folhadoleste.com.br\/en\/wp-json\/wp\/v2\/posts\/7808","targetHints":{"allow":["GET"]}}],"collection":[{"href":"https:\/\/folhadoleste.com.br\/en\/wp-json\/wp\/v2\/posts"}],"about":[{"href":"https:\/\/folhadoleste.com.br\/en\/wp-json\/wp\/v2\/types\/post"}],"author":[{"embeddable":true,"href":"https:\/\/folhadoleste.com.br\/en\/wp-json\/wp\/v2\/users\/4"}],"replies":[{"embeddable":true,"href":"https:\/\/folhadoleste.com.br\/en\/wp-json\/wp\/v2\/comments?post=7808"}],"version-history":[{"count":1,"href":"https:\/\/folhadoleste.com.br\/en\/wp-json\/wp\/v2\/posts\/7808\/revisions"}],"predecessor-version":[{"id":7810,"href":"https:\/\/folhadoleste.com.br\/en\/wp-json\/wp\/v2\/posts\/7808\/revisions\/7810"}],"wp:featuredmedia":[{"embeddable":true,"href":"https:\/\/folhadoleste.com.br\/en\/wp-json\/wp\/v2\/media\/7809"}],"wp:attachment":[{"href":"https:\/\/folhadoleste.com.br\/en\/wp-json\/wp\/v2\/media?parent=7808"}],"wp:term":[{"taxonomy":"category","embeddable":true,"href":"https:\/\/folhadoleste.com.br\/en\/wp-json\/wp\/v2\/categories?post=7808"},{"taxonomy":"post_tag","embeddable":true,"href":"https:\/\/folhadoleste.com.br\/en\/wp-json\/wp\/v2\/tags?post=7808"}],"curies":[{"name":"wp","href":"https:\/\/api.w.org\/{rel}","templated":true}]}}