{"id":76997,"date":"2024-07-19T16:02:01","date_gmt":"2024-07-19T19:02:01","guid":{"rendered":"https:\/\/folhadoleste.com.br\/?p=76997"},"modified":"2024-07-19T16:02:01","modified_gmt":"2024-07-19T19:02:01","slug":"criminoso-capota-e-rouba-moto-apos-perseguicao-video","status":"publish","type":"post","link":"https:\/\/folhadoleste.com.br\/en\/criminoso-capota-e-rouba-moto-apos-perseguicao-video\/","title":{"rendered":"Criminoso capota e rouba moto ap\u00f3s persegui\u00e7\u00e3o &#8211; V\u00eddeo"},"content":{"rendered":"<div id=\"attachment_76999\" style=\"width: 1210px\" class=\"wp-caption aligncenter\"><img decoding=\"async\" aria-describedby=\"caption-attachment-76999\" class=\"size-full wp-image-76999\" src=\"https:\/\/folhadoleste.com.br\/wp-content\/uploads\/2024\/07\/Criminoso-capota-e-rouba-moto-apos-perseguicao-Video-Foto-Reproducao-Redes-Sociais.webp\" alt=\"Criminoso capota e rouba moto ap\u00f3s persegui\u00e7\u00e3o - V\u00eddeo\" width=\"1200\" height=\"750\" \/><p id=\"caption-attachment-76999\" class=\"wp-caption-text\">Criminoso capota e rouba moto ap\u00f3s persegui\u00e7\u00e3o &#8211; V\u00eddeo | Reprodu\u00e7\u00e3o\/Redes Sociais<\/p><\/div>\n<p style=\"text-align: justify;\" data-sourcepos=\"3:1-3:367\">Um v\u00eddeo que circula nas redes sociais mostra a a\u00e7\u00e3o inusitada de um criminoso em Nil\u00f3polis, na Baixada Fluminense, na tarde desta quinta-feira (18). Ao tentar escapar de uma blitz da Pol\u00edcia Militar na Via Light, o homem perdeu o controle do carro, capotou o ve\u00edculo e, ileso, assaltou um motociclista que parou para ajudar.<\/p>\n<h6><span style=\"color: #ff0000;\"><strong>+<\/strong><\/span> <span style=\"color: #000000;\">LEIA TAMB\u00c9M: \u25ba<\/span><a href=\"https:\/\/folhadoleste.com.br\/en\/camera-registra-assalto-com-morte-de-pai-e-filho-na-baixada\/\"><strong>C\u00e2mera registra assalto com morte de pai e filho na Baixada<\/strong><\/a><\/h6>\n<p style=\"text-align: justify;\" data-sourcepos=\"7:1-7:224\">Sendo assim, nas imagens, \u00e9 poss\u00edvel ver o carro em alta velocidade na contram\u00e3o da via, quando o motorista perde o controle e capota.<\/p>\n<div style=\"width: 720px;\" class=\"wp-video\"><video class=\"wp-video-shortcode\" id=\"video-76997-1\" width=\"720\" height=\"1196\" preload=\"metadata\" controls=\"controls\"><source type=\"video\/mp4\" src=\"https:\/\/folhadoleste.com.br\/wp-content\/uploads\/2024\/07\/Criminoso-capota-e-rouba-moto-apos-perseguicao-Video.mp4?_=1\" \/><a href=\"https:\/\/folhadoleste.com.br\/wp-content\/uploads\/2024\/07\/Criminoso-capota-e-rouba-moto-apos-perseguicao-Video.mp4\">https:\/\/folhadoleste.com.br\/wp-content\/uploads\/2024\/07\/Criminoso-capota-e-rouba-moto-apos-perseguicao-Video.mp4<\/a><\/video><\/div>\n<p style=\"text-align: justify;\" data-sourcepos=\"7:1-7:224\">Testemunhas afirmam que o ve\u00edculo havia sido roubado e o condutor desobedeceu a ordem de parada da PM.<\/p>\n<h5 style=\"text-align: center;\"><span style=\"color: #000000;\"><span style=\"color: #ff0000;\"><strong>+ <\/strong><\/span><\/span><span style=\"color: #000000;\"><strong><span style=\"color: #ff9900;\">MAIS NOT\u00cdCIAS DA BAIXADA FLUMINENSE?<\/span> <span style=\"color: #008080;\"><a style=\"color: #008080;\" href=\"https:\/\/folhadoleste.com.br\/en\/category\/baixada-fluminense\/\">CLIQUE AQUI<\/a><\/span><\/strong><\/span><\/h5>\n<p style=\"text-align: justify;\" data-sourcepos=\"9:1-9:169\">Contudo, mesmo ap\u00f3s o capotamento, o criminoso sai do carro ileso e, armado, rende um motociclista que parou para prestar socorro. Assim, a cena foi filmada por um motorista que passava pelo local e ficou chocado com a a\u00e7\u00e3o. &#8220;O carro acabou de capotar aqui agora, tem gente ali. \u00c9 bandido, \u00e9 bandido! Est\u00e1 roubando&#8221;, narra o homem no v\u00eddeo.<\/p>\n<p style=\"text-align: justify;\" data-sourcepos=\"13:1-13:190\">Por fim, policiais militares do 41\u00ba BPM (Iraj\u00e1) foram acionados e conseguiram recuperar a moto roubada pelo criminoso. Assim, o paradeiro do suspeito ainda \u00e9 desconhecido e a PM segue em busca do indiv\u00edduo.<\/p>\n<p data-sourcepos=\"13:1-13:190\">\n<p data-sourcepos=\"13:1-13:190\"><a href=\"https:\/\/www.instagram.com\/folhadoleste\/\"><img decoding=\"async\" class=\"aligncenter wp-image-15962\" src=\"https:\/\/folhadoleste.com.br\/wp-content\/uploads\/2023\/07\/instagram.jpg.webp\" alt=\"Itaipu-Itaipua\u00e7u: Caminh\u00e3o causa grave acidente na RJ-102, a estrada da Serrinha\" width=\"49\" height=\"49\" \/><\/a><a href=\"https:\/\/www.facebook.com\/folhadoleste\"><img decoding=\"async\" class=\"aligncenter wp-image-7424\" src=\"https:\/\/folhadoleste.com.br\/wp-content\/uploads\/2023\/05\/facebook-logo-3-1.png.webp\" alt=\"Itaipu-Itaipua\u00e7u: Caminh\u00e3o causa grave acidente na RJ-102, a estrada da Serrinha\" width=\"49\" height=\"49\" \/><\/a><\/p>","protected":false},"excerpt":{"rendered":"<p>Um v\u00eddeo que circula nas redes sociais mostra a a\u00e7\u00e3o inusitada de um criminoso em Nil\u00f3polis, na Baixada Fluminense, na tarde desta quinta-feira (18). Ao tentar escapar de uma blitz da Pol\u00edcia Militar na Via Light, o homem perdeu o controle do carro, capotou o ve\u00edculo e, ileso, assaltou um motociclista que parou para ajudar. + LEIA TAMB\u00c9M: \u25baC\u00e2mera registra assalto com morte de pai e filho na Baixada Sendo assim, nas imagens, \u00e9 poss\u00edvel ver o carro em alta velocidade na contram\u00e3o da via, quando o motorista perde o controle e capota. Testemunhas afirmam que o ve\u00edculo havia sido [&hellip;]<\/p>\n","protected":false},"author":4,"featured_media":76999,"comment_status":"open","ping_status":"open","sticky":false,"template":"","format":"standard","meta":{"footnotes":""},"categories":[2213,46],"tags":[34869,3346,3385,6122,5837,5228,2362,600,34867,2083,9786,4473,17395,9883,2855,11944,493,379,34868,824,730,212,18874],"class_list":["post-76997","post","type-post","status-publish","format-standard","has-post-thumbnail","hentry","category-noticias-da-baixada-fluminense","category-estado-do-rio-de-janeiro","tag-acao-inusitada","tag-assalto","tag-baixada-fluminense","tag-bandido","tag-capotamento","tag-conscientizacao","tag-crime","tag-estado-do-rio","tag-fuga-de-blitz","tag-lei-seca","tag-moto-roubada","tag-motociclista","tag-nilopolis","tag-perigo","tag-perseguicao","tag-perseguicao-policial","tag-pm","tag-prevencao","tag-roubo-de-moto","tag-seguranca-publica","tag-transito","tag-video","tag-violencia-urbana","post--single"],"yoast_head":"<!-- This site is optimized with the Yoast SEO plugin v27.5 - https:\/\/yoast.com\/product\/yoast-seo-wordpress\/ -->\n<title>Criminoso capota e rouba moto ap\u00f3s persegui\u00e7\u00e3o - V\u00eddeo &#8226; Folha do Leste<\/title>\n<meta name=\"description\" content=\"Criminoso capota e rouba moto ap\u00f3s persegui\u00e7\u00e3o - V\u00eddeo. A PM pede que a popula\u00e7\u00e3o colabore com as autoridades denunciando a\u00e7\u00f5es suspeitas...\" \/>\n<meta name=\"robots\" content=\"index, follow, max-snippet:-1, max-image-preview:large, max-video-preview:-1\" \/>\n<link rel=\"canonical\" href=\"https:\/\/folhadoleste.com.br\/en\/criminoso-capota-e-rouba-moto-apos-perseguicao-video\/\" \/>\n<meta property=\"og:locale\" content=\"en_US\" \/>\n<meta property=\"og:type\" content=\"article\" \/>\n<meta property=\"og:title\" content=\"Criminoso capota e rouba moto ap\u00f3s persegui\u00e7\u00e3o - V\u00eddeo &#8226; Folha do Leste\" \/>\n<meta property=\"og:description\" content=\"Baixada Fluminense &#8226; 19 de July de 2024 &#8226; Folha do Leste\" \/>\n<meta property=\"og:url\" content=\"https:\/\/folhadoleste.com.br\/en\/criminoso-capota-e-rouba-moto-apos-perseguicao-video\/\" \/>\n<meta property=\"og:site_name\" content=\"Folha do Leste\" \/>\n<meta property=\"article:publisher\" content=\"https:\/\/www.facebook.com\/folhadoleste\" \/>\n<meta property=\"article:published_time\" content=\"2024-07-19T19:02:01+00:00\" \/>\n<meta property=\"og:image\" content=\"https:\/\/folhadoleste.com.br\/wp-content\/uploads\/2024\/07\/Criminoso-capota-e-rouba-moto-apos-perseguicao-Video-Foto-Reproducao-Redes-Sociais.webp\" \/>\n\t<meta property=\"og:image:width\" content=\"1200\" \/>\n\t<meta property=\"og:image:height\" content=\"750\" \/>\n\t<meta property=\"og:image:type\" content=\"image\/webp\" \/>\n<meta name=\"author\" content=\"Folha do Leste\" \/>\n<meta name=\"twitter:card\" content=\"summary_large_image\" \/>\n<meta name=\"twitter:description\" content=\"Baixada Fluminense &#8226; 19 de July de 2024 &#8226; Folha do Leste\" \/>\n<meta name=\"twitter:creator\" content=\"@FolhadoLesteRJ\" \/>\n<meta name=\"twitter:site\" content=\"@FolhadoLesteRJ\" \/>\n<meta name=\"twitter:label1\" content=\"Written by\" \/>\n\t<meta name=\"twitter:data1\" content=\"Folha do Leste\" \/>\n\t<meta name=\"twitter:label2\" content=\"Est. reading time\" \/>\n\t<meta name=\"twitter:data2\" content=\"3 minutes\" \/>\n<script type=\"application\/ld+json\" class=\"yoast-schema-graph\">{\"@context\":\"https:\\\/\\\/schema.org\",\"@graph\":[{\"@type\":\"NewsArticle\",\"@id\":\"https:\\\/\\\/folhadoleste.com.br\\\/criminoso-capota-e-rouba-moto-apos-perseguicao-video\\\/#article\",\"isPartOf\":{\"@id\":\"https:\\\/\\\/folhadoleste.com.br\\\/criminoso-capota-e-rouba-moto-apos-perseguicao-video\\\/\"},\"author\":{\"name\":\"Folha do Leste\",\"@id\":\"https:\\\/\\\/folhadoleste.com.br\\\/#\\\/schema\\\/person\\\/3e97145b2e1861276e84471aa85a3899\"},\"headline\":\"Criminoso capota e rouba moto ap\u00f3s persegui\u00e7\u00e3o &#8211; V\u00eddeo\",\"datePublished\":\"2024-07-19T19:02:01+00:00\",\"mainEntityOfPage\":{\"@id\":\"https:\\\/\\\/folhadoleste.com.br\\\/criminoso-capota-e-rouba-moto-apos-perseguicao-video\\\/\"},\"wordCount\":268,\"commentCount\":0,\"publisher\":{\"@id\":\"https:\\\/\\\/folhadoleste.com.br\\\/#organization\"},\"image\":{\"@id\":\"https:\\\/\\\/folhadoleste.com.br\\\/criminoso-capota-e-rouba-moto-apos-perseguicao-video\\\/#primaryimage\"},\"thumbnailUrl\":\"https:\\\/\\\/folhadoleste.com.br\\\/wp-content\\\/uploads\\\/2024\\\/07\\\/Criminoso-capota-e-rouba-moto-apos-perseguicao-Video-Foto-Reproducao-Redes-Sociais.webp\",\"keywords\":[\"A\u00e7\u00e3o Inusitada\",\"assalto\",\"Baixada Fluminense\",\"bandido\",\"capotamento\",\"Conscientiza\u00e7\u00e3o\",\"crime\",\"estado do rio\",\"Fuga de Blitz\",\"Lei Seca\",\"moto roubada\",\"motociclista\",\"Nil\u00f3polis\",\"perigo\",\"persegui\u00e7\u00e3o\",\"persegui\u00e7\u00e3o policial\",\"PM\",\"preven\u00e7\u00e3o\",\"Roubo de Moto\",\"Seguran\u00e7a publica\",\"Tr\u00e2nsito\",\"v\u00eddeo\",\"Viol\u00eancia Urbana\"],\"articleSection\":[\"Baixada Fluminense\",\"Estado do Rio de Janeiro\"],\"inLanguage\":\"en-US\",\"potentialAction\":[{\"@type\":\"CommentAction\",\"name\":\"Comment\",\"target\":[\"https:\\\/\\\/folhadoleste.com.br\\\/criminoso-capota-e-rouba-moto-apos-perseguicao-video\\\/#respond\"]}]},{\"@type\":\"WebPage\",\"@id\":\"https:\\\/\\\/folhadoleste.com.br\\\/criminoso-capota-e-rouba-moto-apos-perseguicao-video\\\/\",\"url\":\"https:\\\/\\\/folhadoleste.com.br\\\/criminoso-capota-e-rouba-moto-apos-perseguicao-video\\\/\",\"name\":\"Criminoso capota e rouba moto ap\u00f3s persegui\u00e7\u00e3o - V\u00eddeo &#8226; Folha do Leste\",\"isPartOf\":{\"@id\":\"https:\\\/\\\/folhadoleste.com.br\\\/#website\"},\"primaryImageOfPage\":{\"@id\":\"https:\\\/\\\/folhadoleste.com.br\\\/criminoso-capota-e-rouba-moto-apos-perseguicao-video\\\/#primaryimage\"},\"image\":{\"@id\":\"https:\\\/\\\/folhadoleste.com.br\\\/criminoso-capota-e-rouba-moto-apos-perseguicao-video\\\/#primaryimage\"},\"thumbnailUrl\":\"https:\\\/\\\/folhadoleste.com.br\\\/wp-content\\\/uploads\\\/2024\\\/07\\\/Criminoso-capota-e-rouba-moto-apos-perseguicao-Video-Foto-Reproducao-Redes-Sociais.webp\",\"datePublished\":\"2024-07-19T19:02:01+00:00\",\"description\":\"Criminoso capota e rouba moto ap\u00f3s persegui\u00e7\u00e3o - V\u00eddeo. A PM pede que a popula\u00e7\u00e3o colabore com as autoridades denunciando a\u00e7\u00f5es suspeitas...\",\"breadcrumb\":{\"@id\":\"https:\\\/\\\/folhadoleste.com.br\\\/criminoso-capota-e-rouba-moto-apos-perseguicao-video\\\/#breadcrumb\"},\"inLanguage\":\"en-US\",\"potentialAction\":[{\"@type\":\"ReadAction\",\"target\":[\"https:\\\/\\\/folhadoleste.com.br\\\/criminoso-capota-e-rouba-moto-apos-perseguicao-video\\\/\"]}]},{\"@type\":\"ImageObject\",\"inLanguage\":\"en-US\",\"@id\":\"https:\\\/\\\/folhadoleste.com.br\\\/criminoso-capota-e-rouba-moto-apos-perseguicao-video\\\/#primaryimage\",\"url\":\"https:\\\/\\\/folhadoleste.com.br\\\/wp-content\\\/uploads\\\/2024\\\/07\\\/Criminoso-capota-e-rouba-moto-apos-perseguicao-Video-Foto-Reproducao-Redes-Sociais.webp\",\"contentUrl\":\"https:\\\/\\\/folhadoleste.com.br\\\/wp-content\\\/uploads\\\/2024\\\/07\\\/Criminoso-capota-e-rouba-moto-apos-perseguicao-Video-Foto-Reproducao-Redes-Sociais.webp\",\"width\":1200,\"height\":750,\"caption\":\"Criminoso capota e rouba moto ap\u00f3s persegui\u00e7\u00e3o - V\u00eddeo | Reprodu\u00e7\u00e3o\\\/Redes Sociais\"},{\"@type\":\"BreadcrumbList\",\"@id\":\"https:\\\/\\\/folhadoleste.com.br\\\/criminoso-capota-e-rouba-moto-apos-perseguicao-video\\\/#breadcrumb\",\"itemListElement\":[{\"@type\":\"ListItem\",\"position\":1,\"name\":\"In\u00edcio\",\"item\":\"https:\\\/\\\/folhadoleste.com.br\\\/\"},{\"@type\":\"ListItem\",\"position\":2,\"name\":\"Estado do Rio de Janeiro\",\"item\":\"https:\\\/\\\/folhadoleste.com.br\\\/category\\\/estado-do-rio-de-janeiro\\\/\"},{\"@type\":\"ListItem\",\"position\":3,\"name\":\"Baixada Fluminense\",\"item\":\"https:\\\/\\\/folhadoleste.com.br\\\/category\\\/estado-do-rio-de-janeiro\\\/noticias-da-baixada-fluminense\\\/\"},{\"@type\":\"ListItem\",\"position\":4,\"name\":\"Criminoso capota e rouba moto ap\u00f3s persegui\u00e7\u00e3o &#8211; V\u00eddeo\"}]},{\"@type\":\"WebSite\",\"@id\":\"https:\\\/\\\/folhadoleste.com.br\\\/#website\",\"url\":\"https:\\\/\\\/folhadoleste.com.br\\\/\",\"name\":\"Folha do Leste\",\"description\":\"Portal de Not\u00edcias com \u00eanfase em Niter\u00f3i, criando conte\u00fados desde a capital Rio de Janeiro, com olhar para o Leste Fluminense e suas cidades como S\u00e3o Gon\u00e7alo, Itabora\u00ed, Rio Bonito, Maric\u00e1, Saquarema e Araruama\",\"publisher\":{\"@id\":\"https:\\\/\\\/folhadoleste.com.br\\\/#organization\"},\"alternateName\":\"FL\",\"potentialAction\":[{\"@type\":\"SearchAction\",\"target\":{\"@type\":\"EntryPoint\",\"urlTemplate\":\"https:\\\/\\\/folhadoleste.com.br\\\/?s={search_term_string}\"},\"query-input\":{\"@type\":\"PropertyValueSpecification\",\"valueRequired\":true,\"valueName\":\"search_term_string\"}}],\"inLanguage\":\"en-US\"},{\"@type\":\"Organization\",\"@id\":\"https:\\\/\\\/folhadoleste.com.br\\\/#organization\",\"name\":\"Brasil 21 Comunica\u00e7\u00e3o\",\"alternateName\":\"BR21\",\"url\":\"https:\\\/\\\/folhadoleste.com.br\\\/\",\"logo\":{\"@type\":\"ImageObject\",\"inLanguage\":\"en-US\",\"@id\":\"https:\\\/\\\/folhadoleste.com.br\\\/#\\\/schema\\\/logo\\\/image\\\/\",\"url\":\"https:\\\/\\\/folhadoleste.com.br\\\/wp-content\\\/uploads\\\/2025\\\/12\\\/brasil-21-logomarca.avif\",\"contentUrl\":\"https:\\\/\\\/folhadoleste.com.br\\\/wp-content\\\/uploads\\\/2025\\\/12\\\/brasil-21-logomarca.avif\",\"width\":1044,\"height\":1044,\"caption\":\"Brasil 21 Comunica\u00e7\u00e3o\"},\"image\":{\"@id\":\"https:\\\/\\\/folhadoleste.com.br\\\/#\\\/schema\\\/logo\\\/image\\\/\"},\"sameAs\":[\"https:\\\/\\\/www.facebook.com\\\/folhadoleste\",\"https:\\\/\\\/x.com\\\/FolhadoLesteRJ\",\"https:\\\/\\\/www.instagram.com\\\/folhadoleste\\\/\"]},{\"@type\":\"Person\",\"@id\":\"https:\\\/\\\/folhadoleste.com.br\\\/#\\\/schema\\\/person\\\/3e97145b2e1861276e84471aa85a3899\",\"name\":\"Folha do Leste\",\"image\":{\"@type\":\"ImageObject\",\"inLanguage\":\"en-US\",\"@id\":\"https:\\\/\\\/folhadoleste.com.br\\\/wp-content\\\/litespeed\\\/avatar\\\/1ca8c218432e7045e748610eb3db0259.jpg?ver=1777161142\",\"url\":\"https:\\\/\\\/folhadoleste.com.br\\\/wp-content\\\/litespeed\\\/avatar\\\/1ca8c218432e7045e748610eb3db0259.jpg?ver=1777161142\",\"contentUrl\":\"https:\\\/\\\/folhadoleste.com.br\\\/wp-content\\\/litespeed\\\/avatar\\\/1ca8c218432e7045e748610eb3db0259.jpg?ver=1777161142\",\"caption\":\"Folha do Leste\"},\"url\":\"https:\\\/\\\/folhadoleste.com.br\\\/en\\\/author\\\/reportagem-01\\\/\"}]}<\/script>\n<!-- \/ Yoast SEO plugin. -->","yoast_head_json":{"title":"Criminoso capota e rouba moto ap\u00f3s persegui\u00e7\u00e3o - V\u00eddeo &#8226; Folha do Leste","description":"Criminoso capota e rouba moto ap\u00f3s persegui\u00e7\u00e3o - V\u00eddeo. A PM pede que a popula\u00e7\u00e3o colabore com as autoridades denunciando a\u00e7\u00f5es suspeitas...","robots":{"index":"index","follow":"follow","max-snippet":"max-snippet:-1","max-image-preview":"max-image-preview:large","max-video-preview":"max-video-preview:-1"},"canonical":"https:\/\/folhadoleste.com.br\/en\/criminoso-capota-e-rouba-moto-apos-perseguicao-video\/","og_locale":"en_US","og_type":"article","og_title":"Criminoso capota e rouba moto ap\u00f3s persegui\u00e7\u00e3o - V\u00eddeo &#8226; Folha do Leste","og_description":"Baixada Fluminense &#8226; 19 de July de 2024 &#8226; Folha do Leste","og_url":"https:\/\/folhadoleste.com.br\/en\/criminoso-capota-e-rouba-moto-apos-perseguicao-video\/","og_site_name":"Folha do Leste","article_publisher":"https:\/\/www.facebook.com\/folhadoleste","article_published_time":"2024-07-19T19:02:01+00:00","og_image":[{"width":1200,"height":750,"url":"https:\/\/folhadoleste.com.br\/wp-content\/uploads\/2024\/07\/Criminoso-capota-e-rouba-moto-apos-perseguicao-Video-Foto-Reproducao-Redes-Sociais.webp","type":"image\/webp"}],"author":"Folha do Leste","twitter_card":"summary_large_image","twitter_description":"Baixada Fluminense &#8226; 19 de July de 2024 &#8226; Folha do Leste","twitter_creator":"@FolhadoLesteRJ","twitter_site":"@FolhadoLesteRJ","twitter_misc":{"Written by":"Folha do Leste","Est. reading time":"3 minutes"},"schema":{"@context":"https:\/\/schema.org","@graph":[{"@type":"NewsArticle","@id":"https:\/\/folhadoleste.com.br\/criminoso-capota-e-rouba-moto-apos-perseguicao-video\/#article","isPartOf":{"@id":"https:\/\/folhadoleste.com.br\/criminoso-capota-e-rouba-moto-apos-perseguicao-video\/"},"author":{"name":"Folha do Leste","@id":"https:\/\/folhadoleste.com.br\/#\/schema\/person\/3e97145b2e1861276e84471aa85a3899"},"headline":"Criminoso capota e rouba moto ap\u00f3s persegui\u00e7\u00e3o &#8211; V\u00eddeo","datePublished":"2024-07-19T19:02:01+00:00","mainEntityOfPage":{"@id":"https:\/\/folhadoleste.com.br\/criminoso-capota-e-rouba-moto-apos-perseguicao-video\/"},"wordCount":268,"commentCount":0,"publisher":{"@id":"https:\/\/folhadoleste.com.br\/#organization"},"image":{"@id":"https:\/\/folhadoleste.com.br\/criminoso-capota-e-rouba-moto-apos-perseguicao-video\/#primaryimage"},"thumbnailUrl":"https:\/\/folhadoleste.com.br\/wp-content\/uploads\/2024\/07\/Criminoso-capota-e-rouba-moto-apos-perseguicao-Video-Foto-Reproducao-Redes-Sociais.webp","keywords":["A\u00e7\u00e3o Inusitada","assalto","Baixada Fluminense","bandido","capotamento","Conscientiza\u00e7\u00e3o","crime","estado do rio","Fuga de Blitz","Lei Seca","moto roubada","motociclista","Nil\u00f3polis","perigo","persegui\u00e7\u00e3o","persegui\u00e7\u00e3o policial","PM","preven\u00e7\u00e3o","Roubo de Moto","Seguran\u00e7a publica","Tr\u00e2nsito","v\u00eddeo","Viol\u00eancia Urbana"],"articleSection":["Baixada Fluminense","Estado do Rio de Janeiro"],"inLanguage":"en-US","potentialAction":[{"@type":"CommentAction","name":"Comment","target":["https:\/\/folhadoleste.com.br\/criminoso-capota-e-rouba-moto-apos-perseguicao-video\/#respond"]}]},{"@type":"WebPage","@id":"https:\/\/folhadoleste.com.br\/criminoso-capota-e-rouba-moto-apos-perseguicao-video\/","url":"https:\/\/folhadoleste.com.br\/criminoso-capota-e-rouba-moto-apos-perseguicao-video\/","name":"Criminoso capota e rouba moto ap\u00f3s persegui\u00e7\u00e3o - V\u00eddeo &#8226; Folha do Leste","isPartOf":{"@id":"https:\/\/folhadoleste.com.br\/#website"},"primaryImageOfPage":{"@id":"https:\/\/folhadoleste.com.br\/criminoso-capota-e-rouba-moto-apos-perseguicao-video\/#primaryimage"},"image":{"@id":"https:\/\/folhadoleste.com.br\/criminoso-capota-e-rouba-moto-apos-perseguicao-video\/#primaryimage"},"thumbnailUrl":"https:\/\/folhadoleste.com.br\/wp-content\/uploads\/2024\/07\/Criminoso-capota-e-rouba-moto-apos-perseguicao-Video-Foto-Reproducao-Redes-Sociais.webp","datePublished":"2024-07-19T19:02:01+00:00","description":"Criminoso capota e rouba moto ap\u00f3s persegui\u00e7\u00e3o - V\u00eddeo. A PM pede que a popula\u00e7\u00e3o colabore com as autoridades denunciando a\u00e7\u00f5es suspeitas...","breadcrumb":{"@id":"https:\/\/folhadoleste.com.br\/criminoso-capota-e-rouba-moto-apos-perseguicao-video\/#breadcrumb"},"inLanguage":"en-US","potentialAction":[{"@type":"ReadAction","target":["https:\/\/folhadoleste.com.br\/criminoso-capota-e-rouba-moto-apos-perseguicao-video\/"]}]},{"@type":"ImageObject","inLanguage":"en-US","@id":"https:\/\/folhadoleste.com.br\/criminoso-capota-e-rouba-moto-apos-perseguicao-video\/#primaryimage","url":"https:\/\/folhadoleste.com.br\/wp-content\/uploads\/2024\/07\/Criminoso-capota-e-rouba-moto-apos-perseguicao-Video-Foto-Reproducao-Redes-Sociais.webp","contentUrl":"https:\/\/folhadoleste.com.br\/wp-content\/uploads\/2024\/07\/Criminoso-capota-e-rouba-moto-apos-perseguicao-Video-Foto-Reproducao-Redes-Sociais.webp","width":1200,"height":750,"caption":"Criminoso capota e rouba moto ap\u00f3s persegui\u00e7\u00e3o - V\u00eddeo | Reprodu\u00e7\u00e3o\/Redes Sociais"},{"@type":"BreadcrumbList","@id":"https:\/\/folhadoleste.com.br\/criminoso-capota-e-rouba-moto-apos-perseguicao-video\/#breadcrumb","itemListElement":[{"@type":"ListItem","position":1,"name":"In\u00edcio","item":"https:\/\/folhadoleste.com.br\/"},{"@type":"ListItem","position":2,"name":"Estado do Rio de Janeiro","item":"https:\/\/folhadoleste.com.br\/category\/estado-do-rio-de-janeiro\/"},{"@type":"ListItem","position":3,"name":"Baixada Fluminense","item":"https:\/\/folhadoleste.com.br\/category\/estado-do-rio-de-janeiro\/noticias-da-baixada-fluminense\/"},{"@type":"ListItem","position":4,"name":"Criminoso capota e rouba moto ap\u00f3s persegui\u00e7\u00e3o &#8211; V\u00eddeo"}]},{"@type":"WebSite","@id":"https:\/\/folhadoleste.com.br\/#website","url":"https:\/\/folhadoleste.com.br\/","name":"Folha do Leste","description":"Portal de Not\u00edcias com \u00eanfase em Niter\u00f3i, criando conte\u00fados desde a capital Rio de Janeiro, com olhar para o Leste Fluminense e suas cidades como S\u00e3o Gon\u00e7alo, Itabora\u00ed, Rio Bonito, Maric\u00e1, Saquarema e Araruama","publisher":{"@id":"https:\/\/folhadoleste.com.br\/#organization"},"alternateName":"FL","potentialAction":[{"@type":"SearchAction","target":{"@type":"EntryPoint","urlTemplate":"https:\/\/folhadoleste.com.br\/?s={search_term_string}"},"query-input":{"@type":"PropertyValueSpecification","valueRequired":true,"valueName":"search_term_string"}}],"inLanguage":"en-US"},{"@type":"Organization","@id":"https:\/\/folhadoleste.com.br\/#organization","name":"Brasil 21 Comunica\u00e7\u00e3o","alternateName":"BR21","url":"https:\/\/folhadoleste.com.br\/","logo":{"@type":"ImageObject","inLanguage":"en-US","@id":"https:\/\/folhadoleste.com.br\/#\/schema\/logo\/image\/","url":"https:\/\/folhadoleste.com.br\/wp-content\/uploads\/2025\/12\/brasil-21-logomarca.avif","contentUrl":"https:\/\/folhadoleste.com.br\/wp-content\/uploads\/2025\/12\/brasil-21-logomarca.avif","width":1044,"height":1044,"caption":"Brasil 21 Comunica\u00e7\u00e3o"},"image":{"@id":"https:\/\/folhadoleste.com.br\/#\/schema\/logo\/image\/"},"sameAs":["https:\/\/www.facebook.com\/folhadoleste","https:\/\/x.com\/FolhadoLesteRJ","https:\/\/www.instagram.com\/folhadoleste\/"]},{"@type":"Person","@id":"https:\/\/folhadoleste.com.br\/#\/schema\/person\/3e97145b2e1861276e84471aa85a3899","name":"Folha do Leste","image":{"@type":"ImageObject","inLanguage":"en-US","@id":"https:\/\/folhadoleste.com.br\/wp-content\/litespeed\/avatar\/1ca8c218432e7045e748610eb3db0259.jpg?ver=1777161142","url":"https:\/\/folhadoleste.com.br\/wp-content\/litespeed\/avatar\/1ca8c218432e7045e748610eb3db0259.jpg?ver=1777161142","contentUrl":"https:\/\/folhadoleste.com.br\/wp-content\/litespeed\/avatar\/1ca8c218432e7045e748610eb3db0259.jpg?ver=1777161142","caption":"Folha do Leste"},"url":"https:\/\/folhadoleste.com.br\/en\/author\/reportagem-01\/"}]}},"_links":{"self":[{"href":"https:\/\/folhadoleste.com.br\/en\/wp-json\/wp\/v2\/posts\/76997","targetHints":{"allow":["GET"]}}],"collection":[{"href":"https:\/\/folhadoleste.com.br\/en\/wp-json\/wp\/v2\/posts"}],"about":[{"href":"https:\/\/folhadoleste.com.br\/en\/wp-json\/wp\/v2\/types\/post"}],"author":[{"embeddable":true,"href":"https:\/\/folhadoleste.com.br\/en\/wp-json\/wp\/v2\/users\/4"}],"replies":[{"embeddable":true,"href":"https:\/\/folhadoleste.com.br\/en\/wp-json\/wp\/v2\/comments?post=76997"}],"version-history":[{"count":1,"href":"https:\/\/folhadoleste.com.br\/en\/wp-json\/wp\/v2\/posts\/76997\/revisions"}],"predecessor-version":[{"id":77001,"href":"https:\/\/folhadoleste.com.br\/en\/wp-json\/wp\/v2\/posts\/76997\/revisions\/77001"}],"wp:featuredmedia":[{"embeddable":true,"href":"https:\/\/folhadoleste.com.br\/en\/wp-json\/wp\/v2\/media\/76999"}],"wp:attachment":[{"href":"https:\/\/folhadoleste.com.br\/en\/wp-json\/wp\/v2\/media?parent=76997"}],"wp:term":[{"taxonomy":"category","embeddable":true,"href":"https:\/\/folhadoleste.com.br\/en\/wp-json\/wp\/v2\/categories?post=76997"},{"taxonomy":"post_tag","embeddable":true,"href":"https:\/\/folhadoleste.com.br\/en\/wp-json\/wp\/v2\/tags?post=76997"}],"curies":[{"name":"wp","href":"https:\/\/api.w.org\/{rel}","templated":true}]}}