{"id":76968,"date":"2024-07-19T07:43:30","date_gmt":"2024-07-19T10:43:30","guid":{"rendered":"https:\/\/folhadoleste.com.br\/?p=76968"},"modified":"2024-07-19T07:43:30","modified_gmt":"2024-07-19T10:43:30","slug":"rio-tiroteio-violento-acaba-com-festa-em-costa-barros","status":"publish","type":"post","link":"https:\/\/folhadoleste.com.br\/en\/rio-tiroteio-violento-acaba-com-festa-em-costa-barros\/","title":{"rendered":"Rio &#8211; Tiroteio violento acaba com festa em Costa Barros | V\u00cdDEO"},"content":{"rendered":"<div id=\"attachment_76971\" style=\"width: 620px\" class=\"wp-caption aligncenter\"><img decoding=\"async\" aria-describedby=\"caption-attachment-76971\" class=\"wp-image-76971\" src=\"https:\/\/folhadoleste.com.br\/wp-content\/uploads\/2024\/07\/Tiroteio-em-Costa-Barros.jpeg\" alt=\"Rio - Tiroteio violento acaba com festa em Costa Barros\" width=\"610\" height=\"420\" \/><p id=\"caption-attachment-76971\" class=\"wp-caption-text\">Rio &#8211; Tiroteio violento acaba com festa em Costa Barros | Reprodu\u00e7\u00e3o<\/p><\/div>\n<p style=\"text-align: justify;\">Um confronto entre fac\u00e7\u00f5es rivais por conta de disputa territorial na regi\u00e3o de Costa Barros estragou o entretenimento de quem curtia um evento na comunidade, na noite desta quinta-feira (18). Em meio a m\u00fasica que animava a festa, o clima de descontra\u00e7\u00e3o deu lugar ao terror. O fato teria acontecido na localidade conhecida como Quitanda, na Pra\u00e7a de Itacaj\u00e1.<\/p>\n<p style=\"text-align: justify;\">Imagens registradas em v\u00eddeo no local mostram claramente que, numa fra\u00e7\u00e3o de segundos, a alegria virou medo. Algumas pessoas, inclusive, aproveitavam a m\u00fasica para gravar dancinhas para\u00a0 TikTok.<\/p>\n<p style=\"text-align: justify;\">Mas a melodia mudou de repente, para o pavoroso som que espocava ecoando pelo ar e se misturou com os gritos de p\u00e2nico. Na velocidade e intensidade dos tiros, as pessoas come\u00e7aram a fugir, correndo para fugir do perigo. Afinal, por conta de uma guerra que n\u00e3o \u00e9 delas, do nada a tranquilidade sofre tamanho sobressalto que revela a impot\u00eancia de todos diante da const\u00e2ncia desses epis\u00f3dios de enfrentamento b\u00e9lico.<\/p>\n<p>E n\u00e3o bastou fugir do local para buscar ref\u00fagio em casa, pois houve tiroteio intenso durante a noite e madrugada.<\/p>\n<p style=\"text-align: justify;\">A Policia Militar foi acionada para a ocorr\u00eancia, mas n\u00e3o conseguiu prender nenhum criminoso. A princ\u00edpio, a pol\u00edcia militar refor\u00e7a o policiamento Costa Barros e adjac\u00eancias, para evitar novas ocorr\u00eancias e restabelecer a tranquilidade no local.<\/p>\n<p>N\u00e3o h\u00e1, at\u00e9 ent\u00e3o, informa\u00e7\u00f5es sobre feridos.<\/p>\n<div style=\"width: 480px;\" class=\"wp-video\"><video class=\"wp-video-shortcode\" id=\"video-76968-1\" width=\"480\" height=\"848\" preload=\"metadata\" controls=\"controls\"><source type=\"video\/mp4\" src=\"https:\/\/folhadoleste.com.br\/wp-content\/uploads\/2024\/07\/WhatsApp-Video-2024-07-19-at-00.29.25.mp4?_=1\" \/><a href=\"https:\/\/folhadoleste.com.br\/wp-content\/uploads\/2024\/07\/WhatsApp-Video-2024-07-19-at-00.29.25.mp4\">https:\/\/folhadoleste.com.br\/wp-content\/uploads\/2024\/07\/WhatsApp-Video-2024-07-19-at-00.29.25.mp4<\/a><\/video><\/div>","protected":false},"excerpt":{"rendered":"<p>Um confronto entre fac\u00e7\u00f5es rivais por conta de disputa territorial na regi\u00e3o de Costa Barros estragou o entretenimento de quem curtia um evento na comunidade, na noite desta quinta-feira (18). Em meio a m\u00fasica que animava a festa, o clima de descontra\u00e7\u00e3o deu lugar ao terror. O fato teria acontecido na localidade conhecida como Quitanda, na Pra\u00e7a de Itacaj\u00e1. Imagens registradas em v\u00eddeo no local mostram claramente que, numa fra\u00e7\u00e3o de segundos, a alegria virou medo. Algumas pessoas, inclusive, aproveitavam a m\u00fasica para gravar dancinhas para\u00a0 TikTok. Mas a melodia mudou de repente, para o pavoroso som que espocava ecoando [&hellip;]<\/p>\n","protected":false},"author":4,"featured_media":76971,"comment_status":"open","ping_status":"open","sticky":false,"template":"","format":"standard","meta":{"footnotes":""},"categories":[67],"tags":[4355,6718,34838,93,2753,2856,504],"class_list":["post-76968","post","type-post","status-publish","format-standard","has-post-thumbnail","hentry","category-rio-de-janeiro-capital","tag-costa-barros","tag-guerra-de-faccoes","tag-praca-de-itacaja","tag-rio-de-janeiro","tag-tiktok","tag-tiroteio","tag-zona-norte","post--single"],"yoast_head":"<!-- This site is optimized with the Yoast SEO plugin v27.4 - https:\/\/yoast.com\/product\/yoast-seo-wordpress\/ -->\n<title>Rio - Tiroteio violento acaba com festa em Costa Barros | V\u00cdDEO &#8226; Folha do Leste<\/title>\n<meta name=\"description\" content=\"Rio - Tiroteio violento acaba com festa em Costa Barros, na Zona Norte do Rio. Viol\u00eancia gera impot\u00eancia e medo no Rio\" \/>\n<meta name=\"robots\" content=\"index, follow, max-snippet:-1, max-image-preview:large, max-video-preview:-1\" \/>\n<link rel=\"canonical\" href=\"https:\/\/folhadoleste.com.br\/en\/rio-tiroteio-violento-acaba-com-festa-em-costa-barros\/\" \/>\n<meta property=\"og:locale\" content=\"en_US\" \/>\n<meta property=\"og:type\" content=\"article\" \/>\n<meta property=\"og:title\" content=\"Rio - Tiroteio violento acaba com festa em Costa Barros | V\u00cdDEO &#8226; Folha do Leste\" \/>\n<meta property=\"og:description\" content=\"Rio - Tiroteio violento acaba com festa em Costa Barros, na Zona Norte do Rio. Viol\u00eancia gera impot\u00eancia e medo no Rio\" \/>\n<meta property=\"og:url\" content=\"https:\/\/folhadoleste.com.br\/en\/rio-tiroteio-violento-acaba-com-festa-em-costa-barros\/\" \/>\n<meta property=\"og:site_name\" content=\"Folha do Leste\" \/>\n<meta property=\"article:publisher\" content=\"https:\/\/www.facebook.com\/folhadoleste\" \/>\n<meta property=\"article:published_time\" content=\"2024-07-19T10:43:30+00:00\" \/>\n<meta property=\"og:image\" content=\"https:\/\/folhadoleste.com.br\/wp-content\/uploads\/2024\/07\/Tiroteio-em-Costa-Barros.jpeg\" \/>\n\t<meta property=\"og:image:width\" content=\"476\" \/>\n\t<meta property=\"og:image:height\" content=\"328\" \/>\n\t<meta property=\"og:image:type\" content=\"image\/jpeg\" \/>\n<meta name=\"author\" content=\"Folha do Leste\" \/>\n<meta name=\"twitter:card\" content=\"summary_large_image\" \/>\n<meta name=\"twitter:creator\" content=\"@FolhadoLesteRJ\" \/>\n<meta name=\"twitter:site\" content=\"@FolhadoLesteRJ\" \/>\n<meta name=\"twitter:label1\" content=\"Written by\" \/>\n\t<meta name=\"twitter:data1\" content=\"Folha do Leste\" \/>\n\t<meta name=\"twitter:label2\" content=\"Est. reading time\" \/>\n\t<meta name=\"twitter:data2\" content=\"2 minutes\" \/>\n<script type=\"application\/ld+json\" class=\"yoast-schema-graph\">{\"@context\":\"https:\\\/\\\/schema.org\",\"@graph\":[{\"@type\":\"NewsArticle\",\"@id\":\"https:\\\/\\\/folhadoleste.com.br\\\/rio-tiroteio-violento-acaba-com-festa-em-costa-barros\\\/#article\",\"isPartOf\":{\"@id\":\"https:\\\/\\\/folhadoleste.com.br\\\/rio-tiroteio-violento-acaba-com-festa-em-costa-barros\\\/\"},\"author\":{\"name\":\"Folha do Leste\",\"@id\":\"https:\\\/\\\/folhadoleste.com.br\\\/#\\\/schema\\\/person\\\/3e97145b2e1861276e84471aa85a3899\"},\"headline\":\"Rio &#8211; Tiroteio violento acaba com festa em Costa Barros | V\u00cdDEO\",\"datePublished\":\"2024-07-19T10:43:30+00:00\",\"mainEntityOfPage\":{\"@id\":\"https:\\\/\\\/folhadoleste.com.br\\\/rio-tiroteio-violento-acaba-com-festa-em-costa-barros\\\/\"},\"wordCount\":292,\"commentCount\":0,\"publisher\":{\"@id\":\"https:\\\/\\\/folhadoleste.com.br\\\/#organization\"},\"image\":{\"@id\":\"https:\\\/\\\/folhadoleste.com.br\\\/rio-tiroteio-violento-acaba-com-festa-em-costa-barros\\\/#primaryimage\"},\"thumbnailUrl\":\"https:\\\/\\\/folhadoleste.com.br\\\/wp-content\\\/uploads\\\/2024\\\/07\\\/Tiroteio-em-Costa-Barros.jpeg\",\"keywords\":[\"Costa Barros\",\"Guerra de fac\u00e7\u00f5es\",\"Pra\u00e7a de Itacaj\u00e1\",\"Rio de Janeiro\",\"TikTok\",\"tiroteio\",\"Zona Norte\"],\"articleSection\":[\"Rio de Janeiro - Capital\"],\"inLanguage\":\"en-US\",\"potentialAction\":[{\"@type\":\"CommentAction\",\"name\":\"Comment\",\"target\":[\"https:\\\/\\\/folhadoleste.com.br\\\/rio-tiroteio-violento-acaba-com-festa-em-costa-barros\\\/#respond\"]}]},{\"@type\":\"WebPage\",\"@id\":\"https:\\\/\\\/folhadoleste.com.br\\\/rio-tiroteio-violento-acaba-com-festa-em-costa-barros\\\/\",\"url\":\"https:\\\/\\\/folhadoleste.com.br\\\/rio-tiroteio-violento-acaba-com-festa-em-costa-barros\\\/\",\"name\":\"Rio - Tiroteio violento acaba com festa em Costa Barros | V\u00cdDEO &#8226; Folha do Leste\",\"isPartOf\":{\"@id\":\"https:\\\/\\\/folhadoleste.com.br\\\/#website\"},\"primaryImageOfPage\":{\"@id\":\"https:\\\/\\\/folhadoleste.com.br\\\/rio-tiroteio-violento-acaba-com-festa-em-costa-barros\\\/#primaryimage\"},\"image\":{\"@id\":\"https:\\\/\\\/folhadoleste.com.br\\\/rio-tiroteio-violento-acaba-com-festa-em-costa-barros\\\/#primaryimage\"},\"thumbnailUrl\":\"https:\\\/\\\/folhadoleste.com.br\\\/wp-content\\\/uploads\\\/2024\\\/07\\\/Tiroteio-em-Costa-Barros.jpeg\",\"datePublished\":\"2024-07-19T10:43:30+00:00\",\"description\":\"Rio - Tiroteio violento acaba com festa em Costa Barros, na Zona Norte do Rio. Viol\u00eancia gera impot\u00eancia e medo no Rio\",\"breadcrumb\":{\"@id\":\"https:\\\/\\\/folhadoleste.com.br\\\/rio-tiroteio-violento-acaba-com-festa-em-costa-barros\\\/#breadcrumb\"},\"inLanguage\":\"en-US\",\"potentialAction\":[{\"@type\":\"ReadAction\",\"target\":[\"https:\\\/\\\/folhadoleste.com.br\\\/rio-tiroteio-violento-acaba-com-festa-em-costa-barros\\\/\"]}]},{\"@type\":\"ImageObject\",\"inLanguage\":\"en-US\",\"@id\":\"https:\\\/\\\/folhadoleste.com.br\\\/rio-tiroteio-violento-acaba-com-festa-em-costa-barros\\\/#primaryimage\",\"url\":\"https:\\\/\\\/folhadoleste.com.br\\\/wp-content\\\/uploads\\\/2024\\\/07\\\/Tiroteio-em-Costa-Barros.jpeg\",\"contentUrl\":\"https:\\\/\\\/folhadoleste.com.br\\\/wp-content\\\/uploads\\\/2024\\\/07\\\/Tiroteio-em-Costa-Barros.jpeg\",\"width\":476,\"height\":328},{\"@type\":\"BreadcrumbList\",\"@id\":\"https:\\\/\\\/folhadoleste.com.br\\\/rio-tiroteio-violento-acaba-com-festa-em-costa-barros\\\/#breadcrumb\",\"itemListElement\":[{\"@type\":\"ListItem\",\"position\":1,\"name\":\"In\u00edcio\",\"item\":\"https:\\\/\\\/folhadoleste.com.br\\\/\"},{\"@type\":\"ListItem\",\"position\":2,\"name\":\"Rio de Janeiro - Capital\",\"item\":\"https:\\\/\\\/folhadoleste.com.br\\\/category\\\/rio-de-janeiro-capital\\\/\"},{\"@type\":\"ListItem\",\"position\":3,\"name\":\"Rio &#8211; Tiroteio violento acaba com festa em Costa Barros | V\u00cdDEO\"}]},{\"@type\":\"WebSite\",\"@id\":\"https:\\\/\\\/folhadoleste.com.br\\\/#website\",\"url\":\"https:\\\/\\\/folhadoleste.com.br\\\/\",\"name\":\"Folha do Leste\",\"description\":\"Portal de Not\u00edcias com \u00eanfase em Niter\u00f3i, criando conte\u00fados desde a capital Rio de Janeiro, com olhar para o Leste Fluminense e suas cidades como S\u00e3o Gon\u00e7alo, Itabora\u00ed, Rio Bonito, Maric\u00e1, Saquarema e Araruama\",\"publisher\":{\"@id\":\"https:\\\/\\\/folhadoleste.com.br\\\/#organization\"},\"alternateName\":\"FL\",\"potentialAction\":[{\"@type\":\"SearchAction\",\"target\":{\"@type\":\"EntryPoint\",\"urlTemplate\":\"https:\\\/\\\/folhadoleste.com.br\\\/?s={search_term_string}\"},\"query-input\":{\"@type\":\"PropertyValueSpecification\",\"valueRequired\":true,\"valueName\":\"search_term_string\"}}],\"inLanguage\":\"en-US\"},{\"@type\":\"Organization\",\"@id\":\"https:\\\/\\\/folhadoleste.com.br\\\/#organization\",\"name\":\"Brasil 21 Comunica\u00e7\u00e3o\",\"alternateName\":\"BR21\",\"url\":\"https:\\\/\\\/folhadoleste.com.br\\\/\",\"logo\":{\"@type\":\"ImageObject\",\"inLanguage\":\"en-US\",\"@id\":\"https:\\\/\\\/folhadoleste.com.br\\\/#\\\/schema\\\/logo\\\/image\\\/\",\"url\":\"https:\\\/\\\/folhadoleste.com.br\\\/wp-content\\\/uploads\\\/2025\\\/12\\\/brasil-21-logomarca.avif\",\"contentUrl\":\"https:\\\/\\\/folhadoleste.com.br\\\/wp-content\\\/uploads\\\/2025\\\/12\\\/brasil-21-logomarca.avif\",\"width\":1044,\"height\":1044,\"caption\":\"Brasil 21 Comunica\u00e7\u00e3o\"},\"image\":{\"@id\":\"https:\\\/\\\/folhadoleste.com.br\\\/#\\\/schema\\\/logo\\\/image\\\/\"},\"sameAs\":[\"https:\\\/\\\/www.facebook.com\\\/folhadoleste\",\"https:\\\/\\\/x.com\\\/FolhadoLesteRJ\",\"https:\\\/\\\/www.instagram.com\\\/folhadoleste\\\/\"]},{\"@type\":\"Person\",\"@id\":\"https:\\\/\\\/folhadoleste.com.br\\\/#\\\/schema\\\/person\\\/3e97145b2e1861276e84471aa85a3899\",\"name\":\"Folha do Leste\",\"image\":{\"@type\":\"ImageObject\",\"inLanguage\":\"en-US\",\"@id\":\"https:\\\/\\\/folhadoleste.com.br\\\/wp-content\\\/litespeed\\\/avatar\\\/1ca8c218432e7045e748610eb3db0259.jpg?ver=1777161142\",\"url\":\"https:\\\/\\\/folhadoleste.com.br\\\/wp-content\\\/litespeed\\\/avatar\\\/1ca8c218432e7045e748610eb3db0259.jpg?ver=1777161142\",\"contentUrl\":\"https:\\\/\\\/folhadoleste.com.br\\\/wp-content\\\/litespeed\\\/avatar\\\/1ca8c218432e7045e748610eb3db0259.jpg?ver=1777161142\",\"caption\":\"Folha do Leste\"},\"url\":\"https:\\\/\\\/folhadoleste.com.br\\\/en\\\/author\\\/reportagem-01\\\/\"}]}<\/script>\n<!-- \/ Yoast SEO plugin. -->","yoast_head_json":{"title":"Rio - Tiroteio violento acaba com festa em Costa Barros | V\u00cdDEO &#8226; Folha do Leste","description":"Rio - Tiroteio violento acaba com festa em Costa Barros, na Zona Norte do Rio. Viol\u00eancia gera impot\u00eancia e medo no Rio","robots":{"index":"index","follow":"follow","max-snippet":"max-snippet:-1","max-image-preview":"max-image-preview:large","max-video-preview":"max-video-preview:-1"},"canonical":"https:\/\/folhadoleste.com.br\/en\/rio-tiroteio-violento-acaba-com-festa-em-costa-barros\/","og_locale":"en_US","og_type":"article","og_title":"Rio - Tiroteio violento acaba com festa em Costa Barros | V\u00cdDEO &#8226; Folha do Leste","og_description":"Rio - Tiroteio violento acaba com festa em Costa Barros, na Zona Norte do Rio. Viol\u00eancia gera impot\u00eancia e medo no Rio","og_url":"https:\/\/folhadoleste.com.br\/en\/rio-tiroteio-violento-acaba-com-festa-em-costa-barros\/","og_site_name":"Folha do Leste","article_publisher":"https:\/\/www.facebook.com\/folhadoleste","article_published_time":"2024-07-19T10:43:30+00:00","og_image":[{"width":476,"height":328,"url":"https:\/\/folhadoleste.com.br\/wp-content\/uploads\/2024\/07\/Tiroteio-em-Costa-Barros.jpeg","type":"image\/jpeg"}],"author":"Folha do Leste","twitter_card":"summary_large_image","twitter_creator":"@FolhadoLesteRJ","twitter_site":"@FolhadoLesteRJ","twitter_misc":{"Written by":"Folha do Leste","Est. reading time":"2 minutes"},"schema":{"@context":"https:\/\/schema.org","@graph":[{"@type":"NewsArticle","@id":"https:\/\/folhadoleste.com.br\/rio-tiroteio-violento-acaba-com-festa-em-costa-barros\/#article","isPartOf":{"@id":"https:\/\/folhadoleste.com.br\/rio-tiroteio-violento-acaba-com-festa-em-costa-barros\/"},"author":{"name":"Folha do Leste","@id":"https:\/\/folhadoleste.com.br\/#\/schema\/person\/3e97145b2e1861276e84471aa85a3899"},"headline":"Rio &#8211; Tiroteio violento acaba com festa em Costa Barros | V\u00cdDEO","datePublished":"2024-07-19T10:43:30+00:00","mainEntityOfPage":{"@id":"https:\/\/folhadoleste.com.br\/rio-tiroteio-violento-acaba-com-festa-em-costa-barros\/"},"wordCount":292,"commentCount":0,"publisher":{"@id":"https:\/\/folhadoleste.com.br\/#organization"},"image":{"@id":"https:\/\/folhadoleste.com.br\/rio-tiroteio-violento-acaba-com-festa-em-costa-barros\/#primaryimage"},"thumbnailUrl":"https:\/\/folhadoleste.com.br\/wp-content\/uploads\/2024\/07\/Tiroteio-em-Costa-Barros.jpeg","keywords":["Costa Barros","Guerra de fac\u00e7\u00f5es","Pra\u00e7a de Itacaj\u00e1","Rio de Janeiro","TikTok","tiroteio","Zona Norte"],"articleSection":["Rio de Janeiro - Capital"],"inLanguage":"en-US","potentialAction":[{"@type":"CommentAction","name":"Comment","target":["https:\/\/folhadoleste.com.br\/rio-tiroteio-violento-acaba-com-festa-em-costa-barros\/#respond"]}]},{"@type":"WebPage","@id":"https:\/\/folhadoleste.com.br\/rio-tiroteio-violento-acaba-com-festa-em-costa-barros\/","url":"https:\/\/folhadoleste.com.br\/rio-tiroteio-violento-acaba-com-festa-em-costa-barros\/","name":"Rio - Tiroteio violento acaba com festa em Costa Barros | V\u00cdDEO &#8226; Folha do Leste","isPartOf":{"@id":"https:\/\/folhadoleste.com.br\/#website"},"primaryImageOfPage":{"@id":"https:\/\/folhadoleste.com.br\/rio-tiroteio-violento-acaba-com-festa-em-costa-barros\/#primaryimage"},"image":{"@id":"https:\/\/folhadoleste.com.br\/rio-tiroteio-violento-acaba-com-festa-em-costa-barros\/#primaryimage"},"thumbnailUrl":"https:\/\/folhadoleste.com.br\/wp-content\/uploads\/2024\/07\/Tiroteio-em-Costa-Barros.jpeg","datePublished":"2024-07-19T10:43:30+00:00","description":"Rio - Tiroteio violento acaba com festa em Costa Barros, na Zona Norte do Rio. Viol\u00eancia gera impot\u00eancia e medo no Rio","breadcrumb":{"@id":"https:\/\/folhadoleste.com.br\/rio-tiroteio-violento-acaba-com-festa-em-costa-barros\/#breadcrumb"},"inLanguage":"en-US","potentialAction":[{"@type":"ReadAction","target":["https:\/\/folhadoleste.com.br\/rio-tiroteio-violento-acaba-com-festa-em-costa-barros\/"]}]},{"@type":"ImageObject","inLanguage":"en-US","@id":"https:\/\/folhadoleste.com.br\/rio-tiroteio-violento-acaba-com-festa-em-costa-barros\/#primaryimage","url":"https:\/\/folhadoleste.com.br\/wp-content\/uploads\/2024\/07\/Tiroteio-em-Costa-Barros.jpeg","contentUrl":"https:\/\/folhadoleste.com.br\/wp-content\/uploads\/2024\/07\/Tiroteio-em-Costa-Barros.jpeg","width":476,"height":328},{"@type":"BreadcrumbList","@id":"https:\/\/folhadoleste.com.br\/rio-tiroteio-violento-acaba-com-festa-em-costa-barros\/#breadcrumb","itemListElement":[{"@type":"ListItem","position":1,"name":"In\u00edcio","item":"https:\/\/folhadoleste.com.br\/"},{"@type":"ListItem","position":2,"name":"Rio de Janeiro - Capital","item":"https:\/\/folhadoleste.com.br\/category\/rio-de-janeiro-capital\/"},{"@type":"ListItem","position":3,"name":"Rio &#8211; Tiroteio violento acaba com festa em Costa Barros | V\u00cdDEO"}]},{"@type":"WebSite","@id":"https:\/\/folhadoleste.com.br\/#website","url":"https:\/\/folhadoleste.com.br\/","name":"Folha do Leste","description":"Portal de Not\u00edcias com \u00eanfase em Niter\u00f3i, criando conte\u00fados desde a capital Rio de Janeiro, com olhar para o Leste Fluminense e suas cidades como S\u00e3o Gon\u00e7alo, Itabora\u00ed, Rio Bonito, Maric\u00e1, Saquarema e Araruama","publisher":{"@id":"https:\/\/folhadoleste.com.br\/#organization"},"alternateName":"FL","potentialAction":[{"@type":"SearchAction","target":{"@type":"EntryPoint","urlTemplate":"https:\/\/folhadoleste.com.br\/?s={search_term_string}"},"query-input":{"@type":"PropertyValueSpecification","valueRequired":true,"valueName":"search_term_string"}}],"inLanguage":"en-US"},{"@type":"Organization","@id":"https:\/\/folhadoleste.com.br\/#organization","name":"Brasil 21 Comunica\u00e7\u00e3o","alternateName":"BR21","url":"https:\/\/folhadoleste.com.br\/","logo":{"@type":"ImageObject","inLanguage":"en-US","@id":"https:\/\/folhadoleste.com.br\/#\/schema\/logo\/image\/","url":"https:\/\/folhadoleste.com.br\/wp-content\/uploads\/2025\/12\/brasil-21-logomarca.avif","contentUrl":"https:\/\/folhadoleste.com.br\/wp-content\/uploads\/2025\/12\/brasil-21-logomarca.avif","width":1044,"height":1044,"caption":"Brasil 21 Comunica\u00e7\u00e3o"},"image":{"@id":"https:\/\/folhadoleste.com.br\/#\/schema\/logo\/image\/"},"sameAs":["https:\/\/www.facebook.com\/folhadoleste","https:\/\/x.com\/FolhadoLesteRJ","https:\/\/www.instagram.com\/folhadoleste\/"]},{"@type":"Person","@id":"https:\/\/folhadoleste.com.br\/#\/schema\/person\/3e97145b2e1861276e84471aa85a3899","name":"Folha do Leste","image":{"@type":"ImageObject","inLanguage":"en-US","@id":"https:\/\/folhadoleste.com.br\/wp-content\/litespeed\/avatar\/1ca8c218432e7045e748610eb3db0259.jpg?ver=1777161142","url":"https:\/\/folhadoleste.com.br\/wp-content\/litespeed\/avatar\/1ca8c218432e7045e748610eb3db0259.jpg?ver=1777161142","contentUrl":"https:\/\/folhadoleste.com.br\/wp-content\/litespeed\/avatar\/1ca8c218432e7045e748610eb3db0259.jpg?ver=1777161142","caption":"Folha do Leste"},"url":"https:\/\/folhadoleste.com.br\/en\/author\/reportagem-01\/"}]}},"_links":{"self":[{"href":"https:\/\/folhadoleste.com.br\/en\/wp-json\/wp\/v2\/posts\/76968","targetHints":{"allow":["GET"]}}],"collection":[{"href":"https:\/\/folhadoleste.com.br\/en\/wp-json\/wp\/v2\/posts"}],"about":[{"href":"https:\/\/folhadoleste.com.br\/en\/wp-json\/wp\/v2\/types\/post"}],"author":[{"embeddable":true,"href":"https:\/\/folhadoleste.com.br\/en\/wp-json\/wp\/v2\/users\/4"}],"replies":[{"embeddable":true,"href":"https:\/\/folhadoleste.com.br\/en\/wp-json\/wp\/v2\/comments?post=76968"}],"version-history":[{"count":2,"href":"https:\/\/folhadoleste.com.br\/en\/wp-json\/wp\/v2\/posts\/76968\/revisions"}],"predecessor-version":[{"id":76973,"href":"https:\/\/folhadoleste.com.br\/en\/wp-json\/wp\/v2\/posts\/76968\/revisions\/76973"}],"wp:featuredmedia":[{"embeddable":true,"href":"https:\/\/folhadoleste.com.br\/en\/wp-json\/wp\/v2\/media\/76971"}],"wp:attachment":[{"href":"https:\/\/folhadoleste.com.br\/en\/wp-json\/wp\/v2\/media?parent=76968"}],"wp:term":[{"taxonomy":"category","embeddable":true,"href":"https:\/\/folhadoleste.com.br\/en\/wp-json\/wp\/v2\/categories?post=76968"},{"taxonomy":"post_tag","embeddable":true,"href":"https:\/\/folhadoleste.com.br\/en\/wp-json\/wp\/v2\/tags?post=76968"}],"curies":[{"name":"wp","href":"https:\/\/api.w.org\/{rel}","templated":true}]}}