{"id":76964,"date":"2024-07-19T08:09:16","date_gmt":"2024-07-19T11:09:16","guid":{"rendered":"https:\/\/folhadoleste.com.br\/?p=76964"},"modified":"2024-07-19T08:09:16","modified_gmt":"2024-07-19T11:09:16","slug":"bolsonaro-em-niteroi-ex-presidente-oficializara-apoio-a-carlos-jordy-para-a-prefeitura-neste-sabado-20","status":"publish","type":"post","link":"https:\/\/folhadoleste.com.br\/en\/bolsonaro-em-niteroi-ex-presidente-oficializara-apoio-a-carlos-jordy-para-a-prefeitura-neste-sabado-20\/","title":{"rendered":"Bolsonaro em Niter\u00f3i: ex-presidente oficializar\u00e1 apoio a Carlos Jordy para a Prefeitura neste s\u00e1bado (20)"},"content":{"rendered":"<div id=\"attachment_76955\" style=\"width: 1034px\" class=\"wp-caption alignnone\"><img decoding=\"async\" aria-describedby=\"caption-attachment-76955\" class=\"wp-image-76955 size-full\" src=\"https:\/\/folhadoleste.com.br\/wp-content\/uploads\/2024\/07\/Carlos-Jordy-e-Jair-Bolsonaro-em-Niteroi-Icarai.webp\" alt=\"Bolsonaro em Niter\u00f3i: ex-presidente oficializar\u00e1 apoio a Carlos Jordy para a Prefeitura neste s\u00e1bado (20)\" width=\"1024\" height=\"630\" \/><p id=\"caption-attachment-76955\" class=\"wp-caption-text\">Bolsonaro em Niter\u00f3i: ex-presidente oficializar\u00e1 apoio a Carlos Jordy para a Prefeitura neste s\u00e1bado (20), na Praia de Icara\u00ed | Reprodu\u00e7\u00e3o<\/p><\/div>\n<p style=\"text-align: justify;\">Est\u00e1 confirmada para a manh\u00e3 do pr\u00f3ximo s\u00e1bado (20), \u00e0s 10h30, na Praia de Icara\u00ed, a presen\u00e7a do ex-presidente Jair Bolsonaro, em Niter\u00f3i. Ele j\u00e1 est\u00e1 cumprindo agenda com diversos pr\u00e9-candidatos no Estado do Rio de Janeiro. A vinda de Bolsonaro ao evento deve oficializar o apoio dele \u00e0 candidatura do deputado federal Carlos Jordy (PL) \u00e0 Prefeitura de Niter\u00f3i.<\/p>\n<p style=\"text-align: justify;\">O parlamentar \u00e9 um dos mais leais \u00e0 agenda pol\u00edtica de Jair Bolsonaro e aliado de primeira hora de toda fam\u00edlia. Desde que se elegeu para a C\u00e2mara Federal pela primeira vez, em 2018, Jordy sempre esteve mais alinhado \u00e0s agendas\u00a0 e discuss\u00f5es pol\u00edticas nacionais. Tanto que chegou \u00e0 lideran\u00e7a da bancada de oposi\u00e7\u00e3o &#8211; atualmente licenciado &#8211; por conta disso.<\/p>\n<p>Nas elei\u00e7\u00f5es desse ano, Carlos Jordy dever\u00e1 ter como advers\u00e1rios o ex-prefeito Rodrigo Neves (PDT); a deputada federal Tal\u00edria Petrone (Psol) e Bruno Lessa (Podemos).<\/p>\n<blockquote>\n<p style=\"text-align: justify;\">&#8220;Depois de muito disse-me-disse, de muitos questionamentos, ser\u00e1 que Bolsonaro vai estar em Niter\u00f3i no dia 20? Hoje (11) voc\u00eas viram que ele finalmente anunciou que estar\u00e1 aqui em apoio a minha pr\u00e9-candidatura. Vamos juntos resgatar Niter\u00f3i&#8221;, declarou Jordy, comemorando a vinda do Messias.<\/p>\n<\/blockquote>\n<p>&nbsp;<\/p>\n<p style=\"text-align: justify;\">Nas elei\u00e7\u00f5es de 2022, o duelo entre os atuais pr\u00e9-candidatos \u00e0 prefeitura Carlos Jordy (PL) e Tal\u00edria Petrone (Psol) para a reelei\u00e7\u00e3o para a C\u00e2mara dos Deputados, teve resultado final muito acirrado, com pequena soma de votos separando os dois candidatos. Enquanto Jordy foi o mais votado em Niter\u00f3i, Tal\u00edria ficou em segundo lugar na cidade. A diferen\u00e7a entre os dois ficou em 454 votos.<\/p>\n<h5>Deputado Federal em Niter\u00f3i<\/h5>\n<h6><strong>1\u00ba &#8211; Carlos Jordy (PL): 22.508 votos (7,63%)<\/strong><br \/>\n<strong>2\u00ba &#8211; Taliria Petrone (PSOL): 22.054 votos (7,48%)<\/strong><\/h6>\n<h2>Bolsonaro perdeu em Niter\u00f3i<\/h2>\n<p style=\"text-align: justify;\">No estado do Rio de Janeiro, pode-se dizer que o bolsonarismo prevalece em, pelo menos, 72 cidades, incluindo a capital. Entretanto, das quatro cidades do estado escolhidas para essa primeira largada, ele perdeu para Lula em tr\u00eas delas no segundo turno das elei\u00e7\u00f5es presidenciais. Ou seja, venceu apenas no Rio e Janeiro, tendo sido derrotado em Niter\u00f3i, Itagua\u00ed e Angra dos Reis.<\/p>\n<p style=\"text-align: justify;\">Dentre todos os pr\u00e9-candidatos fluminenses que ganhar\u00e3o o refor\u00e7o de Bolsonaro nesta fase j\u00e1 de organiza\u00e7\u00e3o de conven\u00e7\u00f5es partid\u00e1rias, Carlos Jordy vive a situa\u00e7\u00e3o menos tensa. Apesar de o PT estar na base de apoio do governista Rodrigo Neves (PDT), ele acabar\u00e1 dividindo votos do presidente Lula com a deputada federal Tal\u00edria Petrone (Psol).<\/p>\n<p style=\"text-align: justify;\">Logo, o que ele precisa evitar \u00e9 o crescimento da terceira via, de centro, representada por Bruno Lessa (Podemos). O ex-vereador tenta se comunicar com quem est\u00e1 cansado das famosas agendas de costumes da direita e da esquerda.<\/p>\n<p style=\"text-align: justify;\">Em contrapartida ao plano de Bruno Lessa, a estrat\u00e9gia escolhida por Bolsonaro como a ideal para esse momento consiste em antecipar o debate nacional sobre a sucess\u00e3o municipal de 2026. Isso pode consolidar em torno de Jordy os votos que a direita de fato tem, em Niter\u00f3i, fragmentando os votos da esquerda e de centro entre os tr\u00eas candidatos.<\/p>\n<p style=\"text-align: justify;\">S\u00f3 que o time do PDT de Rodrigo Neves rapidamente fez a leitura desse cen\u00e1rio e buscou um nome outsider: o da atleta ol\u00edmpica e gestora de projetos Isabel Swan (PV). Al\u00e9m disso, refor\u00e7ou a retaguarda pol\u00edtica, atraindo ex-candidatos formadores de opini\u00e3o dos eleitores de centro: Felipe Peixoto (PSD) e Juliana Ben\u00edcio (Cidadania). Tenta refor\u00e7ar os la\u00e7os com a classe empresarial atrav\u00e9s da C\u00e2mara de Dirigentes Logistas sob interm\u00e9dio do vereador Fabiano Gon\u00e7alves (Republicanos) e do secret\u00e1rio de Administra\u00e7\u00e3o e presidente da entidade, Luiz Vieira.<\/p>\n<h2>Largada<\/h2>\n<p style=\"text-align: justify;\">Em ano de elei\u00e7\u00f5es municipais e de jogos ol\u00edmpicos, uma competi\u00e7\u00e3o, em especial, se destaca: a maratona eleitoral. E um de seus principais corredores sequer est\u00e1 estar\u00e1 concorrendo diretamente na disputa: o ex-presidente da Rep\u00fablica, Jair Bolsonaro (PL).<\/p>\n<p style=\"text-align: justify;\">Por\u00e9m, pode-se dizer que ele ser\u00e1 o principal participante desse processo, seja para o sucesso ou fracasso de alguns postulantes ao cargo. Nesse embalo, Bolsonaro j\u00e1 deu in\u00edcio, nesta quinta-feira (18), a essa corrida, pois ele sabe melhor do que seus aliados quem ficar\u00e1 com o \u00f4nus da derrota e todos os preju\u00edzos pol\u00edticos: ele mesmo.<\/p>\n<p style=\"text-align: justify;\">Assim sendo, visando dar propuls\u00e3o \u00e0s candidaturas de seus afiliados, Bolsonaro cumpre agenda no Rio de Janeiro a partir de quinta-feira (18), come\u00e7ando pelo Rio de Janeiro e Baixada Fluminense.<\/p>\n<p style=\"text-align: justify;\">A largada aconteceu na Pra\u00e7a Saenz Pe\u00f1a, na Tijuca, no Rio, \u00e0s 10h30, num ato pol\u00edtico em que acenou apoio ao deputado federal Alexandre Ramagem. Ele ter\u00e1 como advers\u00e1rios o prefeito Eduardo Paes (PSD), que concorre \u00e0 reelei\u00e7\u00e3o, bem como o deputado federal Tarc\u00edsio Mota (Psol).<\/p>\n<h3>A batalha de Ramagem<\/h3>\n<p style=\"text-align: justify;\">O desafio de Ramagem consiste em convencer os bolsonaristas cariocas que o ex-presidente est\u00e1 com ele. Isso em raz\u00e3o do desgaste causado pela descoberta do um grampo de uma conversa \u00edntima ainda no tempo em que Bolsonaro era presidente da Rep\u00fablica, associado ao esc\u00e2ndalo da Abin Paralela.<\/p>\n<p style=\"text-align: justify;\">E outras palavras, vale dizer que outros nomes ligados ao Bolsonarismo e \u00e0 direita, como os do deputado federal Marcelo Queiroz (PP); e do deputado estadual Rodrigo Amorim (Uni\u00e3o Brasil) tamb\u00e9m est\u00e3o na disputa.<\/p>\n<p style=\"text-align: justify;\">Em seguida, \u00e0s 17h, Bolsonaro percorre o cal\u00e7ad\u00e3o de Duque de Caxias, junto com Netinho Reis (MDB), sobrinho do ex-prefeito Washington Reis e pr\u00e9-candidato \u00e0 sucess\u00e3o, que enfrentar\u00e1 nas urnas o ex-prefeito Zito (PV).<\/p>\n<p style=\"text-align: justify;\">Na sexta-feira (19), mais um ato, na capital. Dessa vez, na Zona Oeste, em Campo Grande, no tradicional cal\u00e7ad\u00e3o do bairro, \u00e0s 10h30, novamente com Alexandre Ramagem.<\/p>\n<p style=\"text-align: justify;\">Na sequ\u00eancia, outra agenda na Baixada Fluminense. Dessa vez, em Itagua\u00ed, \u00e0s 14h na sede do PL, em Itagua\u00ed, em refor\u00e7o a pr\u00e9-campanha do ex-deputado federal Alexandre Valle (PL). Para fechar o dia, Bolsonaro vai ao Sul Fluminense, na pra\u00e7a General Os\u00f3rio, em Angra dos Reis, \u00e0s 17h, para somar esfor\u00e7os no sentido de aumentar o engajamento dos bolsonaristas na campanhas de Renato Ara\u00fajo (PL), que concorrer\u00e1 contra Cl\u00e1udio Ferreti (MDB), indicado e apoiado pelo atual prefeito Fernando Jord\u00e3o que \u00e9 do PL &#8211; partido de Bolsonaro.<\/p>\n<p style=\"text-align: justify;\">Por fim, fechando a primeira parte da &#8220;maratona&#8221;, Bolsonaro amanhece no s\u00e1bado (20), em Niter\u00f3i, \u00e0s 10h na praia de Icara\u00ed, em ades\u00e3o \u00e0 candidatura do deputado federal Carlos Jordy, l\u00edder licenciado da oposi\u00e7\u00e3o no Congresso Nacional e seu aliado pol\u00edtico de primeira hora.<\/p>\n<h4 style=\"text-align: justify;\">O efeito Bolsonaro<\/h4>\n<p style=\"text-align: justify;\">Mesmo diante de tantos esc\u00e2ndalos e pol\u00eamicas, na verdade, a interven\u00e7\u00e3o de Bolsonaro no in\u00edcio da disputa ter\u00e1 saldo positivo, pois ele se comporta como um refletor de luz para quem est\u00e1 iluminando a casa com um cotoco de vela.<\/p>\n<p style=\"text-align: justify;\">Muitos de seus aliados &#8211; a maior parte deles &#8211; depende muito de pegar carona em seu carisma, de surfar a sua onda, de ao menos um sopro do capit\u00e3o na vela de seu barco.<\/p>\n<p style=\"text-align: justify;\">Ao mesmo tempo, falando o portugu\u00eas mais claro e cristalino, da transfer\u00eancia direta de votos do &#8220;capit\u00e3o&#8221; para ter algum sucesso eleitoral. Principalmente, no estado do Rio de Janeiro, onde ele derrotou Lula em 72 dos 92 munic\u00edpios, inclusive na capital, no segundo turno das elei\u00e7\u00f5es. Se considerarmos apenas o primeiro turno, apenas em Niter\u00f3i Lula chegou na frente de Bolsonaro.<\/p>\n<p style=\"text-align: justify;\">","protected":false},"excerpt":{"rendered":"<p>Est\u00e1 confirmada para a manh\u00e3 do pr\u00f3ximo s\u00e1bado (20), \u00e0s 10h30, na Praia de Icara\u00ed, a presen\u00e7a do ex-presidente Jair Bolsonaro, em Niter\u00f3i. Ele j\u00e1 est\u00e1 cumprindo agenda com diversos pr\u00e9-candidatos no Estado do Rio de Janeiro. A vinda de Bolsonaro ao evento deve oficializar o apoio dele \u00e0 candidatura do deputado federal Carlos Jordy (PL) \u00e0 Prefeitura de Niter\u00f3i. O parlamentar \u00e9 um dos mais leais \u00e0 agenda pol\u00edtica de Jair Bolsonaro e aliado de primeira hora de toda fam\u00edlia. Desde que se elegeu para a C\u00e2mara Federal pela primeira vez, em 2018, Jordy sempre esteve mais alinhado \u00e0s [&hellip;]<\/p>\n","protected":false},"author":4,"featured_media":76955,"comment_status":"open","ping_status":"open","sticky":false,"template":"","format":"standard","meta":{"footnotes":""},"categories":[47,5],"tags":[1816,34840,34839,27661,12928,1777,11732,50,3695,1335,17152],"class_list":["post-76964","post","type-post","status-publish","format-standard","has-post-thumbnail","hentry","category-leste-fluminense","category-noticias-de-niteroi","tag-bolsonaro","tag-bolsonaro-em-niteroi","tag-bolsonaro-perdeu-em-niteroi","tag-bruno-lessa","tag-carlos-jordy","tag-icarai","tag-jordy","tag-niteroi","tag-prefeitura-de-niteroi","tag-rodrigo-neves","tag-taliria","post--single"],"yoast_head":"<!-- This site is optimized with the Yoast SEO plugin v27.4 - https:\/\/yoast.com\/product\/yoast-seo-wordpress\/ -->\n<title>Bolsonaro em Niter\u00f3i: ex-presidente oficializar\u00e1 apoio a Carlos Jordy para a Prefeitura neste s\u00e1bado (20) &#8226; Folha do Leste<\/title>\n<meta name=\"description\" content=\"Bolsonaro em Niter\u00f3i: ex-presidente oficializar\u00e1 apoio a Carlos Jordy para a Prefeitura neste s\u00e1bado (20) na Praia de Icara\u00ed.\" \/>\n<meta name=\"robots\" content=\"index, follow, max-snippet:-1, max-image-preview:large, max-video-preview:-1\" \/>\n<link rel=\"canonical\" href=\"https:\/\/folhadoleste.com.br\/en\/bolsonaro-em-niteroi-ex-presidente-oficializara-apoio-a-carlos-jordy-para-a-prefeitura-neste-sabado-20\/\" \/>\n<meta property=\"og:locale\" content=\"en_US\" \/>\n<meta property=\"og:type\" content=\"article\" \/>\n<meta property=\"og:title\" content=\"Bolsonaro em Niter\u00f3i: ex-presidente oficializar\u00e1 apoio a Carlos Jordy para a Prefeitura neste s\u00e1bado (20) &#8226; Folha do Leste\" \/>\n<meta property=\"og:description\" content=\"Leste Fluminense, Niter\u00f3i &#8226; 19 de July de 2024 &#8226; Folha do Leste\" \/>\n<meta property=\"og:url\" content=\"https:\/\/folhadoleste.com.br\/en\/bolsonaro-em-niteroi-ex-presidente-oficializara-apoio-a-carlos-jordy-para-a-prefeitura-neste-sabado-20\/\" \/>\n<meta property=\"og:site_name\" content=\"Folha do Leste\" \/>\n<meta property=\"article:publisher\" content=\"https:\/\/www.facebook.com\/folhadoleste\" \/>\n<meta property=\"article:published_time\" content=\"2024-07-19T11:09:16+00:00\" \/>\n<meta property=\"og:image\" content=\"https:\/\/folhadoleste.com.br\/wp-content\/uploads\/2024\/07\/Carlos-Jordy-e-Jair-Bolsonaro-em-Niteroi-Icarai.webp\" \/>\n\t<meta property=\"og:image:width\" content=\"1024\" \/>\n\t<meta property=\"og:image:height\" content=\"630\" \/>\n\t<meta property=\"og:image:type\" content=\"image\/webp\" \/>\n<meta name=\"author\" content=\"Folha do Leste\" \/>\n<meta name=\"twitter:card\" content=\"summary_large_image\" \/>\n<meta name=\"twitter:creator\" content=\"@FolhadoLesteRJ\" \/>\n<meta name=\"twitter:site\" content=\"@FolhadoLesteRJ\" \/>\n<meta name=\"twitter:label1\" content=\"Written by\" \/>\n\t<meta name=\"twitter:data1\" content=\"Folha do Leste\" \/>\n\t<meta name=\"twitter:label2\" content=\"Est. reading time\" \/>\n\t<meta name=\"twitter:data2\" content=\"7 minutes\" \/>\n<script type=\"application\/ld+json\" class=\"yoast-schema-graph\">{\"@context\":\"https:\\\/\\\/schema.org\",\"@graph\":[{\"@type\":\"NewsArticle\",\"@id\":\"https:\\\/\\\/folhadoleste.com.br\\\/bolsonaro-em-niteroi-ex-presidente-oficializara-apoio-a-carlos-jordy-para-a-prefeitura-neste-sabado-20\\\/#article\",\"isPartOf\":{\"@id\":\"https:\\\/\\\/folhadoleste.com.br\\\/bolsonaro-em-niteroi-ex-presidente-oficializara-apoio-a-carlos-jordy-para-a-prefeitura-neste-sabado-20\\\/\"},\"author\":{\"name\":\"Folha do Leste\",\"@id\":\"https:\\\/\\\/folhadoleste.com.br\\\/#\\\/schema\\\/person\\\/3e97145b2e1861276e84471aa85a3899\"},\"headline\":\"Bolsonaro em Niter\u00f3i: ex-presidente oficializar\u00e1 apoio a Carlos Jordy para a Prefeitura neste s\u00e1bado (20)\",\"datePublished\":\"2024-07-19T11:09:16+00:00\",\"mainEntityOfPage\":{\"@id\":\"https:\\\/\\\/folhadoleste.com.br\\\/bolsonaro-em-niteroi-ex-presidente-oficializara-apoio-a-carlos-jordy-para-a-prefeitura-neste-sabado-20\\\/\"},\"wordCount\":1292,\"commentCount\":1,\"publisher\":{\"@id\":\"https:\\\/\\\/folhadoleste.com.br\\\/#organization\"},\"image\":{\"@id\":\"https:\\\/\\\/folhadoleste.com.br\\\/bolsonaro-em-niteroi-ex-presidente-oficializara-apoio-a-carlos-jordy-para-a-prefeitura-neste-sabado-20\\\/#primaryimage\"},\"thumbnailUrl\":\"https:\\\/\\\/folhadoleste.com.br\\\/wp-content\\\/uploads\\\/2024\\\/07\\\/Carlos-Jordy-e-Jair-Bolsonaro-em-Niteroi-Icarai.webp\",\"keywords\":[\"Bolsonaro\",\"Bolsonaro em Niter\u00f3i\",\"Bolsonaro perdeu em Niter\u00f3i\",\"bruno lessa\",\"Carlos Jordy\",\"Icara\u00ed\",\"Jordy\",\"Niter\u00f3i\",\"Prefeitura de Niter\u00f3i\",\"Rodrigo Neves\",\"Tal\u00edria\"],\"articleSection\":[\"Leste Fluminense\",\"Niter\u00f3i\"],\"inLanguage\":\"en-US\",\"potentialAction\":[{\"@type\":\"CommentAction\",\"name\":\"Comment\",\"target\":[\"https:\\\/\\\/folhadoleste.com.br\\\/bolsonaro-em-niteroi-ex-presidente-oficializara-apoio-a-carlos-jordy-para-a-prefeitura-neste-sabado-20\\\/#respond\"]}]},{\"@type\":\"WebPage\",\"@id\":\"https:\\\/\\\/folhadoleste.com.br\\\/bolsonaro-em-niteroi-ex-presidente-oficializara-apoio-a-carlos-jordy-para-a-prefeitura-neste-sabado-20\\\/\",\"url\":\"https:\\\/\\\/folhadoleste.com.br\\\/bolsonaro-em-niteroi-ex-presidente-oficializara-apoio-a-carlos-jordy-para-a-prefeitura-neste-sabado-20\\\/\",\"name\":\"Bolsonaro em Niter\u00f3i: ex-presidente oficializar\u00e1 apoio a Carlos Jordy para a Prefeitura neste s\u00e1bado (20) &#8226; Folha do Leste\",\"isPartOf\":{\"@id\":\"https:\\\/\\\/folhadoleste.com.br\\\/#website\"},\"primaryImageOfPage\":{\"@id\":\"https:\\\/\\\/folhadoleste.com.br\\\/bolsonaro-em-niteroi-ex-presidente-oficializara-apoio-a-carlos-jordy-para-a-prefeitura-neste-sabado-20\\\/#primaryimage\"},\"image\":{\"@id\":\"https:\\\/\\\/folhadoleste.com.br\\\/bolsonaro-em-niteroi-ex-presidente-oficializara-apoio-a-carlos-jordy-para-a-prefeitura-neste-sabado-20\\\/#primaryimage\"},\"thumbnailUrl\":\"https:\\\/\\\/folhadoleste.com.br\\\/wp-content\\\/uploads\\\/2024\\\/07\\\/Carlos-Jordy-e-Jair-Bolsonaro-em-Niteroi-Icarai.webp\",\"datePublished\":\"2024-07-19T11:09:16+00:00\",\"description\":\"Bolsonaro em Niter\u00f3i: ex-presidente oficializar\u00e1 apoio a Carlos Jordy para a Prefeitura neste s\u00e1bado (20) na Praia de Icara\u00ed.\",\"breadcrumb\":{\"@id\":\"https:\\\/\\\/folhadoleste.com.br\\\/bolsonaro-em-niteroi-ex-presidente-oficializara-apoio-a-carlos-jordy-para-a-prefeitura-neste-sabado-20\\\/#breadcrumb\"},\"inLanguage\":\"en-US\",\"potentialAction\":[{\"@type\":\"ReadAction\",\"target\":[\"https:\\\/\\\/folhadoleste.com.br\\\/bolsonaro-em-niteroi-ex-presidente-oficializara-apoio-a-carlos-jordy-para-a-prefeitura-neste-sabado-20\\\/\"]}]},{\"@type\":\"ImageObject\",\"inLanguage\":\"en-US\",\"@id\":\"https:\\\/\\\/folhadoleste.com.br\\\/bolsonaro-em-niteroi-ex-presidente-oficializara-apoio-a-carlos-jordy-para-a-prefeitura-neste-sabado-20\\\/#primaryimage\",\"url\":\"https:\\\/\\\/folhadoleste.com.br\\\/wp-content\\\/uploads\\\/2024\\\/07\\\/Carlos-Jordy-e-Jair-Bolsonaro-em-Niteroi-Icarai.webp\",\"contentUrl\":\"https:\\\/\\\/folhadoleste.com.br\\\/wp-content\\\/uploads\\\/2024\\\/07\\\/Carlos-Jordy-e-Jair-Bolsonaro-em-Niteroi-Icarai.webp\",\"width\":1024,\"height\":630},{\"@type\":\"BreadcrumbList\",\"@id\":\"https:\\\/\\\/folhadoleste.com.br\\\/bolsonaro-em-niteroi-ex-presidente-oficializara-apoio-a-carlos-jordy-para-a-prefeitura-neste-sabado-20\\\/#breadcrumb\",\"itemListElement\":[{\"@type\":\"ListItem\",\"position\":1,\"name\":\"In\u00edcio\",\"item\":\"https:\\\/\\\/folhadoleste.com.br\\\/\"},{\"@type\":\"ListItem\",\"position\":2,\"name\":\"Estado do Rio de Janeiro\",\"item\":\"https:\\\/\\\/folhadoleste.com.br\\\/category\\\/estado-do-rio-de-janeiro\\\/\"},{\"@type\":\"ListItem\",\"position\":3,\"name\":\"Leste Fluminense\",\"item\":\"https:\\\/\\\/folhadoleste.com.br\\\/category\\\/estado-do-rio-de-janeiro\\\/leste-fluminense\\\/\"},{\"@type\":\"ListItem\",\"position\":4,\"name\":\"Niter\u00f3i\",\"item\":\"https:\\\/\\\/folhadoleste.com.br\\\/category\\\/estado-do-rio-de-janeiro\\\/leste-fluminense\\\/noticias-de-niteroi\\\/\"},{\"@type\":\"ListItem\",\"position\":5,\"name\":\"Bolsonaro em Niter\u00f3i: ex-presidente oficializar\u00e1 apoio a Carlos Jordy para a Prefeitura neste s\u00e1bado (20)\"}]},{\"@type\":\"WebSite\",\"@id\":\"https:\\\/\\\/folhadoleste.com.br\\\/#website\",\"url\":\"https:\\\/\\\/folhadoleste.com.br\\\/\",\"name\":\"Folha do Leste\",\"description\":\"Portal de Not\u00edcias com \u00eanfase em Niter\u00f3i, criando conte\u00fados desde a capital Rio de Janeiro, com olhar para o Leste Fluminense e suas cidades como S\u00e3o Gon\u00e7alo, Itabora\u00ed, Rio Bonito, Maric\u00e1, Saquarema e Araruama\",\"publisher\":{\"@id\":\"https:\\\/\\\/folhadoleste.com.br\\\/#organization\"},\"alternateName\":\"FL\",\"potentialAction\":[{\"@type\":\"SearchAction\",\"target\":{\"@type\":\"EntryPoint\",\"urlTemplate\":\"https:\\\/\\\/folhadoleste.com.br\\\/?s={search_term_string}\"},\"query-input\":{\"@type\":\"PropertyValueSpecification\",\"valueRequired\":true,\"valueName\":\"search_term_string\"}}],\"inLanguage\":\"en-US\"},{\"@type\":\"Organization\",\"@id\":\"https:\\\/\\\/folhadoleste.com.br\\\/#organization\",\"name\":\"Brasil 21 Comunica\u00e7\u00e3o\",\"alternateName\":\"BR21\",\"url\":\"https:\\\/\\\/folhadoleste.com.br\\\/\",\"logo\":{\"@type\":\"ImageObject\",\"inLanguage\":\"en-US\",\"@id\":\"https:\\\/\\\/folhadoleste.com.br\\\/#\\\/schema\\\/logo\\\/image\\\/\",\"url\":\"https:\\\/\\\/folhadoleste.com.br\\\/wp-content\\\/uploads\\\/2025\\\/12\\\/brasil-21-logomarca.avif\",\"contentUrl\":\"https:\\\/\\\/folhadoleste.com.br\\\/wp-content\\\/uploads\\\/2025\\\/12\\\/brasil-21-logomarca.avif\",\"width\":1044,\"height\":1044,\"caption\":\"Brasil 21 Comunica\u00e7\u00e3o\"},\"image\":{\"@id\":\"https:\\\/\\\/folhadoleste.com.br\\\/#\\\/schema\\\/logo\\\/image\\\/\"},\"sameAs\":[\"https:\\\/\\\/www.facebook.com\\\/folhadoleste\",\"https:\\\/\\\/x.com\\\/FolhadoLesteRJ\",\"https:\\\/\\\/www.instagram.com\\\/folhadoleste\\\/\"]},{\"@type\":\"Person\",\"@id\":\"https:\\\/\\\/folhadoleste.com.br\\\/#\\\/schema\\\/person\\\/3e97145b2e1861276e84471aa85a3899\",\"name\":\"Folha do Leste\",\"image\":{\"@type\":\"ImageObject\",\"inLanguage\":\"en-US\",\"@id\":\"https:\\\/\\\/folhadoleste.com.br\\\/wp-content\\\/litespeed\\\/avatar\\\/1ca8c218432e7045e748610eb3db0259.jpg?ver=1777161142\",\"url\":\"https:\\\/\\\/folhadoleste.com.br\\\/wp-content\\\/litespeed\\\/avatar\\\/1ca8c218432e7045e748610eb3db0259.jpg?ver=1777161142\",\"contentUrl\":\"https:\\\/\\\/folhadoleste.com.br\\\/wp-content\\\/litespeed\\\/avatar\\\/1ca8c218432e7045e748610eb3db0259.jpg?ver=1777161142\",\"caption\":\"Folha do Leste\"},\"url\":\"https:\\\/\\\/folhadoleste.com.br\\\/en\\\/author\\\/reportagem-01\\\/\"}]}<\/script>\n<!-- \/ Yoast SEO plugin. -->","yoast_head_json":{"title":"Bolsonaro em Niter\u00f3i: ex-presidente oficializar\u00e1 apoio a Carlos Jordy para a Prefeitura neste s\u00e1bado (20) &#8226; Folha do Leste","description":"Bolsonaro em Niter\u00f3i: ex-presidente oficializar\u00e1 apoio a Carlos Jordy para a Prefeitura neste s\u00e1bado (20) na Praia de Icara\u00ed.","robots":{"index":"index","follow":"follow","max-snippet":"max-snippet:-1","max-image-preview":"max-image-preview:large","max-video-preview":"max-video-preview:-1"},"canonical":"https:\/\/folhadoleste.com.br\/en\/bolsonaro-em-niteroi-ex-presidente-oficializara-apoio-a-carlos-jordy-para-a-prefeitura-neste-sabado-20\/","og_locale":"en_US","og_type":"article","og_title":"Bolsonaro em Niter\u00f3i: ex-presidente oficializar\u00e1 apoio a Carlos Jordy para a Prefeitura neste s\u00e1bado (20) &#8226; Folha do Leste","og_description":"Leste Fluminense, Niter\u00f3i &#8226; 19 de July de 2024 &#8226; Folha do Leste","og_url":"https:\/\/folhadoleste.com.br\/en\/bolsonaro-em-niteroi-ex-presidente-oficializara-apoio-a-carlos-jordy-para-a-prefeitura-neste-sabado-20\/","og_site_name":"Folha do Leste","article_publisher":"https:\/\/www.facebook.com\/folhadoleste","article_published_time":"2024-07-19T11:09:16+00:00","og_image":[{"width":1024,"height":630,"url":"https:\/\/folhadoleste.com.br\/wp-content\/uploads\/2024\/07\/Carlos-Jordy-e-Jair-Bolsonaro-em-Niteroi-Icarai.webp","type":"image\/webp"}],"author":"Folha do Leste","twitter_card":"summary_large_image","twitter_creator":"@FolhadoLesteRJ","twitter_site":"@FolhadoLesteRJ","twitter_misc":{"Written by":"Folha do Leste","Est. reading time":"7 minutes"},"schema":{"@context":"https:\/\/schema.org","@graph":[{"@type":"NewsArticle","@id":"https:\/\/folhadoleste.com.br\/bolsonaro-em-niteroi-ex-presidente-oficializara-apoio-a-carlos-jordy-para-a-prefeitura-neste-sabado-20\/#article","isPartOf":{"@id":"https:\/\/folhadoleste.com.br\/bolsonaro-em-niteroi-ex-presidente-oficializara-apoio-a-carlos-jordy-para-a-prefeitura-neste-sabado-20\/"},"author":{"name":"Folha do Leste","@id":"https:\/\/folhadoleste.com.br\/#\/schema\/person\/3e97145b2e1861276e84471aa85a3899"},"headline":"Bolsonaro em Niter\u00f3i: ex-presidente oficializar\u00e1 apoio a Carlos Jordy para a Prefeitura neste s\u00e1bado (20)","datePublished":"2024-07-19T11:09:16+00:00","mainEntityOfPage":{"@id":"https:\/\/folhadoleste.com.br\/bolsonaro-em-niteroi-ex-presidente-oficializara-apoio-a-carlos-jordy-para-a-prefeitura-neste-sabado-20\/"},"wordCount":1292,"commentCount":1,"publisher":{"@id":"https:\/\/folhadoleste.com.br\/#organization"},"image":{"@id":"https:\/\/folhadoleste.com.br\/bolsonaro-em-niteroi-ex-presidente-oficializara-apoio-a-carlos-jordy-para-a-prefeitura-neste-sabado-20\/#primaryimage"},"thumbnailUrl":"https:\/\/folhadoleste.com.br\/wp-content\/uploads\/2024\/07\/Carlos-Jordy-e-Jair-Bolsonaro-em-Niteroi-Icarai.webp","keywords":["Bolsonaro","Bolsonaro em Niter\u00f3i","Bolsonaro perdeu em Niter\u00f3i","bruno lessa","Carlos Jordy","Icara\u00ed","Jordy","Niter\u00f3i","Prefeitura de Niter\u00f3i","Rodrigo Neves","Tal\u00edria"],"articleSection":["Leste Fluminense","Niter\u00f3i"],"inLanguage":"en-US","potentialAction":[{"@type":"CommentAction","name":"Comment","target":["https:\/\/folhadoleste.com.br\/bolsonaro-em-niteroi-ex-presidente-oficializara-apoio-a-carlos-jordy-para-a-prefeitura-neste-sabado-20\/#respond"]}]},{"@type":"WebPage","@id":"https:\/\/folhadoleste.com.br\/bolsonaro-em-niteroi-ex-presidente-oficializara-apoio-a-carlos-jordy-para-a-prefeitura-neste-sabado-20\/","url":"https:\/\/folhadoleste.com.br\/bolsonaro-em-niteroi-ex-presidente-oficializara-apoio-a-carlos-jordy-para-a-prefeitura-neste-sabado-20\/","name":"Bolsonaro em Niter\u00f3i: ex-presidente oficializar\u00e1 apoio a Carlos Jordy para a Prefeitura neste s\u00e1bado (20) &#8226; Folha do Leste","isPartOf":{"@id":"https:\/\/folhadoleste.com.br\/#website"},"primaryImageOfPage":{"@id":"https:\/\/folhadoleste.com.br\/bolsonaro-em-niteroi-ex-presidente-oficializara-apoio-a-carlos-jordy-para-a-prefeitura-neste-sabado-20\/#primaryimage"},"image":{"@id":"https:\/\/folhadoleste.com.br\/bolsonaro-em-niteroi-ex-presidente-oficializara-apoio-a-carlos-jordy-para-a-prefeitura-neste-sabado-20\/#primaryimage"},"thumbnailUrl":"https:\/\/folhadoleste.com.br\/wp-content\/uploads\/2024\/07\/Carlos-Jordy-e-Jair-Bolsonaro-em-Niteroi-Icarai.webp","datePublished":"2024-07-19T11:09:16+00:00","description":"Bolsonaro em Niter\u00f3i: ex-presidente oficializar\u00e1 apoio a Carlos Jordy para a Prefeitura neste s\u00e1bado (20) na Praia de Icara\u00ed.","breadcrumb":{"@id":"https:\/\/folhadoleste.com.br\/bolsonaro-em-niteroi-ex-presidente-oficializara-apoio-a-carlos-jordy-para-a-prefeitura-neste-sabado-20\/#breadcrumb"},"inLanguage":"en-US","potentialAction":[{"@type":"ReadAction","target":["https:\/\/folhadoleste.com.br\/bolsonaro-em-niteroi-ex-presidente-oficializara-apoio-a-carlos-jordy-para-a-prefeitura-neste-sabado-20\/"]}]},{"@type":"ImageObject","inLanguage":"en-US","@id":"https:\/\/folhadoleste.com.br\/bolsonaro-em-niteroi-ex-presidente-oficializara-apoio-a-carlos-jordy-para-a-prefeitura-neste-sabado-20\/#primaryimage","url":"https:\/\/folhadoleste.com.br\/wp-content\/uploads\/2024\/07\/Carlos-Jordy-e-Jair-Bolsonaro-em-Niteroi-Icarai.webp","contentUrl":"https:\/\/folhadoleste.com.br\/wp-content\/uploads\/2024\/07\/Carlos-Jordy-e-Jair-Bolsonaro-em-Niteroi-Icarai.webp","width":1024,"height":630},{"@type":"BreadcrumbList","@id":"https:\/\/folhadoleste.com.br\/bolsonaro-em-niteroi-ex-presidente-oficializara-apoio-a-carlos-jordy-para-a-prefeitura-neste-sabado-20\/#breadcrumb","itemListElement":[{"@type":"ListItem","position":1,"name":"In\u00edcio","item":"https:\/\/folhadoleste.com.br\/"},{"@type":"ListItem","position":2,"name":"Estado do Rio de Janeiro","item":"https:\/\/folhadoleste.com.br\/category\/estado-do-rio-de-janeiro\/"},{"@type":"ListItem","position":3,"name":"Leste Fluminense","item":"https:\/\/folhadoleste.com.br\/category\/estado-do-rio-de-janeiro\/leste-fluminense\/"},{"@type":"ListItem","position":4,"name":"Niter\u00f3i","item":"https:\/\/folhadoleste.com.br\/category\/estado-do-rio-de-janeiro\/leste-fluminense\/noticias-de-niteroi\/"},{"@type":"ListItem","position":5,"name":"Bolsonaro em Niter\u00f3i: ex-presidente oficializar\u00e1 apoio a Carlos Jordy para a Prefeitura neste s\u00e1bado (20)"}]},{"@type":"WebSite","@id":"https:\/\/folhadoleste.com.br\/#website","url":"https:\/\/folhadoleste.com.br\/","name":"Folha do Leste","description":"Portal de Not\u00edcias com \u00eanfase em Niter\u00f3i, criando conte\u00fados desde a capital Rio de Janeiro, com olhar para o Leste Fluminense e suas cidades como S\u00e3o Gon\u00e7alo, Itabora\u00ed, Rio Bonito, Maric\u00e1, Saquarema e Araruama","publisher":{"@id":"https:\/\/folhadoleste.com.br\/#organization"},"alternateName":"FL","potentialAction":[{"@type":"SearchAction","target":{"@type":"EntryPoint","urlTemplate":"https:\/\/folhadoleste.com.br\/?s={search_term_string}"},"query-input":{"@type":"PropertyValueSpecification","valueRequired":true,"valueName":"search_term_string"}}],"inLanguage":"en-US"},{"@type":"Organization","@id":"https:\/\/folhadoleste.com.br\/#organization","name":"Brasil 21 Comunica\u00e7\u00e3o","alternateName":"BR21","url":"https:\/\/folhadoleste.com.br\/","logo":{"@type":"ImageObject","inLanguage":"en-US","@id":"https:\/\/folhadoleste.com.br\/#\/schema\/logo\/image\/","url":"https:\/\/folhadoleste.com.br\/wp-content\/uploads\/2025\/12\/brasil-21-logomarca.avif","contentUrl":"https:\/\/folhadoleste.com.br\/wp-content\/uploads\/2025\/12\/brasil-21-logomarca.avif","width":1044,"height":1044,"caption":"Brasil 21 Comunica\u00e7\u00e3o"},"image":{"@id":"https:\/\/folhadoleste.com.br\/#\/schema\/logo\/image\/"},"sameAs":["https:\/\/www.facebook.com\/folhadoleste","https:\/\/x.com\/FolhadoLesteRJ","https:\/\/www.instagram.com\/folhadoleste\/"]},{"@type":"Person","@id":"https:\/\/folhadoleste.com.br\/#\/schema\/person\/3e97145b2e1861276e84471aa85a3899","name":"Folha do Leste","image":{"@type":"ImageObject","inLanguage":"en-US","@id":"https:\/\/folhadoleste.com.br\/wp-content\/litespeed\/avatar\/1ca8c218432e7045e748610eb3db0259.jpg?ver=1777161142","url":"https:\/\/folhadoleste.com.br\/wp-content\/litespeed\/avatar\/1ca8c218432e7045e748610eb3db0259.jpg?ver=1777161142","contentUrl":"https:\/\/folhadoleste.com.br\/wp-content\/litespeed\/avatar\/1ca8c218432e7045e748610eb3db0259.jpg?ver=1777161142","caption":"Folha do Leste"},"url":"https:\/\/folhadoleste.com.br\/en\/author\/reportagem-01\/"}]}},"_links":{"self":[{"href":"https:\/\/folhadoleste.com.br\/en\/wp-json\/wp\/v2\/posts\/76964","targetHints":{"allow":["GET"]}}],"collection":[{"href":"https:\/\/folhadoleste.com.br\/en\/wp-json\/wp\/v2\/posts"}],"about":[{"href":"https:\/\/folhadoleste.com.br\/en\/wp-json\/wp\/v2\/types\/post"}],"author":[{"embeddable":true,"href":"https:\/\/folhadoleste.com.br\/en\/wp-json\/wp\/v2\/users\/4"}],"replies":[{"embeddable":true,"href":"https:\/\/folhadoleste.com.br\/en\/wp-json\/wp\/v2\/comments?post=76964"}],"version-history":[{"count":1,"href":"https:\/\/folhadoleste.com.br\/en\/wp-json\/wp\/v2\/posts\/76964\/revisions"}],"predecessor-version":[{"id":76975,"href":"https:\/\/folhadoleste.com.br\/en\/wp-json\/wp\/v2\/posts\/76964\/revisions\/76975"}],"wp:featuredmedia":[{"embeddable":true,"href":"https:\/\/folhadoleste.com.br\/en\/wp-json\/wp\/v2\/media\/76955"}],"wp:attachment":[{"href":"https:\/\/folhadoleste.com.br\/en\/wp-json\/wp\/v2\/media?parent=76964"}],"wp:term":[{"taxonomy":"category","embeddable":true,"href":"https:\/\/folhadoleste.com.br\/en\/wp-json\/wp\/v2\/categories?post=76964"},{"taxonomy":"post_tag","embeddable":true,"href":"https:\/\/folhadoleste.com.br\/en\/wp-json\/wp\/v2\/tags?post=76964"}],"curies":[{"name":"wp","href":"https:\/\/api.w.org\/{rel}","templated":true}]}}