{"id":76949,"date":"2024-07-19T04:51:49","date_gmt":"2024-07-19T07:51:49","guid":{"rendered":"https:\/\/folhadoleste.com.br\/?p=76949"},"modified":"2024-07-19T05:11:32","modified_gmt":"2024-07-19T08:11:32","slug":"pre-campanha-de-ramagem-tem-presenca-e-discurso-de-bolsonaro","status":"publish","type":"post","link":"https:\/\/folhadoleste.com.br\/en\/pre-campanha-de-ramagem-tem-presenca-e-discurso-de-bolsonaro\/","title":{"rendered":"Rio &#8211; Pr\u00e9-campanha de Ramagem tem presen\u00e7a e discurso inflamado de Bolsonaro &#8211; V\u00cdDEOS"},"content":{"rendered":"<div id=\"attachment_76951\" style=\"width: 970px\" class=\"wp-caption aligncenter\"><img decoding=\"async\" aria-describedby=\"caption-attachment-76951\" class=\"wp-image-76951 size-full\" src=\"https:\/\/folhadoleste.com.br\/wp-content\/uploads\/2024\/07\/61bc7565-bolsonaro-e-ramagem.ft-reproducao-instagram-960x640-1.webp\" alt=\"Pr\u00e9-campanha de Ramagem tem presen\u00e7a e discurso de Bolsonaro\" width=\"960\" height=\"640\" \/><p id=\"caption-attachment-76951\" class=\"wp-caption-text\">Pr\u00e9-campanha de Ramagem tem presen\u00e7a e discurso de Bolsonaro | Reprodu\u00e7\u00e3o<\/p><\/div>\n<p style=\"text-align: justify;\">Na manh\u00e3 desta quinta-feira (18), durante um ato pol\u00edtico na pra\u00e7a Saens Pe\u00f1a, Zona Norte do Rio de Janeiro, o ex-presidente Jair Bolsonaro (PL) expressou apoio ao deputado federal Alexandre Ramagem (PL), alegando que ele \u00e9 alvo de persegui\u00e7\u00e3o. A declara\u00e7\u00e3o se deu no \u00fanico contexto em que Bolsonaro fez discreta men\u00e7\u00e3o esc\u00e2ndalo do grampo, no caso da &#8220;Abin Paralela&#8221;. Ao lado dele, estava o governador do Rio, Cl\u00e1udio Castro, e o deputado federal Altineu C\u00f4rtes, presidente regional do PL no Rio.<\/p>\n<h5 style=\"text-align: center;\">V\u00cdDEO COM OS DISCURSOS DE <a href=\"https:\/\/folhadoleste.com.br\/en\/pre-campanha-de-ramagem-tem-presenca-e-discurso-de-bolsonaro\/discurso-bolsonaro\/\">BOLSONARO <\/a><\/h5>\n<h5 style=\"text-align: center;\">E <a href=\"https:\/\/folhadoleste.com.br\/wp-content\/uploads\/2024\/07\/Dicurso-Ramagem.mp4\">RAMAGEM<\/a> NO FINAL DA REPORTAGEM<\/h5>\n<p style=\"text-align: justify;\">Al\u00e9m disso, Bolsonaro veio carregado de muni\u00e7\u00e3o para disparar contra seus advers\u00e1rios pol\u00edticos. Lembrou a visita de Lula a um complexo de favelas no Rio, comparando a reuni\u00e3o com lideran\u00e7as comunit\u00e1rias a encontro com traficantes. E tamb\u00e9m citou o recente epis\u00f3dio sobre o custeio das despesas de Luciane Barbosa Farias a um evento p\u00fablico, em Bras\u00edlia. Entretanto, pesa contra ela a acusa\u00e7\u00e3o de se tratar da operadora financeira do Comando Vermelho no Amazonas.<\/p>\n<blockquote>\n<p style=\"text-align: justify;\">&#8220;Eu n\u00e3o estive numa comunidade aqui me reunindo com traficantes. Me tornaram ineleg\u00edvel porque eu coloquei do meu lado um grande empres\u00e1rio de Santa Catarina num 7 de setembro. Eu n\u00e3o recebi e jamais receberia a dama do tr\u00e1fico, em meu gabinete, em Bras\u00edlia&#8221;, numa indireta ao presidente Lula, fundamentada no que o atual chefe da Rep\u00fablica j\u00e1 disse se tratar de fake news.<\/p>\n<\/blockquote>\n<p style=\"text-align: justify;\">Sobre a ida de Luciane Barbosa Farias \u00e0 Bras\u00edlia, o governo federal disse que pagou por uma das viagens dela para participar do Encontro de Comit\u00eas e Mecanismos de Preven\u00e7\u00e3o e Combate \u00e0 Tortura. Mas justificou a despesa alegando que\u00a0o Comit\u00ea estadual do Amazonas indicou a dama como\u00a0 sua representante no evento.<\/p>\n<blockquote>\n<p style=\"text-align: justify;\">&#8220;Todos os convidados tiveram suas passagens e di\u00e1rias custeadas&#8221;, disse o Minist\u00e9rio dos Direitos Humanos e Cidadania sobre o epis\u00f3dio.<\/p>\n<\/blockquote>\n<h6><span style=\"color: #000000;\">LEIA TAMB\u00c9M: <\/span><a href=\"https:\/\/folhadoleste.com.br\/en\/mc-donalds-sofre-ataque-criminoso-em-niteroi-nesta-quinta-18\/\"><strong>\u25ba Mc Donald\u2019s sofre ataque criminoso em Niter\u00f3i nesta quinta (18)<\/strong><\/a><\/h6>\n<h6><span style=\"color: #ff0000;\">+<\/span> <span style=\"color: #000000;\">LEIA TAMB\u00c9M: <\/span><a href=\"https:\/\/folhadoleste.com.br\/en\/justica-manda-prender-tecnico-de-refrigeracao-por-golpes-em-clientes\/\"><strong>\u25ba Justi\u00e7a manda prender t\u00e9cnico de refrigera\u00e7\u00e3o por golpes em clientes<\/strong><\/a><\/h6>\n<h2>Sem p\u00e3o com leite mo\u00e7a<\/h2>\n<div id=\"attachment_76956\" style=\"width: 778px\" class=\"wp-caption aligncenter\"><img decoding=\"async\" aria-describedby=\"caption-attachment-76956\" class=\"size-full wp-image-76956\" src=\"https:\/\/folhadoleste.com.br\/wp-content\/uploads\/2024\/07\/Bolsonaro-Ramagem-pao-com-leite-moca.jpg\" alt=\"Pr\u00e9-campanha de Ramagem tem presen\u00e7a e discurso de Bolsonaro\" width=\"768\" height=\"512\" \/><p id=\"caption-attachment-76956\" class=\"wp-caption-text\">Pr\u00e9-campanha de Ramagem tem presen\u00e7a e discurso de Bolsonaro<\/p><\/div>\n<p style=\"text-align: justify;\">Recentemente, a pr\u00e9-candidatura de Ramagem \u00e0 prefeitura do Rio sofreu um rev\u00e9s ap\u00f3s a divulga\u00e7\u00e3o de um \u00e1udio gravado durante uma reuni\u00e3o em que Bolsonaro discutia o apoio de \u00f3rg\u00e3os federais ao seu filho, o senador Fl\u00e1vio Bolsonaro (PL-RJ), investigado pelo caso da &#8220;rachadinha&#8221;.<\/p>\n<p style=\"text-align: justify;\">Ramagem justificou que a grava\u00e7\u00e3o foi feita para proteger Bolsonaro, com o consentimento do ex-presidente. At\u00e9 ent\u00e3o, Bolsonaro n\u00e3o confirma &#8211; nem nega &#8211; a vers\u00e3o de Ramagem. Mas o meio pol\u00edtico reverbera que Bolsonaro ficou muito irritado com o &#8220;aliado&#8221;, ao ponto disso abalar sua confian\u00e7a no homem com quem ele comia &#8220;p\u00e3o com leite mo\u00e7a&#8221;.<\/p>\n<h6><span style=\"color: #ff0000;\">+<\/span> <span style=\"color: #000000;\">LEIA TAMB\u00c9M: <\/span><a href=\"https:\/\/folhadoleste.com.br\/en\/livro-infantil-que-aborda-uso-consciente-da-tecnologia-tera-lancamento-dia-27-no-rio\/\"><strong>\u25ba Livro infantil que aborda uso consciente da tecnologia ter\u00e1 lan\u00e7amento dia 27, no Rio<\/strong><\/a><\/h6>\n<p style=\"text-align: justify;\">Todavia, enquanto a roupa suja ainda est\u00e1 para quarar, diante do p\u00fablico o show tem que continuar. Em seu discurso, Bolsonaro evitou comentar sobre o \u00e1udio. Ele se concentrou em atacar ao governo Lula, claramente tentando construir um cen\u00e1rio de polariza\u00e7\u00e3o para a disputa eleitoral. Em outras palavras, o famoso n\u00f3s contra eles.<\/p>\n<blockquote>\n<p style=\"text-align: justify;\">&#8220;Assumimos, em 19, um Brasil com muitos problemas. Mas eu fiz uma coisa que, da nova Rep\u00fablica pra c\u00e1, ningu\u00e9m fez em Bras\u00edlia. Ter a coragem de escolher e aguentar o tranco um minist\u00e9rio t\u00e9cnico imbu\u00eddo de mudar o Brasil N\u00e3o h\u00e1 compara\u00e7\u00e3o entre Paulo Guedes e Haddad. N\u00e3o h\u00e1 compara\u00e7\u00e3o entre nenhum deles e um nosso&#8221;, enfatizou Bolsonaro, levando o p\u00fablico ao del\u00edrio.<\/p>\n<\/blockquote>\n<h4>Sa\u00edda e volta ao Brasil<\/h4>\n<div id=\"attachment_76952\" style=\"width: 970px\" class=\"wp-caption alignnone\"><img decoding=\"async\" aria-describedby=\"caption-attachment-76952\" class=\"size-full wp-image-76952\" src=\"https:\/\/folhadoleste.com.br\/wp-content\/uploads\/2024\/07\/bolsonaro-viagem-alan-santos-pr-1-960x540-1.jpg\" alt=\"Bolsonaro termina mandato presidencial nos Estados Unidos e n\u00e3o passa facha | Foto: Alan Santos\/PR\" width=\"960\" height=\"540\" \/><p id=\"caption-attachment-76952\" class=\"wp-caption-text\">Bolsonaro termina mandato presidencial nos Estados Unidos e n\u00e3o passa facha | Foto: Alan Santos\/PR<\/p><\/div>\n<p style=\"text-align: justify;\">Bolsonaro ainda manteve o tom alto e tornou a fazer insinua\u00e7\u00f5es sobre o resultado das elei\u00e7\u00f5es.<\/p>\n<blockquote>\n<p style=\"text-align: justify;\">&#8220;N\u00f3s podemos ver &#8211; voc\u00eas j\u00e1 viram &#8211; um time de futebol ser campe\u00e3o sem torcida, mas um presidente da Rep\u00fablica eleito sem povo \u00e9 a primeira vez na hist\u00f3ria do Brasil. Mas vamos deixar isso pra l\u00e1, desconversou.<\/p>\n<\/blockquote>\n<h5 style=\"text-align: center;\"><span style=\"color: #000000;\"><span style=\"color: #ff0000;\"><strong>+ <\/strong><\/span><\/span><span style=\"color: #000000;\"><span style=\"color: #ff9900;\"><strong>MAIS NOT\u00cdCIAS DO RIO DE JANEIRO?<\/strong><\/span> <span style=\"color: #008080;\"><strong><a style=\"color: #008080;\" href=\"https:\/\/folhadoleste.com.br\/en\/category\/rio-de-janeiro-capital\/\">CLIQUE AQUI<\/a><\/strong><\/span><\/span><\/h5>\n<p style=\"text-align: justify;\">Demonstrando bravura e hero\u00edsmo, Jair Bolsonaro lembrou sua ida, no apagar das luzes de seu mandato, em dezembro de 2022, para os Estados Unidos. Sem citar a tentativa de golpe de 8 de janeiro de 2023, Bolsonaro rememorou o contexto em que voltou para o pa\u00eds. Ao menos, a seu modo de ver.<\/p>\n<blockquote>\n<p style=\"text-align: justify;\">&#8220;No final de mar\u00e7o, retornei pra c\u00e1, com todos os riscos poss\u00edveis, das persegui\u00e7\u00f5es das mais diversas. Mas eu tinha dentro de mim que n\u00f3s juntos n\u00e3o podemos desistir do Brasil&#8221;, bradou<\/p>\n<\/blockquote>\n<h4>Ataque \u00e0 &#8220;censura&#8221;<\/h4>\n<p style=\"text-align: justify;\">Fazendo uma breve viagem no tempo, Bolsonaro lembrou de que todos os partidos lhe fecharam as portas, menos o PSL, na \u00e9poca sob comando de Luciano Bivar e Gustavo Bebbiano. Com o \u00faltimo, Bolsonaro brigou logo no come\u00e7o de seu governo, em fevereiro de 2019, por conta de um esc\u00e2ndalo envolvendo \u00e1udios de candidaturas laranjas. Esse epis\u00f3dio desagrad\u00e1vel n\u00e3o fez parte do discurso do presidente.<\/p>\n<p style=\"text-align: justify;\">Ainda seguindo sua \u00e9pica epopeia heroica, considerou o sucesso de sua campanha presidencial, em 2018, a &#8220;um telefone celular e a liberdade de express\u00e3o&#8221;.<\/p>\n<blockquote>\n<p style=\"text-align: justify;\">&#8220;Hoje em dia, querem censurar e fazer com que as m\u00eddias sociais deixem de existir. Querem apenas que a m\u00eddia tradicional sobreviva. Eu digo a voc\u00eas: eles n\u00e3o est\u00e3o preocupados com fake news ou com mentiras. Eles querem calar a verdade. O Jo\u00e3o 8:32 n\u00e3o interessa pra eles&#8221;, frisou Bolsonaro.<\/p>\n<\/blockquote>\n<p style=\"text-align: justify;\">Em resumo, afirmou que segue trabalhando, mesmo sem mandato, com a ajuda de seus aliados eleitos Brasil afora.<\/p>\n<blockquote>\n<p style=\"text-align: justify;\">&#8220;N\u00f3s n\u00e3o podemos ceder. A liberdade de express\u00e3o \u00e9 a base da democracia, divagou.<\/p>\n<\/blockquote>\n<p style=\"text-align: justify;\">Num raro momento, em que se referiu a Ramagem, destacou que suas cr\u00edticas serviam para apresentar alternativas para o Rio de Janeiro. Este foi o \u00fanico momento em que Bolsonaro sugeriu apoio \u00e0 campanha municipal de Ramagem.<\/p>\n<h2>N\u00f3s contra eles<\/h2>\n<div id=\"attachment_76954\" style=\"width: 668px\" class=\"wp-caption aligncenter\"><img decoding=\"async\" aria-describedby=\"caption-attachment-76954\" class=\"wp-image-76954 size-full\" src=\"https:\/\/folhadoleste.com.br\/wp-content\/uploads\/2024\/07\/WhatsApp-Image-2024-07-19-at-04.35.12.jpeg\" alt=\"Pr\u00e9-campanha de Ramagem tem presen\u00e7a e discurso de Bolsonaro\" width=\"658\" height=\"400\" \/><p id=\"caption-attachment-76954\" class=\"wp-caption-text\">Pr\u00e9-campanha de Ramagem tem presen\u00e7a e discurso de Bolsonaro e ataques ao presidente Lula | Reprodu\u00e7\u00e3o\/TV Globo<\/p><\/div>\n<p style=\"text-align: justify;\">No Rio, Lula deve apoiar o atual prefeito Eduardo Paes (PSD), que concorre \u00e0 reelei\u00e7\u00e3o. Por\u00e9m, h\u00e1 dissid\u00eancias no partido quanto a esse apoio, devido \u00e0 tend\u00eancia de Paes por uma chapa puro-sangue, com o deputado federal Pedro Paulo, que votou pelo <em>impeachment<\/em> de Dilma, em 2016. Enquanto a sigla diz que segue com o prefeito, o deputado federal Lindbergh Farias j\u00e1 disse que apoiar\u00e1 Tarc\u00edsio Motta (Psol).<\/p>\n<p style=\"text-align: justify;\">Por fim, Bolsonaro afirmou que n\u00e3o estava realizando campanha pol\u00edtica, mas sim um evento p\u00fablico, em conformidade com a legisla\u00e7\u00e3o eleitoral. Tal qual gato escaldado com medo de \u00e1gua fria, o principal l\u00edder da extrema-direita no pa\u00eds ressaltou que a lei pro\u00edbe pedidos de votos antes do in\u00edcio oficial da campanha, marcado para 16 de agosto.<\/p>\n<h3>Teoria da conspira\u00e7\u00e3o<\/h3>\n<p style=\"text-align: justify;\">Num outro coment\u00e1rio sobre Ramagem, Bolsonaro, relatou que ele antes de entrar na pol\u00edtica, atuou como delegado da Pol\u00edcia Federal . O relacionamento de ambos teve in\u00edcio atrav\u00e9s da participou dele na seguran\u00e7a de sua campanha presidencial em 2018. Campanha em que levou uma facada que quase ceifou sua vida.<\/p>\n<p><img decoding=\"async\" class=\"aligncenter size-full wp-image-76953\" src=\"https:\/\/folhadoleste.com.br\/wp-content\/uploads\/2024\/07\/WhatsApp-Image-2024-07-19-at-00.55.58.jpeg\" alt=\"\" width=\"609\" height=\"420\" \/><\/p>\n<p style=\"text-align: justify;\">Atualmente, muitos de seus apoiadores ainda questionam quem teria mandado mat\u00e1-lo, por mais que a Pol\u00edcia Federal e a Justi\u00e7a j\u00e1 tenham conclu\u00eddo que o delinquente agiu por conta pr\u00f3pria. Vers\u00e3o alimentada pelo pr\u00f3prio Jair Bolsonaro, ao citar lembrar<\/p>\n<blockquote><p>&#8220;Voc\u00eas j\u00e1 repararam que s\u00f3 quem \u00e9 conservador e de direita sofre atentado? Tentaram matar o Trump h\u00e1 poucos dias nos Estados Unidos. Um milagre l\u00e1, outro aqui&#8221;, disse Bolsonaro.<\/p><\/blockquote>\n<h2>Outros eventos<\/h2>\n<p style=\"text-align: justify;\">Em seguida, \u00e0s 17h, Bolsonaro percorreu o cal\u00e7ad\u00e3o de Duque de Caxias, junto com Netinho Reis (MDB), sobrinho do ex-prefeito Washington Reis e pr\u00e9-candidato \u00e0 sucess\u00e3o, que enfrentar\u00e1 nas urnas o ex-prefeito Zito (PV).<\/p>\n<p style=\"text-align: justify;\">Na sexta-feira (19), mais um ato, na capital. Dessa vez, na Zona Oeste, em Campo Grande, no tradicional cal\u00e7ad\u00e3o do bairro, \u00e0s 10h30, novamente com Alexandre Ramagem.<\/p>\n<p style=\"text-align: justify;\">Na sequ\u00eancia, outra agenda na Baixada Fluminense. Dessa vez, em Itagua\u00ed, \u00e0s 14h na sede do PL, em Itagua\u00ed, em refor\u00e7o a pr\u00e9-campanha do ex-deputado federal Alexandre Valle (PL). Para fechar o dia, Bolsonaro vai ao Sul Fluminense, na pra\u00e7a General Os\u00f3rio, em Angra dos Reis, \u00e0s 17h, para somar esfor\u00e7os no sentido de aumentar o engajamento dos bolsonaristas na campanhas de Renato Ara\u00fajo (PL), que concorrer\u00e1 contra Cl\u00e1udio Ferreti (MDB), indicado e apoiado pelo atual prefeito Fernando Jord\u00e3o que \u00e9 do PL &#8211; partido de Bolsonaro.<\/p>\n<p style=\"text-align: justify;\">Por fim, fechando a primeira parte da &#8220;semana maratona&#8221;, Bolsonaro amanhece no s\u00e1bado (20), em Niter\u00f3i, \u00e0s 10h na praia de Icara\u00ed, em ades\u00e3o \u00e0 candidatura do deputado federal Carlos Jordy, l\u00edder licenciado da oposi\u00e7\u00e3o no Congresso Nacional e seu aliado pol\u00edtico de primeira hora.<\/p>\n<p><img decoding=\"async\" class=\"aligncenter size-full wp-image-76955\" src=\"https:\/\/folhadoleste.com.br\/wp-content\/uploads\/2024\/07\/Carlos-Jordy-e-Jair-Bolsonaro-em-Niteroi-Icarai.webp\" alt=\"\" width=\"1024\" height=\"630\" \/><\/p>\n<h1 style=\"text-align: center;\">V\u00eddeos<\/h1>\n<h4>Discurso de Bolsonaro<\/h4>\n<div style=\"width: 720px;\" class=\"wp-video\"><video class=\"wp-video-shortcode\" id=\"video-76949-1\" width=\"720\" height=\"840\" preload=\"metadata\" controls=\"controls\"><source type=\"video\/mp4\" src=\"https:\/\/folhadoleste.com.br\/wp-content\/uploads\/2024\/07\/Discurso-Bolsonaro.mp4?_=1\" \/><a href=\"https:\/\/folhadoleste.com.br\/wp-content\/uploads\/2024\/07\/Discurso-Bolsonaro.mp4\">https:\/\/folhadoleste.com.br\/wp-content\/uploads\/2024\/07\/Discurso-Bolsonaro.mp4<\/a><\/video><\/div>\n<h4>Discurso de Ramagem<\/h4>\n<div style=\"width: 720px;\" class=\"wp-video\"><video class=\"wp-video-shortcode\" id=\"video-76949-2\" width=\"720\" height=\"1280\" preload=\"metadata\" controls=\"controls\"><source type=\"video\/mp4\" src=\"https:\/\/folhadoleste.com.br\/wp-content\/uploads\/2024\/07\/Dicurso-Ramagem.mp4?_=2\" \/><a href=\"https:\/\/folhadoleste.com.br\/wp-content\/uploads\/2024\/07\/Dicurso-Ramagem.mp4\">https:\/\/folhadoleste.com.br\/wp-content\/uploads\/2024\/07\/Dicurso-Ramagem.mp4<\/a><\/video><\/div>\n<p>&nbsp;<\/p>\n<h5 style=\"text-align: center;\"><span style=\"color: #000000;\"><span style=\"color: #ff0000;\"><strong>+ <\/strong><\/span><\/span><span style=\"color: #000000;\"><strong><span style=\"color: #ff9900;\">MAIS NOT\u00cdCIAS DO ESTADO DO RIO DE JANEIRO?<\/span> <span style=\"color: #008080;\"><a style=\"color: #008080;\" href=\"https:\/\/folhadoleste.com.br\/en\/category\/estado-do-rio-de-janeiro\/\">CLIQUE AQUI<\/a><\/span><\/strong><\/span><\/h5>\n<p>&nbsp;<\/p>\n<p><a href=\"https:\/\/www.instagram.com\/folhadoleste\/\"><img decoding=\"async\" class=\"aligncenter wp-image-15962\" src=\"https:\/\/folhadoleste.com.br\/wp-content\/uploads\/2023\/07\/instagram.jpg.webp\" alt=\"Itaipu-Itaipua\u00e7u: Caminh\u00e3o causa grave acidente na RJ-102, a estrada da Serrinha\" width=\"49\" height=\"49\" \/><\/a><a href=\"https:\/\/www.facebook.com\/folhadoleste\"><img decoding=\"async\" class=\"aligncenter wp-image-7424\" src=\"https:\/\/folhadoleste.com.br\/wp-content\/uploads\/2023\/05\/facebook-logo-3-1.png.webp\" alt=\"Itaipu-Itaipua\u00e7u: Caminh\u00e3o causa grave acidente na RJ-102, a estrada da Serrinha\" width=\"49\" height=\"49\" \/><\/a><\/p>","protected":false},"excerpt":{"rendered":"<p>Na manh\u00e3 desta quinta-feira (18), durante um ato pol\u00edtico na pra\u00e7a Saens Pe\u00f1a, Zona Norte do Rio de Janeiro, o ex-presidente Jair Bolsonaro (PL) expressou apoio ao deputado federal Alexandre Ramagem (PL), alegando que ele \u00e9 alvo de persegui\u00e7\u00e3o. A declara\u00e7\u00e3o se deu no \u00fanico contexto em que Bolsonaro fez discreta men\u00e7\u00e3o esc\u00e2ndalo do grampo, no caso da &#8220;Abin Paralela&#8221;. Ao lado dele, estava o governador do Rio, Cl\u00e1udio Castro, e o deputado federal Altineu C\u00f4rtes, presidente regional do PL no Rio. V\u00cdDEO COM OS DISCURSOS DE BOLSONARO E RAMAGEM NO FINAL DA REPORTAGEM Al\u00e9m disso, Bolsonaro veio carregado de [&hellip;]<\/p>\n","protected":false},"author":4,"featured_media":76951,"comment_status":"open","ping_status":"open","sticky":false,"template":"","format":"standard","meta":{"footnotes":""},"categories":[115,67],"tags":[627,19967,34837,34835,1816,1815,13039,34836,3948,167,8827,1918,4448,34833,1777,2121,11732,27942,34832,865,50,34831,34830,382,3366,4917,34528,17143,34834,93,2233],"class_list":["post-76949","post","type-post","status-publish","format-standard","has-post-thumbnail","hentry","category-politica","category-rio-de-janeiro-capital","tag-8-de-janeiro","tag-alexandre-ramagem","tag-apoio-politico","tag-audiencia-de-audio","tag-bolsonaro","tag-brasilia","tag-campanha-eleitoral","tag-caso-rachadinha","tag-censura","tag-eduardo-paes","tag-eleicoes-2024","tag-fake-news","tag-flavio-bolsonaro","tag-gustavo-bebbiano","tag-icarai","tag-jair-bolsonaro","tag-jordy","tag-liberdade-de-expressao","tag-luciano-bivar","tag-luiz-inacio-lula-da-silva","tag-niteroi","tag-o-governo-federal","tag-pao-com-leite-moca","tag-policia-federal","tag-praca-saens-pena","tag-prefeito-do-rio","tag-rachadinha","tag-ramagem","tag-reuniao-com-traficantes","tag-rio-de-janeiro","tag-tijuca","post--single"],"yoast_head":"<!-- This site is optimized with the Yoast SEO plugin v27.4 - https:\/\/yoast.com\/product\/yoast-seo-wordpress\/ -->\n<title>Rio - Pr\u00e9-campanha de Ramagem tem presen\u00e7a e discurso inflamado de Bolsonaro - V\u00cdDEOS &#8226; Folha do Leste<\/title>\n<meta name=\"description\" content=\"Pr\u00e9-campanha de Ramagem tem presen\u00e7a e discurso de Bolsonaro, que amanhece no s\u00e1bado (20), em Niter\u00f3i, \u00e0s 10h na praia de Icara\u00ed, em ades\u00e3o \u00e0 candidatura do deputado federal Carlos Jordy\" \/>\n<meta name=\"robots\" content=\"index, follow, max-snippet:-1, max-image-preview:large, max-video-preview:-1\" \/>\n<link rel=\"canonical\" href=\"https:\/\/folhadoleste.com.br\/en\/pre-campanha-de-ramagem-tem-presenca-e-discurso-de-bolsonaro\/\" \/>\n<meta property=\"og:locale\" content=\"en_US\" \/>\n<meta property=\"og:type\" content=\"article\" \/>\n<meta property=\"og:title\" content=\"Rio - Pr\u00e9-campanha de Ramagem tem presen\u00e7a e discurso inflamado de Bolsonaro - V\u00cdDEOS &#8226; Folha do Leste\" \/>\n<meta property=\"og:description\" content=\"Pol\u00edtica, Rio de Janeiro - Capital &#8226; 19 de July de 2024 &#8226; Folha do Leste\" \/>\n<meta property=\"og:url\" content=\"https:\/\/folhadoleste.com.br\/en\/pre-campanha-de-ramagem-tem-presenca-e-discurso-de-bolsonaro\/\" \/>\n<meta property=\"og:site_name\" content=\"Folha do Leste\" \/>\n<meta property=\"article:publisher\" content=\"https:\/\/www.facebook.com\/folhadoleste\" \/>\n<meta property=\"article:published_time\" content=\"2024-07-19T07:51:49+00:00\" \/>\n<meta property=\"article:modified_time\" content=\"2024-07-19T08:11:32+00:00\" \/>\n<meta property=\"og:image\" content=\"https:\/\/folhadoleste.com.br\/wp-content\/uploads\/2024\/07\/61bc7565-bolsonaro-e-ramagem.ft-reproducao-instagram-960x640-1.webp\" \/>\n\t<meta property=\"og:image:width\" content=\"960\" \/>\n\t<meta property=\"og:image:height\" content=\"640\" \/>\n\t<meta property=\"og:image:type\" content=\"image\/webp\" \/>\n<meta name=\"author\" content=\"Folha do Leste\" \/>\n<meta name=\"twitter:card\" content=\"summary_large_image\" \/>\n<meta name=\"twitter:creator\" content=\"@FolhadoLesteRJ\" \/>\n<meta name=\"twitter:site\" content=\"@FolhadoLesteRJ\" \/>\n<meta name=\"twitter:label1\" content=\"Written by\" \/>\n\t<meta name=\"twitter:data1\" content=\"Folha do Leste\" \/>\n\t<meta name=\"twitter:label2\" content=\"Est. reading time\" \/>\n\t<meta name=\"twitter:data2\" content=\"9 minutes\" \/>\n<script type=\"application\/ld+json\" class=\"yoast-schema-graph\">{\"@context\":\"https:\\\/\\\/schema.org\",\"@graph\":[{\"@type\":\"NewsArticle\",\"@id\":\"https:\\\/\\\/folhadoleste.com.br\\\/pre-campanha-de-ramagem-tem-presenca-e-discurso-de-bolsonaro\\\/#article\",\"isPartOf\":{\"@id\":\"https:\\\/\\\/folhadoleste.com.br\\\/pre-campanha-de-ramagem-tem-presenca-e-discurso-de-bolsonaro\\\/\"},\"author\":{\"name\":\"Folha do Leste\",\"@id\":\"https:\\\/\\\/folhadoleste.com.br\\\/#\\\/schema\\\/person\\\/3e97145b2e1861276e84471aa85a3899\"},\"headline\":\"Rio &#8211; Pr\u00e9-campanha de Ramagem tem presen\u00e7a e discurso inflamado de Bolsonaro &#8211; V\u00cdDEOS\",\"datePublished\":\"2024-07-19T07:51:49+00:00\",\"dateModified\":\"2024-07-19T08:11:32+00:00\",\"mainEntityOfPage\":{\"@id\":\"https:\\\/\\\/folhadoleste.com.br\\\/pre-campanha-de-ramagem-tem-presenca-e-discurso-de-bolsonaro\\\/\"},\"wordCount\":1656,\"commentCount\":0,\"publisher\":{\"@id\":\"https:\\\/\\\/folhadoleste.com.br\\\/#organization\"},\"image\":{\"@id\":\"https:\\\/\\\/folhadoleste.com.br\\\/pre-campanha-de-ramagem-tem-presenca-e-discurso-de-bolsonaro\\\/#primaryimage\"},\"thumbnailUrl\":\"https:\\\/\\\/folhadoleste.com.br\\\/wp-content\\\/uploads\\\/2024\\\/07\\\/61bc7565-bolsonaro-e-ramagem.ft-reproducao-instagram-960x640-1.webp\",\"keywords\":[\"8 de janeiro\",\"Alexandre Ramagem\",\"Apoio pol\u00edtico\",\"Audi\u00eancia de \u00e1udio\",\"Bolsonaro\",\"Bras\u00edlia\",\"Campanha Eleitoral\",\"Caso rachadinha\",\"Censura\",\"Eduardo Paes\",\"Elei\u00e7\u00f5es 2024\",\"fake-news\",\"Fl\u00e1vio Bolsonaro\",\"Gustavo Bebbiano\",\"Icara\u00ed\",\"Jair Bolsonaro\",\"Jordy\",\"Liberdade de express\u00e3o\",\"Luciano Bivar\",\"Luiz In\u00e1cio Lula da Silva\",\"Niter\u00f3i\",\"o governo federal\",\"p\u00e3o com leite mo\u00e7a\",\"Pol\u00edcia Federal\",\"Pra\u00e7a Saens Pe\u00f1a\",\"prefeito do Rio\",\"rachadinha\",\"Ramagem\",\"Reuni\u00e3o com traficantes\",\"Rio de Janeiro\",\"Tijuca\"],\"articleSection\":[\"Pol\u00edtica\",\"Rio de Janeiro - Capital\"],\"inLanguage\":\"en-US\",\"potentialAction\":[{\"@type\":\"CommentAction\",\"name\":\"Comment\",\"target\":[\"https:\\\/\\\/folhadoleste.com.br\\\/pre-campanha-de-ramagem-tem-presenca-e-discurso-de-bolsonaro\\\/#respond\"]}]},{\"@type\":\"WebPage\",\"@id\":\"https:\\\/\\\/folhadoleste.com.br\\\/pre-campanha-de-ramagem-tem-presenca-e-discurso-de-bolsonaro\\\/\",\"url\":\"https:\\\/\\\/folhadoleste.com.br\\\/pre-campanha-de-ramagem-tem-presenca-e-discurso-de-bolsonaro\\\/\",\"name\":\"Rio - Pr\u00e9-campanha de Ramagem tem presen\u00e7a e discurso inflamado de Bolsonaro - V\u00cdDEOS &#8226; Folha do Leste\",\"isPartOf\":{\"@id\":\"https:\\\/\\\/folhadoleste.com.br\\\/#website\"},\"primaryImageOfPage\":{\"@id\":\"https:\\\/\\\/folhadoleste.com.br\\\/pre-campanha-de-ramagem-tem-presenca-e-discurso-de-bolsonaro\\\/#primaryimage\"},\"image\":{\"@id\":\"https:\\\/\\\/folhadoleste.com.br\\\/pre-campanha-de-ramagem-tem-presenca-e-discurso-de-bolsonaro\\\/#primaryimage\"},\"thumbnailUrl\":\"https:\\\/\\\/folhadoleste.com.br\\\/wp-content\\\/uploads\\\/2024\\\/07\\\/61bc7565-bolsonaro-e-ramagem.ft-reproducao-instagram-960x640-1.webp\",\"datePublished\":\"2024-07-19T07:51:49+00:00\",\"dateModified\":\"2024-07-19T08:11:32+00:00\",\"description\":\"Pr\u00e9-campanha de Ramagem tem presen\u00e7a e discurso de Bolsonaro, que amanhece no s\u00e1bado (20), em Niter\u00f3i, \u00e0s 10h na praia de Icara\u00ed, em ades\u00e3o \u00e0 candidatura do deputado federal Carlos Jordy\",\"breadcrumb\":{\"@id\":\"https:\\\/\\\/folhadoleste.com.br\\\/pre-campanha-de-ramagem-tem-presenca-e-discurso-de-bolsonaro\\\/#breadcrumb\"},\"inLanguage\":\"en-US\",\"potentialAction\":[{\"@type\":\"ReadAction\",\"target\":[\"https:\\\/\\\/folhadoleste.com.br\\\/pre-campanha-de-ramagem-tem-presenca-e-discurso-de-bolsonaro\\\/\"]}]},{\"@type\":\"ImageObject\",\"inLanguage\":\"en-US\",\"@id\":\"https:\\\/\\\/folhadoleste.com.br\\\/pre-campanha-de-ramagem-tem-presenca-e-discurso-de-bolsonaro\\\/#primaryimage\",\"url\":\"https:\\\/\\\/folhadoleste.com.br\\\/wp-content\\\/uploads\\\/2024\\\/07\\\/61bc7565-bolsonaro-e-ramagem.ft-reproducao-instagram-960x640-1.webp\",\"contentUrl\":\"https:\\\/\\\/folhadoleste.com.br\\\/wp-content\\\/uploads\\\/2024\\\/07\\\/61bc7565-bolsonaro-e-ramagem.ft-reproducao-instagram-960x640-1.webp\",\"width\":960,\"height\":640,\"caption\":\"Pr\u00e9-campanha de Ramagem tem presen\u00e7a e discurso de Bolsonaro\"},{\"@type\":\"BreadcrumbList\",\"@id\":\"https:\\\/\\\/folhadoleste.com.br\\\/pre-campanha-de-ramagem-tem-presenca-e-discurso-de-bolsonaro\\\/#breadcrumb\",\"itemListElement\":[{\"@type\":\"ListItem\",\"position\":1,\"name\":\"In\u00edcio\",\"item\":\"https:\\\/\\\/folhadoleste.com.br\\\/\"},{\"@type\":\"ListItem\",\"position\":2,\"name\":\"Rio de Janeiro - Capital\",\"item\":\"https:\\\/\\\/folhadoleste.com.br\\\/category\\\/rio-de-janeiro-capital\\\/\"},{\"@type\":\"ListItem\",\"position\":3,\"name\":\"Rio &#8211; Pr\u00e9-campanha de Ramagem tem presen\u00e7a e discurso inflamado de Bolsonaro &#8211; V\u00cdDEOS\"}]},{\"@type\":\"WebSite\",\"@id\":\"https:\\\/\\\/folhadoleste.com.br\\\/#website\",\"url\":\"https:\\\/\\\/folhadoleste.com.br\\\/\",\"name\":\"Folha do Leste\",\"description\":\"Portal de Not\u00edcias com \u00eanfase em Niter\u00f3i, criando conte\u00fados desde a capital Rio de Janeiro, com olhar para o Leste Fluminense e suas cidades como S\u00e3o Gon\u00e7alo, Itabora\u00ed, Rio Bonito, Maric\u00e1, Saquarema e Araruama\",\"publisher\":{\"@id\":\"https:\\\/\\\/folhadoleste.com.br\\\/#organization\"},\"alternateName\":\"FL\",\"potentialAction\":[{\"@type\":\"SearchAction\",\"target\":{\"@type\":\"EntryPoint\",\"urlTemplate\":\"https:\\\/\\\/folhadoleste.com.br\\\/?s={search_term_string}\"},\"query-input\":{\"@type\":\"PropertyValueSpecification\",\"valueRequired\":true,\"valueName\":\"search_term_string\"}}],\"inLanguage\":\"en-US\"},{\"@type\":\"Organization\",\"@id\":\"https:\\\/\\\/folhadoleste.com.br\\\/#organization\",\"name\":\"Brasil 21 Comunica\u00e7\u00e3o\",\"alternateName\":\"BR21\",\"url\":\"https:\\\/\\\/folhadoleste.com.br\\\/\",\"logo\":{\"@type\":\"ImageObject\",\"inLanguage\":\"en-US\",\"@id\":\"https:\\\/\\\/folhadoleste.com.br\\\/#\\\/schema\\\/logo\\\/image\\\/\",\"url\":\"https:\\\/\\\/folhadoleste.com.br\\\/wp-content\\\/uploads\\\/2025\\\/12\\\/brasil-21-logomarca.avif\",\"contentUrl\":\"https:\\\/\\\/folhadoleste.com.br\\\/wp-content\\\/uploads\\\/2025\\\/12\\\/brasil-21-logomarca.avif\",\"width\":1044,\"height\":1044,\"caption\":\"Brasil 21 Comunica\u00e7\u00e3o\"},\"image\":{\"@id\":\"https:\\\/\\\/folhadoleste.com.br\\\/#\\\/schema\\\/logo\\\/image\\\/\"},\"sameAs\":[\"https:\\\/\\\/www.facebook.com\\\/folhadoleste\",\"https:\\\/\\\/x.com\\\/FolhadoLesteRJ\",\"https:\\\/\\\/www.instagram.com\\\/folhadoleste\\\/\"]},{\"@type\":\"Person\",\"@id\":\"https:\\\/\\\/folhadoleste.com.br\\\/#\\\/schema\\\/person\\\/3e97145b2e1861276e84471aa85a3899\",\"name\":\"Folha do Leste\",\"image\":{\"@type\":\"ImageObject\",\"inLanguage\":\"en-US\",\"@id\":\"https:\\\/\\\/folhadoleste.com.br\\\/wp-content\\\/litespeed\\\/avatar\\\/1ca8c218432e7045e748610eb3db0259.jpg?ver=1777161142\",\"url\":\"https:\\\/\\\/folhadoleste.com.br\\\/wp-content\\\/litespeed\\\/avatar\\\/1ca8c218432e7045e748610eb3db0259.jpg?ver=1777161142\",\"contentUrl\":\"https:\\\/\\\/folhadoleste.com.br\\\/wp-content\\\/litespeed\\\/avatar\\\/1ca8c218432e7045e748610eb3db0259.jpg?ver=1777161142\",\"caption\":\"Folha do Leste\"},\"url\":\"https:\\\/\\\/folhadoleste.com.br\\\/en\\\/author\\\/reportagem-01\\\/\"}]}<\/script>\n<!-- \/ Yoast SEO plugin. -->","yoast_head_json":{"title":"Rio - Pr\u00e9-campanha de Ramagem tem presen\u00e7a e discurso inflamado de Bolsonaro - V\u00cdDEOS &#8226; Folha do Leste","description":"Pr\u00e9-campanha de Ramagem tem presen\u00e7a e discurso de Bolsonaro, que amanhece no s\u00e1bado (20), em Niter\u00f3i, \u00e0s 10h na praia de Icara\u00ed, em ades\u00e3o \u00e0 candidatura do deputado federal Carlos Jordy","robots":{"index":"index","follow":"follow","max-snippet":"max-snippet:-1","max-image-preview":"max-image-preview:large","max-video-preview":"max-video-preview:-1"},"canonical":"https:\/\/folhadoleste.com.br\/en\/pre-campanha-de-ramagem-tem-presenca-e-discurso-de-bolsonaro\/","og_locale":"en_US","og_type":"article","og_title":"Rio - Pr\u00e9-campanha de Ramagem tem presen\u00e7a e discurso inflamado de Bolsonaro - V\u00cdDEOS &#8226; Folha do Leste","og_description":"Pol\u00edtica, Rio de Janeiro - Capital &#8226; 19 de July de 2024 &#8226; Folha do Leste","og_url":"https:\/\/folhadoleste.com.br\/en\/pre-campanha-de-ramagem-tem-presenca-e-discurso-de-bolsonaro\/","og_site_name":"Folha do Leste","article_publisher":"https:\/\/www.facebook.com\/folhadoleste","article_published_time":"2024-07-19T07:51:49+00:00","article_modified_time":"2024-07-19T08:11:32+00:00","og_image":[{"width":960,"height":640,"url":"https:\/\/folhadoleste.com.br\/wp-content\/uploads\/2024\/07\/61bc7565-bolsonaro-e-ramagem.ft-reproducao-instagram-960x640-1.webp","type":"image\/webp"}],"author":"Folha do Leste","twitter_card":"summary_large_image","twitter_creator":"@FolhadoLesteRJ","twitter_site":"@FolhadoLesteRJ","twitter_misc":{"Written by":"Folha do Leste","Est. reading time":"9 minutes"},"schema":{"@context":"https:\/\/schema.org","@graph":[{"@type":"NewsArticle","@id":"https:\/\/folhadoleste.com.br\/pre-campanha-de-ramagem-tem-presenca-e-discurso-de-bolsonaro\/#article","isPartOf":{"@id":"https:\/\/folhadoleste.com.br\/pre-campanha-de-ramagem-tem-presenca-e-discurso-de-bolsonaro\/"},"author":{"name":"Folha do Leste","@id":"https:\/\/folhadoleste.com.br\/#\/schema\/person\/3e97145b2e1861276e84471aa85a3899"},"headline":"Rio &#8211; Pr\u00e9-campanha de Ramagem tem presen\u00e7a e discurso inflamado de Bolsonaro &#8211; V\u00cdDEOS","datePublished":"2024-07-19T07:51:49+00:00","dateModified":"2024-07-19T08:11:32+00:00","mainEntityOfPage":{"@id":"https:\/\/folhadoleste.com.br\/pre-campanha-de-ramagem-tem-presenca-e-discurso-de-bolsonaro\/"},"wordCount":1656,"commentCount":0,"publisher":{"@id":"https:\/\/folhadoleste.com.br\/#organization"},"image":{"@id":"https:\/\/folhadoleste.com.br\/pre-campanha-de-ramagem-tem-presenca-e-discurso-de-bolsonaro\/#primaryimage"},"thumbnailUrl":"https:\/\/folhadoleste.com.br\/wp-content\/uploads\/2024\/07\/61bc7565-bolsonaro-e-ramagem.ft-reproducao-instagram-960x640-1.webp","keywords":["8 de janeiro","Alexandre Ramagem","Apoio pol\u00edtico","Audi\u00eancia de \u00e1udio","Bolsonaro","Bras\u00edlia","Campanha Eleitoral","Caso rachadinha","Censura","Eduardo Paes","Elei\u00e7\u00f5es 2024","fake-news","Fl\u00e1vio Bolsonaro","Gustavo Bebbiano","Icara\u00ed","Jair Bolsonaro","Jordy","Liberdade de express\u00e3o","Luciano Bivar","Luiz In\u00e1cio Lula da Silva","Niter\u00f3i","o governo federal","p\u00e3o com leite mo\u00e7a","Pol\u00edcia Federal","Pra\u00e7a Saens Pe\u00f1a","prefeito do Rio","rachadinha","Ramagem","Reuni\u00e3o com traficantes","Rio de Janeiro","Tijuca"],"articleSection":["Pol\u00edtica","Rio de Janeiro - Capital"],"inLanguage":"en-US","potentialAction":[{"@type":"CommentAction","name":"Comment","target":["https:\/\/folhadoleste.com.br\/pre-campanha-de-ramagem-tem-presenca-e-discurso-de-bolsonaro\/#respond"]}]},{"@type":"WebPage","@id":"https:\/\/folhadoleste.com.br\/pre-campanha-de-ramagem-tem-presenca-e-discurso-de-bolsonaro\/","url":"https:\/\/folhadoleste.com.br\/pre-campanha-de-ramagem-tem-presenca-e-discurso-de-bolsonaro\/","name":"Rio - Pr\u00e9-campanha de Ramagem tem presen\u00e7a e discurso inflamado de Bolsonaro - V\u00cdDEOS &#8226; Folha do Leste","isPartOf":{"@id":"https:\/\/folhadoleste.com.br\/#website"},"primaryImageOfPage":{"@id":"https:\/\/folhadoleste.com.br\/pre-campanha-de-ramagem-tem-presenca-e-discurso-de-bolsonaro\/#primaryimage"},"image":{"@id":"https:\/\/folhadoleste.com.br\/pre-campanha-de-ramagem-tem-presenca-e-discurso-de-bolsonaro\/#primaryimage"},"thumbnailUrl":"https:\/\/folhadoleste.com.br\/wp-content\/uploads\/2024\/07\/61bc7565-bolsonaro-e-ramagem.ft-reproducao-instagram-960x640-1.webp","datePublished":"2024-07-19T07:51:49+00:00","dateModified":"2024-07-19T08:11:32+00:00","description":"Pr\u00e9-campanha de Ramagem tem presen\u00e7a e discurso de Bolsonaro, que amanhece no s\u00e1bado (20), em Niter\u00f3i, \u00e0s 10h na praia de Icara\u00ed, em ades\u00e3o \u00e0 candidatura do deputado federal Carlos Jordy","breadcrumb":{"@id":"https:\/\/folhadoleste.com.br\/pre-campanha-de-ramagem-tem-presenca-e-discurso-de-bolsonaro\/#breadcrumb"},"inLanguage":"en-US","potentialAction":[{"@type":"ReadAction","target":["https:\/\/folhadoleste.com.br\/pre-campanha-de-ramagem-tem-presenca-e-discurso-de-bolsonaro\/"]}]},{"@type":"ImageObject","inLanguage":"en-US","@id":"https:\/\/folhadoleste.com.br\/pre-campanha-de-ramagem-tem-presenca-e-discurso-de-bolsonaro\/#primaryimage","url":"https:\/\/folhadoleste.com.br\/wp-content\/uploads\/2024\/07\/61bc7565-bolsonaro-e-ramagem.ft-reproducao-instagram-960x640-1.webp","contentUrl":"https:\/\/folhadoleste.com.br\/wp-content\/uploads\/2024\/07\/61bc7565-bolsonaro-e-ramagem.ft-reproducao-instagram-960x640-1.webp","width":960,"height":640,"caption":"Pr\u00e9-campanha de Ramagem tem presen\u00e7a e discurso de Bolsonaro"},{"@type":"BreadcrumbList","@id":"https:\/\/folhadoleste.com.br\/pre-campanha-de-ramagem-tem-presenca-e-discurso-de-bolsonaro\/#breadcrumb","itemListElement":[{"@type":"ListItem","position":1,"name":"In\u00edcio","item":"https:\/\/folhadoleste.com.br\/"},{"@type":"ListItem","position":2,"name":"Rio de Janeiro - Capital","item":"https:\/\/folhadoleste.com.br\/category\/rio-de-janeiro-capital\/"},{"@type":"ListItem","position":3,"name":"Rio &#8211; Pr\u00e9-campanha de Ramagem tem presen\u00e7a e discurso inflamado de Bolsonaro &#8211; V\u00cdDEOS"}]},{"@type":"WebSite","@id":"https:\/\/folhadoleste.com.br\/#website","url":"https:\/\/folhadoleste.com.br\/","name":"Folha do Leste","description":"Portal de Not\u00edcias com \u00eanfase em Niter\u00f3i, criando conte\u00fados desde a capital Rio de Janeiro, com olhar para o Leste Fluminense e suas cidades como S\u00e3o Gon\u00e7alo, Itabora\u00ed, Rio Bonito, Maric\u00e1, Saquarema e Araruama","publisher":{"@id":"https:\/\/folhadoleste.com.br\/#organization"},"alternateName":"FL","potentialAction":[{"@type":"SearchAction","target":{"@type":"EntryPoint","urlTemplate":"https:\/\/folhadoleste.com.br\/?s={search_term_string}"},"query-input":{"@type":"PropertyValueSpecification","valueRequired":true,"valueName":"search_term_string"}}],"inLanguage":"en-US"},{"@type":"Organization","@id":"https:\/\/folhadoleste.com.br\/#organization","name":"Brasil 21 Comunica\u00e7\u00e3o","alternateName":"BR21","url":"https:\/\/folhadoleste.com.br\/","logo":{"@type":"ImageObject","inLanguage":"en-US","@id":"https:\/\/folhadoleste.com.br\/#\/schema\/logo\/image\/","url":"https:\/\/folhadoleste.com.br\/wp-content\/uploads\/2025\/12\/brasil-21-logomarca.avif","contentUrl":"https:\/\/folhadoleste.com.br\/wp-content\/uploads\/2025\/12\/brasil-21-logomarca.avif","width":1044,"height":1044,"caption":"Brasil 21 Comunica\u00e7\u00e3o"},"image":{"@id":"https:\/\/folhadoleste.com.br\/#\/schema\/logo\/image\/"},"sameAs":["https:\/\/www.facebook.com\/folhadoleste","https:\/\/x.com\/FolhadoLesteRJ","https:\/\/www.instagram.com\/folhadoleste\/"]},{"@type":"Person","@id":"https:\/\/folhadoleste.com.br\/#\/schema\/person\/3e97145b2e1861276e84471aa85a3899","name":"Folha do Leste","image":{"@type":"ImageObject","inLanguage":"en-US","@id":"https:\/\/folhadoleste.com.br\/wp-content\/litespeed\/avatar\/1ca8c218432e7045e748610eb3db0259.jpg?ver=1777161142","url":"https:\/\/folhadoleste.com.br\/wp-content\/litespeed\/avatar\/1ca8c218432e7045e748610eb3db0259.jpg?ver=1777161142","contentUrl":"https:\/\/folhadoleste.com.br\/wp-content\/litespeed\/avatar\/1ca8c218432e7045e748610eb3db0259.jpg?ver=1777161142","caption":"Folha do Leste"},"url":"https:\/\/folhadoleste.com.br\/en\/author\/reportagem-01\/"}]}},"_links":{"self":[{"href":"https:\/\/folhadoleste.com.br\/en\/wp-json\/wp\/v2\/posts\/76949","targetHints":{"allow":["GET"]}}],"collection":[{"href":"https:\/\/folhadoleste.com.br\/en\/wp-json\/wp\/v2\/posts"}],"about":[{"href":"https:\/\/folhadoleste.com.br\/en\/wp-json\/wp\/v2\/types\/post"}],"author":[{"embeddable":true,"href":"https:\/\/folhadoleste.com.br\/en\/wp-json\/wp\/v2\/users\/4"}],"replies":[{"embeddable":true,"href":"https:\/\/folhadoleste.com.br\/en\/wp-json\/wp\/v2\/comments?post=76949"}],"version-history":[{"count":5,"href":"https:\/\/folhadoleste.com.br\/en\/wp-json\/wp\/v2\/posts\/76949\/revisions"}],"predecessor-version":[{"id":76963,"href":"https:\/\/folhadoleste.com.br\/en\/wp-json\/wp\/v2\/posts\/76949\/revisions\/76963"}],"wp:featuredmedia":[{"embeddable":true,"href":"https:\/\/folhadoleste.com.br\/en\/wp-json\/wp\/v2\/media\/76951"}],"wp:attachment":[{"href":"https:\/\/folhadoleste.com.br\/en\/wp-json\/wp\/v2\/media?parent=76949"}],"wp:term":[{"taxonomy":"category","embeddable":true,"href":"https:\/\/folhadoleste.com.br\/en\/wp-json\/wp\/v2\/categories?post=76949"},{"taxonomy":"post_tag","embeddable":true,"href":"https:\/\/folhadoleste.com.br\/en\/wp-json\/wp\/v2\/tags?post=76949"}],"curies":[{"name":"wp","href":"https:\/\/api.w.org\/{rel}","templated":true}]}}