{"id":75386,"date":"2024-07-08T16:00:57","date_gmt":"2024-07-08T19:00:57","guid":{"rendered":"https:\/\/folhadoleste.com.br\/?p=75386"},"modified":"2024-07-08T16:00:57","modified_gmt":"2024-07-08T19:00:57","slug":"verdao-formaliza-pre-contrato-e-prepara-investida-para-gabigol","status":"publish","type":"post","link":"https:\/\/folhadoleste.com.br\/en\/verdao-formaliza-pre-contrato-e-prepara-investida-para-gabigol\/","title":{"rendered":"Verd\u00e3o formaliza pr\u00e9-contrato e prepara investida para Gabigol"},"content":{"rendered":"<div id=\"attachment_75388\" style=\"width: 1210px\" class=\"wp-caption aligncenter\"><a href=\"https:\/\/folhadoleste.com.br\/wp-content\/uploads\/2024\/07\/Verdao-formaliza-proposta-e-prepara-investida-para-Gabigol-Foto-Marcelo-Cortes-Flamengo.webp\"><img decoding=\"async\" aria-describedby=\"caption-attachment-75388\" class=\"size-full wp-image-75388\" src=\"https:\/\/folhadoleste.com.br\/wp-content\/uploads\/2024\/07\/Verdao-formaliza-proposta-e-prepara-investida-para-Gabigol-Foto-Marcelo-Cortes-Flamengo.webp\" alt=\"Verd\u00e3o formaliza proposta e prepara investida para Gabigol\" width=\"1200\" height=\"750\" \/><\/a><p id=\"caption-attachment-75388\" class=\"wp-caption-text\">Verd\u00e3o formaliza pr\u00e9-contrato e prepara investida para Gabigol | Marcelo Cortes\/Flamengo<\/p><\/div>\n<p style=\"text-align: justify;\" data-sourcepos=\"9:1-9:314\">Em uma jogada surpreendente, o Palmeiras oficializou nesta segunda-feira (08) uma proposta de pr\u00e9-contrato para Gabigol, craque do Flamengo. O objetivo do Verd\u00e3o \u00e9 contar com o talento do camisa 9 a partir de janeiro de 2025, sem custos de transfer\u00eancia. A oferta foi enviada \u00e0 equipe do jogador e aguarda resposta.<\/p>\n<h6><span style=\"color: #ff0000;\"><strong>+<\/strong><\/span> <span style=\"color: #000000;\">LEIA TAMB\u00c9M: \u25ba<\/span><a href=\"https:\/\/folhadoleste.com.br\/en\/fluminense-john-kennedy-na-mira-de-clube-mexicano\/\"><strong>Fluminense: John Kennedy na mira de clube mexicano<\/strong><\/a><\/h6>\n<p style=\"text-align: justify;\" data-sourcepos=\"13:1-13:270\">A investida do Palmeiras, no entanto, encontra resist\u00eancia do Flamengo. O Rubro-Negro n\u00e3o deseja liberar Gabigol de gra\u00e7a e busca alternativas para negociar o jogador, incluindo uma poss\u00edvel venda para o exterior, onde as propostas financeiras podem ser mais vantajosas.<\/p>\n<h5 style=\"text-align: center;\"><span style=\"color: #000000;\"><span style=\"color: #ff0000;\"><strong>+ <\/strong><\/span><\/span><span style=\"color: #000000;\"><strong><span style=\"color: #ff9900;\">MAIS NOT\u00cdCIAS DE ESPORTES?<\/span> <span style=\"color: #008080;\"><a style=\"color: #008080;\" href=\"https:\/\/folhadoleste.com.br\/en\/category\/esportes\/\">CLIQUE AQUI<\/a><\/span><\/strong><\/span><\/h5>\n<p style=\"text-align: justify;\" data-sourcepos=\"17:1-17:200\">Apesar da postura inicial do Flamengo, as conversas entre os clubes seguem em andamento. O Palmeiras, inclusive, chegou a oferecer o atacante Dudu como parte da negocia\u00e7\u00e3o, mas a proposta n\u00e3o evoluiu.<\/p>\n<p style=\"text-align: justify;\" data-sourcepos=\"21:1-21:261\">Gabigol, por sua vez, segue focado no Flamengo e deve ser relacionado para a partida contra o Fortaleza, na pr\u00f3xima quinta-feira (11), no Maracan\u00e3. O futuro do camisa 9, no entanto, segue indefinido, com o impasse entre Palmeiras e Flamengo ainda sem resolu\u00e7\u00e3o.<\/p>\n<p data-sourcepos=\"21:1-21:261\">\n<p data-sourcepos=\"21:1-21:261\"><a href=\"https:\/\/www.instagram.com\/folhadoleste\/\"><img decoding=\"async\" class=\"aligncenter wp-image-15962\" src=\"https:\/\/folhadoleste.com.br\/wp-content\/uploads\/2023\/07\/instagram.jpg.webp\" alt=\"Itaipu-Itaipua\u00e7u: Caminh\u00e3o causa grave acidente na RJ-102, a estrada da Serrinha\" width=\"49\" height=\"49\" \/><\/a><a href=\"https:\/\/www.facebook.com\/folhadoleste\"><img decoding=\"async\" class=\"aligncenter wp-image-7424\" src=\"https:\/\/folhadoleste.com.br\/wp-content\/uploads\/2023\/05\/facebook-logo-3-1.png.webp\" alt=\"Itaipu-Itaipua\u00e7u: Caminh\u00e3o causa grave acidente na RJ-102, a estrada da Serrinha\" width=\"49\" height=\"49\" \/><\/a><\/p>","protected":false},"excerpt":{"rendered":"<p>Em uma jogada surpreendente, o Palmeiras oficializou nesta segunda-feira (08) uma proposta de pr\u00e9-contrato para Gabigol, craque do Flamengo. O objetivo do Verd\u00e3o \u00e9 contar com o talento do camisa 9 a partir de janeiro de 2025, sem custos de transfer\u00eancia. A oferta foi enviada \u00e0 equipe do jogador e aguarda resposta. + LEIA TAMB\u00c9M: \u25baFluminense: John Kennedy na mira de clube mexicano A investida do Palmeiras, no entanto, encontra resist\u00eancia do Flamengo. O Rubro-Negro n\u00e3o deseja liberar Gabigol de gra\u00e7a e busca alternativas para negociar o jogador, incluindo uma poss\u00edvel venda para o exterior, onde as propostas financeiras podem [&hellip;]<\/p>\n","protected":false},"author":4,"featured_media":75388,"comment_status":"open","ping_status":"open","sticky":false,"template":"","format":"standard","meta":{"footnotes":""},"categories":[48,65],"tags":[17979,886,15208,8257,105,285,545,101,1774,33664,286,15969,7614,540,23064,17787,33665,20188],"class_list":["post-75386","post","type-post","status-publish","format-standard","has-post-thumbnail","hentry","category-esportes","category-futebol-esportes","tag-17979","tag-contratacoes","tag-dudu","tag-especulacoes","tag-esportes","tag-flamengo","tag-fortaleza","tag-futebol","tag-gabigol","tag-investida","tag-maracana","tag-mercado-da-bola","tag-negociacao","tag-palmeiras","tag-pre-contrato","tag-rumores","tag-sem-custos","tag-transferencias","post--single"],"yoast_head":"<!-- This site is optimized with the Yoast SEO plugin v27.4 - https:\/\/yoast.com\/product\/yoast-seo-wordpress\/ -->\n<title>Verd\u00e3o formaliza pr\u00e9-contrato e prepara investida para Gabigol &#8226; Folha do Leste<\/title>\n<meta name=\"description\" content=\"Verd\u00e3o formaliza pr\u00e9-contrato e prepara investida para Gabigol. Atacante do Flamengo pode chegar ao Verd\u00e3o sem custos a partir de janeiro...\" \/>\n<meta name=\"robots\" content=\"index, follow, max-snippet:-1, max-image-preview:large, max-video-preview:-1\" \/>\n<link rel=\"canonical\" href=\"https:\/\/folhadoleste.com.br\/en\/verdao-formaliza-pre-contrato-e-prepara-investida-para-gabigol\/\" \/>\n<meta property=\"og:locale\" content=\"en_US\" \/>\n<meta property=\"og:type\" content=\"article\" \/>\n<meta property=\"og:title\" content=\"Verd\u00e3o formaliza pr\u00e9-contrato e prepara investida para Gabigol &#8226; Folha do Leste\" \/>\n<meta property=\"og:description\" content=\"Futebol &#8226; 8 de July de 2024 &#8226; Folha do Leste\" \/>\n<meta property=\"og:url\" content=\"https:\/\/folhadoleste.com.br\/en\/verdao-formaliza-pre-contrato-e-prepara-investida-para-gabigol\/\" \/>\n<meta property=\"og:site_name\" content=\"Folha do Leste\" \/>\n<meta property=\"article:publisher\" content=\"https:\/\/www.facebook.com\/folhadoleste\" \/>\n<meta property=\"article:published_time\" content=\"2024-07-08T19:00:57+00:00\" \/>\n<meta property=\"og:image\" content=\"https:\/\/folhadoleste.com.br\/wp-content\/uploads\/2024\/07\/Verdao-formaliza-proposta-e-prepara-investida-para-Gabigol-Foto-Marcelo-Cortes-Flamengo.webp\" \/>\n\t<meta property=\"og:image:width\" content=\"1200\" \/>\n\t<meta property=\"og:image:height\" content=\"750\" \/>\n\t<meta property=\"og:image:type\" content=\"image\/webp\" \/>\n<meta name=\"author\" content=\"Folha do Leste\" \/>\n<meta name=\"twitter:card\" content=\"summary_large_image\" \/>\n<meta name=\"twitter:description\" content=\"Futebol &#8226; 8 de July de 2024 &#8226; Folha do Leste\" \/>\n<meta name=\"twitter:creator\" content=\"@FolhadoLesteRJ\" \/>\n<meta name=\"twitter:site\" content=\"@FolhadoLesteRJ\" \/>\n<meta name=\"twitter:label1\" content=\"Written by\" \/>\n\t<meta name=\"twitter:data1\" content=\"Folha do Leste\" \/>\n\t<meta name=\"twitter:label2\" content=\"Est. reading time\" \/>\n\t<meta name=\"twitter:data2\" content=\"2 minutes\" \/>\n<script type=\"application\/ld+json\" class=\"yoast-schema-graph\">{\"@context\":\"https:\\\/\\\/schema.org\",\"@graph\":[{\"@type\":\"NewsArticle\",\"@id\":\"https:\\\/\\\/folhadoleste.com.br\\\/verdao-formaliza-pre-contrato-e-prepara-investida-para-gabigol\\\/#article\",\"isPartOf\":{\"@id\":\"https:\\\/\\\/folhadoleste.com.br\\\/verdao-formaliza-pre-contrato-e-prepara-investida-para-gabigol\\\/\"},\"author\":{\"name\":\"Folha do Leste\",\"@id\":\"https:\\\/\\\/folhadoleste.com.br\\\/#\\\/schema\\\/person\\\/3e97145b2e1861276e84471aa85a3899\"},\"headline\":\"Verd\u00e3o formaliza pr\u00e9-contrato e prepara investida para Gabigol\",\"datePublished\":\"2024-07-08T19:00:57+00:00\",\"mainEntityOfPage\":{\"@id\":\"https:\\\/\\\/folhadoleste.com.br\\\/verdao-formaliza-pre-contrato-e-prepara-investida-para-gabigol\\\/\"},\"wordCount\":219,\"commentCount\":0,\"publisher\":{\"@id\":\"https:\\\/\\\/folhadoleste.com.br\\\/#organization\"},\"image\":{\"@id\":\"https:\\\/\\\/folhadoleste.com.br\\\/verdao-formaliza-pre-contrato-e-prepara-investida-para-gabigol\\\/#primaryimage\"},\"thumbnailUrl\":\"https:\\\/\\\/folhadoleste.com.br\\\/wp-content\\\/uploads\\\/2024\\\/07\\\/Verdao-formaliza-proposta-e-prepara-investida-para-Gabigol-Foto-Marcelo-Cortes-Flamengo.webp\",\"keywords\":[\"2025\",\"Contrata\u00e7\u00f5es\",\"Dudu\",\"especula\u00e7\u00f5es\",\"Esportes\",\"Flamengo\",\"Fortaleza\",\"futebol\",\"Gabigol\",\"Investida\",\"Maracan\u00e3\",\"Mercado da bola\",\"negocia\u00e7\u00e3o\",\"Palmeiras\",\"Pr\u00e9-contrato\",\"Rumores\",\"Sem Custos\",\"Transfer\u00eancias\"],\"articleSection\":[\"Esportes\",\"Futebol\"],\"inLanguage\":\"en-US\",\"potentialAction\":[{\"@type\":\"CommentAction\",\"name\":\"Comment\",\"target\":[\"https:\\\/\\\/folhadoleste.com.br\\\/verdao-formaliza-pre-contrato-e-prepara-investida-para-gabigol\\\/#respond\"]}]},{\"@type\":\"WebPage\",\"@id\":\"https:\\\/\\\/folhadoleste.com.br\\\/verdao-formaliza-pre-contrato-e-prepara-investida-para-gabigol\\\/\",\"url\":\"https:\\\/\\\/folhadoleste.com.br\\\/verdao-formaliza-pre-contrato-e-prepara-investida-para-gabigol\\\/\",\"name\":\"Verd\u00e3o formaliza pr\u00e9-contrato e prepara investida para Gabigol &#8226; Folha do Leste\",\"isPartOf\":{\"@id\":\"https:\\\/\\\/folhadoleste.com.br\\\/#website\"},\"primaryImageOfPage\":{\"@id\":\"https:\\\/\\\/folhadoleste.com.br\\\/verdao-formaliza-pre-contrato-e-prepara-investida-para-gabigol\\\/#primaryimage\"},\"image\":{\"@id\":\"https:\\\/\\\/folhadoleste.com.br\\\/verdao-formaliza-pre-contrato-e-prepara-investida-para-gabigol\\\/#primaryimage\"},\"thumbnailUrl\":\"https:\\\/\\\/folhadoleste.com.br\\\/wp-content\\\/uploads\\\/2024\\\/07\\\/Verdao-formaliza-proposta-e-prepara-investida-para-Gabigol-Foto-Marcelo-Cortes-Flamengo.webp\",\"datePublished\":\"2024-07-08T19:00:57+00:00\",\"description\":\"Verd\u00e3o formaliza pr\u00e9-contrato e prepara investida para Gabigol. Atacante do Flamengo pode chegar ao Verd\u00e3o sem custos a partir de janeiro...\",\"breadcrumb\":{\"@id\":\"https:\\\/\\\/folhadoleste.com.br\\\/verdao-formaliza-pre-contrato-e-prepara-investida-para-gabigol\\\/#breadcrumb\"},\"inLanguage\":\"en-US\",\"potentialAction\":[{\"@type\":\"ReadAction\",\"target\":[\"https:\\\/\\\/folhadoleste.com.br\\\/verdao-formaliza-pre-contrato-e-prepara-investida-para-gabigol\\\/\"]}]},{\"@type\":\"ImageObject\",\"inLanguage\":\"en-US\",\"@id\":\"https:\\\/\\\/folhadoleste.com.br\\\/verdao-formaliza-pre-contrato-e-prepara-investida-para-gabigol\\\/#primaryimage\",\"url\":\"https:\\\/\\\/folhadoleste.com.br\\\/wp-content\\\/uploads\\\/2024\\\/07\\\/Verdao-formaliza-proposta-e-prepara-investida-para-Gabigol-Foto-Marcelo-Cortes-Flamengo.webp\",\"contentUrl\":\"https:\\\/\\\/folhadoleste.com.br\\\/wp-content\\\/uploads\\\/2024\\\/07\\\/Verdao-formaliza-proposta-e-prepara-investida-para-Gabigol-Foto-Marcelo-Cortes-Flamengo.webp\",\"width\":1200,\"height\":750,\"caption\":\"Verd\u00e3o formaliza proposta e prepara investida para Gabigol | Marcelo Cortes\\\/Flamengo\"},{\"@type\":\"BreadcrumbList\",\"@id\":\"https:\\\/\\\/folhadoleste.com.br\\\/verdao-formaliza-pre-contrato-e-prepara-investida-para-gabigol\\\/#breadcrumb\",\"itemListElement\":[{\"@type\":\"ListItem\",\"position\":1,\"name\":\"In\u00edcio\",\"item\":\"https:\\\/\\\/folhadoleste.com.br\\\/\"},{\"@type\":\"ListItem\",\"position\":2,\"name\":\"Esportes\",\"item\":\"https:\\\/\\\/folhadoleste.com.br\\\/category\\\/esportes\\\/\"},{\"@type\":\"ListItem\",\"position\":3,\"name\":\"Futebol\",\"item\":\"https:\\\/\\\/folhadoleste.com.br\\\/category\\\/esportes\\\/futebol-esportes\\\/\"},{\"@type\":\"ListItem\",\"position\":4,\"name\":\"Verd\u00e3o formaliza pr\u00e9-contrato e prepara investida para Gabigol\"}]},{\"@type\":\"WebSite\",\"@id\":\"https:\\\/\\\/folhadoleste.com.br\\\/#website\",\"url\":\"https:\\\/\\\/folhadoleste.com.br\\\/\",\"name\":\"Folha do Leste\",\"description\":\"Portal de Not\u00edcias com \u00eanfase em Niter\u00f3i, criando conte\u00fados desde a capital Rio de Janeiro, com olhar para o Leste Fluminense e suas cidades como S\u00e3o Gon\u00e7alo, Itabora\u00ed, Rio Bonito, Maric\u00e1, Saquarema e Araruama\",\"publisher\":{\"@id\":\"https:\\\/\\\/folhadoleste.com.br\\\/#organization\"},\"alternateName\":\"FL\",\"potentialAction\":[{\"@type\":\"SearchAction\",\"target\":{\"@type\":\"EntryPoint\",\"urlTemplate\":\"https:\\\/\\\/folhadoleste.com.br\\\/?s={search_term_string}\"},\"query-input\":{\"@type\":\"PropertyValueSpecification\",\"valueRequired\":true,\"valueName\":\"search_term_string\"}}],\"inLanguage\":\"en-US\"},{\"@type\":\"Organization\",\"@id\":\"https:\\\/\\\/folhadoleste.com.br\\\/#organization\",\"name\":\"Brasil 21 Comunica\u00e7\u00e3o\",\"alternateName\":\"BR21\",\"url\":\"https:\\\/\\\/folhadoleste.com.br\\\/\",\"logo\":{\"@type\":\"ImageObject\",\"inLanguage\":\"en-US\",\"@id\":\"https:\\\/\\\/folhadoleste.com.br\\\/#\\\/schema\\\/logo\\\/image\\\/\",\"url\":\"https:\\\/\\\/folhadoleste.com.br\\\/wp-content\\\/uploads\\\/2025\\\/12\\\/brasil-21-logomarca.avif\",\"contentUrl\":\"https:\\\/\\\/folhadoleste.com.br\\\/wp-content\\\/uploads\\\/2025\\\/12\\\/brasil-21-logomarca.avif\",\"width\":1044,\"height\":1044,\"caption\":\"Brasil 21 Comunica\u00e7\u00e3o\"},\"image\":{\"@id\":\"https:\\\/\\\/folhadoleste.com.br\\\/#\\\/schema\\\/logo\\\/image\\\/\"},\"sameAs\":[\"https:\\\/\\\/www.facebook.com\\\/folhadoleste\",\"https:\\\/\\\/x.com\\\/FolhadoLesteRJ\",\"https:\\\/\\\/www.instagram.com\\\/folhadoleste\\\/\"]},{\"@type\":\"Person\",\"@id\":\"https:\\\/\\\/folhadoleste.com.br\\\/#\\\/schema\\\/person\\\/3e97145b2e1861276e84471aa85a3899\",\"name\":\"Folha do Leste\",\"image\":{\"@type\":\"ImageObject\",\"inLanguage\":\"en-US\",\"@id\":\"https:\\\/\\\/folhadoleste.com.br\\\/wp-content\\\/litespeed\\\/avatar\\\/1ca8c218432e7045e748610eb3db0259.jpg?ver=1777161142\",\"url\":\"https:\\\/\\\/folhadoleste.com.br\\\/wp-content\\\/litespeed\\\/avatar\\\/1ca8c218432e7045e748610eb3db0259.jpg?ver=1777161142\",\"contentUrl\":\"https:\\\/\\\/folhadoleste.com.br\\\/wp-content\\\/litespeed\\\/avatar\\\/1ca8c218432e7045e748610eb3db0259.jpg?ver=1777161142\",\"caption\":\"Folha do Leste\"},\"url\":\"https:\\\/\\\/folhadoleste.com.br\\\/en\\\/author\\\/reportagem-01\\\/\"}]}<\/script>\n<!-- \/ Yoast SEO plugin. -->","yoast_head_json":{"title":"Verd\u00e3o formaliza pr\u00e9-contrato e prepara investida para Gabigol &#8226; Folha do Leste","description":"Verd\u00e3o formaliza pr\u00e9-contrato e prepara investida para Gabigol. Atacante do Flamengo pode chegar ao Verd\u00e3o sem custos a partir de janeiro...","robots":{"index":"index","follow":"follow","max-snippet":"max-snippet:-1","max-image-preview":"max-image-preview:large","max-video-preview":"max-video-preview:-1"},"canonical":"https:\/\/folhadoleste.com.br\/en\/verdao-formaliza-pre-contrato-e-prepara-investida-para-gabigol\/","og_locale":"en_US","og_type":"article","og_title":"Verd\u00e3o formaliza pr\u00e9-contrato e prepara investida para Gabigol &#8226; Folha do Leste","og_description":"Futebol &#8226; 8 de July de 2024 &#8226; Folha do Leste","og_url":"https:\/\/folhadoleste.com.br\/en\/verdao-formaliza-pre-contrato-e-prepara-investida-para-gabigol\/","og_site_name":"Folha do Leste","article_publisher":"https:\/\/www.facebook.com\/folhadoleste","article_published_time":"2024-07-08T19:00:57+00:00","og_image":[{"width":1200,"height":750,"url":"https:\/\/folhadoleste.com.br\/wp-content\/uploads\/2024\/07\/Verdao-formaliza-proposta-e-prepara-investida-para-Gabigol-Foto-Marcelo-Cortes-Flamengo.webp","type":"image\/webp"}],"author":"Folha do Leste","twitter_card":"summary_large_image","twitter_description":"Futebol &#8226; 8 de July de 2024 &#8226; Folha do Leste","twitter_creator":"@FolhadoLesteRJ","twitter_site":"@FolhadoLesteRJ","twitter_misc":{"Written by":"Folha do Leste","Est. reading time":"2 minutes"},"schema":{"@context":"https:\/\/schema.org","@graph":[{"@type":"NewsArticle","@id":"https:\/\/folhadoleste.com.br\/verdao-formaliza-pre-contrato-e-prepara-investida-para-gabigol\/#article","isPartOf":{"@id":"https:\/\/folhadoleste.com.br\/verdao-formaliza-pre-contrato-e-prepara-investida-para-gabigol\/"},"author":{"name":"Folha do Leste","@id":"https:\/\/folhadoleste.com.br\/#\/schema\/person\/3e97145b2e1861276e84471aa85a3899"},"headline":"Verd\u00e3o formaliza pr\u00e9-contrato e prepara investida para Gabigol","datePublished":"2024-07-08T19:00:57+00:00","mainEntityOfPage":{"@id":"https:\/\/folhadoleste.com.br\/verdao-formaliza-pre-contrato-e-prepara-investida-para-gabigol\/"},"wordCount":219,"commentCount":0,"publisher":{"@id":"https:\/\/folhadoleste.com.br\/#organization"},"image":{"@id":"https:\/\/folhadoleste.com.br\/verdao-formaliza-pre-contrato-e-prepara-investida-para-gabigol\/#primaryimage"},"thumbnailUrl":"https:\/\/folhadoleste.com.br\/wp-content\/uploads\/2024\/07\/Verdao-formaliza-proposta-e-prepara-investida-para-Gabigol-Foto-Marcelo-Cortes-Flamengo.webp","keywords":["2025","Contrata\u00e7\u00f5es","Dudu","especula\u00e7\u00f5es","Esportes","Flamengo","Fortaleza","futebol","Gabigol","Investida","Maracan\u00e3","Mercado da bola","negocia\u00e7\u00e3o","Palmeiras","Pr\u00e9-contrato","Rumores","Sem Custos","Transfer\u00eancias"],"articleSection":["Esportes","Futebol"],"inLanguage":"en-US","potentialAction":[{"@type":"CommentAction","name":"Comment","target":["https:\/\/folhadoleste.com.br\/verdao-formaliza-pre-contrato-e-prepara-investida-para-gabigol\/#respond"]}]},{"@type":"WebPage","@id":"https:\/\/folhadoleste.com.br\/verdao-formaliza-pre-contrato-e-prepara-investida-para-gabigol\/","url":"https:\/\/folhadoleste.com.br\/verdao-formaliza-pre-contrato-e-prepara-investida-para-gabigol\/","name":"Verd\u00e3o formaliza pr\u00e9-contrato e prepara investida para Gabigol &#8226; Folha do Leste","isPartOf":{"@id":"https:\/\/folhadoleste.com.br\/#website"},"primaryImageOfPage":{"@id":"https:\/\/folhadoleste.com.br\/verdao-formaliza-pre-contrato-e-prepara-investida-para-gabigol\/#primaryimage"},"image":{"@id":"https:\/\/folhadoleste.com.br\/verdao-formaliza-pre-contrato-e-prepara-investida-para-gabigol\/#primaryimage"},"thumbnailUrl":"https:\/\/folhadoleste.com.br\/wp-content\/uploads\/2024\/07\/Verdao-formaliza-proposta-e-prepara-investida-para-Gabigol-Foto-Marcelo-Cortes-Flamengo.webp","datePublished":"2024-07-08T19:00:57+00:00","description":"Verd\u00e3o formaliza pr\u00e9-contrato e prepara investida para Gabigol. Atacante do Flamengo pode chegar ao Verd\u00e3o sem custos a partir de janeiro...","breadcrumb":{"@id":"https:\/\/folhadoleste.com.br\/verdao-formaliza-pre-contrato-e-prepara-investida-para-gabigol\/#breadcrumb"},"inLanguage":"en-US","potentialAction":[{"@type":"ReadAction","target":["https:\/\/folhadoleste.com.br\/verdao-formaliza-pre-contrato-e-prepara-investida-para-gabigol\/"]}]},{"@type":"ImageObject","inLanguage":"en-US","@id":"https:\/\/folhadoleste.com.br\/verdao-formaliza-pre-contrato-e-prepara-investida-para-gabigol\/#primaryimage","url":"https:\/\/folhadoleste.com.br\/wp-content\/uploads\/2024\/07\/Verdao-formaliza-proposta-e-prepara-investida-para-Gabigol-Foto-Marcelo-Cortes-Flamengo.webp","contentUrl":"https:\/\/folhadoleste.com.br\/wp-content\/uploads\/2024\/07\/Verdao-formaliza-proposta-e-prepara-investida-para-Gabigol-Foto-Marcelo-Cortes-Flamengo.webp","width":1200,"height":750,"caption":"Verd\u00e3o formaliza proposta e prepara investida para Gabigol | Marcelo Cortes\/Flamengo"},{"@type":"BreadcrumbList","@id":"https:\/\/folhadoleste.com.br\/verdao-formaliza-pre-contrato-e-prepara-investida-para-gabigol\/#breadcrumb","itemListElement":[{"@type":"ListItem","position":1,"name":"In\u00edcio","item":"https:\/\/folhadoleste.com.br\/"},{"@type":"ListItem","position":2,"name":"Esportes","item":"https:\/\/folhadoleste.com.br\/category\/esportes\/"},{"@type":"ListItem","position":3,"name":"Futebol","item":"https:\/\/folhadoleste.com.br\/category\/esportes\/futebol-esportes\/"},{"@type":"ListItem","position":4,"name":"Verd\u00e3o formaliza pr\u00e9-contrato e prepara investida para Gabigol"}]},{"@type":"WebSite","@id":"https:\/\/folhadoleste.com.br\/#website","url":"https:\/\/folhadoleste.com.br\/","name":"Folha do Leste","description":"Portal de Not\u00edcias com \u00eanfase em Niter\u00f3i, criando conte\u00fados desde a capital Rio de Janeiro, com olhar para o Leste Fluminense e suas cidades como S\u00e3o Gon\u00e7alo, Itabora\u00ed, Rio Bonito, Maric\u00e1, Saquarema e Araruama","publisher":{"@id":"https:\/\/folhadoleste.com.br\/#organization"},"alternateName":"FL","potentialAction":[{"@type":"SearchAction","target":{"@type":"EntryPoint","urlTemplate":"https:\/\/folhadoleste.com.br\/?s={search_term_string}"},"query-input":{"@type":"PropertyValueSpecification","valueRequired":true,"valueName":"search_term_string"}}],"inLanguage":"en-US"},{"@type":"Organization","@id":"https:\/\/folhadoleste.com.br\/#organization","name":"Brasil 21 Comunica\u00e7\u00e3o","alternateName":"BR21","url":"https:\/\/folhadoleste.com.br\/","logo":{"@type":"ImageObject","inLanguage":"en-US","@id":"https:\/\/folhadoleste.com.br\/#\/schema\/logo\/image\/","url":"https:\/\/folhadoleste.com.br\/wp-content\/uploads\/2025\/12\/brasil-21-logomarca.avif","contentUrl":"https:\/\/folhadoleste.com.br\/wp-content\/uploads\/2025\/12\/brasil-21-logomarca.avif","width":1044,"height":1044,"caption":"Brasil 21 Comunica\u00e7\u00e3o"},"image":{"@id":"https:\/\/folhadoleste.com.br\/#\/schema\/logo\/image\/"},"sameAs":["https:\/\/www.facebook.com\/folhadoleste","https:\/\/x.com\/FolhadoLesteRJ","https:\/\/www.instagram.com\/folhadoleste\/"]},{"@type":"Person","@id":"https:\/\/folhadoleste.com.br\/#\/schema\/person\/3e97145b2e1861276e84471aa85a3899","name":"Folha do Leste","image":{"@type":"ImageObject","inLanguage":"en-US","@id":"https:\/\/folhadoleste.com.br\/wp-content\/litespeed\/avatar\/1ca8c218432e7045e748610eb3db0259.jpg?ver=1777161142","url":"https:\/\/folhadoleste.com.br\/wp-content\/litespeed\/avatar\/1ca8c218432e7045e748610eb3db0259.jpg?ver=1777161142","contentUrl":"https:\/\/folhadoleste.com.br\/wp-content\/litespeed\/avatar\/1ca8c218432e7045e748610eb3db0259.jpg?ver=1777161142","caption":"Folha do Leste"},"url":"https:\/\/folhadoleste.com.br\/en\/author\/reportagem-01\/"}]}},"_links":{"self":[{"href":"https:\/\/folhadoleste.com.br\/en\/wp-json\/wp\/v2\/posts\/75386","targetHints":{"allow":["GET"]}}],"collection":[{"href":"https:\/\/folhadoleste.com.br\/en\/wp-json\/wp\/v2\/posts"}],"about":[{"href":"https:\/\/folhadoleste.com.br\/en\/wp-json\/wp\/v2\/types\/post"}],"author":[{"embeddable":true,"href":"https:\/\/folhadoleste.com.br\/en\/wp-json\/wp\/v2\/users\/4"}],"replies":[{"embeddable":true,"href":"https:\/\/folhadoleste.com.br\/en\/wp-json\/wp\/v2\/comments?post=75386"}],"version-history":[{"count":1,"href":"https:\/\/folhadoleste.com.br\/en\/wp-json\/wp\/v2\/posts\/75386\/revisions"}],"predecessor-version":[{"id":75389,"href":"https:\/\/folhadoleste.com.br\/en\/wp-json\/wp\/v2\/posts\/75386\/revisions\/75389"}],"wp:featuredmedia":[{"embeddable":true,"href":"https:\/\/folhadoleste.com.br\/en\/wp-json\/wp\/v2\/media\/75388"}],"wp:attachment":[{"href":"https:\/\/folhadoleste.com.br\/en\/wp-json\/wp\/v2\/media?parent=75386"}],"wp:term":[{"taxonomy":"category","embeddable":true,"href":"https:\/\/folhadoleste.com.br\/en\/wp-json\/wp\/v2\/categories?post=75386"},{"taxonomy":"post_tag","embeddable":true,"href":"https:\/\/folhadoleste.com.br\/en\/wp-json\/wp\/v2\/tags?post=75386"}],"curies":[{"name":"wp","href":"https:\/\/api.w.org\/{rel}","templated":true}]}}