{"id":75086,"date":"2024-07-06T12:58:59","date_gmt":"2024-07-06T15:58:59","guid":{"rendered":"https:\/\/folhadoleste.com.br\/?p=75086"},"modified":"2024-07-06T13:00:31","modified_gmt":"2024-07-06T16:00:31","slug":"gabigol-toma-decisao-e-deixa-o-flamengo-no-final-da-temporada","status":"publish","type":"post","link":"https:\/\/folhadoleste.com.br\/en\/gabigol-toma-decisao-e-deixa-o-flamengo-no-final-da-temporada\/","title":{"rendered":"Gabigol toma decis\u00e3o e deixa o Flamengo no final da temporada"},"content":{"rendered":"<div id=\"attachment_66359\" style=\"width: 1210px\" class=\"wp-caption aligncenter\"><a href=\"https:\/\/folhadoleste.com.br\/wp-content\/uploads\/2024\/05\/Apos-polemica-Gabigol-ira-usar-a-camisa-99-no-Flamengo-Foto-Marcelo-Cortes-Flamengo.webp\"><img decoding=\"async\" aria-describedby=\"caption-attachment-66359\" class=\"size-full wp-image-66359\" src=\"https:\/\/folhadoleste.com.br\/wp-content\/uploads\/2024\/05\/Apos-polemica-Gabigol-ira-usar-a-camisa-99-no-Flamengo-Foto-Marcelo-Cortes-Flamengo.webp\" alt=\"Gabigol toma decis\u00e3o e deixa o Flamengo no final da temporada\" width=\"1200\" height=\"750\" \/><\/a><p id=\"caption-attachment-66359\" class=\"wp-caption-text\">Gabigol toma decis\u00e3o e deixa o Flamengo no final da temporada | Marcelo Cortes\/Flamengo<\/p><\/div>\n<p style=\"text-align: justify;\" data-sourcepos=\"3:1-3:156\">Era uma hist\u00f3ria que muitos n\u00e3o queriam acreditar, mas que se confirma: Gabigol, o maior \u00eddolo do Flamengo depois da gera\u00e7\u00e3o de 81, est\u00e1 de sa\u00edda do clube. Ap\u00f3s n\u00e3o chegar a um acordo para a renova\u00e7\u00e3o do contrato, o atacante acertou com o Palmeiras para a temporada de 2025.<\/p>\n<p style=\"text-align: justify;\" data-sourcepos=\"5:1-5:107\">Desde que chegou ao Flamengo em 2019, Gabigol colecionou n\u00fameros impressionantes: 281 jogos, 156 gols marcados e 40 assist\u00eancias. Com isso, ele se tornou o 6\u00ba maior artilheiro da hist\u00f3ria do clube.<\/p>\n<h6><span style=\"color: #ff0000;\"><strong>+<\/strong><\/span> <span style=\"color: #000000;\">LEIA TAMB\u00c9M: \u25ba<\/span><a href=\"https:\/\/folhadoleste.com.br\/en\/uruguai-x-brasil-informacoes-escalacoes-onde-assistir\/\"><strong>Uruguai x Brasil: Informa\u00e7\u00f5es, escala\u00e7\u00f5es, onde assistir<\/strong><\/a><\/h6>\n<p style=\"text-align: justify;\" data-sourcepos=\"7:1-7:256\">Apesar dos n\u00fameros estrondosos e da idolatria da torcida, o casamento entre Flamengo e Gabigol parece ter chegado ao fim. As conversas para a renova\u00e7\u00e3o do contrato n\u00e3o avan\u00e7aram, e o Palmeiras surgiu como destino ideal para o atacante.<\/p>\n<p style=\"text-align: justify;\" data-sourcepos=\"9:1-9:157\">O time paulista, comandado por Abel Ferreira, gostaria de contar com Gabigol j\u00e1 nesta temporada, mas a pedida do Flamengo de 5 milh\u00f5es de euros por sua libera\u00e7\u00e3o imediata inviabilizou a negocia\u00e7\u00e3o.<\/p>\n<h5 style=\"text-align: center;\"><span style=\"color: #000000;\"><span style=\"color: #ff0000;\"><strong>+ <\/strong><\/span><\/span><span style=\"color: #000000;\"><strong><span style=\"color: #ff9900;\">MAIS NOT\u00cdCIAS DE ESPORTES?<\/span> <span style=\"color: #008080;\"><a style=\"color: #008080;\" href=\"https:\/\/folhadoleste.com.br\/en\/category\/esportes\/\">CLIQUE AQUI<\/a><\/span><\/strong><\/span><\/h5>\n<p style=\"text-align: justify;\" data-sourcepos=\"11:1-11:314\">Sem poder contratar o jogador agora, o Palmeiras chegou a um acordo verbal com Gabigol e sua equipe para que ele se junte ao clube em 2025. O atacante n\u00e3o assinar\u00e1 pr\u00e9-contrato para evitar atrito com a torcida do Flamengo e n\u00e3o perder oportunidades de atuar, j\u00e1 que se tornaria jogador do rival.<\/p>\n<p style=\"text-align: justify;\" data-sourcepos=\"13:1-13:188\">Gabigol n\u00e3o estar\u00e1 presente na partida contra o Cuiab\u00e1, neste s\u00e1bado (6), no Maracan\u00e3, mas deve se juntar \u00e0 Sele\u00e7\u00e3o Brasileira para o jogo contra o Crici\u00fama.<\/p>\n<p style=\"text-align: justify;\" data-sourcepos=\"15:1-15:280\">Gabigol ter\u00e1 cinco meses para se despedir do Flamengo da melhor forma poss\u00edvel. O objetivo \u00e9 reconquistar o carinho e o respeito da na\u00e7\u00e3o rubro-negra e sair pela porta da frente, deixando um legado ainda maior para a hist\u00f3ria do clube.<\/p>\n<p data-sourcepos=\"15:1-15:280\"><a href=\"https:\/\/www.instagram.com\/folhadoleste\/\"><img decoding=\"async\" class=\"aligncenter wp-image-15962\" src=\"https:\/\/folhadoleste.com.br\/wp-content\/uploads\/2023\/07\/instagram.jpg.webp\" alt=\"Itaipu-Itaipua\u00e7u: Caminh\u00e3o causa grave acidente na RJ-102, a estrada da Serrinha\" width=\"49\" height=\"49\" \/><\/a><a href=\"https:\/\/www.facebook.com\/folhadoleste\"><img decoding=\"async\" class=\"aligncenter wp-image-7424\" src=\"https:\/\/folhadoleste.com.br\/wp-content\/uploads\/2023\/05\/facebook-logo-3-1.png.webp\" alt=\"Itaipu-Itaipua\u00e7u: Caminh\u00e3o causa grave acidente na RJ-102, a estrada da Serrinha\" width=\"49\" height=\"49\" \/><\/a><\/p>","protected":false},"excerpt":{"rendered":"<p>Era uma hist\u00f3ria que muitos n\u00e3o queriam acreditar, mas que se confirma: Gabigol, o maior \u00eddolo do Flamengo depois da gera\u00e7\u00e3o de 81, est\u00e1 de sa\u00edda do clube. Ap\u00f3s n\u00e3o chegar a um acordo para a renova\u00e7\u00e3o do contrato, o atacante acertou com o Palmeiras para a temporada de 2025. Desde que chegou ao Flamengo em 2019, Gabigol colecionou n\u00fameros impressionantes: 281 jogos, 156 gols marcados e 40 assist\u00eancias. Com isso, ele se tornou o 6\u00ba maior artilheiro da hist\u00f3ria do clube. + LEIA TAMB\u00c9M: \u25baUruguai x Brasil: Informa\u00e7\u00f5es, escala\u00e7\u00f5es, onde assistir Apesar dos n\u00fameros estrondosos e da idolatria da [&hellip;]<\/p>\n","protected":false},"author":4,"featured_media":69045,"comment_status":"open","ping_status":"open","sticky":false,"template":"","format":"standard","meta":{"footnotes":""},"categories":[48,65],"tags":[17979,32623,4418,248,24347,7703,105,285,101,1774,12161,286,15969,7614,540,6381,144,15674,12723,3349],"class_list":["post-75086","post","type-post","status-publish","format-standard","has-post-thumbnail","hentry","category-esportes","category-futebol-esportes","tag-17979","tag-acerto","tag-artilheiro","tag-contratacao","tag-criciuma","tag-despedida","tag-esportes","tag-flamengo","tag-futebol","tag-gabigol","tag-idolo","tag-maracana","tag-mercado-da-bola","tag-negociacao","tag-palmeiras","tag-saida","tag-selecao-brasileira","tag-sondagem","tag-temporada","tag-torcida","post--single"],"yoast_head":"<!-- This site is optimized with the Yoast SEO plugin v27.4 - https:\/\/yoast.com\/product\/yoast-seo-wordpress\/ -->\n<title>Gabigol toma decis\u00e3o e deixa o Flamengo no final da temporada &#8226; Folha do Leste<\/title>\n<meta name=\"description\" content=\"Gabigol toma decis\u00e3o e deixa o Flamengo no final da temporada. Atacante ter\u00e1 cinco meses para reconquistar a torcida...\" \/>\n<meta name=\"robots\" content=\"index, follow, max-snippet:-1, max-image-preview:large, max-video-preview:-1\" \/>\n<link rel=\"canonical\" href=\"https:\/\/folhadoleste.com.br\/en\/gabigol-toma-decisao-e-deixa-o-flamengo-no-final-da-temporada\/\" \/>\n<meta property=\"og:locale\" content=\"en_US\" \/>\n<meta property=\"og:type\" content=\"article\" \/>\n<meta property=\"og:title\" content=\"Gabigol toma decis\u00e3o e deixa o Flamengo no final da temporada &#8226; Folha do Leste\" \/>\n<meta property=\"og:description\" content=\"Futebol &#8226; 6 de July de 2024 &#8226; Folha do Leste\" \/>\n<meta property=\"og:url\" content=\"https:\/\/folhadoleste.com.br\/en\/gabigol-toma-decisao-e-deixa-o-flamengo-no-final-da-temporada\/\" \/>\n<meta property=\"og:site_name\" content=\"Folha do Leste\" \/>\n<meta property=\"article:publisher\" content=\"https:\/\/www.facebook.com\/folhadoleste\" \/>\n<meta property=\"article:published_time\" content=\"2024-07-06T15:58:59+00:00\" \/>\n<meta property=\"article:modified_time\" content=\"2024-07-06T16:00:31+00:00\" \/>\n<meta property=\"og:image\" content=\"https:\/\/folhadoleste.com.br\/wp-content\/uploads\/2024\/06\/Flamengo-vai-analisar-renovacao-de-Gabigol-a-partir-de-sexta-Foto-Marcelo-Cortes-e-Paula-Reis-CRF.webp\" \/>\n\t<meta property=\"og:image:width\" content=\"1200\" \/>\n\t<meta property=\"og:image:height\" content=\"750\" \/>\n\t<meta property=\"og:image:type\" content=\"image\/webp\" \/>\n<meta name=\"author\" content=\"Folha do Leste\" \/>\n<meta name=\"twitter:card\" content=\"summary_large_image\" \/>\n<meta name=\"twitter:description\" content=\"Futebol &#8226; 6 de July de 2024 &#8226; Folha do Leste\" \/>\n<meta name=\"twitter:creator\" content=\"@FolhadoLesteRJ\" \/>\n<meta name=\"twitter:site\" content=\"@FolhadoLesteRJ\" \/>\n<meta name=\"twitter:label1\" content=\"Written by\" \/>\n\t<meta name=\"twitter:data1\" content=\"Folha do Leste\" \/>\n\t<meta name=\"twitter:label2\" content=\"Est. reading time\" \/>\n\t<meta name=\"twitter:data2\" content=\"3 minutes\" \/>\n<script type=\"application\/ld+json\" class=\"yoast-schema-graph\">{\"@context\":\"https:\\\/\\\/schema.org\",\"@graph\":[{\"@type\":\"NewsArticle\",\"@id\":\"https:\\\/\\\/folhadoleste.com.br\\\/gabigol-toma-decisao-e-deixa-o-flamengo-no-final-da-temporada\\\/#article\",\"isPartOf\":{\"@id\":\"https:\\\/\\\/folhadoleste.com.br\\\/gabigol-toma-decisao-e-deixa-o-flamengo-no-final-da-temporada\\\/\"},\"author\":{\"name\":\"Folha do Leste\",\"@id\":\"https:\\\/\\\/folhadoleste.com.br\\\/#\\\/schema\\\/person\\\/3e97145b2e1861276e84471aa85a3899\"},\"headline\":\"Gabigol toma decis\u00e3o e deixa o Flamengo no final da temporada\",\"datePublished\":\"2024-07-06T15:58:59+00:00\",\"dateModified\":\"2024-07-06T16:00:31+00:00\",\"mainEntityOfPage\":{\"@id\":\"https:\\\/\\\/folhadoleste.com.br\\\/gabigol-toma-decisao-e-deixa-o-flamengo-no-final-da-temporada\\\/\"},\"wordCount\":342,\"commentCount\":0,\"publisher\":{\"@id\":\"https:\\\/\\\/folhadoleste.com.br\\\/#organization\"},\"image\":{\"@id\":\"https:\\\/\\\/folhadoleste.com.br\\\/gabigol-toma-decisao-e-deixa-o-flamengo-no-final-da-temporada\\\/#primaryimage\"},\"thumbnailUrl\":\"https:\\\/\\\/folhadoleste.com.br\\\/wp-content\\\/uploads\\\/2024\\\/06\\\/Flamengo-vai-analisar-renovacao-de-Gabigol-a-partir-de-sexta-Foto-Marcelo-Cortes-e-Paula-Reis-CRF.webp\",\"keywords\":[\"2025\",\"acerto\",\"artilheiro\",\"contrata\u00e7\u00e3o\",\"Crici\u00fama\",\"despedida\",\"Esportes\",\"Flamengo\",\"futebol\",\"Gabigol\",\"\u00eddolo\",\"Maracan\u00e3\",\"Mercado da bola\",\"negocia\u00e7\u00e3o\",\"Palmeiras\",\"saida\",\"sele\u00e7\u00e3o brasileira\",\"Sondagem\",\"Temporada\",\"torcida\"],\"articleSection\":[\"Esportes\",\"Futebol\"],\"inLanguage\":\"en-US\",\"potentialAction\":[{\"@type\":\"CommentAction\",\"name\":\"Comment\",\"target\":[\"https:\\\/\\\/folhadoleste.com.br\\\/gabigol-toma-decisao-e-deixa-o-flamengo-no-final-da-temporada\\\/#respond\"]}]},{\"@type\":\"WebPage\",\"@id\":\"https:\\\/\\\/folhadoleste.com.br\\\/gabigol-toma-decisao-e-deixa-o-flamengo-no-final-da-temporada\\\/\",\"url\":\"https:\\\/\\\/folhadoleste.com.br\\\/gabigol-toma-decisao-e-deixa-o-flamengo-no-final-da-temporada\\\/\",\"name\":\"Gabigol toma decis\u00e3o e deixa o Flamengo no final da temporada &#8226; Folha do Leste\",\"isPartOf\":{\"@id\":\"https:\\\/\\\/folhadoleste.com.br\\\/#website\"},\"primaryImageOfPage\":{\"@id\":\"https:\\\/\\\/folhadoleste.com.br\\\/gabigol-toma-decisao-e-deixa-o-flamengo-no-final-da-temporada\\\/#primaryimage\"},\"image\":{\"@id\":\"https:\\\/\\\/folhadoleste.com.br\\\/gabigol-toma-decisao-e-deixa-o-flamengo-no-final-da-temporada\\\/#primaryimage\"},\"thumbnailUrl\":\"https:\\\/\\\/folhadoleste.com.br\\\/wp-content\\\/uploads\\\/2024\\\/06\\\/Flamengo-vai-analisar-renovacao-de-Gabigol-a-partir-de-sexta-Foto-Marcelo-Cortes-e-Paula-Reis-CRF.webp\",\"datePublished\":\"2024-07-06T15:58:59+00:00\",\"dateModified\":\"2024-07-06T16:00:31+00:00\",\"description\":\"Gabigol toma decis\u00e3o e deixa o Flamengo no final da temporada. Atacante ter\u00e1 cinco meses para reconquistar a torcida...\",\"breadcrumb\":{\"@id\":\"https:\\\/\\\/folhadoleste.com.br\\\/gabigol-toma-decisao-e-deixa-o-flamengo-no-final-da-temporada\\\/#breadcrumb\"},\"inLanguage\":\"en-US\",\"potentialAction\":[{\"@type\":\"ReadAction\",\"target\":[\"https:\\\/\\\/folhadoleste.com.br\\\/gabigol-toma-decisao-e-deixa-o-flamengo-no-final-da-temporada\\\/\"]}]},{\"@type\":\"ImageObject\",\"inLanguage\":\"en-US\",\"@id\":\"https:\\\/\\\/folhadoleste.com.br\\\/gabigol-toma-decisao-e-deixa-o-flamengo-no-final-da-temporada\\\/#primaryimage\",\"url\":\"https:\\\/\\\/folhadoleste.com.br\\\/wp-content\\\/uploads\\\/2024\\\/06\\\/Flamengo-vai-analisar-renovacao-de-Gabigol-a-partir-de-sexta-Foto-Marcelo-Cortes-e-Paula-Reis-CRF.webp\",\"contentUrl\":\"https:\\\/\\\/folhadoleste.com.br\\\/wp-content\\\/uploads\\\/2024\\\/06\\\/Flamengo-vai-analisar-renovacao-de-Gabigol-a-partir-de-sexta-Foto-Marcelo-Cortes-e-Paula-Reis-CRF.webp\",\"width\":1200,\"height\":750,\"caption\":\"Flamengo: Julgamento de Gabigol na Su\u00ed\u00e7a \u00e9 adiado | Marcelo Cortes\\\/Paula Reis\\\/CRF\"},{\"@type\":\"BreadcrumbList\",\"@id\":\"https:\\\/\\\/folhadoleste.com.br\\\/gabigol-toma-decisao-e-deixa-o-flamengo-no-final-da-temporada\\\/#breadcrumb\",\"itemListElement\":[{\"@type\":\"ListItem\",\"position\":1,\"name\":\"In\u00edcio\",\"item\":\"https:\\\/\\\/folhadoleste.com.br\\\/\"},{\"@type\":\"ListItem\",\"position\":2,\"name\":\"Esportes\",\"item\":\"https:\\\/\\\/folhadoleste.com.br\\\/category\\\/esportes\\\/\"},{\"@type\":\"ListItem\",\"position\":3,\"name\":\"Futebol\",\"item\":\"https:\\\/\\\/folhadoleste.com.br\\\/category\\\/esportes\\\/futebol-esportes\\\/\"},{\"@type\":\"ListItem\",\"position\":4,\"name\":\"Gabigol toma decis\u00e3o e deixa o Flamengo no final da temporada\"}]},{\"@type\":\"WebSite\",\"@id\":\"https:\\\/\\\/folhadoleste.com.br\\\/#website\",\"url\":\"https:\\\/\\\/folhadoleste.com.br\\\/\",\"name\":\"Folha do Leste\",\"description\":\"Portal de Not\u00edcias com \u00eanfase em Niter\u00f3i, criando conte\u00fados desde a capital Rio de Janeiro, com olhar para o Leste Fluminense e suas cidades como S\u00e3o Gon\u00e7alo, Itabora\u00ed, Rio Bonito, Maric\u00e1, Saquarema e Araruama\",\"publisher\":{\"@id\":\"https:\\\/\\\/folhadoleste.com.br\\\/#organization\"},\"alternateName\":\"FL\",\"potentialAction\":[{\"@type\":\"SearchAction\",\"target\":{\"@type\":\"EntryPoint\",\"urlTemplate\":\"https:\\\/\\\/folhadoleste.com.br\\\/?s={search_term_string}\"},\"query-input\":{\"@type\":\"PropertyValueSpecification\",\"valueRequired\":true,\"valueName\":\"search_term_string\"}}],\"inLanguage\":\"en-US\"},{\"@type\":\"Organization\",\"@id\":\"https:\\\/\\\/folhadoleste.com.br\\\/#organization\",\"name\":\"Brasil 21 Comunica\u00e7\u00e3o\",\"alternateName\":\"BR21\",\"url\":\"https:\\\/\\\/folhadoleste.com.br\\\/\",\"logo\":{\"@type\":\"ImageObject\",\"inLanguage\":\"en-US\",\"@id\":\"https:\\\/\\\/folhadoleste.com.br\\\/#\\\/schema\\\/logo\\\/image\\\/\",\"url\":\"https:\\\/\\\/folhadoleste.com.br\\\/wp-content\\\/uploads\\\/2025\\\/12\\\/brasil-21-logomarca.avif\",\"contentUrl\":\"https:\\\/\\\/folhadoleste.com.br\\\/wp-content\\\/uploads\\\/2025\\\/12\\\/brasil-21-logomarca.avif\",\"width\":1044,\"height\":1044,\"caption\":\"Brasil 21 Comunica\u00e7\u00e3o\"},\"image\":{\"@id\":\"https:\\\/\\\/folhadoleste.com.br\\\/#\\\/schema\\\/logo\\\/image\\\/\"},\"sameAs\":[\"https:\\\/\\\/www.facebook.com\\\/folhadoleste\",\"https:\\\/\\\/x.com\\\/FolhadoLesteRJ\",\"https:\\\/\\\/www.instagram.com\\\/folhadoleste\\\/\"]},{\"@type\":\"Person\",\"@id\":\"https:\\\/\\\/folhadoleste.com.br\\\/#\\\/schema\\\/person\\\/3e97145b2e1861276e84471aa85a3899\",\"name\":\"Folha do Leste\",\"image\":{\"@type\":\"ImageObject\",\"inLanguage\":\"en-US\",\"@id\":\"https:\\\/\\\/folhadoleste.com.br\\\/wp-content\\\/litespeed\\\/avatar\\\/1ca8c218432e7045e748610eb3db0259.jpg?ver=1777161142\",\"url\":\"https:\\\/\\\/folhadoleste.com.br\\\/wp-content\\\/litespeed\\\/avatar\\\/1ca8c218432e7045e748610eb3db0259.jpg?ver=1777161142\",\"contentUrl\":\"https:\\\/\\\/folhadoleste.com.br\\\/wp-content\\\/litespeed\\\/avatar\\\/1ca8c218432e7045e748610eb3db0259.jpg?ver=1777161142\",\"caption\":\"Folha do Leste\"},\"url\":\"https:\\\/\\\/folhadoleste.com.br\\\/en\\\/author\\\/reportagem-01\\\/\"}]}<\/script>\n<!-- \/ Yoast SEO plugin. -->","yoast_head_json":{"title":"Gabigol toma decis\u00e3o e deixa o Flamengo no final da temporada &#8226; Folha do Leste","description":"Gabigol toma decis\u00e3o e deixa o Flamengo no final da temporada. Atacante ter\u00e1 cinco meses para reconquistar a torcida...","robots":{"index":"index","follow":"follow","max-snippet":"max-snippet:-1","max-image-preview":"max-image-preview:large","max-video-preview":"max-video-preview:-1"},"canonical":"https:\/\/folhadoleste.com.br\/en\/gabigol-toma-decisao-e-deixa-o-flamengo-no-final-da-temporada\/","og_locale":"en_US","og_type":"article","og_title":"Gabigol toma decis\u00e3o e deixa o Flamengo no final da temporada &#8226; Folha do Leste","og_description":"Futebol &#8226; 6 de July de 2024 &#8226; Folha do Leste","og_url":"https:\/\/folhadoleste.com.br\/en\/gabigol-toma-decisao-e-deixa-o-flamengo-no-final-da-temporada\/","og_site_name":"Folha do Leste","article_publisher":"https:\/\/www.facebook.com\/folhadoleste","article_published_time":"2024-07-06T15:58:59+00:00","article_modified_time":"2024-07-06T16:00:31+00:00","og_image":[{"width":1200,"height":750,"url":"https:\/\/folhadoleste.com.br\/wp-content\/uploads\/2024\/06\/Flamengo-vai-analisar-renovacao-de-Gabigol-a-partir-de-sexta-Foto-Marcelo-Cortes-e-Paula-Reis-CRF.webp","type":"image\/webp"}],"author":"Folha do Leste","twitter_card":"summary_large_image","twitter_description":"Futebol &#8226; 6 de July de 2024 &#8226; Folha do Leste","twitter_creator":"@FolhadoLesteRJ","twitter_site":"@FolhadoLesteRJ","twitter_misc":{"Written by":"Folha do Leste","Est. reading time":"3 minutes"},"schema":{"@context":"https:\/\/schema.org","@graph":[{"@type":"NewsArticle","@id":"https:\/\/folhadoleste.com.br\/gabigol-toma-decisao-e-deixa-o-flamengo-no-final-da-temporada\/#article","isPartOf":{"@id":"https:\/\/folhadoleste.com.br\/gabigol-toma-decisao-e-deixa-o-flamengo-no-final-da-temporada\/"},"author":{"name":"Folha do Leste","@id":"https:\/\/folhadoleste.com.br\/#\/schema\/person\/3e97145b2e1861276e84471aa85a3899"},"headline":"Gabigol toma decis\u00e3o e deixa o Flamengo no final da temporada","datePublished":"2024-07-06T15:58:59+00:00","dateModified":"2024-07-06T16:00:31+00:00","mainEntityOfPage":{"@id":"https:\/\/folhadoleste.com.br\/gabigol-toma-decisao-e-deixa-o-flamengo-no-final-da-temporada\/"},"wordCount":342,"commentCount":0,"publisher":{"@id":"https:\/\/folhadoleste.com.br\/#organization"},"image":{"@id":"https:\/\/folhadoleste.com.br\/gabigol-toma-decisao-e-deixa-o-flamengo-no-final-da-temporada\/#primaryimage"},"thumbnailUrl":"https:\/\/folhadoleste.com.br\/wp-content\/uploads\/2024\/06\/Flamengo-vai-analisar-renovacao-de-Gabigol-a-partir-de-sexta-Foto-Marcelo-Cortes-e-Paula-Reis-CRF.webp","keywords":["2025","acerto","artilheiro","contrata\u00e7\u00e3o","Crici\u00fama","despedida","Esportes","Flamengo","futebol","Gabigol","\u00eddolo","Maracan\u00e3","Mercado da bola","negocia\u00e7\u00e3o","Palmeiras","saida","sele\u00e7\u00e3o brasileira","Sondagem","Temporada","torcida"],"articleSection":["Esportes","Futebol"],"inLanguage":"en-US","potentialAction":[{"@type":"CommentAction","name":"Comment","target":["https:\/\/folhadoleste.com.br\/gabigol-toma-decisao-e-deixa-o-flamengo-no-final-da-temporada\/#respond"]}]},{"@type":"WebPage","@id":"https:\/\/folhadoleste.com.br\/gabigol-toma-decisao-e-deixa-o-flamengo-no-final-da-temporada\/","url":"https:\/\/folhadoleste.com.br\/gabigol-toma-decisao-e-deixa-o-flamengo-no-final-da-temporada\/","name":"Gabigol toma decis\u00e3o e deixa o Flamengo no final da temporada &#8226; Folha do Leste","isPartOf":{"@id":"https:\/\/folhadoleste.com.br\/#website"},"primaryImageOfPage":{"@id":"https:\/\/folhadoleste.com.br\/gabigol-toma-decisao-e-deixa-o-flamengo-no-final-da-temporada\/#primaryimage"},"image":{"@id":"https:\/\/folhadoleste.com.br\/gabigol-toma-decisao-e-deixa-o-flamengo-no-final-da-temporada\/#primaryimage"},"thumbnailUrl":"https:\/\/folhadoleste.com.br\/wp-content\/uploads\/2024\/06\/Flamengo-vai-analisar-renovacao-de-Gabigol-a-partir-de-sexta-Foto-Marcelo-Cortes-e-Paula-Reis-CRF.webp","datePublished":"2024-07-06T15:58:59+00:00","dateModified":"2024-07-06T16:00:31+00:00","description":"Gabigol toma decis\u00e3o e deixa o Flamengo no final da temporada. Atacante ter\u00e1 cinco meses para reconquistar a torcida...","breadcrumb":{"@id":"https:\/\/folhadoleste.com.br\/gabigol-toma-decisao-e-deixa-o-flamengo-no-final-da-temporada\/#breadcrumb"},"inLanguage":"en-US","potentialAction":[{"@type":"ReadAction","target":["https:\/\/folhadoleste.com.br\/gabigol-toma-decisao-e-deixa-o-flamengo-no-final-da-temporada\/"]}]},{"@type":"ImageObject","inLanguage":"en-US","@id":"https:\/\/folhadoleste.com.br\/gabigol-toma-decisao-e-deixa-o-flamengo-no-final-da-temporada\/#primaryimage","url":"https:\/\/folhadoleste.com.br\/wp-content\/uploads\/2024\/06\/Flamengo-vai-analisar-renovacao-de-Gabigol-a-partir-de-sexta-Foto-Marcelo-Cortes-e-Paula-Reis-CRF.webp","contentUrl":"https:\/\/folhadoleste.com.br\/wp-content\/uploads\/2024\/06\/Flamengo-vai-analisar-renovacao-de-Gabigol-a-partir-de-sexta-Foto-Marcelo-Cortes-e-Paula-Reis-CRF.webp","width":1200,"height":750,"caption":"Flamengo: Julgamento de Gabigol na Su\u00ed\u00e7a \u00e9 adiado | Marcelo Cortes\/Paula Reis\/CRF"},{"@type":"BreadcrumbList","@id":"https:\/\/folhadoleste.com.br\/gabigol-toma-decisao-e-deixa-o-flamengo-no-final-da-temporada\/#breadcrumb","itemListElement":[{"@type":"ListItem","position":1,"name":"In\u00edcio","item":"https:\/\/folhadoleste.com.br\/"},{"@type":"ListItem","position":2,"name":"Esportes","item":"https:\/\/folhadoleste.com.br\/category\/esportes\/"},{"@type":"ListItem","position":3,"name":"Futebol","item":"https:\/\/folhadoleste.com.br\/category\/esportes\/futebol-esportes\/"},{"@type":"ListItem","position":4,"name":"Gabigol toma decis\u00e3o e deixa o Flamengo no final da temporada"}]},{"@type":"WebSite","@id":"https:\/\/folhadoleste.com.br\/#website","url":"https:\/\/folhadoleste.com.br\/","name":"Folha do Leste","description":"Portal de Not\u00edcias com \u00eanfase em Niter\u00f3i, criando conte\u00fados desde a capital Rio de Janeiro, com olhar para o Leste Fluminense e suas cidades como S\u00e3o Gon\u00e7alo, Itabora\u00ed, Rio Bonito, Maric\u00e1, Saquarema e Araruama","publisher":{"@id":"https:\/\/folhadoleste.com.br\/#organization"},"alternateName":"FL","potentialAction":[{"@type":"SearchAction","target":{"@type":"EntryPoint","urlTemplate":"https:\/\/folhadoleste.com.br\/?s={search_term_string}"},"query-input":{"@type":"PropertyValueSpecification","valueRequired":true,"valueName":"search_term_string"}}],"inLanguage":"en-US"},{"@type":"Organization","@id":"https:\/\/folhadoleste.com.br\/#organization","name":"Brasil 21 Comunica\u00e7\u00e3o","alternateName":"BR21","url":"https:\/\/folhadoleste.com.br\/","logo":{"@type":"ImageObject","inLanguage":"en-US","@id":"https:\/\/folhadoleste.com.br\/#\/schema\/logo\/image\/","url":"https:\/\/folhadoleste.com.br\/wp-content\/uploads\/2025\/12\/brasil-21-logomarca.avif","contentUrl":"https:\/\/folhadoleste.com.br\/wp-content\/uploads\/2025\/12\/brasil-21-logomarca.avif","width":1044,"height":1044,"caption":"Brasil 21 Comunica\u00e7\u00e3o"},"image":{"@id":"https:\/\/folhadoleste.com.br\/#\/schema\/logo\/image\/"},"sameAs":["https:\/\/www.facebook.com\/folhadoleste","https:\/\/x.com\/FolhadoLesteRJ","https:\/\/www.instagram.com\/folhadoleste\/"]},{"@type":"Person","@id":"https:\/\/folhadoleste.com.br\/#\/schema\/person\/3e97145b2e1861276e84471aa85a3899","name":"Folha do Leste","image":{"@type":"ImageObject","inLanguage":"en-US","@id":"https:\/\/folhadoleste.com.br\/wp-content\/litespeed\/avatar\/1ca8c218432e7045e748610eb3db0259.jpg?ver=1777161142","url":"https:\/\/folhadoleste.com.br\/wp-content\/litespeed\/avatar\/1ca8c218432e7045e748610eb3db0259.jpg?ver=1777161142","contentUrl":"https:\/\/folhadoleste.com.br\/wp-content\/litespeed\/avatar\/1ca8c218432e7045e748610eb3db0259.jpg?ver=1777161142","caption":"Folha do Leste"},"url":"https:\/\/folhadoleste.com.br\/en\/author\/reportagem-01\/"}]}},"_links":{"self":[{"href":"https:\/\/folhadoleste.com.br\/en\/wp-json\/wp\/v2\/posts\/75086","targetHints":{"allow":["GET"]}}],"collection":[{"href":"https:\/\/folhadoleste.com.br\/en\/wp-json\/wp\/v2\/posts"}],"about":[{"href":"https:\/\/folhadoleste.com.br\/en\/wp-json\/wp\/v2\/types\/post"}],"author":[{"embeddable":true,"href":"https:\/\/folhadoleste.com.br\/en\/wp-json\/wp\/v2\/users\/4"}],"replies":[{"embeddable":true,"href":"https:\/\/folhadoleste.com.br\/en\/wp-json\/wp\/v2\/comments?post=75086"}],"version-history":[{"count":2,"href":"https:\/\/folhadoleste.com.br\/en\/wp-json\/wp\/v2\/posts\/75086\/revisions"}],"predecessor-version":[{"id":75089,"href":"https:\/\/folhadoleste.com.br\/en\/wp-json\/wp\/v2\/posts\/75086\/revisions\/75089"}],"wp:featuredmedia":[{"embeddable":true,"href":"https:\/\/folhadoleste.com.br\/en\/wp-json\/wp\/v2\/media\/69045"}],"wp:attachment":[{"href":"https:\/\/folhadoleste.com.br\/en\/wp-json\/wp\/v2\/media?parent=75086"}],"wp:term":[{"taxonomy":"category","embeddable":true,"href":"https:\/\/folhadoleste.com.br\/en\/wp-json\/wp\/v2\/categories?post=75086"},{"taxonomy":"post_tag","embeddable":true,"href":"https:\/\/folhadoleste.com.br\/en\/wp-json\/wp\/v2\/tags?post=75086"}],"curies":[{"name":"wp","href":"https:\/\/api.w.org\/{rel}","templated":true}]}}