{"id":73710,"date":"2024-06-27T16:05:17","date_gmt":"2024-06-27T19:05:17","guid":{"rendered":"https:\/\/folhadoleste.com.br\/?p=73710"},"modified":"2024-06-27T16:05:17","modified_gmt":"2024-06-27T19:05:17","slug":"sao-goncalo-praca-do-colubande-sera-entregue-neste-domingo","status":"publish","type":"post","link":"https:\/\/folhadoleste.com.br\/en\/sao-goncalo-praca-do-colubande-sera-entregue-neste-domingo\/","title":{"rendered":"S\u00e3o Gon\u00e7alo: Pra\u00e7a do Coluband\u00ea ser\u00e1 entregue neste domingo"},"content":{"rendered":"<div id=\"attachment_73712\" style=\"width: 1210px\" class=\"wp-caption aligncenter\"><a href=\"https:\/\/folhadoleste.com.br\/wp-content\/uploads\/2024\/06\/Sao-Goncalo-Praca-do-Colubande-sera-entregue-neste-domingo-Foto-Divulgacao-Renan-Otto.webp\"><img decoding=\"async\" aria-describedby=\"caption-attachment-73712\" class=\"size-full wp-image-73712\" src=\"https:\/\/folhadoleste.com.br\/wp-content\/uploads\/2024\/06\/Sao-Goncalo-Praca-do-Colubande-sera-entregue-neste-domingo-Foto-Divulgacao-Renan-Otto.webp\" alt=\"S\u00e3o Gon\u00e7alo: Pra\u00e7a do Coluband\u00ea ser\u00e1 entregue neste domingo\" width=\"1200\" height=\"750\" \/><\/a><p id=\"caption-attachment-73712\" class=\"wp-caption-text\">S\u00e3o Gon\u00e7alo: Pra\u00e7a do Coluband\u00ea ser\u00e1 entregue neste domingo | Divulga\u00e7\u00e3o\/Renan Otto<\/p><\/div>\n<p style=\"text-align: justify;\" data-sourcepos=\"3:1-3:173\">Prepare-se para curtir um novo espa\u00e7o de lazer em S\u00e3o Gon\u00e7alo! A Pra\u00e7a Governador Leonel Brizola, mais conhecida como Pra\u00e7a do Coluband\u00ea, reabre suas portas neste domingo (30), \u00e0s 9h, em uma cerim\u00f4nia oficial com a presen\u00e7a do prefeito Capit\u00e3o Nelson.<\/p>\n<h6><span style=\"color: #ff0000;\"><strong>+<\/strong><\/span> <span style=\"color: #000000;\">LEIA TAMB\u00c9M: \u25ba<\/span><a href=\"https:\/\/folhadoleste.com.br\/en\/aguas-do-rio-suspende-abastecimento-em-bairros-de-itaborai\/\"><strong>\u00c1guas do Rio suspende abastecimento em bairros de Itabora\u00ed<\/strong><\/a><\/h6>\n<p style=\"text-align: justify;\" data-sourcepos=\"3:1-3:173\">A revitaliza\u00e7\u00e3o completa da \u00e1rea, que segue os moldes do programa Pra\u00e7a Renovada, promete oferecer divers\u00e3o para todas as idades e ainda mais seguran\u00e7a para os moradores.<\/p>\n<p style=\"text-align: justify;\" data-sourcepos=\"7:1-7:29\">A nova Pra\u00e7a do Coluband\u00ea chega com um playground completo para a crian\u00e7ada se aventurar, academia para o idoso cuidar da sa\u00fade e o primeiro ParC\u00e3o do munic\u00edpio, um espa\u00e7o dedicado aos pets brincarem e se socializarem.<\/p>\n<h6><span style=\"color: #ff0000;\"><strong>+<\/strong><\/span> <span style=\"color: #000000;\">LEIA TAMB\u00c9M: \u25ba<\/span><a href=\"https:\/\/folhadoleste.com.br\/en\/copacabana-assaltante-e-preso-por-populares-apos-perseguicao\/\"><strong>Copacabana: Assaltante \u00e9 preso por populares ap\u00f3s persegui\u00e7\u00e3o<\/strong><\/a><\/h6>\n<p style=\"text-align: justify;\" data-sourcepos=\"7:1-7:29\">Al\u00e9m disso, uma guarita da Guarda Municipal garante a seguran\u00e7a do local, que tamb\u00e9m recebeu paisagismo especial para deixar tudo ainda mais bonito.<\/p>\n<p style=\"text-align: justify;\" data-sourcepos=\"11:1-11:257\">As ruas ao redor da pra\u00e7a tamb\u00e9m passaram por requalifica\u00e7\u00e3o vi\u00e1ria, com drenagem, pavimenta\u00e7\u00e3o e cria\u00e7\u00e3o de uma nova via para melhorar o fluxo de ve\u00edculos. As mudan\u00e7as garantem mais seguran\u00e7a para pedestres e motoristas, al\u00e9m de facilitar o acesso \u00e0 pra\u00e7a.<\/p>\n<h5 style=\"text-align: center;\"><span style=\"color: #000000;\"><span style=\"color: #ff0000;\"><strong>+ <\/strong><\/span><\/span><span style=\"color: #000000;\"><strong><span style=\"color: #ff9900;\">MAIS NOT\u00cdCIAS DE S\u00c3O GON\u00c7ALO?<\/span> <a href=\"https:\/\/folhadoleste.com.br\/en\/category\/jornal-folha-do-leste-rj\/sao-goncalo\/\"><span style=\"color: #008080;\">CLIQUE AQUI<\/span><\/a><\/strong><\/span><\/h5>\n<p style=\"text-align: justify;\" data-sourcepos=\"15:1-15:306\">A revitaliza\u00e7\u00e3o da Pra\u00e7a do Coluband\u00ea \u00e9 mais um passo importante para a valoriza\u00e7\u00e3o dos espa\u00e7os p\u00fablicos em S\u00e3o Gon\u00e7alo. O local, que antes estava abandonado e sem atrativos. Contudo, agora se torna um ponto de encontro para toda a fam\u00edlia, fomentando o lazer, a pr\u00e1tica de atividades f\u00edsicas e a integra\u00e7\u00e3o social.<\/p>\n<p style=\"text-align: justify;\" data-sourcepos=\"19:1-19:343\">O despachante Marco Ant\u00f4nio dos Santos, morador da regi\u00e3o h\u00e1 muitos anos, est\u00e1 encantado com as mudan\u00e7as.<\/p>\n<blockquote>\n<p style=\"text-align: justify;\" data-sourcepos=\"19:1-19:343\">&#8220;A pra\u00e7a est\u00e1 linda! Agora tem espa\u00e7o para as crian\u00e7as brincarem, os idosos se exercitarem e os pets correrem. O tr\u00e2nsito tamb\u00e9m melhorou muito, n\u00e3o tem mais engarrafamento. \u00c9 um espa\u00e7o que a comunidade toda pode aproveitar&#8221;, afirma ele.<\/p>\n<\/blockquote>\n<h6><span style=\"color: #ff0000;\"><strong>+<\/strong><\/span> <span style=\"color: #000000;\">LEIA TAMB\u00c9M: \u25ba<\/span><a href=\"https:\/\/folhadoleste.com.br\/en\/dupla-e-presa-por-furtar-loja-em-icarai-niteroi\/\"><strong>Dupla \u00e9 presa por furtar loja em Icara\u00ed, Niter\u00f3i \u2013 V\u00eddeos<\/strong><\/a><\/h6>\n<p style=\"text-align: justify;\" data-sourcepos=\"23:1-23:248\">Para celebrar a reabertura da Pra\u00e7a do Coluband\u00ea, a Prefeitura de S\u00e3o Gon\u00e7alo preparou um evento especial neste domingo (30), a partir das 9h. A programa\u00e7\u00e3o inclui apresenta\u00e7\u00f5es musicais, atividades para crian\u00e7as e a presen\u00e7a de autoridades locais.<\/p>\n<p data-sourcepos=\"23:1-23:248\"><a href=\"https:\/\/folhadoleste.com.br\/wp-content\/uploads\/2024\/05\/Ajude-o-Rio-Grande-do-Sul-Campanha-Oficial-Folha-do-Leste.jpg\"><img decoding=\"async\" class=\"aligncenter size-full wp-image-64672\" src=\"https:\/\/folhadoleste.com.br\/wp-content\/uploads\/2024\/05\/Ajude-o-Rio-Grande-do-Sul-Campanha-Oficial-Folha-do-Leste.jpg\" alt=\"\" width=\"728\" height=\"250\" \/><\/a><\/p>\n<p data-sourcepos=\"23:1-23:248\">\n<p data-sourcepos=\"23:1-23:248\"><a href=\"https:\/\/www.instagram.com\/folhadoleste\/\"><img decoding=\"async\" class=\"aligncenter wp-image-15962\" src=\"https:\/\/folhadoleste.com.br\/wp-content\/uploads\/2023\/07\/instagram.jpg.webp\" alt=\"Itaipu-Itaipua\u00e7u: Caminh\u00e3o causa grave acidente na RJ-102, a estrada da Serrinha\" width=\"49\" height=\"49\" \/><\/a><a href=\"https:\/\/www.facebook.com\/folhadoleste\"><img decoding=\"async\" class=\"aligncenter wp-image-7424\" src=\"https:\/\/folhadoleste.com.br\/wp-content\/uploads\/2023\/05\/facebook-logo-3-1.png.webp\" alt=\"Itaipu-Itaipua\u00e7u: Caminh\u00e3o causa grave acidente na RJ-102, a estrada da Serrinha\" width=\"49\" height=\"49\" \/><\/a><\/p>","protected":false},"excerpt":{"rendered":"<p>Prepare-se para curtir um novo espa\u00e7o de lazer em S\u00e3o Gon\u00e7alo! A Pra\u00e7a Governador Leonel Brizola, mais conhecida como Pra\u00e7a do Coluband\u00ea, reabre suas portas neste domingo (30), \u00e0s 9h, em uma cerim\u00f4nia oficial com a presen\u00e7a do prefeito Capit\u00e3o Nelson. + LEIA TAMB\u00c9M: \u25ba\u00c1guas do Rio suspende abastecimento em bairros de Itabora\u00ed A revitaliza\u00e7\u00e3o completa da \u00e1rea, que segue os moldes do programa Pra\u00e7a Renovada, promete oferecer divers\u00e3o para todas as idades e ainda mais seguran\u00e7a para os moradores. A nova Pra\u00e7a do Coluband\u00ea chega com um playground completo para a crian\u00e7ada se aventurar, academia para o idoso cuidar [&hellip;]<\/p>\n","protected":false},"author":4,"featured_media":73712,"comment_status":"open","ping_status":"open","sticky":false,"template":"","format":"standard","meta":{"footnotes":""},"categories":[47,52],"tags":[7872,2682,2538,11092,31969,4374,535,1295,536,54,6670,50,110,29870,28695,2942,2251,12374,1851,24318,93,76,585,730],"class_list":["post-73710","post","type-post","status-publish","format-standard","has-post-thumbnail","hentry","category-leste-fluminense","category-sao-goncalo","tag-cidade","tag-comunidade","tag-entrega","tag-espaco-publico","tag-evento-de-reabertura","tag-familia","tag-governo","tag-inauguracao","tag-lazer","tag-leste-fluminense","tag-moradores","tag-niteroi","tag-obra","tag-praca-do-colubande","tag-praca-renovada","tag-prefeitura","tag-projeto","tag-qualidade-de-vida","tag-revitalizacao","tag-revitalizacao-urbana","tag-rio-de-janeiro","tag-sao-goncalo","tag-seguranca","tag-transito","post--single"],"yoast_head":"<!-- This site is optimized with the Yoast SEO plugin v27.4 - https:\/\/yoast.com\/product\/yoast-seo-wordpress\/ -->\n<title>S\u00e3o Gon\u00e7alo: Pra\u00e7a do Coluband\u00ea ser\u00e1 entregue neste domingo &#8226; Folha do Leste<\/title>\n<meta name=\"description\" content=\"S\u00e3o Gon\u00e7alo: Pra\u00e7a do Coluband\u00ea ser\u00e1 entregue neste domingo. Novo espa\u00e7o de lazer para a comunidade e mais qualidade de vida para a cidade...\" \/>\n<meta name=\"robots\" content=\"index, follow, max-snippet:-1, max-image-preview:large, max-video-preview:-1\" \/>\n<link rel=\"canonical\" href=\"https:\/\/folhadoleste.com.br\/en\/sao-goncalo-praca-do-colubande-sera-entregue-neste-domingo\/\" \/>\n<meta property=\"og:locale\" content=\"en_US\" \/>\n<meta property=\"og:type\" content=\"article\" \/>\n<meta property=\"og:title\" content=\"S\u00e3o Gon\u00e7alo: Pra\u00e7a do Coluband\u00ea ser\u00e1 entregue neste domingo &#8226; Folha do Leste\" \/>\n<meta property=\"og:description\" content=\"S\u00e3o Gon\u00e7alo &#8226; 27 de June de 2024 &#8226; Folha do Leste\" \/>\n<meta property=\"og:url\" content=\"https:\/\/folhadoleste.com.br\/en\/sao-goncalo-praca-do-colubande-sera-entregue-neste-domingo\/\" \/>\n<meta property=\"og:site_name\" content=\"Folha do Leste\" \/>\n<meta property=\"article:publisher\" content=\"https:\/\/www.facebook.com\/folhadoleste\" \/>\n<meta property=\"article:published_time\" content=\"2024-06-27T19:05:17+00:00\" \/>\n<meta property=\"og:image\" content=\"https:\/\/folhadoleste.com.br\/wp-content\/uploads\/2024\/06\/Sao-Goncalo-Praca-do-Colubande-sera-entregue-neste-domingo-Foto-Divulgacao-Renan-Otto.webp\" \/>\n\t<meta property=\"og:image:width\" content=\"1200\" \/>\n\t<meta property=\"og:image:height\" content=\"750\" \/>\n\t<meta property=\"og:image:type\" content=\"image\/webp\" \/>\n<meta name=\"author\" content=\"Folha do Leste\" \/>\n<meta name=\"twitter:card\" content=\"summary_large_image\" \/>\n<meta name=\"twitter:description\" content=\"S\u00e3o Gon\u00e7alo &#8226; 27 de June de 2024 &#8226; Folha do Leste\" \/>\n<meta name=\"twitter:creator\" content=\"@FolhadoLesteRJ\" \/>\n<meta name=\"twitter:site\" content=\"@FolhadoLesteRJ\" \/>\n<meta name=\"twitter:label1\" content=\"Written by\" \/>\n\t<meta name=\"twitter:data1\" content=\"Folha do Leste\" \/>\n\t<meta name=\"twitter:label2\" content=\"Est. reading time\" \/>\n\t<meta name=\"twitter:data2\" content=\"3 minutes\" \/>\n<script type=\"application\/ld+json\" class=\"yoast-schema-graph\">{\"@context\":\"https:\\\/\\\/schema.org\",\"@graph\":[{\"@type\":\"NewsArticle\",\"@id\":\"https:\\\/\\\/folhadoleste.com.br\\\/sao-goncalo-praca-do-colubande-sera-entregue-neste-domingo\\\/#article\",\"isPartOf\":{\"@id\":\"https:\\\/\\\/folhadoleste.com.br\\\/sao-goncalo-praca-do-colubande-sera-entregue-neste-domingo\\\/\"},\"author\":{\"name\":\"Folha do Leste\",\"@id\":\"https:\\\/\\\/folhadoleste.com.br\\\/#\\\/schema\\\/person\\\/3e97145b2e1861276e84471aa85a3899\"},\"headline\":\"S\u00e3o Gon\u00e7alo: Pra\u00e7a do Coluband\u00ea ser\u00e1 entregue neste domingo\",\"datePublished\":\"2024-06-27T19:05:17+00:00\",\"mainEntityOfPage\":{\"@id\":\"https:\\\/\\\/folhadoleste.com.br\\\/sao-goncalo-praca-do-colubande-sera-entregue-neste-domingo\\\/\"},\"wordCount\":455,\"commentCount\":0,\"publisher\":{\"@id\":\"https:\\\/\\\/folhadoleste.com.br\\\/#organization\"},\"image\":{\"@id\":\"https:\\\/\\\/folhadoleste.com.br\\\/sao-goncalo-praca-do-colubande-sera-entregue-neste-domingo\\\/#primaryimage\"},\"thumbnailUrl\":\"https:\\\/\\\/folhadoleste.com.br\\\/wp-content\\\/uploads\\\/2024\\\/06\\\/Sao-Goncalo-Praca-do-Colubande-sera-entregue-neste-domingo-Foto-Divulgacao-Renan-Otto.webp\",\"keywords\":[\"cidade\",\"comunidade\",\"entrega\",\"espa\u00e7o p\u00fablico\",\"evento de reabertura\",\"Fam\u00edlia\",\"governo\",\"inaugura\u00e7\u00e3o\",\"lazer\",\"Leste Fluminense\",\"moradores\",\"Niter\u00f3i\",\"obra\",\"Pra\u00e7a do Coluband\u00ea\",\"Pra\u00e7a Renovada\",\"prefeitura\",\"projeto\",\"qualidade de vida\",\"revitaliza\u00e7\u00e3o\",\"Revitaliza\u00e7\u00e3o urbana\",\"Rio de Janeiro\",\"s\u00e3o gon\u00e7alo\",\"seguran\u00e7a\",\"Tr\u00e2nsito\"],\"articleSection\":[\"Leste Fluminense\",\"S\u00e3o Gon\u00e7alo\"],\"inLanguage\":\"en-US\",\"potentialAction\":[{\"@type\":\"CommentAction\",\"name\":\"Comment\",\"target\":[\"https:\\\/\\\/folhadoleste.com.br\\\/sao-goncalo-praca-do-colubande-sera-entregue-neste-domingo\\\/#respond\"]}]},{\"@type\":\"WebPage\",\"@id\":\"https:\\\/\\\/folhadoleste.com.br\\\/sao-goncalo-praca-do-colubande-sera-entregue-neste-domingo\\\/\",\"url\":\"https:\\\/\\\/folhadoleste.com.br\\\/sao-goncalo-praca-do-colubande-sera-entregue-neste-domingo\\\/\",\"name\":\"S\u00e3o Gon\u00e7alo: Pra\u00e7a do Coluband\u00ea ser\u00e1 entregue neste domingo &#8226; Folha do Leste\",\"isPartOf\":{\"@id\":\"https:\\\/\\\/folhadoleste.com.br\\\/#website\"},\"primaryImageOfPage\":{\"@id\":\"https:\\\/\\\/folhadoleste.com.br\\\/sao-goncalo-praca-do-colubande-sera-entregue-neste-domingo\\\/#primaryimage\"},\"image\":{\"@id\":\"https:\\\/\\\/folhadoleste.com.br\\\/sao-goncalo-praca-do-colubande-sera-entregue-neste-domingo\\\/#primaryimage\"},\"thumbnailUrl\":\"https:\\\/\\\/folhadoleste.com.br\\\/wp-content\\\/uploads\\\/2024\\\/06\\\/Sao-Goncalo-Praca-do-Colubande-sera-entregue-neste-domingo-Foto-Divulgacao-Renan-Otto.webp\",\"datePublished\":\"2024-06-27T19:05:17+00:00\",\"description\":\"S\u00e3o Gon\u00e7alo: Pra\u00e7a do Coluband\u00ea ser\u00e1 entregue neste domingo. Novo espa\u00e7o de lazer para a comunidade e mais qualidade de vida para a cidade...\",\"breadcrumb\":{\"@id\":\"https:\\\/\\\/folhadoleste.com.br\\\/sao-goncalo-praca-do-colubande-sera-entregue-neste-domingo\\\/#breadcrumb\"},\"inLanguage\":\"en-US\",\"potentialAction\":[{\"@type\":\"ReadAction\",\"target\":[\"https:\\\/\\\/folhadoleste.com.br\\\/sao-goncalo-praca-do-colubande-sera-entregue-neste-domingo\\\/\"]}]},{\"@type\":\"ImageObject\",\"inLanguage\":\"en-US\",\"@id\":\"https:\\\/\\\/folhadoleste.com.br\\\/sao-goncalo-praca-do-colubande-sera-entregue-neste-domingo\\\/#primaryimage\",\"url\":\"https:\\\/\\\/folhadoleste.com.br\\\/wp-content\\\/uploads\\\/2024\\\/06\\\/Sao-Goncalo-Praca-do-Colubande-sera-entregue-neste-domingo-Foto-Divulgacao-Renan-Otto.webp\",\"contentUrl\":\"https:\\\/\\\/folhadoleste.com.br\\\/wp-content\\\/uploads\\\/2024\\\/06\\\/Sao-Goncalo-Praca-do-Colubande-sera-entregue-neste-domingo-Foto-Divulgacao-Renan-Otto.webp\",\"width\":1200,\"height\":750,\"caption\":\"S\u00e3o Gon\u00e7alo: Pra\u00e7a do Coluband\u00ea ser\u00e1 entregue neste domingo | Divulga\u00e7\u00e3o\\\/Renan Otto\"},{\"@type\":\"BreadcrumbList\",\"@id\":\"https:\\\/\\\/folhadoleste.com.br\\\/sao-goncalo-praca-do-colubande-sera-entregue-neste-domingo\\\/#breadcrumb\",\"itemListElement\":[{\"@type\":\"ListItem\",\"position\":1,\"name\":\"In\u00edcio\",\"item\":\"https:\\\/\\\/folhadoleste.com.br\\\/\"},{\"@type\":\"ListItem\",\"position\":2,\"name\":\"Estado do Rio de Janeiro\",\"item\":\"https:\\\/\\\/folhadoleste.com.br\\\/category\\\/estado-do-rio-de-janeiro\\\/\"},{\"@type\":\"ListItem\",\"position\":3,\"name\":\"Leste Fluminense\",\"item\":\"https:\\\/\\\/folhadoleste.com.br\\\/category\\\/estado-do-rio-de-janeiro\\\/leste-fluminense\\\/\"},{\"@type\":\"ListItem\",\"position\":4,\"name\":\"S\u00e3o Gon\u00e7alo\",\"item\":\"https:\\\/\\\/folhadoleste.com.br\\\/category\\\/estado-do-rio-de-janeiro\\\/leste-fluminense\\\/sao-goncalo\\\/\"},{\"@type\":\"ListItem\",\"position\":5,\"name\":\"S\u00e3o Gon\u00e7alo: Pra\u00e7a do Coluband\u00ea ser\u00e1 entregue neste domingo\"}]},{\"@type\":\"WebSite\",\"@id\":\"https:\\\/\\\/folhadoleste.com.br\\\/#website\",\"url\":\"https:\\\/\\\/folhadoleste.com.br\\\/\",\"name\":\"Folha do Leste\",\"description\":\"Portal de Not\u00edcias com \u00eanfase em Niter\u00f3i, criando conte\u00fados desde a capital Rio de Janeiro, com olhar para o Leste Fluminense e suas cidades como S\u00e3o Gon\u00e7alo, Itabora\u00ed, Rio Bonito, Maric\u00e1, Saquarema e Araruama\",\"publisher\":{\"@id\":\"https:\\\/\\\/folhadoleste.com.br\\\/#organization\"},\"alternateName\":\"FL\",\"potentialAction\":[{\"@type\":\"SearchAction\",\"target\":{\"@type\":\"EntryPoint\",\"urlTemplate\":\"https:\\\/\\\/folhadoleste.com.br\\\/?s={search_term_string}\"},\"query-input\":{\"@type\":\"PropertyValueSpecification\",\"valueRequired\":true,\"valueName\":\"search_term_string\"}}],\"inLanguage\":\"en-US\"},{\"@type\":\"Organization\",\"@id\":\"https:\\\/\\\/folhadoleste.com.br\\\/#organization\",\"name\":\"Brasil 21 Comunica\u00e7\u00e3o\",\"alternateName\":\"BR21\",\"url\":\"https:\\\/\\\/folhadoleste.com.br\\\/\",\"logo\":{\"@type\":\"ImageObject\",\"inLanguage\":\"en-US\",\"@id\":\"https:\\\/\\\/folhadoleste.com.br\\\/#\\\/schema\\\/logo\\\/image\\\/\",\"url\":\"https:\\\/\\\/folhadoleste.com.br\\\/wp-content\\\/uploads\\\/2025\\\/12\\\/brasil-21-logomarca.avif\",\"contentUrl\":\"https:\\\/\\\/folhadoleste.com.br\\\/wp-content\\\/uploads\\\/2025\\\/12\\\/brasil-21-logomarca.avif\",\"width\":1044,\"height\":1044,\"caption\":\"Brasil 21 Comunica\u00e7\u00e3o\"},\"image\":{\"@id\":\"https:\\\/\\\/folhadoleste.com.br\\\/#\\\/schema\\\/logo\\\/image\\\/\"},\"sameAs\":[\"https:\\\/\\\/www.facebook.com\\\/folhadoleste\",\"https:\\\/\\\/x.com\\\/FolhadoLesteRJ\",\"https:\\\/\\\/www.instagram.com\\\/folhadoleste\\\/\"]},{\"@type\":\"Person\",\"@id\":\"https:\\\/\\\/folhadoleste.com.br\\\/#\\\/schema\\\/person\\\/3e97145b2e1861276e84471aa85a3899\",\"name\":\"Folha do Leste\",\"image\":{\"@type\":\"ImageObject\",\"inLanguage\":\"en-US\",\"@id\":\"https:\\\/\\\/folhadoleste.com.br\\\/wp-content\\\/litespeed\\\/avatar\\\/1ca8c218432e7045e748610eb3db0259.jpg?ver=1777161142\",\"url\":\"https:\\\/\\\/folhadoleste.com.br\\\/wp-content\\\/litespeed\\\/avatar\\\/1ca8c218432e7045e748610eb3db0259.jpg?ver=1777161142\",\"contentUrl\":\"https:\\\/\\\/folhadoleste.com.br\\\/wp-content\\\/litespeed\\\/avatar\\\/1ca8c218432e7045e748610eb3db0259.jpg?ver=1777161142\",\"caption\":\"Folha do Leste\"},\"url\":\"https:\\\/\\\/folhadoleste.com.br\\\/en\\\/author\\\/reportagem-01\\\/\"}]}<\/script>\n<!-- \/ Yoast SEO plugin. -->","yoast_head_json":{"title":"S\u00e3o Gon\u00e7alo: Pra\u00e7a do Coluband\u00ea ser\u00e1 entregue neste domingo &#8226; Folha do Leste","description":"S\u00e3o Gon\u00e7alo: Pra\u00e7a do Coluband\u00ea ser\u00e1 entregue neste domingo. Novo espa\u00e7o de lazer para a comunidade e mais qualidade de vida para a cidade...","robots":{"index":"index","follow":"follow","max-snippet":"max-snippet:-1","max-image-preview":"max-image-preview:large","max-video-preview":"max-video-preview:-1"},"canonical":"https:\/\/folhadoleste.com.br\/en\/sao-goncalo-praca-do-colubande-sera-entregue-neste-domingo\/","og_locale":"en_US","og_type":"article","og_title":"S\u00e3o Gon\u00e7alo: Pra\u00e7a do Coluband\u00ea ser\u00e1 entregue neste domingo &#8226; Folha do Leste","og_description":"S\u00e3o Gon\u00e7alo &#8226; 27 de June de 2024 &#8226; Folha do Leste","og_url":"https:\/\/folhadoleste.com.br\/en\/sao-goncalo-praca-do-colubande-sera-entregue-neste-domingo\/","og_site_name":"Folha do Leste","article_publisher":"https:\/\/www.facebook.com\/folhadoleste","article_published_time":"2024-06-27T19:05:17+00:00","og_image":[{"width":1200,"height":750,"url":"https:\/\/folhadoleste.com.br\/wp-content\/uploads\/2024\/06\/Sao-Goncalo-Praca-do-Colubande-sera-entregue-neste-domingo-Foto-Divulgacao-Renan-Otto.webp","type":"image\/webp"}],"author":"Folha do Leste","twitter_card":"summary_large_image","twitter_description":"S\u00e3o Gon\u00e7alo &#8226; 27 de June de 2024 &#8226; Folha do Leste","twitter_creator":"@FolhadoLesteRJ","twitter_site":"@FolhadoLesteRJ","twitter_misc":{"Written by":"Folha do Leste","Est. reading time":"3 minutes"},"schema":{"@context":"https:\/\/schema.org","@graph":[{"@type":"NewsArticle","@id":"https:\/\/folhadoleste.com.br\/sao-goncalo-praca-do-colubande-sera-entregue-neste-domingo\/#article","isPartOf":{"@id":"https:\/\/folhadoleste.com.br\/sao-goncalo-praca-do-colubande-sera-entregue-neste-domingo\/"},"author":{"name":"Folha do Leste","@id":"https:\/\/folhadoleste.com.br\/#\/schema\/person\/3e97145b2e1861276e84471aa85a3899"},"headline":"S\u00e3o Gon\u00e7alo: Pra\u00e7a do Coluband\u00ea ser\u00e1 entregue neste domingo","datePublished":"2024-06-27T19:05:17+00:00","mainEntityOfPage":{"@id":"https:\/\/folhadoleste.com.br\/sao-goncalo-praca-do-colubande-sera-entregue-neste-domingo\/"},"wordCount":455,"commentCount":0,"publisher":{"@id":"https:\/\/folhadoleste.com.br\/#organization"},"image":{"@id":"https:\/\/folhadoleste.com.br\/sao-goncalo-praca-do-colubande-sera-entregue-neste-domingo\/#primaryimage"},"thumbnailUrl":"https:\/\/folhadoleste.com.br\/wp-content\/uploads\/2024\/06\/Sao-Goncalo-Praca-do-Colubande-sera-entregue-neste-domingo-Foto-Divulgacao-Renan-Otto.webp","keywords":["cidade","comunidade","entrega","espa\u00e7o p\u00fablico","evento de reabertura","Fam\u00edlia","governo","inaugura\u00e7\u00e3o","lazer","Leste Fluminense","moradores","Niter\u00f3i","obra","Pra\u00e7a do Coluband\u00ea","Pra\u00e7a Renovada","prefeitura","projeto","qualidade de vida","revitaliza\u00e7\u00e3o","Revitaliza\u00e7\u00e3o urbana","Rio de Janeiro","s\u00e3o gon\u00e7alo","seguran\u00e7a","Tr\u00e2nsito"],"articleSection":["Leste Fluminense","S\u00e3o Gon\u00e7alo"],"inLanguage":"en-US","potentialAction":[{"@type":"CommentAction","name":"Comment","target":["https:\/\/folhadoleste.com.br\/sao-goncalo-praca-do-colubande-sera-entregue-neste-domingo\/#respond"]}]},{"@type":"WebPage","@id":"https:\/\/folhadoleste.com.br\/sao-goncalo-praca-do-colubande-sera-entregue-neste-domingo\/","url":"https:\/\/folhadoleste.com.br\/sao-goncalo-praca-do-colubande-sera-entregue-neste-domingo\/","name":"S\u00e3o Gon\u00e7alo: Pra\u00e7a do Coluband\u00ea ser\u00e1 entregue neste domingo &#8226; Folha do Leste","isPartOf":{"@id":"https:\/\/folhadoleste.com.br\/#website"},"primaryImageOfPage":{"@id":"https:\/\/folhadoleste.com.br\/sao-goncalo-praca-do-colubande-sera-entregue-neste-domingo\/#primaryimage"},"image":{"@id":"https:\/\/folhadoleste.com.br\/sao-goncalo-praca-do-colubande-sera-entregue-neste-domingo\/#primaryimage"},"thumbnailUrl":"https:\/\/folhadoleste.com.br\/wp-content\/uploads\/2024\/06\/Sao-Goncalo-Praca-do-Colubande-sera-entregue-neste-domingo-Foto-Divulgacao-Renan-Otto.webp","datePublished":"2024-06-27T19:05:17+00:00","description":"S\u00e3o Gon\u00e7alo: Pra\u00e7a do Coluband\u00ea ser\u00e1 entregue neste domingo. Novo espa\u00e7o de lazer para a comunidade e mais qualidade de vida para a cidade...","breadcrumb":{"@id":"https:\/\/folhadoleste.com.br\/sao-goncalo-praca-do-colubande-sera-entregue-neste-domingo\/#breadcrumb"},"inLanguage":"en-US","potentialAction":[{"@type":"ReadAction","target":["https:\/\/folhadoleste.com.br\/sao-goncalo-praca-do-colubande-sera-entregue-neste-domingo\/"]}]},{"@type":"ImageObject","inLanguage":"en-US","@id":"https:\/\/folhadoleste.com.br\/sao-goncalo-praca-do-colubande-sera-entregue-neste-domingo\/#primaryimage","url":"https:\/\/folhadoleste.com.br\/wp-content\/uploads\/2024\/06\/Sao-Goncalo-Praca-do-Colubande-sera-entregue-neste-domingo-Foto-Divulgacao-Renan-Otto.webp","contentUrl":"https:\/\/folhadoleste.com.br\/wp-content\/uploads\/2024\/06\/Sao-Goncalo-Praca-do-Colubande-sera-entregue-neste-domingo-Foto-Divulgacao-Renan-Otto.webp","width":1200,"height":750,"caption":"S\u00e3o Gon\u00e7alo: Pra\u00e7a do Coluband\u00ea ser\u00e1 entregue neste domingo | Divulga\u00e7\u00e3o\/Renan Otto"},{"@type":"BreadcrumbList","@id":"https:\/\/folhadoleste.com.br\/sao-goncalo-praca-do-colubande-sera-entregue-neste-domingo\/#breadcrumb","itemListElement":[{"@type":"ListItem","position":1,"name":"In\u00edcio","item":"https:\/\/folhadoleste.com.br\/"},{"@type":"ListItem","position":2,"name":"Estado do Rio de Janeiro","item":"https:\/\/folhadoleste.com.br\/category\/estado-do-rio-de-janeiro\/"},{"@type":"ListItem","position":3,"name":"Leste Fluminense","item":"https:\/\/folhadoleste.com.br\/category\/estado-do-rio-de-janeiro\/leste-fluminense\/"},{"@type":"ListItem","position":4,"name":"S\u00e3o Gon\u00e7alo","item":"https:\/\/folhadoleste.com.br\/category\/estado-do-rio-de-janeiro\/leste-fluminense\/sao-goncalo\/"},{"@type":"ListItem","position":5,"name":"S\u00e3o Gon\u00e7alo: Pra\u00e7a do Coluband\u00ea ser\u00e1 entregue neste domingo"}]},{"@type":"WebSite","@id":"https:\/\/folhadoleste.com.br\/#website","url":"https:\/\/folhadoleste.com.br\/","name":"Folha do Leste","description":"Portal de Not\u00edcias com \u00eanfase em Niter\u00f3i, criando conte\u00fados desde a capital Rio de Janeiro, com olhar para o Leste Fluminense e suas cidades como S\u00e3o Gon\u00e7alo, Itabora\u00ed, Rio Bonito, Maric\u00e1, Saquarema e Araruama","publisher":{"@id":"https:\/\/folhadoleste.com.br\/#organization"},"alternateName":"FL","potentialAction":[{"@type":"SearchAction","target":{"@type":"EntryPoint","urlTemplate":"https:\/\/folhadoleste.com.br\/?s={search_term_string}"},"query-input":{"@type":"PropertyValueSpecification","valueRequired":true,"valueName":"search_term_string"}}],"inLanguage":"en-US"},{"@type":"Organization","@id":"https:\/\/folhadoleste.com.br\/#organization","name":"Brasil 21 Comunica\u00e7\u00e3o","alternateName":"BR21","url":"https:\/\/folhadoleste.com.br\/","logo":{"@type":"ImageObject","inLanguage":"en-US","@id":"https:\/\/folhadoleste.com.br\/#\/schema\/logo\/image\/","url":"https:\/\/folhadoleste.com.br\/wp-content\/uploads\/2025\/12\/brasil-21-logomarca.avif","contentUrl":"https:\/\/folhadoleste.com.br\/wp-content\/uploads\/2025\/12\/brasil-21-logomarca.avif","width":1044,"height":1044,"caption":"Brasil 21 Comunica\u00e7\u00e3o"},"image":{"@id":"https:\/\/folhadoleste.com.br\/#\/schema\/logo\/image\/"},"sameAs":["https:\/\/www.facebook.com\/folhadoleste","https:\/\/x.com\/FolhadoLesteRJ","https:\/\/www.instagram.com\/folhadoleste\/"]},{"@type":"Person","@id":"https:\/\/folhadoleste.com.br\/#\/schema\/person\/3e97145b2e1861276e84471aa85a3899","name":"Folha do Leste","image":{"@type":"ImageObject","inLanguage":"en-US","@id":"https:\/\/folhadoleste.com.br\/wp-content\/litespeed\/avatar\/1ca8c218432e7045e748610eb3db0259.jpg?ver=1777161142","url":"https:\/\/folhadoleste.com.br\/wp-content\/litespeed\/avatar\/1ca8c218432e7045e748610eb3db0259.jpg?ver=1777161142","contentUrl":"https:\/\/folhadoleste.com.br\/wp-content\/litespeed\/avatar\/1ca8c218432e7045e748610eb3db0259.jpg?ver=1777161142","caption":"Folha do Leste"},"url":"https:\/\/folhadoleste.com.br\/en\/author\/reportagem-01\/"}]}},"_links":{"self":[{"href":"https:\/\/folhadoleste.com.br\/en\/wp-json\/wp\/v2\/posts\/73710","targetHints":{"allow":["GET"]}}],"collection":[{"href":"https:\/\/folhadoleste.com.br\/en\/wp-json\/wp\/v2\/posts"}],"about":[{"href":"https:\/\/folhadoleste.com.br\/en\/wp-json\/wp\/v2\/types\/post"}],"author":[{"embeddable":true,"href":"https:\/\/folhadoleste.com.br\/en\/wp-json\/wp\/v2\/users\/4"}],"replies":[{"embeddable":true,"href":"https:\/\/folhadoleste.com.br\/en\/wp-json\/wp\/v2\/comments?post=73710"}],"version-history":[{"count":1,"href":"https:\/\/folhadoleste.com.br\/en\/wp-json\/wp\/v2\/posts\/73710\/revisions"}],"predecessor-version":[{"id":73713,"href":"https:\/\/folhadoleste.com.br\/en\/wp-json\/wp\/v2\/posts\/73710\/revisions\/73713"}],"wp:featuredmedia":[{"embeddable":true,"href":"https:\/\/folhadoleste.com.br\/en\/wp-json\/wp\/v2\/media\/73712"}],"wp:attachment":[{"href":"https:\/\/folhadoleste.com.br\/en\/wp-json\/wp\/v2\/media?parent=73710"}],"wp:term":[{"taxonomy":"category","embeddable":true,"href":"https:\/\/folhadoleste.com.br\/en\/wp-json\/wp\/v2\/categories?post=73710"},{"taxonomy":"post_tag","embeddable":true,"href":"https:\/\/folhadoleste.com.br\/en\/wp-json\/wp\/v2\/tags?post=73710"}],"curies":[{"name":"wp","href":"https:\/\/api.w.org\/{rel}","templated":true}]}}