{"id":73032,"date":"2024-06-24T16:25:47","date_gmt":"2024-06-24T19:25:47","guid":{"rendered":"https:\/\/folhadoleste.com.br\/?p=73032"},"modified":"2024-06-24T16:25:47","modified_gmt":"2024-06-24T19:25:47","slug":"pm-apreende-fuzis-e-drogas-em-operacao-no-complexo-da-pedreira","status":"publish","type":"post","link":"https:\/\/folhadoleste.com.br\/en\/pm-apreende-fuzis-e-drogas-em-operacao-no-complexo-da-pedreira\/","title":{"rendered":"PM apreende fuzis e drogas em opera\u00e7\u00e3o no Complexo da Pedreira"},"content":{"rendered":"<div id=\"attachment_73034\" style=\"width: 1210px\" class=\"wp-caption aligncenter\"><a href=\"https:\/\/folhadoleste.com.br\/wp-content\/uploads\/2024\/06\/PM-apreende-fuzis-e-drogas-em-operacao-no-Complexo-da-Pedreira-Foto-Reproducao-PMERJ.webp\"><img decoding=\"async\" aria-describedby=\"caption-attachment-73034\" class=\"size-full wp-image-73034\" src=\"https:\/\/folhadoleste.com.br\/wp-content\/uploads\/2024\/06\/PM-apreende-fuzis-e-drogas-em-operacao-no-Complexo-da-Pedreira-Foto-Reproducao-PMERJ.webp\" alt=\"PM apreende fuzis e drogas em opera\u00e7\u00e3o no Complexo da Pedreira\" width=\"1200\" height=\"750\" \/><\/a><p id=\"caption-attachment-73034\" class=\"wp-caption-text\">PM apreende fuzis e drogas em opera\u00e7\u00e3o no Complexo da Pedreira | Reprodu\u00e7\u00e3o\/PMERJ<\/p><\/div>\n<p style=\"text-align: justify;\" data-sourcepos=\"3:1-3:243\">A Pol\u00edcia Militar (PM) realizou uma opera\u00e7\u00e3o no Complexo da Pedreira, na Zona Norte do Rio, na manh\u00e3 desta segunda-feira (24). A a\u00e7\u00e3o resultou na apreens\u00e3o de fuzis, drogas e na pris\u00e3o de dois homens.<\/p>\n<h6><span style=\"color: #ff0000;\"><strong>+<\/strong><\/span> <span style=\"color: #000000;\">LEIA TAMB\u00c9M: \u25ba<\/span><a href=\"https:\/\/folhadoleste.com.br\/en\/manifestacao-interdita-via-em-campo-grande-video\/\"><strong>Manifesta\u00e7\u00e3o interdita via em Campo Grande \u2013 V\u00eddeo<\/strong><\/a><\/h6>\n<p style=\"text-align: justify;\" data-sourcepos=\"7:1-7:288\">Na comunidade da Quitanda, agentes do 41\u00ba BPM (Iraj\u00e1), com apoio do 9\u00ba BPM (Rocha Miranda), destru\u00edram uma &#8220;seteira&#8221; &#8211; estrutura usada por criminosos para apoiar armas e atirar &#8211; no local conhecido como Rampa 14. Durante a opera\u00e7\u00e3o, dois homens foram detidos em flagrante com dois fuzis.<\/p>\n<p style=\"text-align: justify;\" data-sourcepos=\"11:1-11:232\">Al\u00e9m dos fuzis, diversas drogas tamb\u00e9m foram apreendidas durante a a\u00e7\u00e3o. A quantidade dos entorpecentes n\u00e3o foi divulgada. Os detidos e os materiais apreendidos foram encaminhados \u00e0 39\u00aa DP (Pavuna), onde a ocorr\u00eancia foi registrada.<\/p>\n<h5 style=\"text-align: center;\"><span style=\"color: #000000;\"><span style=\"color: #ff0000;\"><strong>+ <\/strong><\/span><\/span><span style=\"color: #000000;\"><span style=\"color: #ff9900;\"><strong>MAIS NOT\u00cdCIAS DO RIO DE JANEIRO?<\/strong><\/span> <span style=\"color: #008080;\"><strong><a style=\"color: #008080;\" href=\"https:\/\/folhadoleste.com.br\/en\/category\/rio-de-janeiro-capital\/\">CLIQUE AQUI<\/a><\/strong><\/span><\/span><\/h5>\n<p style=\"text-align: justify;\" data-sourcepos=\"15:1-15:339\">Devido \u00e0 opera\u00e7\u00e3o, o Centro Municipal de Sa\u00fade (CMS) Portus e Quitanda e o CMS Sylvio Frederico Brauner suspenderam as atividades externas, como visitas domiciliares. No entanto, o atendimento dentro das unidades aconteceu normalmente. Os hospitais estaduais n\u00e3o tiveram os servi\u00e7os afetados, de acordo com a Secretaria de Estado de Sa\u00fade.<\/p>\n<div id=\"attachment_73035\" style=\"width: 1930px\" class=\"wp-caption aligncenter\"><a href=\"https:\/\/folhadoleste.com.br\/wp-content\/uploads\/2024\/06\/PM-apreende-fuzis-e-drogas-em-operacao-no-Complexo-da-Pedreira-2-Foto-Reproducao-PMERJ.webp\"><img decoding=\"async\" aria-describedby=\"caption-attachment-73035\" class=\"size-full wp-image-73035\" src=\"https:\/\/folhadoleste.com.br\/wp-content\/uploads\/2024\/06\/PM-apreende-fuzis-e-drogas-em-operacao-no-Complexo-da-Pedreira-2-Foto-Reproducao-PMERJ.webp\" alt=\"PM apreende fuzis e drogas em opera\u00e7\u00e3o no Complexo da Pedreira\" width=\"1920\" height=\"995\" \/><\/a><p id=\"caption-attachment-73035\" class=\"wp-caption-text\">PM apreende fuzis e drogas em opera\u00e7\u00e3o no Complexo da Pedreira | Reprodu\u00e7\u00e3o\/PMERJ<\/p><\/div>\n<p style=\"text-align: justify;\" data-sourcepos=\"19:1-19:269\">Al\u00e9m disso, as comunidades Cesar Maia, Coroado e Fontela, na Zona Oeste, tamb\u00e9m foram alvos de a\u00e7\u00f5es da Pol\u00edcia Militar nesta segunda-feira (24). De acordo com a corpora\u00e7\u00e3o, policiais do 31\u00ba BPM (Recreio dos Bandeirantes) prenderam um criminoso em flagrante por portar uma pistola.<\/p>\n<h6><span style=\"color: #ff0000;\"><strong>+<\/strong><\/span> <span style=\"color: #000000;\">LEIA TAMB\u00c9M: \u25ba<\/span><a href=\"https:\/\/folhadoleste.com.br\/en\/incendio-em-posto-de-gasolina-assusta-moradores-video\/\"><strong>Inc\u00eandio em posto de gasolina assusta moradores \u2013 V\u00eddeo<\/strong><\/a><\/h6>\n<p style=\"text-align: justify;\" data-sourcepos=\"23:1-23:233\">Por fim, o bandido e a arma apreendida foram levados para a 42\u00aa DP (Recreio dos Bandeirantes), que registrou a ocorr\u00eancia. Por conta da a\u00e7\u00e3o, a Cl\u00ednica da Fam\u00edlia Maury Alves Pinho n\u00e3o realizou atividades externas nesta segunda, de acordo com a Secretaria Municipal de Sa\u00fade. Os atendimentos dentro da unidade, entretanto, funcionaram normalmente. As unidades da rede estadual seguem os atendimentos.<\/p>\n<p data-sourcepos=\"23:1-23:233\"><a href=\"https:\/\/folhadoleste.com.br\/wp-content\/uploads\/2024\/05\/Ajude-o-Rio-Grande-do-Sul-Campanha-Oficial-Folha-do-Leste.jpg\"><img decoding=\"async\" class=\"aligncenter size-full wp-image-64672\" src=\"https:\/\/folhadoleste.com.br\/wp-content\/uploads\/2024\/05\/Ajude-o-Rio-Grande-do-Sul-Campanha-Oficial-Folha-do-Leste.jpg\" alt=\"\" width=\"728\" height=\"250\" \/><\/a><\/p>\n<p data-sourcepos=\"23:1-23:233\">\n<p data-sourcepos=\"23:1-23:233\"><a href=\"https:\/\/www.instagram.com\/folhadoleste\/\"><img decoding=\"async\" class=\"aligncenter wp-image-15962\" src=\"https:\/\/folhadoleste.com.br\/wp-content\/uploads\/2023\/07\/instagram.jpg.webp\" alt=\"Itaipu-Itaipua\u00e7u: Caminh\u00e3o causa grave acidente na RJ-102, a estrada da Serrinha\" width=\"49\" height=\"49\" \/><\/a><a href=\"https:\/\/www.facebook.com\/folhadoleste\"><img decoding=\"async\" class=\"aligncenter wp-image-7424\" src=\"https:\/\/folhadoleste.com.br\/wp-content\/uploads\/2023\/05\/facebook-logo-3-1.png.webp\" alt=\"Itaipu-Itaipua\u00e7u: Caminh\u00e3o causa grave acidente na RJ-102, a estrada da Serrinha\" width=\"49\" height=\"49\" \/><\/a><\/p>","protected":false},"excerpt":{"rendered":"<p>A Pol\u00edcia Militar (PM) realizou uma opera\u00e7\u00e3o no Complexo da Pedreira, na Zona Norte do Rio, na manh\u00e3 desta segunda-feira (24). A a\u00e7\u00e3o resultou na apreens\u00e3o de fuzis, drogas e na pris\u00e3o de dois homens. + LEIA TAMB\u00c9M: \u25baManifesta\u00e7\u00e3o interdita via em Campo Grande \u2013 V\u00eddeo Na comunidade da Quitanda, agentes do 41\u00ba BPM (Iraj\u00e1), com apoio do 9\u00ba BPM (Rocha Miranda), destru\u00edram uma &#8220;seteira&#8221; &#8211; estrutura usada por criminosos para apoiar armas e atirar &#8211; no local conhecido como Rampa 14. Durante a opera\u00e7\u00e3o, dois homens foram detidos em flagrante com dois fuzis. Al\u00e9m dos fuzis, diversas drogas tamb\u00e9m [&hellip;]<\/p>\n","protected":false},"author":4,"featured_media":73034,"comment_status":"open","ping_status":"open","sticky":false,"template":"","format":"standard","meta":{"footnotes":""},"categories":[290,67],"tags":[31381,14857,2682,1885,3330,7426,1124,420,10344,78,2587,1888,93,73,824,3333,651,504,2085],"class_list":["post-73032","post","type-post","status-publish","format-standard","has-post-thumbnail","hentry","category-policia-rio-de-janeiro-capital","category-rio-de-janeiro-capital","tag-cms","tag-complexo-da-pedreira","tag-comunidade","tag-crimes","tag-drogas","tag-fuzis","tag-hospitais","tag-operacao","tag-operacao-da-pm","tag-policia","tag-policia-militar","tag-prisoes","tag-rio-de-janeiro","tag-saude","tag-seguranca-publica","tag-trafico","tag-violencia","tag-zona-norte","tag-zona-oeste","post--single"],"yoast_head":"<!-- This site is optimized with the Yoast SEO plugin v27.4 - https:\/\/yoast.com\/product\/yoast-seo-wordpress\/ -->\n<title>PM apreende fuzis e drogas em opera\u00e7\u00e3o no Complexo da Pedreira<\/title>\n<meta name=\"description\" content=\"PM apreende fuzis e drogas em opera\u00e7\u00e3o no Complexo da Pedreira. A\u00e7\u00e3o aconteceu na Zona Norte e Zona Oeste do Rio...\" \/>\n<meta name=\"robots\" content=\"index, follow, max-snippet:-1, max-image-preview:large, max-video-preview:-1\" \/>\n<link rel=\"canonical\" href=\"https:\/\/folhadoleste.com.br\/en\/pm-apreende-fuzis-e-drogas-em-operacao-no-complexo-da-pedreira\/\" \/>\n<meta property=\"og:locale\" content=\"en_US\" \/>\n<meta property=\"og:type\" content=\"article\" \/>\n<meta property=\"og:title\" content=\"PM apreende fuzis e drogas em opera\u00e7\u00e3o no Complexo da Pedreira\" \/>\n<meta property=\"og:description\" content=\"Rio de Janeiro - Capital &#8226; 24 de June de 2024 &#8226; Folha do Leste\" \/>\n<meta property=\"og:url\" content=\"https:\/\/folhadoleste.com.br\/en\/pm-apreende-fuzis-e-drogas-em-operacao-no-complexo-da-pedreira\/\" \/>\n<meta property=\"og:site_name\" content=\"Folha do Leste\" \/>\n<meta property=\"article:publisher\" content=\"https:\/\/www.facebook.com\/folhadoleste\" \/>\n<meta property=\"article:published_time\" content=\"2024-06-24T19:25:47+00:00\" \/>\n<meta property=\"og:image\" content=\"https:\/\/folhadoleste.com.br\/wp-content\/uploads\/2024\/06\/PM-apreende-fuzis-e-drogas-em-operacao-no-Complexo-da-Pedreira-Foto-Reproducao-PMERJ.webp\" \/>\n\t<meta property=\"og:image:width\" content=\"1200\" \/>\n\t<meta property=\"og:image:height\" content=\"750\" \/>\n\t<meta property=\"og:image:type\" content=\"image\/webp\" \/>\n<meta name=\"author\" content=\"Folha do Leste\" \/>\n<meta name=\"twitter:card\" content=\"summary_large_image\" \/>\n<meta name=\"twitter:description\" content=\"Rio de Janeiro - Capital &#8226; 24 de June de 2024 &#8226; Folha do Leste\" \/>\n<meta name=\"twitter:creator\" content=\"@FolhadoLesteRJ\" \/>\n<meta name=\"twitter:site\" content=\"@FolhadoLesteRJ\" \/>\n<meta name=\"twitter:label1\" content=\"Written by\" \/>\n\t<meta name=\"twitter:data1\" content=\"Folha do Leste\" \/>\n\t<meta name=\"twitter:label2\" content=\"Est. reading time\" \/>\n\t<meta name=\"twitter:data2\" content=\"4 minutes\" \/>\n<script type=\"application\/ld+json\" class=\"yoast-schema-graph\">{\"@context\":\"https:\\\/\\\/schema.org\",\"@graph\":[{\"@type\":\"NewsArticle\",\"@id\":\"https:\\\/\\\/folhadoleste.com.br\\\/pm-apreende-fuzis-e-drogas-em-operacao-no-complexo-da-pedreira\\\/#article\",\"isPartOf\":{\"@id\":\"https:\\\/\\\/folhadoleste.com.br\\\/pm-apreende-fuzis-e-drogas-em-operacao-no-complexo-da-pedreira\\\/\"},\"author\":{\"name\":\"Folha do Leste\",\"@id\":\"https:\\\/\\\/folhadoleste.com.br\\\/#\\\/schema\\\/person\\\/3e97145b2e1861276e84471aa85a3899\"},\"headline\":\"PM apreende fuzis e drogas em opera\u00e7\u00e3o no Complexo da Pedreira\",\"datePublished\":\"2024-06-24T19:25:47+00:00\",\"mainEntityOfPage\":{\"@id\":\"https:\\\/\\\/folhadoleste.com.br\\\/pm-apreende-fuzis-e-drogas-em-operacao-no-complexo-da-pedreira\\\/\"},\"wordCount\":383,\"commentCount\":0,\"publisher\":{\"@id\":\"https:\\\/\\\/folhadoleste.com.br\\\/#organization\"},\"image\":{\"@id\":\"https:\\\/\\\/folhadoleste.com.br\\\/pm-apreende-fuzis-e-drogas-em-operacao-no-complexo-da-pedreira\\\/#primaryimage\"},\"thumbnailUrl\":\"https:\\\/\\\/folhadoleste.com.br\\\/wp-content\\\/uploads\\\/2024\\\/06\\\/PM-apreende-fuzis-e-drogas-em-operacao-no-Complexo-da-Pedreira-Foto-Reproducao-PMERJ.webp\",\"keywords\":[\"CMS\",\"Complexo da Pedreira\",\"comunidade\",\"crimes\",\"drogas\",\"fuzis\",\"Hospitais\",\"opera\u00e7\u00e3o\",\"Opera\u00e7\u00e3o da PM\",\"pol\u00edcia\",\"Pol\u00edcia Militar\",\"pris\u00f5es\",\"Rio de Janeiro\",\"sa\u00fade\",\"Seguran\u00e7a publica\",\"tr\u00e1fico\",\"viol\u00eancia\",\"Zona Norte\",\"Zona Oeste\"],\"articleSection\":[\"Pol\u00edcia\",\"Rio de Janeiro - Capital\"],\"inLanguage\":\"en-US\",\"potentialAction\":[{\"@type\":\"CommentAction\",\"name\":\"Comment\",\"target\":[\"https:\\\/\\\/folhadoleste.com.br\\\/pm-apreende-fuzis-e-drogas-em-operacao-no-complexo-da-pedreira\\\/#respond\"]}]},{\"@type\":\"WebPage\",\"@id\":\"https:\\\/\\\/folhadoleste.com.br\\\/pm-apreende-fuzis-e-drogas-em-operacao-no-complexo-da-pedreira\\\/\",\"url\":\"https:\\\/\\\/folhadoleste.com.br\\\/pm-apreende-fuzis-e-drogas-em-operacao-no-complexo-da-pedreira\\\/\",\"name\":\"PM apreende fuzis e drogas em opera\u00e7\u00e3o no Complexo da Pedreira\",\"isPartOf\":{\"@id\":\"https:\\\/\\\/folhadoleste.com.br\\\/#website\"},\"primaryImageOfPage\":{\"@id\":\"https:\\\/\\\/folhadoleste.com.br\\\/pm-apreende-fuzis-e-drogas-em-operacao-no-complexo-da-pedreira\\\/#primaryimage\"},\"image\":{\"@id\":\"https:\\\/\\\/folhadoleste.com.br\\\/pm-apreende-fuzis-e-drogas-em-operacao-no-complexo-da-pedreira\\\/#primaryimage\"},\"thumbnailUrl\":\"https:\\\/\\\/folhadoleste.com.br\\\/wp-content\\\/uploads\\\/2024\\\/06\\\/PM-apreende-fuzis-e-drogas-em-operacao-no-Complexo-da-Pedreira-Foto-Reproducao-PMERJ.webp\",\"datePublished\":\"2024-06-24T19:25:47+00:00\",\"description\":\"PM apreende fuzis e drogas em opera\u00e7\u00e3o no Complexo da Pedreira. A\u00e7\u00e3o aconteceu na Zona Norte e Zona Oeste do Rio...\",\"breadcrumb\":{\"@id\":\"https:\\\/\\\/folhadoleste.com.br\\\/pm-apreende-fuzis-e-drogas-em-operacao-no-complexo-da-pedreira\\\/#breadcrumb\"},\"inLanguage\":\"en-US\",\"potentialAction\":[{\"@type\":\"ReadAction\",\"target\":[\"https:\\\/\\\/folhadoleste.com.br\\\/pm-apreende-fuzis-e-drogas-em-operacao-no-complexo-da-pedreira\\\/\"]}]},{\"@type\":\"ImageObject\",\"inLanguage\":\"en-US\",\"@id\":\"https:\\\/\\\/folhadoleste.com.br\\\/pm-apreende-fuzis-e-drogas-em-operacao-no-complexo-da-pedreira\\\/#primaryimage\",\"url\":\"https:\\\/\\\/folhadoleste.com.br\\\/wp-content\\\/uploads\\\/2024\\\/06\\\/PM-apreende-fuzis-e-drogas-em-operacao-no-Complexo-da-Pedreira-Foto-Reproducao-PMERJ.webp\",\"contentUrl\":\"https:\\\/\\\/folhadoleste.com.br\\\/wp-content\\\/uploads\\\/2024\\\/06\\\/PM-apreende-fuzis-e-drogas-em-operacao-no-Complexo-da-Pedreira-Foto-Reproducao-PMERJ.webp\",\"width\":1200,\"height\":750,\"caption\":\"PM apreende fuzis e drogas em opera\u00e7\u00e3o no Complexo da Pedreira | Reprodu\u00e7\u00e3o\\\/PMERJ\"},{\"@type\":\"BreadcrumbList\",\"@id\":\"https:\\\/\\\/folhadoleste.com.br\\\/pm-apreende-fuzis-e-drogas-em-operacao-no-complexo-da-pedreira\\\/#breadcrumb\",\"itemListElement\":[{\"@type\":\"ListItem\",\"position\":1,\"name\":\"In\u00edcio\",\"item\":\"https:\\\/\\\/folhadoleste.com.br\\\/\"},{\"@type\":\"ListItem\",\"position\":2,\"name\":\"Rio de Janeiro - Capital\",\"item\":\"https:\\\/\\\/folhadoleste.com.br\\\/category\\\/rio-de-janeiro-capital\\\/\"},{\"@type\":\"ListItem\",\"position\":3,\"name\":\"PM apreende fuzis e drogas em opera\u00e7\u00e3o no Complexo da Pedreira\"}]},{\"@type\":\"WebSite\",\"@id\":\"https:\\\/\\\/folhadoleste.com.br\\\/#website\",\"url\":\"https:\\\/\\\/folhadoleste.com.br\\\/\",\"name\":\"Folha do Leste\",\"description\":\"Portal de Not\u00edcias com \u00eanfase em Niter\u00f3i, criando conte\u00fados desde a capital Rio de Janeiro, com olhar para o Leste Fluminense e suas cidades como S\u00e3o Gon\u00e7alo, Itabora\u00ed, Rio Bonito, Maric\u00e1, Saquarema e Araruama\",\"publisher\":{\"@id\":\"https:\\\/\\\/folhadoleste.com.br\\\/#organization\"},\"alternateName\":\"FL\",\"potentialAction\":[{\"@type\":\"SearchAction\",\"target\":{\"@type\":\"EntryPoint\",\"urlTemplate\":\"https:\\\/\\\/folhadoleste.com.br\\\/?s={search_term_string}\"},\"query-input\":{\"@type\":\"PropertyValueSpecification\",\"valueRequired\":true,\"valueName\":\"search_term_string\"}}],\"inLanguage\":\"en-US\"},{\"@type\":\"Organization\",\"@id\":\"https:\\\/\\\/folhadoleste.com.br\\\/#organization\",\"name\":\"Brasil 21 Comunica\u00e7\u00e3o\",\"alternateName\":\"BR21\",\"url\":\"https:\\\/\\\/folhadoleste.com.br\\\/\",\"logo\":{\"@type\":\"ImageObject\",\"inLanguage\":\"en-US\",\"@id\":\"https:\\\/\\\/folhadoleste.com.br\\\/#\\\/schema\\\/logo\\\/image\\\/\",\"url\":\"https:\\\/\\\/folhadoleste.com.br\\\/wp-content\\\/uploads\\\/2025\\\/12\\\/brasil-21-logomarca.avif\",\"contentUrl\":\"https:\\\/\\\/folhadoleste.com.br\\\/wp-content\\\/uploads\\\/2025\\\/12\\\/brasil-21-logomarca.avif\",\"width\":1044,\"height\":1044,\"caption\":\"Brasil 21 Comunica\u00e7\u00e3o\"},\"image\":{\"@id\":\"https:\\\/\\\/folhadoleste.com.br\\\/#\\\/schema\\\/logo\\\/image\\\/\"},\"sameAs\":[\"https:\\\/\\\/www.facebook.com\\\/folhadoleste\",\"https:\\\/\\\/x.com\\\/FolhadoLesteRJ\",\"https:\\\/\\\/www.instagram.com\\\/folhadoleste\\\/\"]},{\"@type\":\"Person\",\"@id\":\"https:\\\/\\\/folhadoleste.com.br\\\/#\\\/schema\\\/person\\\/3e97145b2e1861276e84471aa85a3899\",\"name\":\"Folha do Leste\",\"image\":{\"@type\":\"ImageObject\",\"inLanguage\":\"en-US\",\"@id\":\"https:\\\/\\\/folhadoleste.com.br\\\/wp-content\\\/litespeed\\\/avatar\\\/1ca8c218432e7045e748610eb3db0259.jpg?ver=1777161142\",\"url\":\"https:\\\/\\\/folhadoleste.com.br\\\/wp-content\\\/litespeed\\\/avatar\\\/1ca8c218432e7045e748610eb3db0259.jpg?ver=1777161142\",\"contentUrl\":\"https:\\\/\\\/folhadoleste.com.br\\\/wp-content\\\/litespeed\\\/avatar\\\/1ca8c218432e7045e748610eb3db0259.jpg?ver=1777161142\",\"caption\":\"Folha do Leste\"},\"url\":\"https:\\\/\\\/folhadoleste.com.br\\\/en\\\/author\\\/reportagem-01\\\/\"}]}<\/script>\n<!-- \/ Yoast SEO plugin. -->","yoast_head_json":{"title":"PM apreende fuzis e drogas em opera\u00e7\u00e3o no Complexo da Pedreira","description":"PM apreende fuzis e drogas em opera\u00e7\u00e3o no Complexo da Pedreira. A\u00e7\u00e3o aconteceu na Zona Norte e Zona Oeste do Rio...","robots":{"index":"index","follow":"follow","max-snippet":"max-snippet:-1","max-image-preview":"max-image-preview:large","max-video-preview":"max-video-preview:-1"},"canonical":"https:\/\/folhadoleste.com.br\/en\/pm-apreende-fuzis-e-drogas-em-operacao-no-complexo-da-pedreira\/","og_locale":"en_US","og_type":"article","og_title":"PM apreende fuzis e drogas em opera\u00e7\u00e3o no Complexo da Pedreira","og_description":"Rio de Janeiro - Capital &#8226; 24 de June de 2024 &#8226; Folha do Leste","og_url":"https:\/\/folhadoleste.com.br\/en\/pm-apreende-fuzis-e-drogas-em-operacao-no-complexo-da-pedreira\/","og_site_name":"Folha do Leste","article_publisher":"https:\/\/www.facebook.com\/folhadoleste","article_published_time":"2024-06-24T19:25:47+00:00","og_image":[{"width":1200,"height":750,"url":"https:\/\/folhadoleste.com.br\/wp-content\/uploads\/2024\/06\/PM-apreende-fuzis-e-drogas-em-operacao-no-Complexo-da-Pedreira-Foto-Reproducao-PMERJ.webp","type":"image\/webp"}],"author":"Folha do Leste","twitter_card":"summary_large_image","twitter_description":"Rio de Janeiro - Capital &#8226; 24 de June de 2024 &#8226; Folha do Leste","twitter_creator":"@FolhadoLesteRJ","twitter_site":"@FolhadoLesteRJ","twitter_misc":{"Written by":"Folha do Leste","Est. reading time":"4 minutes"},"schema":{"@context":"https:\/\/schema.org","@graph":[{"@type":"NewsArticle","@id":"https:\/\/folhadoleste.com.br\/pm-apreende-fuzis-e-drogas-em-operacao-no-complexo-da-pedreira\/#article","isPartOf":{"@id":"https:\/\/folhadoleste.com.br\/pm-apreende-fuzis-e-drogas-em-operacao-no-complexo-da-pedreira\/"},"author":{"name":"Folha do Leste","@id":"https:\/\/folhadoleste.com.br\/#\/schema\/person\/3e97145b2e1861276e84471aa85a3899"},"headline":"PM apreende fuzis e drogas em opera\u00e7\u00e3o no Complexo da Pedreira","datePublished":"2024-06-24T19:25:47+00:00","mainEntityOfPage":{"@id":"https:\/\/folhadoleste.com.br\/pm-apreende-fuzis-e-drogas-em-operacao-no-complexo-da-pedreira\/"},"wordCount":383,"commentCount":0,"publisher":{"@id":"https:\/\/folhadoleste.com.br\/#organization"},"image":{"@id":"https:\/\/folhadoleste.com.br\/pm-apreende-fuzis-e-drogas-em-operacao-no-complexo-da-pedreira\/#primaryimage"},"thumbnailUrl":"https:\/\/folhadoleste.com.br\/wp-content\/uploads\/2024\/06\/PM-apreende-fuzis-e-drogas-em-operacao-no-Complexo-da-Pedreira-Foto-Reproducao-PMERJ.webp","keywords":["CMS","Complexo da Pedreira","comunidade","crimes","drogas","fuzis","Hospitais","opera\u00e7\u00e3o","Opera\u00e7\u00e3o da PM","pol\u00edcia","Pol\u00edcia Militar","pris\u00f5es","Rio de Janeiro","sa\u00fade","Seguran\u00e7a publica","tr\u00e1fico","viol\u00eancia","Zona Norte","Zona Oeste"],"articleSection":["Pol\u00edcia","Rio de Janeiro - Capital"],"inLanguage":"en-US","potentialAction":[{"@type":"CommentAction","name":"Comment","target":["https:\/\/folhadoleste.com.br\/pm-apreende-fuzis-e-drogas-em-operacao-no-complexo-da-pedreira\/#respond"]}]},{"@type":"WebPage","@id":"https:\/\/folhadoleste.com.br\/pm-apreende-fuzis-e-drogas-em-operacao-no-complexo-da-pedreira\/","url":"https:\/\/folhadoleste.com.br\/pm-apreende-fuzis-e-drogas-em-operacao-no-complexo-da-pedreira\/","name":"PM apreende fuzis e drogas em opera\u00e7\u00e3o no Complexo da Pedreira","isPartOf":{"@id":"https:\/\/folhadoleste.com.br\/#website"},"primaryImageOfPage":{"@id":"https:\/\/folhadoleste.com.br\/pm-apreende-fuzis-e-drogas-em-operacao-no-complexo-da-pedreira\/#primaryimage"},"image":{"@id":"https:\/\/folhadoleste.com.br\/pm-apreende-fuzis-e-drogas-em-operacao-no-complexo-da-pedreira\/#primaryimage"},"thumbnailUrl":"https:\/\/folhadoleste.com.br\/wp-content\/uploads\/2024\/06\/PM-apreende-fuzis-e-drogas-em-operacao-no-Complexo-da-Pedreira-Foto-Reproducao-PMERJ.webp","datePublished":"2024-06-24T19:25:47+00:00","description":"PM apreende fuzis e drogas em opera\u00e7\u00e3o no Complexo da Pedreira. A\u00e7\u00e3o aconteceu na Zona Norte e Zona Oeste do Rio...","breadcrumb":{"@id":"https:\/\/folhadoleste.com.br\/pm-apreende-fuzis-e-drogas-em-operacao-no-complexo-da-pedreira\/#breadcrumb"},"inLanguage":"en-US","potentialAction":[{"@type":"ReadAction","target":["https:\/\/folhadoleste.com.br\/pm-apreende-fuzis-e-drogas-em-operacao-no-complexo-da-pedreira\/"]}]},{"@type":"ImageObject","inLanguage":"en-US","@id":"https:\/\/folhadoleste.com.br\/pm-apreende-fuzis-e-drogas-em-operacao-no-complexo-da-pedreira\/#primaryimage","url":"https:\/\/folhadoleste.com.br\/wp-content\/uploads\/2024\/06\/PM-apreende-fuzis-e-drogas-em-operacao-no-Complexo-da-Pedreira-Foto-Reproducao-PMERJ.webp","contentUrl":"https:\/\/folhadoleste.com.br\/wp-content\/uploads\/2024\/06\/PM-apreende-fuzis-e-drogas-em-operacao-no-Complexo-da-Pedreira-Foto-Reproducao-PMERJ.webp","width":1200,"height":750,"caption":"PM apreende fuzis e drogas em opera\u00e7\u00e3o no Complexo da Pedreira | Reprodu\u00e7\u00e3o\/PMERJ"},{"@type":"BreadcrumbList","@id":"https:\/\/folhadoleste.com.br\/pm-apreende-fuzis-e-drogas-em-operacao-no-complexo-da-pedreira\/#breadcrumb","itemListElement":[{"@type":"ListItem","position":1,"name":"In\u00edcio","item":"https:\/\/folhadoleste.com.br\/"},{"@type":"ListItem","position":2,"name":"Rio de Janeiro - Capital","item":"https:\/\/folhadoleste.com.br\/category\/rio-de-janeiro-capital\/"},{"@type":"ListItem","position":3,"name":"PM apreende fuzis e drogas em opera\u00e7\u00e3o no Complexo da Pedreira"}]},{"@type":"WebSite","@id":"https:\/\/folhadoleste.com.br\/#website","url":"https:\/\/folhadoleste.com.br\/","name":"Folha do Leste","description":"Portal de Not\u00edcias com \u00eanfase em Niter\u00f3i, criando conte\u00fados desde a capital Rio de Janeiro, com olhar para o Leste Fluminense e suas cidades como S\u00e3o Gon\u00e7alo, Itabora\u00ed, Rio Bonito, Maric\u00e1, Saquarema e Araruama","publisher":{"@id":"https:\/\/folhadoleste.com.br\/#organization"},"alternateName":"FL","potentialAction":[{"@type":"SearchAction","target":{"@type":"EntryPoint","urlTemplate":"https:\/\/folhadoleste.com.br\/?s={search_term_string}"},"query-input":{"@type":"PropertyValueSpecification","valueRequired":true,"valueName":"search_term_string"}}],"inLanguage":"en-US"},{"@type":"Organization","@id":"https:\/\/folhadoleste.com.br\/#organization","name":"Brasil 21 Comunica\u00e7\u00e3o","alternateName":"BR21","url":"https:\/\/folhadoleste.com.br\/","logo":{"@type":"ImageObject","inLanguage":"en-US","@id":"https:\/\/folhadoleste.com.br\/#\/schema\/logo\/image\/","url":"https:\/\/folhadoleste.com.br\/wp-content\/uploads\/2025\/12\/brasil-21-logomarca.avif","contentUrl":"https:\/\/folhadoleste.com.br\/wp-content\/uploads\/2025\/12\/brasil-21-logomarca.avif","width":1044,"height":1044,"caption":"Brasil 21 Comunica\u00e7\u00e3o"},"image":{"@id":"https:\/\/folhadoleste.com.br\/#\/schema\/logo\/image\/"},"sameAs":["https:\/\/www.facebook.com\/folhadoleste","https:\/\/x.com\/FolhadoLesteRJ","https:\/\/www.instagram.com\/folhadoleste\/"]},{"@type":"Person","@id":"https:\/\/folhadoleste.com.br\/#\/schema\/person\/3e97145b2e1861276e84471aa85a3899","name":"Folha do Leste","image":{"@type":"ImageObject","inLanguage":"en-US","@id":"https:\/\/folhadoleste.com.br\/wp-content\/litespeed\/avatar\/1ca8c218432e7045e748610eb3db0259.jpg?ver=1777161142","url":"https:\/\/folhadoleste.com.br\/wp-content\/litespeed\/avatar\/1ca8c218432e7045e748610eb3db0259.jpg?ver=1777161142","contentUrl":"https:\/\/folhadoleste.com.br\/wp-content\/litespeed\/avatar\/1ca8c218432e7045e748610eb3db0259.jpg?ver=1777161142","caption":"Folha do Leste"},"url":"https:\/\/folhadoleste.com.br\/en\/author\/reportagem-01\/"}]}},"_links":{"self":[{"href":"https:\/\/folhadoleste.com.br\/en\/wp-json\/wp\/v2\/posts\/73032","targetHints":{"allow":["GET"]}}],"collection":[{"href":"https:\/\/folhadoleste.com.br\/en\/wp-json\/wp\/v2\/posts"}],"about":[{"href":"https:\/\/folhadoleste.com.br\/en\/wp-json\/wp\/v2\/types\/post"}],"author":[{"embeddable":true,"href":"https:\/\/folhadoleste.com.br\/en\/wp-json\/wp\/v2\/users\/4"}],"replies":[{"embeddable":true,"href":"https:\/\/folhadoleste.com.br\/en\/wp-json\/wp\/v2\/comments?post=73032"}],"version-history":[{"count":1,"href":"https:\/\/folhadoleste.com.br\/en\/wp-json\/wp\/v2\/posts\/73032\/revisions"}],"predecessor-version":[{"id":73036,"href":"https:\/\/folhadoleste.com.br\/en\/wp-json\/wp\/v2\/posts\/73032\/revisions\/73036"}],"wp:featuredmedia":[{"embeddable":true,"href":"https:\/\/folhadoleste.com.br\/en\/wp-json\/wp\/v2\/media\/73034"}],"wp:attachment":[{"href":"https:\/\/folhadoleste.com.br\/en\/wp-json\/wp\/v2\/media?parent=73032"}],"wp:term":[{"taxonomy":"category","embeddable":true,"href":"https:\/\/folhadoleste.com.br\/en\/wp-json\/wp\/v2\/categories?post=73032"},{"taxonomy":"post_tag","embeddable":true,"href":"https:\/\/folhadoleste.com.br\/en\/wp-json\/wp\/v2\/tags?post=73032"}],"curies":[{"name":"wp","href":"https:\/\/api.w.org\/{rel}","templated":true}]}}