{"id":7216,"date":"2023-05-27T13:24:51","date_gmt":"2023-05-27T16:24:51","guid":{"rendered":"https:\/\/folhadoleste.com.br\/?p=7216"},"modified":"2023-05-27T13:25:32","modified_gmt":"2023-05-27T16:25:32","slug":"ultimos-dias-para-declarar-imposto-de-renda-o-que-nao-esquecer","status":"publish","type":"post","link":"https:\/\/folhadoleste.com.br\/en\/ultimos-dias-para-declarar-imposto-de-renda-o-que-nao-esquecer\/","title":{"rendered":"\u00daltimos dias para declarar Imposto de Renda: o que n\u00e3o esquecer"},"content":{"rendered":"<p>O prazo para declarar o Imposto de Renda termina na pr\u00f3xima quarta-feira (31). Muitos contribuintes ainda t\u00eam d\u00favida sobre o procedimento. A FOLHA DO LESTE preparou um guia com dicas para n\u00e3o errar na hora de prestar contas ao &#8220;Le\u00e3o&#8221;.<\/p>\n<p>At\u00e9 a \u00faltima segunda-feira (22), o fisco havia recebido mais de 27 milh\u00f5es de declara\u00e7\u00f5es, de um total estimado em cerca de 39 milh\u00f5es de declarantes.<\/p>\n<p>O professor de contabilidade da Funda\u00e7\u00e3o Escola de Com\u00e9rcio \u00c1lvares Penteado (FECAP) Tiago Slavov, esclarece a seguir os principais pontos para ajudar os contribuintes que deixaram a declara\u00e7\u00e3o para a \u00faltima hora.<\/p>\n<p><strong>DICAS PARA N\u00c3O ERRAR A DECLARA\u00c7\u00c3O<\/strong><\/p>\n<p>Todos os anos surgem muitas d\u00favidas quanto ao procedimento, principalmente entre os que v\u00e3o declarar o imposto pela primeira vez.<\/p>\n<p>O preenchimento da declara\u00e7\u00e3o do IR pode levar alguns minutos para quem tem poucos rendimentos e bens; ou muitas horas, dependendo do patrim\u00f4nio do contribuinte. A principal dica para n\u00e3o errar a declara\u00e7\u00e3o \u00e9 estar atento para obter todos os documentos e informa\u00e7\u00f5es, mesmo que digitalmente.<\/p>\n<p>\u201cOs documentos mais importantes s\u00e3o os informes de rendimentos recebidos dos empregadores, contratantes de servi\u00e7os, ex-empregador para quem foi desligado da empresa no ano anterior, informe do INSS para aposentados e alugu\u00e9is recebidos. Informes de rendimentos banc\u00e1rios tamb\u00e9m podem ser acessados facilmente nos servi\u00e7os digitais dos bancos\u201d, explica Slavov.<\/p>\n<p>Os principais documentos s\u00e3o:<\/p>\n<p>\u2013 \u00daltima Declara\u00e7\u00e3o do Imposto de Renda Pessoa F\u00edsica<\/p>\n<p>\u2013 Informes de Rendimentos \u2013 sal\u00e1rios, honor\u00e1rios, Nota Fiscal Paulista, Aposentadoria, Aux\u00edlio Emergencial, etc.<\/p>\n<p>\u2013 Rendimentos Recebidos de Pessoa F\u00edsica \u2013 pens\u00f5es, alugu\u00e9is, livro-caixa, etc.<\/p>\n<p>\u2013 Informes de Rendimentos Financeiros e D\u00edvidas \u2013 Contas, Aplica\u00e7\u00f5es, Previd\u00eancia, empr\u00e9stimos, etc.<\/p>\n<p>\u2013 Dependentes e Alimentandos<\/p>\n<p>\u2013 Bens e Direitos \u2013 saldos de bens, documentos de im\u00f3veis, criptomoedas, etc.<\/p>\n<p>\u2013 Despesas M\u00e9dicas<\/p>\n<p>\u2013 Despesas com Instru\u00e7\u00e3o<\/p>\n<p>\u2013 Doa\u00e7\u00f5es<\/p>\n<p>\u2013 Pens\u00f5es Pagas<\/p>\n<p>\u2013 Outros Rendimentos (Bolsas de Estudo, Ganho de Capital, Heran\u00e7as, Acordos Judiciais, Restitui\u00e7\u00e3o IR anterior, etc.<\/p>\n<p>\u2013 Outros Pagamentos (Advogados, Engenheiros, Profissionais Liberais, Alugu\u00e9is Pagos, etc.)<\/p>\n<p><strong>DECLARA\u00c7\u00c3O PR\u00c9-PREENCHIDA<\/strong><\/p>\n<p>Com a declara\u00e7\u00e3o pr\u00e9-preenchida, as informa\u00e7\u00f5es \u00e0 disposi\u00e7\u00e3o da Receita Federal s\u00e3o importadas diretamente para a declara\u00e7\u00e3o, por exemplo, as informa\u00e7\u00f5es de rendimentos pagos por empresas e outras pessoas, as despesas m\u00e9dicas informadas por estabelecimentos m\u00e9dicos e o hist\u00f3rico de bens e direitos das declara\u00e7\u00f5es de anos anteriores.<\/p>\n<p>\u201cQuem usa a funcionalidade na declara\u00e7\u00e3o pr\u00e9-preenchida tem menor chance de errar o preenchimento e cair na malha, favorecendo a possibilidade de receber a restitui\u00e7\u00e3o mais rapidamente. Para quem tem imposto a pagar, significa maior tranquilidade em saber que est\u00e1 pagando corretamente seus impostos. Mas aten\u00e7\u00e3o: a confer\u00eancia e valida\u00e7\u00e3o dos dados continua a ser uma responsabilidade do contribuinte\u201d, diz o professor.<\/p>\n<p><strong>COMO DECLARAR GASTOS COM SA\u00daDE<\/strong><\/p>\n<p>Segundo o especialista, toda despesa m\u00e9dica ou com procedimentos hospitalares s\u00e3o dedut\u00edveis para o Imposto de Renda, desde que o benefici\u00e1rio seja o declarante, dependente ou alimentando.<\/p>\n<p>\u201cEm regra geral, a despesa deve ser comprovada com a nota fiscal de estabelecimentos de sa\u00fade ou recibos emitidos por profissionais m\u00e9dicos, como dentistas, psic\u00f3logos e fisioterapeutas, por exemplo. \u00c9 necess\u00e1rio guardar tamb\u00e9m o receitu\u00e1rio m\u00e9dico para comprovar que o procedimento foi realizado. Na falta de comprovantes, tamb\u00e9m \u00e9 poss\u00edvel suportar a dedu\u00e7\u00e3o com o comprovante de pagamento, mas a dedu\u00e7\u00e3o ficar\u00e1 sujeita \u00e0 an\u00e1lise fiscal\u201d, diz.<\/p>\n<p>N\u00e3o existe um limite de dedu\u00e7\u00e3o por pessoa, o contribuinte pode deduzir o total dos valores pagos, desde que comprovados. Contudo, somente pagamentos a profissionais m\u00e9dicos e estabelecimentos hospitalares s\u00e3o dedut\u00edveis.<\/p>\n<p>\u201cMedicamentos e vacinas que constem em nota fiscal de estabelecimento hospitalar, por exemplo, s\u00e3o dedut\u00edveis. Mas se os medicamentos s\u00e3o comprados diretamente de estabelecimento farmac\u00eautico, n\u00e3o s\u00e3o dedut\u00edveis. Outro exemplo s\u00e3o as despesas com pr\u00f3tese de silicone. O valor do procedimento pago a estabelecimento hospitalar \u00e9 dedut\u00edvel, mas outros valores pagos \u00e0 profissionais ou estabelecimentos est\u00e9ticos n\u00e3o s\u00e3o dedut\u00edveis\u201d, acrescenta Slavov.<\/p>\n<p>Quando se trata de gastos reembolsados por plano de sa\u00fade, ou os pagos pelo contribuinte, em plano de coparticipa\u00e7\u00e3o, o professor de contabilidade explica que s\u00e3o dedut\u00edveis apenas as despesas arcadas pelo declarante.<\/p>\n<p>Se existe reembolso total, a despesa n\u00e3o \u00e9 dedut\u00edvel (ser\u00e1 dedut\u00edvel, neste caso, o valor pago ao Plano de Sa\u00fade). Se existe reembolso parcial de despesa m\u00e9dica ou hospitalar, o valor dedut\u00edvel ser\u00e1 a diferen\u00e7a entre o valor desembolsado e o valor reembolsado. Neste caso, o contribuinte ao informar na ficha \u201cPagamentos Efetuados\u201d a despesa m\u00e9dica, deve informar o valor total da despesa no campo \u201cvalor pago\u201d e o valor reembolsado em \u201cParcela n\u00e3o dedut\u00edvel\/valor reembolsado\u201d. O programa considera apenas a diferen\u00e7a como dedut\u00edvel.<\/p>\n<p>No caso de pais separados, se os respons\u00e1veis declaram em separado, as despesas m\u00e9dicas ou hospitalares (incluindo plano de sa\u00fade) s\u00e3o informadas na declara\u00e7\u00e3o do benefici\u00e1rio do procedimento m\u00e9dico.<\/p>\n<p>Exemplo: se o pai e a m\u00e3e apresentam a declara\u00e7\u00e3o separadamente, e o filho do casal \u00e9 informado como dependente apenas na declara\u00e7\u00e3o da m\u00e3e, ele s\u00f3 pode ser informado como dependente em uma das declara\u00e7\u00f5es; ainda que o plano de sa\u00fade familiar (pai, m\u00e3e e filho) seja descontado do sal\u00e1rio do pai, a parte que corresponde \u00e0 despesa da m\u00e3e e do filho ser\u00e1 informada na declara\u00e7\u00e3o da m\u00e3e, apenas.<\/p>\n<p>Isso vale para entidade familiar (ascendentes e descendentes), da qual n\u00e3o ser\u00e1 exigida comprova\u00e7\u00e3o da transfer\u00eancia do recurso financeiro, e vale para terceiros (um tio, por exemplo), mas neste caso ser\u00e1 necess\u00e1rio comprovar a transfer\u00eancia.<\/p>\n<p>O docente lembra que as despesas m\u00e9dicas ou hospitalares s\u00e3o informadas na ficha Pagamentos Efetuados da Declara\u00e7\u00e3o de Ajuste Anual. A comprova\u00e7\u00e3o deve identificar nome, endere\u00e7o, CPF ou CNPJ de quem prestou o servi\u00e7o, o respons\u00e1vel pelo pagamento (declarante), o benefici\u00e1rio, data de sua emiss\u00e3o e assinatura (no caso de recibo).<\/p>\n<p><strong>COMO DECLARAR GASTOS COM EDUCA\u00c7\u00c3O<\/strong><span style=\"font-size: 1.1429rem;\">\u00a0<\/span><\/p>\n<p>Segundo o professor universit\u00e1rio, podem ser dedut\u00edveis apenas despesas do declarante ou dos dependentes com o chamado \u201censino regular\u201d, aqueles sujeitos a regulamenta\u00e7\u00f5es (MEC, CAPES, Secretaria de Ensino, entre outros). Ou seja, s\u00f3 educa\u00e7\u00e3o infantil, fundamental, m\u00e9dio, superior (gradua\u00e7\u00e3o e de p\u00f3s-gradua\u00e7\u00e3o) e educa\u00e7\u00e3o profissional (t\u00e9cnico e o tecnol\u00f3gico) podem ser dedut\u00edveis, com limite de R\uff04 3.561,50 por ano, por pessoa.<\/p>\n<p>\u201cNenhum tipo de forma\u00e7\u00e3o que n\u00e3o \u00e9 considerada ensino regular \u00e9 dedut\u00edvel. Ou seja, n\u00e3o s\u00e3o dedut\u00edveis aulas de idioma estrangeiro, m\u00fasica, dan\u00e7a, nata\u00e7\u00e3o, gin\u00e1stica, dic\u00e7\u00e3o, corte e costura, aulas de tr\u00e2nsito, t\u00eanis, pilotagem e cursos preparat\u00f3rios para vestibular ou concursos, por exemplo\u201d, acrescenta Slavov.<\/p>\n<p>O professor de Contabilidade faz uma observa\u00e7\u00e3o: no caso de declara\u00e7\u00e3o em separado (vale tanto para casal ou em caso de separa\u00e7\u00e3o), apenas deve informar as despesas de instru\u00e7\u00e3o do dependente aquele que declara o filho como dependente. O filho s\u00f3 pode ser informado como dependente na declara\u00e7\u00e3o de um dos pais. Se um dos c\u00f4njuges pagar pens\u00e3o judicial e nesta est\u00e1 inclu\u00edda parte do valor de instru\u00e7\u00e3o do filho, a pens\u00e3o j\u00e1 \u00e9 considerada despesa dedut\u00edvel.<\/p>\n<p>Todos os rendimentos isentos ou tribut\u00e1veis, pr\u00f3prios e de dependentes, devem ser declarados. Bolsas de estudo s\u00e3o rendimentos tribut\u00e1veis se existe contrapresta\u00e7\u00e3o de servi\u00e7os ou se oferecem vantagem para o doador em fun\u00e7\u00e3o dos resultados obtidos nessas atividades. Por exemplo, uma bolsa paga pela empresa ao estudante \u201cestagi\u00e1rio\u201d \u00e9 um rendimento tribut\u00e1vel.<\/p>\n<p>Bolsas de estudos s\u00e3o rendimentos isentos se n\u00e3o existe contrapresta\u00e7\u00e3o de servi\u00e7os, como bolsas oferecidas ag\u00eancias de fomento para estudantes de p\u00f3s-gradua\u00e7\u00e3o.<\/p>\n<p>\u201cEm geral, se um dependente recebe bolsa de estudo tribut\u00e1vel, o contribuinte deve fazer a seguinte conta: somar todas as dedu\u00e7\u00f5es associadas com o dependente (dedu\u00e7\u00e3o por dependente, despesas m\u00e9dicas, instru\u00e7\u00e3o e previd\u00eancia). Se os rendimentos auferidos pelo dependente forem superiores \u00e0s dedu\u00e7\u00f5es legais previstas, \u00e9 prefer\u00edvel excluir o dependente da declara\u00e7\u00e3o, que por sua vez apresentar\u00e1 a declara\u00e7\u00e3o em separado. Se n\u00e3o fizer isso, o declarante vai aumentar a sua base de tributa\u00e7\u00e3o, reduzindo o valor da restitui\u00e7\u00e3o ou aumentando o valor do imposto a pagar\u201d.<\/p>\n<p>O especialista acrescenta que n\u00e3o s\u00e3o dedut\u00edveis materiais escolares e de estudo, tais como enciclop\u00e9dias, livros, publica\u00e7\u00f5es e materiais t\u00e9cnicos. Al\u00e9m disso, o declarante precisa estar atento, pois gastos com educa\u00e7\u00e3o tidos no ano anterior n\u00e3o aparecem na declara\u00e7\u00e3o pr\u00e9-preenchida.<\/p>\n<p>\u201cOs pagamentos efetuados \u00e0s institui\u00e7\u00f5es de ensino devem ser declarados mediante a comprova\u00e7\u00e3o das despesas, por meio de recibos, notas fiscais e outros documentos id\u00f4neos\u201d.<\/p>\n<p><strong>N\u00c3O CAIA NA MALHA FINA<\/strong><\/p>\n<p>\u201cDois dos principais motivos para a declara\u00e7\u00e3o cair na malha fiscal s\u00e3o a omiss\u00e3o de rendimentos e as despesas m\u00e9dicas. A omiss\u00e3o ocorre, por exemplo, quando o contribuinte esquece de informar um rendimento ou quando informa de maneira incorreta\u201d, lembra o especialista.<\/p>\n<p>As despesas m\u00e9dicas tamb\u00e9m geram pend\u00eancias por v\u00e1rios motivos, como falta de previs\u00e3o legal, de documento h\u00e1bil, de comprovante de pagamento e de indica\u00e7\u00e3o errada do benefici\u00e1rio (se contribuinte ou dependente), entre outros.<\/p>\n<p><strong>PAGAMENTO E RESTITUI\u00c7\u00c3O<\/strong><\/p>\n<p>Uma das vantagens de declarar com anteced\u00eancia \u00e9 a possibilidade de pagar em uma \u00fanica parcela, com desconto, ou parcelar. Quem tem imposto a pagar e n\u00e3o entrega a declara\u00e7\u00e3o fica sujeito a duas multas: uma pelo atraso da entrega e outra pelo atraso no pagamento do imposto.<\/p>\n<p>J\u00e1 para quem tem saldo de imposto a restituir (vai receber dinheiro de volta do le\u00e3o), declarar mais cedo pode significar receber a restitui\u00e7\u00e3o mais cedo. Para entrar nos primeiros lotes, a Receita Federal utiliza algumas prioridades, sendo uma delas a ordem de entrega da declara\u00e7\u00e3o, se atentando para que n\u00e3o haja erros ou inconsist\u00eancias nos dados.<\/p>\n<h5><strong><a href=\"https:\/\/www.facebook.com\/folhadoleste\">CURTA E SIGA NOSSA P\u00c1GINA NO FACEBOOK CLICANDO AQUI<\/a><\/strong><\/h5>\n<h5><strong><a href=\"https:\/\/www.instagram.com\/folhadoleste\/\">CURTA E SIGA NOSSA P\u00c1GINA NO INSTAGRAM CLICANDO AQUI<\/a><\/strong><\/h5>","protected":false},"excerpt":{"rendered":"<p>O prazo para declarar o Imposto de Renda termina na pr\u00f3xima quarta-feira (31). Muitos contribuintes ainda t\u00eam d\u00favida sobre o procedimento. A FOLHA DO LESTE preparou um guia com dicas para n\u00e3o errar na hora de prestar contas ao &#8220;Le\u00e3o&#8221;. At\u00e9 a \u00faltima segunda-feira (22), o fisco havia recebido mais de 27 milh\u00f5es de declara\u00e7\u00f5es, de um total estimado em cerca de 39 milh\u00f5es de declarantes. O professor de contabilidade da Funda\u00e7\u00e3o Escola de Com\u00e9rcio \u00c1lvares Penteado (FECAP) Tiago Slavov, esclarece a seguir os principais pontos para ajudar os contribuintes que deixaram a declara\u00e7\u00e3o para a \u00faltima hora. DICAS PARA [&hellip;]<\/p>\n","protected":false},"author":4,"featured_media":3650,"comment_status":"open","ping_status":"open","sticky":false,"template":"","format":"standard","meta":{"footnotes":""},"categories":[64,145],"tags":[2421,1174,3355,673],"class_list":["post-7216","post","type-post","status-publish","format-standard","has-post-thumbnail","hentry","category-brasil","category-economia","tag-declaracao","tag-imposto-de-renda","tag-leao","tag-receita-federal","post--single"],"yoast_head":"<!-- This site is optimized with the Yoast SEO plugin v27.5 - https:\/\/yoast.com\/product\/yoast-seo-wordpress\/ -->\n<title>\u00daltimos dias para declarar Imposto de Renda: o que n\u00e3o esquecer &#8226; Folha do Leste<\/title>\n<meta name=\"description\" content=\"Guia de dicas para n\u00e3o esquecer na hora de declarar o Imposto de Renda, cujo prazo termina na pr\u00f3xima quarta-feira, dia 31.\" \/>\n<meta name=\"robots\" content=\"index, follow, max-snippet:-1, max-image-preview:large, max-video-preview:-1\" \/>\n<link rel=\"canonical\" href=\"https:\/\/folhadoleste.com.br\/en\/ultimos-dias-para-declarar-imposto-de-renda-o-que-nao-esquecer\/\" \/>\n<meta property=\"og:locale\" content=\"en_US\" \/>\n<meta property=\"og:type\" content=\"article\" \/>\n<meta property=\"og:title\" content=\"\u00daltimos dias para declarar Imposto de Renda: o que n\u00e3o esquecer &#8226; Folha do Leste\" \/>\n<meta property=\"og:description\" content=\"Saiba mais.\" \/>\n<meta property=\"og:url\" content=\"https:\/\/folhadoleste.com.br\/en\/ultimos-dias-para-declarar-imposto-de-renda-o-que-nao-esquecer\/\" \/>\n<meta property=\"og:site_name\" content=\"Folha do Leste\" \/>\n<meta property=\"article:publisher\" content=\"https:\/\/www.facebook.com\/folhadoleste\" \/>\n<meta property=\"article:published_time\" content=\"2023-05-27T16:24:51+00:00\" \/>\n<meta property=\"article:modified_time\" content=\"2023-05-27T16:25:32+00:00\" \/>\n<meta property=\"og:image\" content=\"https:\/\/folhadoleste.com.br\/wp-content\/uploads\/2023\/04\/Contribuinte-tem-um-mes-para-entregar-declaracao-do-Imposto-de-Renda-Joedson-Alves-Agencia-Brasil.jpg\" \/>\n\t<meta property=\"og:image:width\" content=\"1170\" \/>\n\t<meta property=\"og:image:height\" content=\"700\" \/>\n\t<meta property=\"og:image:type\" content=\"image\/jpeg\" \/>\n<meta name=\"author\" content=\"Folha do Leste\" \/>\n<meta name=\"twitter:card\" content=\"summary_large_image\" \/>\n<meta name=\"twitter:creator\" content=\"@FolhadoLesteRJ\" \/>\n<meta name=\"twitter:site\" content=\"@FolhadoLesteRJ\" \/>\n<meta name=\"twitter:label1\" content=\"Written by\" \/>\n\t<meta name=\"twitter:data1\" content=\"Folha do Leste\" \/>\n\t<meta name=\"twitter:label2\" content=\"Est. reading time\" \/>\n\t<meta name=\"twitter:data2\" content=\"9 minutes\" \/>\n<script type=\"application\/ld+json\" class=\"yoast-schema-graph\">{\"@context\":\"https:\\\/\\\/schema.org\",\"@graph\":[{\"@type\":\"NewsArticle\",\"@id\":\"https:\\\/\\\/folhadoleste.com.br\\\/ultimos-dias-para-declarar-imposto-de-renda-o-que-nao-esquecer\\\/#article\",\"isPartOf\":{\"@id\":\"https:\\\/\\\/folhadoleste.com.br\\\/ultimos-dias-para-declarar-imposto-de-renda-o-que-nao-esquecer\\\/\"},\"author\":{\"name\":\"Folha do Leste\",\"@id\":\"https:\\\/\\\/folhadoleste.com.br\\\/#\\\/schema\\\/person\\\/3e97145b2e1861276e84471aa85a3899\"},\"headline\":\"\u00daltimos dias para declarar Imposto de Renda: o que n\u00e3o esquecer\",\"datePublished\":\"2023-05-27T16:24:51+00:00\",\"dateModified\":\"2023-05-27T16:25:32+00:00\",\"mainEntityOfPage\":{\"@id\":\"https:\\\/\\\/folhadoleste.com.br\\\/ultimos-dias-para-declarar-imposto-de-renda-o-que-nao-esquecer\\\/\"},\"wordCount\":1783,\"commentCount\":0,\"publisher\":{\"@id\":\"https:\\\/\\\/folhadoleste.com.br\\\/#organization\"},\"image\":{\"@id\":\"https:\\\/\\\/folhadoleste.com.br\\\/ultimos-dias-para-declarar-imposto-de-renda-o-que-nao-esquecer\\\/#primaryimage\"},\"thumbnailUrl\":\"https:\\\/\\\/folhadoleste.com.br\\\/wp-content\\\/uploads\\\/2023\\\/04\\\/Contribuinte-tem-um-mes-para-entregar-declaracao-do-Imposto-de-Renda-Joedson-Alves-Agencia-Brasil.jpg\",\"keywords\":[\"Declara\u00e7\u00e3o\",\"Imposto de Renda\",\"Le\u00e3o\",\"Receita Federal\"],\"articleSection\":[\"Brasil\",\"Economia\"],\"inLanguage\":\"en-US\",\"potentialAction\":[{\"@type\":\"CommentAction\",\"name\":\"Comment\",\"target\":[\"https:\\\/\\\/folhadoleste.com.br\\\/ultimos-dias-para-declarar-imposto-de-renda-o-que-nao-esquecer\\\/#respond\"]}]},{\"@type\":\"WebPage\",\"@id\":\"https:\\\/\\\/folhadoleste.com.br\\\/ultimos-dias-para-declarar-imposto-de-renda-o-que-nao-esquecer\\\/\",\"url\":\"https:\\\/\\\/folhadoleste.com.br\\\/ultimos-dias-para-declarar-imposto-de-renda-o-que-nao-esquecer\\\/\",\"name\":\"\u00daltimos dias para declarar Imposto de Renda: o que n\u00e3o esquecer &#8226; Folha do Leste\",\"isPartOf\":{\"@id\":\"https:\\\/\\\/folhadoleste.com.br\\\/#website\"},\"primaryImageOfPage\":{\"@id\":\"https:\\\/\\\/folhadoleste.com.br\\\/ultimos-dias-para-declarar-imposto-de-renda-o-que-nao-esquecer\\\/#primaryimage\"},\"image\":{\"@id\":\"https:\\\/\\\/folhadoleste.com.br\\\/ultimos-dias-para-declarar-imposto-de-renda-o-que-nao-esquecer\\\/#primaryimage\"},\"thumbnailUrl\":\"https:\\\/\\\/folhadoleste.com.br\\\/wp-content\\\/uploads\\\/2023\\\/04\\\/Contribuinte-tem-um-mes-para-entregar-declaracao-do-Imposto-de-Renda-Joedson-Alves-Agencia-Brasil.jpg\",\"datePublished\":\"2023-05-27T16:24:51+00:00\",\"dateModified\":\"2023-05-27T16:25:32+00:00\",\"description\":\"Guia de dicas para n\u00e3o esquecer na hora de declarar o Imposto de Renda, cujo prazo termina na pr\u00f3xima quarta-feira, dia 31.\",\"breadcrumb\":{\"@id\":\"https:\\\/\\\/folhadoleste.com.br\\\/ultimos-dias-para-declarar-imposto-de-renda-o-que-nao-esquecer\\\/#breadcrumb\"},\"inLanguage\":\"en-US\",\"potentialAction\":[{\"@type\":\"ReadAction\",\"target\":[\"https:\\\/\\\/folhadoleste.com.br\\\/ultimos-dias-para-declarar-imposto-de-renda-o-que-nao-esquecer\\\/\"]}]},{\"@type\":\"ImageObject\",\"inLanguage\":\"en-US\",\"@id\":\"https:\\\/\\\/folhadoleste.com.br\\\/ultimos-dias-para-declarar-imposto-de-renda-o-que-nao-esquecer\\\/#primaryimage\",\"url\":\"https:\\\/\\\/folhadoleste.com.br\\\/wp-content\\\/uploads\\\/2023\\\/04\\\/Contribuinte-tem-um-mes-para-entregar-declaracao-do-Imposto-de-Renda-Joedson-Alves-Agencia-Brasil.jpg\",\"contentUrl\":\"https:\\\/\\\/folhadoleste.com.br\\\/wp-content\\\/uploads\\\/2023\\\/04\\\/Contribuinte-tem-um-mes-para-entregar-declaracao-do-Imposto-de-Renda-Joedson-Alves-Agencia-Brasil.jpg\",\"width\":1170,\"height\":700,\"caption\":\"Foto: Divulga\u00e7\u00e3o\"},{\"@type\":\"BreadcrumbList\",\"@id\":\"https:\\\/\\\/folhadoleste.com.br\\\/ultimos-dias-para-declarar-imposto-de-renda-o-que-nao-esquecer\\\/#breadcrumb\",\"itemListElement\":[{\"@type\":\"ListItem\",\"position\":1,\"name\":\"In\u00edcio\",\"item\":\"https:\\\/\\\/folhadoleste.com.br\\\/\"},{\"@type\":\"ListItem\",\"position\":2,\"name\":\"Brasil\",\"item\":\"https:\\\/\\\/folhadoleste.com.br\\\/category\\\/brasil\\\/\"},{\"@type\":\"ListItem\",\"position\":3,\"name\":\"\u00daltimos dias para declarar Imposto de Renda: o que n\u00e3o esquecer\"}]},{\"@type\":\"WebSite\",\"@id\":\"https:\\\/\\\/folhadoleste.com.br\\\/#website\",\"url\":\"https:\\\/\\\/folhadoleste.com.br\\\/\",\"name\":\"Folha do Leste\",\"description\":\"Portal de Not\u00edcias com \u00eanfase em Niter\u00f3i, criando conte\u00fados desde a capital Rio de Janeiro, com olhar para o Leste Fluminense e suas cidades como S\u00e3o Gon\u00e7alo, Itabora\u00ed, Rio Bonito, Maric\u00e1, Saquarema e Araruama\",\"publisher\":{\"@id\":\"https:\\\/\\\/folhadoleste.com.br\\\/#organization\"},\"alternateName\":\"FL\",\"potentialAction\":[{\"@type\":\"SearchAction\",\"target\":{\"@type\":\"EntryPoint\",\"urlTemplate\":\"https:\\\/\\\/folhadoleste.com.br\\\/?s={search_term_string}\"},\"query-input\":{\"@type\":\"PropertyValueSpecification\",\"valueRequired\":true,\"valueName\":\"search_term_string\"}}],\"inLanguage\":\"en-US\"},{\"@type\":\"Organization\",\"@id\":\"https:\\\/\\\/folhadoleste.com.br\\\/#organization\",\"name\":\"Brasil 21 Comunica\u00e7\u00e3o\",\"alternateName\":\"BR21\",\"url\":\"https:\\\/\\\/folhadoleste.com.br\\\/\",\"logo\":{\"@type\":\"ImageObject\",\"inLanguage\":\"en-US\",\"@id\":\"https:\\\/\\\/folhadoleste.com.br\\\/#\\\/schema\\\/logo\\\/image\\\/\",\"url\":\"https:\\\/\\\/folhadoleste.com.br\\\/wp-content\\\/uploads\\\/2025\\\/12\\\/brasil-21-logomarca.avif\",\"contentUrl\":\"https:\\\/\\\/folhadoleste.com.br\\\/wp-content\\\/uploads\\\/2025\\\/12\\\/brasil-21-logomarca.avif\",\"width\":1044,\"height\":1044,\"caption\":\"Brasil 21 Comunica\u00e7\u00e3o\"},\"image\":{\"@id\":\"https:\\\/\\\/folhadoleste.com.br\\\/#\\\/schema\\\/logo\\\/image\\\/\"},\"sameAs\":[\"https:\\\/\\\/www.facebook.com\\\/folhadoleste\",\"https:\\\/\\\/x.com\\\/FolhadoLesteRJ\",\"https:\\\/\\\/www.instagram.com\\\/folhadoleste\\\/\"]},{\"@type\":\"Person\",\"@id\":\"https:\\\/\\\/folhadoleste.com.br\\\/#\\\/schema\\\/person\\\/3e97145b2e1861276e84471aa85a3899\",\"name\":\"Folha do Leste\",\"image\":{\"@type\":\"ImageObject\",\"inLanguage\":\"en-US\",\"@id\":\"https:\\\/\\\/folhadoleste.com.br\\\/wp-content\\\/litespeed\\\/avatar\\\/1ca8c218432e7045e748610eb3db0259.jpg?ver=1777161142\",\"url\":\"https:\\\/\\\/folhadoleste.com.br\\\/wp-content\\\/litespeed\\\/avatar\\\/1ca8c218432e7045e748610eb3db0259.jpg?ver=1777161142\",\"contentUrl\":\"https:\\\/\\\/folhadoleste.com.br\\\/wp-content\\\/litespeed\\\/avatar\\\/1ca8c218432e7045e748610eb3db0259.jpg?ver=1777161142\",\"caption\":\"Folha do Leste\"},\"url\":\"https:\\\/\\\/folhadoleste.com.br\\\/en\\\/author\\\/reportagem-01\\\/\"}]}<\/script>\n<!-- \/ Yoast SEO plugin. -->","yoast_head_json":{"title":"\u00daltimos dias para declarar Imposto de Renda: o que n\u00e3o esquecer &#8226; Folha do Leste","description":"Guia de dicas para n\u00e3o esquecer na hora de declarar o Imposto de Renda, cujo prazo termina na pr\u00f3xima quarta-feira, dia 31.","robots":{"index":"index","follow":"follow","max-snippet":"max-snippet:-1","max-image-preview":"max-image-preview:large","max-video-preview":"max-video-preview:-1"},"canonical":"https:\/\/folhadoleste.com.br\/en\/ultimos-dias-para-declarar-imposto-de-renda-o-que-nao-esquecer\/","og_locale":"en_US","og_type":"article","og_title":"\u00daltimos dias para declarar Imposto de Renda: o que n\u00e3o esquecer &#8226; Folha do Leste","og_description":"Saiba mais.","og_url":"https:\/\/folhadoleste.com.br\/en\/ultimos-dias-para-declarar-imposto-de-renda-o-que-nao-esquecer\/","og_site_name":"Folha do Leste","article_publisher":"https:\/\/www.facebook.com\/folhadoleste","article_published_time":"2023-05-27T16:24:51+00:00","article_modified_time":"2023-05-27T16:25:32+00:00","og_image":[{"width":1170,"height":700,"url":"https:\/\/folhadoleste.com.br\/wp-content\/uploads\/2023\/04\/Contribuinte-tem-um-mes-para-entregar-declaracao-do-Imposto-de-Renda-Joedson-Alves-Agencia-Brasil.jpg","type":"image\/jpeg"}],"author":"Folha do Leste","twitter_card":"summary_large_image","twitter_creator":"@FolhadoLesteRJ","twitter_site":"@FolhadoLesteRJ","twitter_misc":{"Written by":"Folha do Leste","Est. reading time":"9 minutes"},"schema":{"@context":"https:\/\/schema.org","@graph":[{"@type":"NewsArticle","@id":"https:\/\/folhadoleste.com.br\/ultimos-dias-para-declarar-imposto-de-renda-o-que-nao-esquecer\/#article","isPartOf":{"@id":"https:\/\/folhadoleste.com.br\/ultimos-dias-para-declarar-imposto-de-renda-o-que-nao-esquecer\/"},"author":{"name":"Folha do Leste","@id":"https:\/\/folhadoleste.com.br\/#\/schema\/person\/3e97145b2e1861276e84471aa85a3899"},"headline":"\u00daltimos dias para declarar Imposto de Renda: o que n\u00e3o esquecer","datePublished":"2023-05-27T16:24:51+00:00","dateModified":"2023-05-27T16:25:32+00:00","mainEntityOfPage":{"@id":"https:\/\/folhadoleste.com.br\/ultimos-dias-para-declarar-imposto-de-renda-o-que-nao-esquecer\/"},"wordCount":1783,"commentCount":0,"publisher":{"@id":"https:\/\/folhadoleste.com.br\/#organization"},"image":{"@id":"https:\/\/folhadoleste.com.br\/ultimos-dias-para-declarar-imposto-de-renda-o-que-nao-esquecer\/#primaryimage"},"thumbnailUrl":"https:\/\/folhadoleste.com.br\/wp-content\/uploads\/2023\/04\/Contribuinte-tem-um-mes-para-entregar-declaracao-do-Imposto-de-Renda-Joedson-Alves-Agencia-Brasil.jpg","keywords":["Declara\u00e7\u00e3o","Imposto de Renda","Le\u00e3o","Receita Federal"],"articleSection":["Brasil","Economia"],"inLanguage":"en-US","potentialAction":[{"@type":"CommentAction","name":"Comment","target":["https:\/\/folhadoleste.com.br\/ultimos-dias-para-declarar-imposto-de-renda-o-que-nao-esquecer\/#respond"]}]},{"@type":"WebPage","@id":"https:\/\/folhadoleste.com.br\/ultimos-dias-para-declarar-imposto-de-renda-o-que-nao-esquecer\/","url":"https:\/\/folhadoleste.com.br\/ultimos-dias-para-declarar-imposto-de-renda-o-que-nao-esquecer\/","name":"\u00daltimos dias para declarar Imposto de Renda: o que n\u00e3o esquecer &#8226; Folha do Leste","isPartOf":{"@id":"https:\/\/folhadoleste.com.br\/#website"},"primaryImageOfPage":{"@id":"https:\/\/folhadoleste.com.br\/ultimos-dias-para-declarar-imposto-de-renda-o-que-nao-esquecer\/#primaryimage"},"image":{"@id":"https:\/\/folhadoleste.com.br\/ultimos-dias-para-declarar-imposto-de-renda-o-que-nao-esquecer\/#primaryimage"},"thumbnailUrl":"https:\/\/folhadoleste.com.br\/wp-content\/uploads\/2023\/04\/Contribuinte-tem-um-mes-para-entregar-declaracao-do-Imposto-de-Renda-Joedson-Alves-Agencia-Brasil.jpg","datePublished":"2023-05-27T16:24:51+00:00","dateModified":"2023-05-27T16:25:32+00:00","description":"Guia de dicas para n\u00e3o esquecer na hora de declarar o Imposto de Renda, cujo prazo termina na pr\u00f3xima quarta-feira, dia 31.","breadcrumb":{"@id":"https:\/\/folhadoleste.com.br\/ultimos-dias-para-declarar-imposto-de-renda-o-que-nao-esquecer\/#breadcrumb"},"inLanguage":"en-US","potentialAction":[{"@type":"ReadAction","target":["https:\/\/folhadoleste.com.br\/ultimos-dias-para-declarar-imposto-de-renda-o-que-nao-esquecer\/"]}]},{"@type":"ImageObject","inLanguage":"en-US","@id":"https:\/\/folhadoleste.com.br\/ultimos-dias-para-declarar-imposto-de-renda-o-que-nao-esquecer\/#primaryimage","url":"https:\/\/folhadoleste.com.br\/wp-content\/uploads\/2023\/04\/Contribuinte-tem-um-mes-para-entregar-declaracao-do-Imposto-de-Renda-Joedson-Alves-Agencia-Brasil.jpg","contentUrl":"https:\/\/folhadoleste.com.br\/wp-content\/uploads\/2023\/04\/Contribuinte-tem-um-mes-para-entregar-declaracao-do-Imposto-de-Renda-Joedson-Alves-Agencia-Brasil.jpg","width":1170,"height":700,"caption":"Foto: Divulga\u00e7\u00e3o"},{"@type":"BreadcrumbList","@id":"https:\/\/folhadoleste.com.br\/ultimos-dias-para-declarar-imposto-de-renda-o-que-nao-esquecer\/#breadcrumb","itemListElement":[{"@type":"ListItem","position":1,"name":"In\u00edcio","item":"https:\/\/folhadoleste.com.br\/"},{"@type":"ListItem","position":2,"name":"Brasil","item":"https:\/\/folhadoleste.com.br\/category\/brasil\/"},{"@type":"ListItem","position":3,"name":"\u00daltimos dias para declarar Imposto de Renda: o que n\u00e3o esquecer"}]},{"@type":"WebSite","@id":"https:\/\/folhadoleste.com.br\/#website","url":"https:\/\/folhadoleste.com.br\/","name":"Folha do Leste","description":"Portal de Not\u00edcias com \u00eanfase em Niter\u00f3i, criando conte\u00fados desde a capital Rio de Janeiro, com olhar para o Leste Fluminense e suas cidades como S\u00e3o Gon\u00e7alo, Itabora\u00ed, Rio Bonito, Maric\u00e1, Saquarema e Araruama","publisher":{"@id":"https:\/\/folhadoleste.com.br\/#organization"},"alternateName":"FL","potentialAction":[{"@type":"SearchAction","target":{"@type":"EntryPoint","urlTemplate":"https:\/\/folhadoleste.com.br\/?s={search_term_string}"},"query-input":{"@type":"PropertyValueSpecification","valueRequired":true,"valueName":"search_term_string"}}],"inLanguage":"en-US"},{"@type":"Organization","@id":"https:\/\/folhadoleste.com.br\/#organization","name":"Brasil 21 Comunica\u00e7\u00e3o","alternateName":"BR21","url":"https:\/\/folhadoleste.com.br\/","logo":{"@type":"ImageObject","inLanguage":"en-US","@id":"https:\/\/folhadoleste.com.br\/#\/schema\/logo\/image\/","url":"https:\/\/folhadoleste.com.br\/wp-content\/uploads\/2025\/12\/brasil-21-logomarca.avif","contentUrl":"https:\/\/folhadoleste.com.br\/wp-content\/uploads\/2025\/12\/brasil-21-logomarca.avif","width":1044,"height":1044,"caption":"Brasil 21 Comunica\u00e7\u00e3o"},"image":{"@id":"https:\/\/folhadoleste.com.br\/#\/schema\/logo\/image\/"},"sameAs":["https:\/\/www.facebook.com\/folhadoleste","https:\/\/x.com\/FolhadoLesteRJ","https:\/\/www.instagram.com\/folhadoleste\/"]},{"@type":"Person","@id":"https:\/\/folhadoleste.com.br\/#\/schema\/person\/3e97145b2e1861276e84471aa85a3899","name":"Folha do Leste","image":{"@type":"ImageObject","inLanguage":"en-US","@id":"https:\/\/folhadoleste.com.br\/wp-content\/litespeed\/avatar\/1ca8c218432e7045e748610eb3db0259.jpg?ver=1777161142","url":"https:\/\/folhadoleste.com.br\/wp-content\/litespeed\/avatar\/1ca8c218432e7045e748610eb3db0259.jpg?ver=1777161142","contentUrl":"https:\/\/folhadoleste.com.br\/wp-content\/litespeed\/avatar\/1ca8c218432e7045e748610eb3db0259.jpg?ver=1777161142","caption":"Folha do Leste"},"url":"https:\/\/folhadoleste.com.br\/en\/author\/reportagem-01\/"}]}},"_links":{"self":[{"href":"https:\/\/folhadoleste.com.br\/en\/wp-json\/wp\/v2\/posts\/7216","targetHints":{"allow":["GET"]}}],"collection":[{"href":"https:\/\/folhadoleste.com.br\/en\/wp-json\/wp\/v2\/posts"}],"about":[{"href":"https:\/\/folhadoleste.com.br\/en\/wp-json\/wp\/v2\/types\/post"}],"author":[{"embeddable":true,"href":"https:\/\/folhadoleste.com.br\/en\/wp-json\/wp\/v2\/users\/4"}],"replies":[{"embeddable":true,"href":"https:\/\/folhadoleste.com.br\/en\/wp-json\/wp\/v2\/comments?post=7216"}],"version-history":[{"count":2,"href":"https:\/\/folhadoleste.com.br\/en\/wp-json\/wp\/v2\/posts\/7216\/revisions"}],"predecessor-version":[{"id":7219,"href":"https:\/\/folhadoleste.com.br\/en\/wp-json\/wp\/v2\/posts\/7216\/revisions\/7219"}],"wp:featuredmedia":[{"embeddable":true,"href":"https:\/\/folhadoleste.com.br\/en\/wp-json\/wp\/v2\/media\/3650"}],"wp:attachment":[{"href":"https:\/\/folhadoleste.com.br\/en\/wp-json\/wp\/v2\/media?parent=7216"}],"wp:term":[{"taxonomy":"category","embeddable":true,"href":"https:\/\/folhadoleste.com.br\/en\/wp-json\/wp\/v2\/categories?post=7216"},{"taxonomy":"post_tag","embeddable":true,"href":"https:\/\/folhadoleste.com.br\/en\/wp-json\/wp\/v2\/tags?post=7216"}],"curies":[{"name":"wp","href":"https:\/\/api.w.org\/{rel}","templated":true}]}}