{"id":71216,"date":"2024-06-13T23:44:52","date_gmt":"2024-06-14T02:44:52","guid":{"rendered":"https:\/\/folhadoleste.com.br\/?p=71216"},"modified":"2024-06-13T23:44:52","modified_gmt":"2024-06-14T02:44:52","slug":"vasco-joga-mal-e-perde-para-o-palmeiras-fora-de-casa","status":"publish","type":"post","link":"https:\/\/folhadoleste.com.br\/en\/vasco-joga-mal-e-perde-para-o-palmeiras-fora-de-casa\/","title":{"rendered":"Vasco joga mal e perde para o Palmeiras fora de casa"},"content":{"rendered":"<div>\n<div class=\"texto\">\n<div id=\"attachment_71229\" style=\"width: 1230px\" class=\"wp-caption aligncenter\"><a href=\"https:\/\/folhadoleste.com.br\/wp-content\/uploads\/2024\/06\/Vasco-joga-mal-e-perde-para-o-Palmeiras-fora-de-casa-Foto-Daniel-Ramalho-Vasco.webp\"><img decoding=\"async\" aria-describedby=\"caption-attachment-71229\" class=\"size-full wp-image-71229\" src=\"https:\/\/folhadoleste.com.br\/wp-content\/uploads\/2024\/06\/Vasco-joga-mal-e-perde-para-o-Palmeiras-fora-de-casa-Foto-Daniel-Ramalho-Vasco.webp\" alt=\"Vasco joga mal e perde para o Palmeiras fora de casa\" width=\"1220\" height=\"674\" \/><\/a><p id=\"caption-attachment-71229\" class=\"wp-caption-text\">Vasco joga mal e perde para o Palmeiras fora de casa | Daniel Ramalho\/Vasco<\/p><\/div>\n<\/div>\n<div style=\"text-align: justify;\">\n<p style=\"text-align: justify;\" data-sourcepos=\"3:1-3:34\">Noite para esquecer para o Vasco. O Cruz-Maltino foi dominado do in\u00edcio ao fim pelo Palmeiras e perdeu por 2 a 0, na noite desta quinta-feira (13), no Allianz Parque, pela 8\u00aa rodada do Campeonato Brasileiro. Piquerez e Rony anotaram os gols da vit\u00f3ria alviverde.<\/p>\n<p style=\"text-align: justify;\" data-sourcepos=\"7:1-7:39\">O time comandado por \u00c1lvaro Pacheco teve uma atua\u00e7\u00e3o sofr\u00edvel e pouco amea\u00e7ou a defesa palmeirense. Sem criatividade e acuado pelo advers\u00e1rio, o Vasco n\u00e3o conseguiu se impor em nenhum momento da partida.<\/p>\n<h6><span style=\"color: #ff0000;\"><strong>+<\/strong><\/span> <span style=\"color: #000000;\">LEIA TAMB\u00c9M: \u25ba<\/span><a href=\"https:\/\/folhadoleste.com.br\/en\/luiz-araujo-brilha-e-flamengo-vence-o-gremio-pelo-brasileirao\/\"><strong>Luiz Ara\u00fajo brilha e Flamengo vence o Gr\u00eamio pelo Brasileir\u00e3o<\/strong><\/a><\/h6>\n<p style=\"text-align: justify;\" data-sourcepos=\"11:1-11:185\">Do outro lado, o Palmeiras ditou o ritmo do jogo e pressionou o Vasco desde os primeiros minutos. Com mais posse de bola e finaliza\u00e7\u00f5es, o Verd\u00e3o n\u00e3o demorou a abrir o placar. Aos 26&#8242;, Piquerez aproveitou cruzamento preciso de Est\u00eav\u00e3o e bateu no contrap\u00e9 de L\u00e9o Jardim.<\/p>\n<p style=\"text-align: justify;\" data-sourcepos=\"15:1-15:318\">Na volta para o segundo tempo, o cen\u00e1rio n\u00e3o mudou. O Vasco continuou sem encontrar solu\u00e7\u00f5es para furar a defesa palmeirense, enquanto o Verd\u00e3o seguia em busca de ampliar o placar. E n\u00e3o demorou para o segundo gol sair. Aos 11&#8242;, Est\u00eav\u00e3o cruzou na medida para Rony, que s\u00f3 teve o trabalho de empurrar para as redes.<\/p>\n<h5 style=\"text-align: center;\"><span style=\"color: #000000;\"><span style=\"color: #ff0000;\"><strong>+ <\/strong><\/span><\/span><span style=\"color: #000000;\"><strong><span style=\"color: #ff9900;\">MAIS NOT\u00cdCIAS DE ESPORTES?<\/span> <span style=\"color: #008080;\"><a style=\"color: #008080;\" href=\"https:\/\/folhadoleste.com.br\/en\/category\/esportes\/\">CLIQUE AQUI<\/a><\/span><\/strong><\/span><\/h5>\n<p style=\"text-align: justify;\" data-sourcepos=\"19:1-19:289\">O Vasco esbo\u00e7ou uma rea\u00e7\u00e3o aos 22 minutos, quando Vegetti cabeceou com perigo, obrigando Weverton a fazer grande defesa. Na sequ\u00eancia, o argentino marcou, mas o VAR anulou o lance por falta na origem do cruzamento. Foi o \u00fanico momento em que o Cruz-Maltino realmente assustou o Verd\u00e3o.<\/p>\n<p style=\"text-align: justify;\" data-sourcepos=\"23:1-23:186\">Depois disso, o Palmeiras controlou o jogo e administrou o resultado. O Verd\u00e3o ainda chegou a marcar um terceiro gol com Z\u00e9 Rafael, mas o lance foi anulado por falta na origem da jogada.<\/p>\n<p style=\"text-align: justify;\" data-sourcepos=\"27:1-27:262\">Com a derrota, o Vasco segue em crise e se mant\u00e9m na 14\u00aa posi\u00e7\u00e3o, com apenas 6 pontos. A equipe volta a campo no pr\u00f3ximo domingo, \u00e0s 18h30, para enfrentar o Cruzeiro em S\u00e3o Janu\u00e1rio. Ser\u00e1 preciso uma grande mudan\u00e7a de postura para evitar mais um trope\u00e7o.<\/p>\n<\/div>\n<div class=\"texto\" style=\"text-align: justify;\"><span style=\"font-family: -apple-system, BlinkMacSystemFont, 'Segoe UI', Roboto, Oxygen-Sans, Ubuntu, Cantarell, 'Helvetica Neue', sans-serif; font-size: 1.563em; font-weight: bold;\">FICHA T\u00c9CNICA<\/span><\/div>\n<div>\n<div style=\"text-align: justify;\"><\/div>\n<div class=\"texto\" style=\"text-align: justify;\"><strong><strong>Palmeiras x Vasco &#8211; <\/strong><\/strong><strong class=\"font-bold\" style=\"font-size: 1.21429rem;\">BRASILEIR\u00c3O &#8211; 8\u00aa RODADA<\/strong><strong><strong><br \/>\n<\/strong><\/strong><br \/>\n<strong>Data e Hora<\/strong>: 13\/06\/2024, \u00e0s 21h30 | <strong>Local<\/strong>: Allianz Parque, em S\u00e3o Paulo (SP) | <strong>\u00c1rbitro<\/strong>: Ramon Abatti Abel (FIFA\/SC) | <strong>Cart\u00f5es amarelos<\/strong>: Rony (PAL) \/ Sforza (VAS) | <strong>Cart\u00f5es vermelhos<\/strong>: &#8211; | <strong>Gols<\/strong>: Piquerez (1-0) (26&#8217;\/1\u00baT) \/ Rony (2-0) (11&#8217;\/2\u00baT)<\/div>\n<div><\/div>\n<div class=\"texto\" style=\"text-align: justify;\"><strong>PALMEIRAS: <\/strong>Weverton; Marcos Rocha, Naves, Murilo e Piquerez; An\u00edbal Moreno, Z\u00e9 Rafael (Fabinho) e Raphael Veiga (Gabriel Menino); Est\u00eav\u00e3o (Mayke), L\u00e1zaro (Caio Paulista) e Rony (Flaco L\u00f3pez). <strong>T\u00e9cnico:<\/strong> Abel Ferreira<\/div>\n<div><\/div>\n<div class=\"texto\" style=\"text-align: justify;\"><strong>VASCO: <\/strong>L\u00e9o Jardim; Rojas (Sforza), Maicon e L\u00e9o; Puma (Paulo Henrique), Z\u00e9 Gabriel (Hugo Moura), Galdames e Lucas Piton (Victor Luis); Rossi (Rayan), David (Adson) e Vegetti. <strong>T\u00e9cnico:<\/strong> \u00c1lvaro Pacheco<\/div>\n<div><a href=\"https:\/\/folhadoleste.com.br\/wp-content\/uploads\/2024\/05\/Ajude-o-Rio-Grande-do-Sul-Campanha-Oficial-Folha-do-Leste.jpg\"><img decoding=\"async\" class=\"aligncenter size-full wp-image-64672\" src=\"https:\/\/folhadoleste.com.br\/wp-content\/uploads\/2024\/05\/Ajude-o-Rio-Grande-do-Sul-Campanha-Oficial-Folha-do-Leste.jpg\" alt=\"\" width=\"728\" height=\"250\" \/><\/a><\/div>\n<\/div>\n<\/div>\n<div><\/div>\n<div><a href=\"https:\/\/www.instagram.com\/folhadoleste\/\"><img decoding=\"async\" class=\"aligncenter wp-image-15962\" src=\"https:\/\/folhadoleste.com.br\/wp-content\/uploads\/2023\/07\/instagram.jpg.webp\" alt=\"Itaipu-Itaipua\u00e7u: Caminh\u00e3o causa grave acidente na RJ-102, a estrada da Serrinha\" width=\"49\" height=\"49\" \/><\/a><a href=\"https:\/\/www.facebook.com\/folhadoleste\"><img decoding=\"async\" class=\"aligncenter wp-image-7424\" src=\"https:\/\/folhadoleste.com.br\/wp-content\/uploads\/2023\/05\/facebook-logo-3-1.png.webp\" alt=\"Itaipu-Itaipua\u00e7u: Caminh\u00e3o causa grave acidente na RJ-102, a estrada da Serrinha\" width=\"49\" height=\"49\" \/><\/a><\/div>","protected":false},"excerpt":{"rendered":"<p>Noite para esquecer para o Vasco. O Cruz-Maltino foi dominado do in\u00edcio ao fim pelo Palmeiras e perdeu por 2 a 0, na noite desta quinta-feira (13), no Allianz Parque, pela 8\u00aa rodada do Campeonato Brasileiro. Piquerez e Rony anotaram os gols da vit\u00f3ria alviverde. O time comandado por \u00c1lvaro Pacheco teve uma atua\u00e7\u00e3o sofr\u00edvel e pouco amea\u00e7ou a defesa palmeirense. Sem criatividade e acuado pelo advers\u00e1rio, o Vasco n\u00e3o conseguiu se impor em nenhum momento da partida. + LEIA TAMB\u00c9M: \u25baLuiz Ara\u00fajo brilha e Flamengo vence o Gr\u00eamio pelo Brasileir\u00e3o Do outro lado, o Palmeiras ditou o ritmo do [&hellip;]<\/p>\n","protected":false},"author":4,"featured_media":71229,"comment_status":"open","ping_status":"open","sticky":false,"template":"","format":"standard","meta":{"footnotes":""},"categories":[48,65],"tags":[29786,25911,988,2339,440,105,101,19116,540,29787,29788,104,27186,24356],"class_list":["post-71216","post","type-post","status-publish","format-standard","has-post-thumbnail","hentry","category-esportes","category-futebol-esportes","tag-allianz-parque","tag-alvaro-pacheco","tag-brasileirao","tag-campeonato-brasileiro","tag-derrota","tag-esportes","tag-futebol","tag-leo-jardim","tag-palmeiras","tag-piquerez","tag-rony","tag-vasco","tag-vegetti","tag-weverton","post--single"],"yoast_head":"<!-- This site is optimized with the Yoast SEO plugin v27.4 - https:\/\/yoast.com\/product\/yoast-seo-wordpress\/ -->\n<title>Vasco joga mal e perde para o Palmeiras fora de casa &#8226; Folha do Leste<\/title>\n<meta name=\"description\" content=\"Vasco joga mal e perde para o Palmeiras fora de casa. Atua\u00e7\u00e3o sofr\u00edvel do Vasco garante vit\u00f3ria tranquila para o Palmeiras...\" \/>\n<meta name=\"robots\" content=\"index, follow, max-snippet:-1, max-image-preview:large, max-video-preview:-1\" \/>\n<link rel=\"canonical\" href=\"https:\/\/folhadoleste.com.br\/en\/vasco-joga-mal-e-perde-para-o-palmeiras-fora-de-casa\/\" \/>\n<meta property=\"og:locale\" content=\"en_US\" \/>\n<meta property=\"og:type\" content=\"article\" \/>\n<meta property=\"og:title\" content=\"Vasco joga mal e perde para o Palmeiras fora de casa &#8226; Folha do Leste\" \/>\n<meta property=\"og:description\" content=\"Futebol &#8226; 13 de June de 2024 &#8226; Folha do Leste\" \/>\n<meta property=\"og:url\" content=\"https:\/\/folhadoleste.com.br\/en\/vasco-joga-mal-e-perde-para-o-palmeiras-fora-de-casa\/\" \/>\n<meta property=\"og:site_name\" content=\"Folha do Leste\" \/>\n<meta property=\"article:publisher\" content=\"https:\/\/www.facebook.com\/folhadoleste\" \/>\n<meta property=\"article:published_time\" content=\"2024-06-14T02:44:52+00:00\" \/>\n<meta property=\"og:image\" content=\"https:\/\/folhadoleste.com.br\/wp-content\/uploads\/2024\/06\/Vasco-joga-mal-e-perde-para-o-Palmeiras-fora-de-casa-Foto-Daniel-Ramalho-Vasco.webp\" \/>\n\t<meta property=\"og:image:width\" content=\"1220\" \/>\n\t<meta property=\"og:image:height\" content=\"674\" \/>\n\t<meta property=\"og:image:type\" content=\"image\/webp\" \/>\n<meta name=\"author\" content=\"Folha do Leste\" \/>\n<meta name=\"twitter:card\" content=\"summary_large_image\" \/>\n<meta name=\"twitter:description\" content=\"Futebol &#8226; 13 de June de 2024 &#8226; Folha do Leste\" \/>\n<meta name=\"twitter:creator\" content=\"@FolhadoLesteRJ\" \/>\n<meta name=\"twitter:site\" content=\"@FolhadoLesteRJ\" \/>\n<meta name=\"twitter:label1\" content=\"Written by\" \/>\n\t<meta name=\"twitter:data1\" content=\"Folha do Leste\" \/>\n\t<meta name=\"twitter:label2\" content=\"Est. reading time\" \/>\n\t<meta name=\"twitter:data2\" content=\"4 minutes\" \/>\n<script type=\"application\/ld+json\" class=\"yoast-schema-graph\">{\"@context\":\"https:\\\/\\\/schema.org\",\"@graph\":[{\"@type\":\"NewsArticle\",\"@id\":\"https:\\\/\\\/folhadoleste.com.br\\\/vasco-joga-mal-e-perde-para-o-palmeiras-fora-de-casa\\\/#article\",\"isPartOf\":{\"@id\":\"https:\\\/\\\/folhadoleste.com.br\\\/vasco-joga-mal-e-perde-para-o-palmeiras-fora-de-casa\\\/\"},\"author\":{\"name\":\"Folha do Leste\",\"@id\":\"https:\\\/\\\/folhadoleste.com.br\\\/#\\\/schema\\\/person\\\/3e97145b2e1861276e84471aa85a3899\"},\"headline\":\"Vasco joga mal e perde para o Palmeiras fora de casa\",\"datePublished\":\"2024-06-14T02:44:52+00:00\",\"mainEntityOfPage\":{\"@id\":\"https:\\\/\\\/folhadoleste.com.br\\\/vasco-joga-mal-e-perde-para-o-palmeiras-fora-de-casa\\\/\"},\"wordCount\":507,\"commentCount\":0,\"publisher\":{\"@id\":\"https:\\\/\\\/folhadoleste.com.br\\\/#organization\"},\"image\":{\"@id\":\"https:\\\/\\\/folhadoleste.com.br\\\/vasco-joga-mal-e-perde-para-o-palmeiras-fora-de-casa\\\/#primaryimage\"},\"thumbnailUrl\":\"https:\\\/\\\/folhadoleste.com.br\\\/wp-content\\\/uploads\\\/2024\\\/06\\\/Vasco-joga-mal-e-perde-para-o-Palmeiras-fora-de-casa-Foto-Daniel-Ramalho-Vasco.webp\",\"keywords\":[\"Allianz Parque\",\"\u00c1lvaro Pacheco\",\"Brasileir\u00e3o\",\"Campeonato Brasileiro\",\"derrota\",\"Esportes\",\"futebol\",\"L\u00e9o Jardim\",\"Palmeiras\",\"Piquerez\",\"Rony\",\"Vasco\",\"Vegetti\",\"Weverton\"],\"articleSection\":[\"Esportes\",\"Futebol\"],\"inLanguage\":\"en-US\",\"potentialAction\":[{\"@type\":\"CommentAction\",\"name\":\"Comment\",\"target\":[\"https:\\\/\\\/folhadoleste.com.br\\\/vasco-joga-mal-e-perde-para-o-palmeiras-fora-de-casa\\\/#respond\"]}]},{\"@type\":\"WebPage\",\"@id\":\"https:\\\/\\\/folhadoleste.com.br\\\/vasco-joga-mal-e-perde-para-o-palmeiras-fora-de-casa\\\/\",\"url\":\"https:\\\/\\\/folhadoleste.com.br\\\/vasco-joga-mal-e-perde-para-o-palmeiras-fora-de-casa\\\/\",\"name\":\"Vasco joga mal e perde para o Palmeiras fora de casa &#8226; Folha do Leste\",\"isPartOf\":{\"@id\":\"https:\\\/\\\/folhadoleste.com.br\\\/#website\"},\"primaryImageOfPage\":{\"@id\":\"https:\\\/\\\/folhadoleste.com.br\\\/vasco-joga-mal-e-perde-para-o-palmeiras-fora-de-casa\\\/#primaryimage\"},\"image\":{\"@id\":\"https:\\\/\\\/folhadoleste.com.br\\\/vasco-joga-mal-e-perde-para-o-palmeiras-fora-de-casa\\\/#primaryimage\"},\"thumbnailUrl\":\"https:\\\/\\\/folhadoleste.com.br\\\/wp-content\\\/uploads\\\/2024\\\/06\\\/Vasco-joga-mal-e-perde-para-o-Palmeiras-fora-de-casa-Foto-Daniel-Ramalho-Vasco.webp\",\"datePublished\":\"2024-06-14T02:44:52+00:00\",\"description\":\"Vasco joga mal e perde para o Palmeiras fora de casa. Atua\u00e7\u00e3o sofr\u00edvel do Vasco garante vit\u00f3ria tranquila para o Palmeiras...\",\"breadcrumb\":{\"@id\":\"https:\\\/\\\/folhadoleste.com.br\\\/vasco-joga-mal-e-perde-para-o-palmeiras-fora-de-casa\\\/#breadcrumb\"},\"inLanguage\":\"en-US\",\"potentialAction\":[{\"@type\":\"ReadAction\",\"target\":[\"https:\\\/\\\/folhadoleste.com.br\\\/vasco-joga-mal-e-perde-para-o-palmeiras-fora-de-casa\\\/\"]}]},{\"@type\":\"ImageObject\",\"inLanguage\":\"en-US\",\"@id\":\"https:\\\/\\\/folhadoleste.com.br\\\/vasco-joga-mal-e-perde-para-o-palmeiras-fora-de-casa\\\/#primaryimage\",\"url\":\"https:\\\/\\\/folhadoleste.com.br\\\/wp-content\\\/uploads\\\/2024\\\/06\\\/Vasco-joga-mal-e-perde-para-o-Palmeiras-fora-de-casa-Foto-Daniel-Ramalho-Vasco.webp\",\"contentUrl\":\"https:\\\/\\\/folhadoleste.com.br\\\/wp-content\\\/uploads\\\/2024\\\/06\\\/Vasco-joga-mal-e-perde-para-o-Palmeiras-fora-de-casa-Foto-Daniel-Ramalho-Vasco.webp\",\"width\":1220,\"height\":674,\"caption\":\"Vasco joga mal e perde para o Palmeiras fora de casa | Daniel Ramalho\\\/Vasco\"},{\"@type\":\"BreadcrumbList\",\"@id\":\"https:\\\/\\\/folhadoleste.com.br\\\/vasco-joga-mal-e-perde-para-o-palmeiras-fora-de-casa\\\/#breadcrumb\",\"itemListElement\":[{\"@type\":\"ListItem\",\"position\":1,\"name\":\"In\u00edcio\",\"item\":\"https:\\\/\\\/folhadoleste.com.br\\\/\"},{\"@type\":\"ListItem\",\"position\":2,\"name\":\"Esportes\",\"item\":\"https:\\\/\\\/folhadoleste.com.br\\\/category\\\/esportes\\\/\"},{\"@type\":\"ListItem\",\"position\":3,\"name\":\"Futebol\",\"item\":\"https:\\\/\\\/folhadoleste.com.br\\\/category\\\/esportes\\\/futebol-esportes\\\/\"},{\"@type\":\"ListItem\",\"position\":4,\"name\":\"Vasco joga mal e perde para o Palmeiras fora de casa\"}]},{\"@type\":\"WebSite\",\"@id\":\"https:\\\/\\\/folhadoleste.com.br\\\/#website\",\"url\":\"https:\\\/\\\/folhadoleste.com.br\\\/\",\"name\":\"Folha do Leste\",\"description\":\"Portal de Not\u00edcias com \u00eanfase em Niter\u00f3i, criando conte\u00fados desde a capital Rio de Janeiro, com olhar para o Leste Fluminense e suas cidades como S\u00e3o Gon\u00e7alo, Itabora\u00ed, Rio Bonito, Maric\u00e1, Saquarema e Araruama\",\"publisher\":{\"@id\":\"https:\\\/\\\/folhadoleste.com.br\\\/#organization\"},\"alternateName\":\"FL\",\"potentialAction\":[{\"@type\":\"SearchAction\",\"target\":{\"@type\":\"EntryPoint\",\"urlTemplate\":\"https:\\\/\\\/folhadoleste.com.br\\\/?s={search_term_string}\"},\"query-input\":{\"@type\":\"PropertyValueSpecification\",\"valueRequired\":true,\"valueName\":\"search_term_string\"}}],\"inLanguage\":\"en-US\"},{\"@type\":\"Organization\",\"@id\":\"https:\\\/\\\/folhadoleste.com.br\\\/#organization\",\"name\":\"Brasil 21 Comunica\u00e7\u00e3o\",\"alternateName\":\"BR21\",\"url\":\"https:\\\/\\\/folhadoleste.com.br\\\/\",\"logo\":{\"@type\":\"ImageObject\",\"inLanguage\":\"en-US\",\"@id\":\"https:\\\/\\\/folhadoleste.com.br\\\/#\\\/schema\\\/logo\\\/image\\\/\",\"url\":\"https:\\\/\\\/folhadoleste.com.br\\\/wp-content\\\/uploads\\\/2025\\\/12\\\/brasil-21-logomarca.avif\",\"contentUrl\":\"https:\\\/\\\/folhadoleste.com.br\\\/wp-content\\\/uploads\\\/2025\\\/12\\\/brasil-21-logomarca.avif\",\"width\":1044,\"height\":1044,\"caption\":\"Brasil 21 Comunica\u00e7\u00e3o\"},\"image\":{\"@id\":\"https:\\\/\\\/folhadoleste.com.br\\\/#\\\/schema\\\/logo\\\/image\\\/\"},\"sameAs\":[\"https:\\\/\\\/www.facebook.com\\\/folhadoleste\",\"https:\\\/\\\/x.com\\\/FolhadoLesteRJ\",\"https:\\\/\\\/www.instagram.com\\\/folhadoleste\\\/\"]},{\"@type\":\"Person\",\"@id\":\"https:\\\/\\\/folhadoleste.com.br\\\/#\\\/schema\\\/person\\\/3e97145b2e1861276e84471aa85a3899\",\"name\":\"Folha do Leste\",\"image\":{\"@type\":\"ImageObject\",\"inLanguage\":\"en-US\",\"@id\":\"https:\\\/\\\/folhadoleste.com.br\\\/wp-content\\\/litespeed\\\/avatar\\\/1ca8c218432e7045e748610eb3db0259.jpg?ver=1777161142\",\"url\":\"https:\\\/\\\/folhadoleste.com.br\\\/wp-content\\\/litespeed\\\/avatar\\\/1ca8c218432e7045e748610eb3db0259.jpg?ver=1777161142\",\"contentUrl\":\"https:\\\/\\\/folhadoleste.com.br\\\/wp-content\\\/litespeed\\\/avatar\\\/1ca8c218432e7045e748610eb3db0259.jpg?ver=1777161142\",\"caption\":\"Folha do Leste\"},\"url\":\"https:\\\/\\\/folhadoleste.com.br\\\/en\\\/author\\\/reportagem-01\\\/\"}]}<\/script>\n<!-- \/ Yoast SEO plugin. -->","yoast_head_json":{"title":"Vasco joga mal e perde para o Palmeiras fora de casa &#8226; Folha do Leste","description":"Vasco joga mal e perde para o Palmeiras fora de casa. Atua\u00e7\u00e3o sofr\u00edvel do Vasco garante vit\u00f3ria tranquila para o Palmeiras...","robots":{"index":"index","follow":"follow","max-snippet":"max-snippet:-1","max-image-preview":"max-image-preview:large","max-video-preview":"max-video-preview:-1"},"canonical":"https:\/\/folhadoleste.com.br\/en\/vasco-joga-mal-e-perde-para-o-palmeiras-fora-de-casa\/","og_locale":"en_US","og_type":"article","og_title":"Vasco joga mal e perde para o Palmeiras fora de casa &#8226; Folha do Leste","og_description":"Futebol &#8226; 13 de June de 2024 &#8226; Folha do Leste","og_url":"https:\/\/folhadoleste.com.br\/en\/vasco-joga-mal-e-perde-para-o-palmeiras-fora-de-casa\/","og_site_name":"Folha do Leste","article_publisher":"https:\/\/www.facebook.com\/folhadoleste","article_published_time":"2024-06-14T02:44:52+00:00","og_image":[{"width":1220,"height":674,"url":"https:\/\/folhadoleste.com.br\/wp-content\/uploads\/2024\/06\/Vasco-joga-mal-e-perde-para-o-Palmeiras-fora-de-casa-Foto-Daniel-Ramalho-Vasco.webp","type":"image\/webp"}],"author":"Folha do Leste","twitter_card":"summary_large_image","twitter_description":"Futebol &#8226; 13 de June de 2024 &#8226; Folha do Leste","twitter_creator":"@FolhadoLesteRJ","twitter_site":"@FolhadoLesteRJ","twitter_misc":{"Written by":"Folha do Leste","Est. reading time":"4 minutes"},"schema":{"@context":"https:\/\/schema.org","@graph":[{"@type":"NewsArticle","@id":"https:\/\/folhadoleste.com.br\/vasco-joga-mal-e-perde-para-o-palmeiras-fora-de-casa\/#article","isPartOf":{"@id":"https:\/\/folhadoleste.com.br\/vasco-joga-mal-e-perde-para-o-palmeiras-fora-de-casa\/"},"author":{"name":"Folha do Leste","@id":"https:\/\/folhadoleste.com.br\/#\/schema\/person\/3e97145b2e1861276e84471aa85a3899"},"headline":"Vasco joga mal e perde para o Palmeiras fora de casa","datePublished":"2024-06-14T02:44:52+00:00","mainEntityOfPage":{"@id":"https:\/\/folhadoleste.com.br\/vasco-joga-mal-e-perde-para-o-palmeiras-fora-de-casa\/"},"wordCount":507,"commentCount":0,"publisher":{"@id":"https:\/\/folhadoleste.com.br\/#organization"},"image":{"@id":"https:\/\/folhadoleste.com.br\/vasco-joga-mal-e-perde-para-o-palmeiras-fora-de-casa\/#primaryimage"},"thumbnailUrl":"https:\/\/folhadoleste.com.br\/wp-content\/uploads\/2024\/06\/Vasco-joga-mal-e-perde-para-o-Palmeiras-fora-de-casa-Foto-Daniel-Ramalho-Vasco.webp","keywords":["Allianz Parque","\u00c1lvaro Pacheco","Brasileir\u00e3o","Campeonato Brasileiro","derrota","Esportes","futebol","L\u00e9o Jardim","Palmeiras","Piquerez","Rony","Vasco","Vegetti","Weverton"],"articleSection":["Esportes","Futebol"],"inLanguage":"en-US","potentialAction":[{"@type":"CommentAction","name":"Comment","target":["https:\/\/folhadoleste.com.br\/vasco-joga-mal-e-perde-para-o-palmeiras-fora-de-casa\/#respond"]}]},{"@type":"WebPage","@id":"https:\/\/folhadoleste.com.br\/vasco-joga-mal-e-perde-para-o-palmeiras-fora-de-casa\/","url":"https:\/\/folhadoleste.com.br\/vasco-joga-mal-e-perde-para-o-palmeiras-fora-de-casa\/","name":"Vasco joga mal e perde para o Palmeiras fora de casa &#8226; Folha do Leste","isPartOf":{"@id":"https:\/\/folhadoleste.com.br\/#website"},"primaryImageOfPage":{"@id":"https:\/\/folhadoleste.com.br\/vasco-joga-mal-e-perde-para-o-palmeiras-fora-de-casa\/#primaryimage"},"image":{"@id":"https:\/\/folhadoleste.com.br\/vasco-joga-mal-e-perde-para-o-palmeiras-fora-de-casa\/#primaryimage"},"thumbnailUrl":"https:\/\/folhadoleste.com.br\/wp-content\/uploads\/2024\/06\/Vasco-joga-mal-e-perde-para-o-Palmeiras-fora-de-casa-Foto-Daniel-Ramalho-Vasco.webp","datePublished":"2024-06-14T02:44:52+00:00","description":"Vasco joga mal e perde para o Palmeiras fora de casa. Atua\u00e7\u00e3o sofr\u00edvel do Vasco garante vit\u00f3ria tranquila para o Palmeiras...","breadcrumb":{"@id":"https:\/\/folhadoleste.com.br\/vasco-joga-mal-e-perde-para-o-palmeiras-fora-de-casa\/#breadcrumb"},"inLanguage":"en-US","potentialAction":[{"@type":"ReadAction","target":["https:\/\/folhadoleste.com.br\/vasco-joga-mal-e-perde-para-o-palmeiras-fora-de-casa\/"]}]},{"@type":"ImageObject","inLanguage":"en-US","@id":"https:\/\/folhadoleste.com.br\/vasco-joga-mal-e-perde-para-o-palmeiras-fora-de-casa\/#primaryimage","url":"https:\/\/folhadoleste.com.br\/wp-content\/uploads\/2024\/06\/Vasco-joga-mal-e-perde-para-o-Palmeiras-fora-de-casa-Foto-Daniel-Ramalho-Vasco.webp","contentUrl":"https:\/\/folhadoleste.com.br\/wp-content\/uploads\/2024\/06\/Vasco-joga-mal-e-perde-para-o-Palmeiras-fora-de-casa-Foto-Daniel-Ramalho-Vasco.webp","width":1220,"height":674,"caption":"Vasco joga mal e perde para o Palmeiras fora de casa | Daniel Ramalho\/Vasco"},{"@type":"BreadcrumbList","@id":"https:\/\/folhadoleste.com.br\/vasco-joga-mal-e-perde-para-o-palmeiras-fora-de-casa\/#breadcrumb","itemListElement":[{"@type":"ListItem","position":1,"name":"In\u00edcio","item":"https:\/\/folhadoleste.com.br\/"},{"@type":"ListItem","position":2,"name":"Esportes","item":"https:\/\/folhadoleste.com.br\/category\/esportes\/"},{"@type":"ListItem","position":3,"name":"Futebol","item":"https:\/\/folhadoleste.com.br\/category\/esportes\/futebol-esportes\/"},{"@type":"ListItem","position":4,"name":"Vasco joga mal e perde para o Palmeiras fora de casa"}]},{"@type":"WebSite","@id":"https:\/\/folhadoleste.com.br\/#website","url":"https:\/\/folhadoleste.com.br\/","name":"Folha do Leste","description":"Portal de Not\u00edcias com \u00eanfase em Niter\u00f3i, criando conte\u00fados desde a capital Rio de Janeiro, com olhar para o Leste Fluminense e suas cidades como S\u00e3o Gon\u00e7alo, Itabora\u00ed, Rio Bonito, Maric\u00e1, Saquarema e Araruama","publisher":{"@id":"https:\/\/folhadoleste.com.br\/#organization"},"alternateName":"FL","potentialAction":[{"@type":"SearchAction","target":{"@type":"EntryPoint","urlTemplate":"https:\/\/folhadoleste.com.br\/?s={search_term_string}"},"query-input":{"@type":"PropertyValueSpecification","valueRequired":true,"valueName":"search_term_string"}}],"inLanguage":"en-US"},{"@type":"Organization","@id":"https:\/\/folhadoleste.com.br\/#organization","name":"Brasil 21 Comunica\u00e7\u00e3o","alternateName":"BR21","url":"https:\/\/folhadoleste.com.br\/","logo":{"@type":"ImageObject","inLanguage":"en-US","@id":"https:\/\/folhadoleste.com.br\/#\/schema\/logo\/image\/","url":"https:\/\/folhadoleste.com.br\/wp-content\/uploads\/2025\/12\/brasil-21-logomarca.avif","contentUrl":"https:\/\/folhadoleste.com.br\/wp-content\/uploads\/2025\/12\/brasil-21-logomarca.avif","width":1044,"height":1044,"caption":"Brasil 21 Comunica\u00e7\u00e3o"},"image":{"@id":"https:\/\/folhadoleste.com.br\/#\/schema\/logo\/image\/"},"sameAs":["https:\/\/www.facebook.com\/folhadoleste","https:\/\/x.com\/FolhadoLesteRJ","https:\/\/www.instagram.com\/folhadoleste\/"]},{"@type":"Person","@id":"https:\/\/folhadoleste.com.br\/#\/schema\/person\/3e97145b2e1861276e84471aa85a3899","name":"Folha do Leste","image":{"@type":"ImageObject","inLanguage":"en-US","@id":"https:\/\/folhadoleste.com.br\/wp-content\/litespeed\/avatar\/1ca8c218432e7045e748610eb3db0259.jpg?ver=1777161142","url":"https:\/\/folhadoleste.com.br\/wp-content\/litespeed\/avatar\/1ca8c218432e7045e748610eb3db0259.jpg?ver=1777161142","contentUrl":"https:\/\/folhadoleste.com.br\/wp-content\/litespeed\/avatar\/1ca8c218432e7045e748610eb3db0259.jpg?ver=1777161142","caption":"Folha do Leste"},"url":"https:\/\/folhadoleste.com.br\/en\/author\/reportagem-01\/"}]}},"_links":{"self":[{"href":"https:\/\/folhadoleste.com.br\/en\/wp-json\/wp\/v2\/posts\/71216","targetHints":{"allow":["GET"]}}],"collection":[{"href":"https:\/\/folhadoleste.com.br\/en\/wp-json\/wp\/v2\/posts"}],"about":[{"href":"https:\/\/folhadoleste.com.br\/en\/wp-json\/wp\/v2\/types\/post"}],"author":[{"embeddable":true,"href":"https:\/\/folhadoleste.com.br\/en\/wp-json\/wp\/v2\/users\/4"}],"replies":[{"embeddable":true,"href":"https:\/\/folhadoleste.com.br\/en\/wp-json\/wp\/v2\/comments?post=71216"}],"version-history":[{"count":1,"href":"https:\/\/folhadoleste.com.br\/en\/wp-json\/wp\/v2\/posts\/71216\/revisions"}],"predecessor-version":[{"id":71230,"href":"https:\/\/folhadoleste.com.br\/en\/wp-json\/wp\/v2\/posts\/71216\/revisions\/71230"}],"wp:featuredmedia":[{"embeddable":true,"href":"https:\/\/folhadoleste.com.br\/en\/wp-json\/wp\/v2\/media\/71229"}],"wp:attachment":[{"href":"https:\/\/folhadoleste.com.br\/en\/wp-json\/wp\/v2\/media?parent=71216"}],"wp:term":[{"taxonomy":"category","embeddable":true,"href":"https:\/\/folhadoleste.com.br\/en\/wp-json\/wp\/v2\/categories?post=71216"},{"taxonomy":"post_tag","embeddable":true,"href":"https:\/\/folhadoleste.com.br\/en\/wp-json\/wp\/v2\/tags?post=71216"}],"curies":[{"name":"wp","href":"https:\/\/api.w.org\/{rel}","templated":true}]}}