{"id":7093,"date":"2023-05-26T12:33:21","date_gmt":"2023-05-26T15:33:21","guid":{"rendered":"https:\/\/folhadoleste.com.br\/?p=7093"},"modified":"2023-05-26T12:33:21","modified_gmt":"2023-05-26T15:33:21","slug":"bolsonaro-e-condenado-em-segunda-instancia-por-ataques-a-jornalistas","status":"publish","type":"post","link":"https:\/\/folhadoleste.com.br\/en\/bolsonaro-e-condenado-em-segunda-instancia-por-ataques-a-jornalistas\/","title":{"rendered":"Bolsonaro \u00e9 condenado em segunda inst\u00e2ncia por ataques a jornalistas"},"content":{"rendered":"<p>O ex-presidente Jair Bolsonaro foi condenado em segunda inst\u00e2ncia por dano moral coletivo \u00e0 categoria dos jornalistas, nesta quinta-feira (25), pela Justi\u00e7a paulista. A indeniza\u00e7\u00e3o \u00e9 de R$ 50 mil, a serem revertidos para o Fundo Estadual de Defesa dos Direitos Difusos.<img decoding=\"async\" src=\"https:\/\/agenciabrasil.ebc.com.br\/ebc.png?id=1535584&amp;o=node\" \/><img decoding=\"async\" src=\"https:\/\/agenciabrasil.ebc.com.br\/ebc.gif?id=1535584&amp;o=node\" \/><\/p>\n<p>A 4\u00aa C\u00e2mara de Direito Privado do Tribunal de Justi\u00e7a de S\u00e3o Paulo (TJSP) manteve decis\u00e3o da 24\u00aa Vara C\u00edvel da Comarca de S\u00e3o Paulo proferida em junho de 2022. Na segunda inst\u00e2ncia, os desembargadores modificaram apenas o valor da indeniza\u00e7\u00e3o, que antes era de R$ 100 mil reais.<\/p>\n<p>Em 7 de abril de 2021, o Sindicato dos Jornalistas Profissionais no Estado de S\u00e3o Paulo (SJSP) ajuizou a\u00e7\u00e3o civil p\u00fablica denunciando Bolsonaro por suas reiteradas ofensas e agress\u00f5es. Para entidade, ficou caracterizada uma pr\u00e1tica de ass\u00e9dio moral sistem\u00e1tica contra toda a categoria profissional, ao afrontar a imagem e a honra dos e das jornalistas de maneira indistinta.<\/p>\n<p>O sindicato utilizou como base levantamentos da Federa\u00e7\u00e3o Nacional de Jornalistas (Fenaj), que registrou 175 ataques de Bolsonaro \u00e0 imprensa s\u00f3 em 2020, e da organiza\u00e7\u00e3o Rep\u00f3rteres sem Fronteiras (RSF), que mapeou 103 insultos contra jornalistas no mesmo ano, da ONG internacional Artigo 19 e da Associa\u00e7\u00e3o Brasileira de Emissoras de R\u00e1dio e Televis\u00e3o (Abert). Al\u00e9m disso, a entidade organizou documenta\u00e7\u00e3o de ataques de Bolsonaro a jornalistas de todo o pa\u00eds, com foco em S\u00e3o Paulo.<\/p>\n<p>O advogado Raphael Maia, coordenador jur\u00eddico do SJSP, sustentou no julgamento que \u201ctais ataques reiterados do r\u00e9u \u00e0 categoria dos jornalistas, em pronunciamentos p\u00fablicos ou em suas redes sociais, se d\u00e3o de forma hostil, desrespeitosa e humilhante, com a utiliza\u00e7\u00e3o de viol\u00eancia verbal, palavras de baixo cal\u00e3o, express\u00f5es pejorativas, homof\u00f3bicas, xen\u00f3fobas e mis\u00f3ginas.\u201d<\/p>\n<p>Ele acrescenta que os ataques \u201cextrapolam seu direito \u00e0 liberdade de express\u00e3o e importam ass\u00e9dio moral coletivo contra toda a categoria de jornalistas, atentando contra a pr\u00f3pria liberdade de imprensa e a democracia, porquanto t\u00eam o cond\u00e3o de causar temor nos profissionais da imprensa, muitas vezes atacados moral e at\u00e9 fisicamente pelos apoiadores do requerido, que o t\u00eam como exemplo.\u201d<\/p>\n<p>&nbsp;<\/p>\n<p>&nbsp;<\/p>\n<p>&nbsp;<\/p>\n<p>&nbsp;<\/p>\n<p>&nbsp;<\/p>\n<p><em>Fonte: Ag\u00eancia Brasil<\/em><\/p>","protected":false},"excerpt":{"rendered":"<p>O ex-presidente Jair Bolsonaro foi condenado em segunda inst\u00e2ncia por dano moral coletivo \u00e0 categoria dos jornalistas, nesta quinta-feira (25), pela Justi\u00e7a paulista. A indeniza\u00e7\u00e3o \u00e9 de R$ 50 mil, a serem revertidos para o Fundo Estadual de Defesa dos Direitos Difusos. A 4\u00aa C\u00e2mara de Direito Privado do Tribunal de Justi\u00e7a de S\u00e3o Paulo (TJSP) manteve decis\u00e3o da 24\u00aa Vara C\u00edvel da Comarca de S\u00e3o Paulo proferida em junho de 2022. Na segunda inst\u00e2ncia, os desembargadores modificaram apenas o valor da indeniza\u00e7\u00e3o, que antes era de R$ 100 mil reais. Em 7 de abril de 2021, o Sindicato dos [&hellip;]<\/p>\n","protected":false},"author":4,"featured_media":7094,"comment_status":"open","ping_status":"open","sticky":false,"template":"","format":"standard","meta":{"footnotes":""},"categories":[288],"tags":[4653,4654,2121,697],"class_list":["post-7093","post","type-post","status-publish","format-standard","has-post-thumbnail","hentry","category-justica","tag-ataques-a-jornalistas","tag-condenacao-em-segunda-instancia","tag-jair-bolsonaro","tag-justica","post--single"],"yoast_head":"<!-- This site is optimized with the Yoast SEO plugin v27.4 - https:\/\/yoast.com\/product\/yoast-seo-wordpress\/ -->\n<title>Bolsonaro \u00e9 condenado em segunda inst\u00e2ncia por ataques a jornalistas &#8226; Folha do Leste<\/title>\n<meta name=\"description\" content=\"O ex-presidente Jair Bolsonaro foi condenado em segunda inst\u00e2ncia por dano moral coletivo \u00e0 categoria dos jornalistas, nesta quinta-feira (25), pela Justi\u00e7a paulista.\" \/>\n<meta name=\"robots\" content=\"index, follow, max-snippet:-1, max-image-preview:large, max-video-preview:-1\" \/>\n<link rel=\"canonical\" href=\"https:\/\/folhadoleste.com.br\/en\/bolsonaro-e-condenado-em-segunda-instancia-por-ataques-a-jornalistas\/\" \/>\n<meta property=\"og:locale\" content=\"en_US\" \/>\n<meta property=\"og:type\" content=\"article\" \/>\n<meta property=\"og:title\" content=\"Bolsonaro \u00e9 condenado em segunda inst\u00e2ncia por ataques a jornalistas\" \/>\n<meta property=\"og:description\" content=\"Clique e saiba mais...\" \/>\n<meta property=\"og:url\" content=\"https:\/\/folhadoleste.com.br\/en\/bolsonaro-e-condenado-em-segunda-instancia-por-ataques-a-jornalistas\/\" \/>\n<meta property=\"og:site_name\" content=\"Folha do Leste\" \/>\n<meta property=\"article:publisher\" content=\"https:\/\/www.facebook.com\/folhadoleste\" \/>\n<meta property=\"article:published_time\" content=\"2023-05-26T15:33:21+00:00\" \/>\n<meta property=\"og:image\" content=\"https:\/\/folhadoleste.com.br\/wp-content\/uploads\/2023\/05\/Bolsonaro-e-condenado-em-segunda-instancia-por-ataques-a-jornalistas-Lula-Marques-Agencia-Brasil.jpg\" \/>\n\t<meta property=\"og:image:width\" content=\"1170\" \/>\n\t<meta property=\"og:image:height\" content=\"700\" \/>\n\t<meta property=\"og:image:type\" content=\"image\/jpeg\" \/>\n<meta name=\"author\" content=\"Folha do Leste\" \/>\n<meta name=\"twitter:card\" content=\"summary_large_image\" \/>\n<meta name=\"twitter:title\" content=\"Bolsonaro \u00e9 condenado em segunda inst\u00e2ncia por ataques a jornalistas\" \/>\n<meta name=\"twitter:description\" content=\"Clique e saiba mais...\" \/>\n<meta name=\"twitter:image\" content=\"https:\/\/folhadoleste.com.br\/wp-content\/uploads\/2023\/05\/Bolsonaro-e-condenado-em-segunda-instancia-por-ataques-a-jornalistas-Lula-Marques-Agencia-Brasil.jpg\" \/>\n<meta name=\"twitter:creator\" content=\"@FolhadoLesteRJ\" \/>\n<meta name=\"twitter:site\" content=\"@FolhadoLesteRJ\" \/>\n<meta name=\"twitter:label1\" content=\"Written by\" \/>\n\t<meta name=\"twitter:data1\" content=\"Folha do Leste\" \/>\n\t<meta name=\"twitter:label2\" content=\"Est. reading time\" \/>\n\t<meta name=\"twitter:data2\" content=\"3 minutes\" \/>\n<script type=\"application\/ld+json\" class=\"yoast-schema-graph\">{\"@context\":\"https:\\\/\\\/schema.org\",\"@graph\":[{\"@type\":\"NewsArticle\",\"@id\":\"https:\\\/\\\/folhadoleste.com.br\\\/bolsonaro-e-condenado-em-segunda-instancia-por-ataques-a-jornalistas\\\/#article\",\"isPartOf\":{\"@id\":\"https:\\\/\\\/folhadoleste.com.br\\\/bolsonaro-e-condenado-em-segunda-instancia-por-ataques-a-jornalistas\\\/\"},\"author\":{\"name\":\"Folha do Leste\",\"@id\":\"https:\\\/\\\/folhadoleste.com.br\\\/#\\\/schema\\\/person\\\/3e97145b2e1861276e84471aa85a3899\"},\"headline\":\"Bolsonaro \u00e9 condenado em segunda inst\u00e2ncia por ataques a jornalistas\",\"datePublished\":\"2023-05-26T15:33:21+00:00\",\"mainEntityOfPage\":{\"@id\":\"https:\\\/\\\/folhadoleste.com.br\\\/bolsonaro-e-condenado-em-segunda-instancia-por-ataques-a-jornalistas\\\/\"},\"wordCount\":385,\"commentCount\":0,\"publisher\":{\"@id\":\"https:\\\/\\\/folhadoleste.com.br\\\/#organization\"},\"image\":{\"@id\":\"https:\\\/\\\/folhadoleste.com.br\\\/bolsonaro-e-condenado-em-segunda-instancia-por-ataques-a-jornalistas\\\/#primaryimage\"},\"thumbnailUrl\":\"https:\\\/\\\/folhadoleste.com.br\\\/wp-content\\\/uploads\\\/2023\\\/05\\\/Bolsonaro-e-condenado-em-segunda-instancia-por-ataques-a-jornalistas-Lula-Marques-Agencia-Brasil.jpg\",\"keywords\":[\"ataques a jornalistas\",\"condena\u00e7\u00e3o em segunda inst\u00e2ncia\",\"Jair Bolsonaro\",\"Justi\u00e7a\"],\"articleSection\":[\"Justi\u00e7a\"],\"inLanguage\":\"en-US\",\"potentialAction\":[{\"@type\":\"CommentAction\",\"name\":\"Comment\",\"target\":[\"https:\\\/\\\/folhadoleste.com.br\\\/bolsonaro-e-condenado-em-segunda-instancia-por-ataques-a-jornalistas\\\/#respond\"]}]},{\"@type\":\"WebPage\",\"@id\":\"https:\\\/\\\/folhadoleste.com.br\\\/bolsonaro-e-condenado-em-segunda-instancia-por-ataques-a-jornalistas\\\/\",\"url\":\"https:\\\/\\\/folhadoleste.com.br\\\/bolsonaro-e-condenado-em-segunda-instancia-por-ataques-a-jornalistas\\\/\",\"name\":\"Bolsonaro \u00e9 condenado em segunda inst\u00e2ncia por ataques a jornalistas &#8226; Folha do Leste\",\"isPartOf\":{\"@id\":\"https:\\\/\\\/folhadoleste.com.br\\\/#website\"},\"primaryImageOfPage\":{\"@id\":\"https:\\\/\\\/folhadoleste.com.br\\\/bolsonaro-e-condenado-em-segunda-instancia-por-ataques-a-jornalistas\\\/#primaryimage\"},\"image\":{\"@id\":\"https:\\\/\\\/folhadoleste.com.br\\\/bolsonaro-e-condenado-em-segunda-instancia-por-ataques-a-jornalistas\\\/#primaryimage\"},\"thumbnailUrl\":\"https:\\\/\\\/folhadoleste.com.br\\\/wp-content\\\/uploads\\\/2023\\\/05\\\/Bolsonaro-e-condenado-em-segunda-instancia-por-ataques-a-jornalistas-Lula-Marques-Agencia-Brasil.jpg\",\"datePublished\":\"2023-05-26T15:33:21+00:00\",\"description\":\"O ex-presidente Jair Bolsonaro foi condenado em segunda inst\u00e2ncia por dano moral coletivo \u00e0 categoria dos jornalistas, nesta quinta-feira (25), pela Justi\u00e7a paulista.\",\"breadcrumb\":{\"@id\":\"https:\\\/\\\/folhadoleste.com.br\\\/bolsonaro-e-condenado-em-segunda-instancia-por-ataques-a-jornalistas\\\/#breadcrumb\"},\"inLanguage\":\"en-US\",\"potentialAction\":[{\"@type\":\"ReadAction\",\"target\":[\"https:\\\/\\\/folhadoleste.com.br\\\/bolsonaro-e-condenado-em-segunda-instancia-por-ataques-a-jornalistas\\\/\"]}]},{\"@type\":\"ImageObject\",\"inLanguage\":\"en-US\",\"@id\":\"https:\\\/\\\/folhadoleste.com.br\\\/bolsonaro-e-condenado-em-segunda-instancia-por-ataques-a-jornalistas\\\/#primaryimage\",\"url\":\"https:\\\/\\\/folhadoleste.com.br\\\/wp-content\\\/uploads\\\/2023\\\/05\\\/Bolsonaro-e-condenado-em-segunda-instancia-por-ataques-a-jornalistas-Lula-Marques-Agencia-Brasil.jpg\",\"contentUrl\":\"https:\\\/\\\/folhadoleste.com.br\\\/wp-content\\\/uploads\\\/2023\\\/05\\\/Bolsonaro-e-condenado-em-segunda-instancia-por-ataques-a-jornalistas-Lula-Marques-Agencia-Brasil.jpg\",\"width\":1170,\"height\":700,\"caption\":\"Foto: Lula Marques\\\/ Ag\u00eancia Brasil.\"},{\"@type\":\"BreadcrumbList\",\"@id\":\"https:\\\/\\\/folhadoleste.com.br\\\/bolsonaro-e-condenado-em-segunda-instancia-por-ataques-a-jornalistas\\\/#breadcrumb\",\"itemListElement\":[{\"@type\":\"ListItem\",\"position\":1,\"name\":\"In\u00edcio\",\"item\":\"https:\\\/\\\/folhadoleste.com.br\\\/\"},{\"@type\":\"ListItem\",\"position\":2,\"name\":\"Brasil\",\"item\":\"https:\\\/\\\/folhadoleste.com.br\\\/category\\\/brasil\\\/\"},{\"@type\":\"ListItem\",\"position\":3,\"name\":\"Justi\u00e7a\",\"item\":\"https:\\\/\\\/folhadoleste.com.br\\\/category\\\/brasil\\\/justica\\\/\"},{\"@type\":\"ListItem\",\"position\":4,\"name\":\"Bolsonaro \u00e9 condenado em segunda inst\u00e2ncia por ataques a jornalistas\"}]},{\"@type\":\"WebSite\",\"@id\":\"https:\\\/\\\/folhadoleste.com.br\\\/#website\",\"url\":\"https:\\\/\\\/folhadoleste.com.br\\\/\",\"name\":\"Folha do Leste\",\"description\":\"Portal de Not\u00edcias com \u00eanfase em Niter\u00f3i, criando conte\u00fados desde a capital Rio de Janeiro, com olhar para o Leste Fluminense e suas cidades como S\u00e3o Gon\u00e7alo, Itabora\u00ed, Rio Bonito, Maric\u00e1, Saquarema e Araruama\",\"publisher\":{\"@id\":\"https:\\\/\\\/folhadoleste.com.br\\\/#organization\"},\"alternateName\":\"FL\",\"potentialAction\":[{\"@type\":\"SearchAction\",\"target\":{\"@type\":\"EntryPoint\",\"urlTemplate\":\"https:\\\/\\\/folhadoleste.com.br\\\/?s={search_term_string}\"},\"query-input\":{\"@type\":\"PropertyValueSpecification\",\"valueRequired\":true,\"valueName\":\"search_term_string\"}}],\"inLanguage\":\"en-US\"},{\"@type\":\"Organization\",\"@id\":\"https:\\\/\\\/folhadoleste.com.br\\\/#organization\",\"name\":\"Brasil 21 Comunica\u00e7\u00e3o\",\"alternateName\":\"BR21\",\"url\":\"https:\\\/\\\/folhadoleste.com.br\\\/\",\"logo\":{\"@type\":\"ImageObject\",\"inLanguage\":\"en-US\",\"@id\":\"https:\\\/\\\/folhadoleste.com.br\\\/#\\\/schema\\\/logo\\\/image\\\/\",\"url\":\"https:\\\/\\\/folhadoleste.com.br\\\/wp-content\\\/uploads\\\/2025\\\/12\\\/brasil-21-logomarca.avif\",\"contentUrl\":\"https:\\\/\\\/folhadoleste.com.br\\\/wp-content\\\/uploads\\\/2025\\\/12\\\/brasil-21-logomarca.avif\",\"width\":1044,\"height\":1044,\"caption\":\"Brasil 21 Comunica\u00e7\u00e3o\"},\"image\":{\"@id\":\"https:\\\/\\\/folhadoleste.com.br\\\/#\\\/schema\\\/logo\\\/image\\\/\"},\"sameAs\":[\"https:\\\/\\\/www.facebook.com\\\/folhadoleste\",\"https:\\\/\\\/x.com\\\/FolhadoLesteRJ\",\"https:\\\/\\\/www.instagram.com\\\/folhadoleste\\\/\"]},{\"@type\":\"Person\",\"@id\":\"https:\\\/\\\/folhadoleste.com.br\\\/#\\\/schema\\\/person\\\/3e97145b2e1861276e84471aa85a3899\",\"name\":\"Folha do Leste\",\"image\":{\"@type\":\"ImageObject\",\"inLanguage\":\"en-US\",\"@id\":\"https:\\\/\\\/folhadoleste.com.br\\\/wp-content\\\/litespeed\\\/avatar\\\/1ca8c218432e7045e748610eb3db0259.jpg?ver=1776693931\",\"url\":\"https:\\\/\\\/folhadoleste.com.br\\\/wp-content\\\/litespeed\\\/avatar\\\/1ca8c218432e7045e748610eb3db0259.jpg?ver=1776693931\",\"contentUrl\":\"https:\\\/\\\/folhadoleste.com.br\\\/wp-content\\\/litespeed\\\/avatar\\\/1ca8c218432e7045e748610eb3db0259.jpg?ver=1776693931\",\"caption\":\"Folha do Leste\"},\"url\":\"https:\\\/\\\/folhadoleste.com.br\\\/en\\\/author\\\/reportagem-01\\\/\"}]}<\/script>\n<!-- \/ Yoast SEO plugin. -->","yoast_head_json":{"title":"Bolsonaro \u00e9 condenado em segunda inst\u00e2ncia por ataques a jornalistas &#8226; Folha do Leste","description":"O ex-presidente Jair Bolsonaro foi condenado em segunda inst\u00e2ncia por dano moral coletivo \u00e0 categoria dos jornalistas, nesta quinta-feira (25), pela Justi\u00e7a paulista.","robots":{"index":"index","follow":"follow","max-snippet":"max-snippet:-1","max-image-preview":"max-image-preview:large","max-video-preview":"max-video-preview:-1"},"canonical":"https:\/\/folhadoleste.com.br\/en\/bolsonaro-e-condenado-em-segunda-instancia-por-ataques-a-jornalistas\/","og_locale":"en_US","og_type":"article","og_title":"Bolsonaro \u00e9 condenado em segunda inst\u00e2ncia por ataques a jornalistas","og_description":"Clique e saiba mais...","og_url":"https:\/\/folhadoleste.com.br\/en\/bolsonaro-e-condenado-em-segunda-instancia-por-ataques-a-jornalistas\/","og_site_name":"Folha do Leste","article_publisher":"https:\/\/www.facebook.com\/folhadoleste","article_published_time":"2023-05-26T15:33:21+00:00","og_image":[{"width":1170,"height":700,"url":"https:\/\/folhadoleste.com.br\/wp-content\/uploads\/2023\/05\/Bolsonaro-e-condenado-em-segunda-instancia-por-ataques-a-jornalistas-Lula-Marques-Agencia-Brasil.jpg","type":"image\/jpeg"}],"author":"Folha do Leste","twitter_card":"summary_large_image","twitter_title":"Bolsonaro \u00e9 condenado em segunda inst\u00e2ncia por ataques a jornalistas","twitter_description":"Clique e saiba mais...","twitter_image":"https:\/\/folhadoleste.com.br\/wp-content\/uploads\/2023\/05\/Bolsonaro-e-condenado-em-segunda-instancia-por-ataques-a-jornalistas-Lula-Marques-Agencia-Brasil.jpg","twitter_creator":"@FolhadoLesteRJ","twitter_site":"@FolhadoLesteRJ","twitter_misc":{"Written by":"Folha do Leste","Est. reading time":"3 minutes"},"schema":{"@context":"https:\/\/schema.org","@graph":[{"@type":"NewsArticle","@id":"https:\/\/folhadoleste.com.br\/bolsonaro-e-condenado-em-segunda-instancia-por-ataques-a-jornalistas\/#article","isPartOf":{"@id":"https:\/\/folhadoleste.com.br\/bolsonaro-e-condenado-em-segunda-instancia-por-ataques-a-jornalistas\/"},"author":{"name":"Folha do Leste","@id":"https:\/\/folhadoleste.com.br\/#\/schema\/person\/3e97145b2e1861276e84471aa85a3899"},"headline":"Bolsonaro \u00e9 condenado em segunda inst\u00e2ncia por ataques a jornalistas","datePublished":"2023-05-26T15:33:21+00:00","mainEntityOfPage":{"@id":"https:\/\/folhadoleste.com.br\/bolsonaro-e-condenado-em-segunda-instancia-por-ataques-a-jornalistas\/"},"wordCount":385,"commentCount":0,"publisher":{"@id":"https:\/\/folhadoleste.com.br\/#organization"},"image":{"@id":"https:\/\/folhadoleste.com.br\/bolsonaro-e-condenado-em-segunda-instancia-por-ataques-a-jornalistas\/#primaryimage"},"thumbnailUrl":"https:\/\/folhadoleste.com.br\/wp-content\/uploads\/2023\/05\/Bolsonaro-e-condenado-em-segunda-instancia-por-ataques-a-jornalistas-Lula-Marques-Agencia-Brasil.jpg","keywords":["ataques a jornalistas","condena\u00e7\u00e3o em segunda inst\u00e2ncia","Jair Bolsonaro","Justi\u00e7a"],"articleSection":["Justi\u00e7a"],"inLanguage":"en-US","potentialAction":[{"@type":"CommentAction","name":"Comment","target":["https:\/\/folhadoleste.com.br\/bolsonaro-e-condenado-em-segunda-instancia-por-ataques-a-jornalistas\/#respond"]}]},{"@type":"WebPage","@id":"https:\/\/folhadoleste.com.br\/bolsonaro-e-condenado-em-segunda-instancia-por-ataques-a-jornalistas\/","url":"https:\/\/folhadoleste.com.br\/bolsonaro-e-condenado-em-segunda-instancia-por-ataques-a-jornalistas\/","name":"Bolsonaro \u00e9 condenado em segunda inst\u00e2ncia por ataques a jornalistas &#8226; Folha do Leste","isPartOf":{"@id":"https:\/\/folhadoleste.com.br\/#website"},"primaryImageOfPage":{"@id":"https:\/\/folhadoleste.com.br\/bolsonaro-e-condenado-em-segunda-instancia-por-ataques-a-jornalistas\/#primaryimage"},"image":{"@id":"https:\/\/folhadoleste.com.br\/bolsonaro-e-condenado-em-segunda-instancia-por-ataques-a-jornalistas\/#primaryimage"},"thumbnailUrl":"https:\/\/folhadoleste.com.br\/wp-content\/uploads\/2023\/05\/Bolsonaro-e-condenado-em-segunda-instancia-por-ataques-a-jornalistas-Lula-Marques-Agencia-Brasil.jpg","datePublished":"2023-05-26T15:33:21+00:00","description":"O ex-presidente Jair Bolsonaro foi condenado em segunda inst\u00e2ncia por dano moral coletivo \u00e0 categoria dos jornalistas, nesta quinta-feira (25), pela Justi\u00e7a paulista.","breadcrumb":{"@id":"https:\/\/folhadoleste.com.br\/bolsonaro-e-condenado-em-segunda-instancia-por-ataques-a-jornalistas\/#breadcrumb"},"inLanguage":"en-US","potentialAction":[{"@type":"ReadAction","target":["https:\/\/folhadoleste.com.br\/bolsonaro-e-condenado-em-segunda-instancia-por-ataques-a-jornalistas\/"]}]},{"@type":"ImageObject","inLanguage":"en-US","@id":"https:\/\/folhadoleste.com.br\/bolsonaro-e-condenado-em-segunda-instancia-por-ataques-a-jornalistas\/#primaryimage","url":"https:\/\/folhadoleste.com.br\/wp-content\/uploads\/2023\/05\/Bolsonaro-e-condenado-em-segunda-instancia-por-ataques-a-jornalistas-Lula-Marques-Agencia-Brasil.jpg","contentUrl":"https:\/\/folhadoleste.com.br\/wp-content\/uploads\/2023\/05\/Bolsonaro-e-condenado-em-segunda-instancia-por-ataques-a-jornalistas-Lula-Marques-Agencia-Brasil.jpg","width":1170,"height":700,"caption":"Foto: Lula Marques\/ Ag\u00eancia Brasil."},{"@type":"BreadcrumbList","@id":"https:\/\/folhadoleste.com.br\/bolsonaro-e-condenado-em-segunda-instancia-por-ataques-a-jornalistas\/#breadcrumb","itemListElement":[{"@type":"ListItem","position":1,"name":"In\u00edcio","item":"https:\/\/folhadoleste.com.br\/"},{"@type":"ListItem","position":2,"name":"Brasil","item":"https:\/\/folhadoleste.com.br\/category\/brasil\/"},{"@type":"ListItem","position":3,"name":"Justi\u00e7a","item":"https:\/\/folhadoleste.com.br\/category\/brasil\/justica\/"},{"@type":"ListItem","position":4,"name":"Bolsonaro \u00e9 condenado em segunda inst\u00e2ncia por ataques a jornalistas"}]},{"@type":"WebSite","@id":"https:\/\/folhadoleste.com.br\/#website","url":"https:\/\/folhadoleste.com.br\/","name":"Folha do Leste","description":"Portal de Not\u00edcias com \u00eanfase em Niter\u00f3i, criando conte\u00fados desde a capital Rio de Janeiro, com olhar para o Leste Fluminense e suas cidades como S\u00e3o Gon\u00e7alo, Itabora\u00ed, Rio Bonito, Maric\u00e1, Saquarema e Araruama","publisher":{"@id":"https:\/\/folhadoleste.com.br\/#organization"},"alternateName":"FL","potentialAction":[{"@type":"SearchAction","target":{"@type":"EntryPoint","urlTemplate":"https:\/\/folhadoleste.com.br\/?s={search_term_string}"},"query-input":{"@type":"PropertyValueSpecification","valueRequired":true,"valueName":"search_term_string"}}],"inLanguage":"en-US"},{"@type":"Organization","@id":"https:\/\/folhadoleste.com.br\/#organization","name":"Brasil 21 Comunica\u00e7\u00e3o","alternateName":"BR21","url":"https:\/\/folhadoleste.com.br\/","logo":{"@type":"ImageObject","inLanguage":"en-US","@id":"https:\/\/folhadoleste.com.br\/#\/schema\/logo\/image\/","url":"https:\/\/folhadoleste.com.br\/wp-content\/uploads\/2025\/12\/brasil-21-logomarca.avif","contentUrl":"https:\/\/folhadoleste.com.br\/wp-content\/uploads\/2025\/12\/brasil-21-logomarca.avif","width":1044,"height":1044,"caption":"Brasil 21 Comunica\u00e7\u00e3o"},"image":{"@id":"https:\/\/folhadoleste.com.br\/#\/schema\/logo\/image\/"},"sameAs":["https:\/\/www.facebook.com\/folhadoleste","https:\/\/x.com\/FolhadoLesteRJ","https:\/\/www.instagram.com\/folhadoleste\/"]},{"@type":"Person","@id":"https:\/\/folhadoleste.com.br\/#\/schema\/person\/3e97145b2e1861276e84471aa85a3899","name":"Folha do Leste","image":{"@type":"ImageObject","inLanguage":"en-US","@id":"https:\/\/folhadoleste.com.br\/wp-content\/litespeed\/avatar\/1ca8c218432e7045e748610eb3db0259.jpg?ver=1776693931","url":"https:\/\/folhadoleste.com.br\/wp-content\/litespeed\/avatar\/1ca8c218432e7045e748610eb3db0259.jpg?ver=1776693931","contentUrl":"https:\/\/folhadoleste.com.br\/wp-content\/litespeed\/avatar\/1ca8c218432e7045e748610eb3db0259.jpg?ver=1776693931","caption":"Folha do Leste"},"url":"https:\/\/folhadoleste.com.br\/en\/author\/reportagem-01\/"}]}},"_links":{"self":[{"href":"https:\/\/folhadoleste.com.br\/en\/wp-json\/wp\/v2\/posts\/7093","targetHints":{"allow":["GET"]}}],"collection":[{"href":"https:\/\/folhadoleste.com.br\/en\/wp-json\/wp\/v2\/posts"}],"about":[{"href":"https:\/\/folhadoleste.com.br\/en\/wp-json\/wp\/v2\/types\/post"}],"author":[{"embeddable":true,"href":"https:\/\/folhadoleste.com.br\/en\/wp-json\/wp\/v2\/users\/4"}],"replies":[{"embeddable":true,"href":"https:\/\/folhadoleste.com.br\/en\/wp-json\/wp\/v2\/comments?post=7093"}],"version-history":[{"count":1,"href":"https:\/\/folhadoleste.com.br\/en\/wp-json\/wp\/v2\/posts\/7093\/revisions"}],"predecessor-version":[{"id":7095,"href":"https:\/\/folhadoleste.com.br\/en\/wp-json\/wp\/v2\/posts\/7093\/revisions\/7095"}],"wp:featuredmedia":[{"embeddable":true,"href":"https:\/\/folhadoleste.com.br\/en\/wp-json\/wp\/v2\/media\/7094"}],"wp:attachment":[{"href":"https:\/\/folhadoleste.com.br\/en\/wp-json\/wp\/v2\/media?parent=7093"}],"wp:term":[{"taxonomy":"category","embeddable":true,"href":"https:\/\/folhadoleste.com.br\/en\/wp-json\/wp\/v2\/categories?post=7093"},{"taxonomy":"post_tag","embeddable":true,"href":"https:\/\/folhadoleste.com.br\/en\/wp-json\/wp\/v2\/tags?post=7093"}],"curies":[{"name":"wp","href":"https:\/\/api.w.org\/{rel}","templated":true}]}}